{"id":3641,"date":"2025-07-16T12:07:38","date_gmt":"2025-07-16T15:07:38","guid":{"rendered":"https:\/\/prefeitosegestoes.com.br\/portal\/?p=3641"},"modified":"2025-07-16T12:08:48","modified_gmt":"2025-07-16T15:08:48","slug":"itaquaquecetuba-sp-ultrapassa-meta-estabelecida-nacionalmente-para-2024-e-2025-em-alfabetizacao","status":"publish","type":"post","link":"https:\/\/prefeitosegestoes.com.br\/portal\/itaquaquecetuba-sp-ultrapassa-meta-estabelecida-nacionalmente-para-2024-e-2025-em-alfabetizacao\/","title":{"rendered":"Itaquaquecetuba-SP ultrapassa meta estabelecida nacionalmente para 2024 e 2025 em Alfabetiza\u00e7\u00e3o"},"content":{"rendered":"<h6><em>Todas as fotos desta postagem foram fornecidas pela Prefeitura de Itaquaquecetuba<\/em><\/h6>\n<h2><em>Cidade de meio milh\u00e3o de habn<\/em><em>ita<\/em><em>tes avan\u00e7ou nos indicadores do Minist\u00e9rio da Educa\u00e7\u00e3o; taxa ficou em 57,19%, acima dos 48,89% fixados como meta para o munic\u00edpio<\/em><\/h2>\n<p>Dados divulgados pelo Instituto Nacional de Estudos e Pesquisas Educacionais An\u00edsio Teixeira (Inep), vinculado ao Minist\u00e9rio da Educa\u00e7\u00e3o, mostram salto hist\u00f3rico de Itaquaquecetuba-SP na alfabetiza\u00e7\u00e3o de suas crian\u00e7as. A cidade de meio milh\u00e3o de habitantes superou a meta nacional de 2024 e fechou o ano com alta de 57,19%. O munic\u00edpio da Grande S\u00e3o Paulo tamb\u00e9m j\u00e1 bateu o \u00edndice previsto para todo o decorrer de 2025. O prefeito de Itaqu\u00e1, Delegado Eduardo Boigues (PL), atribui o desempenho positivo ao forte investimento na forma\u00e7\u00e3o dos profissionais da Educa\u00e7\u00e3o.<\/p>\n<p>Os resultados comp\u00f5em o \u00cdndice Crian\u00e7a Alfabetizada (ICA) e foram divulgados no \u00faltimo dia 30, pelo Inep &#8211; \u00f3rg\u00e3o respons\u00e1vel pela pesquisa Alfabetiza Brasil, que abarca uma s\u00e9rie de avalia\u00e7\u00f5es. Estados e munic\u00edpios brasileiros recebem do governo federal metas, considerando a realidade local e desempenhos anteriores.<\/p>\n<p>Itaquaquecetuba registrou \u00edndice de 57,19% referente a 2024, patamar acima dos 48,89% fixados como meta para o munic\u00edpio. J\u00e1 o teto de 2025 (que ainda n\u00e3o foi consolidado, uma vez que o ano letivo segue em curso) \u00e9 de 54,84%. Itaqu\u00e1, por\u00e9m, j\u00e1 ultrapassou este \u00edndice e se mant\u00e9m em crescente evolu\u00e7\u00e3o no que tange qualidade de ensino, se destacando, inclusive, no Alto Tiet\u00ea.<\/p>\n<p>Das 14 cidades da regi\u00e3o, apenas sete alcan\u00e7aram os indicadores do Inep. Itaqu\u00e1 est\u00e1 entre as tr\u00eas melhores posicionadas, sendo a maior em n\u00famero de matriculados na rede municipal. No 1\u00ba e no 2\u00ba ano, s\u00e3o quase 10 mil os estudantes em processo de alfabetiza\u00e7\u00e3o.<\/p>\n<p>&nbsp;<\/p>\n<p><img fetchpriority=\"high\" decoding=\"async\" class=\"alignnone wp-image-3643\" src=\"https:\/\/prefeitosegestoes.com.br\/portal\/wp-content\/uploads\/2025\/07\/1-233x300.jpg\" alt=\"\" width=\"268\" height=\"345\" srcset=\"https:\/\/prefeitosegestoes.com.br\/portal\/wp-content\/uploads\/2025\/07\/1-233x300.jpg 233w, https:\/\/prefeitosegestoes.com.br\/portal\/wp-content\/uploads\/2025\/07\/1-794x1024.jpg 794w, https:\/\/prefeitosegestoes.com.br\/portal\/wp-content\/uploads\/2025\/07\/1-768x990.jpg 768w, https:\/\/prefeitosegestoes.com.br\/portal\/wp-content\/uploads\/2025\/07\/1.jpg 1062w\" sizes=\"(max-width: 268px) 100vw, 268px\" \/> <img decoding=\"async\" class=\"alignnone wp-image-3644\" src=\"https:\/\/prefeitosegestoes.com.br\/portal\/wp-content\/uploads\/2025\/07\/2-264x300.jpg\" alt=\"\" width=\"301\" height=\"343\" srcset=\"https:\/\/prefeitosegestoes.com.br\/portal\/wp-content\/uploads\/2025\/07\/2-264x300.jpg 264w, https:\/\/prefeitosegestoes.com.br\/portal\/wp-content\/uploads\/2025\/07\/2-901x1024.jpg 901w, https:\/\/prefeitosegestoes.com.br\/portal\/wp-content\/uploads\/2025\/07\/2-768x873.jpg 768w, https:\/\/prefeitosegestoes.com.br\/portal\/wp-content\/uploads\/2025\/07\/2.jpg 1066w\" sizes=\"(max-width: 301px) 100vw, 301px\" \/> \u00a0<img decoding=\"async\" class=\"alignnone wp-image-3646\" src=\"https:\/\/prefeitosegestoes.com.br\/portal\/wp-content\/uploads\/2025\/07\/4-300x200.jpg\" alt=\"\" width=\"518\" height=\"345\" srcset=\"https:\/\/prefeitosegestoes.com.br\/portal\/wp-content\/uploads\/2025\/07\/4-300x200.jpg 300w, https:\/\/prefeitosegestoes.com.br\/portal\/wp-content\/uploads\/2025\/07\/4-1024x683.jpg 1024w, https:\/\/prefeitosegestoes.com.br\/portal\/wp-content\/uploads\/2025\/07\/4-768x512.jpg 768w, https:\/\/prefeitosegestoes.com.br\/portal\/wp-content\/uploads\/2025\/07\/4-1536x1024.jpg 1536w, https:\/\/prefeitosegestoes.com.br\/portal\/wp-content\/uploads\/2025\/07\/4-2048x1366.jpg 2048w\" sizes=\"(max-width: 518px) 100vw, 518px\" \/><br \/>\n<strong>Bandeira da Educa\u00e7\u00e3o<\/strong><\/p>\n<p>Reeleito em 2024, com 92,9% dos votos v\u00e1lidos, j\u00e1 em primeiro turno, sendo o prefeito mais bem votado do Brasil entre col\u00e9gios eleitorais de segundo turno, Boigues tem a Educa\u00e7\u00e3o como uma das bandeiras de sua gest\u00e3o. A cidade governada pelo liberal, por exemplo, \u00e9 signat\u00e1ria do Pacto Nacional pela Alfabetiza\u00e7\u00e3o na Idade Certa, do Minist\u00e9rio da Educa\u00e7\u00e3o, e tem conquistado resultados expressivos nesta seara, j\u00e1 h\u00e1 algum tempo:<\/p>\n<p>\u201cOs dados comprovam que estamos no caminho certo com a Educa\u00e7\u00e3o das nossas crian\u00e7as. Os indicadores nacionais t\u00eam padr\u00f5es complexos, mas conseguem demonstrar o patamar dos munic\u00edpios e os reflexos das pol\u00edticas p\u00fablicas implantadas. Hoje, colhemos os frutos de uma revolu\u00e7\u00e3o no ensino, que conta com a participa\u00e7\u00e3o de todos do time da Educa\u00e7\u00e3o. Seguiremos avan\u00e7ando\u2019\u2019, destaca Boigues.<\/p>\n<p>Os investimentos constantes na forma\u00e7\u00e3o de professores, de coordenadores e de diretores, como refor\u00e7a o chefe do Executivo, est\u00e3o sendo determinantes para se elevar a qualidade no ensino de Itaqu\u00e1.<\/p>\n<p>A Secretaria de Educa\u00e7\u00e3o tamb\u00e9m implantou uma metodologia pr\u00f3pria, na qual t\u00e9cnicos acompanham de perto a evolu\u00e7\u00e3o na aprendizagem dos cerca de 42 mil estudantes da rede municipal, de forma setorizada e por meio de um trabalho conjunto e cont\u00ednuo.<\/p>\n<p><strong>Cidade premiada<\/strong><\/p>\n<p>Os bons n\u00fameros na Educa\u00e7\u00e3o j\u00e1 renderam pr\u00eamio \u00e0 Itaquaquecetuba. Em fevereiro deste ano, a cidade conquistou o Selo Nacional \u2013 Compromisso com a Alfabetiza\u00e7\u00e3o, na categoria Ouro. A premia\u00e7\u00e3o foi outorgada pelo Minist\u00e9rio da Educa\u00e7\u00e3o em raz\u00e3o de Itaqu\u00e1 ter registrado aumento de 17% na taxa de alfabetiza\u00e7\u00e3o, entre os anos de 2023 e 2024.<\/p>\n<p><strong><br \/>\nAssessoria de Imprensa<\/strong><\/p>\n<p><em>Fiamini &#8211; Solu\u00e7\u00f5es Integradas em Comunica\u00e7\u00e3o<\/em><\/p>\n<p><strong>Atendimento:<\/strong><br \/>\nSandra Paulino: (11) 99534-7948<br \/>\nSimone Leone: (11) 99679-0666<br \/>\nCarla Fiamini: (11) 94749-6747<\/p>\n","protected":false},"excerpt":{"rendered":"<p>Todas as fotos desta postagem foram fornecidas pela Prefeitura de Itaquaquecetuba Cidade de meio milh\u00e3o de habnitates avan\u00e7ou nos indicadores do Minist\u00e9rio da Educa\u00e7\u00e3o; taxa ficou em 57,19%, acima dos 48,89% fixados como meta para o munic\u00edpio Dados divulgados pelo Instituto Nacional de Estudos e Pesquisas Educacionais An\u00edsio Teixeira (Inep), vinculado ao Minist\u00e9rio da Educa\u00e7\u00e3o, [&hellip;]<\/p>\n","protected":false},"author":2,"featured_media":3642,"comment_status":"open","ping_status":"open","sticky":false,"template":"","format":"standard","meta":{"rop_custom_images_group":[],"rop_custom_messages_group":[],"rop_publish_now":"initial","rop_publish_now_accounts":{"twitter_850042665852968960_850042665852968960":""},"rop_publish_now_history":[],"rop_publish_now_status":"pending","footnotes":""},"categories":[15],"tags":[687,138,688,686,107],"class_list":["post-3641","post","type-post","status-publish","format-standard","has-post-thumbnail","hentry","category-destaques","tag-alfabetiizacao","tag-educacao","tag-inep","tag-itaquaquecetuba","tag-mec"],"yoast_head":"<!-- This site is optimized with the Yoast SEO plugin v27.2 - https:\/\/yoast.com\/product\/yoast-seo-wordpress\/ -->\n<title>Itaquaquecetuba-SP ultrapassa meta estabelecida nacionalmente para 2024 e 2025 em Alfabetiza\u00e7\u00e3o - Prefeitos &amp; Gest\u00f5es<\/title>\n<meta name=\"description\" content=\"Dados divulgados pelo Instituto Nacional de Estudos e Pesquisas Educacionais An\u00edsio Teixeira (Inep), vinculado ao Minist\u00e9rio da Educa\u00e7\u00e3o, mostram salto hist\u00f3rico de Itaquaquecetuba-SP na alfabetiza\u00e7\u00e3o de suas crian\u00e7as. A cidade de meio milh\u00e3o de habitantes superou a meta nacional de 2024 e fechou o ano com alta de 57,19%. O munic\u00edpio da Grande S\u00e3o Paulo tamb\u00e9m j\u00e1 bateu o \u00edndice previsto para todo o decorrer de 2025. O prefeito de Itaqu\u00e1, Delegado Eduardo Boigues (PL), atribui o desempenho positivo ao forte investimento na forma\u00e7\u00e3o dos profissionais da Educa\u00e7\u00e3o.\" \/>\n<meta name=\"robots\" content=\"index, follow, max-snippet:-1, max-image-preview:large, max-video-preview:-1\" \/>\n<link rel=\"canonical\" href=\"https:\/\/prefeitosegestoes.com.br\/portal\/itaquaquecetuba-sp-ultrapassa-meta-estabelecida-nacionalmente-para-2024-e-2025-em-alfabetizacao\/\" \/>\n<meta property=\"og:locale\" content=\"pt_BR\" \/>\n<meta property=\"og:type\" content=\"article\" \/>\n<meta property=\"og:title\" content=\"Itaquaquecetuba-SP ultrapassa meta estabelecida nacionalmente para 2024 e 2025 em Alfabetiza\u00e7\u00e3o - Prefeitos &amp; Gest\u00f5es\" \/>\n<meta property=\"og:description\" content=\"Dados divulgados pelo Instituto Nacional de Estudos e Pesquisas Educacionais An\u00edsio Teixeira (Inep), vinculado ao Minist\u00e9rio da Educa\u00e7\u00e3o, mostram salto hist\u00f3rico de Itaquaquecetuba-SP na alfabetiza\u00e7\u00e3o de suas crian\u00e7as. A cidade de meio milh\u00e3o de habitantes superou a meta nacional de 2024 e fechou o ano com alta de 57,19%. O munic\u00edpio da Grande S\u00e3o Paulo tamb\u00e9m j\u00e1 bateu o \u00edndice previsto para todo o decorrer de 2025. O prefeito de Itaqu\u00e1, Delegado Eduardo Boigues (PL), atribui o desempenho positivo ao forte investimento na forma\u00e7\u00e3o dos profissionais da Educa\u00e7\u00e3o.\" \/>\n<meta property=\"og:url\" content=\"https:\/\/prefeitosegestoes.com.br\/portal\/itaquaquecetuba-sp-ultrapassa-meta-estabelecida-nacionalmente-para-2024-e-2025-em-alfabetizacao\/\" \/>\n<meta property=\"og:site_name\" content=\"Prefeitos &amp; Gest\u00f5es\" \/>\n<meta property=\"article:publisher\" content=\"https:\/\/www.facebook.com\/prefeitosonline\" \/>\n<meta property=\"article:published_time\" content=\"2025-07-16T15:07:38+00:00\" \/>\n<meta property=\"article:modified_time\" content=\"2025-07-16T15:08:48+00:00\" \/>\n<meta property=\"og:image\" content=\"https:\/\/prefeitosegestoes.com.br\/portal\/wp-content\/uploads\/2025\/07\/3-scaled.jpg\" \/>\n\t<meta property=\"og:image:width\" content=\"2560\" \/>\n\t<meta property=\"og:image:height\" content=\"1845\" \/>\n\t<meta property=\"og:image:type\" content=\"image\/jpeg\" \/>\n<meta name=\"author\" content=\"Prefeitos &amp; Gest\u00f5es\" \/>\n<meta name=\"twitter:card\" content=\"summary_large_image\" \/>\n<meta name=\"twitter:creator\" content=\"@PrefGestoes\" \/>\n<meta name=\"twitter:site\" content=\"@PrefGestoes\" \/>\n<meta name=\"twitter:label1\" content=\"Escrito por\" \/>\n\t<meta name=\"twitter:data1\" content=\"Prefeitos &amp; Gest\u00f5es\" \/>\n\t<meta name=\"twitter:label2\" content=\"Est. tempo de leitura\" \/>\n\t<meta name=\"twitter:data2\" content=\"4 minutos\" \/>\n<script type=\"application\/ld+json\" class=\"yoast-schema-graph\">{\"@context\":\"https:\/\/schema.org\",\"@graph\":[{\"@type\":\"Article\",\"@id\":\"https:\/\/prefeitosegestoes.com.br\/portal\/itaquaquecetuba-sp-ultrapassa-meta-estabelecida-nacionalmente-para-2024-e-2025-em-alfabetizacao\/#article\",\"isPartOf\":{\"@id\":\"https:\/\/prefeitosegestoes.com.br\/portal\/itaquaquecetuba-sp-ultrapassa-meta-estabelecida-nacionalmente-para-2024-e-2025-em-alfabetizacao\/\"},\"author\":{\"name\":\"Prefeitos &amp; Gest\u00f5es\",\"@id\":\"https:\/\/prefeitosegestoes.com.br\/portal\/#\/schema\/person\/d00059f2ec99963e7e1850d448ae94b8\"},\"headline\":\"Itaquaquecetuba-SP ultrapassa meta estabelecida nacionalmente para 2024 e 2025 em Alfabetiza\u00e7\u00e3o\",\"datePublished\":\"2025-07-16T15:07:38+00:00\",\"dateModified\":\"2025-07-16T15:08:48+00:00\",\"mainEntityOfPage\":{\"@id\":\"https:\/\/prefeitosegestoes.com.br\/portal\/itaquaquecetuba-sp-ultrapassa-meta-estabelecida-nacionalmente-para-2024-e-2025-em-alfabetizacao\/\"},\"wordCount\":620,\"commentCount\":0,\"publisher\":{\"@id\":\"https:\/\/prefeitosegestoes.com.br\/portal\/#organization\"},\"image\":{\"@id\":\"https:\/\/prefeitosegestoes.com.br\/portal\/itaquaquecetuba-sp-ultrapassa-meta-estabelecida-nacionalmente-para-2024-e-2025-em-alfabetizacao\/#primaryimage\"},\"thumbnailUrl\":\"https:\/\/prefeitosegestoes.com.br\/portal\/wp-content\/uploads\/2025\/07\/3-scaled.jpg\",\"keywords\":[\"Alfabetiiza\u00e7\u00e3o\",\"Educa\u00e7\u00e3o\",\"INEP\",\"Itaquaquecetuba\",\"MEC\"],\"articleSection\":[\"Destaques\"],\"inLanguage\":\"pt-BR\",\"potentialAction\":[{\"@type\":\"CommentAction\",\"name\":\"Comment\",\"target\":[\"https:\/\/prefeitosegestoes.com.br\/portal\/itaquaquecetuba-sp-ultrapassa-meta-estabelecida-nacionalmente-para-2024-e-2025-em-alfabetizacao\/#respond\"]}]},{\"@type\":\"WebPage\",\"@id\":\"https:\/\/prefeitosegestoes.com.br\/portal\/itaquaquecetuba-sp-ultrapassa-meta-estabelecida-nacionalmente-para-2024-e-2025-em-alfabetizacao\/\",\"url\":\"https:\/\/prefeitosegestoes.com.br\/portal\/itaquaquecetuba-sp-ultrapassa-meta-estabelecida-nacionalmente-para-2024-e-2025-em-alfabetizacao\/\",\"name\":\"Itaquaquecetuba-SP ultrapassa meta estabelecida nacionalmente para 2024 e 2025 em Alfabetiza\u00e7\u00e3o - Prefeitos &amp; Gest\u00f5es\",\"isPartOf\":{\"@id\":\"https:\/\/prefeitosegestoes.com.br\/portal\/#website\"},\"primaryImageOfPage\":{\"@id\":\"https:\/\/prefeitosegestoes.com.br\/portal\/itaquaquecetuba-sp-ultrapassa-meta-estabelecida-nacionalmente-para-2024-e-2025-em-alfabetizacao\/#primaryimage\"},\"image\":{\"@id\":\"https:\/\/prefeitosegestoes.com.br\/portal\/itaquaquecetuba-sp-ultrapassa-meta-estabelecida-nacionalmente-para-2024-e-2025-em-alfabetizacao\/#primaryimage\"},\"thumbnailUrl\":\"https:\/\/prefeitosegestoes.com.br\/portal\/wp-content\/uploads\/2025\/07\/3-scaled.jpg\",\"datePublished\":\"2025-07-16T15:07:38+00:00\",\"dateModified\":\"2025-07-16T15:08:48+00:00\",\"description\":\"Dados divulgados pelo Instituto Nacional de Estudos e Pesquisas Educacionais An\u00edsio Teixeira (Inep), vinculado ao Minist\u00e9rio da Educa\u00e7\u00e3o, mostram salto hist\u00f3rico de Itaquaquecetuba-SP na alfabetiza\u00e7\u00e3o de suas crian\u00e7as. A cidade de meio milh\u00e3o de habitantes superou a meta nacional de 2024 e fechou o ano com alta de 57,19%. O munic\u00edpio da Grande S\u00e3o Paulo tamb\u00e9m j\u00e1 bateu o \u00edndice previsto para todo o decorrer de 2025. O prefeito de Itaqu\u00e1, Delegado Eduardo Boigues (PL), atribui o desempenho positivo ao forte investimento na forma\u00e7\u00e3o dos profissionais da Educa\u00e7\u00e3o.\",\"breadcrumb\":{\"@id\":\"https:\/\/prefeitosegestoes.com.br\/portal\/itaquaquecetuba-sp-ultrapassa-meta-estabelecida-nacionalmente-para-2024-e-2025-em-alfabetizacao\/#breadcrumb\"},\"inLanguage\":\"pt-BR\",\"potentialAction\":[{\"@type\":\"ReadAction\",\"target\":[\"https:\/\/prefeitosegestoes.com.br\/portal\/itaquaquecetuba-sp-ultrapassa-meta-estabelecida-nacionalmente-para-2024-e-2025-em-alfabetizacao\/\"]}]},{\"@type\":\"ImageObject\",\"inLanguage\":\"pt-BR\",\"@id\":\"https:\/\/prefeitosegestoes.com.br\/portal\/itaquaquecetuba-sp-ultrapassa-meta-estabelecida-nacionalmente-para-2024-e-2025-em-alfabetizacao\/#primaryimage\",\"url\":\"https:\/\/prefeitosegestoes.com.br\/portal\/wp-content\/uploads\/2025\/07\/3-scaled.jpg\",\"contentUrl\":\"https:\/\/prefeitosegestoes.com.br\/portal\/wp-content\/uploads\/2025\/07\/3-scaled.jpg\",\"width\":2560,\"height\":1845},{\"@type\":\"BreadcrumbList\",\"@id\":\"https:\/\/prefeitosegestoes.com.br\/portal\/itaquaquecetuba-sp-ultrapassa-meta-estabelecida-nacionalmente-para-2024-e-2025-em-alfabetizacao\/#breadcrumb\",\"itemListElement\":[{\"@type\":\"ListItem\",\"position\":1,\"name\":\"In\u00edcio\",\"item\":\"https:\/\/prefeitosegestoes.com.br\/portal\/\"},{\"@type\":\"ListItem\",\"position\":2,\"name\":\"Itaquaquecetuba-SP ultrapassa meta estabelecida nacionalmente para 2024 e 2025 em Alfabetiza\u00e7\u00e3o\"}]},{\"@type\":\"WebSite\",\"@id\":\"https:\/\/prefeitosegestoes.com.br\/portal\/#website\",\"url\":\"https:\/\/prefeitosegestoes.com.br\/portal\/\",\"name\":\"Prefeitos & Gest\u00f5es\",\"description\":\"\",\"publisher\":{\"@id\":\"https:\/\/prefeitosegestoes.com.br\/portal\/#organization\"},\"potentialAction\":[{\"@type\":\"SearchAction\",\"target\":{\"@type\":\"EntryPoint\",\"urlTemplate\":\"https:\/\/prefeitosegestoes.com.br\/portal\/?s={search_term_string}\"},\"query-input\":{\"@type\":\"PropertyValueSpecification\",\"valueRequired\":true,\"valueName\":\"search_term_string\"}}],\"inLanguage\":\"pt-BR\"},{\"@type\":\"Organization\",\"@id\":\"https:\/\/prefeitosegestoes.com.br\/portal\/#organization\",\"name\":\"Prefeitos & Gest\u00f5es\",\"url\":\"https:\/\/prefeitosegestoes.com.br\/portal\/\",\"logo\":{\"@type\":\"ImageObject\",\"inLanguage\":\"pt-BR\",\"@id\":\"https:\/\/prefeitosegestoes.com.br\/portal\/#\/schema\/logo\/image\/\",\"url\":\"https:\/\/prefeitosegestoes.com.br\/portal\/wp-content\/uploads\/2024\/10\/lg_trans_prefeitos_2024_preto2.png\",\"contentUrl\":\"https:\/\/prefeitosegestoes.com.br\/portal\/wp-content\/uploads\/2024\/10\/lg_trans_prefeitos_2024_preto2.png\",\"width\":199,\"height\":122,\"caption\":\"Prefeitos & Gest\u00f5es\"},\"image\":{\"@id\":\"https:\/\/prefeitosegestoes.com.br\/portal\/#\/schema\/logo\/image\/\"},\"sameAs\":[\"https:\/\/www.facebook.com\/prefeitosonline\",\"https:\/\/x.com\/PrefGestoes\"]},{\"@type\":\"Person\",\"@id\":\"https:\/\/prefeitosegestoes.com.br\/portal\/#\/schema\/person\/d00059f2ec99963e7e1850d448ae94b8\",\"name\":\"Prefeitos &amp; Gest\u00f5es\",\"image\":{\"@type\":\"ImageObject\",\"inLanguage\":\"pt-BR\",\"@id\":\"https:\/\/secure.gravatar.com\/avatar\/738fb281e479212ed32c1a21a4307dda9f3af9292edb6918a16c9ce9fff5f48d?s=96&d=mm&r=g\",\"url\":\"https:\/\/secure.gravatar.com\/avatar\/738fb281e479212ed32c1a21a4307dda9f3af9292edb6918a16c9ce9fff5f48d?s=96&d=mm&r=g\",\"contentUrl\":\"https:\/\/secure.gravatar.com\/avatar\/738fb281e479212ed32c1a21a4307dda9f3af9292edb6918a16c9ce9fff5f48d?s=96&d=mm&r=g\",\"caption\":\"Prefeitos &amp; Gest\u00f5es\"},\"url\":\"https:\/\/prefeitosegestoes.com.br\/portal\/author\/prefeitosegestoes\/\"}]}<\/script>\n<!-- \/ Yoast SEO plugin. -->","yoast_head_json":{"title":"Itaquaquecetuba-SP ultrapassa meta estabelecida nacionalmente para 2024 e 2025 em Alfabetiza\u00e7\u00e3o - Prefeitos &amp; Gest\u00f5es","description":"Dados divulgados pelo Instituto Nacional de Estudos e Pesquisas Educacionais An\u00edsio Teixeira (Inep), vinculado ao Minist\u00e9rio da Educa\u00e7\u00e3o, mostram salto hist\u00f3rico de Itaquaquecetuba-SP na alfabetiza\u00e7\u00e3o de suas crian\u00e7as. A cidade de meio milh\u00e3o de habitantes superou a meta nacional de 2024 e fechou o ano com alta de 57,19%. O munic\u00edpio da Grande S\u00e3o Paulo tamb\u00e9m j\u00e1 bateu o \u00edndice previsto para todo o decorrer de 2025. O prefeito de Itaqu\u00e1, Delegado Eduardo Boigues (PL), atribui o desempenho positivo ao forte investimento na forma\u00e7\u00e3o dos profissionais da Educa\u00e7\u00e3o.","robots":{"index":"index","follow":"follow","max-snippet":"max-snippet:-1","max-image-preview":"max-image-preview:large","max-video-preview":"max-video-preview:-1"},"canonical":"https:\/\/prefeitosegestoes.com.br\/portal\/itaquaquecetuba-sp-ultrapassa-meta-estabelecida-nacionalmente-para-2024-e-2025-em-alfabetizacao\/","og_locale":"pt_BR","og_type":"article","og_title":"Itaquaquecetuba-SP ultrapassa meta estabelecida nacionalmente para 2024 e 2025 em Alfabetiza\u00e7\u00e3o - Prefeitos &amp; Gest\u00f5es","og_description":"Dados divulgados pelo Instituto Nacional de Estudos e Pesquisas Educacionais An\u00edsio Teixeira (Inep), vinculado ao Minist\u00e9rio da Educa\u00e7\u00e3o, mostram salto hist\u00f3rico de Itaquaquecetuba-SP na alfabetiza\u00e7\u00e3o de suas crian\u00e7as. A cidade de meio milh\u00e3o de habitantes superou a meta nacional de 2024 e fechou o ano com alta de 57,19%. O munic\u00edpio da Grande S\u00e3o Paulo tamb\u00e9m j\u00e1 bateu o \u00edndice previsto para todo o decorrer de 2025. O prefeito de Itaqu\u00e1, Delegado Eduardo Boigues (PL), atribui o desempenho positivo ao forte investimento na forma\u00e7\u00e3o dos profissionais da Educa\u00e7\u00e3o.","og_url":"https:\/\/prefeitosegestoes.com.br\/portal\/itaquaquecetuba-sp-ultrapassa-meta-estabelecida-nacionalmente-para-2024-e-2025-em-alfabetizacao\/","og_site_name":"Prefeitos &amp; Gest\u00f5es","article_publisher":"https:\/\/www.facebook.com\/prefeitosonline","article_published_time":"2025-07-16T15:07:38+00:00","article_modified_time":"2025-07-16T15:08:48+00:00","og_image":[{"width":2560,"height":1845,"url":"https:\/\/prefeitosegestoes.com.br\/portal\/wp-content\/uploads\/2025\/07\/3-scaled.jpg","type":"image\/jpeg"}],"author":"Prefeitos &amp; Gest\u00f5es","twitter_card":"summary_large_image","twitter_creator":"@PrefGestoes","twitter_site":"@PrefGestoes","twitter_misc":{"Escrito por":"Prefeitos &amp; Gest\u00f5es","Est. tempo de leitura":"4 minutos"},"schema":{"@context":"https:\/\/schema.org","@graph":[{"@type":"Article","@id":"https:\/\/prefeitosegestoes.com.br\/portal\/itaquaquecetuba-sp-ultrapassa-meta-estabelecida-nacionalmente-para-2024-e-2025-em-alfabetizacao\/#article","isPartOf":{"@id":"https:\/\/prefeitosegestoes.com.br\/portal\/itaquaquecetuba-sp-ultrapassa-meta-estabelecida-nacionalmente-para-2024-e-2025-em-alfabetizacao\/"},"author":{"name":"Prefeitos &amp; Gest\u00f5es","@id":"https:\/\/prefeitosegestoes.com.br\/portal\/#\/schema\/person\/d00059f2ec99963e7e1850d448ae94b8"},"headline":"Itaquaquecetuba-SP ultrapassa meta estabelecida nacionalmente para 2024 e 2025 em Alfabetiza\u00e7\u00e3o","datePublished":"2025-07-16T15:07:38+00:00","dateModified":"2025-07-16T15:08:48+00:00","mainEntityOfPage":{"@id":"https:\/\/prefeitosegestoes.com.br\/portal\/itaquaquecetuba-sp-ultrapassa-meta-estabelecida-nacionalmente-para-2024-e-2025-em-alfabetizacao\/"},"wordCount":620,"commentCount":0,"publisher":{"@id":"https:\/\/prefeitosegestoes.com.br\/portal\/#organization"},"image":{"@id":"https:\/\/prefeitosegestoes.com.br\/portal\/itaquaquecetuba-sp-ultrapassa-meta-estabelecida-nacionalmente-para-2024-e-2025-em-alfabetizacao\/#primaryimage"},"thumbnailUrl":"https:\/\/prefeitosegestoes.com.br\/portal\/wp-content\/uploads\/2025\/07\/3-scaled.jpg","keywords":["Alfabetiiza\u00e7\u00e3o","Educa\u00e7\u00e3o","INEP","Itaquaquecetuba","MEC"],"articleSection":["Destaques"],"inLanguage":"pt-BR","potentialAction":[{"@type":"CommentAction","name":"Comment","target":["https:\/\/prefeitosegestoes.com.br\/portal\/itaquaquecetuba-sp-ultrapassa-meta-estabelecida-nacionalmente-para-2024-e-2025-em-alfabetizacao\/#respond"]}]},{"@type":"WebPage","@id":"https:\/\/prefeitosegestoes.com.br\/portal\/itaquaquecetuba-sp-ultrapassa-meta-estabelecida-nacionalmente-para-2024-e-2025-em-alfabetizacao\/","url":"https:\/\/prefeitosegestoes.com.br\/portal\/itaquaquecetuba-sp-ultrapassa-meta-estabelecida-nacionalmente-para-2024-e-2025-em-alfabetizacao\/","name":"Itaquaquecetuba-SP ultrapassa meta estabelecida nacionalmente para 2024 e 2025 em Alfabetiza\u00e7\u00e3o - Prefeitos &amp; Gest\u00f5es","isPartOf":{"@id":"https:\/\/prefeitosegestoes.com.br\/portal\/#website"},"primaryImageOfPage":{"@id":"https:\/\/prefeitosegestoes.com.br\/portal\/itaquaquecetuba-sp-ultrapassa-meta-estabelecida-nacionalmente-para-2024-e-2025-em-alfabetizacao\/#primaryimage"},"image":{"@id":"https:\/\/prefeitosegestoes.com.br\/portal\/itaquaquecetuba-sp-ultrapassa-meta-estabelecida-nacionalmente-para-2024-e-2025-em-alfabetizacao\/#primaryimage"},"thumbnailUrl":"https:\/\/prefeitosegestoes.com.br\/portal\/wp-content\/uploads\/2025\/07\/3-scaled.jpg","datePublished":"2025-07-16T15:07:38+00:00","dateModified":"2025-07-16T15:08:48+00:00","description":"Dados divulgados pelo Instituto Nacional de Estudos e Pesquisas Educacionais An\u00edsio Teixeira (Inep), vinculado ao Minist\u00e9rio da Educa\u00e7\u00e3o, mostram salto hist\u00f3rico de Itaquaquecetuba-SP na alfabetiza\u00e7\u00e3o de suas crian\u00e7as. A cidade de meio milh\u00e3o de habitantes superou a meta nacional de 2024 e fechou o ano com alta de 57,19%. O munic\u00edpio da Grande S\u00e3o Paulo tamb\u00e9m j\u00e1 bateu o \u00edndice previsto para todo o decorrer de 2025. O prefeito de Itaqu\u00e1, Delegado Eduardo Boigues (PL), atribui o desempenho positivo ao forte investimento na forma\u00e7\u00e3o dos profissionais da Educa\u00e7\u00e3o.","breadcrumb":{"@id":"https:\/\/prefeitosegestoes.com.br\/portal\/itaquaquecetuba-sp-ultrapassa-meta-estabelecida-nacionalmente-para-2024-e-2025-em-alfabetizacao\/#breadcrumb"},"inLanguage":"pt-BR","potentialAction":[{"@type":"ReadAction","target":["https:\/\/prefeitosegestoes.com.br\/portal\/itaquaquecetuba-sp-ultrapassa-meta-estabelecida-nacionalmente-para-2024-e-2025-em-alfabetizacao\/"]}]},{"@type":"ImageObject","inLanguage":"pt-BR","@id":"https:\/\/prefeitosegestoes.com.br\/portal\/itaquaquecetuba-sp-ultrapassa-meta-estabelecida-nacionalmente-para-2024-e-2025-em-alfabetizacao\/#primaryimage","url":"https:\/\/prefeitosegestoes.com.br\/portal\/wp-content\/uploads\/2025\/07\/3-scaled.jpg","contentUrl":"https:\/\/prefeitosegestoes.com.br\/portal\/wp-content\/uploads\/2025\/07\/3-scaled.jpg","width":2560,"height":1845},{"@type":"BreadcrumbList","@id":"https:\/\/prefeitosegestoes.com.br\/portal\/itaquaquecetuba-sp-ultrapassa-meta-estabelecida-nacionalmente-para-2024-e-2025-em-alfabetizacao\/#breadcrumb","itemListElement":[{"@type":"ListItem","position":1,"name":"In\u00edcio","item":"https:\/\/prefeitosegestoes.com.br\/portal\/"},{"@type":"ListItem","position":2,"name":"Itaquaquecetuba-SP ultrapassa meta estabelecida nacionalmente para 2024 e 2025 em Alfabetiza\u00e7\u00e3o"}]},{"@type":"WebSite","@id":"https:\/\/prefeitosegestoes.com.br\/portal\/#website","url":"https:\/\/prefeitosegestoes.com.br\/portal\/","name":"Prefeitos & Gest\u00f5es","description":"","publisher":{"@id":"https:\/\/prefeitosegestoes.com.br\/portal\/#organization"},"potentialAction":[{"@type":"SearchAction","target":{"@type":"EntryPoint","urlTemplate":"https:\/\/prefeitosegestoes.com.br\/portal\/?s={search_term_string}"},"query-input":{"@type":"PropertyValueSpecification","valueRequired":true,"valueName":"search_term_string"}}],"inLanguage":"pt-BR"},{"@type":"Organization","@id":"https:\/\/prefeitosegestoes.com.br\/portal\/#organization","name":"Prefeitos & Gest\u00f5es","url":"https:\/\/prefeitosegestoes.com.br\/portal\/","logo":{"@type":"ImageObject","inLanguage":"pt-BR","@id":"https:\/\/prefeitosegestoes.com.br\/portal\/#\/schema\/logo\/image\/","url":"https:\/\/prefeitosegestoes.com.br\/portal\/wp-content\/uploads\/2024\/10\/lg_trans_prefeitos_2024_preto2.png","contentUrl":"https:\/\/prefeitosegestoes.com.br\/portal\/wp-content\/uploads\/2024\/10\/lg_trans_prefeitos_2024_preto2.png","width":199,"height":122,"caption":"Prefeitos & Gest\u00f5es"},"image":{"@id":"https:\/\/prefeitosegestoes.com.br\/portal\/#\/schema\/logo\/image\/"},"sameAs":["https:\/\/www.facebook.com\/prefeitosonline","https:\/\/x.com\/PrefGestoes"]},{"@type":"Person","@id":"https:\/\/prefeitosegestoes.com.br\/portal\/#\/schema\/person\/d00059f2ec99963e7e1850d448ae94b8","name":"Prefeitos &amp; Gest\u00f5es","image":{"@type":"ImageObject","inLanguage":"pt-BR","@id":"https:\/\/secure.gravatar.com\/avatar\/738fb281e479212ed32c1a21a4307dda9f3af9292edb6918a16c9ce9fff5f48d?s=96&d=mm&r=g","url":"https:\/\/secure.gravatar.com\/avatar\/738fb281e479212ed32c1a21a4307dda9f3af9292edb6918a16c9ce9fff5f48d?s=96&d=mm&r=g","contentUrl":"https:\/\/secure.gravatar.com\/avatar\/738fb281e479212ed32c1a21a4307dda9f3af9292edb6918a16c9ce9fff5f48d?s=96&d=mm&r=g","caption":"Prefeitos &amp; Gest\u00f5es"},"url":"https:\/\/prefeitosegestoes.com.br\/portal\/author\/prefeitosegestoes\/"}]}},"_links":{"self":[{"href":"https:\/\/prefeitosegestoes.com.br\/portal\/wp-json\/wp\/v2\/posts\/3641","targetHints":{"allow":["GET"]}}],"collection":[{"href":"https:\/\/prefeitosegestoes.com.br\/portal\/wp-json\/wp\/v2\/posts"}],"about":[{"href":"https:\/\/prefeitosegestoes.com.br\/portal\/wp-json\/wp\/v2\/types\/post"}],"author":[{"embeddable":true,"href":"https:\/\/prefeitosegestoes.com.br\/portal\/wp-json\/wp\/v2\/users\/2"}],"replies":[{"embeddable":true,"href":"https:\/\/prefeitosegestoes.com.br\/portal\/wp-json\/wp\/v2\/comments?post=3641"}],"version-history":[{"count":2,"href":"https:\/\/prefeitosegestoes.com.br\/portal\/wp-json\/wp\/v2\/posts\/3641\/revisions"}],"predecessor-version":[{"id":3648,"href":"https:\/\/prefeitosegestoes.com.br\/portal\/wp-json\/wp\/v2\/posts\/3641\/revisions\/3648"}],"wp:featuredmedia":[{"embeddable":true,"href":"https:\/\/prefeitosegestoes.com.br\/portal\/wp-json\/wp\/v2\/media\/3642"}],"wp:attachment":[{"href":"https:\/\/prefeitosegestoes.com.br\/portal\/wp-json\/wp\/v2\/media?parent=3641"}],"wp:term":[{"taxonomy":"category","embeddable":true,"href":"https:\/\/prefeitosegestoes.com.br\/portal\/wp-json\/wp\/v2\/categories?post=3641"},{"taxonomy":"post_tag","embeddable":true,"href":"https:\/\/prefeitosegestoes.com.br\/portal\/wp-json\/wp\/v2\/tags?post=3641"}],"curies":[{"name":"wp","href":"https:\/\/api.w.org\/{rel}","templated":true}]}}