{"id":3637,"date":"2025-07-15T20:09:44","date_gmt":"2025-07-15T23:09:44","guid":{"rendered":"https:\/\/prefeitosegestoes.com.br\/portal\/?p=3637"},"modified":"2025-07-15T20:09:44","modified_gmt":"2025-07-15T23:09:44","slug":"58a-reuniao-ordinaria-do-conselho-das-cidades-debate-desenvolvimento-urbano","status":"publish","type":"post","link":"https:\/\/prefeitosegestoes.com.br\/portal\/58a-reuniao-ordinaria-do-conselho-das-cidades-debate-desenvolvimento-urbano\/","title":{"rendered":"58\u00aa Reuni\u00e3o Ordin\u00e1ria do Conselho das Cidades debate desenvolvimento urbano"},"content":{"rendered":"<article>\n<div class=\"documentDescription\">Foto:Fernando Fraz\u00e3o\/Ag\u00eancia Brasil<\/p>\n<div><\/div>\n<p>Evento na sede do Minist\u00e9rio das Cidades reuniu conselheiros de todas as regi\u00f5es do pa\u00eds<\/p><\/div>\n<div><\/div>\n<div id=\"viewlet-above-content-body\">\n<div class=\"social-links\"><label>Compartilhe:<\/label>\u00a0<a class=\"\" title=\"Facebook\" href=\"http:\/\/www.facebook.com\/sharer.php?u=https:\/\/www.gov.br\/cidades\/pt-br\/assuntos\/noticias-1\/noticia-mcid-n-1379\">\u00a0<span class=\"sr-only\">Compartilhe por Facebook<\/span><\/a><a class=\"\" title=\"Twitter\" href=\"https:\/\/twitter.com\/share?text=58%C2%AA%20Reuni%C3%A3o%20Ordin%C3%A1ria%20do%20Conselho%20das%20Cidades%20debate%20desenvolvimento%20urbano&amp;url=https:\/\/www.gov.br\/cidades\/resolveuid\/65a456ebbf6d4d1b970e9f4a45118ccc\">\u00a0<span class=\"sr-only\">Compartilhe por Twitter<\/span><\/a><a class=\"\" title=\"LinkedIn\" href=\"https:\/\/www.linkedin.com\/shareArticle?mini=true&amp;url=https:\/\/www.gov.br\/cidades\/pt-br\/assuntos\/noticias-1\/noticia-mcid-n-1379&amp;title=58%C2%AA%20Reuni%C3%A3o%20Ordin%C3%A1ria%20do%20Conselho%20das%20Cidades%20debate%20desenvolvimento%20urbano\">\u00a0<span class=\"sr-only\">Compartilhe por LinkedIn<\/span><\/a><a class=\"link-whatsapp\" title=\"WhatsApp\" href=\"https:\/\/api.whatsapp.com\/send?text=https:\/\/www.gov.br\/cidades\/pt-br\/assuntos\/noticias-1\/noticia-mcid-n-1379\">\u00a0<span class=\"sr-only\">Compartilhe por WhatsApp<\/span><\/a><a class=\"link-clipboard\" title=\"Copiar para \u00e1rea de transfer\u00eancia\" href=\"https:\/\/www.gov.br\/cidades\/pt-br\/assuntos\/noticias-1\/noticia-mcid-n-1379\"><span class=\"sr-only\">link para Copiar para \u00e1rea de transfer\u00eancia<\/span><\/a><\/div>\n<div id=\"plone-document-byline\" class=\"documentByLine\"><span class=\"documentPublished\">Publicado em\u00a0<span class=\"value\">15\/07\/2025 10h19<\/span>\u00a0<\/span><span class=\"documentModified\">Atualizado em\u00a0<span class=\"value\">15\/07\/2025 10h21<\/span><\/span><\/div>\n<div><\/div>\n<div id=\"media\"><img fetchpriority=\"high\" decoding=\"async\" src=\"https:\/\/www.gov.br\/cidades\/pt-br\/assuntos\/noticias-1\/noticia-mcid-n-1379\/img_5691.jpg\/@@images\/d296fbde-2815-4222-bea3-ccd6f793996d.jpeg\" alt=\"Na foto o secret\u00e1rio-executivo do Minist\u00e9rio das Cidades ao lado de tr\u00eas pessoas debatendo com os participantes da reuni\u00e3o\" width=\"768\" height=\"444\" \/><\/p>\n<p class=\"discreet\">58\u00aa Reuni\u00e3o Ordin\u00e1ria do Conselho das Cidades refor\u00e7ou debate sobre desenvolvimento urbano sustent\u00e1vel. Foto: JD Vasconcelos.<\/p>\n<\/div>\n<\/div>\n<div id=\"content-core\">\n<div id=\"parent-fieldname-text\" class=\"\">\n<div>\n<p>O Conselho das Cidades realizou, de quarta (9) a sexta-feira (11) da semana passada, a 58\u00aa Reuni\u00e3o Ordin\u00e1ria da pasta, reunindo conselheiros de todo o pa\u00eds na sede do Minist\u00e9rio das Cidades, em Bras\u00edlia. Foram tr\u00eas dias de debates e di\u00e1logos, refor\u00e7ando o compromisso de caminhar em uni\u00e3o rumo ao desenvolvimento urbano sustent\u00e1vel nos munic\u00edpios brasileiros.<\/p>\n<p>As atividades come\u00e7aram na quarta-feira, com apresenta\u00e7\u00f5es sobre a COP 30, marcada para novembro, em Bel\u00e9m, no Par\u00e1, e sobre a 6\u00aa Confer\u00eancia Nacional das Cidades. Os secret\u00e1rios nacionais tamb\u00e9m se reuniram com os membros dos comit\u00eas t\u00e9cnicos para debates internos e elabora\u00e7\u00e3o de resolu\u00e7\u00f5es, enquanto o ministro das Cidades J\u00e1der Filho participou do encerramento do primeiro dia, promovendo di\u00e1logo e troca de experi\u00eancias com os conselheiros.<\/p>\n<p>\u201cA reuni\u00e3o foi muito exitosa, com participa\u00e7\u00e3o em massa dos povos de todas as regi\u00f5es do pa\u00eds. Os conselheiros discutiram pol\u00edticas p\u00fablicas diretamente com os secret\u00e1rios nacionais, al\u00e9m de terem escutado do pr\u00f3prio ministro o an\u00fancio do lan\u00e7amento de novas sele\u00e7\u00f5es do Minha Casa, Minha Vida Entidades e Rural\u201d, disse o secret\u00e1rio executivo do Conselho das Cidades, Victor Monteiro Almeida.<\/p>\n<p>\u201cO ministro Jader presidiu uma das sess\u00f5es e refor\u00e7ou o compromisso do Minist\u00e9rio das Cidades com os segmentos que representam a sociedade brasileira, o que foi ratificado pelo atendimento da principal demanda trazida pelos conselheiros, a libera\u00e7\u00e3o da publica\u00e7\u00e3o do edital para a loca\u00e7\u00e3o do espa\u00e7o da 6\u00aa Confer\u00eancia Nacional das Cidades\u201d, acrescentou.<\/p>\n<p>Os demais dias tiveram outras reuni\u00f5es segmentadas, com participa\u00e7\u00e3o de movimentos sociais, poder p\u00fablico e entidades empresariais, profissionais e de trabalhadores, al\u00e9m da delibera\u00e7\u00e3o sobre as resolu\u00e7\u00f5es tratadas.<\/p>\n<p><strong>Confer\u00eancia das Cidades<\/strong><\/p>\n<p>O Conselho segue focado na prepara\u00e7\u00e3o para a 6\u00aa Confer\u00eancia Nacional das Cidades. Ap\u00f3s a fase municipal, as etapas estaduais est\u00e3o come\u00e7ando a se engajar por todo o pa\u00eds. Mato Grosso do Sul e S\u00e3o Paulo j\u00e1 realizaram as respectivas confer\u00eancias, enquanto a Para\u00edba far\u00e1 na pr\u00f3xima ter\u00e7a (15) e quarta-feira (16). As reuni\u00f5es dos demais estados est\u00e3o agendadas para agosto, com prazo limite at\u00e9 o dia 31 do m\u00eas.<\/p>\n<p>Assessoria Especial de Comunica\u00e7\u00e3o Social do Minist\u00e9rio das Cidades<br \/>\nAtendimento \u00e0 Imprensa<br \/>\nTelefone: (61) 2034-4282<br \/>\nE-mail: imprensa@cidades.gov.br<\/p>\n<\/div>\n<\/div>\n<\/div>\n<div id=\"formfield-form-widgets-categoria\" class=\"field z3cformInlineValidation\"><\/div>\n<\/article>\n<div class=\"column\">\n<div id=\"category\"><\/div>\n<\/div>\n","protected":false},"excerpt":{"rendered":"<p>Foto:Fernando Fraz\u00e3o\/Ag\u00eancia Brasil Evento na sede do Minist\u00e9rio das Cidades reuniu conselheiros de todas as regi\u00f5es do pa\u00eds Compartilhe:\u00a0\u00a0Compartilhe por Facebook\u00a0Compartilhe por Twitter\u00a0Compartilhe por LinkedIn\u00a0Compartilhe por WhatsApplink para Copiar para \u00e1rea de transfer\u00eancia Publicado em\u00a015\/07\/2025 10h19\u00a0Atualizado em\u00a015\/07\/2025 10h21 58\u00aa Reuni\u00e3o Ordin\u00e1ria do Conselho das Cidades refor\u00e7ou debate sobre desenvolvimento urbano sustent\u00e1vel. Foto: JD Vasconcelos. O [&hellip;]<\/p>\n","protected":false},"author":2,"featured_media":3639,"comment_status":"open","ping_status":"open","sticky":false,"template":"","format":"standard","meta":{"rop_custom_images_group":[],"rop_custom_messages_group":[],"rop_publish_now":"initial","rop_publish_now_accounts":{"twitter_850042665852968960_850042665852968960":""},"rop_publish_now_history":[],"rop_publish_now_status":"pending","footnotes":""},"categories":[15],"tags":[122,684,685,683],"class_list":["post-3637","post","type-post","status-publish","format-standard","has-post-thumbnail","hentry","category-destaques","tag-cidades","tag-conselho","tag-minha-casa-minha-vida","tag-reuniao"],"yoast_head":"<!-- This site is optimized with the Yoast SEO plugin v27.2 - https:\/\/yoast.com\/product\/yoast-seo-wordpress\/ -->\n<title>58\u00aa Reuni\u00e3o Ordin\u00e1ria do Conselho das Cidades debate desenvolvimento urbano - Prefeitos &amp; Gest\u00f5es<\/title>\n<meta name=\"description\" content=\"OConselho das Cidades realizou, de quarta (9) a sexta-feira (11) da semana passada, a 58\u00aa Reuni\u00e3o Ordin\u00e1ria da pasta, reunindo conselheiros de todo o pa\u00eds na sede do Minist\u00e9rio das Cidades, em Bras\u00edlia. Foram tr\u00eas dias de debates e di\u00e1logos, refor\u00e7ando o compromisso de caminhar em uni\u00e3o rumo ao desenvolvimento urbano sustent\u00e1vel nos munic\u00edpios brasileiros.\" \/>\n<meta name=\"robots\" content=\"index, follow, max-snippet:-1, max-image-preview:large, max-video-preview:-1\" \/>\n<link rel=\"canonical\" href=\"https:\/\/prefeitosegestoes.com.br\/portal\/58a-reuniao-ordinaria-do-conselho-das-cidades-debate-desenvolvimento-urbano\/\" \/>\n<meta property=\"og:locale\" content=\"pt_BR\" \/>\n<meta property=\"og:type\" content=\"article\" \/>\n<meta property=\"og:title\" content=\"58\u00aa Reuni\u00e3o Ordin\u00e1ria do Conselho das Cidades debate desenvolvimento urbano - Prefeitos &amp; Gest\u00f5es\" \/>\n<meta property=\"og:description\" content=\"OConselho das Cidades realizou, de quarta (9) a sexta-feira (11) da semana passada, a 58\u00aa Reuni\u00e3o Ordin\u00e1ria da pasta, reunindo conselheiros de todo o pa\u00eds na sede do Minist\u00e9rio das Cidades, em Bras\u00edlia. Foram tr\u00eas dias de debates e di\u00e1logos, refor\u00e7ando o compromisso de caminhar em uni\u00e3o rumo ao desenvolvimento urbano sustent\u00e1vel nos munic\u00edpios brasileiros.\" \/>\n<meta property=\"og:url\" content=\"https:\/\/prefeitosegestoes.com.br\/portal\/58a-reuniao-ordinaria-do-conselho-das-cidades-debate-desenvolvimento-urbano\/\" \/>\n<meta property=\"og:site_name\" content=\"Prefeitos &amp; Gest\u00f5es\" \/>\n<meta property=\"article:publisher\" content=\"https:\/\/www.facebook.com\/prefeitosonline\" \/>\n<meta property=\"article:published_time\" content=\"2025-07-15T23:09:44+00:00\" \/>\n<meta property=\"og:image\" content=\"https:\/\/prefeitosegestoes.com.br\/portal\/wp-content\/uploads\/2025\/07\/mg_2644_0-1.webp\" \/>\n\t<meta property=\"og:image:width\" content=\"1024\" \/>\n\t<meta property=\"og:image:height\" content=\"768\" \/>\n\t<meta property=\"og:image:type\" content=\"image\/webp\" \/>\n<meta name=\"author\" content=\"Prefeitos &amp; Gest\u00f5es\" \/>\n<meta name=\"twitter:card\" content=\"summary_large_image\" \/>\n<meta name=\"twitter:creator\" content=\"@PrefGestoes\" \/>\n<meta name=\"twitter:site\" content=\"@PrefGestoes\" \/>\n<meta name=\"twitter:label1\" content=\"Escrito por\" \/>\n\t<meta name=\"twitter:data1\" content=\"Prefeitos &amp; Gest\u00f5es\" \/>\n\t<meta name=\"twitter:label2\" content=\"Est. tempo de leitura\" \/>\n\t<meta name=\"twitter:data2\" content=\"3 minutos\" \/>\n<script type=\"application\/ld+json\" class=\"yoast-schema-graph\">{\"@context\":\"https:\/\/schema.org\",\"@graph\":[{\"@type\":\"Article\",\"@id\":\"https:\/\/prefeitosegestoes.com.br\/portal\/58a-reuniao-ordinaria-do-conselho-das-cidades-debate-desenvolvimento-urbano\/#article\",\"isPartOf\":{\"@id\":\"https:\/\/prefeitosegestoes.com.br\/portal\/58a-reuniao-ordinaria-do-conselho-das-cidades-debate-desenvolvimento-urbano\/\"},\"author\":{\"name\":\"Prefeitos &amp; Gest\u00f5es\",\"@id\":\"https:\/\/prefeitosegestoes.com.br\/portal\/#\/schema\/person\/d00059f2ec99963e7e1850d448ae94b8\"},\"headline\":\"58\u00aa Reuni\u00e3o Ordin\u00e1ria do Conselho das Cidades debate desenvolvimento urbano\",\"datePublished\":\"2025-07-15T23:09:44+00:00\",\"mainEntityOfPage\":{\"@id\":\"https:\/\/prefeitosegestoes.com.br\/portal\/58a-reuniao-ordinaria-do-conselho-das-cidades-debate-desenvolvimento-urbano\/\"},\"wordCount\":495,\"commentCount\":0,\"publisher\":{\"@id\":\"https:\/\/prefeitosegestoes.com.br\/portal\/#organization\"},\"image\":{\"@id\":\"https:\/\/prefeitosegestoes.com.br\/portal\/58a-reuniao-ordinaria-do-conselho-das-cidades-debate-desenvolvimento-urbano\/#primaryimage\"},\"thumbnailUrl\":\"https:\/\/prefeitosegestoes.com.br\/portal\/wp-content\/uploads\/2025\/07\/mg_2644_0-1.webp\",\"keywords\":[\"Cidades\",\"Conselho\",\"Minha casa minha vida\",\"Reuni\u00e3o\"],\"articleSection\":[\"Destaques\"],\"inLanguage\":\"pt-BR\",\"potentialAction\":[{\"@type\":\"CommentAction\",\"name\":\"Comment\",\"target\":[\"https:\/\/prefeitosegestoes.com.br\/portal\/58a-reuniao-ordinaria-do-conselho-das-cidades-debate-desenvolvimento-urbano\/#respond\"]}]},{\"@type\":\"WebPage\",\"@id\":\"https:\/\/prefeitosegestoes.com.br\/portal\/58a-reuniao-ordinaria-do-conselho-das-cidades-debate-desenvolvimento-urbano\/\",\"url\":\"https:\/\/prefeitosegestoes.com.br\/portal\/58a-reuniao-ordinaria-do-conselho-das-cidades-debate-desenvolvimento-urbano\/\",\"name\":\"58\u00aa Reuni\u00e3o Ordin\u00e1ria do Conselho das Cidades debate desenvolvimento urbano - Prefeitos &amp; Gest\u00f5es\",\"isPartOf\":{\"@id\":\"https:\/\/prefeitosegestoes.com.br\/portal\/#website\"},\"primaryImageOfPage\":{\"@id\":\"https:\/\/prefeitosegestoes.com.br\/portal\/58a-reuniao-ordinaria-do-conselho-das-cidades-debate-desenvolvimento-urbano\/#primaryimage\"},\"image\":{\"@id\":\"https:\/\/prefeitosegestoes.com.br\/portal\/58a-reuniao-ordinaria-do-conselho-das-cidades-debate-desenvolvimento-urbano\/#primaryimage\"},\"thumbnailUrl\":\"https:\/\/prefeitosegestoes.com.br\/portal\/wp-content\/uploads\/2025\/07\/mg_2644_0-1.webp\",\"datePublished\":\"2025-07-15T23:09:44+00:00\",\"description\":\"OConselho das Cidades realizou, de quarta (9) a sexta-feira (11) da semana passada, a 58\u00aa Reuni\u00e3o Ordin\u00e1ria da pasta, reunindo conselheiros de todo o pa\u00eds na sede do Minist\u00e9rio das Cidades, em Bras\u00edlia. Foram tr\u00eas dias de debates e di\u00e1logos, refor\u00e7ando o compromisso de caminhar em uni\u00e3o rumo ao desenvolvimento urbano sustent\u00e1vel nos munic\u00edpios brasileiros.\",\"breadcrumb\":{\"@id\":\"https:\/\/prefeitosegestoes.com.br\/portal\/58a-reuniao-ordinaria-do-conselho-das-cidades-debate-desenvolvimento-urbano\/#breadcrumb\"},\"inLanguage\":\"pt-BR\",\"potentialAction\":[{\"@type\":\"ReadAction\",\"target\":[\"https:\/\/prefeitosegestoes.com.br\/portal\/58a-reuniao-ordinaria-do-conselho-das-cidades-debate-desenvolvimento-urbano\/\"]}]},{\"@type\":\"ImageObject\",\"inLanguage\":\"pt-BR\",\"@id\":\"https:\/\/prefeitosegestoes.com.br\/portal\/58a-reuniao-ordinaria-do-conselho-das-cidades-debate-desenvolvimento-urbano\/#primaryimage\",\"url\":\"https:\/\/prefeitosegestoes.com.br\/portal\/wp-content\/uploads\/2025\/07\/mg_2644_0-1.webp\",\"contentUrl\":\"https:\/\/prefeitosegestoes.com.br\/portal\/wp-content\/uploads\/2025\/07\/mg_2644_0-1.webp\",\"width\":1024,\"height\":768},{\"@type\":\"BreadcrumbList\",\"@id\":\"https:\/\/prefeitosegestoes.com.br\/portal\/58a-reuniao-ordinaria-do-conselho-das-cidades-debate-desenvolvimento-urbano\/#breadcrumb\",\"itemListElement\":[{\"@type\":\"ListItem\",\"position\":1,\"name\":\"In\u00edcio\",\"item\":\"https:\/\/prefeitosegestoes.com.br\/portal\/\"},{\"@type\":\"ListItem\",\"position\":2,\"name\":\"58\u00aa Reuni\u00e3o Ordin\u00e1ria do Conselho das Cidades debate desenvolvimento urbano\"}]},{\"@type\":\"WebSite\",\"@id\":\"https:\/\/prefeitosegestoes.com.br\/portal\/#website\",\"url\":\"https:\/\/prefeitosegestoes.com.br\/portal\/\",\"name\":\"Prefeitos & Gest\u00f5es\",\"description\":\"\",\"publisher\":{\"@id\":\"https:\/\/prefeitosegestoes.com.br\/portal\/#organization\"},\"potentialAction\":[{\"@type\":\"SearchAction\",\"target\":{\"@type\":\"EntryPoint\",\"urlTemplate\":\"https:\/\/prefeitosegestoes.com.br\/portal\/?s={search_term_string}\"},\"query-input\":{\"@type\":\"PropertyValueSpecification\",\"valueRequired\":true,\"valueName\":\"search_term_string\"}}],\"inLanguage\":\"pt-BR\"},{\"@type\":\"Organization\",\"@id\":\"https:\/\/prefeitosegestoes.com.br\/portal\/#organization\",\"name\":\"Prefeitos & Gest\u00f5es\",\"url\":\"https:\/\/prefeitosegestoes.com.br\/portal\/\",\"logo\":{\"@type\":\"ImageObject\",\"inLanguage\":\"pt-BR\",\"@id\":\"https:\/\/prefeitosegestoes.com.br\/portal\/#\/schema\/logo\/image\/\",\"url\":\"https:\/\/prefeitosegestoes.com.br\/portal\/wp-content\/uploads\/2024\/10\/lg_trans_prefeitos_2024_preto2.png\",\"contentUrl\":\"https:\/\/prefeitosegestoes.com.br\/portal\/wp-content\/uploads\/2024\/10\/lg_trans_prefeitos_2024_preto2.png\",\"width\":199,\"height\":122,\"caption\":\"Prefeitos & Gest\u00f5es\"},\"image\":{\"@id\":\"https:\/\/prefeitosegestoes.com.br\/portal\/#\/schema\/logo\/image\/\"},\"sameAs\":[\"https:\/\/www.facebook.com\/prefeitosonline\",\"https:\/\/x.com\/PrefGestoes\"]},{\"@type\":\"Person\",\"@id\":\"https:\/\/prefeitosegestoes.com.br\/portal\/#\/schema\/person\/d00059f2ec99963e7e1850d448ae94b8\",\"name\":\"Prefeitos &amp; Gest\u00f5es\",\"image\":{\"@type\":\"ImageObject\",\"inLanguage\":\"pt-BR\",\"@id\":\"https:\/\/secure.gravatar.com\/avatar\/738fb281e479212ed32c1a21a4307dda9f3af9292edb6918a16c9ce9fff5f48d?s=96&d=mm&r=g\",\"url\":\"https:\/\/secure.gravatar.com\/avatar\/738fb281e479212ed32c1a21a4307dda9f3af9292edb6918a16c9ce9fff5f48d?s=96&d=mm&r=g\",\"contentUrl\":\"https:\/\/secure.gravatar.com\/avatar\/738fb281e479212ed32c1a21a4307dda9f3af9292edb6918a16c9ce9fff5f48d?s=96&d=mm&r=g\",\"caption\":\"Prefeitos &amp; Gest\u00f5es\"},\"url\":\"https:\/\/prefeitosegestoes.com.br\/portal\/author\/prefeitosegestoes\/\"}]}<\/script>\n<!-- \/ Yoast SEO plugin. -->","yoast_head_json":{"title":"58\u00aa Reuni\u00e3o Ordin\u00e1ria do Conselho das Cidades debate desenvolvimento urbano - Prefeitos &amp; Gest\u00f5es","description":"OConselho das Cidades realizou, de quarta (9) a sexta-feira (11) da semana passada, a 58\u00aa Reuni\u00e3o Ordin\u00e1ria da pasta, reunindo conselheiros de todo o pa\u00eds na sede do Minist\u00e9rio das Cidades, em Bras\u00edlia. Foram tr\u00eas dias de debates e di\u00e1logos, refor\u00e7ando o compromisso de caminhar em uni\u00e3o rumo ao desenvolvimento urbano sustent\u00e1vel nos munic\u00edpios brasileiros.","robots":{"index":"index","follow":"follow","max-snippet":"max-snippet:-1","max-image-preview":"max-image-preview:large","max-video-preview":"max-video-preview:-1"},"canonical":"https:\/\/prefeitosegestoes.com.br\/portal\/58a-reuniao-ordinaria-do-conselho-das-cidades-debate-desenvolvimento-urbano\/","og_locale":"pt_BR","og_type":"article","og_title":"58\u00aa Reuni\u00e3o Ordin\u00e1ria do Conselho das Cidades debate desenvolvimento urbano - Prefeitos &amp; Gest\u00f5es","og_description":"OConselho das Cidades realizou, de quarta (9) a sexta-feira (11) da semana passada, a 58\u00aa Reuni\u00e3o Ordin\u00e1ria da pasta, reunindo conselheiros de todo o pa\u00eds na sede do Minist\u00e9rio das Cidades, em Bras\u00edlia. Foram tr\u00eas dias de debates e di\u00e1logos, refor\u00e7ando o compromisso de caminhar em uni\u00e3o rumo ao desenvolvimento urbano sustent\u00e1vel nos munic\u00edpios brasileiros.","og_url":"https:\/\/prefeitosegestoes.com.br\/portal\/58a-reuniao-ordinaria-do-conselho-das-cidades-debate-desenvolvimento-urbano\/","og_site_name":"Prefeitos &amp; Gest\u00f5es","article_publisher":"https:\/\/www.facebook.com\/prefeitosonline","article_published_time":"2025-07-15T23:09:44+00:00","og_image":[{"width":1024,"height":768,"url":"https:\/\/prefeitosegestoes.com.br\/portal\/wp-content\/uploads\/2025\/07\/mg_2644_0-1.webp","type":"image\/webp"}],"author":"Prefeitos &amp; Gest\u00f5es","twitter_card":"summary_large_image","twitter_creator":"@PrefGestoes","twitter_site":"@PrefGestoes","twitter_misc":{"Escrito por":"Prefeitos &amp; Gest\u00f5es","Est. tempo de leitura":"3 minutos"},"schema":{"@context":"https:\/\/schema.org","@graph":[{"@type":"Article","@id":"https:\/\/prefeitosegestoes.com.br\/portal\/58a-reuniao-ordinaria-do-conselho-das-cidades-debate-desenvolvimento-urbano\/#article","isPartOf":{"@id":"https:\/\/prefeitosegestoes.com.br\/portal\/58a-reuniao-ordinaria-do-conselho-das-cidades-debate-desenvolvimento-urbano\/"},"author":{"name":"Prefeitos &amp; Gest\u00f5es","@id":"https:\/\/prefeitosegestoes.com.br\/portal\/#\/schema\/person\/d00059f2ec99963e7e1850d448ae94b8"},"headline":"58\u00aa Reuni\u00e3o Ordin\u00e1ria do Conselho das Cidades debate desenvolvimento urbano","datePublished":"2025-07-15T23:09:44+00:00","mainEntityOfPage":{"@id":"https:\/\/prefeitosegestoes.com.br\/portal\/58a-reuniao-ordinaria-do-conselho-das-cidades-debate-desenvolvimento-urbano\/"},"wordCount":495,"commentCount":0,"publisher":{"@id":"https:\/\/prefeitosegestoes.com.br\/portal\/#organization"},"image":{"@id":"https:\/\/prefeitosegestoes.com.br\/portal\/58a-reuniao-ordinaria-do-conselho-das-cidades-debate-desenvolvimento-urbano\/#primaryimage"},"thumbnailUrl":"https:\/\/prefeitosegestoes.com.br\/portal\/wp-content\/uploads\/2025\/07\/mg_2644_0-1.webp","keywords":["Cidades","Conselho","Minha casa minha vida","Reuni\u00e3o"],"articleSection":["Destaques"],"inLanguage":"pt-BR","potentialAction":[{"@type":"CommentAction","name":"Comment","target":["https:\/\/prefeitosegestoes.com.br\/portal\/58a-reuniao-ordinaria-do-conselho-das-cidades-debate-desenvolvimento-urbano\/#respond"]}]},{"@type":"WebPage","@id":"https:\/\/prefeitosegestoes.com.br\/portal\/58a-reuniao-ordinaria-do-conselho-das-cidades-debate-desenvolvimento-urbano\/","url":"https:\/\/prefeitosegestoes.com.br\/portal\/58a-reuniao-ordinaria-do-conselho-das-cidades-debate-desenvolvimento-urbano\/","name":"58\u00aa Reuni\u00e3o Ordin\u00e1ria do Conselho das Cidades debate desenvolvimento urbano - Prefeitos &amp; Gest\u00f5es","isPartOf":{"@id":"https:\/\/prefeitosegestoes.com.br\/portal\/#website"},"primaryImageOfPage":{"@id":"https:\/\/prefeitosegestoes.com.br\/portal\/58a-reuniao-ordinaria-do-conselho-das-cidades-debate-desenvolvimento-urbano\/#primaryimage"},"image":{"@id":"https:\/\/prefeitosegestoes.com.br\/portal\/58a-reuniao-ordinaria-do-conselho-das-cidades-debate-desenvolvimento-urbano\/#primaryimage"},"thumbnailUrl":"https:\/\/prefeitosegestoes.com.br\/portal\/wp-content\/uploads\/2025\/07\/mg_2644_0-1.webp","datePublished":"2025-07-15T23:09:44+00:00","description":"OConselho das Cidades realizou, de quarta (9) a sexta-feira (11) da semana passada, a 58\u00aa Reuni\u00e3o Ordin\u00e1ria da pasta, reunindo conselheiros de todo o pa\u00eds na sede do Minist\u00e9rio das Cidades, em Bras\u00edlia. Foram tr\u00eas dias de debates e di\u00e1logos, refor\u00e7ando o compromisso de caminhar em uni\u00e3o rumo ao desenvolvimento urbano sustent\u00e1vel nos munic\u00edpios brasileiros.","breadcrumb":{"@id":"https:\/\/prefeitosegestoes.com.br\/portal\/58a-reuniao-ordinaria-do-conselho-das-cidades-debate-desenvolvimento-urbano\/#breadcrumb"},"inLanguage":"pt-BR","potentialAction":[{"@type":"ReadAction","target":["https:\/\/prefeitosegestoes.com.br\/portal\/58a-reuniao-ordinaria-do-conselho-das-cidades-debate-desenvolvimento-urbano\/"]}]},{"@type":"ImageObject","inLanguage":"pt-BR","@id":"https:\/\/prefeitosegestoes.com.br\/portal\/58a-reuniao-ordinaria-do-conselho-das-cidades-debate-desenvolvimento-urbano\/#primaryimage","url":"https:\/\/prefeitosegestoes.com.br\/portal\/wp-content\/uploads\/2025\/07\/mg_2644_0-1.webp","contentUrl":"https:\/\/prefeitosegestoes.com.br\/portal\/wp-content\/uploads\/2025\/07\/mg_2644_0-1.webp","width":1024,"height":768},{"@type":"BreadcrumbList","@id":"https:\/\/prefeitosegestoes.com.br\/portal\/58a-reuniao-ordinaria-do-conselho-das-cidades-debate-desenvolvimento-urbano\/#breadcrumb","itemListElement":[{"@type":"ListItem","position":1,"name":"In\u00edcio","item":"https:\/\/prefeitosegestoes.com.br\/portal\/"},{"@type":"ListItem","position":2,"name":"58\u00aa Reuni\u00e3o Ordin\u00e1ria do Conselho das Cidades debate desenvolvimento urbano"}]},{"@type":"WebSite","@id":"https:\/\/prefeitosegestoes.com.br\/portal\/#website","url":"https:\/\/prefeitosegestoes.com.br\/portal\/","name":"Prefeitos & Gest\u00f5es","description":"","publisher":{"@id":"https:\/\/prefeitosegestoes.com.br\/portal\/#organization"},"potentialAction":[{"@type":"SearchAction","target":{"@type":"EntryPoint","urlTemplate":"https:\/\/prefeitosegestoes.com.br\/portal\/?s={search_term_string}"},"query-input":{"@type":"PropertyValueSpecification","valueRequired":true,"valueName":"search_term_string"}}],"inLanguage":"pt-BR"},{"@type":"Organization","@id":"https:\/\/prefeitosegestoes.com.br\/portal\/#organization","name":"Prefeitos & Gest\u00f5es","url":"https:\/\/prefeitosegestoes.com.br\/portal\/","logo":{"@type":"ImageObject","inLanguage":"pt-BR","@id":"https:\/\/prefeitosegestoes.com.br\/portal\/#\/schema\/logo\/image\/","url":"https:\/\/prefeitosegestoes.com.br\/portal\/wp-content\/uploads\/2024\/10\/lg_trans_prefeitos_2024_preto2.png","contentUrl":"https:\/\/prefeitosegestoes.com.br\/portal\/wp-content\/uploads\/2024\/10\/lg_trans_prefeitos_2024_preto2.png","width":199,"height":122,"caption":"Prefeitos & Gest\u00f5es"},"image":{"@id":"https:\/\/prefeitosegestoes.com.br\/portal\/#\/schema\/logo\/image\/"},"sameAs":["https:\/\/www.facebook.com\/prefeitosonline","https:\/\/x.com\/PrefGestoes"]},{"@type":"Person","@id":"https:\/\/prefeitosegestoes.com.br\/portal\/#\/schema\/person\/d00059f2ec99963e7e1850d448ae94b8","name":"Prefeitos &amp; Gest\u00f5es","image":{"@type":"ImageObject","inLanguage":"pt-BR","@id":"https:\/\/secure.gravatar.com\/avatar\/738fb281e479212ed32c1a21a4307dda9f3af9292edb6918a16c9ce9fff5f48d?s=96&d=mm&r=g","url":"https:\/\/secure.gravatar.com\/avatar\/738fb281e479212ed32c1a21a4307dda9f3af9292edb6918a16c9ce9fff5f48d?s=96&d=mm&r=g","contentUrl":"https:\/\/secure.gravatar.com\/avatar\/738fb281e479212ed32c1a21a4307dda9f3af9292edb6918a16c9ce9fff5f48d?s=96&d=mm&r=g","caption":"Prefeitos &amp; Gest\u00f5es"},"url":"https:\/\/prefeitosegestoes.com.br\/portal\/author\/prefeitosegestoes\/"}]}},"_links":{"self":[{"href":"https:\/\/prefeitosegestoes.com.br\/portal\/wp-json\/wp\/v2\/posts\/3637","targetHints":{"allow":["GET"]}}],"collection":[{"href":"https:\/\/prefeitosegestoes.com.br\/portal\/wp-json\/wp\/v2\/posts"}],"about":[{"href":"https:\/\/prefeitosegestoes.com.br\/portal\/wp-json\/wp\/v2\/types\/post"}],"author":[{"embeddable":true,"href":"https:\/\/prefeitosegestoes.com.br\/portal\/wp-json\/wp\/v2\/users\/2"}],"replies":[{"embeddable":true,"href":"https:\/\/prefeitosegestoes.com.br\/portal\/wp-json\/wp\/v2\/comments?post=3637"}],"version-history":[{"count":1,"href":"https:\/\/prefeitosegestoes.com.br\/portal\/wp-json\/wp\/v2\/posts\/3637\/revisions"}],"predecessor-version":[{"id":3640,"href":"https:\/\/prefeitosegestoes.com.br\/portal\/wp-json\/wp\/v2\/posts\/3637\/revisions\/3640"}],"wp:featuredmedia":[{"embeddable":true,"href":"https:\/\/prefeitosegestoes.com.br\/portal\/wp-json\/wp\/v2\/media\/3639"}],"wp:attachment":[{"href":"https:\/\/prefeitosegestoes.com.br\/portal\/wp-json\/wp\/v2\/media?parent=3637"}],"wp:term":[{"taxonomy":"category","embeddable":true,"href":"https:\/\/prefeitosegestoes.com.br\/portal\/wp-json\/wp\/v2\/categories?post=3637"},{"taxonomy":"post_tag","embeddable":true,"href":"https:\/\/prefeitosegestoes.com.br\/portal\/wp-json\/wp\/v2\/tags?post=3637"}],"curies":[{"name":"wp","href":"https:\/\/api.w.org\/{rel}","templated":true}]}}