{"id":3600,"date":"2025-07-11T19:01:41","date_gmt":"2025-07-11T22:01:41","guid":{"rendered":"https:\/\/prefeitosegestoes.com.br\/portal\/?p=3600"},"modified":"2025-07-11T19:44:07","modified_gmt":"2025-07-11T22:44:07","slug":"58-dos-municipios-melhoraram-alfabetizacao","status":"publish","type":"post","link":"https:\/\/prefeitosegestoes.com.br\/portal\/58-dos-municipios-melhoraram-alfabetizacao\/","title":{"rendered":"58% dos munic\u00edpios melhoraram alfabetiza\u00e7\u00e3o"},"content":{"rendered":"<h6><em>Bragan\u00e7a (PA), 13\/06\/2025 \u2013 O estudante Ram\u00f3n Teixeira, da Vila dos Pescadores de Ajuruteua, participa da Alfamangue, atividade de alfabetiza\u00e7\u00e3o baseada na tem\u00e1tica do manguezal do Projeto Mangues da Amaz\u00f4nia. Foto: Fernando Fraz\u00e3o\/Ag\u00eancia Brasil<\/em><\/h6>\n<h2 class=\"documentDescription\">Indicador nacional de alfabetiza\u00e7\u00e3o subiu de 56% para 59,2% na \u00faltima medi\u00e7\u00e3o, referente a 2024. A melhora tamb\u00e9m aconteceu nos estados: 18 UFs apresentaram avan\u00e7os nos resultados da alfabetiza\u00e7\u00e3o dos estudantes<\/h2>\n<div id=\"viewlet-above-content-body\">\n<div class=\"social-links\"><label>Compartilhe:<\/label>\u00a0<a class=\"\" title=\"Facebook\" href=\"http:\/\/www.facebook.com\/sharer.php?u=https:\/\/www.gov.br\/mec\/pt-br\/assuntos\/noticias\/2025\/julho\/58-dos-municipios-melhoraram-alfabetizacao\"><span class=\"sr-only\">Compartilhe por Facebook<\/span><\/a><a class=\"\" title=\"Twitter\" href=\"https:\/\/twitter.com\/share?text=58%25%20dos%20munic%C3%ADpios%20melhoraram%20alfabetiza%C3%A7%C3%A3o&amp;url=https:\/\/www.gov.br\/mec\/resolveuid\/dc86bba959714530852fb0e57c5ebf39\"><span class=\"sr-only\">Compartilhe por Twitter<\/span><\/a><a class=\"\" title=\"LinkedIn\" href=\"https:\/\/www.linkedin.com\/shareArticle?mini=true&amp;url=https:\/\/www.gov.br\/mec\/pt-br\/assuntos\/noticias\/2025\/julho\/58-dos-municipios-melhoraram-alfabetizacao&amp;title=58%25%20dos%20munic%C3%ADpios%20melhoraram%20alfabetiza%C3%A7%C3%A3o\"><span class=\"sr-only\">Compartilhe por LinkedIn<\/span><\/a><a class=\"link-whatsapp\" title=\"WhatsApp\" href=\"https:\/\/api.whatsapp.com\/send?text=https:\/\/www.gov.br\/mec\/pt-br\/assuntos\/noticias\/2025\/julho\/58-dos-municipios-melhoraram-alfabetizacao\"><span class=\"sr-only\">Compartilhe por WhatsApp<\/span><\/a><a class=\"link-clipboard\" title=\"Copiar para \u00e1rea de transfer\u00eancia\" href=\"https:\/\/www.gov.br\/mec\/pt-br\/assuntos\/noticias\/2025\/julho\/58-dos-municipios-melhoraram-alfabetizacao\"><span class=\"sr-only\">link para Copiar para \u00e1rea de transfer\u00eancia<\/span><\/a><\/div>\n<div id=\"plone-document-byline\" class=\"documentByLine\"><span class=\"documentPublished\">Publicado em\u00a0<span class=\"value\">11\/07\/2025 15h26<\/span><\/span><span class=\"documentModified\">Atualizado em\u00a0<span class=\"value\">11\/07\/2025 16h33<\/span><\/span><\/div>\n<div><\/div>\n<\/div>\n<div>\n<article>\n<div id=\"viewlet-above-content-body\">\n<div id=\"media\">\n<p><img fetchpriority=\"high\" decoding=\"async\" src=\"https:\/\/www.gov.br\/mec\/pt-br\/assuntos\/noticias\/2025\/julho\/58-dos-municipios-melhoraram-alfabetizacao\/54648177169_72df40f326_k.jpg\/@@images\/93ac6f55-3bc0-4bb8-9108-daa689b65441.jpeg\" alt=\"54648177169_72df40f326_k.jpg\" width=\"768\" height=\"512\" \/><\/p>\n<p class=\"discreet\">MEC divulgou resultados do Indicador Crian\u00e7a Alfabetizada nesta sexta, 11 de julho. Foto: Lu\u00eds Fortes\/MEC<\/p>\n<\/div>\n<\/div>\n<div id=\"content-core\">\n<div id=\"parent-fieldname-text\" class=\"\">\n<div>\n<p>Em 2024, 59,2% das crian\u00e7as das redes p\u00fablicas de ensino de todo o Brasil foram alfabetizadas na idade certa. O dado foi divulgado pelo Minist\u00e9rio da Educa\u00e7\u00e3o (MEC) nesta sexta-feira, 11 de julho, durante apresenta\u00e7\u00e3o dos resultados do Indicador Crian\u00e7a Alfabetizada. O \u00edndice \u00e9 obtido a partir das avalia\u00e7\u00f5es conduzidas pelos estados como parte do\u00a0<a href=\"https:\/\/www.gov.br\/mec\/pt-br\/crianca-alfabetizada\" target=\"_blank\" rel=\"noopener\">Compromisso Nacional Crian\u00e7a Alfabetizada (CNCA)<\/a>, e divulgado desde 2024 pelo Instituto Nacional de Estudos e Pesquisas Educacionais An\u00edsio Teixeira (Inep).<\/p>\n<p>O n\u00famero aumentou em 3,2 pontos percentuais na \u00faltima medi\u00e7\u00e3o \u2014 em 2023, o indicador nacional era de 56%. Com a continuidade da avalia\u00e7\u00e3o, ser\u00e1 poss\u00edvel o melhor acompanhamento das metas estabelecidas entre o MEC e os entes da Federa\u00e7\u00e3o por meio do CNCA.<\/p>\n<p>O avan\u00e7o nacional deixou o pa\u00eds pr\u00f3ximo da meta anual de 60% do CNCA. De acordo com o ministro da Educa\u00e7\u00e3o, Camilo Santana, \u201cse o Rio Grande do Sul tivesse mantido o mesmo percentual de 2023, n\u00f3s ter\u00edamos chegado \u00e0 meta de 60,2% em 2024. Infelizmente, o Rio Grande do Sul caiu absurdamente, e n\u00e3o tenho d\u00favida de que isso foi fruto dessa situa\u00e7\u00e3o at\u00edpica de calamidade no estado, que o afetou fortemente\u201d, disse. O estado enfrentou uma trag\u00e9dia clim\u00e1tica em 2024, que causou impactos significativos na educa\u00e7\u00e3o dos estudantes como um todo, com reflexo no processo de alfabetiza\u00e7\u00e3o.<\/p>\n<p>Para os pr\u00f3ximos anos, o MEC estabeleceu metas progressivas para os entes federados de alfabetiza\u00e7\u00e3o dos estudantes. Em 2025, o alvo da pasta \u00e9 alcan\u00e7ar a marca de 64%, chegando a 80% de crian\u00e7as acima do padr\u00e3o nacional de alfabetiza\u00e7\u00e3o em 2030. \u201cN\u00e3o queremos nenhum estado abaixo de 80% de crian\u00e7as alfabetizadas. A gente quer 100%, esse \u00e9 o objetivo, mas pelo menos 80%\u201d, completou Santana.<\/p>\n<p><b>Entes\u00a0<\/b>\u2013 Al\u00e9m da melhoria no patamar nacional, 18 estados tamb\u00e9m apresentaram avan\u00e7os nos resultados para alfabetiza\u00e7\u00e3o de estudantes, em compara\u00e7\u00e3o com 2023. A meta projetada para 2024 foi atingida por 11 deles.\u00a0\u201cDos 5.312 munic\u00edpios que participaram da avalia\u00e7\u00e3o em 2023 e 2024, que s\u00e3o os munic\u00edpios\u00a0que d\u00e1 para comparar,\u00a058% (3.096) deles aumentaram o percentual de alunos alfabetizados e 2.018 (53%), alcan\u00e7aram a meta\u201d, completou o ministro.<\/p>\n<p>Cear\u00e1 (85,3%), Goi\u00e1s (72,7%), Minas Gerais (72,1%), Esp\u00edrito Santo (71,7%) e Paran\u00e1 (70,4%) atingiram os maiores percentuais de alfabetiza\u00e7\u00e3o do pa\u00eds. Entre os estados que superaram seus objetivos pactuados, Cear\u00e1, Goi\u00e1s, Minas Gerais, Esp\u00edrito Santo e Mato Grosso (60,6%) apresentam os melhores indicadores.<\/p>\n<p>O \u00fanico ente federado que ainda n\u00e3o implementou o sistema estadual de avalia\u00e7\u00e3o e, portanto, n\u00e3o apresenta dados no indicador, \u00e9 Roraima. O estado, por\u00e9m, j\u00e1 pactuou sua participa\u00e7\u00e3o na pr\u00f3xima medi\u00e7\u00e3o. Acre e Distrito Federal iniciaram sua participa\u00e7\u00e3o na avalia\u00e7\u00e3o na edi\u00e7\u00e3o de 2024.<\/p>\n<p><b>Percentual de munic\u00edpios com resultados melhores em 2024<\/b><\/p>\n<dl class=\"image-inline captioned caption-center\">\n<dt><a href=\"https:\/\/www.gov.br\/mec\/pt-br\/media\/banco-de-imagens\/WhatsAppImage20250711at15.12.37.jpeg\" rel=\"lightbox\"><img decoding=\"async\" src=\"https:\/\/www.gov.br\/mec\/pt-br\/media\/banco-de-imagens\/WhatsAppImage20250711at15.12.37.jpeg\/@@images\/4ff9191b-ae89-4929-ad5c-3f4a2939ce30.jpeg\" alt=\"Fonte: Sistemas Estaduais de Avalia\u00e7\u00e3o 2023 e 2024 \" width=\"1150\" height=\"492\" \/><\/a><\/dt>\n<dd class=\"image-caption\">Fonte: Sistemas Estaduais de Avalia\u00e7\u00e3o 2023 e 2024<\/dd>\n<\/dl>\n<p><b>Percentual de munic\u00edpios que atingiram a meta em 2024<\/b><\/p>\n<dl class=\"image-inline captioned caption-center\">\n<dt><a href=\"https:\/\/www.gov.br\/mec\/pt-br\/media\/banco-de-imagens\/WhatsAppImage20250711at15.13.04.jpeg\" rel=\"lightbox\"><img decoding=\"async\" src=\"https:\/\/www.gov.br\/mec\/pt-br\/media\/banco-de-imagens\/WhatsAppImage20250711at15.13.04.jpeg\/@@images\/4dec1066-c6d6-4d72-a235-812fb48c0b65.jpeg\" alt=\"Fonte: Sistemas Estaduais de Avalia\u00e7\u00e3o 2023 e 2024 \" width=\"1150\" height=\"481\" \/><\/a><\/dt>\n<dd class=\"image-caption\">Fonte: Sistemas Estaduais de Avalia\u00e7\u00e3o 2023 e 2024<\/dd>\n<\/dl>\n<p><b>Indicador\u00a0<\/b>\u2013 O Indicador Crian\u00e7a Alfabetizada \u00e9 calculado a partir de um teste, no qual cada estudante responde a 16 itens de m\u00faltipla escolha e tr\u00eas de resposta constru\u00edda, sendo uma produ\u00e7\u00e3o textual. O Inep cede um conjunto de itens que compor\u00e3o os testes que ser\u00e3o aplicados pelos sistemas estaduais de avalia\u00e7\u00e3o, e, posteriormente, o indicador \u00e9 calculado a partir do alinhamento nacional dos dados apurados por essas avalia\u00e7\u00f5es. Entre outubro e novembro de 2024, dois milh\u00f5es de estudantes foram avaliados pelos sistemas estaduais em suas pr\u00f3prias escolas.O teste avalia se a crian\u00e7a apresenta habilidades b\u00e1sicas de leitura e de escrita. O padr\u00e3o nacional de alfabetiza\u00e7\u00e3o que aponta a crian\u00e7a alfabetizada foi estabelecido em 743 pontos na escala do Sistema de Avalia\u00e7\u00e3o da Educa\u00e7\u00e3o B\u00e1sica (Saeb), pela Pesquisa Alfabetiza Brasil, em 2023, conduzida pelo Inep para determinar o ponto de corte que indica a alfabetiza\u00e7\u00e3o de uma crian\u00e7a ao final do 2\u00ba ano do ensino fundamental.<\/p>\n<p>O padr\u00e3o nacional de alfabetiza\u00e7\u00e3o indica que estudantes que alcan\u00e7am esse resultado s\u00e3o capazes de ler palavras, frases e textos curtos; localizar informa\u00e7\u00f5es expl\u00edcitas em textos curtos (at\u00e9 seis linhas), como em bilhete, cr\u00f4nica e fragmento de conto infantil; inferir informa\u00e7\u00f5es em textos que articulam linguagem verbal e n\u00e3o verbal, entre outras habilidades.<\/p>\n<p><b>Relat\u00f3rio\u00a0<\/b>\u2013 Nesta semana, o Comit\u00ea Consultivo de Especialistas para o Aperfei\u00e7oamento das Avalia\u00e7\u00f5es da Educa\u00e7\u00e3o B\u00e1sica divulgou um relat\u00f3rio com orienta\u00e7\u00f5es para a promo\u00e7\u00e3o de maior integra\u00e7\u00e3o entre as avalia\u00e7\u00f5es estaduais e o Saeb. No rol das principais recomenda\u00e7\u00f5es apontadas pela comiss\u00e3o, est\u00e3o o aprimoramento da documenta\u00e7\u00e3o sobre a equaliza\u00e7\u00e3o dos instrumentos para a mensura\u00e7\u00e3o da alfabetiza\u00e7\u00e3o e o compartilhamento regular de itens e de crit\u00e9rios para a aplica\u00e7\u00e3o dos testes. O pr\u00f3ximo passo ser\u00e1 a an\u00e1lise t\u00e9cnica das recomenda\u00e7\u00f5es e sua incorpora\u00e7\u00e3o gradual nas pr\u00f3ximas edi\u00e7\u00f5es do Saeb e na atua\u00e7\u00e3o do Inep.<\/p>\n<ul type=\"disc\">\n<li><b>Leia mais:\u00a0<\/b><a href=\"https:\/\/www.gov.br\/inep\/pt-br\/centrais-de-conteudo\/noticias\/saeb\/comite-divulga-relatorio-para-aprimorar-avaliacoes-da-educacao-basica\" target=\"_blank\" rel=\"noopener\">Comit\u00ea divulga relat\u00f3rio para aprimorar avalia\u00e7\u00f5es da educa\u00e7\u00e3o b\u00e1sica<\/a><\/li>\n<\/ul>\n<p><b>Crian\u00e7a Alfabetizada<\/b>\u00a0\u2013 O foco da pol\u00edtica \u00e9 assegurar que todos os estudantes brasileiros estejam alfabetizados ao final do 2\u00ba ano do ensino fundamental, al\u00e9m de recompor as aprendizagens, com \u00eanfase na alfabetiza\u00e7\u00e3o de todas as crian\u00e7as matriculadas no 3\u00ba, no 4\u00ba e no 5\u00ba ano afetadas pela pandemia.<\/p>\n<p>O Compromisso teve ades\u00e3o de 5.558 munic\u00edpios e de todos os estados brasileiros, que receberam o investimento de mais de R$ 1 bilh\u00e3o. Al\u00e9m do alinhamento dos sistemas de avalia\u00e7\u00e3o, sua estrutura envolve diversas iniciativas do MEC de apoio \u00e0s redes para melhoria dos seus resultados. A principal delas foi a forma\u00e7\u00e3o da Rede Nacional de Articula\u00e7\u00e3o de Gest\u00e3o, Forma\u00e7\u00e3o e Mobiliza\u00e7\u00e3o do Compromisso Nacional Crian\u00e7a Alfabetizada (Renalfa), para identifica\u00e7\u00e3o e apoio a redes e escolas que necessitavam de atendimento priorit\u00e1rio.<\/p>\n<p>Nacionalmente, tamb\u00e9m foram realizados webin\u00e1rios de forma\u00e7\u00e3o em l\u00edngua portuguesa com foco em habilidades priorit\u00e1rias e uma ampla mobiliza\u00e7\u00e3o que promoveu a Plataforma de Avalia\u00e7\u00f5es Formativas do MEC, al\u00e9m da publica\u00e7\u00e3o do Guia da Avalia\u00e7\u00e3o Cont\u00ednua da Aprendizagem.<\/p>\n<p><strong><a class=\"external-link\" title=\"\" href=\"https:\/\/www.gov.br\/inep\/pt-br\/areas-de-atuacao\/avaliacao-e-exames-educacionais\/avaliacao-da-alfabetizacao\/resultados\" target=\"_blank\" rel=\"noopener\" data-tippreview-enabled=\"false\" data-tippreview-image=\"\" data-tippreview-title=\"\">Acesse aqui os resultados<\/a><\/strong><\/p>\n<p><i>Assessoria de Comunica\u00e7\u00e3o Social do MEC, com informa\u00e7\u00f5es do Inep<\/i><\/p>\n<\/div>\n<\/div>\n<\/div>\n<div id=\"formfield-form-widgets-categoria\" class=\"field z3cformInlineValidation\">\n<p><label class=\"horizontal\">Categoria<\/label><\/p>\n<div id=\"form-widgets-categoria\" class=\"contenttree-widget relationchoice-field\">Educa\u00e7\u00e3o e Pesquisa<\/div>\n<\/div>\n<div class=\"documentActions\"><\/div>\n<\/article>\n<div class=\"column\">\n<div id=\"category\">Tags:\u00a0<a class=\"link-category\" href=\"https:\/\/www.gov.br\/mec\/pt-br\/@@search?origem=keyword&amp;SearchableText=Minist%C3%A9rio%20da%20Educa%C3%A7%C3%A3o%20\">Minist\u00e9rio da Educa\u00e7\u00e3o\u00a0<\/a><a class=\"link-category\" href=\"https:\/\/www.gov.br\/mec\/pt-br\/@@search?origem=keyword&amp;SearchableText=MEC%20\">MEC\u00a0<\/a><a class=\"link-category\" href=\"https:\/\/www.gov.br\/mec\/pt-br\/@@search?origem=keyword&amp;SearchableText=Compromisso%20Nacional%20Crian%C3%A7a%20Alfabetizada\">Compromisso Nacional Crian\u00e7a Alfabetizada<\/a><a class=\"link-category\" href=\"https:\/\/www.gov.br\/mec\/pt-br\/@@search?origem=keyword&amp;SearchableText=CNCA%20\">CNCA\u00a0<\/a><a class=\"link-category\" href=\"https:\/\/www.gov.br\/mec\/pt-br\/@@search?origem=keyword&amp;SearchableText=Indicador%20Crian%C3%A7a%20Alfabetizada%202024%20\">Indicador Crian\u00e7a Alfabetizada 2024\u00a0<\/a><a class=\"link-category\" href=\"https:\/\/www.gov.br\/mec\/pt-br\/@@search?origem=keyword&amp;SearchableText=Resultado%20\">Resultado\u00a0<\/a><a class=\"link-category\" href=\"https:\/\/www.gov.br\/mec\/pt-br\/@@search?origem=keyword&amp;SearchableText=Alfabetiza%C3%A7%C3%A3o%20\">Alfabetiza\u00e7\u00e3o<\/a><\/div>\n<\/div>\n<\/div>\n","protected":false},"excerpt":{"rendered":"<p>Bragan\u00e7a (PA), 13\/06\/2025 \u2013 O estudante Ram\u00f3n Teixeira, da Vila dos Pescadores de Ajuruteua, participa da Alfamangue, atividade de alfabetiza\u00e7\u00e3o baseada na tem\u00e1tica do manguezal do Projeto Mangues da Amaz\u00f4nia. Foto: Fernando Fraz\u00e3o\/Ag\u00eancia Brasil Indicador nacional de alfabetiza\u00e7\u00e3o subiu de 56% para 59,2% na \u00faltima medi\u00e7\u00e3o, referente a 2024. A melhora tamb\u00e9m aconteceu nos estados: [&hellip;]<\/p>\n","protected":false},"author":2,"featured_media":3601,"comment_status":"open","ping_status":"open","sticky":false,"template":"","format":"standard","meta":{"rop_custom_images_group":[],"rop_custom_messages_group":[],"rop_publish_now":"initial","rop_publish_now_accounts":{"twitter_850042665852968960_850042665852968960":""},"rop_publish_now_history":[],"rop_publish_now_status":"pending","footnotes":""},"categories":[15],"tags":[680,682,681],"class_list":["post-3600","post","type-post","status-publish","format-standard","has-post-thumbnail","hentry","category-destaques","tag-alfabetizacao","tag-estados-municipios","tag-para-mec"],"yoast_head":"<!-- This site is optimized with the Yoast SEO plugin v27.2 - https:\/\/yoast.com\/product\/yoast-seo-wordpress\/ -->\n<title>58% dos munic\u00edpios melhoraram alfabetiza\u00e7\u00e3o - Prefeitos &amp; Gest\u00f5es<\/title>\n<meta name=\"description\" content=\"Em 2024, 59,2% das crian\u00e7as das redes p\u00fablicas de ensino de todo o Brasil foram alfabetizadas na idade certa. O dado foi divulgado pelo Minist\u00e9rio da Educa\u00e7\u00e3o (MEC) nesta sexta-feira, 11 de julho, durante apresenta\u00e7\u00e3o dos resultados do Indicador Crian\u00e7a Alfabetizada. O \u00edndice \u00e9 obtido a partir das avalia\u00e7\u00f5es conduzidas pelos estados como parte do\u00a0Compromisso Nacional Crian\u00e7a Alfabetizada (CNCA), e divulgado desde 2024 pelo Instituto Nacional de Estudos e Pesquisas Educacionais An\u00edsio Teixeira (Inep).\" \/>\n<meta name=\"robots\" content=\"index, follow, max-snippet:-1, max-image-preview:large, max-video-preview:-1\" \/>\n<link rel=\"canonical\" href=\"https:\/\/prefeitosegestoes.com.br\/portal\/58-dos-municipios-melhoraram-alfabetizacao\/\" \/>\n<meta property=\"og:locale\" content=\"pt_BR\" \/>\n<meta property=\"og:type\" content=\"article\" \/>\n<meta property=\"og:title\" content=\"58% dos munic\u00edpios melhoraram alfabetiza\u00e7\u00e3o - Prefeitos &amp; Gest\u00f5es\" \/>\n<meta property=\"og:description\" content=\"Em 2024, 59,2% das crian\u00e7as das redes p\u00fablicas de ensino de todo o Brasil foram alfabetizadas na idade certa. O dado foi divulgado pelo Minist\u00e9rio da Educa\u00e7\u00e3o (MEC) nesta sexta-feira, 11 de julho, durante apresenta\u00e7\u00e3o dos resultados do Indicador Crian\u00e7a Alfabetizada. O \u00edndice \u00e9 obtido a partir das avalia\u00e7\u00f5es conduzidas pelos estados como parte do\u00a0Compromisso Nacional Crian\u00e7a Alfabetizada (CNCA), e divulgado desde 2024 pelo Instituto Nacional de Estudos e Pesquisas Educacionais An\u00edsio Teixeira (Inep).\" \/>\n<meta property=\"og:url\" content=\"https:\/\/prefeitosegestoes.com.br\/portal\/58-dos-municipios-melhoraram-alfabetizacao\/\" \/>\n<meta property=\"og:site_name\" content=\"Prefeitos &amp; Gest\u00f5es\" \/>\n<meta property=\"article:publisher\" content=\"https:\/\/www.facebook.com\/prefeitosonline\" \/>\n<meta property=\"article:published_time\" content=\"2025-07-11T22:01:41+00:00\" \/>\n<meta property=\"article:modified_time\" content=\"2025-07-11T22:44:07+00:00\" \/>\n<meta property=\"og:image\" content=\"https:\/\/prefeitosegestoes.com.br\/portal\/wp-content\/uploads\/2025\/07\/d6a5756.webp\" \/>\n\t<meta property=\"og:image:width\" content=\"1024\" \/>\n\t<meta property=\"og:image:height\" content=\"768\" \/>\n\t<meta property=\"og:image:type\" content=\"image\/webp\" \/>\n<meta name=\"author\" content=\"Prefeitos &amp; Gest\u00f5es\" \/>\n<meta name=\"twitter:card\" content=\"summary_large_image\" \/>\n<meta name=\"twitter:creator\" content=\"@PrefGestoes\" \/>\n<meta name=\"twitter:site\" content=\"@PrefGestoes\" \/>\n<meta name=\"twitter:label1\" content=\"Escrito por\" \/>\n\t<meta name=\"twitter:data1\" content=\"Prefeitos &amp; Gest\u00f5es\" \/>\n\t<meta name=\"twitter:label2\" content=\"Est. tempo de leitura\" \/>\n\t<meta name=\"twitter:data2\" content=\"7 minutos\" \/>\n<script type=\"application\/ld+json\" class=\"yoast-schema-graph\">{\"@context\":\"https:\/\/schema.org\",\"@graph\":[{\"@type\":\"Article\",\"@id\":\"https:\/\/prefeitosegestoes.com.br\/portal\/58-dos-municipios-melhoraram-alfabetizacao\/#article\",\"isPartOf\":{\"@id\":\"https:\/\/prefeitosegestoes.com.br\/portal\/58-dos-municipios-melhoraram-alfabetizacao\/\"},\"author\":{\"name\":\"Prefeitos &amp; Gest\u00f5es\",\"@id\":\"https:\/\/prefeitosegestoes.com.br\/portal\/#\/schema\/person\/d00059f2ec99963e7e1850d448ae94b8\"},\"headline\":\"58% dos munic\u00edpios melhoraram alfabetiza\u00e7\u00e3o\",\"datePublished\":\"2025-07-11T22:01:41+00:00\",\"dateModified\":\"2025-07-11T22:44:07+00:00\",\"mainEntityOfPage\":{\"@id\":\"https:\/\/prefeitosegestoes.com.br\/portal\/58-dos-municipios-melhoraram-alfabetizacao\/\"},\"wordCount\":1211,\"commentCount\":0,\"publisher\":{\"@id\":\"https:\/\/prefeitosegestoes.com.br\/portal\/#organization\"},\"image\":{\"@id\":\"https:\/\/prefeitosegestoes.com.br\/portal\/58-dos-municipios-melhoraram-alfabetizacao\/#primaryimage\"},\"thumbnailUrl\":\"https:\/\/prefeitosegestoes.com.br\/portal\/wp-content\/uploads\/2025\/07\/d6a5756.webp\",\"keywords\":[\"Alfabetiza\u00e7\u00e3o\",\"Estados.Munic\u00edpios\",\"Par\u00e1. MEC\"],\"articleSection\":[\"Destaques\"],\"inLanguage\":\"pt-BR\",\"potentialAction\":[{\"@type\":\"CommentAction\",\"name\":\"Comment\",\"target\":[\"https:\/\/prefeitosegestoes.com.br\/portal\/58-dos-municipios-melhoraram-alfabetizacao\/#respond\"]}]},{\"@type\":\"WebPage\",\"@id\":\"https:\/\/prefeitosegestoes.com.br\/portal\/58-dos-municipios-melhoraram-alfabetizacao\/\",\"url\":\"https:\/\/prefeitosegestoes.com.br\/portal\/58-dos-municipios-melhoraram-alfabetizacao\/\",\"name\":\"58% dos munic\u00edpios melhoraram alfabetiza\u00e7\u00e3o - Prefeitos &amp; Gest\u00f5es\",\"isPartOf\":{\"@id\":\"https:\/\/prefeitosegestoes.com.br\/portal\/#website\"},\"primaryImageOfPage\":{\"@id\":\"https:\/\/prefeitosegestoes.com.br\/portal\/58-dos-municipios-melhoraram-alfabetizacao\/#primaryimage\"},\"image\":{\"@id\":\"https:\/\/prefeitosegestoes.com.br\/portal\/58-dos-municipios-melhoraram-alfabetizacao\/#primaryimage\"},\"thumbnailUrl\":\"https:\/\/prefeitosegestoes.com.br\/portal\/wp-content\/uploads\/2025\/07\/d6a5756.webp\",\"datePublished\":\"2025-07-11T22:01:41+00:00\",\"dateModified\":\"2025-07-11T22:44:07+00:00\",\"description\":\"Em 2024, 59,2% das crian\u00e7as das redes p\u00fablicas de ensino de todo o Brasil foram alfabetizadas na idade certa. O dado foi divulgado pelo Minist\u00e9rio da Educa\u00e7\u00e3o (MEC) nesta sexta-feira, 11 de julho, durante apresenta\u00e7\u00e3o dos resultados do Indicador Crian\u00e7a Alfabetizada. O \u00edndice \u00e9 obtido a partir das avalia\u00e7\u00f5es conduzidas pelos estados como parte do\u00a0Compromisso Nacional Crian\u00e7a Alfabetizada (CNCA), e divulgado desde 2024 pelo Instituto Nacional de Estudos e Pesquisas Educacionais An\u00edsio Teixeira (Inep).\",\"breadcrumb\":{\"@id\":\"https:\/\/prefeitosegestoes.com.br\/portal\/58-dos-municipios-melhoraram-alfabetizacao\/#breadcrumb\"},\"inLanguage\":\"pt-BR\",\"potentialAction\":[{\"@type\":\"ReadAction\",\"target\":[\"https:\/\/prefeitosegestoes.com.br\/portal\/58-dos-municipios-melhoraram-alfabetizacao\/\"]}]},{\"@type\":\"ImageObject\",\"inLanguage\":\"pt-BR\",\"@id\":\"https:\/\/prefeitosegestoes.com.br\/portal\/58-dos-municipios-melhoraram-alfabetizacao\/#primaryimage\",\"url\":\"https:\/\/prefeitosegestoes.com.br\/portal\/wp-content\/uploads\/2025\/07\/d6a5756.webp\",\"contentUrl\":\"https:\/\/prefeitosegestoes.com.br\/portal\/wp-content\/uploads\/2025\/07\/d6a5756.webp\",\"width\":1024,\"height\":768},{\"@type\":\"BreadcrumbList\",\"@id\":\"https:\/\/prefeitosegestoes.com.br\/portal\/58-dos-municipios-melhoraram-alfabetizacao\/#breadcrumb\",\"itemListElement\":[{\"@type\":\"ListItem\",\"position\":1,\"name\":\"In\u00edcio\",\"item\":\"https:\/\/prefeitosegestoes.com.br\/portal\/\"},{\"@type\":\"ListItem\",\"position\":2,\"name\":\"58% dos munic\u00edpios melhoraram alfabetiza\u00e7\u00e3o\"}]},{\"@type\":\"WebSite\",\"@id\":\"https:\/\/prefeitosegestoes.com.br\/portal\/#website\",\"url\":\"https:\/\/prefeitosegestoes.com.br\/portal\/\",\"name\":\"Prefeitos & Gest\u00f5es\",\"description\":\"\",\"publisher\":{\"@id\":\"https:\/\/prefeitosegestoes.com.br\/portal\/#organization\"},\"potentialAction\":[{\"@type\":\"SearchAction\",\"target\":{\"@type\":\"EntryPoint\",\"urlTemplate\":\"https:\/\/prefeitosegestoes.com.br\/portal\/?s={search_term_string}\"},\"query-input\":{\"@type\":\"PropertyValueSpecification\",\"valueRequired\":true,\"valueName\":\"search_term_string\"}}],\"inLanguage\":\"pt-BR\"},{\"@type\":\"Organization\",\"@id\":\"https:\/\/prefeitosegestoes.com.br\/portal\/#organization\",\"name\":\"Prefeitos & Gest\u00f5es\",\"url\":\"https:\/\/prefeitosegestoes.com.br\/portal\/\",\"logo\":{\"@type\":\"ImageObject\",\"inLanguage\":\"pt-BR\",\"@id\":\"https:\/\/prefeitosegestoes.com.br\/portal\/#\/schema\/logo\/image\/\",\"url\":\"https:\/\/prefeitosegestoes.com.br\/portal\/wp-content\/uploads\/2024\/10\/lg_trans_prefeitos_2024_preto2.png\",\"contentUrl\":\"https:\/\/prefeitosegestoes.com.br\/portal\/wp-content\/uploads\/2024\/10\/lg_trans_prefeitos_2024_preto2.png\",\"width\":199,\"height\":122,\"caption\":\"Prefeitos & Gest\u00f5es\"},\"image\":{\"@id\":\"https:\/\/prefeitosegestoes.com.br\/portal\/#\/schema\/logo\/image\/\"},\"sameAs\":[\"https:\/\/www.facebook.com\/prefeitosonline\",\"https:\/\/x.com\/PrefGestoes\"]},{\"@type\":\"Person\",\"@id\":\"https:\/\/prefeitosegestoes.com.br\/portal\/#\/schema\/person\/d00059f2ec99963e7e1850d448ae94b8\",\"name\":\"Prefeitos &amp; Gest\u00f5es\",\"image\":{\"@type\":\"ImageObject\",\"inLanguage\":\"pt-BR\",\"@id\":\"https:\/\/secure.gravatar.com\/avatar\/738fb281e479212ed32c1a21a4307dda9f3af9292edb6918a16c9ce9fff5f48d?s=96&d=mm&r=g\",\"url\":\"https:\/\/secure.gravatar.com\/avatar\/738fb281e479212ed32c1a21a4307dda9f3af9292edb6918a16c9ce9fff5f48d?s=96&d=mm&r=g\",\"contentUrl\":\"https:\/\/secure.gravatar.com\/avatar\/738fb281e479212ed32c1a21a4307dda9f3af9292edb6918a16c9ce9fff5f48d?s=96&d=mm&r=g\",\"caption\":\"Prefeitos &amp; Gest\u00f5es\"},\"url\":\"https:\/\/prefeitosegestoes.com.br\/portal\/author\/prefeitosegestoes\/\"}]}<\/script>\n<!-- \/ Yoast SEO plugin. -->","yoast_head_json":{"title":"58% dos munic\u00edpios melhoraram alfabetiza\u00e7\u00e3o - Prefeitos &amp; Gest\u00f5es","description":"Em 2024, 59,2% das crian\u00e7as das redes p\u00fablicas de ensino de todo o Brasil foram alfabetizadas na idade certa. O dado foi divulgado pelo Minist\u00e9rio da Educa\u00e7\u00e3o (MEC) nesta sexta-feira, 11 de julho, durante apresenta\u00e7\u00e3o dos resultados do Indicador Crian\u00e7a Alfabetizada. O \u00edndice \u00e9 obtido a partir das avalia\u00e7\u00f5es conduzidas pelos estados como parte do\u00a0Compromisso Nacional Crian\u00e7a Alfabetizada (CNCA), e divulgado desde 2024 pelo Instituto Nacional de Estudos e Pesquisas Educacionais An\u00edsio Teixeira (Inep).","robots":{"index":"index","follow":"follow","max-snippet":"max-snippet:-1","max-image-preview":"max-image-preview:large","max-video-preview":"max-video-preview:-1"},"canonical":"https:\/\/prefeitosegestoes.com.br\/portal\/58-dos-municipios-melhoraram-alfabetizacao\/","og_locale":"pt_BR","og_type":"article","og_title":"58% dos munic\u00edpios melhoraram alfabetiza\u00e7\u00e3o - Prefeitos &amp; Gest\u00f5es","og_description":"Em 2024, 59,2% das crian\u00e7as das redes p\u00fablicas de ensino de todo o Brasil foram alfabetizadas na idade certa. O dado foi divulgado pelo Minist\u00e9rio da Educa\u00e7\u00e3o (MEC) nesta sexta-feira, 11 de julho, durante apresenta\u00e7\u00e3o dos resultados do Indicador Crian\u00e7a Alfabetizada. O \u00edndice \u00e9 obtido a partir das avalia\u00e7\u00f5es conduzidas pelos estados como parte do\u00a0Compromisso Nacional Crian\u00e7a Alfabetizada (CNCA), e divulgado desde 2024 pelo Instituto Nacional de Estudos e Pesquisas Educacionais An\u00edsio Teixeira (Inep).","og_url":"https:\/\/prefeitosegestoes.com.br\/portal\/58-dos-municipios-melhoraram-alfabetizacao\/","og_site_name":"Prefeitos &amp; Gest\u00f5es","article_publisher":"https:\/\/www.facebook.com\/prefeitosonline","article_published_time":"2025-07-11T22:01:41+00:00","article_modified_time":"2025-07-11T22:44:07+00:00","og_image":[{"width":1024,"height":768,"url":"https:\/\/prefeitosegestoes.com.br\/portal\/wp-content\/uploads\/2025\/07\/d6a5756.webp","type":"image\/webp"}],"author":"Prefeitos &amp; Gest\u00f5es","twitter_card":"summary_large_image","twitter_creator":"@PrefGestoes","twitter_site":"@PrefGestoes","twitter_misc":{"Escrito por":"Prefeitos &amp; Gest\u00f5es","Est. tempo de leitura":"7 minutos"},"schema":{"@context":"https:\/\/schema.org","@graph":[{"@type":"Article","@id":"https:\/\/prefeitosegestoes.com.br\/portal\/58-dos-municipios-melhoraram-alfabetizacao\/#article","isPartOf":{"@id":"https:\/\/prefeitosegestoes.com.br\/portal\/58-dos-municipios-melhoraram-alfabetizacao\/"},"author":{"name":"Prefeitos &amp; Gest\u00f5es","@id":"https:\/\/prefeitosegestoes.com.br\/portal\/#\/schema\/person\/d00059f2ec99963e7e1850d448ae94b8"},"headline":"58% dos munic\u00edpios melhoraram alfabetiza\u00e7\u00e3o","datePublished":"2025-07-11T22:01:41+00:00","dateModified":"2025-07-11T22:44:07+00:00","mainEntityOfPage":{"@id":"https:\/\/prefeitosegestoes.com.br\/portal\/58-dos-municipios-melhoraram-alfabetizacao\/"},"wordCount":1211,"commentCount":0,"publisher":{"@id":"https:\/\/prefeitosegestoes.com.br\/portal\/#organization"},"image":{"@id":"https:\/\/prefeitosegestoes.com.br\/portal\/58-dos-municipios-melhoraram-alfabetizacao\/#primaryimage"},"thumbnailUrl":"https:\/\/prefeitosegestoes.com.br\/portal\/wp-content\/uploads\/2025\/07\/d6a5756.webp","keywords":["Alfabetiza\u00e7\u00e3o","Estados.Munic\u00edpios","Par\u00e1. MEC"],"articleSection":["Destaques"],"inLanguage":"pt-BR","potentialAction":[{"@type":"CommentAction","name":"Comment","target":["https:\/\/prefeitosegestoes.com.br\/portal\/58-dos-municipios-melhoraram-alfabetizacao\/#respond"]}]},{"@type":"WebPage","@id":"https:\/\/prefeitosegestoes.com.br\/portal\/58-dos-municipios-melhoraram-alfabetizacao\/","url":"https:\/\/prefeitosegestoes.com.br\/portal\/58-dos-municipios-melhoraram-alfabetizacao\/","name":"58% dos munic\u00edpios melhoraram alfabetiza\u00e7\u00e3o - Prefeitos &amp; Gest\u00f5es","isPartOf":{"@id":"https:\/\/prefeitosegestoes.com.br\/portal\/#website"},"primaryImageOfPage":{"@id":"https:\/\/prefeitosegestoes.com.br\/portal\/58-dos-municipios-melhoraram-alfabetizacao\/#primaryimage"},"image":{"@id":"https:\/\/prefeitosegestoes.com.br\/portal\/58-dos-municipios-melhoraram-alfabetizacao\/#primaryimage"},"thumbnailUrl":"https:\/\/prefeitosegestoes.com.br\/portal\/wp-content\/uploads\/2025\/07\/d6a5756.webp","datePublished":"2025-07-11T22:01:41+00:00","dateModified":"2025-07-11T22:44:07+00:00","description":"Em 2024, 59,2% das crian\u00e7as das redes p\u00fablicas de ensino de todo o Brasil foram alfabetizadas na idade certa. O dado foi divulgado pelo Minist\u00e9rio da Educa\u00e7\u00e3o (MEC) nesta sexta-feira, 11 de julho, durante apresenta\u00e7\u00e3o dos resultados do Indicador Crian\u00e7a Alfabetizada. O \u00edndice \u00e9 obtido a partir das avalia\u00e7\u00f5es conduzidas pelos estados como parte do\u00a0Compromisso Nacional Crian\u00e7a Alfabetizada (CNCA), e divulgado desde 2024 pelo Instituto Nacional de Estudos e Pesquisas Educacionais An\u00edsio Teixeira (Inep).","breadcrumb":{"@id":"https:\/\/prefeitosegestoes.com.br\/portal\/58-dos-municipios-melhoraram-alfabetizacao\/#breadcrumb"},"inLanguage":"pt-BR","potentialAction":[{"@type":"ReadAction","target":["https:\/\/prefeitosegestoes.com.br\/portal\/58-dos-municipios-melhoraram-alfabetizacao\/"]}]},{"@type":"ImageObject","inLanguage":"pt-BR","@id":"https:\/\/prefeitosegestoes.com.br\/portal\/58-dos-municipios-melhoraram-alfabetizacao\/#primaryimage","url":"https:\/\/prefeitosegestoes.com.br\/portal\/wp-content\/uploads\/2025\/07\/d6a5756.webp","contentUrl":"https:\/\/prefeitosegestoes.com.br\/portal\/wp-content\/uploads\/2025\/07\/d6a5756.webp","width":1024,"height":768},{"@type":"BreadcrumbList","@id":"https:\/\/prefeitosegestoes.com.br\/portal\/58-dos-municipios-melhoraram-alfabetizacao\/#breadcrumb","itemListElement":[{"@type":"ListItem","position":1,"name":"In\u00edcio","item":"https:\/\/prefeitosegestoes.com.br\/portal\/"},{"@type":"ListItem","position":2,"name":"58% dos munic\u00edpios melhoraram alfabetiza\u00e7\u00e3o"}]},{"@type":"WebSite","@id":"https:\/\/prefeitosegestoes.com.br\/portal\/#website","url":"https:\/\/prefeitosegestoes.com.br\/portal\/","name":"Prefeitos & Gest\u00f5es","description":"","publisher":{"@id":"https:\/\/prefeitosegestoes.com.br\/portal\/#organization"},"potentialAction":[{"@type":"SearchAction","target":{"@type":"EntryPoint","urlTemplate":"https:\/\/prefeitosegestoes.com.br\/portal\/?s={search_term_string}"},"query-input":{"@type":"PropertyValueSpecification","valueRequired":true,"valueName":"search_term_string"}}],"inLanguage":"pt-BR"},{"@type":"Organization","@id":"https:\/\/prefeitosegestoes.com.br\/portal\/#organization","name":"Prefeitos & Gest\u00f5es","url":"https:\/\/prefeitosegestoes.com.br\/portal\/","logo":{"@type":"ImageObject","inLanguage":"pt-BR","@id":"https:\/\/prefeitosegestoes.com.br\/portal\/#\/schema\/logo\/image\/","url":"https:\/\/prefeitosegestoes.com.br\/portal\/wp-content\/uploads\/2024\/10\/lg_trans_prefeitos_2024_preto2.png","contentUrl":"https:\/\/prefeitosegestoes.com.br\/portal\/wp-content\/uploads\/2024\/10\/lg_trans_prefeitos_2024_preto2.png","width":199,"height":122,"caption":"Prefeitos & Gest\u00f5es"},"image":{"@id":"https:\/\/prefeitosegestoes.com.br\/portal\/#\/schema\/logo\/image\/"},"sameAs":["https:\/\/www.facebook.com\/prefeitosonline","https:\/\/x.com\/PrefGestoes"]},{"@type":"Person","@id":"https:\/\/prefeitosegestoes.com.br\/portal\/#\/schema\/person\/d00059f2ec99963e7e1850d448ae94b8","name":"Prefeitos &amp; Gest\u00f5es","image":{"@type":"ImageObject","inLanguage":"pt-BR","@id":"https:\/\/secure.gravatar.com\/avatar\/738fb281e479212ed32c1a21a4307dda9f3af9292edb6918a16c9ce9fff5f48d?s=96&d=mm&r=g","url":"https:\/\/secure.gravatar.com\/avatar\/738fb281e479212ed32c1a21a4307dda9f3af9292edb6918a16c9ce9fff5f48d?s=96&d=mm&r=g","contentUrl":"https:\/\/secure.gravatar.com\/avatar\/738fb281e479212ed32c1a21a4307dda9f3af9292edb6918a16c9ce9fff5f48d?s=96&d=mm&r=g","caption":"Prefeitos &amp; Gest\u00f5es"},"url":"https:\/\/prefeitosegestoes.com.br\/portal\/author\/prefeitosegestoes\/"}]}},"_links":{"self":[{"href":"https:\/\/prefeitosegestoes.com.br\/portal\/wp-json\/wp\/v2\/posts\/3600","targetHints":{"allow":["GET"]}}],"collection":[{"href":"https:\/\/prefeitosegestoes.com.br\/portal\/wp-json\/wp\/v2\/posts"}],"about":[{"href":"https:\/\/prefeitosegestoes.com.br\/portal\/wp-json\/wp\/v2\/types\/post"}],"author":[{"embeddable":true,"href":"https:\/\/prefeitosegestoes.com.br\/portal\/wp-json\/wp\/v2\/users\/2"}],"replies":[{"embeddable":true,"href":"https:\/\/prefeitosegestoes.com.br\/portal\/wp-json\/wp\/v2\/comments?post=3600"}],"version-history":[{"count":2,"href":"https:\/\/prefeitosegestoes.com.br\/portal\/wp-json\/wp\/v2\/posts\/3600\/revisions"}],"predecessor-version":[{"id":3603,"href":"https:\/\/prefeitosegestoes.com.br\/portal\/wp-json\/wp\/v2\/posts\/3600\/revisions\/3603"}],"wp:featuredmedia":[{"embeddable":true,"href":"https:\/\/prefeitosegestoes.com.br\/portal\/wp-json\/wp\/v2\/media\/3601"}],"wp:attachment":[{"href":"https:\/\/prefeitosegestoes.com.br\/portal\/wp-json\/wp\/v2\/media?parent=3600"}],"wp:term":[{"taxonomy":"category","embeddable":true,"href":"https:\/\/prefeitosegestoes.com.br\/portal\/wp-json\/wp\/v2\/categories?post=3600"},{"taxonomy":"post_tag","embeddable":true,"href":"https:\/\/prefeitosegestoes.com.br\/portal\/wp-json\/wp\/v2\/tags?post=3600"}],"curies":[{"name":"wp","href":"https:\/\/api.w.org\/{rel}","templated":true}]}}