{"id":3595,"date":"2025-07-11T10:44:46","date_gmt":"2025-07-11T13:44:46","guid":{"rendered":"https:\/\/prefeitosegestoes.com.br\/portal\/?p=3595"},"modified":"2025-07-11T10:44:46","modified_gmt":"2025-07-11T13:44:46","slug":"uberlandia-ganha-primeiro-data-center-de-inteligencia-artificial-ia-do-sudeste-do-brasil","status":"publish","type":"post","link":"https:\/\/prefeitosegestoes.com.br\/portal\/uberlandia-ganha-primeiro-data-center-de-inteligencia-artificial-ia-do-sudeste-do-brasil\/","title":{"rendered":"Uberl\u00e2ndia ganha primeiro Data Center de Intelig\u00eancia Artificial (IA) do Sudeste do Brasil"},"content":{"rendered":"<h6><em>Foto Danilo Henriques \u2013 Secretaria de Comunica\u00e7\u00e3o\/PMU<\/em><\/h6>\n<p>A Prefeitura de Uberl\u00e2ndia, por meio do prefeito Paulo S\u00e9rgio, anunciou, nesta ter\u00e7a-feira (8), mais um importante investimento que o munic\u00edpio receber\u00e1. A partir dos esfor\u00e7os da administra\u00e7\u00e3o municipal em atrair novos investimentos e estimular o desenvolvimento local, Uberl\u00e2ndia contar\u00e1 com o primeiro Data Center com Intelig\u00eancia Artificial (IA) da regi\u00e3o Sudeste do Brasil. O pioneirismo ser\u00e1 viabilizado pela empresa norte-americana RT-One, dedicada ao avan\u00e7o da intelig\u00eancia artificial, seguran\u00e7a cibern\u00e9tica e computa\u00e7\u00e3o em nuvem.<\/p>\n<p>Para a instala\u00e7\u00e3o do empreendimento na cidade, ser\u00e1 feito um investimento inicial de R$ 6 bilh\u00f5es, com potencial de expans\u00e3o significativa ao longo das pr\u00f3ximas fases do projeto. O an\u00fancio foi feito no Centro Administrativo Municipal e contou com a participa\u00e7\u00e3o do CEO da empresa, Fernando Palamone. O projeto deve gerar cerca de 2 mil empregos permanentes, entre diretos e indiretos, j\u00e1 nos primeiros tr\u00eas anos de opera\u00e7\u00e3o, al\u00e9m de centenas de vagas tempor\u00e1rias durante a fase de constru\u00e7\u00e3o.<\/p>\n<p><img fetchpriority=\"high\" decoding=\"async\" class=\"alignnone  wp-image-3597\" src=\"https:\/\/prefeitosegestoes.com.br\/portal\/wp-content\/uploads\/2025\/07\/pref-300x200.jpg\" alt=\"\" width=\"392\" height=\"261\" srcset=\"https:\/\/prefeitosegestoes.com.br\/portal\/wp-content\/uploads\/2025\/07\/pref-300x200.jpg 300w, https:\/\/prefeitosegestoes.com.br\/portal\/wp-content\/uploads\/2025\/07\/pref-768x512.jpg 768w, https:\/\/prefeitosegestoes.com.br\/portal\/wp-content\/uploads\/2025\/07\/pref.jpg 800w\" sizes=\"(max-width: 392px) 100vw, 392px\" \/><\/p>\n<h6><em>\u201cHoje, temos a felicidade de poder anunciar este significativo investimento em nossa cidade. A vinda da RT-One para Uberl\u00e2ndia representa uma oportunidade \u00edmpar de seguirmos promovendo inova\u00e7\u00e3o tecnol\u00f3gica, desenvolvimento econ\u00f4mico e social, qualifica\u00e7\u00e3o de m\u00e3o de obra e, sem d\u00favida alguma, de atra\u00e7\u00e3o de novos investimentos para a cidade. Muito em breve, Uberl\u00e2ndia se tornar\u00e1 refer\u00eancia nacional em Intelig\u00eancia Artificial e o passo que estamos dando hoje ter\u00e1 papel muito relevante\u201d, afirmou o prefeito Paulo S\u00e9rgio. Foto Valter de Paula \u2013 Secretaria de Comunica\u00e7\u00e3o\/PMU<\/em><\/h6>\n<p>\u201cEscolhemos a cidade de Uberl\u00e2ndia para fazer este aporte por v\u00e1rios fatores. Dentre eles, o ecossistema de startups, o apoio da Universidade Federal e, claro, a capacidade h\u00eddrica e energ\u00e9tica do munic\u00edpio v\u00e3o possibilitar que implementemos o primeiro da Data Center da RT-One na regi\u00e3o Sudeste do Brasil. Al\u00e9m disso, a capacidade de gera\u00e7\u00e3o de empregos \u00e9 amplificada com a presen\u00e7a do Data Center no setor no qual ele vier a ser instalado. O fato de Uberl\u00e2ndia ser a melhor cidade de Minas Gerais para se viver far\u00e1 com que o talento humano continue se desenvolvendo na cidade. Com esses atributos, Uberl\u00e2ndia \u00e9, sem d\u00favida alguma, um local ideal para instala\u00e7\u00e3o de um Data Center desse porte\u201d, destacou o CEO da empresa norte-americana RT-One, Fernando Palamone.<\/p>\n<p>A estrutura ser\u00e1 implantada em um parque tecnol\u00f3gico, que deve chegar a aproximadamente 245 mil m\u00b2 de \u00e1rea constru\u00edda, utilizando um modelo de constru\u00e7\u00e3o modular. Esse formato permite entregas r\u00e1pidas de \u00e1reas operacionais e facilita a amplia\u00e7\u00e3o progressiva do campus com m\u00e1xima efici\u00eancia.<\/p>\n<p>Inicialmente, o campus tem uma capacidade energ\u00e9tica contratada de 100 MW, com planos de expans\u00e3o para at\u00e9 400 MW, o que o posiciona entre os maiores da Am\u00e9rica Latina.<\/p>\n<p>De acordo com a RT-One, o foco est\u00e1 no processamento de Intelig\u00eancia Artificial e seguran\u00e7a na nuvem, trazendo infraestrutura de ponta com refrigera\u00e7\u00e3o l\u00edquida e outras inova\u00e7\u00f5es para suporte do processamento das fun\u00e7\u00f5es mais avan\u00e7adas de IA. A crescente demanda global por IA exige data centers com capacidade computacional massiva e solu\u00e7\u00f5es sofisticadas de infraestrutura. A RT-One traz ao Brasil essas tecnologias de ponta, alinhadas aos mais altos padr\u00f5es internacionais.<\/p>\n<p><strong>Data Centers<\/strong><\/p>\n<p>Os data centers s\u00e3o essenciais na economia, executando processamento cr\u00edtico at\u00e9 mesmo em chamadas telef\u00f4nicas de voz e opera\u00e7\u00f5es banc\u00e1rias. Com a infus\u00e3o do IA, esses centros se tornam ainda mais fundamentais para a produtividade e crescimento econ\u00f4mico, com aplica\u00e7\u00e3o direta em setores como sa\u00fade, agricultura, manufatura e finan\u00e7as. Assim, os data centers s\u00e3o as novas f\u00e1bricas de hoje, essenciais para a competitividade nacional.<\/p>\n<p>O campus do Data Center em Uberl\u00e2ndia ser\u00e1 operado com base nos princ\u00edpios de sustentabilidade e responsabilidade ambiental e carbono zero, contando com a matriz energ\u00e9tica limpa e renov\u00e1vel existente no Brasil. Al\u00e9m disso, a RT-One traz tecnologias avan\u00e7adas de gerenciamento energ\u00e9tico e refrigera\u00e7\u00e3o l\u00edquida com baixo consumo de \u00e1gua. Este ser\u00e1 o primeiro Data Center no Brasil a buscar certifica\u00e7\u00e3o internacional de sustentabilidade.<\/p>\n<p><strong>RT-One<\/strong><\/p>\n<p>A RT-One \u00e9 uma empresa dedicada ao avan\u00e7o da intelig\u00eancia artificial, seguran\u00e7a cibern\u00e9tica e computa\u00e7\u00e3o em nuvem. A empresa \u00e9 fornecedora de solu\u00e7\u00f5es avan\u00e7adas de Sovereign Cloud e Secure AI, criando solu\u00e7\u00f5es para desafios complexos do mundo real. Est\u00e1 comprometida com opera\u00e7\u00f5es sustent\u00e1veis, iniciativas de Carbono Zero e est\u00e1 construindo um data center de IA pioneiro em Maring\u00e1 (PR), Brasil.<\/p>\n<p>O projeto conta com um ecossistema de inova\u00e7\u00e3o e parcerias globais, como os parceiros de infraestrutura Supermicro, Endor Development, LZA, entre outros. As alian\u00e7as garantem acesso \u00e0s tecnologias mais avan\u00e7adas e promovem a transfer\u00eancia de conhecimento espec\u00edficos para adapta\u00e7\u00e3o \u00e0s condi\u00e7\u00f5es de mercado nacional.<\/p>\n<p><strong>08\/07\/2025<\/strong><\/p>\n<p><strong>Secom com informa\u00e7\u00f5es da assessoria da RT-One<\/strong><\/p>\n<p><a href=\"mailto:imprensa@uberlandia.mg.gov.br\">imprensa@uberlandia.mg.gov.br<\/a><br \/>\n<strong>(34) 3239-2883\/2441\/2684<\/strong><\/p>\n","protected":false},"excerpt":{"rendered":"<p>Foto Danilo Henriques \u2013 Secretaria de Comunica\u00e7\u00e3o\/PMU A Prefeitura de Uberl\u00e2ndia, por meio do prefeito Paulo S\u00e9rgio, anunciou, nesta ter\u00e7a-feira (8), mais um importante investimento que o munic\u00edpio receber\u00e1. A partir dos esfor\u00e7os da administra\u00e7\u00e3o municipal em atrair novos investimentos e estimular o desenvolvimento local, Uberl\u00e2ndia contar\u00e1 com o primeiro Data Center com Intelig\u00eancia Artificial [&hellip;]<\/p>\n","protected":false},"author":2,"featured_media":3596,"comment_status":"open","ping_status":"open","sticky":false,"template":"","format":"standard","meta":{"rop_custom_images_group":[],"rop_custom_messages_group":[],"rop_publish_now":"initial","rop_publish_now_accounts":{"twitter_850042665852968960_850042665852968960":""},"rop_publish_now_history":[],"rop_publish_now_status":"pending","footnotes":""},"categories":[15],"tags":[678,677,263,676,679],"class_list":["post-3595","post","type-post","status-publish","format-standard","has-post-thumbnail","hentry","category-destaques","tag-data-center","tag-ingeligencia-artificial","tag-inteligencia","tag-prefeitura-de-uberlandia","tag-rt-one"],"yoast_head":"<!-- This site is optimized with the Yoast SEO plugin v27.2 - https:\/\/yoast.com\/product\/yoast-seo-wordpress\/ -->\n<title>Uberl\u00e2ndia ganha primeiro Data Center de Intelig\u00eancia Artificial (IA) do Sudeste do Brasil - Prefeitos &amp; Gest\u00f5es<\/title>\n<meta name=\"description\" content=\"A Prefeitura de Uberl\u00e2ndia, por meio do prefeito Paulo S\u00e9rgio, anunciou, nesta ter\u00e7a-feira (8), mais um importante investimento que o munic\u00edpio receber\u00e1. A partir dos esfor\u00e7os da administra\u00e7\u00e3o municipal em atrair novos investimentos e estimular o desenvolvimento local, Uberl\u00e2ndia contar\u00e1 com o primeiro Data Center com Intelig\u00eancia Artificial (IA) da regi\u00e3o Sudeste do Brasil. O pioneirismo ser\u00e1 viabilizado pela empresa norte-americana RT-One, dedicada ao avan\u00e7o da intelig\u00eancia artificial, seguran\u00e7a cibern\u00e9tica e computa\u00e7\u00e3o em nuvem.\" \/>\n<meta name=\"robots\" content=\"index, follow, max-snippet:-1, max-image-preview:large, max-video-preview:-1\" \/>\n<link rel=\"canonical\" href=\"https:\/\/prefeitosegestoes.com.br\/portal\/uberlandia-ganha-primeiro-data-center-de-inteligencia-artificial-ia-do-sudeste-do-brasil\/\" \/>\n<meta property=\"og:locale\" content=\"pt_BR\" \/>\n<meta property=\"og:type\" content=\"article\" \/>\n<meta property=\"og:title\" content=\"Uberl\u00e2ndia ganha primeiro Data Center de Intelig\u00eancia Artificial (IA) do Sudeste do Brasil - Prefeitos &amp; Gest\u00f5es\" \/>\n<meta property=\"og:description\" content=\"A Prefeitura de Uberl\u00e2ndia, por meio do prefeito Paulo S\u00e9rgio, anunciou, nesta ter\u00e7a-feira (8), mais um importante investimento que o munic\u00edpio receber\u00e1. A partir dos esfor\u00e7os da administra\u00e7\u00e3o municipal em atrair novos investimentos e estimular o desenvolvimento local, Uberl\u00e2ndia contar\u00e1 com o primeiro Data Center com Intelig\u00eancia Artificial (IA) da regi\u00e3o Sudeste do Brasil. O pioneirismo ser\u00e1 viabilizado pela empresa norte-americana RT-One, dedicada ao avan\u00e7o da intelig\u00eancia artificial, seguran\u00e7a cibern\u00e9tica e computa\u00e7\u00e3o em nuvem.\" \/>\n<meta property=\"og:url\" content=\"https:\/\/prefeitosegestoes.com.br\/portal\/uberlandia-ganha-primeiro-data-center-de-inteligencia-artificial-ia-do-sudeste-do-brasil\/\" \/>\n<meta property=\"og:site_name\" content=\"Prefeitos &amp; Gest\u00f5es\" \/>\n<meta property=\"article:publisher\" content=\"https:\/\/www.facebook.com\/prefeitosonline\" \/>\n<meta property=\"article:published_time\" content=\"2025-07-11T13:44:46+00:00\" \/>\n<meta property=\"og:image\" content=\"https:\/\/prefeitosegestoes.com.br\/portal\/wp-content\/uploads\/2025\/07\/inov.jpg\" \/>\n\t<meta property=\"og:image:width\" content=\"800\" \/>\n\t<meta property=\"og:image:height\" content=\"533\" \/>\n\t<meta property=\"og:image:type\" content=\"image\/jpeg\" \/>\n<meta name=\"author\" content=\"Prefeitos &amp; Gest\u00f5es\" \/>\n<meta name=\"twitter:card\" content=\"summary_large_image\" \/>\n<meta name=\"twitter:creator\" content=\"@PrefGestoes\" \/>\n<meta name=\"twitter:site\" content=\"@PrefGestoes\" \/>\n<meta name=\"twitter:label1\" content=\"Escrito por\" \/>\n\t<meta name=\"twitter:data1\" content=\"Prefeitos &amp; Gest\u00f5es\" \/>\n\t<meta name=\"twitter:label2\" content=\"Est. tempo de leitura\" \/>\n\t<meta name=\"twitter:data2\" content=\"5 minutos\" \/>\n<script type=\"application\/ld+json\" class=\"yoast-schema-graph\">{\"@context\":\"https:\/\/schema.org\",\"@graph\":[{\"@type\":\"Article\",\"@id\":\"https:\/\/prefeitosegestoes.com.br\/portal\/uberlandia-ganha-primeiro-data-center-de-inteligencia-artificial-ia-do-sudeste-do-brasil\/#article\",\"isPartOf\":{\"@id\":\"https:\/\/prefeitosegestoes.com.br\/portal\/uberlandia-ganha-primeiro-data-center-de-inteligencia-artificial-ia-do-sudeste-do-brasil\/\"},\"author\":{\"name\":\"Prefeitos &amp; Gest\u00f5es\",\"@id\":\"https:\/\/prefeitosegestoes.com.br\/portal\/#\/schema\/person\/d00059f2ec99963e7e1850d448ae94b8\"},\"headline\":\"Uberl\u00e2ndia ganha primeiro Data Center de Intelig\u00eancia Artificial (IA) do Sudeste do Brasil\",\"datePublished\":\"2025-07-11T13:44:46+00:00\",\"mainEntityOfPage\":{\"@id\":\"https:\/\/prefeitosegestoes.com.br\/portal\/uberlandia-ganha-primeiro-data-center-de-inteligencia-artificial-ia-do-sudeste-do-brasil\/\"},\"wordCount\":877,\"commentCount\":0,\"publisher\":{\"@id\":\"https:\/\/prefeitosegestoes.com.br\/portal\/#organization\"},\"image\":{\"@id\":\"https:\/\/prefeitosegestoes.com.br\/portal\/uberlandia-ganha-primeiro-data-center-de-inteligencia-artificial-ia-do-sudeste-do-brasil\/#primaryimage\"},\"thumbnailUrl\":\"https:\/\/prefeitosegestoes.com.br\/portal\/wp-content\/uploads\/2025\/07\/inov.jpg\",\"keywords\":[\"Data Center\",\"Ingelig\u00eancia artificial\",\"Intelig\u00eancia\",\"Prefeitura de Uberl\u00e2ndia\",\"RT-One\"],\"articleSection\":[\"Destaques\"],\"inLanguage\":\"pt-BR\",\"potentialAction\":[{\"@type\":\"CommentAction\",\"name\":\"Comment\",\"target\":[\"https:\/\/prefeitosegestoes.com.br\/portal\/uberlandia-ganha-primeiro-data-center-de-inteligencia-artificial-ia-do-sudeste-do-brasil\/#respond\"]}]},{\"@type\":\"WebPage\",\"@id\":\"https:\/\/prefeitosegestoes.com.br\/portal\/uberlandia-ganha-primeiro-data-center-de-inteligencia-artificial-ia-do-sudeste-do-brasil\/\",\"url\":\"https:\/\/prefeitosegestoes.com.br\/portal\/uberlandia-ganha-primeiro-data-center-de-inteligencia-artificial-ia-do-sudeste-do-brasil\/\",\"name\":\"Uberl\u00e2ndia ganha primeiro Data Center de Intelig\u00eancia Artificial (IA) do Sudeste do Brasil - Prefeitos &amp; Gest\u00f5es\",\"isPartOf\":{\"@id\":\"https:\/\/prefeitosegestoes.com.br\/portal\/#website\"},\"primaryImageOfPage\":{\"@id\":\"https:\/\/prefeitosegestoes.com.br\/portal\/uberlandia-ganha-primeiro-data-center-de-inteligencia-artificial-ia-do-sudeste-do-brasil\/#primaryimage\"},\"image\":{\"@id\":\"https:\/\/prefeitosegestoes.com.br\/portal\/uberlandia-ganha-primeiro-data-center-de-inteligencia-artificial-ia-do-sudeste-do-brasil\/#primaryimage\"},\"thumbnailUrl\":\"https:\/\/prefeitosegestoes.com.br\/portal\/wp-content\/uploads\/2025\/07\/inov.jpg\",\"datePublished\":\"2025-07-11T13:44:46+00:00\",\"description\":\"A Prefeitura de Uberl\u00e2ndia, por meio do prefeito Paulo S\u00e9rgio, anunciou, nesta ter\u00e7a-feira (8), mais um importante investimento que o munic\u00edpio receber\u00e1. A partir dos esfor\u00e7os da administra\u00e7\u00e3o municipal em atrair novos investimentos e estimular o desenvolvimento local, Uberl\u00e2ndia contar\u00e1 com o primeiro Data Center com Intelig\u00eancia Artificial (IA) da regi\u00e3o Sudeste do Brasil. O pioneirismo ser\u00e1 viabilizado pela empresa norte-americana RT-One, dedicada ao avan\u00e7o da intelig\u00eancia artificial, seguran\u00e7a cibern\u00e9tica e computa\u00e7\u00e3o em nuvem.\",\"breadcrumb\":{\"@id\":\"https:\/\/prefeitosegestoes.com.br\/portal\/uberlandia-ganha-primeiro-data-center-de-inteligencia-artificial-ia-do-sudeste-do-brasil\/#breadcrumb\"},\"inLanguage\":\"pt-BR\",\"potentialAction\":[{\"@type\":\"ReadAction\",\"target\":[\"https:\/\/prefeitosegestoes.com.br\/portal\/uberlandia-ganha-primeiro-data-center-de-inteligencia-artificial-ia-do-sudeste-do-brasil\/\"]}]},{\"@type\":\"ImageObject\",\"inLanguage\":\"pt-BR\",\"@id\":\"https:\/\/prefeitosegestoes.com.br\/portal\/uberlandia-ganha-primeiro-data-center-de-inteligencia-artificial-ia-do-sudeste-do-brasil\/#primaryimage\",\"url\":\"https:\/\/prefeitosegestoes.com.br\/portal\/wp-content\/uploads\/2025\/07\/inov.jpg\",\"contentUrl\":\"https:\/\/prefeitosegestoes.com.br\/portal\/wp-content\/uploads\/2025\/07\/inov.jpg\",\"width\":800,\"height\":533},{\"@type\":\"BreadcrumbList\",\"@id\":\"https:\/\/prefeitosegestoes.com.br\/portal\/uberlandia-ganha-primeiro-data-center-de-inteligencia-artificial-ia-do-sudeste-do-brasil\/#breadcrumb\",\"itemListElement\":[{\"@type\":\"ListItem\",\"position\":1,\"name\":\"In\u00edcio\",\"item\":\"https:\/\/prefeitosegestoes.com.br\/portal\/\"},{\"@type\":\"ListItem\",\"position\":2,\"name\":\"Uberl\u00e2ndia ganha primeiro Data Center de Intelig\u00eancia Artificial (IA) do Sudeste do Brasil\"}]},{\"@type\":\"WebSite\",\"@id\":\"https:\/\/prefeitosegestoes.com.br\/portal\/#website\",\"url\":\"https:\/\/prefeitosegestoes.com.br\/portal\/\",\"name\":\"Prefeitos & Gest\u00f5es\",\"description\":\"\",\"publisher\":{\"@id\":\"https:\/\/prefeitosegestoes.com.br\/portal\/#organization\"},\"potentialAction\":[{\"@type\":\"SearchAction\",\"target\":{\"@type\":\"EntryPoint\",\"urlTemplate\":\"https:\/\/prefeitosegestoes.com.br\/portal\/?s={search_term_string}\"},\"query-input\":{\"@type\":\"PropertyValueSpecification\",\"valueRequired\":true,\"valueName\":\"search_term_string\"}}],\"inLanguage\":\"pt-BR\"},{\"@type\":\"Organization\",\"@id\":\"https:\/\/prefeitosegestoes.com.br\/portal\/#organization\",\"name\":\"Prefeitos & Gest\u00f5es\",\"url\":\"https:\/\/prefeitosegestoes.com.br\/portal\/\",\"logo\":{\"@type\":\"ImageObject\",\"inLanguage\":\"pt-BR\",\"@id\":\"https:\/\/prefeitosegestoes.com.br\/portal\/#\/schema\/logo\/image\/\",\"url\":\"https:\/\/prefeitosegestoes.com.br\/portal\/wp-content\/uploads\/2024\/10\/lg_trans_prefeitos_2024_preto2.png\",\"contentUrl\":\"https:\/\/prefeitosegestoes.com.br\/portal\/wp-content\/uploads\/2024\/10\/lg_trans_prefeitos_2024_preto2.png\",\"width\":199,\"height\":122,\"caption\":\"Prefeitos & Gest\u00f5es\"},\"image\":{\"@id\":\"https:\/\/prefeitosegestoes.com.br\/portal\/#\/schema\/logo\/image\/\"},\"sameAs\":[\"https:\/\/www.facebook.com\/prefeitosonline\",\"https:\/\/x.com\/PrefGestoes\"]},{\"@type\":\"Person\",\"@id\":\"https:\/\/prefeitosegestoes.com.br\/portal\/#\/schema\/person\/d00059f2ec99963e7e1850d448ae94b8\",\"name\":\"Prefeitos &amp; Gest\u00f5es\",\"image\":{\"@type\":\"ImageObject\",\"inLanguage\":\"pt-BR\",\"@id\":\"https:\/\/secure.gravatar.com\/avatar\/738fb281e479212ed32c1a21a4307dda9f3af9292edb6918a16c9ce9fff5f48d?s=96&d=mm&r=g\",\"url\":\"https:\/\/secure.gravatar.com\/avatar\/738fb281e479212ed32c1a21a4307dda9f3af9292edb6918a16c9ce9fff5f48d?s=96&d=mm&r=g\",\"contentUrl\":\"https:\/\/secure.gravatar.com\/avatar\/738fb281e479212ed32c1a21a4307dda9f3af9292edb6918a16c9ce9fff5f48d?s=96&d=mm&r=g\",\"caption\":\"Prefeitos &amp; Gest\u00f5es\"},\"url\":\"https:\/\/prefeitosegestoes.com.br\/portal\/author\/prefeitosegestoes\/\"}]}<\/script>\n<!-- \/ Yoast SEO plugin. -->","yoast_head_json":{"title":"Uberl\u00e2ndia ganha primeiro Data Center de Intelig\u00eancia Artificial (IA) do Sudeste do Brasil - Prefeitos &amp; Gest\u00f5es","description":"A Prefeitura de Uberl\u00e2ndia, por meio do prefeito Paulo S\u00e9rgio, anunciou, nesta ter\u00e7a-feira (8), mais um importante investimento que o munic\u00edpio receber\u00e1. A partir dos esfor\u00e7os da administra\u00e7\u00e3o municipal em atrair novos investimentos e estimular o desenvolvimento local, Uberl\u00e2ndia contar\u00e1 com o primeiro Data Center com Intelig\u00eancia Artificial (IA) da regi\u00e3o Sudeste do Brasil. O pioneirismo ser\u00e1 viabilizado pela empresa norte-americana RT-One, dedicada ao avan\u00e7o da intelig\u00eancia artificial, seguran\u00e7a cibern\u00e9tica e computa\u00e7\u00e3o em nuvem.","robots":{"index":"index","follow":"follow","max-snippet":"max-snippet:-1","max-image-preview":"max-image-preview:large","max-video-preview":"max-video-preview:-1"},"canonical":"https:\/\/prefeitosegestoes.com.br\/portal\/uberlandia-ganha-primeiro-data-center-de-inteligencia-artificial-ia-do-sudeste-do-brasil\/","og_locale":"pt_BR","og_type":"article","og_title":"Uberl\u00e2ndia ganha primeiro Data Center de Intelig\u00eancia Artificial (IA) do Sudeste do Brasil - Prefeitos &amp; Gest\u00f5es","og_description":"A Prefeitura de Uberl\u00e2ndia, por meio do prefeito Paulo S\u00e9rgio, anunciou, nesta ter\u00e7a-feira (8), mais um importante investimento que o munic\u00edpio receber\u00e1. A partir dos esfor\u00e7os da administra\u00e7\u00e3o municipal em atrair novos investimentos e estimular o desenvolvimento local, Uberl\u00e2ndia contar\u00e1 com o primeiro Data Center com Intelig\u00eancia Artificial (IA) da regi\u00e3o Sudeste do Brasil. O pioneirismo ser\u00e1 viabilizado pela empresa norte-americana RT-One, dedicada ao avan\u00e7o da intelig\u00eancia artificial, seguran\u00e7a cibern\u00e9tica e computa\u00e7\u00e3o em nuvem.","og_url":"https:\/\/prefeitosegestoes.com.br\/portal\/uberlandia-ganha-primeiro-data-center-de-inteligencia-artificial-ia-do-sudeste-do-brasil\/","og_site_name":"Prefeitos &amp; Gest\u00f5es","article_publisher":"https:\/\/www.facebook.com\/prefeitosonline","article_published_time":"2025-07-11T13:44:46+00:00","og_image":[{"width":800,"height":533,"url":"https:\/\/prefeitosegestoes.com.br\/portal\/wp-content\/uploads\/2025\/07\/inov.jpg","type":"image\/jpeg"}],"author":"Prefeitos &amp; Gest\u00f5es","twitter_card":"summary_large_image","twitter_creator":"@PrefGestoes","twitter_site":"@PrefGestoes","twitter_misc":{"Escrito por":"Prefeitos &amp; Gest\u00f5es","Est. tempo de leitura":"5 minutos"},"schema":{"@context":"https:\/\/schema.org","@graph":[{"@type":"Article","@id":"https:\/\/prefeitosegestoes.com.br\/portal\/uberlandia-ganha-primeiro-data-center-de-inteligencia-artificial-ia-do-sudeste-do-brasil\/#article","isPartOf":{"@id":"https:\/\/prefeitosegestoes.com.br\/portal\/uberlandia-ganha-primeiro-data-center-de-inteligencia-artificial-ia-do-sudeste-do-brasil\/"},"author":{"name":"Prefeitos &amp; Gest\u00f5es","@id":"https:\/\/prefeitosegestoes.com.br\/portal\/#\/schema\/person\/d00059f2ec99963e7e1850d448ae94b8"},"headline":"Uberl\u00e2ndia ganha primeiro Data Center de Intelig\u00eancia Artificial (IA) do Sudeste do Brasil","datePublished":"2025-07-11T13:44:46+00:00","mainEntityOfPage":{"@id":"https:\/\/prefeitosegestoes.com.br\/portal\/uberlandia-ganha-primeiro-data-center-de-inteligencia-artificial-ia-do-sudeste-do-brasil\/"},"wordCount":877,"commentCount":0,"publisher":{"@id":"https:\/\/prefeitosegestoes.com.br\/portal\/#organization"},"image":{"@id":"https:\/\/prefeitosegestoes.com.br\/portal\/uberlandia-ganha-primeiro-data-center-de-inteligencia-artificial-ia-do-sudeste-do-brasil\/#primaryimage"},"thumbnailUrl":"https:\/\/prefeitosegestoes.com.br\/portal\/wp-content\/uploads\/2025\/07\/inov.jpg","keywords":["Data Center","Ingelig\u00eancia artificial","Intelig\u00eancia","Prefeitura de Uberl\u00e2ndia","RT-One"],"articleSection":["Destaques"],"inLanguage":"pt-BR","potentialAction":[{"@type":"CommentAction","name":"Comment","target":["https:\/\/prefeitosegestoes.com.br\/portal\/uberlandia-ganha-primeiro-data-center-de-inteligencia-artificial-ia-do-sudeste-do-brasil\/#respond"]}]},{"@type":"WebPage","@id":"https:\/\/prefeitosegestoes.com.br\/portal\/uberlandia-ganha-primeiro-data-center-de-inteligencia-artificial-ia-do-sudeste-do-brasil\/","url":"https:\/\/prefeitosegestoes.com.br\/portal\/uberlandia-ganha-primeiro-data-center-de-inteligencia-artificial-ia-do-sudeste-do-brasil\/","name":"Uberl\u00e2ndia ganha primeiro Data Center de Intelig\u00eancia Artificial (IA) do Sudeste do Brasil - Prefeitos &amp; Gest\u00f5es","isPartOf":{"@id":"https:\/\/prefeitosegestoes.com.br\/portal\/#website"},"primaryImageOfPage":{"@id":"https:\/\/prefeitosegestoes.com.br\/portal\/uberlandia-ganha-primeiro-data-center-de-inteligencia-artificial-ia-do-sudeste-do-brasil\/#primaryimage"},"image":{"@id":"https:\/\/prefeitosegestoes.com.br\/portal\/uberlandia-ganha-primeiro-data-center-de-inteligencia-artificial-ia-do-sudeste-do-brasil\/#primaryimage"},"thumbnailUrl":"https:\/\/prefeitosegestoes.com.br\/portal\/wp-content\/uploads\/2025\/07\/inov.jpg","datePublished":"2025-07-11T13:44:46+00:00","description":"A Prefeitura de Uberl\u00e2ndia, por meio do prefeito Paulo S\u00e9rgio, anunciou, nesta ter\u00e7a-feira (8), mais um importante investimento que o munic\u00edpio receber\u00e1. A partir dos esfor\u00e7os da administra\u00e7\u00e3o municipal em atrair novos investimentos e estimular o desenvolvimento local, Uberl\u00e2ndia contar\u00e1 com o primeiro Data Center com Intelig\u00eancia Artificial (IA) da regi\u00e3o Sudeste do Brasil. O pioneirismo ser\u00e1 viabilizado pela empresa norte-americana RT-One, dedicada ao avan\u00e7o da intelig\u00eancia artificial, seguran\u00e7a cibern\u00e9tica e computa\u00e7\u00e3o em nuvem.","breadcrumb":{"@id":"https:\/\/prefeitosegestoes.com.br\/portal\/uberlandia-ganha-primeiro-data-center-de-inteligencia-artificial-ia-do-sudeste-do-brasil\/#breadcrumb"},"inLanguage":"pt-BR","potentialAction":[{"@type":"ReadAction","target":["https:\/\/prefeitosegestoes.com.br\/portal\/uberlandia-ganha-primeiro-data-center-de-inteligencia-artificial-ia-do-sudeste-do-brasil\/"]}]},{"@type":"ImageObject","inLanguage":"pt-BR","@id":"https:\/\/prefeitosegestoes.com.br\/portal\/uberlandia-ganha-primeiro-data-center-de-inteligencia-artificial-ia-do-sudeste-do-brasil\/#primaryimage","url":"https:\/\/prefeitosegestoes.com.br\/portal\/wp-content\/uploads\/2025\/07\/inov.jpg","contentUrl":"https:\/\/prefeitosegestoes.com.br\/portal\/wp-content\/uploads\/2025\/07\/inov.jpg","width":800,"height":533},{"@type":"BreadcrumbList","@id":"https:\/\/prefeitosegestoes.com.br\/portal\/uberlandia-ganha-primeiro-data-center-de-inteligencia-artificial-ia-do-sudeste-do-brasil\/#breadcrumb","itemListElement":[{"@type":"ListItem","position":1,"name":"In\u00edcio","item":"https:\/\/prefeitosegestoes.com.br\/portal\/"},{"@type":"ListItem","position":2,"name":"Uberl\u00e2ndia ganha primeiro Data Center de Intelig\u00eancia Artificial (IA) do Sudeste do Brasil"}]},{"@type":"WebSite","@id":"https:\/\/prefeitosegestoes.com.br\/portal\/#website","url":"https:\/\/prefeitosegestoes.com.br\/portal\/","name":"Prefeitos & Gest\u00f5es","description":"","publisher":{"@id":"https:\/\/prefeitosegestoes.com.br\/portal\/#organization"},"potentialAction":[{"@type":"SearchAction","target":{"@type":"EntryPoint","urlTemplate":"https:\/\/prefeitosegestoes.com.br\/portal\/?s={search_term_string}"},"query-input":{"@type":"PropertyValueSpecification","valueRequired":true,"valueName":"search_term_string"}}],"inLanguage":"pt-BR"},{"@type":"Organization","@id":"https:\/\/prefeitosegestoes.com.br\/portal\/#organization","name":"Prefeitos & Gest\u00f5es","url":"https:\/\/prefeitosegestoes.com.br\/portal\/","logo":{"@type":"ImageObject","inLanguage":"pt-BR","@id":"https:\/\/prefeitosegestoes.com.br\/portal\/#\/schema\/logo\/image\/","url":"https:\/\/prefeitosegestoes.com.br\/portal\/wp-content\/uploads\/2024\/10\/lg_trans_prefeitos_2024_preto2.png","contentUrl":"https:\/\/prefeitosegestoes.com.br\/portal\/wp-content\/uploads\/2024\/10\/lg_trans_prefeitos_2024_preto2.png","width":199,"height":122,"caption":"Prefeitos & Gest\u00f5es"},"image":{"@id":"https:\/\/prefeitosegestoes.com.br\/portal\/#\/schema\/logo\/image\/"},"sameAs":["https:\/\/www.facebook.com\/prefeitosonline","https:\/\/x.com\/PrefGestoes"]},{"@type":"Person","@id":"https:\/\/prefeitosegestoes.com.br\/portal\/#\/schema\/person\/d00059f2ec99963e7e1850d448ae94b8","name":"Prefeitos &amp; Gest\u00f5es","image":{"@type":"ImageObject","inLanguage":"pt-BR","@id":"https:\/\/secure.gravatar.com\/avatar\/738fb281e479212ed32c1a21a4307dda9f3af9292edb6918a16c9ce9fff5f48d?s=96&d=mm&r=g","url":"https:\/\/secure.gravatar.com\/avatar\/738fb281e479212ed32c1a21a4307dda9f3af9292edb6918a16c9ce9fff5f48d?s=96&d=mm&r=g","contentUrl":"https:\/\/secure.gravatar.com\/avatar\/738fb281e479212ed32c1a21a4307dda9f3af9292edb6918a16c9ce9fff5f48d?s=96&d=mm&r=g","caption":"Prefeitos &amp; Gest\u00f5es"},"url":"https:\/\/prefeitosegestoes.com.br\/portal\/author\/prefeitosegestoes\/"}]}},"_links":{"self":[{"href":"https:\/\/prefeitosegestoes.com.br\/portal\/wp-json\/wp\/v2\/posts\/3595","targetHints":{"allow":["GET"]}}],"collection":[{"href":"https:\/\/prefeitosegestoes.com.br\/portal\/wp-json\/wp\/v2\/posts"}],"about":[{"href":"https:\/\/prefeitosegestoes.com.br\/portal\/wp-json\/wp\/v2\/types\/post"}],"author":[{"embeddable":true,"href":"https:\/\/prefeitosegestoes.com.br\/portal\/wp-json\/wp\/v2\/users\/2"}],"replies":[{"embeddable":true,"href":"https:\/\/prefeitosegestoes.com.br\/portal\/wp-json\/wp\/v2\/comments?post=3595"}],"version-history":[{"count":1,"href":"https:\/\/prefeitosegestoes.com.br\/portal\/wp-json\/wp\/v2\/posts\/3595\/revisions"}],"predecessor-version":[{"id":3598,"href":"https:\/\/prefeitosegestoes.com.br\/portal\/wp-json\/wp\/v2\/posts\/3595\/revisions\/3598"}],"wp:featuredmedia":[{"embeddable":true,"href":"https:\/\/prefeitosegestoes.com.br\/portal\/wp-json\/wp\/v2\/media\/3596"}],"wp:attachment":[{"href":"https:\/\/prefeitosegestoes.com.br\/portal\/wp-json\/wp\/v2\/media?parent=3595"}],"wp:term":[{"taxonomy":"category","embeddable":true,"href":"https:\/\/prefeitosegestoes.com.br\/portal\/wp-json\/wp\/v2\/categories?post=3595"},{"taxonomy":"post_tag","embeddable":true,"href":"https:\/\/prefeitosegestoes.com.br\/portal\/wp-json\/wp\/v2\/tags?post=3595"}],"curies":[{"name":"wp","href":"https:\/\/api.w.org\/{rel}","templated":true}]}}