{"id":3591,"date":"2025-07-08T20:19:03","date_gmt":"2025-07-08T23:19:03","guid":{"rendered":"https:\/\/prefeitosegestoes.com.br\/portal\/?p=3591"},"modified":"2025-07-08T20:19:03","modified_gmt":"2025-07-08T23:19:03","slug":"brics-oportunidade-para-profissionais-globais","status":"publish","type":"post","link":"https:\/\/prefeitosegestoes.com.br\/portal\/brics-oportunidade-para-profissionais-globais\/","title":{"rendered":"Brics: oportunidade para profissionais globais"},"content":{"rendered":"<h2 class=\"asset__summary\"><\/h2>\n<h4>VI C\u00fapula do Brics \u00e9 realizada com seguran\u00e7a m\u00e1xima em Fortaleza (CE)( Marcelo Camargo\/Ag\u00eancia Brasil)<\/h4>\n<h2 class=\"asset__summary\">&#8220;Mais do que habilidades t\u00e9cnicas, destaca-se a import\u00e2ncia das compet\u00eancias interculturais&#8221;, destaca a profissional.<\/h2>\n<div class=\"asset__actions\">\n<div class=\"asset__info\">\n<p class=\"asset__publisher\">Congresso em Foco<\/p>\n<p class=\"asset__date\">8\/7\/2025\u00a0<span class=\"ng-star-inserted\">15:47<\/span><\/p>\n<\/div>\n<\/div>\n<div class=\"asset__content leitura-materia-110047\">\n<div class=\"html-content\">\n<p>A entrada da Indon\u00e9sia no Brics, oficializada em janeiro de 2025, ampliou para 11 o n\u00famero de pa\u00edses integrantes do bloco, marcando uma nova fase de expans\u00e3o geopol\u00edtica e econ\u00f4mica. Com a nova configura\u00e7\u00e3o, o grupo responde por 39% do PIB global (em paridade de poder de compra), 48,5% da popula\u00e7\u00e3o mundial e 24% do com\u00e9rcio internacional, segundo dados divulgados pelas confedera\u00e7\u00f5es e institui\u00e7\u00f5es ligadas ao bloco.<\/p>\n<p>Criado inicialmente como Bric (Brasil, R\u00fassia, \u00cdndia e China), o grupo ganhou o &#8220;S&#8221; com a entrada da \u00c1frica do Sul em 2011. Em 2023, cinco novos pa\u00edses aderiram ao agrupamento: Egito, Eti\u00f3pia, Ir\u00e3, Ar\u00e1bia Saudita e Emirados \u00c1rabes Unidos. Com a recente inclus\u00e3o da Indon\u00e9sia, o Brics consolida sua presen\u00e7a em todos os continentes e amplia sua inser\u00e7\u00e3o no Oriente M\u00e9dio e na \u00c1frica.<\/p>\n<p>Al\u00e9m dos pa\u00edses membros, Bol\u00edvia, Belarus, Cazaquist\u00e3o, Cuba, Mal\u00e1sia, Tail\u00e2ndia, Uganda e Uzbequist\u00e3o foram anunciados como parceiros do bloco em 2025.<\/p>\n<p><img fetchpriority=\"high\" decoding=\"async\" title=\"As onze economias emergentes do BRICS est\u00e3o em destaque no contexto mundial.\" src=\"https:\/\/static.congressoemfoco.com.br\/CONG_MATERIA\/2025\/07\/08\/c9eed7_CONG_MATERIA_MANUAL_brics.jpeg\" alt=\"As onze economias emergentes do BRICS est\u00e3o em destaque no contexto mundial.\" width=\"800\" height=\"450\" \/><\/p>\n<div class=\"img-info\"><span class=\"img-legenda\">As onze economias emergentes do BRICS est\u00e3o em destaque no contexto mundial.<\/span><span class=\"img-credito\">Rafael Neddermeyer\/BRICS Brasil\/PR<\/span><\/div>\n<p>&nbsp;<\/p>\n<p><strong>Presid\u00eancia brasileira e prioridades<\/strong><\/p>\n<p>O Brasil assumiu a presid\u00eancia do Brics em 2025 com uma pauta centrada na coopera\u00e7\u00e3o energ\u00e9tica e na efici\u00eancia sustent\u00e1vel. Entre as prioridades est\u00e3o temas como seguran\u00e7a alimentar, energias renov\u00e1veis e a reforma das institui\u00e7\u00f5es financeiras internacionais.<\/p>\n<p>O pa\u00eds tamb\u00e9m tem papel estrat\u00e9gico no com\u00e9rcio com os demais membros do grupo. Em 2024, o Brics foi destino de 36% das exporta\u00e7\u00f5es brasileiras, somando USD 121 bilh\u00f5es, e origem de 34% das importa\u00e7\u00f5es, equivalentes a USD 88 bilh\u00f5es. A corrente de com\u00e9rcio BrasilBrics alcan\u00e7ou USD 210 bilh\u00f5es, representando 35% do com\u00e9rcio exterior nacional, conforme dados do ComexVis.<\/p>\n<p><strong>Impacto no mercado de trabalho e na forma\u00e7\u00e3o profissional<\/strong><\/p>\n<p>A atua\u00e7\u00e3o no contexto ampliado do Brics demanda profissionais com compet\u00eancias espec\u00edficas. De acordo com Elizabeth Ribeiro Martins, coordenadora do curso de Tecnologia em Gest\u00e3o Internacional da Pontif\u00edcia Universidade Cat\u00f3lica do Paran\u00e1 (PUC-PR), o ambiente multilateral do bloco requer mais do que conhecimento t\u00e9cnico. &#8220;Mais do que habilidades t\u00e9cnicas, destaca-se a import\u00e2ncia das compet\u00eancias interculturais. Compreender costumes, idiomas, valores sociais, sistemas jur\u00eddicos e pr\u00e1ticas culturais dos pa\u00edses do Brics permite uma comunica\u00e7\u00e3o global eficaz&#8221;, afirma.<\/p>\n<p>Al\u00e9m disso, s\u00e3o destacadas habilidades como dom\u00ednio do com\u00e9rcio e dos investimentos, diplomacia econ\u00f4mica, inova\u00e7\u00e3o e adapta\u00e7\u00e3o tecnol\u00f3gica. O Brics tamb\u00e9m se apresenta como plataforma para negocia\u00e7\u00e3o de acordos comerciais, coopera\u00e7\u00e3o em infraestrutura e discuss\u00e3o sobre moedas alternativas ao d\u00f3lar.<\/p>\n<p>A coordenadora menciona a crescente import\u00e2ncia de profissionais com vis\u00e3o estrat\u00e9gica, aptos a articular interesses entre pa\u00edses com prioridades distintas, como R\u00fassia (energia), \u00cdndia (tecnologia) e Indon\u00e9sia (log\u00edstica e minera\u00e7\u00e3o).<\/p>\n<p><strong>Recursos naturais e capacidade geopol\u00edtica<\/strong><\/p>\n<p>O bloco tamb\u00e9m representa for\u00e7a significativa em recursos naturais. Dados da Ag\u00eancia Internacional de Energia indicam que os pa\u00edses do Brics det\u00eam 72% das reservas de minerais de terras raras, 43,6% da produ\u00e7\u00e3o mundial de petr\u00f3leo, 36% da produ\u00e7\u00e3o de g\u00e1s natural e 78,2% da produ\u00e7\u00e3o de carv\u00e3o mineral.<\/p>\n<p>A Indon\u00e9sia, novo membro, amplia as oportunidades de coopera\u00e7\u00e3o em setores como minera\u00e7\u00e3o e agroneg\u00f3cio sustent\u00e1vel. O pa\u00eds asi\u00e1tico tamb\u00e9m tem relev\u00e2ncia estrat\u00e9gica por controlar rotas mar\u00edtimas importantes, como o Estreito de Malaca.<\/p>\n<p><strong>Expans\u00e3o e nova governan\u00e7a global<\/strong><\/p>\n<p>A expans\u00e3o do Brics e o aumento do interesse de novos pa\u00edses parceiros refletem a busca por uma nova ordem mundial multipolar. &#8220;O Brics n\u00e3o \u00e9 apenas um foro de articula\u00e7\u00e3o pol\u00edtica e diplom\u00e1tica, mas tamb\u00e9m uma plataforma essencial para a coopera\u00e7\u00e3o multilateral&#8221;, afirma Elizabeth.<\/p>\n<\/div>\n<\/div>\n<div class=\"share share--bottom\">Fonte Congresso em Foco<\/div>\n","protected":false},"excerpt":{"rendered":"<p>VI C\u00fapula do Brics \u00e9 realizada com seguran\u00e7a m\u00e1xima em Fortaleza (CE)( Marcelo Camargo\/Ag\u00eancia Brasil) &#8220;Mais do que habilidades t\u00e9cnicas, destaca-se a import\u00e2ncia das compet\u00eancias interculturais&#8221;, destaca a profissional. Congresso em Foco 8\/7\/2025\u00a015:47 A entrada da Indon\u00e9sia no Brics, oficializada em janeiro de 2025, ampliou para 11 o n\u00famero de pa\u00edses integrantes do bloco, marcando [&hellip;]<\/p>\n","protected":false},"author":2,"featured_media":3592,"comment_status":"open","ping_status":"open","sticky":false,"template":"","format":"standard","meta":{"rop_custom_images_group":[],"rop_custom_messages_group":[],"rop_publish_now":"initial","rop_publish_now_accounts":{"twitter_850042665852968960_850042665852968960":""},"rop_publish_now_history":[],"rop_publish_now_status":"pending","footnotes":""},"categories":[15],"tags":[71,675,674],"class_list":["post-3591","post","type-post","status-publish","format-standard","has-post-thumbnail","hentry","category-destaques","tag-brics","tag-economias-emergentes","tag-intercultural"],"yoast_head":"<!-- This site is optimized with the Yoast SEO plugin v27.2 - https:\/\/yoast.com\/product\/yoast-seo-wordpress\/ -->\n<title>Brics: oportunidade para profissionais globais - Prefeitos &amp; Gest\u00f5es<\/title>\n<meta name=\"description\" content=\"A entrada da Indon\u00e9sia no Brics, oficializada em janeiro de 2025, ampliou para 11 o n\u00famero de pa\u00edses integrantes do bloco, marcando uma nova fase de expans\u00e3o geopol\u00edtica e econ\u00f4mica. Com a nova configura\u00e7\u00e3o, o grupo responde por 39% do PIB global (em paridade de poder de compra), 48,5% da popula\u00e7\u00e3o mundial e 24% do com\u00e9rcio internacional, segundo dados divulgados pelas confedera\u00e7\u00f5es e institui\u00e7\u00f5es ligadas ao bloco.\" \/>\n<meta name=\"robots\" content=\"index, follow, max-snippet:-1, max-image-preview:large, max-video-preview:-1\" \/>\n<link rel=\"canonical\" href=\"https:\/\/prefeitosegestoes.com.br\/portal\/brics-oportunidade-para-profissionais-globais\/\" \/>\n<meta property=\"og:locale\" content=\"pt_BR\" \/>\n<meta property=\"og:type\" content=\"article\" \/>\n<meta property=\"og:title\" content=\"Brics: oportunidade para profissionais globais - Prefeitos &amp; Gest\u00f5es\" \/>\n<meta property=\"og:description\" content=\"A entrada da Indon\u00e9sia no Brics, oficializada em janeiro de 2025, ampliou para 11 o n\u00famero de pa\u00edses integrantes do bloco, marcando uma nova fase de expans\u00e3o geopol\u00edtica e econ\u00f4mica. Com a nova configura\u00e7\u00e3o, o grupo responde por 39% do PIB global (em paridade de poder de compra), 48,5% da popula\u00e7\u00e3o mundial e 24% do com\u00e9rcio internacional, segundo dados divulgados pelas confedera\u00e7\u00f5es e institui\u00e7\u00f5es ligadas ao bloco.\" \/>\n<meta property=\"og:url\" content=\"https:\/\/prefeitosegestoes.com.br\/portal\/brics-oportunidade-para-profissionais-globais\/\" \/>\n<meta property=\"og:site_name\" content=\"Prefeitos &amp; Gest\u00f5es\" \/>\n<meta property=\"article:publisher\" content=\"https:\/\/www.facebook.com\/prefeitosonline\" \/>\n<meta property=\"article:published_time\" content=\"2025-07-08T23:19:03+00:00\" \/>\n<meta property=\"og:image\" content=\"https:\/\/prefeitosegestoes.com.br\/portal\/wp-content\/uploads\/2025\/07\/923609-brics_-1.webp\" \/>\n\t<meta property=\"og:image:width\" content=\"1024\" \/>\n\t<meta property=\"og:image:height\" content=\"768\" \/>\n\t<meta property=\"og:image:type\" content=\"image\/webp\" \/>\n<meta name=\"author\" content=\"Prefeitos &amp; Gest\u00f5es\" \/>\n<meta name=\"twitter:card\" content=\"summary_large_image\" \/>\n<meta name=\"twitter:creator\" content=\"@PrefGestoes\" \/>\n<meta name=\"twitter:site\" content=\"@PrefGestoes\" \/>\n<meta name=\"twitter:label1\" content=\"Escrito por\" \/>\n\t<meta name=\"twitter:data1\" content=\"Prefeitos &amp; Gest\u00f5es\" \/>\n\t<meta name=\"twitter:label2\" content=\"Est. tempo de leitura\" \/>\n\t<meta name=\"twitter:data2\" content=\"4 minutos\" \/>\n<script type=\"application\/ld+json\" class=\"yoast-schema-graph\">{\"@context\":\"https:\/\/schema.org\",\"@graph\":[{\"@type\":\"Article\",\"@id\":\"https:\/\/prefeitosegestoes.com.br\/portal\/brics-oportunidade-para-profissionais-globais\/#article\",\"isPartOf\":{\"@id\":\"https:\/\/prefeitosegestoes.com.br\/portal\/brics-oportunidade-para-profissionais-globais\/\"},\"author\":{\"name\":\"Prefeitos &amp; Gest\u00f5es\",\"@id\":\"https:\/\/prefeitosegestoes.com.br\/portal\/#\/schema\/person\/d00059f2ec99963e7e1850d448ae94b8\"},\"headline\":\"Brics: oportunidade para profissionais globais\",\"datePublished\":\"2025-07-08T23:19:03+00:00\",\"mainEntityOfPage\":{\"@id\":\"https:\/\/prefeitosegestoes.com.br\/portal\/brics-oportunidade-para-profissionais-globais\/\"},\"wordCount\":708,\"commentCount\":0,\"publisher\":{\"@id\":\"https:\/\/prefeitosegestoes.com.br\/portal\/#organization\"},\"image\":{\"@id\":\"https:\/\/prefeitosegestoes.com.br\/portal\/brics-oportunidade-para-profissionais-globais\/#primaryimage\"},\"thumbnailUrl\":\"https:\/\/prefeitosegestoes.com.br\/portal\/wp-content\/uploads\/2025\/07\/923609-brics_-1.webp\",\"keywords\":[\"Brics\",\"Economias Emergentes\",\"Intercultural\"],\"articleSection\":[\"Destaques\"],\"inLanguage\":\"pt-BR\",\"potentialAction\":[{\"@type\":\"CommentAction\",\"name\":\"Comment\",\"target\":[\"https:\/\/prefeitosegestoes.com.br\/portal\/brics-oportunidade-para-profissionais-globais\/#respond\"]}]},{\"@type\":\"WebPage\",\"@id\":\"https:\/\/prefeitosegestoes.com.br\/portal\/brics-oportunidade-para-profissionais-globais\/\",\"url\":\"https:\/\/prefeitosegestoes.com.br\/portal\/brics-oportunidade-para-profissionais-globais\/\",\"name\":\"Brics: oportunidade para profissionais globais - Prefeitos &amp; Gest\u00f5es\",\"isPartOf\":{\"@id\":\"https:\/\/prefeitosegestoes.com.br\/portal\/#website\"},\"primaryImageOfPage\":{\"@id\":\"https:\/\/prefeitosegestoes.com.br\/portal\/brics-oportunidade-para-profissionais-globais\/#primaryimage\"},\"image\":{\"@id\":\"https:\/\/prefeitosegestoes.com.br\/portal\/brics-oportunidade-para-profissionais-globais\/#primaryimage\"},\"thumbnailUrl\":\"https:\/\/prefeitosegestoes.com.br\/portal\/wp-content\/uploads\/2025\/07\/923609-brics_-1.webp\",\"datePublished\":\"2025-07-08T23:19:03+00:00\",\"description\":\"A entrada da Indon\u00e9sia no Brics, oficializada em janeiro de 2025, ampliou para 11 o n\u00famero de pa\u00edses integrantes do bloco, marcando uma nova fase de expans\u00e3o geopol\u00edtica e econ\u00f4mica. Com a nova configura\u00e7\u00e3o, o grupo responde por 39% do PIB global (em paridade de poder de compra), 48,5% da popula\u00e7\u00e3o mundial e 24% do com\u00e9rcio internacional, segundo dados divulgados pelas confedera\u00e7\u00f5es e institui\u00e7\u00f5es ligadas ao bloco.\",\"breadcrumb\":{\"@id\":\"https:\/\/prefeitosegestoes.com.br\/portal\/brics-oportunidade-para-profissionais-globais\/#breadcrumb\"},\"inLanguage\":\"pt-BR\",\"potentialAction\":[{\"@type\":\"ReadAction\",\"target\":[\"https:\/\/prefeitosegestoes.com.br\/portal\/brics-oportunidade-para-profissionais-globais\/\"]}]},{\"@type\":\"ImageObject\",\"inLanguage\":\"pt-BR\",\"@id\":\"https:\/\/prefeitosegestoes.com.br\/portal\/brics-oportunidade-para-profissionais-globais\/#primaryimage\",\"url\":\"https:\/\/prefeitosegestoes.com.br\/portal\/wp-content\/uploads\/2025\/07\/923609-brics_-1.webp\",\"contentUrl\":\"https:\/\/prefeitosegestoes.com.br\/portal\/wp-content\/uploads\/2025\/07\/923609-brics_-1.webp\",\"width\":1024,\"height\":768},{\"@type\":\"BreadcrumbList\",\"@id\":\"https:\/\/prefeitosegestoes.com.br\/portal\/brics-oportunidade-para-profissionais-globais\/#breadcrumb\",\"itemListElement\":[{\"@type\":\"ListItem\",\"position\":1,\"name\":\"In\u00edcio\",\"item\":\"https:\/\/prefeitosegestoes.com.br\/portal\/\"},{\"@type\":\"ListItem\",\"position\":2,\"name\":\"Brics: oportunidade para profissionais globais\"}]},{\"@type\":\"WebSite\",\"@id\":\"https:\/\/prefeitosegestoes.com.br\/portal\/#website\",\"url\":\"https:\/\/prefeitosegestoes.com.br\/portal\/\",\"name\":\"Prefeitos & Gest\u00f5es\",\"description\":\"\",\"publisher\":{\"@id\":\"https:\/\/prefeitosegestoes.com.br\/portal\/#organization\"},\"potentialAction\":[{\"@type\":\"SearchAction\",\"target\":{\"@type\":\"EntryPoint\",\"urlTemplate\":\"https:\/\/prefeitosegestoes.com.br\/portal\/?s={search_term_string}\"},\"query-input\":{\"@type\":\"PropertyValueSpecification\",\"valueRequired\":true,\"valueName\":\"search_term_string\"}}],\"inLanguage\":\"pt-BR\"},{\"@type\":\"Organization\",\"@id\":\"https:\/\/prefeitosegestoes.com.br\/portal\/#organization\",\"name\":\"Prefeitos & Gest\u00f5es\",\"url\":\"https:\/\/prefeitosegestoes.com.br\/portal\/\",\"logo\":{\"@type\":\"ImageObject\",\"inLanguage\":\"pt-BR\",\"@id\":\"https:\/\/prefeitosegestoes.com.br\/portal\/#\/schema\/logo\/image\/\",\"url\":\"https:\/\/prefeitosegestoes.com.br\/portal\/wp-content\/uploads\/2024\/10\/lg_trans_prefeitos_2024_preto2.png\",\"contentUrl\":\"https:\/\/prefeitosegestoes.com.br\/portal\/wp-content\/uploads\/2024\/10\/lg_trans_prefeitos_2024_preto2.png\",\"width\":199,\"height\":122,\"caption\":\"Prefeitos & Gest\u00f5es\"},\"image\":{\"@id\":\"https:\/\/prefeitosegestoes.com.br\/portal\/#\/schema\/logo\/image\/\"},\"sameAs\":[\"https:\/\/www.facebook.com\/prefeitosonline\",\"https:\/\/x.com\/PrefGestoes\"]},{\"@type\":\"Person\",\"@id\":\"https:\/\/prefeitosegestoes.com.br\/portal\/#\/schema\/person\/d00059f2ec99963e7e1850d448ae94b8\",\"name\":\"Prefeitos &amp; Gest\u00f5es\",\"image\":{\"@type\":\"ImageObject\",\"inLanguage\":\"pt-BR\",\"@id\":\"https:\/\/secure.gravatar.com\/avatar\/738fb281e479212ed32c1a21a4307dda9f3af9292edb6918a16c9ce9fff5f48d?s=96&d=mm&r=g\",\"url\":\"https:\/\/secure.gravatar.com\/avatar\/738fb281e479212ed32c1a21a4307dda9f3af9292edb6918a16c9ce9fff5f48d?s=96&d=mm&r=g\",\"contentUrl\":\"https:\/\/secure.gravatar.com\/avatar\/738fb281e479212ed32c1a21a4307dda9f3af9292edb6918a16c9ce9fff5f48d?s=96&d=mm&r=g\",\"caption\":\"Prefeitos &amp; Gest\u00f5es\"},\"url\":\"https:\/\/prefeitosegestoes.com.br\/portal\/author\/prefeitosegestoes\/\"}]}<\/script>\n<!-- \/ Yoast SEO plugin. -->","yoast_head_json":{"title":"Brics: oportunidade para profissionais globais - Prefeitos &amp; Gest\u00f5es","description":"A entrada da Indon\u00e9sia no Brics, oficializada em janeiro de 2025, ampliou para 11 o n\u00famero de pa\u00edses integrantes do bloco, marcando uma nova fase de expans\u00e3o geopol\u00edtica e econ\u00f4mica. Com a nova configura\u00e7\u00e3o, o grupo responde por 39% do PIB global (em paridade de poder de compra), 48,5% da popula\u00e7\u00e3o mundial e 24% do com\u00e9rcio internacional, segundo dados divulgados pelas confedera\u00e7\u00f5es e institui\u00e7\u00f5es ligadas ao bloco.","robots":{"index":"index","follow":"follow","max-snippet":"max-snippet:-1","max-image-preview":"max-image-preview:large","max-video-preview":"max-video-preview:-1"},"canonical":"https:\/\/prefeitosegestoes.com.br\/portal\/brics-oportunidade-para-profissionais-globais\/","og_locale":"pt_BR","og_type":"article","og_title":"Brics: oportunidade para profissionais globais - Prefeitos &amp; Gest\u00f5es","og_description":"A entrada da Indon\u00e9sia no Brics, oficializada em janeiro de 2025, ampliou para 11 o n\u00famero de pa\u00edses integrantes do bloco, marcando uma nova fase de expans\u00e3o geopol\u00edtica e econ\u00f4mica. Com a nova configura\u00e7\u00e3o, o grupo responde por 39% do PIB global (em paridade de poder de compra), 48,5% da popula\u00e7\u00e3o mundial e 24% do com\u00e9rcio internacional, segundo dados divulgados pelas confedera\u00e7\u00f5es e institui\u00e7\u00f5es ligadas ao bloco.","og_url":"https:\/\/prefeitosegestoes.com.br\/portal\/brics-oportunidade-para-profissionais-globais\/","og_site_name":"Prefeitos &amp; Gest\u00f5es","article_publisher":"https:\/\/www.facebook.com\/prefeitosonline","article_published_time":"2025-07-08T23:19:03+00:00","og_image":[{"width":1024,"height":768,"url":"https:\/\/prefeitosegestoes.com.br\/portal\/wp-content\/uploads\/2025\/07\/923609-brics_-1.webp","type":"image\/webp"}],"author":"Prefeitos &amp; Gest\u00f5es","twitter_card":"summary_large_image","twitter_creator":"@PrefGestoes","twitter_site":"@PrefGestoes","twitter_misc":{"Escrito por":"Prefeitos &amp; Gest\u00f5es","Est. tempo de leitura":"4 minutos"},"schema":{"@context":"https:\/\/schema.org","@graph":[{"@type":"Article","@id":"https:\/\/prefeitosegestoes.com.br\/portal\/brics-oportunidade-para-profissionais-globais\/#article","isPartOf":{"@id":"https:\/\/prefeitosegestoes.com.br\/portal\/brics-oportunidade-para-profissionais-globais\/"},"author":{"name":"Prefeitos &amp; Gest\u00f5es","@id":"https:\/\/prefeitosegestoes.com.br\/portal\/#\/schema\/person\/d00059f2ec99963e7e1850d448ae94b8"},"headline":"Brics: oportunidade para profissionais globais","datePublished":"2025-07-08T23:19:03+00:00","mainEntityOfPage":{"@id":"https:\/\/prefeitosegestoes.com.br\/portal\/brics-oportunidade-para-profissionais-globais\/"},"wordCount":708,"commentCount":0,"publisher":{"@id":"https:\/\/prefeitosegestoes.com.br\/portal\/#organization"},"image":{"@id":"https:\/\/prefeitosegestoes.com.br\/portal\/brics-oportunidade-para-profissionais-globais\/#primaryimage"},"thumbnailUrl":"https:\/\/prefeitosegestoes.com.br\/portal\/wp-content\/uploads\/2025\/07\/923609-brics_-1.webp","keywords":["Brics","Economias Emergentes","Intercultural"],"articleSection":["Destaques"],"inLanguage":"pt-BR","potentialAction":[{"@type":"CommentAction","name":"Comment","target":["https:\/\/prefeitosegestoes.com.br\/portal\/brics-oportunidade-para-profissionais-globais\/#respond"]}]},{"@type":"WebPage","@id":"https:\/\/prefeitosegestoes.com.br\/portal\/brics-oportunidade-para-profissionais-globais\/","url":"https:\/\/prefeitosegestoes.com.br\/portal\/brics-oportunidade-para-profissionais-globais\/","name":"Brics: oportunidade para profissionais globais - Prefeitos &amp; Gest\u00f5es","isPartOf":{"@id":"https:\/\/prefeitosegestoes.com.br\/portal\/#website"},"primaryImageOfPage":{"@id":"https:\/\/prefeitosegestoes.com.br\/portal\/brics-oportunidade-para-profissionais-globais\/#primaryimage"},"image":{"@id":"https:\/\/prefeitosegestoes.com.br\/portal\/brics-oportunidade-para-profissionais-globais\/#primaryimage"},"thumbnailUrl":"https:\/\/prefeitosegestoes.com.br\/portal\/wp-content\/uploads\/2025\/07\/923609-brics_-1.webp","datePublished":"2025-07-08T23:19:03+00:00","description":"A entrada da Indon\u00e9sia no Brics, oficializada em janeiro de 2025, ampliou para 11 o n\u00famero de pa\u00edses integrantes do bloco, marcando uma nova fase de expans\u00e3o geopol\u00edtica e econ\u00f4mica. Com a nova configura\u00e7\u00e3o, o grupo responde por 39% do PIB global (em paridade de poder de compra), 48,5% da popula\u00e7\u00e3o mundial e 24% do com\u00e9rcio internacional, segundo dados divulgados pelas confedera\u00e7\u00f5es e institui\u00e7\u00f5es ligadas ao bloco.","breadcrumb":{"@id":"https:\/\/prefeitosegestoes.com.br\/portal\/brics-oportunidade-para-profissionais-globais\/#breadcrumb"},"inLanguage":"pt-BR","potentialAction":[{"@type":"ReadAction","target":["https:\/\/prefeitosegestoes.com.br\/portal\/brics-oportunidade-para-profissionais-globais\/"]}]},{"@type":"ImageObject","inLanguage":"pt-BR","@id":"https:\/\/prefeitosegestoes.com.br\/portal\/brics-oportunidade-para-profissionais-globais\/#primaryimage","url":"https:\/\/prefeitosegestoes.com.br\/portal\/wp-content\/uploads\/2025\/07\/923609-brics_-1.webp","contentUrl":"https:\/\/prefeitosegestoes.com.br\/portal\/wp-content\/uploads\/2025\/07\/923609-brics_-1.webp","width":1024,"height":768},{"@type":"BreadcrumbList","@id":"https:\/\/prefeitosegestoes.com.br\/portal\/brics-oportunidade-para-profissionais-globais\/#breadcrumb","itemListElement":[{"@type":"ListItem","position":1,"name":"In\u00edcio","item":"https:\/\/prefeitosegestoes.com.br\/portal\/"},{"@type":"ListItem","position":2,"name":"Brics: oportunidade para profissionais globais"}]},{"@type":"WebSite","@id":"https:\/\/prefeitosegestoes.com.br\/portal\/#website","url":"https:\/\/prefeitosegestoes.com.br\/portal\/","name":"Prefeitos & Gest\u00f5es","description":"","publisher":{"@id":"https:\/\/prefeitosegestoes.com.br\/portal\/#organization"},"potentialAction":[{"@type":"SearchAction","target":{"@type":"EntryPoint","urlTemplate":"https:\/\/prefeitosegestoes.com.br\/portal\/?s={search_term_string}"},"query-input":{"@type":"PropertyValueSpecification","valueRequired":true,"valueName":"search_term_string"}}],"inLanguage":"pt-BR"},{"@type":"Organization","@id":"https:\/\/prefeitosegestoes.com.br\/portal\/#organization","name":"Prefeitos & Gest\u00f5es","url":"https:\/\/prefeitosegestoes.com.br\/portal\/","logo":{"@type":"ImageObject","inLanguage":"pt-BR","@id":"https:\/\/prefeitosegestoes.com.br\/portal\/#\/schema\/logo\/image\/","url":"https:\/\/prefeitosegestoes.com.br\/portal\/wp-content\/uploads\/2024\/10\/lg_trans_prefeitos_2024_preto2.png","contentUrl":"https:\/\/prefeitosegestoes.com.br\/portal\/wp-content\/uploads\/2024\/10\/lg_trans_prefeitos_2024_preto2.png","width":199,"height":122,"caption":"Prefeitos & Gest\u00f5es"},"image":{"@id":"https:\/\/prefeitosegestoes.com.br\/portal\/#\/schema\/logo\/image\/"},"sameAs":["https:\/\/www.facebook.com\/prefeitosonline","https:\/\/x.com\/PrefGestoes"]},{"@type":"Person","@id":"https:\/\/prefeitosegestoes.com.br\/portal\/#\/schema\/person\/d00059f2ec99963e7e1850d448ae94b8","name":"Prefeitos &amp; Gest\u00f5es","image":{"@type":"ImageObject","inLanguage":"pt-BR","@id":"https:\/\/secure.gravatar.com\/avatar\/738fb281e479212ed32c1a21a4307dda9f3af9292edb6918a16c9ce9fff5f48d?s=96&d=mm&r=g","url":"https:\/\/secure.gravatar.com\/avatar\/738fb281e479212ed32c1a21a4307dda9f3af9292edb6918a16c9ce9fff5f48d?s=96&d=mm&r=g","contentUrl":"https:\/\/secure.gravatar.com\/avatar\/738fb281e479212ed32c1a21a4307dda9f3af9292edb6918a16c9ce9fff5f48d?s=96&d=mm&r=g","caption":"Prefeitos &amp; Gest\u00f5es"},"url":"https:\/\/prefeitosegestoes.com.br\/portal\/author\/prefeitosegestoes\/"}]}},"_links":{"self":[{"href":"https:\/\/prefeitosegestoes.com.br\/portal\/wp-json\/wp\/v2\/posts\/3591","targetHints":{"allow":["GET"]}}],"collection":[{"href":"https:\/\/prefeitosegestoes.com.br\/portal\/wp-json\/wp\/v2\/posts"}],"about":[{"href":"https:\/\/prefeitosegestoes.com.br\/portal\/wp-json\/wp\/v2\/types\/post"}],"author":[{"embeddable":true,"href":"https:\/\/prefeitosegestoes.com.br\/portal\/wp-json\/wp\/v2\/users\/2"}],"replies":[{"embeddable":true,"href":"https:\/\/prefeitosegestoes.com.br\/portal\/wp-json\/wp\/v2\/comments?post=3591"}],"version-history":[{"count":1,"href":"https:\/\/prefeitosegestoes.com.br\/portal\/wp-json\/wp\/v2\/posts\/3591\/revisions"}],"predecessor-version":[{"id":3593,"href":"https:\/\/prefeitosegestoes.com.br\/portal\/wp-json\/wp\/v2\/posts\/3591\/revisions\/3593"}],"wp:featuredmedia":[{"embeddable":true,"href":"https:\/\/prefeitosegestoes.com.br\/portal\/wp-json\/wp\/v2\/media\/3592"}],"wp:attachment":[{"href":"https:\/\/prefeitosegestoes.com.br\/portal\/wp-json\/wp\/v2\/media?parent=3591"}],"wp:term":[{"taxonomy":"category","embeddable":true,"href":"https:\/\/prefeitosegestoes.com.br\/portal\/wp-json\/wp\/v2\/categories?post=3591"},{"taxonomy":"post_tag","embeddable":true,"href":"https:\/\/prefeitosegestoes.com.br\/portal\/wp-json\/wp\/v2\/tags?post=3591"}],"curies":[{"name":"wp","href":"https:\/\/api.w.org\/{rel}","templated":true}]}}