{"id":3587,"date":"2025-07-07T14:22:07","date_gmt":"2025-07-07T17:22:07","guid":{"rendered":"https:\/\/prefeitosegestoes.com.br\/portal\/?p=3587"},"modified":"2025-07-07T15:59:45","modified_gmt":"2025-07-07T18:59:45","slug":"ranking-traz-itaquaquecetuba-entre-as-50-cidades-campeas-em-geracao-de-emprego-no-estado-de-sp","status":"publish","type":"post","link":"https:\/\/prefeitosegestoes.com.br\/portal\/ranking-traz-itaquaquecetuba-entre-as-50-cidades-campeas-em-geracao-de-emprego-no-estado-de-sp\/","title":{"rendered":"Ranking traz Itaquaquecetuba entre as 50 cidades campe\u00e3s em gera\u00e7\u00e3o de emprego no estado de SP"},"content":{"rendered":"<h6><em>Imagem cedida pela prefeitura<\/em><\/h6>\n<h2><em>Cidade de meio milh\u00e3o de habitantes teve saldo positivo de 2.387 novas vagas no acumulado dos \u00faltimos 12 meses; levantamento \u00e9 do Sistema Estadual de An\u00e1lise de Dados (Seade) e do Minist\u00e9rio do Trabalho e Emprego<\/em><\/h2>\n<p>Munic\u00edpio de meio milh\u00e3o de habitantes, Itaquaquecetuba est\u00e1 entre os maiores geradores de empregos no estado de S\u00e3o Paulo. Recente levantamento do Sistema Estadual de An\u00e1lise de Dados (Seade) traz Itaqu\u00e1 no 29\u00ba lugar, entre 645 cidades paulistas. Investimentos na infraestrutura local e a pol\u00edtica de atra\u00e7\u00e3o de empresas da gest\u00e3o do prefeito Delegado Eduardo Boigues (PL) s\u00e3o alguns dos respons\u00e1veis pelo bom resultado, incluindo o saldo de 2.387 novas vagas com carteira assinada criadas no acumulado dos \u00faltimos 12 meses.<\/p>\n<p><img fetchpriority=\"high\" decoding=\"async\" class=\"alignnone wp-image-3589\" src=\"https:\/\/prefeitosegestoes.com.br\/portal\/wp-content\/uploads\/2025\/07\/Prefeito-Delegado-Eduardo-Boigues-271x300.jpeg\" alt=\"\" width=\"355\" height=\"393\" srcset=\"https:\/\/prefeitosegestoes.com.br\/portal\/wp-content\/uploads\/2025\/07\/Prefeito-Delegado-Eduardo-Boigues-271x300.jpeg 271w, https:\/\/prefeitosegestoes.com.br\/portal\/wp-content\/uploads\/2025\/07\/Prefeito-Delegado-Eduardo-Boigues-923x1024.jpeg 923w, https:\/\/prefeitosegestoes.com.br\/portal\/wp-content\/uploads\/2025\/07\/Prefeito-Delegado-Eduardo-Boigues-768x852.jpeg 768w, https:\/\/prefeitosegestoes.com.br\/portal\/wp-content\/uploads\/2025\/07\/Prefeito-Delegado-Eduardo-Boigues.jpeg 1284w\" sizes=\"(max-width: 355px) 100vw, 355px\" \/><\/p>\n<p>Prefeito EDUARDO BOIGUES QUEROZ- Imagem cedida pela prefeitura<\/p>\n<p>O estudo divulgado no \u00faltimo dia 30 tem como base dados do Cadastro Geral de Empregados e Desempregados (Caged), vinculado ao Minist\u00e9rio do Trabalho e Emprego. Segundo a Funda\u00e7\u00e3o Seade, entre junho de 2024 e maio de 2025, foram 35.195 admiss\u00f5es contra 32.808 desligamentos em Itaqu\u00e1. Na classifica\u00e7\u00e3o geral, a cidade &#8211; uma das mais populosas da Regi\u00e3o Metropolitana &#8211; est\u00e1 \u00e0 frente de Itapecerica da Serra-SP (30\u00aa) e de Franca-SP (33\u00aa), e de munic\u00edpios fortes no trade tur\u00edstico (um dos que mais emprega no Brasil), como Praia Grande-SP (31\u00aa) e Atibaia-SP (32\u00aa).<\/p>\n<p>No Alto Tiet\u00ea, regi\u00e3o que abarca 12 cidades, Itaqu\u00e1 est\u00e1 em terceiro lugar em gera\u00e7\u00e3o de postos de trabalho com carteira assinada, perdendo proporcionalmente, apenas para cidades mais populosas, como Guarulhos-SP e Mogi das Cruzes-SP.<\/p>\n<p>Reeleito com 92,9% dos votos v\u00e1lidos, em 2024, sendo o prefeito mais bem votado do Brasil entre col\u00e9gios eleitorais de segundo turno, Boigues tem investido pesado na melhoria da infraestrutura de Itaqu\u00e1 &#8211; o que, para o liberal, est\u00e1 condicionado diretamente \u00e0 atra\u00e7\u00e3o de mais neg\u00f3cios para o munic\u00edpio e, consequentemente, \u00e0 cria\u00e7\u00e3o de mais postos de trabalho.<\/p>\n<p>Para se ter uma ideia, no primeiro ano da gest\u00e3o do delegado (2020\/2024), foram aplicados R$ 170 milh\u00f5es num pacote de obras que beneficiou a mobilidade (sinaliza\u00e7\u00e3o, asfaltamento etc), a infraestrutura (ilumina\u00e7\u00e3o, recapeamento etc) e os servi\u00e7os essenciais \u00e0 popula\u00e7\u00e3o (Sa\u00fade, Educa\u00e7\u00e3o e Seguran\u00e7a P\u00fablica). O objetivo foi oferecer mais qualidade de vida aos mun\u00edcipes e tornar Itaqu\u00e1 prop\u00edcia para receber novos neg\u00f3cios.<\/p>\n<p>As a\u00e7\u00f5es desenvolvidas pela gest\u00e3o do prefeito do PL nos \u00faltimos anos n\u00e3o renderam \u00e0 Itaqu\u00e1 apenas a 29\u00aa posi\u00e7\u00e3o entre os 50 munic\u00edpios paulistas que mais geraram emprego, de acordo com a Funda\u00e7\u00e3o Seade. No acumulado dos cinco primeiros meses de 2025, de janeiro a maio, Itaquaquecetuba est\u00e1 na 47\u00aa posi\u00e7\u00e3o entre os 50 maiores geradores de emprego no estado. Ao todo, foram 15.381 contrata\u00e7\u00f5es frente a 14.199 desligamentos \u2014 saldo de 1.182 postos criados.<\/p>\n<p>Para a atra\u00e7\u00e3o de novas empresas e a gera\u00e7\u00e3o de postos de trabalho, Boigues tamb\u00e9m aposta em iniciativas como o Itaqu\u00e1 Mais Emprego, sistema de balc\u00e3o de vagas ofertadas \u00e0 popula\u00e7\u00e3o; e parcerias para cursos de capacita\u00e7\u00e3o, como o Qualifica SP, colocado em pr\u00e1tica pela Prefeitura com apoio do Estado.<\/p>\n<p>Para o prefeito de Itaqu\u00e1, elevar a empregabilidade \u00e9 imprescind\u00edvel dentro do contexto do Desenvolvimento Econ\u00f4mico e Social:<\/p>\n<p>\u201cO emprego traz mais do que a renda para a fam\u00edlia &#8211; oferece dignidade e a seguran\u00e7a do ganha-p\u00e3o dentro de casa. Nosso trabalho consiste em criar oportunidades e condi\u00e7\u00f5es para as empresas se instalarem em Itaquaquecetuba e, ainda, fazer com que as vagas de trabalho sejam preenchidas, preferencialmente, com m\u00e3o-de-obra local, ou seja, nossos mun\u00edcipes\u201d, defende Boigues.<\/p>\n<p><strong>Brasil e S\u00e3o Paulo<\/strong><\/p>\n<p>De acordo com o \u00faltimo levantamento da Funda\u00e7\u00e3o Seade, S\u00e3o Paulo foi o estado l\u00edder em gera\u00e7\u00e3o de postos de trabalho, com 310 mil vagas. O estudo tamb\u00e9m aponta que o Brasil superou a marca de 1 milh\u00e3o de empregos com carteira assinada nos cinco primeiros meses de 2025, com exatas 1.051.244 vagas.<\/p>\n<p><strong>Estudos:<\/strong><\/p>\n<p><u><a href=\"https:\/\/www.agenciasp.sp.gov.br\/veja-as-50-cidades-campeas-de-emprego-em-maio-e-no-ano\/\" data-auth=\"NotApplicable\">https:\/\/www.agenciasp.sp.gov.br\/veja-as-50-cidades-campeas-de-emprego-em-maio-e-no-ano\/<\/a><\/u><\/p>\n<p><u><a href=\"https:\/\/we.tl\/t-49ByVgKfzz\" data-auth=\"NotApplicable\">https:\/\/we.tl\/t-49ByVgKfzz<\/a><\/u><\/p>\n<p><strong>Assessoria de Imprensa<\/strong><\/p>\n<p><em>Fiamini &#8211; Solu\u00e7\u00f5es Integradas em Comunica\u00e7\u00e3o<\/em><\/p>\n<p><strong>Atendimento:<\/strong><\/p>\n<p>Sandra Paulino: (11) 99534-7948<\/p>\n<p>Simone Leone: (11) 99679-0666<\/p>\n<p>Carla Fiamini: (11) 94749-6747<\/p>\n","protected":false},"excerpt":{"rendered":"<p>Imagem cedida pela prefeitura Cidade de meio milh\u00e3o de habitantes teve saldo positivo de 2.387 novas vagas no acumulado dos \u00faltimos 12 meses; levantamento \u00e9 do Sistema Estadual de An\u00e1lise de Dados (Seade) e do Minist\u00e9rio do Trabalho e Emprego Munic\u00edpio de meio milh\u00e3o de habitantes, Itaquaquecetuba est\u00e1 entre os maiores geradores de empregos no [&hellip;]<\/p>\n","protected":false},"author":2,"featured_media":3588,"comment_status":"open","ping_status":"open","sticky":false,"template":"","format":"standard","meta":{"rop_custom_images_group":[],"rop_custom_messages_group":[],"rop_publish_now":"yes","rop_publish_now_accounts":{"facebook_9640130299332890_389432941450925":""},"rop_publish_now_history":[],"rop_publish_now_status":"pending","footnotes":""},"categories":[15],"tags":[673,672,123,614],"class_list":["post-3587","post","type-post","status-publish","format-standard","has-post-thumbnail","hentry","category-destaques","tag-habitantes","tag-itaququecetuba","tag-municipios","tag-prefeitura"],"yoast_head":"<!-- This site is optimized with the Yoast SEO plugin v27.2 - https:\/\/yoast.com\/product\/yoast-seo-wordpress\/ -->\n<title>Ranking traz Itaquaquecetuba entre as 50 cidades campe\u00e3s em gera\u00e7\u00e3o de emprego no estado de SP - Prefeitos &amp; Gest\u00f5es<\/title>\n<meta name=\"description\" content=\"Munic\u00edpio de meio milh\u00e3o de habitantes, Itaquaquecetuba est\u00e1 entre os maiores geradores de empregos no estado de S\u00e3o Paulo. Recente levantamento do Sistema Estadual de An\u00e1lise de Dados (Seade) traz Itaqu\u00e1 no 29\u00ba lugar, entre 645 cidades paulistas. Investimentos na infraestrutura local e a pol\u00edtica de atra\u00e7\u00e3o de empresas da gest\u00e3o do prefeito Delegado Eduardo Boigues (PL) s\u00e3o alguns dos respons\u00e1veis pelo bom resultado, incluindo o saldo de 2.387 novas vagas com carteira assinada criadas no acumulado dos \u00faltimos 12 meses.\" \/>\n<meta name=\"robots\" content=\"index, follow, max-snippet:-1, max-image-preview:large, max-video-preview:-1\" \/>\n<link rel=\"canonical\" href=\"https:\/\/prefeitosegestoes.com.br\/portal\/ranking-traz-itaquaquecetuba-entre-as-50-cidades-campeas-em-geracao-de-emprego-no-estado-de-sp\/\" \/>\n<meta property=\"og:locale\" content=\"pt_BR\" \/>\n<meta property=\"og:type\" content=\"article\" \/>\n<meta property=\"og:title\" content=\"Ranking traz Itaquaquecetuba entre as 50 cidades campe\u00e3s em gera\u00e7\u00e3o de emprego no estado de SP - Prefeitos &amp; Gest\u00f5es\" \/>\n<meta property=\"og:description\" content=\"Munic\u00edpio de meio milh\u00e3o de habitantes, Itaquaquecetuba est\u00e1 entre os maiores geradores de empregos no estado de S\u00e3o Paulo. Recente levantamento do Sistema Estadual de An\u00e1lise de Dados (Seade) traz Itaqu\u00e1 no 29\u00ba lugar, entre 645 cidades paulistas. Investimentos na infraestrutura local e a pol\u00edtica de atra\u00e7\u00e3o de empresas da gest\u00e3o do prefeito Delegado Eduardo Boigues (PL) s\u00e3o alguns dos respons\u00e1veis pelo bom resultado, incluindo o saldo de 2.387 novas vagas com carteira assinada criadas no acumulado dos \u00faltimos 12 meses.\" \/>\n<meta property=\"og:url\" content=\"https:\/\/prefeitosegestoes.com.br\/portal\/ranking-traz-itaquaquecetuba-entre-as-50-cidades-campeas-em-geracao-de-emprego-no-estado-de-sp\/\" \/>\n<meta property=\"og:site_name\" content=\"Prefeitos &amp; Gest\u00f5es\" \/>\n<meta property=\"article:publisher\" content=\"https:\/\/www.facebook.com\/prefeitosonline\" \/>\n<meta property=\"article:published_time\" content=\"2025-07-07T17:22:07+00:00\" \/>\n<meta property=\"article:modified_time\" content=\"2025-07-07T18:59:45+00:00\" \/>\n<meta property=\"og:image\" content=\"https:\/\/prefeitosegestoes.com.br\/portal\/wp-content\/uploads\/2025\/07\/F1-Itaquaquecetuba.jpeg\" \/>\n\t<meta property=\"og:image:width\" content=\"1283\" \/>\n\t<meta property=\"og:image:height\" content=\"696\" \/>\n\t<meta property=\"og:image:type\" content=\"image\/jpeg\" \/>\n<meta name=\"author\" content=\"Prefeitos &amp; Gest\u00f5es\" \/>\n<meta name=\"twitter:card\" content=\"summary_large_image\" \/>\n<meta name=\"twitter:creator\" content=\"@PrefGestoes\" \/>\n<meta name=\"twitter:site\" content=\"@PrefGestoes\" \/>\n<meta name=\"twitter:label1\" content=\"Escrito por\" \/>\n\t<meta name=\"twitter:data1\" content=\"Prefeitos &amp; Gest\u00f5es\" \/>\n\t<meta name=\"twitter:label2\" content=\"Est. tempo de leitura\" \/>\n\t<meta name=\"twitter:data2\" content=\"5 minutos\" \/>\n<script type=\"application\/ld+json\" class=\"yoast-schema-graph\">{\"@context\":\"https:\/\/schema.org\",\"@graph\":[{\"@type\":\"Article\",\"@id\":\"https:\/\/prefeitosegestoes.com.br\/portal\/ranking-traz-itaquaquecetuba-entre-as-50-cidades-campeas-em-geracao-de-emprego-no-estado-de-sp\/#article\",\"isPartOf\":{\"@id\":\"https:\/\/prefeitosegestoes.com.br\/portal\/ranking-traz-itaquaquecetuba-entre-as-50-cidades-campeas-em-geracao-de-emprego-no-estado-de-sp\/\"},\"author\":{\"name\":\"Prefeitos &amp; Gest\u00f5es\",\"@id\":\"https:\/\/prefeitosegestoes.com.br\/portal\/#\/schema\/person\/d00059f2ec99963e7e1850d448ae94b8\"},\"headline\":\"Ranking traz Itaquaquecetuba entre as 50 cidades campe\u00e3s em gera\u00e7\u00e3o de emprego no estado de SP\",\"datePublished\":\"2025-07-07T17:22:07+00:00\",\"dateModified\":\"2025-07-07T18:59:45+00:00\",\"mainEntityOfPage\":{\"@id\":\"https:\/\/prefeitosegestoes.com.br\/portal\/ranking-traz-itaquaquecetuba-entre-as-50-cidades-campeas-em-geracao-de-emprego-no-estado-de-sp\/\"},\"wordCount\":718,\"commentCount\":0,\"publisher\":{\"@id\":\"https:\/\/prefeitosegestoes.com.br\/portal\/#organization\"},\"image\":{\"@id\":\"https:\/\/prefeitosegestoes.com.br\/portal\/ranking-traz-itaquaquecetuba-entre-as-50-cidades-campeas-em-geracao-de-emprego-no-estado-de-sp\/#primaryimage\"},\"thumbnailUrl\":\"https:\/\/prefeitosegestoes.com.br\/portal\/wp-content\/uploads\/2025\/07\/F1-Itaquaquecetuba.jpeg\",\"keywords\":[\"Habitantes\",\"Itaququecetuba\",\"Munic\u00edpios\",\"Prefeitura\"],\"articleSection\":[\"Destaques\"],\"inLanguage\":\"pt-BR\",\"potentialAction\":[{\"@type\":\"CommentAction\",\"name\":\"Comment\",\"target\":[\"https:\/\/prefeitosegestoes.com.br\/portal\/ranking-traz-itaquaquecetuba-entre-as-50-cidades-campeas-em-geracao-de-emprego-no-estado-de-sp\/#respond\"]}]},{\"@type\":\"WebPage\",\"@id\":\"https:\/\/prefeitosegestoes.com.br\/portal\/ranking-traz-itaquaquecetuba-entre-as-50-cidades-campeas-em-geracao-de-emprego-no-estado-de-sp\/\",\"url\":\"https:\/\/prefeitosegestoes.com.br\/portal\/ranking-traz-itaquaquecetuba-entre-as-50-cidades-campeas-em-geracao-de-emprego-no-estado-de-sp\/\",\"name\":\"Ranking traz Itaquaquecetuba entre as 50 cidades campe\u00e3s em gera\u00e7\u00e3o de emprego no estado de SP - Prefeitos &amp; Gest\u00f5es\",\"isPartOf\":{\"@id\":\"https:\/\/prefeitosegestoes.com.br\/portal\/#website\"},\"primaryImageOfPage\":{\"@id\":\"https:\/\/prefeitosegestoes.com.br\/portal\/ranking-traz-itaquaquecetuba-entre-as-50-cidades-campeas-em-geracao-de-emprego-no-estado-de-sp\/#primaryimage\"},\"image\":{\"@id\":\"https:\/\/prefeitosegestoes.com.br\/portal\/ranking-traz-itaquaquecetuba-entre-as-50-cidades-campeas-em-geracao-de-emprego-no-estado-de-sp\/#primaryimage\"},\"thumbnailUrl\":\"https:\/\/prefeitosegestoes.com.br\/portal\/wp-content\/uploads\/2025\/07\/F1-Itaquaquecetuba.jpeg\",\"datePublished\":\"2025-07-07T17:22:07+00:00\",\"dateModified\":\"2025-07-07T18:59:45+00:00\",\"description\":\"Munic\u00edpio de meio milh\u00e3o de habitantes, Itaquaquecetuba est\u00e1 entre os maiores geradores de empregos no estado de S\u00e3o Paulo. Recente levantamento do Sistema Estadual de An\u00e1lise de Dados (Seade) traz Itaqu\u00e1 no 29\u00ba lugar, entre 645 cidades paulistas. Investimentos na infraestrutura local e a pol\u00edtica de atra\u00e7\u00e3o de empresas da gest\u00e3o do prefeito Delegado Eduardo Boigues (PL) s\u00e3o alguns dos respons\u00e1veis pelo bom resultado, incluindo o saldo de 2.387 novas vagas com carteira assinada criadas no acumulado dos \u00faltimos 12 meses.\",\"breadcrumb\":{\"@id\":\"https:\/\/prefeitosegestoes.com.br\/portal\/ranking-traz-itaquaquecetuba-entre-as-50-cidades-campeas-em-geracao-de-emprego-no-estado-de-sp\/#breadcrumb\"},\"inLanguage\":\"pt-BR\",\"potentialAction\":[{\"@type\":\"ReadAction\",\"target\":[\"https:\/\/prefeitosegestoes.com.br\/portal\/ranking-traz-itaquaquecetuba-entre-as-50-cidades-campeas-em-geracao-de-emprego-no-estado-de-sp\/\"]}]},{\"@type\":\"ImageObject\",\"inLanguage\":\"pt-BR\",\"@id\":\"https:\/\/prefeitosegestoes.com.br\/portal\/ranking-traz-itaquaquecetuba-entre-as-50-cidades-campeas-em-geracao-de-emprego-no-estado-de-sp\/#primaryimage\",\"url\":\"https:\/\/prefeitosegestoes.com.br\/portal\/wp-content\/uploads\/2025\/07\/F1-Itaquaquecetuba.jpeg\",\"contentUrl\":\"https:\/\/prefeitosegestoes.com.br\/portal\/wp-content\/uploads\/2025\/07\/F1-Itaquaquecetuba.jpeg\",\"width\":1283,\"height\":696},{\"@type\":\"BreadcrumbList\",\"@id\":\"https:\/\/prefeitosegestoes.com.br\/portal\/ranking-traz-itaquaquecetuba-entre-as-50-cidades-campeas-em-geracao-de-emprego-no-estado-de-sp\/#breadcrumb\",\"itemListElement\":[{\"@type\":\"ListItem\",\"position\":1,\"name\":\"In\u00edcio\",\"item\":\"https:\/\/prefeitosegestoes.com.br\/portal\/\"},{\"@type\":\"ListItem\",\"position\":2,\"name\":\"Ranking traz Itaquaquecetuba entre as 50 cidades campe\u00e3s em gera\u00e7\u00e3o de emprego no estado de SP\"}]},{\"@type\":\"WebSite\",\"@id\":\"https:\/\/prefeitosegestoes.com.br\/portal\/#website\",\"url\":\"https:\/\/prefeitosegestoes.com.br\/portal\/\",\"name\":\"Prefeitos & Gest\u00f5es\",\"description\":\"\",\"publisher\":{\"@id\":\"https:\/\/prefeitosegestoes.com.br\/portal\/#organization\"},\"potentialAction\":[{\"@type\":\"SearchAction\",\"target\":{\"@type\":\"EntryPoint\",\"urlTemplate\":\"https:\/\/prefeitosegestoes.com.br\/portal\/?s={search_term_string}\"},\"query-input\":{\"@type\":\"PropertyValueSpecification\",\"valueRequired\":true,\"valueName\":\"search_term_string\"}}],\"inLanguage\":\"pt-BR\"},{\"@type\":\"Organization\",\"@id\":\"https:\/\/prefeitosegestoes.com.br\/portal\/#organization\",\"name\":\"Prefeitos & Gest\u00f5es\",\"url\":\"https:\/\/prefeitosegestoes.com.br\/portal\/\",\"logo\":{\"@type\":\"ImageObject\",\"inLanguage\":\"pt-BR\",\"@id\":\"https:\/\/prefeitosegestoes.com.br\/portal\/#\/schema\/logo\/image\/\",\"url\":\"https:\/\/prefeitosegestoes.com.br\/portal\/wp-content\/uploads\/2024\/10\/lg_trans_prefeitos_2024_preto2.png\",\"contentUrl\":\"https:\/\/prefeitosegestoes.com.br\/portal\/wp-content\/uploads\/2024\/10\/lg_trans_prefeitos_2024_preto2.png\",\"width\":199,\"height\":122,\"caption\":\"Prefeitos & Gest\u00f5es\"},\"image\":{\"@id\":\"https:\/\/prefeitosegestoes.com.br\/portal\/#\/schema\/logo\/image\/\"},\"sameAs\":[\"https:\/\/www.facebook.com\/prefeitosonline\",\"https:\/\/x.com\/PrefGestoes\"]},{\"@type\":\"Person\",\"@id\":\"https:\/\/prefeitosegestoes.com.br\/portal\/#\/schema\/person\/d00059f2ec99963e7e1850d448ae94b8\",\"name\":\"Prefeitos &amp; Gest\u00f5es\",\"image\":{\"@type\":\"ImageObject\",\"inLanguage\":\"pt-BR\",\"@id\":\"https:\/\/secure.gravatar.com\/avatar\/738fb281e479212ed32c1a21a4307dda9f3af9292edb6918a16c9ce9fff5f48d?s=96&d=mm&r=g\",\"url\":\"https:\/\/secure.gravatar.com\/avatar\/738fb281e479212ed32c1a21a4307dda9f3af9292edb6918a16c9ce9fff5f48d?s=96&d=mm&r=g\",\"contentUrl\":\"https:\/\/secure.gravatar.com\/avatar\/738fb281e479212ed32c1a21a4307dda9f3af9292edb6918a16c9ce9fff5f48d?s=96&d=mm&r=g\",\"caption\":\"Prefeitos &amp; Gest\u00f5es\"},\"url\":\"https:\/\/prefeitosegestoes.com.br\/portal\/author\/prefeitosegestoes\/\"}]}<\/script>\n<!-- \/ Yoast SEO plugin. -->","yoast_head_json":{"title":"Ranking traz Itaquaquecetuba entre as 50 cidades campe\u00e3s em gera\u00e7\u00e3o de emprego no estado de SP - Prefeitos &amp; Gest\u00f5es","description":"Munic\u00edpio de meio milh\u00e3o de habitantes, Itaquaquecetuba est\u00e1 entre os maiores geradores de empregos no estado de S\u00e3o Paulo. Recente levantamento do Sistema Estadual de An\u00e1lise de Dados (Seade) traz Itaqu\u00e1 no 29\u00ba lugar, entre 645 cidades paulistas. Investimentos na infraestrutura local e a pol\u00edtica de atra\u00e7\u00e3o de empresas da gest\u00e3o do prefeito Delegado Eduardo Boigues (PL) s\u00e3o alguns dos respons\u00e1veis pelo bom resultado, incluindo o saldo de 2.387 novas vagas com carteira assinada criadas no acumulado dos \u00faltimos 12 meses.","robots":{"index":"index","follow":"follow","max-snippet":"max-snippet:-1","max-image-preview":"max-image-preview:large","max-video-preview":"max-video-preview:-1"},"canonical":"https:\/\/prefeitosegestoes.com.br\/portal\/ranking-traz-itaquaquecetuba-entre-as-50-cidades-campeas-em-geracao-de-emprego-no-estado-de-sp\/","og_locale":"pt_BR","og_type":"article","og_title":"Ranking traz Itaquaquecetuba entre as 50 cidades campe\u00e3s em gera\u00e7\u00e3o de emprego no estado de SP - Prefeitos &amp; Gest\u00f5es","og_description":"Munic\u00edpio de meio milh\u00e3o de habitantes, Itaquaquecetuba est\u00e1 entre os maiores geradores de empregos no estado de S\u00e3o Paulo. Recente levantamento do Sistema Estadual de An\u00e1lise de Dados (Seade) traz Itaqu\u00e1 no 29\u00ba lugar, entre 645 cidades paulistas. Investimentos na infraestrutura local e a pol\u00edtica de atra\u00e7\u00e3o de empresas da gest\u00e3o do prefeito Delegado Eduardo Boigues (PL) s\u00e3o alguns dos respons\u00e1veis pelo bom resultado, incluindo o saldo de 2.387 novas vagas com carteira assinada criadas no acumulado dos \u00faltimos 12 meses.","og_url":"https:\/\/prefeitosegestoes.com.br\/portal\/ranking-traz-itaquaquecetuba-entre-as-50-cidades-campeas-em-geracao-de-emprego-no-estado-de-sp\/","og_site_name":"Prefeitos &amp; Gest\u00f5es","article_publisher":"https:\/\/www.facebook.com\/prefeitosonline","article_published_time":"2025-07-07T17:22:07+00:00","article_modified_time":"2025-07-07T18:59:45+00:00","og_image":[{"width":1283,"height":696,"url":"https:\/\/prefeitosegestoes.com.br\/portal\/wp-content\/uploads\/2025\/07\/F1-Itaquaquecetuba.jpeg","type":"image\/jpeg"}],"author":"Prefeitos &amp; Gest\u00f5es","twitter_card":"summary_large_image","twitter_creator":"@PrefGestoes","twitter_site":"@PrefGestoes","twitter_misc":{"Escrito por":"Prefeitos &amp; Gest\u00f5es","Est. tempo de leitura":"5 minutos"},"schema":{"@context":"https:\/\/schema.org","@graph":[{"@type":"Article","@id":"https:\/\/prefeitosegestoes.com.br\/portal\/ranking-traz-itaquaquecetuba-entre-as-50-cidades-campeas-em-geracao-de-emprego-no-estado-de-sp\/#article","isPartOf":{"@id":"https:\/\/prefeitosegestoes.com.br\/portal\/ranking-traz-itaquaquecetuba-entre-as-50-cidades-campeas-em-geracao-de-emprego-no-estado-de-sp\/"},"author":{"name":"Prefeitos &amp; Gest\u00f5es","@id":"https:\/\/prefeitosegestoes.com.br\/portal\/#\/schema\/person\/d00059f2ec99963e7e1850d448ae94b8"},"headline":"Ranking traz Itaquaquecetuba entre as 50 cidades campe\u00e3s em gera\u00e7\u00e3o de emprego no estado de SP","datePublished":"2025-07-07T17:22:07+00:00","dateModified":"2025-07-07T18:59:45+00:00","mainEntityOfPage":{"@id":"https:\/\/prefeitosegestoes.com.br\/portal\/ranking-traz-itaquaquecetuba-entre-as-50-cidades-campeas-em-geracao-de-emprego-no-estado-de-sp\/"},"wordCount":718,"commentCount":0,"publisher":{"@id":"https:\/\/prefeitosegestoes.com.br\/portal\/#organization"},"image":{"@id":"https:\/\/prefeitosegestoes.com.br\/portal\/ranking-traz-itaquaquecetuba-entre-as-50-cidades-campeas-em-geracao-de-emprego-no-estado-de-sp\/#primaryimage"},"thumbnailUrl":"https:\/\/prefeitosegestoes.com.br\/portal\/wp-content\/uploads\/2025\/07\/F1-Itaquaquecetuba.jpeg","keywords":["Habitantes","Itaququecetuba","Munic\u00edpios","Prefeitura"],"articleSection":["Destaques"],"inLanguage":"pt-BR","potentialAction":[{"@type":"CommentAction","name":"Comment","target":["https:\/\/prefeitosegestoes.com.br\/portal\/ranking-traz-itaquaquecetuba-entre-as-50-cidades-campeas-em-geracao-de-emprego-no-estado-de-sp\/#respond"]}]},{"@type":"WebPage","@id":"https:\/\/prefeitosegestoes.com.br\/portal\/ranking-traz-itaquaquecetuba-entre-as-50-cidades-campeas-em-geracao-de-emprego-no-estado-de-sp\/","url":"https:\/\/prefeitosegestoes.com.br\/portal\/ranking-traz-itaquaquecetuba-entre-as-50-cidades-campeas-em-geracao-de-emprego-no-estado-de-sp\/","name":"Ranking traz Itaquaquecetuba entre as 50 cidades campe\u00e3s em gera\u00e7\u00e3o de emprego no estado de SP - Prefeitos &amp; Gest\u00f5es","isPartOf":{"@id":"https:\/\/prefeitosegestoes.com.br\/portal\/#website"},"primaryImageOfPage":{"@id":"https:\/\/prefeitosegestoes.com.br\/portal\/ranking-traz-itaquaquecetuba-entre-as-50-cidades-campeas-em-geracao-de-emprego-no-estado-de-sp\/#primaryimage"},"image":{"@id":"https:\/\/prefeitosegestoes.com.br\/portal\/ranking-traz-itaquaquecetuba-entre-as-50-cidades-campeas-em-geracao-de-emprego-no-estado-de-sp\/#primaryimage"},"thumbnailUrl":"https:\/\/prefeitosegestoes.com.br\/portal\/wp-content\/uploads\/2025\/07\/F1-Itaquaquecetuba.jpeg","datePublished":"2025-07-07T17:22:07+00:00","dateModified":"2025-07-07T18:59:45+00:00","description":"Munic\u00edpio de meio milh\u00e3o de habitantes, Itaquaquecetuba est\u00e1 entre os maiores geradores de empregos no estado de S\u00e3o Paulo. Recente levantamento do Sistema Estadual de An\u00e1lise de Dados (Seade) traz Itaqu\u00e1 no 29\u00ba lugar, entre 645 cidades paulistas. Investimentos na infraestrutura local e a pol\u00edtica de atra\u00e7\u00e3o de empresas da gest\u00e3o do prefeito Delegado Eduardo Boigues (PL) s\u00e3o alguns dos respons\u00e1veis pelo bom resultado, incluindo o saldo de 2.387 novas vagas com carteira assinada criadas no acumulado dos \u00faltimos 12 meses.","breadcrumb":{"@id":"https:\/\/prefeitosegestoes.com.br\/portal\/ranking-traz-itaquaquecetuba-entre-as-50-cidades-campeas-em-geracao-de-emprego-no-estado-de-sp\/#breadcrumb"},"inLanguage":"pt-BR","potentialAction":[{"@type":"ReadAction","target":["https:\/\/prefeitosegestoes.com.br\/portal\/ranking-traz-itaquaquecetuba-entre-as-50-cidades-campeas-em-geracao-de-emprego-no-estado-de-sp\/"]}]},{"@type":"ImageObject","inLanguage":"pt-BR","@id":"https:\/\/prefeitosegestoes.com.br\/portal\/ranking-traz-itaquaquecetuba-entre-as-50-cidades-campeas-em-geracao-de-emprego-no-estado-de-sp\/#primaryimage","url":"https:\/\/prefeitosegestoes.com.br\/portal\/wp-content\/uploads\/2025\/07\/F1-Itaquaquecetuba.jpeg","contentUrl":"https:\/\/prefeitosegestoes.com.br\/portal\/wp-content\/uploads\/2025\/07\/F1-Itaquaquecetuba.jpeg","width":1283,"height":696},{"@type":"BreadcrumbList","@id":"https:\/\/prefeitosegestoes.com.br\/portal\/ranking-traz-itaquaquecetuba-entre-as-50-cidades-campeas-em-geracao-de-emprego-no-estado-de-sp\/#breadcrumb","itemListElement":[{"@type":"ListItem","position":1,"name":"In\u00edcio","item":"https:\/\/prefeitosegestoes.com.br\/portal\/"},{"@type":"ListItem","position":2,"name":"Ranking traz Itaquaquecetuba entre as 50 cidades campe\u00e3s em gera\u00e7\u00e3o de emprego no estado de SP"}]},{"@type":"WebSite","@id":"https:\/\/prefeitosegestoes.com.br\/portal\/#website","url":"https:\/\/prefeitosegestoes.com.br\/portal\/","name":"Prefeitos & Gest\u00f5es","description":"","publisher":{"@id":"https:\/\/prefeitosegestoes.com.br\/portal\/#organization"},"potentialAction":[{"@type":"SearchAction","target":{"@type":"EntryPoint","urlTemplate":"https:\/\/prefeitosegestoes.com.br\/portal\/?s={search_term_string}"},"query-input":{"@type":"PropertyValueSpecification","valueRequired":true,"valueName":"search_term_string"}}],"inLanguage":"pt-BR"},{"@type":"Organization","@id":"https:\/\/prefeitosegestoes.com.br\/portal\/#organization","name":"Prefeitos & Gest\u00f5es","url":"https:\/\/prefeitosegestoes.com.br\/portal\/","logo":{"@type":"ImageObject","inLanguage":"pt-BR","@id":"https:\/\/prefeitosegestoes.com.br\/portal\/#\/schema\/logo\/image\/","url":"https:\/\/prefeitosegestoes.com.br\/portal\/wp-content\/uploads\/2024\/10\/lg_trans_prefeitos_2024_preto2.png","contentUrl":"https:\/\/prefeitosegestoes.com.br\/portal\/wp-content\/uploads\/2024\/10\/lg_trans_prefeitos_2024_preto2.png","width":199,"height":122,"caption":"Prefeitos & Gest\u00f5es"},"image":{"@id":"https:\/\/prefeitosegestoes.com.br\/portal\/#\/schema\/logo\/image\/"},"sameAs":["https:\/\/www.facebook.com\/prefeitosonline","https:\/\/x.com\/PrefGestoes"]},{"@type":"Person","@id":"https:\/\/prefeitosegestoes.com.br\/portal\/#\/schema\/person\/d00059f2ec99963e7e1850d448ae94b8","name":"Prefeitos &amp; Gest\u00f5es","image":{"@type":"ImageObject","inLanguage":"pt-BR","@id":"https:\/\/secure.gravatar.com\/avatar\/738fb281e479212ed32c1a21a4307dda9f3af9292edb6918a16c9ce9fff5f48d?s=96&d=mm&r=g","url":"https:\/\/secure.gravatar.com\/avatar\/738fb281e479212ed32c1a21a4307dda9f3af9292edb6918a16c9ce9fff5f48d?s=96&d=mm&r=g","contentUrl":"https:\/\/secure.gravatar.com\/avatar\/738fb281e479212ed32c1a21a4307dda9f3af9292edb6918a16c9ce9fff5f48d?s=96&d=mm&r=g","caption":"Prefeitos &amp; Gest\u00f5es"},"url":"https:\/\/prefeitosegestoes.com.br\/portal\/author\/prefeitosegestoes\/"}]}},"_links":{"self":[{"href":"https:\/\/prefeitosegestoes.com.br\/portal\/wp-json\/wp\/v2\/posts\/3587","targetHints":{"allow":["GET"]}}],"collection":[{"href":"https:\/\/prefeitosegestoes.com.br\/portal\/wp-json\/wp\/v2\/posts"}],"about":[{"href":"https:\/\/prefeitosegestoes.com.br\/portal\/wp-json\/wp\/v2\/types\/post"}],"author":[{"embeddable":true,"href":"https:\/\/prefeitosegestoes.com.br\/portal\/wp-json\/wp\/v2\/users\/2"}],"replies":[{"embeddable":true,"href":"https:\/\/prefeitosegestoes.com.br\/portal\/wp-json\/wp\/v2\/comments?post=3587"}],"version-history":[{"count":1,"href":"https:\/\/prefeitosegestoes.com.br\/portal\/wp-json\/wp\/v2\/posts\/3587\/revisions"}],"predecessor-version":[{"id":3590,"href":"https:\/\/prefeitosegestoes.com.br\/portal\/wp-json\/wp\/v2\/posts\/3587\/revisions\/3590"}],"wp:featuredmedia":[{"embeddable":true,"href":"https:\/\/prefeitosegestoes.com.br\/portal\/wp-json\/wp\/v2\/media\/3588"}],"wp:attachment":[{"href":"https:\/\/prefeitosegestoes.com.br\/portal\/wp-json\/wp\/v2\/media?parent=3587"}],"wp:term":[{"taxonomy":"category","embeddable":true,"href":"https:\/\/prefeitosegestoes.com.br\/portal\/wp-json\/wp\/v2\/categories?post=3587"},{"taxonomy":"post_tag","embeddable":true,"href":"https:\/\/prefeitosegestoes.com.br\/portal\/wp-json\/wp\/v2\/tags?post=3587"}],"curies":[{"name":"wp","href":"https:\/\/api.w.org\/{rel}","templated":true}]}}