{"id":3516,"date":"2025-07-03T18:19:27","date_gmt":"2025-07-03T21:19:27","guid":{"rendered":"https:\/\/prefeitosegestoes.com.br\/portal\/?p=3516"},"modified":"2025-07-03T18:22:18","modified_gmt":"2025-07-03T21:22:18","slug":"ministro-camilo-santana-da-educacao-diz-que-desvincular-piso-da-educacao-e-erro","status":"publish","type":"post","link":"https:\/\/prefeitosegestoes.com.br\/portal\/ministro-camilo-santana-da-educacao-diz-que-desvincular-piso-da-educacao-e-erro\/","title":{"rendered":"Ministro Camilo Santana da Educa\u00e7\u00e3o diz que desvincular piso da educa\u00e7\u00e3o \u00e9 &#8220;erro&#8221;"},"content":{"rendered":"<section class=\"sticky top-[120px] z-20 mb-2 min-h-28 w-full lg:relative lg:top-0\">\n<div id=\"header_ads\" class=\"min-w-full flex items-center justify-center py-2 lg:py-4 bg-repeat lg:min-h-64 min-h-0 bg-white bg-none pb-0 pt-0 transition-all duration-300 md:bg-gray-200 md:bg-[url('\/images\/ad-bg.png')] md:bg-repeat md:py-4\">\n<div id=\"ads-banner-header\">\n<div id=\"top\" data-google-query-id=\"CNXSlZXNoY4DFSFs3QIdr-kmvQ\">\n<h6>Bras\u00edlia (DF), 05\/06\/2025 &#8211; O ministro da Educa\u00e7\u00e3o, Camilo Santana preside a reuni\u00e3o ministerial do BRICS Educa\u00e7\u00e3o. Foto: Jos\u00e9 Cruz\/Ag\u00eancia Brasil<\/h6>\n<\/div>\n<\/div>\n<\/div>\n<\/section>\n<div class=\"mx-auto w-full max-w-[1352px] px-4 mb-8 mt-2 flex flex-col gap-8 lg:mb-20 lg:mt-8 lg:flex-row lg:gap-12\" data-page=\"single_page\" data-post-id=\"13294447\" data-parent-category=\"politica\" data-article-category=\"politica\">\n<article class=\"flex w-full flex-col lg:w-3\/5 lg:grow xl:w-3\/4\">\n<header class=\"group\/header group mx-auto box-border flex w-full max-w-full flex-col gap-4 pb-4 md:border-b md:border-neutral-200 [&amp;_.gallery]:-mx-4 [&amp;_.gallery]:outline [&amp;_.gallery]:outline-2 [&amp;_.gallery]:outline-neutral-950 [&amp;_.gallery]:lg:-mx-0 [&amp;_.gallery]:lg:outline-none\">\n<div class=\"flex w-full flex-col gap-4\">\n<div class=\"border-b pb-4 lg:border-b-0 lg:pb-0\" tabindex=\"1\">\n<div class=\"flex w-full flex-col gap-4\">\n<div tabindex=\"2\">\n<h2 class=\"text-lg font-normal\" data-single-excerpt=\"true\">Segundo Camilo Santana, a mudan\u00e7a permitiria diminuir os investimentos na educa\u00e7\u00e3o<\/h2>\n<\/div>\n<\/div>\n<div class=\"flex w-full flex-col gap-1\" data-single-author=\"true\"><span class=\"text-sm font-normal\"><a class=\"text-sm underline\" href=\"https:\/\/www.cnnbrasil.com.br\/autor\/ester-cauany\/\" target=\"_self\"><span class=\"text-sm font-medium\">Ester Cauany<\/span><\/a>\u00a0e\u00a0<a class=\"text-sm underline\" href=\"https:\/\/www.cnnbrasil.com.br\/blogs\/jussara-soares\" target=\"_self\"><span class=\"text-sm font-medium\">Jussara Soares<\/span><\/a>, da CNN, Bras\u00edlia<\/span><time class=\"text-sm font-normal text-neutral-400\" datetime=\"2025-07-03T15:50:12Z\"><span class=\"timestamp__date\">03\/07\/25 \u00e0s 15:50<\/span><span class=\"timestamp__divisor\">\u00a0|\u00a0<\/span><span class=\"timestamp__modified\">Atualizado\u00a003\/07\/25 \u00e0s 15:52<\/span><\/time><\/div>\n<div data-single-author=\"true\"><\/div>\n<\/div>\n<div data-single-author=\"true\">O ministro da Educa\u00e7\u00e3o, Camilo Santana (PT), afirmou \u00e0\u00a0<strong>CNN<\/strong>\u00a0nesta quinta-feira (3), que os investimentos que o governo fez no setor at\u00e9 o momento s\u00e3o superiores ao piso definido pela constitui\u00e7\u00e3o e que desvincular os repasses do Or\u00e7amento da Uni\u00e3o \u00e9 um \u201cgrande erro para o pa\u00eds\u201d.<\/div>\n<div data-single-author=\"true\">\n<p class=\"my-5 break-words\">Segundo Camilo, a mudan\u00e7a permitiria diminuir os investimentos na educa\u00e7\u00e3o, quando o necess\u00e1rio \u00e9 que aconte\u00e7a o contr\u00e1rio, que o governo possa aumentar os recursos destinados \u00e0 educa\u00e7\u00e3o, principalmente nos n\u00edveis b\u00e1sicos.<\/p>\n<p class=\"my-5 break-words\">\u201cOs investimentos est\u00e3o reduzindo no pa\u00eds t\u00e3o enorme como o Brasil \u00e9. Tamb\u00e9m sou contra qualquer desvincula\u00e7\u00e3o, ali\u00e1s at\u00e9 o contr\u00e1rio, o Brasil deveria estar cumprindo o que \u00e9 lei\u201d, afirmou.<\/p>\n<p class=\"my-5 break-words\">O ministro apontou ainda que o\u00a0<a class=\"text-red-600 underline hover:text-red-500 font-medium break-words\" href=\"https:\/\/www.cnnbrasil.com.br\/educacao\/dia-do-plano-nacional-de-educacao-entenda-mais-sobre-a-data\/\" target=\"_self\" rel=\"\">PNE (Plano Nacional de Educa\u00e7\u00e3o) aprovado em 2014 e com vig\u00eancia at\u00e9 2024<\/a>\u00a0previa um investimento de 10% do PIB (Produto Interno Bruto) brasileiro na educa\u00e7\u00e3o e explicou que apenas 5% do PIB \u00e9 aplicado atualmente, o que foge da meta proposta.<\/p>\n<p class=\"my-5 break-words\">\u201cN\u00f3s precisamos encontrar mecanismos para garantir mais investimentos, mais escolas, mais creches e cumprir as metas do PNE.\u201d<\/p>\n<h2 class=\"text-2xl my-5 font-bold break-words\">PNE no Congresso<\/h2>\n<p class=\"my-5 break-words\">O projeto, que deve definir as\u00a0<a class=\"text-red-600 underline hover:text-red-500 font-medium break-words\" href=\"https:\/\/www.cnnbrasil.com.br\/politica\/pne-saiba-quais-sao-os-18-objetivos-do-novo-plano-de-educacao-veja-lista\/\" target=\"_self\" rel=\"\">metas e prioridades da educa\u00e7\u00e3o<\/a>\u00a0para os pr\u00f3ximos 10 anos, foi enviado \u00e0 C\u00e2mara dos Deputados em 2024, ganhou uma comiss\u00e3o especial em abril deste ano composta por 33 parlamentares para realizar o parecer sobre a proposta.<\/p>\n<p class=\"my-5 break-words\">\u201cEsse pra mim \u00e9 um dos mais importantes mecanismos, foi um dos projetos que tem o maior n\u00famero de emendas do Congresso Nacional\u201d, declarou.<\/p>\n<p class=\"my-5 break-words\">Camilo defendeu que ap\u00f3s a aprova\u00e7\u00e3o do plano, sejam criadas comiss\u00f5es com a participa\u00e7\u00e3o da sociedade civil para fiscalizar a execu\u00e7\u00e3o das metas. \u201cN\u00e3o pode ser s\u00f3 um plano que se aprovado pelo Congresso vira uma lei e pronto, precisa ter um mecanismo que a sociedade possa cobrar e que a gente possa, atrav\u00e9s do MEC e outros comit\u00eas, acompanhar a execu\u00e7\u00e3o.<\/p>\n<div id=\"mid5\" class=\"custom__ad__element flex min-h-64 bg-gray-200 justify-center items-center my-4 py-4 bg-[url('\/images\/ad-bg.png')] bg-repeat\" data-google-query-id=\"CJn80KLNoY4DFTRMuAQdH3M9Pw\">Fonte CNN<\/div>\n<\/div>\n<div tabindex=\"2\"><\/div>\n<\/div>\n<\/header>\n<\/article>\n<\/div>\n","protected":false},"excerpt":{"rendered":"<p>Bras\u00edlia (DF), 05\/06\/2025 &#8211; O ministro da Educa\u00e7\u00e3o, Camilo Santana preside a reuni\u00e3o ministerial do BRICS Educa\u00e7\u00e3o. Foto: Jos\u00e9 Cruz\/Ag\u00eancia Brasil Segundo Camilo Santana, a mudan\u00e7a permitiria diminuir os investimentos na educa\u00e7\u00e3o Ester Cauany\u00a0e\u00a0Jussara Soares, da CNN, Bras\u00edlia03\/07\/25 \u00e0s 15:50\u00a0|\u00a0Atualizado\u00a003\/07\/25 \u00e0s 15:52 O ministro da Educa\u00e7\u00e3o, Camilo Santana (PT), afirmou \u00e0\u00a0CNN\u00a0nesta quinta-feira (3), que os [&hellip;]<\/p>\n","protected":false},"author":2,"featured_media":3520,"comment_status":"open","ping_status":"open","sticky":false,"template":"","format":"standard","meta":{"rop_custom_images_group":[],"rop_custom_messages_group":[],"rop_publish_now":"initial","rop_publish_now_accounts":{"twitter_850042665852968960_850042665852968960":""},"rop_publish_now_history":[],"rop_publish_now_status":"pending","footnotes":""},"categories":[15],"tags":[671,138,107,311],"class_list":["post-3516","post","type-post","status-publish","format-standard","has-post-thumbnail","hentry","category-destaques","tag-camilo-santana","tag-educacao","tag-mec","tag-projeto"],"yoast_head":"<!-- This site is optimized with the Yoast SEO plugin v27.2 - https:\/\/yoast.com\/product\/yoast-seo-wordpress\/ -->\n<title>Ministro Camilo Santana da Educa\u00e7\u00e3o diz que desvincular piso da educa\u00e7\u00e3o \u00e9 &quot;erro&quot; - Prefeitos &amp; Gest\u00f5es<\/title>\n<meta name=\"description\" content=\"O ministro da Educa\u00e7\u00e3o, Camilo Santana (PT), afirmou \u00e0\u00a0CNN\u00a0nesta quinta-feira (3), que os investimentos que o governo fez no setor at\u00e9 o momento s\u00e3o superiores ao piso definido pela constitui\u00e7\u00e3o e que desvincular os repasses do Or\u00e7amento da Uni\u00e3o \u00e9 um \u201cgrande erro para o pa\u00eds\u201d.\" \/>\n<meta name=\"robots\" content=\"index, follow, max-snippet:-1, max-image-preview:large, max-video-preview:-1\" \/>\n<link rel=\"canonical\" href=\"https:\/\/prefeitosegestoes.com.br\/portal\/ministro-camilo-santana-da-educacao-diz-que-desvincular-piso-da-educacao-e-erro\/\" \/>\n<meta property=\"og:locale\" content=\"pt_BR\" \/>\n<meta property=\"og:type\" content=\"article\" \/>\n<meta property=\"og:title\" content=\"Ministro Camilo Santana da Educa\u00e7\u00e3o diz que desvincular piso da educa\u00e7\u00e3o \u00e9 &quot;erro&quot; - Prefeitos &amp; Gest\u00f5es\" \/>\n<meta property=\"og:description\" content=\"O ministro da Educa\u00e7\u00e3o, Camilo Santana (PT), afirmou \u00e0\u00a0CNN\u00a0nesta quinta-feira (3), que os investimentos que o governo fez no setor at\u00e9 o momento s\u00e3o superiores ao piso definido pela constitui\u00e7\u00e3o e que desvincular os repasses do Or\u00e7amento da Uni\u00e3o \u00e9 um \u201cgrande erro para o pa\u00eds\u201d.\" \/>\n<meta property=\"og:url\" content=\"https:\/\/prefeitosegestoes.com.br\/portal\/ministro-camilo-santana-da-educacao-diz-que-desvincular-piso-da-educacao-e-erro\/\" \/>\n<meta property=\"og:site_name\" content=\"Prefeitos &amp; Gest\u00f5es\" \/>\n<meta property=\"article:publisher\" content=\"https:\/\/www.facebook.com\/prefeitosonline\" \/>\n<meta property=\"article:published_time\" content=\"2025-07-03T21:19:27+00:00\" \/>\n<meta property=\"article:modified_time\" content=\"2025-07-03T21:22:18+00:00\" \/>\n<meta property=\"og:image\" content=\"https:\/\/prefeitosegestoes.com.br\/portal\/wp-content\/uploads\/2025\/07\/0d9a2312.webp\" \/>\n\t<meta property=\"og:image:width\" content=\"1024\" \/>\n\t<meta property=\"og:image:height\" content=\"768\" \/>\n\t<meta property=\"og:image:type\" content=\"image\/webp\" \/>\n<meta name=\"author\" content=\"Prefeitos &amp; Gest\u00f5es\" \/>\n<meta name=\"twitter:card\" content=\"summary_large_image\" \/>\n<meta name=\"twitter:creator\" content=\"@PrefGestoes\" \/>\n<meta name=\"twitter:site\" content=\"@PrefGestoes\" \/>\n<meta name=\"twitter:label1\" content=\"Escrito por\" \/>\n\t<meta name=\"twitter:data1\" content=\"Prefeitos &amp; Gest\u00f5es\" \/>\n\t<meta name=\"twitter:label2\" content=\"Est. tempo de leitura\" \/>\n\t<meta name=\"twitter:data2\" content=\"3 minutos\" \/>\n<script type=\"application\/ld+json\" class=\"yoast-schema-graph\">{\"@context\":\"https:\/\/schema.org\",\"@graph\":[{\"@type\":\"Article\",\"@id\":\"https:\/\/prefeitosegestoes.com.br\/portal\/ministro-camilo-santana-da-educacao-diz-que-desvincular-piso-da-educacao-e-erro\/#article\",\"isPartOf\":{\"@id\":\"https:\/\/prefeitosegestoes.com.br\/portal\/ministro-camilo-santana-da-educacao-diz-que-desvincular-piso-da-educacao-e-erro\/\"},\"author\":{\"name\":\"Prefeitos &amp; Gest\u00f5es\",\"@id\":\"https:\/\/prefeitosegestoes.com.br\/portal\/#\/schema\/person\/d00059f2ec99963e7e1850d448ae94b8\"},\"headline\":\"Ministro Camilo Santana da Educa\u00e7\u00e3o diz que desvincular piso da educa\u00e7\u00e3o \u00e9 &#8220;erro&#8221;\",\"datePublished\":\"2025-07-03T21:19:27+00:00\",\"dateModified\":\"2025-07-03T21:22:18+00:00\",\"mainEntityOfPage\":{\"@id\":\"https:\/\/prefeitosegestoes.com.br\/portal\/ministro-camilo-santana-da-educacao-diz-que-desvincular-piso-da-educacao-e-erro\/\"},\"wordCount\":398,\"commentCount\":0,\"publisher\":{\"@id\":\"https:\/\/prefeitosegestoes.com.br\/portal\/#organization\"},\"image\":{\"@id\":\"https:\/\/prefeitosegestoes.com.br\/portal\/ministro-camilo-santana-da-educacao-diz-que-desvincular-piso-da-educacao-e-erro\/#primaryimage\"},\"thumbnailUrl\":\"https:\/\/prefeitosegestoes.com.br\/portal\/wp-content\/uploads\/2025\/07\/0d9a2312.webp\",\"keywords\":[\"Camilo Santana\",\"Educa\u00e7\u00e3o\",\"MEC\",\"Projeto\"],\"articleSection\":[\"Destaques\"],\"inLanguage\":\"pt-BR\",\"potentialAction\":[{\"@type\":\"CommentAction\",\"name\":\"Comment\",\"target\":[\"https:\/\/prefeitosegestoes.com.br\/portal\/ministro-camilo-santana-da-educacao-diz-que-desvincular-piso-da-educacao-e-erro\/#respond\"]}]},{\"@type\":\"WebPage\",\"@id\":\"https:\/\/prefeitosegestoes.com.br\/portal\/ministro-camilo-santana-da-educacao-diz-que-desvincular-piso-da-educacao-e-erro\/\",\"url\":\"https:\/\/prefeitosegestoes.com.br\/portal\/ministro-camilo-santana-da-educacao-diz-que-desvincular-piso-da-educacao-e-erro\/\",\"name\":\"Ministro Camilo Santana da Educa\u00e7\u00e3o diz que desvincular piso da educa\u00e7\u00e3o \u00e9 \\\"erro\\\" - Prefeitos &amp; Gest\u00f5es\",\"isPartOf\":{\"@id\":\"https:\/\/prefeitosegestoes.com.br\/portal\/#website\"},\"primaryImageOfPage\":{\"@id\":\"https:\/\/prefeitosegestoes.com.br\/portal\/ministro-camilo-santana-da-educacao-diz-que-desvincular-piso-da-educacao-e-erro\/#primaryimage\"},\"image\":{\"@id\":\"https:\/\/prefeitosegestoes.com.br\/portal\/ministro-camilo-santana-da-educacao-diz-que-desvincular-piso-da-educacao-e-erro\/#primaryimage\"},\"thumbnailUrl\":\"https:\/\/prefeitosegestoes.com.br\/portal\/wp-content\/uploads\/2025\/07\/0d9a2312.webp\",\"datePublished\":\"2025-07-03T21:19:27+00:00\",\"dateModified\":\"2025-07-03T21:22:18+00:00\",\"description\":\"O ministro da Educa\u00e7\u00e3o, Camilo Santana (PT), afirmou \u00e0\u00a0CNN\u00a0nesta quinta-feira (3), que os investimentos que o governo fez no setor at\u00e9 o momento s\u00e3o superiores ao piso definido pela constitui\u00e7\u00e3o e que desvincular os repasses do Or\u00e7amento da Uni\u00e3o \u00e9 um \u201cgrande erro para o pa\u00eds\u201d.\",\"breadcrumb\":{\"@id\":\"https:\/\/prefeitosegestoes.com.br\/portal\/ministro-camilo-santana-da-educacao-diz-que-desvincular-piso-da-educacao-e-erro\/#breadcrumb\"},\"inLanguage\":\"pt-BR\",\"potentialAction\":[{\"@type\":\"ReadAction\",\"target\":[\"https:\/\/prefeitosegestoes.com.br\/portal\/ministro-camilo-santana-da-educacao-diz-que-desvincular-piso-da-educacao-e-erro\/\"]}]},{\"@type\":\"ImageObject\",\"inLanguage\":\"pt-BR\",\"@id\":\"https:\/\/prefeitosegestoes.com.br\/portal\/ministro-camilo-santana-da-educacao-diz-que-desvincular-piso-da-educacao-e-erro\/#primaryimage\",\"url\":\"https:\/\/prefeitosegestoes.com.br\/portal\/wp-content\/uploads\/2025\/07\/0d9a2312.webp\",\"contentUrl\":\"https:\/\/prefeitosegestoes.com.br\/portal\/wp-content\/uploads\/2025\/07\/0d9a2312.webp\",\"width\":1024,\"height\":768},{\"@type\":\"BreadcrumbList\",\"@id\":\"https:\/\/prefeitosegestoes.com.br\/portal\/ministro-camilo-santana-da-educacao-diz-que-desvincular-piso-da-educacao-e-erro\/#breadcrumb\",\"itemListElement\":[{\"@type\":\"ListItem\",\"position\":1,\"name\":\"In\u00edcio\",\"item\":\"https:\/\/prefeitosegestoes.com.br\/portal\/\"},{\"@type\":\"ListItem\",\"position\":2,\"name\":\"Ministro Camilo Santana da Educa\u00e7\u00e3o diz que desvincular piso da educa\u00e7\u00e3o \u00e9 &#8220;erro&#8221;\"}]},{\"@type\":\"WebSite\",\"@id\":\"https:\/\/prefeitosegestoes.com.br\/portal\/#website\",\"url\":\"https:\/\/prefeitosegestoes.com.br\/portal\/\",\"name\":\"Prefeitos & Gest\u00f5es\",\"description\":\"\",\"publisher\":{\"@id\":\"https:\/\/prefeitosegestoes.com.br\/portal\/#organization\"},\"potentialAction\":[{\"@type\":\"SearchAction\",\"target\":{\"@type\":\"EntryPoint\",\"urlTemplate\":\"https:\/\/prefeitosegestoes.com.br\/portal\/?s={search_term_string}\"},\"query-input\":{\"@type\":\"PropertyValueSpecification\",\"valueRequired\":true,\"valueName\":\"search_term_string\"}}],\"inLanguage\":\"pt-BR\"},{\"@type\":\"Organization\",\"@id\":\"https:\/\/prefeitosegestoes.com.br\/portal\/#organization\",\"name\":\"Prefeitos & Gest\u00f5es\",\"url\":\"https:\/\/prefeitosegestoes.com.br\/portal\/\",\"logo\":{\"@type\":\"ImageObject\",\"inLanguage\":\"pt-BR\",\"@id\":\"https:\/\/prefeitosegestoes.com.br\/portal\/#\/schema\/logo\/image\/\",\"url\":\"https:\/\/prefeitosegestoes.com.br\/portal\/wp-content\/uploads\/2024\/10\/lg_trans_prefeitos_2024_preto2.png\",\"contentUrl\":\"https:\/\/prefeitosegestoes.com.br\/portal\/wp-content\/uploads\/2024\/10\/lg_trans_prefeitos_2024_preto2.png\",\"width\":199,\"height\":122,\"caption\":\"Prefeitos & Gest\u00f5es\"},\"image\":{\"@id\":\"https:\/\/prefeitosegestoes.com.br\/portal\/#\/schema\/logo\/image\/\"},\"sameAs\":[\"https:\/\/www.facebook.com\/prefeitosonline\",\"https:\/\/x.com\/PrefGestoes\"]},{\"@type\":\"Person\",\"@id\":\"https:\/\/prefeitosegestoes.com.br\/portal\/#\/schema\/person\/d00059f2ec99963e7e1850d448ae94b8\",\"name\":\"Prefeitos &amp; Gest\u00f5es\",\"image\":{\"@type\":\"ImageObject\",\"inLanguage\":\"pt-BR\",\"@id\":\"https:\/\/secure.gravatar.com\/avatar\/738fb281e479212ed32c1a21a4307dda9f3af9292edb6918a16c9ce9fff5f48d?s=96&d=mm&r=g\",\"url\":\"https:\/\/secure.gravatar.com\/avatar\/738fb281e479212ed32c1a21a4307dda9f3af9292edb6918a16c9ce9fff5f48d?s=96&d=mm&r=g\",\"contentUrl\":\"https:\/\/secure.gravatar.com\/avatar\/738fb281e479212ed32c1a21a4307dda9f3af9292edb6918a16c9ce9fff5f48d?s=96&d=mm&r=g\",\"caption\":\"Prefeitos &amp; Gest\u00f5es\"},\"url\":\"https:\/\/prefeitosegestoes.com.br\/portal\/author\/prefeitosegestoes\/\"}]}<\/script>\n<!-- \/ Yoast SEO plugin. -->","yoast_head_json":{"title":"Ministro Camilo Santana da Educa\u00e7\u00e3o diz que desvincular piso da educa\u00e7\u00e3o \u00e9 \"erro\" - Prefeitos &amp; Gest\u00f5es","description":"O ministro da Educa\u00e7\u00e3o, Camilo Santana (PT), afirmou \u00e0\u00a0CNN\u00a0nesta quinta-feira (3), que os investimentos que o governo fez no setor at\u00e9 o momento s\u00e3o superiores ao piso definido pela constitui\u00e7\u00e3o e que desvincular os repasses do Or\u00e7amento da Uni\u00e3o \u00e9 um \u201cgrande erro para o pa\u00eds\u201d.","robots":{"index":"index","follow":"follow","max-snippet":"max-snippet:-1","max-image-preview":"max-image-preview:large","max-video-preview":"max-video-preview:-1"},"canonical":"https:\/\/prefeitosegestoes.com.br\/portal\/ministro-camilo-santana-da-educacao-diz-que-desvincular-piso-da-educacao-e-erro\/","og_locale":"pt_BR","og_type":"article","og_title":"Ministro Camilo Santana da Educa\u00e7\u00e3o diz que desvincular piso da educa\u00e7\u00e3o \u00e9 \"erro\" - Prefeitos &amp; Gest\u00f5es","og_description":"O ministro da Educa\u00e7\u00e3o, Camilo Santana (PT), afirmou \u00e0\u00a0CNN\u00a0nesta quinta-feira (3), que os investimentos que o governo fez no setor at\u00e9 o momento s\u00e3o superiores ao piso definido pela constitui\u00e7\u00e3o e que desvincular os repasses do Or\u00e7amento da Uni\u00e3o \u00e9 um \u201cgrande erro para o pa\u00eds\u201d.","og_url":"https:\/\/prefeitosegestoes.com.br\/portal\/ministro-camilo-santana-da-educacao-diz-que-desvincular-piso-da-educacao-e-erro\/","og_site_name":"Prefeitos &amp; Gest\u00f5es","article_publisher":"https:\/\/www.facebook.com\/prefeitosonline","article_published_time":"2025-07-03T21:19:27+00:00","article_modified_time":"2025-07-03T21:22:18+00:00","og_image":[{"width":1024,"height":768,"url":"https:\/\/prefeitosegestoes.com.br\/portal\/wp-content\/uploads\/2025\/07\/0d9a2312.webp","type":"image\/webp"}],"author":"Prefeitos &amp; Gest\u00f5es","twitter_card":"summary_large_image","twitter_creator":"@PrefGestoes","twitter_site":"@PrefGestoes","twitter_misc":{"Escrito por":"Prefeitos &amp; Gest\u00f5es","Est. tempo de leitura":"3 minutos"},"schema":{"@context":"https:\/\/schema.org","@graph":[{"@type":"Article","@id":"https:\/\/prefeitosegestoes.com.br\/portal\/ministro-camilo-santana-da-educacao-diz-que-desvincular-piso-da-educacao-e-erro\/#article","isPartOf":{"@id":"https:\/\/prefeitosegestoes.com.br\/portal\/ministro-camilo-santana-da-educacao-diz-que-desvincular-piso-da-educacao-e-erro\/"},"author":{"name":"Prefeitos &amp; Gest\u00f5es","@id":"https:\/\/prefeitosegestoes.com.br\/portal\/#\/schema\/person\/d00059f2ec99963e7e1850d448ae94b8"},"headline":"Ministro Camilo Santana da Educa\u00e7\u00e3o diz que desvincular piso da educa\u00e7\u00e3o \u00e9 &#8220;erro&#8221;","datePublished":"2025-07-03T21:19:27+00:00","dateModified":"2025-07-03T21:22:18+00:00","mainEntityOfPage":{"@id":"https:\/\/prefeitosegestoes.com.br\/portal\/ministro-camilo-santana-da-educacao-diz-que-desvincular-piso-da-educacao-e-erro\/"},"wordCount":398,"commentCount":0,"publisher":{"@id":"https:\/\/prefeitosegestoes.com.br\/portal\/#organization"},"image":{"@id":"https:\/\/prefeitosegestoes.com.br\/portal\/ministro-camilo-santana-da-educacao-diz-que-desvincular-piso-da-educacao-e-erro\/#primaryimage"},"thumbnailUrl":"https:\/\/prefeitosegestoes.com.br\/portal\/wp-content\/uploads\/2025\/07\/0d9a2312.webp","keywords":["Camilo Santana","Educa\u00e7\u00e3o","MEC","Projeto"],"articleSection":["Destaques"],"inLanguage":"pt-BR","potentialAction":[{"@type":"CommentAction","name":"Comment","target":["https:\/\/prefeitosegestoes.com.br\/portal\/ministro-camilo-santana-da-educacao-diz-que-desvincular-piso-da-educacao-e-erro\/#respond"]}]},{"@type":"WebPage","@id":"https:\/\/prefeitosegestoes.com.br\/portal\/ministro-camilo-santana-da-educacao-diz-que-desvincular-piso-da-educacao-e-erro\/","url":"https:\/\/prefeitosegestoes.com.br\/portal\/ministro-camilo-santana-da-educacao-diz-que-desvincular-piso-da-educacao-e-erro\/","name":"Ministro Camilo Santana da Educa\u00e7\u00e3o diz que desvincular piso da educa\u00e7\u00e3o \u00e9 \"erro\" - Prefeitos &amp; Gest\u00f5es","isPartOf":{"@id":"https:\/\/prefeitosegestoes.com.br\/portal\/#website"},"primaryImageOfPage":{"@id":"https:\/\/prefeitosegestoes.com.br\/portal\/ministro-camilo-santana-da-educacao-diz-que-desvincular-piso-da-educacao-e-erro\/#primaryimage"},"image":{"@id":"https:\/\/prefeitosegestoes.com.br\/portal\/ministro-camilo-santana-da-educacao-diz-que-desvincular-piso-da-educacao-e-erro\/#primaryimage"},"thumbnailUrl":"https:\/\/prefeitosegestoes.com.br\/portal\/wp-content\/uploads\/2025\/07\/0d9a2312.webp","datePublished":"2025-07-03T21:19:27+00:00","dateModified":"2025-07-03T21:22:18+00:00","description":"O ministro da Educa\u00e7\u00e3o, Camilo Santana (PT), afirmou \u00e0\u00a0CNN\u00a0nesta quinta-feira (3), que os investimentos que o governo fez no setor at\u00e9 o momento s\u00e3o superiores ao piso definido pela constitui\u00e7\u00e3o e que desvincular os repasses do Or\u00e7amento da Uni\u00e3o \u00e9 um \u201cgrande erro para o pa\u00eds\u201d.","breadcrumb":{"@id":"https:\/\/prefeitosegestoes.com.br\/portal\/ministro-camilo-santana-da-educacao-diz-que-desvincular-piso-da-educacao-e-erro\/#breadcrumb"},"inLanguage":"pt-BR","potentialAction":[{"@type":"ReadAction","target":["https:\/\/prefeitosegestoes.com.br\/portal\/ministro-camilo-santana-da-educacao-diz-que-desvincular-piso-da-educacao-e-erro\/"]}]},{"@type":"ImageObject","inLanguage":"pt-BR","@id":"https:\/\/prefeitosegestoes.com.br\/portal\/ministro-camilo-santana-da-educacao-diz-que-desvincular-piso-da-educacao-e-erro\/#primaryimage","url":"https:\/\/prefeitosegestoes.com.br\/portal\/wp-content\/uploads\/2025\/07\/0d9a2312.webp","contentUrl":"https:\/\/prefeitosegestoes.com.br\/portal\/wp-content\/uploads\/2025\/07\/0d9a2312.webp","width":1024,"height":768},{"@type":"BreadcrumbList","@id":"https:\/\/prefeitosegestoes.com.br\/portal\/ministro-camilo-santana-da-educacao-diz-que-desvincular-piso-da-educacao-e-erro\/#breadcrumb","itemListElement":[{"@type":"ListItem","position":1,"name":"In\u00edcio","item":"https:\/\/prefeitosegestoes.com.br\/portal\/"},{"@type":"ListItem","position":2,"name":"Ministro Camilo Santana da Educa\u00e7\u00e3o diz que desvincular piso da educa\u00e7\u00e3o \u00e9 &#8220;erro&#8221;"}]},{"@type":"WebSite","@id":"https:\/\/prefeitosegestoes.com.br\/portal\/#website","url":"https:\/\/prefeitosegestoes.com.br\/portal\/","name":"Prefeitos & Gest\u00f5es","description":"","publisher":{"@id":"https:\/\/prefeitosegestoes.com.br\/portal\/#organization"},"potentialAction":[{"@type":"SearchAction","target":{"@type":"EntryPoint","urlTemplate":"https:\/\/prefeitosegestoes.com.br\/portal\/?s={search_term_string}"},"query-input":{"@type":"PropertyValueSpecification","valueRequired":true,"valueName":"search_term_string"}}],"inLanguage":"pt-BR"},{"@type":"Organization","@id":"https:\/\/prefeitosegestoes.com.br\/portal\/#organization","name":"Prefeitos & Gest\u00f5es","url":"https:\/\/prefeitosegestoes.com.br\/portal\/","logo":{"@type":"ImageObject","inLanguage":"pt-BR","@id":"https:\/\/prefeitosegestoes.com.br\/portal\/#\/schema\/logo\/image\/","url":"https:\/\/prefeitosegestoes.com.br\/portal\/wp-content\/uploads\/2024\/10\/lg_trans_prefeitos_2024_preto2.png","contentUrl":"https:\/\/prefeitosegestoes.com.br\/portal\/wp-content\/uploads\/2024\/10\/lg_trans_prefeitos_2024_preto2.png","width":199,"height":122,"caption":"Prefeitos & Gest\u00f5es"},"image":{"@id":"https:\/\/prefeitosegestoes.com.br\/portal\/#\/schema\/logo\/image\/"},"sameAs":["https:\/\/www.facebook.com\/prefeitosonline","https:\/\/x.com\/PrefGestoes"]},{"@type":"Person","@id":"https:\/\/prefeitosegestoes.com.br\/portal\/#\/schema\/person\/d00059f2ec99963e7e1850d448ae94b8","name":"Prefeitos &amp; Gest\u00f5es","image":{"@type":"ImageObject","inLanguage":"pt-BR","@id":"https:\/\/secure.gravatar.com\/avatar\/738fb281e479212ed32c1a21a4307dda9f3af9292edb6918a16c9ce9fff5f48d?s=96&d=mm&r=g","url":"https:\/\/secure.gravatar.com\/avatar\/738fb281e479212ed32c1a21a4307dda9f3af9292edb6918a16c9ce9fff5f48d?s=96&d=mm&r=g","contentUrl":"https:\/\/secure.gravatar.com\/avatar\/738fb281e479212ed32c1a21a4307dda9f3af9292edb6918a16c9ce9fff5f48d?s=96&d=mm&r=g","caption":"Prefeitos &amp; Gest\u00f5es"},"url":"https:\/\/prefeitosegestoes.com.br\/portal\/author\/prefeitosegestoes\/"}]}},"_links":{"self":[{"href":"https:\/\/prefeitosegestoes.com.br\/portal\/wp-json\/wp\/v2\/posts\/3516","targetHints":{"allow":["GET"]}}],"collection":[{"href":"https:\/\/prefeitosegestoes.com.br\/portal\/wp-json\/wp\/v2\/posts"}],"about":[{"href":"https:\/\/prefeitosegestoes.com.br\/portal\/wp-json\/wp\/v2\/types\/post"}],"author":[{"embeddable":true,"href":"https:\/\/prefeitosegestoes.com.br\/portal\/wp-json\/wp\/v2\/users\/2"}],"replies":[{"embeddable":true,"href":"https:\/\/prefeitosegestoes.com.br\/portal\/wp-json\/wp\/v2\/comments?post=3516"}],"version-history":[{"count":3,"href":"https:\/\/prefeitosegestoes.com.br\/portal\/wp-json\/wp\/v2\/posts\/3516\/revisions"}],"predecessor-version":[{"id":3521,"href":"https:\/\/prefeitosegestoes.com.br\/portal\/wp-json\/wp\/v2\/posts\/3516\/revisions\/3521"}],"wp:featuredmedia":[{"embeddable":true,"href":"https:\/\/prefeitosegestoes.com.br\/portal\/wp-json\/wp\/v2\/media\/3520"}],"wp:attachment":[{"href":"https:\/\/prefeitosegestoes.com.br\/portal\/wp-json\/wp\/v2\/media?parent=3516"}],"wp:term":[{"taxonomy":"category","embeddable":true,"href":"https:\/\/prefeitosegestoes.com.br\/portal\/wp-json\/wp\/v2\/categories?post=3516"},{"taxonomy":"post_tag","embeddable":true,"href":"https:\/\/prefeitosegestoes.com.br\/portal\/wp-json\/wp\/v2\/tags?post=3516"}],"curies":[{"name":"wp","href":"https:\/\/api.w.org\/{rel}","templated":true}]}}