{"id":3497,"date":"2025-06-25T13:43:59","date_gmt":"2025-06-25T16:43:59","guid":{"rendered":"https:\/\/prefeitosegestoes.com.br\/portal\/?p=3497"},"modified":"2025-06-25T13:45:18","modified_gmt":"2025-06-25T16:45:18","slug":"evento-beneficente-reune-danca-musica-e-solidariedade-em-prol-dos-animais-em-osasco","status":"publish","type":"post","link":"https:\/\/prefeitosegestoes.com.br\/portal\/evento-beneficente-reune-danca-musica-e-solidariedade-em-prol-dos-animais-em-osasco\/","title":{"rendered":"Evento beneficente re\u00fane dan\u00e7a, m\u00fasica e solidariedade em prol dos animais em Osasco-SP"},"content":{"rendered":"<h6>Foto Divulga\u00e7\u00e3o da Escola de Dan\u00e7a Eleve Foto Divulga\u00e7\u00e3o<\/h6>\n<p><em>Com os ingressos j\u00e1 esgotados, toda a renda ser\u00e1 revertida para ONGs de prote\u00e7\u00e3o animal, a programa\u00e7\u00e3o inclui feira de ado\u00e7\u00e3o, show musical e espet\u00e1culos de dan\u00e7a com tem\u00e1tica sobre ado\u00e7\u00e3o respons\u00e1vel. Levem 2 kg de alimentos, que tamb\u00e9m ser\u00e3o destinados a a\u00e7\u00f5es sociais.<\/em><\/p>\n<p>Nos dias 28 e 29 de junho, o Teatro Gl\u00f3ria Giglio, em Osasco, ser\u00e1 palco de um evento especial que une arte, a\u00e7\u00e3o social, solidariedade e amor pelos animais. Sob a lideran\u00e7a da professora e ativista Adriana Bacalhau, o projeto apresenta duas noites de cultura e conscientiza\u00e7\u00e3o, com toda a renda revertida para ONGs de prote\u00e7\u00e3o animal. Al\u00e9m das apresenta\u00e7\u00f5es, o p\u00fablico poder\u00e1 participar da Feira de Ado\u00e7\u00e3o da AVAMA, que acontece nos dois dias do evento. Na ocasi\u00e3o, a organiza\u00e7\u00e3o tamb\u00e9m pede para os convidados levarem 2 kg de alimentos, que tamb\u00e9m ser\u00e3o destinados a a\u00e7\u00f5es sociais.<\/p>\n<p>No s\u00e1bado (28), \u00e0s 19h, o p\u00fablico poder\u00e1 curtir um show da banda O Barba, enquanto no domingo (29), \u00e0s 16h, a companhia Elev\u00e9 Dan\u00e7a e Arte encantar\u00e1 com a reapresenta\u00e7\u00e3o dos espet\u00e1culos \u201cA Loja Encantada\u201d e \u201cN\u00e3o Compre, Adote\u201d \u2014 ambos com forte mensagem sobre a ado\u00e7\u00e3o respons\u00e1vel e o respeito aos animais.<\/p>\n<p><strong>Feira de Ado\u00e7\u00e3o da AVAMA:<\/strong> durante os dois dias, das 13h \u00e0s 19h, ao lado da bilheteria do Teatro Gl\u00f3ria Giglio, a AVAMA (Associa\u00e7\u00e3o Vida Animal Melhor Amigo) realiza uma feira de ado\u00e7\u00e3o com c\u00e3es e gatos resgatados \u00e0 espera de um novo lar. A a\u00e7\u00e3o \u00e9 parte fundamental do evento e refor\u00e7a a proposta de estimular a ado\u00e7\u00e3o consciente e combater o abandono. Todo o valor arrecadado durante o evento ser\u00e1 revertido para ONGs que atuam na prote\u00e7\u00e3o animal.<\/p>\n<p><strong>Arte que transforma vidas: a hist\u00f3ria de Adriana Bacalhau<\/strong><\/p>\n<p>Filha de portugueses e apaixonada pelos animais desde a inf\u00e2ncia, Adriana Bacalhau \u00e9 uma refer\u00eancia na causa animal na regi\u00e3o de Osasco. A conex\u00e3o com a prote\u00e7\u00e3o animal come\u00e7ou de maneira espont\u00e2nea, quando uma aluna de sua escola de dan\u00e7a apresentou o projeto \u201cSorriso Vira-latas\u201d, voltado ao resgate de c\u00e3es de rua. Desde ent\u00e3o, Adriana passou a organizar eventos pequenos para arrecadar fundos e ajudar animais abandonados. \u201cSou impulsiva. Quando vejo um pedido de ajuda, sigo meu cora\u00e7\u00e3o, resgato, levo ao veterin\u00e1rio\u2026 sempre confiei que Deus iria ajudar, e sempre deu certo\u201d, conta Adriana, emocionada.<\/p>\n<p>Seu envolvimento ganhou for\u00e7a ao longo dos anos, culminando na cria\u00e7\u00e3o do evento \u201cSolidariedance de Osasco\u201d, que h\u00e1 mais de 15 anos mobiliza centenas de pessoas em prol dos animais. Al\u00e9m disso, a escola Elev\u00e9 Dan\u00e7a e Arte, da qual \u00e9 diretora, destina parte da taxa de matr\u00edcula a duas importantes ONGs: @eusouproanimal e @maternitecats.<\/p>\n<p>Atuando de forma independente, Adriana j\u00e1 auxiliou incont\u00e1veis animais, principalmente aqueles em situa\u00e7\u00e3o de vulnerabilidade, com defici\u00eancia ou doen\u00e7as graves. Mant\u00e9m dois c\u00e3es resgatados sob seus cuidados e ainda contribui com doa\u00e7\u00f5es de ra\u00e7\u00e3o a fam\u00edlias em situa\u00e7\u00e3o de necessidade.<\/p>\n<p>Para Adriana, o maior desafio \u00e9 lidar com o n\u00famero crescente de pedidos de ajuda: \u201cTenho dificuldade de dizer n\u00e3o. Eles n\u00e3o merecem sofrer, s\u00e3o anjos que s\u00f3 nos d\u00e3o amor\u201d, afirma.<\/p>\n<p>Ela tamb\u00e9m destaca a necessidade urgente de pol\u00edticas p\u00fablicas mais eficazes: mais hospitais veterin\u00e1rios p\u00fablicos, campanhas de castra\u00e7\u00e3o e penas mais severas para casos de maus-tratos. \u201cA venda de animais deveria ser proibida. Isso alimenta a ind\u00fastria clandestina e desestimula a ado\u00e7\u00e3o de animais que j\u00e1 est\u00e3o sofrendo.\u201d<\/p>\n<p>Entre as hist\u00f3rias marcantes de sua trajet\u00f3ria, Adriana cita o resgate de Caramelo, um c\u00e3o encontrado im\u00f3vel numa rua de Carapicu\u00edba ap\u00f3s complica\u00e7\u00f5es da cinomose. Com muita dedica\u00e7\u00e3o, fisioterapia e amor, Caramelo hoje corre feliz. \u201cEle me ensinou a nunca desistir.\u201d<\/p>\n<p><img fetchpriority=\"high\" decoding=\"async\" class=\"alignnone wp-image-3499\" src=\"https:\/\/prefeitosegestoes.com.br\/portal\/wp-content\/uploads\/2025\/06\/Adriana-Bacalhar-dedicacao-total-as-acoes-em-prol-dos-animais-Foto-Divulgacao-300x300.jpg\" alt=\"\" width=\"228\" height=\"228\" srcset=\"https:\/\/prefeitosegestoes.com.br\/portal\/wp-content\/uploads\/2025\/06\/Adriana-Bacalhar-dedicacao-total-as-acoes-em-prol-dos-animais-Foto-Divulgacao-300x300.jpg 300w, https:\/\/prefeitosegestoes.com.br\/portal\/wp-content\/uploads\/2025\/06\/Adriana-Bacalhar-dedicacao-total-as-acoes-em-prol-dos-animais-Foto-Divulgacao-1024x1024.jpg 1024w, https:\/\/prefeitosegestoes.com.br\/portal\/wp-content\/uploads\/2025\/06\/Adriana-Bacalhar-dedicacao-total-as-acoes-em-prol-dos-animais-Foto-Divulgacao-150x150.jpg 150w, https:\/\/prefeitosegestoes.com.br\/portal\/wp-content\/uploads\/2025\/06\/Adriana-Bacalhar-dedicacao-total-as-acoes-em-prol-dos-animais-Foto-Divulgacao-768x768.jpg 768w, https:\/\/prefeitosegestoes.com.br\/portal\/wp-content\/uploads\/2025\/06\/Adriana-Bacalhar-dedicacao-total-as-acoes-em-prol-dos-animais-Foto-Divulgacao-100x100.jpg 100w, https:\/\/prefeitosegestoes.com.br\/portal\/wp-content\/uploads\/2025\/06\/Adriana-Bacalhar-dedicacao-total-as-acoes-em-prol-dos-animais-Foto-Divulgacao.jpg 1080w\" sizes=\"(max-width: 228px) 100vw, 228px\" \/> <img decoding=\"async\" class=\"alignnone wp-image-3500\" src=\"https:\/\/prefeitosegestoes.com.br\/portal\/wp-content\/uploads\/2025\/06\/Alunos-do-ensaio-para-o-grande-evento-de-junho-de-2025-Foto-Mauro-Carvalho-Maka-300x225.jpg\" alt=\"\" width=\"303\" height=\"227\" srcset=\"https:\/\/prefeitosegestoes.com.br\/portal\/wp-content\/uploads\/2025\/06\/Alunos-do-ensaio-para-o-grande-evento-de-junho-de-2025-Foto-Mauro-Carvalho-Maka-300x225.jpg 300w, https:\/\/prefeitosegestoes.com.br\/portal\/wp-content\/uploads\/2025\/06\/Alunos-do-ensaio-para-o-grande-evento-de-junho-de-2025-Foto-Mauro-Carvalho-Maka-1024x768.jpg 1024w, https:\/\/prefeitosegestoes.com.br\/portal\/wp-content\/uploads\/2025\/06\/Alunos-do-ensaio-para-o-grande-evento-de-junho-de-2025-Foto-Mauro-Carvalho-Maka-768x576.jpg 768w, https:\/\/prefeitosegestoes.com.br\/portal\/wp-content\/uploads\/2025\/06\/Alunos-do-ensaio-para-o-grande-evento-de-junho-de-2025-Foto-Mauro-Carvalho-Maka.jpg 1280w\" sizes=\"(max-width: 303px) 100vw, 303px\" \/> \u00a0<img decoding=\"async\" class=\"alignnone wp-image-3502\" src=\"https:\/\/prefeitosegestoes.com.br\/portal\/wp-content\/uploads\/2025\/06\/Espetacio-de-2025-Foto-Mauro-Carvalho-Maka-300x179.jpg\" alt=\"\" width=\"380\" height=\"227\" srcset=\"https:\/\/prefeitosegestoes.com.br\/portal\/wp-content\/uploads\/2025\/06\/Espetacio-de-2025-Foto-Mauro-Carvalho-Maka-300x179.jpg 300w, https:\/\/prefeitosegestoes.com.br\/portal\/wp-content\/uploads\/2025\/06\/Espetacio-de-2025-Foto-Mauro-Carvalho-Maka-1024x612.jpg 1024w, https:\/\/prefeitosegestoes.com.br\/portal\/wp-content\/uploads\/2025\/06\/Espetacio-de-2025-Foto-Mauro-Carvalho-Maka-768x459.jpg 768w, https:\/\/prefeitosegestoes.com.br\/portal\/wp-content\/uploads\/2025\/06\/Espetacio-de-2025-Foto-Mauro-Carvalho-Maka-1536x918.jpg 1536w, https:\/\/prefeitosegestoes.com.br\/portal\/wp-content\/uploads\/2025\/06\/Espetacio-de-2025-Foto-Mauro-Carvalho-Maka.jpg 1600w\" sizes=\"(max-width: 380px) 100vw, 380px\" \/> <img loading=\"lazy\" decoding=\"async\" class=\"alignnone size-medium wp-image-3503\" src=\"https:\/\/prefeitosegestoes.com.br\/portal\/wp-content\/uploads\/2025\/06\/Evento-de-2025-Foto-Mauro-Carvalho-Maka-300x207.jpg\" alt=\"\" width=\"300\" height=\"207\" srcset=\"https:\/\/prefeitosegestoes.com.br\/portal\/wp-content\/uploads\/2025\/06\/Evento-de-2025-Foto-Mauro-Carvalho-Maka-300x207.jpg 300w, https:\/\/prefeitosegestoes.com.br\/portal\/wp-content\/uploads\/2025\/06\/Evento-de-2025-Foto-Mauro-Carvalho-Maka-1024x706.jpg 1024w, https:\/\/prefeitosegestoes.com.br\/portal\/wp-content\/uploads\/2025\/06\/Evento-de-2025-Foto-Mauro-Carvalho-Maka-768x529.jpg 768w, https:\/\/prefeitosegestoes.com.br\/portal\/wp-content\/uploads\/2025\/06\/Evento-de-2025-Foto-Mauro-Carvalho-Maka-1536x1058.jpg 1536w, https:\/\/prefeitosegestoes.com.br\/portal\/wp-content\/uploads\/2025\/06\/Evento-de-2025-Foto-Mauro-Carvalho-Maka.jpg 1598w\" sizes=\"(max-width: 300px) 100vw, 300px\" \/> <img loading=\"lazy\" decoding=\"async\" class=\"alignnone size-medium wp-image-3504\" src=\"https:\/\/prefeitosegestoes.com.br\/portal\/wp-content\/uploads\/2025\/06\/Foto-Mauro-Carvalho-Maka-242x300.jpg\" alt=\"\" width=\"242\" height=\"300\" srcset=\"https:\/\/prefeitosegestoes.com.br\/portal\/wp-content\/uploads\/2025\/06\/Foto-Mauro-Carvalho-Maka-242x300.jpg 242w, https:\/\/prefeitosegestoes.com.br\/portal\/wp-content\/uploads\/2025\/06\/Foto-Mauro-Carvalho-Maka-827x1024.jpg 827w, https:\/\/prefeitosegestoes.com.br\/portal\/wp-content\/uploads\/2025\/06\/Foto-Mauro-Carvalho-Maka-768x951.jpg 768w, https:\/\/prefeitosegestoes.com.br\/portal\/wp-content\/uploads\/2025\/06\/Foto-Mauro-Carvalho-Maka.jpg 1080w\" sizes=\"(max-width: 242px) 100vw, 242px\" \/> <img loading=\"lazy\" decoding=\"async\" class=\"alignnone size-medium wp-image-3505\" src=\"https:\/\/prefeitosegestoes.com.br\/portal\/wp-content\/uploads\/2025\/06\/Galera-do-ensaio-para-o-grande-evento-junto-com-os-integrantes-da-banda-O-Barba-Foto-Divulgacao-300x225.jpg\" alt=\"\" width=\"300\" height=\"225\" srcset=\"https:\/\/prefeitosegestoes.com.br\/portal\/wp-content\/uploads\/2025\/06\/Galera-do-ensaio-para-o-grande-evento-junto-com-os-integrantes-da-banda-O-Barba-Foto-Divulgacao-300x225.jpg 300w, https:\/\/prefeitosegestoes.com.br\/portal\/wp-content\/uploads\/2025\/06\/Galera-do-ensaio-para-o-grande-evento-junto-com-os-integrantes-da-banda-O-Barba-Foto-Divulgacao-1024x768.jpg 1024w, https:\/\/prefeitosegestoes.com.br\/portal\/wp-content\/uploads\/2025\/06\/Galera-do-ensaio-para-o-grande-evento-junto-com-os-integrantes-da-banda-O-Barba-Foto-Divulgacao-768x576.jpg 768w, https:\/\/prefeitosegestoes.com.br\/portal\/wp-content\/uploads\/2025\/06\/Galera-do-ensaio-para-o-grande-evento-junto-com-os-integrantes-da-banda-O-Barba-Foto-Divulgacao.jpg 1280w\" sizes=\"(max-width: 300px) 100vw, 300px\" \/><\/p>\n<div style=\"width: 640px;\" class=\"wp-video\"><video class=\"wp-video-shortcode\" id=\"video-3497-1\" width=\"640\" height=\"361\" preload=\"metadata\" controls=\"controls\"><source type=\"video\/mp4\" src=\"https:\/\/prefeitosegestoes.com.br\/portal\/wp-content\/uploads\/2025\/06\/Galera-do-evento-com-integrantes-da-Banda-O-Barba.mp4?_=1\" \/><a href=\"https:\/\/prefeitosegestoes.com.br\/portal\/wp-content\/uploads\/2025\/06\/Galera-do-evento-com-integrantes-da-Banda-O-Barba.mp4\">https:\/\/prefeitosegestoes.com.br\/portal\/wp-content\/uploads\/2025\/06\/Galera-do-evento-com-integrantes-da-Banda-O-Barba.mp4<\/a><\/video><\/div>\n<p>Fotos Mauro Carvalho Maka<\/p>\n<p><strong>Servi\u00e7o:<\/strong><\/p>\n<p><strong>Local:<\/strong> Teatro Gl\u00f3ria Giglio \u2014 Osasco<\/p>\n<p><strong>Feira de Ado\u00e7\u00e3o da AVAMA<\/strong>: 28 e 29\/06, das 13h \u00e0s 19h, ao lado da bilheteria<\/p>\n<p>28\/06, \u00e0s 19h \u2014 Show com a banda O Barba<\/p>\n<p>29\/06, \u00e0s 16h \u2014 Espet\u00e1culos de dan\u00e7a: \u201cA Loja Encantada\u201d e \u201cN\u00e3o Compre, Adote\u201d<\/p>\n<p>2 kg de alimentos, que tamb\u00e9m ser\u00e3o destinados a a\u00e7\u00f5es sociais.<\/p>\n","protected":false},"excerpt":{"rendered":"<p>Foto Divulga\u00e7\u00e3o da Escola de Dan\u00e7a Eleve Foto Divulga\u00e7\u00e3o Com os ingressos j\u00e1 esgotados, toda a renda ser\u00e1 revertida para ONGs de prote\u00e7\u00e3o animal, a programa\u00e7\u00e3o inclui feira de ado\u00e7\u00e3o, show musical e espet\u00e1culos de dan\u00e7a com tem\u00e1tica sobre ado\u00e7\u00e3o respons\u00e1vel. Levem 2 kg de alimentos, que tamb\u00e9m ser\u00e3o destinados a a\u00e7\u00f5es sociais. Nos dias [&hellip;]<\/p>\n","protected":false},"author":2,"featured_media":3498,"comment_status":"open","ping_status":"open","sticky":false,"template":"","format":"standard","meta":{"rop_custom_images_group":[],"rop_custom_messages_group":[],"rop_publish_now":"initial","rop_publish_now_accounts":{"twitter_850042665852968960_850042665852968960":""},"rop_publish_now_history":[],"rop_publish_now_status":"pending","footnotes":""},"categories":[15],"tags":[666,665,667,664],"class_list":["post-3497","post","type-post","status-publish","format-standard","has-post-thumbnail","hentry","category-destaques","tag-animal","tag-danca","tag-evento-beneficente","tag-osasco"],"yoast_head":"<!-- This site is optimized with the Yoast SEO plugin v27.2 - https:\/\/yoast.com\/product\/yoast-seo-wordpress\/ -->\n<title>Evento beneficente re\u00fane dan\u00e7a, m\u00fasica e solidariedade em prol dos animais em Osasco-SP - Prefeitos &amp; Gest\u00f5es<\/title>\n<meta name=\"description\" content=\"Nos dias 28 e 29 de junho, o Teatro Gl\u00f3ria Giglio, em Osasco, ser\u00e1 palco de um evento especial que une arte, a\u00e7\u00e3o social, solidariedade e amor pelos animais. Sob a lideran\u00e7a da professora e ativista Adriana Bacalhau, o projeto apresenta duas noites de cultura e conscientiza\u00e7\u00e3o, com toda a renda revertida para ONGs de prote\u00e7\u00e3o animal. Al\u00e9m das apresenta\u00e7\u00f5es, o p\u00fablico poder\u00e1 participar da Feira de Ado\u00e7\u00e3o da AVAMA, que acontece nos dois dias do evento. Na ocasi\u00e3o, a organiza\u00e7\u00e3o tamb\u00e9m pede para os convidados levarem 2 kg de alimentos, que tamb\u00e9m ser\u00e3o destinados a a\u00e7\u00f5es sociais.\" \/>\n<meta name=\"robots\" content=\"index, follow, max-snippet:-1, max-image-preview:large, max-video-preview:-1\" \/>\n<link rel=\"canonical\" href=\"https:\/\/prefeitosegestoes.com.br\/portal\/evento-beneficente-reune-danca-musica-e-solidariedade-em-prol-dos-animais-em-osasco\/\" \/>\n<meta property=\"og:locale\" content=\"pt_BR\" \/>\n<meta property=\"og:type\" content=\"article\" \/>\n<meta property=\"og:title\" content=\"Evento beneficente re\u00fane dan\u00e7a, m\u00fasica e solidariedade em prol dos animais em Osasco-SP - Prefeitos &amp; Gest\u00f5es\" \/>\n<meta property=\"og:description\" content=\"Nos dias 28 e 29 de junho, o Teatro Gl\u00f3ria Giglio, em Osasco, ser\u00e1 palco de um evento especial que une arte, a\u00e7\u00e3o social, solidariedade e amor pelos animais. Sob a lideran\u00e7a da professora e ativista Adriana Bacalhau, o projeto apresenta duas noites de cultura e conscientiza\u00e7\u00e3o, com toda a renda revertida para ONGs de prote\u00e7\u00e3o animal. Al\u00e9m das apresenta\u00e7\u00f5es, o p\u00fablico poder\u00e1 participar da Feira de Ado\u00e7\u00e3o da AVAMA, que acontece nos dois dias do evento. Na ocasi\u00e3o, a organiza\u00e7\u00e3o tamb\u00e9m pede para os convidados levarem 2 kg de alimentos, que tamb\u00e9m ser\u00e3o destinados a a\u00e7\u00f5es sociais.\" \/>\n<meta property=\"og:url\" content=\"https:\/\/prefeitosegestoes.com.br\/portal\/evento-beneficente-reune-danca-musica-e-solidariedade-em-prol-dos-animais-em-osasco\/\" \/>\n<meta property=\"og:site_name\" content=\"Prefeitos &amp; Gest\u00f5es\" \/>\n<meta property=\"article:publisher\" content=\"https:\/\/www.facebook.com\/prefeitosonline\" \/>\n<meta property=\"article:published_time\" content=\"2025-06-25T16:43:59+00:00\" \/>\n<meta property=\"article:modified_time\" content=\"2025-06-25T16:45:18+00:00\" \/>\n<meta property=\"og:image\" content=\"https:\/\/prefeitosegestoes.com.br\/portal\/wp-content\/uploads\/2025\/06\/danca-scaled.jpg\" \/>\n\t<meta property=\"og:image:width\" content=\"2560\" \/>\n\t<meta property=\"og:image:height\" content=\"1920\" \/>\n\t<meta property=\"og:image:type\" content=\"image\/jpeg\" \/>\n<meta name=\"author\" content=\"Prefeitos &amp; Gest\u00f5es\" \/>\n<meta name=\"twitter:card\" content=\"summary_large_image\" \/>\n<meta name=\"twitter:creator\" content=\"@PrefGestoes\" \/>\n<meta name=\"twitter:site\" content=\"@PrefGestoes\" \/>\n<meta name=\"twitter:label1\" content=\"Escrito por\" \/>\n\t<meta name=\"twitter:data1\" content=\"Prefeitos &amp; Gest\u00f5es\" \/>\n\t<meta name=\"twitter:label2\" content=\"Est. tempo de leitura\" \/>\n\t<meta name=\"twitter:data2\" content=\"6 minutos\" \/>\n<script type=\"application\/ld+json\" class=\"yoast-schema-graph\">{\"@context\":\"https:\/\/schema.org\",\"@graph\":[{\"@type\":\"Article\",\"@id\":\"https:\/\/prefeitosegestoes.com.br\/portal\/evento-beneficente-reune-danca-musica-e-solidariedade-em-prol-dos-animais-em-osasco\/#article\",\"isPartOf\":{\"@id\":\"https:\/\/prefeitosegestoes.com.br\/portal\/evento-beneficente-reune-danca-musica-e-solidariedade-em-prol-dos-animais-em-osasco\/\"},\"author\":{\"name\":\"Prefeitos &amp; Gest\u00f5es\",\"@id\":\"https:\/\/prefeitosegestoes.com.br\/portal\/#\/schema\/person\/d00059f2ec99963e7e1850d448ae94b8\"},\"headline\":\"Evento beneficente re\u00fane dan\u00e7a, m\u00fasica e solidariedade em prol dos animais em Osasco-SP\",\"datePublished\":\"2025-06-25T16:43:59+00:00\",\"dateModified\":\"2025-06-25T16:45:18+00:00\",\"mainEntityOfPage\":{\"@id\":\"https:\/\/prefeitosegestoes.com.br\/portal\/evento-beneficente-reune-danca-musica-e-solidariedade-em-prol-dos-animais-em-osasco\/\"},\"wordCount\":781,\"commentCount\":0,\"publisher\":{\"@id\":\"https:\/\/prefeitosegestoes.com.br\/portal\/#organization\"},\"image\":{\"@id\":\"https:\/\/prefeitosegestoes.com.br\/portal\/evento-beneficente-reune-danca-musica-e-solidariedade-em-prol-dos-animais-em-osasco\/#primaryimage\"},\"thumbnailUrl\":\"https:\/\/prefeitosegestoes.com.br\/portal\/wp-content\/uploads\/2025\/06\/danca-scaled.jpg\",\"keywords\":[\"Animal\",\"Dan\u00e7a\",\"Evento Beneficente\",\"Osasco\"],\"articleSection\":[\"Destaques\"],\"inLanguage\":\"pt-BR\",\"potentialAction\":[{\"@type\":\"CommentAction\",\"name\":\"Comment\",\"target\":[\"https:\/\/prefeitosegestoes.com.br\/portal\/evento-beneficente-reune-danca-musica-e-solidariedade-em-prol-dos-animais-em-osasco\/#respond\"]}]},{\"@type\":\"WebPage\",\"@id\":\"https:\/\/prefeitosegestoes.com.br\/portal\/evento-beneficente-reune-danca-musica-e-solidariedade-em-prol-dos-animais-em-osasco\/\",\"url\":\"https:\/\/prefeitosegestoes.com.br\/portal\/evento-beneficente-reune-danca-musica-e-solidariedade-em-prol-dos-animais-em-osasco\/\",\"name\":\"Evento beneficente re\u00fane dan\u00e7a, m\u00fasica e solidariedade em prol dos animais em Osasco-SP - Prefeitos &amp; Gest\u00f5es\",\"isPartOf\":{\"@id\":\"https:\/\/prefeitosegestoes.com.br\/portal\/#website\"},\"primaryImageOfPage\":{\"@id\":\"https:\/\/prefeitosegestoes.com.br\/portal\/evento-beneficente-reune-danca-musica-e-solidariedade-em-prol-dos-animais-em-osasco\/#primaryimage\"},\"image\":{\"@id\":\"https:\/\/prefeitosegestoes.com.br\/portal\/evento-beneficente-reune-danca-musica-e-solidariedade-em-prol-dos-animais-em-osasco\/#primaryimage\"},\"thumbnailUrl\":\"https:\/\/prefeitosegestoes.com.br\/portal\/wp-content\/uploads\/2025\/06\/danca-scaled.jpg\",\"datePublished\":\"2025-06-25T16:43:59+00:00\",\"dateModified\":\"2025-06-25T16:45:18+00:00\",\"description\":\"Nos dias 28 e 29 de junho, o Teatro Gl\u00f3ria Giglio, em Osasco, ser\u00e1 palco de um evento especial que une arte, a\u00e7\u00e3o social, solidariedade e amor pelos animais. Sob a lideran\u00e7a da professora e ativista Adriana Bacalhau, o projeto apresenta duas noites de cultura e conscientiza\u00e7\u00e3o, com toda a renda revertida para ONGs de prote\u00e7\u00e3o animal. Al\u00e9m das apresenta\u00e7\u00f5es, o p\u00fablico poder\u00e1 participar da Feira de Ado\u00e7\u00e3o da AVAMA, que acontece nos dois dias do evento. Na ocasi\u00e3o, a organiza\u00e7\u00e3o tamb\u00e9m pede para os convidados levarem 2 kg de alimentos, que tamb\u00e9m ser\u00e3o destinados a a\u00e7\u00f5es sociais.\",\"breadcrumb\":{\"@id\":\"https:\/\/prefeitosegestoes.com.br\/portal\/evento-beneficente-reune-danca-musica-e-solidariedade-em-prol-dos-animais-em-osasco\/#breadcrumb\"},\"inLanguage\":\"pt-BR\",\"potentialAction\":[{\"@type\":\"ReadAction\",\"target\":[\"https:\/\/prefeitosegestoes.com.br\/portal\/evento-beneficente-reune-danca-musica-e-solidariedade-em-prol-dos-animais-em-osasco\/\"]}]},{\"@type\":\"ImageObject\",\"inLanguage\":\"pt-BR\",\"@id\":\"https:\/\/prefeitosegestoes.com.br\/portal\/evento-beneficente-reune-danca-musica-e-solidariedade-em-prol-dos-animais-em-osasco\/#primaryimage\",\"url\":\"https:\/\/prefeitosegestoes.com.br\/portal\/wp-content\/uploads\/2025\/06\/danca-scaled.jpg\",\"contentUrl\":\"https:\/\/prefeitosegestoes.com.br\/portal\/wp-content\/uploads\/2025\/06\/danca-scaled.jpg\",\"width\":2560,\"height\":1920},{\"@type\":\"BreadcrumbList\",\"@id\":\"https:\/\/prefeitosegestoes.com.br\/portal\/evento-beneficente-reune-danca-musica-e-solidariedade-em-prol-dos-animais-em-osasco\/#breadcrumb\",\"itemListElement\":[{\"@type\":\"ListItem\",\"position\":1,\"name\":\"In\u00edcio\",\"item\":\"https:\/\/prefeitosegestoes.com.br\/portal\/\"},{\"@type\":\"ListItem\",\"position\":2,\"name\":\"Evento beneficente re\u00fane dan\u00e7a, m\u00fasica e solidariedade em prol dos animais em Osasco-SP\"}]},{\"@type\":\"WebSite\",\"@id\":\"https:\/\/prefeitosegestoes.com.br\/portal\/#website\",\"url\":\"https:\/\/prefeitosegestoes.com.br\/portal\/\",\"name\":\"Prefeitos & Gest\u00f5es\",\"description\":\"\",\"publisher\":{\"@id\":\"https:\/\/prefeitosegestoes.com.br\/portal\/#organization\"},\"potentialAction\":[{\"@type\":\"SearchAction\",\"target\":{\"@type\":\"EntryPoint\",\"urlTemplate\":\"https:\/\/prefeitosegestoes.com.br\/portal\/?s={search_term_string}\"},\"query-input\":{\"@type\":\"PropertyValueSpecification\",\"valueRequired\":true,\"valueName\":\"search_term_string\"}}],\"inLanguage\":\"pt-BR\"},{\"@type\":\"Organization\",\"@id\":\"https:\/\/prefeitosegestoes.com.br\/portal\/#organization\",\"name\":\"Prefeitos & Gest\u00f5es\",\"url\":\"https:\/\/prefeitosegestoes.com.br\/portal\/\",\"logo\":{\"@type\":\"ImageObject\",\"inLanguage\":\"pt-BR\",\"@id\":\"https:\/\/prefeitosegestoes.com.br\/portal\/#\/schema\/logo\/image\/\",\"url\":\"https:\/\/prefeitosegestoes.com.br\/portal\/wp-content\/uploads\/2024\/10\/lg_trans_prefeitos_2024_preto2.png\",\"contentUrl\":\"https:\/\/prefeitosegestoes.com.br\/portal\/wp-content\/uploads\/2024\/10\/lg_trans_prefeitos_2024_preto2.png\",\"width\":199,\"height\":122,\"caption\":\"Prefeitos & Gest\u00f5es\"},\"image\":{\"@id\":\"https:\/\/prefeitosegestoes.com.br\/portal\/#\/schema\/logo\/image\/\"},\"sameAs\":[\"https:\/\/www.facebook.com\/prefeitosonline\",\"https:\/\/x.com\/PrefGestoes\"]},{\"@type\":\"Person\",\"@id\":\"https:\/\/prefeitosegestoes.com.br\/portal\/#\/schema\/person\/d00059f2ec99963e7e1850d448ae94b8\",\"name\":\"Prefeitos &amp; Gest\u00f5es\",\"image\":{\"@type\":\"ImageObject\",\"inLanguage\":\"pt-BR\",\"@id\":\"https:\/\/secure.gravatar.com\/avatar\/738fb281e479212ed32c1a21a4307dda9f3af9292edb6918a16c9ce9fff5f48d?s=96&d=mm&r=g\",\"url\":\"https:\/\/secure.gravatar.com\/avatar\/738fb281e479212ed32c1a21a4307dda9f3af9292edb6918a16c9ce9fff5f48d?s=96&d=mm&r=g\",\"contentUrl\":\"https:\/\/secure.gravatar.com\/avatar\/738fb281e479212ed32c1a21a4307dda9f3af9292edb6918a16c9ce9fff5f48d?s=96&d=mm&r=g\",\"caption\":\"Prefeitos &amp; Gest\u00f5es\"},\"url\":\"https:\/\/prefeitosegestoes.com.br\/portal\/author\/prefeitosegestoes\/\"}]}<\/script>\n<!-- \/ Yoast SEO plugin. -->","yoast_head_json":{"title":"Evento beneficente re\u00fane dan\u00e7a, m\u00fasica e solidariedade em prol dos animais em Osasco-SP - Prefeitos &amp; Gest\u00f5es","description":"Nos dias 28 e 29 de junho, o Teatro Gl\u00f3ria Giglio, em Osasco, ser\u00e1 palco de um evento especial que une arte, a\u00e7\u00e3o social, solidariedade e amor pelos animais. Sob a lideran\u00e7a da professora e ativista Adriana Bacalhau, o projeto apresenta duas noites de cultura e conscientiza\u00e7\u00e3o, com toda a renda revertida para ONGs de prote\u00e7\u00e3o animal. Al\u00e9m das apresenta\u00e7\u00f5es, o p\u00fablico poder\u00e1 participar da Feira de Ado\u00e7\u00e3o da AVAMA, que acontece nos dois dias do evento. Na ocasi\u00e3o, a organiza\u00e7\u00e3o tamb\u00e9m pede para os convidados levarem 2 kg de alimentos, que tamb\u00e9m ser\u00e3o destinados a a\u00e7\u00f5es sociais.","robots":{"index":"index","follow":"follow","max-snippet":"max-snippet:-1","max-image-preview":"max-image-preview:large","max-video-preview":"max-video-preview:-1"},"canonical":"https:\/\/prefeitosegestoes.com.br\/portal\/evento-beneficente-reune-danca-musica-e-solidariedade-em-prol-dos-animais-em-osasco\/","og_locale":"pt_BR","og_type":"article","og_title":"Evento beneficente re\u00fane dan\u00e7a, m\u00fasica e solidariedade em prol dos animais em Osasco-SP - Prefeitos &amp; Gest\u00f5es","og_description":"Nos dias 28 e 29 de junho, o Teatro Gl\u00f3ria Giglio, em Osasco, ser\u00e1 palco de um evento especial que une arte, a\u00e7\u00e3o social, solidariedade e amor pelos animais. Sob a lideran\u00e7a da professora e ativista Adriana Bacalhau, o projeto apresenta duas noites de cultura e conscientiza\u00e7\u00e3o, com toda a renda revertida para ONGs de prote\u00e7\u00e3o animal. Al\u00e9m das apresenta\u00e7\u00f5es, o p\u00fablico poder\u00e1 participar da Feira de Ado\u00e7\u00e3o da AVAMA, que acontece nos dois dias do evento. Na ocasi\u00e3o, a organiza\u00e7\u00e3o tamb\u00e9m pede para os convidados levarem 2 kg de alimentos, que tamb\u00e9m ser\u00e3o destinados a a\u00e7\u00f5es sociais.","og_url":"https:\/\/prefeitosegestoes.com.br\/portal\/evento-beneficente-reune-danca-musica-e-solidariedade-em-prol-dos-animais-em-osasco\/","og_site_name":"Prefeitos &amp; Gest\u00f5es","article_publisher":"https:\/\/www.facebook.com\/prefeitosonline","article_published_time":"2025-06-25T16:43:59+00:00","article_modified_time":"2025-06-25T16:45:18+00:00","og_image":[{"width":2560,"height":1920,"url":"https:\/\/prefeitosegestoes.com.br\/portal\/wp-content\/uploads\/2025\/06\/danca-scaled.jpg","type":"image\/jpeg"}],"author":"Prefeitos &amp; Gest\u00f5es","twitter_card":"summary_large_image","twitter_creator":"@PrefGestoes","twitter_site":"@PrefGestoes","twitter_misc":{"Escrito por":"Prefeitos &amp; Gest\u00f5es","Est. tempo de leitura":"6 minutos"},"schema":{"@context":"https:\/\/schema.org","@graph":[{"@type":"Article","@id":"https:\/\/prefeitosegestoes.com.br\/portal\/evento-beneficente-reune-danca-musica-e-solidariedade-em-prol-dos-animais-em-osasco\/#article","isPartOf":{"@id":"https:\/\/prefeitosegestoes.com.br\/portal\/evento-beneficente-reune-danca-musica-e-solidariedade-em-prol-dos-animais-em-osasco\/"},"author":{"name":"Prefeitos &amp; Gest\u00f5es","@id":"https:\/\/prefeitosegestoes.com.br\/portal\/#\/schema\/person\/d00059f2ec99963e7e1850d448ae94b8"},"headline":"Evento beneficente re\u00fane dan\u00e7a, m\u00fasica e solidariedade em prol dos animais em Osasco-SP","datePublished":"2025-06-25T16:43:59+00:00","dateModified":"2025-06-25T16:45:18+00:00","mainEntityOfPage":{"@id":"https:\/\/prefeitosegestoes.com.br\/portal\/evento-beneficente-reune-danca-musica-e-solidariedade-em-prol-dos-animais-em-osasco\/"},"wordCount":781,"commentCount":0,"publisher":{"@id":"https:\/\/prefeitosegestoes.com.br\/portal\/#organization"},"image":{"@id":"https:\/\/prefeitosegestoes.com.br\/portal\/evento-beneficente-reune-danca-musica-e-solidariedade-em-prol-dos-animais-em-osasco\/#primaryimage"},"thumbnailUrl":"https:\/\/prefeitosegestoes.com.br\/portal\/wp-content\/uploads\/2025\/06\/danca-scaled.jpg","keywords":["Animal","Dan\u00e7a","Evento Beneficente","Osasco"],"articleSection":["Destaques"],"inLanguage":"pt-BR","potentialAction":[{"@type":"CommentAction","name":"Comment","target":["https:\/\/prefeitosegestoes.com.br\/portal\/evento-beneficente-reune-danca-musica-e-solidariedade-em-prol-dos-animais-em-osasco\/#respond"]}]},{"@type":"WebPage","@id":"https:\/\/prefeitosegestoes.com.br\/portal\/evento-beneficente-reune-danca-musica-e-solidariedade-em-prol-dos-animais-em-osasco\/","url":"https:\/\/prefeitosegestoes.com.br\/portal\/evento-beneficente-reune-danca-musica-e-solidariedade-em-prol-dos-animais-em-osasco\/","name":"Evento beneficente re\u00fane dan\u00e7a, m\u00fasica e solidariedade em prol dos animais em Osasco-SP - Prefeitos &amp; Gest\u00f5es","isPartOf":{"@id":"https:\/\/prefeitosegestoes.com.br\/portal\/#website"},"primaryImageOfPage":{"@id":"https:\/\/prefeitosegestoes.com.br\/portal\/evento-beneficente-reune-danca-musica-e-solidariedade-em-prol-dos-animais-em-osasco\/#primaryimage"},"image":{"@id":"https:\/\/prefeitosegestoes.com.br\/portal\/evento-beneficente-reune-danca-musica-e-solidariedade-em-prol-dos-animais-em-osasco\/#primaryimage"},"thumbnailUrl":"https:\/\/prefeitosegestoes.com.br\/portal\/wp-content\/uploads\/2025\/06\/danca-scaled.jpg","datePublished":"2025-06-25T16:43:59+00:00","dateModified":"2025-06-25T16:45:18+00:00","description":"Nos dias 28 e 29 de junho, o Teatro Gl\u00f3ria Giglio, em Osasco, ser\u00e1 palco de um evento especial que une arte, a\u00e7\u00e3o social, solidariedade e amor pelos animais. Sob a lideran\u00e7a da professora e ativista Adriana Bacalhau, o projeto apresenta duas noites de cultura e conscientiza\u00e7\u00e3o, com toda a renda revertida para ONGs de prote\u00e7\u00e3o animal. Al\u00e9m das apresenta\u00e7\u00f5es, o p\u00fablico poder\u00e1 participar da Feira de Ado\u00e7\u00e3o da AVAMA, que acontece nos dois dias do evento. Na ocasi\u00e3o, a organiza\u00e7\u00e3o tamb\u00e9m pede para os convidados levarem 2 kg de alimentos, que tamb\u00e9m ser\u00e3o destinados a a\u00e7\u00f5es sociais.","breadcrumb":{"@id":"https:\/\/prefeitosegestoes.com.br\/portal\/evento-beneficente-reune-danca-musica-e-solidariedade-em-prol-dos-animais-em-osasco\/#breadcrumb"},"inLanguage":"pt-BR","potentialAction":[{"@type":"ReadAction","target":["https:\/\/prefeitosegestoes.com.br\/portal\/evento-beneficente-reune-danca-musica-e-solidariedade-em-prol-dos-animais-em-osasco\/"]}]},{"@type":"ImageObject","inLanguage":"pt-BR","@id":"https:\/\/prefeitosegestoes.com.br\/portal\/evento-beneficente-reune-danca-musica-e-solidariedade-em-prol-dos-animais-em-osasco\/#primaryimage","url":"https:\/\/prefeitosegestoes.com.br\/portal\/wp-content\/uploads\/2025\/06\/danca-scaled.jpg","contentUrl":"https:\/\/prefeitosegestoes.com.br\/portal\/wp-content\/uploads\/2025\/06\/danca-scaled.jpg","width":2560,"height":1920},{"@type":"BreadcrumbList","@id":"https:\/\/prefeitosegestoes.com.br\/portal\/evento-beneficente-reune-danca-musica-e-solidariedade-em-prol-dos-animais-em-osasco\/#breadcrumb","itemListElement":[{"@type":"ListItem","position":1,"name":"In\u00edcio","item":"https:\/\/prefeitosegestoes.com.br\/portal\/"},{"@type":"ListItem","position":2,"name":"Evento beneficente re\u00fane dan\u00e7a, m\u00fasica e solidariedade em prol dos animais em Osasco-SP"}]},{"@type":"WebSite","@id":"https:\/\/prefeitosegestoes.com.br\/portal\/#website","url":"https:\/\/prefeitosegestoes.com.br\/portal\/","name":"Prefeitos & Gest\u00f5es","description":"","publisher":{"@id":"https:\/\/prefeitosegestoes.com.br\/portal\/#organization"},"potentialAction":[{"@type":"SearchAction","target":{"@type":"EntryPoint","urlTemplate":"https:\/\/prefeitosegestoes.com.br\/portal\/?s={search_term_string}"},"query-input":{"@type":"PropertyValueSpecification","valueRequired":true,"valueName":"search_term_string"}}],"inLanguage":"pt-BR"},{"@type":"Organization","@id":"https:\/\/prefeitosegestoes.com.br\/portal\/#organization","name":"Prefeitos & Gest\u00f5es","url":"https:\/\/prefeitosegestoes.com.br\/portal\/","logo":{"@type":"ImageObject","inLanguage":"pt-BR","@id":"https:\/\/prefeitosegestoes.com.br\/portal\/#\/schema\/logo\/image\/","url":"https:\/\/prefeitosegestoes.com.br\/portal\/wp-content\/uploads\/2024\/10\/lg_trans_prefeitos_2024_preto2.png","contentUrl":"https:\/\/prefeitosegestoes.com.br\/portal\/wp-content\/uploads\/2024\/10\/lg_trans_prefeitos_2024_preto2.png","width":199,"height":122,"caption":"Prefeitos & Gest\u00f5es"},"image":{"@id":"https:\/\/prefeitosegestoes.com.br\/portal\/#\/schema\/logo\/image\/"},"sameAs":["https:\/\/www.facebook.com\/prefeitosonline","https:\/\/x.com\/PrefGestoes"]},{"@type":"Person","@id":"https:\/\/prefeitosegestoes.com.br\/portal\/#\/schema\/person\/d00059f2ec99963e7e1850d448ae94b8","name":"Prefeitos &amp; Gest\u00f5es","image":{"@type":"ImageObject","inLanguage":"pt-BR","@id":"https:\/\/secure.gravatar.com\/avatar\/738fb281e479212ed32c1a21a4307dda9f3af9292edb6918a16c9ce9fff5f48d?s=96&d=mm&r=g","url":"https:\/\/secure.gravatar.com\/avatar\/738fb281e479212ed32c1a21a4307dda9f3af9292edb6918a16c9ce9fff5f48d?s=96&d=mm&r=g","contentUrl":"https:\/\/secure.gravatar.com\/avatar\/738fb281e479212ed32c1a21a4307dda9f3af9292edb6918a16c9ce9fff5f48d?s=96&d=mm&r=g","caption":"Prefeitos &amp; Gest\u00f5es"},"url":"https:\/\/prefeitosegestoes.com.br\/portal\/author\/prefeitosegestoes\/"}]}},"_links":{"self":[{"href":"https:\/\/prefeitosegestoes.com.br\/portal\/wp-json\/wp\/v2\/posts\/3497","targetHints":{"allow":["GET"]}}],"collection":[{"href":"https:\/\/prefeitosegestoes.com.br\/portal\/wp-json\/wp\/v2\/posts"}],"about":[{"href":"https:\/\/prefeitosegestoes.com.br\/portal\/wp-json\/wp\/v2\/types\/post"}],"author":[{"embeddable":true,"href":"https:\/\/prefeitosegestoes.com.br\/portal\/wp-json\/wp\/v2\/users\/2"}],"replies":[{"embeddable":true,"href":"https:\/\/prefeitosegestoes.com.br\/portal\/wp-json\/wp\/v2\/comments?post=3497"}],"version-history":[{"count":2,"href":"https:\/\/prefeitosegestoes.com.br\/portal\/wp-json\/wp\/v2\/posts\/3497\/revisions"}],"predecessor-version":[{"id":3508,"href":"https:\/\/prefeitosegestoes.com.br\/portal\/wp-json\/wp\/v2\/posts\/3497\/revisions\/3508"}],"wp:featuredmedia":[{"embeddable":true,"href":"https:\/\/prefeitosegestoes.com.br\/portal\/wp-json\/wp\/v2\/media\/3498"}],"wp:attachment":[{"href":"https:\/\/prefeitosegestoes.com.br\/portal\/wp-json\/wp\/v2\/media?parent=3497"}],"wp:term":[{"taxonomy":"category","embeddable":true,"href":"https:\/\/prefeitosegestoes.com.br\/portal\/wp-json\/wp\/v2\/categories?post=3497"},{"taxonomy":"post_tag","embeddable":true,"href":"https:\/\/prefeitosegestoes.com.br\/portal\/wp-json\/wp\/v2\/tags?post=3497"}],"curies":[{"name":"wp","href":"https:\/\/api.w.org\/{rel}","templated":true}]}}