{"id":3490,"date":"2025-06-24T17:56:16","date_gmt":"2025-06-24T20:56:16","guid":{"rendered":"https:\/\/prefeitosegestoes.com.br\/portal\/?p=3490"},"modified":"2025-06-24T17:56:16","modified_gmt":"2025-06-24T20:56:16","slug":"conheca-as-quatro-escolas-brasileiras-que-sao-finalistas-em-premio-de-melhores-do-mundo","status":"publish","type":"post","link":"https:\/\/prefeitosegestoes.com.br\/portal\/conheca-as-quatro-escolas-brasileiras-que-sao-finalistas-em-premio-de-melhores-do-mundo\/","title":{"rendered":"Conhe\u00e7a as quatro escolas brasileiras que s\u00e3o finalistas em pr\u00eamio de melhores do mundo"},"content":{"rendered":"<div class=\"mc-column content-text active-extra-styles \" data-block-type=\"unstyled\" data-block-weight=\"61\" data-block-id=\"17\">\n<div class=\"row medium-uncollapsed content-top-image\" data-block-type=\"featured-image\" data-block-id=\"0\">\n<div class=\"column medium-centered medium-22 large-20 desktop \">\n<h6 class=\"content-featured-figure\">Quadra da Escola Municipal de Ensino Fundamental Saint-Hilaire, em Porto Alegre \u2014 Foto: Divulga\u00e7\u00e3o\/World&#8217;s Best School Prizes 2025<\/h6>\n<\/div>\n<\/div>\n<h2 class=\"content-head__subtitle\">Col\u00e9gios situados no Maranh\u00e3o, Paran\u00e1, Rio Grande do Sul e S\u00e3o Paulo est\u00e3o entre os 50 concorrentes. Vencedores do World&#8217;s Best School Prizes 2025 ser\u00e3o divulgados em outubro<\/h2>\n<p class=\"content-publication-data__from\" title=\"O Globo\">Por O Globo\u00a0\u2014 Rio de Janeiro<\/p>\n<p class=\"content-publication-data__updated\"><time datetime=\"2025-06-24T12:08:34.295-03:00\">24\/06\/2025 12h08\u00a0<\/time><span class=\"content-publication-data__updated-relative\">\u00a0<time datetime=\"2025-06-24T12:08:44.154-03:00\">Atualizado\u00a0<time class=\"content-publication-data__amp-timeago\" datetime=\"2025-06-24T15:08:44.154Z\">agora<\/time><\/time><\/span><\/p>\n<div class=\"mc-column content-text active-extra-styles active-capital-letter\" data-block-type=\"unstyled\" data-block-weight=\"51\" data-block-id=\"2\">\n<p class=\" content-text__container theme-color-primary-first-letter\" data-track-category=\"Link no Texto\" data-track-links=\"\" data-mrf-recirculation=\"Article links\">Quatro unidades de ensino brasileiras concorrem ao pr\u00eamio de melhor escola do mundo promovido pela T4 Education, uma organiza\u00e7\u00e3o internacional que conecta educadores de mais de 100 pa\u00edses. Est\u00e3o entre os 50 finalistas escolas situadas no Maranh\u00e3o, Paran\u00e1, Rio Grande do Sul e S\u00e3o Paulo. Os vencedores ser\u00e3o divulgados em outubro.<\/p>\n<\/div>\n<div class=\"wall protected-content\">\n<div class=\"mc-column content-text active-extra-styles \" data-block-type=\"unstyled\" data-block-weight=\"44\" data-block-id=\"3\">\n<p class=\" content-text__container \" data-track-category=\"Link no Texto\" data-track-links=\"\" data-mrf-recirculation=\"Article links\">O Brasil \u00e9 o pa\u00eds que possui o maior n\u00famero de finalistas, empatado com a \u00cdndia e Reino Unido. As escolas brasileiras concorrem nas categorias colabora\u00e7\u00e3o comunit\u00e1ria, supera\u00e7\u00e3o de adversidades e apoio a vidas saud\u00e1veis. H\u00e1 ainda outras duas categorias: a\u00e7\u00e3o ambiental e inova\u00e7\u00e3o.<\/p>\n<\/div>\n<div class=\"mc-column content-text active-extra-styles\" data-block-type=\"raw\" data-block-weight=\"4\" data-block-id=\"4\">\n<div class=\"content-intertitle\">\n<h2>Conhe\u00e7a as escolas brasileiras<\/h2>\n<\/div>\n<\/div>\n<div class=\"mc-column content-text active-extra-styles \" data-block-type=\"unstyled\" data-block-weight=\"6\" data-block-id=\"5\">\n<p class=\" content-text__container \" data-track-category=\"Link no Texto\" data-track-links=\"\" data-mrf-recirculation=\"Article links\"><strong>Escola COC S\u00e3o Lu\u00eds &#8211; Maranh\u00e3o<\/strong><\/p>\n<p data-track-category=\"Link no Texto\" data-track-links=\"\" data-mrf-recirculation=\"Article links\"><img fetchpriority=\"high\" decoding=\"async\" class=\"alignnone  wp-image-3491\" src=\"https:\/\/prefeitosegestoes.com.br\/portal\/wp-content\/uploads\/2025\/06\/maranhao-300x169.jpg\" alt=\"\" width=\"389\" height=\"219\" srcset=\"https:\/\/prefeitosegestoes.com.br\/portal\/wp-content\/uploads\/2025\/06\/maranhao-300x169.jpg 300w, https:\/\/prefeitosegestoes.com.br\/portal\/wp-content\/uploads\/2025\/06\/maranhao-768x432.jpg 768w, https:\/\/prefeitosegestoes.com.br\/portal\/wp-content\/uploads\/2025\/06\/maranhao.jpg 1000w\" sizes=\"(max-width: 389px) 100vw, 389px\" \/><\/p>\n<h6 data-track-category=\"Link no Texto\" data-mrf-recirculation=\"Article links\">Alunos em sala de aula da Escola COC S\u00e3o Lu\u00eds, no Maranh\u00e3o \u2014 Foto: Divulga\u00e7\u00e3o\/World&#8217;s Best School Prizes 2025<\/h6>\n<div class=\"mc-column content-text active-extra-styles \" data-block-type=\"unstyled\" data-block-weight=\"57\" data-block-id=\"7\">\n<p class=\" content-text__container \" data-track-category=\"Link no Texto\" data-track-links=\"\" data-mrf-recirculation=\"Article links\">A unidade de ensino criou um modelo de aprendizagem classificado como &#8220;revolucion\u00e1rio&#8221; pela T4 Education. Este modelo integra o Educa2030, um projeto global de inova\u00e7\u00e3o educacional, alfabetiza\u00e7\u00e3o digital e experi\u00eancias de aprendizagem inclusivas. O objetivo \u00e9 capacitar os alunos para um mercado de trabalho t\u00e9cnico e transformar as comunidades locais. A escola concorre na categoria &#8220;colabora\u00e7\u00e3o comunit\u00e1ria&#8221;.<\/p>\n<\/div>\n<div class=\"mc-column content-text active-extra-styles \" data-block-type=\"unstyled\" data-block-weight=\"7\" data-block-id=\"8\">\n<p class=\" content-text__container \" data-track-category=\"Link no Texto\" data-track-links=\"\" data-mrf-recirculation=\"Article links\"><strong>Col\u00e9gio Sesi da Ind\u00fastria Port\u00e3o &#8211; Paran\u00e1<\/strong><\/p>\n<p data-track-category=\"Link no Texto\" data-track-links=\"\" data-mrf-recirculation=\"Article links\"><img decoding=\"async\" class=\"alignnone  wp-image-3492\" src=\"https:\/\/prefeitosegestoes.com.br\/portal\/wp-content\/uploads\/2025\/06\/pr-300x200.jpg\" alt=\"\" width=\"374\" height=\"249\" srcset=\"https:\/\/prefeitosegestoes.com.br\/portal\/wp-content\/uploads\/2025\/06\/pr-300x200.jpg 300w, https:\/\/prefeitosegestoes.com.br\/portal\/wp-content\/uploads\/2025\/06\/pr-768x512.jpg 768w, https:\/\/prefeitosegestoes.com.br\/portal\/wp-content\/uploads\/2025\/06\/pr.jpg 1000w\" sizes=\"(max-width: 374px) 100vw, 374px\" \/><\/p>\n<h6 data-track-category=\"Link no Texto\" data-mrf-recirculation=\"Article links\">Alunos do Col\u00e9gio Sesi da Ind\u00fastria Port\u00e3o, em Curitiba \u2014 Foto: Divulga\u00e7\u00e3o\/World&#8217;s Best School Prizes 2025<\/h6>\n<p>A escola de Curitiba se destacou por seu projeto de alimenta\u00e7\u00e3o consciente, chamado de Momento com a Nutri. A iniciativa transformou &#8220;a maneira como as crian\u00e7as abordam, descobrem e vivenciam a nutri\u00e7\u00e3o&#8221;, ao serem incentivadas a explorar os alimentos de forma l\u00fadica, da horta \u00e0 cozinha. O col\u00e9gio concorre na categoria &#8220;apoio a vidas saud\u00e1veis&#8221;.<\/p>\n<p><strong>Escola Municipal de Ensino Fundamental Saint-Hilaire &#8211; Rio Grande do Sul<\/strong><\/p>\n<p><img decoding=\"async\" class=\"alignnone  wp-image-3493\" src=\"https:\/\/prefeitosegestoes.com.br\/portal\/wp-content\/uploads\/2025\/06\/rs-300x200.jpg\" alt=\"\" width=\"365\" height=\"243\" srcset=\"https:\/\/prefeitosegestoes.com.br\/portal\/wp-content\/uploads\/2025\/06\/rs-300x200.jpg 300w, https:\/\/prefeitosegestoes.com.br\/portal\/wp-content\/uploads\/2025\/06\/rs-768x512.jpg 768w, https:\/\/prefeitosegestoes.com.br\/portal\/wp-content\/uploads\/2025\/06\/rs.jpg 1000w\" sizes=\"(max-width: 365px) 100vw, 365px\" \/><\/p>\n<h6>Aluna da Escola Municipal de Ensino Fundamental Saint-Hilaire, em Porto Alegre \u2014 Foto: Divulga\u00e7\u00e3o\/World&#8217;s Best School Prizes 2025<\/h6>\n<\/div>\n<\/div>\n<\/div>\n<div class=\"mc-column content-text active-extra-styles \" data-block-type=\"unstyled\" data-block-weight=\"61\" data-block-id=\"14\">\n<p class=\" content-text__container \" data-track-category=\"Link no Texto\" data-track-links=\"\" data-mrf-recirculation=\"Article links\">A escola p\u00fablica de Porto Alegre concorre ao pr\u00eamio por conta do projeto Em Busca dos Jardins. A iniciativa foi elogiada por estar &#8220;quebrando tabus associados \u00e0 viol\u00eancia contra meninas e \u00e0 pobreza menstrual&#8221;. A unidade de ensino est\u00e1 situada em uma \u00e1rea que enfrenta uma crise de viol\u00eancia de g\u00eanero, com um dos maiores n\u00fameros de agress\u00f5es sexuais da regi\u00e3o.<\/p>\n<\/div>\n<div class=\"mc-column content-text active-extra-styles \" data-block-type=\"unstyled\" data-block-weight=\"8\" data-block-id=\"15\">\n<p class=\" content-text__container \" data-track-category=\"Link no Texto\" data-track-links=\"\" data-mrf-recirculation=\"Article links\"><strong>Escola Estadual Parque dos Sonhos &#8211; S\u00e3o Paulo<\/strong><\/p>\n<p data-track-category=\"Link no Texto\" data-track-links=\"\" data-mrf-recirculation=\"Article links\"><img loading=\"lazy\" decoding=\"async\" class=\"alignnone  wp-image-3494\" src=\"https:\/\/prefeitosegestoes.com.br\/portal\/wp-content\/uploads\/2025\/06\/sp-300x169.jpg\" alt=\"\" width=\"387\" height=\"218\" srcset=\"https:\/\/prefeitosegestoes.com.br\/portal\/wp-content\/uploads\/2025\/06\/sp-300x169.jpg 300w, https:\/\/prefeitosegestoes.com.br\/portal\/wp-content\/uploads\/2025\/06\/sp-768x433.jpg 768w, https:\/\/prefeitosegestoes.com.br\/portal\/wp-content\/uploads\/2025\/06\/sp.jpg 1000w\" sizes=\"(max-width: 387px) 100vw, 387px\" \/><\/p>\n<h6 data-track-category=\"Link no Texto\" data-mrf-recirculation=\"Article links\">Alunos da Escola Estadual Parque dos Sonhos, em Cubat\u00e3o, em S\u00e3o Paulo \u2014 Foto: Divulga\u00e7\u00e3o\/World&#8217;s Best School Prizes 2025<\/h6>\n<div class=\"mc-column content-text active-extra-styles \" data-block-type=\"unstyled\" data-block-weight=\"61\" data-block-id=\"17\">\n<p class=\" content-text__container \" data-track-category=\"Link no Texto\" data-track-links=\"\" data-mrf-recirculation=\"Article links\">A unidade de ensino p\u00fablica situada em Cubat\u00e3o &#8220;est\u00e1 mudando a realidade de estudantes marginalizados&#8221;. A escola tem funcionado como um centro de paz e n\u00e3o viol\u00eancia, e aplicado um modelo pedag\u00f3gico centrado no aluno. Neste modelo, a escola adotou &#8220;princ\u00edpios humanistas e a n\u00e3o viol\u00eancia como metodologia de a\u00e7\u00e3o, al\u00e9m de atividades extracurriculares para catalisar a conex\u00e3o&#8221; com os alunos.<\/p>\n<\/div>\n<div data-track-category=\"multicontent\" data-track-action=\"ultimo chunk conteudo\" data-track-noninteraction=\"false\" data-track-scroll=\"view\">\n<div class=\"content-ads content-ads--reveal\" data-block-type=\"ads\" data-block-id=\"18\">\n<div id=\"banner_materia__9df29a8f-7fce-4f89-8a7a-62e6599a2477\" class=\"tag-manager-publicidade-container mc-has-reveal mc-has-ad-lazyload tag-manager-publicidade-banner_materia__9df29a8f-7fce-4f89-8a7a-62e6599a2477 tag-manager-publicidade-container--carregado tag-manager-publicidade-container--visivel\" data-id=\"banner_materia__9df29a8f-7fce-4f89-8a7a-62e6599a2477\" data-google-query-id=\"CJDcisjyio4DFds9uQYd_MwUJQ\"><em>Fonte: O Globo<\/em><\/div>\n<\/div>\n<\/div>\n<\/div>\n<\/div>\n","protected":false},"excerpt":{"rendered":"<p>Quadra da Escola Municipal de Ensino Fundamental Saint-Hilaire, em Porto Alegre \u2014 Foto: Divulga\u00e7\u00e3o\/World&#8217;s Best School Prizes 2025 Col\u00e9gios situados no Maranh\u00e3o, Paran\u00e1, Rio Grande do Sul e S\u00e3o Paulo est\u00e3o entre os 50 concorrentes. Vencedores do World&#8217;s Best School Prizes 2025 ser\u00e3o divulgados em outubro Por O Globo\u00a0\u2014 Rio de Janeiro 24\/06\/2025 12h08\u00a0\u00a0Atualizado\u00a0agora Quatro [&hellip;]<\/p>\n","protected":false},"author":2,"featured_media":3495,"comment_status":"open","ping_status":"open","sticky":false,"template":"","format":"standard","meta":{"rop_custom_images_group":[],"rop_custom_messages_group":[],"rop_publish_now":"initial","rop_publish_now_accounts":{"twitter_850042665852968960_850042665852968960":""},"rop_publish_now_history":[],"rop_publish_now_status":"pending","footnotes":""},"categories":[15],"tags":[661,387,660,662,659,663,499],"class_list":["post-3490","post","type-post","status-publish","format-standard","has-post-thumbnail","hentry","category-destaques","tag-cubatao","tag-escolas","tag-escolas-estaduais","tag-porto-alegre","tag-premiacao","tag-sao-luiis","tag-sao-paulo"],"yoast_head":"<!-- This site is optimized with the Yoast SEO plugin v27.2 - https:\/\/yoast.com\/product\/yoast-seo-wordpress\/ -->\n<title>Conhe\u00e7a as quatro escolas brasileiras que s\u00e3o finalistas em pr\u00eamio de melhores do mundo - Prefeitos &amp; Gest\u00f5es<\/title>\n<meta name=\"description\" content=\"Quatro unidades de ensino brasileiras concorrem ao pr\u00eamio de melhor escola do mundo promovido pela T4 Education, uma organiza\u00e7\u00e3o internacional que conecta educadores de mais de 100 pa\u00edses. Est\u00e3o entre os 50 finalistas escolas situadas no Maranh\u00e3o, Paran\u00e1, Rio Grande do Sul e S\u00e3o Paulo. Os vencedores ser\u00e3o divulgados em outubro.\" \/>\n<meta name=\"robots\" content=\"index, follow, max-snippet:-1, max-image-preview:large, max-video-preview:-1\" \/>\n<link rel=\"canonical\" href=\"https:\/\/prefeitosegestoes.com.br\/portal\/conheca-as-quatro-escolas-brasileiras-que-sao-finalistas-em-premio-de-melhores-do-mundo\/\" \/>\n<meta property=\"og:locale\" content=\"pt_BR\" \/>\n<meta property=\"og:type\" content=\"article\" \/>\n<meta property=\"og:title\" content=\"Conhe\u00e7a as quatro escolas brasileiras que s\u00e3o finalistas em pr\u00eamio de melhores do mundo - Prefeitos &amp; Gest\u00f5es\" \/>\n<meta property=\"og:description\" content=\"Quatro unidades de ensino brasileiras concorrem ao pr\u00eamio de melhor escola do mundo promovido pela T4 Education, uma organiza\u00e7\u00e3o internacional que conecta educadores de mais de 100 pa\u00edses. Est\u00e3o entre os 50 finalistas escolas situadas no Maranh\u00e3o, Paran\u00e1, Rio Grande do Sul e S\u00e3o Paulo. Os vencedores ser\u00e3o divulgados em outubro.\" \/>\n<meta property=\"og:url\" content=\"https:\/\/prefeitosegestoes.com.br\/portal\/conheca-as-quatro-escolas-brasileiras-que-sao-finalistas-em-premio-de-melhores-do-mundo\/\" \/>\n<meta property=\"og:site_name\" content=\"Prefeitos &amp; Gest\u00f5es\" \/>\n<meta property=\"article:publisher\" content=\"https:\/\/www.facebook.com\/prefeitosonline\" \/>\n<meta property=\"article:published_time\" content=\"2025-06-24T20:56:16+00:00\" \/>\n<meta property=\"og:image\" content=\"https:\/\/prefeitosegestoes.com.br\/portal\/wp-content\/uploads\/2025\/06\/large.jpg\" \/>\n\t<meta property=\"og:image:width\" content=\"888\" \/>\n\t<meta property=\"og:image:height\" content=\"666\" \/>\n\t<meta property=\"og:image:type\" content=\"image\/jpeg\" \/>\n<meta name=\"author\" content=\"Prefeitos &amp; Gest\u00f5es\" \/>\n<meta name=\"twitter:card\" content=\"summary_large_image\" \/>\n<meta name=\"twitter:creator\" content=\"@PrefGestoes\" \/>\n<meta name=\"twitter:site\" content=\"@PrefGestoes\" \/>\n<meta name=\"twitter:label1\" content=\"Escrito por\" \/>\n\t<meta name=\"twitter:data1\" content=\"Prefeitos &amp; Gest\u00f5es\" \/>\n\t<meta name=\"twitter:label2\" content=\"Est. tempo de leitura\" \/>\n\t<meta name=\"twitter:data2\" content=\"4 minutos\" \/>\n<script type=\"application\/ld+json\" class=\"yoast-schema-graph\">{\"@context\":\"https:\/\/schema.org\",\"@graph\":[{\"@type\":\"Article\",\"@id\":\"https:\/\/prefeitosegestoes.com.br\/portal\/conheca-as-quatro-escolas-brasileiras-que-sao-finalistas-em-premio-de-melhores-do-mundo\/#article\",\"isPartOf\":{\"@id\":\"https:\/\/prefeitosegestoes.com.br\/portal\/conheca-as-quatro-escolas-brasileiras-que-sao-finalistas-em-premio-de-melhores-do-mundo\/\"},\"author\":{\"name\":\"Prefeitos &amp; Gest\u00f5es\",\"@id\":\"https:\/\/prefeitosegestoes.com.br\/portal\/#\/schema\/person\/d00059f2ec99963e7e1850d448ae94b8\"},\"headline\":\"Conhe\u00e7a as quatro escolas brasileiras que s\u00e3o finalistas em pr\u00eamio de melhores do mundo\",\"datePublished\":\"2025-06-24T20:56:16+00:00\",\"mainEntityOfPage\":{\"@id\":\"https:\/\/prefeitosegestoes.com.br\/portal\/conheca-as-quatro-escolas-brasileiras-que-sao-finalistas-em-premio-de-melhores-do-mundo\/\"},\"wordCount\":571,\"commentCount\":0,\"publisher\":{\"@id\":\"https:\/\/prefeitosegestoes.com.br\/portal\/#organization\"},\"image\":{\"@id\":\"https:\/\/prefeitosegestoes.com.br\/portal\/conheca-as-quatro-escolas-brasileiras-que-sao-finalistas-em-premio-de-melhores-do-mundo\/#primaryimage\"},\"thumbnailUrl\":\"https:\/\/prefeitosegestoes.com.br\/portal\/wp-content\/uploads\/2025\/06\/large.jpg\",\"keywords\":[\"Cubat\u00e3o\",\"Escolas\",\"Escolas Estaduais\",\"Porto Alegre\",\"Premia\u00e7\u00e3o\",\"S\u00e3o Lui\u00eds\",\"S\u00e3o Paulo\"],\"articleSection\":[\"Destaques\"],\"inLanguage\":\"pt-BR\",\"potentialAction\":[{\"@type\":\"CommentAction\",\"name\":\"Comment\",\"target\":[\"https:\/\/prefeitosegestoes.com.br\/portal\/conheca-as-quatro-escolas-brasileiras-que-sao-finalistas-em-premio-de-melhores-do-mundo\/#respond\"]}]},{\"@type\":\"WebPage\",\"@id\":\"https:\/\/prefeitosegestoes.com.br\/portal\/conheca-as-quatro-escolas-brasileiras-que-sao-finalistas-em-premio-de-melhores-do-mundo\/\",\"url\":\"https:\/\/prefeitosegestoes.com.br\/portal\/conheca-as-quatro-escolas-brasileiras-que-sao-finalistas-em-premio-de-melhores-do-mundo\/\",\"name\":\"Conhe\u00e7a as quatro escolas brasileiras que s\u00e3o finalistas em pr\u00eamio de melhores do mundo - Prefeitos &amp; Gest\u00f5es\",\"isPartOf\":{\"@id\":\"https:\/\/prefeitosegestoes.com.br\/portal\/#website\"},\"primaryImageOfPage\":{\"@id\":\"https:\/\/prefeitosegestoes.com.br\/portal\/conheca-as-quatro-escolas-brasileiras-que-sao-finalistas-em-premio-de-melhores-do-mundo\/#primaryimage\"},\"image\":{\"@id\":\"https:\/\/prefeitosegestoes.com.br\/portal\/conheca-as-quatro-escolas-brasileiras-que-sao-finalistas-em-premio-de-melhores-do-mundo\/#primaryimage\"},\"thumbnailUrl\":\"https:\/\/prefeitosegestoes.com.br\/portal\/wp-content\/uploads\/2025\/06\/large.jpg\",\"datePublished\":\"2025-06-24T20:56:16+00:00\",\"description\":\"Quatro unidades de ensino brasileiras concorrem ao pr\u00eamio de melhor escola do mundo promovido pela T4 Education, uma organiza\u00e7\u00e3o internacional que conecta educadores de mais de 100 pa\u00edses. Est\u00e3o entre os 50 finalistas escolas situadas no Maranh\u00e3o, Paran\u00e1, Rio Grande do Sul e S\u00e3o Paulo. Os vencedores ser\u00e3o divulgados em outubro.\",\"breadcrumb\":{\"@id\":\"https:\/\/prefeitosegestoes.com.br\/portal\/conheca-as-quatro-escolas-brasileiras-que-sao-finalistas-em-premio-de-melhores-do-mundo\/#breadcrumb\"},\"inLanguage\":\"pt-BR\",\"potentialAction\":[{\"@type\":\"ReadAction\",\"target\":[\"https:\/\/prefeitosegestoes.com.br\/portal\/conheca-as-quatro-escolas-brasileiras-que-sao-finalistas-em-premio-de-melhores-do-mundo\/\"]}]},{\"@type\":\"ImageObject\",\"inLanguage\":\"pt-BR\",\"@id\":\"https:\/\/prefeitosegestoes.com.br\/portal\/conheca-as-quatro-escolas-brasileiras-que-sao-finalistas-em-premio-de-melhores-do-mundo\/#primaryimage\",\"url\":\"https:\/\/prefeitosegestoes.com.br\/portal\/wp-content\/uploads\/2025\/06\/large.jpg\",\"contentUrl\":\"https:\/\/prefeitosegestoes.com.br\/portal\/wp-content\/uploads\/2025\/06\/large.jpg\",\"width\":888,\"height\":666},{\"@type\":\"BreadcrumbList\",\"@id\":\"https:\/\/prefeitosegestoes.com.br\/portal\/conheca-as-quatro-escolas-brasileiras-que-sao-finalistas-em-premio-de-melhores-do-mundo\/#breadcrumb\",\"itemListElement\":[{\"@type\":\"ListItem\",\"position\":1,\"name\":\"In\u00edcio\",\"item\":\"https:\/\/prefeitosegestoes.com.br\/portal\/\"},{\"@type\":\"ListItem\",\"position\":2,\"name\":\"Conhe\u00e7a as quatro escolas brasileiras que s\u00e3o finalistas em pr\u00eamio de melhores do mundo\"}]},{\"@type\":\"WebSite\",\"@id\":\"https:\/\/prefeitosegestoes.com.br\/portal\/#website\",\"url\":\"https:\/\/prefeitosegestoes.com.br\/portal\/\",\"name\":\"Prefeitos & Gest\u00f5es\",\"description\":\"\",\"publisher\":{\"@id\":\"https:\/\/prefeitosegestoes.com.br\/portal\/#organization\"},\"potentialAction\":[{\"@type\":\"SearchAction\",\"target\":{\"@type\":\"EntryPoint\",\"urlTemplate\":\"https:\/\/prefeitosegestoes.com.br\/portal\/?s={search_term_string}\"},\"query-input\":{\"@type\":\"PropertyValueSpecification\",\"valueRequired\":true,\"valueName\":\"search_term_string\"}}],\"inLanguage\":\"pt-BR\"},{\"@type\":\"Organization\",\"@id\":\"https:\/\/prefeitosegestoes.com.br\/portal\/#organization\",\"name\":\"Prefeitos & Gest\u00f5es\",\"url\":\"https:\/\/prefeitosegestoes.com.br\/portal\/\",\"logo\":{\"@type\":\"ImageObject\",\"inLanguage\":\"pt-BR\",\"@id\":\"https:\/\/prefeitosegestoes.com.br\/portal\/#\/schema\/logo\/image\/\",\"url\":\"https:\/\/prefeitosegestoes.com.br\/portal\/wp-content\/uploads\/2024\/10\/lg_trans_prefeitos_2024_preto2.png\",\"contentUrl\":\"https:\/\/prefeitosegestoes.com.br\/portal\/wp-content\/uploads\/2024\/10\/lg_trans_prefeitos_2024_preto2.png\",\"width\":199,\"height\":122,\"caption\":\"Prefeitos & Gest\u00f5es\"},\"image\":{\"@id\":\"https:\/\/prefeitosegestoes.com.br\/portal\/#\/schema\/logo\/image\/\"},\"sameAs\":[\"https:\/\/www.facebook.com\/prefeitosonline\",\"https:\/\/x.com\/PrefGestoes\"]},{\"@type\":\"Person\",\"@id\":\"https:\/\/prefeitosegestoes.com.br\/portal\/#\/schema\/person\/d00059f2ec99963e7e1850d448ae94b8\",\"name\":\"Prefeitos &amp; Gest\u00f5es\",\"image\":{\"@type\":\"ImageObject\",\"inLanguage\":\"pt-BR\",\"@id\":\"https:\/\/secure.gravatar.com\/avatar\/738fb281e479212ed32c1a21a4307dda9f3af9292edb6918a16c9ce9fff5f48d?s=96&d=mm&r=g\",\"url\":\"https:\/\/secure.gravatar.com\/avatar\/738fb281e479212ed32c1a21a4307dda9f3af9292edb6918a16c9ce9fff5f48d?s=96&d=mm&r=g\",\"contentUrl\":\"https:\/\/secure.gravatar.com\/avatar\/738fb281e479212ed32c1a21a4307dda9f3af9292edb6918a16c9ce9fff5f48d?s=96&d=mm&r=g\",\"caption\":\"Prefeitos &amp; Gest\u00f5es\"},\"url\":\"https:\/\/prefeitosegestoes.com.br\/portal\/author\/prefeitosegestoes\/\"}]}<\/script>\n<!-- \/ Yoast SEO plugin. -->","yoast_head_json":{"title":"Conhe\u00e7a as quatro escolas brasileiras que s\u00e3o finalistas em pr\u00eamio de melhores do mundo - Prefeitos &amp; Gest\u00f5es","description":"Quatro unidades de ensino brasileiras concorrem ao pr\u00eamio de melhor escola do mundo promovido pela T4 Education, uma organiza\u00e7\u00e3o internacional que conecta educadores de mais de 100 pa\u00edses. Est\u00e3o entre os 50 finalistas escolas situadas no Maranh\u00e3o, Paran\u00e1, Rio Grande do Sul e S\u00e3o Paulo. Os vencedores ser\u00e3o divulgados em outubro.","robots":{"index":"index","follow":"follow","max-snippet":"max-snippet:-1","max-image-preview":"max-image-preview:large","max-video-preview":"max-video-preview:-1"},"canonical":"https:\/\/prefeitosegestoes.com.br\/portal\/conheca-as-quatro-escolas-brasileiras-que-sao-finalistas-em-premio-de-melhores-do-mundo\/","og_locale":"pt_BR","og_type":"article","og_title":"Conhe\u00e7a as quatro escolas brasileiras que s\u00e3o finalistas em pr\u00eamio de melhores do mundo - Prefeitos &amp; Gest\u00f5es","og_description":"Quatro unidades de ensino brasileiras concorrem ao pr\u00eamio de melhor escola do mundo promovido pela T4 Education, uma organiza\u00e7\u00e3o internacional que conecta educadores de mais de 100 pa\u00edses. Est\u00e3o entre os 50 finalistas escolas situadas no Maranh\u00e3o, Paran\u00e1, Rio Grande do Sul e S\u00e3o Paulo. Os vencedores ser\u00e3o divulgados em outubro.","og_url":"https:\/\/prefeitosegestoes.com.br\/portal\/conheca-as-quatro-escolas-brasileiras-que-sao-finalistas-em-premio-de-melhores-do-mundo\/","og_site_name":"Prefeitos &amp; Gest\u00f5es","article_publisher":"https:\/\/www.facebook.com\/prefeitosonline","article_published_time":"2025-06-24T20:56:16+00:00","og_image":[{"width":888,"height":666,"url":"https:\/\/prefeitosegestoes.com.br\/portal\/wp-content\/uploads\/2025\/06\/large.jpg","type":"image\/jpeg"}],"author":"Prefeitos &amp; Gest\u00f5es","twitter_card":"summary_large_image","twitter_creator":"@PrefGestoes","twitter_site":"@PrefGestoes","twitter_misc":{"Escrito por":"Prefeitos &amp; Gest\u00f5es","Est. tempo de leitura":"4 minutos"},"schema":{"@context":"https:\/\/schema.org","@graph":[{"@type":"Article","@id":"https:\/\/prefeitosegestoes.com.br\/portal\/conheca-as-quatro-escolas-brasileiras-que-sao-finalistas-em-premio-de-melhores-do-mundo\/#article","isPartOf":{"@id":"https:\/\/prefeitosegestoes.com.br\/portal\/conheca-as-quatro-escolas-brasileiras-que-sao-finalistas-em-premio-de-melhores-do-mundo\/"},"author":{"name":"Prefeitos &amp; Gest\u00f5es","@id":"https:\/\/prefeitosegestoes.com.br\/portal\/#\/schema\/person\/d00059f2ec99963e7e1850d448ae94b8"},"headline":"Conhe\u00e7a as quatro escolas brasileiras que s\u00e3o finalistas em pr\u00eamio de melhores do mundo","datePublished":"2025-06-24T20:56:16+00:00","mainEntityOfPage":{"@id":"https:\/\/prefeitosegestoes.com.br\/portal\/conheca-as-quatro-escolas-brasileiras-que-sao-finalistas-em-premio-de-melhores-do-mundo\/"},"wordCount":571,"commentCount":0,"publisher":{"@id":"https:\/\/prefeitosegestoes.com.br\/portal\/#organization"},"image":{"@id":"https:\/\/prefeitosegestoes.com.br\/portal\/conheca-as-quatro-escolas-brasileiras-que-sao-finalistas-em-premio-de-melhores-do-mundo\/#primaryimage"},"thumbnailUrl":"https:\/\/prefeitosegestoes.com.br\/portal\/wp-content\/uploads\/2025\/06\/large.jpg","keywords":["Cubat\u00e3o","Escolas","Escolas Estaduais","Porto Alegre","Premia\u00e7\u00e3o","S\u00e3o Lui\u00eds","S\u00e3o Paulo"],"articleSection":["Destaques"],"inLanguage":"pt-BR","potentialAction":[{"@type":"CommentAction","name":"Comment","target":["https:\/\/prefeitosegestoes.com.br\/portal\/conheca-as-quatro-escolas-brasileiras-que-sao-finalistas-em-premio-de-melhores-do-mundo\/#respond"]}]},{"@type":"WebPage","@id":"https:\/\/prefeitosegestoes.com.br\/portal\/conheca-as-quatro-escolas-brasileiras-que-sao-finalistas-em-premio-de-melhores-do-mundo\/","url":"https:\/\/prefeitosegestoes.com.br\/portal\/conheca-as-quatro-escolas-brasileiras-que-sao-finalistas-em-premio-de-melhores-do-mundo\/","name":"Conhe\u00e7a as quatro escolas brasileiras que s\u00e3o finalistas em pr\u00eamio de melhores do mundo - Prefeitos &amp; Gest\u00f5es","isPartOf":{"@id":"https:\/\/prefeitosegestoes.com.br\/portal\/#website"},"primaryImageOfPage":{"@id":"https:\/\/prefeitosegestoes.com.br\/portal\/conheca-as-quatro-escolas-brasileiras-que-sao-finalistas-em-premio-de-melhores-do-mundo\/#primaryimage"},"image":{"@id":"https:\/\/prefeitosegestoes.com.br\/portal\/conheca-as-quatro-escolas-brasileiras-que-sao-finalistas-em-premio-de-melhores-do-mundo\/#primaryimage"},"thumbnailUrl":"https:\/\/prefeitosegestoes.com.br\/portal\/wp-content\/uploads\/2025\/06\/large.jpg","datePublished":"2025-06-24T20:56:16+00:00","description":"Quatro unidades de ensino brasileiras concorrem ao pr\u00eamio de melhor escola do mundo promovido pela T4 Education, uma organiza\u00e7\u00e3o internacional que conecta educadores de mais de 100 pa\u00edses. Est\u00e3o entre os 50 finalistas escolas situadas no Maranh\u00e3o, Paran\u00e1, Rio Grande do Sul e S\u00e3o Paulo. Os vencedores ser\u00e3o divulgados em outubro.","breadcrumb":{"@id":"https:\/\/prefeitosegestoes.com.br\/portal\/conheca-as-quatro-escolas-brasileiras-que-sao-finalistas-em-premio-de-melhores-do-mundo\/#breadcrumb"},"inLanguage":"pt-BR","potentialAction":[{"@type":"ReadAction","target":["https:\/\/prefeitosegestoes.com.br\/portal\/conheca-as-quatro-escolas-brasileiras-que-sao-finalistas-em-premio-de-melhores-do-mundo\/"]}]},{"@type":"ImageObject","inLanguage":"pt-BR","@id":"https:\/\/prefeitosegestoes.com.br\/portal\/conheca-as-quatro-escolas-brasileiras-que-sao-finalistas-em-premio-de-melhores-do-mundo\/#primaryimage","url":"https:\/\/prefeitosegestoes.com.br\/portal\/wp-content\/uploads\/2025\/06\/large.jpg","contentUrl":"https:\/\/prefeitosegestoes.com.br\/portal\/wp-content\/uploads\/2025\/06\/large.jpg","width":888,"height":666},{"@type":"BreadcrumbList","@id":"https:\/\/prefeitosegestoes.com.br\/portal\/conheca-as-quatro-escolas-brasileiras-que-sao-finalistas-em-premio-de-melhores-do-mundo\/#breadcrumb","itemListElement":[{"@type":"ListItem","position":1,"name":"In\u00edcio","item":"https:\/\/prefeitosegestoes.com.br\/portal\/"},{"@type":"ListItem","position":2,"name":"Conhe\u00e7a as quatro escolas brasileiras que s\u00e3o finalistas em pr\u00eamio de melhores do mundo"}]},{"@type":"WebSite","@id":"https:\/\/prefeitosegestoes.com.br\/portal\/#website","url":"https:\/\/prefeitosegestoes.com.br\/portal\/","name":"Prefeitos & Gest\u00f5es","description":"","publisher":{"@id":"https:\/\/prefeitosegestoes.com.br\/portal\/#organization"},"potentialAction":[{"@type":"SearchAction","target":{"@type":"EntryPoint","urlTemplate":"https:\/\/prefeitosegestoes.com.br\/portal\/?s={search_term_string}"},"query-input":{"@type":"PropertyValueSpecification","valueRequired":true,"valueName":"search_term_string"}}],"inLanguage":"pt-BR"},{"@type":"Organization","@id":"https:\/\/prefeitosegestoes.com.br\/portal\/#organization","name":"Prefeitos & Gest\u00f5es","url":"https:\/\/prefeitosegestoes.com.br\/portal\/","logo":{"@type":"ImageObject","inLanguage":"pt-BR","@id":"https:\/\/prefeitosegestoes.com.br\/portal\/#\/schema\/logo\/image\/","url":"https:\/\/prefeitosegestoes.com.br\/portal\/wp-content\/uploads\/2024\/10\/lg_trans_prefeitos_2024_preto2.png","contentUrl":"https:\/\/prefeitosegestoes.com.br\/portal\/wp-content\/uploads\/2024\/10\/lg_trans_prefeitos_2024_preto2.png","width":199,"height":122,"caption":"Prefeitos & Gest\u00f5es"},"image":{"@id":"https:\/\/prefeitosegestoes.com.br\/portal\/#\/schema\/logo\/image\/"},"sameAs":["https:\/\/www.facebook.com\/prefeitosonline","https:\/\/x.com\/PrefGestoes"]},{"@type":"Person","@id":"https:\/\/prefeitosegestoes.com.br\/portal\/#\/schema\/person\/d00059f2ec99963e7e1850d448ae94b8","name":"Prefeitos &amp; Gest\u00f5es","image":{"@type":"ImageObject","inLanguage":"pt-BR","@id":"https:\/\/secure.gravatar.com\/avatar\/738fb281e479212ed32c1a21a4307dda9f3af9292edb6918a16c9ce9fff5f48d?s=96&d=mm&r=g","url":"https:\/\/secure.gravatar.com\/avatar\/738fb281e479212ed32c1a21a4307dda9f3af9292edb6918a16c9ce9fff5f48d?s=96&d=mm&r=g","contentUrl":"https:\/\/secure.gravatar.com\/avatar\/738fb281e479212ed32c1a21a4307dda9f3af9292edb6918a16c9ce9fff5f48d?s=96&d=mm&r=g","caption":"Prefeitos &amp; Gest\u00f5es"},"url":"https:\/\/prefeitosegestoes.com.br\/portal\/author\/prefeitosegestoes\/"}]}},"_links":{"self":[{"href":"https:\/\/prefeitosegestoes.com.br\/portal\/wp-json\/wp\/v2\/posts\/3490","targetHints":{"allow":["GET"]}}],"collection":[{"href":"https:\/\/prefeitosegestoes.com.br\/portal\/wp-json\/wp\/v2\/posts"}],"about":[{"href":"https:\/\/prefeitosegestoes.com.br\/portal\/wp-json\/wp\/v2\/types\/post"}],"author":[{"embeddable":true,"href":"https:\/\/prefeitosegestoes.com.br\/portal\/wp-json\/wp\/v2\/users\/2"}],"replies":[{"embeddable":true,"href":"https:\/\/prefeitosegestoes.com.br\/portal\/wp-json\/wp\/v2\/comments?post=3490"}],"version-history":[{"count":1,"href":"https:\/\/prefeitosegestoes.com.br\/portal\/wp-json\/wp\/v2\/posts\/3490\/revisions"}],"predecessor-version":[{"id":3496,"href":"https:\/\/prefeitosegestoes.com.br\/portal\/wp-json\/wp\/v2\/posts\/3490\/revisions\/3496"}],"wp:featuredmedia":[{"embeddable":true,"href":"https:\/\/prefeitosegestoes.com.br\/portal\/wp-json\/wp\/v2\/media\/3495"}],"wp:attachment":[{"href":"https:\/\/prefeitosegestoes.com.br\/portal\/wp-json\/wp\/v2\/media?parent=3490"}],"wp:term":[{"taxonomy":"category","embeddable":true,"href":"https:\/\/prefeitosegestoes.com.br\/portal\/wp-json\/wp\/v2\/categories?post=3490"},{"taxonomy":"post_tag","embeddable":true,"href":"https:\/\/prefeitosegestoes.com.br\/portal\/wp-json\/wp\/v2\/tags?post=3490"}],"curies":[{"name":"wp","href":"https:\/\/api.w.org\/{rel}","templated":true}]}}