{"id":3485,"date":"2025-06-23T10:54:46","date_gmt":"2025-06-23T13:54:46","guid":{"rendered":"https:\/\/prefeitosegestoes.com.br\/portal\/?p=3485"},"modified":"2025-06-23T10:54:46","modified_gmt":"2025-06-23T13:54:46","slug":"ministerio-da-saude-estabelece-as-linhas-de-acao-para-reduzir-tempo-de-espera-por-atendimento-especializado-no-sus","status":"publish","type":"post","link":"https:\/\/prefeitosegestoes.com.br\/portal\/ministerio-da-saude-estabelece-as-linhas-de-acao-para-reduzir-tempo-de-espera-por-atendimento-especializado-no-sus\/","title":{"rendered":"Minist\u00e9rio da Sa\u00fade estabelece as linhas de a\u00e7\u00e3o para reduzir tempo de espera por atendimento especializado no SUS"},"content":{"rendered":"<article>\n<h6>Foto: Fernando Fraz\u00e3o\/Ag\u00eancia Brasil<\/h6>\n<h1 class=\"documentFirstHeading\">Agora Tem Especialistas: Minist\u00e9rio da Sa\u00fade estabelece as linhas de a\u00e7\u00e3o para reduzir tempo de espera por atendimento especializado no SUS<\/h1>\n<div class=\"documentDescription\">Portaria publicada nesta semana regulamenta o programa criado para ampliar consultas especializadas, exames e cirurgias no SUS e estabelece as estrat\u00e9gias para operacionaliz\u00e1-lo.<\/div>\n<div><\/div>\n<div id=\"viewlet-above-content-body\">\n<div class=\"social-links\"><label>Compartilhe:<\/label>\u00a0<a class=\"\" title=\"Facebook\" href=\"http:\/\/www.facebook.com\/sharer.php?u=https:\/\/www.gov.br\/saude\/pt-br\/assuntos\/noticias\/2025\/junho\/agora-tem-especialistas-ministerio-da-saude-estabelece-as-linhas-de-acao-para-reduzir-tempo-de-espera-por-atendimento-especializado-no-sus\">\u00a0<span class=\"sr-only\">Compartilhe por Facebook<\/span><\/a><a class=\"\" title=\"Twitter\" href=\"https:\/\/twitter.com\/share?text=Agora%20Tem%20Especialistas%3A%20Minist%C3%A9rio%20da%20Sa%C3%BAde%20estabelece%20as%20linhas%20de%20a%C3%A7%C3%A3o%20para%20reduzir%20tempo%20de%20espera%20por%20atendimento%20especializado%20no%20SUS&amp;url=https:\/\/www.gov.br\/saude\/resolveuid\/b60dd1f8bd814774baa6a58d0cca094a\">\u00a0<span class=\"sr-only\">Compartilhe por Twitter<\/span><\/a><a class=\"\" title=\"LinkedIn\" href=\"https:\/\/www.linkedin.com\/shareArticle?mini=true&amp;url=https:\/\/www.gov.br\/saude\/pt-br\/assuntos\/noticias\/2025\/junho\/agora-tem-especialistas-ministerio-da-saude-estabelece-as-linhas-de-acao-para-reduzir-tempo-de-espera-por-atendimento-especializado-no-sus&amp;title=Agora%20Tem%20Especialistas%3A%20Minist%C3%A9rio%20da%20Sa%C3%BAde%20estabelece%20as%20linhas%20de%20a%C3%A7%C3%A3o%20para%20reduzir%20tempo%20de%20espera%20por%20atendimento%20especializado%20no%20SUS\">\u00a0<span class=\"sr-only\">Compartilhe por LinkedIn<\/span><\/a><a class=\"link-whatsapp\" title=\"WhatsApp\" href=\"https:\/\/api.whatsapp.com\/send?text=https:\/\/www.gov.br\/saude\/pt-br\/assuntos\/noticias\/2025\/junho\/agora-tem-especialistas-ministerio-da-saude-estabelece-as-linhas-de-acao-para-reduzir-tempo-de-espera-por-atendimento-especializado-no-sus\">\u00a0<span class=\"sr-only\">Compartilhe por WhatsApp<\/span><\/a><a class=\"link-clipboard\" title=\"Copiar para \u00e1rea de transfer\u00eancia\" href=\"https:\/\/www.gov.br\/saude\/pt-br\/assuntos\/noticias\/2025\/junho\/agora-tem-especialistas-ministerio-da-saude-estabelece-as-linhas-de-acao-para-reduzir-tempo-de-espera-por-atendimento-especializado-no-sus\"><span class=\"sr-only\">link para Copiar para \u00e1rea de transfer\u00eancia<\/span><\/a><\/div>\n<div id=\"plone-document-byline\" class=\"documentByLine\"><span class=\"documentPublished\">Publicado em\u00a0<span class=\"value\">20\/06\/2025 11h02<\/span>\u00a0<\/span><span class=\"documentModified\">Atualizado em\u00a0<span class=\"value\">20\/06\/2025 11h16<\/span><\/span><\/div>\n<div id=\"media\"><img fetchpriority=\"high\" decoding=\"async\" src=\"https:\/\/www.gov.br\/saude\/pt-br\/assuntos\/noticias\/2025\/junho\/agora-tem-especialistas-ministerio-da-saude-estabelece-as-linhas-de-acao-para-reduzir-tempo-de-espera-por-atendimento-especializado-no-sus\/img-20250619-wa0099.jpg\/@@images\/3dcb036d-7b54-4a31-bc22-dfe31df0c869.jpeg\" alt=\"IMG-20250619-WA0099.jpg\" width=\"768\" height=\"353\" \/><\/p>\n<p class=\"discreet\">Foto: Divulga\u00e7\u00e3o\/MS<\/p>\n<\/div>\n<\/div>\n<div id=\"content-core\">\n<div id=\"parent-fieldname-text\" class=\"\">\n<div>\n<p>Portaria do Minist\u00e9rio da Sa\u00fade publicada nesta quarta-feira (18\/06) regulamenta o programa\u00a0<a class=\"external-link\" title=\"\" href=\"https:\/\/www.gov.br\/saude\/pt-br\/composicao\/saes\/agora-tem-especialistas\" target=\"_blank\" rel=\"noopener\" data-tippreview-enabled=\"false\" data-tippreview-image=\"\" data-tippreview-title=\"\">Agora Tem Especialistas<\/a>, que vai ampliar o acesso da popula\u00e7\u00e3o a consultas, exames e cirurgias no\u00a0<a class=\"internal-link\" title=\"\" href=\"https:\/\/www.gov.br\/saude\/pt-br\/sus\" target=\"_blank\" rel=\"noopener\" data-tippreview-image=\"\" data-tippreview-title=\"\" data-tippreview-enabled=\"false\">SUS<\/a>. A iniciativa possibilita a utiliza\u00e7\u00e3o de toda a estrutura de sa\u00fade do pa\u00eds, p\u00fablica e privada, aumentando a capacidade de atendimento em apoio aos estados e munic\u00edpios. A expectativa, com os novos mecanismos, \u00e9 reduzir o tempo de espera dos pacientes.<\/p>\n<p>O Agora Tem Especialistas tamb\u00e9m prev\u00ea a cria\u00e7\u00e3o de uma rede de diagn\u00f3stico de c\u00e2ncer e, para chegar \u00e0s regi\u00f5es mais distantes, a expans\u00e3o da\u00a0<a class=\"external-link\" title=\"\" href=\"https:\/\/www.gov.br\/saude\/pt-br\/composicao\/seidigi\/sus-digital\/telessaude\" target=\"_blank\" rel=\"noopener\" data-tippreview-enabled=\"false\" data-tippreview-image=\"\" data-tippreview-title=\"\">telessa\u00fade\u00a0<\/a>e uso de carretas especializadas. Outra frente \u00e9 forma\u00e7\u00e3o e o provimento de profissionais para ampliar a oferta de m\u00e9dicos especialistas no SUS.<\/p>\n<p>\u201cUm pa\u00eds com dimens\u00f5es continentais como o Brasil exige estrat\u00e9gias inovadoras. Por isso, lan\u00e7amos o Agora Tem Especialistas, que traz novos instrumentos para a rela\u00e7\u00e3o federativa. Com o programa, criamos novas condi\u00e7\u00f5es de apoio aos estados e munic\u00edpios, de modo a viabilizar um atendimento mais r\u00e1pido no tempo oportuno\u201d, explicou o ministro da Sa\u00fade, Alexandre Padilha.<\/p>\n<p>A portaria estabelece seis estrat\u00e9gias para a operacionaliza\u00e7\u00e3o do programa em a\u00e7\u00f5es conjuntas com os gestores dos estados e munic\u00edpios:<\/p>\n<p>1. Amplia\u00e7\u00e3o do uso da capacidade instalada p\u00fablica, rede complementar e suplementar<\/p>\n<p>2. Realiza\u00e7\u00e3o de mutir\u00f5es e disponibiliza\u00e7\u00e3o de servi\u00e7os m\u00f3veis especializados<\/p>\n<p>3. Comunica\u00e7\u00e3o direta com cidad\u00e3os, gestores e trabalhadores da sa\u00fade pelas plataformas do SUS Digital<\/p>\n<p>4. Oferta de estrat\u00e9gias de acesso inter-regionais e interestaduais para otimizar o atendimento oncol\u00f3gico<\/p>\n<p>5. Estrutura\u00e7\u00e3o dos Complexos Regulat\u00f3rios da Sa\u00fade<\/p>\n<p>6. Implementa\u00e7\u00e3o de a\u00e7\u00f5es de provimento e forma\u00e7\u00e3o de m\u00e9dicos especialistas<\/p>\n<p>Essas estrat\u00e9gias ser\u00e3o adotadas a partir de a\u00e7\u00f5es que abarcam oito componentes, como o ambulatorial e cir\u00fargico, o acesso \u00e0 radioterapia, uso de cr\u00e9ditos financeiros e ressarcimento ao SUS e presta\u00e7\u00e3o de servi\u00e7os especializados em car\u00e1ter complementar entre outros. Saiba mais sobre esses componentes:<\/p>\n<p><b>Troca de d\u00edvidas por atendimento aos pacientes do SUS<\/b><\/p>\n<p>O Agora Tem Especialistas possibilita a troca de d\u00edvidas da iniciativa privada por atendimentos aos pacientes do SUS. Para operacionalizar essa medida, a portaria estabelece os componentes cr\u00e9dito financeiro e ressarcimento ao SUS.<\/p>\n<p>O primeiro se refere \u00e0 compensa\u00e7\u00e3o de d\u00edvidas tribut\u00e1rias com a Uni\u00e3o como contrapartida \u00e0 presta\u00e7\u00e3o de servi\u00e7os especializados aos pacientes do SUS, o que poder\u00e1 ser feito por estabelecimentos privados, com ou sem fins lucrativos. Para participarem, essas unidades dever\u00e3o aderir ao programa.<\/p>\n<p>J\u00e1 o segundo \u00e9 destinado \u00e0s operadoras de planos de sa\u00fade, que poder\u00e3o converter as d\u00edvidas de recursos que deveriam ressarcir ao SUS em presta\u00e7\u00e3o de servi\u00e7os especializados.<\/p>\n<p><b>Credenciamento de cl\u00ednicas, hospitais e outros estabelecimentos privados<\/b><\/p>\n<p>A presta\u00e7\u00e3o de servi\u00e7os especializados em car\u00e1ter complementar \u00e9 outra linha de a\u00e7\u00e3o do Agora Tem Especialistas. Ela estabelece o atendimento direto \u00e0 popula\u00e7\u00e3o por meio de contrata\u00e7\u00f5es de servi\u00e7os em apoio aos estados e munic\u00edpios e a partir das necessidades identificadas por eles, conectando essa nova oferta aos fluxos de regula\u00e7\u00e3o do acesso j\u00e1 existentes nos territ\u00f3rios.<\/p>\n<p>Para participar do programa, poder\u00e3o se credenciar em edital da pasta estabelecimentos de sa\u00fade privados, como consult\u00f3rios, cl\u00ednicas, hospitais e centros diagn\u00f3sticos. J\u00e1 empresas com capacidade instalada ociosa que prestem servi\u00e7os de sa\u00fade \u2013 e tenham profissionais, equipamentos, insumos e medicamentos &#8211; dever\u00e3o aderir ao credenciamento de institui\u00e7\u00f5es da administra\u00e7\u00e3o indireta federal ou da Ag\u00eancia Brasileira de Apoio \u00e0 Gest\u00e3o do Sistema \u00danico de Sa\u00fade (AgSUS).<\/p>\n<p>Essas institui\u00e7\u00f5es tamb\u00e9m poder\u00e3o credenciar empresas que executem servi\u00e7os de sa\u00fade em unidades m\u00f3veis. O objetivo \u00e9 levar atendimentos especializados &#8211; como consultas, exames, procedimentos diagn\u00f3sticos e terap\u00eauticos, al\u00e9m de cirurgias eletivas \u2013 a comunidades ind\u00edgenas e quilombolas, al\u00e9m de pacientes que vivem em \u00e1reas de dif\u00edcil provimento ou que tenham servi\u00e7os insuficientes para atender grande demanda e tempo de espera.<\/p>\n<p><b>Tratamento do c\u00e2ncer no tempo certo<\/b><\/p>\n<p>At\u00e9 o fim de 2026, o programa prev\u00ea 121 novos aceleradores lineares, que j\u00e1 come\u00e7aram a ser entregues aos munic\u00edpios. A expectativa \u00e9 atender mais de 72 mil novos pacientes por ano.<\/p>\n<p>Outra medida para viabilizar o tratamento do c\u00e2ncer no tempo certo \u00e9 a cria\u00e7\u00e3o do Super Centro Brasil para Diagn\u00f3stico do C\u00e2ncer, que contar\u00e1 com teleconsultoria, telelaudos e telepatologia.<\/p>\n<p>As normas para operacionaliza\u00e7\u00e3o, financiamento e ades\u00e3o a mais servi\u00e7os de radioterapia estar\u00e3o contempladas em outro ato normativo do Minist\u00e9rio da Sa\u00fade.<b><\/b><\/p>\n<p><b>SUS Digital e regula\u00e7\u00e3o para controle e avalia\u00e7\u00e3o<\/b><\/p>\n<p>A norma divulgada estabelece que o Minist\u00e9rio da Sa\u00fade disponibilizar\u00e1 pain\u00e9is para monitoramento em tempo real, com indicadores de produ\u00e7\u00e3o, tempo de espera, cobertura assistencial e desempenho por territ\u00f3rio. O controle ser\u00e1 feito com base nos dados registrados nos sistemas nacionais e na Rede Nacional de Dados em Sa\u00fade (RNDS).<\/p>\n<p>Quanto ao SUS Digital, a portaria prev\u00ea a interoperabilidade de dados com a RNDS. Nesta segunda-feira (16), o Minist\u00e9rio da Sa\u00fade anunciou que o SUS Digital Gestor ser\u00e1 lan\u00e7ado em julho. Essa plataforma oferecer\u00e1 um painel integrado com indicadores estrat\u00e9gicos e dados de sa\u00fade, al\u00e9m de informa\u00e7\u00f5es da lista de espera da regula\u00e7\u00e3o assistencial e dados sobre busca ativa de vacinas.<\/p>\n<p>Os pacientes atendidos pelo Agora Tem Especialista est\u00e3o recebendo mensagens pelo aplicativo Meu SUS Digital. A partir de agosto, ser\u00e3o os usu\u00e1rios que j\u00e1 realizaram cirurgias.<\/p>\n<p><b>Forma\u00e7\u00e3o e provimento de m\u00e9dicos especialistas<\/b><\/p>\n<p>Pelo programa Agora Tem Especialistas, o Minist\u00e9rio da Sa\u00fade vai ofertar 3.500 bolsas para ampliar o n\u00famero de profissionais especialistas com foco nas regi\u00f5es mais desassistidas do pa\u00eds. A medida visa incentivar a atua\u00e7\u00e3o de m\u00e9dicos especialistas no\u00a0SUS.<\/p>\n<p>Do total das vagas, 3 mil visam fomentar a forma\u00e7\u00e3o de residentes especialistas e 500 s\u00e3o para provimento imediato de m\u00e9dicos especialistas no SUS. Esses 500 profissionais ser\u00e3o selecionados em edital in\u00e9dito do Mais M\u00e9dicos Especialistas \u2013 a ades\u00e3o dos gestores est\u00e1 em curso.<\/p>\n<p><em>Fonte<\/em><\/p>\n<p><em>Minist\u00e9rio da Sa\u00fade<\/em><\/p>\n<\/div>\n<\/div>\n<\/div>\n<div id=\"formfield-form-widgets-categoria\" class=\"field z3cformInlineValidation\"><label class=\"horizontal\">Categoria<\/label><\/p>\n<div id=\"form-widgets-categoria\" class=\"contenttree-widget relationchoice-field\">Sa\u00fade e Vigil\u00e2ncia Sanit\u00e1ria<\/div>\n<\/div>\n<\/article>\n<div class=\"column\">\n<div id=\"category\">Tags:\u00a0<a class=\"link-category\" href=\"https:\/\/www.gov.br\/saude\/pt-br\/@@search?origem=keyword&amp;SearchableText=aten%C3%A7%C3%A3o%20especializada%20%C3%A0%20sa%C3%BAde\">aten\u00e7\u00e3o especializada \u00e0 sa\u00fade<\/a><a class=\"link-category\" href=\"https:\/\/www.gov.br\/saude\/pt-br\/@@search?origem=keyword&amp;SearchableText=agora%20tem%20especialistas\">agora tem especialistas<\/a><a class=\"link-category\" href=\"https:\/\/www.gov.br\/saude\/pt-br\/@@search?origem=keyword&amp;SearchableText=aten%C3%A7%C3%A3o%20prim%C3%A1ria\">aten\u00e7\u00e3o prim\u00e1ria<\/a><\/div>\n<\/div>\n<div class=\"conteudo-relacionado\">\n<div class=\"tile-header\"><\/div>\n<\/div>\n","protected":false},"excerpt":{"rendered":"<p>Foto: Fernando Fraz\u00e3o\/Ag\u00eancia Brasil Agora Tem Especialistas: Minist\u00e9rio da Sa\u00fade estabelece as linhas de a\u00e7\u00e3o para reduzir tempo de espera por atendimento especializado no SUS Portaria publicada nesta semana regulamenta o programa criado para ampliar consultas especializadas, exames e cirurgias no SUS e estabelece as estrat\u00e9gias para operacionaliz\u00e1-lo. Compartilhe:\u00a0\u00a0Compartilhe por Facebook\u00a0Compartilhe por Twitter\u00a0Compartilhe por LinkedIn\u00a0Compartilhe [&hellip;]<\/p>\n","protected":false},"author":2,"featured_media":3486,"comment_status":"open","ping_status":"open","sticky":false,"template":"","format":"standard","meta":{"rop_custom_images_group":[],"rop_custom_messages_group":[],"rop_publish_now":"initial","rop_publish_now_accounts":{"twitter_850042665852968960_850042665852968960":""},"rop_publish_now_history":[],"rop_publish_now_status":"pending","footnotes":""},"categories":[15],"tags":[657,656,181,638,658],"class_list":["post-3485","post","type-post","status-publish","format-standard","has-post-thumbnail","hentry","category-destaques","tag-especialistas","tag-fila","tag-saude","tag-sus","tag-telesaude"],"yoast_head":"<!-- This site is optimized with the Yoast SEO plugin v27.2 - https:\/\/yoast.com\/product\/yoast-seo-wordpress\/ -->\n<title>Minist\u00e9rio da Sa\u00fade estabelece as linhas de a\u00e7\u00e3o para reduzir tempo de espera por atendimento especializado no SUS - Prefeitos &amp; Gest\u00f5es<\/title>\n<meta name=\"description\" content=\"Portaria do Minist\u00e9rio da Sa\u00fade publicada nesta quarta-feira (18\/06) regulamenta o programa\u00a0Agora Tem Especialistas, que vai ampliar o acesso da popula\u00e7\u00e3o a consultas, exames e cirurgias no\u00a0SUS. A iniciativa possibilita a utiliza\u00e7\u00e3o de toda a estrutura de sa\u00fade do pa\u00eds, p\u00fablica e privada, aumentando a capacidade de atendimento em apoio aos estados e munic\u00edpios. A expectativa, com os novos mecanismos, \u00e9 reduzir o tempo de espera dos pacientes.\" \/>\n<meta name=\"robots\" content=\"index, follow, max-snippet:-1, max-image-preview:large, max-video-preview:-1\" \/>\n<link rel=\"canonical\" href=\"https:\/\/prefeitosegestoes.com.br\/portal\/ministerio-da-saude-estabelece-as-linhas-de-acao-para-reduzir-tempo-de-espera-por-atendimento-especializado-no-sus\/\" \/>\n<meta property=\"og:locale\" content=\"pt_BR\" \/>\n<meta property=\"og:type\" content=\"article\" \/>\n<meta property=\"og:title\" content=\"Minist\u00e9rio da Sa\u00fade estabelece as linhas de a\u00e7\u00e3o para reduzir tempo de espera por atendimento especializado no SUS - Prefeitos &amp; Gest\u00f5es\" \/>\n<meta property=\"og:description\" content=\"Portaria do Minist\u00e9rio da Sa\u00fade publicada nesta quarta-feira (18\/06) regulamenta o programa\u00a0Agora Tem Especialistas, que vai ampliar o acesso da popula\u00e7\u00e3o a consultas, exames e cirurgias no\u00a0SUS. A iniciativa possibilita a utiliza\u00e7\u00e3o de toda a estrutura de sa\u00fade do pa\u00eds, p\u00fablica e privada, aumentando a capacidade de atendimento em apoio aos estados e munic\u00edpios. A expectativa, com os novos mecanismos, \u00e9 reduzir o tempo de espera dos pacientes.\" \/>\n<meta property=\"og:url\" content=\"https:\/\/prefeitosegestoes.com.br\/portal\/ministerio-da-saude-estabelece-as-linhas-de-acao-para-reduzir-tempo-de-espera-por-atendimento-especializado-no-sus\/\" \/>\n<meta property=\"og:site_name\" content=\"Prefeitos &amp; Gest\u00f5es\" \/>\n<meta property=\"article:publisher\" content=\"https:\/\/www.facebook.com\/prefeitosonline\" \/>\n<meta property=\"article:published_time\" content=\"2025-06-23T13:54:46+00:00\" \/>\n<meta property=\"og:image\" content=\"https:\/\/prefeitosegestoes.com.br\/portal\/wp-content\/uploads\/2025\/06\/d6a3183.webp\" \/>\n\t<meta property=\"og:image:width\" content=\"1024\" \/>\n\t<meta property=\"og:image:height\" content=\"768\" \/>\n\t<meta property=\"og:image:type\" content=\"image\/webp\" \/>\n<meta name=\"author\" content=\"Prefeitos &amp; Gest\u00f5es\" \/>\n<meta name=\"twitter:card\" content=\"summary_large_image\" \/>\n<meta name=\"twitter:creator\" content=\"@PrefGestoes\" \/>\n<meta name=\"twitter:site\" content=\"@PrefGestoes\" \/>\n<meta name=\"twitter:label1\" content=\"Escrito por\" \/>\n\t<meta name=\"twitter:data1\" content=\"Prefeitos &amp; Gest\u00f5es\" \/>\n\t<meta name=\"twitter:label2\" content=\"Est. tempo de leitura\" \/>\n\t<meta name=\"twitter:data2\" content=\"7 minutos\" \/>\n<script type=\"application\/ld+json\" class=\"yoast-schema-graph\">{\"@context\":\"https:\/\/schema.org\",\"@graph\":[{\"@type\":\"Article\",\"@id\":\"https:\/\/prefeitosegestoes.com.br\/portal\/ministerio-da-saude-estabelece-as-linhas-de-acao-para-reduzir-tempo-de-espera-por-atendimento-especializado-no-sus\/#article\",\"isPartOf\":{\"@id\":\"https:\/\/prefeitosegestoes.com.br\/portal\/ministerio-da-saude-estabelece-as-linhas-de-acao-para-reduzir-tempo-de-espera-por-atendimento-especializado-no-sus\/\"},\"author\":{\"name\":\"Prefeitos &amp; Gest\u00f5es\",\"@id\":\"https:\/\/prefeitosegestoes.com.br\/portal\/#\/schema\/person\/d00059f2ec99963e7e1850d448ae94b8\"},\"headline\":\"Minist\u00e9rio da Sa\u00fade estabelece as linhas de a\u00e7\u00e3o para reduzir tempo de espera por atendimento especializado no SUS\",\"datePublished\":\"2025-06-23T13:54:46+00:00\",\"mainEntityOfPage\":{\"@id\":\"https:\/\/prefeitosegestoes.com.br\/portal\/ministerio-da-saude-estabelece-as-linhas-de-acao-para-reduzir-tempo-de-espera-por-atendimento-especializado-no-sus\/\"},\"wordCount\":1200,\"commentCount\":0,\"publisher\":{\"@id\":\"https:\/\/prefeitosegestoes.com.br\/portal\/#organization\"},\"image\":{\"@id\":\"https:\/\/prefeitosegestoes.com.br\/portal\/ministerio-da-saude-estabelece-as-linhas-de-acao-para-reduzir-tempo-de-espera-por-atendimento-especializado-no-sus\/#primaryimage\"},\"thumbnailUrl\":\"https:\/\/prefeitosegestoes.com.br\/portal\/wp-content\/uploads\/2025\/06\/d6a3183.webp\",\"keywords\":[\"Especialistas\",\"Fila\",\"Sa\u00fade\",\"SUS\",\"Telesa\u00fade\"],\"articleSection\":[\"Destaques\"],\"inLanguage\":\"pt-BR\",\"potentialAction\":[{\"@type\":\"CommentAction\",\"name\":\"Comment\",\"target\":[\"https:\/\/prefeitosegestoes.com.br\/portal\/ministerio-da-saude-estabelece-as-linhas-de-acao-para-reduzir-tempo-de-espera-por-atendimento-especializado-no-sus\/#respond\"]}]},{\"@type\":\"WebPage\",\"@id\":\"https:\/\/prefeitosegestoes.com.br\/portal\/ministerio-da-saude-estabelece-as-linhas-de-acao-para-reduzir-tempo-de-espera-por-atendimento-especializado-no-sus\/\",\"url\":\"https:\/\/prefeitosegestoes.com.br\/portal\/ministerio-da-saude-estabelece-as-linhas-de-acao-para-reduzir-tempo-de-espera-por-atendimento-especializado-no-sus\/\",\"name\":\"Minist\u00e9rio da Sa\u00fade estabelece as linhas de a\u00e7\u00e3o para reduzir tempo de espera por atendimento especializado no SUS - Prefeitos &amp; Gest\u00f5es\",\"isPartOf\":{\"@id\":\"https:\/\/prefeitosegestoes.com.br\/portal\/#website\"},\"primaryImageOfPage\":{\"@id\":\"https:\/\/prefeitosegestoes.com.br\/portal\/ministerio-da-saude-estabelece-as-linhas-de-acao-para-reduzir-tempo-de-espera-por-atendimento-especializado-no-sus\/#primaryimage\"},\"image\":{\"@id\":\"https:\/\/prefeitosegestoes.com.br\/portal\/ministerio-da-saude-estabelece-as-linhas-de-acao-para-reduzir-tempo-de-espera-por-atendimento-especializado-no-sus\/#primaryimage\"},\"thumbnailUrl\":\"https:\/\/prefeitosegestoes.com.br\/portal\/wp-content\/uploads\/2025\/06\/d6a3183.webp\",\"datePublished\":\"2025-06-23T13:54:46+00:00\",\"description\":\"Portaria do Minist\u00e9rio da Sa\u00fade publicada nesta quarta-feira (18\/06) regulamenta o programa\u00a0Agora Tem Especialistas, que vai ampliar o acesso da popula\u00e7\u00e3o a consultas, exames e cirurgias no\u00a0SUS. A iniciativa possibilita a utiliza\u00e7\u00e3o de toda a estrutura de sa\u00fade do pa\u00eds, p\u00fablica e privada, aumentando a capacidade de atendimento em apoio aos estados e munic\u00edpios. A expectativa, com os novos mecanismos, \u00e9 reduzir o tempo de espera dos pacientes.\",\"breadcrumb\":{\"@id\":\"https:\/\/prefeitosegestoes.com.br\/portal\/ministerio-da-saude-estabelece-as-linhas-de-acao-para-reduzir-tempo-de-espera-por-atendimento-especializado-no-sus\/#breadcrumb\"},\"inLanguage\":\"pt-BR\",\"potentialAction\":[{\"@type\":\"ReadAction\",\"target\":[\"https:\/\/prefeitosegestoes.com.br\/portal\/ministerio-da-saude-estabelece-as-linhas-de-acao-para-reduzir-tempo-de-espera-por-atendimento-especializado-no-sus\/\"]}]},{\"@type\":\"ImageObject\",\"inLanguage\":\"pt-BR\",\"@id\":\"https:\/\/prefeitosegestoes.com.br\/portal\/ministerio-da-saude-estabelece-as-linhas-de-acao-para-reduzir-tempo-de-espera-por-atendimento-especializado-no-sus\/#primaryimage\",\"url\":\"https:\/\/prefeitosegestoes.com.br\/portal\/wp-content\/uploads\/2025\/06\/d6a3183.webp\",\"contentUrl\":\"https:\/\/prefeitosegestoes.com.br\/portal\/wp-content\/uploads\/2025\/06\/d6a3183.webp\",\"width\":1024,\"height\":768},{\"@type\":\"BreadcrumbList\",\"@id\":\"https:\/\/prefeitosegestoes.com.br\/portal\/ministerio-da-saude-estabelece-as-linhas-de-acao-para-reduzir-tempo-de-espera-por-atendimento-especializado-no-sus\/#breadcrumb\",\"itemListElement\":[{\"@type\":\"ListItem\",\"position\":1,\"name\":\"In\u00edcio\",\"item\":\"https:\/\/prefeitosegestoes.com.br\/portal\/\"},{\"@type\":\"ListItem\",\"position\":2,\"name\":\"Minist\u00e9rio da Sa\u00fade estabelece as linhas de a\u00e7\u00e3o para reduzir tempo de espera por atendimento especializado no SUS\"}]},{\"@type\":\"WebSite\",\"@id\":\"https:\/\/prefeitosegestoes.com.br\/portal\/#website\",\"url\":\"https:\/\/prefeitosegestoes.com.br\/portal\/\",\"name\":\"Prefeitos & Gest\u00f5es\",\"description\":\"\",\"publisher\":{\"@id\":\"https:\/\/prefeitosegestoes.com.br\/portal\/#organization\"},\"potentialAction\":[{\"@type\":\"SearchAction\",\"target\":{\"@type\":\"EntryPoint\",\"urlTemplate\":\"https:\/\/prefeitosegestoes.com.br\/portal\/?s={search_term_string}\"},\"query-input\":{\"@type\":\"PropertyValueSpecification\",\"valueRequired\":true,\"valueName\":\"search_term_string\"}}],\"inLanguage\":\"pt-BR\"},{\"@type\":\"Organization\",\"@id\":\"https:\/\/prefeitosegestoes.com.br\/portal\/#organization\",\"name\":\"Prefeitos & Gest\u00f5es\",\"url\":\"https:\/\/prefeitosegestoes.com.br\/portal\/\",\"logo\":{\"@type\":\"ImageObject\",\"inLanguage\":\"pt-BR\",\"@id\":\"https:\/\/prefeitosegestoes.com.br\/portal\/#\/schema\/logo\/image\/\",\"url\":\"https:\/\/prefeitosegestoes.com.br\/portal\/wp-content\/uploads\/2024\/10\/lg_trans_prefeitos_2024_preto2.png\",\"contentUrl\":\"https:\/\/prefeitosegestoes.com.br\/portal\/wp-content\/uploads\/2024\/10\/lg_trans_prefeitos_2024_preto2.png\",\"width\":199,\"height\":122,\"caption\":\"Prefeitos & Gest\u00f5es\"},\"image\":{\"@id\":\"https:\/\/prefeitosegestoes.com.br\/portal\/#\/schema\/logo\/image\/\"},\"sameAs\":[\"https:\/\/www.facebook.com\/prefeitosonline\",\"https:\/\/x.com\/PrefGestoes\"]},{\"@type\":\"Person\",\"@id\":\"https:\/\/prefeitosegestoes.com.br\/portal\/#\/schema\/person\/d00059f2ec99963e7e1850d448ae94b8\",\"name\":\"Prefeitos &amp; Gest\u00f5es\",\"image\":{\"@type\":\"ImageObject\",\"inLanguage\":\"pt-BR\",\"@id\":\"https:\/\/secure.gravatar.com\/avatar\/738fb281e479212ed32c1a21a4307dda9f3af9292edb6918a16c9ce9fff5f48d?s=96&d=mm&r=g\",\"url\":\"https:\/\/secure.gravatar.com\/avatar\/738fb281e479212ed32c1a21a4307dda9f3af9292edb6918a16c9ce9fff5f48d?s=96&d=mm&r=g\",\"contentUrl\":\"https:\/\/secure.gravatar.com\/avatar\/738fb281e479212ed32c1a21a4307dda9f3af9292edb6918a16c9ce9fff5f48d?s=96&d=mm&r=g\",\"caption\":\"Prefeitos &amp; Gest\u00f5es\"},\"url\":\"https:\/\/prefeitosegestoes.com.br\/portal\/author\/prefeitosegestoes\/\"}]}<\/script>\n<!-- \/ Yoast SEO plugin. -->","yoast_head_json":{"title":"Minist\u00e9rio da Sa\u00fade estabelece as linhas de a\u00e7\u00e3o para reduzir tempo de espera por atendimento especializado no SUS - Prefeitos &amp; Gest\u00f5es","description":"Portaria do Minist\u00e9rio da Sa\u00fade publicada nesta quarta-feira (18\/06) regulamenta o programa\u00a0Agora Tem Especialistas, que vai ampliar o acesso da popula\u00e7\u00e3o a consultas, exames e cirurgias no\u00a0SUS. A iniciativa possibilita a utiliza\u00e7\u00e3o de toda a estrutura de sa\u00fade do pa\u00eds, p\u00fablica e privada, aumentando a capacidade de atendimento em apoio aos estados e munic\u00edpios. A expectativa, com os novos mecanismos, \u00e9 reduzir o tempo de espera dos pacientes.","robots":{"index":"index","follow":"follow","max-snippet":"max-snippet:-1","max-image-preview":"max-image-preview:large","max-video-preview":"max-video-preview:-1"},"canonical":"https:\/\/prefeitosegestoes.com.br\/portal\/ministerio-da-saude-estabelece-as-linhas-de-acao-para-reduzir-tempo-de-espera-por-atendimento-especializado-no-sus\/","og_locale":"pt_BR","og_type":"article","og_title":"Minist\u00e9rio da Sa\u00fade estabelece as linhas de a\u00e7\u00e3o para reduzir tempo de espera por atendimento especializado no SUS - Prefeitos &amp; Gest\u00f5es","og_description":"Portaria do Minist\u00e9rio da Sa\u00fade publicada nesta quarta-feira (18\/06) regulamenta o programa\u00a0Agora Tem Especialistas, que vai ampliar o acesso da popula\u00e7\u00e3o a consultas, exames e cirurgias no\u00a0SUS. A iniciativa possibilita a utiliza\u00e7\u00e3o de toda a estrutura de sa\u00fade do pa\u00eds, p\u00fablica e privada, aumentando a capacidade de atendimento em apoio aos estados e munic\u00edpios. A expectativa, com os novos mecanismos, \u00e9 reduzir o tempo de espera dos pacientes.","og_url":"https:\/\/prefeitosegestoes.com.br\/portal\/ministerio-da-saude-estabelece-as-linhas-de-acao-para-reduzir-tempo-de-espera-por-atendimento-especializado-no-sus\/","og_site_name":"Prefeitos &amp; Gest\u00f5es","article_publisher":"https:\/\/www.facebook.com\/prefeitosonline","article_published_time":"2025-06-23T13:54:46+00:00","og_image":[{"width":1024,"height":768,"url":"https:\/\/prefeitosegestoes.com.br\/portal\/wp-content\/uploads\/2025\/06\/d6a3183.webp","type":"image\/webp"}],"author":"Prefeitos &amp; Gest\u00f5es","twitter_card":"summary_large_image","twitter_creator":"@PrefGestoes","twitter_site":"@PrefGestoes","twitter_misc":{"Escrito por":"Prefeitos &amp; Gest\u00f5es","Est. tempo de leitura":"7 minutos"},"schema":{"@context":"https:\/\/schema.org","@graph":[{"@type":"Article","@id":"https:\/\/prefeitosegestoes.com.br\/portal\/ministerio-da-saude-estabelece-as-linhas-de-acao-para-reduzir-tempo-de-espera-por-atendimento-especializado-no-sus\/#article","isPartOf":{"@id":"https:\/\/prefeitosegestoes.com.br\/portal\/ministerio-da-saude-estabelece-as-linhas-de-acao-para-reduzir-tempo-de-espera-por-atendimento-especializado-no-sus\/"},"author":{"name":"Prefeitos &amp; Gest\u00f5es","@id":"https:\/\/prefeitosegestoes.com.br\/portal\/#\/schema\/person\/d00059f2ec99963e7e1850d448ae94b8"},"headline":"Minist\u00e9rio da Sa\u00fade estabelece as linhas de a\u00e7\u00e3o para reduzir tempo de espera por atendimento especializado no SUS","datePublished":"2025-06-23T13:54:46+00:00","mainEntityOfPage":{"@id":"https:\/\/prefeitosegestoes.com.br\/portal\/ministerio-da-saude-estabelece-as-linhas-de-acao-para-reduzir-tempo-de-espera-por-atendimento-especializado-no-sus\/"},"wordCount":1200,"commentCount":0,"publisher":{"@id":"https:\/\/prefeitosegestoes.com.br\/portal\/#organization"},"image":{"@id":"https:\/\/prefeitosegestoes.com.br\/portal\/ministerio-da-saude-estabelece-as-linhas-de-acao-para-reduzir-tempo-de-espera-por-atendimento-especializado-no-sus\/#primaryimage"},"thumbnailUrl":"https:\/\/prefeitosegestoes.com.br\/portal\/wp-content\/uploads\/2025\/06\/d6a3183.webp","keywords":["Especialistas","Fila","Sa\u00fade","SUS","Telesa\u00fade"],"articleSection":["Destaques"],"inLanguage":"pt-BR","potentialAction":[{"@type":"CommentAction","name":"Comment","target":["https:\/\/prefeitosegestoes.com.br\/portal\/ministerio-da-saude-estabelece-as-linhas-de-acao-para-reduzir-tempo-de-espera-por-atendimento-especializado-no-sus\/#respond"]}]},{"@type":"WebPage","@id":"https:\/\/prefeitosegestoes.com.br\/portal\/ministerio-da-saude-estabelece-as-linhas-de-acao-para-reduzir-tempo-de-espera-por-atendimento-especializado-no-sus\/","url":"https:\/\/prefeitosegestoes.com.br\/portal\/ministerio-da-saude-estabelece-as-linhas-de-acao-para-reduzir-tempo-de-espera-por-atendimento-especializado-no-sus\/","name":"Minist\u00e9rio da Sa\u00fade estabelece as linhas de a\u00e7\u00e3o para reduzir tempo de espera por atendimento especializado no SUS - Prefeitos &amp; Gest\u00f5es","isPartOf":{"@id":"https:\/\/prefeitosegestoes.com.br\/portal\/#website"},"primaryImageOfPage":{"@id":"https:\/\/prefeitosegestoes.com.br\/portal\/ministerio-da-saude-estabelece-as-linhas-de-acao-para-reduzir-tempo-de-espera-por-atendimento-especializado-no-sus\/#primaryimage"},"image":{"@id":"https:\/\/prefeitosegestoes.com.br\/portal\/ministerio-da-saude-estabelece-as-linhas-de-acao-para-reduzir-tempo-de-espera-por-atendimento-especializado-no-sus\/#primaryimage"},"thumbnailUrl":"https:\/\/prefeitosegestoes.com.br\/portal\/wp-content\/uploads\/2025\/06\/d6a3183.webp","datePublished":"2025-06-23T13:54:46+00:00","description":"Portaria do Minist\u00e9rio da Sa\u00fade publicada nesta quarta-feira (18\/06) regulamenta o programa\u00a0Agora Tem Especialistas, que vai ampliar o acesso da popula\u00e7\u00e3o a consultas, exames e cirurgias no\u00a0SUS. A iniciativa possibilita a utiliza\u00e7\u00e3o de toda a estrutura de sa\u00fade do pa\u00eds, p\u00fablica e privada, aumentando a capacidade de atendimento em apoio aos estados e munic\u00edpios. A expectativa, com os novos mecanismos, \u00e9 reduzir o tempo de espera dos pacientes.","breadcrumb":{"@id":"https:\/\/prefeitosegestoes.com.br\/portal\/ministerio-da-saude-estabelece-as-linhas-de-acao-para-reduzir-tempo-de-espera-por-atendimento-especializado-no-sus\/#breadcrumb"},"inLanguage":"pt-BR","potentialAction":[{"@type":"ReadAction","target":["https:\/\/prefeitosegestoes.com.br\/portal\/ministerio-da-saude-estabelece-as-linhas-de-acao-para-reduzir-tempo-de-espera-por-atendimento-especializado-no-sus\/"]}]},{"@type":"ImageObject","inLanguage":"pt-BR","@id":"https:\/\/prefeitosegestoes.com.br\/portal\/ministerio-da-saude-estabelece-as-linhas-de-acao-para-reduzir-tempo-de-espera-por-atendimento-especializado-no-sus\/#primaryimage","url":"https:\/\/prefeitosegestoes.com.br\/portal\/wp-content\/uploads\/2025\/06\/d6a3183.webp","contentUrl":"https:\/\/prefeitosegestoes.com.br\/portal\/wp-content\/uploads\/2025\/06\/d6a3183.webp","width":1024,"height":768},{"@type":"BreadcrumbList","@id":"https:\/\/prefeitosegestoes.com.br\/portal\/ministerio-da-saude-estabelece-as-linhas-de-acao-para-reduzir-tempo-de-espera-por-atendimento-especializado-no-sus\/#breadcrumb","itemListElement":[{"@type":"ListItem","position":1,"name":"In\u00edcio","item":"https:\/\/prefeitosegestoes.com.br\/portal\/"},{"@type":"ListItem","position":2,"name":"Minist\u00e9rio da Sa\u00fade estabelece as linhas de a\u00e7\u00e3o para reduzir tempo de espera por atendimento especializado no SUS"}]},{"@type":"WebSite","@id":"https:\/\/prefeitosegestoes.com.br\/portal\/#website","url":"https:\/\/prefeitosegestoes.com.br\/portal\/","name":"Prefeitos & Gest\u00f5es","description":"","publisher":{"@id":"https:\/\/prefeitosegestoes.com.br\/portal\/#organization"},"potentialAction":[{"@type":"SearchAction","target":{"@type":"EntryPoint","urlTemplate":"https:\/\/prefeitosegestoes.com.br\/portal\/?s={search_term_string}"},"query-input":{"@type":"PropertyValueSpecification","valueRequired":true,"valueName":"search_term_string"}}],"inLanguage":"pt-BR"},{"@type":"Organization","@id":"https:\/\/prefeitosegestoes.com.br\/portal\/#organization","name":"Prefeitos & Gest\u00f5es","url":"https:\/\/prefeitosegestoes.com.br\/portal\/","logo":{"@type":"ImageObject","inLanguage":"pt-BR","@id":"https:\/\/prefeitosegestoes.com.br\/portal\/#\/schema\/logo\/image\/","url":"https:\/\/prefeitosegestoes.com.br\/portal\/wp-content\/uploads\/2024\/10\/lg_trans_prefeitos_2024_preto2.png","contentUrl":"https:\/\/prefeitosegestoes.com.br\/portal\/wp-content\/uploads\/2024\/10\/lg_trans_prefeitos_2024_preto2.png","width":199,"height":122,"caption":"Prefeitos & Gest\u00f5es"},"image":{"@id":"https:\/\/prefeitosegestoes.com.br\/portal\/#\/schema\/logo\/image\/"},"sameAs":["https:\/\/www.facebook.com\/prefeitosonline","https:\/\/x.com\/PrefGestoes"]},{"@type":"Person","@id":"https:\/\/prefeitosegestoes.com.br\/portal\/#\/schema\/person\/d00059f2ec99963e7e1850d448ae94b8","name":"Prefeitos &amp; Gest\u00f5es","image":{"@type":"ImageObject","inLanguage":"pt-BR","@id":"https:\/\/secure.gravatar.com\/avatar\/738fb281e479212ed32c1a21a4307dda9f3af9292edb6918a16c9ce9fff5f48d?s=96&d=mm&r=g","url":"https:\/\/secure.gravatar.com\/avatar\/738fb281e479212ed32c1a21a4307dda9f3af9292edb6918a16c9ce9fff5f48d?s=96&d=mm&r=g","contentUrl":"https:\/\/secure.gravatar.com\/avatar\/738fb281e479212ed32c1a21a4307dda9f3af9292edb6918a16c9ce9fff5f48d?s=96&d=mm&r=g","caption":"Prefeitos &amp; Gest\u00f5es"},"url":"https:\/\/prefeitosegestoes.com.br\/portal\/author\/prefeitosegestoes\/"}]}},"_links":{"self":[{"href":"https:\/\/prefeitosegestoes.com.br\/portal\/wp-json\/wp\/v2\/posts\/3485","targetHints":{"allow":["GET"]}}],"collection":[{"href":"https:\/\/prefeitosegestoes.com.br\/portal\/wp-json\/wp\/v2\/posts"}],"about":[{"href":"https:\/\/prefeitosegestoes.com.br\/portal\/wp-json\/wp\/v2\/types\/post"}],"author":[{"embeddable":true,"href":"https:\/\/prefeitosegestoes.com.br\/portal\/wp-json\/wp\/v2\/users\/2"}],"replies":[{"embeddable":true,"href":"https:\/\/prefeitosegestoes.com.br\/portal\/wp-json\/wp\/v2\/comments?post=3485"}],"version-history":[{"count":1,"href":"https:\/\/prefeitosegestoes.com.br\/portal\/wp-json\/wp\/v2\/posts\/3485\/revisions"}],"predecessor-version":[{"id":3487,"href":"https:\/\/prefeitosegestoes.com.br\/portal\/wp-json\/wp\/v2\/posts\/3485\/revisions\/3487"}],"wp:featuredmedia":[{"embeddable":true,"href":"https:\/\/prefeitosegestoes.com.br\/portal\/wp-json\/wp\/v2\/media\/3486"}],"wp:attachment":[{"href":"https:\/\/prefeitosegestoes.com.br\/portal\/wp-json\/wp\/v2\/media?parent=3485"}],"wp:term":[{"taxonomy":"category","embeddable":true,"href":"https:\/\/prefeitosegestoes.com.br\/portal\/wp-json\/wp\/v2\/categories?post=3485"},{"taxonomy":"post_tag","embeddable":true,"href":"https:\/\/prefeitosegestoes.com.br\/portal\/wp-json\/wp\/v2\/tags?post=3485"}],"curies":[{"name":"wp","href":"https:\/\/api.w.org\/{rel}","templated":true}]}}