{"id":3482,"date":"2025-06-23T10:43:13","date_gmt":"2025-06-23T13:43:13","guid":{"rendered":"https:\/\/prefeitosegestoes.com.br\/portal\/?p=3482"},"modified":"2025-06-23T10:43:13","modified_gmt":"2025-06-23T13:43:13","slug":"fazenda-preve-alta-do-petroleo-e-defende-acao-da-petrobras","status":"publish","type":"post","link":"https:\/\/prefeitosegestoes.com.br\/portal\/fazenda-preve-alta-do-petroleo-e-defende-acao-da-petrobras\/","title":{"rendered":"Fazenda prev\u00ea alta do petr\u00f3leo e defende a\u00e7\u00e3o da Petrobras"},"content":{"rendered":"<h6>Foto: Marcelo Camargo\/Ag\u00eancia Brasil<\/h6>\n<h2 class=\"asset__summary\">Para secret\u00e1rio-executivo, medidas de conten\u00e7\u00e3o da Petrobras s\u00e3o bem-vindas para tentar reduzir os efeitos da guerra no Ir\u00e3.<\/h2>\n<div class=\"asset__actions\">\n<div class=\"asset__info\">\n<p class=\"asset__publisher\">Congresso em Foco<\/p>\n<p class=\"asset__date\">23\/6\/2025\u00a0<span class=\"ng-star-inserted\">10:19<\/span><\/p>\n<\/div>\n<\/div>\n<div class=\"asset__content leitura-materia-109603\">\n<div class=\"html-content\">\n<p><img fetchpriority=\"high\" decoding=\"async\" title=\"Dario Durigan: tend\u00eancia \u00e9 o petr\u00f3leo subir por causa da guerra no Oriente M\u00e9dio.\" src=\"https:\/\/static.congressoemfoco.com.br\/CONG_SITE_GERAL\/2025\/06\/23\/6a8664_CONG_SITE_GERAL_27398619high.jpeg\" alt=\"Dario Durigan: tend\u00eancia \u00e9 o petr\u00f3leo subir por causa da guerra no Oriente M\u00e9dio.\" width=\"800\" height=\"600\" \/><\/p>\n<div class=\"img-info\"><span class=\"img-legenda\">Dario Durigan: tend\u00eancia \u00e9 o petr\u00f3leo subir por causa da guerra no Oriente M\u00e9dio.<\/span><span class=\"img-credito\">Gabriela Bil\u00f3\/Folhapress<\/span><\/div>\n<p>&nbsp;<\/p>\n<p>&nbsp;<\/p>\n<p>O secret\u00e1rio-executivo do Minist\u00e9rio da Fazenda, Dario Durigan, afirmou nesta segunda-feira (23) que os pre\u00e7os do petr\u00f3leo devem subir nos pr\u00f3ximos dias, como reflexo do ataque dos Estados Unidos a instala\u00e7\u00f5es nucleares no Ir\u00e3, ocorrido no fim de semana. Para o secret\u00e1rio, medidas de conten\u00e7\u00e3o, como a pol\u00edtica de pre\u00e7os da Petrobras, s\u00e3o bem-vindas para tentar reduzir os efeitos no mercado interno.<\/p>\n<p>&#8220;O pre\u00e7o do petr\u00f3leo tende a subir, apesar de a gente j\u00e1 ter visto nos \u00faltimos dias, nas \u00faltimas semanas, alguma compra de petr\u00f3leo que pode amortecer a subida do petr\u00f3leo nesta semana. Mas n\u00f3s vamos acompanhar de perto. Acho que algumas mitiga\u00e7\u00f5es, como a pol\u00edtica de pre\u00e7os da Petrobras, s\u00e3o bem-vindas neste momento&#8221;, disse Durigan em entrevista \u00e0 r\u00e1dio CBN.<\/p>\n<p><strong>C\u00e2mbio e infla\u00e7\u00e3o<\/strong><\/p>\n<p>Durigan tamb\u00e9m chamou a aten\u00e7\u00e3o para os riscos cambiais decorrentes da instabilidade geopol\u00edtica. Segundo ele, o conflito pode provocar uma corrida global por ativos considerados mais seguros, como o d\u00f3lar, em detrimento das moedas de pa\u00edses emergentes.<\/p>\n<p>&#8220;H\u00e1 um movimento que busca a seguran\u00e7a no mercado, ent\u00e3o moedas de pa\u00edses em desenvolvimento, como a nossa, mesmo ativos vari\u00e1veis, como ativos de Bolsa, podem acabar sendo rejeitados ou vendidos neste momento em benef\u00edcio de moedas fortes como o d\u00f3lar&#8221;, afirmou.<\/p>\n<p>O secret\u00e1rio ressaltou, no entanto, que o governo j\u00e1 vinha acompanhando o risco inflacion\u00e1rio antes mesmo da escalada da guerra.<\/p>\n<p>&#8220;A gente vem olhando para o risco de infla\u00e7\u00e3o n\u00e3o \u00e9 de agora. A gente tem seca prolongada no Brasil. No ano de 2024, a gente teve uma desvaloriza\u00e7\u00e3o do real de 24%. E, nem por isso, a infla\u00e7\u00e3o saiu do controle. Ela teve um aumento preocupante que a gente est\u00e1 acompanhando de perto&#8221;, disse.<\/p>\n<p>&#8220;Tanto que eu estou dizendo que agora est\u00e1 caindo no per\u00edodo agregado de 12 meses. Com toda essa instabilidade e volatilidade global, impactando o pre\u00e7o dos alimentos, o custo log\u00edstico das cadeias. Ent\u00e3o acho que, mesmo com tudo isso, a gente tem mostrado bastante resili\u00eancia no Brasil&#8221;, acrescentou.<\/p>\n<p>Durigan tamb\u00e9m comentou o contexto pol\u00edtico nos Estados Unidos, ao destacar que o ataque partiu do governo de Donald Trump, que vive um momento de baixa popularidade.<\/p>\n<p><strong>Reuni\u00e3o do setor de energia<\/strong><\/p>\n<p>Diante da gravidade da crise, o setor energ\u00e9tico brasileiro reagiu rapidamente. Uma reuni\u00e3o de emerg\u00eancia foi convocada para a manh\u00e3 desta segunda-feira (23), no Rio de Janeiro, com a participa\u00e7\u00e3o de representantes da ind\u00fastria para discutir os poss\u00edveis impactos do conflito no mercado brasileiro.<\/p>\n<p>O Instituto Brasileiro do Petr\u00f3leo e G\u00e1s (IBP) informou que acompanha os desdobramentos com cautela. Uma das maiores preocupa\u00e7\u00f5es \u00e9 o fechamento do Estreito de Ormuz, aprovado pelo parlamento iraniano como retalia\u00e7\u00e3o ao ataque norte-americano. Por ali passam cerca de 30% de todo o petr\u00f3leo comercializado no mundo.<\/p>\n<p>O Brasil, apesar de ser um dos grandes produtores de petr\u00f3leo, importa \u00f3leo leve do Oriente M\u00e9dio, essencial para a produ\u00e7\u00e3o de querosene de avia\u00e7\u00e3o (QAV) e diesel. Especialistas do setor alertam para o risco de impacto nos estoques nacionais.<\/p>\n<p>O pre\u00e7o do petr\u00f3leo j\u00e1 registra uma alta de 15% na \u00faltima semana, com o barril subindo de US$ 61 para US$ 72 nos mercados futuros, segundo analistas. O Brasil, apesar de n\u00e3o fazer parte da Organiza\u00e7\u00e3o dos Pa\u00edses Exportadores de Petr\u00f3leo (Opep), segue altamente exposto \u00e0s oscila\u00e7\u00f5es internacionais. A expectativa agora gira em torno de qual ser\u00e1 a pr\u00f3xima rea\u00e7\u00e3o oficial do Ir\u00e3 e de como os mercados globais ir\u00e3o absorver os impactos dessa nova escalada de tens\u00e3o no Oriente M\u00e9dio.<\/p>\n<p>Fonte: Congresso em Foco<\/p>\n<\/div>\n<\/div>\n","protected":false},"excerpt":{"rendered":"<p>Foto: Marcelo Camargo\/Ag\u00eancia Brasil Para secret\u00e1rio-executivo, medidas de conten\u00e7\u00e3o da Petrobras s\u00e3o bem-vindas para tentar reduzir os efeitos da guerra no Ir\u00e3. Congresso em Foco 23\/6\/2025\u00a010:19 Dario Durigan: tend\u00eancia \u00e9 o petr\u00f3leo subir por causa da guerra no Oriente M\u00e9dio.Gabriela Bil\u00f3\/Folhapress &nbsp; &nbsp; O secret\u00e1rio-executivo do Minist\u00e9rio da Fazenda, Dario Durigan, afirmou nesta segunda-feira (23) [&hellip;]<\/p>\n","protected":false},"author":2,"featured_media":3483,"comment_status":"open","ping_status":"open","sticky":false,"template":"","format":"standard","meta":{"rop_custom_images_group":[],"rop_custom_messages_group":[],"rop_publish_now":"initial","rop_publish_now_accounts":{"twitter_850042665852968960_850042665852968960":""},"rop_publish_now_history":[],"rop_publish_now_status":"pending","footnotes":""},"categories":[15],"tags":[654,655,653,652,421],"class_list":["post-3482","post","type-post","status-publish","format-standard","has-post-thumbnail","hentry","category-destaques","tag-combustivel","tag-guerra-israel-ira","tag-oriente-medio","tag-petroleo","tag-trump"],"yoast_head":"<!-- This site is optimized with the Yoast SEO plugin v27.2 - https:\/\/yoast.com\/product\/yoast-seo-wordpress\/ -->\n<title>Fazenda prev\u00ea alta do petr\u00f3leo e defende a\u00e7\u00e3o da Petrobras - Prefeitos &amp; Gest\u00f5es<\/title>\n<meta name=\"description\" content=\"O secret\u00e1rio-executivo do Minist\u00e9rio da Fazenda, Dario Durigan, afirmou nesta segunda-feira (23) que os pre\u00e7os do petr\u00f3leo devem subir nos pr\u00f3ximos dias, como reflexo do ataque dos Estados Unidos a instala\u00e7\u00f5es nucleares no Ir\u00e3, ocorrido no fim de semana. Para o secret\u00e1rio, medidas de conten\u00e7\u00e3o, como a pol\u00edtica de pre\u00e7os da Petrobras, s\u00e3o bem-vindas para tentar reduzir os efeitos no mercado interno.\" \/>\n<meta name=\"robots\" content=\"index, follow, max-snippet:-1, max-image-preview:large, max-video-preview:-1\" \/>\n<link rel=\"canonical\" href=\"https:\/\/prefeitosegestoes.com.br\/portal\/fazenda-preve-alta-do-petroleo-e-defende-acao-da-petrobras\/\" \/>\n<meta property=\"og:locale\" content=\"pt_BR\" \/>\n<meta property=\"og:type\" content=\"article\" \/>\n<meta property=\"og:title\" content=\"Fazenda prev\u00ea alta do petr\u00f3leo e defende a\u00e7\u00e3o da Petrobras - Prefeitos &amp; Gest\u00f5es\" \/>\n<meta property=\"og:description\" content=\"O secret\u00e1rio-executivo do Minist\u00e9rio da Fazenda, Dario Durigan, afirmou nesta segunda-feira (23) que os pre\u00e7os do petr\u00f3leo devem subir nos pr\u00f3ximos dias, como reflexo do ataque dos Estados Unidos a instala\u00e7\u00f5es nucleares no Ir\u00e3, ocorrido no fim de semana. Para o secret\u00e1rio, medidas de conten\u00e7\u00e3o, como a pol\u00edtica de pre\u00e7os da Petrobras, s\u00e3o bem-vindas para tentar reduzir os efeitos no mercado interno.\" \/>\n<meta property=\"og:url\" content=\"https:\/\/prefeitosegestoes.com.br\/portal\/fazenda-preve-alta-do-petroleo-e-defende-acao-da-petrobras\/\" \/>\n<meta property=\"og:site_name\" content=\"Prefeitos &amp; Gest\u00f5es\" \/>\n<meta property=\"article:publisher\" content=\"https:\/\/www.facebook.com\/prefeitosonline\" \/>\n<meta property=\"article:published_time\" content=\"2025-06-23T13:43:13+00:00\" \/>\n<meta property=\"og:image\" content=\"https:\/\/prefeitosegestoes.com.br\/portal\/wp-content\/uploads\/2025\/06\/dia-livre-de-impostos_mcamgo_abr_06062024-9.webp\" \/>\n\t<meta property=\"og:image:width\" content=\"1024\" \/>\n\t<meta property=\"og:image:height\" content=\"768\" \/>\n\t<meta property=\"og:image:type\" content=\"image\/webp\" \/>\n<meta name=\"author\" content=\"Prefeitos &amp; Gest\u00f5es\" \/>\n<meta name=\"twitter:card\" content=\"summary_large_image\" \/>\n<meta name=\"twitter:creator\" content=\"@PrefGestoes\" \/>\n<meta name=\"twitter:site\" content=\"@PrefGestoes\" \/>\n<meta name=\"twitter:label1\" content=\"Escrito por\" \/>\n\t<meta name=\"twitter:data1\" content=\"Prefeitos &amp; Gest\u00f5es\" \/>\n\t<meta name=\"twitter:label2\" content=\"Est. tempo de leitura\" \/>\n\t<meta name=\"twitter:data2\" content=\"4 minutos\" \/>\n<script type=\"application\/ld+json\" class=\"yoast-schema-graph\">{\"@context\":\"https:\/\/schema.org\",\"@graph\":[{\"@type\":\"Article\",\"@id\":\"https:\/\/prefeitosegestoes.com.br\/portal\/fazenda-preve-alta-do-petroleo-e-defende-acao-da-petrobras\/#article\",\"isPartOf\":{\"@id\":\"https:\/\/prefeitosegestoes.com.br\/portal\/fazenda-preve-alta-do-petroleo-e-defende-acao-da-petrobras\/\"},\"author\":{\"name\":\"Prefeitos &amp; Gest\u00f5es\",\"@id\":\"https:\/\/prefeitosegestoes.com.br\/portal\/#\/schema\/person\/d00059f2ec99963e7e1850d448ae94b8\"},\"headline\":\"Fazenda prev\u00ea alta do petr\u00f3leo e defende a\u00e7\u00e3o da Petrobras\",\"datePublished\":\"2025-06-23T13:43:13+00:00\",\"mainEntityOfPage\":{\"@id\":\"https:\/\/prefeitosegestoes.com.br\/portal\/fazenda-preve-alta-do-petroleo-e-defende-acao-da-petrobras\/\"},\"wordCount\":704,\"commentCount\":0,\"publisher\":{\"@id\":\"https:\/\/prefeitosegestoes.com.br\/portal\/#organization\"},\"image\":{\"@id\":\"https:\/\/prefeitosegestoes.com.br\/portal\/fazenda-preve-alta-do-petroleo-e-defende-acao-da-petrobras\/#primaryimage\"},\"thumbnailUrl\":\"https:\/\/prefeitosegestoes.com.br\/portal\/wp-content\/uploads\/2025\/06\/dia-livre-de-impostos_mcamgo_abr_06062024-9.webp\",\"keywords\":[\"Combust\u00edvel\",\"Guerra Israel-Ir\u00e3\",\"Oriente M\u00e9dio\",\"Petr\u00f3leo\",\"Trump\"],\"articleSection\":[\"Destaques\"],\"inLanguage\":\"pt-BR\",\"potentialAction\":[{\"@type\":\"CommentAction\",\"name\":\"Comment\",\"target\":[\"https:\/\/prefeitosegestoes.com.br\/portal\/fazenda-preve-alta-do-petroleo-e-defende-acao-da-petrobras\/#respond\"]}]},{\"@type\":\"WebPage\",\"@id\":\"https:\/\/prefeitosegestoes.com.br\/portal\/fazenda-preve-alta-do-petroleo-e-defende-acao-da-petrobras\/\",\"url\":\"https:\/\/prefeitosegestoes.com.br\/portal\/fazenda-preve-alta-do-petroleo-e-defende-acao-da-petrobras\/\",\"name\":\"Fazenda prev\u00ea alta do petr\u00f3leo e defende a\u00e7\u00e3o da Petrobras - Prefeitos &amp; Gest\u00f5es\",\"isPartOf\":{\"@id\":\"https:\/\/prefeitosegestoes.com.br\/portal\/#website\"},\"primaryImageOfPage\":{\"@id\":\"https:\/\/prefeitosegestoes.com.br\/portal\/fazenda-preve-alta-do-petroleo-e-defende-acao-da-petrobras\/#primaryimage\"},\"image\":{\"@id\":\"https:\/\/prefeitosegestoes.com.br\/portal\/fazenda-preve-alta-do-petroleo-e-defende-acao-da-petrobras\/#primaryimage\"},\"thumbnailUrl\":\"https:\/\/prefeitosegestoes.com.br\/portal\/wp-content\/uploads\/2025\/06\/dia-livre-de-impostos_mcamgo_abr_06062024-9.webp\",\"datePublished\":\"2025-06-23T13:43:13+00:00\",\"description\":\"O secret\u00e1rio-executivo do Minist\u00e9rio da Fazenda, Dario Durigan, afirmou nesta segunda-feira (23) que os pre\u00e7os do petr\u00f3leo devem subir nos pr\u00f3ximos dias, como reflexo do ataque dos Estados Unidos a instala\u00e7\u00f5es nucleares no Ir\u00e3, ocorrido no fim de semana. Para o secret\u00e1rio, medidas de conten\u00e7\u00e3o, como a pol\u00edtica de pre\u00e7os da Petrobras, s\u00e3o bem-vindas para tentar reduzir os efeitos no mercado interno.\",\"breadcrumb\":{\"@id\":\"https:\/\/prefeitosegestoes.com.br\/portal\/fazenda-preve-alta-do-petroleo-e-defende-acao-da-petrobras\/#breadcrumb\"},\"inLanguage\":\"pt-BR\",\"potentialAction\":[{\"@type\":\"ReadAction\",\"target\":[\"https:\/\/prefeitosegestoes.com.br\/portal\/fazenda-preve-alta-do-petroleo-e-defende-acao-da-petrobras\/\"]}]},{\"@type\":\"ImageObject\",\"inLanguage\":\"pt-BR\",\"@id\":\"https:\/\/prefeitosegestoes.com.br\/portal\/fazenda-preve-alta-do-petroleo-e-defende-acao-da-petrobras\/#primaryimage\",\"url\":\"https:\/\/prefeitosegestoes.com.br\/portal\/wp-content\/uploads\/2025\/06\/dia-livre-de-impostos_mcamgo_abr_06062024-9.webp\",\"contentUrl\":\"https:\/\/prefeitosegestoes.com.br\/portal\/wp-content\/uploads\/2025\/06\/dia-livre-de-impostos_mcamgo_abr_06062024-9.webp\",\"width\":1024,\"height\":768},{\"@type\":\"BreadcrumbList\",\"@id\":\"https:\/\/prefeitosegestoes.com.br\/portal\/fazenda-preve-alta-do-petroleo-e-defende-acao-da-petrobras\/#breadcrumb\",\"itemListElement\":[{\"@type\":\"ListItem\",\"position\":1,\"name\":\"In\u00edcio\",\"item\":\"https:\/\/prefeitosegestoes.com.br\/portal\/\"},{\"@type\":\"ListItem\",\"position\":2,\"name\":\"Fazenda prev\u00ea alta do petr\u00f3leo e defende a\u00e7\u00e3o da Petrobras\"}]},{\"@type\":\"WebSite\",\"@id\":\"https:\/\/prefeitosegestoes.com.br\/portal\/#website\",\"url\":\"https:\/\/prefeitosegestoes.com.br\/portal\/\",\"name\":\"Prefeitos & Gest\u00f5es\",\"description\":\"\",\"publisher\":{\"@id\":\"https:\/\/prefeitosegestoes.com.br\/portal\/#organization\"},\"potentialAction\":[{\"@type\":\"SearchAction\",\"target\":{\"@type\":\"EntryPoint\",\"urlTemplate\":\"https:\/\/prefeitosegestoes.com.br\/portal\/?s={search_term_string}\"},\"query-input\":{\"@type\":\"PropertyValueSpecification\",\"valueRequired\":true,\"valueName\":\"search_term_string\"}}],\"inLanguage\":\"pt-BR\"},{\"@type\":\"Organization\",\"@id\":\"https:\/\/prefeitosegestoes.com.br\/portal\/#organization\",\"name\":\"Prefeitos & Gest\u00f5es\",\"url\":\"https:\/\/prefeitosegestoes.com.br\/portal\/\",\"logo\":{\"@type\":\"ImageObject\",\"inLanguage\":\"pt-BR\",\"@id\":\"https:\/\/prefeitosegestoes.com.br\/portal\/#\/schema\/logo\/image\/\",\"url\":\"https:\/\/prefeitosegestoes.com.br\/portal\/wp-content\/uploads\/2024\/10\/lg_trans_prefeitos_2024_preto2.png\",\"contentUrl\":\"https:\/\/prefeitosegestoes.com.br\/portal\/wp-content\/uploads\/2024\/10\/lg_trans_prefeitos_2024_preto2.png\",\"width\":199,\"height\":122,\"caption\":\"Prefeitos & Gest\u00f5es\"},\"image\":{\"@id\":\"https:\/\/prefeitosegestoes.com.br\/portal\/#\/schema\/logo\/image\/\"},\"sameAs\":[\"https:\/\/www.facebook.com\/prefeitosonline\",\"https:\/\/x.com\/PrefGestoes\"]},{\"@type\":\"Person\",\"@id\":\"https:\/\/prefeitosegestoes.com.br\/portal\/#\/schema\/person\/d00059f2ec99963e7e1850d448ae94b8\",\"name\":\"Prefeitos &amp; Gest\u00f5es\",\"image\":{\"@type\":\"ImageObject\",\"inLanguage\":\"pt-BR\",\"@id\":\"https:\/\/secure.gravatar.com\/avatar\/738fb281e479212ed32c1a21a4307dda9f3af9292edb6918a16c9ce9fff5f48d?s=96&d=mm&r=g\",\"url\":\"https:\/\/secure.gravatar.com\/avatar\/738fb281e479212ed32c1a21a4307dda9f3af9292edb6918a16c9ce9fff5f48d?s=96&d=mm&r=g\",\"contentUrl\":\"https:\/\/secure.gravatar.com\/avatar\/738fb281e479212ed32c1a21a4307dda9f3af9292edb6918a16c9ce9fff5f48d?s=96&d=mm&r=g\",\"caption\":\"Prefeitos &amp; Gest\u00f5es\"},\"url\":\"https:\/\/prefeitosegestoes.com.br\/portal\/author\/prefeitosegestoes\/\"}]}<\/script>\n<!-- \/ Yoast SEO plugin. -->","yoast_head_json":{"title":"Fazenda prev\u00ea alta do petr\u00f3leo e defende a\u00e7\u00e3o da Petrobras - Prefeitos &amp; Gest\u00f5es","description":"O secret\u00e1rio-executivo do Minist\u00e9rio da Fazenda, Dario Durigan, afirmou nesta segunda-feira (23) que os pre\u00e7os do petr\u00f3leo devem subir nos pr\u00f3ximos dias, como reflexo do ataque dos Estados Unidos a instala\u00e7\u00f5es nucleares no Ir\u00e3, ocorrido no fim de semana. Para o secret\u00e1rio, medidas de conten\u00e7\u00e3o, como a pol\u00edtica de pre\u00e7os da Petrobras, s\u00e3o bem-vindas para tentar reduzir os efeitos no mercado interno.","robots":{"index":"index","follow":"follow","max-snippet":"max-snippet:-1","max-image-preview":"max-image-preview:large","max-video-preview":"max-video-preview:-1"},"canonical":"https:\/\/prefeitosegestoes.com.br\/portal\/fazenda-preve-alta-do-petroleo-e-defende-acao-da-petrobras\/","og_locale":"pt_BR","og_type":"article","og_title":"Fazenda prev\u00ea alta do petr\u00f3leo e defende a\u00e7\u00e3o da Petrobras - Prefeitos &amp; Gest\u00f5es","og_description":"O secret\u00e1rio-executivo do Minist\u00e9rio da Fazenda, Dario Durigan, afirmou nesta segunda-feira (23) que os pre\u00e7os do petr\u00f3leo devem subir nos pr\u00f3ximos dias, como reflexo do ataque dos Estados Unidos a instala\u00e7\u00f5es nucleares no Ir\u00e3, ocorrido no fim de semana. Para o secret\u00e1rio, medidas de conten\u00e7\u00e3o, como a pol\u00edtica de pre\u00e7os da Petrobras, s\u00e3o bem-vindas para tentar reduzir os efeitos no mercado interno.","og_url":"https:\/\/prefeitosegestoes.com.br\/portal\/fazenda-preve-alta-do-petroleo-e-defende-acao-da-petrobras\/","og_site_name":"Prefeitos &amp; Gest\u00f5es","article_publisher":"https:\/\/www.facebook.com\/prefeitosonline","article_published_time":"2025-06-23T13:43:13+00:00","og_image":[{"width":1024,"height":768,"url":"https:\/\/prefeitosegestoes.com.br\/portal\/wp-content\/uploads\/2025\/06\/dia-livre-de-impostos_mcamgo_abr_06062024-9.webp","type":"image\/webp"}],"author":"Prefeitos &amp; Gest\u00f5es","twitter_card":"summary_large_image","twitter_creator":"@PrefGestoes","twitter_site":"@PrefGestoes","twitter_misc":{"Escrito por":"Prefeitos &amp; Gest\u00f5es","Est. tempo de leitura":"4 minutos"},"schema":{"@context":"https:\/\/schema.org","@graph":[{"@type":"Article","@id":"https:\/\/prefeitosegestoes.com.br\/portal\/fazenda-preve-alta-do-petroleo-e-defende-acao-da-petrobras\/#article","isPartOf":{"@id":"https:\/\/prefeitosegestoes.com.br\/portal\/fazenda-preve-alta-do-petroleo-e-defende-acao-da-petrobras\/"},"author":{"name":"Prefeitos &amp; Gest\u00f5es","@id":"https:\/\/prefeitosegestoes.com.br\/portal\/#\/schema\/person\/d00059f2ec99963e7e1850d448ae94b8"},"headline":"Fazenda prev\u00ea alta do petr\u00f3leo e defende a\u00e7\u00e3o da Petrobras","datePublished":"2025-06-23T13:43:13+00:00","mainEntityOfPage":{"@id":"https:\/\/prefeitosegestoes.com.br\/portal\/fazenda-preve-alta-do-petroleo-e-defende-acao-da-petrobras\/"},"wordCount":704,"commentCount":0,"publisher":{"@id":"https:\/\/prefeitosegestoes.com.br\/portal\/#organization"},"image":{"@id":"https:\/\/prefeitosegestoes.com.br\/portal\/fazenda-preve-alta-do-petroleo-e-defende-acao-da-petrobras\/#primaryimage"},"thumbnailUrl":"https:\/\/prefeitosegestoes.com.br\/portal\/wp-content\/uploads\/2025\/06\/dia-livre-de-impostos_mcamgo_abr_06062024-9.webp","keywords":["Combust\u00edvel","Guerra Israel-Ir\u00e3","Oriente M\u00e9dio","Petr\u00f3leo","Trump"],"articleSection":["Destaques"],"inLanguage":"pt-BR","potentialAction":[{"@type":"CommentAction","name":"Comment","target":["https:\/\/prefeitosegestoes.com.br\/portal\/fazenda-preve-alta-do-petroleo-e-defende-acao-da-petrobras\/#respond"]}]},{"@type":"WebPage","@id":"https:\/\/prefeitosegestoes.com.br\/portal\/fazenda-preve-alta-do-petroleo-e-defende-acao-da-petrobras\/","url":"https:\/\/prefeitosegestoes.com.br\/portal\/fazenda-preve-alta-do-petroleo-e-defende-acao-da-petrobras\/","name":"Fazenda prev\u00ea alta do petr\u00f3leo e defende a\u00e7\u00e3o da Petrobras - Prefeitos &amp; Gest\u00f5es","isPartOf":{"@id":"https:\/\/prefeitosegestoes.com.br\/portal\/#website"},"primaryImageOfPage":{"@id":"https:\/\/prefeitosegestoes.com.br\/portal\/fazenda-preve-alta-do-petroleo-e-defende-acao-da-petrobras\/#primaryimage"},"image":{"@id":"https:\/\/prefeitosegestoes.com.br\/portal\/fazenda-preve-alta-do-petroleo-e-defende-acao-da-petrobras\/#primaryimage"},"thumbnailUrl":"https:\/\/prefeitosegestoes.com.br\/portal\/wp-content\/uploads\/2025\/06\/dia-livre-de-impostos_mcamgo_abr_06062024-9.webp","datePublished":"2025-06-23T13:43:13+00:00","description":"O secret\u00e1rio-executivo do Minist\u00e9rio da Fazenda, Dario Durigan, afirmou nesta segunda-feira (23) que os pre\u00e7os do petr\u00f3leo devem subir nos pr\u00f3ximos dias, como reflexo do ataque dos Estados Unidos a instala\u00e7\u00f5es nucleares no Ir\u00e3, ocorrido no fim de semana. Para o secret\u00e1rio, medidas de conten\u00e7\u00e3o, como a pol\u00edtica de pre\u00e7os da Petrobras, s\u00e3o bem-vindas para tentar reduzir os efeitos no mercado interno.","breadcrumb":{"@id":"https:\/\/prefeitosegestoes.com.br\/portal\/fazenda-preve-alta-do-petroleo-e-defende-acao-da-petrobras\/#breadcrumb"},"inLanguage":"pt-BR","potentialAction":[{"@type":"ReadAction","target":["https:\/\/prefeitosegestoes.com.br\/portal\/fazenda-preve-alta-do-petroleo-e-defende-acao-da-petrobras\/"]}]},{"@type":"ImageObject","inLanguage":"pt-BR","@id":"https:\/\/prefeitosegestoes.com.br\/portal\/fazenda-preve-alta-do-petroleo-e-defende-acao-da-petrobras\/#primaryimage","url":"https:\/\/prefeitosegestoes.com.br\/portal\/wp-content\/uploads\/2025\/06\/dia-livre-de-impostos_mcamgo_abr_06062024-9.webp","contentUrl":"https:\/\/prefeitosegestoes.com.br\/portal\/wp-content\/uploads\/2025\/06\/dia-livre-de-impostos_mcamgo_abr_06062024-9.webp","width":1024,"height":768},{"@type":"BreadcrumbList","@id":"https:\/\/prefeitosegestoes.com.br\/portal\/fazenda-preve-alta-do-petroleo-e-defende-acao-da-petrobras\/#breadcrumb","itemListElement":[{"@type":"ListItem","position":1,"name":"In\u00edcio","item":"https:\/\/prefeitosegestoes.com.br\/portal\/"},{"@type":"ListItem","position":2,"name":"Fazenda prev\u00ea alta do petr\u00f3leo e defende a\u00e7\u00e3o da Petrobras"}]},{"@type":"WebSite","@id":"https:\/\/prefeitosegestoes.com.br\/portal\/#website","url":"https:\/\/prefeitosegestoes.com.br\/portal\/","name":"Prefeitos & Gest\u00f5es","description":"","publisher":{"@id":"https:\/\/prefeitosegestoes.com.br\/portal\/#organization"},"potentialAction":[{"@type":"SearchAction","target":{"@type":"EntryPoint","urlTemplate":"https:\/\/prefeitosegestoes.com.br\/portal\/?s={search_term_string}"},"query-input":{"@type":"PropertyValueSpecification","valueRequired":true,"valueName":"search_term_string"}}],"inLanguage":"pt-BR"},{"@type":"Organization","@id":"https:\/\/prefeitosegestoes.com.br\/portal\/#organization","name":"Prefeitos & Gest\u00f5es","url":"https:\/\/prefeitosegestoes.com.br\/portal\/","logo":{"@type":"ImageObject","inLanguage":"pt-BR","@id":"https:\/\/prefeitosegestoes.com.br\/portal\/#\/schema\/logo\/image\/","url":"https:\/\/prefeitosegestoes.com.br\/portal\/wp-content\/uploads\/2024\/10\/lg_trans_prefeitos_2024_preto2.png","contentUrl":"https:\/\/prefeitosegestoes.com.br\/portal\/wp-content\/uploads\/2024\/10\/lg_trans_prefeitos_2024_preto2.png","width":199,"height":122,"caption":"Prefeitos & Gest\u00f5es"},"image":{"@id":"https:\/\/prefeitosegestoes.com.br\/portal\/#\/schema\/logo\/image\/"},"sameAs":["https:\/\/www.facebook.com\/prefeitosonline","https:\/\/x.com\/PrefGestoes"]},{"@type":"Person","@id":"https:\/\/prefeitosegestoes.com.br\/portal\/#\/schema\/person\/d00059f2ec99963e7e1850d448ae94b8","name":"Prefeitos &amp; Gest\u00f5es","image":{"@type":"ImageObject","inLanguage":"pt-BR","@id":"https:\/\/secure.gravatar.com\/avatar\/738fb281e479212ed32c1a21a4307dda9f3af9292edb6918a16c9ce9fff5f48d?s=96&d=mm&r=g","url":"https:\/\/secure.gravatar.com\/avatar\/738fb281e479212ed32c1a21a4307dda9f3af9292edb6918a16c9ce9fff5f48d?s=96&d=mm&r=g","contentUrl":"https:\/\/secure.gravatar.com\/avatar\/738fb281e479212ed32c1a21a4307dda9f3af9292edb6918a16c9ce9fff5f48d?s=96&d=mm&r=g","caption":"Prefeitos &amp; Gest\u00f5es"},"url":"https:\/\/prefeitosegestoes.com.br\/portal\/author\/prefeitosegestoes\/"}]}},"_links":{"self":[{"href":"https:\/\/prefeitosegestoes.com.br\/portal\/wp-json\/wp\/v2\/posts\/3482","targetHints":{"allow":["GET"]}}],"collection":[{"href":"https:\/\/prefeitosegestoes.com.br\/portal\/wp-json\/wp\/v2\/posts"}],"about":[{"href":"https:\/\/prefeitosegestoes.com.br\/portal\/wp-json\/wp\/v2\/types\/post"}],"author":[{"embeddable":true,"href":"https:\/\/prefeitosegestoes.com.br\/portal\/wp-json\/wp\/v2\/users\/2"}],"replies":[{"embeddable":true,"href":"https:\/\/prefeitosegestoes.com.br\/portal\/wp-json\/wp\/v2\/comments?post=3482"}],"version-history":[{"count":1,"href":"https:\/\/prefeitosegestoes.com.br\/portal\/wp-json\/wp\/v2\/posts\/3482\/revisions"}],"predecessor-version":[{"id":3484,"href":"https:\/\/prefeitosegestoes.com.br\/portal\/wp-json\/wp\/v2\/posts\/3482\/revisions\/3484"}],"wp:featuredmedia":[{"embeddable":true,"href":"https:\/\/prefeitosegestoes.com.br\/portal\/wp-json\/wp\/v2\/media\/3483"}],"wp:attachment":[{"href":"https:\/\/prefeitosegestoes.com.br\/portal\/wp-json\/wp\/v2\/media?parent=3482"}],"wp:term":[{"taxonomy":"category","embeddable":true,"href":"https:\/\/prefeitosegestoes.com.br\/portal\/wp-json\/wp\/v2\/categories?post=3482"},{"taxonomy":"post_tag","embeddable":true,"href":"https:\/\/prefeitosegestoes.com.br\/portal\/wp-json\/wp\/v2\/tags?post=3482"}],"curies":[{"name":"wp","href":"https:\/\/api.w.org\/{rel}","templated":true}]}}