{"id":3446,"date":"2025-06-16T13:18:47","date_gmt":"2025-06-16T16:18:47","guid":{"rendered":"https:\/\/prefeitosegestoes.com.br\/portal\/?p=3446"},"modified":"2025-06-16T13:21:12","modified_gmt":"2025-06-16T16:21:12","slug":"cpiic-2025-encerra-com-sucesso-absoluto-e-ja-anuncia-pre-inscricao-para-edicao-de-2026","status":"publish","type":"post","link":"https:\/\/prefeitosegestoes.com.br\/portal\/cpiic-2025-encerra-com-sucesso-absoluto-e-ja-anuncia-pre-inscricao-para-edicao-de-2026\/","title":{"rendered":"CPIIC 2025 encerra com sucesso absoluto e j\u00e1 anuncia pr\u00e9-inscri\u00e7\u00e3o para edi\u00e7\u00e3o de 2026"},"content":{"rendered":"<p><strong>Um dia de conte\u00fado e conex\u00f5es<\/strong><\/p>\n<p>A programa\u00e7\u00e3o do CPIIC 2025 trouxe 15 pain\u00e9is e palestras que abordaram os principais desafios e oportunidades nas \u00e1reas de ilumina\u00e7\u00e3o p\u00fablica inteligente, financiamento, transi\u00e7\u00e3o energ\u00e9tica, pol\u00edticas p\u00fablicas e tecnologia. Tamb\u00e9m marcaram presen\u00e7a 18 estandes de empresas e institui\u00e7\u00f5es que est\u00e3o transformando o setor com solu\u00e7\u00f5es pr\u00e1ticas e inovadoras. Veja as imagens.<\/p>\n<p><img fetchpriority=\"high\" decoding=\"async\" class=\"alignnone size-medium wp-image-3450\" src=\"https:\/\/prefeitosegestoes.com.br\/portal\/wp-content\/uploads\/2025\/06\/Cracha-1-225x300.jpg\" alt=\"\" width=\"225\" height=\"300\" srcset=\"https:\/\/prefeitosegestoes.com.br\/portal\/wp-content\/uploads\/2025\/06\/Cracha-1-225x300.jpg 225w, https:\/\/prefeitosegestoes.com.br\/portal\/wp-content\/uploads\/2025\/06\/Cracha-1-769x1024.jpg 769w, https:\/\/prefeitosegestoes.com.br\/portal\/wp-content\/uploads\/2025\/06\/Cracha-1-768x1023.jpg 768w, https:\/\/prefeitosegestoes.com.br\/portal\/wp-content\/uploads\/2025\/06\/Cracha-1.jpg 868w\" sizes=\"(max-width: 225px) 100vw, 225px\" \/> <img decoding=\"async\" class=\"alignnone size-medium wp-image-3451\" src=\"https:\/\/prefeitosegestoes.com.br\/portal\/wp-content\/uploads\/2025\/06\/Destaques-2-300x225.jpg\" alt=\"\" width=\"300\" height=\"225\" srcset=\"https:\/\/prefeitosegestoes.com.br\/portal\/wp-content\/uploads\/2025\/06\/Destaques-2-300x225.jpg 300w, https:\/\/prefeitosegestoes.com.br\/portal\/wp-content\/uploads\/2025\/06\/Destaques-2-1024x768.jpg 1024w, https:\/\/prefeitosegestoes.com.br\/portal\/wp-content\/uploads\/2025\/06\/Destaques-2-768x576.jpg 768w, https:\/\/prefeitosegestoes.com.br\/portal\/wp-content\/uploads\/2025\/06\/Destaques-2-1536x1152.jpg 1536w, https:\/\/prefeitosegestoes.com.br\/portal\/wp-content\/uploads\/2025\/06\/Destaques-2.jpg 1600w\" sizes=\"(max-width: 300px) 100vw, 300px\" \/> <img decoding=\"async\" class=\"alignnone size-medium wp-image-3452\" src=\"https:\/\/prefeitosegestoes.com.br\/portal\/wp-content\/uploads\/2025\/06\/IMG-20250614-WA0001-1-225x300.jpg\" alt=\"\" width=\"225\" height=\"300\" srcset=\"https:\/\/prefeitosegestoes.com.br\/portal\/wp-content\/uploads\/2025\/06\/IMG-20250614-WA0001-1-225x300.jpg 225w, https:\/\/prefeitosegestoes.com.br\/portal\/wp-content\/uploads\/2025\/06\/IMG-20250614-WA0001-1-768x1024.jpg 768w, https:\/\/prefeitosegestoes.com.br\/portal\/wp-content\/uploads\/2025\/06\/IMG-20250614-WA0001-1.jpg 960w\" sizes=\"(max-width: 225px) 100vw, 225px\" \/> <img loading=\"lazy\" decoding=\"async\" class=\"alignnone size-medium wp-image-3453\" src=\"https:\/\/prefeitosegestoes.com.br\/portal\/wp-content\/uploads\/2025\/06\/IMG-20250614-WA0002-1-300x225.jpg\" alt=\"\" width=\"300\" height=\"225\" srcset=\"https:\/\/prefeitosegestoes.com.br\/portal\/wp-content\/uploads\/2025\/06\/IMG-20250614-WA0002-1-300x225.jpg 300w, https:\/\/prefeitosegestoes.com.br\/portal\/wp-content\/uploads\/2025\/06\/IMG-20250614-WA0002-1-1024x768.jpg 1024w, https:\/\/prefeitosegestoes.com.br\/portal\/wp-content\/uploads\/2025\/06\/IMG-20250614-WA0002-1-768x576.jpg 768w, https:\/\/prefeitosegestoes.com.br\/portal\/wp-content\/uploads\/2025\/06\/IMG-20250614-WA0002-1.jpg 1280w\" sizes=\"(max-width: 300px) 100vw, 300px\" \/> <img loading=\"lazy\" decoding=\"async\" class=\"alignnone size-medium wp-image-3454\" src=\"https:\/\/prefeitosegestoes.com.br\/portal\/wp-content\/uploads\/2025\/06\/IMG-20250614-WA0004-1-300x225.jpg\" alt=\"\" width=\"300\" height=\"225\" srcset=\"https:\/\/prefeitosegestoes.com.br\/portal\/wp-content\/uploads\/2025\/06\/IMG-20250614-WA0004-1-300x225.jpg 300w, https:\/\/prefeitosegestoes.com.br\/portal\/wp-content\/uploads\/2025\/06\/IMG-20250614-WA0004-1-1024x768.jpg 1024w, https:\/\/prefeitosegestoes.com.br\/portal\/wp-content\/uploads\/2025\/06\/IMG-20250614-WA0004-1-768x576.jpg 768w, https:\/\/prefeitosegestoes.com.br\/portal\/wp-content\/uploads\/2025\/06\/IMG-20250614-WA0004-1.jpg 1280w\" sizes=\"(max-width: 300px) 100vw, 300px\" \/> <img loading=\"lazy\" decoding=\"async\" class=\"alignnone size-medium wp-image-3455\" src=\"https:\/\/prefeitosegestoes.com.br\/portal\/wp-content\/uploads\/2025\/06\/IMG-20250614-WA0005-1-300x225.jpg\" alt=\"\" width=\"300\" height=\"225\" srcset=\"https:\/\/prefeitosegestoes.com.br\/portal\/wp-content\/uploads\/2025\/06\/IMG-20250614-WA0005-1-300x225.jpg 300w, https:\/\/prefeitosegestoes.com.br\/portal\/wp-content\/uploads\/2025\/06\/IMG-20250614-WA0005-1-1024x768.jpg 1024w, https:\/\/prefeitosegestoes.com.br\/portal\/wp-content\/uploads\/2025\/06\/IMG-20250614-WA0005-1-768x576.jpg 768w, https:\/\/prefeitosegestoes.com.br\/portal\/wp-content\/uploads\/2025\/06\/IMG-20250614-WA0005-1.jpg 1280w\" sizes=\"(max-width: 300px) 100vw, 300px\" \/> <img loading=\"lazy\" decoding=\"async\" class=\"alignnone size-medium wp-image-3456\" src=\"https:\/\/prefeitosegestoes.com.br\/portal\/wp-content\/uploads\/2025\/06\/IMG-20250614-WA0006-1-300x225.jpg\" alt=\"\" width=\"300\" height=\"225\" srcset=\"https:\/\/prefeitosegestoes.com.br\/portal\/wp-content\/uploads\/2025\/06\/IMG-20250614-WA0006-1-300x225.jpg 300w, https:\/\/prefeitosegestoes.com.br\/portal\/wp-content\/uploads\/2025\/06\/IMG-20250614-WA0006-1-1024x768.jpg 1024w, https:\/\/prefeitosegestoes.com.br\/portal\/wp-content\/uploads\/2025\/06\/IMG-20250614-WA0006-1-768x576.jpg 768w, https:\/\/prefeitosegestoes.com.br\/portal\/wp-content\/uploads\/2025\/06\/IMG-20250614-WA0006-1.jpg 1280w\" sizes=\"(max-width: 300px) 100vw, 300px\" \/> <img loading=\"lazy\" decoding=\"async\" class=\"alignnone size-medium wp-image-3457\" src=\"https:\/\/prefeitosegestoes.com.br\/portal\/wp-content\/uploads\/2025\/06\/IMG-20250614-WA0009-1-300x225.jpg\" alt=\"\" width=\"300\" height=\"225\" srcset=\"https:\/\/prefeitosegestoes.com.br\/portal\/wp-content\/uploads\/2025\/06\/IMG-20250614-WA0009-1-300x225.jpg 300w, https:\/\/prefeitosegestoes.com.br\/portal\/wp-content\/uploads\/2025\/06\/IMG-20250614-WA0009-1-1024x768.jpg 1024w, https:\/\/prefeitosegestoes.com.br\/portal\/wp-content\/uploads\/2025\/06\/IMG-20250614-WA0009-1-768x576.jpg 768w, https:\/\/prefeitosegestoes.com.br\/portal\/wp-content\/uploads\/2025\/06\/IMG-20250614-WA0009-1.jpg 1280w\" sizes=\"(max-width: 300px) 100vw, 300px\" \/> <img loading=\"lazy\" decoding=\"async\" class=\"alignnone size-medium wp-image-3458\" src=\"https:\/\/prefeitosegestoes.com.br\/portal\/wp-content\/uploads\/2025\/06\/IMG-20250614-WA0010-1-300x225.jpg\" alt=\"\" width=\"300\" height=\"225\" srcset=\"https:\/\/prefeitosegestoes.com.br\/portal\/wp-content\/uploads\/2025\/06\/IMG-20250614-WA0010-1-300x225.jpg 300w, https:\/\/prefeitosegestoes.com.br\/portal\/wp-content\/uploads\/2025\/06\/IMG-20250614-WA0010-1-1024x768.jpg 1024w, https:\/\/prefeitosegestoes.com.br\/portal\/wp-content\/uploads\/2025\/06\/IMG-20250614-WA0010-1-768x576.jpg 768w, https:\/\/prefeitosegestoes.com.br\/portal\/wp-content\/uploads\/2025\/06\/IMG-20250614-WA0010-1.jpg 1280w\" sizes=\"(max-width: 300px) 100vw, 300px\" \/> <img loading=\"lazy\" decoding=\"async\" class=\"alignnone size-medium wp-image-3459\" src=\"https:\/\/prefeitosegestoes.com.br\/portal\/wp-content\/uploads\/2025\/06\/IMG-20250614-WA0011-1-300x225.jpg\" alt=\"\" width=\"300\" height=\"225\" srcset=\"https:\/\/prefeitosegestoes.com.br\/portal\/wp-content\/uploads\/2025\/06\/IMG-20250614-WA0011-1-300x225.jpg 300w, https:\/\/prefeitosegestoes.com.br\/portal\/wp-content\/uploads\/2025\/06\/IMG-20250614-WA0011-1-1024x768.jpg 1024w, https:\/\/prefeitosegestoes.com.br\/portal\/wp-content\/uploads\/2025\/06\/IMG-20250614-WA0011-1-768x576.jpg 768w, https:\/\/prefeitosegestoes.com.br\/portal\/wp-content\/uploads\/2025\/06\/IMG-20250614-WA0011-1-1536x1152.jpg 1536w, https:\/\/prefeitosegestoes.com.br\/portal\/wp-content\/uploads\/2025\/06\/IMG-20250614-WA0011-1.jpg 1600w\" sizes=\"(max-width: 300px) 100vw, 300px\" \/> <img loading=\"lazy\" decoding=\"async\" class=\"alignnone size-medium wp-image-3460\" src=\"https:\/\/prefeitosegestoes.com.br\/portal\/wp-content\/uploads\/2025\/06\/IMG-20250614-WA0012-1-300x225.jpg\" alt=\"\" width=\"300\" height=\"225\" srcset=\"https:\/\/prefeitosegestoes.com.br\/portal\/wp-content\/uploads\/2025\/06\/IMG-20250614-WA0012-1-300x225.jpg 300w, https:\/\/prefeitosegestoes.com.br\/portal\/wp-content\/uploads\/2025\/06\/IMG-20250614-WA0012-1-1024x768.jpg 1024w, https:\/\/prefeitosegestoes.com.br\/portal\/wp-content\/uploads\/2025\/06\/IMG-20250614-WA0012-1-768x576.jpg 768w, https:\/\/prefeitosegestoes.com.br\/portal\/wp-content\/uploads\/2025\/06\/IMG-20250614-WA0012-1-1536x1152.jpg 1536w, https:\/\/prefeitosegestoes.com.br\/portal\/wp-content\/uploads\/2025\/06\/IMG-20250614-WA0012-1.jpg 1600w\" sizes=\"(max-width: 300px) 100vw, 300px\" \/> <img loading=\"lazy\" decoding=\"async\" class=\"alignnone size-medium wp-image-3461\" src=\"https:\/\/prefeitosegestoes.com.br\/portal\/wp-content\/uploads\/2025\/06\/IMG-20250614-WA0013-1-300x225.jpg\" alt=\"\" width=\"300\" height=\"225\" srcset=\"https:\/\/prefeitosegestoes.com.br\/portal\/wp-content\/uploads\/2025\/06\/IMG-20250614-WA0013-1-300x225.jpg 300w, https:\/\/prefeitosegestoes.com.br\/portal\/wp-content\/uploads\/2025\/06\/IMG-20250614-WA0013-1-1024x768.jpg 1024w, https:\/\/prefeitosegestoes.com.br\/portal\/wp-content\/uploads\/2025\/06\/IMG-20250614-WA0013-1-768x576.jpg 768w, https:\/\/prefeitosegestoes.com.br\/portal\/wp-content\/uploads\/2025\/06\/IMG-20250614-WA0013-1-1536x1152.jpg 1536w, https:\/\/prefeitosegestoes.com.br\/portal\/wp-content\/uploads\/2025\/06\/IMG-20250614-WA0013-1.jpg 1600w\" sizes=\"(max-width: 300px) 100vw, 300px\" \/> <img loading=\"lazy\" decoding=\"async\" class=\"alignnone size-medium wp-image-3462\" src=\"https:\/\/prefeitosegestoes.com.br\/portal\/wp-content\/uploads\/2025\/06\/IMG-20250614-WA0014-1-225x300.jpg\" alt=\"\" width=\"225\" height=\"300\" srcset=\"https:\/\/prefeitosegestoes.com.br\/portal\/wp-content\/uploads\/2025\/06\/IMG-20250614-WA0014-1-225x300.jpg 225w, https:\/\/prefeitosegestoes.com.br\/portal\/wp-content\/uploads\/2025\/06\/IMG-20250614-WA0014-1-768x1024.jpg 768w, https:\/\/prefeitosegestoes.com.br\/portal\/wp-content\/uploads\/2025\/06\/IMG-20250614-WA0014-1-1152x1536.jpg 1152w, https:\/\/prefeitosegestoes.com.br\/portal\/wp-content\/uploads\/2025\/06\/IMG-20250614-WA0014-1.jpg 1200w\" sizes=\"(max-width: 225px) 100vw, 225px\" \/> <img loading=\"lazy\" decoding=\"async\" class=\"alignnone size-medium wp-image-3463\" src=\"https:\/\/prefeitosegestoes.com.br\/portal\/wp-content\/uploads\/2025\/06\/IMG-20250616-WA0001-1-225x300.jpg\" alt=\"\" width=\"225\" height=\"300\" srcset=\"https:\/\/prefeitosegestoes.com.br\/portal\/wp-content\/uploads\/2025\/06\/IMG-20250616-WA0001-1-225x300.jpg 225w, https:\/\/prefeitosegestoes.com.br\/portal\/wp-content\/uploads\/2025\/06\/IMG-20250616-WA0001-1-768x1024.jpg 768w, https:\/\/prefeitosegestoes.com.br\/portal\/wp-content\/uploads\/2025\/06\/IMG-20250616-WA0001-1-1152x1536.jpg 1152w, https:\/\/prefeitosegestoes.com.br\/portal\/wp-content\/uploads\/2025\/06\/IMG-20250616-WA0001-1.jpg 1200w\" sizes=\"(max-width: 225px) 100vw, 225px\" \/> <img loading=\"lazy\" decoding=\"async\" class=\"alignnone size-medium wp-image-3465\" src=\"https:\/\/prefeitosegestoes.com.br\/portal\/wp-content\/uploads\/2025\/06\/IMG-20250616-WA0003-1-300x225.jpg\" alt=\"\" width=\"300\" height=\"225\" srcset=\"https:\/\/prefeitosegestoes.com.br\/portal\/wp-content\/uploads\/2025\/06\/IMG-20250616-WA0003-1-300x225.jpg 300w, https:\/\/prefeitosegestoes.com.br\/portal\/wp-content\/uploads\/2025\/06\/IMG-20250616-WA0003-1-1024x768.jpg 1024w, https:\/\/prefeitosegestoes.com.br\/portal\/wp-content\/uploads\/2025\/06\/IMG-20250616-WA0003-1-768x576.jpg 768w, https:\/\/prefeitosegestoes.com.br\/portal\/wp-content\/uploads\/2025\/06\/IMG-20250616-WA0003-1-1536x1152.jpg 1536w, https:\/\/prefeitosegestoes.com.br\/portal\/wp-content\/uploads\/2025\/06\/IMG-20250616-WA0003-1.jpg 1600w\" sizes=\"(max-width: 300px) 100vw, 300px\" \/> <img loading=\"lazy\" decoding=\"async\" class=\"alignnone size-medium wp-image-3466\" src=\"https:\/\/prefeitosegestoes.com.br\/portal\/wp-content\/uploads\/2025\/06\/IMG-20250616-WA0004-1-300x225.jpg\" alt=\"\" width=\"300\" height=\"225\" srcset=\"https:\/\/prefeitosegestoes.com.br\/portal\/wp-content\/uploads\/2025\/06\/IMG-20250616-WA0004-1-300x225.jpg 300w, https:\/\/prefeitosegestoes.com.br\/portal\/wp-content\/uploads\/2025\/06\/IMG-20250616-WA0004-1-1024x768.jpg 1024w, https:\/\/prefeitosegestoes.com.br\/portal\/wp-content\/uploads\/2025\/06\/IMG-20250616-WA0004-1-768x576.jpg 768w, https:\/\/prefeitosegestoes.com.br\/portal\/wp-content\/uploads\/2025\/06\/IMG-20250616-WA0004-1-1536x1152.jpg 1536w, https:\/\/prefeitosegestoes.com.br\/portal\/wp-content\/uploads\/2025\/06\/IMG-20250616-WA0004-1.jpg 1600w\" sizes=\"(max-width: 300px) 100vw, 300px\" \/> <img loading=\"lazy\" decoding=\"async\" class=\"alignnone size-medium wp-image-3467\" src=\"https:\/\/prefeitosegestoes.com.br\/portal\/wp-content\/uploads\/2025\/06\/IMG-20250616-WA0005-1-300x225.jpg\" alt=\"\" width=\"300\" height=\"225\" srcset=\"https:\/\/prefeitosegestoes.com.br\/portal\/wp-content\/uploads\/2025\/06\/IMG-20250616-WA0005-1-300x225.jpg 300w, https:\/\/prefeitosegestoes.com.br\/portal\/wp-content\/uploads\/2025\/06\/IMG-20250616-WA0005-1-1024x768.jpg 1024w, https:\/\/prefeitosegestoes.com.br\/portal\/wp-content\/uploads\/2025\/06\/IMG-20250616-WA0005-1-768x576.jpg 768w, https:\/\/prefeitosegestoes.com.br\/portal\/wp-content\/uploads\/2025\/06\/IMG-20250616-WA0005-1-1536x1152.jpg 1536w, https:\/\/prefeitosegestoes.com.br\/portal\/wp-content\/uploads\/2025\/06\/IMG-20250616-WA0005-1.jpg 1600w\" sizes=\"(max-width: 300px) 100vw, 300px\" \/> <img loading=\"lazy\" decoding=\"async\" class=\"alignnone size-medium wp-image-3468\" src=\"https:\/\/prefeitosegestoes.com.br\/portal\/wp-content\/uploads\/2025\/06\/IMG-20250616-WA0006-1-300x225.jpg\" alt=\"\" width=\"300\" height=\"225\" srcset=\"https:\/\/prefeitosegestoes.com.br\/portal\/wp-content\/uploads\/2025\/06\/IMG-20250616-WA0006-1-300x225.jpg 300w, https:\/\/prefeitosegestoes.com.br\/portal\/wp-content\/uploads\/2025\/06\/IMG-20250616-WA0006-1-1024x768.jpg 1024w, https:\/\/prefeitosegestoes.com.br\/portal\/wp-content\/uploads\/2025\/06\/IMG-20250616-WA0006-1-768x576.jpg 768w, https:\/\/prefeitosegestoes.com.br\/portal\/wp-content\/uploads\/2025\/06\/IMG-20250616-WA0006-1-1536x1152.jpg 1536w, https:\/\/prefeitosegestoes.com.br\/portal\/wp-content\/uploads\/2025\/06\/IMG-20250616-WA0006-1.jpg 1600w\" sizes=\"(max-width: 300px) 100vw, 300px\" \/> <img loading=\"lazy\" decoding=\"async\" class=\"alignnone size-medium wp-image-3469\" src=\"https:\/\/prefeitosegestoes.com.br\/portal\/wp-content\/uploads\/2025\/06\/IMG-20250616-WA0007-1-300x225.jpg\" alt=\"\" width=\"300\" height=\"225\" srcset=\"https:\/\/prefeitosegestoes.com.br\/portal\/wp-content\/uploads\/2025\/06\/IMG-20250616-WA0007-1-300x225.jpg 300w, https:\/\/prefeitosegestoes.com.br\/portal\/wp-content\/uploads\/2025\/06\/IMG-20250616-WA0007-1-1024x768.jpg 1024w, https:\/\/prefeitosegestoes.com.br\/portal\/wp-content\/uploads\/2025\/06\/IMG-20250616-WA0007-1-768x576.jpg 768w, https:\/\/prefeitosegestoes.com.br\/portal\/wp-content\/uploads\/2025\/06\/IMG-20250616-WA0007-1-1536x1152.jpg 1536w, https:\/\/prefeitosegestoes.com.br\/portal\/wp-content\/uploads\/2025\/06\/IMG-20250616-WA0007-1.jpg 1600w\" sizes=\"(max-width: 300px) 100vw, 300px\" \/> <img loading=\"lazy\" decoding=\"async\" class=\"alignnone size-medium wp-image-3470\" src=\"https:\/\/prefeitosegestoes.com.br\/portal\/wp-content\/uploads\/2025\/06\/IMG-20250616-WA0008-1-225x300.jpg\" alt=\"\" width=\"225\" height=\"300\" srcset=\"https:\/\/prefeitosegestoes.com.br\/portal\/wp-content\/uploads\/2025\/06\/IMG-20250616-WA0008-1-225x300.jpg 225w, https:\/\/prefeitosegestoes.com.br\/portal\/wp-content\/uploads\/2025\/06\/IMG-20250616-WA0008-1-768x1024.jpg 768w, https:\/\/prefeitosegestoes.com.br\/portal\/wp-content\/uploads\/2025\/06\/IMG-20250616-WA0008-1-1152x1536.jpg 1152w, https:\/\/prefeitosegestoes.com.br\/portal\/wp-content\/uploads\/2025\/06\/IMG-20250616-WA0008-1.jpg 1200w\" sizes=\"(max-width: 225px) 100vw, 225px\" \/> <img loading=\"lazy\" decoding=\"async\" class=\"alignnone size-medium wp-image-3471\" src=\"https:\/\/prefeitosegestoes.com.br\/portal\/wp-content\/uploads\/2025\/06\/IMG-20250616-WA0009-1-300x225.jpg\" alt=\"\" width=\"300\" height=\"225\" srcset=\"https:\/\/prefeitosegestoes.com.br\/portal\/wp-content\/uploads\/2025\/06\/IMG-20250616-WA0009-1-300x225.jpg 300w, https:\/\/prefeitosegestoes.com.br\/portal\/wp-content\/uploads\/2025\/06\/IMG-20250616-WA0009-1-1024x768.jpg 1024w, https:\/\/prefeitosegestoes.com.br\/portal\/wp-content\/uploads\/2025\/06\/IMG-20250616-WA0009-1-768x576.jpg 768w, https:\/\/prefeitosegestoes.com.br\/portal\/wp-content\/uploads\/2025\/06\/IMG-20250616-WA0009-1-1536x1152.jpg 1536w, https:\/\/prefeitosegestoes.com.br\/portal\/wp-content\/uploads\/2025\/06\/IMG-20250616-WA0009-1.jpg 1600w\" sizes=\"(max-width: 300px) 100vw, 300px\" \/> <img loading=\"lazy\" decoding=\"async\" class=\"alignnone size-medium wp-image-3472\" src=\"https:\/\/prefeitosegestoes.com.br\/portal\/wp-content\/uploads\/2025\/06\/IMG-20250616-WA0011-1-300x225.jpg\" alt=\"\" width=\"300\" height=\"225\" srcset=\"https:\/\/prefeitosegestoes.com.br\/portal\/wp-content\/uploads\/2025\/06\/IMG-20250616-WA0011-1-300x225.jpg 300w, https:\/\/prefeitosegestoes.com.br\/portal\/wp-content\/uploads\/2025\/06\/IMG-20250616-WA0011-1-1024x768.jpg 1024w, https:\/\/prefeitosegestoes.com.br\/portal\/wp-content\/uploads\/2025\/06\/IMG-20250616-WA0011-1-768x576.jpg 768w, https:\/\/prefeitosegestoes.com.br\/portal\/wp-content\/uploads\/2025\/06\/IMG-20250616-WA0011-1-1536x1152.jpg 1536w, https:\/\/prefeitosegestoes.com.br\/portal\/wp-content\/uploads\/2025\/06\/IMG-20250616-WA0011-1.jpg 1600w\" sizes=\"(max-width: 300px) 100vw, 300px\" \/> <img loading=\"lazy\" decoding=\"async\" class=\"alignnone size-medium wp-image-3473\" src=\"https:\/\/prefeitosegestoes.com.br\/portal\/wp-content\/uploads\/2025\/06\/palco-1-300x225.jpg\" alt=\"\" width=\"300\" height=\"225\" srcset=\"https:\/\/prefeitosegestoes.com.br\/portal\/wp-content\/uploads\/2025\/06\/palco-1-300x225.jpg 300w, https:\/\/prefeitosegestoes.com.br\/portal\/wp-content\/uploads\/2025\/06\/palco-1-1024x768.jpg 1024w, https:\/\/prefeitosegestoes.com.br\/portal\/wp-content\/uploads\/2025\/06\/palco-1-768x576.jpg 768w, https:\/\/prefeitosegestoes.com.br\/portal\/wp-content\/uploads\/2025\/06\/palco-1.jpg 1280w\" sizes=\"(max-width: 300px) 100vw, 300px\" \/><\/p>\n","protected":false},"excerpt":{"rendered":"<p>Um dia de conte\u00fado e conex\u00f5es A programa\u00e7\u00e3o do CPIIC 2025 trouxe 15 pain\u00e9is e palestras que abordaram os principais desafios e oportunidades nas \u00e1reas de ilumina\u00e7\u00e3o p\u00fablica inteligente, financiamento, transi\u00e7\u00e3o energ\u00e9tica, pol\u00edticas p\u00fablicas e tecnologia. Tamb\u00e9m marcaram presen\u00e7a 18 estandes de empresas e institui\u00e7\u00f5es que est\u00e3o transformando o setor com solu\u00e7\u00f5es pr\u00e1ticas e inovadoras. [&hellip;]<\/p>\n","protected":false},"author":2,"featured_media":3419,"comment_status":"open","ping_status":"open","sticky":false,"template":"","format":"standard","meta":{"rop_custom_images_group":[],"rop_custom_messages_group":[],"rop_publish_now":"initial","rop_publish_now_accounts":{"twitter_850042665852968960_850042665852968960":""},"rop_publish_now_history":[],"rop_publish_now_status":"pending","footnotes":""},"categories":[15],"tags":[510,482,651,140,123],"class_list":["post-3446","post","type-post","status-publish","format-standard","has-post-thumbnail","hentry","category-destaques","tag-congresso","tag-cpiic","tag-energia","tag-iluminacao-publica","tag-municipios"],"yoast_head":"<!-- This site is optimized with the Yoast SEO plugin v27.2 - https:\/\/yoast.com\/product\/yoast-seo-wordpress\/ -->\n<title>CPIIC 2025 encerra com sucesso absoluto e j\u00e1 anuncia pr\u00e9-inscri\u00e7\u00e3o para edi\u00e7\u00e3o de 2026 - Prefeitos &amp; Gest\u00f5es<\/title>\n<meta name=\"description\" content=\"A programa\u00e7\u00e3o do CPIIC 2025 trouxe 15 pain\u00e9is e palestras que abordaram os principais desafios e oportunidades nas \u00e1reas de ilumina\u00e7\u00e3o p\u00fablica inteligente, financiamento, transi\u00e7\u00e3o energ\u00e9tica, pol\u00edticas p\u00fablicas e tecnologia. Tamb\u00e9m marcaram presen\u00e7a 18 estandes de empresas e institui\u00e7\u00f5es que est\u00e3o transformando o setor com solu\u00e7\u00f5es pr\u00e1ticas e inovadoras. Veja as imagens.\" \/>\n<meta name=\"robots\" content=\"index, follow, max-snippet:-1, max-image-preview:large, max-video-preview:-1\" \/>\n<link rel=\"canonical\" href=\"https:\/\/prefeitosegestoes.com.br\/portal\/cpiic-2025-encerra-com-sucesso-absoluto-e-ja-anuncia-pre-inscricao-para-edicao-de-2026\/\" \/>\n<meta property=\"og:locale\" content=\"pt_BR\" \/>\n<meta property=\"og:type\" content=\"article\" \/>\n<meta property=\"og:title\" content=\"CPIIC 2025 encerra com sucesso absoluto e j\u00e1 anuncia pr\u00e9-inscri\u00e7\u00e3o para edi\u00e7\u00e3o de 2026 - Prefeitos &amp; Gest\u00f5es\" \/>\n<meta property=\"og:description\" content=\"A programa\u00e7\u00e3o do CPIIC 2025 trouxe 15 pain\u00e9is e palestras que abordaram os principais desafios e oportunidades nas \u00e1reas de ilumina\u00e7\u00e3o p\u00fablica inteligente, financiamento, transi\u00e7\u00e3o energ\u00e9tica, pol\u00edticas p\u00fablicas e tecnologia. Tamb\u00e9m marcaram presen\u00e7a 18 estandes de empresas e institui\u00e7\u00f5es que est\u00e3o transformando o setor com solu\u00e7\u00f5es pr\u00e1ticas e inovadoras. Veja as imagens.\" \/>\n<meta property=\"og:url\" content=\"https:\/\/prefeitosegestoes.com.br\/portal\/cpiic-2025-encerra-com-sucesso-absoluto-e-ja-anuncia-pre-inscricao-para-edicao-de-2026\/\" \/>\n<meta property=\"og:site_name\" content=\"Prefeitos &amp; Gest\u00f5es\" \/>\n<meta property=\"article:publisher\" content=\"https:\/\/www.facebook.com\/prefeitosonline\" \/>\n<meta property=\"article:published_time\" content=\"2025-06-16T16:18:47+00:00\" \/>\n<meta property=\"article:modified_time\" content=\"2025-06-16T16:21:12+00:00\" \/>\n<meta property=\"og:image\" content=\"https:\/\/prefeitosegestoes.com.br\/portal\/wp-content\/uploads\/2025\/06\/Destaques-1.jpg\" \/>\n\t<meta property=\"og:image:width\" content=\"1600\" \/>\n\t<meta property=\"og:image:height\" content=\"1200\" \/>\n\t<meta property=\"og:image:type\" content=\"image\/jpeg\" \/>\n<meta name=\"author\" content=\"Prefeitos &amp; Gest\u00f5es\" \/>\n<meta name=\"twitter:card\" content=\"summary_large_image\" \/>\n<meta name=\"twitter:creator\" content=\"@PrefGestoes\" \/>\n<meta name=\"twitter:site\" content=\"@PrefGestoes\" \/>\n<meta name=\"twitter:label1\" content=\"Escrito por\" \/>\n\t<meta name=\"twitter:data1\" content=\"Prefeitos &amp; Gest\u00f5es\" \/>\n\t<meta name=\"twitter:label2\" content=\"Est. tempo de leitura\" \/>\n\t<meta name=\"twitter:data2\" content=\"6 minutos\" \/>\n<script type=\"application\/ld+json\" class=\"yoast-schema-graph\">{\"@context\":\"https:\/\/schema.org\",\"@graph\":[{\"@type\":\"Article\",\"@id\":\"https:\/\/prefeitosegestoes.com.br\/portal\/cpiic-2025-encerra-com-sucesso-absoluto-e-ja-anuncia-pre-inscricao-para-edicao-de-2026\/#article\",\"isPartOf\":{\"@id\":\"https:\/\/prefeitosegestoes.com.br\/portal\/cpiic-2025-encerra-com-sucesso-absoluto-e-ja-anuncia-pre-inscricao-para-edicao-de-2026\/\"},\"author\":{\"name\":\"Prefeitos &amp; Gest\u00f5es\",\"@id\":\"https:\/\/prefeitosegestoes.com.br\/portal\/#\/schema\/person\/d00059f2ec99963e7e1850d448ae94b8\"},\"headline\":\"CPIIC 2025 encerra com sucesso absoluto e j\u00e1 anuncia pr\u00e9-inscri\u00e7\u00e3o para edi\u00e7\u00e3o de 2026\",\"datePublished\":\"2025-06-16T16:18:47+00:00\",\"dateModified\":\"2025-06-16T16:21:12+00:00\",\"mainEntityOfPage\":{\"@id\":\"https:\/\/prefeitosegestoes.com.br\/portal\/cpiic-2025-encerra-com-sucesso-absoluto-e-ja-anuncia-pre-inscricao-para-edicao-de-2026\/\"},\"wordCount\":86,\"commentCount\":0,\"publisher\":{\"@id\":\"https:\/\/prefeitosegestoes.com.br\/portal\/#organization\"},\"image\":{\"@id\":\"https:\/\/prefeitosegestoes.com.br\/portal\/cpiic-2025-encerra-com-sucesso-absoluto-e-ja-anuncia-pre-inscricao-para-edicao-de-2026\/#primaryimage\"},\"thumbnailUrl\":\"https:\/\/prefeitosegestoes.com.br\/portal\/wp-content\/uploads\/2025\/06\/Destaques-1.jpg\",\"keywords\":[\"Congresso\",\"CPIIC\",\"Energia\",\"Ilumina\u00e7\u00e3o P\u00fablica\",\"Munic\u00edpios\"],\"articleSection\":[\"Destaques\"],\"inLanguage\":\"pt-BR\",\"potentialAction\":[{\"@type\":\"CommentAction\",\"name\":\"Comment\",\"target\":[\"https:\/\/prefeitosegestoes.com.br\/portal\/cpiic-2025-encerra-com-sucesso-absoluto-e-ja-anuncia-pre-inscricao-para-edicao-de-2026\/#respond\"]}]},{\"@type\":\"WebPage\",\"@id\":\"https:\/\/prefeitosegestoes.com.br\/portal\/cpiic-2025-encerra-com-sucesso-absoluto-e-ja-anuncia-pre-inscricao-para-edicao-de-2026\/\",\"url\":\"https:\/\/prefeitosegestoes.com.br\/portal\/cpiic-2025-encerra-com-sucesso-absoluto-e-ja-anuncia-pre-inscricao-para-edicao-de-2026\/\",\"name\":\"CPIIC 2025 encerra com sucesso absoluto e j\u00e1 anuncia pr\u00e9-inscri\u00e7\u00e3o para edi\u00e7\u00e3o de 2026 - Prefeitos &amp; Gest\u00f5es\",\"isPartOf\":{\"@id\":\"https:\/\/prefeitosegestoes.com.br\/portal\/#website\"},\"primaryImageOfPage\":{\"@id\":\"https:\/\/prefeitosegestoes.com.br\/portal\/cpiic-2025-encerra-com-sucesso-absoluto-e-ja-anuncia-pre-inscricao-para-edicao-de-2026\/#primaryimage\"},\"image\":{\"@id\":\"https:\/\/prefeitosegestoes.com.br\/portal\/cpiic-2025-encerra-com-sucesso-absoluto-e-ja-anuncia-pre-inscricao-para-edicao-de-2026\/#primaryimage\"},\"thumbnailUrl\":\"https:\/\/prefeitosegestoes.com.br\/portal\/wp-content\/uploads\/2025\/06\/Destaques-1.jpg\",\"datePublished\":\"2025-06-16T16:18:47+00:00\",\"dateModified\":\"2025-06-16T16:21:12+00:00\",\"description\":\"A programa\u00e7\u00e3o do CPIIC 2025 trouxe 15 pain\u00e9is e palestras que abordaram os principais desafios e oportunidades nas \u00e1reas de ilumina\u00e7\u00e3o p\u00fablica inteligente, financiamento, transi\u00e7\u00e3o energ\u00e9tica, pol\u00edticas p\u00fablicas e tecnologia. Tamb\u00e9m marcaram presen\u00e7a 18 estandes de empresas e institui\u00e7\u00f5es que est\u00e3o transformando o setor com solu\u00e7\u00f5es pr\u00e1ticas e inovadoras. Veja as imagens.\",\"breadcrumb\":{\"@id\":\"https:\/\/prefeitosegestoes.com.br\/portal\/cpiic-2025-encerra-com-sucesso-absoluto-e-ja-anuncia-pre-inscricao-para-edicao-de-2026\/#breadcrumb\"},\"inLanguage\":\"pt-BR\",\"potentialAction\":[{\"@type\":\"ReadAction\",\"target\":[\"https:\/\/prefeitosegestoes.com.br\/portal\/cpiic-2025-encerra-com-sucesso-absoluto-e-ja-anuncia-pre-inscricao-para-edicao-de-2026\/\"]}]},{\"@type\":\"ImageObject\",\"inLanguage\":\"pt-BR\",\"@id\":\"https:\/\/prefeitosegestoes.com.br\/portal\/cpiic-2025-encerra-com-sucesso-absoluto-e-ja-anuncia-pre-inscricao-para-edicao-de-2026\/#primaryimage\",\"url\":\"https:\/\/prefeitosegestoes.com.br\/portal\/wp-content\/uploads\/2025\/06\/Destaques-1.jpg\",\"contentUrl\":\"https:\/\/prefeitosegestoes.com.br\/portal\/wp-content\/uploads\/2025\/06\/Destaques-1.jpg\",\"width\":1600,\"height\":1200},{\"@type\":\"BreadcrumbList\",\"@id\":\"https:\/\/prefeitosegestoes.com.br\/portal\/cpiic-2025-encerra-com-sucesso-absoluto-e-ja-anuncia-pre-inscricao-para-edicao-de-2026\/#breadcrumb\",\"itemListElement\":[{\"@type\":\"ListItem\",\"position\":1,\"name\":\"In\u00edcio\",\"item\":\"https:\/\/prefeitosegestoes.com.br\/portal\/\"},{\"@type\":\"ListItem\",\"position\":2,\"name\":\"CPIIC 2025 encerra com sucesso absoluto e j\u00e1 anuncia pr\u00e9-inscri\u00e7\u00e3o para edi\u00e7\u00e3o de 2026\"}]},{\"@type\":\"WebSite\",\"@id\":\"https:\/\/prefeitosegestoes.com.br\/portal\/#website\",\"url\":\"https:\/\/prefeitosegestoes.com.br\/portal\/\",\"name\":\"Prefeitos & Gest\u00f5es\",\"description\":\"\",\"publisher\":{\"@id\":\"https:\/\/prefeitosegestoes.com.br\/portal\/#organization\"},\"potentialAction\":[{\"@type\":\"SearchAction\",\"target\":{\"@type\":\"EntryPoint\",\"urlTemplate\":\"https:\/\/prefeitosegestoes.com.br\/portal\/?s={search_term_string}\"},\"query-input\":{\"@type\":\"PropertyValueSpecification\",\"valueRequired\":true,\"valueName\":\"search_term_string\"}}],\"inLanguage\":\"pt-BR\"},{\"@type\":\"Organization\",\"@id\":\"https:\/\/prefeitosegestoes.com.br\/portal\/#organization\",\"name\":\"Prefeitos & Gest\u00f5es\",\"url\":\"https:\/\/prefeitosegestoes.com.br\/portal\/\",\"logo\":{\"@type\":\"ImageObject\",\"inLanguage\":\"pt-BR\",\"@id\":\"https:\/\/prefeitosegestoes.com.br\/portal\/#\/schema\/logo\/image\/\",\"url\":\"https:\/\/prefeitosegestoes.com.br\/portal\/wp-content\/uploads\/2024\/10\/lg_trans_prefeitos_2024_preto2.png\",\"contentUrl\":\"https:\/\/prefeitosegestoes.com.br\/portal\/wp-content\/uploads\/2024\/10\/lg_trans_prefeitos_2024_preto2.png\",\"width\":199,\"height\":122,\"caption\":\"Prefeitos & Gest\u00f5es\"},\"image\":{\"@id\":\"https:\/\/prefeitosegestoes.com.br\/portal\/#\/schema\/logo\/image\/\"},\"sameAs\":[\"https:\/\/www.facebook.com\/prefeitosonline\",\"https:\/\/x.com\/PrefGestoes\"]},{\"@type\":\"Person\",\"@id\":\"https:\/\/prefeitosegestoes.com.br\/portal\/#\/schema\/person\/d00059f2ec99963e7e1850d448ae94b8\",\"name\":\"Prefeitos &amp; Gest\u00f5es\",\"image\":{\"@type\":\"ImageObject\",\"inLanguage\":\"pt-BR\",\"@id\":\"https:\/\/secure.gravatar.com\/avatar\/738fb281e479212ed32c1a21a4307dda9f3af9292edb6918a16c9ce9fff5f48d?s=96&d=mm&r=g\",\"url\":\"https:\/\/secure.gravatar.com\/avatar\/738fb281e479212ed32c1a21a4307dda9f3af9292edb6918a16c9ce9fff5f48d?s=96&d=mm&r=g\",\"contentUrl\":\"https:\/\/secure.gravatar.com\/avatar\/738fb281e479212ed32c1a21a4307dda9f3af9292edb6918a16c9ce9fff5f48d?s=96&d=mm&r=g\",\"caption\":\"Prefeitos &amp; Gest\u00f5es\"},\"url\":\"https:\/\/prefeitosegestoes.com.br\/portal\/author\/prefeitosegestoes\/\"}]}<\/script>\n<!-- \/ Yoast SEO plugin. -->","yoast_head_json":{"title":"CPIIC 2025 encerra com sucesso absoluto e j\u00e1 anuncia pr\u00e9-inscri\u00e7\u00e3o para edi\u00e7\u00e3o de 2026 - Prefeitos &amp; Gest\u00f5es","description":"A programa\u00e7\u00e3o do CPIIC 2025 trouxe 15 pain\u00e9is e palestras que abordaram os principais desafios e oportunidades nas \u00e1reas de ilumina\u00e7\u00e3o p\u00fablica inteligente, financiamento, transi\u00e7\u00e3o energ\u00e9tica, pol\u00edticas p\u00fablicas e tecnologia. Tamb\u00e9m marcaram presen\u00e7a 18 estandes de empresas e institui\u00e7\u00f5es que est\u00e3o transformando o setor com solu\u00e7\u00f5es pr\u00e1ticas e inovadoras. Veja as imagens.","robots":{"index":"index","follow":"follow","max-snippet":"max-snippet:-1","max-image-preview":"max-image-preview:large","max-video-preview":"max-video-preview:-1"},"canonical":"https:\/\/prefeitosegestoes.com.br\/portal\/cpiic-2025-encerra-com-sucesso-absoluto-e-ja-anuncia-pre-inscricao-para-edicao-de-2026\/","og_locale":"pt_BR","og_type":"article","og_title":"CPIIC 2025 encerra com sucesso absoluto e j\u00e1 anuncia pr\u00e9-inscri\u00e7\u00e3o para edi\u00e7\u00e3o de 2026 - Prefeitos &amp; Gest\u00f5es","og_description":"A programa\u00e7\u00e3o do CPIIC 2025 trouxe 15 pain\u00e9is e palestras que abordaram os principais desafios e oportunidades nas \u00e1reas de ilumina\u00e7\u00e3o p\u00fablica inteligente, financiamento, transi\u00e7\u00e3o energ\u00e9tica, pol\u00edticas p\u00fablicas e tecnologia. Tamb\u00e9m marcaram presen\u00e7a 18 estandes de empresas e institui\u00e7\u00f5es que est\u00e3o transformando o setor com solu\u00e7\u00f5es pr\u00e1ticas e inovadoras. Veja as imagens.","og_url":"https:\/\/prefeitosegestoes.com.br\/portal\/cpiic-2025-encerra-com-sucesso-absoluto-e-ja-anuncia-pre-inscricao-para-edicao-de-2026\/","og_site_name":"Prefeitos &amp; Gest\u00f5es","article_publisher":"https:\/\/www.facebook.com\/prefeitosonline","article_published_time":"2025-06-16T16:18:47+00:00","article_modified_time":"2025-06-16T16:21:12+00:00","og_image":[{"width":1600,"height":1200,"url":"https:\/\/prefeitosegestoes.com.br\/portal\/wp-content\/uploads\/2025\/06\/Destaques-1.jpg","type":"image\/jpeg"}],"author":"Prefeitos &amp; Gest\u00f5es","twitter_card":"summary_large_image","twitter_creator":"@PrefGestoes","twitter_site":"@PrefGestoes","twitter_misc":{"Escrito por":"Prefeitos &amp; Gest\u00f5es","Est. tempo de leitura":"6 minutos"},"schema":{"@context":"https:\/\/schema.org","@graph":[{"@type":"Article","@id":"https:\/\/prefeitosegestoes.com.br\/portal\/cpiic-2025-encerra-com-sucesso-absoluto-e-ja-anuncia-pre-inscricao-para-edicao-de-2026\/#article","isPartOf":{"@id":"https:\/\/prefeitosegestoes.com.br\/portal\/cpiic-2025-encerra-com-sucesso-absoluto-e-ja-anuncia-pre-inscricao-para-edicao-de-2026\/"},"author":{"name":"Prefeitos &amp; Gest\u00f5es","@id":"https:\/\/prefeitosegestoes.com.br\/portal\/#\/schema\/person\/d00059f2ec99963e7e1850d448ae94b8"},"headline":"CPIIC 2025 encerra com sucesso absoluto e j\u00e1 anuncia pr\u00e9-inscri\u00e7\u00e3o para edi\u00e7\u00e3o de 2026","datePublished":"2025-06-16T16:18:47+00:00","dateModified":"2025-06-16T16:21:12+00:00","mainEntityOfPage":{"@id":"https:\/\/prefeitosegestoes.com.br\/portal\/cpiic-2025-encerra-com-sucesso-absoluto-e-ja-anuncia-pre-inscricao-para-edicao-de-2026\/"},"wordCount":86,"commentCount":0,"publisher":{"@id":"https:\/\/prefeitosegestoes.com.br\/portal\/#organization"},"image":{"@id":"https:\/\/prefeitosegestoes.com.br\/portal\/cpiic-2025-encerra-com-sucesso-absoluto-e-ja-anuncia-pre-inscricao-para-edicao-de-2026\/#primaryimage"},"thumbnailUrl":"https:\/\/prefeitosegestoes.com.br\/portal\/wp-content\/uploads\/2025\/06\/Destaques-1.jpg","keywords":["Congresso","CPIIC","Energia","Ilumina\u00e7\u00e3o P\u00fablica","Munic\u00edpios"],"articleSection":["Destaques"],"inLanguage":"pt-BR","potentialAction":[{"@type":"CommentAction","name":"Comment","target":["https:\/\/prefeitosegestoes.com.br\/portal\/cpiic-2025-encerra-com-sucesso-absoluto-e-ja-anuncia-pre-inscricao-para-edicao-de-2026\/#respond"]}]},{"@type":"WebPage","@id":"https:\/\/prefeitosegestoes.com.br\/portal\/cpiic-2025-encerra-com-sucesso-absoluto-e-ja-anuncia-pre-inscricao-para-edicao-de-2026\/","url":"https:\/\/prefeitosegestoes.com.br\/portal\/cpiic-2025-encerra-com-sucesso-absoluto-e-ja-anuncia-pre-inscricao-para-edicao-de-2026\/","name":"CPIIC 2025 encerra com sucesso absoluto e j\u00e1 anuncia pr\u00e9-inscri\u00e7\u00e3o para edi\u00e7\u00e3o de 2026 - Prefeitos &amp; Gest\u00f5es","isPartOf":{"@id":"https:\/\/prefeitosegestoes.com.br\/portal\/#website"},"primaryImageOfPage":{"@id":"https:\/\/prefeitosegestoes.com.br\/portal\/cpiic-2025-encerra-com-sucesso-absoluto-e-ja-anuncia-pre-inscricao-para-edicao-de-2026\/#primaryimage"},"image":{"@id":"https:\/\/prefeitosegestoes.com.br\/portal\/cpiic-2025-encerra-com-sucesso-absoluto-e-ja-anuncia-pre-inscricao-para-edicao-de-2026\/#primaryimage"},"thumbnailUrl":"https:\/\/prefeitosegestoes.com.br\/portal\/wp-content\/uploads\/2025\/06\/Destaques-1.jpg","datePublished":"2025-06-16T16:18:47+00:00","dateModified":"2025-06-16T16:21:12+00:00","description":"A programa\u00e7\u00e3o do CPIIC 2025 trouxe 15 pain\u00e9is e palestras que abordaram os principais desafios e oportunidades nas \u00e1reas de ilumina\u00e7\u00e3o p\u00fablica inteligente, financiamento, transi\u00e7\u00e3o energ\u00e9tica, pol\u00edticas p\u00fablicas e tecnologia. Tamb\u00e9m marcaram presen\u00e7a 18 estandes de empresas e institui\u00e7\u00f5es que est\u00e3o transformando o setor com solu\u00e7\u00f5es pr\u00e1ticas e inovadoras. Veja as imagens.","breadcrumb":{"@id":"https:\/\/prefeitosegestoes.com.br\/portal\/cpiic-2025-encerra-com-sucesso-absoluto-e-ja-anuncia-pre-inscricao-para-edicao-de-2026\/#breadcrumb"},"inLanguage":"pt-BR","potentialAction":[{"@type":"ReadAction","target":["https:\/\/prefeitosegestoes.com.br\/portal\/cpiic-2025-encerra-com-sucesso-absoluto-e-ja-anuncia-pre-inscricao-para-edicao-de-2026\/"]}]},{"@type":"ImageObject","inLanguage":"pt-BR","@id":"https:\/\/prefeitosegestoes.com.br\/portal\/cpiic-2025-encerra-com-sucesso-absoluto-e-ja-anuncia-pre-inscricao-para-edicao-de-2026\/#primaryimage","url":"https:\/\/prefeitosegestoes.com.br\/portal\/wp-content\/uploads\/2025\/06\/Destaques-1.jpg","contentUrl":"https:\/\/prefeitosegestoes.com.br\/portal\/wp-content\/uploads\/2025\/06\/Destaques-1.jpg","width":1600,"height":1200},{"@type":"BreadcrumbList","@id":"https:\/\/prefeitosegestoes.com.br\/portal\/cpiic-2025-encerra-com-sucesso-absoluto-e-ja-anuncia-pre-inscricao-para-edicao-de-2026\/#breadcrumb","itemListElement":[{"@type":"ListItem","position":1,"name":"In\u00edcio","item":"https:\/\/prefeitosegestoes.com.br\/portal\/"},{"@type":"ListItem","position":2,"name":"CPIIC 2025 encerra com sucesso absoluto e j\u00e1 anuncia pr\u00e9-inscri\u00e7\u00e3o para edi\u00e7\u00e3o de 2026"}]},{"@type":"WebSite","@id":"https:\/\/prefeitosegestoes.com.br\/portal\/#website","url":"https:\/\/prefeitosegestoes.com.br\/portal\/","name":"Prefeitos & Gest\u00f5es","description":"","publisher":{"@id":"https:\/\/prefeitosegestoes.com.br\/portal\/#organization"},"potentialAction":[{"@type":"SearchAction","target":{"@type":"EntryPoint","urlTemplate":"https:\/\/prefeitosegestoes.com.br\/portal\/?s={search_term_string}"},"query-input":{"@type":"PropertyValueSpecification","valueRequired":true,"valueName":"search_term_string"}}],"inLanguage":"pt-BR"},{"@type":"Organization","@id":"https:\/\/prefeitosegestoes.com.br\/portal\/#organization","name":"Prefeitos & Gest\u00f5es","url":"https:\/\/prefeitosegestoes.com.br\/portal\/","logo":{"@type":"ImageObject","inLanguage":"pt-BR","@id":"https:\/\/prefeitosegestoes.com.br\/portal\/#\/schema\/logo\/image\/","url":"https:\/\/prefeitosegestoes.com.br\/portal\/wp-content\/uploads\/2024\/10\/lg_trans_prefeitos_2024_preto2.png","contentUrl":"https:\/\/prefeitosegestoes.com.br\/portal\/wp-content\/uploads\/2024\/10\/lg_trans_prefeitos_2024_preto2.png","width":199,"height":122,"caption":"Prefeitos & Gest\u00f5es"},"image":{"@id":"https:\/\/prefeitosegestoes.com.br\/portal\/#\/schema\/logo\/image\/"},"sameAs":["https:\/\/www.facebook.com\/prefeitosonline","https:\/\/x.com\/PrefGestoes"]},{"@type":"Person","@id":"https:\/\/prefeitosegestoes.com.br\/portal\/#\/schema\/person\/d00059f2ec99963e7e1850d448ae94b8","name":"Prefeitos &amp; Gest\u00f5es","image":{"@type":"ImageObject","inLanguage":"pt-BR","@id":"https:\/\/secure.gravatar.com\/avatar\/738fb281e479212ed32c1a21a4307dda9f3af9292edb6918a16c9ce9fff5f48d?s=96&d=mm&r=g","url":"https:\/\/secure.gravatar.com\/avatar\/738fb281e479212ed32c1a21a4307dda9f3af9292edb6918a16c9ce9fff5f48d?s=96&d=mm&r=g","contentUrl":"https:\/\/secure.gravatar.com\/avatar\/738fb281e479212ed32c1a21a4307dda9f3af9292edb6918a16c9ce9fff5f48d?s=96&d=mm&r=g","caption":"Prefeitos &amp; Gest\u00f5es"},"url":"https:\/\/prefeitosegestoes.com.br\/portal\/author\/prefeitosegestoes\/"}]}},"_links":{"self":[{"href":"https:\/\/prefeitosegestoes.com.br\/portal\/wp-json\/wp\/v2\/posts\/3446","targetHints":{"allow":["GET"]}}],"collection":[{"href":"https:\/\/prefeitosegestoes.com.br\/portal\/wp-json\/wp\/v2\/posts"}],"about":[{"href":"https:\/\/prefeitosegestoes.com.br\/portal\/wp-json\/wp\/v2\/types\/post"}],"author":[{"embeddable":true,"href":"https:\/\/prefeitosegestoes.com.br\/portal\/wp-json\/wp\/v2\/users\/2"}],"replies":[{"embeddable":true,"href":"https:\/\/prefeitosegestoes.com.br\/portal\/wp-json\/wp\/v2\/comments?post=3446"}],"version-history":[{"count":3,"href":"https:\/\/prefeitosegestoes.com.br\/portal\/wp-json\/wp\/v2\/posts\/3446\/revisions"}],"predecessor-version":[{"id":3474,"href":"https:\/\/prefeitosegestoes.com.br\/portal\/wp-json\/wp\/v2\/posts\/3446\/revisions\/3474"}],"wp:featuredmedia":[{"embeddable":true,"href":"https:\/\/prefeitosegestoes.com.br\/portal\/wp-json\/wp\/v2\/media\/3419"}],"wp:attachment":[{"href":"https:\/\/prefeitosegestoes.com.br\/portal\/wp-json\/wp\/v2\/media?parent=3446"}],"wp:term":[{"taxonomy":"category","embeddable":true,"href":"https:\/\/prefeitosegestoes.com.br\/portal\/wp-json\/wp\/v2\/categories?post=3446"},{"taxonomy":"post_tag","embeddable":true,"href":"https:\/\/prefeitosegestoes.com.br\/portal\/wp-json\/wp\/v2\/tags?post=3446"}],"curies":[{"name":"wp","href":"https:\/\/api.w.org\/{rel}","templated":true}]}}