{"id":3412,"date":"2025-06-13T17:37:47","date_gmt":"2025-06-13T20:37:47","guid":{"rendered":"https:\/\/prefeitosegestoes.com.br\/portal\/?p=3412"},"modified":"2025-06-13T17:37:47","modified_gmt":"2025-06-13T20:37:47","slug":"orgulho-de-ser-brasileiro-cai-para-74-e-vergonha-sobe-para-24","status":"publish","type":"post","link":"https:\/\/prefeitosegestoes.com.br\/portal\/orgulho-de-ser-brasileiro-cai-para-74-e-vergonha-sobe-para-24\/","title":{"rendered":"Orgulho de ser brasileiro cai para 74% e vergonha sobe para 24%"},"content":{"rendered":"<div class=\"mc-article-header\">\n<div class=\"row content-head mc-column non-featured \">\n<div class=\"medium-centered subtitle\">\n<h6 class=\"content-head__subtitle\">Foto Paulo Pinto\/Ag\u00eancia Brasil<\/h6>\n<div><\/div>\n<h2 class=\"content-head__subtitle\">Sentimento de pessimismo em rela\u00e7\u00e3o ao Brasil entre os entrevistados \u00e9 de 50% na pesquisa atual, enquanto os que se disseram otimistas com o pa\u00eds s\u00e3o 31%. A margem de erro \u00e9 de 2 pontos percentuais, para mais ou para menos.<\/h2>\n<\/div>\n<\/div>\n<div class=\"content__signa-share mc-column\">\n<div class=\"content__signature\">\n<div class=\"content-publication-data\">\n<div class=\"content-publication-data__text\">\n<p class=\"content-publication-data__from\" title=\"Gustavo Petr\u00f3\">Por\u00a0<a class=\"multi_signatures\" href=\"https:\/\/g1.globo.com\/autores\/gustavo-petro\/\">Gustavo Petr\u00f3<\/a>, g1<\/p>\n<p class=\"content-publication-data__updated\"><time datetime=\"2025-06-13T14:19:13.342-03:00\">13\/06\/2025 14h19\u00a0<\/time><span class=\"content-publication-data__updated-relative\">\u00a0<time datetime=\"2025-06-13T15:51:51.388-03:00\">Atualizado\u00a0<time datetime=\"2025-06-13T15:51:51.388-03:00\">h\u00e1 uma hora<\/time><\/time><\/span><\/p>\n<\/div>\n<\/div>\n<\/div>\n<\/div>\n<\/div>\n<div class=\"mc-article-body\">\n<article>\n<div id=\"chunk-kgle\">\n<div class=\"mc-column content-text active-extra-styles active-capital-letter\" data-block-type=\"unstyled\" data-block-weight=\"25\" data-block-id=\"2\">\n<p class=\" content-text__container theme-color-primary-first-letter\" data-track-category=\"Link no Texto\" data-track-links=\"\" data-mrf-recirculation=\"Mat\u00e9ria - Links no Texto\">Pesquisa Datafolha divulgada nesta sexta-feira (13) aponta o orgulho de ser brasileiro caiu para\u00a0<strong>74%<\/strong>\u00a0enquanto a vergonha de ter a nacionalidade subiu para\u00a0<strong>24%<\/strong>.<\/p>\n<\/div>\n<\/div>\n<div class=\"wall protected-content\">\n<div id=\"chunk-9fkt8\">\n<div class=\"mc-column content-text active-extra-styles \" data-block-type=\"unstyled\" data-block-weight=\"16\" data-block-id=\"4\">\n<p class=\" content-text__container \" data-track-category=\"Link no Texto\" data-track-links=\"\" data-mrf-recirculation=\"Mat\u00e9ria - Links no Texto\">Segundo o levantamento, em 2023,\u00a0<strong>83%<\/strong>\u00a0afirmaram ter mais orgulho, enquanto\u00a0<strong>16%<\/strong>\u00a0disseram ter mais vergonha.<\/p>\n<\/div>\n<\/div>\n<div id=\"chunk-98od\">\n<div class=\"mc-column content-text active-extra-styles \" data-block-type=\"unstyled\" data-block-weight=\"3\" data-block-id=\"5\">\n<p class=\" content-text__container \" data-track-category=\"Link no Texto\" data-track-links=\"\" data-mrf-recirculation=\"Mat\u00e9ria - Links no Texto\"><strong>Veja os n\u00fameros:<\/strong><\/p>\n<\/div>\n<\/div>\n<div id=\"chunk-frrtv\">\n<div class=\"mc-column content-text active-extra-styles\" data-block-type=\"raw\" data-block-weight=\"29\" data-block-id=\"6\">\n<ul class=\"content-unordered-list\">\n<li><strong>Mais orgulho do que vergonha:\u00a0<\/strong>74% (eram 83% na pesquisa anterior);<\/li>\n<li><strong>Mais vergonha do que orgulho:\u00a0<\/strong>24% (eram 16%);<\/li>\n<li><strong>N\u00e3o sabem:<\/strong>\u00a02% (eram 1%);<\/li>\n<li><strong>Outras respostas:<\/strong>\u00a01% (eram 1%).<\/li>\n<\/ul>\n<\/div>\n<\/div>\n<div id=\"chunk-7qs1n\">\n<div class=\"show-flourish-embed-block\" data-mrf-recirculation=\"Mat\u00e9ria - Flourish\">\n<div class=\"show-flourish-embed-block__container show-flourish-embed-block__container--visualization\" data-flourish-embed=\"\" data-flourish-content-type=\"visualization\">\n<div class=\"flourish-embed flourish-embed--visualization flourish-background\" data-src=\"visualisation\/23749881\" data-width=\"100%\"><iframe title=\"Interactive or visual content\" src=\"https:\/\/flo.uri.sh\/visualisation\/23749881\/embed?auto=1\" frameborder=\"0\" scrolling=\"no\" sandbox=\"allow-same-origin allow-forms allow-scripts allow-downloads allow-popups allow-popups-to-escape-sandbox allow-top-navigation-by-user-activation\" data-mce-fragment=\"1\"><\/iframe><\/div>\n<\/div>\n<\/div>\n<\/div>\n<div id=\"chunk-7mp2h\">\n<div class=\"mc-column content-text active-extra-styles \" data-block-type=\"unstyled\" data-block-weight=\"35\" data-block-id=\"7\">\n<p class=\" content-text__container \" data-track-category=\"Link no Texto\" data-track-links=\"\" data-mrf-recirculation=\"Mat\u00e9ria - Links no Texto\">O levantamento aponta que a baixa hist\u00f3rica do orgulho de ser brasileiro foi em 2017, quando\u00a0<strong>50%<\/strong>\u00a0afirmaram ter mais orgulho do que vergonha da nacionalidade, enquanto<strong>\u00a047%<\/strong> disseram ter mais vergonha do que orgulho.<\/p>\n<\/div>\n<\/div>\n<div id=\"chunk-u0s5\">\n<div class=\"mc-column content-text active-extra-styles \" data-block-type=\"unstyled\" data-block-weight=\"30\" data-block-id=\"9\">\n<p class=\" content-text__container \" data-track-category=\"Link no Texto\" data-track-links=\"\" data-mrf-recirculation=\"Mat\u00e9ria - Links no Texto\">O pico de orgulho foi registrado em 2010. Neste ano,\u00a0<strong>89%<\/strong>\u00a0declararam ter mais orgulho do que vergonha de ser brasileiro e\u00a0<strong>9%<\/strong>\u00a0afirmaram ter mais vergonha do que orgulho.<\/p>\n<\/div>\n<\/div>\n<div id=\"chunk-ffpef\">\n<div class=\"mc-column content-text active-extra-styles \" data-block-type=\"unstyled\" data-block-weight=\"63\" data-block-id=\"10\">\n<p class=\" content-text__container \" data-track-category=\"Link no Texto\" data-track-links=\"\" data-mrf-recirculation=\"Mat\u00e9ria - Links no Texto\">A taxa de quem tem orgulho de ser brasileiro, segundo o Datafolha \u00e9 maior entre os eleitores de Lula (PT), com\u00a0<strong>85%<\/strong>\u00a0dos que declararam voto no presidente no segundo turno de 2022. Entre quem afirmou que votaria em Lula nas elei\u00e7\u00f5es de 2026, a pesquisa aponta que o \u00edndice chega a\u00a0<strong>88%<\/strong>\u00a0contra\u00a0<strong>10%<\/strong>\u00a0dos que dizem que t\u00eam vergonha da nacionalidade.<\/p>\n<\/div>\n<\/div>\n<div id=\"chunk-93egh\">\n<div class=\"mc-column content-text active-extra-styles \" data-block-type=\"unstyled\" data-block-weight=\"80\" data-block-id=\"11\">\n<p class=\" content-text__container \" data-track-category=\"Link no Texto\" data-track-links=\"\" data-mrf-recirculation=\"Mat\u00e9ria - Links no Texto\">J\u00e1 entre os eleitores do ex-presidente Jair Bolsonaro (PL) no segundo turno de 2022,\u00a0<strong>65%<\/strong>\u00a0se declaram mais orgulhosos do que envergonhados, e o sentimento de vergonha fica em\u00a0<strong>33%<\/strong>, segundo a pesquisa. Entre os que declararam que votariam no ex-presidente em 2026, o \u00edndice permanece est\u00e1vel:\u00a0<strong>64%<\/strong>\u00a0se declaram orgulhosos, contra\u00a0<strong>35%<\/strong>\u00a0envergonhados.\u00a0<a class=\"\" href=\"https:\/\/g1.globo.com\/politica\/noticia\/2023\/06\/30\/tse-condena-bolsonaro-e-o-declara-inelegivel.ghtml\" data-mrf-link=\"https:\/\/g1.globo.com\/politica\/noticia\/2023\/06\/30\/tse-condena-bolsonaro-e-o-declara-inelegivel.ghtml\">Bolsonaro est\u00e1 ineleg\u00edvel at\u00e9 2030<\/a>\u00a0ap\u00f3s ser condenado por abuso de poder pol\u00edtico e uso indevido dos meios de comunica\u00e7\u00e3o pelo Tribunal Superior Eleitoral (TSE).<\/p>\n<\/div>\n<\/div>\n<div id=\"chunk-9gmks\">\n<div class=\"mc-column content-text active-extra-styles \" data-block-type=\"unstyled\" data-block-weight=\"44\" data-block-id=\"12\">\n<p class=\" content-text__container \" data-track-category=\"Link no Texto\" data-track-links=\"\" data-mrf-recirculation=\"Mat\u00e9ria - Links no Texto\">O Datafolha tamb\u00e9m aponta que o sentimento de pessimismo em rela\u00e7\u00e3o ao Brasil entre os entrevistados aumentou: passou de\u00a0<strong>47%<\/strong>\u00a0em 2023 para\u00a0<strong>50%<\/strong>\u00a0na pesquisa atual. Os que se disseram otimistas com o pa\u00eds eram\u00a0<strong>35%<\/strong>\u00a0no levantamento anterior e, agora, s\u00e3o\u00a0<strong>31%<\/strong>.<\/p>\n<\/div>\n<\/div>\n<div id=\"chunk-c8fqt\">\n<div class=\"mc-column content-text active-extra-styles \" data-block-type=\"unstyled\" data-block-weight=\"3\" data-block-id=\"14\">\n<p class=\" content-text__container \" data-track-category=\"Link no Texto\" data-track-links=\"\" data-mrf-recirculation=\"Mat\u00e9ria - Links no Texto\"><strong>Veja os n\u00fameros:<\/strong><\/p>\n<\/div>\n<\/div>\n<div id=\"chunk-ce48s\">\n<div class=\"mc-column content-text active-extra-styles\" data-block-type=\"raw\" data-block-weight=\"15\" data-block-id=\"15\">\n<ul class=\"content-unordered-list\">\n<li><strong>Pessimista:\u00a0<\/strong>50% (eram 47% no levantamento anterior);<\/li>\n<li><strong>Otimista:\u00a0<\/strong>31% (eram 35%);<\/li>\n<li><strong>Hesitante:\u00a0<\/strong>19% (eram 18%).<\/li>\n<\/ul>\n<\/div>\n<\/div>\n<div id=\"chunk-5g6pu\">\n<div class=\"show-flourish-embed-block\" data-mrf-recirculation=\"Mat\u00e9ria - Flourish\">\n<div class=\"show-flourish-embed-block__container show-flourish-embed-block__container--visualization\" data-flourish-embed=\"\" data-flourish-content-type=\"visualization\">\n<div class=\"flourish-embed flourish-embed--visualization flourish-background\" data-src=\"visualisation\/23750373\" data-width=\"100%\"><iframe title=\"Interactive or visual content\" src=\"https:\/\/flo.uri.sh\/visualisation\/23750373\/embed?auto=1\" frameborder=\"0\" scrolling=\"no\" sandbox=\"allow-same-origin allow-forms allow-scripts allow-downloads allow-popups allow-popups-to-escape-sandbox allow-top-navigation-by-user-activation\" data-mce-fragment=\"1\"><\/iframe><\/div>\n<\/div>\n<\/div>\n<\/div>\n<div id=\"chunk-4fuu8\">\n<div class=\"mc-column content-text active-extra-styles \" data-block-type=\"unstyled\" data-block-weight=\"24\" data-block-id=\"16\">\n<p class=\" content-text__container \" data-track-category=\"Link no Texto\" data-track-links=\"\" data-mrf-recirculation=\"Mat\u00e9ria - Links no Texto\">O pico de pessimismo, segundo a pesquisa, foi registrado em outubro de 2018, logo antes do primeiro turno das elei\u00e7\u00f5es presidenciais, batendo em\u00a0<strong>58%<\/strong>.<\/p>\n<\/div>\n<\/div>\n<div id=\"chunk-7ja8j\">\n<div class=\"mc-column content-text active-extra-styles \" data-block-type=\"unstyled\" data-block-weight=\"34\" data-block-id=\"17\">\n<p class=\" content-text__container \" data-track-category=\"Link no Texto\" data-track-links=\"\" data-mrf-recirculation=\"Mat\u00e9ria - Links no Texto\">O Datafolha aponta que, entre os eleitores que disseram ter votado em Lula em 2022,\u00a0<strong>47%<\/strong>\u00a0t\u00eam sentimentos otimistas em rela\u00e7\u00e3o ao pa\u00eds. J\u00e1 entre os eleitores de Bolsonaro, \u00edndice que \u00e9 de\u00a0<strong>18%<\/strong>.<\/p>\n<\/div>\n<\/div>\n<div id=\"chunk-bo81q\">\n<div class=\"mc-column content-text active-extra-styles \" data-block-type=\"unstyled\" data-block-weight=\"39\" data-block-id=\"18\">\n<p class=\" content-text__container \" data-track-category=\"Link no Texto\" data-track-links=\"\" data-mrf-recirculation=\"Mat\u00e9ria - Links no Texto\">A pesquisa foi realizada presencialmente com 2.004 pessoas de 16 anos ou mais em 136 munic\u00edpios pelo Brasil nos dias 10 e 11 de junho. A margem de erro \u00e9 de 2 pontos percentuais, para mais ou para menos.<\/p>\n<\/div>\n<\/div>\n<div id=\"chunk-b9udc\">\n<div class=\"mc-column content-text active-extra-styles\" data-block-type=\"raw\" data-block-weight=\"4\" data-block-id=\"20\">\n<div class=\"content-intertitle\">\n<h2>Avalia\u00e7\u00e3o do governo Lula<\/h2>\n<\/div>\n<\/div>\n<\/div>\n<div id=\"chunk-419p0\">\n<div class=\"mc-column content-text active-extra-styles \" data-block-type=\"unstyled\" data-block-weight=\"31\" data-block-id=\"21\">\n<p class=\" content-text__container \" data-track-category=\"Link no Texto\" data-track-links=\"\" data-mrf-recirculation=\"Mat\u00e9ria - Links no Texto\">Na quinta-feira (12), o\u00a0<a class=\"\" href=\"https:\/\/g1.globo.com\/politica\/noticia\/2025\/06\/12\/datafolha-avaliacao-lula.ghtml\" data-mrf-link=\"https:\/\/g1.globo.com\/politica\/noticia\/2025\/06\/12\/datafolha-avaliacao-lula.ghtml\">Datafolha divulgou pesquisa que apontou que 28% dos eleitores brasileiros avaliam o governo do presidente Lula (PT) como \u00f3timo ou bom, e 40% como ruim ou p\u00e9ssimo<\/a>.<\/p>\n<\/div>\n<\/div>\n<div id=\"chunk-5hcb4\">\n<div class=\"mc-column content-text active-extra-styles \" data-block-type=\"unstyled\" data-block-weight=\"15\" data-block-id=\"22\">\n<p class=\" content-text__container \" data-track-category=\"Link no Texto\" data-track-links=\"\" data-mrf-recirculation=\"Mat\u00e9ria - Links no Texto\">Dos entrevistados, 31% avaliam o governo como regular, e 1% n\u00e3o soube ou n\u00e3o respondeu.<\/p>\n<\/div>\n<\/div>\n<div id=\"chunk-etl1o\">\n<div class=\"mc-column content-text active-extra-styles \" data-block-type=\"unstyled\" data-block-weight=\"48\" data-block-id=\"23\">\n<p class=\" content-text__container \" data-track-category=\"Link no Texto\" data-track-links=\"\" data-mrf-recirculation=\"Mat\u00e9ria - Links no Texto\">Segundo o instituto, o cen\u00e1rio \u00e9 de estabilidade, e a avalia\u00e7\u00e3o do governo mant\u00e9m o pior n\u00edvel de todos os tr\u00eas mandatos do presidente Lula. Na pesquisa anterior, de abril, 38% avaliavam o governo Lula como ruim ou p\u00e9ssimo; 29%, como \u00f3timo ou bom; e 31%, como regular.<\/p>\n<\/div>\n<\/div>\n<div id=\"chunk-8u3lo\">\n<div class=\"mc-column content-text active-extra-styles \" data-block-type=\"unstyled\" data-block-weight=\"3\" data-block-id=\"24\">\n<p class=\" content-text__container \" data-track-category=\"Link no Texto\" data-track-links=\"\" data-mrf-recirculation=\"Mat\u00e9ria - Links no Texto\"><strong>Veja os n\u00fameros:<\/strong><\/p>\n<\/div>\n<\/div>\n<div id=\"chunk-c9f2k\">\n<div class=\"mc-column content-text active-extra-styles\" data-block-type=\"raw\" data-block-weight=\"19\" data-block-id=\"25\">\n<ul class=\"content-unordered-list\">\n<li><strong>Ruim\/p\u00e9ssimo:<\/strong>\u00a040% (eram 38% em abril);<\/li>\n<li><strong>Regular:\u00a0<\/strong>31% (eram 32%);<\/li>\n<li><strong>\u00d3timo\/bom:<\/strong>\u00a028% (eram 29%);<\/li>\n<li><strong>N\u00e3o sabem:<\/strong>\u00a01% (era 1%).<\/li>\n<\/ul>\n<\/div>\n<\/div>\n<div id=\"chunk-6fhtf\">\n<div class=\"show-flourish-embed-block\" data-mrf-recirculation=\"Mat\u00e9ria - Flourish\">\n<div class=\"show-flourish-embed-block__container show-flourish-embed-block__container--visualization\" data-flourish-embed=\"\" data-flourish-content-type=\"visualization\">\n<div class=\"flourish-embed flourish-embed--visualization flourish-background\" data-src=\"visualisation\/23734025\" data-width=\"100%\"><iframe title=\"Interactive or visual content\" src=\"https:\/\/flo.uri.sh\/visualisation\/23734025\/embed?auto=1\" frameborder=\"0\" scrolling=\"no\" sandbox=\"allow-same-origin allow-forms allow-scripts allow-downloads allow-popups allow-popups-to-escape-sandbox allow-top-navigation-by-user-activation\" data-mce-fragment=\"1\"><\/iframe><\/div>\n<\/div>\n<\/div>\n<\/div>\n<div id=\"chunk-dt9nj\">\n<div class=\"content-ads content-ads--reveal\" data-block-type=\"ads\" data-block-id=\"26\">\n<div id=\"banner_materia__88c517de-d3ee-455e-a192-ff0443eaa7dc\" class=\"tag-manager-publicidade-container tag-manager-publicidade-banner_materia__88c517de-d3ee-455e-a192-ff0443eaa7dc tag-manager-publicidade-container--carregado tag-manager-publicidade-container--visivel\" data-google-query-id=\"COzcqvKe740DFT9N3QIdXfIADw\">\n<div id=\"google_ads_iframe_\/95377733\/tvg_G1\/Politica_6__container__\"><\/div>\n<\/div>\n<\/div>\n<\/div>\n<div id=\"chunk-1dumk\">\n<div class=\"cxm-video-block mc-column  content-media content-video\" data-block-type=\"backstage-video\" data-block-id=\"27\">\n<div class=\"content-media__container content-media__container--codex-fallback\">\n<div class=\"content-video__bigger-player-description-fixer\">\n<article class=\"content-video\">\n<section class=\"content-video__video-container\">\n<div class=\"content-video__video\">\n<div class=\"content-video__placeholder\" data-video-id=\"13677391\"><img decoding=\"async\" class=\"content-video__placeholder__thumb\" title=\"Datafolha: 28% avaliam governo Lula como \u00f3timo ou bom e 40% como ruim ou p\u00e9ssimo\" src=\"https:\/\/s04.video.glbimg.com\/x240\/13677391.jpg\" alt=\"Datafolha: 28% avaliam governo Lula como \u00f3timo ou bom e 40% como ruim ou p\u00e9ssimo\" \/><\/p>\n<div>\n<div id=\"wp3-player-1\" class=\"clappr-player\" tabindex=\"9999\" data-player=\"\">\n<div class=\"dfp-ad-overlay dfp-ad-overlay--poster-mode\">\n<div><\/div>\n<\/div>\n<div class=\"container\" data-container=\"\">\n<div class=\"id-playback\" data-id-playback=\"\"><\/div>\n<\/div>\n<div class=\"media-control media-control-hide h720 w960\">\n<div class=\"media-control-panel\">\n<div class=\"media-control-position__left\"><\/div>\n<div class=\"media-control-panel__back-layer\">\n<div class=\"media-control-position__center\"><\/div>\n<div class=\"media-control-position__right\"><\/div>\n<\/div>\n<div class=\"media-control-panel__upper\">\n<div class=\"opposites-container\"><\/div>\n<\/div>\n<div class=\"media-control-panel__lower\" data-controls=\"\">\n<div class=\"visually-hidden\" aria-live=\"polite\"><\/div>\n<\/div>\n<div class=\"thumb-preview__thumb\"><\/div>\n<div class=\"media-control-panel__lower\" data-controls=\"\">\n<div class=\"media-control-position__center\">\n<div class=\"bar-container media-control-element\" data-seekbar=\"\">\n<div class=\"thumb-preview thumb-preview--hidden\">\n<div class=\"thumb-preview__position\"><\/div>\n<\/div>\n<\/div>\n<\/div>\n<\/div>\n<\/div>\n<\/div>\n<\/div>\n<\/div>\n<div>Fonte: G!<\/div>\n<\/div>\n<\/div>\n<\/section>\n<\/article>\n<\/div>\n<\/div>\n<\/div>\n<\/div>\n<div id=\"chunk-8ae9e\">\n<div class=\"block-podcast\">\n<div class=\"mc-column content-media content-media--normal podcast-container\" data-block-type=\"multicontent-podcast\" data-block-id=\"28\"><\/div>\n<\/div>\n<\/div>\n<div data-track-category=\"multicontent\" data-track-action=\"multicontent\" data-track-noninteraction=\"false\" data-track-scroll=\"ultimo chunk conteudo\" data-track-value=\"view\">\n<div id=\"chunk-5ltd5\">\n<div class=\"content-ads content-ads--reveal\" data-block-type=\"ads\" data-block-id=\"29\"><\/div>\n<\/div>\n<\/div>\n<\/div>\n<\/article>\n<div class=\"mc-column entities\"><\/div>\n<\/div>\n","protected":false},"excerpt":{"rendered":"<p>Foto Paulo Pinto\/Ag\u00eancia Brasil Sentimento de pessimismo em rela\u00e7\u00e3o ao Brasil entre os entrevistados \u00e9 de 50% na pesquisa atual, enquanto os que se disseram otimistas com o pa\u00eds s\u00e3o 31%. A margem de erro \u00e9 de 2 pontos percentuais, para mais ou para menos. Por\u00a0Gustavo Petr\u00f3, g1 13\/06\/2025 14h19\u00a0\u00a0Atualizado\u00a0h\u00e1 uma hora Pesquisa Datafolha divulgada [&hellip;]<\/p>\n","protected":false},"author":2,"featured_media":3413,"comment_status":"open","ping_status":"open","sticky":false,"template":"","format":"standard","meta":{"rop_custom_images_group":[],"rop_custom_messages_group":[],"rop_publish_now":"initial","rop_publish_now_accounts":{"twitter_850042665852968960_850042665852968960":""},"rop_publish_now_history":[],"rop_publish_now_status":"pending","footnotes":""},"categories":[15],"tags":[650,649,329,648],"class_list":["post-3412","post","type-post","status-publish","format-standard","has-post-thumbnail","hentry","category-destaques","tag-brasileiro","tag-datafolha","tag-pesquisa","tag-vergonha"],"yoast_head":"<!-- This site is optimized with the Yoast SEO plugin v27.2 - https:\/\/yoast.com\/product\/yoast-seo-wordpress\/ -->\n<title>Orgulho de ser brasileiro cai para 74% e vergonha sobe para 24% - Prefeitos &amp; Gest\u00f5es<\/title>\n<meta name=\"description\" content=\"Pesquisa Datafolha divulgada nesta sexta-feira (13) aponta o orgulho de ser brasileiro caiu para\u00a074%\u00a0enquanto a vergonha de ter a nacionalidade subiu para\u00a024%.Segundo o levantamento, em 2023,\u00a083%\u00a0afirmaram ter mais orgulho, enquanto\u00a016%\u00a0disseram ter mais vergonha.\" \/>\n<meta name=\"robots\" content=\"index, follow, max-snippet:-1, max-image-preview:large, max-video-preview:-1\" \/>\n<link rel=\"canonical\" href=\"https:\/\/prefeitosegestoes.com.br\/portal\/orgulho-de-ser-brasileiro-cai-para-74-e-vergonha-sobe-para-24\/\" \/>\n<meta property=\"og:locale\" content=\"pt_BR\" \/>\n<meta property=\"og:type\" content=\"article\" \/>\n<meta property=\"og:title\" content=\"Orgulho de ser brasileiro cai para 74% e vergonha sobe para 24% - Prefeitos &amp; Gest\u00f5es\" \/>\n<meta property=\"og:description\" content=\"Pesquisa Datafolha divulgada nesta sexta-feira (13) aponta o orgulho de ser brasileiro caiu para\u00a074%\u00a0enquanto a vergonha de ter a nacionalidade subiu para\u00a024%.Segundo o levantamento, em 2023,\u00a083%\u00a0afirmaram ter mais orgulho, enquanto\u00a016%\u00a0disseram ter mais vergonha.\" \/>\n<meta property=\"og:url\" content=\"https:\/\/prefeitosegestoes.com.br\/portal\/orgulho-de-ser-brasileiro-cai-para-74-e-vergonha-sobe-para-24\/\" \/>\n<meta property=\"og:site_name\" content=\"Prefeitos &amp; Gest\u00f5es\" \/>\n<meta property=\"article:publisher\" content=\"https:\/\/www.facebook.com\/prefeitosonline\" \/>\n<meta property=\"article:published_time\" content=\"2025-06-13T20:37:47+00:00\" \/>\n<meta property=\"og:image\" content=\"https:\/\/prefeitosegestoes.com.br\/portal\/wp-content\/uploads\/2025\/06\/scanner_iris_04.webp\" \/>\n\t<meta property=\"og:image:width\" content=\"1024\" \/>\n\t<meta property=\"og:image:height\" content=\"768\" \/>\n\t<meta property=\"og:image:type\" content=\"image\/webp\" \/>\n<meta name=\"author\" content=\"Prefeitos &amp; Gest\u00f5es\" \/>\n<meta name=\"twitter:card\" content=\"summary_large_image\" \/>\n<meta name=\"twitter:creator\" content=\"@PrefGestoes\" \/>\n<meta name=\"twitter:site\" content=\"@PrefGestoes\" \/>\n<meta name=\"twitter:label1\" content=\"Escrito por\" \/>\n\t<meta name=\"twitter:data1\" content=\"Prefeitos &amp; Gest\u00f5es\" \/>\n\t<meta name=\"twitter:label2\" content=\"Est. tempo de leitura\" \/>\n\t<meta name=\"twitter:data2\" content=\"4 minutos\" \/>\n<script type=\"application\/ld+json\" class=\"yoast-schema-graph\">{\"@context\":\"https:\/\/schema.org\",\"@graph\":[{\"@type\":\"Article\",\"@id\":\"https:\/\/prefeitosegestoes.com.br\/portal\/orgulho-de-ser-brasileiro-cai-para-74-e-vergonha-sobe-para-24\/#article\",\"isPartOf\":{\"@id\":\"https:\/\/prefeitosegestoes.com.br\/portal\/orgulho-de-ser-brasileiro-cai-para-74-e-vergonha-sobe-para-24\/\"},\"author\":{\"name\":\"Prefeitos &amp; Gest\u00f5es\",\"@id\":\"https:\/\/prefeitosegestoes.com.br\/portal\/#\/schema\/person\/d00059f2ec99963e7e1850d448ae94b8\"},\"headline\":\"Orgulho de ser brasileiro cai para 74% e vergonha sobe para 24%\",\"datePublished\":\"2025-06-13T20:37:47+00:00\",\"mainEntityOfPage\":{\"@id\":\"https:\/\/prefeitosegestoes.com.br\/portal\/orgulho-de-ser-brasileiro-cai-para-74-e-vergonha-sobe-para-24\/\"},\"wordCount\":586,\"commentCount\":0,\"publisher\":{\"@id\":\"https:\/\/prefeitosegestoes.com.br\/portal\/#organization\"},\"image\":{\"@id\":\"https:\/\/prefeitosegestoes.com.br\/portal\/orgulho-de-ser-brasileiro-cai-para-74-e-vergonha-sobe-para-24\/#primaryimage\"},\"thumbnailUrl\":\"https:\/\/prefeitosegestoes.com.br\/portal\/wp-content\/uploads\/2025\/06\/scanner_iris_04.webp\",\"keywords\":[\"brasileiro\",\"datafolha\",\"Pesquisa\",\"Vergonha\"],\"articleSection\":[\"Destaques\"],\"inLanguage\":\"pt-BR\",\"potentialAction\":[{\"@type\":\"CommentAction\",\"name\":\"Comment\",\"target\":[\"https:\/\/prefeitosegestoes.com.br\/portal\/orgulho-de-ser-brasileiro-cai-para-74-e-vergonha-sobe-para-24\/#respond\"]}]},{\"@type\":\"WebPage\",\"@id\":\"https:\/\/prefeitosegestoes.com.br\/portal\/orgulho-de-ser-brasileiro-cai-para-74-e-vergonha-sobe-para-24\/\",\"url\":\"https:\/\/prefeitosegestoes.com.br\/portal\/orgulho-de-ser-brasileiro-cai-para-74-e-vergonha-sobe-para-24\/\",\"name\":\"Orgulho de ser brasileiro cai para 74% e vergonha sobe para 24% - Prefeitos &amp; Gest\u00f5es\",\"isPartOf\":{\"@id\":\"https:\/\/prefeitosegestoes.com.br\/portal\/#website\"},\"primaryImageOfPage\":{\"@id\":\"https:\/\/prefeitosegestoes.com.br\/portal\/orgulho-de-ser-brasileiro-cai-para-74-e-vergonha-sobe-para-24\/#primaryimage\"},\"image\":{\"@id\":\"https:\/\/prefeitosegestoes.com.br\/portal\/orgulho-de-ser-brasileiro-cai-para-74-e-vergonha-sobe-para-24\/#primaryimage\"},\"thumbnailUrl\":\"https:\/\/prefeitosegestoes.com.br\/portal\/wp-content\/uploads\/2025\/06\/scanner_iris_04.webp\",\"datePublished\":\"2025-06-13T20:37:47+00:00\",\"description\":\"Pesquisa Datafolha divulgada nesta sexta-feira (13) aponta o orgulho de ser brasileiro caiu para\u00a074%\u00a0enquanto a vergonha de ter a nacionalidade subiu para\u00a024%.Segundo o levantamento, em 2023,\u00a083%\u00a0afirmaram ter mais orgulho, enquanto\u00a016%\u00a0disseram ter mais vergonha.\",\"breadcrumb\":{\"@id\":\"https:\/\/prefeitosegestoes.com.br\/portal\/orgulho-de-ser-brasileiro-cai-para-74-e-vergonha-sobe-para-24\/#breadcrumb\"},\"inLanguage\":\"pt-BR\",\"potentialAction\":[{\"@type\":\"ReadAction\",\"target\":[\"https:\/\/prefeitosegestoes.com.br\/portal\/orgulho-de-ser-brasileiro-cai-para-74-e-vergonha-sobe-para-24\/\"]}]},{\"@type\":\"ImageObject\",\"inLanguage\":\"pt-BR\",\"@id\":\"https:\/\/prefeitosegestoes.com.br\/portal\/orgulho-de-ser-brasileiro-cai-para-74-e-vergonha-sobe-para-24\/#primaryimage\",\"url\":\"https:\/\/prefeitosegestoes.com.br\/portal\/wp-content\/uploads\/2025\/06\/scanner_iris_04.webp\",\"contentUrl\":\"https:\/\/prefeitosegestoes.com.br\/portal\/wp-content\/uploads\/2025\/06\/scanner_iris_04.webp\",\"width\":1024,\"height\":768},{\"@type\":\"BreadcrumbList\",\"@id\":\"https:\/\/prefeitosegestoes.com.br\/portal\/orgulho-de-ser-brasileiro-cai-para-74-e-vergonha-sobe-para-24\/#breadcrumb\",\"itemListElement\":[{\"@type\":\"ListItem\",\"position\":1,\"name\":\"In\u00edcio\",\"item\":\"https:\/\/prefeitosegestoes.com.br\/portal\/\"},{\"@type\":\"ListItem\",\"position\":2,\"name\":\"Orgulho de ser brasileiro cai para 74% e vergonha sobe para 24%\"}]},{\"@type\":\"WebSite\",\"@id\":\"https:\/\/prefeitosegestoes.com.br\/portal\/#website\",\"url\":\"https:\/\/prefeitosegestoes.com.br\/portal\/\",\"name\":\"Prefeitos & Gest\u00f5es\",\"description\":\"\",\"publisher\":{\"@id\":\"https:\/\/prefeitosegestoes.com.br\/portal\/#organization\"},\"potentialAction\":[{\"@type\":\"SearchAction\",\"target\":{\"@type\":\"EntryPoint\",\"urlTemplate\":\"https:\/\/prefeitosegestoes.com.br\/portal\/?s={search_term_string}\"},\"query-input\":{\"@type\":\"PropertyValueSpecification\",\"valueRequired\":true,\"valueName\":\"search_term_string\"}}],\"inLanguage\":\"pt-BR\"},{\"@type\":\"Organization\",\"@id\":\"https:\/\/prefeitosegestoes.com.br\/portal\/#organization\",\"name\":\"Prefeitos & Gest\u00f5es\",\"url\":\"https:\/\/prefeitosegestoes.com.br\/portal\/\",\"logo\":{\"@type\":\"ImageObject\",\"inLanguage\":\"pt-BR\",\"@id\":\"https:\/\/prefeitosegestoes.com.br\/portal\/#\/schema\/logo\/image\/\",\"url\":\"https:\/\/prefeitosegestoes.com.br\/portal\/wp-content\/uploads\/2024\/10\/lg_trans_prefeitos_2024_preto2.png\",\"contentUrl\":\"https:\/\/prefeitosegestoes.com.br\/portal\/wp-content\/uploads\/2024\/10\/lg_trans_prefeitos_2024_preto2.png\",\"width\":199,\"height\":122,\"caption\":\"Prefeitos & Gest\u00f5es\"},\"image\":{\"@id\":\"https:\/\/prefeitosegestoes.com.br\/portal\/#\/schema\/logo\/image\/\"},\"sameAs\":[\"https:\/\/www.facebook.com\/prefeitosonline\",\"https:\/\/x.com\/PrefGestoes\"]},{\"@type\":\"Person\",\"@id\":\"https:\/\/prefeitosegestoes.com.br\/portal\/#\/schema\/person\/d00059f2ec99963e7e1850d448ae94b8\",\"name\":\"Prefeitos &amp; Gest\u00f5es\",\"image\":{\"@type\":\"ImageObject\",\"inLanguage\":\"pt-BR\",\"@id\":\"https:\/\/secure.gravatar.com\/avatar\/738fb281e479212ed32c1a21a4307dda9f3af9292edb6918a16c9ce9fff5f48d?s=96&d=mm&r=g\",\"url\":\"https:\/\/secure.gravatar.com\/avatar\/738fb281e479212ed32c1a21a4307dda9f3af9292edb6918a16c9ce9fff5f48d?s=96&d=mm&r=g\",\"contentUrl\":\"https:\/\/secure.gravatar.com\/avatar\/738fb281e479212ed32c1a21a4307dda9f3af9292edb6918a16c9ce9fff5f48d?s=96&d=mm&r=g\",\"caption\":\"Prefeitos &amp; Gest\u00f5es\"},\"url\":\"https:\/\/prefeitosegestoes.com.br\/portal\/author\/prefeitosegestoes\/\"}]}<\/script>\n<!-- \/ Yoast SEO plugin. -->","yoast_head_json":{"title":"Orgulho de ser brasileiro cai para 74% e vergonha sobe para 24% - Prefeitos &amp; Gest\u00f5es","description":"Pesquisa Datafolha divulgada nesta sexta-feira (13) aponta o orgulho de ser brasileiro caiu para\u00a074%\u00a0enquanto a vergonha de ter a nacionalidade subiu para\u00a024%.Segundo o levantamento, em 2023,\u00a083%\u00a0afirmaram ter mais orgulho, enquanto\u00a016%\u00a0disseram ter mais vergonha.","robots":{"index":"index","follow":"follow","max-snippet":"max-snippet:-1","max-image-preview":"max-image-preview:large","max-video-preview":"max-video-preview:-1"},"canonical":"https:\/\/prefeitosegestoes.com.br\/portal\/orgulho-de-ser-brasileiro-cai-para-74-e-vergonha-sobe-para-24\/","og_locale":"pt_BR","og_type":"article","og_title":"Orgulho de ser brasileiro cai para 74% e vergonha sobe para 24% - Prefeitos &amp; Gest\u00f5es","og_description":"Pesquisa Datafolha divulgada nesta sexta-feira (13) aponta o orgulho de ser brasileiro caiu para\u00a074%\u00a0enquanto a vergonha de ter a nacionalidade subiu para\u00a024%.Segundo o levantamento, em 2023,\u00a083%\u00a0afirmaram ter mais orgulho, enquanto\u00a016%\u00a0disseram ter mais vergonha.","og_url":"https:\/\/prefeitosegestoes.com.br\/portal\/orgulho-de-ser-brasileiro-cai-para-74-e-vergonha-sobe-para-24\/","og_site_name":"Prefeitos &amp; Gest\u00f5es","article_publisher":"https:\/\/www.facebook.com\/prefeitosonline","article_published_time":"2025-06-13T20:37:47+00:00","og_image":[{"width":1024,"height":768,"url":"https:\/\/prefeitosegestoes.com.br\/portal\/wp-content\/uploads\/2025\/06\/scanner_iris_04.webp","type":"image\/webp"}],"author":"Prefeitos &amp; Gest\u00f5es","twitter_card":"summary_large_image","twitter_creator":"@PrefGestoes","twitter_site":"@PrefGestoes","twitter_misc":{"Escrito por":"Prefeitos &amp; Gest\u00f5es","Est. tempo de leitura":"4 minutos"},"schema":{"@context":"https:\/\/schema.org","@graph":[{"@type":"Article","@id":"https:\/\/prefeitosegestoes.com.br\/portal\/orgulho-de-ser-brasileiro-cai-para-74-e-vergonha-sobe-para-24\/#article","isPartOf":{"@id":"https:\/\/prefeitosegestoes.com.br\/portal\/orgulho-de-ser-brasileiro-cai-para-74-e-vergonha-sobe-para-24\/"},"author":{"name":"Prefeitos &amp; Gest\u00f5es","@id":"https:\/\/prefeitosegestoes.com.br\/portal\/#\/schema\/person\/d00059f2ec99963e7e1850d448ae94b8"},"headline":"Orgulho de ser brasileiro cai para 74% e vergonha sobe para 24%","datePublished":"2025-06-13T20:37:47+00:00","mainEntityOfPage":{"@id":"https:\/\/prefeitosegestoes.com.br\/portal\/orgulho-de-ser-brasileiro-cai-para-74-e-vergonha-sobe-para-24\/"},"wordCount":586,"commentCount":0,"publisher":{"@id":"https:\/\/prefeitosegestoes.com.br\/portal\/#organization"},"image":{"@id":"https:\/\/prefeitosegestoes.com.br\/portal\/orgulho-de-ser-brasileiro-cai-para-74-e-vergonha-sobe-para-24\/#primaryimage"},"thumbnailUrl":"https:\/\/prefeitosegestoes.com.br\/portal\/wp-content\/uploads\/2025\/06\/scanner_iris_04.webp","keywords":["brasileiro","datafolha","Pesquisa","Vergonha"],"articleSection":["Destaques"],"inLanguage":"pt-BR","potentialAction":[{"@type":"CommentAction","name":"Comment","target":["https:\/\/prefeitosegestoes.com.br\/portal\/orgulho-de-ser-brasileiro-cai-para-74-e-vergonha-sobe-para-24\/#respond"]}]},{"@type":"WebPage","@id":"https:\/\/prefeitosegestoes.com.br\/portal\/orgulho-de-ser-brasileiro-cai-para-74-e-vergonha-sobe-para-24\/","url":"https:\/\/prefeitosegestoes.com.br\/portal\/orgulho-de-ser-brasileiro-cai-para-74-e-vergonha-sobe-para-24\/","name":"Orgulho de ser brasileiro cai para 74% e vergonha sobe para 24% - Prefeitos &amp; Gest\u00f5es","isPartOf":{"@id":"https:\/\/prefeitosegestoes.com.br\/portal\/#website"},"primaryImageOfPage":{"@id":"https:\/\/prefeitosegestoes.com.br\/portal\/orgulho-de-ser-brasileiro-cai-para-74-e-vergonha-sobe-para-24\/#primaryimage"},"image":{"@id":"https:\/\/prefeitosegestoes.com.br\/portal\/orgulho-de-ser-brasileiro-cai-para-74-e-vergonha-sobe-para-24\/#primaryimage"},"thumbnailUrl":"https:\/\/prefeitosegestoes.com.br\/portal\/wp-content\/uploads\/2025\/06\/scanner_iris_04.webp","datePublished":"2025-06-13T20:37:47+00:00","description":"Pesquisa Datafolha divulgada nesta sexta-feira (13) aponta o orgulho de ser brasileiro caiu para\u00a074%\u00a0enquanto a vergonha de ter a nacionalidade subiu para\u00a024%.Segundo o levantamento, em 2023,\u00a083%\u00a0afirmaram ter mais orgulho, enquanto\u00a016%\u00a0disseram ter mais vergonha.","breadcrumb":{"@id":"https:\/\/prefeitosegestoes.com.br\/portal\/orgulho-de-ser-brasileiro-cai-para-74-e-vergonha-sobe-para-24\/#breadcrumb"},"inLanguage":"pt-BR","potentialAction":[{"@type":"ReadAction","target":["https:\/\/prefeitosegestoes.com.br\/portal\/orgulho-de-ser-brasileiro-cai-para-74-e-vergonha-sobe-para-24\/"]}]},{"@type":"ImageObject","inLanguage":"pt-BR","@id":"https:\/\/prefeitosegestoes.com.br\/portal\/orgulho-de-ser-brasileiro-cai-para-74-e-vergonha-sobe-para-24\/#primaryimage","url":"https:\/\/prefeitosegestoes.com.br\/portal\/wp-content\/uploads\/2025\/06\/scanner_iris_04.webp","contentUrl":"https:\/\/prefeitosegestoes.com.br\/portal\/wp-content\/uploads\/2025\/06\/scanner_iris_04.webp","width":1024,"height":768},{"@type":"BreadcrumbList","@id":"https:\/\/prefeitosegestoes.com.br\/portal\/orgulho-de-ser-brasileiro-cai-para-74-e-vergonha-sobe-para-24\/#breadcrumb","itemListElement":[{"@type":"ListItem","position":1,"name":"In\u00edcio","item":"https:\/\/prefeitosegestoes.com.br\/portal\/"},{"@type":"ListItem","position":2,"name":"Orgulho de ser brasileiro cai para 74% e vergonha sobe para 24%"}]},{"@type":"WebSite","@id":"https:\/\/prefeitosegestoes.com.br\/portal\/#website","url":"https:\/\/prefeitosegestoes.com.br\/portal\/","name":"Prefeitos & Gest\u00f5es","description":"","publisher":{"@id":"https:\/\/prefeitosegestoes.com.br\/portal\/#organization"},"potentialAction":[{"@type":"SearchAction","target":{"@type":"EntryPoint","urlTemplate":"https:\/\/prefeitosegestoes.com.br\/portal\/?s={search_term_string}"},"query-input":{"@type":"PropertyValueSpecification","valueRequired":true,"valueName":"search_term_string"}}],"inLanguage":"pt-BR"},{"@type":"Organization","@id":"https:\/\/prefeitosegestoes.com.br\/portal\/#organization","name":"Prefeitos & Gest\u00f5es","url":"https:\/\/prefeitosegestoes.com.br\/portal\/","logo":{"@type":"ImageObject","inLanguage":"pt-BR","@id":"https:\/\/prefeitosegestoes.com.br\/portal\/#\/schema\/logo\/image\/","url":"https:\/\/prefeitosegestoes.com.br\/portal\/wp-content\/uploads\/2024\/10\/lg_trans_prefeitos_2024_preto2.png","contentUrl":"https:\/\/prefeitosegestoes.com.br\/portal\/wp-content\/uploads\/2024\/10\/lg_trans_prefeitos_2024_preto2.png","width":199,"height":122,"caption":"Prefeitos & Gest\u00f5es"},"image":{"@id":"https:\/\/prefeitosegestoes.com.br\/portal\/#\/schema\/logo\/image\/"},"sameAs":["https:\/\/www.facebook.com\/prefeitosonline","https:\/\/x.com\/PrefGestoes"]},{"@type":"Person","@id":"https:\/\/prefeitosegestoes.com.br\/portal\/#\/schema\/person\/d00059f2ec99963e7e1850d448ae94b8","name":"Prefeitos &amp; Gest\u00f5es","image":{"@type":"ImageObject","inLanguage":"pt-BR","@id":"https:\/\/secure.gravatar.com\/avatar\/738fb281e479212ed32c1a21a4307dda9f3af9292edb6918a16c9ce9fff5f48d?s=96&d=mm&r=g","url":"https:\/\/secure.gravatar.com\/avatar\/738fb281e479212ed32c1a21a4307dda9f3af9292edb6918a16c9ce9fff5f48d?s=96&d=mm&r=g","contentUrl":"https:\/\/secure.gravatar.com\/avatar\/738fb281e479212ed32c1a21a4307dda9f3af9292edb6918a16c9ce9fff5f48d?s=96&d=mm&r=g","caption":"Prefeitos &amp; Gest\u00f5es"},"url":"https:\/\/prefeitosegestoes.com.br\/portal\/author\/prefeitosegestoes\/"}]}},"_links":{"self":[{"href":"https:\/\/prefeitosegestoes.com.br\/portal\/wp-json\/wp\/v2\/posts\/3412","targetHints":{"allow":["GET"]}}],"collection":[{"href":"https:\/\/prefeitosegestoes.com.br\/portal\/wp-json\/wp\/v2\/posts"}],"about":[{"href":"https:\/\/prefeitosegestoes.com.br\/portal\/wp-json\/wp\/v2\/types\/post"}],"author":[{"embeddable":true,"href":"https:\/\/prefeitosegestoes.com.br\/portal\/wp-json\/wp\/v2\/users\/2"}],"replies":[{"embeddable":true,"href":"https:\/\/prefeitosegestoes.com.br\/portal\/wp-json\/wp\/v2\/comments?post=3412"}],"version-history":[{"count":1,"href":"https:\/\/prefeitosegestoes.com.br\/portal\/wp-json\/wp\/v2\/posts\/3412\/revisions"}],"predecessor-version":[{"id":3414,"href":"https:\/\/prefeitosegestoes.com.br\/portal\/wp-json\/wp\/v2\/posts\/3412\/revisions\/3414"}],"wp:featuredmedia":[{"embeddable":true,"href":"https:\/\/prefeitosegestoes.com.br\/portal\/wp-json\/wp\/v2\/media\/3413"}],"wp:attachment":[{"href":"https:\/\/prefeitosegestoes.com.br\/portal\/wp-json\/wp\/v2\/media?parent=3412"}],"wp:term":[{"taxonomy":"category","embeddable":true,"href":"https:\/\/prefeitosegestoes.com.br\/portal\/wp-json\/wp\/v2\/categories?post=3412"},{"taxonomy":"post_tag","embeddable":true,"href":"https:\/\/prefeitosegestoes.com.br\/portal\/wp-json\/wp\/v2\/tags?post=3412"}],"curies":[{"name":"wp","href":"https:\/\/api.w.org\/{rel}","templated":true}]}}