{"id":3404,"date":"2025-06-13T13:57:31","date_gmt":"2025-06-13T16:57:31","guid":{"rendered":"https:\/\/prefeitosegestoes.com.br\/portal\/?p=3404"},"modified":"2025-06-13T17:18:32","modified_gmt":"2025-06-13T20:18:32","slug":"analfabetismo-no-brasil-cai-para-53-em-2024","status":"publish","type":"post","link":"https:\/\/prefeitosegestoes.com.br\/portal\/analfabetismo-no-brasil-cai-para-53-em-2024\/","title":{"rendered":"Analfabetismo no Brasil cai para 5,3% em 2024"},"content":{"rendered":"<h6 class=\"autor\"><em>Foto T\u00e2nia R\u00eago\/Ag\u00eancia Brasil<\/em><\/h6>\n<p class=\"asset__label\">EDUCA\u00c7\u00c3O<\/p>\n<h1 class=\"asset__title\">Analfabetismo no Brasil cai para 5,3% em 2024<\/h1>\n<h2 class=\"asset__summary\">Dado foi divulgado pelo IBGE nesta sexta-feira (13). Taxa \u00e9 mais alta entre homens.<\/h2>\n<div class=\"asset__actions\">\n<div class=\"asset__info\">\n<p class=\"asset__publisher\">Congresso em Foco<\/p>\n<p class=\"asset__date\">13\/6\/2025\u00a0<span class=\"ng-star-inserted\">| Atualizado \u00e0s 13:45<\/span><\/p>\n<\/div>\n<\/div>\n<div class=\"asset__content leitura-materia-109410\">\n<div class=\"html-content\">\n<p>A taxa de analfabetismo no Brasil caiu para 5,3% em 2024. \u00c9 o menor n\u00edvel registrado na s\u00e9rie hist\u00f3rica do IBGE, que come\u00e7a em 2016. Isso representa um total de 9,1 milh\u00f5es de pessoas de 15 anos ou mais que n\u00e3o sabem ler ou escrever.<\/p>\n<p><img decoding=\"async\" src=\"https:\/\/static.congressoemfoco.com.br\/CONG_MATERIA\/2025\/06\/13\/94db26_CONG_MATERIA_800saladeaulajpeg.jpg\" \/><\/p>\n<p>Apesar do recuo, o problema segue concentrado entre idosos e moradores do Nordeste: 55,6% dos analfabetos vivem na regi\u00e3o, e 14,9% dos brasileiros com 60 anos ou mais s\u00e3o analfabetos.<\/p>\n<p><strong>Diferen\u00e7as por sexo, ra\u00e7a e idade<\/strong><\/p>\n<ul>\n<li>Mulheres t\u00eam taxa de 5,0%; homens, 5,6%.<\/li>\n<li>Entre brancos, o analfabetismo \u00e9 de 3,1%; entre pretos e pardos, 6,9%.<\/li>\n<li>A taxa chega a 21,8% entre idosos pretos ou pardos.<\/li>\n<\/ul>\n<p>Segundo o IBGE, os dados refor\u00e7am o car\u00e1ter geracional do problema e a necessidade de pol\u00edticas espec\u00edficas para a alfabetiza\u00e7\u00e3o de adultos, especialmente nas regi\u00f5es Norte e Nordeste.<\/p>\n<p>Fonte: Congresso em Foco<\/p>\n<\/div>\n<\/div>\n","protected":false},"excerpt":{"rendered":"<p>Foto T\u00e2nia R\u00eago\/Ag\u00eancia Brasil EDUCA\u00c7\u00c3O Analfabetismo no Brasil cai para 5,3% em 2024 Dado foi divulgado pelo IBGE nesta sexta-feira (13). Taxa \u00e9 mais alta entre homens. Congresso em Foco 13\/6\/2025\u00a0| Atualizado \u00e0s 13:45 A taxa de analfabetismo no Brasil caiu para 5,3% em 2024. \u00c9 o menor n\u00edvel registrado na s\u00e9rie hist\u00f3rica do IBGE, [&hellip;]<\/p>\n","protected":false},"author":2,"featured_media":3410,"comment_status":"open","ping_status":"open","sticky":false,"template":"","format":"standard","meta":{"rop_custom_images_group":[],"rop_custom_messages_group":[],"rop_publish_now":"initial","rop_publish_now_accounts":{"twitter_850042665852968960_850042665852968960":""},"rop_publish_now_history":[],"rop_publish_now_status":"pending","footnotes":""},"categories":[15],"tags":[642,138,643,184,241],"class_list":["post-3404","post","type-post","status-publish","format-standard","has-post-thumbnail","hentry","category-destaques","tag-analfabetismo","tag-educacao","tag-homens","tag-ibge","tag-mulheres"],"yoast_head":"<!-- This site is optimized with the Yoast SEO plugin v27.2 - https:\/\/yoast.com\/product\/yoast-seo-wordpress\/ -->\n<title>Analfabetismo no Brasil cai para 5,3% em 2024 - Prefeitos &amp; Gest\u00f5es<\/title>\n<meta name=\"description\" content=\"A taxa de analfabetismo no Brasil caiu para 5,3% em 2024. \u00c9 o menor n\u00edvel registrado na s\u00e9rie hist\u00f3rica do IBGE, que come\u00e7a em 2016. Isso representa um total de 9,1 milh\u00f5es de pessoas de 15 anos ou mais que n\u00e3o sabem ler ou escrever.\" \/>\n<meta name=\"robots\" content=\"index, follow, max-snippet:-1, max-image-preview:large, max-video-preview:-1\" \/>\n<link rel=\"canonical\" href=\"https:\/\/prefeitosegestoes.com.br\/portal\/analfabetismo-no-brasil-cai-para-53-em-2024\/\" \/>\n<meta property=\"og:locale\" content=\"pt_BR\" \/>\n<meta property=\"og:type\" content=\"article\" \/>\n<meta property=\"og:title\" content=\"Analfabetismo no Brasil cai para 5,3% em 2024 - Prefeitos &amp; Gest\u00f5es\" \/>\n<meta property=\"og:description\" content=\"A taxa de analfabetismo no Brasil caiu para 5,3% em 2024. \u00c9 o menor n\u00edvel registrado na s\u00e9rie hist\u00f3rica do IBGE, que come\u00e7a em 2016. Isso representa um total de 9,1 milh\u00f5es de pessoas de 15 anos ou mais que n\u00e3o sabem ler ou escrever.\" \/>\n<meta property=\"og:url\" content=\"https:\/\/prefeitosegestoes.com.br\/portal\/analfabetismo-no-brasil-cai-para-53-em-2024\/\" \/>\n<meta property=\"og:site_name\" content=\"Prefeitos &amp; Gest\u00f5es\" \/>\n<meta property=\"article:publisher\" content=\"https:\/\/www.facebook.com\/prefeitosonline\" \/>\n<meta property=\"article:published_time\" content=\"2025-06-13T16:57:31+00:00\" \/>\n<meta property=\"article:modified_time\" content=\"2025-06-13T20:18:32+00:00\" \/>\n<meta property=\"og:image\" content=\"https:\/\/prefeitosegestoes.com.br\/portal\/wp-content\/uploads\/2025\/06\/trbr9021.webp\" \/>\n\t<meta property=\"og:image:width\" content=\"1024\" \/>\n\t<meta property=\"og:image:height\" content=\"768\" \/>\n\t<meta property=\"og:image:type\" content=\"image\/webp\" \/>\n<meta name=\"author\" content=\"Prefeitos &amp; Gest\u00f5es\" \/>\n<meta name=\"twitter:card\" content=\"summary_large_image\" \/>\n<meta name=\"twitter:creator\" content=\"@PrefGestoes\" \/>\n<meta name=\"twitter:site\" content=\"@PrefGestoes\" \/>\n<meta name=\"twitter:label1\" content=\"Escrito por\" \/>\n\t<meta name=\"twitter:data1\" content=\"Prefeitos &amp; Gest\u00f5es\" \/>\n\t<meta name=\"twitter:label2\" content=\"Est. tempo de leitura\" \/>\n\t<meta name=\"twitter:data2\" content=\"2 minutos\" \/>\n<script type=\"application\/ld+json\" class=\"yoast-schema-graph\">{\"@context\":\"https:\/\/schema.org\",\"@graph\":[{\"@type\":\"Article\",\"@id\":\"https:\/\/prefeitosegestoes.com.br\/portal\/analfabetismo-no-brasil-cai-para-53-em-2024\/#article\",\"isPartOf\":{\"@id\":\"https:\/\/prefeitosegestoes.com.br\/portal\/analfabetismo-no-brasil-cai-para-53-em-2024\/\"},\"author\":{\"name\":\"Prefeitos &amp; Gest\u00f5es\",\"@id\":\"https:\/\/prefeitosegestoes.com.br\/portal\/#\/schema\/person\/d00059f2ec99963e7e1850d448ae94b8\"},\"headline\":\"Analfabetismo no Brasil cai para 5,3% em 2024\",\"datePublished\":\"2025-06-13T16:57:31+00:00\",\"dateModified\":\"2025-06-13T20:18:32+00:00\",\"mainEntityOfPage\":{\"@id\":\"https:\/\/prefeitosegestoes.com.br\/portal\/analfabetismo-no-brasil-cai-para-53-em-2024\/\"},\"wordCount\":183,\"commentCount\":0,\"publisher\":{\"@id\":\"https:\/\/prefeitosegestoes.com.br\/portal\/#organization\"},\"image\":{\"@id\":\"https:\/\/prefeitosegestoes.com.br\/portal\/analfabetismo-no-brasil-cai-para-53-em-2024\/#primaryimage\"},\"thumbnailUrl\":\"https:\/\/prefeitosegestoes.com.br\/portal\/wp-content\/uploads\/2025\/06\/trbr9021.webp\",\"keywords\":[\"Analfabetismo\",\"Educa\u00e7\u00e3o\",\"Homens\",\"IBGE\",\"Mulheres\"],\"articleSection\":[\"Destaques\"],\"inLanguage\":\"pt-BR\",\"potentialAction\":[{\"@type\":\"CommentAction\",\"name\":\"Comment\",\"target\":[\"https:\/\/prefeitosegestoes.com.br\/portal\/analfabetismo-no-brasil-cai-para-53-em-2024\/#respond\"]}]},{\"@type\":\"WebPage\",\"@id\":\"https:\/\/prefeitosegestoes.com.br\/portal\/analfabetismo-no-brasil-cai-para-53-em-2024\/\",\"url\":\"https:\/\/prefeitosegestoes.com.br\/portal\/analfabetismo-no-brasil-cai-para-53-em-2024\/\",\"name\":\"Analfabetismo no Brasil cai para 5,3% em 2024 - Prefeitos &amp; Gest\u00f5es\",\"isPartOf\":{\"@id\":\"https:\/\/prefeitosegestoes.com.br\/portal\/#website\"},\"primaryImageOfPage\":{\"@id\":\"https:\/\/prefeitosegestoes.com.br\/portal\/analfabetismo-no-brasil-cai-para-53-em-2024\/#primaryimage\"},\"image\":{\"@id\":\"https:\/\/prefeitosegestoes.com.br\/portal\/analfabetismo-no-brasil-cai-para-53-em-2024\/#primaryimage\"},\"thumbnailUrl\":\"https:\/\/prefeitosegestoes.com.br\/portal\/wp-content\/uploads\/2025\/06\/trbr9021.webp\",\"datePublished\":\"2025-06-13T16:57:31+00:00\",\"dateModified\":\"2025-06-13T20:18:32+00:00\",\"description\":\"A taxa de analfabetismo no Brasil caiu para 5,3% em 2024. \u00c9 o menor n\u00edvel registrado na s\u00e9rie hist\u00f3rica do IBGE, que come\u00e7a em 2016. Isso representa um total de 9,1 milh\u00f5es de pessoas de 15 anos ou mais que n\u00e3o sabem ler ou escrever.\",\"breadcrumb\":{\"@id\":\"https:\/\/prefeitosegestoes.com.br\/portal\/analfabetismo-no-brasil-cai-para-53-em-2024\/#breadcrumb\"},\"inLanguage\":\"pt-BR\",\"potentialAction\":[{\"@type\":\"ReadAction\",\"target\":[\"https:\/\/prefeitosegestoes.com.br\/portal\/analfabetismo-no-brasil-cai-para-53-em-2024\/\"]}]},{\"@type\":\"ImageObject\",\"inLanguage\":\"pt-BR\",\"@id\":\"https:\/\/prefeitosegestoes.com.br\/portal\/analfabetismo-no-brasil-cai-para-53-em-2024\/#primaryimage\",\"url\":\"https:\/\/prefeitosegestoes.com.br\/portal\/wp-content\/uploads\/2025\/06\/trbr9021.webp\",\"contentUrl\":\"https:\/\/prefeitosegestoes.com.br\/portal\/wp-content\/uploads\/2025\/06\/trbr9021.webp\",\"width\":1024,\"height\":768},{\"@type\":\"BreadcrumbList\",\"@id\":\"https:\/\/prefeitosegestoes.com.br\/portal\/analfabetismo-no-brasil-cai-para-53-em-2024\/#breadcrumb\",\"itemListElement\":[{\"@type\":\"ListItem\",\"position\":1,\"name\":\"In\u00edcio\",\"item\":\"https:\/\/prefeitosegestoes.com.br\/portal\/\"},{\"@type\":\"ListItem\",\"position\":2,\"name\":\"Analfabetismo no Brasil cai para 5,3% em 2024\"}]},{\"@type\":\"WebSite\",\"@id\":\"https:\/\/prefeitosegestoes.com.br\/portal\/#website\",\"url\":\"https:\/\/prefeitosegestoes.com.br\/portal\/\",\"name\":\"Prefeitos & Gest\u00f5es\",\"description\":\"\",\"publisher\":{\"@id\":\"https:\/\/prefeitosegestoes.com.br\/portal\/#organization\"},\"potentialAction\":[{\"@type\":\"SearchAction\",\"target\":{\"@type\":\"EntryPoint\",\"urlTemplate\":\"https:\/\/prefeitosegestoes.com.br\/portal\/?s={search_term_string}\"},\"query-input\":{\"@type\":\"PropertyValueSpecification\",\"valueRequired\":true,\"valueName\":\"search_term_string\"}}],\"inLanguage\":\"pt-BR\"},{\"@type\":\"Organization\",\"@id\":\"https:\/\/prefeitosegestoes.com.br\/portal\/#organization\",\"name\":\"Prefeitos & Gest\u00f5es\",\"url\":\"https:\/\/prefeitosegestoes.com.br\/portal\/\",\"logo\":{\"@type\":\"ImageObject\",\"inLanguage\":\"pt-BR\",\"@id\":\"https:\/\/prefeitosegestoes.com.br\/portal\/#\/schema\/logo\/image\/\",\"url\":\"https:\/\/prefeitosegestoes.com.br\/portal\/wp-content\/uploads\/2024\/10\/lg_trans_prefeitos_2024_preto2.png\",\"contentUrl\":\"https:\/\/prefeitosegestoes.com.br\/portal\/wp-content\/uploads\/2024\/10\/lg_trans_prefeitos_2024_preto2.png\",\"width\":199,\"height\":122,\"caption\":\"Prefeitos & Gest\u00f5es\"},\"image\":{\"@id\":\"https:\/\/prefeitosegestoes.com.br\/portal\/#\/schema\/logo\/image\/\"},\"sameAs\":[\"https:\/\/www.facebook.com\/prefeitosonline\",\"https:\/\/x.com\/PrefGestoes\"]},{\"@type\":\"Person\",\"@id\":\"https:\/\/prefeitosegestoes.com.br\/portal\/#\/schema\/person\/d00059f2ec99963e7e1850d448ae94b8\",\"name\":\"Prefeitos &amp; Gest\u00f5es\",\"image\":{\"@type\":\"ImageObject\",\"inLanguage\":\"pt-BR\",\"@id\":\"https:\/\/secure.gravatar.com\/avatar\/738fb281e479212ed32c1a21a4307dda9f3af9292edb6918a16c9ce9fff5f48d?s=96&d=mm&r=g\",\"url\":\"https:\/\/secure.gravatar.com\/avatar\/738fb281e479212ed32c1a21a4307dda9f3af9292edb6918a16c9ce9fff5f48d?s=96&d=mm&r=g\",\"contentUrl\":\"https:\/\/secure.gravatar.com\/avatar\/738fb281e479212ed32c1a21a4307dda9f3af9292edb6918a16c9ce9fff5f48d?s=96&d=mm&r=g\",\"caption\":\"Prefeitos &amp; Gest\u00f5es\"},\"url\":\"https:\/\/prefeitosegestoes.com.br\/portal\/author\/prefeitosegestoes\/\"}]}<\/script>\n<!-- \/ Yoast SEO plugin. -->","yoast_head_json":{"title":"Analfabetismo no Brasil cai para 5,3% em 2024 - Prefeitos &amp; Gest\u00f5es","description":"A taxa de analfabetismo no Brasil caiu para 5,3% em 2024. \u00c9 o menor n\u00edvel registrado na s\u00e9rie hist\u00f3rica do IBGE, que come\u00e7a em 2016. Isso representa um total de 9,1 milh\u00f5es de pessoas de 15 anos ou mais que n\u00e3o sabem ler ou escrever.","robots":{"index":"index","follow":"follow","max-snippet":"max-snippet:-1","max-image-preview":"max-image-preview:large","max-video-preview":"max-video-preview:-1"},"canonical":"https:\/\/prefeitosegestoes.com.br\/portal\/analfabetismo-no-brasil-cai-para-53-em-2024\/","og_locale":"pt_BR","og_type":"article","og_title":"Analfabetismo no Brasil cai para 5,3% em 2024 - Prefeitos &amp; Gest\u00f5es","og_description":"A taxa de analfabetismo no Brasil caiu para 5,3% em 2024. \u00c9 o menor n\u00edvel registrado na s\u00e9rie hist\u00f3rica do IBGE, que come\u00e7a em 2016. Isso representa um total de 9,1 milh\u00f5es de pessoas de 15 anos ou mais que n\u00e3o sabem ler ou escrever.","og_url":"https:\/\/prefeitosegestoes.com.br\/portal\/analfabetismo-no-brasil-cai-para-53-em-2024\/","og_site_name":"Prefeitos &amp; Gest\u00f5es","article_publisher":"https:\/\/www.facebook.com\/prefeitosonline","article_published_time":"2025-06-13T16:57:31+00:00","article_modified_time":"2025-06-13T20:18:32+00:00","og_image":[{"width":1024,"height":768,"url":"https:\/\/prefeitosegestoes.com.br\/portal\/wp-content\/uploads\/2025\/06\/trbr9021.webp","type":"image\/webp"}],"author":"Prefeitos &amp; Gest\u00f5es","twitter_card":"summary_large_image","twitter_creator":"@PrefGestoes","twitter_site":"@PrefGestoes","twitter_misc":{"Escrito por":"Prefeitos &amp; Gest\u00f5es","Est. tempo de leitura":"2 minutos"},"schema":{"@context":"https:\/\/schema.org","@graph":[{"@type":"Article","@id":"https:\/\/prefeitosegestoes.com.br\/portal\/analfabetismo-no-brasil-cai-para-53-em-2024\/#article","isPartOf":{"@id":"https:\/\/prefeitosegestoes.com.br\/portal\/analfabetismo-no-brasil-cai-para-53-em-2024\/"},"author":{"name":"Prefeitos &amp; Gest\u00f5es","@id":"https:\/\/prefeitosegestoes.com.br\/portal\/#\/schema\/person\/d00059f2ec99963e7e1850d448ae94b8"},"headline":"Analfabetismo no Brasil cai para 5,3% em 2024","datePublished":"2025-06-13T16:57:31+00:00","dateModified":"2025-06-13T20:18:32+00:00","mainEntityOfPage":{"@id":"https:\/\/prefeitosegestoes.com.br\/portal\/analfabetismo-no-brasil-cai-para-53-em-2024\/"},"wordCount":183,"commentCount":0,"publisher":{"@id":"https:\/\/prefeitosegestoes.com.br\/portal\/#organization"},"image":{"@id":"https:\/\/prefeitosegestoes.com.br\/portal\/analfabetismo-no-brasil-cai-para-53-em-2024\/#primaryimage"},"thumbnailUrl":"https:\/\/prefeitosegestoes.com.br\/portal\/wp-content\/uploads\/2025\/06\/trbr9021.webp","keywords":["Analfabetismo","Educa\u00e7\u00e3o","Homens","IBGE","Mulheres"],"articleSection":["Destaques"],"inLanguage":"pt-BR","potentialAction":[{"@type":"CommentAction","name":"Comment","target":["https:\/\/prefeitosegestoes.com.br\/portal\/analfabetismo-no-brasil-cai-para-53-em-2024\/#respond"]}]},{"@type":"WebPage","@id":"https:\/\/prefeitosegestoes.com.br\/portal\/analfabetismo-no-brasil-cai-para-53-em-2024\/","url":"https:\/\/prefeitosegestoes.com.br\/portal\/analfabetismo-no-brasil-cai-para-53-em-2024\/","name":"Analfabetismo no Brasil cai para 5,3% em 2024 - Prefeitos &amp; Gest\u00f5es","isPartOf":{"@id":"https:\/\/prefeitosegestoes.com.br\/portal\/#website"},"primaryImageOfPage":{"@id":"https:\/\/prefeitosegestoes.com.br\/portal\/analfabetismo-no-brasil-cai-para-53-em-2024\/#primaryimage"},"image":{"@id":"https:\/\/prefeitosegestoes.com.br\/portal\/analfabetismo-no-brasil-cai-para-53-em-2024\/#primaryimage"},"thumbnailUrl":"https:\/\/prefeitosegestoes.com.br\/portal\/wp-content\/uploads\/2025\/06\/trbr9021.webp","datePublished":"2025-06-13T16:57:31+00:00","dateModified":"2025-06-13T20:18:32+00:00","description":"A taxa de analfabetismo no Brasil caiu para 5,3% em 2024. \u00c9 o menor n\u00edvel registrado na s\u00e9rie hist\u00f3rica do IBGE, que come\u00e7a em 2016. Isso representa um total de 9,1 milh\u00f5es de pessoas de 15 anos ou mais que n\u00e3o sabem ler ou escrever.","breadcrumb":{"@id":"https:\/\/prefeitosegestoes.com.br\/portal\/analfabetismo-no-brasil-cai-para-53-em-2024\/#breadcrumb"},"inLanguage":"pt-BR","potentialAction":[{"@type":"ReadAction","target":["https:\/\/prefeitosegestoes.com.br\/portal\/analfabetismo-no-brasil-cai-para-53-em-2024\/"]}]},{"@type":"ImageObject","inLanguage":"pt-BR","@id":"https:\/\/prefeitosegestoes.com.br\/portal\/analfabetismo-no-brasil-cai-para-53-em-2024\/#primaryimage","url":"https:\/\/prefeitosegestoes.com.br\/portal\/wp-content\/uploads\/2025\/06\/trbr9021.webp","contentUrl":"https:\/\/prefeitosegestoes.com.br\/portal\/wp-content\/uploads\/2025\/06\/trbr9021.webp","width":1024,"height":768},{"@type":"BreadcrumbList","@id":"https:\/\/prefeitosegestoes.com.br\/portal\/analfabetismo-no-brasil-cai-para-53-em-2024\/#breadcrumb","itemListElement":[{"@type":"ListItem","position":1,"name":"In\u00edcio","item":"https:\/\/prefeitosegestoes.com.br\/portal\/"},{"@type":"ListItem","position":2,"name":"Analfabetismo no Brasil cai para 5,3% em 2024"}]},{"@type":"WebSite","@id":"https:\/\/prefeitosegestoes.com.br\/portal\/#website","url":"https:\/\/prefeitosegestoes.com.br\/portal\/","name":"Prefeitos & Gest\u00f5es","description":"","publisher":{"@id":"https:\/\/prefeitosegestoes.com.br\/portal\/#organization"},"potentialAction":[{"@type":"SearchAction","target":{"@type":"EntryPoint","urlTemplate":"https:\/\/prefeitosegestoes.com.br\/portal\/?s={search_term_string}"},"query-input":{"@type":"PropertyValueSpecification","valueRequired":true,"valueName":"search_term_string"}}],"inLanguage":"pt-BR"},{"@type":"Organization","@id":"https:\/\/prefeitosegestoes.com.br\/portal\/#organization","name":"Prefeitos & Gest\u00f5es","url":"https:\/\/prefeitosegestoes.com.br\/portal\/","logo":{"@type":"ImageObject","inLanguage":"pt-BR","@id":"https:\/\/prefeitosegestoes.com.br\/portal\/#\/schema\/logo\/image\/","url":"https:\/\/prefeitosegestoes.com.br\/portal\/wp-content\/uploads\/2024\/10\/lg_trans_prefeitos_2024_preto2.png","contentUrl":"https:\/\/prefeitosegestoes.com.br\/portal\/wp-content\/uploads\/2024\/10\/lg_trans_prefeitos_2024_preto2.png","width":199,"height":122,"caption":"Prefeitos & Gest\u00f5es"},"image":{"@id":"https:\/\/prefeitosegestoes.com.br\/portal\/#\/schema\/logo\/image\/"},"sameAs":["https:\/\/www.facebook.com\/prefeitosonline","https:\/\/x.com\/PrefGestoes"]},{"@type":"Person","@id":"https:\/\/prefeitosegestoes.com.br\/portal\/#\/schema\/person\/d00059f2ec99963e7e1850d448ae94b8","name":"Prefeitos &amp; Gest\u00f5es","image":{"@type":"ImageObject","inLanguage":"pt-BR","@id":"https:\/\/secure.gravatar.com\/avatar\/738fb281e479212ed32c1a21a4307dda9f3af9292edb6918a16c9ce9fff5f48d?s=96&d=mm&r=g","url":"https:\/\/secure.gravatar.com\/avatar\/738fb281e479212ed32c1a21a4307dda9f3af9292edb6918a16c9ce9fff5f48d?s=96&d=mm&r=g","contentUrl":"https:\/\/secure.gravatar.com\/avatar\/738fb281e479212ed32c1a21a4307dda9f3af9292edb6918a16c9ce9fff5f48d?s=96&d=mm&r=g","caption":"Prefeitos &amp; Gest\u00f5es"},"url":"https:\/\/prefeitosegestoes.com.br\/portal\/author\/prefeitosegestoes\/"}]}},"_links":{"self":[{"href":"https:\/\/prefeitosegestoes.com.br\/portal\/wp-json\/wp\/v2\/posts\/3404","targetHints":{"allow":["GET"]}}],"collection":[{"href":"https:\/\/prefeitosegestoes.com.br\/portal\/wp-json\/wp\/v2\/posts"}],"about":[{"href":"https:\/\/prefeitosegestoes.com.br\/portal\/wp-json\/wp\/v2\/types\/post"}],"author":[{"embeddable":true,"href":"https:\/\/prefeitosegestoes.com.br\/portal\/wp-json\/wp\/v2\/users\/2"}],"replies":[{"embeddable":true,"href":"https:\/\/prefeitosegestoes.com.br\/portal\/wp-json\/wp\/v2\/comments?post=3404"}],"version-history":[{"count":2,"href":"https:\/\/prefeitosegestoes.com.br\/portal\/wp-json\/wp\/v2\/posts\/3404\/revisions"}],"predecessor-version":[{"id":3406,"href":"https:\/\/prefeitosegestoes.com.br\/portal\/wp-json\/wp\/v2\/posts\/3404\/revisions\/3406"}],"wp:featuredmedia":[{"embeddable":true,"href":"https:\/\/prefeitosegestoes.com.br\/portal\/wp-json\/wp\/v2\/media\/3410"}],"wp:attachment":[{"href":"https:\/\/prefeitosegestoes.com.br\/portal\/wp-json\/wp\/v2\/media?parent=3404"}],"wp:term":[{"taxonomy":"category","embeddable":true,"href":"https:\/\/prefeitosegestoes.com.br\/portal\/wp-json\/wp\/v2\/categories?post=3404"},{"taxonomy":"post_tag","embeddable":true,"href":"https:\/\/prefeitosegestoes.com.br\/portal\/wp-json\/wp\/v2\/tags?post=3404"}],"curies":[{"name":"wp","href":"https:\/\/api.w.org\/{rel}","templated":true}]}}