{"id":3400,"date":"2025-06-09T18:20:23","date_gmt":"2025-06-09T21:20:23","guid":{"rendered":"https:\/\/prefeitosegestoes.com.br\/portal\/?p=3400"},"modified":"2025-06-09T18:20:23","modified_gmt":"2025-06-09T21:20:23","slug":"portaria-publicada-hoje-9-permitira-adocao-de-medidas-para-reduzir-o-tempo-de-espera-no-sus","status":"publish","type":"post","link":"https:\/\/prefeitosegestoes.com.br\/portal\/portaria-publicada-hoje-9-permitira-adocao-de-medidas-para-reduzir-o-tempo-de-espera-no-sus\/","title":{"rendered":"Portaria publicada hoje (9) permitir\u00e1 ado\u00e7\u00e3o de medidas para reduzir o tempo de espera no SUS"},"content":{"rendered":"<h6 class=\"nitfSubtitle\"><em>Foto:Marcelo Camargo\/Ag\u00eancia Brasil<\/em><\/h6>\n<h1 class=\"documentFirstHeading\">Agora Tem Especialistas: Minist\u00e9rio da Sa\u00fade reconhece a urg\u00eancia de ampliar o atendimento especializado \u00e0 popula\u00e7\u00e3o no SUS<\/h1>\n<div class=\"documentDescription\">Portaria publicada nesta segunda-feira (9) permitir\u00e1 a ado\u00e7\u00e3o imediata de medidas conjuntas por estruturas federais, estados e munic\u00edpios para reduzir o tempo de espera por consultas, exames e cirurgias<\/div>\n<div id=\"viewlet-above-content-body\">\n<div id=\"plone-document-byline\" class=\"documentByLine\"><span class=\"documentPublished\">Publicado em\u00a0<span class=\"value\">09\/06\/2025 12h18<\/span>\u00a0<\/span><span class=\"documentModified\">Atualizado em\u00a0<span class=\"value\">09\/06\/2025 14h33<\/span><\/span><\/div>\n<div id=\"media\"><img fetchpriority=\"high\" decoding=\"async\" src=\"https:\/\/www.gov.br\/saude\/pt-br\/assuntos\/noticias\/2025\/junho\/agora-tem-especialistas-ministerio-da-saude-reconhece-a-urgencia-de-ampliar-o-atendimento-especializado-a-populacao-no-sus\/medico-atende-foto-jeronimo-gonzalez-ms-1-1.jpg\/@@images\/dd6da562-abd2-4e8b-a032-b5765075f872.jpeg\" alt=\"m\u00e9dico - atende - foto - jer\u00f4nimo gonzalez ms (1) (1).jpg\" width=\"768\" height=\"354\" \/><\/p>\n<p class=\"discreet\">Foto: Jer\u00f4nimo Gonzalez\/MS<\/p>\n<\/div>\n<\/div>\n<div id=\"content-core\">\n<div id=\"parent-fieldname-text\" class=\"\">\n<div>\n<p>OMinist\u00e9rio da Sa\u00fade publicou, nesta segunda-feira (9), a\u00a0<a class=\"external-link\" title=\"\" href=\"https:\/\/www.in.gov.br\/en\/web\/dou\/-\/portaria-gm\/ms-n-7.061-de-6-de-junho-de-2025-634742862\" target=\"_blank\" rel=\"noopener\" data-tippreview-enabled=\"false\" data-tippreview-image=\"\" data-tippreview-title=\"\">Portaria GM\/MS n\u00ba 7.061<\/a>, que reconhece a situa\u00e7\u00e3o de urg\u00eancia em sa\u00fade p\u00fablica em todo o pa\u00eds, pelo per\u00edodo de dois anos. A medida, motivada pelo prolongado tempo de espera por atendimento especializado no\u00a0<a class=\"internal-link\" title=\"\" href=\"https:\/\/www.gov.br\/saude\/pt-br\/sus\" target=\"_blank\" rel=\"noopener\" data-tippreview-image=\"\" data-tippreview-title=\"\" data-tippreview-enabled=\"false\">Sistema \u00danico de Sa\u00fade (SUS)<\/a>, permite a ado\u00e7\u00e3o imediata, por estruturas federais, estados e munic\u00edpios, das a\u00e7\u00f5es previstas no programa\u00a0<a class=\"external-link\" title=\"\" href=\"https:\/\/www.gov.br\/saude\/pt-br\/composicao\/saes\/agora-tem-especialistas\" target=\"_self\" data-tippreview-enabled=\"false\" data-tippreview-image=\"\" data-tippreview-title=\"\">Agora Tem Especialistas<\/a>, que tem como objetivo ampliar o acesso e reduzir o tempo de espera da popula\u00e7\u00e3o por consultas, exames e cirurgias, acelerando o diagn\u00f3stico de doen\u00e7as como o\u00a0<a class=\"internal-link\" title=\"\" href=\"https:\/\/www.gov.br\/saude\/pt-br\/assuntos\/saude-de-a-a-z\/c\/cancer\" target=\"_blank\" rel=\"noopener\" data-tippreview-image=\"\" data-tippreview-title=\"\" data-tippreview-enabled=\"false\">c\u00e2ncer<\/a>.<\/p>\n<p>A portaria tamb\u00e9m garante mais agilidade na realiza\u00e7\u00e3o de pr\u00e9-operat\u00f3rios e de mais de 1,3 mil tipos de cirurgias, incluindo seis \u00e1reas priorit\u00e1rias \u2014 oftalmologia, oncologia, cardiologia, ortopedia, ginecologia e otorrinolaringologia \u2014, al\u00e9m de procedimentos de outras especialidades, como cirurgia vascular, neurocirurgia, corre\u00e7\u00e3o de h\u00e9rnia e colecistectomia.<\/p>\n<p>O reconhecimento da situa\u00e7\u00e3o de urg\u00eancia \u00e9 motivado pelo prolongado tempo de espera para procedimentos especializados no SUS, um gargalo hist\u00f3rico e que se agravou na pandemia de\u00a0<a class=\"internal-link\" title=\"\" href=\"https:\/\/www.gov.br\/saude\/pt-br\/assuntos\/saude-de-a-a-z\/c\/covid-19\" target=\"_blank\" rel=\"noopener\" data-tippreview-image=\"\" data-tippreview-title=\"\" data-tippreview-enabled=\"false\">Covid-19<\/a>. S\u00e3o 370 mil \u00f3bitos por ano por doen\u00e7as n\u00e3o transmiss\u00edveis relacionados a atraso no diagn\u00f3stico, segundo o Instituto de Estudos para Pol\u00edticas de Sa\u00fade (IEPS). Dados do INCA apontam que os custos com c\u00e2ncer aumentam em 37% por agravamento devido \u00e0 desassist\u00eancia. H\u00e1 uma necessidade ainda de o pa\u00eds aumentar em mais de 60% as bi\u00f3psias para o\u00a0<a class=\"internal-link\" title=\"\" href=\"https:\/\/www.gov.br\/saude\/pt-br\/assuntos\/saude-de-a-a-z\/c\/cancer-de-mama\" target=\"_blank\" rel=\"noopener\" data-tippreview-image=\"\" data-tippreview-title=\"\" data-tippreview-enabled=\"false\">c\u00e2ncer de mama<\/a>.<\/p>\n<p>A medida coloca como prioridade as regi\u00f5es de maior demanda reprimida e situa\u00e7\u00f5es sanit\u00e1rias cr\u00edticas que demandam respostas imediatas para evitar o agravamento do quadro. Para o monitoramento do cen\u00e1rio, o Minist\u00e9rio da Sa\u00fade coordenar\u00e1 um sistema de dados p\u00fablicos com informa\u00e7\u00f5es sobre os tempos de espera por atendimento especializado, dando mais transpar\u00eancia com cumprimento das medidas.<\/p>\n<p><strong>Entenda como vai funcionar o Agora Tem Especialistas<\/strong><\/p>\n<p>O programa Agora Tem Especialistas do Minist\u00e9rio da Sa\u00fade re\u00fane dez estrat\u00e9gias para acelerar o atendimento especializado na rede p\u00fablica de sa\u00fade. Uma das medidas previstas \u00e9 o credenciamento de cl\u00ednicas, hospitais filantr\u00f3picos e privados para atendimento de pacientes do SUS com foco em seis \u00e1reas priorit\u00e1rias &#8211; oncologia, ginecologia, cardiologia, ortopedia, oftalmologia e otorrinolaringologia.<\/p>\n<p>A medida provis\u00f3ria que institui o Agora Tem Especialistas estabelece ainda que hospitais privados e filantr\u00f3picos realizem consultas, exames e cirurgias de pacientes do SUS como contrapartida para sanar d\u00edvidas junto \u00e0 Uni\u00e3o. Da mesma forma, os planos de sa\u00fade poder\u00e3o ressarcir os valores aos SUS atrav\u00e9s de atendimento, como consultas, exames e cirurgias.<\/p>\n<p>Uma das prioridades \u00e9 aproveitar ao m\u00e1ximo a capacidade da rede p\u00fablica de sa\u00fade, com a realiza\u00e7\u00e3o de mutir\u00f5es e amplia\u00e7\u00e3o dos turnos de atendimento em unidades federais, estaduais e municipais. A estimativa \u00e9 que, com medidas como essa, seja poss\u00edvel expandir em at\u00e9 30% os atendimentos em policl\u00ednicas,\u00a0<a class=\"internal-link\" title=\"\" href=\"https:\/\/www.gov.br\/saude\/pt-br\/assuntos\/saude-de-a-a-z\/u\/upa-24h\" target=\"_blank\" rel=\"noopener\" data-tippreview-image=\"\" data-tippreview-title=\"\" data-tippreview-enabled=\"false\">UPAS<\/a>, ambulat\u00f3rios e salas de cirurgias por todo o Brasil.<\/p>\n<p><strong>Consolidar a maior rede p\u00fablica de preven\u00e7\u00e3o, diagn\u00f3stico e tratamento de c\u00e2ncer<\/strong><\/p>\n<p>O Agora Tem Especialistas prev\u00ea a consolida\u00e7\u00e3o do cuidado oncol\u00f3gico no SUS como a maior rede p\u00fablica de preven\u00e7\u00e3o, diagn\u00f3stico e tratamento de c\u00e2ncer. O Minist\u00e9rio da Sa\u00fade vai adquirir mais 121 aceleradores lineares at\u00e9 2026, representar\u00e1 um aumento e qualifica\u00e7\u00e3o dos aparelhos em funcionamento no SUS. Destes equipamentos para radioterapia, seis j\u00e1 foram entregues na \u00faltima sexta-feira (30) em S\u00e3o Paulo (SP), Bauru (SP), Piracicaba (SP), Curitiba (PR), Andara\u00ed (RJ) e Teresina (PI).<\/p>\n<p>O pa\u00eds passar\u00e1 a contar com o Super Centro Brasil para Diagn\u00f3stico de C\u00e2ncer. Todos os servi\u00e7os oncol\u00f3gicos ser\u00e3o integrados para oferta de teleconsultoria, telelaudos e telepatologia, com capacidade de emitir, inicialmente, 1.000 laudos por dia.<\/p>\n<p><strong>Carretas especializadas e telessa\u00fade para levar atendimento \u00e0s regi\u00f5es desassistidas<\/strong><\/p>\n<p>O Minist\u00e9rio da Sa\u00fade vai garantir atendimento especializado em regi\u00f5es desassistidas, com a disponibiliza\u00e7\u00e3o de 150 carretas equipadas com estrutura para realizar consultas com cardiologista e oftalmologista, por exemplo, al\u00e9m de exames como mamografia, tomografia e raio-X. A proposta \u00e9 que as carretas do Agora Tem Especialistas tenham estrutura para pequenas cirurgias e bi\u00f3psias.<\/p>\n<p>Outra frente \u00e9 o atendimento m\u00f3vel de caminhoneiros. Tamb\u00e9m est\u00e3o previstos mutir\u00f5es de exames, consultas e cirurgias em \u00e1reas remotas e territ\u00f3rios ind\u00edgenas. Para garantir o deslocamento de pacientes, ser\u00e3o disponibilizados recursos para a compra de at\u00e9 6.300 ve\u00edculos para transporte at\u00e9 hospitais e unidades de sa\u00fade, com prioridade para o atendimento oncol\u00f3gico. Cerca de 1,2 milh\u00e3o de pacientes dever\u00e3o ser beneficiados por m\u00eas com o funcionamento deste servi\u00e7o.<\/p>\n<p>Para encurtar dist\u00e2ncias, um desafio em um pa\u00eds das dimens\u00f5es do Brasil, ser\u00e1 ampliada a oferta de servi\u00e7os de\u00a0<a class=\"external-link\" title=\"\" href=\"https:\/\/www.gov.br\/saude\/pt-br\/composicao\/seidigi\/sus-digital\/telessaude\" target=\"_blank\" rel=\"noopener\" data-tippreview-enabled=\"false\" data-tippreview-image=\"\" data-tippreview-title=\"\">telessa\u00fade<\/a>, que t\u00eam potencial para reduzir at\u00e9 30% as filas de espera por consulta ou diagn\u00f3stico da rede especializada do SUS. Ser\u00e3o abertos editais para as iniciativas p\u00fablica e privada para a oferta de telediagn\u00f3stico, teleconsultoria e teleconsulta especializada.<\/p>\n<p>O provimento e a forma\u00e7\u00e3o dos profissionais s\u00e3o outra frente do programa, com expectativa de ampliar em 3.500 o n\u00famero de profissionais especializados com foco em \u00e1reas priorit\u00e1rias. A comunica\u00e7\u00e3o com os pacientes ganha novas funcionalidades do\u00a0<a class=\"external-link\" title=\"\" href=\"https:\/\/www.gov.br\/saude\/pt-br\/composicao\/seidigi\/meususdigital\" target=\"_blank\" rel=\"noopener\" data-tippreview-enabled=\"false\" data-tippreview-image=\"\" data-tippreview-title=\"\">Meu SUS Digital<\/a>. O ministro explicou que aplicativo emitir\u00e1 alertas de mensagem e via push para comunicar ao usu\u00e1rio sobre o agendamento e o atendimento de consultas, exames, cirurgias e tratamentos. O SUS tamb\u00e9m far\u00e1 contato com avisos por WhatsApp e SMS.<\/p>\n<p><em>Fonte: Minist\u00e9rio da Sa\u00fade<\/em><\/p>\n<\/div>\n<\/div>\n<\/div>\n<div id=\"formfield-form-widgets-categoria\" class=\"field z3cformInlineValidation\"><label class=\"horizontal\">Categoria<\/label><\/p>\n<div id=\"form-widgets-categoria\" class=\"contenttree-widget relationchoice-field\">Sa\u00fade e Vigil\u00e2ncia Sanit\u00e1ria<\/div>\n<\/div>\n","protected":false},"excerpt":{"rendered":"<p>Foto:Marcelo Camargo\/Ag\u00eancia Brasil Agora Tem Especialistas: Minist\u00e9rio da Sa\u00fade reconhece a urg\u00eancia de ampliar o atendimento especializado \u00e0 popula\u00e7\u00e3o no SUS Portaria publicada nesta segunda-feira (9) permitir\u00e1 a ado\u00e7\u00e3o imediata de medidas conjuntas por estruturas federais, estados e munic\u00edpios para reduzir o tempo de espera por consultas, exames e cirurgias Publicado em\u00a009\/06\/2025 12h18\u00a0Atualizado em\u00a009\/06\/2025 14h33 [&hellip;]<\/p>\n","protected":false},"author":2,"featured_media":3401,"comment_status":"open","ping_status":"open","sticky":false,"template":"","format":"standard","meta":{"rop_custom_images_group":[],"rop_custom_messages_group":[],"rop_publish_now":"initial","rop_publish_now_accounts":{"twitter_850042665852968960_850042665852968960":""},"rop_publish_now_history":[],"rop_publish_now_status":"pending","footnotes":""},"categories":[15],"tags":[640,36,639,638,641],"class_list":["post-3400","post","type-post","status-publish","format-standard","has-post-thumbnail","hentry","category-destaques","tag-agora-tem","tag-covid-19","tag-portaria","tag-sus","tag-upas"],"yoast_head":"<!-- This site is optimized with the Yoast SEO plugin v27.2 - https:\/\/yoast.com\/product\/yoast-seo-wordpress\/ -->\n<title>Portaria publicada hoje (9) permitir\u00e1 ado\u00e7\u00e3o de medidas para reduzir o tempo de espera no SUS - Prefeitos &amp; Gest\u00f5es<\/title>\n<meta name=\"description\" content=\"OMinist\u00e9rio da Sa\u00fade publicou, nesta segunda-feira (9), a\u00a0Portaria GM\/MS n\u00ba 7.061, que reconhece a situa\u00e7\u00e3o de urg\u00eancia em sa\u00fade p\u00fablica em todo o pa\u00eds, pelo per\u00edodo de dois anos. A medida, motivada pelo prolongado tempo de espera por atendimento especializado no\u00a0Sistema \u00danico de Sa\u00fade (SUS), permite a ado\u00e7\u00e3o imediata, por estruturas federais, estados e munic\u00edpios, das a\u00e7\u00f5es previstas no programa\u00a0Agora Tem Especialistas, que tem como objetivo ampliar o acesso e reduzir o tempo de espera da popula\u00e7\u00e3o por consultas, exames e cirurgias, acelerando o diagn\u00f3stico de doen\u00e7as como o\u00a0c\u00e2ncer.\" \/>\n<meta name=\"robots\" content=\"index, follow, max-snippet:-1, max-image-preview:large, max-video-preview:-1\" \/>\n<link rel=\"canonical\" href=\"https:\/\/prefeitosegestoes.com.br\/portal\/portaria-publicada-hoje-9-permitira-adocao-de-medidas-para-reduzir-o-tempo-de-espera-no-sus\/\" \/>\n<meta property=\"og:locale\" content=\"pt_BR\" \/>\n<meta property=\"og:type\" content=\"article\" \/>\n<meta property=\"og:title\" content=\"Portaria publicada hoje (9) permitir\u00e1 ado\u00e7\u00e3o de medidas para reduzir o tempo de espera no SUS - Prefeitos &amp; Gest\u00f5es\" \/>\n<meta property=\"og:description\" content=\"OMinist\u00e9rio da Sa\u00fade publicou, nesta segunda-feira (9), a\u00a0Portaria GM\/MS n\u00ba 7.061, que reconhece a situa\u00e7\u00e3o de urg\u00eancia em sa\u00fade p\u00fablica em todo o pa\u00eds, pelo per\u00edodo de dois anos. A medida, motivada pelo prolongado tempo de espera por atendimento especializado no\u00a0Sistema \u00danico de Sa\u00fade (SUS), permite a ado\u00e7\u00e3o imediata, por estruturas federais, estados e munic\u00edpios, das a\u00e7\u00f5es previstas no programa\u00a0Agora Tem Especialistas, que tem como objetivo ampliar o acesso e reduzir o tempo de espera da popula\u00e7\u00e3o por consultas, exames e cirurgias, acelerando o diagn\u00f3stico de doen\u00e7as como o\u00a0c\u00e2ncer.\" \/>\n<meta property=\"og:url\" content=\"https:\/\/prefeitosegestoes.com.br\/portal\/portaria-publicada-hoje-9-permitira-adocao-de-medidas-para-reduzir-o-tempo-de-espera-no-sus\/\" \/>\n<meta property=\"og:site_name\" content=\"Prefeitos &amp; Gest\u00f5es\" \/>\n<meta property=\"article:publisher\" content=\"https:\/\/www.facebook.com\/prefeitosonline\" \/>\n<meta property=\"article:published_time\" content=\"2025-06-09T21:20:23+00:00\" \/>\n<meta property=\"og:image\" content=\"https:\/\/prefeitosegestoes.com.br\/portal\/wp-content\/uploads\/2025\/06\/atendimento-dengue-df_mcamgo_abr_26022024-10.webp\" \/>\n\t<meta property=\"og:image:width\" content=\"1024\" \/>\n\t<meta property=\"og:image:height\" content=\"768\" \/>\n\t<meta property=\"og:image:type\" content=\"image\/webp\" \/>\n<meta name=\"author\" content=\"Prefeitos &amp; Gest\u00f5es\" \/>\n<meta name=\"twitter:card\" content=\"summary_large_image\" \/>\n<meta name=\"twitter:creator\" content=\"@PrefGestoes\" \/>\n<meta name=\"twitter:site\" content=\"@PrefGestoes\" \/>\n<meta name=\"twitter:label1\" content=\"Escrito por\" \/>\n\t<meta name=\"twitter:data1\" content=\"Prefeitos &amp; Gest\u00f5es\" \/>\n\t<meta name=\"twitter:label2\" content=\"Est. tempo de leitura\" \/>\n\t<meta name=\"twitter:data2\" content=\"6 minutos\" \/>\n<script type=\"application\/ld+json\" class=\"yoast-schema-graph\">{\"@context\":\"https:\/\/schema.org\",\"@graph\":[{\"@type\":\"Article\",\"@id\":\"https:\/\/prefeitosegestoes.com.br\/portal\/portaria-publicada-hoje-9-permitira-adocao-de-medidas-para-reduzir-o-tempo-de-espera-no-sus\/#article\",\"isPartOf\":{\"@id\":\"https:\/\/prefeitosegestoes.com.br\/portal\/portaria-publicada-hoje-9-permitira-adocao-de-medidas-para-reduzir-o-tempo-de-espera-no-sus\/\"},\"author\":{\"name\":\"Prefeitos &amp; Gest\u00f5es\",\"@id\":\"https:\/\/prefeitosegestoes.com.br\/portal\/#\/schema\/person\/d00059f2ec99963e7e1850d448ae94b8\"},\"headline\":\"Portaria publicada hoje (9) permitir\u00e1 ado\u00e7\u00e3o de medidas para reduzir o tempo de espera no SUS\",\"datePublished\":\"2025-06-09T21:20:23+00:00\",\"mainEntityOfPage\":{\"@id\":\"https:\/\/prefeitosegestoes.com.br\/portal\/portaria-publicada-hoje-9-permitira-adocao-de-medidas-para-reduzir-o-tempo-de-espera-no-sus\/\"},\"wordCount\":1061,\"commentCount\":0,\"publisher\":{\"@id\":\"https:\/\/prefeitosegestoes.com.br\/portal\/#organization\"},\"image\":{\"@id\":\"https:\/\/prefeitosegestoes.com.br\/portal\/portaria-publicada-hoje-9-permitira-adocao-de-medidas-para-reduzir-o-tempo-de-espera-no-sus\/#primaryimage\"},\"thumbnailUrl\":\"https:\/\/prefeitosegestoes.com.br\/portal\/wp-content\/uploads\/2025\/06\/atendimento-dengue-df_mcamgo_abr_26022024-10.webp\",\"keywords\":[\"Agora Tem\",\"Covid-19\",\"Portaria\",\"SUS\",\"UPAS\"],\"articleSection\":[\"Destaques\"],\"inLanguage\":\"pt-BR\",\"potentialAction\":[{\"@type\":\"CommentAction\",\"name\":\"Comment\",\"target\":[\"https:\/\/prefeitosegestoes.com.br\/portal\/portaria-publicada-hoje-9-permitira-adocao-de-medidas-para-reduzir-o-tempo-de-espera-no-sus\/#respond\"]}]},{\"@type\":\"WebPage\",\"@id\":\"https:\/\/prefeitosegestoes.com.br\/portal\/portaria-publicada-hoje-9-permitira-adocao-de-medidas-para-reduzir-o-tempo-de-espera-no-sus\/\",\"url\":\"https:\/\/prefeitosegestoes.com.br\/portal\/portaria-publicada-hoje-9-permitira-adocao-de-medidas-para-reduzir-o-tempo-de-espera-no-sus\/\",\"name\":\"Portaria publicada hoje (9) permitir\u00e1 ado\u00e7\u00e3o de medidas para reduzir o tempo de espera no SUS - Prefeitos &amp; Gest\u00f5es\",\"isPartOf\":{\"@id\":\"https:\/\/prefeitosegestoes.com.br\/portal\/#website\"},\"primaryImageOfPage\":{\"@id\":\"https:\/\/prefeitosegestoes.com.br\/portal\/portaria-publicada-hoje-9-permitira-adocao-de-medidas-para-reduzir-o-tempo-de-espera-no-sus\/#primaryimage\"},\"image\":{\"@id\":\"https:\/\/prefeitosegestoes.com.br\/portal\/portaria-publicada-hoje-9-permitira-adocao-de-medidas-para-reduzir-o-tempo-de-espera-no-sus\/#primaryimage\"},\"thumbnailUrl\":\"https:\/\/prefeitosegestoes.com.br\/portal\/wp-content\/uploads\/2025\/06\/atendimento-dengue-df_mcamgo_abr_26022024-10.webp\",\"datePublished\":\"2025-06-09T21:20:23+00:00\",\"description\":\"OMinist\u00e9rio da Sa\u00fade publicou, nesta segunda-feira (9), a\u00a0Portaria GM\/MS n\u00ba 7.061, que reconhece a situa\u00e7\u00e3o de urg\u00eancia em sa\u00fade p\u00fablica em todo o pa\u00eds, pelo per\u00edodo de dois anos. A medida, motivada pelo prolongado tempo de espera por atendimento especializado no\u00a0Sistema \u00danico de Sa\u00fade (SUS), permite a ado\u00e7\u00e3o imediata, por estruturas federais, estados e munic\u00edpios, das a\u00e7\u00f5es previstas no programa\u00a0Agora Tem Especialistas, que tem como objetivo ampliar o acesso e reduzir o tempo de espera da popula\u00e7\u00e3o por consultas, exames e cirurgias, acelerando o diagn\u00f3stico de doen\u00e7as como o\u00a0c\u00e2ncer.\",\"breadcrumb\":{\"@id\":\"https:\/\/prefeitosegestoes.com.br\/portal\/portaria-publicada-hoje-9-permitira-adocao-de-medidas-para-reduzir-o-tempo-de-espera-no-sus\/#breadcrumb\"},\"inLanguage\":\"pt-BR\",\"potentialAction\":[{\"@type\":\"ReadAction\",\"target\":[\"https:\/\/prefeitosegestoes.com.br\/portal\/portaria-publicada-hoje-9-permitira-adocao-de-medidas-para-reduzir-o-tempo-de-espera-no-sus\/\"]}]},{\"@type\":\"ImageObject\",\"inLanguage\":\"pt-BR\",\"@id\":\"https:\/\/prefeitosegestoes.com.br\/portal\/portaria-publicada-hoje-9-permitira-adocao-de-medidas-para-reduzir-o-tempo-de-espera-no-sus\/#primaryimage\",\"url\":\"https:\/\/prefeitosegestoes.com.br\/portal\/wp-content\/uploads\/2025\/06\/atendimento-dengue-df_mcamgo_abr_26022024-10.webp\",\"contentUrl\":\"https:\/\/prefeitosegestoes.com.br\/portal\/wp-content\/uploads\/2025\/06\/atendimento-dengue-df_mcamgo_abr_26022024-10.webp\",\"width\":1024,\"height\":768},{\"@type\":\"BreadcrumbList\",\"@id\":\"https:\/\/prefeitosegestoes.com.br\/portal\/portaria-publicada-hoje-9-permitira-adocao-de-medidas-para-reduzir-o-tempo-de-espera-no-sus\/#breadcrumb\",\"itemListElement\":[{\"@type\":\"ListItem\",\"position\":1,\"name\":\"In\u00edcio\",\"item\":\"https:\/\/prefeitosegestoes.com.br\/portal\/\"},{\"@type\":\"ListItem\",\"position\":2,\"name\":\"Portaria publicada hoje (9) permitir\u00e1 ado\u00e7\u00e3o de medidas para reduzir o tempo de espera no SUS\"}]},{\"@type\":\"WebSite\",\"@id\":\"https:\/\/prefeitosegestoes.com.br\/portal\/#website\",\"url\":\"https:\/\/prefeitosegestoes.com.br\/portal\/\",\"name\":\"Prefeitos & Gest\u00f5es\",\"description\":\"\",\"publisher\":{\"@id\":\"https:\/\/prefeitosegestoes.com.br\/portal\/#organization\"},\"potentialAction\":[{\"@type\":\"SearchAction\",\"target\":{\"@type\":\"EntryPoint\",\"urlTemplate\":\"https:\/\/prefeitosegestoes.com.br\/portal\/?s={search_term_string}\"},\"query-input\":{\"@type\":\"PropertyValueSpecification\",\"valueRequired\":true,\"valueName\":\"search_term_string\"}}],\"inLanguage\":\"pt-BR\"},{\"@type\":\"Organization\",\"@id\":\"https:\/\/prefeitosegestoes.com.br\/portal\/#organization\",\"name\":\"Prefeitos & Gest\u00f5es\",\"url\":\"https:\/\/prefeitosegestoes.com.br\/portal\/\",\"logo\":{\"@type\":\"ImageObject\",\"inLanguage\":\"pt-BR\",\"@id\":\"https:\/\/prefeitosegestoes.com.br\/portal\/#\/schema\/logo\/image\/\",\"url\":\"https:\/\/prefeitosegestoes.com.br\/portal\/wp-content\/uploads\/2024\/10\/lg_trans_prefeitos_2024_preto2.png\",\"contentUrl\":\"https:\/\/prefeitosegestoes.com.br\/portal\/wp-content\/uploads\/2024\/10\/lg_trans_prefeitos_2024_preto2.png\",\"width\":199,\"height\":122,\"caption\":\"Prefeitos & Gest\u00f5es\"},\"image\":{\"@id\":\"https:\/\/prefeitosegestoes.com.br\/portal\/#\/schema\/logo\/image\/\"},\"sameAs\":[\"https:\/\/www.facebook.com\/prefeitosonline\",\"https:\/\/x.com\/PrefGestoes\"]},{\"@type\":\"Person\",\"@id\":\"https:\/\/prefeitosegestoes.com.br\/portal\/#\/schema\/person\/d00059f2ec99963e7e1850d448ae94b8\",\"name\":\"Prefeitos &amp; Gest\u00f5es\",\"image\":{\"@type\":\"ImageObject\",\"inLanguage\":\"pt-BR\",\"@id\":\"https:\/\/secure.gravatar.com\/avatar\/738fb281e479212ed32c1a21a4307dda9f3af9292edb6918a16c9ce9fff5f48d?s=96&d=mm&r=g\",\"url\":\"https:\/\/secure.gravatar.com\/avatar\/738fb281e479212ed32c1a21a4307dda9f3af9292edb6918a16c9ce9fff5f48d?s=96&d=mm&r=g\",\"contentUrl\":\"https:\/\/secure.gravatar.com\/avatar\/738fb281e479212ed32c1a21a4307dda9f3af9292edb6918a16c9ce9fff5f48d?s=96&d=mm&r=g\",\"caption\":\"Prefeitos &amp; Gest\u00f5es\"},\"url\":\"https:\/\/prefeitosegestoes.com.br\/portal\/author\/prefeitosegestoes\/\"}]}<\/script>\n<!-- \/ Yoast SEO plugin. -->","yoast_head_json":{"title":"Portaria publicada hoje (9) permitir\u00e1 ado\u00e7\u00e3o de medidas para reduzir o tempo de espera no SUS - Prefeitos &amp; Gest\u00f5es","description":"OMinist\u00e9rio da Sa\u00fade publicou, nesta segunda-feira (9), a\u00a0Portaria GM\/MS n\u00ba 7.061, que reconhece a situa\u00e7\u00e3o de urg\u00eancia em sa\u00fade p\u00fablica em todo o pa\u00eds, pelo per\u00edodo de dois anos. A medida, motivada pelo prolongado tempo de espera por atendimento especializado no\u00a0Sistema \u00danico de Sa\u00fade (SUS), permite a ado\u00e7\u00e3o imediata, por estruturas federais, estados e munic\u00edpios, das a\u00e7\u00f5es previstas no programa\u00a0Agora Tem Especialistas, que tem como objetivo ampliar o acesso e reduzir o tempo de espera da popula\u00e7\u00e3o por consultas, exames e cirurgias, acelerando o diagn\u00f3stico de doen\u00e7as como o\u00a0c\u00e2ncer.","robots":{"index":"index","follow":"follow","max-snippet":"max-snippet:-1","max-image-preview":"max-image-preview:large","max-video-preview":"max-video-preview:-1"},"canonical":"https:\/\/prefeitosegestoes.com.br\/portal\/portaria-publicada-hoje-9-permitira-adocao-de-medidas-para-reduzir-o-tempo-de-espera-no-sus\/","og_locale":"pt_BR","og_type":"article","og_title":"Portaria publicada hoje (9) permitir\u00e1 ado\u00e7\u00e3o de medidas para reduzir o tempo de espera no SUS - Prefeitos &amp; Gest\u00f5es","og_description":"OMinist\u00e9rio da Sa\u00fade publicou, nesta segunda-feira (9), a\u00a0Portaria GM\/MS n\u00ba 7.061, que reconhece a situa\u00e7\u00e3o de urg\u00eancia em sa\u00fade p\u00fablica em todo o pa\u00eds, pelo per\u00edodo de dois anos. A medida, motivada pelo prolongado tempo de espera por atendimento especializado no\u00a0Sistema \u00danico de Sa\u00fade (SUS), permite a ado\u00e7\u00e3o imediata, por estruturas federais, estados e munic\u00edpios, das a\u00e7\u00f5es previstas no programa\u00a0Agora Tem Especialistas, que tem como objetivo ampliar o acesso e reduzir o tempo de espera da popula\u00e7\u00e3o por consultas, exames e cirurgias, acelerando o diagn\u00f3stico de doen\u00e7as como o\u00a0c\u00e2ncer.","og_url":"https:\/\/prefeitosegestoes.com.br\/portal\/portaria-publicada-hoje-9-permitira-adocao-de-medidas-para-reduzir-o-tempo-de-espera-no-sus\/","og_site_name":"Prefeitos &amp; Gest\u00f5es","article_publisher":"https:\/\/www.facebook.com\/prefeitosonline","article_published_time":"2025-06-09T21:20:23+00:00","og_image":[{"width":1024,"height":768,"url":"https:\/\/prefeitosegestoes.com.br\/portal\/wp-content\/uploads\/2025\/06\/atendimento-dengue-df_mcamgo_abr_26022024-10.webp","type":"image\/webp"}],"author":"Prefeitos &amp; Gest\u00f5es","twitter_card":"summary_large_image","twitter_creator":"@PrefGestoes","twitter_site":"@PrefGestoes","twitter_misc":{"Escrito por":"Prefeitos &amp; Gest\u00f5es","Est. tempo de leitura":"6 minutos"},"schema":{"@context":"https:\/\/schema.org","@graph":[{"@type":"Article","@id":"https:\/\/prefeitosegestoes.com.br\/portal\/portaria-publicada-hoje-9-permitira-adocao-de-medidas-para-reduzir-o-tempo-de-espera-no-sus\/#article","isPartOf":{"@id":"https:\/\/prefeitosegestoes.com.br\/portal\/portaria-publicada-hoje-9-permitira-adocao-de-medidas-para-reduzir-o-tempo-de-espera-no-sus\/"},"author":{"name":"Prefeitos &amp; Gest\u00f5es","@id":"https:\/\/prefeitosegestoes.com.br\/portal\/#\/schema\/person\/d00059f2ec99963e7e1850d448ae94b8"},"headline":"Portaria publicada hoje (9) permitir\u00e1 ado\u00e7\u00e3o de medidas para reduzir o tempo de espera no SUS","datePublished":"2025-06-09T21:20:23+00:00","mainEntityOfPage":{"@id":"https:\/\/prefeitosegestoes.com.br\/portal\/portaria-publicada-hoje-9-permitira-adocao-de-medidas-para-reduzir-o-tempo-de-espera-no-sus\/"},"wordCount":1061,"commentCount":0,"publisher":{"@id":"https:\/\/prefeitosegestoes.com.br\/portal\/#organization"},"image":{"@id":"https:\/\/prefeitosegestoes.com.br\/portal\/portaria-publicada-hoje-9-permitira-adocao-de-medidas-para-reduzir-o-tempo-de-espera-no-sus\/#primaryimage"},"thumbnailUrl":"https:\/\/prefeitosegestoes.com.br\/portal\/wp-content\/uploads\/2025\/06\/atendimento-dengue-df_mcamgo_abr_26022024-10.webp","keywords":["Agora Tem","Covid-19","Portaria","SUS","UPAS"],"articleSection":["Destaques"],"inLanguage":"pt-BR","potentialAction":[{"@type":"CommentAction","name":"Comment","target":["https:\/\/prefeitosegestoes.com.br\/portal\/portaria-publicada-hoje-9-permitira-adocao-de-medidas-para-reduzir-o-tempo-de-espera-no-sus\/#respond"]}]},{"@type":"WebPage","@id":"https:\/\/prefeitosegestoes.com.br\/portal\/portaria-publicada-hoje-9-permitira-adocao-de-medidas-para-reduzir-o-tempo-de-espera-no-sus\/","url":"https:\/\/prefeitosegestoes.com.br\/portal\/portaria-publicada-hoje-9-permitira-adocao-de-medidas-para-reduzir-o-tempo-de-espera-no-sus\/","name":"Portaria publicada hoje (9) permitir\u00e1 ado\u00e7\u00e3o de medidas para reduzir o tempo de espera no SUS - Prefeitos &amp; Gest\u00f5es","isPartOf":{"@id":"https:\/\/prefeitosegestoes.com.br\/portal\/#website"},"primaryImageOfPage":{"@id":"https:\/\/prefeitosegestoes.com.br\/portal\/portaria-publicada-hoje-9-permitira-adocao-de-medidas-para-reduzir-o-tempo-de-espera-no-sus\/#primaryimage"},"image":{"@id":"https:\/\/prefeitosegestoes.com.br\/portal\/portaria-publicada-hoje-9-permitira-adocao-de-medidas-para-reduzir-o-tempo-de-espera-no-sus\/#primaryimage"},"thumbnailUrl":"https:\/\/prefeitosegestoes.com.br\/portal\/wp-content\/uploads\/2025\/06\/atendimento-dengue-df_mcamgo_abr_26022024-10.webp","datePublished":"2025-06-09T21:20:23+00:00","description":"OMinist\u00e9rio da Sa\u00fade publicou, nesta segunda-feira (9), a\u00a0Portaria GM\/MS n\u00ba 7.061, que reconhece a situa\u00e7\u00e3o de urg\u00eancia em sa\u00fade p\u00fablica em todo o pa\u00eds, pelo per\u00edodo de dois anos. A medida, motivada pelo prolongado tempo de espera por atendimento especializado no\u00a0Sistema \u00danico de Sa\u00fade (SUS), permite a ado\u00e7\u00e3o imediata, por estruturas federais, estados e munic\u00edpios, das a\u00e7\u00f5es previstas no programa\u00a0Agora Tem Especialistas, que tem como objetivo ampliar o acesso e reduzir o tempo de espera da popula\u00e7\u00e3o por consultas, exames e cirurgias, acelerando o diagn\u00f3stico de doen\u00e7as como o\u00a0c\u00e2ncer.","breadcrumb":{"@id":"https:\/\/prefeitosegestoes.com.br\/portal\/portaria-publicada-hoje-9-permitira-adocao-de-medidas-para-reduzir-o-tempo-de-espera-no-sus\/#breadcrumb"},"inLanguage":"pt-BR","potentialAction":[{"@type":"ReadAction","target":["https:\/\/prefeitosegestoes.com.br\/portal\/portaria-publicada-hoje-9-permitira-adocao-de-medidas-para-reduzir-o-tempo-de-espera-no-sus\/"]}]},{"@type":"ImageObject","inLanguage":"pt-BR","@id":"https:\/\/prefeitosegestoes.com.br\/portal\/portaria-publicada-hoje-9-permitira-adocao-de-medidas-para-reduzir-o-tempo-de-espera-no-sus\/#primaryimage","url":"https:\/\/prefeitosegestoes.com.br\/portal\/wp-content\/uploads\/2025\/06\/atendimento-dengue-df_mcamgo_abr_26022024-10.webp","contentUrl":"https:\/\/prefeitosegestoes.com.br\/portal\/wp-content\/uploads\/2025\/06\/atendimento-dengue-df_mcamgo_abr_26022024-10.webp","width":1024,"height":768},{"@type":"BreadcrumbList","@id":"https:\/\/prefeitosegestoes.com.br\/portal\/portaria-publicada-hoje-9-permitira-adocao-de-medidas-para-reduzir-o-tempo-de-espera-no-sus\/#breadcrumb","itemListElement":[{"@type":"ListItem","position":1,"name":"In\u00edcio","item":"https:\/\/prefeitosegestoes.com.br\/portal\/"},{"@type":"ListItem","position":2,"name":"Portaria publicada hoje (9) permitir\u00e1 ado\u00e7\u00e3o de medidas para reduzir o tempo de espera no SUS"}]},{"@type":"WebSite","@id":"https:\/\/prefeitosegestoes.com.br\/portal\/#website","url":"https:\/\/prefeitosegestoes.com.br\/portal\/","name":"Prefeitos & Gest\u00f5es","description":"","publisher":{"@id":"https:\/\/prefeitosegestoes.com.br\/portal\/#organization"},"potentialAction":[{"@type":"SearchAction","target":{"@type":"EntryPoint","urlTemplate":"https:\/\/prefeitosegestoes.com.br\/portal\/?s={search_term_string}"},"query-input":{"@type":"PropertyValueSpecification","valueRequired":true,"valueName":"search_term_string"}}],"inLanguage":"pt-BR"},{"@type":"Organization","@id":"https:\/\/prefeitosegestoes.com.br\/portal\/#organization","name":"Prefeitos & Gest\u00f5es","url":"https:\/\/prefeitosegestoes.com.br\/portal\/","logo":{"@type":"ImageObject","inLanguage":"pt-BR","@id":"https:\/\/prefeitosegestoes.com.br\/portal\/#\/schema\/logo\/image\/","url":"https:\/\/prefeitosegestoes.com.br\/portal\/wp-content\/uploads\/2024\/10\/lg_trans_prefeitos_2024_preto2.png","contentUrl":"https:\/\/prefeitosegestoes.com.br\/portal\/wp-content\/uploads\/2024\/10\/lg_trans_prefeitos_2024_preto2.png","width":199,"height":122,"caption":"Prefeitos & Gest\u00f5es"},"image":{"@id":"https:\/\/prefeitosegestoes.com.br\/portal\/#\/schema\/logo\/image\/"},"sameAs":["https:\/\/www.facebook.com\/prefeitosonline","https:\/\/x.com\/PrefGestoes"]},{"@type":"Person","@id":"https:\/\/prefeitosegestoes.com.br\/portal\/#\/schema\/person\/d00059f2ec99963e7e1850d448ae94b8","name":"Prefeitos &amp; Gest\u00f5es","image":{"@type":"ImageObject","inLanguage":"pt-BR","@id":"https:\/\/secure.gravatar.com\/avatar\/738fb281e479212ed32c1a21a4307dda9f3af9292edb6918a16c9ce9fff5f48d?s=96&d=mm&r=g","url":"https:\/\/secure.gravatar.com\/avatar\/738fb281e479212ed32c1a21a4307dda9f3af9292edb6918a16c9ce9fff5f48d?s=96&d=mm&r=g","contentUrl":"https:\/\/secure.gravatar.com\/avatar\/738fb281e479212ed32c1a21a4307dda9f3af9292edb6918a16c9ce9fff5f48d?s=96&d=mm&r=g","caption":"Prefeitos &amp; Gest\u00f5es"},"url":"https:\/\/prefeitosegestoes.com.br\/portal\/author\/prefeitosegestoes\/"}]}},"_links":{"self":[{"href":"https:\/\/prefeitosegestoes.com.br\/portal\/wp-json\/wp\/v2\/posts\/3400","targetHints":{"allow":["GET"]}}],"collection":[{"href":"https:\/\/prefeitosegestoes.com.br\/portal\/wp-json\/wp\/v2\/posts"}],"about":[{"href":"https:\/\/prefeitosegestoes.com.br\/portal\/wp-json\/wp\/v2\/types\/post"}],"author":[{"embeddable":true,"href":"https:\/\/prefeitosegestoes.com.br\/portal\/wp-json\/wp\/v2\/users\/2"}],"replies":[{"embeddable":true,"href":"https:\/\/prefeitosegestoes.com.br\/portal\/wp-json\/wp\/v2\/comments?post=3400"}],"version-history":[{"count":1,"href":"https:\/\/prefeitosegestoes.com.br\/portal\/wp-json\/wp\/v2\/posts\/3400\/revisions"}],"predecessor-version":[{"id":3402,"href":"https:\/\/prefeitosegestoes.com.br\/portal\/wp-json\/wp\/v2\/posts\/3400\/revisions\/3402"}],"wp:featuredmedia":[{"embeddable":true,"href":"https:\/\/prefeitosegestoes.com.br\/portal\/wp-json\/wp\/v2\/media\/3401"}],"wp:attachment":[{"href":"https:\/\/prefeitosegestoes.com.br\/portal\/wp-json\/wp\/v2\/media?parent=3400"}],"wp:term":[{"taxonomy":"category","embeddable":true,"href":"https:\/\/prefeitosegestoes.com.br\/portal\/wp-json\/wp\/v2\/categories?post=3400"},{"taxonomy":"post_tag","embeddable":true,"href":"https:\/\/prefeitosegestoes.com.br\/portal\/wp-json\/wp\/v2\/tags?post=3400"}],"curies":[{"name":"wp","href":"https:\/\/api.w.org\/{rel}","templated":true}]}}