{"id":3394,"date":"2025-06-07T08:18:59","date_gmt":"2025-06-07T11:18:59","guid":{"rendered":"https:\/\/prefeitosegestoes.com.br\/portal\/?p=3394"},"modified":"2025-06-07T18:31:24","modified_gmt":"2025-06-07T21:31:24","slug":"mongagua-panorama-e-bocaina-realizam-eleicoes-suplementares-para-prefeito-neste-domingo-8","status":"publish","type":"post","link":"https:\/\/prefeitosegestoes.com.br\/portal\/mongagua-panorama-e-bocaina-realizam-eleicoes-suplementares-para-prefeito-neste-domingo-8\/","title":{"rendered":"Mongagu\u00e1, Panorama e Bocaina realizam elei\u00e7\u00f5es suplementares para prefeito neste domingo (8.6)"},"content":{"rendered":"<div id=\"tdi_47\" class=\"tdc-row stretch_row_1200 td-stretch-content\">\n<div class=\"vc_row tdi_48 wpb_row td-pb-row tdc-element-style\">\n<div class=\"vc_column tdi_50 wpb_column vc_column_container tdc-column td-pb-span12\">\n<div class=\"wpb_wrapper\">\n<div class=\"td_block_wrap tdb_single_subtitle tdi_53 td-pb-border-top td_block_template_13\" data-td-block-uid=\"tdi_53\">\n<div class=\"tdb-block-inner td-fix-index\">\n<h6><em>T\u00e9cnicos do TRE-DF realizam a confer\u00eancia e a lacra\u00e7\u00e3o de urnas eletr\u00f4nicas para o 1\u00ba turno das elei\u00e7\u00f5es. Foto: <\/em><em>Marcelo Camargo\/Ag\u00eancia Brasil<\/em><\/h6>\n<h2>Novo pleito foi convocado ap\u00f3s cassa\u00e7\u00e3o de registros dos eleitos em 2024; cerca de 70 mil eleitores est\u00e3o aptos a votar<\/h2>\n<\/div>\n<\/div>\n<div class=\"vc_row_inner tdi_55 vc_row vc_inner wpb_row td-pb-row\">\n<div class=\"vc_column_inner tdi_57 wpb_column vc_column_container tdc-inner-column td-pb-span12\">\n<div class=\"vc_column-inner\">\n<div class=\"wpb_wrapper\">\n<div class=\"td_block_wrap tdb_single_author tdi_58 td-pb-border-top td_block_template_13 tdb-post-meta\" data-td-block-uid=\"tdi_58\">\n<div class=\"tdb-block-inner td-fix-index\">\n<div class=\"tdb-author-name-wrap\"><span class=\"tdb-author-by\">Por:<\/span><a class=\"tdb-author-name\" href=\"https:\/\/politicabrasileira.com.br\/author\/leopoldo-gomespoliticabrasileira-com-br\/\">Leopoldo Gomes<\/a><\/div>\n<\/div>\n<\/div>\n<div class=\"tdm_block td_block_wrap tdm_block_inline_text tdi_59 tdm-inline-block td-pb-border-top td_block_template_13\" data-td-block-uid=\"tdi_59\">\n<p class=\"tdm-descr\">Data:<\/p>\n<\/div>\n<div class=\"td_block_wrap tdb_single_date tdi_60 td-pb-border-top td_block_template_13 tdb-post-meta\" data-td-block-uid=\"tdi_60\">\n<div class=\"tdb-block-inner td-fix-index\"><time class=\"entry-date updated td-module-date\" datetime=\"2025-06-06T18:20:15-03:00\">6 de junho de 2025<\/time><\/div>\n<\/div>\n<\/div>\n<\/div>\n<\/div>\n<\/div>\n<\/div>\n<\/div>\n<\/div>\n<\/div>\n<div id=\"tdi_61\" class=\"tdc-row stretch_row_1200 td-stretch-content\">\n<div class=\"vc_row tdi_62 wpb_row td-pb-row\">\n<div class=\"vc_column tdi_64 wpb_column vc_column_container tdc-column td-pb-span8\">\n<div class=\"wpb_wrapper\">\n<div class=\"td_block_wrap tdb_single_content tdi_66 td-pb-border-top td_block_template_13 td-post-content tagdiv-type\" data-td-block-uid=\"tdi_66\">\n<div class=\"tdb-block-inner td-fix-index\">\n<p class=\"my-0\">Neste domingo (8), os eleitores de Mongagu\u00e1, Panorama e Bocaina, em\u00a0<a href=\"https:\/\/politicabrasileira.com.br\/tag\/sao-paulo\/\">S\u00e3o Paulo<\/a>, voltam \u00e0s urnas para escolher prefeitos e vice-prefeitos em elei\u00e7\u00f5es suplementares. O novo pleito foi convocado pelo Tribunal Regional Eleitoral de S\u00e3o Paulo (<a href=\"https:\/\/www.tre-sp.jus.br\/\">TRE-SP<\/a>) ap\u00f3s o indeferimento do registro dos candidatos eleitos em 2024. A vota\u00e7\u00e3o ocorre das 8h \u00e0s 17h, e a diploma\u00e7\u00e3o dos eleitos deve acontecer at\u00e9 11 de julho.<\/p>\n<h2 class=\"mb-xs mt-5 text-base font-[500] first:mt-0 dark:font-[475]\">Mongagu\u00e1<\/h2>\n<p class=\"my-0\">Em Mongagu\u00e1, a 189\u00aa Zona Eleitoral, de Itanha\u00e9m, organiza a elei\u00e7\u00e3o, que ter\u00e1 17 locais de vota\u00e7\u00e3o e 146 se\u00e7\u00f5es eleitorais. Aproximadamente 50 mil eleitores est\u00e3o aptos a votar. A nova disputa foi motivada pelo impedimento do candidato eleito em 2024, Paulo Wiazowski Filho (PP), que teve as contas rejeitadas pela C\u00e2mara Municipal em 2012. O TSE cancelou seu registro e convocou novas elei\u00e7\u00f5es. Os candidatos s\u00e3o:<\/p>\n<ul class=\"marker:text-textOff list-disc\">\n<li>\n<p class=\"my-0\">Cristina Wiazowski (PP), vice J\u00falio Cezar de Carvalho Santos (PDT)<\/p>\n<\/li>\n<li>\n<p class=\"my-0\">Rodrigo Cardoso Biagioni, o Rodrigo Casa Branca (Uni\u00e3o Brasil), vice Renato Carvalho Donato (PSB)<\/p>\n<\/li>\n<\/ul>\n<h2 class=\"mb-xs mt-5 text-base font-[500] first:mt-0 dark:font-[475]\">Panorama<\/h2>\n<p class=\"my-0\">Em Panorama, a 175\u00aa Zona Eleitoral, de Tupi Paulista, \u00e9 respons\u00e1vel pelo pleito, com seis locais de vota\u00e7\u00e3o e 39 se\u00e7\u00f5es eleitorais. O prefeito eleito em 2024, Edson de Assis Maldonado (PP), teve a candidatura indeferida por condena\u00e7\u00e3o criminal e pela Lei da Ficha Limpa. Disputam a elei\u00e7\u00e3o:<\/p>\n<ul class=\"marker:text-textOff list-disc\">\n<li>\n<p class=\"my-0\">Dr. Giulio Pires (PL), vice Valdez de Brito (Uni\u00e3o Brasil)<\/p>\n<\/li>\n<li>\n<p class=\"my-0\">Daniel Genova (PSB), vice In\u00eas Francisca da Silva Chiararia (Republicanos)<\/p>\n<\/li>\n<\/ul>\n<h2 class=\"mb-xs mt-5 text-base font-[500] first:mt-0 dark:font-[475]\">Bocaina<\/h2>\n<p class=\"my-0\">Em Bocaina, a 241\u00aa Zona Eleitoral, de Dois C\u00f3rregos, organiza o pleito, com cinco locais de vota\u00e7\u00e3o e 31 se\u00e7\u00f5es eleitorais para cerca de 8,6 mil eleitores. O prefeito eleito em 2024, Moacir Donizete Gimenez (Republicanos), foi condenado por improbidade administrativa. As chapas inscritas s\u00e3o:<\/p>\n<ul class=\"marker:text-textOff list-disc\">\n<li>\n<p class=\"my-0\">Caio Crepaldi e Andr\u00e9 de Moraes (MDB)<\/p>\n<\/li>\n<li>\n<p class=\"my-0\">Jonas Marques e Evandro de Fran\u00e7a Antunes (PDT)<\/p>\n<\/li>\n<li>\n<p class=\"my-0\">Camila dos Santos e Marcos Ant\u00f4nio Bodin (PL)<\/p>\n<\/li>\n<li>\n<p class=\"my-0\">Roberto Donizete (PV) e Marlene Aparecida Meleto Tosi Zanutto (Republicanos)<\/p>\n<\/li>\n<\/ul>\n<h2 class=\"mb-xs mt-5 text-base font-[500] first:mt-0 dark:font-[475]\">Orienta\u00e7\u00f5es para o eleitor<\/h2>\n<p class=\"my-0\">O voto \u00e9 obrigat\u00f3rio para quem tem entre 18 e 70 anos e facultativo para analfabetos, maiores de 70 e jovens entre 16 e 17 anos. Para votar, \u00e9 necess\u00e1rio apresentar documento oficial com foto ou o aplicativo e-T\u00edtulo (com foto cadastrada). O uso de celular na cabina de vota\u00e7\u00e3o \u00e9 proibido.<\/p>\n<p class=\"my-0\">Quem n\u00e3o puder comparecer deve justificar a aus\u00eancia pelo aplicativo e-T\u00edtulo ou pelo sistema Justifica no site do TSE at\u00e9 o dia 7 de agosto.<\/p>\n<p><em>Fonte: Site Pol\u00edtica Brasileira<\/em><\/p>\n<\/div>\n<\/div>\n<\/div>\n<\/div>\n<\/div>\n<\/div>\n","protected":false},"excerpt":{"rendered":"<p>T\u00e9cnicos do TRE-DF realizam a confer\u00eancia e a lacra\u00e7\u00e3o de urnas eletr\u00f4nicas para o 1\u00ba turno das elei\u00e7\u00f5es. Foto: Marcelo Camargo\/Ag\u00eancia Brasil Novo pleito foi convocado ap\u00f3s cassa\u00e7\u00e3o de registros dos eleitos em 2024; cerca de 70 mil eleitores est\u00e3o aptos a votar Por:Leopoldo Gomes Data: 6 de junho de 2025 Neste domingo (8), os [&hellip;]<\/p>\n","protected":false},"author":2,"featured_media":3395,"comment_status":"open","ping_status":"open","sticky":false,"template":"","format":"standard","meta":{"rop_custom_images_group":[],"rop_custom_messages_group":[],"rop_publish_now":"initial","rop_publish_now_accounts":{"twitter_850042665852968960_850042665852968960":""},"rop_publish_now_history":[],"rop_publish_now_status":"pending","footnotes":""},"categories":[15],"tags":[636,635,634,201,316,637],"class_list":["post-3394","post","type-post","status-publish","format-standard","has-post-thumbnail","hentry","category-destaques","tag-cidade-de-bocaina","tag-cidade-de-monguaga","tag-cidade-de-panorama","tag-eleicao","tag-prefeitos","tag-tre"],"yoast_head":"<!-- This site is optimized with the Yoast SEO plugin v27.2 - https:\/\/yoast.com\/product\/yoast-seo-wordpress\/ -->\n<title>Mongagu\u00e1, Panorama e Bocaina realizam elei\u00e7\u00f5es suplementares para prefeito neste domingo (8.6) - Prefeitos &amp; Gest\u00f5es<\/title>\n<meta name=\"description\" content=\"Neste domingo (8), os eleitores de Mongagu\u00e1, Panorama e Bocaina, em\u00a0S\u00e3o Paulo, voltam \u00e0s urnas para escolher prefeitos e vice-prefeitos em elei\u00e7\u00f5es suplementares. O novo pleito foi convocado pelo Tribunal Regional Eleitoral de S\u00e3o Paulo (TRE-SP) ap\u00f3s o indeferimento do registro dos candidatos eleitos em 2024. A vota\u00e7\u00e3o ocorre das 8h \u00e0s 17h, e a diploma\u00e7\u00e3o dos eleitos deve acontecer at\u00e9 11 de julho.Mongagu\u00e1\" \/>\n<meta name=\"robots\" content=\"index, follow, max-snippet:-1, max-image-preview:large, max-video-preview:-1\" \/>\n<link rel=\"canonical\" href=\"https:\/\/prefeitosegestoes.com.br\/portal\/mongagua-panorama-e-bocaina-realizam-eleicoes-suplementares-para-prefeito-neste-domingo-8\/\" \/>\n<meta property=\"og:locale\" content=\"pt_BR\" \/>\n<meta property=\"og:type\" content=\"article\" \/>\n<meta property=\"og:title\" content=\"Mongagu\u00e1, Panorama e Bocaina realizam elei\u00e7\u00f5es suplementares para prefeito neste domingo (8.6) - Prefeitos &amp; Gest\u00f5es\" \/>\n<meta property=\"og:description\" content=\"Neste domingo (8), os eleitores de Mongagu\u00e1, Panorama e Bocaina, em\u00a0S\u00e3o Paulo, voltam \u00e0s urnas para escolher prefeitos e vice-prefeitos em elei\u00e7\u00f5es suplementares. O novo pleito foi convocado pelo Tribunal Regional Eleitoral de S\u00e3o Paulo (TRE-SP) ap\u00f3s o indeferimento do registro dos candidatos eleitos em 2024. A vota\u00e7\u00e3o ocorre das 8h \u00e0s 17h, e a diploma\u00e7\u00e3o dos eleitos deve acontecer at\u00e9 11 de julho.Mongagu\u00e1\" \/>\n<meta property=\"og:url\" content=\"https:\/\/prefeitosegestoes.com.br\/portal\/mongagua-panorama-e-bocaina-realizam-eleicoes-suplementares-para-prefeito-neste-domingo-8\/\" \/>\n<meta property=\"og:site_name\" content=\"Prefeitos &amp; Gest\u00f5es\" \/>\n<meta property=\"article:publisher\" content=\"https:\/\/www.facebook.com\/prefeitosonline\" \/>\n<meta property=\"article:published_time\" content=\"2025-06-07T11:18:59+00:00\" \/>\n<meta property=\"article:modified_time\" content=\"2025-06-07T21:31:24+00:00\" \/>\n<meta property=\"og:image\" content=\"https:\/\/prefeitosegestoes.com.br\/portal\/wp-content\/uploads\/2025\/06\/lacracao-urnas-eletronicas_mcamgo_abr_210920221818-15.webp\" \/>\n\t<meta property=\"og:image:width\" content=\"1024\" \/>\n\t<meta property=\"og:image:height\" content=\"768\" \/>\n\t<meta property=\"og:image:type\" content=\"image\/webp\" \/>\n<meta name=\"author\" content=\"Prefeitos &amp; Gest\u00f5es\" \/>\n<meta name=\"twitter:card\" content=\"summary_large_image\" \/>\n<meta name=\"twitter:creator\" content=\"@PrefGestoes\" \/>\n<meta name=\"twitter:site\" content=\"@PrefGestoes\" \/>\n<meta name=\"twitter:label1\" content=\"Escrito por\" \/>\n\t<meta name=\"twitter:data1\" content=\"Prefeitos &amp; Gest\u00f5es\" \/>\n\t<meta name=\"twitter:label2\" content=\"Est. tempo de leitura\" \/>\n\t<meta name=\"twitter:data2\" content=\"3 minutos\" \/>\n<script type=\"application\/ld+json\" class=\"yoast-schema-graph\">{\"@context\":\"https:\/\/schema.org\",\"@graph\":[{\"@type\":\"Article\",\"@id\":\"https:\/\/prefeitosegestoes.com.br\/portal\/mongagua-panorama-e-bocaina-realizam-eleicoes-suplementares-para-prefeito-neste-domingo-8\/#article\",\"isPartOf\":{\"@id\":\"https:\/\/prefeitosegestoes.com.br\/portal\/mongagua-panorama-e-bocaina-realizam-eleicoes-suplementares-para-prefeito-neste-domingo-8\/\"},\"author\":{\"name\":\"Prefeitos &amp; Gest\u00f5es\",\"@id\":\"https:\/\/prefeitosegestoes.com.br\/portal\/#\/schema\/person\/d00059f2ec99963e7e1850d448ae94b8\"},\"headline\":\"Mongagu\u00e1, Panorama e Bocaina realizam elei\u00e7\u00f5es suplementares para prefeito neste domingo (8.6)\",\"datePublished\":\"2025-06-07T11:18:59+00:00\",\"dateModified\":\"2025-06-07T21:31:24+00:00\",\"mainEntityOfPage\":{\"@id\":\"https:\/\/prefeitosegestoes.com.br\/portal\/mongagua-panorama-e-bocaina-realizam-eleicoes-suplementares-para-prefeito-neste-domingo-8\/\"},\"wordCount\":471,\"commentCount\":0,\"publisher\":{\"@id\":\"https:\/\/prefeitosegestoes.com.br\/portal\/#organization\"},\"image\":{\"@id\":\"https:\/\/prefeitosegestoes.com.br\/portal\/mongagua-panorama-e-bocaina-realizam-eleicoes-suplementares-para-prefeito-neste-domingo-8\/#primaryimage\"},\"thumbnailUrl\":\"https:\/\/prefeitosegestoes.com.br\/portal\/wp-content\/uploads\/2025\/06\/lacracao-urnas-eletronicas_mcamgo_abr_210920221818-15.webp\",\"keywords\":[\"Cidade de Bocaina\",\"Cidade de Monguag\u00e1\",\"Cidade de Panorama\",\"Elei\u00e7\u00e3o\",\"prefeitos\",\"TRE\"],\"articleSection\":[\"Destaques\"],\"inLanguage\":\"pt-BR\",\"potentialAction\":[{\"@type\":\"CommentAction\",\"name\":\"Comment\",\"target\":[\"https:\/\/prefeitosegestoes.com.br\/portal\/mongagua-panorama-e-bocaina-realizam-eleicoes-suplementares-para-prefeito-neste-domingo-8\/#respond\"]}]},{\"@type\":\"WebPage\",\"@id\":\"https:\/\/prefeitosegestoes.com.br\/portal\/mongagua-panorama-e-bocaina-realizam-eleicoes-suplementares-para-prefeito-neste-domingo-8\/\",\"url\":\"https:\/\/prefeitosegestoes.com.br\/portal\/mongagua-panorama-e-bocaina-realizam-eleicoes-suplementares-para-prefeito-neste-domingo-8\/\",\"name\":\"Mongagu\u00e1, Panorama e Bocaina realizam elei\u00e7\u00f5es suplementares para prefeito neste domingo (8.6) - Prefeitos &amp; Gest\u00f5es\",\"isPartOf\":{\"@id\":\"https:\/\/prefeitosegestoes.com.br\/portal\/#website\"},\"primaryImageOfPage\":{\"@id\":\"https:\/\/prefeitosegestoes.com.br\/portal\/mongagua-panorama-e-bocaina-realizam-eleicoes-suplementares-para-prefeito-neste-domingo-8\/#primaryimage\"},\"image\":{\"@id\":\"https:\/\/prefeitosegestoes.com.br\/portal\/mongagua-panorama-e-bocaina-realizam-eleicoes-suplementares-para-prefeito-neste-domingo-8\/#primaryimage\"},\"thumbnailUrl\":\"https:\/\/prefeitosegestoes.com.br\/portal\/wp-content\/uploads\/2025\/06\/lacracao-urnas-eletronicas_mcamgo_abr_210920221818-15.webp\",\"datePublished\":\"2025-06-07T11:18:59+00:00\",\"dateModified\":\"2025-06-07T21:31:24+00:00\",\"description\":\"Neste domingo (8), os eleitores de Mongagu\u00e1, Panorama e Bocaina, em\u00a0S\u00e3o Paulo, voltam \u00e0s urnas para escolher prefeitos e vice-prefeitos em elei\u00e7\u00f5es suplementares. O novo pleito foi convocado pelo Tribunal Regional Eleitoral de S\u00e3o Paulo (TRE-SP) ap\u00f3s o indeferimento do registro dos candidatos eleitos em 2024. A vota\u00e7\u00e3o ocorre das 8h \u00e0s 17h, e a diploma\u00e7\u00e3o dos eleitos deve acontecer at\u00e9 11 de julho.Mongagu\u00e1\",\"breadcrumb\":{\"@id\":\"https:\/\/prefeitosegestoes.com.br\/portal\/mongagua-panorama-e-bocaina-realizam-eleicoes-suplementares-para-prefeito-neste-domingo-8\/#breadcrumb\"},\"inLanguage\":\"pt-BR\",\"potentialAction\":[{\"@type\":\"ReadAction\",\"target\":[\"https:\/\/prefeitosegestoes.com.br\/portal\/mongagua-panorama-e-bocaina-realizam-eleicoes-suplementares-para-prefeito-neste-domingo-8\/\"]}]},{\"@type\":\"ImageObject\",\"inLanguage\":\"pt-BR\",\"@id\":\"https:\/\/prefeitosegestoes.com.br\/portal\/mongagua-panorama-e-bocaina-realizam-eleicoes-suplementares-para-prefeito-neste-domingo-8\/#primaryimage\",\"url\":\"https:\/\/prefeitosegestoes.com.br\/portal\/wp-content\/uploads\/2025\/06\/lacracao-urnas-eletronicas_mcamgo_abr_210920221818-15.webp\",\"contentUrl\":\"https:\/\/prefeitosegestoes.com.br\/portal\/wp-content\/uploads\/2025\/06\/lacracao-urnas-eletronicas_mcamgo_abr_210920221818-15.webp\",\"width\":1024,\"height\":768},{\"@type\":\"BreadcrumbList\",\"@id\":\"https:\/\/prefeitosegestoes.com.br\/portal\/mongagua-panorama-e-bocaina-realizam-eleicoes-suplementares-para-prefeito-neste-domingo-8\/#breadcrumb\",\"itemListElement\":[{\"@type\":\"ListItem\",\"position\":1,\"name\":\"In\u00edcio\",\"item\":\"https:\/\/prefeitosegestoes.com.br\/portal\/\"},{\"@type\":\"ListItem\",\"position\":2,\"name\":\"Mongagu\u00e1, Panorama e Bocaina realizam elei\u00e7\u00f5es suplementares para prefeito neste domingo (8.6)\"}]},{\"@type\":\"WebSite\",\"@id\":\"https:\/\/prefeitosegestoes.com.br\/portal\/#website\",\"url\":\"https:\/\/prefeitosegestoes.com.br\/portal\/\",\"name\":\"Prefeitos & Gest\u00f5es\",\"description\":\"\",\"publisher\":{\"@id\":\"https:\/\/prefeitosegestoes.com.br\/portal\/#organization\"},\"potentialAction\":[{\"@type\":\"SearchAction\",\"target\":{\"@type\":\"EntryPoint\",\"urlTemplate\":\"https:\/\/prefeitosegestoes.com.br\/portal\/?s={search_term_string}\"},\"query-input\":{\"@type\":\"PropertyValueSpecification\",\"valueRequired\":true,\"valueName\":\"search_term_string\"}}],\"inLanguage\":\"pt-BR\"},{\"@type\":\"Organization\",\"@id\":\"https:\/\/prefeitosegestoes.com.br\/portal\/#organization\",\"name\":\"Prefeitos & Gest\u00f5es\",\"url\":\"https:\/\/prefeitosegestoes.com.br\/portal\/\",\"logo\":{\"@type\":\"ImageObject\",\"inLanguage\":\"pt-BR\",\"@id\":\"https:\/\/prefeitosegestoes.com.br\/portal\/#\/schema\/logo\/image\/\",\"url\":\"https:\/\/prefeitosegestoes.com.br\/portal\/wp-content\/uploads\/2024\/10\/lg_trans_prefeitos_2024_preto2.png\",\"contentUrl\":\"https:\/\/prefeitosegestoes.com.br\/portal\/wp-content\/uploads\/2024\/10\/lg_trans_prefeitos_2024_preto2.png\",\"width\":199,\"height\":122,\"caption\":\"Prefeitos & Gest\u00f5es\"},\"image\":{\"@id\":\"https:\/\/prefeitosegestoes.com.br\/portal\/#\/schema\/logo\/image\/\"},\"sameAs\":[\"https:\/\/www.facebook.com\/prefeitosonline\",\"https:\/\/x.com\/PrefGestoes\"]},{\"@type\":\"Person\",\"@id\":\"https:\/\/prefeitosegestoes.com.br\/portal\/#\/schema\/person\/d00059f2ec99963e7e1850d448ae94b8\",\"name\":\"Prefeitos &amp; Gest\u00f5es\",\"image\":{\"@type\":\"ImageObject\",\"inLanguage\":\"pt-BR\",\"@id\":\"https:\/\/secure.gravatar.com\/avatar\/738fb281e479212ed32c1a21a4307dda9f3af9292edb6918a16c9ce9fff5f48d?s=96&d=mm&r=g\",\"url\":\"https:\/\/secure.gravatar.com\/avatar\/738fb281e479212ed32c1a21a4307dda9f3af9292edb6918a16c9ce9fff5f48d?s=96&d=mm&r=g\",\"contentUrl\":\"https:\/\/secure.gravatar.com\/avatar\/738fb281e479212ed32c1a21a4307dda9f3af9292edb6918a16c9ce9fff5f48d?s=96&d=mm&r=g\",\"caption\":\"Prefeitos &amp; Gest\u00f5es\"},\"url\":\"https:\/\/prefeitosegestoes.com.br\/portal\/author\/prefeitosegestoes\/\"}]}<\/script>\n<!-- \/ Yoast SEO plugin. -->","yoast_head_json":{"title":"Mongagu\u00e1, Panorama e Bocaina realizam elei\u00e7\u00f5es suplementares para prefeito neste domingo (8.6) - Prefeitos &amp; Gest\u00f5es","description":"Neste domingo (8), os eleitores de Mongagu\u00e1, Panorama e Bocaina, em\u00a0S\u00e3o Paulo, voltam \u00e0s urnas para escolher prefeitos e vice-prefeitos em elei\u00e7\u00f5es suplementares. O novo pleito foi convocado pelo Tribunal Regional Eleitoral de S\u00e3o Paulo (TRE-SP) ap\u00f3s o indeferimento do registro dos candidatos eleitos em 2024. A vota\u00e7\u00e3o ocorre das 8h \u00e0s 17h, e a diploma\u00e7\u00e3o dos eleitos deve acontecer at\u00e9 11 de julho.Mongagu\u00e1","robots":{"index":"index","follow":"follow","max-snippet":"max-snippet:-1","max-image-preview":"max-image-preview:large","max-video-preview":"max-video-preview:-1"},"canonical":"https:\/\/prefeitosegestoes.com.br\/portal\/mongagua-panorama-e-bocaina-realizam-eleicoes-suplementares-para-prefeito-neste-domingo-8\/","og_locale":"pt_BR","og_type":"article","og_title":"Mongagu\u00e1, Panorama e Bocaina realizam elei\u00e7\u00f5es suplementares para prefeito neste domingo (8.6) - Prefeitos &amp; Gest\u00f5es","og_description":"Neste domingo (8), os eleitores de Mongagu\u00e1, Panorama e Bocaina, em\u00a0S\u00e3o Paulo, voltam \u00e0s urnas para escolher prefeitos e vice-prefeitos em elei\u00e7\u00f5es suplementares. O novo pleito foi convocado pelo Tribunal Regional Eleitoral de S\u00e3o Paulo (TRE-SP) ap\u00f3s o indeferimento do registro dos candidatos eleitos em 2024. A vota\u00e7\u00e3o ocorre das 8h \u00e0s 17h, e a diploma\u00e7\u00e3o dos eleitos deve acontecer at\u00e9 11 de julho.Mongagu\u00e1","og_url":"https:\/\/prefeitosegestoes.com.br\/portal\/mongagua-panorama-e-bocaina-realizam-eleicoes-suplementares-para-prefeito-neste-domingo-8\/","og_site_name":"Prefeitos &amp; Gest\u00f5es","article_publisher":"https:\/\/www.facebook.com\/prefeitosonline","article_published_time":"2025-06-07T11:18:59+00:00","article_modified_time":"2025-06-07T21:31:24+00:00","og_image":[{"width":1024,"height":768,"url":"https:\/\/prefeitosegestoes.com.br\/portal\/wp-content\/uploads\/2025\/06\/lacracao-urnas-eletronicas_mcamgo_abr_210920221818-15.webp","type":"image\/webp"}],"author":"Prefeitos &amp; Gest\u00f5es","twitter_card":"summary_large_image","twitter_creator":"@PrefGestoes","twitter_site":"@PrefGestoes","twitter_misc":{"Escrito por":"Prefeitos &amp; Gest\u00f5es","Est. tempo de leitura":"3 minutos"},"schema":{"@context":"https:\/\/schema.org","@graph":[{"@type":"Article","@id":"https:\/\/prefeitosegestoes.com.br\/portal\/mongagua-panorama-e-bocaina-realizam-eleicoes-suplementares-para-prefeito-neste-domingo-8\/#article","isPartOf":{"@id":"https:\/\/prefeitosegestoes.com.br\/portal\/mongagua-panorama-e-bocaina-realizam-eleicoes-suplementares-para-prefeito-neste-domingo-8\/"},"author":{"name":"Prefeitos &amp; Gest\u00f5es","@id":"https:\/\/prefeitosegestoes.com.br\/portal\/#\/schema\/person\/d00059f2ec99963e7e1850d448ae94b8"},"headline":"Mongagu\u00e1, Panorama e Bocaina realizam elei\u00e7\u00f5es suplementares para prefeito neste domingo (8.6)","datePublished":"2025-06-07T11:18:59+00:00","dateModified":"2025-06-07T21:31:24+00:00","mainEntityOfPage":{"@id":"https:\/\/prefeitosegestoes.com.br\/portal\/mongagua-panorama-e-bocaina-realizam-eleicoes-suplementares-para-prefeito-neste-domingo-8\/"},"wordCount":471,"commentCount":0,"publisher":{"@id":"https:\/\/prefeitosegestoes.com.br\/portal\/#organization"},"image":{"@id":"https:\/\/prefeitosegestoes.com.br\/portal\/mongagua-panorama-e-bocaina-realizam-eleicoes-suplementares-para-prefeito-neste-domingo-8\/#primaryimage"},"thumbnailUrl":"https:\/\/prefeitosegestoes.com.br\/portal\/wp-content\/uploads\/2025\/06\/lacracao-urnas-eletronicas_mcamgo_abr_210920221818-15.webp","keywords":["Cidade de Bocaina","Cidade de Monguag\u00e1","Cidade de Panorama","Elei\u00e7\u00e3o","prefeitos","TRE"],"articleSection":["Destaques"],"inLanguage":"pt-BR","potentialAction":[{"@type":"CommentAction","name":"Comment","target":["https:\/\/prefeitosegestoes.com.br\/portal\/mongagua-panorama-e-bocaina-realizam-eleicoes-suplementares-para-prefeito-neste-domingo-8\/#respond"]}]},{"@type":"WebPage","@id":"https:\/\/prefeitosegestoes.com.br\/portal\/mongagua-panorama-e-bocaina-realizam-eleicoes-suplementares-para-prefeito-neste-domingo-8\/","url":"https:\/\/prefeitosegestoes.com.br\/portal\/mongagua-panorama-e-bocaina-realizam-eleicoes-suplementares-para-prefeito-neste-domingo-8\/","name":"Mongagu\u00e1, Panorama e Bocaina realizam elei\u00e7\u00f5es suplementares para prefeito neste domingo (8.6) - Prefeitos &amp; Gest\u00f5es","isPartOf":{"@id":"https:\/\/prefeitosegestoes.com.br\/portal\/#website"},"primaryImageOfPage":{"@id":"https:\/\/prefeitosegestoes.com.br\/portal\/mongagua-panorama-e-bocaina-realizam-eleicoes-suplementares-para-prefeito-neste-domingo-8\/#primaryimage"},"image":{"@id":"https:\/\/prefeitosegestoes.com.br\/portal\/mongagua-panorama-e-bocaina-realizam-eleicoes-suplementares-para-prefeito-neste-domingo-8\/#primaryimage"},"thumbnailUrl":"https:\/\/prefeitosegestoes.com.br\/portal\/wp-content\/uploads\/2025\/06\/lacracao-urnas-eletronicas_mcamgo_abr_210920221818-15.webp","datePublished":"2025-06-07T11:18:59+00:00","dateModified":"2025-06-07T21:31:24+00:00","description":"Neste domingo (8), os eleitores de Mongagu\u00e1, Panorama e Bocaina, em\u00a0S\u00e3o Paulo, voltam \u00e0s urnas para escolher prefeitos e vice-prefeitos em elei\u00e7\u00f5es suplementares. O novo pleito foi convocado pelo Tribunal Regional Eleitoral de S\u00e3o Paulo (TRE-SP) ap\u00f3s o indeferimento do registro dos candidatos eleitos em 2024. A vota\u00e7\u00e3o ocorre das 8h \u00e0s 17h, e a diploma\u00e7\u00e3o dos eleitos deve acontecer at\u00e9 11 de julho.Mongagu\u00e1","breadcrumb":{"@id":"https:\/\/prefeitosegestoes.com.br\/portal\/mongagua-panorama-e-bocaina-realizam-eleicoes-suplementares-para-prefeito-neste-domingo-8\/#breadcrumb"},"inLanguage":"pt-BR","potentialAction":[{"@type":"ReadAction","target":["https:\/\/prefeitosegestoes.com.br\/portal\/mongagua-panorama-e-bocaina-realizam-eleicoes-suplementares-para-prefeito-neste-domingo-8\/"]}]},{"@type":"ImageObject","inLanguage":"pt-BR","@id":"https:\/\/prefeitosegestoes.com.br\/portal\/mongagua-panorama-e-bocaina-realizam-eleicoes-suplementares-para-prefeito-neste-domingo-8\/#primaryimage","url":"https:\/\/prefeitosegestoes.com.br\/portal\/wp-content\/uploads\/2025\/06\/lacracao-urnas-eletronicas_mcamgo_abr_210920221818-15.webp","contentUrl":"https:\/\/prefeitosegestoes.com.br\/portal\/wp-content\/uploads\/2025\/06\/lacracao-urnas-eletronicas_mcamgo_abr_210920221818-15.webp","width":1024,"height":768},{"@type":"BreadcrumbList","@id":"https:\/\/prefeitosegestoes.com.br\/portal\/mongagua-panorama-e-bocaina-realizam-eleicoes-suplementares-para-prefeito-neste-domingo-8\/#breadcrumb","itemListElement":[{"@type":"ListItem","position":1,"name":"In\u00edcio","item":"https:\/\/prefeitosegestoes.com.br\/portal\/"},{"@type":"ListItem","position":2,"name":"Mongagu\u00e1, Panorama e Bocaina realizam elei\u00e7\u00f5es suplementares para prefeito neste domingo (8.6)"}]},{"@type":"WebSite","@id":"https:\/\/prefeitosegestoes.com.br\/portal\/#website","url":"https:\/\/prefeitosegestoes.com.br\/portal\/","name":"Prefeitos & Gest\u00f5es","description":"","publisher":{"@id":"https:\/\/prefeitosegestoes.com.br\/portal\/#organization"},"potentialAction":[{"@type":"SearchAction","target":{"@type":"EntryPoint","urlTemplate":"https:\/\/prefeitosegestoes.com.br\/portal\/?s={search_term_string}"},"query-input":{"@type":"PropertyValueSpecification","valueRequired":true,"valueName":"search_term_string"}}],"inLanguage":"pt-BR"},{"@type":"Organization","@id":"https:\/\/prefeitosegestoes.com.br\/portal\/#organization","name":"Prefeitos & Gest\u00f5es","url":"https:\/\/prefeitosegestoes.com.br\/portal\/","logo":{"@type":"ImageObject","inLanguage":"pt-BR","@id":"https:\/\/prefeitosegestoes.com.br\/portal\/#\/schema\/logo\/image\/","url":"https:\/\/prefeitosegestoes.com.br\/portal\/wp-content\/uploads\/2024\/10\/lg_trans_prefeitos_2024_preto2.png","contentUrl":"https:\/\/prefeitosegestoes.com.br\/portal\/wp-content\/uploads\/2024\/10\/lg_trans_prefeitos_2024_preto2.png","width":199,"height":122,"caption":"Prefeitos & Gest\u00f5es"},"image":{"@id":"https:\/\/prefeitosegestoes.com.br\/portal\/#\/schema\/logo\/image\/"},"sameAs":["https:\/\/www.facebook.com\/prefeitosonline","https:\/\/x.com\/PrefGestoes"]},{"@type":"Person","@id":"https:\/\/prefeitosegestoes.com.br\/portal\/#\/schema\/person\/d00059f2ec99963e7e1850d448ae94b8","name":"Prefeitos &amp; Gest\u00f5es","image":{"@type":"ImageObject","inLanguage":"pt-BR","@id":"https:\/\/secure.gravatar.com\/avatar\/738fb281e479212ed32c1a21a4307dda9f3af9292edb6918a16c9ce9fff5f48d?s=96&d=mm&r=g","url":"https:\/\/secure.gravatar.com\/avatar\/738fb281e479212ed32c1a21a4307dda9f3af9292edb6918a16c9ce9fff5f48d?s=96&d=mm&r=g","contentUrl":"https:\/\/secure.gravatar.com\/avatar\/738fb281e479212ed32c1a21a4307dda9f3af9292edb6918a16c9ce9fff5f48d?s=96&d=mm&r=g","caption":"Prefeitos &amp; Gest\u00f5es"},"url":"https:\/\/prefeitosegestoes.com.br\/portal\/author\/prefeitosegestoes\/"}]}},"_links":{"self":[{"href":"https:\/\/prefeitosegestoes.com.br\/portal\/wp-json\/wp\/v2\/posts\/3394","targetHints":{"allow":["GET"]}}],"collection":[{"href":"https:\/\/prefeitosegestoes.com.br\/portal\/wp-json\/wp\/v2\/posts"}],"about":[{"href":"https:\/\/prefeitosegestoes.com.br\/portal\/wp-json\/wp\/v2\/types\/post"}],"author":[{"embeddable":true,"href":"https:\/\/prefeitosegestoes.com.br\/portal\/wp-json\/wp\/v2\/users\/2"}],"replies":[{"embeddable":true,"href":"https:\/\/prefeitosegestoes.com.br\/portal\/wp-json\/wp\/v2\/comments?post=3394"}],"version-history":[{"count":2,"href":"https:\/\/prefeitosegestoes.com.br\/portal\/wp-json\/wp\/v2\/posts\/3394\/revisions"}],"predecessor-version":[{"id":3397,"href":"https:\/\/prefeitosegestoes.com.br\/portal\/wp-json\/wp\/v2\/posts\/3394\/revisions\/3397"}],"wp:featuredmedia":[{"embeddable":true,"href":"https:\/\/prefeitosegestoes.com.br\/portal\/wp-json\/wp\/v2\/media\/3395"}],"wp:attachment":[{"href":"https:\/\/prefeitosegestoes.com.br\/portal\/wp-json\/wp\/v2\/media?parent=3394"}],"wp:term":[{"taxonomy":"category","embeddable":true,"href":"https:\/\/prefeitosegestoes.com.br\/portal\/wp-json\/wp\/v2\/categories?post=3394"},{"taxonomy":"post_tag","embeddable":true,"href":"https:\/\/prefeitosegestoes.com.br\/portal\/wp-json\/wp\/v2\/tags?post=3394"}],"curies":[{"name":"wp","href":"https:\/\/api.w.org\/{rel}","templated":true}]}}