{"id":3389,"date":"2025-06-06T13:18:13","date_gmt":"2025-06-06T16:18:13","guid":{"rendered":"https:\/\/prefeitosegestoes.com.br\/portal\/?p=3389"},"modified":"2025-06-07T08:06:19","modified_gmt":"2025-06-07T11:06:19","slug":"pesquisa-mostra-o-impacto-da-proibicao-do-celular-nas-escolas-brasileiras","status":"publish","type":"post","link":"https:\/\/prefeitosegestoes.com.br\/portal\/pesquisa-mostra-o-impacto-da-proibicao-do-celular-nas-escolas-brasileiras\/","title":{"rendered":"Pesquisa mostra o impacto da proibi\u00e7\u00e3o do celular nas escolas brasileiras"},"content":{"rendered":"<div class=\"mc-article-header\">\n<div class=\"row content-head mc-column non-featured \">\n<div class=\"medium-centered subtitle\">\n<h6>Proibi\u00e7\u00e3o do uso de celulares nas escolas. Alunos brincam no recreio sem o uso de celulares. Foto: Fabio Rodrigues-Pozzebom\/Ag\u00eancia Brasil<\/h6>\n<h2 class=\"content-head__subtitle\">O estudo mostrou que um em cada seis estudantes admitiu que ainda usa o celular em sala de aula. Nas respostas, os principais motivos foram a necessidade de falar com a fam\u00edlia, a vontade de conversar por mensagens e de usar redes sociais.<\/h2>\n<\/div>\n<\/div>\n<div class=\"content__signa-share mc-column\">\n<div class=\"content__signature\">\n<div class=\"content-publication-data\">\n<div class=\"content-publication-data__text\">\n<p class=\"content-publication-data__from\" title=\"Jornal Nacional\">Por Jornal Nacional<\/p>\n<p class=\"content-publication-data__updated\"><time datetime=\"2025-05-27T20:51:54.143-03:00\">27\/05\/2025 20h51\u00a0<\/time><span class=\"content-publication-data__updated-relative\">\u00a0<time datetime=\"2025-05-27T20:54:51.212-03:00\">Atualizado\u00a0<time datetime=\"2025-05-27T20:54:51.212-03:00\">h\u00e1 uma semana<\/time><\/time><\/span><\/p>\n<\/div>\n<\/div>\n<\/div>\n<\/div>\n<div class=\"glb-share-bar content__share-bar\">\n<div class=\"glb-share-bar_icons\">\n<div class=\"glb-share-bar_button-img\"><\/div>\n<\/div>\n<\/div>\n<\/div>\n<div class=\"mc-article-body\">\n<article>\n<div id=\"chunk-dtm16\">\n<div class=\"cxm-video-block mc-column content-media content-video\" data-block-type=\"backstage-video\" data-block-id=\"2\">\n<div class=\"content-media__container content-media__container--codex-fallback\">\n<div class=\"content-video__bigger-player-description-fixer\">\n<article class=\"content-video\">\n<section class=\"content-video__video-container\">\n<div class=\"content-video__video\">\n<div class=\"content-video__placeholder\" data-video-id=\"13634145\">\n<p><img decoding=\"async\" class=\"content-video__placeholder__thumb\" title=\"Um em cada seis estudantes ainda usa celular na sala de aula mesmo ap\u00f3s proibi\u00e7\u00e3o\" src=\"https:\/\/s02.video.glbimg.com\/x240\/13634145.jpg\" alt=\"Um em cada seis estudantes ainda usa celular na sala de aula mesmo ap\u00f3s proibi\u00e7\u00e3o\" \/><\/p>\n<div>\n<div id=\"wp3-player-1\" class=\"clappr-player\" tabindex=\"9999\" data-player=\"\">\n<div class=\"dfp-ad-overlay dfp-ad-overlay--poster-mode\">\n<div><\/div>\n<\/div>\n<\/div>\n<\/div>\n<\/div>\n<\/div>\n<\/section>\n<\/article>\n<\/div>\n<div class=\"bs-block-video__container\">\n<p class=\"codex-caption codex-caption--small\">Um em cada seis estudantes ainda usa celular na sala de aula mesmo ap\u00f3s proibi\u00e7\u00e3o<\/p>\n<\/div>\n<\/div>\n<\/div>\n<\/div>\n<div id=\"chunk-1aori\">\n<div class=\"mc-column content-text active-extra-styles \" data-block-type=\"unstyled\" data-block-weight=\"27\" data-block-id=\"3\">\n<p class=\" content-text__container \" data-track-category=\"Link no Texto\" data-track-links=\"\" data-mrf-recirculation=\"Mat\u00e9ria - Links no Texto\">No Brasil, desde janeiro uma lei pro\u00edbe o uso de celular nas escolas.<a class=\"\" href=\"https:\/\/g1.globo.com\/educacao\/noticia\/2025\/05\/27\/mesmo-com-proibicao-maioria-dos-estudantes-do-ensino-medio-segue-levando-celular-para-a-escola-e-admite-uso-em-sala-de-aula.ghtml\" data-mrf-link=\"https:\/\/g1.globo.com\/educacao\/noticia\/2025\/05\/27\/mesmo-com-proibicao-maioria-dos-estudantes-do-ensino-medio-segue-levando-celular-para-a-escola-e-admite-uso-em-sala-de-aula.ghtml\">\u00a0Uma pesquisa mostra o que mudou no comportamento dos estudantes de l\u00e1 pra c\u00e1.<\/a><\/p>\n<\/div>\n<\/div>\n<div class=\"wall protected-content\">\n<div id=\"chunk-ev63t\">\n<div class=\"mc-column content-text active-extra-styles \" data-block-type=\"unstyled\" data-block-weight=\"27\" data-block-id=\"5\">\n<p class=\" content-text__container \" data-track-category=\"Link no Texto\" data-track-links=\"\" data-mrf-recirculation=\"Mat\u00e9ria - Links no Texto\">Na casa da Bruna e da Beatriz, o tempo de uso de tela \u00e9 controlado. No m\u00e1ximo, tr\u00eas horas por dia. E nada de celular na escola.<\/p>\n<\/div>\n<\/div>\n<div id=\"chunk-emf00\">\n<div class=\"mc-column content-text active-extra-styles\" data-block-type=\"raw\" data-block-weight=\"21\" data-block-id=\"6\">\n<blockquote class=\"content-blockquote theme-border-color-primary-before\"><p>&#8220;Eu tenho amigo, eu brinco, eu corro demais para ficar pensando em celular&#8221;, diz Bruna Marcelino de Almeida, de 14 anos.<\/p><\/blockquote>\n<\/div>\n<\/div>\n<div id=\"chunk-5n42d\">\n<div class=\"mc-column content-text active-extra-styles\" data-block-type=\"raw\" data-block-weight=\"45\" data-block-id=\"7\">\n<blockquote class=\"content-blockquote theme-border-color-primary-before\"><p>&#8220;O celular, al\u00e9m de tirar aten\u00e7\u00e3o, eles n\u00e3o sabem o limite. Eles v\u00e3o vendo, quando v\u00ea, j\u00e1 passou&#8230; passou o intervalo, ou, em casa, passou o tempo de tomar banho. Eles n\u00e3o sentem nem fome com o celular&#8221;, comenta a dona de casa, Suely Marcelino.<\/p><\/blockquote>\n<\/div>\n<\/div>\n<div id=\"chunk-e7l0e\">\n<div class=\"mc-column content-text active-extra-styles \" data-block-type=\"unstyled\" data-block-weight=\"50\" data-block-id=\"9\">\n<p class=\" content-text__container \" data-track-category=\"Link no Texto\" data-track-links=\"\" data-mrf-recirculation=\"Mat\u00e9ria - Links no Texto\">Desde o come\u00e7o do ano,<a class=\"\" href=\"https:\/\/g1.globo.com\/politica\/noticia\/2024\/12\/18\/senado-aprova-projeto-que-limita-uso-de-celulares-nas-escolas.ghtml\" data-mrf-link=\"https:\/\/g1.globo.com\/politica\/noticia\/2024\/12\/18\/senado-aprova-projeto-que-limita-uso-de-celulares-nas-escolas.ghtml\">\u00a0uma lei pro\u00edbe o uso do celular nas escolas de todo o pa\u00eds<\/a>\u00a0durante a aula, o recreio e nos intervalos. Com exce\u00e7\u00e3o do uso para fins pedag\u00f3gicos, com autoriza\u00e7\u00e3o do professor, ou em casos espec\u00edficos, de alunos com defici\u00eancia ou com problemas de sa\u00fade.<\/p>\n<\/div>\n<\/div>\n<div id=\"chunk-cfrig\">\n<div class=\"mc-column content-text active-extra-styles \" data-block-type=\"unstyled\" data-block-weight=\"42\" data-block-id=\"10\">\n<p class=\" content-text__container \" data-track-category=\"Link no Texto\" data-track-links=\"\" data-mrf-recirculation=\"Mat\u00e9ria - Links no Texto\">Uma pesquisa do Instituto Equidade, em parceria com a Frente Parlamentar de Educa\u00e7\u00e3o da\u00a0<a class=\"\" href=\"https:\/\/g1.globo.com\/tudo-sobre\/camara-dos-deputados\/\" data-mrf-link=\"https:\/\/g1.globo.com\/tudo-sobre\/camara-dos-deputados\/\">C\u00e2mara dos Deputados<\/a>, monitorou a aplica\u00e7\u00e3o da lei. Ouviu alunos do sexto ao nono ano do ensino fundamental e do ensino m\u00e9dio, al\u00e9m de professores e gestores.<\/p>\n<\/div>\n<\/div>\n<div id=\"chunk-8jo3q\">\n<div class=\"mc-column content-text active-extra-styles \" data-block-type=\"unstyled\" data-block-weight=\"36\" data-block-id=\"11\">\n<p class=\" content-text__container \" data-track-category=\"Link no Texto\" data-track-links=\"\" data-mrf-recirculation=\"Mat\u00e9ria - Links no Texto\"><span class=\"highlight highlighted\">51% dos alunos disseram que n\u00e3o levam mais o celular para a escola.<\/span>\u00a0Entre os que ainda levam, 33% por cento levam todos os dias, 7% quase todos os dias e 6% de vez em quando.<\/p>\n<\/div>\n<\/div>\n<div id=\"chunk-c0847\">\n<div class=\"mc-column content-text active-extra-styles \" data-block-type=\"unstyled\" data-block-weight=\"43\" data-block-id=\"12\">\n<p class=\" content-text__container \" data-track-category=\"Link no Texto\" data-track-links=\"\" data-mrf-recirculation=\"Mat\u00e9ria - Links no Texto\"><span class=\"highlight highlighted\">A pesquisa mostrou que um em cada seis estudantes admitiu que ainda usa o celular em sala de aula.\u00a0<\/span>Nas respostas, os principais motivos foram a necessidade de falar com a fam\u00edlia, a vontade de conversar por mensagens e de usar redes sociais.<\/p>\n<\/div>\n<\/div>\n<div id=\"chunk-929j8\">\n<div class=\"mc-column content-text active-extra-styles \" data-block-type=\"unstyled\" data-block-weight=\"51\" data-block-id=\"13\">\n<p class=\" content-text__container \" data-track-category=\"Link no Texto\" data-track-links=\"\" data-mrf-recirculation=\"Mat\u00e9ria - Links no Texto\">Em uma escola em\u00a0<a class=\"\" href=\"https:\/\/g1.globo.com\/df\/distrito-federal\/cidade\/samambaia\/\" data-mrf-link=\"https:\/\/g1.globo.com\/df\/distrito-federal\/cidade\/samambaia\/\">Samambaia<\/a>, a 30 quil\u00f4metros de\u00a0<a class=\"\" href=\"https:\/\/g1.globo.com\/df\/distrito-federal\/cidade\/brasilia\/\" data-mrf-link=\"https:\/\/g1.globo.com\/df\/distrito-federal\/cidade\/brasilia\/\">Bras\u00edlia<\/a>, os alunos podem levar o celular, mas o aparelho tem que ficar desligado e dentro da mochila. Se o aluno precisar falar com os pais, por exemplo, a recomenda\u00e7\u00e3o \u00e9 procurar a orientadora educacional, que faz o contato com a fam\u00edlia.<\/p>\n<\/div>\n<\/div>\n<div id=\"chunk-83d11\">\n<div class=\"mc-column content-text active-extra-styles \" data-block-type=\"unstyled\" data-block-weight=\"11\" data-block-id=\"15\">\n<p class=\" content-text__container \" data-track-category=\"Link no Texto\" data-track-links=\"\" data-mrf-recirculation=\"Mat\u00e9ria - Links no Texto\">A diretora disse que a mudan\u00e7a transformou a din\u00e2mica da escola.<\/p>\n<\/div>\n<\/div>\n<div id=\"chunk-bkafm\">\n<div class=\"mc-column content-text active-extra-styles\" data-block-type=\"raw\" data-block-weight=\"36\" data-block-id=\"16\">\n<blockquote class=\"content-blockquote theme-border-color-primary-before\"><p>&#8220;Isso fez com que os alunos passassem a socializar mais, tivessem uma participa\u00e7\u00e3o nas aulas muito maior. A intera\u00e7\u00e3o durante as aulas tornou-se mais din\u00e2mica, mais participativa. As notas dos educandos melhoraram consideravelmente&#8221;, afirma Keila Esp\u00edndola.<\/p><\/blockquote>\n<\/div>\n<\/div>\n<div id=\"chunk-dsqag\">\n<div class=\"mc-column content-text active-extra-styles \" data-block-type=\"unstyled\" data-block-weight=\"10\" data-block-id=\"17\">\n<p class=\" content-text__container \" data-track-category=\"Link no Texto\" data-track-links=\"\" data-mrf-recirculation=\"Mat\u00e9ria - Links no Texto\">Especialistas em educa\u00e7\u00e3o destacam a import\u00e2ncia da participa\u00e7\u00e3o dos pais.<\/p>\n<\/div>\n<\/div>\n<div id=\"chunk-5pedn\">\n<div class=\"mc-column content-text active-extra-styles\" data-block-type=\"raw\" data-block-weight=\"60\" data-block-id=\"18\">\n<blockquote class=\"content-blockquote theme-border-color-primary-before\"><p>&#8220;A gente j\u00e1 est\u00e1 dando um apoio \u00e0s fam\u00edlias, que \u00e9 tirando o celular durante uma parte do dia dessas crian\u00e7as e adolescentes pra que eles aproveitem a aula, aproveitem os colegas, aproveitem os professores. Uma regra que \u00e9 constru\u00edda por todo mundo \u00e9 mais obedecida que uma regra imposta de cima pra baixo&#8221;, analisa Israel Batista, conselheiro do CNE.<\/p><\/blockquote>\n<p>&nbsp;<\/p>\n<\/div>\n<\/div>\n<div id=\"chunk-8ukkr\">\n<div class=\"row medium-uncollapsed content-media content-photo\" data-block-type=\"backstage-photo\" data-block-id=\"19\">\n<div class=\" mc-column content-media__container\">\n<div class=\"content-media-container glb-skeleton-box\">\n<figure class=\"content-media-figure\"><img decoding=\"async\" class=\"i-amphtml-fill-content i-amphtml-replaced-content\" src=\"https:\/\/s2-g1.glbimg.com\/r2DTCzvrpglKqR_u4PxcLCx3JE4=\/0x0:1499x840\/984x0\/smart\/filters:strip_icc()\/i.s3.glbimg.com\/v1\/AUTH_59edd422c0c84a879bd37670ae4f538a\/internal_photos\/bs\/2025\/O\/r\/bQ4JS6TFKss0W23z6big\/captura-de-tela-2025-05-27-204546.png\" sizes=\"(max-width: 1536px) 648px, 100vw\" srcset=\"https:\/\/s2-g1.glbimg.com\/8xNWxBPzo7FNryeHAdsn6X0fyVY=\/0x0:1499x840\/1000x0\/smart\/filters:strip_icc()\/i.s3.glbimg.com\/v1\/AUTH_59edd422c0c84a879bd37670ae4f538a\/internal_photos\/bs\/2025\/O\/r\/bQ4JS6TFKss0W23z6big\/captura-de-tela-2025-05-27-204546.png 1000w, https:\/\/s2-g1.glbimg.com\/r2DTCzvrpglKqR_u4PxcLCx3JE4=\/0x0:1499x840\/984x0\/smart\/filters:strip_icc()\/i.s3.glbimg.com\/v1\/AUTH_59edd422c0c84a879bd37670ae4f538a\/internal_photos\/bs\/2025\/O\/r\/bQ4JS6TFKss0W23z6big\/captura-de-tela-2025-05-27-204546.png 984w, https:\/\/s2-g1.glbimg.com\/-EVPsrruuMEl4dKXZew5YQw8r3g=\/0x0:1499x840\/640x0\/smart\/filters:strip_icc()\/i.s3.glbimg.com\/v1\/AUTH_59edd422c0c84a879bd37670ae4f538a\/internal_photos\/bs\/2025\/O\/r\/bQ4JS6TFKss0W23z6big\/captura-de-tela-2025-05-27-204546.png 640w, https:\/\/s2-g1.glbimg.com\/hQb9yg3l4Xl3QHJXJprsXHIejr8=\/0x0:1499x840\/600x0\/smart\/filters:strip_icc()\/i.s3.glbimg.com\/v1\/AUTH_59edd422c0c84a879bd37670ae4f538a\/internal_photos\/bs\/2025\/O\/r\/bQ4JS6TFKss0W23z6big\/captura-de-tela-2025-05-27-204546.png 600w\" alt=\"Pesquisa mostra o impacto da proibi\u00e7\u00e3o do celular em escolas \u2014 Foto: Reprodu\u00e7\u00e3o\/TV Globo\" \/><\/figure>\n<\/div>\n<p class=\"content-media__description \">Pesquisa mostra o impacto da proibi\u00e7\u00e3o do celular em escolas \u2014 Foto: Reprodu\u00e7\u00e3o\/TV Globo<\/p>\n<p>Fonte: G1<\/p>\n<\/div>\n<\/div>\n<\/div>\n<\/div>\n<\/article>\n<\/div>\n","protected":false},"excerpt":{"rendered":"<p>Proibi\u00e7\u00e3o do uso de celulares nas escolas. Alunos brincam no recreio sem o uso de celulares. Foto: Fabio Rodrigues-Pozzebom\/Ag\u00eancia Brasil O estudo mostrou que um em cada seis estudantes admitiu que ainda usa o celular em sala de aula. Nas respostas, os principais motivos foram a necessidade de falar com a fam\u00edlia, a vontade de [&hellip;]<\/p>\n","protected":false},"author":2,"featured_media":3390,"comment_status":"open","ping_status":"open","sticky":false,"template":"","format":"standard","meta":{"rop_custom_images_group":[],"rop_custom_messages_group":[],"rop_publish_now":"initial","rop_publish_now_accounts":{"twitter_850042665852968960_850042665852968960":""},"rop_publish_now_history":[],"rop_publish_now_status":"pending","footnotes":""},"categories":[15],"tags":[633,631,381,387,630,632],"class_list":["post-3389","post","type-post","status-publish","format-standard","has-post-thumbnail","hentry","category-destaques","tag-aprenizado","tag-brincar","tag-celular","tag-escolas","tag-proibicao","tag-recreio"],"yoast_head":"<!-- This site is optimized with the Yoast SEO plugin v27.2 - https:\/\/yoast.com\/product\/yoast-seo-wordpress\/ -->\n<title>Pesquisa mostra o impacto da proibi\u00e7\u00e3o do celular nas escolas brasileiras - Prefeitos &amp; Gest\u00f5es<\/title>\n<meta name=\"description\" content=\"Pesquisa mostra o impacto da proibi\u00e7\u00e3o do celular nas escolas brasileiras. O estudo mostrou que um em cada seis estudantes admitiu que ainda usa o celular em sala de aula. Nas respostas, os principais motivos foram a necessidade de falar com a fam\u00edlia, a vontade de conversar por mensagens e de usar redes sociais.\" \/>\n<meta name=\"robots\" content=\"index, follow, max-snippet:-1, max-image-preview:large, max-video-preview:-1\" \/>\n<link rel=\"canonical\" href=\"https:\/\/prefeitosegestoes.com.br\/portal\/pesquisa-mostra-o-impacto-da-proibicao-do-celular-nas-escolas-brasileiras\/\" \/>\n<meta property=\"og:locale\" content=\"pt_BR\" \/>\n<meta property=\"og:type\" content=\"article\" \/>\n<meta property=\"og:title\" content=\"Pesquisa mostra o impacto da proibi\u00e7\u00e3o do celular nas escolas brasileiras - Prefeitos &amp; Gest\u00f5es\" \/>\n<meta property=\"og:description\" content=\"Pesquisa mostra o impacto da proibi\u00e7\u00e3o do celular nas escolas brasileiras. O estudo mostrou que um em cada seis estudantes admitiu que ainda usa o celular em sala de aula. Nas respostas, os principais motivos foram a necessidade de falar com a fam\u00edlia, a vontade de conversar por mensagens e de usar redes sociais.\" \/>\n<meta property=\"og:url\" content=\"https:\/\/prefeitosegestoes.com.br\/portal\/pesquisa-mostra-o-impacto-da-proibicao-do-celular-nas-escolas-brasileiras\/\" \/>\n<meta property=\"og:site_name\" content=\"Prefeitos &amp; Gest\u00f5es\" \/>\n<meta property=\"article:publisher\" content=\"https:\/\/www.facebook.com\/prefeitosonline\" \/>\n<meta property=\"article:published_time\" content=\"2025-06-06T16:18:13+00:00\" \/>\n<meta property=\"article:modified_time\" content=\"2025-06-07T11:06:19+00:00\" \/>\n<meta property=\"og:image\" content=\"https:\/\/prefeitosegestoes.com.br\/portal\/wp-content\/uploads\/2025\/06\/pzzb9301-1.webp\" \/>\n\t<meta property=\"og:image:width\" content=\"1024\" \/>\n\t<meta property=\"og:image:height\" content=\"768\" \/>\n\t<meta property=\"og:image:type\" content=\"image\/webp\" \/>\n<meta name=\"author\" content=\"Prefeitos &amp; Gest\u00f5es\" \/>\n<meta name=\"twitter:card\" content=\"summary_large_image\" \/>\n<meta name=\"twitter:creator\" content=\"@PrefGestoes\" \/>\n<meta name=\"twitter:site\" content=\"@PrefGestoes\" \/>\n<meta name=\"twitter:label1\" content=\"Escrito por\" \/>\n\t<meta name=\"twitter:data1\" content=\"Prefeitos &amp; Gest\u00f5es\" \/>\n\t<meta name=\"twitter:label2\" content=\"Est. tempo de leitura\" \/>\n\t<meta name=\"twitter:data2\" content=\"3 minutos\" \/>\n<script type=\"application\/ld+json\" class=\"yoast-schema-graph\">{\"@context\":\"https:\/\/schema.org\",\"@graph\":[{\"@type\":\"Article\",\"@id\":\"https:\/\/prefeitosegestoes.com.br\/portal\/pesquisa-mostra-o-impacto-da-proibicao-do-celular-nas-escolas-brasileiras\/#article\",\"isPartOf\":{\"@id\":\"https:\/\/prefeitosegestoes.com.br\/portal\/pesquisa-mostra-o-impacto-da-proibicao-do-celular-nas-escolas-brasileiras\/\"},\"author\":{\"name\":\"Prefeitos &amp; Gest\u00f5es\",\"@id\":\"https:\/\/prefeitosegestoes.com.br\/portal\/#\/schema\/person\/d00059f2ec99963e7e1850d448ae94b8\"},\"headline\":\"Pesquisa mostra o impacto da proibi\u00e7\u00e3o do celular nas escolas brasileiras\",\"datePublished\":\"2025-06-06T16:18:13+00:00\",\"dateModified\":\"2025-06-07T11:06:19+00:00\",\"mainEntityOfPage\":{\"@id\":\"https:\/\/prefeitosegestoes.com.br\/portal\/pesquisa-mostra-o-impacto-da-proibicao-do-celular-nas-escolas-brasileiras\/\"},\"wordCount\":610,\"commentCount\":0,\"publisher\":{\"@id\":\"https:\/\/prefeitosegestoes.com.br\/portal\/#organization\"},\"image\":{\"@id\":\"https:\/\/prefeitosegestoes.com.br\/portal\/pesquisa-mostra-o-impacto-da-proibicao-do-celular-nas-escolas-brasileiras\/#primaryimage\"},\"thumbnailUrl\":\"https:\/\/prefeitosegestoes.com.br\/portal\/wp-content\/uploads\/2025\/06\/pzzb9301-1.webp\",\"keywords\":[\"Aprenizado\",\"Brincar\",\"Celular\",\"Escolas\",\"Proibi\u00e7\u00e3o\",\"Recreio\"],\"articleSection\":[\"Destaques\"],\"inLanguage\":\"pt-BR\",\"potentialAction\":[{\"@type\":\"CommentAction\",\"name\":\"Comment\",\"target\":[\"https:\/\/prefeitosegestoes.com.br\/portal\/pesquisa-mostra-o-impacto-da-proibicao-do-celular-nas-escolas-brasileiras\/#respond\"]}]},{\"@type\":\"WebPage\",\"@id\":\"https:\/\/prefeitosegestoes.com.br\/portal\/pesquisa-mostra-o-impacto-da-proibicao-do-celular-nas-escolas-brasileiras\/\",\"url\":\"https:\/\/prefeitosegestoes.com.br\/portal\/pesquisa-mostra-o-impacto-da-proibicao-do-celular-nas-escolas-brasileiras\/\",\"name\":\"Pesquisa mostra o impacto da proibi\u00e7\u00e3o do celular nas escolas brasileiras - Prefeitos &amp; Gest\u00f5es\",\"isPartOf\":{\"@id\":\"https:\/\/prefeitosegestoes.com.br\/portal\/#website\"},\"primaryImageOfPage\":{\"@id\":\"https:\/\/prefeitosegestoes.com.br\/portal\/pesquisa-mostra-o-impacto-da-proibicao-do-celular-nas-escolas-brasileiras\/#primaryimage\"},\"image\":{\"@id\":\"https:\/\/prefeitosegestoes.com.br\/portal\/pesquisa-mostra-o-impacto-da-proibicao-do-celular-nas-escolas-brasileiras\/#primaryimage\"},\"thumbnailUrl\":\"https:\/\/prefeitosegestoes.com.br\/portal\/wp-content\/uploads\/2025\/06\/pzzb9301-1.webp\",\"datePublished\":\"2025-06-06T16:18:13+00:00\",\"dateModified\":\"2025-06-07T11:06:19+00:00\",\"description\":\"Pesquisa mostra o impacto da proibi\u00e7\u00e3o do celular nas escolas brasileiras. O estudo mostrou que um em cada seis estudantes admitiu que ainda usa o celular em sala de aula. Nas respostas, os principais motivos foram a necessidade de falar com a fam\u00edlia, a vontade de conversar por mensagens e de usar redes sociais.\",\"breadcrumb\":{\"@id\":\"https:\/\/prefeitosegestoes.com.br\/portal\/pesquisa-mostra-o-impacto-da-proibicao-do-celular-nas-escolas-brasileiras\/#breadcrumb\"},\"inLanguage\":\"pt-BR\",\"potentialAction\":[{\"@type\":\"ReadAction\",\"target\":[\"https:\/\/prefeitosegestoes.com.br\/portal\/pesquisa-mostra-o-impacto-da-proibicao-do-celular-nas-escolas-brasileiras\/\"]}]},{\"@type\":\"ImageObject\",\"inLanguage\":\"pt-BR\",\"@id\":\"https:\/\/prefeitosegestoes.com.br\/portal\/pesquisa-mostra-o-impacto-da-proibicao-do-celular-nas-escolas-brasileiras\/#primaryimage\",\"url\":\"https:\/\/prefeitosegestoes.com.br\/portal\/wp-content\/uploads\/2025\/06\/pzzb9301-1.webp\",\"contentUrl\":\"https:\/\/prefeitosegestoes.com.br\/portal\/wp-content\/uploads\/2025\/06\/pzzb9301-1.webp\",\"width\":1024,\"height\":768},{\"@type\":\"BreadcrumbList\",\"@id\":\"https:\/\/prefeitosegestoes.com.br\/portal\/pesquisa-mostra-o-impacto-da-proibicao-do-celular-nas-escolas-brasileiras\/#breadcrumb\",\"itemListElement\":[{\"@type\":\"ListItem\",\"position\":1,\"name\":\"In\u00edcio\",\"item\":\"https:\/\/prefeitosegestoes.com.br\/portal\/\"},{\"@type\":\"ListItem\",\"position\":2,\"name\":\"Pesquisa mostra o impacto da proibi\u00e7\u00e3o do celular nas escolas brasileiras\"}]},{\"@type\":\"WebSite\",\"@id\":\"https:\/\/prefeitosegestoes.com.br\/portal\/#website\",\"url\":\"https:\/\/prefeitosegestoes.com.br\/portal\/\",\"name\":\"Prefeitos & Gest\u00f5es\",\"description\":\"\",\"publisher\":{\"@id\":\"https:\/\/prefeitosegestoes.com.br\/portal\/#organization\"},\"potentialAction\":[{\"@type\":\"SearchAction\",\"target\":{\"@type\":\"EntryPoint\",\"urlTemplate\":\"https:\/\/prefeitosegestoes.com.br\/portal\/?s={search_term_string}\"},\"query-input\":{\"@type\":\"PropertyValueSpecification\",\"valueRequired\":true,\"valueName\":\"search_term_string\"}}],\"inLanguage\":\"pt-BR\"},{\"@type\":\"Organization\",\"@id\":\"https:\/\/prefeitosegestoes.com.br\/portal\/#organization\",\"name\":\"Prefeitos & Gest\u00f5es\",\"url\":\"https:\/\/prefeitosegestoes.com.br\/portal\/\",\"logo\":{\"@type\":\"ImageObject\",\"inLanguage\":\"pt-BR\",\"@id\":\"https:\/\/prefeitosegestoes.com.br\/portal\/#\/schema\/logo\/image\/\",\"url\":\"https:\/\/prefeitosegestoes.com.br\/portal\/wp-content\/uploads\/2024\/10\/lg_trans_prefeitos_2024_preto2.png\",\"contentUrl\":\"https:\/\/prefeitosegestoes.com.br\/portal\/wp-content\/uploads\/2024\/10\/lg_trans_prefeitos_2024_preto2.png\",\"width\":199,\"height\":122,\"caption\":\"Prefeitos & Gest\u00f5es\"},\"image\":{\"@id\":\"https:\/\/prefeitosegestoes.com.br\/portal\/#\/schema\/logo\/image\/\"},\"sameAs\":[\"https:\/\/www.facebook.com\/prefeitosonline\",\"https:\/\/x.com\/PrefGestoes\"]},{\"@type\":\"Person\",\"@id\":\"https:\/\/prefeitosegestoes.com.br\/portal\/#\/schema\/person\/d00059f2ec99963e7e1850d448ae94b8\",\"name\":\"Prefeitos &amp; Gest\u00f5es\",\"image\":{\"@type\":\"ImageObject\",\"inLanguage\":\"pt-BR\",\"@id\":\"https:\/\/secure.gravatar.com\/avatar\/738fb281e479212ed32c1a21a4307dda9f3af9292edb6918a16c9ce9fff5f48d?s=96&d=mm&r=g\",\"url\":\"https:\/\/secure.gravatar.com\/avatar\/738fb281e479212ed32c1a21a4307dda9f3af9292edb6918a16c9ce9fff5f48d?s=96&d=mm&r=g\",\"contentUrl\":\"https:\/\/secure.gravatar.com\/avatar\/738fb281e479212ed32c1a21a4307dda9f3af9292edb6918a16c9ce9fff5f48d?s=96&d=mm&r=g\",\"caption\":\"Prefeitos &amp; Gest\u00f5es\"},\"url\":\"https:\/\/prefeitosegestoes.com.br\/portal\/author\/prefeitosegestoes\/\"}]}<\/script>\n<!-- \/ Yoast SEO plugin. -->","yoast_head_json":{"title":"Pesquisa mostra o impacto da proibi\u00e7\u00e3o do celular nas escolas brasileiras - Prefeitos &amp; Gest\u00f5es","description":"Pesquisa mostra o impacto da proibi\u00e7\u00e3o do celular nas escolas brasileiras. O estudo mostrou que um em cada seis estudantes admitiu que ainda usa o celular em sala de aula. Nas respostas, os principais motivos foram a necessidade de falar com a fam\u00edlia, a vontade de conversar por mensagens e de usar redes sociais.","robots":{"index":"index","follow":"follow","max-snippet":"max-snippet:-1","max-image-preview":"max-image-preview:large","max-video-preview":"max-video-preview:-1"},"canonical":"https:\/\/prefeitosegestoes.com.br\/portal\/pesquisa-mostra-o-impacto-da-proibicao-do-celular-nas-escolas-brasileiras\/","og_locale":"pt_BR","og_type":"article","og_title":"Pesquisa mostra o impacto da proibi\u00e7\u00e3o do celular nas escolas brasileiras - Prefeitos &amp; Gest\u00f5es","og_description":"Pesquisa mostra o impacto da proibi\u00e7\u00e3o do celular nas escolas brasileiras. O estudo mostrou que um em cada seis estudantes admitiu que ainda usa o celular em sala de aula. Nas respostas, os principais motivos foram a necessidade de falar com a fam\u00edlia, a vontade de conversar por mensagens e de usar redes sociais.","og_url":"https:\/\/prefeitosegestoes.com.br\/portal\/pesquisa-mostra-o-impacto-da-proibicao-do-celular-nas-escolas-brasileiras\/","og_site_name":"Prefeitos &amp; Gest\u00f5es","article_publisher":"https:\/\/www.facebook.com\/prefeitosonline","article_published_time":"2025-06-06T16:18:13+00:00","article_modified_time":"2025-06-07T11:06:19+00:00","og_image":[{"width":1024,"height":768,"url":"https:\/\/prefeitosegestoes.com.br\/portal\/wp-content\/uploads\/2025\/06\/pzzb9301-1.webp","type":"image\/webp"}],"author":"Prefeitos &amp; Gest\u00f5es","twitter_card":"summary_large_image","twitter_creator":"@PrefGestoes","twitter_site":"@PrefGestoes","twitter_misc":{"Escrito por":"Prefeitos &amp; Gest\u00f5es","Est. tempo de leitura":"3 minutos"},"schema":{"@context":"https:\/\/schema.org","@graph":[{"@type":"Article","@id":"https:\/\/prefeitosegestoes.com.br\/portal\/pesquisa-mostra-o-impacto-da-proibicao-do-celular-nas-escolas-brasileiras\/#article","isPartOf":{"@id":"https:\/\/prefeitosegestoes.com.br\/portal\/pesquisa-mostra-o-impacto-da-proibicao-do-celular-nas-escolas-brasileiras\/"},"author":{"name":"Prefeitos &amp; Gest\u00f5es","@id":"https:\/\/prefeitosegestoes.com.br\/portal\/#\/schema\/person\/d00059f2ec99963e7e1850d448ae94b8"},"headline":"Pesquisa mostra o impacto da proibi\u00e7\u00e3o do celular nas escolas brasileiras","datePublished":"2025-06-06T16:18:13+00:00","dateModified":"2025-06-07T11:06:19+00:00","mainEntityOfPage":{"@id":"https:\/\/prefeitosegestoes.com.br\/portal\/pesquisa-mostra-o-impacto-da-proibicao-do-celular-nas-escolas-brasileiras\/"},"wordCount":610,"commentCount":0,"publisher":{"@id":"https:\/\/prefeitosegestoes.com.br\/portal\/#organization"},"image":{"@id":"https:\/\/prefeitosegestoes.com.br\/portal\/pesquisa-mostra-o-impacto-da-proibicao-do-celular-nas-escolas-brasileiras\/#primaryimage"},"thumbnailUrl":"https:\/\/prefeitosegestoes.com.br\/portal\/wp-content\/uploads\/2025\/06\/pzzb9301-1.webp","keywords":["Aprenizado","Brincar","Celular","Escolas","Proibi\u00e7\u00e3o","Recreio"],"articleSection":["Destaques"],"inLanguage":"pt-BR","potentialAction":[{"@type":"CommentAction","name":"Comment","target":["https:\/\/prefeitosegestoes.com.br\/portal\/pesquisa-mostra-o-impacto-da-proibicao-do-celular-nas-escolas-brasileiras\/#respond"]}]},{"@type":"WebPage","@id":"https:\/\/prefeitosegestoes.com.br\/portal\/pesquisa-mostra-o-impacto-da-proibicao-do-celular-nas-escolas-brasileiras\/","url":"https:\/\/prefeitosegestoes.com.br\/portal\/pesquisa-mostra-o-impacto-da-proibicao-do-celular-nas-escolas-brasileiras\/","name":"Pesquisa mostra o impacto da proibi\u00e7\u00e3o do celular nas escolas brasileiras - Prefeitos &amp; Gest\u00f5es","isPartOf":{"@id":"https:\/\/prefeitosegestoes.com.br\/portal\/#website"},"primaryImageOfPage":{"@id":"https:\/\/prefeitosegestoes.com.br\/portal\/pesquisa-mostra-o-impacto-da-proibicao-do-celular-nas-escolas-brasileiras\/#primaryimage"},"image":{"@id":"https:\/\/prefeitosegestoes.com.br\/portal\/pesquisa-mostra-o-impacto-da-proibicao-do-celular-nas-escolas-brasileiras\/#primaryimage"},"thumbnailUrl":"https:\/\/prefeitosegestoes.com.br\/portal\/wp-content\/uploads\/2025\/06\/pzzb9301-1.webp","datePublished":"2025-06-06T16:18:13+00:00","dateModified":"2025-06-07T11:06:19+00:00","description":"Pesquisa mostra o impacto da proibi\u00e7\u00e3o do celular nas escolas brasileiras. O estudo mostrou que um em cada seis estudantes admitiu que ainda usa o celular em sala de aula. Nas respostas, os principais motivos foram a necessidade de falar com a fam\u00edlia, a vontade de conversar por mensagens e de usar redes sociais.","breadcrumb":{"@id":"https:\/\/prefeitosegestoes.com.br\/portal\/pesquisa-mostra-o-impacto-da-proibicao-do-celular-nas-escolas-brasileiras\/#breadcrumb"},"inLanguage":"pt-BR","potentialAction":[{"@type":"ReadAction","target":["https:\/\/prefeitosegestoes.com.br\/portal\/pesquisa-mostra-o-impacto-da-proibicao-do-celular-nas-escolas-brasileiras\/"]}]},{"@type":"ImageObject","inLanguage":"pt-BR","@id":"https:\/\/prefeitosegestoes.com.br\/portal\/pesquisa-mostra-o-impacto-da-proibicao-do-celular-nas-escolas-brasileiras\/#primaryimage","url":"https:\/\/prefeitosegestoes.com.br\/portal\/wp-content\/uploads\/2025\/06\/pzzb9301-1.webp","contentUrl":"https:\/\/prefeitosegestoes.com.br\/portal\/wp-content\/uploads\/2025\/06\/pzzb9301-1.webp","width":1024,"height":768},{"@type":"BreadcrumbList","@id":"https:\/\/prefeitosegestoes.com.br\/portal\/pesquisa-mostra-o-impacto-da-proibicao-do-celular-nas-escolas-brasileiras\/#breadcrumb","itemListElement":[{"@type":"ListItem","position":1,"name":"In\u00edcio","item":"https:\/\/prefeitosegestoes.com.br\/portal\/"},{"@type":"ListItem","position":2,"name":"Pesquisa mostra o impacto da proibi\u00e7\u00e3o do celular nas escolas brasileiras"}]},{"@type":"WebSite","@id":"https:\/\/prefeitosegestoes.com.br\/portal\/#website","url":"https:\/\/prefeitosegestoes.com.br\/portal\/","name":"Prefeitos & Gest\u00f5es","description":"","publisher":{"@id":"https:\/\/prefeitosegestoes.com.br\/portal\/#organization"},"potentialAction":[{"@type":"SearchAction","target":{"@type":"EntryPoint","urlTemplate":"https:\/\/prefeitosegestoes.com.br\/portal\/?s={search_term_string}"},"query-input":{"@type":"PropertyValueSpecification","valueRequired":true,"valueName":"search_term_string"}}],"inLanguage":"pt-BR"},{"@type":"Organization","@id":"https:\/\/prefeitosegestoes.com.br\/portal\/#organization","name":"Prefeitos & Gest\u00f5es","url":"https:\/\/prefeitosegestoes.com.br\/portal\/","logo":{"@type":"ImageObject","inLanguage":"pt-BR","@id":"https:\/\/prefeitosegestoes.com.br\/portal\/#\/schema\/logo\/image\/","url":"https:\/\/prefeitosegestoes.com.br\/portal\/wp-content\/uploads\/2024\/10\/lg_trans_prefeitos_2024_preto2.png","contentUrl":"https:\/\/prefeitosegestoes.com.br\/portal\/wp-content\/uploads\/2024\/10\/lg_trans_prefeitos_2024_preto2.png","width":199,"height":122,"caption":"Prefeitos & Gest\u00f5es"},"image":{"@id":"https:\/\/prefeitosegestoes.com.br\/portal\/#\/schema\/logo\/image\/"},"sameAs":["https:\/\/www.facebook.com\/prefeitosonline","https:\/\/x.com\/PrefGestoes"]},{"@type":"Person","@id":"https:\/\/prefeitosegestoes.com.br\/portal\/#\/schema\/person\/d00059f2ec99963e7e1850d448ae94b8","name":"Prefeitos &amp; Gest\u00f5es","image":{"@type":"ImageObject","inLanguage":"pt-BR","@id":"https:\/\/secure.gravatar.com\/avatar\/738fb281e479212ed32c1a21a4307dda9f3af9292edb6918a16c9ce9fff5f48d?s=96&d=mm&r=g","url":"https:\/\/secure.gravatar.com\/avatar\/738fb281e479212ed32c1a21a4307dda9f3af9292edb6918a16c9ce9fff5f48d?s=96&d=mm&r=g","contentUrl":"https:\/\/secure.gravatar.com\/avatar\/738fb281e479212ed32c1a21a4307dda9f3af9292edb6918a16c9ce9fff5f48d?s=96&d=mm&r=g","caption":"Prefeitos &amp; Gest\u00f5es"},"url":"https:\/\/prefeitosegestoes.com.br\/portal\/author\/prefeitosegestoes\/"}]}},"_links":{"self":[{"href":"https:\/\/prefeitosegestoes.com.br\/portal\/wp-json\/wp\/v2\/posts\/3389","targetHints":{"allow":["GET"]}}],"collection":[{"href":"https:\/\/prefeitosegestoes.com.br\/portal\/wp-json\/wp\/v2\/posts"}],"about":[{"href":"https:\/\/prefeitosegestoes.com.br\/portal\/wp-json\/wp\/v2\/types\/post"}],"author":[{"embeddable":true,"href":"https:\/\/prefeitosegestoes.com.br\/portal\/wp-json\/wp\/v2\/users\/2"}],"replies":[{"embeddable":true,"href":"https:\/\/prefeitosegestoes.com.br\/portal\/wp-json\/wp\/v2\/comments?post=3389"}],"version-history":[{"count":2,"href":"https:\/\/prefeitosegestoes.com.br\/portal\/wp-json\/wp\/v2\/posts\/3389\/revisions"}],"predecessor-version":[{"id":3392,"href":"https:\/\/prefeitosegestoes.com.br\/portal\/wp-json\/wp\/v2\/posts\/3389\/revisions\/3392"}],"wp:featuredmedia":[{"embeddable":true,"href":"https:\/\/prefeitosegestoes.com.br\/portal\/wp-json\/wp\/v2\/media\/3390"}],"wp:attachment":[{"href":"https:\/\/prefeitosegestoes.com.br\/portal\/wp-json\/wp\/v2\/media?parent=3389"}],"wp:term":[{"taxonomy":"category","embeddable":true,"href":"https:\/\/prefeitosegestoes.com.br\/portal\/wp-json\/wp\/v2\/categories?post=3389"},{"taxonomy":"post_tag","embeddable":true,"href":"https:\/\/prefeitosegestoes.com.br\/portal\/wp-json\/wp\/v2\/tags?post=3389"}],"curies":[{"name":"wp","href":"https:\/\/api.w.org\/{rel}","templated":true}]}}