{"id":3301,"date":"2025-05-13T18:28:52","date_gmt":"2025-05-13T21:28:52","guid":{"rendered":"https:\/\/prefeitosegestoes.com.br\/portal\/?p=3301"},"modified":"2025-05-13T18:28:52","modified_gmt":"2025-05-13T21:28:52","slug":"senado-comissao-aprova-proposta-que-garante-livre-acesso-a-praias-e-rios","status":"publish","type":"post","link":"https:\/\/prefeitosegestoes.com.br\/portal\/senado-comissao-aprova-proposta-que-garante-livre-acesso-a-praias-e-rios\/","title":{"rendered":"Senado: Comiss\u00e3o aprova proposta que garante livre acesso a praias e rios"},"content":{"rendered":"<h6 class=\"asset__summary\">Foto:T\u00e2nia R\u00eago\/Ag\u00eancia Brasil<\/h6>\n<h2 class=\"asset__summary\">A proposta agora segue para a C\u00e2mara dos Deputados.<\/h2>\n<div class=\"asset__actions\">\n<div class=\"asset__info\">\n<p class=\"asset__publisher\">Congresso em Foco<\/p>\n<p class=\"asset__date\">13\/5\/2025\u00a0<span class=\"ng-star-inserted\">14:48<\/span><\/p>\n<\/div>\n<\/div>\n<div class=\"share\">\n<div class=\"share-social\"><\/div>\n<\/div>\n<div class=\"asset__content leitura-materia-108470\">\n<div class=\"html-content\">\n<p><img fetchpriority=\"high\" decoding=\"async\" title=\"Projeto garante acesso a \u00e1reas naturas de interesse tur\u00edstico.\" src=\"https:\/\/static.congressoemfoco.com.br\/CONG_MATERIA\/2025\/05\/13\/320b46_CONG_MATERIA_47241jpg.jpg\" alt=\"Projeto garante acesso a \u00e1reas naturas de interesse tur\u00edstico.\" width=\"1200\" height=\"800\" \/><\/p>\n<div class=\"img-info\"><span class=\"img-legenda\">Projeto garante acesso a \u00e1reas naturas de interesse tur\u00edstico. <\/span><span class=\"img-credito\">Freepik<\/span><\/div>\n<p>Em sess\u00e3o realizada nesta ter\u00e7a-feira (13), a Comiss\u00e3o de Desenvolvimento Regional (CDR) do Senado Federal aprovou de forma terminativa o\u00a0<a href=\"https:\/\/www25.senado.leg.br\/web\/atividade\/materias\/-\/materia\/146235\" target=\"_blank\" rel=\"noopener\">projeto de lei 2\/2021<\/a>, de autoria da senadora\u00a0<a class=\"parlLink ignore-hover\" href=\"https:\/\/radar.congressoemfoco.com.br\/parlamentar\/25979\/perfil\" target=\"_blank\" rel=\"noopener\">Leila Barros<\/a>\u00a0(PDT-DF). O projeto, que assegura o livre acesso a \u00e1reas naturais p\u00fablicas de grande beleza ou interesse tur\u00edstico, segue agora para a C\u00e2mara dos Deputados, a menos que haja recurso para vota\u00e7\u00e3o em plen\u00e1rio.<\/p>\n<p>A proposta altera o Estatuto da Cidade (lei 10.257\/2001) para garantir expressamente o acesso p\u00fablico a montanhas, paredes rochosas, praias, rios, cachoeiras, cavernas e outros locais naturais similares. A iniciativa pro\u00edbe a\u00e7\u00f5es que restrinjam ou privatizem esses espa\u00e7os, determinando que os planos de expans\u00e3o urbana incluam medidas que facilitem a circula\u00e7\u00e3o nesses locais.<\/p>\n<p>Segundo a senadora Leila Barros, o objetivo \u00e9 fortalecer, dentro das diretrizes de pol\u00edtica urbana, a garantia do direito de todos \u00e0 utiliza\u00e7\u00e3o desses espa\u00e7os. A senadora justifica a proposi\u00e7\u00e3o com base em &#8220;pr\u00e1ticas recentes de fechamento e restri\u00e7\u00e3o de acesso, especialmente em \u00e1reas litor\u00e2neas e de grande valor paisag\u00edstico&#8221;.<\/p>\n<p>&#8220;Estamos diante de um preocupante processo de privatiza\u00e7\u00e3o desses bens de uso comum, com constru\u00e7\u00f5es ou urbaniza\u00e7\u00f5es que limitam o acesso apenas a moradores ou frequentadores autorizados. Queremos garantir que o direito ao lazer, ao esporte e ao turismo seja assegurado de forma democr\u00e1tica e igualit\u00e1ria&#8221;, afirmou.<\/p>\n<p>O senador\u00a0<a class=\"parlLink ignore-hover\" href=\"https:\/\/radar.congressoemfoco.com.br\/parlamentar\/26009\/perfil\" target=\"_blank\" rel=\"noopener\">Astronauta Marcos Pontes<\/a>\u00a0(PL-SP) foi o relator da mat\u00e9ria e emitiu parecer favor\u00e1vel \u00e0 aprova\u00e7\u00e3o do projeto.<\/p>\n<p>Fonte Congresso em Foco<\/p>\n<\/div>\n<\/div>\n","protected":false},"excerpt":{"rendered":"<p>Foto:T\u00e2nia R\u00eago\/Ag\u00eancia Brasil A proposta agora segue para a C\u00e2mara dos Deputados. Congresso em Foco 13\/5\/2025\u00a014:48 Projeto garante acesso a \u00e1reas naturas de interesse tur\u00edstico. Freepik Em sess\u00e3o realizada nesta ter\u00e7a-feira (13), a Comiss\u00e3o de Desenvolvimento Regional (CDR) do Senado Federal aprovou de forma terminativa o\u00a0projeto de lei 2\/2021, de autoria da senadora\u00a0Leila Barros\u00a0(PDT-DF). O [&hellip;]<\/p>\n","protected":false},"author":2,"featured_media":3302,"comment_status":"open","ping_status":"open","sticky":false,"template":"","format":"standard","meta":{"rop_custom_images_group":[],"rop_custom_messages_group":[],"rop_publish_now":"initial","rop_publish_now_accounts":{"twitter_850042665852968960_850042665852968960":""},"rop_publish_now_history":[],"rop_publish_now_status":"pending","footnotes":""},"categories":[15],"tags":[601,599,598,600,257],"class_list":["post-3301","post","type-post","status-publish","format-standard","has-post-thumbnail","hentry","category-destaques","tag-areas-naturais-publicas","tag-livre-acesso","tag-praia","tag-rios","tag-senado"],"yoast_head":"<!-- This site is optimized with the Yoast SEO plugin v27.2 - https:\/\/yoast.com\/product\/yoast-seo-wordpress\/ -->\n<title>Senado: Comiss\u00e3o aprova proposta que garante livre acesso a praias e rios - Prefeitos &amp; Gest\u00f5es<\/title>\n<meta name=\"description\" content=\"Em sess\u00e3o realizada nesta ter\u00e7a-feira (13), a Comiss\u00e3o de Desenvolvimento Regional (CDR) do Senado Federal aprovou de forma terminativa o\u00a0projeto de lei 2\/2021, de autoria da senadora\u00a0Leila Barros\u00a0(PDT-DF). O projeto, que assegura o livre acesso a \u00e1reas naturais p\u00fablicas de grande beleza ou interesse tur\u00edstico, segue agora para a C\u00e2mara dos Deputados, a menos que haja recurso para vota\u00e7\u00e3o em plen\u00e1rio.\" \/>\n<meta name=\"robots\" content=\"index, follow, max-snippet:-1, max-image-preview:large, max-video-preview:-1\" \/>\n<link rel=\"canonical\" href=\"https:\/\/prefeitosegestoes.com.br\/portal\/senado-comissao-aprova-proposta-que-garante-livre-acesso-a-praias-e-rios\/\" \/>\n<meta property=\"og:locale\" content=\"pt_BR\" \/>\n<meta property=\"og:type\" content=\"article\" \/>\n<meta property=\"og:title\" content=\"Senado: Comiss\u00e3o aprova proposta que garante livre acesso a praias e rios - Prefeitos &amp; Gest\u00f5es\" \/>\n<meta property=\"og:description\" content=\"Em sess\u00e3o realizada nesta ter\u00e7a-feira (13), a Comiss\u00e3o de Desenvolvimento Regional (CDR) do Senado Federal aprovou de forma terminativa o\u00a0projeto de lei 2\/2021, de autoria da senadora\u00a0Leila Barros\u00a0(PDT-DF). O projeto, que assegura o livre acesso a \u00e1reas naturais p\u00fablicas de grande beleza ou interesse tur\u00edstico, segue agora para a C\u00e2mara dos Deputados, a menos que haja recurso para vota\u00e7\u00e3o em plen\u00e1rio.\" \/>\n<meta property=\"og:url\" content=\"https:\/\/prefeitosegestoes.com.br\/portal\/senado-comissao-aprova-proposta-que-garante-livre-acesso-a-praias-e-rios\/\" \/>\n<meta property=\"og:site_name\" content=\"Prefeitos &amp; Gest\u00f5es\" \/>\n<meta property=\"article:publisher\" content=\"https:\/\/www.facebook.com\/prefeitosonline\" \/>\n<meta property=\"article:published_time\" content=\"2025-05-13T21:28:52+00:00\" \/>\n<meta property=\"og:image\" content=\"https:\/\/prefeitosegestoes.com.br\/portal\/wp-content\/uploads\/2025\/05\/rbr2624.webp\" \/>\n\t<meta property=\"og:image:width\" content=\"1024\" \/>\n\t<meta property=\"og:image:height\" content=\"768\" \/>\n\t<meta property=\"og:image:type\" content=\"image\/webp\" \/>\n<meta name=\"author\" content=\"Prefeitos &amp; Gest\u00f5es\" \/>\n<meta name=\"twitter:card\" content=\"summary_large_image\" \/>\n<meta name=\"twitter:creator\" content=\"@PrefGestoes\" \/>\n<meta name=\"twitter:site\" content=\"@PrefGestoes\" \/>\n<meta name=\"twitter:label1\" content=\"Escrito por\" \/>\n\t<meta name=\"twitter:data1\" content=\"Prefeitos &amp; Gest\u00f5es\" \/>\n\t<meta name=\"twitter:label2\" content=\"Est. tempo de leitura\" \/>\n\t<meta name=\"twitter:data2\" content=\"2 minutos\" \/>\n<script type=\"application\/ld+json\" class=\"yoast-schema-graph\">{\"@context\":\"https:\/\/schema.org\",\"@graph\":[{\"@type\":\"Article\",\"@id\":\"https:\/\/prefeitosegestoes.com.br\/portal\/senado-comissao-aprova-proposta-que-garante-livre-acesso-a-praias-e-rios\/#article\",\"isPartOf\":{\"@id\":\"https:\/\/prefeitosegestoes.com.br\/portal\/senado-comissao-aprova-proposta-que-garante-livre-acesso-a-praias-e-rios\/\"},\"author\":{\"name\":\"Prefeitos &amp; Gest\u00f5es\",\"@id\":\"https:\/\/prefeitosegestoes.com.br\/portal\/#\/schema\/person\/d00059f2ec99963e7e1850d448ae94b8\"},\"headline\":\"Senado: Comiss\u00e3o aprova proposta que garante livre acesso a praias e rios\",\"datePublished\":\"2025-05-13T21:28:52+00:00\",\"mainEntityOfPage\":{\"@id\":\"https:\/\/prefeitosegestoes.com.br\/portal\/senado-comissao-aprova-proposta-que-garante-livre-acesso-a-praias-e-rios\/\"},\"wordCount\":306,\"commentCount\":0,\"publisher\":{\"@id\":\"https:\/\/prefeitosegestoes.com.br\/portal\/#organization\"},\"image\":{\"@id\":\"https:\/\/prefeitosegestoes.com.br\/portal\/senado-comissao-aprova-proposta-que-garante-livre-acesso-a-praias-e-rios\/#primaryimage\"},\"thumbnailUrl\":\"https:\/\/prefeitosegestoes.com.br\/portal\/wp-content\/uploads\/2025\/05\/rbr2624.webp\",\"keywords\":[\"\u00c1reas Naturais P\u00fablicas\",\"Livre Acesso\",\"Praia\",\"Rios\",\"Senado\"],\"articleSection\":[\"Destaques\"],\"inLanguage\":\"pt-BR\",\"potentialAction\":[{\"@type\":\"CommentAction\",\"name\":\"Comment\",\"target\":[\"https:\/\/prefeitosegestoes.com.br\/portal\/senado-comissao-aprova-proposta-que-garante-livre-acesso-a-praias-e-rios\/#respond\"]}]},{\"@type\":\"WebPage\",\"@id\":\"https:\/\/prefeitosegestoes.com.br\/portal\/senado-comissao-aprova-proposta-que-garante-livre-acesso-a-praias-e-rios\/\",\"url\":\"https:\/\/prefeitosegestoes.com.br\/portal\/senado-comissao-aprova-proposta-que-garante-livre-acesso-a-praias-e-rios\/\",\"name\":\"Senado: Comiss\u00e3o aprova proposta que garante livre acesso a praias e rios - Prefeitos &amp; Gest\u00f5es\",\"isPartOf\":{\"@id\":\"https:\/\/prefeitosegestoes.com.br\/portal\/#website\"},\"primaryImageOfPage\":{\"@id\":\"https:\/\/prefeitosegestoes.com.br\/portal\/senado-comissao-aprova-proposta-que-garante-livre-acesso-a-praias-e-rios\/#primaryimage\"},\"image\":{\"@id\":\"https:\/\/prefeitosegestoes.com.br\/portal\/senado-comissao-aprova-proposta-que-garante-livre-acesso-a-praias-e-rios\/#primaryimage\"},\"thumbnailUrl\":\"https:\/\/prefeitosegestoes.com.br\/portal\/wp-content\/uploads\/2025\/05\/rbr2624.webp\",\"datePublished\":\"2025-05-13T21:28:52+00:00\",\"description\":\"Em sess\u00e3o realizada nesta ter\u00e7a-feira (13), a Comiss\u00e3o de Desenvolvimento Regional (CDR) do Senado Federal aprovou de forma terminativa o\u00a0projeto de lei 2\/2021, de autoria da senadora\u00a0Leila Barros\u00a0(PDT-DF). O projeto, que assegura o livre acesso a \u00e1reas naturais p\u00fablicas de grande beleza ou interesse tur\u00edstico, segue agora para a C\u00e2mara dos Deputados, a menos que haja recurso para vota\u00e7\u00e3o em plen\u00e1rio.\",\"breadcrumb\":{\"@id\":\"https:\/\/prefeitosegestoes.com.br\/portal\/senado-comissao-aprova-proposta-que-garante-livre-acesso-a-praias-e-rios\/#breadcrumb\"},\"inLanguage\":\"pt-BR\",\"potentialAction\":[{\"@type\":\"ReadAction\",\"target\":[\"https:\/\/prefeitosegestoes.com.br\/portal\/senado-comissao-aprova-proposta-que-garante-livre-acesso-a-praias-e-rios\/\"]}]},{\"@type\":\"ImageObject\",\"inLanguage\":\"pt-BR\",\"@id\":\"https:\/\/prefeitosegestoes.com.br\/portal\/senado-comissao-aprova-proposta-que-garante-livre-acesso-a-praias-e-rios\/#primaryimage\",\"url\":\"https:\/\/prefeitosegestoes.com.br\/portal\/wp-content\/uploads\/2025\/05\/rbr2624.webp\",\"contentUrl\":\"https:\/\/prefeitosegestoes.com.br\/portal\/wp-content\/uploads\/2025\/05\/rbr2624.webp\",\"width\":1024,\"height\":768},{\"@type\":\"BreadcrumbList\",\"@id\":\"https:\/\/prefeitosegestoes.com.br\/portal\/senado-comissao-aprova-proposta-que-garante-livre-acesso-a-praias-e-rios\/#breadcrumb\",\"itemListElement\":[{\"@type\":\"ListItem\",\"position\":1,\"name\":\"In\u00edcio\",\"item\":\"https:\/\/prefeitosegestoes.com.br\/portal\/\"},{\"@type\":\"ListItem\",\"position\":2,\"name\":\"Senado: Comiss\u00e3o aprova proposta que garante livre acesso a praias e rios\"}]},{\"@type\":\"WebSite\",\"@id\":\"https:\/\/prefeitosegestoes.com.br\/portal\/#website\",\"url\":\"https:\/\/prefeitosegestoes.com.br\/portal\/\",\"name\":\"Prefeitos & Gest\u00f5es\",\"description\":\"\",\"publisher\":{\"@id\":\"https:\/\/prefeitosegestoes.com.br\/portal\/#organization\"},\"potentialAction\":[{\"@type\":\"SearchAction\",\"target\":{\"@type\":\"EntryPoint\",\"urlTemplate\":\"https:\/\/prefeitosegestoes.com.br\/portal\/?s={search_term_string}\"},\"query-input\":{\"@type\":\"PropertyValueSpecification\",\"valueRequired\":true,\"valueName\":\"search_term_string\"}}],\"inLanguage\":\"pt-BR\"},{\"@type\":\"Organization\",\"@id\":\"https:\/\/prefeitosegestoes.com.br\/portal\/#organization\",\"name\":\"Prefeitos & Gest\u00f5es\",\"url\":\"https:\/\/prefeitosegestoes.com.br\/portal\/\",\"logo\":{\"@type\":\"ImageObject\",\"inLanguage\":\"pt-BR\",\"@id\":\"https:\/\/prefeitosegestoes.com.br\/portal\/#\/schema\/logo\/image\/\",\"url\":\"https:\/\/prefeitosegestoes.com.br\/portal\/wp-content\/uploads\/2024\/10\/lg_trans_prefeitos_2024_preto2.png\",\"contentUrl\":\"https:\/\/prefeitosegestoes.com.br\/portal\/wp-content\/uploads\/2024\/10\/lg_trans_prefeitos_2024_preto2.png\",\"width\":199,\"height\":122,\"caption\":\"Prefeitos & Gest\u00f5es\"},\"image\":{\"@id\":\"https:\/\/prefeitosegestoes.com.br\/portal\/#\/schema\/logo\/image\/\"},\"sameAs\":[\"https:\/\/www.facebook.com\/prefeitosonline\",\"https:\/\/x.com\/PrefGestoes\"]},{\"@type\":\"Person\",\"@id\":\"https:\/\/prefeitosegestoes.com.br\/portal\/#\/schema\/person\/d00059f2ec99963e7e1850d448ae94b8\",\"name\":\"Prefeitos &amp; Gest\u00f5es\",\"image\":{\"@type\":\"ImageObject\",\"inLanguage\":\"pt-BR\",\"@id\":\"https:\/\/secure.gravatar.com\/avatar\/738fb281e479212ed32c1a21a4307dda9f3af9292edb6918a16c9ce9fff5f48d?s=96&d=mm&r=g\",\"url\":\"https:\/\/secure.gravatar.com\/avatar\/738fb281e479212ed32c1a21a4307dda9f3af9292edb6918a16c9ce9fff5f48d?s=96&d=mm&r=g\",\"contentUrl\":\"https:\/\/secure.gravatar.com\/avatar\/738fb281e479212ed32c1a21a4307dda9f3af9292edb6918a16c9ce9fff5f48d?s=96&d=mm&r=g\",\"caption\":\"Prefeitos &amp; Gest\u00f5es\"},\"url\":\"https:\/\/prefeitosegestoes.com.br\/portal\/author\/prefeitosegestoes\/\"}]}<\/script>\n<!-- \/ Yoast SEO plugin. -->","yoast_head_json":{"title":"Senado: Comiss\u00e3o aprova proposta que garante livre acesso a praias e rios - Prefeitos &amp; Gest\u00f5es","description":"Em sess\u00e3o realizada nesta ter\u00e7a-feira (13), a Comiss\u00e3o de Desenvolvimento Regional (CDR) do Senado Federal aprovou de forma terminativa o\u00a0projeto de lei 2\/2021, de autoria da senadora\u00a0Leila Barros\u00a0(PDT-DF). O projeto, que assegura o livre acesso a \u00e1reas naturais p\u00fablicas de grande beleza ou interesse tur\u00edstico, segue agora para a C\u00e2mara dos Deputados, a menos que haja recurso para vota\u00e7\u00e3o em plen\u00e1rio.","robots":{"index":"index","follow":"follow","max-snippet":"max-snippet:-1","max-image-preview":"max-image-preview:large","max-video-preview":"max-video-preview:-1"},"canonical":"https:\/\/prefeitosegestoes.com.br\/portal\/senado-comissao-aprova-proposta-que-garante-livre-acesso-a-praias-e-rios\/","og_locale":"pt_BR","og_type":"article","og_title":"Senado: Comiss\u00e3o aprova proposta que garante livre acesso a praias e rios - Prefeitos &amp; Gest\u00f5es","og_description":"Em sess\u00e3o realizada nesta ter\u00e7a-feira (13), a Comiss\u00e3o de Desenvolvimento Regional (CDR) do Senado Federal aprovou de forma terminativa o\u00a0projeto de lei 2\/2021, de autoria da senadora\u00a0Leila Barros\u00a0(PDT-DF). O projeto, que assegura o livre acesso a \u00e1reas naturais p\u00fablicas de grande beleza ou interesse tur\u00edstico, segue agora para a C\u00e2mara dos Deputados, a menos que haja recurso para vota\u00e7\u00e3o em plen\u00e1rio.","og_url":"https:\/\/prefeitosegestoes.com.br\/portal\/senado-comissao-aprova-proposta-que-garante-livre-acesso-a-praias-e-rios\/","og_site_name":"Prefeitos &amp; Gest\u00f5es","article_publisher":"https:\/\/www.facebook.com\/prefeitosonline","article_published_time":"2025-05-13T21:28:52+00:00","og_image":[{"width":1024,"height":768,"url":"https:\/\/prefeitosegestoes.com.br\/portal\/wp-content\/uploads\/2025\/05\/rbr2624.webp","type":"image\/webp"}],"author":"Prefeitos &amp; Gest\u00f5es","twitter_card":"summary_large_image","twitter_creator":"@PrefGestoes","twitter_site":"@PrefGestoes","twitter_misc":{"Escrito por":"Prefeitos &amp; Gest\u00f5es","Est. tempo de leitura":"2 minutos"},"schema":{"@context":"https:\/\/schema.org","@graph":[{"@type":"Article","@id":"https:\/\/prefeitosegestoes.com.br\/portal\/senado-comissao-aprova-proposta-que-garante-livre-acesso-a-praias-e-rios\/#article","isPartOf":{"@id":"https:\/\/prefeitosegestoes.com.br\/portal\/senado-comissao-aprova-proposta-que-garante-livre-acesso-a-praias-e-rios\/"},"author":{"name":"Prefeitos &amp; Gest\u00f5es","@id":"https:\/\/prefeitosegestoes.com.br\/portal\/#\/schema\/person\/d00059f2ec99963e7e1850d448ae94b8"},"headline":"Senado: Comiss\u00e3o aprova proposta que garante livre acesso a praias e rios","datePublished":"2025-05-13T21:28:52+00:00","mainEntityOfPage":{"@id":"https:\/\/prefeitosegestoes.com.br\/portal\/senado-comissao-aprova-proposta-que-garante-livre-acesso-a-praias-e-rios\/"},"wordCount":306,"commentCount":0,"publisher":{"@id":"https:\/\/prefeitosegestoes.com.br\/portal\/#organization"},"image":{"@id":"https:\/\/prefeitosegestoes.com.br\/portal\/senado-comissao-aprova-proposta-que-garante-livre-acesso-a-praias-e-rios\/#primaryimage"},"thumbnailUrl":"https:\/\/prefeitosegestoes.com.br\/portal\/wp-content\/uploads\/2025\/05\/rbr2624.webp","keywords":["\u00c1reas Naturais P\u00fablicas","Livre Acesso","Praia","Rios","Senado"],"articleSection":["Destaques"],"inLanguage":"pt-BR","potentialAction":[{"@type":"CommentAction","name":"Comment","target":["https:\/\/prefeitosegestoes.com.br\/portal\/senado-comissao-aprova-proposta-que-garante-livre-acesso-a-praias-e-rios\/#respond"]}]},{"@type":"WebPage","@id":"https:\/\/prefeitosegestoes.com.br\/portal\/senado-comissao-aprova-proposta-que-garante-livre-acesso-a-praias-e-rios\/","url":"https:\/\/prefeitosegestoes.com.br\/portal\/senado-comissao-aprova-proposta-que-garante-livre-acesso-a-praias-e-rios\/","name":"Senado: Comiss\u00e3o aprova proposta que garante livre acesso a praias e rios - Prefeitos &amp; Gest\u00f5es","isPartOf":{"@id":"https:\/\/prefeitosegestoes.com.br\/portal\/#website"},"primaryImageOfPage":{"@id":"https:\/\/prefeitosegestoes.com.br\/portal\/senado-comissao-aprova-proposta-que-garante-livre-acesso-a-praias-e-rios\/#primaryimage"},"image":{"@id":"https:\/\/prefeitosegestoes.com.br\/portal\/senado-comissao-aprova-proposta-que-garante-livre-acesso-a-praias-e-rios\/#primaryimage"},"thumbnailUrl":"https:\/\/prefeitosegestoes.com.br\/portal\/wp-content\/uploads\/2025\/05\/rbr2624.webp","datePublished":"2025-05-13T21:28:52+00:00","description":"Em sess\u00e3o realizada nesta ter\u00e7a-feira (13), a Comiss\u00e3o de Desenvolvimento Regional (CDR) do Senado Federal aprovou de forma terminativa o\u00a0projeto de lei 2\/2021, de autoria da senadora\u00a0Leila Barros\u00a0(PDT-DF). O projeto, que assegura o livre acesso a \u00e1reas naturais p\u00fablicas de grande beleza ou interesse tur\u00edstico, segue agora para a C\u00e2mara dos Deputados, a menos que haja recurso para vota\u00e7\u00e3o em plen\u00e1rio.","breadcrumb":{"@id":"https:\/\/prefeitosegestoes.com.br\/portal\/senado-comissao-aprova-proposta-que-garante-livre-acesso-a-praias-e-rios\/#breadcrumb"},"inLanguage":"pt-BR","potentialAction":[{"@type":"ReadAction","target":["https:\/\/prefeitosegestoes.com.br\/portal\/senado-comissao-aprova-proposta-que-garante-livre-acesso-a-praias-e-rios\/"]}]},{"@type":"ImageObject","inLanguage":"pt-BR","@id":"https:\/\/prefeitosegestoes.com.br\/portal\/senado-comissao-aprova-proposta-que-garante-livre-acesso-a-praias-e-rios\/#primaryimage","url":"https:\/\/prefeitosegestoes.com.br\/portal\/wp-content\/uploads\/2025\/05\/rbr2624.webp","contentUrl":"https:\/\/prefeitosegestoes.com.br\/portal\/wp-content\/uploads\/2025\/05\/rbr2624.webp","width":1024,"height":768},{"@type":"BreadcrumbList","@id":"https:\/\/prefeitosegestoes.com.br\/portal\/senado-comissao-aprova-proposta-que-garante-livre-acesso-a-praias-e-rios\/#breadcrumb","itemListElement":[{"@type":"ListItem","position":1,"name":"In\u00edcio","item":"https:\/\/prefeitosegestoes.com.br\/portal\/"},{"@type":"ListItem","position":2,"name":"Senado: Comiss\u00e3o aprova proposta que garante livre acesso a praias e rios"}]},{"@type":"WebSite","@id":"https:\/\/prefeitosegestoes.com.br\/portal\/#website","url":"https:\/\/prefeitosegestoes.com.br\/portal\/","name":"Prefeitos & Gest\u00f5es","description":"","publisher":{"@id":"https:\/\/prefeitosegestoes.com.br\/portal\/#organization"},"potentialAction":[{"@type":"SearchAction","target":{"@type":"EntryPoint","urlTemplate":"https:\/\/prefeitosegestoes.com.br\/portal\/?s={search_term_string}"},"query-input":{"@type":"PropertyValueSpecification","valueRequired":true,"valueName":"search_term_string"}}],"inLanguage":"pt-BR"},{"@type":"Organization","@id":"https:\/\/prefeitosegestoes.com.br\/portal\/#organization","name":"Prefeitos & Gest\u00f5es","url":"https:\/\/prefeitosegestoes.com.br\/portal\/","logo":{"@type":"ImageObject","inLanguage":"pt-BR","@id":"https:\/\/prefeitosegestoes.com.br\/portal\/#\/schema\/logo\/image\/","url":"https:\/\/prefeitosegestoes.com.br\/portal\/wp-content\/uploads\/2024\/10\/lg_trans_prefeitos_2024_preto2.png","contentUrl":"https:\/\/prefeitosegestoes.com.br\/portal\/wp-content\/uploads\/2024\/10\/lg_trans_prefeitos_2024_preto2.png","width":199,"height":122,"caption":"Prefeitos & Gest\u00f5es"},"image":{"@id":"https:\/\/prefeitosegestoes.com.br\/portal\/#\/schema\/logo\/image\/"},"sameAs":["https:\/\/www.facebook.com\/prefeitosonline","https:\/\/x.com\/PrefGestoes"]},{"@type":"Person","@id":"https:\/\/prefeitosegestoes.com.br\/portal\/#\/schema\/person\/d00059f2ec99963e7e1850d448ae94b8","name":"Prefeitos &amp; Gest\u00f5es","image":{"@type":"ImageObject","inLanguage":"pt-BR","@id":"https:\/\/secure.gravatar.com\/avatar\/738fb281e479212ed32c1a21a4307dda9f3af9292edb6918a16c9ce9fff5f48d?s=96&d=mm&r=g","url":"https:\/\/secure.gravatar.com\/avatar\/738fb281e479212ed32c1a21a4307dda9f3af9292edb6918a16c9ce9fff5f48d?s=96&d=mm&r=g","contentUrl":"https:\/\/secure.gravatar.com\/avatar\/738fb281e479212ed32c1a21a4307dda9f3af9292edb6918a16c9ce9fff5f48d?s=96&d=mm&r=g","caption":"Prefeitos &amp; Gest\u00f5es"},"url":"https:\/\/prefeitosegestoes.com.br\/portal\/author\/prefeitosegestoes\/"}]}},"_links":{"self":[{"href":"https:\/\/prefeitosegestoes.com.br\/portal\/wp-json\/wp\/v2\/posts\/3301","targetHints":{"allow":["GET"]}}],"collection":[{"href":"https:\/\/prefeitosegestoes.com.br\/portal\/wp-json\/wp\/v2\/posts"}],"about":[{"href":"https:\/\/prefeitosegestoes.com.br\/portal\/wp-json\/wp\/v2\/types\/post"}],"author":[{"embeddable":true,"href":"https:\/\/prefeitosegestoes.com.br\/portal\/wp-json\/wp\/v2\/users\/2"}],"replies":[{"embeddable":true,"href":"https:\/\/prefeitosegestoes.com.br\/portal\/wp-json\/wp\/v2\/comments?post=3301"}],"version-history":[{"count":1,"href":"https:\/\/prefeitosegestoes.com.br\/portal\/wp-json\/wp\/v2\/posts\/3301\/revisions"}],"predecessor-version":[{"id":3303,"href":"https:\/\/prefeitosegestoes.com.br\/portal\/wp-json\/wp\/v2\/posts\/3301\/revisions\/3303"}],"wp:featuredmedia":[{"embeddable":true,"href":"https:\/\/prefeitosegestoes.com.br\/portal\/wp-json\/wp\/v2\/media\/3302"}],"wp:attachment":[{"href":"https:\/\/prefeitosegestoes.com.br\/portal\/wp-json\/wp\/v2\/media?parent=3301"}],"wp:term":[{"taxonomy":"category","embeddable":true,"href":"https:\/\/prefeitosegestoes.com.br\/portal\/wp-json\/wp\/v2\/categories?post=3301"},{"taxonomy":"post_tag","embeddable":true,"href":"https:\/\/prefeitosegestoes.com.br\/portal\/wp-json\/wp\/v2\/tags?post=3301"}],"curies":[{"name":"wp","href":"https:\/\/api.w.org\/{rel}","templated":true}]}}