{"id":3292,"date":"2025-05-08T17:12:37","date_gmt":"2025-05-08T20:12:37","guid":{"rendered":"https:\/\/prefeitosegestoes.com.br\/portal\/?p=3292"},"modified":"2025-05-08T17:12:37","modified_gmt":"2025-05-08T20:12:37","slug":"a-paz-esteja-com-todos-voces-foram-suas-primeiras-palavras-publicas-do-papa-eleito-leao-xiv","status":"publish","type":"post","link":"https:\/\/prefeitosegestoes.com.br\/portal\/a-paz-esteja-com-todos-voces-foram-suas-primeiras-palavras-publicas-do-papa-eleito-leao-xiv\/","title":{"rendered":"&#8220;A paz esteja com todos voc\u00eas&#8221;, foram suas primeiras palavras p\u00fablicas do papa eleito Le\u00e3o XIV"},"content":{"rendered":"<div class=\"mc-article-header\">\n<div class=\"row content-head mc-column non-featured \">\n<div class=\"title\" data-block-type=\"title\" data-block-id=\"0\">\n<pre class=\"content-head__title\">Foto ilustra\u00e7ao<\/pre>\n<h1 class=\"content-head__title\">Sou um filho de Santo Agostinho&#8217;: Veja as primeiras palavras de Le\u00e3o XIV como novo papa; discurso teve homenagem a Francisco<\/h1>\n<\/div>\n<div class=\"medium-centered subtitle\">\n<h2 class=\"content-head__subtitle\">Prevost tem 69 anos, nasceu em Chicago e trabalhou no Peru. Em seu discurso, ele falou \u00e0 multid\u00e3o em espanhol para agradecer \u00e0 diocese de Chiclayo, no pa\u00eds sul-americano.<\/h2>\n<\/div>\n<\/div>\n<div class=\"content__signa-share mc-column\">\n<div class=\"content__signature\">\n<div class=\"content-publication-data\">\n<div class=\"content-publication-data__text\">\n<p class=\"content-publication-data__from\" title=\"Reda\u00e7\u00e3o g1\">Por\u00a0<a class=\"multi_signatures\" href=\"https:\/\/g1.globo.com\/autores\/redacao-g1\/\">Reda\u00e7\u00e3o g1<\/a><\/p>\n<p class=\"content-publication-data__updated\"><time datetime=\"2025-05-08T14:26:47.627-03:00\">08\/05\/2025 14h26\u00a0<\/time><span class=\"content-publication-data__updated-relative\">\u00a0<time datetime=\"2025-05-08T16:11:35.285-03:00\">Atualizado\u00a0<time datetime=\"2025-05-08T16:11:35.285-03:00\">h\u00e1 44 minutos<\/time><\/time><\/span><\/p>\n<\/div>\n<\/div>\n<\/div>\n<\/div>\n<\/div>\n<div class=\"mc-article-body\">\n<article>\n<div id=\"chunk-26br1\">\n<div class=\"bs-video-block mc-column   content-media content-video\" data-block-type=\"backstage-video\" data-block-id=\"2\">\n<div class=\"content-media__container\">\n<p class=\"content-media__description\">Papa Le\u00e3o XIV: &#8220;a paz esteja com todos voc\u00eas&#8221;<\/p>\n<\/div>\n<\/div>\n<\/div>\n<div id=\"chunk-255gb\">\n<div class=\"mc-column content-text active-extra-styles \" data-block-type=\"unstyled\" data-block-weight=\"48\" data-block-id=\"3\">\n<p class=\" content-text__container \" data-track-category=\"Link no Texto\" data-track-links=\"\" data-mrf-recirculation=\"Mat\u00e9ria - Links no Texto\">O\u00a0<a class=\"\" href=\"https:\/\/g1.globo.com\/mundo\/noticia\/2025\/05\/08\/vaticano-anuncia-nome-do-novo-papa.ghtml\" data-mrf-link=\"https:\/\/g1.globo.com\/mundo\/noticia\/2025\/05\/08\/vaticano-anuncia-nome-do-novo-papa.ghtml\">cardeal\u00a0<strong>Robert Francis Prevost<\/strong>\u00a0foi eleito pelos colegas<\/a>\u00a0e ser\u00e1 conhecido a partir de agora como\u00a0<strong>Le\u00e3o XIV.\u00a0<\/strong>Ele foi anunciado cerca de uma hora ap\u00f3s a fuma\u00e7a branca aparecer na chamin\u00e9 da Capela Sistina e apareceu na sacada da Bas\u00edlica de S\u00e3o Pedro alguns minutos depois.<\/p>\n<\/div>\n<\/div>\n<div class=\"wall protected-content\">\n<div id=\"chunk-reqo\">\n<div class=\"mc-column content-text active-extra-styles\" data-block-type=\"raw\" data-block-weight=\"64\" data-block-id=\"5\">\n<blockquote class=\"content-blockquote theme-border-color-primary-before\"><p>&#8220;A paz esteja com todos voc\u00eas&#8221;, foram suas primeiras palavras p\u00fablicas como papa . &#8220;Car\u00edssimos irm\u00e3os e irm\u00e3s, esta \u00e9 a primeira sauda\u00e7\u00e3o de Cristo ressuscitado, o Bom Pastor que deu a vida pelo rebanho de Deus. Eu tamb\u00e9m gostaria que esta sauda\u00e7\u00e3o de paz entrasse em seus cora\u00e7\u00f5es, alcan\u00e7asse suas fam\u00edlias e todos os povos da Terra. A paz esteja com voc\u00eas&#8221;, prosseguiu.<\/p><\/blockquote>\n<\/div>\n<\/div>\n<div id=\"chunk-c6vp6\">\n<div class=\"mc-column content-text active-extra-styles \" data-block-type=\"unstyled\" data-block-weight=\"26\" data-block-id=\"7\">\n<p class=\" content-text__container \" data-track-category=\"Link no Texto\" data-track-links=\"\" data-mrf-recirculation=\"Mat\u00e9ria - Links no Texto\">Ele usou o in\u00edcio de seu discurso para homenagear seu antecessor, papa Francisco, a quem agradeceu. Ele diz que quer &#8220;prosseguir com a b\u00ean\u00e7\u00e3o&#8221; do argentino.<\/p>\n<\/div>\n<\/div>\n<div id=\"chunk-dkcnk\">\n<div class=\"mc-column content-text active-extra-styles\" data-block-type=\"raw\" data-block-weight=\"94\" data-block-id=\"8\">\n<blockquote class=\"content-blockquote theme-border-color-primary-before\"><p>&#8220;Ainda guardamos nos ouvidos aquela voz fraca mas sempre corajosa de Francisco, que aben\u00e7oou Roma&#8221;, em refer\u00eancia a sua b\u00ean\u00e7\u00e3o no domingo de P\u00e1scoa, sua \u00faltima apari\u00e7\u00e3o p\u00fablica, antes de morrer. Ajude-nos a construir pontes com o di\u00e1logo, com o encontro, para nos unir a todos, para sermos um s\u00f3 povo. Obrigado, Papa Francisco. Mas tamb\u00e9m quero agradecer a todos os meus irm\u00e3os cardeais que me escolheram como sucessor de Pedro. Buscando sempre a paz e a justi\u00e7a, trabalhando sempre como homens e mulheres fi\u00e9is a Cristo, para anunciar o Evangelho e ser mission\u00e1rios.&#8221;<\/p><\/blockquote>\n<\/div>\n<\/div>\n<div id=\"chunk-fsg41\">\n<div class=\"mc-column content-text active-extra-styles \" data-block-type=\"unstyled\" data-block-weight=\"50\" data-block-id=\"9\">\n<p class=\" content-text__container \" data-track-category=\"Link no Texto\" data-track-links=\"\" data-mrf-recirculation=\"Mat\u00e9ria - Links no Texto\">&#8220;Deus nos ama&#8221;, prosseguiu o Papa Le\u00e3o. &#8220;Ele nos ama a todos. O mal n\u00e3o prevalecer\u00e1, estamos todos nas m\u00e3os de Deus. Ent\u00e3o, sem medo, unidos, de m\u00e3os dadas com Deus e entre n\u00f3s, sigamos em frente, somos disc\u00edpulos de Cristo, Cristo nos precede. O mundo precisa de sua luz.&#8221;<\/p>\n<\/div>\n<\/div>\n<div id=\"chunk-cq3sb\">\n<div class=\"mc-column content-text active-extra-styles \" data-block-type=\"unstyled\" data-block-weight=\"28\" data-block-id=\"10\">\n<p class=\" content-text__container \" data-track-category=\"Link no Texto\" data-track-links=\"\" data-mrf-recirculation=\"Mat\u00e9ria - Links no Texto\">Em meio ao discurso, ele trocou o italiano para o espanhol e agradeceu a sua diocese em Chiclayo, no Peru, onde passou boa parte de sua carreira eclesi\u00e1stica.<\/p>\n<\/div>\n<\/div>\n<div id=\"chunk-5bd6i\">\n<div class=\"mc-column content-text active-extra-styles\" data-block-type=\"raw\" data-block-weight=\"16\" data-block-id=\"11\">\n<blockquote class=\"content-blockquote theme-border-color-primary-before\"><p>&#8220;Sou um filho de Santo Agostinho. Um agostiniano&#8221;, afirmou, indicando um poss\u00edvel caminho para seu papado.<\/p><\/blockquote>\n<\/div>\n<\/div>\n<div id=\"chunk-a3m4u\">\n<div class=\"bs-video-block mc-column   content-media content-video\" data-block-type=\"backstage-video\" data-block-id=\"13\">\n<div class=\"content-media__container\">\n<p class=\"content-media__description\">Novo Papa Le\u00e3o XIV faz primeira apari\u00e7\u00e3o p\u00fablica<\/p>\n<\/div>\n<\/div>\n<\/div>\n<div id=\"chunk-4348u\">\n<div class=\"mc-column content-text active-extra-styles \" data-block-type=\"unstyled\" data-block-weight=\"28\" data-block-id=\"14\">\n<p class=\" content-text__container \" data-track-category=\"Link no Texto\" data-track-links=\"\" data-mrf-recirculation=\"Mat\u00e9ria - Links no Texto\">Prevost se juntou \u00e0 ordem dos agostinianos em 1985, j\u00e1 no Peru. Os devotos de Santo Agostinho s\u00e3o uma ordem mendicante, assim como os franciscanos e os dominicanos.<\/p>\n<\/div>\n<\/div>\n<div id=\"chunk-8brmc\">\n<div class=\"mc-column content-text active-extra-styles\" data-block-type=\"raw\" data-block-weight=\"59\" data-block-id=\"15\">\n<blockquote class=\"content-blockquote theme-border-color-primary-before\"><p>O novo Papa disse que espera &#8220;uma Igreja sinodal, que busque a paz, a caridade, que tente estar sempre pr\u00f3xima de quem sofre&#8221;. Em seguida, procedeu a uma sauda\u00e7\u00e3o a Maria: &#8220;Hoje \u00e9 o dia da s\u00faplica \u00e0 Nossa Senhora de Pompeia. Nossa m\u00e3e Maria quer sempre caminhar conosco, estar perto de n\u00f3s e nos ajudar com sua miseric\u00f3rdia.&#8221;<\/p><\/blockquote>\n<\/div>\n<\/div>\n<div id=\"chunk-ao9oj\">\n<div class=\"mc-column content-text active-extra-styles \" data-block-type=\"unstyled\" data-block-weight=\"17\" data-block-id=\"16\">\n<p class=\" content-text__container \" data-track-category=\"Link no Texto\" data-track-links=\"\" data-mrf-recirculation=\"Mat\u00e9ria - Links no Texto\">Ele encerrou sua primeira mensagem aos fi\u00e9is na Pra\u00e7a S\u00e3o Pedro com a ora\u00e7\u00e3o da Ave Maria.<\/p>\n<\/div>\n<\/div>\n<div id=\"chunk-8fste\">\n<div class=\"mc-column content-text active-extra-styles \" data-block-type=\"unstyled\" data-block-weight=\"30\" data-block-id=\"18\">\n<p class=\" content-text__container \" data-track-category=\"Link no Texto\" data-track-links=\"\" data-mrf-recirculation=\"Mat\u00e9ria - Links no Texto\">Ele foi escolhido por pelo menos 89 dos 133 cardeais \u2013 dois ter\u00e7os dos eleitores do conclave \u2013 e ser\u00e1 o sucessor do papa Francisco na C\u00e1tedra de S\u00e3o Pedro.<\/p>\n<\/div>\n<\/div>\n<div id=\"chunk-3rcn4\">\n<div class=\"mc-column content-text active-extra-styles\" data-block-type=\"raw\" data-block-weight=\"26\" data-block-id=\"19\">\n<p>&nbsp;<\/p>\n<\/div>\n<\/div>\n<div id=\"chunk-4fk69\">\n<div class=\"row medium-uncollapsed content-media content-photo\" data-block-type=\"backstage-photo\" data-block-id=\"20\">\n<div class=\" mc-column  content-media__container\">\n<div class=\"content-media-container glb-skeleton-box\">\n<figure class=\"content-media-figure\"><img decoding=\"async\" class=\"i-amphtml-fill-content i-amphtml-replaced-content\" src=\"https:\/\/s2-g1.glbimg.com\/QMm7EUQnFDpRy4pjH0O2umgjpAw=\/0x0:4785x3190\/984x0\/smart\/filters:strip_icc()\/i.s3.glbimg.com\/v1\/AUTH_59edd422c0c84a879bd37670ae4f538a\/internal_photos\/bs\/2025\/p\/B\/r8UxGpQPamAt7dqpy2rA\/2025-05-08t181019z-724122056-rc2udea8ow6r-rtrmadp-3-pope-succession-leo.jpg\" sizes=\"(max-width: 1527px) 648px, 100vw\" srcset=\"https:\/\/s2-g1.glbimg.com\/chJqmQaQsoa659j0QYeK92znqgo=\/0x0:4785x3190\/1000x0\/smart\/filters:strip_icc()\/i.s3.glbimg.com\/v1\/AUTH_59edd422c0c84a879bd37670ae4f538a\/internal_photos\/bs\/2025\/p\/B\/r8UxGpQPamAt7dqpy2rA\/2025-05-08t181019z-724122056-rc2udea8ow6r-rtrmadp-3-pope-succession-leo.jpg 1000w, https:\/\/s2-g1.glbimg.com\/QMm7EUQnFDpRy4pjH0O2umgjpAw=\/0x0:4785x3190\/984x0\/smart\/filters:strip_icc()\/i.s3.glbimg.com\/v1\/AUTH_59edd422c0c84a879bd37670ae4f538a\/internal_photos\/bs\/2025\/p\/B\/r8UxGpQPamAt7dqpy2rA\/2025-05-08t181019z-724122056-rc2udea8ow6r-rtrmadp-3-pope-succession-leo.jpg 984w, https:\/\/s2-g1.glbimg.com\/sWuIaCOhh5InBImUtypwk9ME-Qo=\/0x0:4785x3190\/640x0\/smart\/filters:strip_icc()\/i.s3.glbimg.com\/v1\/AUTH_59edd422c0c84a879bd37670ae4f538a\/internal_photos\/bs\/2025\/p\/B\/r8UxGpQPamAt7dqpy2rA\/2025-05-08t181019z-724122056-rc2udea8ow6r-rtrmadp-3-pope-succession-leo.jpg 640w, https:\/\/s2-g1.glbimg.com\/h4dL94_84PWJpxOzbff1b9plRaM=\/0x0:4785x3190\/600x0\/smart\/filters:strip_icc()\/i.s3.glbimg.com\/v1\/AUTH_59edd422c0c84a879bd37670ae4f538a\/internal_photos\/bs\/2025\/p\/B\/r8UxGpQPamAt7dqpy2rA\/2025-05-08t181019z-724122056-rc2udea8ow6r-rtrmadp-3-pope-succession-leo.jpg 600w\" alt=\"O cardeal Robert Francis Prevost, anunciado como papa Le\u00e3o XIV, aparece na sacada da Bas\u00edlica de S\u00e3o Pedro ap\u00f3s o conclave \u2014 Foto: Yara Nardi\/Reuters\" \/><\/figure>\n<\/div>\n<p class=\"content-media__description  \">O cardeal Robert Francis Prevost, anunciado como papa Le\u00e3o XIV, aparece na sacada da Bas\u00edlica de S\u00e3o Pedro ap\u00f3s o conclave \u2014 Foto: Yara Nardi\/Reuters<\/p>\n<\/div>\n<\/div>\n<\/div>\n<div id=\"chunk-32g42\">\n<div class=\"mc-column content-text active-extra-styles\" data-block-type=\"raw\" data-block-weight=\"5\" data-block-id=\"21\">\n<div class=\"content-intertitle\">\n<h2>Quem \u00e9 o novo papa<\/h2>\n<\/div>\n<\/div>\n<\/div>\n<div id=\"chunk-c66n2\">\n<div class=\"mc-column content-text active-extra-styles \" data-block-type=\"unstyled\" data-block-weight=\"33\" data-block-id=\"22\">\n<p class=\" content-text__container \" data-track-category=\"Link no Texto\" data-track-links=\"\" data-mrf-recirculation=\"Mat\u00e9ria - Links no Texto\">Nascido em Chicago, nos Estados Unidos, Prevost tem 69 anos e\u00a0<a class=\"\" href=\"https:\/\/g1.globo.com\/mundo\/noticia\/2025\/05\/08\/robert-francis-prevost-o-leao-xiv-e-o-primeiro-papa-americano-da-historia.ghtml\" data-mrf-link=\"https:\/\/g1.globo.com\/mundo\/noticia\/2025\/05\/08\/robert-francis-prevost-o-leao-xiv-e-o-primeiro-papa-americano-da-historia.ghtml\">se torna o primeiro papa norte-americano da hist\u00f3ria da Igreja<\/a>. \u00c9 tamb\u00e9m o primeiro pont\u00edfice vindo de um pa\u00eds de maioria protestante.<\/p>\n<\/div>\n<\/div>\n<div id=\"chunk-9tjl9\">\n<div class=\"mc-column content-text active-extra-styles \" data-block-type=\"unstyled\" data-block-weight=\"33\" data-block-id=\"23\">\n<p class=\" content-text__container \" data-track-category=\"Link no Texto\" data-track-links=\"\" data-mrf-recirculation=\"Mat\u00e9ria - Links no Texto\">Apesar da origem norte-americana, Prevost construiu grande parte de sua trajet\u00f3ria religiosa na Am\u00e9rica Latina, especialmente no Peru. Foi l\u00e1 que se destacou at\u00e9 alcan\u00e7ar os cargos mais altos da C\u00faria Romana.<\/p>\n<\/div>\n<\/div>\n<div id=\"chunk-ffqpe\">\n<div class=\"mc-column content-text active-extra-styles \" data-block-type=\"unstyled\" data-block-weight=\"32\" data-block-id=\"25\">\n<p class=\" content-text__container \" data-track-category=\"Link no Texto\" data-track-links=\"\" data-mrf-recirculation=\"Mat\u00e9ria - Links no Texto\">Ao ser eleito, ocupava duas fun\u00e7\u00f5es importantes no Vaticano: prefeito do Dicast\u00e9rio para os Bispos \u2014 \u00f3rg\u00e3o respons\u00e1vel pela nomea\u00e7\u00e3o de bispos \u2014 e presidente da Comiss\u00e3o Pontif\u00edcia para a Am\u00e9rica Latina.<\/p>\n<\/div>\n<\/div>\n<div id=\"chunk-8354h\">\n<div class=\"mc-column content-text active-extra-styles \" data-block-type=\"unstyled\" data-block-weight=\"47\" data-block-id=\"26\">\n<p class=\" content-text__container \" data-track-category=\"Link no Texto\" data-track-links=\"\" data-mrf-recirculation=\"Mat\u00e9ria - Links no Texto\">De perfil discreto e voz tranquila, Prevost costuma evitar os holofotes e entrevistas.\u00a0<strong><span class=\"highlight highlighted\">No entanto, \u00e9 visto como um reformista, alinhado \u00e0 linha de abertura implementada por Francisco<\/span><\/strong>. Tem forma\u00e7\u00e3o s\u00f3lida em teologia e \u00e9 considerado um profundo conhecedor da lei can\u00f4nica, que rege a Igreja Cat\u00f3lica.<\/p>\n<\/div>\n<\/div>\n<div id=\"chunk-574ua\">\n<div class=\"mc-column content-text active-extra-styles \" data-block-type=\"unstyled\" data-block-weight=\"36\" data-block-id=\"27\">\n<p class=\" content-text__container \" data-track-category=\"Link no Texto\" data-track-links=\"\" data-mrf-recirculation=\"Mat\u00e9ria - Links no Texto\">Entrou para a vida religiosa aos 22 anos. Formou-se em teologia na Uni\u00e3o Teol\u00f3gica Cat\u00f3lica de Chicago e, aos 27, foi enviado a Roma para estudar direito can\u00f4nico na Universidade de S\u00e3o Tom\u00e1s de Aquino.<\/p>\n<\/div>\n<\/div>\n<div id=\"chunk-cdnu4\">\n<div class=\"mc-column content-text active-extra-styles \" data-block-type=\"unstyled\" data-block-weight=\"46\" data-block-id=\"28\">\n<p class=\" content-text__container \" data-track-category=\"Link no Texto\" data-track-links=\"\" data-mrf-recirculation=\"Mat\u00e9ria - Links no Texto\">Foi ordenado padre em 1982 e, dois anos depois, iniciou sua atua\u00e7\u00e3o mission\u00e1ria no Peru \u2014 primeiro em Piura, depois em Trujillo, onde permaneceu por dez anos, inclusive durante o governo autorit\u00e1rio de Alberto Fujimori. Prevost chegou a cobrar desculpas p\u00fablicas pelas injusti\u00e7as cometidas no per\u00edodo.<\/p>\n<\/div>\n<\/div>\n<div id=\"chunk-32ejp\">\n<div class=\"mc-column content-text active-extra-styles \" data-block-type=\"unstyled\" data-block-weight=\"52\" data-block-id=\"29\">\n<p class=\" content-text__container \" data-track-category=\"Link no Texto\" data-track-links=\"\" data-mrf-recirculation=\"Mat\u00e9ria - Links no Texto\">Em 2014, foi nomeado administrador da Diocese de Chiclayo, cargo em que foi ordenado bispo e permaneceu por nove anos. Nesse per\u00edodo, enfrentou a principal crise de sua trajet\u00f3ria: em 2023, tr\u00eas mulheres acusaram Prevost de acobertar casos de abuso sexual cometidos por dois padres no Peru, quando elas ainda eram crian\u00e7as.<\/p>\n<\/div>\n<\/div>\n<div id=\"chunk-5sa75\">\n<div class=\"mc-column content-text active-extra-styles \" data-block-type=\"unstyled\" data-block-weight=\"68\" data-block-id=\"31\">\n<p class=\" content-text__container \" data-track-category=\"Link no Texto\" data-track-links=\"\" data-mrf-recirculation=\"Mat\u00e9ria - Links no Texto\">Segundo as den\u00fancias, uma das v\u00edtimas telefonou para Prevost em 2020. Dois anos depois, ele recebeu formalmente os relatos e encaminhou o caso ao Vaticano. Um dos padres foi afastado preventivamente e o outro j\u00e1 n\u00e3o exercia mais fun\u00e7\u00f5es por quest\u00f5es de sa\u00fade. A diocese peruana nega qualquer acobertamento e afirma que Prevost seguiu os tr\u00e2mites exigidos pela legisla\u00e7\u00e3o da Igreja. O Vaticano ainda n\u00e3o concluiu a investiga\u00e7\u00e3o.<\/p>\n<\/div>\n<\/div>\n<div id=\"chunk-7aui8\">\n<div class=\"mc-column content-text active-extra-styles \" data-block-type=\"unstyled\" data-block-weight=\"57\" data-block-id=\"32\">\n<p class=\" content-text__container \" data-track-category=\"Link no Texto\" data-track-links=\"\" data-mrf-recirculation=\"Mat\u00e9ria - Links no Texto\">Durante sua passagem pelo Peru, Prevost tamb\u00e9m ocupou cargos de destaque na Confer\u00eancia Episcopal local e foi nomeado para a Congrega\u00e7\u00e3o do Clero e, depois, para a Congrega\u00e7\u00e3o para os Bispos. Em 2023, recebeu o t\u00edtulo de cardeal \u2014 fun\u00e7\u00e3o que ocupou por menos de dois anos antes de se tornar papa, algo raro na Igreja moderna.<\/p>\n<\/div>\n<\/div>\n<div id=\"chunk-9c7a5\">\n<div class=\"mc-column content-text active-extra-styles \" data-block-type=\"unstyled\" data-block-weight=\"21\" data-block-id=\"33\">\n<p class=\" content-text__container \" data-track-category=\"Link no Texto\" data-track-links=\"\" data-mrf-recirculation=\"Mat\u00e9ria - Links no Texto\">Durante a interna\u00e7\u00e3o de Francisco, Prevost foi o respons\u00e1vel por liderar uma ora\u00e7\u00e3o p\u00fablica no Vaticano pela sa\u00fade do ent\u00e3o pont\u00edfice.<\/p>\n<\/div>\n<\/div>\n<div id=\"chunk-2g7f\">\n<div class=\"mc-column content-text active-extra-styles\" data-block-type=\"raw\" data-block-weight=\"4\" data-block-id=\"36\">\n<div class=\"content-intertitle\">\n<h2>Como foi o conclave<\/h2>\n<\/div>\n<p>O conclave para a elei\u00e7\u00e3o do novo papa come\u00e7ou na quarta-feira (7), com a presen\u00e7a de 133 cardeais \u2013 sete deles s\u00e3o brasileiros. Na primeira rodada da vota\u00e7\u00e3o, na quarta \u00e0 tarde, <a class=\"\" href=\"https:\/\/g1.globo.com\/mundo\/noticia\/2025\/05\/07\/conclave-fumaca-preta-sai-de-chamine-da-capela-sistina-e-1a-votacao-termina-sem-escolha-de-papa.ghtml\" data-mrf-link=\"https:\/\/g1.globo.com\/mundo\/noticia\/2025\/05\/07\/conclave-fumaca-preta-sai-de-chamine-da-capela-sistina-e-1a-votacao-termina-sem-escolha-de-papa.ghtml\">deu fuma\u00e7a preta<\/a>.<\/p>\n<\/div>\n<\/div>\n<div data-track-category=\"multicontent\" data-track-action=\"multicontent\" data-track-noninteraction=\"false\" data-track-scroll=\"ultimo chunk conteudo\" data-track-value=\"view\">\n<div id=\"chunk-cibh0\">\n<div class=\"mc-column content-text active-extra-styles \" data-block-type=\"unstyled\" data-block-weight=\"44\" data-block-id=\"38\">\n<p class=\" content-text__container \" data-track-category=\"Link no Texto\" data-track-links=\"\" data-mrf-recirculation=\"Mat\u00e9ria - Links no Texto\">O mesmo ocorreu\u00a0<a class=\"\" href=\"https:\/\/g1.globo.com\/mundo\/noticia\/2025\/05\/08\/ainda-sem-papa-fumaca-preta-volta-a-sair-da-chamine-da-capela-sistina-votacoes-do-conclave-serao-retomadas-a-tarde.ghtml\" data-mrf-link=\"https:\/\/g1.globo.com\/mundo\/noticia\/2025\/05\/08\/ainda-sem-papa-fumaca-preta-volta-a-sair-da-chamine-da-capela-sistina-votacoes-do-conclave-serao-retomadas-a-tarde.ghtml\">ap\u00f3s a segunda e a terceira rodadas<\/a>, na manh\u00e3 desta quinta. Para a tarde, havia a previs\u00e3o de uma quarta rodada de vota\u00e7\u00e3o perto de 12h30 (no hor\u00e1rio de Bras\u00edlia) \u2014 a fuma\u00e7a branca saiu por volta das 13h07 (de Bras\u00edlia).<\/p>\n<p data-track-category=\"Link no Texto\" data-track-links=\"\" data-mrf-recirculation=\"Mat\u00e9ria - Links no Texto\">Fonteg G1<\/p>\n<\/div>\n<\/div>\n<\/div>\n<\/div>\n<\/article>\n<\/div>\n","protected":false},"excerpt":{"rendered":"<p>Foto ilustra\u00e7ao Sou um filho de Santo Agostinho&#8217;: Veja as primeiras palavras de Le\u00e3o XIV como novo papa; discurso teve homenagem a Francisco Prevost tem 69 anos, nasceu em Chicago e trabalhou no Peru. Em seu discurso, ele falou \u00e0 multid\u00e3o em espanhol para agradecer \u00e0 diocese de Chiclayo, no pa\u00eds sul-americano. Por\u00a0Reda\u00e7\u00e3o g1 08\/05\/2025 [&hellip;]<\/p>\n","protected":false},"author":2,"featured_media":3293,"comment_status":"open","ping_status":"open","sticky":false,"template":"","format":"standard","meta":{"rop_custom_images_group":[],"rop_custom_messages_group":[],"rop_publish_now":"initial","rop_publish_now_accounts":{"twitter_850042665852968960_850042665852968960":""},"rop_publish_now_history":[],"rop_publish_now_status":"pending","footnotes":""},"categories":[15],"tags":[567,201,590,588,589,592,591],"class_list":["post-3292","post","type-post","status-publish","format-standard","has-post-thumbnail","hentry","category-destaques","tag-conclave","tag-eleicao","tag-igreja","tag-papa","tag-papa-leao-xiv","tag-robert-francis-prevost","tag-santo-agostinho"],"yoast_head":"<!-- This site is optimized with the Yoast SEO plugin v27.2 - https:\/\/yoast.com\/product\/yoast-seo-wordpress\/ -->\n<title>&quot;A paz esteja com todos voc\u00eas&quot;, foram suas primeiras palavras p\u00fablicas do papa eleito Le\u00e3o XIV - Prefeitos &amp; Gest\u00f5es<\/title>\n<meta name=\"description\" content=\"O\u00a0cardeal\u00a0Robert Francis Prevost\u00a0foi eleito pelos colegas\u00a0e ser\u00e1 conhecido a partir de agora como\u00a0Le\u00e3o XIV.\u00a0Ele foi anunciado cerca de uma hora ap\u00f3s a fuma\u00e7a branca aparecer na chamin\u00e9 da Capela Sistina e apareceu na sacada da Bas\u00edlica de S\u00e3o Pedro alguns minutos depois.\" \/>\n<meta name=\"robots\" content=\"index, follow, max-snippet:-1, max-image-preview:large, max-video-preview:-1\" \/>\n<link rel=\"canonical\" href=\"https:\/\/prefeitosegestoes.com.br\/portal\/a-paz-esteja-com-todos-voces-foram-suas-primeiras-palavras-publicas-do-papa-eleito-leao-xiv\/\" \/>\n<meta property=\"og:locale\" content=\"pt_BR\" \/>\n<meta property=\"og:type\" content=\"article\" \/>\n<meta property=\"og:title\" content=\"&quot;A paz esteja com todos voc\u00eas&quot;, foram suas primeiras palavras p\u00fablicas do papa eleito Le\u00e3o XIV - Prefeitos &amp; Gest\u00f5es\" \/>\n<meta property=\"og:description\" content=\"O\u00a0cardeal\u00a0Robert Francis Prevost\u00a0foi eleito pelos colegas\u00a0e ser\u00e1 conhecido a partir de agora como\u00a0Le\u00e3o XIV.\u00a0Ele foi anunciado cerca de uma hora ap\u00f3s a fuma\u00e7a branca aparecer na chamin\u00e9 da Capela Sistina e apareceu na sacada da Bas\u00edlica de S\u00e3o Pedro alguns minutos depois.\" \/>\n<meta property=\"og:url\" content=\"https:\/\/prefeitosegestoes.com.br\/portal\/a-paz-esteja-com-todos-voces-foram-suas-primeiras-palavras-publicas-do-papa-eleito-leao-xiv\/\" \/>\n<meta property=\"og:site_name\" content=\"Prefeitos &amp; Gest\u00f5es\" \/>\n<meta property=\"article:publisher\" content=\"https:\/\/www.facebook.com\/prefeitosonline\" \/>\n<meta property=\"article:published_time\" content=\"2025-05-08T20:12:37+00:00\" \/>\n<meta property=\"og:image\" content=\"https:\/\/prefeitosegestoes.com.br\/portal\/wp-content\/uploads\/2025\/05\/pppppppppppp8152923493_E20250508152923510.jpg._PROC_AP2AC108354AT7CCH31536000TM20250508170748703.jpg\" \/>\n\t<meta property=\"og:image:width\" content=\"800\" \/>\n\t<meta property=\"og:image:height\" content=\"600\" \/>\n\t<meta property=\"og:image:type\" content=\"image\/jpeg\" \/>\n<meta name=\"author\" content=\"Prefeitos &amp; Gest\u00f5es\" \/>\n<meta name=\"twitter:card\" content=\"summary_large_image\" \/>\n<meta name=\"twitter:creator\" content=\"@PrefGestoes\" \/>\n<meta name=\"twitter:site\" content=\"@PrefGestoes\" \/>\n<meta name=\"twitter:label1\" content=\"Escrito por\" \/>\n\t<meta name=\"twitter:data1\" content=\"Prefeitos &amp; Gest\u00f5es\" \/>\n\t<meta name=\"twitter:label2\" content=\"Est. tempo de leitura\" \/>\n\t<meta name=\"twitter:data2\" content=\"5 minutos\" \/>\n<script type=\"application\/ld+json\" class=\"yoast-schema-graph\">{\"@context\":\"https:\/\/schema.org\",\"@graph\":[{\"@type\":\"Article\",\"@id\":\"https:\/\/prefeitosegestoes.com.br\/portal\/a-paz-esteja-com-todos-voces-foram-suas-primeiras-palavras-publicas-do-papa-eleito-leao-xiv\/#article\",\"isPartOf\":{\"@id\":\"https:\/\/prefeitosegestoes.com.br\/portal\/a-paz-esteja-com-todos-voces-foram-suas-primeiras-palavras-publicas-do-papa-eleito-leao-xiv\/\"},\"author\":{\"name\":\"Prefeitos &amp; Gest\u00f5es\",\"@id\":\"https:\/\/prefeitosegestoes.com.br\/portal\/#\/schema\/person\/d00059f2ec99963e7e1850d448ae94b8\"},\"headline\":\"&#8220;A paz esteja com todos voc\u00eas&#8221;, foram suas primeiras palavras p\u00fablicas do papa eleito Le\u00e3o XIV\",\"datePublished\":\"2025-05-08T20:12:37+00:00\",\"mainEntityOfPage\":{\"@id\":\"https:\/\/prefeitosegestoes.com.br\/portal\/a-paz-esteja-com-todos-voces-foram-suas-primeiras-palavras-publicas-do-papa-eleito-leao-xiv\/\"},\"wordCount\":1198,\"commentCount\":0,\"publisher\":{\"@id\":\"https:\/\/prefeitosegestoes.com.br\/portal\/#organization\"},\"image\":{\"@id\":\"https:\/\/prefeitosegestoes.com.br\/portal\/a-paz-esteja-com-todos-voces-foram-suas-primeiras-palavras-publicas-do-papa-eleito-leao-xiv\/#primaryimage\"},\"thumbnailUrl\":\"https:\/\/prefeitosegestoes.com.br\/portal\/wp-content\/uploads\/2025\/05\/pppppppppppp8152923493_E20250508152923510.jpg._PROC_AP2AC108354AT7CCH31536000TM20250508170748703.jpg\",\"keywords\":[\"Conclave\",\"Elei\u00e7\u00e3o\",\"Igreja\",\"Papa\",\"Papa Le\u00e3o XIV\",\"Robert Francis Prevost\",\"Santo Agostinho\"],\"articleSection\":[\"Destaques\"],\"inLanguage\":\"pt-BR\",\"potentialAction\":[{\"@type\":\"CommentAction\",\"name\":\"Comment\",\"target\":[\"https:\/\/prefeitosegestoes.com.br\/portal\/a-paz-esteja-com-todos-voces-foram-suas-primeiras-palavras-publicas-do-papa-eleito-leao-xiv\/#respond\"]}]},{\"@type\":\"WebPage\",\"@id\":\"https:\/\/prefeitosegestoes.com.br\/portal\/a-paz-esteja-com-todos-voces-foram-suas-primeiras-palavras-publicas-do-papa-eleito-leao-xiv\/\",\"url\":\"https:\/\/prefeitosegestoes.com.br\/portal\/a-paz-esteja-com-todos-voces-foram-suas-primeiras-palavras-publicas-do-papa-eleito-leao-xiv\/\",\"name\":\"\\\"A paz esteja com todos voc\u00eas\\\", foram suas primeiras palavras p\u00fablicas do papa eleito Le\u00e3o XIV - Prefeitos &amp; Gest\u00f5es\",\"isPartOf\":{\"@id\":\"https:\/\/prefeitosegestoes.com.br\/portal\/#website\"},\"primaryImageOfPage\":{\"@id\":\"https:\/\/prefeitosegestoes.com.br\/portal\/a-paz-esteja-com-todos-voces-foram-suas-primeiras-palavras-publicas-do-papa-eleito-leao-xiv\/#primaryimage\"},\"image\":{\"@id\":\"https:\/\/prefeitosegestoes.com.br\/portal\/a-paz-esteja-com-todos-voces-foram-suas-primeiras-palavras-publicas-do-papa-eleito-leao-xiv\/#primaryimage\"},\"thumbnailUrl\":\"https:\/\/prefeitosegestoes.com.br\/portal\/wp-content\/uploads\/2025\/05\/pppppppppppp8152923493_E20250508152923510.jpg._PROC_AP2AC108354AT7CCH31536000TM20250508170748703.jpg\",\"datePublished\":\"2025-05-08T20:12:37+00:00\",\"description\":\"O\u00a0cardeal\u00a0Robert Francis Prevost\u00a0foi eleito pelos colegas\u00a0e ser\u00e1 conhecido a partir de agora como\u00a0Le\u00e3o XIV.\u00a0Ele foi anunciado cerca de uma hora ap\u00f3s a fuma\u00e7a branca aparecer na chamin\u00e9 da Capela Sistina e apareceu na sacada da Bas\u00edlica de S\u00e3o Pedro alguns minutos depois.\",\"breadcrumb\":{\"@id\":\"https:\/\/prefeitosegestoes.com.br\/portal\/a-paz-esteja-com-todos-voces-foram-suas-primeiras-palavras-publicas-do-papa-eleito-leao-xiv\/#breadcrumb\"},\"inLanguage\":\"pt-BR\",\"potentialAction\":[{\"@type\":\"ReadAction\",\"target\":[\"https:\/\/prefeitosegestoes.com.br\/portal\/a-paz-esteja-com-todos-voces-foram-suas-primeiras-palavras-publicas-do-papa-eleito-leao-xiv\/\"]}]},{\"@type\":\"ImageObject\",\"inLanguage\":\"pt-BR\",\"@id\":\"https:\/\/prefeitosegestoes.com.br\/portal\/a-paz-esteja-com-todos-voces-foram-suas-primeiras-palavras-publicas-do-papa-eleito-leao-xiv\/#primaryimage\",\"url\":\"https:\/\/prefeitosegestoes.com.br\/portal\/wp-content\/uploads\/2025\/05\/pppppppppppp8152923493_E20250508152923510.jpg._PROC_AP2AC108354AT7CCH31536000TM20250508170748703.jpg\",\"contentUrl\":\"https:\/\/prefeitosegestoes.com.br\/portal\/wp-content\/uploads\/2025\/05\/pppppppppppp8152923493_E20250508152923510.jpg._PROC_AP2AC108354AT7CCH31536000TM20250508170748703.jpg\",\"width\":800,\"height\":600},{\"@type\":\"BreadcrumbList\",\"@id\":\"https:\/\/prefeitosegestoes.com.br\/portal\/a-paz-esteja-com-todos-voces-foram-suas-primeiras-palavras-publicas-do-papa-eleito-leao-xiv\/#breadcrumb\",\"itemListElement\":[{\"@type\":\"ListItem\",\"position\":1,\"name\":\"In\u00edcio\",\"item\":\"https:\/\/prefeitosegestoes.com.br\/portal\/\"},{\"@type\":\"ListItem\",\"position\":2,\"name\":\"&#8220;A paz esteja com todos voc\u00eas&#8221;, foram suas primeiras palavras p\u00fablicas do papa eleito Le\u00e3o XIV\"}]},{\"@type\":\"WebSite\",\"@id\":\"https:\/\/prefeitosegestoes.com.br\/portal\/#website\",\"url\":\"https:\/\/prefeitosegestoes.com.br\/portal\/\",\"name\":\"Prefeitos & Gest\u00f5es\",\"description\":\"\",\"publisher\":{\"@id\":\"https:\/\/prefeitosegestoes.com.br\/portal\/#organization\"},\"potentialAction\":[{\"@type\":\"SearchAction\",\"target\":{\"@type\":\"EntryPoint\",\"urlTemplate\":\"https:\/\/prefeitosegestoes.com.br\/portal\/?s={search_term_string}\"},\"query-input\":{\"@type\":\"PropertyValueSpecification\",\"valueRequired\":true,\"valueName\":\"search_term_string\"}}],\"inLanguage\":\"pt-BR\"},{\"@type\":\"Organization\",\"@id\":\"https:\/\/prefeitosegestoes.com.br\/portal\/#organization\",\"name\":\"Prefeitos & Gest\u00f5es\",\"url\":\"https:\/\/prefeitosegestoes.com.br\/portal\/\",\"logo\":{\"@type\":\"ImageObject\",\"inLanguage\":\"pt-BR\",\"@id\":\"https:\/\/prefeitosegestoes.com.br\/portal\/#\/schema\/logo\/image\/\",\"url\":\"https:\/\/prefeitosegestoes.com.br\/portal\/wp-content\/uploads\/2024\/10\/lg_trans_prefeitos_2024_preto2.png\",\"contentUrl\":\"https:\/\/prefeitosegestoes.com.br\/portal\/wp-content\/uploads\/2024\/10\/lg_trans_prefeitos_2024_preto2.png\",\"width\":199,\"height\":122,\"caption\":\"Prefeitos & Gest\u00f5es\"},\"image\":{\"@id\":\"https:\/\/prefeitosegestoes.com.br\/portal\/#\/schema\/logo\/image\/\"},\"sameAs\":[\"https:\/\/www.facebook.com\/prefeitosonline\",\"https:\/\/x.com\/PrefGestoes\"]},{\"@type\":\"Person\",\"@id\":\"https:\/\/prefeitosegestoes.com.br\/portal\/#\/schema\/person\/d00059f2ec99963e7e1850d448ae94b8\",\"name\":\"Prefeitos &amp; Gest\u00f5es\",\"image\":{\"@type\":\"ImageObject\",\"inLanguage\":\"pt-BR\",\"@id\":\"https:\/\/secure.gravatar.com\/avatar\/738fb281e479212ed32c1a21a4307dda9f3af9292edb6918a16c9ce9fff5f48d?s=96&d=mm&r=g\",\"url\":\"https:\/\/secure.gravatar.com\/avatar\/738fb281e479212ed32c1a21a4307dda9f3af9292edb6918a16c9ce9fff5f48d?s=96&d=mm&r=g\",\"contentUrl\":\"https:\/\/secure.gravatar.com\/avatar\/738fb281e479212ed32c1a21a4307dda9f3af9292edb6918a16c9ce9fff5f48d?s=96&d=mm&r=g\",\"caption\":\"Prefeitos &amp; Gest\u00f5es\"},\"url\":\"https:\/\/prefeitosegestoes.com.br\/portal\/author\/prefeitosegestoes\/\"}]}<\/script>\n<!-- \/ Yoast SEO plugin. -->","yoast_head_json":{"title":"\"A paz esteja com todos voc\u00eas\", foram suas primeiras palavras p\u00fablicas do papa eleito Le\u00e3o XIV - Prefeitos &amp; Gest\u00f5es","description":"O\u00a0cardeal\u00a0Robert Francis Prevost\u00a0foi eleito pelos colegas\u00a0e ser\u00e1 conhecido a partir de agora como\u00a0Le\u00e3o XIV.\u00a0Ele foi anunciado cerca de uma hora ap\u00f3s a fuma\u00e7a branca aparecer na chamin\u00e9 da Capela Sistina e apareceu na sacada da Bas\u00edlica de S\u00e3o Pedro alguns minutos depois.","robots":{"index":"index","follow":"follow","max-snippet":"max-snippet:-1","max-image-preview":"max-image-preview:large","max-video-preview":"max-video-preview:-1"},"canonical":"https:\/\/prefeitosegestoes.com.br\/portal\/a-paz-esteja-com-todos-voces-foram-suas-primeiras-palavras-publicas-do-papa-eleito-leao-xiv\/","og_locale":"pt_BR","og_type":"article","og_title":"\"A paz esteja com todos voc\u00eas\", foram suas primeiras palavras p\u00fablicas do papa eleito Le\u00e3o XIV - Prefeitos &amp; Gest\u00f5es","og_description":"O\u00a0cardeal\u00a0Robert Francis Prevost\u00a0foi eleito pelos colegas\u00a0e ser\u00e1 conhecido a partir de agora como\u00a0Le\u00e3o XIV.\u00a0Ele foi anunciado cerca de uma hora ap\u00f3s a fuma\u00e7a branca aparecer na chamin\u00e9 da Capela Sistina e apareceu na sacada da Bas\u00edlica de S\u00e3o Pedro alguns minutos depois.","og_url":"https:\/\/prefeitosegestoes.com.br\/portal\/a-paz-esteja-com-todos-voces-foram-suas-primeiras-palavras-publicas-do-papa-eleito-leao-xiv\/","og_site_name":"Prefeitos &amp; Gest\u00f5es","article_publisher":"https:\/\/www.facebook.com\/prefeitosonline","article_published_time":"2025-05-08T20:12:37+00:00","og_image":[{"width":800,"height":600,"url":"https:\/\/prefeitosegestoes.com.br\/portal\/wp-content\/uploads\/2025\/05\/pppppppppppp8152923493_E20250508152923510.jpg._PROC_AP2AC108354AT7CCH31536000TM20250508170748703.jpg","type":"image\/jpeg"}],"author":"Prefeitos &amp; Gest\u00f5es","twitter_card":"summary_large_image","twitter_creator":"@PrefGestoes","twitter_site":"@PrefGestoes","twitter_misc":{"Escrito por":"Prefeitos &amp; Gest\u00f5es","Est. tempo de leitura":"5 minutos"},"schema":{"@context":"https:\/\/schema.org","@graph":[{"@type":"Article","@id":"https:\/\/prefeitosegestoes.com.br\/portal\/a-paz-esteja-com-todos-voces-foram-suas-primeiras-palavras-publicas-do-papa-eleito-leao-xiv\/#article","isPartOf":{"@id":"https:\/\/prefeitosegestoes.com.br\/portal\/a-paz-esteja-com-todos-voces-foram-suas-primeiras-palavras-publicas-do-papa-eleito-leao-xiv\/"},"author":{"name":"Prefeitos &amp; Gest\u00f5es","@id":"https:\/\/prefeitosegestoes.com.br\/portal\/#\/schema\/person\/d00059f2ec99963e7e1850d448ae94b8"},"headline":"&#8220;A paz esteja com todos voc\u00eas&#8221;, foram suas primeiras palavras p\u00fablicas do papa eleito Le\u00e3o XIV","datePublished":"2025-05-08T20:12:37+00:00","mainEntityOfPage":{"@id":"https:\/\/prefeitosegestoes.com.br\/portal\/a-paz-esteja-com-todos-voces-foram-suas-primeiras-palavras-publicas-do-papa-eleito-leao-xiv\/"},"wordCount":1198,"commentCount":0,"publisher":{"@id":"https:\/\/prefeitosegestoes.com.br\/portal\/#organization"},"image":{"@id":"https:\/\/prefeitosegestoes.com.br\/portal\/a-paz-esteja-com-todos-voces-foram-suas-primeiras-palavras-publicas-do-papa-eleito-leao-xiv\/#primaryimage"},"thumbnailUrl":"https:\/\/prefeitosegestoes.com.br\/portal\/wp-content\/uploads\/2025\/05\/pppppppppppp8152923493_E20250508152923510.jpg._PROC_AP2AC108354AT7CCH31536000TM20250508170748703.jpg","keywords":["Conclave","Elei\u00e7\u00e3o","Igreja","Papa","Papa Le\u00e3o XIV","Robert Francis Prevost","Santo Agostinho"],"articleSection":["Destaques"],"inLanguage":"pt-BR","potentialAction":[{"@type":"CommentAction","name":"Comment","target":["https:\/\/prefeitosegestoes.com.br\/portal\/a-paz-esteja-com-todos-voces-foram-suas-primeiras-palavras-publicas-do-papa-eleito-leao-xiv\/#respond"]}]},{"@type":"WebPage","@id":"https:\/\/prefeitosegestoes.com.br\/portal\/a-paz-esteja-com-todos-voces-foram-suas-primeiras-palavras-publicas-do-papa-eleito-leao-xiv\/","url":"https:\/\/prefeitosegestoes.com.br\/portal\/a-paz-esteja-com-todos-voces-foram-suas-primeiras-palavras-publicas-do-papa-eleito-leao-xiv\/","name":"\"A paz esteja com todos voc\u00eas\", foram suas primeiras palavras p\u00fablicas do papa eleito Le\u00e3o XIV - Prefeitos &amp; Gest\u00f5es","isPartOf":{"@id":"https:\/\/prefeitosegestoes.com.br\/portal\/#website"},"primaryImageOfPage":{"@id":"https:\/\/prefeitosegestoes.com.br\/portal\/a-paz-esteja-com-todos-voces-foram-suas-primeiras-palavras-publicas-do-papa-eleito-leao-xiv\/#primaryimage"},"image":{"@id":"https:\/\/prefeitosegestoes.com.br\/portal\/a-paz-esteja-com-todos-voces-foram-suas-primeiras-palavras-publicas-do-papa-eleito-leao-xiv\/#primaryimage"},"thumbnailUrl":"https:\/\/prefeitosegestoes.com.br\/portal\/wp-content\/uploads\/2025\/05\/pppppppppppp8152923493_E20250508152923510.jpg._PROC_AP2AC108354AT7CCH31536000TM20250508170748703.jpg","datePublished":"2025-05-08T20:12:37+00:00","description":"O\u00a0cardeal\u00a0Robert Francis Prevost\u00a0foi eleito pelos colegas\u00a0e ser\u00e1 conhecido a partir de agora como\u00a0Le\u00e3o XIV.\u00a0Ele foi anunciado cerca de uma hora ap\u00f3s a fuma\u00e7a branca aparecer na chamin\u00e9 da Capela Sistina e apareceu na sacada da Bas\u00edlica de S\u00e3o Pedro alguns minutos depois.","breadcrumb":{"@id":"https:\/\/prefeitosegestoes.com.br\/portal\/a-paz-esteja-com-todos-voces-foram-suas-primeiras-palavras-publicas-do-papa-eleito-leao-xiv\/#breadcrumb"},"inLanguage":"pt-BR","potentialAction":[{"@type":"ReadAction","target":["https:\/\/prefeitosegestoes.com.br\/portal\/a-paz-esteja-com-todos-voces-foram-suas-primeiras-palavras-publicas-do-papa-eleito-leao-xiv\/"]}]},{"@type":"ImageObject","inLanguage":"pt-BR","@id":"https:\/\/prefeitosegestoes.com.br\/portal\/a-paz-esteja-com-todos-voces-foram-suas-primeiras-palavras-publicas-do-papa-eleito-leao-xiv\/#primaryimage","url":"https:\/\/prefeitosegestoes.com.br\/portal\/wp-content\/uploads\/2025\/05\/pppppppppppp8152923493_E20250508152923510.jpg._PROC_AP2AC108354AT7CCH31536000TM20250508170748703.jpg","contentUrl":"https:\/\/prefeitosegestoes.com.br\/portal\/wp-content\/uploads\/2025\/05\/pppppppppppp8152923493_E20250508152923510.jpg._PROC_AP2AC108354AT7CCH31536000TM20250508170748703.jpg","width":800,"height":600},{"@type":"BreadcrumbList","@id":"https:\/\/prefeitosegestoes.com.br\/portal\/a-paz-esteja-com-todos-voces-foram-suas-primeiras-palavras-publicas-do-papa-eleito-leao-xiv\/#breadcrumb","itemListElement":[{"@type":"ListItem","position":1,"name":"In\u00edcio","item":"https:\/\/prefeitosegestoes.com.br\/portal\/"},{"@type":"ListItem","position":2,"name":"&#8220;A paz esteja com todos voc\u00eas&#8221;, foram suas primeiras palavras p\u00fablicas do papa eleito Le\u00e3o XIV"}]},{"@type":"WebSite","@id":"https:\/\/prefeitosegestoes.com.br\/portal\/#website","url":"https:\/\/prefeitosegestoes.com.br\/portal\/","name":"Prefeitos & Gest\u00f5es","description":"","publisher":{"@id":"https:\/\/prefeitosegestoes.com.br\/portal\/#organization"},"potentialAction":[{"@type":"SearchAction","target":{"@type":"EntryPoint","urlTemplate":"https:\/\/prefeitosegestoes.com.br\/portal\/?s={search_term_string}"},"query-input":{"@type":"PropertyValueSpecification","valueRequired":true,"valueName":"search_term_string"}}],"inLanguage":"pt-BR"},{"@type":"Organization","@id":"https:\/\/prefeitosegestoes.com.br\/portal\/#organization","name":"Prefeitos & Gest\u00f5es","url":"https:\/\/prefeitosegestoes.com.br\/portal\/","logo":{"@type":"ImageObject","inLanguage":"pt-BR","@id":"https:\/\/prefeitosegestoes.com.br\/portal\/#\/schema\/logo\/image\/","url":"https:\/\/prefeitosegestoes.com.br\/portal\/wp-content\/uploads\/2024\/10\/lg_trans_prefeitos_2024_preto2.png","contentUrl":"https:\/\/prefeitosegestoes.com.br\/portal\/wp-content\/uploads\/2024\/10\/lg_trans_prefeitos_2024_preto2.png","width":199,"height":122,"caption":"Prefeitos & Gest\u00f5es"},"image":{"@id":"https:\/\/prefeitosegestoes.com.br\/portal\/#\/schema\/logo\/image\/"},"sameAs":["https:\/\/www.facebook.com\/prefeitosonline","https:\/\/x.com\/PrefGestoes"]},{"@type":"Person","@id":"https:\/\/prefeitosegestoes.com.br\/portal\/#\/schema\/person\/d00059f2ec99963e7e1850d448ae94b8","name":"Prefeitos &amp; Gest\u00f5es","image":{"@type":"ImageObject","inLanguage":"pt-BR","@id":"https:\/\/secure.gravatar.com\/avatar\/738fb281e479212ed32c1a21a4307dda9f3af9292edb6918a16c9ce9fff5f48d?s=96&d=mm&r=g","url":"https:\/\/secure.gravatar.com\/avatar\/738fb281e479212ed32c1a21a4307dda9f3af9292edb6918a16c9ce9fff5f48d?s=96&d=mm&r=g","contentUrl":"https:\/\/secure.gravatar.com\/avatar\/738fb281e479212ed32c1a21a4307dda9f3af9292edb6918a16c9ce9fff5f48d?s=96&d=mm&r=g","caption":"Prefeitos &amp; Gest\u00f5es"},"url":"https:\/\/prefeitosegestoes.com.br\/portal\/author\/prefeitosegestoes\/"}]}},"_links":{"self":[{"href":"https:\/\/prefeitosegestoes.com.br\/portal\/wp-json\/wp\/v2\/posts\/3292","targetHints":{"allow":["GET"]}}],"collection":[{"href":"https:\/\/prefeitosegestoes.com.br\/portal\/wp-json\/wp\/v2\/posts"}],"about":[{"href":"https:\/\/prefeitosegestoes.com.br\/portal\/wp-json\/wp\/v2\/types\/post"}],"author":[{"embeddable":true,"href":"https:\/\/prefeitosegestoes.com.br\/portal\/wp-json\/wp\/v2\/users\/2"}],"replies":[{"embeddable":true,"href":"https:\/\/prefeitosegestoes.com.br\/portal\/wp-json\/wp\/v2\/comments?post=3292"}],"version-history":[{"count":1,"href":"https:\/\/prefeitosegestoes.com.br\/portal\/wp-json\/wp\/v2\/posts\/3292\/revisions"}],"predecessor-version":[{"id":3294,"href":"https:\/\/prefeitosegestoes.com.br\/portal\/wp-json\/wp\/v2\/posts\/3292\/revisions\/3294"}],"wp:featuredmedia":[{"embeddable":true,"href":"https:\/\/prefeitosegestoes.com.br\/portal\/wp-json\/wp\/v2\/media\/3293"}],"wp:attachment":[{"href":"https:\/\/prefeitosegestoes.com.br\/portal\/wp-json\/wp\/v2\/media?parent=3292"}],"wp:term":[{"taxonomy":"category","embeddable":true,"href":"https:\/\/prefeitosegestoes.com.br\/portal\/wp-json\/wp\/v2\/categories?post=3292"},{"taxonomy":"post_tag","embeddable":true,"href":"https:\/\/prefeitosegestoes.com.br\/portal\/wp-json\/wp\/v2\/tags?post=3292"}],"curies":[{"name":"wp","href":"https:\/\/api.w.org\/{rel}","templated":true}]}}