{"id":3289,"date":"2025-05-05T17:15:06","date_gmt":"2025-05-05T20:15:06","guid":{"rendered":"https:\/\/prefeitosegestoes.com.br\/portal\/?p=3289"},"modified":"2025-05-05T17:15:06","modified_gmt":"2025-05-05T20:15:06","slug":"camara-vota-nesta-semana-para-acelerar-projeto-que-cria-vagas-de-deputado","status":"publish","type":"post","link":"https:\/\/prefeitosegestoes.com.br\/portal\/camara-vota-nesta-semana-para-acelerar-projeto-que-cria-vagas-de-deputado\/","title":{"rendered":"C\u00e2mara vota nesta semana para acelerar projeto que cria vagas de deputado"},"content":{"rendered":"<h6><\/h6>\n<h6>Bras\u00edlia (DF), 19\/02\/2025 &#8211; Tumulto no plen\u00e1rio da C\u00e2mara entre deputados da direita e da esquerda. Foto: Lula Marques\/Ag\u00eancia Brasil<\/h6>\n<p>Felipe PereiraDo UOL, em Bras\u00edlia<\/p>\n<p>05\/05\/2025 05h30\u2026 &#8211;<\/p>\n<p>Os l\u00edderes dos partidos marcaram para esta semana a vota\u00e7\u00e3o de uma proposta que cria 14 vagas de deputados. Se aprovada, a C\u00e2mara passaria de 513 a 527 ocupantes.<\/p>\n<p>O que aconteceu<\/p>\n<p>A vota\u00e7\u00e3o da urg\u00eancia foi acertada na manh\u00e3 de quarta passada. A decis\u00e3o ocorreu durante reuni\u00e3o dos caciques da C\u00e2mara. Somente o partido Novo foi contra.<\/p>\n<p>A assessoria de Hugo Motta (Republicanos-PB) confirmou a vota\u00e7\u00e3o da urg\u00eancia. O presidente da C\u00e2mara \u00e9 da Para\u00edba, estado que corre o risco de ter o n\u00famero de deputados reduzido. Mas ele atua para aumentar as vagas desde a \u00e9poca em que era candidato ao comando da Casa.<\/p>\n<p>Os parlamentares pretendem aproveitar uma decis\u00e3o do STF (Supremo Tribunal Federal) para abrir as vagas. Caso a medida saia do papel, a C\u00e2mara passa a ter 527 deputados \u2014atualmente s\u00e3o 513.<\/p>\n<p>Os Estados Unidos t\u00eam popula\u00e7\u00e3o maior e menos parlamentares. Naquele pa\u00eds, s\u00e3o 435 deputados para 335 milh\u00f5es de habitantes \u2014o Brasil tem 212 milh\u00f5es de moradores.<\/p>\n<p>Aprovar urg\u00eancia n\u00e3o significa que o projeto v\u00e1 virar lei. A consequ\u00eancia \u00e9 n\u00e3o haver necessidade de discuss\u00e3o em comiss\u00f5es e poder votar no plen\u00e1rio a qualquer momento.<\/p>\n<p>Como foi a a\u00e7\u00e3o no STF<\/p>\n<p>A possibilidade de cria\u00e7\u00e3o de vagas \u00e9 consequ\u00eancia de uma a\u00e7\u00e3o na Justi\u00e7a. A Constitui\u00e7\u00e3o determina que o n\u00famero de deputados \u00e9 proporcional \u00e0 popula\u00e7\u00e3o, com m\u00ednimo de oito e m\u00e1ximo de 70 parlamentares por estado.<\/p>\n<p>A C\u00e2mara tem 513 deputados. A distribui\u00e7\u00e3o destas vagas foi feita em 1993, mas a atualiza\u00e7\u00e3o peri\u00f3dica prevista em lei nunca ocorreu<\/p>\n<p>O Par\u00e1 entrou no STF pedindo atualiza\u00e7\u00e3o. O processo come\u00e7ou em 2017 e foi conclu\u00eddo no ano passado com ganho de causa para o governo paraense. O estado tem direito a quatro novos deputados, ou seja, passar\u00e1 de 17 para 21 parlamentares.<\/p>\n<p>No total, sete estados ganhariam deputados: Amazonas (2), Cear\u00e1 (1), Goi\u00e1s (1), Minas Gerais (1), Mato Grosso (1), Par\u00e1 (4) e Santa Catarina (4)<\/p>\n<p>H\u00e1 outros sete estados que perderiam deputados: Alagoas (1), Bahia (2), Para\u00edba (2), Pernambuco (1), Piau\u00ed (2), Rio de Janeiro (4) e Rio Grande do Sul (2).<\/p>\n<p>A poss\u00edvel cria\u00e7\u00e3o das vagas \u00e9 consequ\u00eancia de uma manobra. O movimento \u00e9 encabe\u00e7ado pelo Rio e parte dos estados do Nordeste e consiste no seguinte:\u2026 &#8211;<\/p>\n<p>Abertura de vagas nos estados em que a popula\u00e7\u00e3o cresceu;<\/p>\n<p>N\u00e3o fechamento das vagas nos estados que perderiam parlamentares.<\/p>\n<p>Os parlamentares correm contra o tempo. A Justi\u00e7a deu at\u00e9 30 de junho para a C\u00e2mara resolver a situa\u00e7\u00e3o, caso contr\u00e1rio o Tribunal Superior Eleitoral vai decidir a quest\u00e3o<\/p>\n<p>Deputados criticam proposta<\/p>\n<p>Rafael Pezenti (MDB-SC) \u00e9 contra aumentar as vagas. Ele entrou com a a\u00e7\u00e3o para a C\u00e2mara respeitar a propor\u00e7\u00e3o da popula\u00e7\u00e3o.<\/p>\n<p>O parlamentar ressalta que o aumento de vagas pode se tornar uma constante. A proposta, que ter\u00e1 a urg\u00eancia votada na pr\u00f3xima semana, \u00e9 da deputada Dani Cunha (Uni\u00e3o-RJ).<\/p>\n<p>Pezenti diz que o projeto dela prev\u00ea cria\u00e7\u00e3o de vagas conforme a popula\u00e7\u00e3o cresce. O deputado declarou que a C\u00e2mara pode estar criando uma regra que vai tornar a situa\u00e7\u00e3o fora de controle.<\/p>\n<p>Ele espera que a repercuss\u00e3o na sociedade freie o projeto. &#8220;O que d\u00e1 para fazer \u00e9 colocar a popula\u00e7\u00e3o na cola dos deputados<\/p>\n<p>A deputada J\u00falia Zanatta (PL-SC) responsabiliza o presidente da C\u00e2mara. &#8220;\u00c9 um esc\u00e2ndalo aumentar o n\u00famero de deputados. Uma desmoraliza\u00e7\u00e3o. Isso vai ficar na conta do presidente Motta.&#8221;<\/p>\n<p>Novos custos \u00e0 vista<\/p>\n<p>A C\u00e2mara alega que n\u00e3o haver\u00e1 aumento de custos. Justifica que servidores ser\u00e3o remanejados para os gabinetes a serem abertos.<\/p>\n<p>A promessa n\u00e3o deve se concretizar. O passado recente tem um exemplo de que argumenta\u00e7\u00e3o semelhante n\u00e3o se cumpriu.<\/p>\n<p>Em 2023, houve aumento no n\u00famero de comiss\u00f5es da C\u00e2mara. At\u00e9 ent\u00e3o, eram 25 grupos para tratar de assuntos tem\u00e1ticos: comiss\u00e3o de transportes, comiss\u00e3o de agricultura etc. A abertura de cinco novas comiss\u00f5es ocorreu com remanejamento de servidores. Mas a promessa de n\u00e3o existirem novos gastos se desfez com a abertura de concurso para contratar servidores.<\/p>\n<p><a href=\"https:\/\/noticias.uol.com.br\/politica\/ultimas-noticias\/2025\/05\/05\/camara-vota-semana-que-urgencia-de-projeto-que-aumenta-numero-de-deputados.htm\">https:\/\/noticias.uol.com.br\/politica\/ultimas-noticias\/2025\/05\/05\/camara-vota-semana-que-urgencia-de-projeto-que-aumenta-numero-de-deputados.htm<\/a><\/p>\n<p>Fonte: Uol<\/p>\n","protected":false},"excerpt":{"rendered":"<p>Bras\u00edlia (DF), 19\/02\/2025 &#8211; Tumulto no plen\u00e1rio da C\u00e2mara entre deputados da direita e da esquerda. Foto: Lula Marques\/Ag\u00eancia Brasil Felipe PereiraDo UOL, em Bras\u00edlia 05\/05\/2025 05h30\u2026 &#8211; Os l\u00edderes dos partidos marcaram para esta semana a vota\u00e7\u00e3o de uma proposta que cria 14 vagas de deputados. Se aprovada, a C\u00e2mara passaria de 513 a [&hellip;]<\/p>\n","protected":false},"author":2,"featured_media":3290,"comment_status":"open","ping_status":"open","sticky":false,"template":"","format":"standard","meta":{"rop_custom_images_group":[],"rop_custom_messages_group":[],"rop_publish_now":"initial","rop_publish_now_accounts":{"twitter_850042665852968960_850042665852968960":""},"rop_publish_now_history":[],"rop_publish_now_status":"pending","footnotes":""},"categories":[15],"tags":[468,200,586,545,587],"class_list":["post-3289","post","type-post","status-publish","format-standard","has-post-thumbnail","hentry","category-destaques","tag-camara-dos-deputados","tag-estados","tag-gabinetes","tag-plenario","tag-vagas"],"yoast_head":"<!-- This site is optimized with the Yoast SEO plugin v27.2 - https:\/\/yoast.com\/product\/yoast-seo-wordpress\/ -->\n<title>C\u00e2mara vota nesta semana para acelerar projeto que cria vagas de deputado - Prefeitos &amp; Gest\u00f5es<\/title>\n<meta name=\"description\" content=\"A vota\u00e7\u00e3o da urg\u00eancia foi acertada na manh\u00e3 de quarta passada. A decis\u00e3o ocorreu durante reuni\u00e3o dos caciques da C\u00e2mara. Somente o partido Novo foi contra.A assessoria de Hugo Motta (Republicanos-PB) confirmou a vota\u00e7\u00e3o da urg\u00eancia. O presidente da C\u00e2mara \u00e9 da Para\u00edba, estado que corre o risco de ter o n\u00famero de deputados reduzido. Mas ele atua para aumentar as vagas desde a \u00e9poca em que era candidato ao comando da Casa.\" \/>\n<meta name=\"robots\" content=\"index, follow, max-snippet:-1, max-image-preview:large, max-video-preview:-1\" \/>\n<link rel=\"canonical\" href=\"https:\/\/prefeitosegestoes.com.br\/portal\/camara-vota-nesta-semana-para-acelerar-projeto-que-cria-vagas-de-deputado\/\" \/>\n<meta property=\"og:locale\" content=\"pt_BR\" \/>\n<meta property=\"og:type\" content=\"article\" \/>\n<meta property=\"og:title\" content=\"C\u00e2mara vota nesta semana para acelerar projeto que cria vagas de deputado - Prefeitos &amp; Gest\u00f5es\" \/>\n<meta property=\"og:description\" content=\"A vota\u00e7\u00e3o da urg\u00eancia foi acertada na manh\u00e3 de quarta passada. A decis\u00e3o ocorreu durante reuni\u00e3o dos caciques da C\u00e2mara. Somente o partido Novo foi contra.A assessoria de Hugo Motta (Republicanos-PB) confirmou a vota\u00e7\u00e3o da urg\u00eancia. O presidente da C\u00e2mara \u00e9 da Para\u00edba, estado que corre o risco de ter o n\u00famero de deputados reduzido. Mas ele atua para aumentar as vagas desde a \u00e9poca em que era candidato ao comando da Casa.\" \/>\n<meta property=\"og:url\" content=\"https:\/\/prefeitosegestoes.com.br\/portal\/camara-vota-nesta-semana-para-acelerar-projeto-que-cria-vagas-de-deputado\/\" \/>\n<meta property=\"og:site_name\" content=\"Prefeitos &amp; Gest\u00f5es\" \/>\n<meta property=\"article:publisher\" content=\"https:\/\/www.facebook.com\/prefeitosonline\" \/>\n<meta property=\"article:published_time\" content=\"2025-05-05T20:15:06+00:00\" \/>\n<meta property=\"og:image\" content=\"https:\/\/prefeitosegestoes.com.br\/portal\/wp-content\/uploads\/2025\/05\/lula2762-2.webp\" \/>\n\t<meta property=\"og:image:width\" content=\"1024\" \/>\n\t<meta property=\"og:image:height\" content=\"768\" \/>\n\t<meta property=\"og:image:type\" content=\"image\/webp\" \/>\n<meta name=\"author\" content=\"Prefeitos &amp; Gest\u00f5es\" \/>\n<meta name=\"twitter:card\" content=\"summary_large_image\" \/>\n<meta name=\"twitter:creator\" content=\"@PrefGestoes\" \/>\n<meta name=\"twitter:site\" content=\"@PrefGestoes\" \/>\n<meta name=\"twitter:label1\" content=\"Escrito por\" \/>\n\t<meta name=\"twitter:data1\" content=\"Prefeitos &amp; Gest\u00f5es\" \/>\n\t<meta name=\"twitter:label2\" content=\"Est. tempo de leitura\" \/>\n\t<meta name=\"twitter:data2\" content=\"4 minutos\" \/>\n<script type=\"application\/ld+json\" class=\"yoast-schema-graph\">{\"@context\":\"https:\/\/schema.org\",\"@graph\":[{\"@type\":\"Article\",\"@id\":\"https:\/\/prefeitosegestoes.com.br\/portal\/camara-vota-nesta-semana-para-acelerar-projeto-que-cria-vagas-de-deputado\/#article\",\"isPartOf\":{\"@id\":\"https:\/\/prefeitosegestoes.com.br\/portal\/camara-vota-nesta-semana-para-acelerar-projeto-que-cria-vagas-de-deputado\/\"},\"author\":{\"name\":\"Prefeitos &amp; Gest\u00f5es\",\"@id\":\"https:\/\/prefeitosegestoes.com.br\/portal\/#\/schema\/person\/d00059f2ec99963e7e1850d448ae94b8\"},\"headline\":\"C\u00e2mara vota nesta semana para acelerar projeto que cria vagas de deputado\",\"datePublished\":\"2025-05-05T20:15:06+00:00\",\"mainEntityOfPage\":{\"@id\":\"https:\/\/prefeitosegestoes.com.br\/portal\/camara-vota-nesta-semana-para-acelerar-projeto-que-cria-vagas-de-deputado\/\"},\"wordCount\":764,\"commentCount\":0,\"publisher\":{\"@id\":\"https:\/\/prefeitosegestoes.com.br\/portal\/#organization\"},\"image\":{\"@id\":\"https:\/\/prefeitosegestoes.com.br\/portal\/camara-vota-nesta-semana-para-acelerar-projeto-que-cria-vagas-de-deputado\/#primaryimage\"},\"thumbnailUrl\":\"https:\/\/prefeitosegestoes.com.br\/portal\/wp-content\/uploads\/2025\/05\/lula2762-2.webp\",\"keywords\":[\"C\u00e2mara dos Deputados\",\"Estados\",\"Gabinetes\",\"Plen\u00e1rio\",\"Vagas\"],\"articleSection\":[\"Destaques\"],\"inLanguage\":\"pt-BR\",\"potentialAction\":[{\"@type\":\"CommentAction\",\"name\":\"Comment\",\"target\":[\"https:\/\/prefeitosegestoes.com.br\/portal\/camara-vota-nesta-semana-para-acelerar-projeto-que-cria-vagas-de-deputado\/#respond\"]}]},{\"@type\":\"WebPage\",\"@id\":\"https:\/\/prefeitosegestoes.com.br\/portal\/camara-vota-nesta-semana-para-acelerar-projeto-que-cria-vagas-de-deputado\/\",\"url\":\"https:\/\/prefeitosegestoes.com.br\/portal\/camara-vota-nesta-semana-para-acelerar-projeto-que-cria-vagas-de-deputado\/\",\"name\":\"C\u00e2mara vota nesta semana para acelerar projeto que cria vagas de deputado - Prefeitos &amp; Gest\u00f5es\",\"isPartOf\":{\"@id\":\"https:\/\/prefeitosegestoes.com.br\/portal\/#website\"},\"primaryImageOfPage\":{\"@id\":\"https:\/\/prefeitosegestoes.com.br\/portal\/camara-vota-nesta-semana-para-acelerar-projeto-que-cria-vagas-de-deputado\/#primaryimage\"},\"image\":{\"@id\":\"https:\/\/prefeitosegestoes.com.br\/portal\/camara-vota-nesta-semana-para-acelerar-projeto-que-cria-vagas-de-deputado\/#primaryimage\"},\"thumbnailUrl\":\"https:\/\/prefeitosegestoes.com.br\/portal\/wp-content\/uploads\/2025\/05\/lula2762-2.webp\",\"datePublished\":\"2025-05-05T20:15:06+00:00\",\"description\":\"A vota\u00e7\u00e3o da urg\u00eancia foi acertada na manh\u00e3 de quarta passada. A decis\u00e3o ocorreu durante reuni\u00e3o dos caciques da C\u00e2mara. Somente o partido Novo foi contra.A assessoria de Hugo Motta (Republicanos-PB) confirmou a vota\u00e7\u00e3o da urg\u00eancia. O presidente da C\u00e2mara \u00e9 da Para\u00edba, estado que corre o risco de ter o n\u00famero de deputados reduzido. Mas ele atua para aumentar as vagas desde a \u00e9poca em que era candidato ao comando da Casa.\",\"breadcrumb\":{\"@id\":\"https:\/\/prefeitosegestoes.com.br\/portal\/camara-vota-nesta-semana-para-acelerar-projeto-que-cria-vagas-de-deputado\/#breadcrumb\"},\"inLanguage\":\"pt-BR\",\"potentialAction\":[{\"@type\":\"ReadAction\",\"target\":[\"https:\/\/prefeitosegestoes.com.br\/portal\/camara-vota-nesta-semana-para-acelerar-projeto-que-cria-vagas-de-deputado\/\"]}]},{\"@type\":\"ImageObject\",\"inLanguage\":\"pt-BR\",\"@id\":\"https:\/\/prefeitosegestoes.com.br\/portal\/camara-vota-nesta-semana-para-acelerar-projeto-que-cria-vagas-de-deputado\/#primaryimage\",\"url\":\"https:\/\/prefeitosegestoes.com.br\/portal\/wp-content\/uploads\/2025\/05\/lula2762-2.webp\",\"contentUrl\":\"https:\/\/prefeitosegestoes.com.br\/portal\/wp-content\/uploads\/2025\/05\/lula2762-2.webp\",\"width\":1024,\"height\":768},{\"@type\":\"BreadcrumbList\",\"@id\":\"https:\/\/prefeitosegestoes.com.br\/portal\/camara-vota-nesta-semana-para-acelerar-projeto-que-cria-vagas-de-deputado\/#breadcrumb\",\"itemListElement\":[{\"@type\":\"ListItem\",\"position\":1,\"name\":\"In\u00edcio\",\"item\":\"https:\/\/prefeitosegestoes.com.br\/portal\/\"},{\"@type\":\"ListItem\",\"position\":2,\"name\":\"C\u00e2mara vota nesta semana para acelerar projeto que cria vagas de deputado\"}]},{\"@type\":\"WebSite\",\"@id\":\"https:\/\/prefeitosegestoes.com.br\/portal\/#website\",\"url\":\"https:\/\/prefeitosegestoes.com.br\/portal\/\",\"name\":\"Prefeitos & Gest\u00f5es\",\"description\":\"\",\"publisher\":{\"@id\":\"https:\/\/prefeitosegestoes.com.br\/portal\/#organization\"},\"potentialAction\":[{\"@type\":\"SearchAction\",\"target\":{\"@type\":\"EntryPoint\",\"urlTemplate\":\"https:\/\/prefeitosegestoes.com.br\/portal\/?s={search_term_string}\"},\"query-input\":{\"@type\":\"PropertyValueSpecification\",\"valueRequired\":true,\"valueName\":\"search_term_string\"}}],\"inLanguage\":\"pt-BR\"},{\"@type\":\"Organization\",\"@id\":\"https:\/\/prefeitosegestoes.com.br\/portal\/#organization\",\"name\":\"Prefeitos & Gest\u00f5es\",\"url\":\"https:\/\/prefeitosegestoes.com.br\/portal\/\",\"logo\":{\"@type\":\"ImageObject\",\"inLanguage\":\"pt-BR\",\"@id\":\"https:\/\/prefeitosegestoes.com.br\/portal\/#\/schema\/logo\/image\/\",\"url\":\"https:\/\/prefeitosegestoes.com.br\/portal\/wp-content\/uploads\/2024\/10\/lg_trans_prefeitos_2024_preto2.png\",\"contentUrl\":\"https:\/\/prefeitosegestoes.com.br\/portal\/wp-content\/uploads\/2024\/10\/lg_trans_prefeitos_2024_preto2.png\",\"width\":199,\"height\":122,\"caption\":\"Prefeitos & Gest\u00f5es\"},\"image\":{\"@id\":\"https:\/\/prefeitosegestoes.com.br\/portal\/#\/schema\/logo\/image\/\"},\"sameAs\":[\"https:\/\/www.facebook.com\/prefeitosonline\",\"https:\/\/x.com\/PrefGestoes\"]},{\"@type\":\"Person\",\"@id\":\"https:\/\/prefeitosegestoes.com.br\/portal\/#\/schema\/person\/d00059f2ec99963e7e1850d448ae94b8\",\"name\":\"Prefeitos &amp; Gest\u00f5es\",\"image\":{\"@type\":\"ImageObject\",\"inLanguage\":\"pt-BR\",\"@id\":\"https:\/\/secure.gravatar.com\/avatar\/738fb281e479212ed32c1a21a4307dda9f3af9292edb6918a16c9ce9fff5f48d?s=96&d=mm&r=g\",\"url\":\"https:\/\/secure.gravatar.com\/avatar\/738fb281e479212ed32c1a21a4307dda9f3af9292edb6918a16c9ce9fff5f48d?s=96&d=mm&r=g\",\"contentUrl\":\"https:\/\/secure.gravatar.com\/avatar\/738fb281e479212ed32c1a21a4307dda9f3af9292edb6918a16c9ce9fff5f48d?s=96&d=mm&r=g\",\"caption\":\"Prefeitos &amp; Gest\u00f5es\"},\"url\":\"https:\/\/prefeitosegestoes.com.br\/portal\/author\/prefeitosegestoes\/\"}]}<\/script>\n<!-- \/ Yoast SEO plugin. -->","yoast_head_json":{"title":"C\u00e2mara vota nesta semana para acelerar projeto que cria vagas de deputado - Prefeitos &amp; Gest\u00f5es","description":"A vota\u00e7\u00e3o da urg\u00eancia foi acertada na manh\u00e3 de quarta passada. A decis\u00e3o ocorreu durante reuni\u00e3o dos caciques da C\u00e2mara. Somente o partido Novo foi contra.A assessoria de Hugo Motta (Republicanos-PB) confirmou a vota\u00e7\u00e3o da urg\u00eancia. O presidente da C\u00e2mara \u00e9 da Para\u00edba, estado que corre o risco de ter o n\u00famero de deputados reduzido. Mas ele atua para aumentar as vagas desde a \u00e9poca em que era candidato ao comando da Casa.","robots":{"index":"index","follow":"follow","max-snippet":"max-snippet:-1","max-image-preview":"max-image-preview:large","max-video-preview":"max-video-preview:-1"},"canonical":"https:\/\/prefeitosegestoes.com.br\/portal\/camara-vota-nesta-semana-para-acelerar-projeto-que-cria-vagas-de-deputado\/","og_locale":"pt_BR","og_type":"article","og_title":"C\u00e2mara vota nesta semana para acelerar projeto que cria vagas de deputado - Prefeitos &amp; Gest\u00f5es","og_description":"A vota\u00e7\u00e3o da urg\u00eancia foi acertada na manh\u00e3 de quarta passada. A decis\u00e3o ocorreu durante reuni\u00e3o dos caciques da C\u00e2mara. Somente o partido Novo foi contra.A assessoria de Hugo Motta (Republicanos-PB) confirmou a vota\u00e7\u00e3o da urg\u00eancia. O presidente da C\u00e2mara \u00e9 da Para\u00edba, estado que corre o risco de ter o n\u00famero de deputados reduzido. Mas ele atua para aumentar as vagas desde a \u00e9poca em que era candidato ao comando da Casa.","og_url":"https:\/\/prefeitosegestoes.com.br\/portal\/camara-vota-nesta-semana-para-acelerar-projeto-que-cria-vagas-de-deputado\/","og_site_name":"Prefeitos &amp; Gest\u00f5es","article_publisher":"https:\/\/www.facebook.com\/prefeitosonline","article_published_time":"2025-05-05T20:15:06+00:00","og_image":[{"width":1024,"height":768,"url":"https:\/\/prefeitosegestoes.com.br\/portal\/wp-content\/uploads\/2025\/05\/lula2762-2.webp","type":"image\/webp"}],"author":"Prefeitos &amp; Gest\u00f5es","twitter_card":"summary_large_image","twitter_creator":"@PrefGestoes","twitter_site":"@PrefGestoes","twitter_misc":{"Escrito por":"Prefeitos &amp; Gest\u00f5es","Est. tempo de leitura":"4 minutos"},"schema":{"@context":"https:\/\/schema.org","@graph":[{"@type":"Article","@id":"https:\/\/prefeitosegestoes.com.br\/portal\/camara-vota-nesta-semana-para-acelerar-projeto-que-cria-vagas-de-deputado\/#article","isPartOf":{"@id":"https:\/\/prefeitosegestoes.com.br\/portal\/camara-vota-nesta-semana-para-acelerar-projeto-que-cria-vagas-de-deputado\/"},"author":{"name":"Prefeitos &amp; Gest\u00f5es","@id":"https:\/\/prefeitosegestoes.com.br\/portal\/#\/schema\/person\/d00059f2ec99963e7e1850d448ae94b8"},"headline":"C\u00e2mara vota nesta semana para acelerar projeto que cria vagas de deputado","datePublished":"2025-05-05T20:15:06+00:00","mainEntityOfPage":{"@id":"https:\/\/prefeitosegestoes.com.br\/portal\/camara-vota-nesta-semana-para-acelerar-projeto-que-cria-vagas-de-deputado\/"},"wordCount":764,"commentCount":0,"publisher":{"@id":"https:\/\/prefeitosegestoes.com.br\/portal\/#organization"},"image":{"@id":"https:\/\/prefeitosegestoes.com.br\/portal\/camara-vota-nesta-semana-para-acelerar-projeto-que-cria-vagas-de-deputado\/#primaryimage"},"thumbnailUrl":"https:\/\/prefeitosegestoes.com.br\/portal\/wp-content\/uploads\/2025\/05\/lula2762-2.webp","keywords":["C\u00e2mara dos Deputados","Estados","Gabinetes","Plen\u00e1rio","Vagas"],"articleSection":["Destaques"],"inLanguage":"pt-BR","potentialAction":[{"@type":"CommentAction","name":"Comment","target":["https:\/\/prefeitosegestoes.com.br\/portal\/camara-vota-nesta-semana-para-acelerar-projeto-que-cria-vagas-de-deputado\/#respond"]}]},{"@type":"WebPage","@id":"https:\/\/prefeitosegestoes.com.br\/portal\/camara-vota-nesta-semana-para-acelerar-projeto-que-cria-vagas-de-deputado\/","url":"https:\/\/prefeitosegestoes.com.br\/portal\/camara-vota-nesta-semana-para-acelerar-projeto-que-cria-vagas-de-deputado\/","name":"C\u00e2mara vota nesta semana para acelerar projeto que cria vagas de deputado - Prefeitos &amp; Gest\u00f5es","isPartOf":{"@id":"https:\/\/prefeitosegestoes.com.br\/portal\/#website"},"primaryImageOfPage":{"@id":"https:\/\/prefeitosegestoes.com.br\/portal\/camara-vota-nesta-semana-para-acelerar-projeto-que-cria-vagas-de-deputado\/#primaryimage"},"image":{"@id":"https:\/\/prefeitosegestoes.com.br\/portal\/camara-vota-nesta-semana-para-acelerar-projeto-que-cria-vagas-de-deputado\/#primaryimage"},"thumbnailUrl":"https:\/\/prefeitosegestoes.com.br\/portal\/wp-content\/uploads\/2025\/05\/lula2762-2.webp","datePublished":"2025-05-05T20:15:06+00:00","description":"A vota\u00e7\u00e3o da urg\u00eancia foi acertada na manh\u00e3 de quarta passada. A decis\u00e3o ocorreu durante reuni\u00e3o dos caciques da C\u00e2mara. Somente o partido Novo foi contra.A assessoria de Hugo Motta (Republicanos-PB) confirmou a vota\u00e7\u00e3o da urg\u00eancia. O presidente da C\u00e2mara \u00e9 da Para\u00edba, estado que corre o risco de ter o n\u00famero de deputados reduzido. Mas ele atua para aumentar as vagas desde a \u00e9poca em que era candidato ao comando da Casa.","breadcrumb":{"@id":"https:\/\/prefeitosegestoes.com.br\/portal\/camara-vota-nesta-semana-para-acelerar-projeto-que-cria-vagas-de-deputado\/#breadcrumb"},"inLanguage":"pt-BR","potentialAction":[{"@type":"ReadAction","target":["https:\/\/prefeitosegestoes.com.br\/portal\/camara-vota-nesta-semana-para-acelerar-projeto-que-cria-vagas-de-deputado\/"]}]},{"@type":"ImageObject","inLanguage":"pt-BR","@id":"https:\/\/prefeitosegestoes.com.br\/portal\/camara-vota-nesta-semana-para-acelerar-projeto-que-cria-vagas-de-deputado\/#primaryimage","url":"https:\/\/prefeitosegestoes.com.br\/portal\/wp-content\/uploads\/2025\/05\/lula2762-2.webp","contentUrl":"https:\/\/prefeitosegestoes.com.br\/portal\/wp-content\/uploads\/2025\/05\/lula2762-2.webp","width":1024,"height":768},{"@type":"BreadcrumbList","@id":"https:\/\/prefeitosegestoes.com.br\/portal\/camara-vota-nesta-semana-para-acelerar-projeto-que-cria-vagas-de-deputado\/#breadcrumb","itemListElement":[{"@type":"ListItem","position":1,"name":"In\u00edcio","item":"https:\/\/prefeitosegestoes.com.br\/portal\/"},{"@type":"ListItem","position":2,"name":"C\u00e2mara vota nesta semana para acelerar projeto que cria vagas de deputado"}]},{"@type":"WebSite","@id":"https:\/\/prefeitosegestoes.com.br\/portal\/#website","url":"https:\/\/prefeitosegestoes.com.br\/portal\/","name":"Prefeitos & Gest\u00f5es","description":"","publisher":{"@id":"https:\/\/prefeitosegestoes.com.br\/portal\/#organization"},"potentialAction":[{"@type":"SearchAction","target":{"@type":"EntryPoint","urlTemplate":"https:\/\/prefeitosegestoes.com.br\/portal\/?s={search_term_string}"},"query-input":{"@type":"PropertyValueSpecification","valueRequired":true,"valueName":"search_term_string"}}],"inLanguage":"pt-BR"},{"@type":"Organization","@id":"https:\/\/prefeitosegestoes.com.br\/portal\/#organization","name":"Prefeitos & Gest\u00f5es","url":"https:\/\/prefeitosegestoes.com.br\/portal\/","logo":{"@type":"ImageObject","inLanguage":"pt-BR","@id":"https:\/\/prefeitosegestoes.com.br\/portal\/#\/schema\/logo\/image\/","url":"https:\/\/prefeitosegestoes.com.br\/portal\/wp-content\/uploads\/2024\/10\/lg_trans_prefeitos_2024_preto2.png","contentUrl":"https:\/\/prefeitosegestoes.com.br\/portal\/wp-content\/uploads\/2024\/10\/lg_trans_prefeitos_2024_preto2.png","width":199,"height":122,"caption":"Prefeitos & Gest\u00f5es"},"image":{"@id":"https:\/\/prefeitosegestoes.com.br\/portal\/#\/schema\/logo\/image\/"},"sameAs":["https:\/\/www.facebook.com\/prefeitosonline","https:\/\/x.com\/PrefGestoes"]},{"@type":"Person","@id":"https:\/\/prefeitosegestoes.com.br\/portal\/#\/schema\/person\/d00059f2ec99963e7e1850d448ae94b8","name":"Prefeitos &amp; Gest\u00f5es","image":{"@type":"ImageObject","inLanguage":"pt-BR","@id":"https:\/\/secure.gravatar.com\/avatar\/738fb281e479212ed32c1a21a4307dda9f3af9292edb6918a16c9ce9fff5f48d?s=96&d=mm&r=g","url":"https:\/\/secure.gravatar.com\/avatar\/738fb281e479212ed32c1a21a4307dda9f3af9292edb6918a16c9ce9fff5f48d?s=96&d=mm&r=g","contentUrl":"https:\/\/secure.gravatar.com\/avatar\/738fb281e479212ed32c1a21a4307dda9f3af9292edb6918a16c9ce9fff5f48d?s=96&d=mm&r=g","caption":"Prefeitos &amp; Gest\u00f5es"},"url":"https:\/\/prefeitosegestoes.com.br\/portal\/author\/prefeitosegestoes\/"}]}},"_links":{"self":[{"href":"https:\/\/prefeitosegestoes.com.br\/portal\/wp-json\/wp\/v2\/posts\/3289","targetHints":{"allow":["GET"]}}],"collection":[{"href":"https:\/\/prefeitosegestoes.com.br\/portal\/wp-json\/wp\/v2\/posts"}],"about":[{"href":"https:\/\/prefeitosegestoes.com.br\/portal\/wp-json\/wp\/v2\/types\/post"}],"author":[{"embeddable":true,"href":"https:\/\/prefeitosegestoes.com.br\/portal\/wp-json\/wp\/v2\/users\/2"}],"replies":[{"embeddable":true,"href":"https:\/\/prefeitosegestoes.com.br\/portal\/wp-json\/wp\/v2\/comments?post=3289"}],"version-history":[{"count":1,"href":"https:\/\/prefeitosegestoes.com.br\/portal\/wp-json\/wp\/v2\/posts\/3289\/revisions"}],"predecessor-version":[{"id":3291,"href":"https:\/\/prefeitosegestoes.com.br\/portal\/wp-json\/wp\/v2\/posts\/3289\/revisions\/3291"}],"wp:featuredmedia":[{"embeddable":true,"href":"https:\/\/prefeitosegestoes.com.br\/portal\/wp-json\/wp\/v2\/media\/3290"}],"wp:attachment":[{"href":"https:\/\/prefeitosegestoes.com.br\/portal\/wp-json\/wp\/v2\/media?parent=3289"}],"wp:term":[{"taxonomy":"category","embeddable":true,"href":"https:\/\/prefeitosegestoes.com.br\/portal\/wp-json\/wp\/v2\/categories?post=3289"},{"taxonomy":"post_tag","embeddable":true,"href":"https:\/\/prefeitosegestoes.com.br\/portal\/wp-json\/wp\/v2\/tags?post=3289"}],"curies":[{"name":"wp","href":"https:\/\/api.w.org\/{rel}","templated":true}]}}