{"id":3283,"date":"2025-05-02T14:52:42","date_gmt":"2025-05-02T17:52:42","guid":{"rendered":"https:\/\/prefeitosegestoes.com.br\/portal\/?p=3283"},"modified":"2025-05-02T14:52:42","modified_gmt":"2025-05-02T17:52:42","slug":"sancionada-lei-que-garante-terapia-nutricional-para-autistas","status":"publish","type":"post","link":"https:\/\/prefeitosegestoes.com.br\/portal\/sancionada-lei-que-garante-terapia-nutricional-para-autistas\/","title":{"rendered":"Sancionada lei que garante terapia nutricional para autistas"},"content":{"rendered":"<div class=\"capa-noticia rel-position\"><\/div>\n<div class=\"texto-container\">\n<h2 class=\"asset__summary\">A nova norma visa combater desafios alimentares e promover a sa\u00fade.<\/h2>\n<div class=\"asset__actions\">\n<div class=\"asset__info\">\n<p class=\"asset__publisher\">Congresso em Foco<\/p>\n<p class=\"asset__date\">2\/5\/2025\u00a0<span class=\"ng-star-inserted\">13:25<\/span><\/p>\n<\/div>\n<div class=\"asset__font-size\"><span class=\"asset__font-size--decrease\">A-<\/span><span class=\"asset__font-size--increase\">A+<\/span><\/div>\n<\/div>\n<div class=\"titulo-foto\">\n<h5>Bras\u00edlia (DF) 10\/05\/2024 A 2\u00aa edi\u00e7\u00e3o da Casa dos Sentidos chega hoje a Bras\u00edlia e permanece at\u00e9 30 de maio, na Biblioteca Nacional. Trata-se do maior projeto art\u00edstico e arquitet\u00f4nico de conscientiza\u00e7\u00e3o sobre o Transtorno do Espectro Autista (TEA). A Casa simula os sentimentos e viv\u00eancias de crian\u00e7as e adolescentes com autismo em todos os c\u00f4modos. Foto: Fabio Rodrigues-Pozzebom\/ Ag\u00eancia Brasil<\/h5>\n<\/div>\n<p>O presidente Luiz In\u00e1cio Lula da Silva sancionou a\u00a0<a href=\"https:\/\/www.planalto.gov.br\/ccivil_03\/_Ato2023-2026\/2025\/Lei\/L15131.htm\" target=\"_blank\" rel=\"noopener\">lei 15.131\/2025<\/a>, que estabelece diretrizes para a terapia nutricional de pessoas com Transtorno do Espectro Autista (TEA). A lei, publicada no Di\u00e1rio Oficial da Uni\u00e3o em 30 de abril, altera a lei 12.764\/2012, que institui a Pol\u00edtica Nacional de Prote\u00e7\u00e3o dos Direitos da Pessoa com TEA.<\/p>\n<p>A legisla\u00e7\u00e3o determina que a terapia nutricional para autistas englobe a\u00e7\u00f5es de cuidado, promo\u00e7\u00e3o e prote\u00e7\u00e3o alimentar, realizadas por profissionais de sa\u00fade habilitados e de acordo com protocolos cl\u00ednicos e diretrizes terap\u00eauticas oficiais.<\/p>\n<p>Origin\u00e1ria do PL 4.262\/2020, da ex-deputada Aline Gurgel (AP), a proposta visa combater dificuldades alimentares comuns em pessoas com TEA, como a seletividade alimentar, que pode restringir a variedade nutricional e causar defici\u00eancias ou problemas como obesidade e desnutri\u00e7\u00e3o.<\/p>\n<p>No Senado, o projeto recebeu parecer favor\u00e1vel da Comiss\u00e3o de Assuntos Sociais (CAS), relatado pelo senador\u00a0<a class=\"parlLink ignore-hover\" href=\"https:\/\/radar.congressoemfoco.com.br\/parlamentar\/2345\/perfil\" target=\"_blank\" rel=\"noopener\">Fl\u00e1vio Arns<\/a>\u00a0(PSB-PR). O senador destacou que entre 40% e 80% das crian\u00e7as autistas apresentam dieta restrita e de baixo valor nutricional, justificando a import\u00e2ncia da lei.<\/p>\n<p>O senador\u00a0<a class=\"parlLink ignore-hover\" href=\"https:\/\/radar.congressoemfoco.com.br\/parlamentar\/2825\/perfil\" target=\"_blank\" rel=\"noopener\">Paulo Paim<\/a>\u00a0(PT-RS) leu o relat\u00f3rio no Plen\u00e1rio, enfatizando que &#8220;o projeto garante que os profissionais de sa\u00fade realizem avalia\u00e7\u00f5es criteriosas dos riscos nutricionais &#8211; alergia, intoler\u00e2ncia, avers\u00e3o a determinados alimentos -, al\u00e9m do \u00f4nus financeiro desses tratamentos para as fam\u00edlias e para o poder p\u00fablico, especialmente porque os h\u00e1bitos alimentares inadequados, o sedentarismo e o uso de medica\u00e7\u00e3o podem levar ao aumento do peso&#8221;.<\/p>\n<p>Na vota\u00e7\u00e3o, em 2 de abril, o presidente do Senado,\u00a0<a class=\"parlLink ignore-hover\" href=\"https:\/\/radar.congressoemfoco.com.br\/parlamentar\/23830\/perfil\" target=\"_blank\" rel=\"noopener\">Davi Alcolumbre<\/a>, ressaltou a import\u00e2ncia da medida para a inclus\u00e3o. &#8220;Muitas coisas que aparentemente possam ser ou parecer pequenas s\u00e3o grandiosas na vida dessas pessoas quando a gente coloca na legisla\u00e7\u00e3o brasileira, no arcabou\u00e7o legislativo brasileiro, uma lei que possa proteger essas pessoas. E hoje \u00e9 um sinal claro que n\u00f3s estamos cuidando de quem precisa ser cuidado&#8221;, afirmou Davi.<\/p>\n<p>A senadora Dra. Eud\u00f3cia (PL-AL), m\u00e9dica, defendeu a iniciativa, destacando a import\u00e2ncia do diagn\u00f3stico precoce e acesso a terapias. &#8220;A empatia e a informa\u00e7\u00e3o s\u00e3o ferramentas poderosas para desmistificar preconceitos e construir um futuro no qual todas as pessoas sejam valorizadas por quem realmente s\u00e3o&#8221;, declarou.<\/p>\n<p>Fonte: Congresso em Foco<\/p>\n<\/div>\n","protected":false},"excerpt":{"rendered":"<p>A nova norma visa combater desafios alimentares e promover a sa\u00fade. Congresso em Foco 2\/5\/2025\u00a013:25 A-A+ Bras\u00edlia (DF) 10\/05\/2024 A 2\u00aa edi\u00e7\u00e3o da Casa dos Sentidos chega hoje a Bras\u00edlia e permanece at\u00e9 30 de maio, na Biblioteca Nacional. Trata-se do maior projeto art\u00edstico e arquitet\u00f4nico de conscientiza\u00e7\u00e3o sobre o Transtorno do Espectro Autista (TEA). [&hellip;]<\/p>\n","protected":false},"author":2,"featured_media":3284,"comment_status":"open","ping_status":"open","sticky":false,"template":"","format":"standard","meta":{"rop_custom_images_group":[],"rop_custom_messages_group":[],"rop_publish_now":"initial","rop_publish_now_accounts":{"twitter_850042665852968960_850042665852968960":""},"rop_publish_now_history":[],"rop_publish_now_status":"pending","footnotes":""},"categories":[15],"tags":[579,581,582,580],"class_list":["post-3283","post","type-post","status-publish","format-standard","has-post-thumbnail","hentry","category-destaques","tag-autismo","tag-senador","tag-senadora","tag-transtorno-do-espectro-autista-tea"],"yoast_head":"<!-- This site is optimized with the Yoast SEO plugin v27.2 - https:\/\/yoast.com\/product\/yoast-seo-wordpress\/ -->\n<title>Sancionada lei que garante terapia nutricional para autistas - Prefeitos &amp; Gest\u00f5es<\/title>\n<meta name=\"description\" content=\"O presidente Luiz In\u00e1cio Lula da Silva sancionou a\u00a0lei 15.131\/2025, que estabelece diretrizes para a terapia nutricional de pessoas com Transtorno do Espectro Autista (TEA). A lei, publicada no Di\u00e1rio Oficial da Uni\u00e3o em 30 de abril, altera a lei 12.764\/2012, que institui a Pol\u00edtica Nacional de Prote\u00e7\u00e3o dos Direitos da Pessoa com TEA.\" \/>\n<meta name=\"robots\" content=\"index, follow, max-snippet:-1, max-image-preview:large, max-video-preview:-1\" \/>\n<link rel=\"canonical\" href=\"https:\/\/prefeitosegestoes.com.br\/portal\/sancionada-lei-que-garante-terapia-nutricional-para-autistas\/\" \/>\n<meta property=\"og:locale\" content=\"pt_BR\" \/>\n<meta property=\"og:type\" content=\"article\" \/>\n<meta property=\"og:title\" content=\"Sancionada lei que garante terapia nutricional para autistas - Prefeitos &amp; Gest\u00f5es\" \/>\n<meta property=\"og:description\" content=\"O presidente Luiz In\u00e1cio Lula da Silva sancionou a\u00a0lei 15.131\/2025, que estabelece diretrizes para a terapia nutricional de pessoas com Transtorno do Espectro Autista (TEA). A lei, publicada no Di\u00e1rio Oficial da Uni\u00e3o em 30 de abril, altera a lei 12.764\/2012, que institui a Pol\u00edtica Nacional de Prote\u00e7\u00e3o dos Direitos da Pessoa com TEA.\" \/>\n<meta property=\"og:url\" content=\"https:\/\/prefeitosegestoes.com.br\/portal\/sancionada-lei-que-garante-terapia-nutricional-para-autistas\/\" \/>\n<meta property=\"og:site_name\" content=\"Prefeitos &amp; Gest\u00f5es\" \/>\n<meta property=\"article:publisher\" content=\"https:\/\/www.facebook.com\/prefeitosonline\" \/>\n<meta property=\"article:published_time\" content=\"2025-05-02T17:52:42+00:00\" \/>\n<meta property=\"og:image\" content=\"https:\/\/prefeitosegestoes.com.br\/portal\/wp-content\/uploads\/2025\/05\/10052024-pzzb1733.webp\" \/>\n\t<meta property=\"og:image:width\" content=\"1024\" \/>\n\t<meta property=\"og:image:height\" content=\"768\" \/>\n\t<meta property=\"og:image:type\" content=\"image\/webp\" \/>\n<meta name=\"author\" content=\"Prefeitos &amp; Gest\u00f5es\" \/>\n<meta name=\"twitter:card\" content=\"summary_large_image\" \/>\n<meta name=\"twitter:creator\" content=\"@PrefGestoes\" \/>\n<meta name=\"twitter:site\" content=\"@PrefGestoes\" \/>\n<meta name=\"twitter:label1\" content=\"Escrito por\" \/>\n\t<meta name=\"twitter:data1\" content=\"Prefeitos &amp; Gest\u00f5es\" \/>\n\t<meta name=\"twitter:label2\" content=\"Est. tempo de leitura\" \/>\n\t<meta name=\"twitter:data2\" content=\"3 minutos\" \/>\n<script type=\"application\/ld+json\" class=\"yoast-schema-graph\">{\"@context\":\"https:\/\/schema.org\",\"@graph\":[{\"@type\":\"Article\",\"@id\":\"https:\/\/prefeitosegestoes.com.br\/portal\/sancionada-lei-que-garante-terapia-nutricional-para-autistas\/#article\",\"isPartOf\":{\"@id\":\"https:\/\/prefeitosegestoes.com.br\/portal\/sancionada-lei-que-garante-terapia-nutricional-para-autistas\/\"},\"author\":{\"name\":\"Prefeitos &amp; Gest\u00f5es\",\"@id\":\"https:\/\/prefeitosegestoes.com.br\/portal\/#\/schema\/person\/d00059f2ec99963e7e1850d448ae94b8\"},\"headline\":\"Sancionada lei que garante terapia nutricional para autistas\",\"datePublished\":\"2025-05-02T17:52:42+00:00\",\"mainEntityOfPage\":{\"@id\":\"https:\/\/prefeitosegestoes.com.br\/portal\/sancionada-lei-que-garante-terapia-nutricional-para-autistas\/\"},\"wordCount\":487,\"commentCount\":0,\"publisher\":{\"@id\":\"https:\/\/prefeitosegestoes.com.br\/portal\/#organization\"},\"image\":{\"@id\":\"https:\/\/prefeitosegestoes.com.br\/portal\/sancionada-lei-que-garante-terapia-nutricional-para-autistas\/#primaryimage\"},\"thumbnailUrl\":\"https:\/\/prefeitosegestoes.com.br\/portal\/wp-content\/uploads\/2025\/05\/10052024-pzzb1733.webp\",\"keywords\":[\"Autismo\",\"Senador\",\"Senadora\",\"Transtorno do Espectro Autista (TEA).\"],\"articleSection\":[\"Destaques\"],\"inLanguage\":\"pt-BR\",\"potentialAction\":[{\"@type\":\"CommentAction\",\"name\":\"Comment\",\"target\":[\"https:\/\/prefeitosegestoes.com.br\/portal\/sancionada-lei-que-garante-terapia-nutricional-para-autistas\/#respond\"]}]},{\"@type\":\"WebPage\",\"@id\":\"https:\/\/prefeitosegestoes.com.br\/portal\/sancionada-lei-que-garante-terapia-nutricional-para-autistas\/\",\"url\":\"https:\/\/prefeitosegestoes.com.br\/portal\/sancionada-lei-que-garante-terapia-nutricional-para-autistas\/\",\"name\":\"Sancionada lei que garante terapia nutricional para autistas - Prefeitos &amp; Gest\u00f5es\",\"isPartOf\":{\"@id\":\"https:\/\/prefeitosegestoes.com.br\/portal\/#website\"},\"primaryImageOfPage\":{\"@id\":\"https:\/\/prefeitosegestoes.com.br\/portal\/sancionada-lei-que-garante-terapia-nutricional-para-autistas\/#primaryimage\"},\"image\":{\"@id\":\"https:\/\/prefeitosegestoes.com.br\/portal\/sancionada-lei-que-garante-terapia-nutricional-para-autistas\/#primaryimage\"},\"thumbnailUrl\":\"https:\/\/prefeitosegestoes.com.br\/portal\/wp-content\/uploads\/2025\/05\/10052024-pzzb1733.webp\",\"datePublished\":\"2025-05-02T17:52:42+00:00\",\"description\":\"O presidente Luiz In\u00e1cio Lula da Silva sancionou a\u00a0lei 15.131\/2025, que estabelece diretrizes para a terapia nutricional de pessoas com Transtorno do Espectro Autista (TEA). A lei, publicada no Di\u00e1rio Oficial da Uni\u00e3o em 30 de abril, altera a lei 12.764\/2012, que institui a Pol\u00edtica Nacional de Prote\u00e7\u00e3o dos Direitos da Pessoa com TEA.\",\"breadcrumb\":{\"@id\":\"https:\/\/prefeitosegestoes.com.br\/portal\/sancionada-lei-que-garante-terapia-nutricional-para-autistas\/#breadcrumb\"},\"inLanguage\":\"pt-BR\",\"potentialAction\":[{\"@type\":\"ReadAction\",\"target\":[\"https:\/\/prefeitosegestoes.com.br\/portal\/sancionada-lei-que-garante-terapia-nutricional-para-autistas\/\"]}]},{\"@type\":\"ImageObject\",\"inLanguage\":\"pt-BR\",\"@id\":\"https:\/\/prefeitosegestoes.com.br\/portal\/sancionada-lei-que-garante-terapia-nutricional-para-autistas\/#primaryimage\",\"url\":\"https:\/\/prefeitosegestoes.com.br\/portal\/wp-content\/uploads\/2025\/05\/10052024-pzzb1733.webp\",\"contentUrl\":\"https:\/\/prefeitosegestoes.com.br\/portal\/wp-content\/uploads\/2025\/05\/10052024-pzzb1733.webp\",\"width\":1024,\"height\":768},{\"@type\":\"BreadcrumbList\",\"@id\":\"https:\/\/prefeitosegestoes.com.br\/portal\/sancionada-lei-que-garante-terapia-nutricional-para-autistas\/#breadcrumb\",\"itemListElement\":[{\"@type\":\"ListItem\",\"position\":1,\"name\":\"In\u00edcio\",\"item\":\"https:\/\/prefeitosegestoes.com.br\/portal\/\"},{\"@type\":\"ListItem\",\"position\":2,\"name\":\"Sancionada lei que garante terapia nutricional para autistas\"}]},{\"@type\":\"WebSite\",\"@id\":\"https:\/\/prefeitosegestoes.com.br\/portal\/#website\",\"url\":\"https:\/\/prefeitosegestoes.com.br\/portal\/\",\"name\":\"Prefeitos & Gest\u00f5es\",\"description\":\"\",\"publisher\":{\"@id\":\"https:\/\/prefeitosegestoes.com.br\/portal\/#organization\"},\"potentialAction\":[{\"@type\":\"SearchAction\",\"target\":{\"@type\":\"EntryPoint\",\"urlTemplate\":\"https:\/\/prefeitosegestoes.com.br\/portal\/?s={search_term_string}\"},\"query-input\":{\"@type\":\"PropertyValueSpecification\",\"valueRequired\":true,\"valueName\":\"search_term_string\"}}],\"inLanguage\":\"pt-BR\"},{\"@type\":\"Organization\",\"@id\":\"https:\/\/prefeitosegestoes.com.br\/portal\/#organization\",\"name\":\"Prefeitos & Gest\u00f5es\",\"url\":\"https:\/\/prefeitosegestoes.com.br\/portal\/\",\"logo\":{\"@type\":\"ImageObject\",\"inLanguage\":\"pt-BR\",\"@id\":\"https:\/\/prefeitosegestoes.com.br\/portal\/#\/schema\/logo\/image\/\",\"url\":\"https:\/\/prefeitosegestoes.com.br\/portal\/wp-content\/uploads\/2024\/10\/lg_trans_prefeitos_2024_preto2.png\",\"contentUrl\":\"https:\/\/prefeitosegestoes.com.br\/portal\/wp-content\/uploads\/2024\/10\/lg_trans_prefeitos_2024_preto2.png\",\"width\":199,\"height\":122,\"caption\":\"Prefeitos & Gest\u00f5es\"},\"image\":{\"@id\":\"https:\/\/prefeitosegestoes.com.br\/portal\/#\/schema\/logo\/image\/\"},\"sameAs\":[\"https:\/\/www.facebook.com\/prefeitosonline\",\"https:\/\/x.com\/PrefGestoes\"]},{\"@type\":\"Person\",\"@id\":\"https:\/\/prefeitosegestoes.com.br\/portal\/#\/schema\/person\/d00059f2ec99963e7e1850d448ae94b8\",\"name\":\"Prefeitos &amp; Gest\u00f5es\",\"image\":{\"@type\":\"ImageObject\",\"inLanguage\":\"pt-BR\",\"@id\":\"https:\/\/secure.gravatar.com\/avatar\/738fb281e479212ed32c1a21a4307dda9f3af9292edb6918a16c9ce9fff5f48d?s=96&d=mm&r=g\",\"url\":\"https:\/\/secure.gravatar.com\/avatar\/738fb281e479212ed32c1a21a4307dda9f3af9292edb6918a16c9ce9fff5f48d?s=96&d=mm&r=g\",\"contentUrl\":\"https:\/\/secure.gravatar.com\/avatar\/738fb281e479212ed32c1a21a4307dda9f3af9292edb6918a16c9ce9fff5f48d?s=96&d=mm&r=g\",\"caption\":\"Prefeitos &amp; Gest\u00f5es\"},\"url\":\"https:\/\/prefeitosegestoes.com.br\/portal\/author\/prefeitosegestoes\/\"}]}<\/script>\n<!-- \/ Yoast SEO plugin. -->","yoast_head_json":{"title":"Sancionada lei que garante terapia nutricional para autistas - Prefeitos &amp; Gest\u00f5es","description":"O presidente Luiz In\u00e1cio Lula da Silva sancionou a\u00a0lei 15.131\/2025, que estabelece diretrizes para a terapia nutricional de pessoas com Transtorno do Espectro Autista (TEA). A lei, publicada no Di\u00e1rio Oficial da Uni\u00e3o em 30 de abril, altera a lei 12.764\/2012, que institui a Pol\u00edtica Nacional de Prote\u00e7\u00e3o dos Direitos da Pessoa com TEA.","robots":{"index":"index","follow":"follow","max-snippet":"max-snippet:-1","max-image-preview":"max-image-preview:large","max-video-preview":"max-video-preview:-1"},"canonical":"https:\/\/prefeitosegestoes.com.br\/portal\/sancionada-lei-que-garante-terapia-nutricional-para-autistas\/","og_locale":"pt_BR","og_type":"article","og_title":"Sancionada lei que garante terapia nutricional para autistas - Prefeitos &amp; Gest\u00f5es","og_description":"O presidente Luiz In\u00e1cio Lula da Silva sancionou a\u00a0lei 15.131\/2025, que estabelece diretrizes para a terapia nutricional de pessoas com Transtorno do Espectro Autista (TEA). A lei, publicada no Di\u00e1rio Oficial da Uni\u00e3o em 30 de abril, altera a lei 12.764\/2012, que institui a Pol\u00edtica Nacional de Prote\u00e7\u00e3o dos Direitos da Pessoa com TEA.","og_url":"https:\/\/prefeitosegestoes.com.br\/portal\/sancionada-lei-que-garante-terapia-nutricional-para-autistas\/","og_site_name":"Prefeitos &amp; Gest\u00f5es","article_publisher":"https:\/\/www.facebook.com\/prefeitosonline","article_published_time":"2025-05-02T17:52:42+00:00","og_image":[{"width":1024,"height":768,"url":"https:\/\/prefeitosegestoes.com.br\/portal\/wp-content\/uploads\/2025\/05\/10052024-pzzb1733.webp","type":"image\/webp"}],"author":"Prefeitos &amp; Gest\u00f5es","twitter_card":"summary_large_image","twitter_creator":"@PrefGestoes","twitter_site":"@PrefGestoes","twitter_misc":{"Escrito por":"Prefeitos &amp; Gest\u00f5es","Est. tempo de leitura":"3 minutos"},"schema":{"@context":"https:\/\/schema.org","@graph":[{"@type":"Article","@id":"https:\/\/prefeitosegestoes.com.br\/portal\/sancionada-lei-que-garante-terapia-nutricional-para-autistas\/#article","isPartOf":{"@id":"https:\/\/prefeitosegestoes.com.br\/portal\/sancionada-lei-que-garante-terapia-nutricional-para-autistas\/"},"author":{"name":"Prefeitos &amp; Gest\u00f5es","@id":"https:\/\/prefeitosegestoes.com.br\/portal\/#\/schema\/person\/d00059f2ec99963e7e1850d448ae94b8"},"headline":"Sancionada lei que garante terapia nutricional para autistas","datePublished":"2025-05-02T17:52:42+00:00","mainEntityOfPage":{"@id":"https:\/\/prefeitosegestoes.com.br\/portal\/sancionada-lei-que-garante-terapia-nutricional-para-autistas\/"},"wordCount":487,"commentCount":0,"publisher":{"@id":"https:\/\/prefeitosegestoes.com.br\/portal\/#organization"},"image":{"@id":"https:\/\/prefeitosegestoes.com.br\/portal\/sancionada-lei-que-garante-terapia-nutricional-para-autistas\/#primaryimage"},"thumbnailUrl":"https:\/\/prefeitosegestoes.com.br\/portal\/wp-content\/uploads\/2025\/05\/10052024-pzzb1733.webp","keywords":["Autismo","Senador","Senadora","Transtorno do Espectro Autista (TEA)."],"articleSection":["Destaques"],"inLanguage":"pt-BR","potentialAction":[{"@type":"CommentAction","name":"Comment","target":["https:\/\/prefeitosegestoes.com.br\/portal\/sancionada-lei-que-garante-terapia-nutricional-para-autistas\/#respond"]}]},{"@type":"WebPage","@id":"https:\/\/prefeitosegestoes.com.br\/portal\/sancionada-lei-que-garante-terapia-nutricional-para-autistas\/","url":"https:\/\/prefeitosegestoes.com.br\/portal\/sancionada-lei-que-garante-terapia-nutricional-para-autistas\/","name":"Sancionada lei que garante terapia nutricional para autistas - Prefeitos &amp; Gest\u00f5es","isPartOf":{"@id":"https:\/\/prefeitosegestoes.com.br\/portal\/#website"},"primaryImageOfPage":{"@id":"https:\/\/prefeitosegestoes.com.br\/portal\/sancionada-lei-que-garante-terapia-nutricional-para-autistas\/#primaryimage"},"image":{"@id":"https:\/\/prefeitosegestoes.com.br\/portal\/sancionada-lei-que-garante-terapia-nutricional-para-autistas\/#primaryimage"},"thumbnailUrl":"https:\/\/prefeitosegestoes.com.br\/portal\/wp-content\/uploads\/2025\/05\/10052024-pzzb1733.webp","datePublished":"2025-05-02T17:52:42+00:00","description":"O presidente Luiz In\u00e1cio Lula da Silva sancionou a\u00a0lei 15.131\/2025, que estabelece diretrizes para a terapia nutricional de pessoas com Transtorno do Espectro Autista (TEA). A lei, publicada no Di\u00e1rio Oficial da Uni\u00e3o em 30 de abril, altera a lei 12.764\/2012, que institui a Pol\u00edtica Nacional de Prote\u00e7\u00e3o dos Direitos da Pessoa com TEA.","breadcrumb":{"@id":"https:\/\/prefeitosegestoes.com.br\/portal\/sancionada-lei-que-garante-terapia-nutricional-para-autistas\/#breadcrumb"},"inLanguage":"pt-BR","potentialAction":[{"@type":"ReadAction","target":["https:\/\/prefeitosegestoes.com.br\/portal\/sancionada-lei-que-garante-terapia-nutricional-para-autistas\/"]}]},{"@type":"ImageObject","inLanguage":"pt-BR","@id":"https:\/\/prefeitosegestoes.com.br\/portal\/sancionada-lei-que-garante-terapia-nutricional-para-autistas\/#primaryimage","url":"https:\/\/prefeitosegestoes.com.br\/portal\/wp-content\/uploads\/2025\/05\/10052024-pzzb1733.webp","contentUrl":"https:\/\/prefeitosegestoes.com.br\/portal\/wp-content\/uploads\/2025\/05\/10052024-pzzb1733.webp","width":1024,"height":768},{"@type":"BreadcrumbList","@id":"https:\/\/prefeitosegestoes.com.br\/portal\/sancionada-lei-que-garante-terapia-nutricional-para-autistas\/#breadcrumb","itemListElement":[{"@type":"ListItem","position":1,"name":"In\u00edcio","item":"https:\/\/prefeitosegestoes.com.br\/portal\/"},{"@type":"ListItem","position":2,"name":"Sancionada lei que garante terapia nutricional para autistas"}]},{"@type":"WebSite","@id":"https:\/\/prefeitosegestoes.com.br\/portal\/#website","url":"https:\/\/prefeitosegestoes.com.br\/portal\/","name":"Prefeitos & Gest\u00f5es","description":"","publisher":{"@id":"https:\/\/prefeitosegestoes.com.br\/portal\/#organization"},"potentialAction":[{"@type":"SearchAction","target":{"@type":"EntryPoint","urlTemplate":"https:\/\/prefeitosegestoes.com.br\/portal\/?s={search_term_string}"},"query-input":{"@type":"PropertyValueSpecification","valueRequired":true,"valueName":"search_term_string"}}],"inLanguage":"pt-BR"},{"@type":"Organization","@id":"https:\/\/prefeitosegestoes.com.br\/portal\/#organization","name":"Prefeitos & Gest\u00f5es","url":"https:\/\/prefeitosegestoes.com.br\/portal\/","logo":{"@type":"ImageObject","inLanguage":"pt-BR","@id":"https:\/\/prefeitosegestoes.com.br\/portal\/#\/schema\/logo\/image\/","url":"https:\/\/prefeitosegestoes.com.br\/portal\/wp-content\/uploads\/2024\/10\/lg_trans_prefeitos_2024_preto2.png","contentUrl":"https:\/\/prefeitosegestoes.com.br\/portal\/wp-content\/uploads\/2024\/10\/lg_trans_prefeitos_2024_preto2.png","width":199,"height":122,"caption":"Prefeitos & Gest\u00f5es"},"image":{"@id":"https:\/\/prefeitosegestoes.com.br\/portal\/#\/schema\/logo\/image\/"},"sameAs":["https:\/\/www.facebook.com\/prefeitosonline","https:\/\/x.com\/PrefGestoes"]},{"@type":"Person","@id":"https:\/\/prefeitosegestoes.com.br\/portal\/#\/schema\/person\/d00059f2ec99963e7e1850d448ae94b8","name":"Prefeitos &amp; Gest\u00f5es","image":{"@type":"ImageObject","inLanguage":"pt-BR","@id":"https:\/\/secure.gravatar.com\/avatar\/738fb281e479212ed32c1a21a4307dda9f3af9292edb6918a16c9ce9fff5f48d?s=96&d=mm&r=g","url":"https:\/\/secure.gravatar.com\/avatar\/738fb281e479212ed32c1a21a4307dda9f3af9292edb6918a16c9ce9fff5f48d?s=96&d=mm&r=g","contentUrl":"https:\/\/secure.gravatar.com\/avatar\/738fb281e479212ed32c1a21a4307dda9f3af9292edb6918a16c9ce9fff5f48d?s=96&d=mm&r=g","caption":"Prefeitos &amp; Gest\u00f5es"},"url":"https:\/\/prefeitosegestoes.com.br\/portal\/author\/prefeitosegestoes\/"}]}},"_links":{"self":[{"href":"https:\/\/prefeitosegestoes.com.br\/portal\/wp-json\/wp\/v2\/posts\/3283","targetHints":{"allow":["GET"]}}],"collection":[{"href":"https:\/\/prefeitosegestoes.com.br\/portal\/wp-json\/wp\/v2\/posts"}],"about":[{"href":"https:\/\/prefeitosegestoes.com.br\/portal\/wp-json\/wp\/v2\/types\/post"}],"author":[{"embeddable":true,"href":"https:\/\/prefeitosegestoes.com.br\/portal\/wp-json\/wp\/v2\/users\/2"}],"replies":[{"embeddable":true,"href":"https:\/\/prefeitosegestoes.com.br\/portal\/wp-json\/wp\/v2\/comments?post=3283"}],"version-history":[{"count":1,"href":"https:\/\/prefeitosegestoes.com.br\/portal\/wp-json\/wp\/v2\/posts\/3283\/revisions"}],"predecessor-version":[{"id":3285,"href":"https:\/\/prefeitosegestoes.com.br\/portal\/wp-json\/wp\/v2\/posts\/3283\/revisions\/3285"}],"wp:featuredmedia":[{"embeddable":true,"href":"https:\/\/prefeitosegestoes.com.br\/portal\/wp-json\/wp\/v2\/media\/3284"}],"wp:attachment":[{"href":"https:\/\/prefeitosegestoes.com.br\/portal\/wp-json\/wp\/v2\/media?parent=3283"}],"wp:term":[{"taxonomy":"category","embeddable":true,"href":"https:\/\/prefeitosegestoes.com.br\/portal\/wp-json\/wp\/v2\/categories?post=3283"},{"taxonomy":"post_tag","embeddable":true,"href":"https:\/\/prefeitosegestoes.com.br\/portal\/wp-json\/wp\/v2\/tags?post=3283"}],"curies":[{"name":"wp","href":"https:\/\/api.w.org\/{rel}","templated":true}]}}