{"id":3280,"date":"2025-05-02T14:45:49","date_gmt":"2025-05-02T17:45:49","guid":{"rendered":"https:\/\/prefeitosegestoes.com.br\/portal\/?p=3280"},"modified":"2025-05-02T14:56:12","modified_gmt":"2025-05-02T17:56:12","slug":"brasileiros-veem-menos-risco-na-crise-climatica","status":"publish","type":"post","link":"https:\/\/prefeitosegestoes.com.br\/portal\/brasileiros-veem-menos-risco-na-crise-climatica\/","title":{"rendered":"Brasileiros veem menos risco na crise clim\u00e1tica."},"content":{"rendered":"<div class=\"columns__middle\">\n<div class=\"mb-40\">\n<div>\n<div class=\"ng-star-inserted\">\n<div class=\"widget\">\n<div class=\"widget__row\">\n<div class=\"widget__column\">\n<div>\n<div class=\"ng-star-inserted\">\n<div class=\"asset\">\n<div class=\"capa-noticia rel-position\">\n<div class=\"credito-foto abs-position fullwidth\">Ag\u00eancia Brasil<\/div>\n<\/div>\n<div class=\"texto-container\">\n<div class=\"editoria\">Geral<\/div>\n<div class=\"titulo-foto\">Manaus, AM 06\/07\/2024 Cenas da Amaz\u00f4nia. Floresta margeada pelo Rio Negro Foto: Fabio Rodrigues-Pozzebom<\/div>\n<\/div>\n<h2 class=\"asset__summary\">A seis meses da COP30, pesquisa detecta aumento na parcela dos que negam o risco das mudan\u00e7as do clima.<\/h2>\n<div class=\"asset__actions\">\n<div class=\"asset__info\">\n<p class=\"asset__publisher\">Congresso em Foco<\/p>\n<p class=\"asset__date\">2\/5\/2025\u00a0<span class=\"ng-star-inserted\">9:12<\/span><\/p>\n<\/div>\n<\/div>\n<div class=\"asset__content leitura-materia-108167\">\n<div class=\"html-content\">\n<p>Uma pesquisa Datafolha divulgada na noite de quinta-feira (1\u00ba) mostra uma tend\u00eancia de alta na taxa de brasileiros que as mudan\u00e7as clim\u00e1ticas n\u00e3o representam risco algum. Essa parcela, que era de 5% em junho de 2024 e de 7% em outubro do mesmo ano, agora est\u00e1 em 9%.<\/p>\n<p>Do outro lado, hoje 53% consideram que as mudan\u00e7as clim\u00e1ticas s\u00e3o um risco imediato para a popula\u00e7\u00e3o do planeta. H\u00e1 seis meses, essa taxa era de 60%.<\/p>\n<p><iframe id=\"datawrapper-chart-MSixG\" title=\"Datafolha: percep\u00e7\u00e3o de risco sobre a crise clim\u00e1tica\" src=\"https:\/\/datawrapper.dwcdn.net\/MSixG\/1\/\" height=\"622\" frameborder=\"0\" scrolling=\"no\" aria-label=\"Interactive line chart\" data-external=\"1\" data-mce-fragment=\"1\"><\/iframe><\/p>\n<p>O resultado da pesquisa vem a cerca de seis meses antes da\u00a0<a href=\"https:\/\/www.congressoemfoco.com.br\/noticia\/107562\/governo-lanca-curso-online-gratuito-sobre-a-cop30\" target=\"_blank\" rel=\"noopener\">realiza\u00e7\u00e3o da COP30<\/a>\u00a0no Brasil. O evento, marcado para 10 a 21 de novembro deste ano em Bel\u00e9m (PA), reunir\u00e1 lideran\u00e7as internacionais, ONGs e cientistas no debate de a\u00e7\u00f5es para combater as mudan\u00e7as do clima na capital paraense.<\/p>\n<p>A pesquisa Datafolha entrevistou 2002 pessoas presencialmente em 113 cidades no per\u00edodo de 8 a 11 de abril de 2025. A margem de erro \u00e9 de dois pontos percentuais.<\/p>\n<p><img fetchpriority=\"high\" decoding=\"async\" title=\"Vista a\u00e9rea do Rio Negro, na Amaz\u00f4nia.\" src=\"https:\/\/static.congressoemfoco.com.br\/CONG_MATERIA\/2025\/05\/02\/9799a9_CONG_MATERIA_800rionegrojpg.jpg\" alt=\"Vista a\u00e9rea do Rio Negro, na Amaz\u00f4nia.\" width=\"1200\" height=\"800\" \/><\/p>\n<div class=\"img-info\"><span class=\"img-legenda\">Vista a\u00e9rea do Rio Negro, na Amaz\u00f4nia.<\/span><span class=\"img-credito\">Fabio Rodrigues-Pozzebom\/Ag\u00eancia Brasil<\/span><\/div>\n<p>&nbsp;<\/p>\n<p>Fonte: Congresso em Foco<\/p>\n<\/div>\n<\/div>\n<\/div>\n<\/div>\n<\/div>\n<\/div>\n<\/div>\n<\/div>\n<\/div>\n<\/div>\n<\/div>\n<\/div>\n","protected":false},"excerpt":{"rendered":"<p>Ag\u00eancia Brasil Geral Manaus, AM 06\/07\/2024 Cenas da Amaz\u00f4nia. Floresta margeada pelo Rio Negro Foto: Fabio Rodrigues-Pozzebom A seis meses da COP30, pesquisa detecta aumento na parcela dos que negam o risco das mudan\u00e7as do clima. Congresso em Foco 2\/5\/2025\u00a09:12 Uma pesquisa Datafolha divulgada na noite de quinta-feira (1\u00ba) mostra uma tend\u00eancia de alta na [&hellip;]<\/p>\n","protected":false},"author":2,"featured_media":3281,"comment_status":"open","ping_status":"open","sticky":false,"template":"","format":"standard","meta":{"rop_custom_images_group":[],"rop_custom_messages_group":[],"rop_publish_now":"initial","rop_publish_now_accounts":{"twitter_850042665852968960_850042665852968960":""},"rop_publish_now_history":[],"rop_publish_now_status":"pending","footnotes":""},"categories":[15],"tags":[236,92,400,578,577],"class_list":["post-3280","post","type-post","status-publish","format-standard","has-post-thumbnail","hentry","category-destaques","tag-amazonia","tag-clima","tag-cop-30","tag-mudancas-climaticas","tag-pequisa"],"yoast_head":"<!-- This site is optimized with the Yoast SEO plugin v27.2 - https:\/\/yoast.com\/product\/yoast-seo-wordpress\/ -->\n<title>Brasileiros veem menos risco na crise clim\u00e1tica. - Prefeitos &amp; Gest\u00f5es<\/title>\n<meta name=\"description\" content=\"Uma pesquisa Datafolha divulgada na noite de quinta-feira (1\u00ba) mostra uma tend\u00eancia de alta na taxa de brasileiros que as mudan\u00e7as clim\u00e1ticas n\u00e3o representam risco algum. Essa parcela, que era de 5% em junho de 2024 e de 7% em outubro do mesmo ano, agora est\u00e1 em 9%.Do outro lado, hoje 53% consideram que as mudan\u00e7as clim\u00e1ticas s\u00e3o um risco imediato para a popula\u00e7\u00e3o do planeta. H\u00e1 seis meses, essa taxa era de 60%.\" \/>\n<meta name=\"robots\" content=\"index, follow, max-snippet:-1, max-image-preview:large, max-video-preview:-1\" \/>\n<link rel=\"canonical\" href=\"https:\/\/prefeitosegestoes.com.br\/portal\/brasileiros-veem-menos-risco-na-crise-climatica\/\" \/>\n<meta property=\"og:locale\" content=\"pt_BR\" \/>\n<meta property=\"og:type\" content=\"article\" \/>\n<meta property=\"og:title\" content=\"Brasileiros veem menos risco na crise clim\u00e1tica. - Prefeitos &amp; Gest\u00f5es\" \/>\n<meta property=\"og:description\" content=\"Uma pesquisa Datafolha divulgada na noite de quinta-feira (1\u00ba) mostra uma tend\u00eancia de alta na taxa de brasileiros que as mudan\u00e7as clim\u00e1ticas n\u00e3o representam risco algum. Essa parcela, que era de 5% em junho de 2024 e de 7% em outubro do mesmo ano, agora est\u00e1 em 9%.Do outro lado, hoje 53% consideram que as mudan\u00e7as clim\u00e1ticas s\u00e3o um risco imediato para a popula\u00e7\u00e3o do planeta. H\u00e1 seis meses, essa taxa era de 60%.\" \/>\n<meta property=\"og:url\" content=\"https:\/\/prefeitosegestoes.com.br\/portal\/brasileiros-veem-menos-risco-na-crise-climatica\/\" \/>\n<meta property=\"og:site_name\" content=\"Prefeitos &amp; Gest\u00f5es\" \/>\n<meta property=\"article:publisher\" content=\"https:\/\/www.facebook.com\/prefeitosonline\" \/>\n<meta property=\"article:published_time\" content=\"2025-05-02T17:45:49+00:00\" \/>\n<meta property=\"article:modified_time\" content=\"2025-05-02T17:56:12+00:00\" \/>\n<meta property=\"og:image\" content=\"https:\/\/prefeitosegestoes.com.br\/portal\/wp-content\/uploads\/2025\/05\/pzzb8210.webp\" \/>\n\t<meta property=\"og:image:width\" content=\"1024\" \/>\n\t<meta property=\"og:image:height\" content=\"768\" \/>\n\t<meta property=\"og:image:type\" content=\"image\/webp\" \/>\n<meta name=\"author\" content=\"Prefeitos &amp; Gest\u00f5es\" \/>\n<meta name=\"twitter:card\" content=\"summary_large_image\" \/>\n<meta name=\"twitter:creator\" content=\"@PrefGestoes\" \/>\n<meta name=\"twitter:site\" content=\"@PrefGestoes\" \/>\n<meta name=\"twitter:label1\" content=\"Escrito por\" \/>\n\t<meta name=\"twitter:data1\" content=\"Prefeitos &amp; Gest\u00f5es\" \/>\n\t<meta name=\"twitter:label2\" content=\"Est. tempo de leitura\" \/>\n\t<meta name=\"twitter:data2\" content=\"2 minutos\" \/>\n<script type=\"application\/ld+json\" class=\"yoast-schema-graph\">{\"@context\":\"https:\/\/schema.org\",\"@graph\":[{\"@type\":\"Article\",\"@id\":\"https:\/\/prefeitosegestoes.com.br\/portal\/brasileiros-veem-menos-risco-na-crise-climatica\/#article\",\"isPartOf\":{\"@id\":\"https:\/\/prefeitosegestoes.com.br\/portal\/brasileiros-veem-menos-risco-na-crise-climatica\/\"},\"author\":{\"name\":\"Prefeitos &amp; Gest\u00f5es\",\"@id\":\"https:\/\/prefeitosegestoes.com.br\/portal\/#\/schema\/person\/d00059f2ec99963e7e1850d448ae94b8\"},\"headline\":\"Brasileiros veem menos risco na crise clim\u00e1tica.\",\"datePublished\":\"2025-05-02T17:45:49+00:00\",\"dateModified\":\"2025-05-02T17:56:12+00:00\",\"mainEntityOfPage\":{\"@id\":\"https:\/\/prefeitosegestoes.com.br\/portal\/brasileiros-veem-menos-risco-na-crise-climatica\/\"},\"wordCount\":221,\"commentCount\":0,\"publisher\":{\"@id\":\"https:\/\/prefeitosegestoes.com.br\/portal\/#organization\"},\"image\":{\"@id\":\"https:\/\/prefeitosegestoes.com.br\/portal\/brasileiros-veem-menos-risco-na-crise-climatica\/#primaryimage\"},\"thumbnailUrl\":\"https:\/\/prefeitosegestoes.com.br\/portal\/wp-content\/uploads\/2025\/05\/pzzb8210.webp\",\"keywords\":[\"Amaz\u00f4nia\",\"Clima\",\"COP 30\",\"Mudan\u00e7as clim\u00e1ticas\",\"Pequisa\"],\"articleSection\":[\"Destaques\"],\"inLanguage\":\"pt-BR\",\"potentialAction\":[{\"@type\":\"CommentAction\",\"name\":\"Comment\",\"target\":[\"https:\/\/prefeitosegestoes.com.br\/portal\/brasileiros-veem-menos-risco-na-crise-climatica\/#respond\"]}]},{\"@type\":\"WebPage\",\"@id\":\"https:\/\/prefeitosegestoes.com.br\/portal\/brasileiros-veem-menos-risco-na-crise-climatica\/\",\"url\":\"https:\/\/prefeitosegestoes.com.br\/portal\/brasileiros-veem-menos-risco-na-crise-climatica\/\",\"name\":\"Brasileiros veem menos risco na crise clim\u00e1tica. - Prefeitos &amp; Gest\u00f5es\",\"isPartOf\":{\"@id\":\"https:\/\/prefeitosegestoes.com.br\/portal\/#website\"},\"primaryImageOfPage\":{\"@id\":\"https:\/\/prefeitosegestoes.com.br\/portal\/brasileiros-veem-menos-risco-na-crise-climatica\/#primaryimage\"},\"image\":{\"@id\":\"https:\/\/prefeitosegestoes.com.br\/portal\/brasileiros-veem-menos-risco-na-crise-climatica\/#primaryimage\"},\"thumbnailUrl\":\"https:\/\/prefeitosegestoes.com.br\/portal\/wp-content\/uploads\/2025\/05\/pzzb8210.webp\",\"datePublished\":\"2025-05-02T17:45:49+00:00\",\"dateModified\":\"2025-05-02T17:56:12+00:00\",\"description\":\"Uma pesquisa Datafolha divulgada na noite de quinta-feira (1\u00ba) mostra uma tend\u00eancia de alta na taxa de brasileiros que as mudan\u00e7as clim\u00e1ticas n\u00e3o representam risco algum. Essa parcela, que era de 5% em junho de 2024 e de 7% em outubro do mesmo ano, agora est\u00e1 em 9%.Do outro lado, hoje 53% consideram que as mudan\u00e7as clim\u00e1ticas s\u00e3o um risco imediato para a popula\u00e7\u00e3o do planeta. H\u00e1 seis meses, essa taxa era de 60%.\",\"breadcrumb\":{\"@id\":\"https:\/\/prefeitosegestoes.com.br\/portal\/brasileiros-veem-menos-risco-na-crise-climatica\/#breadcrumb\"},\"inLanguage\":\"pt-BR\",\"potentialAction\":[{\"@type\":\"ReadAction\",\"target\":[\"https:\/\/prefeitosegestoes.com.br\/portal\/brasileiros-veem-menos-risco-na-crise-climatica\/\"]}]},{\"@type\":\"ImageObject\",\"inLanguage\":\"pt-BR\",\"@id\":\"https:\/\/prefeitosegestoes.com.br\/portal\/brasileiros-veem-menos-risco-na-crise-climatica\/#primaryimage\",\"url\":\"https:\/\/prefeitosegestoes.com.br\/portal\/wp-content\/uploads\/2025\/05\/pzzb8210.webp\",\"contentUrl\":\"https:\/\/prefeitosegestoes.com.br\/portal\/wp-content\/uploads\/2025\/05\/pzzb8210.webp\",\"width\":1024,\"height\":768},{\"@type\":\"BreadcrumbList\",\"@id\":\"https:\/\/prefeitosegestoes.com.br\/portal\/brasileiros-veem-menos-risco-na-crise-climatica\/#breadcrumb\",\"itemListElement\":[{\"@type\":\"ListItem\",\"position\":1,\"name\":\"In\u00edcio\",\"item\":\"https:\/\/prefeitosegestoes.com.br\/portal\/\"},{\"@type\":\"ListItem\",\"position\":2,\"name\":\"Brasileiros veem menos risco na crise clim\u00e1tica.\"}]},{\"@type\":\"WebSite\",\"@id\":\"https:\/\/prefeitosegestoes.com.br\/portal\/#website\",\"url\":\"https:\/\/prefeitosegestoes.com.br\/portal\/\",\"name\":\"Prefeitos & Gest\u00f5es\",\"description\":\"\",\"publisher\":{\"@id\":\"https:\/\/prefeitosegestoes.com.br\/portal\/#organization\"},\"potentialAction\":[{\"@type\":\"SearchAction\",\"target\":{\"@type\":\"EntryPoint\",\"urlTemplate\":\"https:\/\/prefeitosegestoes.com.br\/portal\/?s={search_term_string}\"},\"query-input\":{\"@type\":\"PropertyValueSpecification\",\"valueRequired\":true,\"valueName\":\"search_term_string\"}}],\"inLanguage\":\"pt-BR\"},{\"@type\":\"Organization\",\"@id\":\"https:\/\/prefeitosegestoes.com.br\/portal\/#organization\",\"name\":\"Prefeitos & Gest\u00f5es\",\"url\":\"https:\/\/prefeitosegestoes.com.br\/portal\/\",\"logo\":{\"@type\":\"ImageObject\",\"inLanguage\":\"pt-BR\",\"@id\":\"https:\/\/prefeitosegestoes.com.br\/portal\/#\/schema\/logo\/image\/\",\"url\":\"https:\/\/prefeitosegestoes.com.br\/portal\/wp-content\/uploads\/2024\/10\/lg_trans_prefeitos_2024_preto2.png\",\"contentUrl\":\"https:\/\/prefeitosegestoes.com.br\/portal\/wp-content\/uploads\/2024\/10\/lg_trans_prefeitos_2024_preto2.png\",\"width\":199,\"height\":122,\"caption\":\"Prefeitos & Gest\u00f5es\"},\"image\":{\"@id\":\"https:\/\/prefeitosegestoes.com.br\/portal\/#\/schema\/logo\/image\/\"},\"sameAs\":[\"https:\/\/www.facebook.com\/prefeitosonline\",\"https:\/\/x.com\/PrefGestoes\"]},{\"@type\":\"Person\",\"@id\":\"https:\/\/prefeitosegestoes.com.br\/portal\/#\/schema\/person\/d00059f2ec99963e7e1850d448ae94b8\",\"name\":\"Prefeitos &amp; Gest\u00f5es\",\"image\":{\"@type\":\"ImageObject\",\"inLanguage\":\"pt-BR\",\"@id\":\"https:\/\/secure.gravatar.com\/avatar\/738fb281e479212ed32c1a21a4307dda9f3af9292edb6918a16c9ce9fff5f48d?s=96&d=mm&r=g\",\"url\":\"https:\/\/secure.gravatar.com\/avatar\/738fb281e479212ed32c1a21a4307dda9f3af9292edb6918a16c9ce9fff5f48d?s=96&d=mm&r=g\",\"contentUrl\":\"https:\/\/secure.gravatar.com\/avatar\/738fb281e479212ed32c1a21a4307dda9f3af9292edb6918a16c9ce9fff5f48d?s=96&d=mm&r=g\",\"caption\":\"Prefeitos &amp; Gest\u00f5es\"},\"url\":\"https:\/\/prefeitosegestoes.com.br\/portal\/author\/prefeitosegestoes\/\"}]}<\/script>\n<!-- \/ Yoast SEO plugin. -->","yoast_head_json":{"title":"Brasileiros veem menos risco na crise clim\u00e1tica. - Prefeitos &amp; Gest\u00f5es","description":"Uma pesquisa Datafolha divulgada na noite de quinta-feira (1\u00ba) mostra uma tend\u00eancia de alta na taxa de brasileiros que as mudan\u00e7as clim\u00e1ticas n\u00e3o representam risco algum. Essa parcela, que era de 5% em junho de 2024 e de 7% em outubro do mesmo ano, agora est\u00e1 em 9%.Do outro lado, hoje 53% consideram que as mudan\u00e7as clim\u00e1ticas s\u00e3o um risco imediato para a popula\u00e7\u00e3o do planeta. H\u00e1 seis meses, essa taxa era de 60%.","robots":{"index":"index","follow":"follow","max-snippet":"max-snippet:-1","max-image-preview":"max-image-preview:large","max-video-preview":"max-video-preview:-1"},"canonical":"https:\/\/prefeitosegestoes.com.br\/portal\/brasileiros-veem-menos-risco-na-crise-climatica\/","og_locale":"pt_BR","og_type":"article","og_title":"Brasileiros veem menos risco na crise clim\u00e1tica. - Prefeitos &amp; Gest\u00f5es","og_description":"Uma pesquisa Datafolha divulgada na noite de quinta-feira (1\u00ba) mostra uma tend\u00eancia de alta na taxa de brasileiros que as mudan\u00e7as clim\u00e1ticas n\u00e3o representam risco algum. Essa parcela, que era de 5% em junho de 2024 e de 7% em outubro do mesmo ano, agora est\u00e1 em 9%.Do outro lado, hoje 53% consideram que as mudan\u00e7as clim\u00e1ticas s\u00e3o um risco imediato para a popula\u00e7\u00e3o do planeta. H\u00e1 seis meses, essa taxa era de 60%.","og_url":"https:\/\/prefeitosegestoes.com.br\/portal\/brasileiros-veem-menos-risco-na-crise-climatica\/","og_site_name":"Prefeitos &amp; Gest\u00f5es","article_publisher":"https:\/\/www.facebook.com\/prefeitosonline","article_published_time":"2025-05-02T17:45:49+00:00","article_modified_time":"2025-05-02T17:56:12+00:00","og_image":[{"width":1024,"height":768,"url":"https:\/\/prefeitosegestoes.com.br\/portal\/wp-content\/uploads\/2025\/05\/pzzb8210.webp","type":"image\/webp"}],"author":"Prefeitos &amp; Gest\u00f5es","twitter_card":"summary_large_image","twitter_creator":"@PrefGestoes","twitter_site":"@PrefGestoes","twitter_misc":{"Escrito por":"Prefeitos &amp; Gest\u00f5es","Est. tempo de leitura":"2 minutos"},"schema":{"@context":"https:\/\/schema.org","@graph":[{"@type":"Article","@id":"https:\/\/prefeitosegestoes.com.br\/portal\/brasileiros-veem-menos-risco-na-crise-climatica\/#article","isPartOf":{"@id":"https:\/\/prefeitosegestoes.com.br\/portal\/brasileiros-veem-menos-risco-na-crise-climatica\/"},"author":{"name":"Prefeitos &amp; Gest\u00f5es","@id":"https:\/\/prefeitosegestoes.com.br\/portal\/#\/schema\/person\/d00059f2ec99963e7e1850d448ae94b8"},"headline":"Brasileiros veem menos risco na crise clim\u00e1tica.","datePublished":"2025-05-02T17:45:49+00:00","dateModified":"2025-05-02T17:56:12+00:00","mainEntityOfPage":{"@id":"https:\/\/prefeitosegestoes.com.br\/portal\/brasileiros-veem-menos-risco-na-crise-climatica\/"},"wordCount":221,"commentCount":0,"publisher":{"@id":"https:\/\/prefeitosegestoes.com.br\/portal\/#organization"},"image":{"@id":"https:\/\/prefeitosegestoes.com.br\/portal\/brasileiros-veem-menos-risco-na-crise-climatica\/#primaryimage"},"thumbnailUrl":"https:\/\/prefeitosegestoes.com.br\/portal\/wp-content\/uploads\/2025\/05\/pzzb8210.webp","keywords":["Amaz\u00f4nia","Clima","COP 30","Mudan\u00e7as clim\u00e1ticas","Pequisa"],"articleSection":["Destaques"],"inLanguage":"pt-BR","potentialAction":[{"@type":"CommentAction","name":"Comment","target":["https:\/\/prefeitosegestoes.com.br\/portal\/brasileiros-veem-menos-risco-na-crise-climatica\/#respond"]}]},{"@type":"WebPage","@id":"https:\/\/prefeitosegestoes.com.br\/portal\/brasileiros-veem-menos-risco-na-crise-climatica\/","url":"https:\/\/prefeitosegestoes.com.br\/portal\/brasileiros-veem-menos-risco-na-crise-climatica\/","name":"Brasileiros veem menos risco na crise clim\u00e1tica. - Prefeitos &amp; Gest\u00f5es","isPartOf":{"@id":"https:\/\/prefeitosegestoes.com.br\/portal\/#website"},"primaryImageOfPage":{"@id":"https:\/\/prefeitosegestoes.com.br\/portal\/brasileiros-veem-menos-risco-na-crise-climatica\/#primaryimage"},"image":{"@id":"https:\/\/prefeitosegestoes.com.br\/portal\/brasileiros-veem-menos-risco-na-crise-climatica\/#primaryimage"},"thumbnailUrl":"https:\/\/prefeitosegestoes.com.br\/portal\/wp-content\/uploads\/2025\/05\/pzzb8210.webp","datePublished":"2025-05-02T17:45:49+00:00","dateModified":"2025-05-02T17:56:12+00:00","description":"Uma pesquisa Datafolha divulgada na noite de quinta-feira (1\u00ba) mostra uma tend\u00eancia de alta na taxa de brasileiros que as mudan\u00e7as clim\u00e1ticas n\u00e3o representam risco algum. Essa parcela, que era de 5% em junho de 2024 e de 7% em outubro do mesmo ano, agora est\u00e1 em 9%.Do outro lado, hoje 53% consideram que as mudan\u00e7as clim\u00e1ticas s\u00e3o um risco imediato para a popula\u00e7\u00e3o do planeta. H\u00e1 seis meses, essa taxa era de 60%.","breadcrumb":{"@id":"https:\/\/prefeitosegestoes.com.br\/portal\/brasileiros-veem-menos-risco-na-crise-climatica\/#breadcrumb"},"inLanguage":"pt-BR","potentialAction":[{"@type":"ReadAction","target":["https:\/\/prefeitosegestoes.com.br\/portal\/brasileiros-veem-menos-risco-na-crise-climatica\/"]}]},{"@type":"ImageObject","inLanguage":"pt-BR","@id":"https:\/\/prefeitosegestoes.com.br\/portal\/brasileiros-veem-menos-risco-na-crise-climatica\/#primaryimage","url":"https:\/\/prefeitosegestoes.com.br\/portal\/wp-content\/uploads\/2025\/05\/pzzb8210.webp","contentUrl":"https:\/\/prefeitosegestoes.com.br\/portal\/wp-content\/uploads\/2025\/05\/pzzb8210.webp","width":1024,"height":768},{"@type":"BreadcrumbList","@id":"https:\/\/prefeitosegestoes.com.br\/portal\/brasileiros-veem-menos-risco-na-crise-climatica\/#breadcrumb","itemListElement":[{"@type":"ListItem","position":1,"name":"In\u00edcio","item":"https:\/\/prefeitosegestoes.com.br\/portal\/"},{"@type":"ListItem","position":2,"name":"Brasileiros veem menos risco na crise clim\u00e1tica."}]},{"@type":"WebSite","@id":"https:\/\/prefeitosegestoes.com.br\/portal\/#website","url":"https:\/\/prefeitosegestoes.com.br\/portal\/","name":"Prefeitos & Gest\u00f5es","description":"","publisher":{"@id":"https:\/\/prefeitosegestoes.com.br\/portal\/#organization"},"potentialAction":[{"@type":"SearchAction","target":{"@type":"EntryPoint","urlTemplate":"https:\/\/prefeitosegestoes.com.br\/portal\/?s={search_term_string}"},"query-input":{"@type":"PropertyValueSpecification","valueRequired":true,"valueName":"search_term_string"}}],"inLanguage":"pt-BR"},{"@type":"Organization","@id":"https:\/\/prefeitosegestoes.com.br\/portal\/#organization","name":"Prefeitos & Gest\u00f5es","url":"https:\/\/prefeitosegestoes.com.br\/portal\/","logo":{"@type":"ImageObject","inLanguage":"pt-BR","@id":"https:\/\/prefeitosegestoes.com.br\/portal\/#\/schema\/logo\/image\/","url":"https:\/\/prefeitosegestoes.com.br\/portal\/wp-content\/uploads\/2024\/10\/lg_trans_prefeitos_2024_preto2.png","contentUrl":"https:\/\/prefeitosegestoes.com.br\/portal\/wp-content\/uploads\/2024\/10\/lg_trans_prefeitos_2024_preto2.png","width":199,"height":122,"caption":"Prefeitos & Gest\u00f5es"},"image":{"@id":"https:\/\/prefeitosegestoes.com.br\/portal\/#\/schema\/logo\/image\/"},"sameAs":["https:\/\/www.facebook.com\/prefeitosonline","https:\/\/x.com\/PrefGestoes"]},{"@type":"Person","@id":"https:\/\/prefeitosegestoes.com.br\/portal\/#\/schema\/person\/d00059f2ec99963e7e1850d448ae94b8","name":"Prefeitos &amp; Gest\u00f5es","image":{"@type":"ImageObject","inLanguage":"pt-BR","@id":"https:\/\/secure.gravatar.com\/avatar\/738fb281e479212ed32c1a21a4307dda9f3af9292edb6918a16c9ce9fff5f48d?s=96&d=mm&r=g","url":"https:\/\/secure.gravatar.com\/avatar\/738fb281e479212ed32c1a21a4307dda9f3af9292edb6918a16c9ce9fff5f48d?s=96&d=mm&r=g","contentUrl":"https:\/\/secure.gravatar.com\/avatar\/738fb281e479212ed32c1a21a4307dda9f3af9292edb6918a16c9ce9fff5f48d?s=96&d=mm&r=g","caption":"Prefeitos &amp; Gest\u00f5es"},"url":"https:\/\/prefeitosegestoes.com.br\/portal\/author\/prefeitosegestoes\/"}]}},"_links":{"self":[{"href":"https:\/\/prefeitosegestoes.com.br\/portal\/wp-json\/wp\/v2\/posts\/3280","targetHints":{"allow":["GET"]}}],"collection":[{"href":"https:\/\/prefeitosegestoes.com.br\/portal\/wp-json\/wp\/v2\/posts"}],"about":[{"href":"https:\/\/prefeitosegestoes.com.br\/portal\/wp-json\/wp\/v2\/types\/post"}],"author":[{"embeddable":true,"href":"https:\/\/prefeitosegestoes.com.br\/portal\/wp-json\/wp\/v2\/users\/2"}],"replies":[{"embeddable":true,"href":"https:\/\/prefeitosegestoes.com.br\/portal\/wp-json\/wp\/v2\/comments?post=3280"}],"version-history":[{"count":1,"href":"https:\/\/prefeitosegestoes.com.br\/portal\/wp-json\/wp\/v2\/posts\/3280\/revisions"}],"predecessor-version":[{"id":3282,"href":"https:\/\/prefeitosegestoes.com.br\/portal\/wp-json\/wp\/v2\/posts\/3280\/revisions\/3282"}],"wp:featuredmedia":[{"embeddable":true,"href":"https:\/\/prefeitosegestoes.com.br\/portal\/wp-json\/wp\/v2\/media\/3281"}],"wp:attachment":[{"href":"https:\/\/prefeitosegestoes.com.br\/portal\/wp-json\/wp\/v2\/media?parent=3280"}],"wp:term":[{"taxonomy":"category","embeddable":true,"href":"https:\/\/prefeitosegestoes.com.br\/portal\/wp-json\/wp\/v2\/categories?post=3280"},{"taxonomy":"post_tag","embeddable":true,"href":"https:\/\/prefeitosegestoes.com.br\/portal\/wp-json\/wp\/v2\/tags?post=3280"}],"curies":[{"name":"wp","href":"https:\/\/api.w.org\/{rel}","templated":true}]}}