{"id":3275,"date":"2025-04-24T12:32:48","date_gmt":"2025-04-24T15:32:48","guid":{"rendered":"https:\/\/prefeitosegestoes.com.br\/portal\/?p=3275"},"modified":"2025-04-24T12:36:18","modified_gmt":"2025-04-24T15:36:18","slug":"dia-mundial-da-educacao-expoe-os-desafios-do-ensino-brasileiro-alerta-o-presidente-da-afpesp","status":"publish","type":"post","link":"https:\/\/prefeitosegestoes.com.br\/portal\/dia-mundial-da-educacao-expoe-os-desafios-do-ensino-brasileiro-alerta-o-presidente-da-afpesp\/","title":{"rendered":"Dia Mundial da Educa\u00e7\u00e3o exp\u00f5e os desafios do ensino brasileiro, alerta o presidente da AFPESP"},"content":{"rendered":"<h6>Professor do col\u00e9gio Galois, Samuel Rbeiro Costa, em sala de aula com alunos na prepara\u00e7\u00e3o nos \u00faltimos dias antes da prova do Enem 2024. Foto: Jos\u00e9 Cruz\/Ag\u00eancia Brasil<\/h6>\n<p>O Dia Mundial da Educa\u00e7\u00e3o, celebrado em 28 de abril, deve servir como um alerta para os problemas que comprometem a qualidade do ensino p\u00fablico no Brasil, afirma Artur Marques, presidente da Associa\u00e7\u00e3o dos Funcion\u00e1rios P\u00fablicos do Estado de S\u00e3o Paulo (AFPESP). Ele destaca que a busca por uma escolariza\u00e7\u00e3o de excel\u00eancia come\u00e7a com boas condi\u00e7\u00f5es de trabalho, valoriza\u00e7\u00e3o e apoio aos professores, que enfrentam desafios estruturais no Pa\u00eds. \u201cSem profissionais est\u00e1veis e motivados, n\u00e3o h\u00e1 avan\u00e7o efetivo\u201d, pondera.<\/p>\n<p>Um dos principais entraves foi revelado no Censo da Educa\u00e7\u00e3o B\u00e1sica, divulgado, em 9 de abril, por meio do Instituto Nacional de Estudos e Pesquisas Educacionais An\u00edsio Teixeira (Inep): em 2024, pelo terceiro ano consecutivo, o n\u00famero de professores tempor\u00e1rios nas escolas estaduais superou o de efetivos. Os dados mostram que, enquanto 331.440 (49,96%) docentes eram concursados, outros 331.971 (50,04%) atuavam sob contratos prec\u00e1rios, sem garantias como plano de carreira ou benef\u00edcios por tempo de servi\u00e7o. \u201cEssa rotatividade prejudica o v\u00ednculo com os alunos e sobrecarrega os educadores, que muitas vezes precisam lecionar em m\u00faltiplas escolas para compensar os baixos sal\u00e1rios\u201d, ressalta Artur Marques.<\/p>\n<p>A situa\u00e7\u00e3o \u00e9 ainda mais cr\u00edtica em 14 redes estaduais, nas quais a contrata\u00e7\u00e3o tempor\u00e1ria \u00e9 priorizada, deixando os professores sem estabilidade e com processos seletivos fr\u00e1geis, em alguns casos baseados apenas em experi\u00eancia ou titula\u00e7\u00e3o, sem avalia\u00e7\u00e3o pr\u00e1tica ou te\u00f3rica. \u201cA falta de concursos p\u00fablicos robustos e a aus\u00eancia de pol\u00edticas de carreira perpetuam um ciclo de desvaloriza\u00e7\u00e3o, impactando diretamente a aprendizagem dos alunos\u201d, frisa o presidente da AFPESP.<\/p>\n<p><strong>Terceiriza\u00e7\u00e3o<\/strong><\/p>\n<p>Al\u00e9m da precariza\u00e7\u00e3o do magist\u00e9rio, apontada pelo Censo do Inep, uma quest\u00e3o que tamb\u00e9m preocupa \u00e9 a terceiriza\u00e7\u00e3o de escolas p\u00fablicas em S\u00e3o Paulo. O governo estadual publicou em 1\u00ba de abril um edital autorizando a concess\u00e3o de 143 unidades \u00e0 iniciativa privada para reforma, opera\u00e7\u00e3o e manuten\u00e7\u00e3o por 25 anos. O modelo j\u00e1 enfrenta resist\u00eancia judicial. Em mar\u00e7o, a Justi\u00e7a considerou ilegais dois leil\u00f5es anteriores que repassaram 33 escolas a empresas, sob o argumento de que a gest\u00e3o privada pode comprometer a autonomia pedag\u00f3gica.<\/p>\n<p>\u201c\u00c9 essencial que o Estado mantenha o controle sobre curr\u00edculo, dire\u00e7\u00e3o e contrata\u00e7\u00e3o de professores. A participa\u00e7\u00e3o privada deve se restringir \u00e0 infraestrutura\u201d, defende Artur Marques. Ele cita exemplos internacionais para refor\u00e7ar sua posi\u00e7\u00e3o: pa\u00edses como Finl\u00e2ndia e Canad\u00e1, refer\u00eancias em educa\u00e7\u00e3o, investem em carreiras p\u00fablicas s\u00f3lidas para docentes, enquanto experi\u00eancias de privatiza\u00e7\u00e3o n\u00e3o comprovam melhorias no aprendizado. \u201cO caminho \u00e9 valorizar os profissionais com sal\u00e1rios dignos, forma\u00e7\u00e3o continuada e estrutura adequada, e n\u00e3o transferir responsabilidades\u201d, argumenta.<\/p>\n<p><strong>Valoriza\u00e7\u00e3o da carreira<\/strong><\/p>\n<p>A necessidade de medidas efetivas de melhoria do ensino p\u00fablico fica ainda mais evidente ao se comparar a remunera\u00e7\u00e3o dos professores brasileiros com a de outros pa\u00edses. Em 2021, segundo a Organiza\u00e7\u00e3o para a Coopera\u00e7\u00e3o e Desenvolvimento Econ\u00f4mico (OCDE), o piso salarial do Ensino Fundamental no Brasil era o mais baixo dentre 40 na\u00e7\u00f5es analisadas. \u201cNossos mestres recebiam, em m\u00e9dia, US$ 13,9 mil anuais. Na Alemanha, por exemplo, o valor era superior a US$ 70 mil. Na Col\u00f4mbia, Chile e Gr\u00e9cia estava acima de US$ 20 mil. Sabemos que a situa\u00e7\u00e3o n\u00e3o mudou muito desde ent\u00e3o\u201d, ressalta Artur Marques.<\/p>\n<p>Com cerca de 2,6 milh\u00f5es de docentes no Brasil, sendo 1,7 milh\u00e3o na rede p\u00fablica b\u00e1sica, a falta de investimento nesses profissionais \u00e9 um obst\u00e1culo \u00e0 forma\u00e7\u00e3o de novas gera\u00e7\u00f5es mais capacitadas e ao desenvolvimento socioecon\u00f4mico. \u201cEduca\u00e7\u00e3o de qualidade exige mais compromisso com quem est\u00e1 na linha de frente, ou seja, os professores\u201d, enfatiza o presidente da AFPESP.<\/p>\n<p><strong>Atendimento \u00e0 imprensa &#8211; Ricardo Viveiros <\/strong><strong>\ufe60<\/strong><strong> Associados \u2014 RV&amp;A<\/strong><\/p>\n<p>Larissa Souza \u2013 <a href=\"mailto:larissa.souza@viveiros.com.br\">larissa.souza@viveiros.com.br<\/a> \/ (11) 97739-4139<br \/>\nGustavo Bechara \u2013 <a href=\"mailto:gustavo.bechara@viveiros.com.br\">gustavo.bechara@viveiros.com.br<\/a> \/ (11) 99756-9385<\/p>\n","protected":false},"excerpt":{"rendered":"<p>Professor do col\u00e9gio Galois, Samuel Rbeiro Costa, em sala de aula com alunos na prepara\u00e7\u00e3o nos \u00faltimos dias antes da prova do Enem 2024. Foto: Jos\u00e9 Cruz\/Ag\u00eancia Brasil O Dia Mundial da Educa\u00e7\u00e3o, celebrado em 28 de abril, deve servir como um alerta para os problemas que comprometem a qualidade do ensino p\u00fablico no Brasil, [&hellip;]<\/p>\n","protected":false},"author":2,"featured_media":3276,"comment_status":"open","ping_status":"open","sticky":false,"template":"","format":"standard","meta":{"rop_custom_images_group":[],"rop_custom_messages_group":[],"rop_publish_now":"initial","rop_publish_now_accounts":{"twitter_850042665852968960_850042665852968960":""},"rop_publish_now_history":[],"rop_publish_now_status":"pending","footnotes":""},"categories":[15],"tags":[250,576,251,382],"class_list":["post-3275","post","type-post","status-publish","format-standard","has-post-thumbnail","hentry","category-destaques","tag-aluno","tag-dia-mundial-da-educacao","tag-educacao-basica","tag-professor"],"yoast_head":"<!-- This site is optimized with the Yoast SEO plugin v27.2 - https:\/\/yoast.com\/product\/yoast-seo-wordpress\/ -->\n<title>Dia Mundial da Educa\u00e7\u00e3o exp\u00f5e os desafios do ensino brasileiro, alerta o presidente da AFPESP - Prefeitos &amp; Gest\u00f5es<\/title>\n<meta name=\"description\" content=\"O Dia Mundial da Educa\u00e7\u00e3o, celebrado em 28 de abril, deve servir como um alerta para os problemas que comprometem a qualidade do ensino p\u00fablico no Brasil, afirma Artur Marques, presidente da Associa\u00e7\u00e3o dos Funcion\u00e1rios P\u00fablicos do Estado de S\u00e3o Paulo (AFPESP). Ele destaca que a busca por uma escolariza\u00e7\u00e3o de excel\u00eancia come\u00e7a com boas condi\u00e7\u00f5es de trabalho, valoriza\u00e7\u00e3o e apoio aos professores, que enfrentam desafios estruturais no Pa\u00eds. \u201cSem profissionais est\u00e1veis e motivados, n\u00e3o h\u00e1 avan\u00e7o efetivo\" \/>\n<meta name=\"robots\" content=\"index, follow, max-snippet:-1, max-image-preview:large, max-video-preview:-1\" \/>\n<link rel=\"canonical\" href=\"https:\/\/prefeitosegestoes.com.br\/portal\/dia-mundial-da-educacao-expoe-os-desafios-do-ensino-brasileiro-alerta-o-presidente-da-afpesp\/\" \/>\n<meta property=\"og:locale\" content=\"pt_BR\" \/>\n<meta property=\"og:type\" content=\"article\" \/>\n<meta property=\"og:title\" content=\"Dia Mundial da Educa\u00e7\u00e3o exp\u00f5e os desafios do ensino brasileiro, alerta o presidente da AFPESP - Prefeitos &amp; Gest\u00f5es\" \/>\n<meta property=\"og:description\" content=\"O Dia Mundial da Educa\u00e7\u00e3o, celebrado em 28 de abril, deve servir como um alerta para os problemas que comprometem a qualidade do ensino p\u00fablico no Brasil, afirma Artur Marques, presidente da Associa\u00e7\u00e3o dos Funcion\u00e1rios P\u00fablicos do Estado de S\u00e3o Paulo (AFPESP). Ele destaca que a busca por uma escolariza\u00e7\u00e3o de excel\u00eancia come\u00e7a com boas condi\u00e7\u00f5es de trabalho, valoriza\u00e7\u00e3o e apoio aos professores, que enfrentam desafios estruturais no Pa\u00eds. \u201cSem profissionais est\u00e1veis e motivados, n\u00e3o h\u00e1 avan\u00e7o efetivo\" \/>\n<meta property=\"og:url\" content=\"https:\/\/prefeitosegestoes.com.br\/portal\/dia-mundial-da-educacao-expoe-os-desafios-do-ensino-brasileiro-alerta-o-presidente-da-afpesp\/\" \/>\n<meta property=\"og:site_name\" content=\"Prefeitos &amp; Gest\u00f5es\" \/>\n<meta property=\"article:publisher\" content=\"https:\/\/www.facebook.com\/prefeitosonline\" \/>\n<meta property=\"article:published_time\" content=\"2025-04-24T15:32:48+00:00\" \/>\n<meta property=\"article:modified_time\" content=\"2025-04-24T15:36:18+00:00\" \/>\n<meta property=\"og:image\" content=\"https:\/\/prefeitosegestoes.com.br\/portal\/wp-content\/uploads\/2025\/04\/0d9a2921.webp\" \/>\n\t<meta property=\"og:image:width\" content=\"1024\" \/>\n\t<meta property=\"og:image:height\" content=\"768\" \/>\n\t<meta property=\"og:image:type\" content=\"image\/webp\" \/>\n<meta name=\"author\" content=\"Prefeitos &amp; Gest\u00f5es\" \/>\n<meta name=\"twitter:card\" content=\"summary_large_image\" \/>\n<meta name=\"twitter:creator\" content=\"@PrefGestoes\" \/>\n<meta name=\"twitter:site\" content=\"@PrefGestoes\" \/>\n<meta name=\"twitter:label1\" content=\"Escrito por\" \/>\n\t<meta name=\"twitter:data1\" content=\"Prefeitos &amp; Gest\u00f5es\" \/>\n\t<meta name=\"twitter:label2\" content=\"Est. tempo de leitura\" \/>\n\t<meta name=\"twitter:data2\" content=\"4 minutos\" \/>\n<script type=\"application\/ld+json\" class=\"yoast-schema-graph\">{\"@context\":\"https:\/\/schema.org\",\"@graph\":[{\"@type\":\"Article\",\"@id\":\"https:\/\/prefeitosegestoes.com.br\/portal\/dia-mundial-da-educacao-expoe-os-desafios-do-ensino-brasileiro-alerta-o-presidente-da-afpesp\/#article\",\"isPartOf\":{\"@id\":\"https:\/\/prefeitosegestoes.com.br\/portal\/dia-mundial-da-educacao-expoe-os-desafios-do-ensino-brasileiro-alerta-o-presidente-da-afpesp\/\"},\"author\":{\"name\":\"Prefeitos &amp; Gest\u00f5es\",\"@id\":\"https:\/\/prefeitosegestoes.com.br\/portal\/#\/schema\/person\/d00059f2ec99963e7e1850d448ae94b8\"},\"headline\":\"Dia Mundial da Educa\u00e7\u00e3o exp\u00f5e os desafios do ensino brasileiro, alerta o presidente da AFPESP\",\"datePublished\":\"2025-04-24T15:32:48+00:00\",\"dateModified\":\"2025-04-24T15:36:18+00:00\",\"mainEntityOfPage\":{\"@id\":\"https:\/\/prefeitosegestoes.com.br\/portal\/dia-mundial-da-educacao-expoe-os-desafios-do-ensino-brasileiro-alerta-o-presidente-da-afpesp\/\"},\"wordCount\":720,\"commentCount\":0,\"publisher\":{\"@id\":\"https:\/\/prefeitosegestoes.com.br\/portal\/#organization\"},\"image\":{\"@id\":\"https:\/\/prefeitosegestoes.com.br\/portal\/dia-mundial-da-educacao-expoe-os-desafios-do-ensino-brasileiro-alerta-o-presidente-da-afpesp\/#primaryimage\"},\"thumbnailUrl\":\"https:\/\/prefeitosegestoes.com.br\/portal\/wp-content\/uploads\/2025\/04\/0d9a2921.webp\",\"keywords\":[\"Aluno\",\"Dia Mundial da Educa\u00e7\u00e3o\",\"Educa\u00e7\u00e3o B\u00e1sica\",\"Professor\"],\"articleSection\":[\"Destaques\"],\"inLanguage\":\"pt-BR\",\"potentialAction\":[{\"@type\":\"CommentAction\",\"name\":\"Comment\",\"target\":[\"https:\/\/prefeitosegestoes.com.br\/portal\/dia-mundial-da-educacao-expoe-os-desafios-do-ensino-brasileiro-alerta-o-presidente-da-afpesp\/#respond\"]}]},{\"@type\":\"WebPage\",\"@id\":\"https:\/\/prefeitosegestoes.com.br\/portal\/dia-mundial-da-educacao-expoe-os-desafios-do-ensino-brasileiro-alerta-o-presidente-da-afpesp\/\",\"url\":\"https:\/\/prefeitosegestoes.com.br\/portal\/dia-mundial-da-educacao-expoe-os-desafios-do-ensino-brasileiro-alerta-o-presidente-da-afpesp\/\",\"name\":\"Dia Mundial da Educa\u00e7\u00e3o exp\u00f5e os desafios do ensino brasileiro, alerta o presidente da AFPESP - Prefeitos &amp; Gest\u00f5es\",\"isPartOf\":{\"@id\":\"https:\/\/prefeitosegestoes.com.br\/portal\/#website\"},\"primaryImageOfPage\":{\"@id\":\"https:\/\/prefeitosegestoes.com.br\/portal\/dia-mundial-da-educacao-expoe-os-desafios-do-ensino-brasileiro-alerta-o-presidente-da-afpesp\/#primaryimage\"},\"image\":{\"@id\":\"https:\/\/prefeitosegestoes.com.br\/portal\/dia-mundial-da-educacao-expoe-os-desafios-do-ensino-brasileiro-alerta-o-presidente-da-afpesp\/#primaryimage\"},\"thumbnailUrl\":\"https:\/\/prefeitosegestoes.com.br\/portal\/wp-content\/uploads\/2025\/04\/0d9a2921.webp\",\"datePublished\":\"2025-04-24T15:32:48+00:00\",\"dateModified\":\"2025-04-24T15:36:18+00:00\",\"description\":\"O Dia Mundial da Educa\u00e7\u00e3o, celebrado em 28 de abril, deve servir como um alerta para os problemas que comprometem a qualidade do ensino p\u00fablico no Brasil, afirma Artur Marques, presidente da Associa\u00e7\u00e3o dos Funcion\u00e1rios P\u00fablicos do Estado de S\u00e3o Paulo (AFPESP). Ele destaca que a busca por uma escolariza\u00e7\u00e3o de excel\u00eancia come\u00e7a com boas condi\u00e7\u00f5es de trabalho, valoriza\u00e7\u00e3o e apoio aos professores, que enfrentam desafios estruturais no Pa\u00eds. \u201cSem profissionais est\u00e1veis e motivados, n\u00e3o h\u00e1 avan\u00e7o efetivo\",\"breadcrumb\":{\"@id\":\"https:\/\/prefeitosegestoes.com.br\/portal\/dia-mundial-da-educacao-expoe-os-desafios-do-ensino-brasileiro-alerta-o-presidente-da-afpesp\/#breadcrumb\"},\"inLanguage\":\"pt-BR\",\"potentialAction\":[{\"@type\":\"ReadAction\",\"target\":[\"https:\/\/prefeitosegestoes.com.br\/portal\/dia-mundial-da-educacao-expoe-os-desafios-do-ensino-brasileiro-alerta-o-presidente-da-afpesp\/\"]}]},{\"@type\":\"ImageObject\",\"inLanguage\":\"pt-BR\",\"@id\":\"https:\/\/prefeitosegestoes.com.br\/portal\/dia-mundial-da-educacao-expoe-os-desafios-do-ensino-brasileiro-alerta-o-presidente-da-afpesp\/#primaryimage\",\"url\":\"https:\/\/prefeitosegestoes.com.br\/portal\/wp-content\/uploads\/2025\/04\/0d9a2921.webp\",\"contentUrl\":\"https:\/\/prefeitosegestoes.com.br\/portal\/wp-content\/uploads\/2025\/04\/0d9a2921.webp\",\"width\":1024,\"height\":768},{\"@type\":\"BreadcrumbList\",\"@id\":\"https:\/\/prefeitosegestoes.com.br\/portal\/dia-mundial-da-educacao-expoe-os-desafios-do-ensino-brasileiro-alerta-o-presidente-da-afpesp\/#breadcrumb\",\"itemListElement\":[{\"@type\":\"ListItem\",\"position\":1,\"name\":\"In\u00edcio\",\"item\":\"https:\/\/prefeitosegestoes.com.br\/portal\/\"},{\"@type\":\"ListItem\",\"position\":2,\"name\":\"Dia Mundial da Educa\u00e7\u00e3o exp\u00f5e os desafios do ensino brasileiro, alerta o presidente da AFPESP\"}]},{\"@type\":\"WebSite\",\"@id\":\"https:\/\/prefeitosegestoes.com.br\/portal\/#website\",\"url\":\"https:\/\/prefeitosegestoes.com.br\/portal\/\",\"name\":\"Prefeitos & Gest\u00f5es\",\"description\":\"\",\"publisher\":{\"@id\":\"https:\/\/prefeitosegestoes.com.br\/portal\/#organization\"},\"potentialAction\":[{\"@type\":\"SearchAction\",\"target\":{\"@type\":\"EntryPoint\",\"urlTemplate\":\"https:\/\/prefeitosegestoes.com.br\/portal\/?s={search_term_string}\"},\"query-input\":{\"@type\":\"PropertyValueSpecification\",\"valueRequired\":true,\"valueName\":\"search_term_string\"}}],\"inLanguage\":\"pt-BR\"},{\"@type\":\"Organization\",\"@id\":\"https:\/\/prefeitosegestoes.com.br\/portal\/#organization\",\"name\":\"Prefeitos & Gest\u00f5es\",\"url\":\"https:\/\/prefeitosegestoes.com.br\/portal\/\",\"logo\":{\"@type\":\"ImageObject\",\"inLanguage\":\"pt-BR\",\"@id\":\"https:\/\/prefeitosegestoes.com.br\/portal\/#\/schema\/logo\/image\/\",\"url\":\"https:\/\/prefeitosegestoes.com.br\/portal\/wp-content\/uploads\/2024\/10\/lg_trans_prefeitos_2024_preto2.png\",\"contentUrl\":\"https:\/\/prefeitosegestoes.com.br\/portal\/wp-content\/uploads\/2024\/10\/lg_trans_prefeitos_2024_preto2.png\",\"width\":199,\"height\":122,\"caption\":\"Prefeitos & Gest\u00f5es\"},\"image\":{\"@id\":\"https:\/\/prefeitosegestoes.com.br\/portal\/#\/schema\/logo\/image\/\"},\"sameAs\":[\"https:\/\/www.facebook.com\/prefeitosonline\",\"https:\/\/x.com\/PrefGestoes\"]},{\"@type\":\"Person\",\"@id\":\"https:\/\/prefeitosegestoes.com.br\/portal\/#\/schema\/person\/d00059f2ec99963e7e1850d448ae94b8\",\"name\":\"Prefeitos &amp; Gest\u00f5es\",\"image\":{\"@type\":\"ImageObject\",\"inLanguage\":\"pt-BR\",\"@id\":\"https:\/\/secure.gravatar.com\/avatar\/738fb281e479212ed32c1a21a4307dda9f3af9292edb6918a16c9ce9fff5f48d?s=96&d=mm&r=g\",\"url\":\"https:\/\/secure.gravatar.com\/avatar\/738fb281e479212ed32c1a21a4307dda9f3af9292edb6918a16c9ce9fff5f48d?s=96&d=mm&r=g\",\"contentUrl\":\"https:\/\/secure.gravatar.com\/avatar\/738fb281e479212ed32c1a21a4307dda9f3af9292edb6918a16c9ce9fff5f48d?s=96&d=mm&r=g\",\"caption\":\"Prefeitos &amp; Gest\u00f5es\"},\"url\":\"https:\/\/prefeitosegestoes.com.br\/portal\/author\/prefeitosegestoes\/\"}]}<\/script>\n<!-- \/ Yoast SEO plugin. -->","yoast_head_json":{"title":"Dia Mundial da Educa\u00e7\u00e3o exp\u00f5e os desafios do ensino brasileiro, alerta o presidente da AFPESP - Prefeitos &amp; Gest\u00f5es","description":"O Dia Mundial da Educa\u00e7\u00e3o, celebrado em 28 de abril, deve servir como um alerta para os problemas que comprometem a qualidade do ensino p\u00fablico no Brasil, afirma Artur Marques, presidente da Associa\u00e7\u00e3o dos Funcion\u00e1rios P\u00fablicos do Estado de S\u00e3o Paulo (AFPESP). Ele destaca que a busca por uma escolariza\u00e7\u00e3o de excel\u00eancia come\u00e7a com boas condi\u00e7\u00f5es de trabalho, valoriza\u00e7\u00e3o e apoio aos professores, que enfrentam desafios estruturais no Pa\u00eds. \u201cSem profissionais est\u00e1veis e motivados, n\u00e3o h\u00e1 avan\u00e7o efetivo","robots":{"index":"index","follow":"follow","max-snippet":"max-snippet:-1","max-image-preview":"max-image-preview:large","max-video-preview":"max-video-preview:-1"},"canonical":"https:\/\/prefeitosegestoes.com.br\/portal\/dia-mundial-da-educacao-expoe-os-desafios-do-ensino-brasileiro-alerta-o-presidente-da-afpesp\/","og_locale":"pt_BR","og_type":"article","og_title":"Dia Mundial da Educa\u00e7\u00e3o exp\u00f5e os desafios do ensino brasileiro, alerta o presidente da AFPESP - Prefeitos &amp; Gest\u00f5es","og_description":"O Dia Mundial da Educa\u00e7\u00e3o, celebrado em 28 de abril, deve servir como um alerta para os problemas que comprometem a qualidade do ensino p\u00fablico no Brasil, afirma Artur Marques, presidente da Associa\u00e7\u00e3o dos Funcion\u00e1rios P\u00fablicos do Estado de S\u00e3o Paulo (AFPESP). Ele destaca que a busca por uma escolariza\u00e7\u00e3o de excel\u00eancia come\u00e7a com boas condi\u00e7\u00f5es de trabalho, valoriza\u00e7\u00e3o e apoio aos professores, que enfrentam desafios estruturais no Pa\u00eds. \u201cSem profissionais est\u00e1veis e motivados, n\u00e3o h\u00e1 avan\u00e7o efetivo","og_url":"https:\/\/prefeitosegestoes.com.br\/portal\/dia-mundial-da-educacao-expoe-os-desafios-do-ensino-brasileiro-alerta-o-presidente-da-afpesp\/","og_site_name":"Prefeitos &amp; Gest\u00f5es","article_publisher":"https:\/\/www.facebook.com\/prefeitosonline","article_published_time":"2025-04-24T15:32:48+00:00","article_modified_time":"2025-04-24T15:36:18+00:00","og_image":[{"width":1024,"height":768,"url":"https:\/\/prefeitosegestoes.com.br\/portal\/wp-content\/uploads\/2025\/04\/0d9a2921.webp","type":"image\/webp"}],"author":"Prefeitos &amp; Gest\u00f5es","twitter_card":"summary_large_image","twitter_creator":"@PrefGestoes","twitter_site":"@PrefGestoes","twitter_misc":{"Escrito por":"Prefeitos &amp; Gest\u00f5es","Est. tempo de leitura":"4 minutos"},"schema":{"@context":"https:\/\/schema.org","@graph":[{"@type":"Article","@id":"https:\/\/prefeitosegestoes.com.br\/portal\/dia-mundial-da-educacao-expoe-os-desafios-do-ensino-brasileiro-alerta-o-presidente-da-afpesp\/#article","isPartOf":{"@id":"https:\/\/prefeitosegestoes.com.br\/portal\/dia-mundial-da-educacao-expoe-os-desafios-do-ensino-brasileiro-alerta-o-presidente-da-afpesp\/"},"author":{"name":"Prefeitos &amp; Gest\u00f5es","@id":"https:\/\/prefeitosegestoes.com.br\/portal\/#\/schema\/person\/d00059f2ec99963e7e1850d448ae94b8"},"headline":"Dia Mundial da Educa\u00e7\u00e3o exp\u00f5e os desafios do ensino brasileiro, alerta o presidente da AFPESP","datePublished":"2025-04-24T15:32:48+00:00","dateModified":"2025-04-24T15:36:18+00:00","mainEntityOfPage":{"@id":"https:\/\/prefeitosegestoes.com.br\/portal\/dia-mundial-da-educacao-expoe-os-desafios-do-ensino-brasileiro-alerta-o-presidente-da-afpesp\/"},"wordCount":720,"commentCount":0,"publisher":{"@id":"https:\/\/prefeitosegestoes.com.br\/portal\/#organization"},"image":{"@id":"https:\/\/prefeitosegestoes.com.br\/portal\/dia-mundial-da-educacao-expoe-os-desafios-do-ensino-brasileiro-alerta-o-presidente-da-afpesp\/#primaryimage"},"thumbnailUrl":"https:\/\/prefeitosegestoes.com.br\/portal\/wp-content\/uploads\/2025\/04\/0d9a2921.webp","keywords":["Aluno","Dia Mundial da Educa\u00e7\u00e3o","Educa\u00e7\u00e3o B\u00e1sica","Professor"],"articleSection":["Destaques"],"inLanguage":"pt-BR","potentialAction":[{"@type":"CommentAction","name":"Comment","target":["https:\/\/prefeitosegestoes.com.br\/portal\/dia-mundial-da-educacao-expoe-os-desafios-do-ensino-brasileiro-alerta-o-presidente-da-afpesp\/#respond"]}]},{"@type":"WebPage","@id":"https:\/\/prefeitosegestoes.com.br\/portal\/dia-mundial-da-educacao-expoe-os-desafios-do-ensino-brasileiro-alerta-o-presidente-da-afpesp\/","url":"https:\/\/prefeitosegestoes.com.br\/portal\/dia-mundial-da-educacao-expoe-os-desafios-do-ensino-brasileiro-alerta-o-presidente-da-afpesp\/","name":"Dia Mundial da Educa\u00e7\u00e3o exp\u00f5e os desafios do ensino brasileiro, alerta o presidente da AFPESP - Prefeitos &amp; Gest\u00f5es","isPartOf":{"@id":"https:\/\/prefeitosegestoes.com.br\/portal\/#website"},"primaryImageOfPage":{"@id":"https:\/\/prefeitosegestoes.com.br\/portal\/dia-mundial-da-educacao-expoe-os-desafios-do-ensino-brasileiro-alerta-o-presidente-da-afpesp\/#primaryimage"},"image":{"@id":"https:\/\/prefeitosegestoes.com.br\/portal\/dia-mundial-da-educacao-expoe-os-desafios-do-ensino-brasileiro-alerta-o-presidente-da-afpesp\/#primaryimage"},"thumbnailUrl":"https:\/\/prefeitosegestoes.com.br\/portal\/wp-content\/uploads\/2025\/04\/0d9a2921.webp","datePublished":"2025-04-24T15:32:48+00:00","dateModified":"2025-04-24T15:36:18+00:00","description":"O Dia Mundial da Educa\u00e7\u00e3o, celebrado em 28 de abril, deve servir como um alerta para os problemas que comprometem a qualidade do ensino p\u00fablico no Brasil, afirma Artur Marques, presidente da Associa\u00e7\u00e3o dos Funcion\u00e1rios P\u00fablicos do Estado de S\u00e3o Paulo (AFPESP). Ele destaca que a busca por uma escolariza\u00e7\u00e3o de excel\u00eancia come\u00e7a com boas condi\u00e7\u00f5es de trabalho, valoriza\u00e7\u00e3o e apoio aos professores, que enfrentam desafios estruturais no Pa\u00eds. \u201cSem profissionais est\u00e1veis e motivados, n\u00e3o h\u00e1 avan\u00e7o efetivo","breadcrumb":{"@id":"https:\/\/prefeitosegestoes.com.br\/portal\/dia-mundial-da-educacao-expoe-os-desafios-do-ensino-brasileiro-alerta-o-presidente-da-afpesp\/#breadcrumb"},"inLanguage":"pt-BR","potentialAction":[{"@type":"ReadAction","target":["https:\/\/prefeitosegestoes.com.br\/portal\/dia-mundial-da-educacao-expoe-os-desafios-do-ensino-brasileiro-alerta-o-presidente-da-afpesp\/"]}]},{"@type":"ImageObject","inLanguage":"pt-BR","@id":"https:\/\/prefeitosegestoes.com.br\/portal\/dia-mundial-da-educacao-expoe-os-desafios-do-ensino-brasileiro-alerta-o-presidente-da-afpesp\/#primaryimage","url":"https:\/\/prefeitosegestoes.com.br\/portal\/wp-content\/uploads\/2025\/04\/0d9a2921.webp","contentUrl":"https:\/\/prefeitosegestoes.com.br\/portal\/wp-content\/uploads\/2025\/04\/0d9a2921.webp","width":1024,"height":768},{"@type":"BreadcrumbList","@id":"https:\/\/prefeitosegestoes.com.br\/portal\/dia-mundial-da-educacao-expoe-os-desafios-do-ensino-brasileiro-alerta-o-presidente-da-afpesp\/#breadcrumb","itemListElement":[{"@type":"ListItem","position":1,"name":"In\u00edcio","item":"https:\/\/prefeitosegestoes.com.br\/portal\/"},{"@type":"ListItem","position":2,"name":"Dia Mundial da Educa\u00e7\u00e3o exp\u00f5e os desafios do ensino brasileiro, alerta o presidente da AFPESP"}]},{"@type":"WebSite","@id":"https:\/\/prefeitosegestoes.com.br\/portal\/#website","url":"https:\/\/prefeitosegestoes.com.br\/portal\/","name":"Prefeitos & Gest\u00f5es","description":"","publisher":{"@id":"https:\/\/prefeitosegestoes.com.br\/portal\/#organization"},"potentialAction":[{"@type":"SearchAction","target":{"@type":"EntryPoint","urlTemplate":"https:\/\/prefeitosegestoes.com.br\/portal\/?s={search_term_string}"},"query-input":{"@type":"PropertyValueSpecification","valueRequired":true,"valueName":"search_term_string"}}],"inLanguage":"pt-BR"},{"@type":"Organization","@id":"https:\/\/prefeitosegestoes.com.br\/portal\/#organization","name":"Prefeitos & Gest\u00f5es","url":"https:\/\/prefeitosegestoes.com.br\/portal\/","logo":{"@type":"ImageObject","inLanguage":"pt-BR","@id":"https:\/\/prefeitosegestoes.com.br\/portal\/#\/schema\/logo\/image\/","url":"https:\/\/prefeitosegestoes.com.br\/portal\/wp-content\/uploads\/2024\/10\/lg_trans_prefeitos_2024_preto2.png","contentUrl":"https:\/\/prefeitosegestoes.com.br\/portal\/wp-content\/uploads\/2024\/10\/lg_trans_prefeitos_2024_preto2.png","width":199,"height":122,"caption":"Prefeitos & Gest\u00f5es"},"image":{"@id":"https:\/\/prefeitosegestoes.com.br\/portal\/#\/schema\/logo\/image\/"},"sameAs":["https:\/\/www.facebook.com\/prefeitosonline","https:\/\/x.com\/PrefGestoes"]},{"@type":"Person","@id":"https:\/\/prefeitosegestoes.com.br\/portal\/#\/schema\/person\/d00059f2ec99963e7e1850d448ae94b8","name":"Prefeitos &amp; Gest\u00f5es","image":{"@type":"ImageObject","inLanguage":"pt-BR","@id":"https:\/\/secure.gravatar.com\/avatar\/738fb281e479212ed32c1a21a4307dda9f3af9292edb6918a16c9ce9fff5f48d?s=96&d=mm&r=g","url":"https:\/\/secure.gravatar.com\/avatar\/738fb281e479212ed32c1a21a4307dda9f3af9292edb6918a16c9ce9fff5f48d?s=96&d=mm&r=g","contentUrl":"https:\/\/secure.gravatar.com\/avatar\/738fb281e479212ed32c1a21a4307dda9f3af9292edb6918a16c9ce9fff5f48d?s=96&d=mm&r=g","caption":"Prefeitos &amp; Gest\u00f5es"},"url":"https:\/\/prefeitosegestoes.com.br\/portal\/author\/prefeitosegestoes\/"}]}},"_links":{"self":[{"href":"https:\/\/prefeitosegestoes.com.br\/portal\/wp-json\/wp\/v2\/posts\/3275","targetHints":{"allow":["GET"]}}],"collection":[{"href":"https:\/\/prefeitosegestoes.com.br\/portal\/wp-json\/wp\/v2\/posts"}],"about":[{"href":"https:\/\/prefeitosegestoes.com.br\/portal\/wp-json\/wp\/v2\/types\/post"}],"author":[{"embeddable":true,"href":"https:\/\/prefeitosegestoes.com.br\/portal\/wp-json\/wp\/v2\/users\/2"}],"replies":[{"embeddable":true,"href":"https:\/\/prefeitosegestoes.com.br\/portal\/wp-json\/wp\/v2\/comments?post=3275"}],"version-history":[{"count":1,"href":"https:\/\/prefeitosegestoes.com.br\/portal\/wp-json\/wp\/v2\/posts\/3275\/revisions"}],"predecessor-version":[{"id":3277,"href":"https:\/\/prefeitosegestoes.com.br\/portal\/wp-json\/wp\/v2\/posts\/3275\/revisions\/3277"}],"wp:featuredmedia":[{"embeddable":true,"href":"https:\/\/prefeitosegestoes.com.br\/portal\/wp-json\/wp\/v2\/media\/3276"}],"wp:attachment":[{"href":"https:\/\/prefeitosegestoes.com.br\/portal\/wp-json\/wp\/v2\/media?parent=3275"}],"wp:term":[{"taxonomy":"category","embeddable":true,"href":"https:\/\/prefeitosegestoes.com.br\/portal\/wp-json\/wp\/v2\/categories?post=3275"},{"taxonomy":"post_tag","embeddable":true,"href":"https:\/\/prefeitosegestoes.com.br\/portal\/wp-json\/wp\/v2\/tags?post=3275"}],"curies":[{"name":"wp","href":"https:\/\/api.w.org\/{rel}","templated":true}]}}