{"id":3270,"date":"2025-04-22T08:59:03","date_gmt":"2025-04-22T11:59:03","guid":{"rendered":"https:\/\/prefeitosegestoes.com.br\/portal\/?p=3270"},"modified":"2025-04-22T08:59:45","modified_gmt":"2025-04-22T11:59:45","slug":"3270-2","status":"publish","type":"post","link":"https:\/\/prefeitosegestoes.com.br\/portal\/3270-2\/","title":{"rendered":"Investimentos refor\u00e7am cria\u00e7\u00e3o de complexo industrial de sa\u00fade no pa\u00eds"},"content":{"rendered":"<div class=\"capa-materia rel-position\">\n<figure><figcaption class=\"credito-foto abs-position fullwidth\">\u00a9 Louis Reed\/ Unsplash<\/figcaption><\/figure>\n<\/div>\n<div class=\"conteudo-noticia\">\n<p>Tr\u00eas decis\u00f5es estrat\u00e9gicas, anunciadas h\u00e1 cerca de dez dias, v\u00e3o ao encontro de um dos principais bra\u00e7os da pol\u00edtica de incentivo \u00e0 ind\u00fastria do governo: o Complexo Econ\u00f4mico-Industrial da Sa\u00fade (Ceis), que, ao mesmo tempo, busca fortalecer a produ\u00e7\u00e3o industrial e prover o Sistema \u00danico de Sa\u00fade (SUS).<img decoding=\"async\" src=\"https:\/\/agenciabrasil.ebc.com.br\/ebc.png?id=1639246&amp;o=node\" \/><img decoding=\"async\" src=\"https:\/\/agenciabrasil.ebc.com.br\/ebc.gif?id=1639246&amp;o=node\" \/><\/p>\n<p>Em cerim\u00f4nia na cidade mineira de Montes Claros, com a presen\u00e7a do presidente Luiz In\u00e1cio Lula da Silva, a multinacional dinamarquesa Novo Nordisk,\u00a0<a href=\"https:\/\/agenciabrasil.ebc.com.br\/politica\/noticia\/2025-04\/em-evento-com-lula-farmaceutica-anuncia-expansao-no-brasil\" target=\"_blank\" rel=\"noopener\">anunciou o investimento de R$ 6,4 bilh\u00f5es para produzir rem\u00e9dios no Brasil<\/a>.<\/p>\n<p><strong>A farmac\u00eautica \u00e9 importante fornecedora para o SUS de insulina e medicamentos para o tratamento de hemofilia.\u00a0<\/strong>Atualmente, \u00e9 respons\u00e1vel por 2,65 mil empregos diretos e indiretos, que devem ser acrescidos de mais 600.<\/p>\n<p><strong>O objetivo do investimento anunciado \u00e9 aumentar a capacidade de produ\u00e7\u00e3o de tratamentos injet\u00e1veis para pessoas com obesidade, diabetes e outras doen\u00e7as cr\u00f4nicas graves<\/strong>.<\/p>\n<div class=\"dnd-widget-wrapper context-medio_4colunas type-image atom-align-right\">\n<div class=\"dnd-atom-rendered\"><img decoding=\"async\" title=\"Tomaz Silva\/Ag\u00eancia Brasil\" src=\"https:\/\/imagens.ebc.com.br\/2QEHErlEoSKdS1qv-OCJeTYKbEE=\/365x0\/smart\/https:\/\/agenciabrasil.ebc.com.br\/sites\/default\/files\/thumbnails\/image\/2024\/04\/13\/_dsc8071.jpg?itok=03PpcMK0\" alt=\"Rio de Janeiro (RJ), 13\/04\/2024 \u2013 Popula\u00e7\u00e3o participa do dia D de vacina\u00e7\u00e3o contra a gripe, na Pra\u00e7a Afonso Pena, na Tijuca, zona norte da capital fluminense. Foto: Tomaz Silva\/Ag\u00eancia Brasil\" \/><\/div>\n<div class=\"dnd-caption-wrapper\">\n<h6 class=\"meta\">BNDES, Finep\u00a0e Funda\u00e7\u00e3o Butantan, respons\u00e1vel prertendem investir em\u00a0em micro, pequenas e m\u00e9dias empresas inovadoras na \u00e1rea de sa\u00fade.\u00a0<strong>Foto:Tomaz Silva\/Ag\u00eancia Brasil<\/strong><\/h6>\n<\/div>\n<\/div>\n<h2>Parceria tripartite<\/h2>\n<p>No mesmo dia, o Banco Nacional de Desenvolvimento Econ\u00f4mico e Social (BNDES), a Financiadora de Estudos e Projetos (Finep) e a Funda\u00e7\u00e3o Butantan, respons\u00e1vel pela gest\u00e3o de recursos do Instituto Butantan, informaram que\u00a0<a href=\"https:\/\/agenciabrasil.ebc.com.br\/economia\/noticia\/2025-04\/bndes-butantan-e-finep-investirao-r-200-milhoes-em-startups-de-saude\" target=\"_blank\" rel=\"noopener\">v\u00e3o investir pelo menos R$ 200 milh\u00f5es<\/a>\u00a0em micro, pequenas e m\u00e9dias empresas inovadoras na \u00e1rea de sa\u00fade.<\/p>\n<p><strong>O esfor\u00e7o conjunto ser\u00e1 para a cria\u00e7\u00e3o de um fundo que vai mirar em startups, empresas com potencial de inova\u00e7\u00e3o e grande uso de tecnologia. As tr\u00eas institui\u00e7\u00f5es buscam fortalecer a cadeia de suprimentos do SUS<\/strong>.<\/p>\n<p>O BNDES, banco p\u00fablico ligado ao Minist\u00e9rio do Desenvolvimento, Ind\u00fastria, Com\u00e9rcio e Servi\u00e7os (MDIC), \u00e9 um dos bra\u00e7os do governo que fomentam o Complexo Econ\u00f4mico-Industrial da Sa\u00fade.\u00a0<strong>O banco deve aportar de R$ 50 milh\u00f5es a R$ 125 milh\u00f5es ao fundo<\/strong>.<\/p>\n<p><strong>A Finep, empresa p\u00fablica ligada ao Minist\u00e9rio da Ci\u00eancia, Tecnologia, Inova\u00e7\u00f5es e Comunica\u00e7\u00f5es (MCTI), destinar\u00e1 at\u00e9 R$ 60 milh\u00f5es. J\u00e1 o Butantan \u2500 maior produtor de vacinas e soros da Am\u00e9rica Latina \u2500 \u00e9 ligado ao governo de S\u00e3o Paulo e aportar\u00e1 ao menos R$ 50 milh\u00f5es<\/strong>..<\/p>\n<p><strong>A empresa, sediada em Aparecida de Goi\u00e2nia (GO), vender\u00e1 ao governo itens como stent farmacol\u00f3gico coron\u00e1rio, cateter e fio guia dirig\u00edvel para angioplastia e bal\u00e3o perif\u00e9rico<\/strong>.<\/p>\n<p>Stent \u00e9 um pequeno dispositivo m\u00e9dico em forma de tubo, inserido em art\u00e9rias para prevenir e evitar a obstru\u00e7\u00e3o do fluxo sangu\u00edneo, ou seja, \u00e9 diretamente ligado a interven\u00e7\u00f5es cardiovasculares.<\/p>\n<div class=\"dnd-widget-wrapper context-medio_4colunas type-image atom-align-left\">\n<div class=\"dnd-atom-rendered\"><img decoding=\"async\" title=\"Tomaz Silva\/Ag\u00eancia Brasil\" src=\"https:\/\/imagens.ebc.com.br\/BvKwLyveXKc13OHnewvGnEcOyWo=\/365x0\/smart\/https:\/\/agenciabrasil.ebc.com.br\/sites\/default\/files\/thumbnails\/image\/2024\/04\/13\/_dsc8057.jpg?itok=TQMbPrjp\" alt=\"Rio de Janeiro (RJ), 13\/04\/2024 \u2013 Popula\u00e7\u00e3o participa do dia D de vacina\u00e7\u00e3o contra a gripe, na Pra\u00e7a Afonso Pena, na Tijuca, zona norte da capital fluminense. Foto: Tomaz Silva\/Ag\u00eancia Brasil\" \/><\/div>\n<div class=\"dnd-caption-wrapper\">\n<h6 class=\"meta\">Uma das a\u00e7\u00f5es\u00a0estrat\u00e9gicas \u00e9 o financiamento \u00e0\u00a0principal fornecedora de stents farmacol\u00f3gicos para o SUS. Foto:\u00a0<strong>Tomaz Silva\/Ag\u00eancia Brasil<\/strong><\/h6>\n<\/div>\n<\/div>\n<h2>Complexo Industrial da Sa\u00fade<\/h2>\n<p><strong>A pol\u00edtica industrial do governo, batizada de\u00a0<a href=\"https:\/\/agenciabrasil.ebc.com.br\/economia\/noticia\/2024-01\/entenda-o-programa-nova-industria-brasil\" target=\"_blank\" rel=\"noopener\">Nova Ind\u00fastria Brasil (NIB)<\/a>, foi lan\u00e7ada em janeiro de 2024.\u00a0\u00c9 dentro deste conjunto de incentivo que est\u00e3o as a\u00e7\u00f5es voltadas ao Complexo Econ\u00f4mico-Industrial da Sa\u00fade, que faz parte da chamada Miss\u00e3o 2 da NIB.<\/strong><\/p>\n<p>Al\u00e9m de gerar emprego e desenvolvimento econ\u00f4mico, a meta da pol\u00edtica de incentivo \u00e9 elevar a produ\u00e7\u00e3o nacional de 45% para 70% da necessidade de medicamentos, vacinas, equipamentos e dispositivos m\u00e9dicos, materiais e outros insumos e tecnologias em sa\u00fade, at\u00e9 2033.<\/p>\n<p>Procurado pela\u00a0<strong>Ag\u00eancia Brasil<\/strong>, o Minist\u00e9rio do Desenvolvimento, Ind\u00fastria, Com\u00e9rcio e Servi\u00e7os informou que os valores direcionados \u00e0 Miss\u00e3o 2 superam R$ 57 bilh\u00f5es, entre investimentos p\u00fablicos e privados. \u00c9 dinheiro que vai potencializar produ\u00e7\u00e3o em laborat\u00f3rios e ind\u00fastrias.<\/p>\n<p><strong>Ao defender a pol\u00edtica de incentivo na f\u00e1brica de Montes Claros, o presidente Lula afirmou que h\u00e1 \u201cuma revolu\u00e7\u00e3o na recupera\u00e7\u00e3o da ind\u00fastria deste pa\u00eds\u201d, particularmente nas ind\u00fastrias vinculadas ao Complexo Econ\u00f4mico-Industrial da Sa\u00fade\u201d.<\/strong><\/p>\n<p>\u201cIsso \u00e9 poss\u00edvel porque o SUS \u00e9 um grande comprador de tudo o que a gente fabrica aqui\u201d, completou o presidente.<\/p>\n<h2>Resultados pr\u00e1ticos<\/h2>\n<p>Uma das faces do efeito pr\u00e1tico do investimento no Complexo Econ\u00f4mico-Industrial da Sa\u00fade \u00e9 a redu\u00e7\u00e3o da depend\u00eancia externa, desafio que ficou vis\u00edvel durante a pandemia de covid-19, quando o Brasil dependeu da importa\u00e7\u00e3o de vacina, equipamentos hospitalares, como ventiladores mec\u00e2nicos, e insumos, como m\u00e1scaras.<\/p>\n<p><strong>A Funda\u00e7\u00e3o Oswaldo Cruz (Fiocruz), institui\u00e7\u00e3o refer\u00eancia em sa\u00fade p\u00fablica, \u00e9 uma das beneficiadas direta da Miss\u00e3o 2 da NIB<\/strong>.<\/p>\n<p>A Fiocruz informou que, \u201cpor meio de Instituto de Tecnologia em Imunobiol\u00f3gicos (Bio-Manguinhos), investe continuamente em inova\u00e7\u00e3o e desenvolvimento tecnol\u00f3gico para melhorar suas capacidades produtivas\u201d.<\/p>\n<p><strong>Um dos projetos mais significativos \u00e9 o Complexo Industrial de Biotecnologia em Sa\u00fade, que est\u00e1 sendo constru\u00eddo em um terreno de 580 mil metros quadrados \u2013 equivalente a cerca de 80 campos de futebol &#8211; no Rio de Janeiro.<\/strong><\/p>\n<p><strong>A unidade ter\u00e1 capacidade de produ\u00e7\u00e3o anual estimada em 120 milh\u00f5es de frascos de vacinas e biof\u00e1rmacos, para atender prioritariamente \u00e0s demandas da popula\u00e7\u00e3o brasileira por meio do SUS.<\/strong><\/p>\n<p>O Programa de Acelera\u00e7\u00e3o do Crescimento (PAC) do governo federal prev\u00ea investimento de cerca de R$ 2 bilh\u00f5es em quatro anos para a constru\u00e7\u00e3o. A Fiocruz informou \u00e0\u00a0<strong>Ag\u00eancia Brasil\u00a0<\/strong>que ainda est\u00e3o sendo captados aproximadamente R$4 bilh\u00f5es de investidores e parceiros diversos.<\/p>\n<p><strong>A Fiocruz acrescentou que, entre as medidas para buscar autossufici\u00eancia do pa\u00eds, tem investido em tecnologias avan\u00e7adas, como a plataforma de RNA mensageiro (mRNA &#8211; transporta informa\u00e7\u00f5es gen\u00e9ticas do v\u00edrus), incluindo uma vacina contra a covid-19, que est\u00e1 em fase pr\u00e9-cl\u00ednica.<\/strong><\/p>\n<h2>Efeito multiplicador<\/h2>\n<p><strong>A Confedera\u00e7\u00e3o Nacional da Ind\u00fastria (CNI) classifica o Complexo Econ\u00f4mico-Industrial da Sa\u00fade como \u201cestrat\u00e9gico para o desenvolvimento econ\u00f4mico e social do pa\u00eds\u201d<\/strong>.<\/p>\n<p>Na defini\u00e7\u00e3o da especialista de Pol\u00edtica Industrial da CNI, Caroline Giusti de Ara\u00fajo, o complexo articula uma ampla base produtiva e tecnol\u00f3gica, que abrange desde a ind\u00fastria farmoqu\u00edmica e farmac\u00eautica at\u00e9 vacinas, testes diagn\u00f3sticos, terapias avan\u00e7adas, hemoderivados e dispositivos m\u00e9dicos.<\/p>\n<p><strong>O setor representa, descreve ela, cerca de 10% do Produto Interno Bruto (PIB \u2013 conjunto de bens e servi\u00e7os produzidos no pa\u00eds) e mais de 30% do esfor\u00e7o de ci\u00eancia, tecnologia e inova\u00e7\u00e3o. A especialista aponta que investimentos no setor t\u00eam um efeito multiplicador.<\/strong><\/p>\n<blockquote><p>\u201cA cada R$ 1 milh\u00e3o produzidos no setor farmoqu\u00edmico e farmac\u00eautico, geram-se, em m\u00e9dia, R$ 2,46 milh\u00f5es em valor bruto da produ\u00e7\u00e3o\u201d, calcula.<\/p><\/blockquote>\n<p><strong>Relembrando que a pandemia de covid-19 exp\u00f4s depend\u00eancias do Brasil a fornecedores estrangeiros, a CNI afirma que pol\u00edticas de incentivo industrial se tornaram essenciais para reduzir vulnerabilidades, assegurar a seguran\u00e7a sanit\u00e1ria e impulsionar a industrializa\u00e7\u00e3o com base em inova\u00e7\u00e3o.\u00a0<\/strong><\/p>\n<blockquote><p>\u201cAcreditamos que pol\u00edticas como essas que integram o Complexo Econ\u00f4mico-Industrial da Sa\u00fade estimulam os investimentos em pesquisa e desenvolvimento por parte do setor, que j\u00e1 se destaca como um dos maiores na ind\u00fastria de transforma\u00e7\u00e3o brasileira\u201d, avalia Caroline Ara\u00fajo.<\/p><\/blockquote>\n<h2>Ambiente econ\u00f4mico est\u00e1vel<\/h2>\n<p><strong>O presidente executivo do Sindicato da Ind\u00fastria de Produtos Farmac\u00eauticos (Sindusfarma), Nelson Mussolini, aprova a pol\u00edtica de incentivo industrial, e enfatiza que o setor farmac\u00eautico atua tanto na promo\u00e7\u00e3o da sa\u00fade e da qualidade de vida da popula\u00e7\u00e3o brasileira, assim como no desenvolvimento econ\u00f4mico<\/strong>.<\/p>\n<blockquote><p>\u201cA cadeia produtiva farmac\u00eautica representa um polo industrial, tecnol\u00f3gico e cient\u00edfico de ponta, que emprega cerca de 900 mil pessoas de forma direta e indireta\u201d, apontou ele \u00e0\u00a0Ag\u00eancia Brasil.<\/p><\/blockquote>\n<p>O representante de farmac\u00eauticas nacionais e internacionais que produzem no Brasil defende que o incentivo ao setor deve ser tratado como pol\u00edtica de Estado, baseada em regras claras e constantes.<\/p>\n<p>\u201cUma pol\u00edtica de desenvolvimento do complexo industrial da sa\u00fade necessariamente tem que ser uma pol\u00edtica de Estado e, por isso, precisa ter marcos legais bem estabelecidos\u201d, diz.<\/p>\n<p>Fonte: Ag\u00eancia Brasil<\/p>\n<\/div>\n","protected":false},"excerpt":{"rendered":"<p>\u00a9 Louis Reed\/ Unsplash Tr\u00eas decis\u00f5es estrat\u00e9gicas, anunciadas h\u00e1 cerca de dez dias, v\u00e3o ao encontro de um dos principais bra\u00e7os da pol\u00edtica de incentivo \u00e0 ind\u00fastria do governo: o Complexo Econ\u00f4mico-Industrial da Sa\u00fade (Ceis), que, ao mesmo tempo, busca fortalecer a produ\u00e7\u00e3o industrial e prover o Sistema \u00danico de Sa\u00fade (SUS). Em cerim\u00f4nia na [&hellip;]<\/p>\n","protected":false},"author":2,"featured_media":3271,"comment_status":"open","ping_status":"open","sticky":false,"template":"","format":"standard","meta":{"rop_custom_images_group":[],"rop_custom_messages_group":[],"rop_publish_now":"initial","rop_publish_now_accounts":{"twitter_850042665852968960_850042665852968960":""},"rop_publish_now_history":[],"rop_publish_now_status":"pending","footnotes":""},"categories":[15],"tags":[574,573,575,181,230],"class_list":["post-3270","post","type-post","status-publish","format-standard","has-post-thumbnail","hentry","category-destaques","tag-complexo-industrial","tag-emprego","tag-farmaceutica","tag-saude","tag-vacina"],"yoast_head":"<!-- This site is optimized with the Yoast SEO plugin v27.2 - https:\/\/yoast.com\/product\/yoast-seo-wordpress\/ -->\n<title>Investimentos refor\u00e7am cria\u00e7\u00e3o de complexo industrial de sa\u00fade no pa\u00eds - Prefeitos &amp; Gest\u00f5es<\/title>\n<meta name=\"description\" content=\"Complexo Industrial da Sa\u00fadeA pol\u00edtica industrial do governo, batizada de\u00a0Nova Ind\u00fastria Brasil (NIB), foi lan\u00e7ada em janeiro de 2024.\u00a0\u00c9 dentro deste conjunto de incentivo que est\u00e3o as a\u00e7\u00f5es voltadas ao Complexo Econ\u00f4mico-Industrial da Sa\u00fade, que faz parte da chamada Miss\u00e3o 2 da NIB.\" \/>\n<meta name=\"robots\" content=\"index, follow, max-snippet:-1, max-image-preview:large, max-video-preview:-1\" \/>\n<link rel=\"canonical\" href=\"https:\/\/prefeitosegestoes.com.br\/portal\/3270-2\/\" \/>\n<meta property=\"og:locale\" content=\"pt_BR\" \/>\n<meta property=\"og:type\" content=\"article\" \/>\n<meta property=\"og:title\" content=\"Investimentos refor\u00e7am cria\u00e7\u00e3o de complexo industrial de sa\u00fade no pa\u00eds - Prefeitos &amp; Gest\u00f5es\" \/>\n<meta property=\"og:description\" content=\"Complexo Industrial da Sa\u00fadeA pol\u00edtica industrial do governo, batizada de\u00a0Nova Ind\u00fastria Brasil (NIB), foi lan\u00e7ada em janeiro de 2024.\u00a0\u00c9 dentro deste conjunto de incentivo que est\u00e3o as a\u00e7\u00f5es voltadas ao Complexo Econ\u00f4mico-Industrial da Sa\u00fade, que faz parte da chamada Miss\u00e3o 2 da NIB.\" \/>\n<meta property=\"og:url\" content=\"https:\/\/prefeitosegestoes.com.br\/portal\/3270-2\/\" \/>\n<meta property=\"og:site_name\" content=\"Prefeitos &amp; Gest\u00f5es\" \/>\n<meta property=\"article:publisher\" content=\"https:\/\/www.facebook.com\/prefeitosonline\" \/>\n<meta property=\"article:published_time\" content=\"2025-04-22T11:59:03+00:00\" \/>\n<meta property=\"article:modified_time\" content=\"2025-04-22T11:59:45+00:00\" \/>\n<meta property=\"og:image\" content=\"https:\/\/prefeitosegestoes.com.br\/portal\/wp-content\/uploads\/2025\/04\/louis-reed-pwckf7l4-no-unsplash.webp\" \/>\n\t<meta property=\"og:image:width\" content=\"1170\" \/>\n\t<meta property=\"og:image:height\" content=\"700\" \/>\n\t<meta property=\"og:image:type\" content=\"image\/webp\" \/>\n<meta name=\"author\" content=\"Prefeitos &amp; Gest\u00f5es\" \/>\n<meta name=\"twitter:card\" content=\"summary_large_image\" \/>\n<meta name=\"twitter:creator\" content=\"@PrefGestoes\" \/>\n<meta name=\"twitter:site\" content=\"@PrefGestoes\" \/>\n<meta name=\"twitter:label1\" content=\"Escrito por\" \/>\n\t<meta name=\"twitter:data1\" content=\"Prefeitos &amp; Gest\u00f5es\" \/>\n\t<meta name=\"twitter:label2\" content=\"Est. tempo de leitura\" \/>\n\t<meta name=\"twitter:data2\" content=\"8 minutos\" \/>\n<script type=\"application\/ld+json\" class=\"yoast-schema-graph\">{\"@context\":\"https:\/\/schema.org\",\"@graph\":[{\"@type\":\"Article\",\"@id\":\"https:\/\/prefeitosegestoes.com.br\/portal\/3270-2\/#article\",\"isPartOf\":{\"@id\":\"https:\/\/prefeitosegestoes.com.br\/portal\/3270-2\/\"},\"author\":{\"name\":\"Prefeitos &amp; Gest\u00f5es\",\"@id\":\"https:\/\/prefeitosegestoes.com.br\/portal\/#\/schema\/person\/d00059f2ec99963e7e1850d448ae94b8\"},\"headline\":\"Investimentos refor\u00e7am cria\u00e7\u00e3o de complexo industrial de sa\u00fade no pa\u00eds\",\"datePublished\":\"2025-04-22T11:59:03+00:00\",\"dateModified\":\"2025-04-22T11:59:45+00:00\",\"mainEntityOfPage\":{\"@id\":\"https:\/\/prefeitosegestoes.com.br\/portal\/3270-2\/\"},\"wordCount\":1369,\"commentCount\":0,\"publisher\":{\"@id\":\"https:\/\/prefeitosegestoes.com.br\/portal\/#organization\"},\"image\":{\"@id\":\"https:\/\/prefeitosegestoes.com.br\/portal\/3270-2\/#primaryimage\"},\"thumbnailUrl\":\"https:\/\/prefeitosegestoes.com.br\/portal\/wp-content\/uploads\/2025\/04\/louis-reed-pwckf7l4-no-unsplash.webp\",\"keywords\":[\"Complexo Industrial\",\"Emprego\",\"Farmac\u00eautica\",\"Sa\u00fade\",\"Vacina\"],\"articleSection\":[\"Destaques\"],\"inLanguage\":\"pt-BR\",\"potentialAction\":[{\"@type\":\"CommentAction\",\"name\":\"Comment\",\"target\":[\"https:\/\/prefeitosegestoes.com.br\/portal\/3270-2\/#respond\"]}]},{\"@type\":\"WebPage\",\"@id\":\"https:\/\/prefeitosegestoes.com.br\/portal\/3270-2\/\",\"url\":\"https:\/\/prefeitosegestoes.com.br\/portal\/3270-2\/\",\"name\":\"Investimentos refor\u00e7am cria\u00e7\u00e3o de complexo industrial de sa\u00fade no pa\u00eds - Prefeitos &amp; Gest\u00f5es\",\"isPartOf\":{\"@id\":\"https:\/\/prefeitosegestoes.com.br\/portal\/#website\"},\"primaryImageOfPage\":{\"@id\":\"https:\/\/prefeitosegestoes.com.br\/portal\/3270-2\/#primaryimage\"},\"image\":{\"@id\":\"https:\/\/prefeitosegestoes.com.br\/portal\/3270-2\/#primaryimage\"},\"thumbnailUrl\":\"https:\/\/prefeitosegestoes.com.br\/portal\/wp-content\/uploads\/2025\/04\/louis-reed-pwckf7l4-no-unsplash.webp\",\"datePublished\":\"2025-04-22T11:59:03+00:00\",\"dateModified\":\"2025-04-22T11:59:45+00:00\",\"description\":\"Complexo Industrial da Sa\u00fadeA pol\u00edtica industrial do governo, batizada de\u00a0Nova Ind\u00fastria Brasil (NIB), foi lan\u00e7ada em janeiro de 2024.\u00a0\u00c9 dentro deste conjunto de incentivo que est\u00e3o as a\u00e7\u00f5es voltadas ao Complexo Econ\u00f4mico-Industrial da Sa\u00fade, que faz parte da chamada Miss\u00e3o 2 da NIB.\",\"breadcrumb\":{\"@id\":\"https:\/\/prefeitosegestoes.com.br\/portal\/3270-2\/#breadcrumb\"},\"inLanguage\":\"pt-BR\",\"potentialAction\":[{\"@type\":\"ReadAction\",\"target\":[\"https:\/\/prefeitosegestoes.com.br\/portal\/3270-2\/\"]}]},{\"@type\":\"ImageObject\",\"inLanguage\":\"pt-BR\",\"@id\":\"https:\/\/prefeitosegestoes.com.br\/portal\/3270-2\/#primaryimage\",\"url\":\"https:\/\/prefeitosegestoes.com.br\/portal\/wp-content\/uploads\/2025\/04\/louis-reed-pwckf7l4-no-unsplash.webp\",\"contentUrl\":\"https:\/\/prefeitosegestoes.com.br\/portal\/wp-content\/uploads\/2025\/04\/louis-reed-pwckf7l4-no-unsplash.webp\",\"width\":1170,\"height\":700},{\"@type\":\"BreadcrumbList\",\"@id\":\"https:\/\/prefeitosegestoes.com.br\/portal\/3270-2\/#breadcrumb\",\"itemListElement\":[{\"@type\":\"ListItem\",\"position\":1,\"name\":\"In\u00edcio\",\"item\":\"https:\/\/prefeitosegestoes.com.br\/portal\/\"},{\"@type\":\"ListItem\",\"position\":2,\"name\":\"Investimentos refor\u00e7am cria\u00e7\u00e3o de complexo industrial de sa\u00fade no pa\u00eds\"}]},{\"@type\":\"WebSite\",\"@id\":\"https:\/\/prefeitosegestoes.com.br\/portal\/#website\",\"url\":\"https:\/\/prefeitosegestoes.com.br\/portal\/\",\"name\":\"Prefeitos & Gest\u00f5es\",\"description\":\"\",\"publisher\":{\"@id\":\"https:\/\/prefeitosegestoes.com.br\/portal\/#organization\"},\"potentialAction\":[{\"@type\":\"SearchAction\",\"target\":{\"@type\":\"EntryPoint\",\"urlTemplate\":\"https:\/\/prefeitosegestoes.com.br\/portal\/?s={search_term_string}\"},\"query-input\":{\"@type\":\"PropertyValueSpecification\",\"valueRequired\":true,\"valueName\":\"search_term_string\"}}],\"inLanguage\":\"pt-BR\"},{\"@type\":\"Organization\",\"@id\":\"https:\/\/prefeitosegestoes.com.br\/portal\/#organization\",\"name\":\"Prefeitos & Gest\u00f5es\",\"url\":\"https:\/\/prefeitosegestoes.com.br\/portal\/\",\"logo\":{\"@type\":\"ImageObject\",\"inLanguage\":\"pt-BR\",\"@id\":\"https:\/\/prefeitosegestoes.com.br\/portal\/#\/schema\/logo\/image\/\",\"url\":\"https:\/\/prefeitosegestoes.com.br\/portal\/wp-content\/uploads\/2024\/10\/lg_trans_prefeitos_2024_preto2.png\",\"contentUrl\":\"https:\/\/prefeitosegestoes.com.br\/portal\/wp-content\/uploads\/2024\/10\/lg_trans_prefeitos_2024_preto2.png\",\"width\":199,\"height\":122,\"caption\":\"Prefeitos & Gest\u00f5es\"},\"image\":{\"@id\":\"https:\/\/prefeitosegestoes.com.br\/portal\/#\/schema\/logo\/image\/\"},\"sameAs\":[\"https:\/\/www.facebook.com\/prefeitosonline\",\"https:\/\/x.com\/PrefGestoes\"]},{\"@type\":\"Person\",\"@id\":\"https:\/\/prefeitosegestoes.com.br\/portal\/#\/schema\/person\/d00059f2ec99963e7e1850d448ae94b8\",\"name\":\"Prefeitos &amp; Gest\u00f5es\",\"image\":{\"@type\":\"ImageObject\",\"inLanguage\":\"pt-BR\",\"@id\":\"https:\/\/secure.gravatar.com\/avatar\/738fb281e479212ed32c1a21a4307dda9f3af9292edb6918a16c9ce9fff5f48d?s=96&d=mm&r=g\",\"url\":\"https:\/\/secure.gravatar.com\/avatar\/738fb281e479212ed32c1a21a4307dda9f3af9292edb6918a16c9ce9fff5f48d?s=96&d=mm&r=g\",\"contentUrl\":\"https:\/\/secure.gravatar.com\/avatar\/738fb281e479212ed32c1a21a4307dda9f3af9292edb6918a16c9ce9fff5f48d?s=96&d=mm&r=g\",\"caption\":\"Prefeitos &amp; Gest\u00f5es\"},\"url\":\"https:\/\/prefeitosegestoes.com.br\/portal\/author\/prefeitosegestoes\/\"}]}<\/script>\n<!-- \/ Yoast SEO plugin. -->","yoast_head_json":{"title":"Investimentos refor\u00e7am cria\u00e7\u00e3o de complexo industrial de sa\u00fade no pa\u00eds - Prefeitos &amp; Gest\u00f5es","description":"Complexo Industrial da Sa\u00fadeA pol\u00edtica industrial do governo, batizada de\u00a0Nova Ind\u00fastria Brasil (NIB), foi lan\u00e7ada em janeiro de 2024.\u00a0\u00c9 dentro deste conjunto de incentivo que est\u00e3o as a\u00e7\u00f5es voltadas ao Complexo Econ\u00f4mico-Industrial da Sa\u00fade, que faz parte da chamada Miss\u00e3o 2 da NIB.","robots":{"index":"index","follow":"follow","max-snippet":"max-snippet:-1","max-image-preview":"max-image-preview:large","max-video-preview":"max-video-preview:-1"},"canonical":"https:\/\/prefeitosegestoes.com.br\/portal\/3270-2\/","og_locale":"pt_BR","og_type":"article","og_title":"Investimentos refor\u00e7am cria\u00e7\u00e3o de complexo industrial de sa\u00fade no pa\u00eds - Prefeitos &amp; Gest\u00f5es","og_description":"Complexo Industrial da Sa\u00fadeA pol\u00edtica industrial do governo, batizada de\u00a0Nova Ind\u00fastria Brasil (NIB), foi lan\u00e7ada em janeiro de 2024.\u00a0\u00c9 dentro deste conjunto de incentivo que est\u00e3o as a\u00e7\u00f5es voltadas ao Complexo Econ\u00f4mico-Industrial da Sa\u00fade, que faz parte da chamada Miss\u00e3o 2 da NIB.","og_url":"https:\/\/prefeitosegestoes.com.br\/portal\/3270-2\/","og_site_name":"Prefeitos &amp; Gest\u00f5es","article_publisher":"https:\/\/www.facebook.com\/prefeitosonline","article_published_time":"2025-04-22T11:59:03+00:00","article_modified_time":"2025-04-22T11:59:45+00:00","og_image":[{"width":1170,"height":700,"url":"https:\/\/prefeitosegestoes.com.br\/portal\/wp-content\/uploads\/2025\/04\/louis-reed-pwckf7l4-no-unsplash.webp","type":"image\/webp"}],"author":"Prefeitos &amp; Gest\u00f5es","twitter_card":"summary_large_image","twitter_creator":"@PrefGestoes","twitter_site":"@PrefGestoes","twitter_misc":{"Escrito por":"Prefeitos &amp; Gest\u00f5es","Est. tempo de leitura":"8 minutos"},"schema":{"@context":"https:\/\/schema.org","@graph":[{"@type":"Article","@id":"https:\/\/prefeitosegestoes.com.br\/portal\/3270-2\/#article","isPartOf":{"@id":"https:\/\/prefeitosegestoes.com.br\/portal\/3270-2\/"},"author":{"name":"Prefeitos &amp; Gest\u00f5es","@id":"https:\/\/prefeitosegestoes.com.br\/portal\/#\/schema\/person\/d00059f2ec99963e7e1850d448ae94b8"},"headline":"Investimentos refor\u00e7am cria\u00e7\u00e3o de complexo industrial de sa\u00fade no pa\u00eds","datePublished":"2025-04-22T11:59:03+00:00","dateModified":"2025-04-22T11:59:45+00:00","mainEntityOfPage":{"@id":"https:\/\/prefeitosegestoes.com.br\/portal\/3270-2\/"},"wordCount":1369,"commentCount":0,"publisher":{"@id":"https:\/\/prefeitosegestoes.com.br\/portal\/#organization"},"image":{"@id":"https:\/\/prefeitosegestoes.com.br\/portal\/3270-2\/#primaryimage"},"thumbnailUrl":"https:\/\/prefeitosegestoes.com.br\/portal\/wp-content\/uploads\/2025\/04\/louis-reed-pwckf7l4-no-unsplash.webp","keywords":["Complexo Industrial","Emprego","Farmac\u00eautica","Sa\u00fade","Vacina"],"articleSection":["Destaques"],"inLanguage":"pt-BR","potentialAction":[{"@type":"CommentAction","name":"Comment","target":["https:\/\/prefeitosegestoes.com.br\/portal\/3270-2\/#respond"]}]},{"@type":"WebPage","@id":"https:\/\/prefeitosegestoes.com.br\/portal\/3270-2\/","url":"https:\/\/prefeitosegestoes.com.br\/portal\/3270-2\/","name":"Investimentos refor\u00e7am cria\u00e7\u00e3o de complexo industrial de sa\u00fade no pa\u00eds - Prefeitos &amp; Gest\u00f5es","isPartOf":{"@id":"https:\/\/prefeitosegestoes.com.br\/portal\/#website"},"primaryImageOfPage":{"@id":"https:\/\/prefeitosegestoes.com.br\/portal\/3270-2\/#primaryimage"},"image":{"@id":"https:\/\/prefeitosegestoes.com.br\/portal\/3270-2\/#primaryimage"},"thumbnailUrl":"https:\/\/prefeitosegestoes.com.br\/portal\/wp-content\/uploads\/2025\/04\/louis-reed-pwckf7l4-no-unsplash.webp","datePublished":"2025-04-22T11:59:03+00:00","dateModified":"2025-04-22T11:59:45+00:00","description":"Complexo Industrial da Sa\u00fadeA pol\u00edtica industrial do governo, batizada de\u00a0Nova Ind\u00fastria Brasil (NIB), foi lan\u00e7ada em janeiro de 2024.\u00a0\u00c9 dentro deste conjunto de incentivo que est\u00e3o as a\u00e7\u00f5es voltadas ao Complexo Econ\u00f4mico-Industrial da Sa\u00fade, que faz parte da chamada Miss\u00e3o 2 da NIB.","breadcrumb":{"@id":"https:\/\/prefeitosegestoes.com.br\/portal\/3270-2\/#breadcrumb"},"inLanguage":"pt-BR","potentialAction":[{"@type":"ReadAction","target":["https:\/\/prefeitosegestoes.com.br\/portal\/3270-2\/"]}]},{"@type":"ImageObject","inLanguage":"pt-BR","@id":"https:\/\/prefeitosegestoes.com.br\/portal\/3270-2\/#primaryimage","url":"https:\/\/prefeitosegestoes.com.br\/portal\/wp-content\/uploads\/2025\/04\/louis-reed-pwckf7l4-no-unsplash.webp","contentUrl":"https:\/\/prefeitosegestoes.com.br\/portal\/wp-content\/uploads\/2025\/04\/louis-reed-pwckf7l4-no-unsplash.webp","width":1170,"height":700},{"@type":"BreadcrumbList","@id":"https:\/\/prefeitosegestoes.com.br\/portal\/3270-2\/#breadcrumb","itemListElement":[{"@type":"ListItem","position":1,"name":"In\u00edcio","item":"https:\/\/prefeitosegestoes.com.br\/portal\/"},{"@type":"ListItem","position":2,"name":"Investimentos refor\u00e7am cria\u00e7\u00e3o de complexo industrial de sa\u00fade no pa\u00eds"}]},{"@type":"WebSite","@id":"https:\/\/prefeitosegestoes.com.br\/portal\/#website","url":"https:\/\/prefeitosegestoes.com.br\/portal\/","name":"Prefeitos & Gest\u00f5es","description":"","publisher":{"@id":"https:\/\/prefeitosegestoes.com.br\/portal\/#organization"},"potentialAction":[{"@type":"SearchAction","target":{"@type":"EntryPoint","urlTemplate":"https:\/\/prefeitosegestoes.com.br\/portal\/?s={search_term_string}"},"query-input":{"@type":"PropertyValueSpecification","valueRequired":true,"valueName":"search_term_string"}}],"inLanguage":"pt-BR"},{"@type":"Organization","@id":"https:\/\/prefeitosegestoes.com.br\/portal\/#organization","name":"Prefeitos & Gest\u00f5es","url":"https:\/\/prefeitosegestoes.com.br\/portal\/","logo":{"@type":"ImageObject","inLanguage":"pt-BR","@id":"https:\/\/prefeitosegestoes.com.br\/portal\/#\/schema\/logo\/image\/","url":"https:\/\/prefeitosegestoes.com.br\/portal\/wp-content\/uploads\/2024\/10\/lg_trans_prefeitos_2024_preto2.png","contentUrl":"https:\/\/prefeitosegestoes.com.br\/portal\/wp-content\/uploads\/2024\/10\/lg_trans_prefeitos_2024_preto2.png","width":199,"height":122,"caption":"Prefeitos & Gest\u00f5es"},"image":{"@id":"https:\/\/prefeitosegestoes.com.br\/portal\/#\/schema\/logo\/image\/"},"sameAs":["https:\/\/www.facebook.com\/prefeitosonline","https:\/\/x.com\/PrefGestoes"]},{"@type":"Person","@id":"https:\/\/prefeitosegestoes.com.br\/portal\/#\/schema\/person\/d00059f2ec99963e7e1850d448ae94b8","name":"Prefeitos &amp; Gest\u00f5es","image":{"@type":"ImageObject","inLanguage":"pt-BR","@id":"https:\/\/secure.gravatar.com\/avatar\/738fb281e479212ed32c1a21a4307dda9f3af9292edb6918a16c9ce9fff5f48d?s=96&d=mm&r=g","url":"https:\/\/secure.gravatar.com\/avatar\/738fb281e479212ed32c1a21a4307dda9f3af9292edb6918a16c9ce9fff5f48d?s=96&d=mm&r=g","contentUrl":"https:\/\/secure.gravatar.com\/avatar\/738fb281e479212ed32c1a21a4307dda9f3af9292edb6918a16c9ce9fff5f48d?s=96&d=mm&r=g","caption":"Prefeitos &amp; Gest\u00f5es"},"url":"https:\/\/prefeitosegestoes.com.br\/portal\/author\/prefeitosegestoes\/"}]}},"_links":{"self":[{"href":"https:\/\/prefeitosegestoes.com.br\/portal\/wp-json\/wp\/v2\/posts\/3270","targetHints":{"allow":["GET"]}}],"collection":[{"href":"https:\/\/prefeitosegestoes.com.br\/portal\/wp-json\/wp\/v2\/posts"}],"about":[{"href":"https:\/\/prefeitosegestoes.com.br\/portal\/wp-json\/wp\/v2\/types\/post"}],"author":[{"embeddable":true,"href":"https:\/\/prefeitosegestoes.com.br\/portal\/wp-json\/wp\/v2\/users\/2"}],"replies":[{"embeddable":true,"href":"https:\/\/prefeitosegestoes.com.br\/portal\/wp-json\/wp\/v2\/comments?post=3270"}],"version-history":[{"count":2,"href":"https:\/\/prefeitosegestoes.com.br\/portal\/wp-json\/wp\/v2\/posts\/3270\/revisions"}],"predecessor-version":[{"id":3273,"href":"https:\/\/prefeitosegestoes.com.br\/portal\/wp-json\/wp\/v2\/posts\/3270\/revisions\/3273"}],"wp:featuredmedia":[{"embeddable":true,"href":"https:\/\/prefeitosegestoes.com.br\/portal\/wp-json\/wp\/v2\/media\/3271"}],"wp:attachment":[{"href":"https:\/\/prefeitosegestoes.com.br\/portal\/wp-json\/wp\/v2\/media?parent=3270"}],"wp:term":[{"taxonomy":"category","embeddable":true,"href":"https:\/\/prefeitosegestoes.com.br\/portal\/wp-json\/wp\/v2\/categories?post=3270"},{"taxonomy":"post_tag","embeddable":true,"href":"https:\/\/prefeitosegestoes.com.br\/portal\/wp-json\/wp\/v2\/tags?post=3270"}],"curies":[{"name":"wp","href":"https:\/\/api.w.org\/{rel}","templated":true}]}}