{"id":3265,"date":"2025-04-22T08:41:50","date_gmt":"2025-04-22T11:41:50","guid":{"rendered":"https:\/\/prefeitosegestoes.com.br\/portal\/?p=3265"},"modified":"2025-04-22T09:04:18","modified_gmt":"2025-04-22T12:04:18","slug":"quem-sao-os-135-cardeais-que-vao-eleger-e-podem-ser-o-novo-papa","status":"publish","type":"post","link":"https:\/\/prefeitosegestoes.com.br\/portal\/quem-sao-os-135-cardeais-que-vao-eleger-e-podem-ser-o-novo-papa\/","title":{"rendered":"Quem s\u00e3o os 135 cardeais que v\u00e3o eleger (e podem ser) o novo papa"},"content":{"rendered":"<h6 class=\"asset__summary\"><span class=\"img-legenda\">Cardeais no an\u00fancio da escolha do papa Francisco no Vaticano em 13 de mar\u00e7o de 2013. Na ocasi\u00e3o, ele assumiu o posto deixado por Bento XVI, que abdicou do papado &#8211;<\/span><span class=\"img-credito\">Mastrangelo Reino\/Frame\/Folhapress<\/span><\/h6>\n<h2 class=\"asset__summary\">Est\u00e3o aptos a participar do conclave apenas os cardeais com menos de 80 anos. It\u00e1lia, EUA e Brasil puxam a lista; veja os nomes.<\/h2>\n<div class=\"asset__actions\">\n<div class=\"asset__info\">\n<p class=\"asset__publisher\">Congresso em Foco<\/p>\n<p class=\"asset__date\">21\/4\/2025\u00a0<span class=\"ng-star-inserted\">20:25<\/span><\/p>\n<\/div>\n<div class=\"asset__font-size\"><span class=\"asset__font-size--decrease\">A-<\/span><span class=\"asset__font-size--increase\">A+<\/span><\/div>\n<\/div>\n<div class=\"share\">\n<div class=\"share-social\"><span class=\"share-title\">COMPARTILHE ESTA NOT\u00cdCIA<\/span><\/div>\n<\/div>\n<div class=\"asset__content leitura-materia-107861\">\n<div class=\"html-content\">\n<p>Com a<a href=\"https:\/\/www.congressoemfoco.com.br\/noticia\/107851\/papa-francisco-morre-aos-88-anos-legado-de-humildade-inclusao-e-paz\" target=\"_blank\" rel=\"noopener\">\u00a0morte do papa Francisco<\/a>, aos 88 anos, nesta segunda-feira (21), cardeais de todo o mundo se preparam para eleger seu sucessor no<a href=\"https:\/\/www.congressoemfoco.com.br\/noticia\/107854\/o-que-e-o-conclave-ritual-que-definira-o-sucessor-do-papa-francisco\" target=\"_blank\" rel=\"noopener\">\u00a0Conclave, tradi\u00e7\u00e3o milenar da Igreja Cat\u00f3lica<\/a>. Um deles ser\u00e1 o novo l\u00edder de mais de 1,3 bilh\u00e3o de cat\u00f3licos.\u00a0O chamado Col\u00e9gio Cardinal\u00edcio re\u00fane hoje 252 cardeais. Desses, 135 est\u00e3o aptos a votar e a serem eleitos, por ainda n\u00e3o terem completado 80 anos. Ou seja, qualquer um deles pode ser o sucessor do argentino Jorge Mario Bergoglio, morto em decorr\u00eancia de um acidente vascular cerebral (AVC).<\/p>\n<p>&nbsp;<\/p>\n<div class=\"img-info\"><\/div>\n<figure id=\"attachment_3266\" aria-describedby=\"caption-attachment-3266\" style=\"width: 699px\" class=\"wp-caption alignnone\"><img fetchpriority=\"high\" decoding=\"async\" class=\" wp-image-3266\" src=\"https:\/\/prefeitosegestoes.com.br\/portal\/wp-content\/uploads\/2025\/04\/int8698-300x183.jpg\" alt=\"\" width=\"699\" height=\"426\" srcset=\"https:\/\/prefeitosegestoes.com.br\/portal\/wp-content\/uploads\/2025\/04\/int8698-300x183.jpg 300w, https:\/\/prefeitosegestoes.com.br\/portal\/wp-content\/uploads\/2025\/04\/int8698-1024x626.jpg 1024w, https:\/\/prefeitosegestoes.com.br\/portal\/wp-content\/uploads\/2025\/04\/int8698-1536x939.jpg 1536w\" sizes=\"(max-width: 699px) 100vw, 699px\" \/><figcaption id=\"caption-attachment-3266\" class=\"wp-caption-text\">S\u00e3o Paulo (SP), 21\/04\/2025 &#8211; Cardeal Odilo Pedro Scherer, arcebispo de S\u00e3o Paulo, preside missa em sufr\u00e1gio do Papa Francisco que faleceu nesta segunda-feira.- Foto: Paulo Pinto\/Ag\u00eancia\u00a0Brasil<\/figcaption><\/figure>\n<h6 class=\"asset__summary\">Foto: Paulo Pinto\/Ag\u00eancia Brasil<\/h6>\n<p>A palavra &#8220;conclave&#8221; vem do latim\u00a0<em>cum clave<\/em>\u00a0(com chave) e remete ao ritual de vota\u00e7\u00e3o fechado, que desde o s\u00e9culo 13 escolhe o papa. O processo acontece na Capela Sistina, no Vaticano, onde os cardeais eleitores se re\u00fanem sob regras r\u00edgidas de isolamento e segredo.\u00a0A fuma\u00e7a preta indica que nenhum nome foi escolhido. A branca, que h\u00e1 um novo papa.<\/p>\n<p>Com o an\u00fancio oficial da morte do papa, o Vaticano entra no per\u00edodo da S\u00e9 Vacante os nove dias de luto e organiza\u00e7\u00e3o para o Conclave. A expectativa \u00e9 de que a assembleia seja realizada dentre 15 ou 20 dias.<\/p>\n<p><strong>Veja abaixo a lista completa dos cardeais eleitores e entenda como funciona esse processo hist\u00f3rico e secreto:<\/strong><\/p>\n<p>Adalberto Mart\u00ednez Flores &#8211; Arcebispo de Assun\u00e7\u00e3o &#8211; Paraguai\u00a0&#8211; 73 anos<\/p>\n<p>Albert Malcolm Ranjith Patabendige &#8211; Don Arcebispo de Colombo &#8211; Sri Lanka &#8211; 77 anos<\/p>\n<p>\u00c1lvaro Leonel Ramazzini Imeri &#8211; Bispo de Huehuetenango &#8211; Guatemala &#8211; 77 anos<\/p>\n<p>Am\u00e9rico Manuel Alves Aguiar &#8211; Bispo de Set\u00fabal &#8211; Portugal &#8211; 51<\/p>\n<p>Anders Arborelius &#8211; Bispo de Estocolmo &#8211; Su\u00e9cia &#8211; 75 (Su\u00ed\u00e7a)<\/p>\n<p>\u00c1ngel Fern\u00e1ndez Artime &#8211; Pr\u00f3-Prefeito do Dicast\u00e9rio para os Institutos de Vida Consagrada e as Sociedades de Vida Apost\u00f3lica &#8211; 64 (Espanha)<\/p>\n<p>\u00c1ngel Sixto Rossi &#8211; Arcebispo de C\u00f3rdoba &#8211; Argentina &#8211; 66<\/p>\n<p>Angelo de Donatis &#8211; Penitenci\u00e1rio-mor da Penitenci\u00e1ria Apost\u00f3lica &#8211; 71 (It\u00e1lia)<\/p>\n<p>Antoine Cardinal Kambanda &#8211; Arcebispo de Kigali &#8211; Ruanda &#8211; 66<\/p>\n<p>Ant\u00f3nio Augusto dos Santos Marto &#8211; Bispo Em\u00e9rito de Leiria-F\u00e1tima &#8211; Portugal &#8211; 77<\/p>\n<p>Antonio Ca\u00f1izares Llovera &#8211; Arcebispo Em\u00e9rito de Val\u00eancia &#8211; Espanha &#8211; 79<\/p>\n<p>Arthur Roche &#8211; Prefeito do Dicast\u00e9rio para o Culto Divino e a Disciplina dos Sacramentos &#8211; 75 (Inglaterra)<\/p>\n<p>Baldassare Reina &#8211; Vig\u00e1rio Geral de Roma &#8211; It\u00e1lia &#8211; 54<\/p>\n<p>Baselios Cleemis (Isaac) Thottunkal &#8211; Arcebispo Maior de Trivandrum (Siro-Malankara) &#8211; \u00cdndia &#8211; 65<\/p>\n<p>Berhaneyesus Demerew Souraphiel &#8211; Arcebispo de Addis Abeba &#8211; Eti\u00f3pia &#8211; 76<\/p>\n<p>Blase Joseph Cupich &#8211; Arcebispo de Chicago &#8211; Illinois &#8211; EUA &#8211; 76<\/p>\n<p>Anthony Poola &#8211; Arcebispo de Hyderabad &#8211; \u00cdndia &#8211; 63<\/p>\n<p>Arlindo Gomes Furtado &#8211; Bispo de Santiago de Cabo Verde &#8211; Cabo Verde &#8211; 75<\/p>\n<p>Augusto Paulo Lojudice &#8211; Arcebispo de Siena-Colle di Val d&#8217;Elsa-Montalcino &#8211; It\u00e1lia &#8211; 60<\/p>\n<p>Cl\u00e1udio Gugerotti &#8211; Prefeito do Dicast\u00e9rio para as Igrejas Orientais &#8211; 69 (It\u00e1lia)<\/p>\n<p>Crist\u00f3bal L\u00f3pez Romero &#8211; Arcebispo de Rabat &#8211; Marrocos &#8211; 72 (Espanha)<\/p>\n<p>Domenico Battaglia &#8211; Arcebispo de N\u00e1poles &#8211; It\u00e1lia &#8211; 62<\/p>\n<p>Francesco Montenegro &#8211; Arcebispo Em\u00e9rito de Agrigento &#8211; It\u00e1lia &#8211; 78<\/p>\n<p>Fran\u00e7ois-Xavier Bustillo &#8211; Conv. Bispo de Ajaccio &#8211; Fran\u00e7a &#8211; 56<\/p>\n<p>Fridolin Ambongo Besungu &#8211; Cap. Arcebispo de Kinshasa &#8211; Rep\u00fablica Democr\u00e1tica do Congo &#8211; 65<\/p>\n<p>Ignace Bessi Dogbo &#8211; Arcebispo de Abidjan &#8211; Costa do Marfim &#8211; 63<\/p>\n<p>In\u00e1cio Suharyo Hardjoatmodjo &#8211; Arcebispo de Jacarta &#8211; Indon\u00e9sia &#8211; 74<\/p>\n<p>Jean-Paul Vesco &#8211; Arcebispo de Argel &#8211; Arg\u00e9lia &#8211; 63 (Fran\u00e7a)<\/p>\n<p>Jo\u00e3o Ribat &#8211; Arcebispo de Port Moresby &#8211; Papua Nova Guin\u00e9 &#8211; 68<\/p>\n<p>John Njue &#8211; Arcebispo Em\u00e9rito de Nair\u00f3bi &#8211; Qu\u00eania &#8211; 79<\/p>\n<p>Josip Bozanic &#8211; Arcebispo Em\u00e9rito de Zagreb &#8211; Cro\u00e1cia &#8211; 76<\/p>\n<p>Lazzaro You Heung-sik &#8211; Prefeito do Dicast\u00e9rio para o Clero &#8211; 73<\/p>\n<p>M\u00e1rio Aur\u00e9lio Poli &#8211; Arcebispo Em\u00e9rito de Buenos Aires &#8211; Argentina &#8211; 77<\/p>\n<p>Mykola Bychok , C.Ss.R. Bispo dos Santos Pedro e Paulo de Melbourne &#8211; Austr\u00e1lia &#8211; 45 (Ucr\u00e2nia)<\/p>\n<p>Peter Kodwo Appiah Turkson &#8211; Chanceler da C\u00faria Romana &#8211; Gana &#8211; 76<\/p>\n<p>Pierbattista Pizzaballa &#8211; Patriarca de Jerusal\u00e9m (italiano) &#8211; 60<\/p>\n<p>Sebasti\u00e3o Francisco &#8211; Bispo de Penang &#8211; Mal\u00e1sia &#8211; 73<\/p>\n<p>Stanislaw Rylko &#8211; Arcipreste da Bas\u00edlica de Santa Maria Maggiore &#8211; 79<\/p>\n<p>Stephen Chow Sau-yan &#8211; Bispo de Hong Kong [Xianggang] &#8211; China &#8211; 65<\/p>\n<p>Vinko Puljic &#8211; Arcebispo Em\u00e9rito de Vrhbosna Sarajevo &#8211; B\u00f3snia e Herzegovina &#8211; 79<\/p>\n<p>Virg\u00edlio do Carmo da Silva &#8211; Arcebispo de D\u00edli &#8211; Timor-Leste &#8211; 57<\/p>\n<p>Carlos Aguiar Retes &#8211; Arcebispo da Cidade do M\u00e9xico &#8211; M\u00e9xico &#8211; 75<\/p>\n<p>Carlos Osoro Sierra &#8211; Arcebispo Em\u00e9rito de Madrid &#8211; Espanha &#8211; 79<\/p>\n<p>Carlos Gustavo Castillo Mattasoglio &#8211; Arcebispo de Lima &#8211; Peru &#8211; 75<\/p>\n<p>Charles Maung Bo &#8211; Arcebispo de Yangon &#8211; Mianmar &#8211; 76<\/p>\n<p>Chibly Langlois &#8211; Bispo de Les Cayes &#8211; Haiti &#8211; 66<\/p>\n<p>Christophe Louis Yves Georges Pierre &#8211; N\u00fancio Apost\u00f3lico nos Estados Unidos da Am\u00e9rica &#8211; EUA &#8211; 79<\/p>\n<p>Daniel Fernando Sturla Berhouet &#8211; Arcebispo de Montevid\u00e9u &#8211; Uruguai &#8211; 65<\/p>\n<p>Daniel Nicholas DiNardo &#8211; Arcebispo Em\u00e9rito de Galveston-Houston &#8211; Texas &#8211; EUA &#8211; 75<\/p>\n<p>D\u00e9sir\u00e9 Tsarahazana &#8211; Arcebispo de Toamasina &#8211; Madagascar &#8211; 70<\/p>\n<p>Dieudonn\u00e9 Nzapalainga &#8211; Arcebispo de Bangui &#8211; Rep\u00fablica Centro-Africana &#8211; 58<\/p>\n<p>Dominique Fran\u00e7ois Joseph Mamberti &#8211; Prefeito da Assinatura Apost\u00f3lica &#8211; 73<\/p>\n<p>Dominique Joseph Mathieu &#8211; Arcebispo de Teer\u00e3-Ispahan &#8211; Ir\u00e3 &#8211; 61<\/p>\n<p>Emil Paul Tscherrig &#8211; N\u00fancio Apost\u00f3lico &#8211; 78<\/p>\n<p>Fabio Cardinal Baggio &#8211; Subsecret\u00e1rio do Dicast\u00e9rio para o Servi\u00e7o do Desenvolvimento Humano Integral &#8211; 60<\/p>\n<p>Fernando Filoni Gr\u00e3o-Mestre da Ordem Equestre do Santo Sepulcro de Jerusal\u00e9m &#8211; 79<\/p>\n<p>Fernando Natalio Chomal\u00ed Garib &#8211; Arcebispo de Santiago do Chile &#8211; 68<\/p>\n<p>Filipe Neri Ant\u00f3nio Sebasti\u00e3o do Ros\u00e1rio Ferr\u00e3o &#8211; Arcebispo de Goa e Dam\u00e3o &#8211; \u00cdndia &#8211; 72<\/p>\n<p>Francis Xavier Kriengsak Kovithavanij &#8211; Arcebispo Em\u00e9rito de Bangkok &#8211; Tail\u00e2ndia &#8211; 75<\/p>\n<p>Frank Leo Arcebispo de Toronto &#8211; Ont\u00e1rio &#8211; Canad\u00e1 &#8211; 53<\/p>\n<p>George Jacob Koovakad &#8211; Prefeito do Dicast\u00e9rio para o Di\u00e1logo Inter-religioso &#8211; 51<\/p>\n<p>G\u00e9rald Cyprien Lacroix &#8211; Arcebispo de Qu\u00e9bec , Canad\u00e1 67<\/p>\n<p>Gerhard Ludwig M\u00fcller &#8211; Prefeito Em\u00e9rito da Congrega\u00e7\u00e3o para a Doutrina da F\u00e9 &#8211; 77<\/p>\n<p>Giorgio Marengo &#8211; Prefeito de Ulaanbaatar &#8211; Mong\u00f3lia &#8211; 50<\/p>\n<p>Giuseppe Betori &#8211; Arcebispo Em\u00e9rito de Floren\u00e7a &#8211; It\u00e1lia &#8211; 78<\/p>\n<p>Giuseppe Petrocchi &#8211; Arcebispo Em\u00e9rito de L&#8217;Aquila &#8211; It\u00e1lia &#8211; 76<\/p>\n<p>Grzegorz Wojciech Rys &#8211; Arcebispo de L\u00f3dz &#8211; Pol\u00f4nia &#8211; 61<\/p>\n<p>Jaime Spengler &#8211; Arcebispo de Porto Alegre &#8211; Brasil &#8211; 64<\/p>\n<p>James Michael Harvey &#8211; Arcipreste da Bas\u00edlica de San Paolo fuori le Mura {Bas\u00edlica de S\u00e3o Paulo Fora dos Muros} &#8211; 75<\/p>\n<p>Jean-Claude Hollerich &#8211; Arcebispo de Luxemburgo &#8211; Luxemburgo &#8211; 66<\/p>\n<p>Jean-Marc No\u00ebl Aveline &#8211; Arcebispo de Marselha &#8211; Fran\u00e7a &#8211; 66<\/p>\n<p>Jean-Pierre Kutwa &#8211; Arcebispo Em\u00e9rito de Abidjan &#8211; Costa do Marfim &#8211; 79<\/p>\n<p>Jo\u00e3o Br\u00e1z de Aviz &#8211; Prefeito Em\u00e9rito do Dicast\u00e9rio para os Institutos de Vida Consagrada e as Sociedades de Vida Apost\u00f3lica (Brasileiro) &#8211; 77<\/p>\n<p>John Atcherley Dew &#8211; Arcebispo Em\u00e9rito de Wellington &#8211; Nova Zel\u00e2ndia &#8211; 76<\/p>\n<p>Jos\u00e9 Cobo Cano &#8211; Arcebispo de Madrid &#8211; Espanha &#8211; 59<\/p>\n<p>Jos\u00e9 Francisco Robles Ortega &#8211; Arcebispo de Guadalajara &#8211; M\u00e9xico &#8211; 76<\/p>\n<p>Jos\u00e9 L\u00e1zaro Fuerte Adv\u00edncula Jr. &#8211; Arcebispo de Manila &#8211; Filipinas &#8211; 73<\/p>\n<p>Jos\u00e9 Tolentino Cala\u00e7a de Mendon\u00e7a &#8211; Prefeito do Dicast\u00e9rio para a Cultura e a Educa\u00e7\u00e3o &#8211; 59<\/p>\n<p>Joseph Coutts &#8211; Arcebispo Em\u00e9rito de Karachi &#8211; Paquist\u00e3o &#8211; 79<\/p>\n<p>Joseph William Tobin -. Arcebispo de Newark &#8211; Nova Jersey &#8211; EUA &#8211; 72<\/p>\n<p>Jozef De Kesel Arcebispo Em\u00e9rito de Mechelen-Bruxelas &#8211; B\u00e9lgica 77<\/p>\n<p>Juan de la Caridad Garc\u00eda Rodr\u00edguez &#8211; Arcebispo de San Crist\u00f3bal de la Habana &#8211; Cuba &#8211; 76<\/p>\n<p>Juan Jos\u00e9 Omella Omella &#8211; Arcebispo de Barcelona &#8211; Espanha &#8211; 79<\/p>\n<p>Kazimierz Nycz Arcebispo Em\u00e9rito de Vars\u00f3via &#8211; Pol\u00f4nia &#8211; 75<\/p>\n<p>Kevin Joseph Farrell &#8211; Prefeito do Dicast\u00e9rio para os Leigos, a Fam\u00edlia e a Vida &#8211; 77 (Irlanda)<\/p>\n<p>Konrad Krajewski &#8211; Prefeito do Dicast\u00e9rio para o Servi\u00e7o da Caridade &#8211; 61 (Pol\u00f4nia)<\/p>\n<p>Kurt Koch &#8211; Prefeito do Dicast\u00e9rio para a Promo\u00e7\u00e3o da Unidade dos Crist\u00e3os &#8211; 75 (Su\u00ed\u00e7a)<\/p>\n<p>Ladislav Nemet &#8211; Arcebispo de Belgrado &#8211; S\u00e9rvia &#8211; 68<\/p>\n<p>Leonardo Ulrich Steiner &#8211; Arcebispo de Manaus &#8211; Brasil &#8211; 74<\/p>\n<p>Leopoldo Jos\u00e9 Brenes Sol\u00f3rzano &#8211; Arcebispo de Man\u00e1gua &#8211; Nicar\u00e1gua &#8211; 76<\/p>\n<p>Luis Antonio Gokim Tagle &#8211; Pr\u00f3-Prefeito do Dicast\u00e9rio para a Evangeliza\u00e7\u00e3o &#8211; 67 (Filipinas)<\/p>\n<p>Luis Gerardo Cabrera Herrera &#8211; Arcebispo de Guayaquil &#8211; Equador &#8211; 69<\/p>\n<p>Luis Jos\u00e9 Rueda Aparicio &#8211; Arcebispo de Bogot\u00e1 &#8211; Col\u00f4mbia &#8211; 63<\/p>\n<p>Louis Rapha\u00ebl I Sako &#8211; Patriarca de Bagd\u00e1 (Caldeu) &#8211; Iraque &#8211; 75<\/p>\n<p>Manuel Jos\u00e9 Mac\u00e1rio do Nascimento Clemente &#8211; Patriarca Em\u00e9rito de Lisboa &#8211; Portugal &#8211; 76<\/p>\n<p>Marcello Semeraro &#8211; Prefeito do Dicast\u00e9rio para as Causas dos Santos &#8211; 77<\/p>\n<p>M\u00e1rio Grech &#8211; Secret\u00e1rio Geral do S\u00ednodo dos Bispos (Malta) &#8211; 68<\/p>\n<p>M\u00e1rio Zenari &#8211; N\u00fancio Apost\u00f3lico na S\u00edria &#8211; S\u00edria &#8211; 79 (It\u00e1lia)<\/p>\n<p>Matteo Maria Zuppi &#8211; Arcebispo de Bolonha &#8211; It\u00e1lia &#8211; 69<\/p>\n<p>Mauro Maria Gambetti &#8211; Conv. Presidente da F\u00e1brica de S\u00e3o Pedro &#8211; 59<\/p>\n<p>Michael F. Czerny &#8211; Prefeito do Dicast\u00e9rio para o Servi\u00e7o do Desenvolvimento Humano Integral &#8211; 78 (Canad\u00e1 e Tch\u00e9quia)<\/p>\n<p>Odilo Pedro Scherer\u00a0-Arcebispo de S\u00e3o Paulo &#8211; Brasil &#8211; 75<\/p>\n<p>Orani Jo\u00e3o Tempesta &#8211; Arcebispo de S\u00e3o Sebasti\u00e3o do Rio de Janeiro &#8211; Brasil\u00a0&#8211; 74<\/p>\n<p>Oscar Cantoni &#8211; Bispo de Como &#8211; It\u00e1lia &#8211; 74<\/p>\n<p>Pablo Virgilio Siongco David &#8211; Bispo de Kalookan &#8211; Filipinas &#8211; 66<\/p>\n<p>Paulo Cezar Costa &#8211; Arcebispo de Bras\u00edlia &#8211; Distrito Federal &#8211; Brasil &#8211; 57<\/p>\n<p>P\u00e9ter Erdo &#8211; Arcebispo de Esztergom-Budapeste &#8211; Hungria &#8211; 72<\/p>\n<p>Peter Ebere Okpaleke &#8211; Bispo de Ekwulobia &#8211; Nig\u00e9ria &#8211; 62<\/p>\n<p>Philippe Nakellentuba Ou\u00e9draogo &#8211; Arcebispo Em\u00e9rito de Ouagadougou &#8211; Burkina Faso &#8211; 79<\/p>\n<p>Philippe Xavier Christian Ignace Marie Barbarin &#8211; Arcebispo Em\u00e9rito de Lyon &#8211; Fran\u00e7a &#8211; 74<\/p>\n<p>Pietro Parolin &#8211; Secret\u00e1rio de Estado &#8211; 70 (It\u00e1lia)<\/p>\n<p>Protase Cardinal Rugambwa &#8211; Arcebispo de Tabora &#8211; Tanz\u00e2nia &#8211; 64<\/p>\n<p>Rainer Maria Woelki &#8211; Arcebispo de Col\u00f4nia &#8211; Alemanha &#8211; 68<\/p>\n<p>Raymond Leo Burke &#8211; Prefeito Em\u00e9rito da Assinatura Apost\u00f3lica &#8211; 76 (EUA)<\/p>\n<p>Reinhard Marx &#8211; Arcebispo de M\u00fcnchen und Freising {Munique} &#8211; Alemanha &#8211; 71<\/p>\n<p>Robert Sarah &#8211; Prefeito Em\u00e9rito da Congrega\u00e7\u00e3o para o Culto Divino e a Disciplina dos Sacramentos &#8211; 79 (Guin\u00e9)<\/p>\n<p>Robert Francis Prevost &#8211; Prefeito do Dicast\u00e9rio para os Bispos &#8211; 69 (EUA)<\/p>\n<p>Robert Walter McElroy &#8211; Arcebispo de Washington &#8211; EUA &#8211; 71<\/p>\n<p>Roberto Repole &#8211; Arcebispo de Torino &#8211; It\u00e1lia &#8211; 58<\/p>\n<p>Rolandas Makrickas &#8211; Arcipreste Coadjutor da Bas\u00edlica de Santa Maria Maggiore {Bas\u00edlica de Santa Maria Maior} &#8211; 53 (Litu\u00e2nia)<\/p>\n<p>S\u00e9rgio da Rocha Arcebispo de S\u00e3o Salvador da Bahia &#8211; Brasil &#8211; 65<\/p>\n<p>Soane Patita Paini Mafi &#8211; Bispo de Tonga, Pac\u00edfico (Oceania) &#8211; 63<\/p>\n<p>Stephen Ameyu Martin Mulla &#8211; Arcebispo de Juba &#8211; Sud\u00e3o do Sul &#8211; 61<\/p>\n<p>Stephen Brislin &#8211; Arcebispo de Joanesburgo &#8211; \u00c1frica do Sul &#8211; 68<\/p>\n<p>Tarc\u00edsio Isao Kikuchi\u00a0&#8211; Arcebispo de T\u00f3quio &#8211; Jap\u00e3o &#8211; 66<\/p>\n<p>Thomas Aquino Manyo Maeda &#8211; Arcebispo de Osaka-Takamatsu &#8211; Jap\u00e3o &#8211; 76<\/p>\n<p>Thomas Christopher Collins &#8211; Arcebispo Em\u00e9rito de Toronto &#8211; Canad\u00e1 &#8211; 78<\/p>\n<p>Timothy Michael Dolan &#8211; Arcebispo de Nova York &#8211;\u00a0EUA &#8211; 75<\/p>\n<p>Timothy Peter Joseph Radcliffe &#8211; Cardeal-Di\u00e1cono de Santissimi Nomi di Ges\u00f9 e Maria na Via Lata &#8211; 79 (Inglaterra)<\/p>\n<p>Vicente Bokalic Iglic &#8211; Arcebispo de Santiago del Estero &#8211; Argentina &#8211; 72<\/p>\n<p>Victor Manuel Fern\u00e1ndez &#8211; Prefeito do Dicast\u00e9rio para a Doutrina da F\u00e9 &#8211; 62<\/p>\n<p>Vincent Gerard Nichols &#8211; Arcebispo de Westminster &#8211; Inglaterra &#8211; 79<\/p>\n<p>Willem Jacobus Eijk &#8211; Arcebispo de Utrecht &#8211; Holanda &#8211; 71<\/p>\n<p>William Goh Seng Chye &#8211; Arcebispo de Singapura &#8211; 67<\/p>\n<p>Wilton Daniel Gregory &#8211; Arcebispo Em\u00e9rito de Washington &#8211; EUA &#8211; 77<\/p>\n<p><strong>Fuma\u00e7a branca<\/strong><\/p>\n<p>A sucess\u00e3o papal \u00e9 regida pela Constitui\u00e7\u00e3o Apost\u00f3lica Universi Dominici gregis, de 1996. Ela determina que apenas cardeais com menos de 80 anos na data em que a S\u00e9 Apost\u00f3lica fica vacante podem votar. Embora essa mesma norma estabele\u00e7a o limite de 120 eleitores, esse n\u00famero pode ser ultrapassado por decis\u00e3o do cardeal camerlengo que assume provisoriamente a administra\u00e7\u00e3o do Vaticano at\u00e9 a escolha do novo pont\u00edfice. O cargo \u00e9 ocupado atualmente pelo irland\u00eas Kevin Farrell.<\/p>\n<p>Para ser eleito, o novo papa precisa obter pelo menos dois ter\u00e7os dos votos ou seja, 90 votos dos 135 poss\u00edveis, caso todos participem. Pa\u00eds com a maior popula\u00e7\u00e3o cat\u00f3lica do mundo, o Brasil tem o terceiro maior n\u00famero de cardeais aptos ao conclave, sete, atr\u00e1s dos Estados Unidos, com dez, e da It\u00e1lia, com 17.<\/p>\n<p>Entre os cl\u00e9rigos brasileiros com direito a voto est\u00e3o nomes influentes na Confer\u00eancia Nacional dos Bispos do Brasil (CNBB) e nas arquidioceses de grandes centros urbanos. H\u00e1 ainda um oitavo cardeal brasileiro, Dom Raymundo Damasceno Assis, arcebispo em\u00e9rito de Aparecida, que aos 88 anos j\u00e1 n\u00e3o pode mais participar da vota\u00e7\u00e3o.<\/p>\n<p><strong>C\u00fapula da Igreja<\/strong><\/p>\n<p>Embora tecnicamente qualquer homem batizado e cat\u00f3lico possa ser eleito papa, na pr\u00e1tica o escolhido costuma ser um dos cardeais presentes no Conclave. Por isso, todos os 135 cardeais eleitores s\u00e3o considerados poss\u00edveis sucessores de Francisco.<\/p>\n<p>Entre os nomes mais mencionados nos bastidores e nas apostas internacionais est\u00e3o Robert Sarah (Guin\u00e9),\u00a0P\u00e9ter Erdo (Hungria),\u00a0Matteo Maria Zuppi (It\u00e1lia),\u00a0Pietro Parolin (It\u00e1lia),\u00a0Jean-Marc Aveline (Fran\u00e7a) e Luis Antonio Tagle (Filipinas).<\/p>\n<p>Em geral, os cardeais s\u00e3o bispos de dioceses importantes ou ocupam cargos de destaque na C\u00faria Romana (a administra\u00e7\u00e3o central da Igreja). Embora raramente aconte\u00e7a hoje em dia, padres e di\u00e1conos tamb\u00e9m podem ser nomeados cardeais. Para ser cardeal, o religioso \u00e9 escolhido diretamente pelo papa, em uma cerim\u00f4nia chamada consist\u00f3rio.<\/p>\n<p><strong>Principais atribui\u00e7\u00f5es dos cardeais<\/strong><\/p>\n<p>Eleger o papa<\/p>\n<ul>\n<li>A principal e mais conhecida fun\u00e7\u00e3o do Col\u00e9gio dos Cardeais \u00e9 eleger o novo papa durante o Conclave, quando a S\u00e9 de Pedro fica vaga.<\/li>\n<\/ul>\n<p>Aconselhar o papa<\/p>\n<ul>\n<li>Eles formam uma esp\u00e9cie de conselho consultivo que pode ser convocado pelo pont\u00edfice para tratar de assuntos importantes da Igreja.<\/li>\n<\/ul>\n<p>Administrar a Igreja<\/p>\n<ul>\n<li>Muitos cardeais atuam em cargos de governo e administra\u00e7\u00e3o da Santa S\u00e9, como presidentes de dicast\u00e9rios (equivalentes a minist\u00e9rios), ou como arcebispos em grandes arquidioceses pelo mundo.<\/li>\n<\/ul>\n<p><strong>Ordem e vestimentas<\/strong><\/p>\n<p>Os cardeais s\u00e3o divididos em tr\u00eas ordens (um resqu\u00edcio hist\u00f3rico): cardeais-bispos;\u00a0cardeais-presb\u00edteros e cardeais-di\u00e1conos<\/p>\n<p>Todos usam a tradicional batina vermelha, que simboliza a disposi\u00e7\u00e3o para derramar o sangue pela f\u00e9, se necess\u00e1rio.<\/p>\n<p>Fonte: Congresso em Foco<\/p>\n<\/div>\n<\/div>\n","protected":false},"excerpt":{"rendered":"<p>Cardeais no an\u00fancio da escolha do papa Francisco no Vaticano em 13 de mar\u00e7o de 2013. Na ocasi\u00e3o, ele assumiu o posto deixado por Bento XVI, que abdicou do papado &#8211;Mastrangelo Reino\/Frame\/Folhapress Est\u00e3o aptos a participar do conclave apenas os cardeais com menos de 80 anos. It\u00e1lia, EUA e Brasil puxam a lista; veja os [&hellip;]<\/p>\n","protected":false},"author":2,"featured_media":3267,"comment_status":"open","ping_status":"open","sticky":false,"template":"","format":"standard","meta":{"rop_custom_images_group":[],"rop_custom_messages_group":[],"rop_publish_now":"initial","rop_publish_now_accounts":{"twitter_850042665852968960_850042665852968960":""},"rop_publish_now_history":[],"rop_publish_now_status":"pending","footnotes":""},"categories":[15],"tags":[570,571,567,572,566,569,568],"class_list":["post-3265","post","type-post","status-publish","format-standard","has-post-thumbnail","hentry","category-destaques","tag-camrerlengo","tag-cardeais","tag-conclave","tag-habemus-papa","tag-papa-francisco","tag-sucessao","tag-vaticano"],"yoast_head":"<!-- This site is optimized with the Yoast SEO plugin v27.2 - https:\/\/yoast.com\/product\/yoast-seo-wordpress\/ -->\n<title>Quem s\u00e3o os 135 cardeais que v\u00e3o eleger (e podem ser) o novo papa - Prefeitos &amp; Gest\u00f5es<\/title>\n<meta name=\"description\" content=\"Com a\u00a0morte do papa Francisco, aos 88 anos, nesta segunda-feira (21), cardeais de todo o mundo se preparam para eleger seu sucessor no\u00a0Conclave, tradi\u00e7\u00e3o milenar da Igreja Cat\u00f3lica. Um deles ser\u00e1 o novo l\u00edder de mais de 1,3 bilh\u00e3o de cat\u00f3licos.\u00a0O chamado Col\u00e9gio Cardinal\u00edcio re\u00fane hoje 252 cardeais. Desses, 135 est\u00e3o aptos a votar e a serem eleitos, por ainda n\u00e3o terem completado 80 anos. Ou seja, qualquer um deles pode ser o sucessor do argentino Jorge Mario Bergoglio, morto em decorr\u00eancia de um acidente vascular cerebral (AVC).\" \/>\n<meta name=\"robots\" content=\"index, follow, max-snippet:-1, max-image-preview:large, max-video-preview:-1\" \/>\n<link rel=\"canonical\" href=\"https:\/\/prefeitosegestoes.com.br\/portal\/quem-sao-os-135-cardeais-que-vao-eleger-e-podem-ser-o-novo-papa\/\" \/>\n<meta property=\"og:locale\" content=\"pt_BR\" \/>\n<meta property=\"og:type\" content=\"article\" \/>\n<meta property=\"og:title\" content=\"Quem s\u00e3o os 135 cardeais que v\u00e3o eleger (e podem ser) o novo papa - Prefeitos &amp; Gest\u00f5es\" \/>\n<meta property=\"og:description\" content=\"Com a\u00a0morte do papa Francisco, aos 88 anos, nesta segunda-feira (21), cardeais de todo o mundo se preparam para eleger seu sucessor no\u00a0Conclave, tradi\u00e7\u00e3o milenar da Igreja Cat\u00f3lica. Um deles ser\u00e1 o novo l\u00edder de mais de 1,3 bilh\u00e3o de cat\u00f3licos.\u00a0O chamado Col\u00e9gio Cardinal\u00edcio re\u00fane hoje 252 cardeais. Desses, 135 est\u00e3o aptos a votar e a serem eleitos, por ainda n\u00e3o terem completado 80 anos. Ou seja, qualquer um deles pode ser o sucessor do argentino Jorge Mario Bergoglio, morto em decorr\u00eancia de um acidente vascular cerebral (AVC).\" \/>\n<meta property=\"og:url\" content=\"https:\/\/prefeitosegestoes.com.br\/portal\/quem-sao-os-135-cardeais-que-vao-eleger-e-podem-ser-o-novo-papa\/\" \/>\n<meta property=\"og:site_name\" content=\"Prefeitos &amp; Gest\u00f5es\" \/>\n<meta property=\"article:publisher\" content=\"https:\/\/www.facebook.com\/prefeitosonline\" \/>\n<meta property=\"article:published_time\" content=\"2025-04-22T11:41:50+00:00\" \/>\n<meta property=\"article:modified_time\" content=\"2025-04-22T12:04:18+00:00\" \/>\n<meta property=\"og:image\" content=\"https:\/\/prefeitosegestoes.com.br\/portal\/wp-content\/uploads\/2025\/04\/20a9ec_CONG_MATERIA_879828highjpeg.jpg\" \/>\n\t<meta property=\"og:image:width\" content=\"800\" \/>\n\t<meta property=\"og:image:height\" content=\"533\" \/>\n\t<meta property=\"og:image:type\" content=\"image\/jpeg\" \/>\n<meta name=\"author\" content=\"Prefeitos &amp; Gest\u00f5es\" \/>\n<meta name=\"twitter:card\" content=\"summary_large_image\" \/>\n<meta name=\"twitter:creator\" content=\"@PrefGestoes\" \/>\n<meta name=\"twitter:site\" content=\"@PrefGestoes\" \/>\n<meta name=\"twitter:label1\" content=\"Escrito por\" \/>\n\t<meta name=\"twitter:data1\" content=\"Prefeitos &amp; Gest\u00f5es\" \/>\n\t<meta name=\"twitter:label2\" content=\"Est. tempo de leitura\" \/>\n\t<meta name=\"twitter:data2\" content=\"12 minutos\" \/>\n<script type=\"application\/ld+json\" class=\"yoast-schema-graph\">{\"@context\":\"https:\/\/schema.org\",\"@graph\":[{\"@type\":\"Article\",\"@id\":\"https:\/\/prefeitosegestoes.com.br\/portal\/quem-sao-os-135-cardeais-que-vao-eleger-e-podem-ser-o-novo-papa\/#article\",\"isPartOf\":{\"@id\":\"https:\/\/prefeitosegestoes.com.br\/portal\/quem-sao-os-135-cardeais-que-vao-eleger-e-podem-ser-o-novo-papa\/\"},\"author\":{\"name\":\"Prefeitos &amp; Gest\u00f5es\",\"@id\":\"https:\/\/prefeitosegestoes.com.br\/portal\/#\/schema\/person\/d00059f2ec99963e7e1850d448ae94b8\"},\"headline\":\"Quem s\u00e3o os 135 cardeais que v\u00e3o eleger (e podem ser) o novo papa\",\"datePublished\":\"2025-04-22T11:41:50+00:00\",\"dateModified\":\"2025-04-22T12:04:18+00:00\",\"mainEntityOfPage\":{\"@id\":\"https:\/\/prefeitosegestoes.com.br\/portal\/quem-sao-os-135-cardeais-que-vao-eleger-e-podem-ser-o-novo-papa\/\"},\"wordCount\":2630,\"commentCount\":0,\"publisher\":{\"@id\":\"https:\/\/prefeitosegestoes.com.br\/portal\/#organization\"},\"image\":{\"@id\":\"https:\/\/prefeitosegestoes.com.br\/portal\/quem-sao-os-135-cardeais-que-vao-eleger-e-podem-ser-o-novo-papa\/#primaryimage\"},\"thumbnailUrl\":\"https:\/\/prefeitosegestoes.com.br\/portal\/wp-content\/uploads\/2025\/04\/20a9ec_CONG_MATERIA_879828highjpeg.jpg\",\"keywords\":[\"Camrerlengo\",\"Cardeais\",\"Conclave\",\"Habemus Papa\",\"Papa Francisco\",\"Sucess\u00e3o\",\"Vaticano\"],\"articleSection\":[\"Destaques\"],\"inLanguage\":\"pt-BR\",\"potentialAction\":[{\"@type\":\"CommentAction\",\"name\":\"Comment\",\"target\":[\"https:\/\/prefeitosegestoes.com.br\/portal\/quem-sao-os-135-cardeais-que-vao-eleger-e-podem-ser-o-novo-papa\/#respond\"]}]},{\"@type\":\"WebPage\",\"@id\":\"https:\/\/prefeitosegestoes.com.br\/portal\/quem-sao-os-135-cardeais-que-vao-eleger-e-podem-ser-o-novo-papa\/\",\"url\":\"https:\/\/prefeitosegestoes.com.br\/portal\/quem-sao-os-135-cardeais-que-vao-eleger-e-podem-ser-o-novo-papa\/\",\"name\":\"Quem s\u00e3o os 135 cardeais que v\u00e3o eleger (e podem ser) o novo papa - Prefeitos &amp; Gest\u00f5es\",\"isPartOf\":{\"@id\":\"https:\/\/prefeitosegestoes.com.br\/portal\/#website\"},\"primaryImageOfPage\":{\"@id\":\"https:\/\/prefeitosegestoes.com.br\/portal\/quem-sao-os-135-cardeais-que-vao-eleger-e-podem-ser-o-novo-papa\/#primaryimage\"},\"image\":{\"@id\":\"https:\/\/prefeitosegestoes.com.br\/portal\/quem-sao-os-135-cardeais-que-vao-eleger-e-podem-ser-o-novo-papa\/#primaryimage\"},\"thumbnailUrl\":\"https:\/\/prefeitosegestoes.com.br\/portal\/wp-content\/uploads\/2025\/04\/20a9ec_CONG_MATERIA_879828highjpeg.jpg\",\"datePublished\":\"2025-04-22T11:41:50+00:00\",\"dateModified\":\"2025-04-22T12:04:18+00:00\",\"description\":\"Com a\u00a0morte do papa Francisco, aos 88 anos, nesta segunda-feira (21), cardeais de todo o mundo se preparam para eleger seu sucessor no\u00a0Conclave, tradi\u00e7\u00e3o milenar da Igreja Cat\u00f3lica. Um deles ser\u00e1 o novo l\u00edder de mais de 1,3 bilh\u00e3o de cat\u00f3licos.\u00a0O chamado Col\u00e9gio Cardinal\u00edcio re\u00fane hoje 252 cardeais. Desses, 135 est\u00e3o aptos a votar e a serem eleitos, por ainda n\u00e3o terem completado 80 anos. Ou seja, qualquer um deles pode ser o sucessor do argentino Jorge Mario Bergoglio, morto em decorr\u00eancia de um acidente vascular cerebral (AVC).\",\"breadcrumb\":{\"@id\":\"https:\/\/prefeitosegestoes.com.br\/portal\/quem-sao-os-135-cardeais-que-vao-eleger-e-podem-ser-o-novo-papa\/#breadcrumb\"},\"inLanguage\":\"pt-BR\",\"potentialAction\":[{\"@type\":\"ReadAction\",\"target\":[\"https:\/\/prefeitosegestoes.com.br\/portal\/quem-sao-os-135-cardeais-que-vao-eleger-e-podem-ser-o-novo-papa\/\"]}]},{\"@type\":\"ImageObject\",\"inLanguage\":\"pt-BR\",\"@id\":\"https:\/\/prefeitosegestoes.com.br\/portal\/quem-sao-os-135-cardeais-que-vao-eleger-e-podem-ser-o-novo-papa\/#primaryimage\",\"url\":\"https:\/\/prefeitosegestoes.com.br\/portal\/wp-content\/uploads\/2025\/04\/20a9ec_CONG_MATERIA_879828highjpeg.jpg\",\"contentUrl\":\"https:\/\/prefeitosegestoes.com.br\/portal\/wp-content\/uploads\/2025\/04\/20a9ec_CONG_MATERIA_879828highjpeg.jpg\",\"width\":800,\"height\":533},{\"@type\":\"BreadcrumbList\",\"@id\":\"https:\/\/prefeitosegestoes.com.br\/portal\/quem-sao-os-135-cardeais-que-vao-eleger-e-podem-ser-o-novo-papa\/#breadcrumb\",\"itemListElement\":[{\"@type\":\"ListItem\",\"position\":1,\"name\":\"In\u00edcio\",\"item\":\"https:\/\/prefeitosegestoes.com.br\/portal\/\"},{\"@type\":\"ListItem\",\"position\":2,\"name\":\"Quem s\u00e3o os 135 cardeais que v\u00e3o eleger (e podem ser) o novo papa\"}]},{\"@type\":\"WebSite\",\"@id\":\"https:\/\/prefeitosegestoes.com.br\/portal\/#website\",\"url\":\"https:\/\/prefeitosegestoes.com.br\/portal\/\",\"name\":\"Prefeitos & Gest\u00f5es\",\"description\":\"\",\"publisher\":{\"@id\":\"https:\/\/prefeitosegestoes.com.br\/portal\/#organization\"},\"potentialAction\":[{\"@type\":\"SearchAction\",\"target\":{\"@type\":\"EntryPoint\",\"urlTemplate\":\"https:\/\/prefeitosegestoes.com.br\/portal\/?s={search_term_string}\"},\"query-input\":{\"@type\":\"PropertyValueSpecification\",\"valueRequired\":true,\"valueName\":\"search_term_string\"}}],\"inLanguage\":\"pt-BR\"},{\"@type\":\"Organization\",\"@id\":\"https:\/\/prefeitosegestoes.com.br\/portal\/#organization\",\"name\":\"Prefeitos & Gest\u00f5es\",\"url\":\"https:\/\/prefeitosegestoes.com.br\/portal\/\",\"logo\":{\"@type\":\"ImageObject\",\"inLanguage\":\"pt-BR\",\"@id\":\"https:\/\/prefeitosegestoes.com.br\/portal\/#\/schema\/logo\/image\/\",\"url\":\"https:\/\/prefeitosegestoes.com.br\/portal\/wp-content\/uploads\/2024\/10\/lg_trans_prefeitos_2024_preto2.png\",\"contentUrl\":\"https:\/\/prefeitosegestoes.com.br\/portal\/wp-content\/uploads\/2024\/10\/lg_trans_prefeitos_2024_preto2.png\",\"width\":199,\"height\":122,\"caption\":\"Prefeitos & Gest\u00f5es\"},\"image\":{\"@id\":\"https:\/\/prefeitosegestoes.com.br\/portal\/#\/schema\/logo\/image\/\"},\"sameAs\":[\"https:\/\/www.facebook.com\/prefeitosonline\",\"https:\/\/x.com\/PrefGestoes\"]},{\"@type\":\"Person\",\"@id\":\"https:\/\/prefeitosegestoes.com.br\/portal\/#\/schema\/person\/d00059f2ec99963e7e1850d448ae94b8\",\"name\":\"Prefeitos &amp; Gest\u00f5es\",\"image\":{\"@type\":\"ImageObject\",\"inLanguage\":\"pt-BR\",\"@id\":\"https:\/\/secure.gravatar.com\/avatar\/738fb281e479212ed32c1a21a4307dda9f3af9292edb6918a16c9ce9fff5f48d?s=96&d=mm&r=g\",\"url\":\"https:\/\/secure.gravatar.com\/avatar\/738fb281e479212ed32c1a21a4307dda9f3af9292edb6918a16c9ce9fff5f48d?s=96&d=mm&r=g\",\"contentUrl\":\"https:\/\/secure.gravatar.com\/avatar\/738fb281e479212ed32c1a21a4307dda9f3af9292edb6918a16c9ce9fff5f48d?s=96&d=mm&r=g\",\"caption\":\"Prefeitos &amp; Gest\u00f5es\"},\"url\":\"https:\/\/prefeitosegestoes.com.br\/portal\/author\/prefeitosegestoes\/\"}]}<\/script>\n<!-- \/ Yoast SEO plugin. -->","yoast_head_json":{"title":"Quem s\u00e3o os 135 cardeais que v\u00e3o eleger (e podem ser) o novo papa - Prefeitos &amp; Gest\u00f5es","description":"Com a\u00a0morte do papa Francisco, aos 88 anos, nesta segunda-feira (21), cardeais de todo o mundo se preparam para eleger seu sucessor no\u00a0Conclave, tradi\u00e7\u00e3o milenar da Igreja Cat\u00f3lica. Um deles ser\u00e1 o novo l\u00edder de mais de 1,3 bilh\u00e3o de cat\u00f3licos.\u00a0O chamado Col\u00e9gio Cardinal\u00edcio re\u00fane hoje 252 cardeais. Desses, 135 est\u00e3o aptos a votar e a serem eleitos, por ainda n\u00e3o terem completado 80 anos. Ou seja, qualquer um deles pode ser o sucessor do argentino Jorge Mario Bergoglio, morto em decorr\u00eancia de um acidente vascular cerebral (AVC).","robots":{"index":"index","follow":"follow","max-snippet":"max-snippet:-1","max-image-preview":"max-image-preview:large","max-video-preview":"max-video-preview:-1"},"canonical":"https:\/\/prefeitosegestoes.com.br\/portal\/quem-sao-os-135-cardeais-que-vao-eleger-e-podem-ser-o-novo-papa\/","og_locale":"pt_BR","og_type":"article","og_title":"Quem s\u00e3o os 135 cardeais que v\u00e3o eleger (e podem ser) o novo papa - Prefeitos &amp; Gest\u00f5es","og_description":"Com a\u00a0morte do papa Francisco, aos 88 anos, nesta segunda-feira (21), cardeais de todo o mundo se preparam para eleger seu sucessor no\u00a0Conclave, tradi\u00e7\u00e3o milenar da Igreja Cat\u00f3lica. Um deles ser\u00e1 o novo l\u00edder de mais de 1,3 bilh\u00e3o de cat\u00f3licos.\u00a0O chamado Col\u00e9gio Cardinal\u00edcio re\u00fane hoje 252 cardeais. Desses, 135 est\u00e3o aptos a votar e a serem eleitos, por ainda n\u00e3o terem completado 80 anos. Ou seja, qualquer um deles pode ser o sucessor do argentino Jorge Mario Bergoglio, morto em decorr\u00eancia de um acidente vascular cerebral (AVC).","og_url":"https:\/\/prefeitosegestoes.com.br\/portal\/quem-sao-os-135-cardeais-que-vao-eleger-e-podem-ser-o-novo-papa\/","og_site_name":"Prefeitos &amp; Gest\u00f5es","article_publisher":"https:\/\/www.facebook.com\/prefeitosonline","article_published_time":"2025-04-22T11:41:50+00:00","article_modified_time":"2025-04-22T12:04:18+00:00","og_image":[{"width":800,"height":533,"url":"https:\/\/prefeitosegestoes.com.br\/portal\/wp-content\/uploads\/2025\/04\/20a9ec_CONG_MATERIA_879828highjpeg.jpg","type":"image\/jpeg"}],"author":"Prefeitos &amp; Gest\u00f5es","twitter_card":"summary_large_image","twitter_creator":"@PrefGestoes","twitter_site":"@PrefGestoes","twitter_misc":{"Escrito por":"Prefeitos &amp; Gest\u00f5es","Est. tempo de leitura":"12 minutos"},"schema":{"@context":"https:\/\/schema.org","@graph":[{"@type":"Article","@id":"https:\/\/prefeitosegestoes.com.br\/portal\/quem-sao-os-135-cardeais-que-vao-eleger-e-podem-ser-o-novo-papa\/#article","isPartOf":{"@id":"https:\/\/prefeitosegestoes.com.br\/portal\/quem-sao-os-135-cardeais-que-vao-eleger-e-podem-ser-o-novo-papa\/"},"author":{"name":"Prefeitos &amp; Gest\u00f5es","@id":"https:\/\/prefeitosegestoes.com.br\/portal\/#\/schema\/person\/d00059f2ec99963e7e1850d448ae94b8"},"headline":"Quem s\u00e3o os 135 cardeais que v\u00e3o eleger (e podem ser) o novo papa","datePublished":"2025-04-22T11:41:50+00:00","dateModified":"2025-04-22T12:04:18+00:00","mainEntityOfPage":{"@id":"https:\/\/prefeitosegestoes.com.br\/portal\/quem-sao-os-135-cardeais-que-vao-eleger-e-podem-ser-o-novo-papa\/"},"wordCount":2630,"commentCount":0,"publisher":{"@id":"https:\/\/prefeitosegestoes.com.br\/portal\/#organization"},"image":{"@id":"https:\/\/prefeitosegestoes.com.br\/portal\/quem-sao-os-135-cardeais-que-vao-eleger-e-podem-ser-o-novo-papa\/#primaryimage"},"thumbnailUrl":"https:\/\/prefeitosegestoes.com.br\/portal\/wp-content\/uploads\/2025\/04\/20a9ec_CONG_MATERIA_879828highjpeg.jpg","keywords":["Camrerlengo","Cardeais","Conclave","Habemus Papa","Papa Francisco","Sucess\u00e3o","Vaticano"],"articleSection":["Destaques"],"inLanguage":"pt-BR","potentialAction":[{"@type":"CommentAction","name":"Comment","target":["https:\/\/prefeitosegestoes.com.br\/portal\/quem-sao-os-135-cardeais-que-vao-eleger-e-podem-ser-o-novo-papa\/#respond"]}]},{"@type":"WebPage","@id":"https:\/\/prefeitosegestoes.com.br\/portal\/quem-sao-os-135-cardeais-que-vao-eleger-e-podem-ser-o-novo-papa\/","url":"https:\/\/prefeitosegestoes.com.br\/portal\/quem-sao-os-135-cardeais-que-vao-eleger-e-podem-ser-o-novo-papa\/","name":"Quem s\u00e3o os 135 cardeais que v\u00e3o eleger (e podem ser) o novo papa - Prefeitos &amp; Gest\u00f5es","isPartOf":{"@id":"https:\/\/prefeitosegestoes.com.br\/portal\/#website"},"primaryImageOfPage":{"@id":"https:\/\/prefeitosegestoes.com.br\/portal\/quem-sao-os-135-cardeais-que-vao-eleger-e-podem-ser-o-novo-papa\/#primaryimage"},"image":{"@id":"https:\/\/prefeitosegestoes.com.br\/portal\/quem-sao-os-135-cardeais-que-vao-eleger-e-podem-ser-o-novo-papa\/#primaryimage"},"thumbnailUrl":"https:\/\/prefeitosegestoes.com.br\/portal\/wp-content\/uploads\/2025\/04\/20a9ec_CONG_MATERIA_879828highjpeg.jpg","datePublished":"2025-04-22T11:41:50+00:00","dateModified":"2025-04-22T12:04:18+00:00","description":"Com a\u00a0morte do papa Francisco, aos 88 anos, nesta segunda-feira (21), cardeais de todo o mundo se preparam para eleger seu sucessor no\u00a0Conclave, tradi\u00e7\u00e3o milenar da Igreja Cat\u00f3lica. Um deles ser\u00e1 o novo l\u00edder de mais de 1,3 bilh\u00e3o de cat\u00f3licos.\u00a0O chamado Col\u00e9gio Cardinal\u00edcio re\u00fane hoje 252 cardeais. Desses, 135 est\u00e3o aptos a votar e a serem eleitos, por ainda n\u00e3o terem completado 80 anos. Ou seja, qualquer um deles pode ser o sucessor do argentino Jorge Mario Bergoglio, morto em decorr\u00eancia de um acidente vascular cerebral (AVC).","breadcrumb":{"@id":"https:\/\/prefeitosegestoes.com.br\/portal\/quem-sao-os-135-cardeais-que-vao-eleger-e-podem-ser-o-novo-papa\/#breadcrumb"},"inLanguage":"pt-BR","potentialAction":[{"@type":"ReadAction","target":["https:\/\/prefeitosegestoes.com.br\/portal\/quem-sao-os-135-cardeais-que-vao-eleger-e-podem-ser-o-novo-papa\/"]}]},{"@type":"ImageObject","inLanguage":"pt-BR","@id":"https:\/\/prefeitosegestoes.com.br\/portal\/quem-sao-os-135-cardeais-que-vao-eleger-e-podem-ser-o-novo-papa\/#primaryimage","url":"https:\/\/prefeitosegestoes.com.br\/portal\/wp-content\/uploads\/2025\/04\/20a9ec_CONG_MATERIA_879828highjpeg.jpg","contentUrl":"https:\/\/prefeitosegestoes.com.br\/portal\/wp-content\/uploads\/2025\/04\/20a9ec_CONG_MATERIA_879828highjpeg.jpg","width":800,"height":533},{"@type":"BreadcrumbList","@id":"https:\/\/prefeitosegestoes.com.br\/portal\/quem-sao-os-135-cardeais-que-vao-eleger-e-podem-ser-o-novo-papa\/#breadcrumb","itemListElement":[{"@type":"ListItem","position":1,"name":"In\u00edcio","item":"https:\/\/prefeitosegestoes.com.br\/portal\/"},{"@type":"ListItem","position":2,"name":"Quem s\u00e3o os 135 cardeais que v\u00e3o eleger (e podem ser) o novo papa"}]},{"@type":"WebSite","@id":"https:\/\/prefeitosegestoes.com.br\/portal\/#website","url":"https:\/\/prefeitosegestoes.com.br\/portal\/","name":"Prefeitos & Gest\u00f5es","description":"","publisher":{"@id":"https:\/\/prefeitosegestoes.com.br\/portal\/#organization"},"potentialAction":[{"@type":"SearchAction","target":{"@type":"EntryPoint","urlTemplate":"https:\/\/prefeitosegestoes.com.br\/portal\/?s={search_term_string}"},"query-input":{"@type":"PropertyValueSpecification","valueRequired":true,"valueName":"search_term_string"}}],"inLanguage":"pt-BR"},{"@type":"Organization","@id":"https:\/\/prefeitosegestoes.com.br\/portal\/#organization","name":"Prefeitos & Gest\u00f5es","url":"https:\/\/prefeitosegestoes.com.br\/portal\/","logo":{"@type":"ImageObject","inLanguage":"pt-BR","@id":"https:\/\/prefeitosegestoes.com.br\/portal\/#\/schema\/logo\/image\/","url":"https:\/\/prefeitosegestoes.com.br\/portal\/wp-content\/uploads\/2024\/10\/lg_trans_prefeitos_2024_preto2.png","contentUrl":"https:\/\/prefeitosegestoes.com.br\/portal\/wp-content\/uploads\/2024\/10\/lg_trans_prefeitos_2024_preto2.png","width":199,"height":122,"caption":"Prefeitos & Gest\u00f5es"},"image":{"@id":"https:\/\/prefeitosegestoes.com.br\/portal\/#\/schema\/logo\/image\/"},"sameAs":["https:\/\/www.facebook.com\/prefeitosonline","https:\/\/x.com\/PrefGestoes"]},{"@type":"Person","@id":"https:\/\/prefeitosegestoes.com.br\/portal\/#\/schema\/person\/d00059f2ec99963e7e1850d448ae94b8","name":"Prefeitos &amp; Gest\u00f5es","image":{"@type":"ImageObject","inLanguage":"pt-BR","@id":"https:\/\/secure.gravatar.com\/avatar\/738fb281e479212ed32c1a21a4307dda9f3af9292edb6918a16c9ce9fff5f48d?s=96&d=mm&r=g","url":"https:\/\/secure.gravatar.com\/avatar\/738fb281e479212ed32c1a21a4307dda9f3af9292edb6918a16c9ce9fff5f48d?s=96&d=mm&r=g","contentUrl":"https:\/\/secure.gravatar.com\/avatar\/738fb281e479212ed32c1a21a4307dda9f3af9292edb6918a16c9ce9fff5f48d?s=96&d=mm&r=g","caption":"Prefeitos &amp; Gest\u00f5es"},"url":"https:\/\/prefeitosegestoes.com.br\/portal\/author\/prefeitosegestoes\/"}]}},"_links":{"self":[{"href":"https:\/\/prefeitosegestoes.com.br\/portal\/wp-json\/wp\/v2\/posts\/3265","targetHints":{"allow":["GET"]}}],"collection":[{"href":"https:\/\/prefeitosegestoes.com.br\/portal\/wp-json\/wp\/v2\/posts"}],"about":[{"href":"https:\/\/prefeitosegestoes.com.br\/portal\/wp-json\/wp\/v2\/types\/post"}],"author":[{"embeddable":true,"href":"https:\/\/prefeitosegestoes.com.br\/portal\/wp-json\/wp\/v2\/users\/2"}],"replies":[{"embeddable":true,"href":"https:\/\/prefeitosegestoes.com.br\/portal\/wp-json\/wp\/v2\/comments?post=3265"}],"version-history":[{"count":2,"href":"https:\/\/prefeitosegestoes.com.br\/portal\/wp-json\/wp\/v2\/posts\/3265\/revisions"}],"predecessor-version":[{"id":3274,"href":"https:\/\/prefeitosegestoes.com.br\/portal\/wp-json\/wp\/v2\/posts\/3265\/revisions\/3274"}],"wp:featuredmedia":[{"embeddable":true,"href":"https:\/\/prefeitosegestoes.com.br\/portal\/wp-json\/wp\/v2\/media\/3267"}],"wp:attachment":[{"href":"https:\/\/prefeitosegestoes.com.br\/portal\/wp-json\/wp\/v2\/media?parent=3265"}],"wp:term":[{"taxonomy":"category","embeddable":true,"href":"https:\/\/prefeitosegestoes.com.br\/portal\/wp-json\/wp\/v2\/categories?post=3265"},{"taxonomy":"post_tag","embeddable":true,"href":"https:\/\/prefeitosegestoes.com.br\/portal\/wp-json\/wp\/v2\/tags?post=3265"}],"curies":[{"name":"wp","href":"https:\/\/api.w.org\/{rel}","templated":true}]}}