{"id":3260,"date":"2025-04-15T14:33:45","date_gmt":"2025-04-15T17:33:45","guid":{"rendered":"https:\/\/prefeitosegestoes.com.br\/portal\/?p=3260"},"modified":"2025-04-15T14:33:45","modified_gmt":"2025-04-15T17:33:45","slug":"motta-indica-que-a-decisao-sobre-o-pl-da-anistia-sera-dos-lideres-da-camara","status":"publish","type":"post","link":"https:\/\/prefeitosegestoes.com.br\/portal\/motta-indica-que-a-decisao-sobre-o-pl-da-anistia-sera-dos-lideres-da-camara\/","title":{"rendered":"Motta indica que a decis\u00e3o sobre o PL da Anistia ser\u00e1 dos L\u00edderes da C\u00e2mara."},"content":{"rendered":"<div class=\"mc-article-header\">\n<div class=\"row content-head mc-column non-featured \">\n<div class=\"title\" data-block-type=\"title\" data-block-id=\"0\">\n<h6 class=\"content-head__title\">Foto: Marcelo Camargo\/Ag\u00eancia Brasil<\/h6>\n<h1 class=\"content-head__title\">PL da Anistia: Motta indica que decis\u00e3o sobre an\u00e1lise de pedido de urg\u00eancia ser\u00e1 dos l\u00edderes partid\u00e1rios<\/h1>\n<\/div>\n<\/div>\n<div><\/div>\n<div class=\"content__signa-share mc-column\">\n<div class=\"content__signature\">\n<div class=\"content-publication-data\">\n<div class=\"content-publication-data__text\">\n<p class=\"content-publication-data__from\" title=\"Valdo Cruz, Gustavo Garcia\">Por\u00a0<a class=\"multi_signatures\" href=\"https:\/\/g1.globo.com\/autores\/valdo-cruz\/\">Valdo Cruz<\/a>,\u00a0<a class=\"multi_signatures\" href=\"https:\/\/g1.globo.com\/autores\/gustavo-garcia\/\">Gustavo Garcia<\/a>, GloboNews e g1\u00a0\u2014 Bras\u00edlia<\/p>\n<p class=\"content-publication-data__updated\"><time datetime=\"2025-04-15T11:42:36.703-03:00\">15\/04\/2025 11h42\u00a0<\/time><span class=\"content-publication-data__updated-relative\">\u00a0<time datetime=\"2025-04-15T13:40:54.945-03:00\">Atualizado\u00a0<time datetime=\"2025-04-15T13:40:54.945-03:00\">h\u00e1 45 minutos<\/time><\/time><\/span><\/p>\n<\/div>\n<\/div>\n<\/div>\n<\/div>\n<\/div>\n<div class=\"mc-article-body\">\n<article>\n<div id=\"chunk-6af87\">\n<div class=\"row medium-uncollapsed content-media content-photo\" data-block-type=\"backstage-photo\" data-block-id=\"1\">\n<div class=\" mc-column  content-media__container\">\n<div class=\"content-media-container glb-skeleton-box\">\n<figure><\/figure>\n<figure class=\"content-media-figure\">O presidente da C\u00e2mara dos Deputados, Hugo Motta (Republicanos-PB), durante sess\u00e3o plen\u00e1ria \u2014 Foto: Bruno Spada\/C\u00e2mara dos Deputados<\/figure>\n<\/div>\n<\/div>\n<\/div>\n<\/div>\n<div id=\"chunk-as059\">\n<div class=\"mc-column content-text active-extra-styles \" data-block-type=\"unstyled\" data-block-weight=\"42\" data-block-id=\"2\">\n<p class=\" content-text__container \" data-track-category=\"Link no Texto\" data-track-links=\"\" data-mrf-recirculation=\"Mat\u00e9ria - Links no Texto\">O presidente da C\u00e2mara, Hugo Motta (<a class=\"\" href=\"https:\/\/g1.globo.com\/politica\/partido\/republicanos\/\" data-mrf-link=\"https:\/\/g1.globo.com\/politica\/partido\/republicanos\/\">Republicanos<\/a>-PB), afirmou nesta ter\u00e7a-feira (15) que, em uma democracia, &#8220;ningu\u00e9m tem o direito de decidir nada sozinho&#8221; e que as pautas que devem avan\u00e7ar, no Legislativo, devem ser discutidas com os l\u00edderes das bancadas da Casa.<\/p>\n<\/div>\n<\/div>\n<div class=\"wall protected-content\">\n<div id=\"chunk-5nad5\">\n<div class=\"mc-column content-text active-extra-styles \" data-block-type=\"unstyled\" data-block-weight=\"42\" data-block-id=\"4\">\n<p class=\" content-text__container \" data-track-category=\"Link no Texto\" data-track-links=\"\" data-mrf-recirculation=\"Mat\u00e9ria - Links no Texto\">Motta deu as declara\u00e7\u00f5es em uma postagem no Instagram, no dia seguinte \u00e0 apresenta\u00e7\u00e3o pelo l\u00edder do\u00a0<a class=\"\" href=\"https:\/\/g1.globo.com\/politica\/partido\/pl\/\" data-mrf-link=\"https:\/\/g1.globo.com\/politica\/partido\/pl\/\">PL<\/a>\u00a0na C\u00e2mara, S\u00f3stenes Cavalcante (RJ), de um<a class=\"\" href=\"https:\/\/g1.globo.com\/politica\/blog\/andreia-sadi\/post\/2025\/04\/14\/lider-do-pl-requerimento-anistia.ghtml\" data-mrf-link=\"https:\/\/g1.globo.com\/politica\/blog\/andreia-sadi\/post\/2025\/04\/14\/lider-do-pl-requerimento-anistia.ghtml\">\u00a0pedido de urg\u00eancia para o projeto de anistia a envolvidos nos atos golpistas de 8 de janeiro<\/a>.<\/p>\n<\/div>\n<\/div>\n<div id=\"chunk-3s7bj\">\n<div class=\"mc-column content-text active-extra-styles\" data-block-type=\"raw\" data-block-weight=\"50\" data-block-id=\"5\">\n<blockquote class=\"content-blockquote theme-border-color-primary-before\"><p>&#8220;Democracia \u00e9 discutir com o Col\u00e9gio de L\u00edderes as pautas que devem avan\u00e7ar. Em uma democracia, ningu\u00e9m tem o direito de decidir nada sozinho. \u00c9 preciso tamb\u00e9m ter responsabilidade com o cargo que ocupamos, pensando no que cada pauta significa para as institui\u00e7\u00f5es e para toda a popula\u00e7\u00e3o brasileira&#8221;, disse.<\/p><\/blockquote>\n<\/div>\n<\/div>\n<div id=\"chunk-e496s\">\n<div class=\"bs-video-block mc-column   content-media content-video\" data-block-type=\"backstage-video\" data-block-id=\"7\">\n<div class=\"content-media__container\">\n<p class=\"content-media__description\">L\u00edder do PL protocola pedido de urg\u00eancia para o projeto da anistia<\/p>\n<\/div>\n<\/div>\n<\/div>\n<div id=\"chunk-2qvsn\">\n<div class=\"mc-column content-text active-extra-styles \" data-block-type=\"unstyled\" data-block-weight=\"34\" data-block-id=\"8\">\n<p class=\" content-text__container \" data-track-category=\"Link no Texto\" data-track-links=\"\" data-mrf-recirculation=\"Mat\u00e9ria - Links no Texto\">Embora o presidente da C\u00e2mara n\u00e3o mencione o PL da Anistia na postagem, o\u00a0<strong>g1<\/strong>\u00a0apurou que o parlamentar est\u00e1 se referindo ao requerimento que tem o objetivo de acelerar a tramita\u00e7\u00e3o da proposta.<\/p>\n<\/div>\n<\/div>\n<div id=\"chunk-7f63e\">\n<div class=\"mc-column content-text active-extra-styles \" data-block-type=\"unstyled\" data-block-weight=\"27\" data-block-id=\"9\">\n<p class=\" content-text__container \" data-track-category=\"Link no Texto\" data-track-links=\"\" data-mrf-recirculation=\"Mat\u00e9ria - Links no Texto\">Apesar de Motta afirmar que o avan\u00e7o de projetos depende do col\u00e9gio de l\u00edderes,\u00a0<span class=\"highlight highlighted\">cabe ao presidente da C\u00e2mara montar a pauta de vota\u00e7\u00f5es da Casa<\/span>.<\/p>\n<\/div>\n<\/div>\n<div id=\"chunk-9s9vi\">\n<div class=\"mc-column content-text active-extra-styles \" data-block-type=\"unstyled\" data-block-weight=\"14\" data-block-id=\"10\">\n<p class=\" content-text__container \" data-track-category=\"Link no Texto\" data-track-links=\"\" data-mrf-recirculation=\"Mat\u00e9ria - Links no Texto\">Mais de mil pedidos de urg\u00eancia est\u00e3o na fila aguardando para serem pautados.<\/p>\n<\/div>\n<\/div>\n<div id=\"chunk-a6fdo\">\n<div class=\"mc-column content-text active-extra-styles \" data-block-type=\"unstyled\" data-block-weight=\"45\" data-block-id=\"11\">\n<p class=\" content-text__container \" data-track-category=\"Link no Texto\" data-track-links=\"\" data-mrf-recirculation=\"Mat\u00e9ria - Links no Texto\">S\u00f3stenes Cavalcante, que apresentou o requerimento para acelerar o PL da Anistia, celebrou a fala de Motta. O deputado disse que o presidente da C\u00e2mara tem muitas prerrogativas, mas as decis\u00f5es &#8220;mais importantes&#8221; devem ser tomadas pelo col\u00e9gio de l\u00edderes ou pela maioria dos parlamentares.<\/p>\n<\/div>\n<\/div>\n<div id=\"chunk-cor4t\">\n<div class=\"mc-column content-text active-extra-styles\" data-block-type=\"raw\" data-block-weight=\"5\" data-block-id=\"13\">\n<div class=\"content-intertitle\">\n<h2>Press\u00e3o pela an\u00e1lise da urg\u00eancia<\/h2>\n<\/div>\n<\/div>\n<\/div>\n<div id=\"chunk-d3trq\">\n<div class=\"mc-column content-text active-extra-styles \" data-block-type=\"unstyled\" data-block-weight=\"32\" data-block-id=\"14\">\n<p class=\" content-text__container \" data-track-category=\"Link no Texto\" data-track-links=\"\" data-mrf-recirculation=\"Mat\u00e9ria - Links no Texto\">O pedido de urg\u00eancia apresentado pelo l\u00edder do partido do ex-presidente\u00a0<a class=\"\" href=\"https:\/\/g1.globo.com\/politica\/politico\/jair-bolsonaro\/\" data-mrf-link=\"https:\/\/g1.globo.com\/politica\/politico\/jair-bolsonaro\/\">Jair Bolsonaro<\/a>\u00a0<span class=\"highlight highlighted\">conta com as assinaturas de 262 deputados, ou seja, mais da metade do total de parlamentares na C\u00e2mara\u00a0<\/span>(513).<\/p>\n<\/div>\n<\/div>\n<div id=\"chunk-bih6j\">\n<div class=\"mc-column content-text active-extra-styles \" data-block-type=\"unstyled\" data-block-weight=\"45\" data-block-id=\"15\">\n<p class=\" content-text__container \" data-track-category=\"Link no Texto\" data-track-links=\"\" data-mrf-recirculation=\"Mat\u00e9ria - Links no Texto\"><a class=\"\" href=\"https:\/\/g1.globo.com\/politica\/blog\/andreia-sadi\/post\/2025\/04\/15\/entorno-de-motta-defende-que-presidente-da-camara-transfira-pressao-por-anistia-para-planalto-e-stf.ghtml\" data-mrf-link=\"https:\/\/g1.globo.com\/politica\/blog\/andreia-sadi\/post\/2025\/04\/15\/entorno-de-motta-defende-que-presidente-da-camara-transfira-pressao-por-anistia-para-planalto-e-stf.ghtml\">Segundo a colunista do\u00a0<strong>g1\u00a0<\/strong>Andr\u00e9ia Sadi<\/a>, aliados de Hugo Motta t\u00eam defendido que o presidente transfira essa press\u00e3o pelo PL da Anistia \u2013 que, atualmente, est\u00e1 concentrada no presidente da C\u00e2mara \u2013 para o Pal\u00e1cio do Planalto e para o Supremo Tribunal Federal.<\/p>\n<\/div>\n<\/div>\n<div id=\"chunk-9e6rs\">\n<div class=\"mc-column content-text active-extra-styles \" data-block-type=\"unstyled\" data-block-weight=\"21\" data-block-id=\"16\">\n<p class=\" content-text__container \" data-track-category=\"Link no Texto\" data-track-links=\"\" data-mrf-recirculation=\"Mat\u00e9ria - Links no Texto\">O presidente da C\u00e2mara vem tentando buscar uma sa\u00edda negociada para o projeto, que desagrada tanto o Executivo quanto o Judici\u00e1rio.<\/p>\n<\/div>\n<\/div>\n<div id=\"chunk-em8kd\">\n<div class=\"mc-column content-text active-extra-styles \" data-block-type=\"unstyled\" data-block-weight=\"35\" data-block-id=\"17\">\n<p class=\" content-text__container \" data-track-category=\"Link no Texto\" data-track-links=\"\" data-mrf-recirculation=\"Mat\u00e9ria - Links no Texto\">Para aliados de Motta, a responsabilidade por essa negocia\u00e7\u00e3o deve ser de\u00a0<a class=\"\" href=\"https:\/\/g1.globo.com\/politica\/politico\/lula\/\" data-mrf-link=\"https:\/\/g1.globo.com\/politica\/politico\/lula\/\">Lula<\/a>\u00a0e de seus ministros e que os integrantes do\u00a0<a class=\"\" href=\"https:\/\/g1.globo.com\/tudo-sobre\/supremo-tribunal-federal\/\" data-mrf-link=\"https:\/\/g1.globo.com\/tudo-sobre\/supremo-tribunal-federal\/\">STF<\/a>\u00a0tamb\u00e9m devem se mobilizar para diminuir a temperatura em torno do tema.<\/p>\n<\/div>\n<\/div>\n<div id=\"chunk-9ksns\">\n<div class=\"mc-column content-text active-extra-styles \" data-block-type=\"unstyled\" data-block-weight=\"39\" data-block-id=\"18\">\n<p class=\" content-text__container \" data-track-category=\"Link no Texto\" data-track-links=\"\" data-mrf-recirculation=\"Mat\u00e9ria - Links no Texto\">Nesta ter\u00e7a, a ministra Gleisi Hoffmann, respons\u00e1vel pela articula\u00e7\u00e3o pol\u00edtica do governo Lula, classificou como\u00a0<a class=\"\" href=\"https:\/\/g1.globo.com\/politica\/noticia\/2025\/04\/15\/gleisi-chama-de-profunda-contradicao-apoio-de-deputados-de-partidos-da-base-do-governo-a-pl-da-anistia.ghtml\" data-mrf-link=\"https:\/\/g1.globo.com\/politica\/noticia\/2025\/04\/15\/gleisi-chama-de-profunda-contradicao-apoio-de-deputados-de-partidos-da-base-do-governo-a-pl-da-anistia.ghtml\">&#8220;profunda contradi\u00e7\u00e3o&#8221; o fato de deputados de partidos que t\u00eam minist\u00e9rios na Esplanada terem assinado o requerimento de urg\u00eancia<\/a>\u00a0ao PL da Anistia.<\/p>\n<\/div>\n<\/div>\n<div id=\"chunk-bdbsi\">\n<div class=\"mc-column content-text active-extra-styles \" data-block-type=\"unstyled\" data-block-weight=\"28\" data-block-id=\"19\">\n<p class=\" content-text__container \" data-track-category=\"Link no Texto\" data-track-links=\"\" data-mrf-recirculation=\"Mat\u00e9ria - Links no Texto\"><a class=\"\" href=\"https:\/\/g1.globo.com\/politica\/noticia\/2025\/04\/14\/veja-quantos-deputados-de-cada-partido-apoiaram-a-urgencia-para-anistia-aos-golpistas-do-8-janeiro.ghtml\" data-mrf-link=\"https:\/\/g1.globo.com\/politica\/noticia\/2025\/04\/14\/veja-quantos-deputados-de-cada-partido-apoiaram-a-urgencia-para-anistia-aos-golpistas-do-8-janeiro.ghtml\">Mais da metade das 262 assinaturas<\/a>\u00a0que viabilizaram a apresenta\u00e7\u00e3o do requerimento de urg\u00eancia para o projeto\u00a0<span class=\"highlight highlighted\">s\u00e3o de partidos do Centr\u00e3o que comandam minist\u00e9rios do governo Lula<\/span>.<\/p>\n<p data-track-category=\"Link no Texto\" data-track-links=\"\" data-mrf-recirculation=\"Mat\u00e9ria - Links no Texto\">Fonte: G1<\/p>\n<\/div>\n<\/div>\n<\/div>\n<\/article>\n<\/div>\n","protected":false},"excerpt":{"rendered":"<p>Foto: Marcelo Camargo\/Ag\u00eancia Brasil PL da Anistia: Motta indica que decis\u00e3o sobre an\u00e1lise de pedido de urg\u00eancia ser\u00e1 dos l\u00edderes partid\u00e1rios Por\u00a0Valdo Cruz,\u00a0Gustavo Garcia, GloboNews e g1\u00a0\u2014 Bras\u00edlia 15\/04\/2025 11h42\u00a0\u00a0Atualizado\u00a0h\u00e1 45 minutos O presidente da C\u00e2mara dos Deputados, Hugo Motta (Republicanos-PB), durante sess\u00e3o plen\u00e1ria \u2014 Foto: Bruno Spada\/C\u00e2mara dos Deputados O presidente da C\u00e2mara, Hugo [&hellip;]<\/p>\n","protected":false},"author":2,"featured_media":3261,"comment_status":"open","ping_status":"open","sticky":false,"template":"","format":"standard","meta":{"rop_custom_images_group":[],"rop_custom_messages_group":[],"rop_publish_now":"initial","rop_publish_now_accounts":{"twitter_850042665852968960_850042665852968960":""},"rop_publish_now_history":[],"rop_publish_now_status":"pending","footnotes":""},"categories":[15],"tags":[563,565,564,562],"class_list":["post-3260","post","type-post","status-publish","format-standard","has-post-thumbnail","hentry","category-destaques","tag-lideres-da-camara","tag-motta","tag-pedido-de-urgencia","tag-pl-da-anistia"],"yoast_head":"<!-- This site is optimized with the Yoast SEO plugin v27.2 - https:\/\/yoast.com\/product\/yoast-seo-wordpress\/ -->\n<title>Motta indica que a decis\u00e3o sobre o PL da Anistia ser\u00e1 dos L\u00edderes da C\u00e2mara. - Prefeitos &amp; Gest\u00f5es<\/title>\n<meta name=\"robots\" content=\"index, follow, max-snippet:-1, max-image-preview:large, max-video-preview:-1\" \/>\n<link rel=\"canonical\" href=\"https:\/\/prefeitosegestoes.com.br\/portal\/motta-indica-que-a-decisao-sobre-o-pl-da-anistia-sera-dos-lideres-da-camara\/\" \/>\n<meta property=\"og:locale\" content=\"pt_BR\" \/>\n<meta property=\"og:type\" content=\"article\" \/>\n<meta property=\"og:title\" content=\"Motta indica que a decis\u00e3o sobre o PL da Anistia ser\u00e1 dos L\u00edderes da C\u00e2mara. - Prefeitos &amp; Gest\u00f5es\" \/>\n<meta property=\"og:description\" content=\"Foto: Marcelo Camargo\/Ag\u00eancia Brasil PL da Anistia: Motta indica que decis\u00e3o sobre an\u00e1lise de pedido de urg\u00eancia ser\u00e1 dos l\u00edderes partid\u00e1rios Por\u00a0Valdo Cruz,\u00a0Gustavo Garcia, GloboNews e g1\u00a0\u2014 Bras\u00edlia 15\/04\/2025 11h42\u00a0\u00a0Atualizado\u00a0h\u00e1 45 minutos O presidente da C\u00e2mara dos Deputados, Hugo Motta (Republicanos-PB), durante sess\u00e3o plen\u00e1ria \u2014 Foto: Bruno Spada\/C\u00e2mara dos Deputados O presidente da C\u00e2mara, Hugo [&hellip;]\" \/>\n<meta property=\"og:url\" content=\"https:\/\/prefeitosegestoes.com.br\/portal\/motta-indica-que-a-decisao-sobre-o-pl-da-anistia-sera-dos-lideres-da-camara\/\" \/>\n<meta property=\"og:site_name\" content=\"Prefeitos &amp; Gest\u00f5es\" \/>\n<meta property=\"article:publisher\" content=\"https:\/\/www.facebook.com\/prefeitosonline\" \/>\n<meta property=\"article:published_time\" content=\"2025-04-15T17:33:45+00:00\" \/>\n<meta property=\"og:image\" content=\"https:\/\/prefeitosegestoes.com.br\/portal\/wp-content\/uploads\/2025\/04\/pec-seguranca-publica_mcamgo_abr_08042025-4.webp\" \/>\n\t<meta property=\"og:image:width\" content=\"1024\" \/>\n\t<meta property=\"og:image:height\" content=\"768\" \/>\n\t<meta property=\"og:image:type\" content=\"image\/webp\" \/>\n<meta name=\"author\" content=\"Prefeitos &amp; Gest\u00f5es\" \/>\n<meta name=\"twitter:card\" content=\"summary_large_image\" \/>\n<meta name=\"twitter:creator\" content=\"@PrefGestoes\" \/>\n<meta name=\"twitter:site\" content=\"@PrefGestoes\" \/>\n<meta name=\"twitter:label1\" content=\"Escrito por\" \/>\n\t<meta name=\"twitter:data1\" content=\"Prefeitos &amp; Gest\u00f5es\" \/>\n\t<meta name=\"twitter:label2\" content=\"Est. tempo de leitura\" \/>\n\t<meta name=\"twitter:data2\" content=\"3 minutos\" \/>\n<script type=\"application\/ld+json\" class=\"yoast-schema-graph\">{\"@context\":\"https:\/\/schema.org\",\"@graph\":[{\"@type\":\"Article\",\"@id\":\"https:\/\/prefeitosegestoes.com.br\/portal\/motta-indica-que-a-decisao-sobre-o-pl-da-anistia-sera-dos-lideres-da-camara\/#article\",\"isPartOf\":{\"@id\":\"https:\/\/prefeitosegestoes.com.br\/portal\/motta-indica-que-a-decisao-sobre-o-pl-da-anistia-sera-dos-lideres-da-camara\/\"},\"author\":{\"name\":\"Prefeitos &amp; Gest\u00f5es\",\"@id\":\"https:\/\/prefeitosegestoes.com.br\/portal\/#\/schema\/person\/d00059f2ec99963e7e1850d448ae94b8\"},\"headline\":\"Motta indica que a decis\u00e3o sobre o PL da Anistia ser\u00e1 dos L\u00edderes da C\u00e2mara.\",\"datePublished\":\"2025-04-15T17:33:45+00:00\",\"mainEntityOfPage\":{\"@id\":\"https:\/\/prefeitosegestoes.com.br\/portal\/motta-indica-que-a-decisao-sobre-o-pl-da-anistia-sera-dos-lideres-da-camara\/\"},\"wordCount\":605,\"commentCount\":0,\"publisher\":{\"@id\":\"https:\/\/prefeitosegestoes.com.br\/portal\/#organization\"},\"image\":{\"@id\":\"https:\/\/prefeitosegestoes.com.br\/portal\/motta-indica-que-a-decisao-sobre-o-pl-da-anistia-sera-dos-lideres-da-camara\/#primaryimage\"},\"thumbnailUrl\":\"https:\/\/prefeitosegestoes.com.br\/portal\/wp-content\/uploads\/2025\/04\/pec-seguranca-publica_mcamgo_abr_08042025-4.webp\",\"keywords\":[\"L\u00edderes da C\u00e2mara\",\"Motta\",\"Pedido de Urg\u00eancia\",\"PL da Anistia\"],\"articleSection\":[\"Destaques\"],\"inLanguage\":\"pt-BR\",\"potentialAction\":[{\"@type\":\"CommentAction\",\"name\":\"Comment\",\"target\":[\"https:\/\/prefeitosegestoes.com.br\/portal\/motta-indica-que-a-decisao-sobre-o-pl-da-anistia-sera-dos-lideres-da-camara\/#respond\"]}]},{\"@type\":\"WebPage\",\"@id\":\"https:\/\/prefeitosegestoes.com.br\/portal\/motta-indica-que-a-decisao-sobre-o-pl-da-anistia-sera-dos-lideres-da-camara\/\",\"url\":\"https:\/\/prefeitosegestoes.com.br\/portal\/motta-indica-que-a-decisao-sobre-o-pl-da-anistia-sera-dos-lideres-da-camara\/\",\"name\":\"Motta indica que a decis\u00e3o sobre o PL da Anistia ser\u00e1 dos L\u00edderes da C\u00e2mara. - Prefeitos &amp; Gest\u00f5es\",\"isPartOf\":{\"@id\":\"https:\/\/prefeitosegestoes.com.br\/portal\/#website\"},\"primaryImageOfPage\":{\"@id\":\"https:\/\/prefeitosegestoes.com.br\/portal\/motta-indica-que-a-decisao-sobre-o-pl-da-anistia-sera-dos-lideres-da-camara\/#primaryimage\"},\"image\":{\"@id\":\"https:\/\/prefeitosegestoes.com.br\/portal\/motta-indica-que-a-decisao-sobre-o-pl-da-anistia-sera-dos-lideres-da-camara\/#primaryimage\"},\"thumbnailUrl\":\"https:\/\/prefeitosegestoes.com.br\/portal\/wp-content\/uploads\/2025\/04\/pec-seguranca-publica_mcamgo_abr_08042025-4.webp\",\"datePublished\":\"2025-04-15T17:33:45+00:00\",\"breadcrumb\":{\"@id\":\"https:\/\/prefeitosegestoes.com.br\/portal\/motta-indica-que-a-decisao-sobre-o-pl-da-anistia-sera-dos-lideres-da-camara\/#breadcrumb\"},\"inLanguage\":\"pt-BR\",\"potentialAction\":[{\"@type\":\"ReadAction\",\"target\":[\"https:\/\/prefeitosegestoes.com.br\/portal\/motta-indica-que-a-decisao-sobre-o-pl-da-anistia-sera-dos-lideres-da-camara\/\"]}]},{\"@type\":\"ImageObject\",\"inLanguage\":\"pt-BR\",\"@id\":\"https:\/\/prefeitosegestoes.com.br\/portal\/motta-indica-que-a-decisao-sobre-o-pl-da-anistia-sera-dos-lideres-da-camara\/#primaryimage\",\"url\":\"https:\/\/prefeitosegestoes.com.br\/portal\/wp-content\/uploads\/2025\/04\/pec-seguranca-publica_mcamgo_abr_08042025-4.webp\",\"contentUrl\":\"https:\/\/prefeitosegestoes.com.br\/portal\/wp-content\/uploads\/2025\/04\/pec-seguranca-publica_mcamgo_abr_08042025-4.webp\",\"width\":1024,\"height\":768},{\"@type\":\"BreadcrumbList\",\"@id\":\"https:\/\/prefeitosegestoes.com.br\/portal\/motta-indica-que-a-decisao-sobre-o-pl-da-anistia-sera-dos-lideres-da-camara\/#breadcrumb\",\"itemListElement\":[{\"@type\":\"ListItem\",\"position\":1,\"name\":\"In\u00edcio\",\"item\":\"https:\/\/prefeitosegestoes.com.br\/portal\/\"},{\"@type\":\"ListItem\",\"position\":2,\"name\":\"Motta indica que a decis\u00e3o sobre o PL da Anistia ser\u00e1 dos L\u00edderes da C\u00e2mara.\"}]},{\"@type\":\"WebSite\",\"@id\":\"https:\/\/prefeitosegestoes.com.br\/portal\/#website\",\"url\":\"https:\/\/prefeitosegestoes.com.br\/portal\/\",\"name\":\"Prefeitos & Gest\u00f5es\",\"description\":\"\",\"publisher\":{\"@id\":\"https:\/\/prefeitosegestoes.com.br\/portal\/#organization\"},\"potentialAction\":[{\"@type\":\"SearchAction\",\"target\":{\"@type\":\"EntryPoint\",\"urlTemplate\":\"https:\/\/prefeitosegestoes.com.br\/portal\/?s={search_term_string}\"},\"query-input\":{\"@type\":\"PropertyValueSpecification\",\"valueRequired\":true,\"valueName\":\"search_term_string\"}}],\"inLanguage\":\"pt-BR\"},{\"@type\":\"Organization\",\"@id\":\"https:\/\/prefeitosegestoes.com.br\/portal\/#organization\",\"name\":\"Prefeitos & Gest\u00f5es\",\"url\":\"https:\/\/prefeitosegestoes.com.br\/portal\/\",\"logo\":{\"@type\":\"ImageObject\",\"inLanguage\":\"pt-BR\",\"@id\":\"https:\/\/prefeitosegestoes.com.br\/portal\/#\/schema\/logo\/image\/\",\"url\":\"https:\/\/prefeitosegestoes.com.br\/portal\/wp-content\/uploads\/2024\/10\/lg_trans_prefeitos_2024_preto2.png\",\"contentUrl\":\"https:\/\/prefeitosegestoes.com.br\/portal\/wp-content\/uploads\/2024\/10\/lg_trans_prefeitos_2024_preto2.png\",\"width\":199,\"height\":122,\"caption\":\"Prefeitos & Gest\u00f5es\"},\"image\":{\"@id\":\"https:\/\/prefeitosegestoes.com.br\/portal\/#\/schema\/logo\/image\/\"},\"sameAs\":[\"https:\/\/www.facebook.com\/prefeitosonline\",\"https:\/\/x.com\/PrefGestoes\"]},{\"@type\":\"Person\",\"@id\":\"https:\/\/prefeitosegestoes.com.br\/portal\/#\/schema\/person\/d00059f2ec99963e7e1850d448ae94b8\",\"name\":\"Prefeitos &amp; Gest\u00f5es\",\"image\":{\"@type\":\"ImageObject\",\"inLanguage\":\"pt-BR\",\"@id\":\"https:\/\/secure.gravatar.com\/avatar\/738fb281e479212ed32c1a21a4307dda9f3af9292edb6918a16c9ce9fff5f48d?s=96&d=mm&r=g\",\"url\":\"https:\/\/secure.gravatar.com\/avatar\/738fb281e479212ed32c1a21a4307dda9f3af9292edb6918a16c9ce9fff5f48d?s=96&d=mm&r=g\",\"contentUrl\":\"https:\/\/secure.gravatar.com\/avatar\/738fb281e479212ed32c1a21a4307dda9f3af9292edb6918a16c9ce9fff5f48d?s=96&d=mm&r=g\",\"caption\":\"Prefeitos &amp; Gest\u00f5es\"},\"url\":\"https:\/\/prefeitosegestoes.com.br\/portal\/author\/prefeitosegestoes\/\"}]}<\/script>\n<!-- \/ Yoast SEO plugin. -->","yoast_head_json":{"title":"Motta indica que a decis\u00e3o sobre o PL da Anistia ser\u00e1 dos L\u00edderes da C\u00e2mara. - Prefeitos &amp; Gest\u00f5es","robots":{"index":"index","follow":"follow","max-snippet":"max-snippet:-1","max-image-preview":"max-image-preview:large","max-video-preview":"max-video-preview:-1"},"canonical":"https:\/\/prefeitosegestoes.com.br\/portal\/motta-indica-que-a-decisao-sobre-o-pl-da-anistia-sera-dos-lideres-da-camara\/","og_locale":"pt_BR","og_type":"article","og_title":"Motta indica que a decis\u00e3o sobre o PL da Anistia ser\u00e1 dos L\u00edderes da C\u00e2mara. - Prefeitos &amp; Gest\u00f5es","og_description":"Foto: Marcelo Camargo\/Ag\u00eancia Brasil PL da Anistia: Motta indica que decis\u00e3o sobre an\u00e1lise de pedido de urg\u00eancia ser\u00e1 dos l\u00edderes partid\u00e1rios Por\u00a0Valdo Cruz,\u00a0Gustavo Garcia, GloboNews e g1\u00a0\u2014 Bras\u00edlia 15\/04\/2025 11h42\u00a0\u00a0Atualizado\u00a0h\u00e1 45 minutos O presidente da C\u00e2mara dos Deputados, Hugo Motta (Republicanos-PB), durante sess\u00e3o plen\u00e1ria \u2014 Foto: Bruno Spada\/C\u00e2mara dos Deputados O presidente da C\u00e2mara, Hugo [&hellip;]","og_url":"https:\/\/prefeitosegestoes.com.br\/portal\/motta-indica-que-a-decisao-sobre-o-pl-da-anistia-sera-dos-lideres-da-camara\/","og_site_name":"Prefeitos &amp; Gest\u00f5es","article_publisher":"https:\/\/www.facebook.com\/prefeitosonline","article_published_time":"2025-04-15T17:33:45+00:00","og_image":[{"width":1024,"height":768,"url":"https:\/\/prefeitosegestoes.com.br\/portal\/wp-content\/uploads\/2025\/04\/pec-seguranca-publica_mcamgo_abr_08042025-4.webp","type":"image\/webp"}],"author":"Prefeitos &amp; Gest\u00f5es","twitter_card":"summary_large_image","twitter_creator":"@PrefGestoes","twitter_site":"@PrefGestoes","twitter_misc":{"Escrito por":"Prefeitos &amp; Gest\u00f5es","Est. tempo de leitura":"3 minutos"},"schema":{"@context":"https:\/\/schema.org","@graph":[{"@type":"Article","@id":"https:\/\/prefeitosegestoes.com.br\/portal\/motta-indica-que-a-decisao-sobre-o-pl-da-anistia-sera-dos-lideres-da-camara\/#article","isPartOf":{"@id":"https:\/\/prefeitosegestoes.com.br\/portal\/motta-indica-que-a-decisao-sobre-o-pl-da-anistia-sera-dos-lideres-da-camara\/"},"author":{"name":"Prefeitos &amp; Gest\u00f5es","@id":"https:\/\/prefeitosegestoes.com.br\/portal\/#\/schema\/person\/d00059f2ec99963e7e1850d448ae94b8"},"headline":"Motta indica que a decis\u00e3o sobre o PL da Anistia ser\u00e1 dos L\u00edderes da C\u00e2mara.","datePublished":"2025-04-15T17:33:45+00:00","mainEntityOfPage":{"@id":"https:\/\/prefeitosegestoes.com.br\/portal\/motta-indica-que-a-decisao-sobre-o-pl-da-anistia-sera-dos-lideres-da-camara\/"},"wordCount":605,"commentCount":0,"publisher":{"@id":"https:\/\/prefeitosegestoes.com.br\/portal\/#organization"},"image":{"@id":"https:\/\/prefeitosegestoes.com.br\/portal\/motta-indica-que-a-decisao-sobre-o-pl-da-anistia-sera-dos-lideres-da-camara\/#primaryimage"},"thumbnailUrl":"https:\/\/prefeitosegestoes.com.br\/portal\/wp-content\/uploads\/2025\/04\/pec-seguranca-publica_mcamgo_abr_08042025-4.webp","keywords":["L\u00edderes da C\u00e2mara","Motta","Pedido de Urg\u00eancia","PL da Anistia"],"articleSection":["Destaques"],"inLanguage":"pt-BR","potentialAction":[{"@type":"CommentAction","name":"Comment","target":["https:\/\/prefeitosegestoes.com.br\/portal\/motta-indica-que-a-decisao-sobre-o-pl-da-anistia-sera-dos-lideres-da-camara\/#respond"]}]},{"@type":"WebPage","@id":"https:\/\/prefeitosegestoes.com.br\/portal\/motta-indica-que-a-decisao-sobre-o-pl-da-anistia-sera-dos-lideres-da-camara\/","url":"https:\/\/prefeitosegestoes.com.br\/portal\/motta-indica-que-a-decisao-sobre-o-pl-da-anistia-sera-dos-lideres-da-camara\/","name":"Motta indica que a decis\u00e3o sobre o PL da Anistia ser\u00e1 dos L\u00edderes da C\u00e2mara. - Prefeitos &amp; Gest\u00f5es","isPartOf":{"@id":"https:\/\/prefeitosegestoes.com.br\/portal\/#website"},"primaryImageOfPage":{"@id":"https:\/\/prefeitosegestoes.com.br\/portal\/motta-indica-que-a-decisao-sobre-o-pl-da-anistia-sera-dos-lideres-da-camara\/#primaryimage"},"image":{"@id":"https:\/\/prefeitosegestoes.com.br\/portal\/motta-indica-que-a-decisao-sobre-o-pl-da-anistia-sera-dos-lideres-da-camara\/#primaryimage"},"thumbnailUrl":"https:\/\/prefeitosegestoes.com.br\/portal\/wp-content\/uploads\/2025\/04\/pec-seguranca-publica_mcamgo_abr_08042025-4.webp","datePublished":"2025-04-15T17:33:45+00:00","breadcrumb":{"@id":"https:\/\/prefeitosegestoes.com.br\/portal\/motta-indica-que-a-decisao-sobre-o-pl-da-anistia-sera-dos-lideres-da-camara\/#breadcrumb"},"inLanguage":"pt-BR","potentialAction":[{"@type":"ReadAction","target":["https:\/\/prefeitosegestoes.com.br\/portal\/motta-indica-que-a-decisao-sobre-o-pl-da-anistia-sera-dos-lideres-da-camara\/"]}]},{"@type":"ImageObject","inLanguage":"pt-BR","@id":"https:\/\/prefeitosegestoes.com.br\/portal\/motta-indica-que-a-decisao-sobre-o-pl-da-anistia-sera-dos-lideres-da-camara\/#primaryimage","url":"https:\/\/prefeitosegestoes.com.br\/portal\/wp-content\/uploads\/2025\/04\/pec-seguranca-publica_mcamgo_abr_08042025-4.webp","contentUrl":"https:\/\/prefeitosegestoes.com.br\/portal\/wp-content\/uploads\/2025\/04\/pec-seguranca-publica_mcamgo_abr_08042025-4.webp","width":1024,"height":768},{"@type":"BreadcrumbList","@id":"https:\/\/prefeitosegestoes.com.br\/portal\/motta-indica-que-a-decisao-sobre-o-pl-da-anistia-sera-dos-lideres-da-camara\/#breadcrumb","itemListElement":[{"@type":"ListItem","position":1,"name":"In\u00edcio","item":"https:\/\/prefeitosegestoes.com.br\/portal\/"},{"@type":"ListItem","position":2,"name":"Motta indica que a decis\u00e3o sobre o PL da Anistia ser\u00e1 dos L\u00edderes da C\u00e2mara."}]},{"@type":"WebSite","@id":"https:\/\/prefeitosegestoes.com.br\/portal\/#website","url":"https:\/\/prefeitosegestoes.com.br\/portal\/","name":"Prefeitos & Gest\u00f5es","description":"","publisher":{"@id":"https:\/\/prefeitosegestoes.com.br\/portal\/#organization"},"potentialAction":[{"@type":"SearchAction","target":{"@type":"EntryPoint","urlTemplate":"https:\/\/prefeitosegestoes.com.br\/portal\/?s={search_term_string}"},"query-input":{"@type":"PropertyValueSpecification","valueRequired":true,"valueName":"search_term_string"}}],"inLanguage":"pt-BR"},{"@type":"Organization","@id":"https:\/\/prefeitosegestoes.com.br\/portal\/#organization","name":"Prefeitos & Gest\u00f5es","url":"https:\/\/prefeitosegestoes.com.br\/portal\/","logo":{"@type":"ImageObject","inLanguage":"pt-BR","@id":"https:\/\/prefeitosegestoes.com.br\/portal\/#\/schema\/logo\/image\/","url":"https:\/\/prefeitosegestoes.com.br\/portal\/wp-content\/uploads\/2024\/10\/lg_trans_prefeitos_2024_preto2.png","contentUrl":"https:\/\/prefeitosegestoes.com.br\/portal\/wp-content\/uploads\/2024\/10\/lg_trans_prefeitos_2024_preto2.png","width":199,"height":122,"caption":"Prefeitos & Gest\u00f5es"},"image":{"@id":"https:\/\/prefeitosegestoes.com.br\/portal\/#\/schema\/logo\/image\/"},"sameAs":["https:\/\/www.facebook.com\/prefeitosonline","https:\/\/x.com\/PrefGestoes"]},{"@type":"Person","@id":"https:\/\/prefeitosegestoes.com.br\/portal\/#\/schema\/person\/d00059f2ec99963e7e1850d448ae94b8","name":"Prefeitos &amp; Gest\u00f5es","image":{"@type":"ImageObject","inLanguage":"pt-BR","@id":"https:\/\/secure.gravatar.com\/avatar\/738fb281e479212ed32c1a21a4307dda9f3af9292edb6918a16c9ce9fff5f48d?s=96&d=mm&r=g","url":"https:\/\/secure.gravatar.com\/avatar\/738fb281e479212ed32c1a21a4307dda9f3af9292edb6918a16c9ce9fff5f48d?s=96&d=mm&r=g","contentUrl":"https:\/\/secure.gravatar.com\/avatar\/738fb281e479212ed32c1a21a4307dda9f3af9292edb6918a16c9ce9fff5f48d?s=96&d=mm&r=g","caption":"Prefeitos &amp; Gest\u00f5es"},"url":"https:\/\/prefeitosegestoes.com.br\/portal\/author\/prefeitosegestoes\/"}]}},"_links":{"self":[{"href":"https:\/\/prefeitosegestoes.com.br\/portal\/wp-json\/wp\/v2\/posts\/3260","targetHints":{"allow":["GET"]}}],"collection":[{"href":"https:\/\/prefeitosegestoes.com.br\/portal\/wp-json\/wp\/v2\/posts"}],"about":[{"href":"https:\/\/prefeitosegestoes.com.br\/portal\/wp-json\/wp\/v2\/types\/post"}],"author":[{"embeddable":true,"href":"https:\/\/prefeitosegestoes.com.br\/portal\/wp-json\/wp\/v2\/users\/2"}],"replies":[{"embeddable":true,"href":"https:\/\/prefeitosegestoes.com.br\/portal\/wp-json\/wp\/v2\/comments?post=3260"}],"version-history":[{"count":1,"href":"https:\/\/prefeitosegestoes.com.br\/portal\/wp-json\/wp\/v2\/posts\/3260\/revisions"}],"predecessor-version":[{"id":3262,"href":"https:\/\/prefeitosegestoes.com.br\/portal\/wp-json\/wp\/v2\/posts\/3260\/revisions\/3262"}],"wp:featuredmedia":[{"embeddable":true,"href":"https:\/\/prefeitosegestoes.com.br\/portal\/wp-json\/wp\/v2\/media\/3261"}],"wp:attachment":[{"href":"https:\/\/prefeitosegestoes.com.br\/portal\/wp-json\/wp\/v2\/media?parent=3260"}],"wp:term":[{"taxonomy":"category","embeddable":true,"href":"https:\/\/prefeitosegestoes.com.br\/portal\/wp-json\/wp\/v2\/categories?post=3260"},{"taxonomy":"post_tag","embeddable":true,"href":"https:\/\/prefeitosegestoes.com.br\/portal\/wp-json\/wp\/v2\/tags?post=3260"}],"curies":[{"name":"wp","href":"https:\/\/api.w.org\/{rel}","templated":true}]}}