{"id":3248,"date":"2025-04-04T09:42:41","date_gmt":"2025-04-04T12:42:41","guid":{"rendered":"https:\/\/prefeitosegestoes.com.br\/portal\/?p=3248"},"modified":"2025-04-04T10:10:24","modified_gmt":"2025-04-04T13:10:24","slug":"como-as-tarifas-reciprocas-de-trump-foram-calculadas-entenda-a-formula-divulgada-pelos-eua","status":"publish","type":"post","link":"https:\/\/prefeitosegestoes.com.br\/portal\/como-as-tarifas-reciprocas-de-trump-foram-calculadas-entenda-a-formula-divulgada-pelos-eua\/","title":{"rendered":"Como as tarifas rec\u00edprocas de Trump foram calculadas? Entenda a f\u00f3rmula divulgada pelos EUA"},"content":{"rendered":"<div class=\"mc-article-header\">\n<div class=\"row content-head mc-column non-featured \">\n<div class=\"medium-centered subtitle\">\n<h6 class=\"content-head__subtitle\">Foto: Isac N\u00f3brega\/PR<\/h6>\n<h2 class=\"content-head__subtitle\">Trump afirmou que cobraria dos pa\u00edses que taxam produtos norte-americanos ao menos metade da al\u00edquota cobrada dos EUA. No entanto, f\u00f3rmula foi feita com base em d\u00e9ficit comercial.<\/h2>\n<\/div>\n<\/div>\n<div class=\"content__signa-share mc-column\">\n<div class=\"content__signature\">\n<div class=\"content-publication-data\">\n<div class=\"content-publication-data__text\">\n<p class=\"content-publication-data__from\" title=\"J\u00falia Nunes\">Por\u00a0<a class=\"multi_signatures\" href=\"https:\/\/g1.globo.com\/autores\/julia-nunes\/\">J\u00falia Nunes<\/a>, g1<\/p>\n<p class=\"content-publication-data__updated\"><time datetime=\"2025-04-03T13:01:25.384-03:00\">03\/04\/2025 13h01\u00a0<\/time><span class=\"content-publication-data__updated-relative\">\u00a0<time datetime=\"2025-04-03T17:34:48.220-03:00\">Atualizado\u00a0<time datetime=\"2025-04-03T17:34:48.220-03:00\">h\u00e1 15 horas<\/time><\/time><\/span><\/p>\n<\/div>\n<\/div>\n<\/div>\n<\/div>\n<\/div>\n<div class=\"mc-article-body\">\n<article>\n<div id=\"chunk-ckthc\">\n<div class=\"row medium-uncollapsed content-media content-photo\" data-block-type=\"backstage-photo\" data-block-id=\"2\">\n<div class=\" mc-column content-media__container\">\n<div class=\"content-media-container glb-skeleton-box\">\n<figure class=\"content-media-figure\"><img decoding=\"async\" class=\"i-amphtml-fill-content i-amphtml-replaced-content\" src=\"https:\/\/s2-g1.glbimg.com\/qJ5pt8uHif31tCsDA7uNg4l5KhI=\/0x0:5088x3392\/984x0\/smart\/filters:strip_icc()\/i.s3.glbimg.com\/v1\/AUTH_59edd422c0c84a879bd37670ae4f538a\/internal_photos\/bs\/2025\/O\/O\/OOyKTUSQ6vfgvBmBaumg\/2025-04-02t202736z-1442371486-rc2wpdae6ymq-rtrmadp-3-usa-trump-tariffs-1-.jpg\" sizes=\"(max-width: 1527px) 648px, 100vw\" srcset=\"https:\/\/s2-g1.glbimg.com\/wZLQPObY3NtCfrxP2fkE6ezg5KY=\/0x0:5088x3392\/1000x0\/smart\/filters:strip_icc()\/i.s3.glbimg.com\/v1\/AUTH_59edd422c0c84a879bd37670ae4f538a\/internal_photos\/bs\/2025\/O\/O\/OOyKTUSQ6vfgvBmBaumg\/2025-04-02t202736z-1442371486-rc2wpdae6ymq-rtrmadp-3-usa-trump-tariffs-1-.jpg 1000w, https:\/\/s2-g1.glbimg.com\/qJ5pt8uHif31tCsDA7uNg4l5KhI=\/0x0:5088x3392\/984x0\/smart\/filters:strip_icc()\/i.s3.glbimg.com\/v1\/AUTH_59edd422c0c84a879bd37670ae4f538a\/internal_photos\/bs\/2025\/O\/O\/OOyKTUSQ6vfgvBmBaumg\/2025-04-02t202736z-1442371486-rc2wpdae6ymq-rtrmadp-3-usa-trump-tariffs-1-.jpg 984w, https:\/\/s2-g1.glbimg.com\/txnEbaruGuiEjUZUqL-gpV-emN0=\/0x0:5088x3392\/640x0\/smart\/filters:strip_icc()\/i.s3.glbimg.com\/v1\/AUTH_59edd422c0c84a879bd37670ae4f538a\/internal_photos\/bs\/2025\/O\/O\/OOyKTUSQ6vfgvBmBaumg\/2025-04-02t202736z-1442371486-rc2wpdae6ymq-rtrmadp-3-usa-trump-tariffs-1-.jpg 640w, https:\/\/s2-g1.glbimg.com\/_UP03vkvpJyEYRVwx79nA9EgiSc=\/0x0:5088x3392\/600x0\/smart\/filters:strip_icc()\/i.s3.glbimg.com\/v1\/AUTH_59edd422c0c84a879bd37670ae4f538a\/internal_photos\/bs\/2025\/O\/O\/OOyKTUSQ6vfgvBmBaumg\/2025-04-02t202736z-1442371486-rc2wpdae6ymq-rtrmadp-3-usa-trump-tariffs-1-.jpg 600w\" alt=\"Trump anuncia tarifas rec\u00edprocas \u2014 Foto: REUTERS\/Carlos Barria\" \/><\/figure>\n<\/div>\n<p class=\"content-media__description \">Trump anuncia tarifas rec\u00edprocas \u2014 Foto: REUTERS\/Carlos Barria<\/p>\n<\/div>\n<\/div>\n<\/div>\n<div id=\"chunk-2j2g2\">\n<div class=\"mc-column content-text active-extra-styles \" data-block-type=\"unstyled\" data-block-weight=\"27\" data-block-id=\"3\">\n<p class=\" content-text__container \" data-track-category=\"Link no Texto\" data-track-links=\"\" data-mrf-recirculation=\"Mat\u00e9ria - Links no Texto\">O presidente dos Estados Unidos,\u00a0<a class=\"\" href=\"https:\/\/g1.globo.com\/tudo-sobre\/donald-trump\/\" data-mrf-link=\"https:\/\/g1.globo.com\/tudo-sobre\/donald-trump\/\">Donald Trump<\/a>, detalhou nesta quarta-feira (2) quais ser\u00e3o as chamadas\u00a0<a class=\"\" href=\"https:\/\/g1.globo.com\/economia\/noticia\/2025\/04\/02\/tarifas-reciprocas-veja-a-lista-de-taxas-cobradas-pelos-eua-por-pais.ghtml\" data-mrf-link=\"https:\/\/g1.globo.com\/economia\/noticia\/2025\/04\/02\/tarifas-reciprocas-veja-a-lista-de-taxas-cobradas-pelos-eua-por-pais.ghtml\">\u201ctarifas rec\u00edprocas\u201d que pretende aplicar a produtos importados a partir de abril<\/a>.<\/p>\n<\/div>\n<\/div>\n<div class=\"wall protected-content\">\n<div id=\"chunk-cmfc1\">\n<div class=\"mc-column content-text active-extra-styles \" data-block-type=\"unstyled\" data-block-weight=\"22\" data-block-id=\"5\">\n<p class=\" content-text__container \" data-track-category=\"Link no Texto\" data-track-links=\"\" data-mrf-recirculation=\"Mat\u00e9ria - Links no Texto\">Durante o an\u00fancio, ele afirmou que cobraria dos pa\u00edses que taxam produtos norte-americanos ao menos metade da al\u00edquota cobrada dos EUA.<\/p>\n<\/div>\n<\/div>\n<div id=\"chunk-28sf0\">\n<div class=\"mc-column content-text active-extra-styles \" data-block-type=\"unstyled\" data-block-weight=\"36\" data-block-id=\"6\">\n<p class=\" content-text__container \" data-track-category=\"Link no Texto\" data-track-links=\"\" data-mrf-recirculation=\"Mat\u00e9ria - Links no Texto\">No entanto, a f\u00f3rmula divulgada pelo escrit\u00f3rio do Representante Comercial dos EUA para calcular as tarifas\u00a0<strong><span class=\"highlight highlighted\">n\u00e3o parece ter utilizado a al\u00edquota cobrada pelos pa\u00edses e, sim, o d\u00e9ficit comercial dos EUA em rela\u00e7\u00e3o a eles<\/span><\/strong>.<\/p>\n<\/div>\n<\/div>\n<div id=\"chunk-cch3o\">\n<div class=\"mc-column content-text active-extra-styles\" data-block-type=\"raw\" data-block-weight=\"18\" data-block-id=\"7\">\n<ul class=\"content-unordered-list\">\n<li><em>\ud83d\udd0e\u00a0<\/em><strong><em>D\u00e9ficit comercial<\/em><\/strong><em>\u00a0\u00e9 quando um pa\u00eds importa mais produtos do que exporta, ficando com saldo financeiro negativo.<\/em><\/li>\n<\/ul>\n<\/div>\n<\/div>\n<div id=\"chunk-15mvb\">\n<div class=\"mc-column content-text active-extra-styles \" data-block-type=\"unstyled\" data-block-weight=\"42\" data-block-id=\"9\">\n<p class=\" content-text__container \" data-track-category=\"Link no Texto\" data-track-links=\"\" data-mrf-recirculation=\"Mat\u00e9ria - Links no Texto\">O c\u00e1lculo tamb\u00e9m n\u00e3o foi utilizado para todos os pa\u00edses alvo das tarifas de Trump. O governo americano estabeleceu uma taxa m\u00ednima de 10% (<a class=\"\" href=\"https:\/\/g1.globo.com\/economia\/noticia\/2025\/04\/02\/trump-tarifas-reciprocas.ghtml\" data-mrf-link=\"https:\/\/g1.globo.com\/economia\/noticia\/2025\/04\/02\/trump-tarifas-reciprocas.ghtml\">aplicada para o Brasil, inclusive<\/a>), mesmo para na\u00e7\u00f5es com as quais os EUA n\u00e3o t\u00eam d\u00e9ficit comercial.<\/p>\n<\/div>\n<\/div>\n<div id=\"chunk-4e8os\">\n<div class=\"mc-column content-text active-extra-styles \" data-block-type=\"unstyled\" data-block-weight=\"39\" data-block-id=\"10\">\n<p class=\" content-text__container \" data-track-category=\"Link no Texto\" data-track-links=\"\" data-mrf-recirculation=\"Mat\u00e9ria - Links no Texto\">Em rela\u00e7\u00e3o \u00e0 China, os EUA possuem um d\u00e9ficit comercial de US$ 295,4 bilh\u00f5es, j\u00e1 que importaram US$ 438,9 bilh\u00f5es e exportaram para o pa\u00eds asi\u00e1tico apenas US$ 143,5 bilh\u00f5es em 2024, segundo\u00a0<a class=\"\" href=\"https:\/\/www.census.gov\/foreign-trade\/balance\/\" target=\"_blank\" rel=\"noopener\" data-mrf-link=\"https:\/\/www.census.gov\/foreign-trade\/balance\/\">dados do US Census Bureau<\/a>.<\/p>\n<\/div>\n<\/div>\n<div id=\"chunk-7tgvl\">\n<div class=\"mc-column content-text active-extra-styles \" data-block-type=\"unstyled\" data-block-weight=\"34\" data-block-id=\"11\">\n<p class=\" content-text__container \" data-track-category=\"Link no Texto\" data-track-links=\"\" data-mrf-recirculation=\"Mat\u00e9ria - Links no Texto\">Assim, de acordo com o documento oficial do governo, as chamadas \u201ctarifas rec\u00edprocas\u201d foram calculadas de forma a zerar os d\u00e9ficits comerciais bilaterais entre os EUA e cada um de seus parceiros comerciais.<\/p>\n<\/div>\n<\/div>\n<div id=\"chunk-72m08\">\n<div class=\"mc-column content-text active-extra-styles \" data-block-type=\"unstyled\" data-block-weight=\"4\" data-block-id=\"12\">\n<p class=\" content-text__container \" data-track-category=\"Link no Texto\" data-track-links=\"\" data-mrf-recirculation=\"Mat\u00e9ria - Links no Texto\"><strong><span class=\"highlight highlighted\">Entenda o c\u00e1lculo abaixo:<\/span><\/strong><img decoding=\"async\" class=\"i-amphtml-fill-content i-amphtml-replaced-content\" src=\"https:\/\/s2-g1.glbimg.com\/jN_5zK-8IU8rLFOo4glSQhQDjvc=\/0x0:927x277\/984x0\/smart\/filters:strip_icc()\/i.s3.glbimg.com\/v1\/AUTH_59edd422c0c84a879bd37670ae4f538a\/internal_photos\/bs\/2025\/k\/H\/5STArRQjiDzD0NJF7AGQ\/formula.png\" sizes=\"(max-width: 1527px) 648px, 100vw\" srcset=\"https:\/\/s2-g1.glbimg.com\/ktz1akLqRx4qyPUxDs00xAIKOb4=\/0x0:927x277\/1000x0\/smart\/filters:strip_icc()\/i.s3.glbimg.com\/v1\/AUTH_59edd422c0c84a879bd37670ae4f538a\/internal_photos\/bs\/2025\/k\/H\/5STArRQjiDzD0NJF7AGQ\/formula.png 1000w, https:\/\/s2-g1.glbimg.com\/jN_5zK-8IU8rLFOo4glSQhQDjvc=\/0x0:927x277\/984x0\/smart\/filters:strip_icc()\/i.s3.glbimg.com\/v1\/AUTH_59edd422c0c84a879bd37670ae4f538a\/internal_photos\/bs\/2025\/k\/H\/5STArRQjiDzD0NJF7AGQ\/formula.png 984w, https:\/\/s2-g1.glbimg.com\/8GDLcLkcOCW9UpwnX9jAgIHMLN4=\/0x0:927x277\/640x0\/smart\/filters:strip_icc()\/i.s3.glbimg.com\/v1\/AUTH_59edd422c0c84a879bd37670ae4f538a\/internal_photos\/bs\/2025\/k\/H\/5STArRQjiDzD0NJF7AGQ\/formula.png 640w, https:\/\/s2-g1.glbimg.com\/PepJ78kSE-KkKiMKblZ1O87IHRI=\/0x0:927x277\/600x0\/smart\/filters:strip_icc()\/i.s3.glbimg.com\/v1\/AUTH_59edd422c0c84a879bd37670ae4f538a\/internal_photos\/bs\/2025\/k\/H\/5STArRQjiDzD0NJF7AGQ\/formula.png 600w\" alt=\"F\u00f3rmula utilizada pelos EUA para calcular as chamadas 'tarifas rec\u00edprocas' \u2014 Foto: US Trade Representative\/Reprodu\u00e7\u00e3o\" \/><\/p>\n<\/div>\n<\/div>\n<div id=\"chunk-bgm2n\">\n<div class=\"row medium-uncollapsed content-media content-photo\" data-block-type=\"backstage-photo\" data-block-id=\"13\">\n<div class=\" mc-column content-media__container\">\n<p class=\"content-media__description \">F\u00f3rmula utilizada pelos EUA para calcular as chamadas &#8216;tarifas rec\u00edprocas&#8217; \u2014 Foto: US Trade Representative\/Reprodu\u00e7\u00e3o.<\/p>\n<\/div>\n<\/div>\n<\/div>\n<div id=\"chunk-4l1r4\">\n<div class=\"mc-column content-text active-extra-styles\" data-block-type=\"raw\" data-block-weight=\"101\" data-block-id=\"15\">\n<ol class=\"content-ordered-list theme-ordered-list-color-primary\">\n<li>A f\u00f3rmula pega o\u00a0<strong>total de exporta\u00e7\u00f5es dos EUA (xi)<\/strong>\u00a0e subtrai o<strong>\u00a0total de importa\u00e7\u00f5es (mi)<\/strong>, chegando ao d\u00e9ficit comercial. No caso da China: 143,5 &#8211; 438,9 = -295,4.<\/li>\n<li>Em seguida, o n\u00famero \u00e9 dividido pelo\u00a0<strong>n\u00famero de importa\u00e7\u00f5es (mi)<\/strong>\u00a0novamente, chegando a um resultado de 0,67 no caso da China, ou 67%, o que Trump alega ser \u201ca tarifa cobrada dos EUA, incluindo manipula\u00e7\u00e3o cambial e barreiras comerciais\u201d.<\/li>\n<li><span class=\"highlight highlighted\">Para definir a \u201ctarifa rec\u00edproca\u201d que ser\u00e1 cobrada pelos EUA,\u00a0<\/span><strong><span class=\"highlight highlighted\">esse valor foi dividido pela metade<\/span><\/strong><strong>\u00a0<\/strong>(34%, para a China), um \u201cdesconto\u201d aplicado porque os americanos s\u00e3o \u201cmuito gentis\u201d, segundo Trump.<\/li>\n<\/ol>\n<\/div>\n<\/div>\n<div id=\"chunk-51la8\">\n<div class=\"mc-column content-text active-extra-styles \" data-block-type=\"unstyled\" data-block-weight=\"63\" data-block-id=\"16\">\n<p class=\" content-text__container \" data-track-category=\"Link no Texto\" data-track-links=\"\" data-mrf-recirculation=\"Mat\u00e9ria - Links no Texto\"><em>\u26a0\ufe0f No denominador da conta, o \u201cmi\u201d \u00e9 multiplicado por duas vari\u00e1veis: a\u00a0<\/em><strong><em>elasticidade de pre\u00e7o da demanda de importa\u00e7\u00e3o (\u03b5)<\/em><\/strong><em>\u00a0e o\u00a0<\/em><strong><em>repasse das tarifas para os pre\u00e7os de importa\u00e7\u00e3o (\u03c6)<\/em><\/strong><em>. No entanto, o governo definiu valores fixos para o c\u00e1lculo das tarifas desta vez: 4 e 0,25, respectivamente, de modo que,\u00a0<\/em><span class=\"highlight highlighted\"><em>multiplicados, equivalem a 1 e n\u00e3o interferem no resultado<\/em><\/span><em>.<\/em><\/p>\n<\/div>\n<\/div>\n<div id=\"chunk-7k80f\">\n<div class=\"show-flourish-embed-block\">\n<div data-src=\"visualisation\/22448650\" data-width=\"100%\">\n<div id=\"header-row\" class=\"tr\">\n<div class=\"td sorting sorted ascending\">\n<div class=\"cell-body\">\n<p>Pa\u00eds<\/p>\n<\/div>\n<\/div>\n<div class=\"td sorting\">\n<div class=\"cell-body\">\n<p>Tarifas cobradas dos EUA<\/p>\n<\/div>\n<\/div>\n<div class=\"td sorting\">\n<div class=\"cell-body\">\n<p>Tarifas que os EUA v\u00e3o cobrar<\/p>\n<\/div>\n<\/div>\n<\/div>\n<div class=\"tr body-row\">\n<div class=\"td\">\n<div class=\"cell-body\">\n<p>Afeganist\u00e3o<\/p>\n<\/div>\n<\/div>\n<div class=\"td\">\n<div class=\"cell-body\">49%<\/div>\n<\/div>\n<div class=\"td\">\n<div class=\"cell-body\">10%<\/div>\n<\/div>\n<\/div>\n<div class=\"tr body-row\">\n<div class=\"td\">\n<div class=\"cell-body\">\n<p>Alb\u00e2nia<\/p>\n<\/div>\n<\/div>\n<div class=\"td\">\n<div class=\"cell-body\">10%<\/div>\n<\/div>\n<div class=\"td\">\n<div class=\"cell-body\">10%<\/div>\n<\/div>\n<\/div>\n<div class=\"tr body-row\">\n<div class=\"td\">\n<div class=\"cell-body\">\n<p>Andorra<\/p>\n<\/div>\n<\/div>\n<div class=\"td\">\n<div class=\"cell-body\">10%<\/div>\n<\/div>\n<div class=\"td\">\n<div class=\"cell-body\">10%<\/div>\n<\/div>\n<\/div>\n<div class=\"tr body-row\">\n<div class=\"td\">\n<div class=\"cell-body\">\n<p>Angola<\/p>\n<\/div>\n<\/div>\n<div class=\"td\">\n<div class=\"cell-body\">63%<\/div>\n<\/div>\n<div class=\"td\">\n<div class=\"cell-body\">32%<\/div>\n<\/div>\n<\/div>\n<div class=\"tr body-row\">\n<div class=\"td\">\n<div class=\"cell-body\">\n<p>Anguilla<\/p>\n<\/div>\n<\/div>\n<div class=\"td\">\n<div class=\"cell-body\">10%<\/div>\n<\/div>\n<div class=\"td\">\n<div class=\"cell-body\">10%<\/div>\n<\/div>\n<\/div>\n<div class=\"tr body-row\">\n<div class=\"td\">\n<div class=\"cell-body\">\n<p>Ant\u00edgua e Barbuda<\/p>\n<\/div>\n<\/div>\n<div class=\"td\">\n<div class=\"cell-body\">10%<\/div>\n<\/div>\n<div class=\"td\">\n<div class=\"cell-body\">10%<\/div>\n<\/div>\n<\/div>\n<div class=\"tr body-row\">\n<div class=\"td\">\n<div class=\"cell-body\">\n<p>Argentina<\/p>\n<\/div>\n<\/div>\n<div class=\"td\">\n<div class=\"cell-body\">10%<\/div>\n<\/div>\n<div class=\"td\">\n<div class=\"cell-body\">10%<\/div>\n<\/div>\n<\/div>\n<div class=\"tr body-row\">\n<div class=\"td\">\n<div class=\"cell-body\">\n<p>Arg\u00e9lia<\/p>\n<\/div>\n<\/div>\n<div class=\"td\">\n<div class=\"cell-body\">59%<\/div>\n<\/div>\n<div class=\"td\">\n<div class=\"cell-body\">30%<\/div>\n<\/div>\n<\/div>\n<div class=\"tr body-row\">\n<div class=\"td\">\n<div class=\"cell-body\">\n<p>Arm\u00eania<\/p>\n<\/div>\n<\/div>\n<div class=\"td\">\n<div class=\"cell-body\">10%<\/div>\n<\/div>\n<div class=\"td\">\n<div class=\"cell-body\">10%<\/div>\n<\/div>\n<\/div>\n<div class=\"tr body-row\">\n<div class=\"td\">\n<div class=\"cell-body\">\n<p>Aruba<\/p>\n<\/div>\n<\/div>\n<div class=\"td\">\n<div class=\"cell-body\">10%<\/div>\n<\/div>\n<div class=\"td\">\n<div class=\"cell-body\">10%<\/div>\n<\/div>\n<\/div>\n<div class=\"tr body-row\">\n<div class=\"td\">\n<div class=\"cell-body\">\n<p>Ar\u00e1bia Saudita<\/p>\n<\/div>\n<\/div>\n<div class=\"td\">\n<div class=\"cell-body\">10%<\/div>\n<\/div>\n<div class=\"td\">\n<div class=\"cell-body\">10%<\/div>\n<\/div>\n<\/div>\n<div class=\"tr body-row\">\n<div class=\"td\">\n<div class=\"cell-body\">\n<p>Austr\u00e1lia<\/p>\n<\/div>\n<\/div>\n<div class=\"td\">\n<div class=\"cell-body\">10%<\/div>\n<\/div>\n<div class=\"td\">\n<div class=\"cell-body\">10%<\/div>\n<\/div>\n<\/div>\n<div class=\"tr body-row\">\n<div class=\"td\">\n<div class=\"cell-body\">\n<p>Azerbaij\u00e3o<\/p>\n<\/div>\n<\/div>\n<div class=\"td\">\n<div class=\"cell-body\">10%<\/div>\n<\/div>\n<div class=\"td\">\n<div class=\"cell-body\">10%<\/div>\n<\/div>\n<\/div>\n<div class=\"tr body-row\">\n<div class=\"td\">\n<div class=\"cell-body\">\n<p>Bahamas<\/p>\n<\/div>\n<\/div>\n<div class=\"td\">\n<div class=\"cell-body\">10%<\/div>\n<\/div>\n<div class=\"td\">\n<div class=\"cell-body\">10%<\/div>\n<\/div>\n<\/div>\n<div class=\"tr body-row\">\n<div class=\"td\">\n<div class=\"cell-body\">\n<p>Bahrein<\/p>\n<\/div>\n<\/div>\n<div class=\"td\">\n<div class=\"cell-body\">10%<\/div>\n<\/div>\n<div class=\"td\">\n<div class=\"cell-body\">10%<\/div>\n<\/div>\n<\/div>\n<div class=\"tr body-row\">\n<div class=\"td\">\n<div class=\"cell-body\">\n<p>Bangladesh<\/p>\n<\/div>\n<\/div>\n<div class=\"td\">\n<div class=\"cell-body\">74%<\/div>\n<\/div>\n<div class=\"td\">\n<div class=\"cell-body\">37%<\/div>\n<\/div>\n<\/div>\n<div class=\"tr body-row\">\n<div class=\"td\">\n<div class=\"cell-body\">\n<p>Barbados<\/p>\n<\/div>\n<\/div>\n<div class=\"td\">\n<div class=\"cell-body\">10%<\/div>\n<\/div>\n<div class=\"td\">\n<div class=\"cell-body\">10%<\/div>\n<\/div>\n<\/div>\n<div class=\"tr body-row\">\n<div class=\"td\">\n<div class=\"cell-body\">\n<p>Belize<\/p>\n<\/div>\n<\/div>\n<div class=\"td\">\n<div class=\"cell-body\">10%<\/div>\n<\/div>\n<div class=\"td\">\n<div class=\"cell-body\">10%<\/div>\n<\/div>\n<\/div>\n<div class=\"tr body-row\">\n<div class=\"td\">\n<div class=\"cell-body\">\n<p>Benim<\/p>\n<\/div>\n<\/div>\n<div class=\"td\">\n<div class=\"cell-body\">10%<\/div>\n<\/div>\n<div class=\"td\">\n<div class=\"cell-body\">10%<\/div>\n<\/div>\n<\/div>\n<div class=\"tr body-row\">\n<div class=\"td\">\n<div class=\"cell-body\">\n<p>Bermudas<\/p>\n<\/div>\n<\/div>\n<div class=\"td\">\n<div class=\"cell-body\">10%<\/div>\n<\/div>\n<div class=\"td\">\n<div class=\"cell-body\">10%<\/div>\n<\/div>\n<\/div>\n<div>Para se informar dos outros pa\u00edses, acesse:<\/div>\n<div>https:\/\/g1.globo.com\/economia\/noticia\/2025\/04\/03\/como-as-tarifas-reciprocas-de-trump-foram-calculadas-entenda-a-formula-divulgada-pelos-eua.ghtml<\/div>\n<\/div>\n<div>Fonte : G1<\/div>\n<\/div>\n<\/div>\n<\/div>\n<\/article>\n<\/div>\n","protected":false},"excerpt":{"rendered":"<p>Foto: Isac N\u00f3brega\/PR Trump afirmou que cobraria dos pa\u00edses que taxam produtos norte-americanos ao menos metade da al\u00edquota cobrada dos EUA. No entanto, f\u00f3rmula foi feita com base em d\u00e9ficit comercial. Por\u00a0J\u00falia Nunes, g1 03\/04\/2025 13h01\u00a0\u00a0Atualizado\u00a0h\u00e1 15 horas Trump anuncia tarifas rec\u00edprocas \u2014 Foto: REUTERS\/Carlos Barria O presidente dos Estados Unidos,\u00a0Donald Trump, detalhou nesta quarta-feira [&hellip;]<\/p>\n","protected":false},"author":2,"featured_media":3251,"comment_status":"open","ping_status":"open","sticky":false,"template":"","format":"standard","meta":{"rop_custom_images_group":[],"rop_custom_messages_group":[],"rop_publish_now":"initial","rop_publish_now_accounts":{"twitter_850042665852968960_850042665852968960":""},"rop_publish_now_history":[],"rop_publish_now_status":"pending","footnotes":""},"categories":[15],"tags":[556,293,207,555,553,421],"class_list":["post-3248","post","type-post","status-publish","format-standard","has-post-thumbnail","hentry","category-destaques","tag-aliquota","tag-deficit","tag-eua","tag-reciprocas","tag-tarifaco","tag-trump"],"yoast_head":"<!-- This site is optimized with the Yoast SEO plugin v27.2 - https:\/\/yoast.com\/product\/yoast-seo-wordpress\/ -->\n<title>Como as tarifas rec\u00edprocas de Trump foram calculadas? Entenda a f\u00f3rmula divulgada pelos EUA - Prefeitos &amp; Gest\u00f5es<\/title>\n<meta name=\"description\" content=\"O presidente dos Estados Unidos,\u00a0Donald Trump, detalhou nesta quarta-feira (2) quais ser\u00e3o as chamadas\u00a0\u201ctarifas rec\u00edprocas\u201d que pretende aplicar a produtos importados a partir de abril. Durante o an\u00fancio, ele afirmou que cobraria dos pa\u00edses que taxam produtos norte-americanos ao menos metade da al\u00edquota cobrada dos EUA. No entanto, a f\u00f3rmula divulgada pelo escrit\u00f3rio do Representante Comercial dos EUA para calcular as tarifas\u00a0n\u00e3o parece ter utilizado.O presidente dos Estados Unidos,\u00a0Donald Trump, detalhou nesta quarta-feira (2) quais ser\u00e3o as chamadas\u00a0\u201ctarifas rec\u00edprocas\u201d que pretende aplicar a produtos importados a partir de abril.Durante o an\u00fancio, ele afirmou que cobraria dos pa\u00edses que taxam produtos norte-americanos ao menos metade da al\u00edquota cobrada dos EUA.No entanto, a f\u00f3rmula divulgada pelo escrit\u00f3rio do Representante Comercial dos EUA para calcular as tarifas\u00a0n\u00e3o parece ter utilizado a al\u00edquota cobrada pelos pa\u00edses e, sim, o d\u00e9ficit comercial dos EUA em rela\u00e7\u00e3o a eles.\" \/>\n<meta name=\"robots\" content=\"index, follow, max-snippet:-1, max-image-preview:large, max-video-preview:-1\" \/>\n<link rel=\"canonical\" href=\"https:\/\/prefeitosegestoes.com.br\/portal\/como-as-tarifas-reciprocas-de-trump-foram-calculadas-entenda-a-formula-divulgada-pelos-eua\/\" \/>\n<meta property=\"og:locale\" content=\"pt_BR\" \/>\n<meta property=\"og:type\" content=\"article\" \/>\n<meta property=\"og:title\" content=\"Como as tarifas rec\u00edprocas de Trump foram calculadas? Entenda a f\u00f3rmula divulgada pelos EUA - Prefeitos &amp; Gest\u00f5es\" \/>\n<meta property=\"og:description\" content=\"O presidente dos Estados Unidos,\u00a0Donald Trump, detalhou nesta quarta-feira (2) quais ser\u00e3o as chamadas\u00a0\u201ctarifas rec\u00edprocas\u201d que pretende aplicar a produtos importados a partir de abril. Durante o an\u00fancio, ele afirmou que cobraria dos pa\u00edses que taxam produtos norte-americanos ao menos metade da al\u00edquota cobrada dos EUA. No entanto, a f\u00f3rmula divulgada pelo escrit\u00f3rio do Representante Comercial dos EUA para calcular as tarifas\u00a0n\u00e3o parece ter utilizado.O presidente dos Estados Unidos,\u00a0Donald Trump, detalhou nesta quarta-feira (2) quais ser\u00e3o as chamadas\u00a0\u201ctarifas rec\u00edprocas\u201d que pretende aplicar a produtos importados a partir de abril.Durante o an\u00fancio, ele afirmou que cobraria dos pa\u00edses que taxam produtos norte-americanos ao menos metade da al\u00edquota cobrada dos EUA.No entanto, a f\u00f3rmula divulgada pelo escrit\u00f3rio do Representante Comercial dos EUA para calcular as tarifas\u00a0n\u00e3o parece ter utilizado a al\u00edquota cobrada pelos pa\u00edses e, sim, o d\u00e9ficit comercial dos EUA em rela\u00e7\u00e3o a eles.\" \/>\n<meta property=\"og:url\" content=\"https:\/\/prefeitosegestoes.com.br\/portal\/como-as-tarifas-reciprocas-de-trump-foram-calculadas-entenda-a-formula-divulgada-pelos-eua\/\" \/>\n<meta property=\"og:site_name\" content=\"Prefeitos &amp; Gest\u00f5es\" \/>\n<meta property=\"article:publisher\" content=\"https:\/\/www.facebook.com\/prefeitosonline\" \/>\n<meta property=\"article:published_time\" content=\"2025-04-04T12:42:41+00:00\" \/>\n<meta property=\"article:modified_time\" content=\"2025-04-04T13:10:24+00:00\" \/>\n<meta property=\"og:image\" content=\"https:\/\/prefeitosegestoes.com.br\/portal\/wp-content\/uploads\/2025\/04\/46505942955_6cc747ea68_o.webp\" \/>\n\t<meta property=\"og:image:width\" content=\"1024\" \/>\n\t<meta property=\"og:image:height\" content=\"768\" \/>\n\t<meta property=\"og:image:type\" content=\"image\/webp\" \/>\n<meta name=\"author\" content=\"Prefeitos &amp; Gest\u00f5es\" \/>\n<meta name=\"twitter:card\" content=\"summary_large_image\" \/>\n<meta name=\"twitter:creator\" content=\"@PrefGestoes\" \/>\n<meta name=\"twitter:site\" content=\"@PrefGestoes\" \/>\n<meta name=\"twitter:label1\" content=\"Escrito por\" \/>\n\t<meta name=\"twitter:data1\" content=\"Prefeitos &amp; Gest\u00f5es\" \/>\n\t<meta name=\"twitter:label2\" content=\"Est. tempo de leitura\" \/>\n\t<meta name=\"twitter:data2\" content=\"4 minutos\" \/>\n<script type=\"application\/ld+json\" class=\"yoast-schema-graph\">{\"@context\":\"https:\/\/schema.org\",\"@graph\":[{\"@type\":\"Article\",\"@id\":\"https:\/\/prefeitosegestoes.com.br\/portal\/como-as-tarifas-reciprocas-de-trump-foram-calculadas-entenda-a-formula-divulgada-pelos-eua\/#article\",\"isPartOf\":{\"@id\":\"https:\/\/prefeitosegestoes.com.br\/portal\/como-as-tarifas-reciprocas-de-trump-foram-calculadas-entenda-a-formula-divulgada-pelos-eua\/\"},\"author\":{\"name\":\"Prefeitos &amp; Gest\u00f5es\",\"@id\":\"https:\/\/prefeitosegestoes.com.br\/portal\/#\/schema\/person\/d00059f2ec99963e7e1850d448ae94b8\"},\"headline\":\"Como as tarifas rec\u00edprocas de Trump foram calculadas? Entenda a f\u00f3rmula divulgada pelos EUA\",\"datePublished\":\"2025-04-04T12:42:41+00:00\",\"dateModified\":\"2025-04-04T13:10:24+00:00\",\"mainEntityOfPage\":{\"@id\":\"https:\/\/prefeitosegestoes.com.br\/portal\/como-as-tarifas-reciprocas-de-trump-foram-calculadas-entenda-a-formula-divulgada-pelos-eua\/\"},\"wordCount\":559,\"commentCount\":0,\"publisher\":{\"@id\":\"https:\/\/prefeitosegestoes.com.br\/portal\/#organization\"},\"image\":{\"@id\":\"https:\/\/prefeitosegestoes.com.br\/portal\/como-as-tarifas-reciprocas-de-trump-foram-calculadas-entenda-a-formula-divulgada-pelos-eua\/#primaryimage\"},\"thumbnailUrl\":\"https:\/\/prefeitosegestoes.com.br\/portal\/wp-content\/uploads\/2025\/04\/46505942955_6cc747ea68_o.webp\",\"keywords\":[\"Al\u00edquota\",\"D\u00e9ficit\",\"EUA\",\"Rec\u00edprocas\",\"Tarifa\u00e7o\",\"Trump\"],\"articleSection\":[\"Destaques\"],\"inLanguage\":\"pt-BR\",\"potentialAction\":[{\"@type\":\"CommentAction\",\"name\":\"Comment\",\"target\":[\"https:\/\/prefeitosegestoes.com.br\/portal\/como-as-tarifas-reciprocas-de-trump-foram-calculadas-entenda-a-formula-divulgada-pelos-eua\/#respond\"]}]},{\"@type\":\"WebPage\",\"@id\":\"https:\/\/prefeitosegestoes.com.br\/portal\/como-as-tarifas-reciprocas-de-trump-foram-calculadas-entenda-a-formula-divulgada-pelos-eua\/\",\"url\":\"https:\/\/prefeitosegestoes.com.br\/portal\/como-as-tarifas-reciprocas-de-trump-foram-calculadas-entenda-a-formula-divulgada-pelos-eua\/\",\"name\":\"Como as tarifas rec\u00edprocas de Trump foram calculadas? Entenda a f\u00f3rmula divulgada pelos EUA - Prefeitos &amp; Gest\u00f5es\",\"isPartOf\":{\"@id\":\"https:\/\/prefeitosegestoes.com.br\/portal\/#website\"},\"primaryImageOfPage\":{\"@id\":\"https:\/\/prefeitosegestoes.com.br\/portal\/como-as-tarifas-reciprocas-de-trump-foram-calculadas-entenda-a-formula-divulgada-pelos-eua\/#primaryimage\"},\"image\":{\"@id\":\"https:\/\/prefeitosegestoes.com.br\/portal\/como-as-tarifas-reciprocas-de-trump-foram-calculadas-entenda-a-formula-divulgada-pelos-eua\/#primaryimage\"},\"thumbnailUrl\":\"https:\/\/prefeitosegestoes.com.br\/portal\/wp-content\/uploads\/2025\/04\/46505942955_6cc747ea68_o.webp\",\"datePublished\":\"2025-04-04T12:42:41+00:00\",\"dateModified\":\"2025-04-04T13:10:24+00:00\",\"description\":\"O presidente dos Estados Unidos,\u00a0Donald Trump, detalhou nesta quarta-feira (2) quais ser\u00e3o as chamadas\u00a0\u201ctarifas rec\u00edprocas\u201d que pretende aplicar a produtos importados a partir de abril. Durante o an\u00fancio, ele afirmou que cobraria dos pa\u00edses que taxam produtos norte-americanos ao menos metade da al\u00edquota cobrada dos EUA. No entanto, a f\u00f3rmula divulgada pelo escrit\u00f3rio do Representante Comercial dos EUA para calcular as tarifas\u00a0n\u00e3o parece ter utilizado.O presidente dos Estados Unidos,\u00a0Donald Trump, detalhou nesta quarta-feira (2) quais ser\u00e3o as chamadas\u00a0\u201ctarifas rec\u00edprocas\u201d que pretende aplicar a produtos importados a partir de abril.Durante o an\u00fancio, ele afirmou que cobraria dos pa\u00edses que taxam produtos norte-americanos ao menos metade da al\u00edquota cobrada dos EUA.No entanto, a f\u00f3rmula divulgada pelo escrit\u00f3rio do Representante Comercial dos EUA para calcular as tarifas\u00a0n\u00e3o parece ter utilizado a al\u00edquota cobrada pelos pa\u00edses e, sim, o d\u00e9ficit comercial dos EUA em rela\u00e7\u00e3o a eles.\",\"breadcrumb\":{\"@id\":\"https:\/\/prefeitosegestoes.com.br\/portal\/como-as-tarifas-reciprocas-de-trump-foram-calculadas-entenda-a-formula-divulgada-pelos-eua\/#breadcrumb\"},\"inLanguage\":\"pt-BR\",\"potentialAction\":[{\"@type\":\"ReadAction\",\"target\":[\"https:\/\/prefeitosegestoes.com.br\/portal\/como-as-tarifas-reciprocas-de-trump-foram-calculadas-entenda-a-formula-divulgada-pelos-eua\/\"]}]},{\"@type\":\"ImageObject\",\"inLanguage\":\"pt-BR\",\"@id\":\"https:\/\/prefeitosegestoes.com.br\/portal\/como-as-tarifas-reciprocas-de-trump-foram-calculadas-entenda-a-formula-divulgada-pelos-eua\/#primaryimage\",\"url\":\"https:\/\/prefeitosegestoes.com.br\/portal\/wp-content\/uploads\/2025\/04\/46505942955_6cc747ea68_o.webp\",\"contentUrl\":\"https:\/\/prefeitosegestoes.com.br\/portal\/wp-content\/uploads\/2025\/04\/46505942955_6cc747ea68_o.webp\",\"width\":1024,\"height\":768},{\"@type\":\"BreadcrumbList\",\"@id\":\"https:\/\/prefeitosegestoes.com.br\/portal\/como-as-tarifas-reciprocas-de-trump-foram-calculadas-entenda-a-formula-divulgada-pelos-eua\/#breadcrumb\",\"itemListElement\":[{\"@type\":\"ListItem\",\"position\":1,\"name\":\"In\u00edcio\",\"item\":\"https:\/\/prefeitosegestoes.com.br\/portal\/\"},{\"@type\":\"ListItem\",\"position\":2,\"name\":\"Como as tarifas rec\u00edprocas de Trump foram calculadas? Entenda a f\u00f3rmula divulgada pelos EUA\"}]},{\"@type\":\"WebSite\",\"@id\":\"https:\/\/prefeitosegestoes.com.br\/portal\/#website\",\"url\":\"https:\/\/prefeitosegestoes.com.br\/portal\/\",\"name\":\"Prefeitos & Gest\u00f5es\",\"description\":\"\",\"publisher\":{\"@id\":\"https:\/\/prefeitosegestoes.com.br\/portal\/#organization\"},\"potentialAction\":[{\"@type\":\"SearchAction\",\"target\":{\"@type\":\"EntryPoint\",\"urlTemplate\":\"https:\/\/prefeitosegestoes.com.br\/portal\/?s={search_term_string}\"},\"query-input\":{\"@type\":\"PropertyValueSpecification\",\"valueRequired\":true,\"valueName\":\"search_term_string\"}}],\"inLanguage\":\"pt-BR\"},{\"@type\":\"Organization\",\"@id\":\"https:\/\/prefeitosegestoes.com.br\/portal\/#organization\",\"name\":\"Prefeitos & Gest\u00f5es\",\"url\":\"https:\/\/prefeitosegestoes.com.br\/portal\/\",\"logo\":{\"@type\":\"ImageObject\",\"inLanguage\":\"pt-BR\",\"@id\":\"https:\/\/prefeitosegestoes.com.br\/portal\/#\/schema\/logo\/image\/\",\"url\":\"https:\/\/prefeitosegestoes.com.br\/portal\/wp-content\/uploads\/2024\/10\/lg_trans_prefeitos_2024_preto2.png\",\"contentUrl\":\"https:\/\/prefeitosegestoes.com.br\/portal\/wp-content\/uploads\/2024\/10\/lg_trans_prefeitos_2024_preto2.png\",\"width\":199,\"height\":122,\"caption\":\"Prefeitos & Gest\u00f5es\"},\"image\":{\"@id\":\"https:\/\/prefeitosegestoes.com.br\/portal\/#\/schema\/logo\/image\/\"},\"sameAs\":[\"https:\/\/www.facebook.com\/prefeitosonline\",\"https:\/\/x.com\/PrefGestoes\"]},{\"@type\":\"Person\",\"@id\":\"https:\/\/prefeitosegestoes.com.br\/portal\/#\/schema\/person\/d00059f2ec99963e7e1850d448ae94b8\",\"name\":\"Prefeitos &amp; Gest\u00f5es\",\"image\":{\"@type\":\"ImageObject\",\"inLanguage\":\"pt-BR\",\"@id\":\"https:\/\/secure.gravatar.com\/avatar\/738fb281e479212ed32c1a21a4307dda9f3af9292edb6918a16c9ce9fff5f48d?s=96&d=mm&r=g\",\"url\":\"https:\/\/secure.gravatar.com\/avatar\/738fb281e479212ed32c1a21a4307dda9f3af9292edb6918a16c9ce9fff5f48d?s=96&d=mm&r=g\",\"contentUrl\":\"https:\/\/secure.gravatar.com\/avatar\/738fb281e479212ed32c1a21a4307dda9f3af9292edb6918a16c9ce9fff5f48d?s=96&d=mm&r=g\",\"caption\":\"Prefeitos &amp; Gest\u00f5es\"},\"url\":\"https:\/\/prefeitosegestoes.com.br\/portal\/author\/prefeitosegestoes\/\"}]}<\/script>\n<!-- \/ Yoast SEO plugin. -->","yoast_head_json":{"title":"Como as tarifas rec\u00edprocas de Trump foram calculadas? Entenda a f\u00f3rmula divulgada pelos EUA - Prefeitos &amp; Gest\u00f5es","description":"O presidente dos Estados Unidos,\u00a0Donald Trump, detalhou nesta quarta-feira (2) quais ser\u00e3o as chamadas\u00a0\u201ctarifas rec\u00edprocas\u201d que pretende aplicar a produtos importados a partir de abril. Durante o an\u00fancio, ele afirmou que cobraria dos pa\u00edses que taxam produtos norte-americanos ao menos metade da al\u00edquota cobrada dos EUA. No entanto, a f\u00f3rmula divulgada pelo escrit\u00f3rio do Representante Comercial dos EUA para calcular as tarifas\u00a0n\u00e3o parece ter utilizado.O presidente dos Estados Unidos,\u00a0Donald Trump, detalhou nesta quarta-feira (2) quais ser\u00e3o as chamadas\u00a0\u201ctarifas rec\u00edprocas\u201d que pretende aplicar a produtos importados a partir de abril.Durante o an\u00fancio, ele afirmou que cobraria dos pa\u00edses que taxam produtos norte-americanos ao menos metade da al\u00edquota cobrada dos EUA.No entanto, a f\u00f3rmula divulgada pelo escrit\u00f3rio do Representante Comercial dos EUA para calcular as tarifas\u00a0n\u00e3o parece ter utilizado a al\u00edquota cobrada pelos pa\u00edses e, sim, o d\u00e9ficit comercial dos EUA em rela\u00e7\u00e3o a eles.","robots":{"index":"index","follow":"follow","max-snippet":"max-snippet:-1","max-image-preview":"max-image-preview:large","max-video-preview":"max-video-preview:-1"},"canonical":"https:\/\/prefeitosegestoes.com.br\/portal\/como-as-tarifas-reciprocas-de-trump-foram-calculadas-entenda-a-formula-divulgada-pelos-eua\/","og_locale":"pt_BR","og_type":"article","og_title":"Como as tarifas rec\u00edprocas de Trump foram calculadas? Entenda a f\u00f3rmula divulgada pelos EUA - Prefeitos &amp; Gest\u00f5es","og_description":"O presidente dos Estados Unidos,\u00a0Donald Trump, detalhou nesta quarta-feira (2) quais ser\u00e3o as chamadas\u00a0\u201ctarifas rec\u00edprocas\u201d que pretende aplicar a produtos importados a partir de abril. Durante o an\u00fancio, ele afirmou que cobraria dos pa\u00edses que taxam produtos norte-americanos ao menos metade da al\u00edquota cobrada dos EUA. No entanto, a f\u00f3rmula divulgada pelo escrit\u00f3rio do Representante Comercial dos EUA para calcular as tarifas\u00a0n\u00e3o parece ter utilizado.O presidente dos Estados Unidos,\u00a0Donald Trump, detalhou nesta quarta-feira (2) quais ser\u00e3o as chamadas\u00a0\u201ctarifas rec\u00edprocas\u201d que pretende aplicar a produtos importados a partir de abril.Durante o an\u00fancio, ele afirmou que cobraria dos pa\u00edses que taxam produtos norte-americanos ao menos metade da al\u00edquota cobrada dos EUA.No entanto, a f\u00f3rmula divulgada pelo escrit\u00f3rio do Representante Comercial dos EUA para calcular as tarifas\u00a0n\u00e3o parece ter utilizado a al\u00edquota cobrada pelos pa\u00edses e, sim, o d\u00e9ficit comercial dos EUA em rela\u00e7\u00e3o a eles.","og_url":"https:\/\/prefeitosegestoes.com.br\/portal\/como-as-tarifas-reciprocas-de-trump-foram-calculadas-entenda-a-formula-divulgada-pelos-eua\/","og_site_name":"Prefeitos &amp; Gest\u00f5es","article_publisher":"https:\/\/www.facebook.com\/prefeitosonline","article_published_time":"2025-04-04T12:42:41+00:00","article_modified_time":"2025-04-04T13:10:24+00:00","og_image":[{"width":1024,"height":768,"url":"https:\/\/prefeitosegestoes.com.br\/portal\/wp-content\/uploads\/2025\/04\/46505942955_6cc747ea68_o.webp","type":"image\/webp"}],"author":"Prefeitos &amp; Gest\u00f5es","twitter_card":"summary_large_image","twitter_creator":"@PrefGestoes","twitter_site":"@PrefGestoes","twitter_misc":{"Escrito por":"Prefeitos &amp; Gest\u00f5es","Est. tempo de leitura":"4 minutos"},"schema":{"@context":"https:\/\/schema.org","@graph":[{"@type":"Article","@id":"https:\/\/prefeitosegestoes.com.br\/portal\/como-as-tarifas-reciprocas-de-trump-foram-calculadas-entenda-a-formula-divulgada-pelos-eua\/#article","isPartOf":{"@id":"https:\/\/prefeitosegestoes.com.br\/portal\/como-as-tarifas-reciprocas-de-trump-foram-calculadas-entenda-a-formula-divulgada-pelos-eua\/"},"author":{"name":"Prefeitos &amp; Gest\u00f5es","@id":"https:\/\/prefeitosegestoes.com.br\/portal\/#\/schema\/person\/d00059f2ec99963e7e1850d448ae94b8"},"headline":"Como as tarifas rec\u00edprocas de Trump foram calculadas? Entenda a f\u00f3rmula divulgada pelos EUA","datePublished":"2025-04-04T12:42:41+00:00","dateModified":"2025-04-04T13:10:24+00:00","mainEntityOfPage":{"@id":"https:\/\/prefeitosegestoes.com.br\/portal\/como-as-tarifas-reciprocas-de-trump-foram-calculadas-entenda-a-formula-divulgada-pelos-eua\/"},"wordCount":559,"commentCount":0,"publisher":{"@id":"https:\/\/prefeitosegestoes.com.br\/portal\/#organization"},"image":{"@id":"https:\/\/prefeitosegestoes.com.br\/portal\/como-as-tarifas-reciprocas-de-trump-foram-calculadas-entenda-a-formula-divulgada-pelos-eua\/#primaryimage"},"thumbnailUrl":"https:\/\/prefeitosegestoes.com.br\/portal\/wp-content\/uploads\/2025\/04\/46505942955_6cc747ea68_o.webp","keywords":["Al\u00edquota","D\u00e9ficit","EUA","Rec\u00edprocas","Tarifa\u00e7o","Trump"],"articleSection":["Destaques"],"inLanguage":"pt-BR","potentialAction":[{"@type":"CommentAction","name":"Comment","target":["https:\/\/prefeitosegestoes.com.br\/portal\/como-as-tarifas-reciprocas-de-trump-foram-calculadas-entenda-a-formula-divulgada-pelos-eua\/#respond"]}]},{"@type":"WebPage","@id":"https:\/\/prefeitosegestoes.com.br\/portal\/como-as-tarifas-reciprocas-de-trump-foram-calculadas-entenda-a-formula-divulgada-pelos-eua\/","url":"https:\/\/prefeitosegestoes.com.br\/portal\/como-as-tarifas-reciprocas-de-trump-foram-calculadas-entenda-a-formula-divulgada-pelos-eua\/","name":"Como as tarifas rec\u00edprocas de Trump foram calculadas? Entenda a f\u00f3rmula divulgada pelos EUA - Prefeitos &amp; Gest\u00f5es","isPartOf":{"@id":"https:\/\/prefeitosegestoes.com.br\/portal\/#website"},"primaryImageOfPage":{"@id":"https:\/\/prefeitosegestoes.com.br\/portal\/como-as-tarifas-reciprocas-de-trump-foram-calculadas-entenda-a-formula-divulgada-pelos-eua\/#primaryimage"},"image":{"@id":"https:\/\/prefeitosegestoes.com.br\/portal\/como-as-tarifas-reciprocas-de-trump-foram-calculadas-entenda-a-formula-divulgada-pelos-eua\/#primaryimage"},"thumbnailUrl":"https:\/\/prefeitosegestoes.com.br\/portal\/wp-content\/uploads\/2025\/04\/46505942955_6cc747ea68_o.webp","datePublished":"2025-04-04T12:42:41+00:00","dateModified":"2025-04-04T13:10:24+00:00","description":"O presidente dos Estados Unidos,\u00a0Donald Trump, detalhou nesta quarta-feira (2) quais ser\u00e3o as chamadas\u00a0\u201ctarifas rec\u00edprocas\u201d que pretende aplicar a produtos importados a partir de abril. Durante o an\u00fancio, ele afirmou que cobraria dos pa\u00edses que taxam produtos norte-americanos ao menos metade da al\u00edquota cobrada dos EUA. No entanto, a f\u00f3rmula divulgada pelo escrit\u00f3rio do Representante Comercial dos EUA para calcular as tarifas\u00a0n\u00e3o parece ter utilizado.O presidente dos Estados Unidos,\u00a0Donald Trump, detalhou nesta quarta-feira (2) quais ser\u00e3o as chamadas\u00a0\u201ctarifas rec\u00edprocas\u201d que pretende aplicar a produtos importados a partir de abril.Durante o an\u00fancio, ele afirmou que cobraria dos pa\u00edses que taxam produtos norte-americanos ao menos metade da al\u00edquota cobrada dos EUA.No entanto, a f\u00f3rmula divulgada pelo escrit\u00f3rio do Representante Comercial dos EUA para calcular as tarifas\u00a0n\u00e3o parece ter utilizado a al\u00edquota cobrada pelos pa\u00edses e, sim, o d\u00e9ficit comercial dos EUA em rela\u00e7\u00e3o a eles.","breadcrumb":{"@id":"https:\/\/prefeitosegestoes.com.br\/portal\/como-as-tarifas-reciprocas-de-trump-foram-calculadas-entenda-a-formula-divulgada-pelos-eua\/#breadcrumb"},"inLanguage":"pt-BR","potentialAction":[{"@type":"ReadAction","target":["https:\/\/prefeitosegestoes.com.br\/portal\/como-as-tarifas-reciprocas-de-trump-foram-calculadas-entenda-a-formula-divulgada-pelos-eua\/"]}]},{"@type":"ImageObject","inLanguage":"pt-BR","@id":"https:\/\/prefeitosegestoes.com.br\/portal\/como-as-tarifas-reciprocas-de-trump-foram-calculadas-entenda-a-formula-divulgada-pelos-eua\/#primaryimage","url":"https:\/\/prefeitosegestoes.com.br\/portal\/wp-content\/uploads\/2025\/04\/46505942955_6cc747ea68_o.webp","contentUrl":"https:\/\/prefeitosegestoes.com.br\/portal\/wp-content\/uploads\/2025\/04\/46505942955_6cc747ea68_o.webp","width":1024,"height":768},{"@type":"BreadcrumbList","@id":"https:\/\/prefeitosegestoes.com.br\/portal\/como-as-tarifas-reciprocas-de-trump-foram-calculadas-entenda-a-formula-divulgada-pelos-eua\/#breadcrumb","itemListElement":[{"@type":"ListItem","position":1,"name":"In\u00edcio","item":"https:\/\/prefeitosegestoes.com.br\/portal\/"},{"@type":"ListItem","position":2,"name":"Como as tarifas rec\u00edprocas de Trump foram calculadas? Entenda a f\u00f3rmula divulgada pelos EUA"}]},{"@type":"WebSite","@id":"https:\/\/prefeitosegestoes.com.br\/portal\/#website","url":"https:\/\/prefeitosegestoes.com.br\/portal\/","name":"Prefeitos & Gest\u00f5es","description":"","publisher":{"@id":"https:\/\/prefeitosegestoes.com.br\/portal\/#organization"},"potentialAction":[{"@type":"SearchAction","target":{"@type":"EntryPoint","urlTemplate":"https:\/\/prefeitosegestoes.com.br\/portal\/?s={search_term_string}"},"query-input":{"@type":"PropertyValueSpecification","valueRequired":true,"valueName":"search_term_string"}}],"inLanguage":"pt-BR"},{"@type":"Organization","@id":"https:\/\/prefeitosegestoes.com.br\/portal\/#organization","name":"Prefeitos & Gest\u00f5es","url":"https:\/\/prefeitosegestoes.com.br\/portal\/","logo":{"@type":"ImageObject","inLanguage":"pt-BR","@id":"https:\/\/prefeitosegestoes.com.br\/portal\/#\/schema\/logo\/image\/","url":"https:\/\/prefeitosegestoes.com.br\/portal\/wp-content\/uploads\/2024\/10\/lg_trans_prefeitos_2024_preto2.png","contentUrl":"https:\/\/prefeitosegestoes.com.br\/portal\/wp-content\/uploads\/2024\/10\/lg_trans_prefeitos_2024_preto2.png","width":199,"height":122,"caption":"Prefeitos & Gest\u00f5es"},"image":{"@id":"https:\/\/prefeitosegestoes.com.br\/portal\/#\/schema\/logo\/image\/"},"sameAs":["https:\/\/www.facebook.com\/prefeitosonline","https:\/\/x.com\/PrefGestoes"]},{"@type":"Person","@id":"https:\/\/prefeitosegestoes.com.br\/portal\/#\/schema\/person\/d00059f2ec99963e7e1850d448ae94b8","name":"Prefeitos &amp; Gest\u00f5es","image":{"@type":"ImageObject","inLanguage":"pt-BR","@id":"https:\/\/secure.gravatar.com\/avatar\/738fb281e479212ed32c1a21a4307dda9f3af9292edb6918a16c9ce9fff5f48d?s=96&d=mm&r=g","url":"https:\/\/secure.gravatar.com\/avatar\/738fb281e479212ed32c1a21a4307dda9f3af9292edb6918a16c9ce9fff5f48d?s=96&d=mm&r=g","contentUrl":"https:\/\/secure.gravatar.com\/avatar\/738fb281e479212ed32c1a21a4307dda9f3af9292edb6918a16c9ce9fff5f48d?s=96&d=mm&r=g","caption":"Prefeitos &amp; Gest\u00f5es"},"url":"https:\/\/prefeitosegestoes.com.br\/portal\/author\/prefeitosegestoes\/"}]}},"_links":{"self":[{"href":"https:\/\/prefeitosegestoes.com.br\/portal\/wp-json\/wp\/v2\/posts\/3248","targetHints":{"allow":["GET"]}}],"collection":[{"href":"https:\/\/prefeitosegestoes.com.br\/portal\/wp-json\/wp\/v2\/posts"}],"about":[{"href":"https:\/\/prefeitosegestoes.com.br\/portal\/wp-json\/wp\/v2\/types\/post"}],"author":[{"embeddable":true,"href":"https:\/\/prefeitosegestoes.com.br\/portal\/wp-json\/wp\/v2\/users\/2"}],"replies":[{"embeddable":true,"href":"https:\/\/prefeitosegestoes.com.br\/portal\/wp-json\/wp\/v2\/comments?post=3248"}],"version-history":[{"count":1,"href":"https:\/\/prefeitosegestoes.com.br\/portal\/wp-json\/wp\/v2\/posts\/3248\/revisions"}],"predecessor-version":[{"id":3249,"href":"https:\/\/prefeitosegestoes.com.br\/portal\/wp-json\/wp\/v2\/posts\/3248\/revisions\/3249"}],"wp:featuredmedia":[{"embeddable":true,"href":"https:\/\/prefeitosegestoes.com.br\/portal\/wp-json\/wp\/v2\/media\/3251"}],"wp:attachment":[{"href":"https:\/\/prefeitosegestoes.com.br\/portal\/wp-json\/wp\/v2\/media?parent=3248"}],"wp:term":[{"taxonomy":"category","embeddable":true,"href":"https:\/\/prefeitosegestoes.com.br\/portal\/wp-json\/wp\/v2\/categories?post=3248"},{"taxonomy":"post_tag","embeddable":true,"href":"https:\/\/prefeitosegestoes.com.br\/portal\/wp-json\/wp\/v2\/tags?post=3248"}],"curies":[{"name":"wp","href":"https:\/\/api.w.org\/{rel}","templated":true}]}}