{"id":3245,"date":"2025-04-01T15:43:20","date_gmt":"2025-04-01T18:43:20","guid":{"rendered":"https:\/\/prefeitosegestoes.com.br\/portal\/?p=3245"},"modified":"2025-04-01T15:43:20","modified_gmt":"2025-04-01T18:43:20","slug":"reacao-a-trump-senado-aprova-projeto-que-autoriza-o-presidente-lula-a-taxar-produtos-do-eua","status":"publish","type":"post","link":"https:\/\/prefeitosegestoes.com.br\/portal\/reacao-a-trump-senado-aprova-projeto-que-autoriza-o-presidente-lula-a-taxar-produtos-do-eua\/","title":{"rendered":"Rea\u00e7\u00e3o a Trump: Senado aprova projeto que autoriza o presidente Lula a taxar produtos do EUA"},"content":{"rendered":"<div class=\"mc-article-header\">\n<div class=\"row content-head mc-column non-featured \">\n<div class=\"title\" data-block-type=\"title\" data-block-id=\"0\">\n<h6 class=\"content-head__title\">Foto: Isac N\u00f3brega\/PR<\/h6>\n<h1 class=\"content-head__title\">Comiss\u00e3o do Senado aprova texto que autoriza governo a retaliar &#8216;tarifa\u00e7os&#8217; como os de Trump<\/h1>\n<\/div>\n<div class=\"medium-centered subtitle\">\n<h4 class=\"content-head__subtitle\">Projeto diz que Brasil pode definir taxa\u00e7\u00e3o adicional em resposta a medidas de outros pa\u00edses contra produtos brasileiros. Proposta deve seguir direto para a C\u00e2mara, se n\u00e3o tiver recurso.<\/h4>\n<\/div>\n<\/div>\n<div class=\"content__signa-share mc-column\">\n<div class=\"content__signature\">\n<div class=\"content-publication-data\">\n<div class=\"content-publication-data__text\">\n<p class=\"content-publication-data__from\" title=\"Kevin Lima\">Por\u00a0<a class=\"multi_signatures\" href=\"https:\/\/g1.globo.com\/autores\/kevin-lima\/\">Kevin Lima<\/a>, g1\u00a0\u2014 Bras\u00edlia<\/p>\n<p class=\"content-publication-data__updated\"><time datetime=\"2025-04-01T11:18:07.883-03:00\">01\/04\/2025 11h18\u00a0<\/time><span class=\"content-publication-data__updated-relative\">\u00a0<time datetime=\"2025-04-01T13:08:32.055-03:00\">Atualizado\u00a0<time datetime=\"2025-04-01T13:08:32.055-03:00\">h\u00e1 2 horas<\/time><\/time><\/span><\/p>\n<\/div>\n<\/div>\n<\/div>\n<\/div>\n<\/div>\n<div class=\"mc-article-body\">\n<article>\n<div id=\"chunk-3tb06\">\n<div class=\"mc-column content-text active-extra-styles active-capital-letter\" data-block-type=\"unstyled\" data-block-weight=\"33\" data-block-id=\"1\">\n<p class=\" content-text__container theme-color-primary-first-letter\" data-track-category=\"Link no Texto\" data-track-links=\"\" data-mrf-recirculation=\"Mat\u00e9ria - Links no Texto\">A Comiss\u00e3o de Assuntos Econ\u00f4micos (CAE) do Senado aprovou nesta ter\u00e7a-feira (1\u00ba) um projeto que cria mecanismos e\u00a0<strong><span class=\"highlight highlighted\">autoriza o governo a retaliar pa\u00edses ou blocos que imponham barreiras comerciais a produtos brasileiros<\/span><\/strong>.<\/p>\n<\/div>\n<\/div>\n<div class=\"wall protected-content\">\n<div id=\"chunk-5p4d2\">\n<div class=\"mc-column content-text active-extra-styles \" data-block-type=\"unstyled\" data-block-weight=\"15\" data-block-id=\"3\">\n<p class=\" content-text__container \" data-track-category=\"Link no Texto\" data-track-links=\"\" data-mrf-recirculation=\"Mat\u00e9ria - Links no Texto\">O texto prev\u00ea que o governo federal poder\u00e1 agir para combater\u00a0<strong>decis\u00f5es unilaterais estrangeiras<\/strong> que:<\/p>\n<\/div>\n<\/div>\n<div id=\"chunk-bcak9\">\n<div class=\"mc-column content-text active-extra-styles\" data-block-type=\"raw\" data-block-weight=\"31\" data-block-id=\"4\">\n<ol class=\"content-ordered-list theme-ordered-list-color-primary\">\n<li>violem e prejudiquem acordos comerciais do Brasil;<\/li>\n<li>ameacem ou apliquem sobretaxas; ou<\/li>\n<li>decretem crit\u00e9rios ambientais para produtos brasileiros, mais r\u00edgidos do que os aplicados para os mesmos produtos nos pa\u00edses importadores.<\/li>\n<\/ol>\n<\/div>\n<\/div>\n<div id=\"chunk-662pk\">\n<div class=\"bs-video-block mc-column   content-media content-video\" data-block-type=\"backstage-video\" data-block-id=\"5\">\n<div class=\"content-media__container\">\n<div class=\"content-video__bigger-player-description-fixer\">\n<article class=\"content-video\" data-ts-view=\"1743532582563\">\n<section class=\"content-video__video-container\">\n<div class=\"content-video__video\">\n<div id=\"wp3-player-1\" class=\"clappr-player\" tabindex=\"9999\" data-player=\"\">\n<div class=\"media-control media-control-hide h720 w960\">\n<div class=\"media-control-panel\">\n<div class=\"media-control-panel__upper\">\n<div class=\"opposites-container\"><\/div>\n<\/div>\n<div class=\"media-control-panel__lower\" data-controls=\"\">\n<div class=\"media-control-position__center\"><\/div>\n<\/div>\n<\/div>\n<\/div>\n<\/div>\n<\/div>\n<\/section>\n<\/article>\n<\/div>\n<p class=\"content-media__description\">Senado pode votar Lei da Reciprocidade em rea\u00e7\u00e3o a tarifa\u00e7os<\/p>\n<\/div>\n<\/div>\n<\/div>\n<div id=\"chunk-9mcut\">\n<div class=\"mc-column content-text active-extra-styles \" data-block-type=\"unstyled\" data-block-weight=\"28\" data-block-id=\"6\">\n<p class=\" content-text__container \" data-track-category=\"Link no Texto\" data-track-links=\"\" data-mrf-recirculation=\"Mat\u00e9ria - Links no Texto\">A proposta, que\u00a0<strong><span class=\"highlight highlighted\">tem apoio do governo e da bancada do agroneg\u00f3cio<\/span><\/strong>, \u00e9 uma tentativa de responder a dois fen\u00f4menos externos que t\u00eam impactado a balan\u00e7a comercial brasileira:<\/p>\n<\/div>\n<\/div>\n<div id=\"chunk-61d5v\">\n<div class=\"mc-column content-text active-extra-styles\" data-block-type=\"raw\" data-block-weight=\"45\" data-block-id=\"8\">\n<ol class=\"content-ordered-list theme-ordered-list-color-primary\">\n<li>as medidas da Uni\u00e3o Europeia contra a agropecu\u00e1ria brasileira \u2013 incluindo a resist\u00eancia em assinar o acordo com o Mercosul \u2013 por suposta falta de compromisso ambiental;<\/li>\n<li>os sucessivos an\u00fancios do presidente dos Estados Unidos, Donald Trump, de que vai sobretaxar produtos vindos de fora.<\/li>\n<\/ol>\n<\/div>\n<\/div>\n<div id=\"chunk-48dhs\">\n<div class=\"mc-column content-text active-extra-styles\" data-block-type=\"raw\" data-block-weight=\"45\" data-block-id=\"9\">\n<blockquote class=\"content-blockquote theme-border-color-primary-before\"><p>&#8220;Essa \u00e9 uma lei que n\u00e3o \u00e9 s\u00f3 para os EUA, ela contempla todos os mercados que fazem com\u00e9rcio exterior com o Brasil. N\u00e3o \u00e9 uma retalia\u00e7\u00e3o, \u00e9 uma prote\u00e7\u00e3o quando os produtos brasileiros forem retaliados&#8221;, afirmou a relatora do texto, senadora Tereza Cristina (PP-MS).<\/p><\/blockquote>\n<\/div>\n<\/div>\n<div id=\"chunk-bor7h\">\n<div class=\"bs-video-block mc-column   content-media content-video\" data-block-type=\"backstage-video\" data-block-id=\"10\">\n<div class=\"content-media__container\">\n<p class=\"content-media__description\">Incertezas com tarifas rec\u00edprocas de Trump mexem com o mercado; Bruno Carazza comenta<\/p>\n<\/div>\n<\/div>\n<\/div>\n<div id=\"chunk-a7aj6\">\n<div class=\"mc-column content-text active-extra-styles \" data-block-type=\"unstyled\" data-block-weight=\"32\" data-block-id=\"11\">\n<p class=\" content-text__container \" data-track-category=\"Link no Texto\" data-track-links=\"\" data-mrf-recirculation=\"Mat\u00e9ria - Links no Texto\">\ud83c\udf0e Em discursos recentes, o presidente Luiz In\u00e1cio Lula da Silva vem defendendo que o Brasil adote a reciprocidade nesses casos \u2013 ou seja, responda com a mesma medida em sentido oposto.<\/p>\n<\/div>\n<\/div>\n<div id=\"chunk-5rpcu\">\n<div class=\"mc-column content-text active-extra-styles \" data-block-type=\"unstyled\" data-block-weight=\"48\" data-block-id=\"13\">\n<p class=\" content-text__container \" data-track-category=\"Link no Texto\" data-track-links=\"\" data-mrf-recirculation=\"Mat\u00e9ria - Links no Texto\">\ud83c\udf0e\u00a0<strong><span class=\"highlight highlighted\">Atualmente, no entanto, o Brasil n\u00e3o adota tarifas espec\u00edficas contra este ou aquele pa\u00eds<\/span><\/strong>. As regras da Organiza\u00e7\u00e3o Mundial do Com\u00e9rcio (OMC) preveem o princ\u00edpio da &#8220;na\u00e7\u00e3o mais favorecida&#8221; entre seus membros \u2013 ou seja, a proibi\u00e7\u00e3o de favorecer ou penalizar um colega de OMC com tarifas.<\/p>\n<\/div>\n<\/div>\n<div id=\"chunk-brp7k\">\n<div class=\"mc-column content-text active-extra-styles \" data-block-type=\"unstyled\" data-block-weight=\"24\" data-block-id=\"14\">\n<p class=\" content-text__container \" data-track-category=\"Link no Texto\" data-track-links=\"\" data-mrf-recirculation=\"Mat\u00e9ria - Links no Texto\">O projeto deve seguir agora para a an\u00e1lise da C\u00e2mara dos Deputados, desde que n\u00e3o haja recurso para vota\u00e7\u00e3o no plen\u00e1rio principal do Senado.<\/p>\n<\/div>\n<\/div>\n<div id=\"chunk-424g5\">\n<div class=\"mc-column content-text active-extra-styles\" data-block-type=\"raw\" data-block-weight=\"59\" data-block-id=\"15\">\n<blockquote class=\"content-blockquote theme-border-color-primary-before\"><p>&#8220;Mais uma vez, quero dizer que falaremos com o presidente da C\u00e2mara dos Deputados, deputado Hugo Motta, para que a C\u00e2mara possa apreciar essa mat\u00e9ria em car\u00e1ter de urg\u00eancia. Muito importante a senadora Tereza fazer o mesmo para que n\u00f3s possamos ter, na C\u00e2mara, uma r\u00e1pida aprecia\u00e7\u00e3o&#8221;, afirmou o presidente da CAE, senador Renan Calheiros (MDB-AL), ap\u00f3s a vota\u00e7\u00e3o.<\/p><\/blockquote>\n<\/div>\n<\/div>\n<div id=\"chunk-7bjta\">\n<div class=\"mc-column content-text active-extra-styles\" data-block-type=\"raw\" data-block-weight=\"5\" data-block-id=\"18\">\n<div class=\"content-intertitle\">\n<h2>O que prev\u00ea o texto?<\/h2>\n<\/div>\n<\/div>\n<\/div>\n<div id=\"chunk-en7qs\">\n<div class=\"mc-column content-text active-extra-styles \" data-block-type=\"unstyled\" data-block-weight=\"23\" data-block-id=\"19\">\n<p class=\" content-text__container \" data-track-category=\"Link no Texto\" data-track-links=\"\" data-mrf-recirculation=\"Mat\u00e9ria - Links no Texto\">O projeto prev\u00ea que o Poder Executivo\u00a0<strong><span class=\"highlight highlighted\">poder\u00e1 adotar contramedidas a barreiras comerciais ou legais decretadas, no mercado internacional, contra produtos brasileiros<\/span><\/strong>.<\/p>\n<\/div>\n<\/div>\n<div id=\"chunk-1j1og\">\n<div class=\"mc-column content-text active-extra-styles \" data-block-type=\"unstyled\" data-block-weight=\"12\" data-block-id=\"20\">\n<p class=\" content-text__container \" data-track-category=\"Link no Texto\" data-track-links=\"\" data-mrf-recirculation=\"Mat\u00e9ria - Links no Texto\"><strong><span class=\"highlight highlighted\">As medidas poder\u00e3o ser aplicadas de forma isolada ou de forma cumulativa.<\/span><\/strong><\/p>\n<\/div>\n<\/div>\n<div id=\"chunk-cuchk\">\n<div class=\"mc-column content-text active-extra-styles \" data-block-type=\"unstyled\" data-block-weight=\"26\" data-block-id=\"21\">\n<p class=\" content-text__container \" data-track-category=\"Link no Texto\" data-track-links=\"\" data-mrf-recirculation=\"Mat\u00e9ria - Links no Texto\">Um dos mecanismos autorizados \u00e9 a ado\u00e7\u00e3o de\u00a0<strong>sobretaxas nas importa\u00e7\u00f5es de bens ou de servi\u00e7os contra um pa\u00eds ou bloco econ\u00f4mico que retaliar o Brasil<\/strong>.<\/p>\n<\/div>\n<\/div>\n<div id=\"chunk-2kct9\">\n<div class=\"mc-column content-text active-extra-styles \" data-block-type=\"unstyled\" data-block-weight=\"22\" data-block-id=\"22\">\n<p class=\" content-text__container \" data-track-category=\"Link no Texto\" data-track-links=\"\" data-mrf-recirculation=\"Mat\u00e9ria - Links no Texto\">\u27a1\ufe0f<strong>\u00a0Ou seja:<\/strong>\u00a0o Brasil poderia, por exemplo, definir um imposto de importa\u00e7\u00e3o mais alto para os produtos vindos dos Estados Unidos.<\/p>\n<\/div>\n<\/div>\n<div id=\"chunk-cqriu\">\n<div class=\"mc-column content-text active-extra-styles \" data-block-type=\"unstyled\" data-block-weight=\"15\" data-block-id=\"23\">\n<p class=\" content-text__container \" data-track-category=\"Link no Texto\" data-track-links=\"\" data-mrf-recirculation=\"Mat\u00e9ria - Links no Texto\">Tamb\u00e9m poder\u00e1 ser decretada a\u00a0<strong>suspens\u00e3o das obriga\u00e7\u00f5es do Brasil com outros acordos comerciais estrangeiros<\/strong>.<\/p>\n<\/div>\n<\/div>\n<div id=\"chunk-ag7dq\">\n<div class=\"mc-column content-text active-extra-styles \" data-block-type=\"unstyled\" data-block-weight=\"21\" data-block-id=\"24\">\n<p class=\" content-text__container \" data-track-category=\"Link no Texto\" data-track-links=\"\" data-mrf-recirculation=\"Mat\u00e9ria - Links no Texto\">H\u00e1 ainda uma outra medida de retalia\u00e7\u00e3o a ser aplicada em &#8220;car\u00e1ter excepcional&#8221;: o\u00a0<strong>governo poderia suspender direitos de propriedade intelectual<\/strong>.<\/p>\n<\/div>\n<\/div>\n<div id=\"chunk-ep9g0\">\n<div class=\"mc-column content-text active-extra-styles \" data-block-type=\"unstyled\" data-block-weight=\"42\" data-block-id=\"25\">\n<p class=\" content-text__container \" data-track-category=\"Link no Texto\" data-track-links=\"\" data-mrf-recirculation=\"Mat\u00e9ria - Links no Texto\">\u27a1\ufe0f<strong>\u00a0Ou seja:\u00a0<\/strong>o Brasil poderia suspender o envio de royalties e o registro de patentes a ind\u00fastrias e indiv\u00edduos do pa\u00eds atingido. Enquanto a retalia\u00e7\u00e3o vigorar, o Brasil deixaria de compensar ou remunerar o titular da patente pelo uso n\u00e3o autorizado.<\/p>\n<\/div>\n<\/div>\n<div id=\"chunk-67kac\">\n<div class=\"mc-column content-text active-extra-styles \" data-block-type=\"unstyled\" data-block-weight=\"23\" data-block-id=\"26\">\n<p class=\" content-text__container \" data-track-category=\"Link no Texto\" data-track-links=\"\" data-mrf-recirculation=\"Mat\u00e9ria - Links no Texto\">Pelo relat\u00f3rio da senadora Tereza Cristina, essa medida s\u00f3 poder\u00e1 ser decretada se as anteriores forem &#8220;consideradas inadequadas&#8221; para reverter o entrave comercial.<\/p>\n<\/div>\n<\/div>\n<div id=\"chunk-6l39u\">\n<div class=\"mc-column content-text active-extra-styles \" data-block-type=\"unstyled\" data-block-weight=\"18\" data-block-id=\"27\">\n<p class=\" content-text__container \" data-track-category=\"Link no Texto\" data-track-links=\"\" data-mrf-recirculation=\"Mat\u00e9ria - Links no Texto\">Essa restri\u00e7\u00e3o \u00e9 uma novidade em rela\u00e7\u00e3o ao texto original aprovado pela Comiss\u00e3o de Meio Ambiente do Senado.<\/p>\n<\/div>\n<\/div>\n<div id=\"chunk-cfg24\">\n<div class=\"mc-column content-text active-extra-styles \" data-block-type=\"unstyled\" data-block-weight=\"10\" data-block-id=\"29\">\n<p class=\" content-text__container \" data-track-category=\"Link no Texto\" data-track-links=\"\" data-mrf-recirculation=\"Mat\u00e9ria - Links no Texto\"><strong><span class=\"highlight highlighted\">As retalia\u00e7\u00f5es brasileiras poder\u00e3o ser provis\u00f3rias ou por tempo indeterminado.<\/span><\/strong><\/p>\n<\/div>\n<\/div>\n<div id=\"chunk-3p3cj\">\n<div class=\"mc-column content-text active-extra-styles \" data-block-type=\"unstyled\" data-block-weight=\"20\" data-block-id=\"30\">\n<p class=\" content-text__container \" data-track-category=\"Link no Texto\" data-track-links=\"\" data-mrf-recirculation=\"Mat\u00e9ria - Links no Texto\">Se o projeto virar lei, o governo estar\u00e1 autorizado a alterar ou suspender as medidas conforme o avan\u00e7o de negocia\u00e7\u00f5es.<\/p>\n<\/div>\n<\/div>\n<div id=\"chunk-dmfga\">\n<div class=\"mc-column content-text active-extra-styles\" data-block-type=\"raw\" data-block-weight=\"2\" data-block-id=\"31\">\n<div class=\"content-intertitle\">\n<h2>Retalia\u00e7\u00e3o proporcional<\/h2>\n<\/div>\n<\/div>\n<\/div>\n<div id=\"chunk-dlckm\">\n<div class=\"mc-column content-text active-extra-styles \" data-block-type=\"unstyled\" data-block-weight=\"30\" data-block-id=\"32\">\n<p class=\" content-text__container \" data-track-category=\"Link no Texto\" data-track-links=\"\" data-mrf-recirculation=\"Mat\u00e9ria - Links no Texto\">A proposta determina que as medidas de retalia\u00e7\u00e3o do governo brasileiro dever\u00e3o ser, &#8220;na medida do poss\u00edvel&#8221;, proporcionais ao impacto econ\u00f4mico causado pelas medidas unilaterais de outros pa\u00edses ou blocos.<\/p>\n<\/div>\n<\/div>\n<div id=\"chunk-7dlcq\">\n<div class=\"mc-column content-text active-extra-styles \" data-block-type=\"unstyled\" data-block-weight=\"18\" data-block-id=\"33\">\n<p class=\" content-text__container \" data-track-category=\"Link no Texto\" data-track-links=\"\" data-mrf-recirculation=\"Mat\u00e9ria - Links no Texto\">A autoriza\u00e7\u00e3o ao governo para retaliar barreiras estrangeiras a produtos brasileiros foi discutida junto ao Pal\u00e1cio do Planalto.<\/p>\n<\/div>\n<\/div>\n<div id=\"chunk-fqr4k\">\n<div class=\"mc-column content-text active-extra-styles \" data-block-type=\"unstyled\" data-block-weight=\"27\" data-block-id=\"34\">\n<p class=\" content-text__container \" data-track-category=\"Link no Texto\" data-track-links=\"\" data-mrf-recirculation=\"Mat\u00e9ria - Links no Texto\">Tereza Cristina negociou pontos da proposta com membros do Minist\u00e9rio das Rela\u00e7\u00f5es Exteriores e com representantes da pasta da Ind\u00fastria e Com\u00e9rcio, comandada pelo vice-presidente, Geraldo Alckmin.<\/p>\n<\/div>\n<\/div>\n<div id=\"chunk-c1afu\">\n<div class=\"mc-column content-text active-extra-styles \" data-block-type=\"unstyled\" data-block-weight=\"33\" data-block-id=\"35\">\n<p class=\" content-text__container \" data-track-category=\"Link no Texto\" data-track-links=\"\" data-mrf-recirculation=\"Mat\u00e9ria - Links no Texto\">Segundo o texto, o governo ter\u00e1 de monitorar os efeitos das medidas e o avan\u00e7o de negocia\u00e7\u00f5es com os outros pa\u00edses. Esses dados poder\u00e3o servir para mitigar ou anular os efeitos das retalia\u00e7\u00f5es.<\/p>\n<\/div>\n<\/div>\n<div data-track-category=\"multicontent\" data-track-action=\"multicontent\" data-track-noninteraction=\"false\" data-track-scroll=\"ultimo chunk conteudo\" data-track-value=\"view\">\n<div id=\"chunk-5302s\">\n<div class=\"mc-column content-text active-extra-styles \" data-block-type=\"unstyled\" data-block-weight=\"18\" data-block-id=\"36\">\n<p class=\" content-text__container \" data-track-category=\"Link no Texto\" data-track-links=\"\" data-mrf-recirculation=\"Mat\u00e9ria - Links no Texto\">Consultas diplom\u00e1ticas poder\u00e3o ser feitas para substanciar esses relat\u00f3rios, com a participa\u00e7\u00e3o do Itamaraty e de outros interessados.<\/p>\n<p data-track-category=\"Link no Texto\" data-track-links=\"\" data-mrf-recirculation=\"Mat\u00e9ria - Links no Texto\">Fonte: G1<\/p>\n<\/div>\n<\/div>\n<\/div>\n<\/div>\n<\/article>\n<\/div>\n","protected":false},"excerpt":{"rendered":"<p>Foto: Isac N\u00f3brega\/PR Comiss\u00e3o do Senado aprova texto que autoriza governo a retaliar &#8216;tarifa\u00e7os&#8217; como os de Trump Projeto diz que Brasil pode definir taxa\u00e7\u00e3o adicional em resposta a medidas de outros pa\u00edses contra produtos brasileiros. Proposta deve seguir direto para a C\u00e2mara, se n\u00e3o tiver recurso. Por\u00a0Kevin Lima, g1\u00a0\u2014 Bras\u00edlia 01\/04\/2025 11h18\u00a0\u00a0Atualizado\u00a0h\u00e1 2 horas [&hellip;]<\/p>\n","protected":false},"author":2,"featured_media":3246,"comment_status":"open","ping_status":"open","sticky":false,"template":"","format":"standard","meta":{"rop_custom_images_group":[],"rop_custom_messages_group":[],"rop_publish_now":"initial","rop_publish_now_accounts":{"twitter_850042665852968960_850042665852968960":""},"rop_publish_now_history":[],"rop_publish_now_status":"pending","footnotes":""},"categories":[15],"tags":[554,269,552,257,553,421],"class_list":["post-3245","post","type-post","status-publish","format-standard","has-post-thumbnail","hentry","category-destaques","tag-aprovacao","tag-lula","tag-retaliacao","tag-senado","tag-tarifaco","tag-trump"],"yoast_head":"<!-- This site is optimized with the Yoast SEO plugin v27.2 - https:\/\/yoast.com\/product\/yoast-seo-wordpress\/ -->\n<title>Rea\u00e7\u00e3o a Trump: Senado aprova projeto que autoriza o presidente Lula a taxar produtos do EUA - Prefeitos &amp; Gest\u00f5es<\/title>\n<meta name=\"description\" content=\"A Comiss\u00e3o de Assuntos Econ\u00f4micos (CAE) do Senado aprovou nesta ter\u00e7a-feira (1\u00ba) um projeto que cria mecanismos e\u00a0autoriza o governo a retaliar pa\u00edses ou blocos que imponham barreiras comerciais a produtos brasileiros.\" \/>\n<meta name=\"robots\" content=\"index, follow, max-snippet:-1, max-image-preview:large, max-video-preview:-1\" \/>\n<link rel=\"canonical\" href=\"https:\/\/prefeitosegestoes.com.br\/portal\/reacao-a-trump-senado-aprova-projeto-que-autoriza-o-presidente-lula-a-taxar-produtos-do-eua\/\" \/>\n<meta property=\"og:locale\" content=\"pt_BR\" \/>\n<meta property=\"og:type\" content=\"article\" \/>\n<meta property=\"og:title\" content=\"Rea\u00e7\u00e3o a Trump: Senado aprova projeto que autoriza o presidente Lula a taxar produtos do EUA - Prefeitos &amp; Gest\u00f5es\" \/>\n<meta property=\"og:description\" content=\"A Comiss\u00e3o de Assuntos Econ\u00f4micos (CAE) do Senado aprovou nesta ter\u00e7a-feira (1\u00ba) um projeto que cria mecanismos e\u00a0autoriza o governo a retaliar pa\u00edses ou blocos que imponham barreiras comerciais a produtos brasileiros.\" \/>\n<meta property=\"og:url\" content=\"https:\/\/prefeitosegestoes.com.br\/portal\/reacao-a-trump-senado-aprova-projeto-que-autoriza-o-presidente-lula-a-taxar-produtos-do-eua\/\" \/>\n<meta property=\"og:site_name\" content=\"Prefeitos &amp; Gest\u00f5es\" \/>\n<meta property=\"article:publisher\" content=\"https:\/\/www.facebook.com\/prefeitosonline\" \/>\n<meta property=\"article:published_time\" content=\"2025-04-01T18:43:20+00:00\" \/>\n<meta property=\"og:image\" content=\"https:\/\/prefeitosegestoes.com.br\/portal\/wp-content\/uploads\/2025\/04\/40455576883_ef4410186e_o.webp\" \/>\n\t<meta property=\"og:image:width\" content=\"1024\" \/>\n\t<meta property=\"og:image:height\" content=\"768\" \/>\n\t<meta property=\"og:image:type\" content=\"image\/webp\" \/>\n<meta name=\"author\" content=\"Prefeitos &amp; Gest\u00f5es\" \/>\n<meta name=\"twitter:card\" content=\"summary_large_image\" \/>\n<meta name=\"twitter:creator\" content=\"@PrefGestoes\" \/>\n<meta name=\"twitter:site\" content=\"@PrefGestoes\" \/>\n<meta name=\"twitter:label1\" content=\"Escrito por\" \/>\n\t<meta name=\"twitter:data1\" content=\"Prefeitos &amp; Gest\u00f5es\" \/>\n\t<meta name=\"twitter:label2\" content=\"Est. tempo de leitura\" \/>\n\t<meta name=\"twitter:data2\" content=\"5 minutos\" \/>\n<script type=\"application\/ld+json\" class=\"yoast-schema-graph\">{\"@context\":\"https:\/\/schema.org\",\"@graph\":[{\"@type\":\"Article\",\"@id\":\"https:\/\/prefeitosegestoes.com.br\/portal\/reacao-a-trump-senado-aprova-projeto-que-autoriza-o-presidente-lula-a-taxar-produtos-do-eua\/#article\",\"isPartOf\":{\"@id\":\"https:\/\/prefeitosegestoes.com.br\/portal\/reacao-a-trump-senado-aprova-projeto-que-autoriza-o-presidente-lula-a-taxar-produtos-do-eua\/\"},\"author\":{\"name\":\"Prefeitos &amp; Gest\u00f5es\",\"@id\":\"https:\/\/prefeitosegestoes.com.br\/portal\/#\/schema\/person\/d00059f2ec99963e7e1850d448ae94b8\"},\"headline\":\"Rea\u00e7\u00e3o a Trump: Senado aprova projeto que autoriza o presidente Lula a taxar produtos do EUA\",\"datePublished\":\"2025-04-01T18:43:20+00:00\",\"mainEntityOfPage\":{\"@id\":\"https:\/\/prefeitosegestoes.com.br\/portal\/reacao-a-trump-senado-aprova-projeto-que-autoriza-o-presidente-lula-a-taxar-produtos-do-eua\/\"},\"wordCount\":911,\"commentCount\":0,\"publisher\":{\"@id\":\"https:\/\/prefeitosegestoes.com.br\/portal\/#organization\"},\"image\":{\"@id\":\"https:\/\/prefeitosegestoes.com.br\/portal\/reacao-a-trump-senado-aprova-projeto-que-autoriza-o-presidente-lula-a-taxar-produtos-do-eua\/#primaryimage\"},\"thumbnailUrl\":\"https:\/\/prefeitosegestoes.com.br\/portal\/wp-content\/uploads\/2025\/04\/40455576883_ef4410186e_o.webp\",\"keywords\":[\"Aprova\u00e7\u00e3o\",\"Lula\",\"Retalia\u00e7\u00e3o\",\"Senado\",\"Tarifa\u00e7o\",\"Trump\"],\"articleSection\":[\"Destaques\"],\"inLanguage\":\"pt-BR\",\"potentialAction\":[{\"@type\":\"CommentAction\",\"name\":\"Comment\",\"target\":[\"https:\/\/prefeitosegestoes.com.br\/portal\/reacao-a-trump-senado-aprova-projeto-que-autoriza-o-presidente-lula-a-taxar-produtos-do-eua\/#respond\"]}]},{\"@type\":\"WebPage\",\"@id\":\"https:\/\/prefeitosegestoes.com.br\/portal\/reacao-a-trump-senado-aprova-projeto-que-autoriza-o-presidente-lula-a-taxar-produtos-do-eua\/\",\"url\":\"https:\/\/prefeitosegestoes.com.br\/portal\/reacao-a-trump-senado-aprova-projeto-que-autoriza-o-presidente-lula-a-taxar-produtos-do-eua\/\",\"name\":\"Rea\u00e7\u00e3o a Trump: Senado aprova projeto que autoriza o presidente Lula a taxar produtos do EUA - Prefeitos &amp; Gest\u00f5es\",\"isPartOf\":{\"@id\":\"https:\/\/prefeitosegestoes.com.br\/portal\/#website\"},\"primaryImageOfPage\":{\"@id\":\"https:\/\/prefeitosegestoes.com.br\/portal\/reacao-a-trump-senado-aprova-projeto-que-autoriza-o-presidente-lula-a-taxar-produtos-do-eua\/#primaryimage\"},\"image\":{\"@id\":\"https:\/\/prefeitosegestoes.com.br\/portal\/reacao-a-trump-senado-aprova-projeto-que-autoriza-o-presidente-lula-a-taxar-produtos-do-eua\/#primaryimage\"},\"thumbnailUrl\":\"https:\/\/prefeitosegestoes.com.br\/portal\/wp-content\/uploads\/2025\/04\/40455576883_ef4410186e_o.webp\",\"datePublished\":\"2025-04-01T18:43:20+00:00\",\"description\":\"A Comiss\u00e3o de Assuntos Econ\u00f4micos (CAE) do Senado aprovou nesta ter\u00e7a-feira (1\u00ba) um projeto que cria mecanismos e\u00a0autoriza o governo a retaliar pa\u00edses ou blocos que imponham barreiras comerciais a produtos brasileiros.\",\"breadcrumb\":{\"@id\":\"https:\/\/prefeitosegestoes.com.br\/portal\/reacao-a-trump-senado-aprova-projeto-que-autoriza-o-presidente-lula-a-taxar-produtos-do-eua\/#breadcrumb\"},\"inLanguage\":\"pt-BR\",\"potentialAction\":[{\"@type\":\"ReadAction\",\"target\":[\"https:\/\/prefeitosegestoes.com.br\/portal\/reacao-a-trump-senado-aprova-projeto-que-autoriza-o-presidente-lula-a-taxar-produtos-do-eua\/\"]}]},{\"@type\":\"ImageObject\",\"inLanguage\":\"pt-BR\",\"@id\":\"https:\/\/prefeitosegestoes.com.br\/portal\/reacao-a-trump-senado-aprova-projeto-que-autoriza-o-presidente-lula-a-taxar-produtos-do-eua\/#primaryimage\",\"url\":\"https:\/\/prefeitosegestoes.com.br\/portal\/wp-content\/uploads\/2025\/04\/40455576883_ef4410186e_o.webp\",\"contentUrl\":\"https:\/\/prefeitosegestoes.com.br\/portal\/wp-content\/uploads\/2025\/04\/40455576883_ef4410186e_o.webp\",\"width\":1024,\"height\":768},{\"@type\":\"BreadcrumbList\",\"@id\":\"https:\/\/prefeitosegestoes.com.br\/portal\/reacao-a-trump-senado-aprova-projeto-que-autoriza-o-presidente-lula-a-taxar-produtos-do-eua\/#breadcrumb\",\"itemListElement\":[{\"@type\":\"ListItem\",\"position\":1,\"name\":\"In\u00edcio\",\"item\":\"https:\/\/prefeitosegestoes.com.br\/portal\/\"},{\"@type\":\"ListItem\",\"position\":2,\"name\":\"Rea\u00e7\u00e3o a Trump: Senado aprova projeto que autoriza o presidente Lula a taxar produtos do EUA\"}]},{\"@type\":\"WebSite\",\"@id\":\"https:\/\/prefeitosegestoes.com.br\/portal\/#website\",\"url\":\"https:\/\/prefeitosegestoes.com.br\/portal\/\",\"name\":\"Prefeitos & Gest\u00f5es\",\"description\":\"\",\"publisher\":{\"@id\":\"https:\/\/prefeitosegestoes.com.br\/portal\/#organization\"},\"potentialAction\":[{\"@type\":\"SearchAction\",\"target\":{\"@type\":\"EntryPoint\",\"urlTemplate\":\"https:\/\/prefeitosegestoes.com.br\/portal\/?s={search_term_string}\"},\"query-input\":{\"@type\":\"PropertyValueSpecification\",\"valueRequired\":true,\"valueName\":\"search_term_string\"}}],\"inLanguage\":\"pt-BR\"},{\"@type\":\"Organization\",\"@id\":\"https:\/\/prefeitosegestoes.com.br\/portal\/#organization\",\"name\":\"Prefeitos & Gest\u00f5es\",\"url\":\"https:\/\/prefeitosegestoes.com.br\/portal\/\",\"logo\":{\"@type\":\"ImageObject\",\"inLanguage\":\"pt-BR\",\"@id\":\"https:\/\/prefeitosegestoes.com.br\/portal\/#\/schema\/logo\/image\/\",\"url\":\"https:\/\/prefeitosegestoes.com.br\/portal\/wp-content\/uploads\/2024\/10\/lg_trans_prefeitos_2024_preto2.png\",\"contentUrl\":\"https:\/\/prefeitosegestoes.com.br\/portal\/wp-content\/uploads\/2024\/10\/lg_trans_prefeitos_2024_preto2.png\",\"width\":199,\"height\":122,\"caption\":\"Prefeitos & Gest\u00f5es\"},\"image\":{\"@id\":\"https:\/\/prefeitosegestoes.com.br\/portal\/#\/schema\/logo\/image\/\"},\"sameAs\":[\"https:\/\/www.facebook.com\/prefeitosonline\",\"https:\/\/x.com\/PrefGestoes\"]},{\"@type\":\"Person\",\"@id\":\"https:\/\/prefeitosegestoes.com.br\/portal\/#\/schema\/person\/d00059f2ec99963e7e1850d448ae94b8\",\"name\":\"Prefeitos &amp; Gest\u00f5es\",\"image\":{\"@type\":\"ImageObject\",\"inLanguage\":\"pt-BR\",\"@id\":\"https:\/\/secure.gravatar.com\/avatar\/738fb281e479212ed32c1a21a4307dda9f3af9292edb6918a16c9ce9fff5f48d?s=96&d=mm&r=g\",\"url\":\"https:\/\/secure.gravatar.com\/avatar\/738fb281e479212ed32c1a21a4307dda9f3af9292edb6918a16c9ce9fff5f48d?s=96&d=mm&r=g\",\"contentUrl\":\"https:\/\/secure.gravatar.com\/avatar\/738fb281e479212ed32c1a21a4307dda9f3af9292edb6918a16c9ce9fff5f48d?s=96&d=mm&r=g\",\"caption\":\"Prefeitos &amp; Gest\u00f5es\"},\"url\":\"https:\/\/prefeitosegestoes.com.br\/portal\/author\/prefeitosegestoes\/\"}]}<\/script>\n<!-- \/ Yoast SEO plugin. -->","yoast_head_json":{"title":"Rea\u00e7\u00e3o a Trump: Senado aprova projeto que autoriza o presidente Lula a taxar produtos do EUA - Prefeitos &amp; Gest\u00f5es","description":"A Comiss\u00e3o de Assuntos Econ\u00f4micos (CAE) do Senado aprovou nesta ter\u00e7a-feira (1\u00ba) um projeto que cria mecanismos e\u00a0autoriza o governo a retaliar pa\u00edses ou blocos que imponham barreiras comerciais a produtos brasileiros.","robots":{"index":"index","follow":"follow","max-snippet":"max-snippet:-1","max-image-preview":"max-image-preview:large","max-video-preview":"max-video-preview:-1"},"canonical":"https:\/\/prefeitosegestoes.com.br\/portal\/reacao-a-trump-senado-aprova-projeto-que-autoriza-o-presidente-lula-a-taxar-produtos-do-eua\/","og_locale":"pt_BR","og_type":"article","og_title":"Rea\u00e7\u00e3o a Trump: Senado aprova projeto que autoriza o presidente Lula a taxar produtos do EUA - Prefeitos &amp; Gest\u00f5es","og_description":"A Comiss\u00e3o de Assuntos Econ\u00f4micos (CAE) do Senado aprovou nesta ter\u00e7a-feira (1\u00ba) um projeto que cria mecanismos e\u00a0autoriza o governo a retaliar pa\u00edses ou blocos que imponham barreiras comerciais a produtos brasileiros.","og_url":"https:\/\/prefeitosegestoes.com.br\/portal\/reacao-a-trump-senado-aprova-projeto-que-autoriza-o-presidente-lula-a-taxar-produtos-do-eua\/","og_site_name":"Prefeitos &amp; Gest\u00f5es","article_publisher":"https:\/\/www.facebook.com\/prefeitosonline","article_published_time":"2025-04-01T18:43:20+00:00","og_image":[{"width":1024,"height":768,"url":"https:\/\/prefeitosegestoes.com.br\/portal\/wp-content\/uploads\/2025\/04\/40455576883_ef4410186e_o.webp","type":"image\/webp"}],"author":"Prefeitos &amp; Gest\u00f5es","twitter_card":"summary_large_image","twitter_creator":"@PrefGestoes","twitter_site":"@PrefGestoes","twitter_misc":{"Escrito por":"Prefeitos &amp; Gest\u00f5es","Est. tempo de leitura":"5 minutos"},"schema":{"@context":"https:\/\/schema.org","@graph":[{"@type":"Article","@id":"https:\/\/prefeitosegestoes.com.br\/portal\/reacao-a-trump-senado-aprova-projeto-que-autoriza-o-presidente-lula-a-taxar-produtos-do-eua\/#article","isPartOf":{"@id":"https:\/\/prefeitosegestoes.com.br\/portal\/reacao-a-trump-senado-aprova-projeto-que-autoriza-o-presidente-lula-a-taxar-produtos-do-eua\/"},"author":{"name":"Prefeitos &amp; Gest\u00f5es","@id":"https:\/\/prefeitosegestoes.com.br\/portal\/#\/schema\/person\/d00059f2ec99963e7e1850d448ae94b8"},"headline":"Rea\u00e7\u00e3o a Trump: Senado aprova projeto que autoriza o presidente Lula a taxar produtos do EUA","datePublished":"2025-04-01T18:43:20+00:00","mainEntityOfPage":{"@id":"https:\/\/prefeitosegestoes.com.br\/portal\/reacao-a-trump-senado-aprova-projeto-que-autoriza-o-presidente-lula-a-taxar-produtos-do-eua\/"},"wordCount":911,"commentCount":0,"publisher":{"@id":"https:\/\/prefeitosegestoes.com.br\/portal\/#organization"},"image":{"@id":"https:\/\/prefeitosegestoes.com.br\/portal\/reacao-a-trump-senado-aprova-projeto-que-autoriza-o-presidente-lula-a-taxar-produtos-do-eua\/#primaryimage"},"thumbnailUrl":"https:\/\/prefeitosegestoes.com.br\/portal\/wp-content\/uploads\/2025\/04\/40455576883_ef4410186e_o.webp","keywords":["Aprova\u00e7\u00e3o","Lula","Retalia\u00e7\u00e3o","Senado","Tarifa\u00e7o","Trump"],"articleSection":["Destaques"],"inLanguage":"pt-BR","potentialAction":[{"@type":"CommentAction","name":"Comment","target":["https:\/\/prefeitosegestoes.com.br\/portal\/reacao-a-trump-senado-aprova-projeto-que-autoriza-o-presidente-lula-a-taxar-produtos-do-eua\/#respond"]}]},{"@type":"WebPage","@id":"https:\/\/prefeitosegestoes.com.br\/portal\/reacao-a-trump-senado-aprova-projeto-que-autoriza-o-presidente-lula-a-taxar-produtos-do-eua\/","url":"https:\/\/prefeitosegestoes.com.br\/portal\/reacao-a-trump-senado-aprova-projeto-que-autoriza-o-presidente-lula-a-taxar-produtos-do-eua\/","name":"Rea\u00e7\u00e3o a Trump: Senado aprova projeto que autoriza o presidente Lula a taxar produtos do EUA - Prefeitos &amp; Gest\u00f5es","isPartOf":{"@id":"https:\/\/prefeitosegestoes.com.br\/portal\/#website"},"primaryImageOfPage":{"@id":"https:\/\/prefeitosegestoes.com.br\/portal\/reacao-a-trump-senado-aprova-projeto-que-autoriza-o-presidente-lula-a-taxar-produtos-do-eua\/#primaryimage"},"image":{"@id":"https:\/\/prefeitosegestoes.com.br\/portal\/reacao-a-trump-senado-aprova-projeto-que-autoriza-o-presidente-lula-a-taxar-produtos-do-eua\/#primaryimage"},"thumbnailUrl":"https:\/\/prefeitosegestoes.com.br\/portal\/wp-content\/uploads\/2025\/04\/40455576883_ef4410186e_o.webp","datePublished":"2025-04-01T18:43:20+00:00","description":"A Comiss\u00e3o de Assuntos Econ\u00f4micos (CAE) do Senado aprovou nesta ter\u00e7a-feira (1\u00ba) um projeto que cria mecanismos e\u00a0autoriza o governo a retaliar pa\u00edses ou blocos que imponham barreiras comerciais a produtos brasileiros.","breadcrumb":{"@id":"https:\/\/prefeitosegestoes.com.br\/portal\/reacao-a-trump-senado-aprova-projeto-que-autoriza-o-presidente-lula-a-taxar-produtos-do-eua\/#breadcrumb"},"inLanguage":"pt-BR","potentialAction":[{"@type":"ReadAction","target":["https:\/\/prefeitosegestoes.com.br\/portal\/reacao-a-trump-senado-aprova-projeto-que-autoriza-o-presidente-lula-a-taxar-produtos-do-eua\/"]}]},{"@type":"ImageObject","inLanguage":"pt-BR","@id":"https:\/\/prefeitosegestoes.com.br\/portal\/reacao-a-trump-senado-aprova-projeto-que-autoriza-o-presidente-lula-a-taxar-produtos-do-eua\/#primaryimage","url":"https:\/\/prefeitosegestoes.com.br\/portal\/wp-content\/uploads\/2025\/04\/40455576883_ef4410186e_o.webp","contentUrl":"https:\/\/prefeitosegestoes.com.br\/portal\/wp-content\/uploads\/2025\/04\/40455576883_ef4410186e_o.webp","width":1024,"height":768},{"@type":"BreadcrumbList","@id":"https:\/\/prefeitosegestoes.com.br\/portal\/reacao-a-trump-senado-aprova-projeto-que-autoriza-o-presidente-lula-a-taxar-produtos-do-eua\/#breadcrumb","itemListElement":[{"@type":"ListItem","position":1,"name":"In\u00edcio","item":"https:\/\/prefeitosegestoes.com.br\/portal\/"},{"@type":"ListItem","position":2,"name":"Rea\u00e7\u00e3o a Trump: Senado aprova projeto que autoriza o presidente Lula a taxar produtos do EUA"}]},{"@type":"WebSite","@id":"https:\/\/prefeitosegestoes.com.br\/portal\/#website","url":"https:\/\/prefeitosegestoes.com.br\/portal\/","name":"Prefeitos & Gest\u00f5es","description":"","publisher":{"@id":"https:\/\/prefeitosegestoes.com.br\/portal\/#organization"},"potentialAction":[{"@type":"SearchAction","target":{"@type":"EntryPoint","urlTemplate":"https:\/\/prefeitosegestoes.com.br\/portal\/?s={search_term_string}"},"query-input":{"@type":"PropertyValueSpecification","valueRequired":true,"valueName":"search_term_string"}}],"inLanguage":"pt-BR"},{"@type":"Organization","@id":"https:\/\/prefeitosegestoes.com.br\/portal\/#organization","name":"Prefeitos & Gest\u00f5es","url":"https:\/\/prefeitosegestoes.com.br\/portal\/","logo":{"@type":"ImageObject","inLanguage":"pt-BR","@id":"https:\/\/prefeitosegestoes.com.br\/portal\/#\/schema\/logo\/image\/","url":"https:\/\/prefeitosegestoes.com.br\/portal\/wp-content\/uploads\/2024\/10\/lg_trans_prefeitos_2024_preto2.png","contentUrl":"https:\/\/prefeitosegestoes.com.br\/portal\/wp-content\/uploads\/2024\/10\/lg_trans_prefeitos_2024_preto2.png","width":199,"height":122,"caption":"Prefeitos & Gest\u00f5es"},"image":{"@id":"https:\/\/prefeitosegestoes.com.br\/portal\/#\/schema\/logo\/image\/"},"sameAs":["https:\/\/www.facebook.com\/prefeitosonline","https:\/\/x.com\/PrefGestoes"]},{"@type":"Person","@id":"https:\/\/prefeitosegestoes.com.br\/portal\/#\/schema\/person\/d00059f2ec99963e7e1850d448ae94b8","name":"Prefeitos &amp; Gest\u00f5es","image":{"@type":"ImageObject","inLanguage":"pt-BR","@id":"https:\/\/secure.gravatar.com\/avatar\/738fb281e479212ed32c1a21a4307dda9f3af9292edb6918a16c9ce9fff5f48d?s=96&d=mm&r=g","url":"https:\/\/secure.gravatar.com\/avatar\/738fb281e479212ed32c1a21a4307dda9f3af9292edb6918a16c9ce9fff5f48d?s=96&d=mm&r=g","contentUrl":"https:\/\/secure.gravatar.com\/avatar\/738fb281e479212ed32c1a21a4307dda9f3af9292edb6918a16c9ce9fff5f48d?s=96&d=mm&r=g","caption":"Prefeitos &amp; Gest\u00f5es"},"url":"https:\/\/prefeitosegestoes.com.br\/portal\/author\/prefeitosegestoes\/"}]}},"_links":{"self":[{"href":"https:\/\/prefeitosegestoes.com.br\/portal\/wp-json\/wp\/v2\/posts\/3245","targetHints":{"allow":["GET"]}}],"collection":[{"href":"https:\/\/prefeitosegestoes.com.br\/portal\/wp-json\/wp\/v2\/posts"}],"about":[{"href":"https:\/\/prefeitosegestoes.com.br\/portal\/wp-json\/wp\/v2\/types\/post"}],"author":[{"embeddable":true,"href":"https:\/\/prefeitosegestoes.com.br\/portal\/wp-json\/wp\/v2\/users\/2"}],"replies":[{"embeddable":true,"href":"https:\/\/prefeitosegestoes.com.br\/portal\/wp-json\/wp\/v2\/comments?post=3245"}],"version-history":[{"count":1,"href":"https:\/\/prefeitosegestoes.com.br\/portal\/wp-json\/wp\/v2\/posts\/3245\/revisions"}],"predecessor-version":[{"id":3247,"href":"https:\/\/prefeitosegestoes.com.br\/portal\/wp-json\/wp\/v2\/posts\/3245\/revisions\/3247"}],"wp:featuredmedia":[{"embeddable":true,"href":"https:\/\/prefeitosegestoes.com.br\/portal\/wp-json\/wp\/v2\/media\/3246"}],"wp:attachment":[{"href":"https:\/\/prefeitosegestoes.com.br\/portal\/wp-json\/wp\/v2\/media?parent=3245"}],"wp:term":[{"taxonomy":"category","embeddable":true,"href":"https:\/\/prefeitosegestoes.com.br\/portal\/wp-json\/wp\/v2\/categories?post=3245"},{"taxonomy":"post_tag","embeddable":true,"href":"https:\/\/prefeitosegestoes.com.br\/portal\/wp-json\/wp\/v2\/tags?post=3245"}],"curies":[{"name":"wp","href":"https:\/\/api.w.org\/{rel}","templated":true}]}}