{"id":3241,"date":"2025-03-31T18:14:19","date_gmt":"2025-03-31T21:14:19","guid":{"rendered":"https:\/\/prefeitosegestoes.com.br\/portal\/?p=3241"},"modified":"2025-03-31T18:21:20","modified_gmt":"2025-03-31T21:21:20","slug":"ofensiva-de-trump-contra-o-brasil-relembre-vezes-em-que-os-eua-intervieram-no-pais","status":"publish","type":"post","link":"https:\/\/prefeitosegestoes.com.br\/portal\/ofensiva-de-trump-contra-o-brasil-relembre-vezes-em-que-os-eua-intervieram-no-pais\/","title":{"rendered":"Ofensiva de Trump contra o Brasil: relembre vezes em que os EUA intervieram no pa\u00eds"},"content":{"rendered":"<div class=\"single-author-info\">\n<div class=\"single-date-wrap\">\n<div class=\"post-date-wrap\">\n<div class=\"author-info\">\n<h6 class=\"author-name\"><a title=\"autor Luma Ven\u00e2ncio\" href=\"https:\/\/istoe.com.br\/autor\/luma-venancio\/\" aria-label=\"mais sobre Luma Ven\u00e2ncio\">Foto: <\/a>Marcelo Camargo\/Ag\u00eancia Brasil<\/h6>\n<p class=\"author-name\"><a title=\"autor Luma Ven\u00e2ncio\" href=\"https:\/\/istoe.com.br\/autor\/luma-venancio\/\" aria-label=\"mais sobre Luma Ven\u00e2ncio\">Luma Ven\u00e2ncio<\/a><\/p>\n<\/div>\n<div class=\"post-date\">\n<p class=\"article-date\">31\/03\/25 &#8211; 15h12minEm<a href=\"https:\/\/istoe.com.br\/autor\/luma-venancio\/\">Mundo<\/a><\/p>\n<\/div>\n<\/div>\n<div class=\"post-date-update-wrap\">\n<p class=\"article-date\"><strong>Atualizado em<\/strong>31\/03\/25 &#8211; 15h46min<\/p>\n<\/div>\n<\/div>\n<\/div>\n<div class=\"box-article-wrap destaque\">\n<div class=\"aspect-box\"><picture class=\"destaque-single\"><source srcset=\"https:\/\/istoe.com.br\/wp-content\/uploads\/2025\/03\/Colagem-eua-nixon-e-medici-382x215.jpg.webp\" type=\"image\/webp\" media=\"(max-width: 768px)\" \/><source srcset=\"https:\/\/istoe.com.br\/wp-content\/uploads\/2025\/03\/Colagem-eua-nixon-e-medici-738x415.jpg.webp\" type=\"image\/webp\" media=\"(min-width: 769px) and (max-width: 1100px)\" \/><source srcset=\"https:\/\/istoe.com.br\/wp-content\/uploads\/2025\/03\/Colagem-eua-nixon-e-medici-770x433.jpg.webp\" type=\"image\/webp\" media=\"(min-width: 1101px)\" \/><img fetchpriority=\"high\" decoding=\"async\" title=\"colagem\/Luma Ven\u00e2ncio\" src=\"https:\/\/istoe.com.br\/wp-content\/uploads\/2025\/03\/Colagem-eua-nixon-e-medici-770x433.jpg.webp?x95295\" alt=\"colagem\/Luma Ven\u00e2ncio\" width=\"770\" height=\"433\" \/><\/picture><\/div>\n<p>Em\u00edlio M\u00e9dici, terceiro presidente do per\u00edodo militar, ao lado Richard Nixon, ex-presidente dos EUA\u00a0\u00a0Foto: colagem\/Luma Ven\u00e2ncio<\/p>\n<\/div>\n<div class=\"d-flex f-column justify-space-between mt-1\">\n<div class=\"post-content-wrap col-lg-100 col-md-100\">\n<p><strong>A volta de Donald Trump \u00e0 Casa Branca em 2025<\/strong>\u00a0tornou mais n\u00edtida a inten\u00e7\u00e3o norte-americana de impor medidas que ressoam no resto do globo. Em pouco mais de dois meses de mandato, o republicano j\u00e1 acumula declara\u00e7\u00f5es pol\u00eamicas e desagrada pa\u00edses vizinhos com an\u00fancios de tarifas para produtos importados e deporta\u00e7\u00f5es em massa.<\/p>\n<p>Al\u00e9m das\u00a0<a href=\"https:\/\/istoe.com.br\/tarifaco-de-trump-preve-retaliacao-a-reacao-de-china-canada-e-mexico\/\">taxas aduaneiras impostas sobre Canad\u00e1, M\u00e9xico e China<\/a>, os EUA t\u00eam feito intima\u00e7\u00f5es diretas ao Brics (bloco do qual o Brasil faz parte). Trump amea\u00e7ou promover altas tarifas de importa\u00e7\u00e3o aos estados-membros do grupo caso trocas comerciais fossem feitas com uma moeda pr\u00f3pria em vez do d\u00f3lar.<\/p>\n<p>Atritos relacionados \u00e0 regulamenta\u00e7\u00e3o das redes sociais tamb\u00e9m ganharam destaque nos \u00faltimos tempos. Monopolizadas por conglomerados norte-americanos, as plataformas sociais foram alvo de questionamento por diversas na\u00e7\u00f5es que, desconfiando do c\u00f3digo adotado por grandes empres\u00e1rios, propuseram normas pr\u00f3prias de atua\u00e7\u00e3o.<\/p>\n<p>Segundo muitos pa\u00edses, incluindo o Brasil, a opera\u00e7\u00e3o de aplicativos de internet sem obedi\u00eancia \u00e0s regras particulares de cada territ\u00f3rio \u00e9 uma forma de violar a democracia e soberania nacional. \u00c9 evidente, por\u00e9m, que essa postura n\u00e3o agradou \u00e0s autoridades norte-americanas \u2013 e a desaven\u00e7a segue demonstrando a postura dos EUA em rela\u00e7\u00e3o ao resto do mundo.<\/p>\n<p><a href=\"https:\/\/istoe.com.br\/nao-da-para-a-gente-ficar-quieto-diante-das-tarifas-de-trump-diz-lula\/\">+ \u2018N\u00e3o d\u00e1 para a gente ficar quieto\u2019 diante das tarifas de Trump, diz Lula<\/a><\/p>\n<p><a href=\"https:\/\/istoe.com.br\/trump-anuncia-tarifas-de-25-sobre-carros-importados\/\">+ Trump anuncia tarifas de 25% sobre carros importados<\/a><\/p>\n<p>N\u00e3o \u00e9 de hoje que os Estados Unidos cultivam o h\u00e1bito de interferir na soberania de outras na\u00e7\u00f5es. Ao longo da hist\u00f3ria, o pa\u00eds realizou diversas interven\u00e7\u00f5es de car\u00e1ter imperialista, atingindo especialmente pa\u00edses de origem latina \u2014 como o Brasil.<\/p>\n<h3>Doutrina Monroe: dos EUA para o mundo<\/h3>\n<p>Para entender as origens da explora\u00e7\u00e3o estadunidense, \u00e9 preciso voltar ao dia 2 de dezembro de 1823, quando o Presidente James Monroe \u2013 cujo nome batizou o programa \u2013 proclamou a\u00a0<strong>\u201cDoutrina Monroe\u201d<\/strong>. A data marcou o in\u00edcio da pol\u00edtica de expans\u00e3o e influ\u00eancia do pa\u00eds no continente americano.<\/p>\n<p>Uma vez com a independ\u00eancia conquistada, os EUA passaram a afastar as amarras impostas pelas pot\u00eancias europeias, que por muito tempo conduziram o pa\u00eds. Desse modo, a Doutrina Monroe estabeleceu que quaisquer interven\u00e7\u00f5es europeias nas Am\u00e9ricas fossem vistas como uma amea\u00e7a \u00e0 seguran\u00e7a dos Estados Unidos, visando impedir a interfer\u00eancia dos pa\u00edses europeus na regi\u00e3o.<\/p>\n<p>Por\u00e9m,\u00a0<strong>o professor de Rela\u00e7\u00f5es Internacionais da PUC-SP, Laerte Apolin\u00e1rio,<\/strong>\u00a0ressalta que a pol\u00edtica n\u00e3o serviu apenas para defender as jurisdi\u00e7\u00f5es estadunidenses \u2013 mas principalmente para legitimar seu imperialismo contra outras na\u00e7\u00f5es.<\/p>\n<p>Com as garras europeias longe de vista, a nova pot\u00eancia estadunidense encontrou seu lugar como reguladora das am\u00e9ricas. N\u00e3o \u00e0 toa, o slogan adotado pela doutrina foi: \u201cAm\u00e9rica para os americanos\u201d.<\/p>\n<p>\u201cA doutrina serviu para justificar a futura expans\u00e3o territorial e o fortalecimento da posi\u00e7\u00e3o dos EUA como pot\u00eancia dominante na Am\u00e9rica. Em s\u00edntese, ela foi um pilar da pol\u00edtica externa americana, moldando as rela\u00e7\u00f5es interamericanas por d\u00e9cadas\u201d, explica.<\/p>\n<p>Al\u00e9m disso, Laerte frisa que\u00a0<strong>a \u201cmentalidade Monroe\u201d ainda n\u00e3o desapareceu dos princ\u00edpios norte-americanos, mesmo nos dias atuais.<\/strong><\/p>\n<p>\u201cA \u2018mentalidade Monroe\u2019 ainda se faz presente, mas de forma adaptada aos desafios atuais. Enquanto a doutrina original visava conter a influ\u00eancia europeia, hoje os EUA focam na prote\u00e7\u00e3o de seus interesses estrat\u00e9gicos e econ\u00f4micos em um cen\u00e1rio multipolar\u201d, diz o professor.<\/p>\n<p>Segundo o especialista, a conduta americana moderna passa a incluir tanto abordagens bilaterais quanto multilaterais \u2013 especialmente para contrabalan\u00e7ar a influ\u00eancia de pot\u00eancias emergentes, como a China.<\/p>\n<p>\u201cEssa adapta\u00e7\u00e3o mant\u00e9m o esp\u00edrito de preservar a esfera de influ\u00eancia e a seguran\u00e7a regional, mas com m\u00e9todos que refletem a complexidade do jogo pol\u00edtico global contempor\u00e2neo\u201d, completa.<\/p>\n<h3>Segunda Revolta da Armada<\/h3>\n<p>A\u00a0<strong>Segunda Revolta da Armada<\/strong>, ocorrida entre 1893 e 1894, foi um conflito armado envolvendo a Marinha Brasileira e o governo federal. O combate foi motivado por insatisfa\u00e7\u00f5es com o governo de Floriano Peixoto, que se manteve no poder mesmo com a exig\u00eancia de novas elei\u00e7\u00f5es. Os militares da Armada (nome pelo qual a Marinha era conhecida) desencadearam, ent\u00e3o, um levante para demandar que o presidente obedecesse a Constitui\u00e7\u00e3o.<\/p>\n<p>Os marinheiros j\u00e1 passavam por longos per\u00edodos sem nenhuma participa\u00e7\u00e3o pol\u00edtica, al\u00e9m de enfrentarem p\u00e9ssimas condi\u00e7\u00f5es de trabalho e sal\u00e1rio. Assim, naquele momento, os revoltosos n\u00e3o queriam mais apenas reagir ao autoritarismo e descumprimento das leis, mas tamb\u00e9m almejavam competir pelo poder.<\/p>\n<p><strong>A interven\u00e7\u00e3o dos Estados Unidos<\/strong>\u00a0no conflito de seu logo ap\u00f3s navios americanos serem atingidos por revoltosos \u2013 a quem os estadunidenses acusavam de serem monarquistas. Sob essas justificativas, os EUA enviaram tropas ao Brasil para que lutassem contra os integrantes da Armada.<\/p>\n<p><img decoding=\"async\" class=\"alignnone wp-image-5046453 size-large\" title=\"Ofensiva de Trump contra o Brasil: relembre vezes em que os EUA intervieram no pa\u00eds 7\" src=\"https:\/\/istoe.com.br\/wp-content\/uploads\/2025\/03\/esquadra_legalista-439x1024.jpg?x95295\" sizes=\"(max-width: 439px) 100vw, 439px\" srcset=\"https:\/\/istoe.com.br\/wp-content\/uploads\/2025\/03\/esquadra_legalista-439x1024.jpg 439w, https:\/\/istoe.com.br\/wp-content\/uploads\/2025\/03\/esquadra_legalista-129x300.jpg 129w, https:\/\/istoe.com.br\/wp-content\/uploads\/2025\/03\/esquadra_legalista-659x1536.jpg 659w, https:\/\/istoe.com.br\/wp-content\/uploads\/2025\/03\/esquadra_legalista-878x2048.jpg 878w, https:\/\/istoe.com.br\/wp-content\/uploads\/2025\/03\/esquadra_legalista.jpg 1323w\" alt=\"Ofensiva de Trump contra o Brasil: relembre vezes em que os EUA intervieram no pa\u00eds\" width=\"439\" height=\"1024\" \/><\/p>\n<p>Conhecida como\u00a0<strong>\u201cesquadra legalista\u201d<\/strong>, a frota naval foi significativa para o fim do combate, que terminou com a derrota dos rebeldes da Armada e a consolida\u00e7\u00e3o do governo de Floriano \u2013 algo que se alinhava aos interesses estrangeiros.<\/p>\n<h3>Governo JK<\/h3>\n<p>A gest\u00e3o presidencial de\u00a0<strong>Juscelino Kubitschek<\/strong>\u00a0(1956-1961) foi marcada por uma rela\u00e7\u00e3o de tens\u00e3o com os Estados Unidos, especialmente pela inten\u00e7\u00e3o da Casa Branca em defender interesses que, muitas vezes, n\u00e3o harmonizavam com os planos brasileiros.<\/p>\n<p>Preocupados em ampliar o dom\u00ednio capitalista, os EUA atuavam fortemente para garantir que as na\u00e7\u00f5es ao redor do mundo n\u00e3o se alinhassem \u00e0s pol\u00edticas socialistas, que vinham ganhando for\u00e7a na \u00e9poca.<\/p>\n<p>Durante o governo do americano\u00a0<strong>Dwight Eisenhower<\/strong>\u00a0(1953-1961), que coincidiu com o de JK, os Estados Unidos impediram deliberadamente a industrializa\u00e7\u00e3o do Brasil por meio de articula\u00e7\u00f5es com o Fundo Monet\u00e1rio Internacional (FMI).<\/p>\n<p>O prop\u00f3sito era impossibilitar empr\u00e9stimos que Juscelino necessitava para colocar em pr\u00e1tica seu plano de industrializar o pa\u00eds. Desse modo, os brasileiros continuariam dependentes do mercado estrangeiro, sujeitos \u00e0 explora\u00e7\u00e3o de patrim\u00f4nio.<\/p>\n<p>Documentos diplom\u00e1ticos liberados pelos EUA mostram relat\u00f3rios sobre a realidade pol\u00edtica, econ\u00f4mica, social e cultural brasileira, al\u00e9m de informa\u00e7\u00f5es sobre os recursos minerais do pa\u00eds latino.<\/p>\n<p>Em v\u00e1rios deles, os norte-americanos expressam descontentamento com o monop\u00f3lio do petr\u00f3leo brasileiro nas m\u00e3os da Petrobras \u2013 j\u00e1 que tinham claras inten\u00e7\u00f5es empresariais de explorar o recurso no pa\u00eds.<\/p>\n<h3>Golpe de 1964: Opera\u00e7\u00e3o Brother Sam<\/h3>\n<p>Um dos acontecimentos mais marcantes da hist\u00f3ria brasileira ocorreu em 1964, quando militares organizaram um golpe de estado contra o ent\u00e3o presidente Jo\u00e3o Goulart, o Jango, e\u00a0<strong>instauraram uma ditadura que durou mais de 20 anos.<\/strong><\/p>\n<p>O momento no Brasil coincidia com um contexto global conturbado, marcado pela Guerra Fria. Ou seja, um cen\u00e1rio de disputa entre Estados Unidos e Uni\u00e3o Sovi\u00e9tica pela hegemonia pol\u00edtica, ideol\u00f3gica e econ\u00f4mica no resto do mundo.<\/p>\n<p>Jango foi eleito democraticamente e seus projetos inclu\u00edam mudan\u00e7as de base, como reforma agr\u00e1ria, educacional, fiscal e tribut\u00e1ria. Defendia tamb\u00e9m o direito do voto para analfabetos e militares de patentes menores.<\/p>\n<p>Assim, mesmo que Jo\u00e3o Goulart nunca tenha se alinhado ao eixo socialista, suas medidas populares incomodavam militares mais conservadores \u2013 sem contar, \u00e9 claro, com as\u00a0<strong>autoridades norte-americanas, que temiam uma \u201cguinada comunista\u201d no pa\u00eds.<\/strong><\/p>\n<p>Com interesses aliados, os EUA protocolaram uma estrat\u00e9gia que ficou conhecida como\u00a0<strong>\u201cOpera\u00e7\u00e3o Brother Sam\u201d<\/strong>. A t\u00e1tica consistia no envio de ajuda b\u00e9lica estadunidense aos militares brasileiros que pretendiam tirar Jango do poder.<\/p>\n<p>Dessa forma, o governo americano autorizou o envio de 100 toneladas de armas leves e muni\u00e7\u00f5es, uma esquadrilha de avi\u00f5es de ca\u00e7a, um navio de transporte com 50 helic\u00f3pteros e outros navios petroleiros ao Brasil \u2013 al\u00e9m de uma tripula\u00e7\u00e3o e armamento completo, porta-avi\u00f5es e seis destr\u00f3ieres.<\/p>\n<p>Apesar de parte dos componentes b\u00e9licos n\u00e3o terem sido usados, eles serviam para garantir que os golpistas n\u00e3o encontrassem resist\u00eancia ap\u00f3s a empreitada contra Jo\u00e3o Goulart.<\/p>\n<p>Em mar\u00e7o de 2025, a Casa Branca publicou uma s\u00e9rie de documentos, at\u00e9 ent\u00e3o sigilosos, que tratam da hist\u00f3ria pol\u00edtica estadunidense. Entre os arquivos, h\u00e1 um relat\u00f3rio que se refere diretamente ao Brasil, em que o ent\u00e3o presidente John F. Kennedy e seus conselheiros tecem cr\u00edticas \u00e0 Jango e alegam que\u00a0<strong>\u201cum golpe militar a certo ponto seria prefer\u00edvel a permitir que um pa\u00eds t\u00e3o grande e poderoso como o Brasil ca\u00edsse nas m\u00e3os da oposi\u00e7\u00e3o\u201d.<\/strong><\/p>\n<p><img decoding=\"async\" class=\"alignnone wp-image-5046454 size-full\" title=\"Ofensiva de Trump contra o Brasil: relembre vezes em que os EUA intervieram no pa\u00eds 8\" src=\"https:\/\/istoe.com.br\/wp-content\/uploads\/2025\/03\/JFK-Golpe.jpg?x95295\" sizes=\"auto, (max-width: 450px) 100vw, 450px\" srcset=\"https:\/\/istoe.com.br\/wp-content\/uploads\/2025\/03\/JFK-Golpe.jpg 450w, https:\/\/istoe.com.br\/wp-content\/uploads\/2025\/03\/JFK-Golpe-250x300.jpg 250w\" alt=\"Ofensiva de Trump contra o Brasil: relembre vezes em que os EUA intervieram no pa\u00eds\" width=\"450\" height=\"540\" \/><\/p>\n<h3>Brasil: por que t\u00e3o visado?<\/h3>\n<p>Mesmo que o Brasil tenha, historicamente, cultivado uma pol\u00edtica externa que n\u00e3o desagrada os pa\u00edses ao redor do globo, as terras tupiniquins sempre estiveram no radar estrangeiro.<\/p>\n<p>N\u00e3o \u00e9 uma surpresa que pot\u00eancias internacionais tenham interesse no Brasil, j\u00e1 que trata-se do\u00a0<strong>quinto maior pa\u00eds do mundo, com um territ\u00f3rio abundante em recursos naturais e um imenso mercado consumidor.<\/strong><\/p>\n<p>O professor Laerte ainda pontua como a pol\u00edtica brasileira \u00e9 relevante no contexto mundial, j\u00e1 que exerce papel decisivo em temas globais, como meio ambiente e seguran\u00e7a. Ele explica que essas qualidades atraem olhares norte-americanos, que se mostram interessados na import\u00e2ncia estrat\u00e9gica do Brasil como pot\u00eancia regional e econ\u00f4mica na Am\u00e9rica Latina.<\/p>\n<p>\u201cEssa postura tamb\u00e9m visa contrabalan\u00e7ar a influ\u00eancia de outras pot\u00eancias na regi\u00e3o. A administra\u00e7\u00e3o Trump tem enfatizado o apoio a movimentos e partidos de direita conservadora em n\u00edvel internacional, buscando fortalecer aliados ideol\u00f3gicos que compartilham vis\u00f5es de mundo semelhantes\u201d, comenta.<\/p>\n<p>Al\u00e9m disso,\u00a0<strong>quanto maior for a influ\u00eancia pol\u00edtica dos EUA sobre o Brasil, maior \u00e9 a garantia da presen\u00e7a econ\u00f4mica americana dentro do pa\u00eds.<\/strong><\/p>\n<p>\u201cParalelamente, h\u00e1 um foco na prote\u00e7\u00e3o dos interesses das empresas americanas no exterior, com destaque para as big techs, assegurando a manuten\u00e7\u00e3o da lideran\u00e7a tecnol\u00f3gica e econ\u00f4mica dos EUA no cen\u00e1rio global\u201d, finaliza Laerte.<\/p>\n<p>Fonte: Isto \u00c9<\/p>\n<\/div>\n<\/div>\n","protected":false},"excerpt":{"rendered":"<p>Foto: Marcelo Camargo\/Ag\u00eancia Brasil Luma Ven\u00e2ncio 31\/03\/25 &#8211; 15h12minEmMundo Atualizado em31\/03\/25 &#8211; 15h46min Em\u00edlio M\u00e9dici, terceiro presidente do per\u00edodo militar, ao lado Richard Nixon, ex-presidente dos EUA\u00a0\u00a0Foto: colagem\/Luma Ven\u00e2ncio A volta de Donald Trump \u00e0 Casa Branca em 2025\u00a0tornou mais n\u00edtida a inten\u00e7\u00e3o norte-americana de impor medidas que ressoam no resto do globo. Em pouco [&hellip;]<\/p>\n","protected":false},"author":2,"featured_media":3242,"comment_status":"open","ping_status":"open","sticky":false,"template":"","format":"standard","meta":{"rop_custom_images_group":[],"rop_custom_messages_group":[],"rop_publish_now":"initial","rop_publish_now_accounts":{"twitter_850042665852968960_850042665852968960":""},"rop_publish_now_history":[],"rop_publish_now_status":"pending","footnotes":""},"categories":[15],"tags":[207,550,549,548,551,421],"class_list":["post-3241","post","type-post","status-publish","format-standard","has-post-thumbnail","hentry","category-destaques","tag-eua","tag-golpe-de-64","tag-governo-jk","tag-intervencao","tag-jango","tag-trump"],"yoast_head":"<!-- This site is optimized with the Yoast SEO plugin v27.2 - https:\/\/yoast.com\/product\/yoast-seo-wordpress\/ -->\n<title>Ofensiva de Trump contra o Brasil: relembre vezes em que os EUA intervieram no pa\u00eds - Prefeitos &amp; Gest\u00f5es<\/title>\n<meta name=\"robots\" content=\"index, follow, max-snippet:-1, max-image-preview:large, max-video-preview:-1\" \/>\n<link rel=\"canonical\" href=\"https:\/\/prefeitosegestoes.com.br\/portal\/ofensiva-de-trump-contra-o-brasil-relembre-vezes-em-que-os-eua-intervieram-no-pais\/\" \/>\n<meta property=\"og:locale\" content=\"pt_BR\" \/>\n<meta property=\"og:type\" content=\"article\" \/>\n<meta property=\"og:title\" content=\"Ofensiva de Trump contra o Brasil: relembre vezes em que os EUA intervieram no pa\u00eds - Prefeitos &amp; Gest\u00f5es\" \/>\n<meta property=\"og:description\" content=\"Foto: Marcelo Camargo\/Ag\u00eancia Brasil Luma Ven\u00e2ncio 31\/03\/25 &#8211; 15h12minEmMundo Atualizado em31\/03\/25 &#8211; 15h46min Em\u00edlio M\u00e9dici, terceiro presidente do per\u00edodo militar, ao lado Richard Nixon, ex-presidente dos EUA\u00a0\u00a0Foto: colagem\/Luma Ven\u00e2ncio A volta de Donald Trump \u00e0 Casa Branca em 2025\u00a0tornou mais n\u00edtida a inten\u00e7\u00e3o norte-americana de impor medidas que ressoam no resto do globo. Em pouco [&hellip;]\" \/>\n<meta property=\"og:url\" content=\"https:\/\/prefeitosegestoes.com.br\/portal\/ofensiva-de-trump-contra-o-brasil-relembre-vezes-em-que-os-eua-intervieram-no-pais\/\" \/>\n<meta property=\"og:site_name\" content=\"Prefeitos &amp; Gest\u00f5es\" \/>\n<meta property=\"article:publisher\" content=\"https:\/\/www.facebook.com\/prefeitosonline\" \/>\n<meta property=\"article:published_time\" content=\"2025-03-31T21:14:19+00:00\" \/>\n<meta property=\"article:modified_time\" content=\"2025-03-31T21:21:20+00:00\" \/>\n<meta property=\"og:image\" content=\"https:\/\/prefeitosegestoes.com.br\/portal\/wp-content\/uploads\/2025\/03\/comboio-militar-esplanada_mcamgo_abr_100820211818-3_0.webp\" \/>\n\t<meta property=\"og:image:width\" content=\"1024\" \/>\n\t<meta property=\"og:image:height\" content=\"768\" \/>\n\t<meta property=\"og:image:type\" content=\"image\/webp\" \/>\n<meta name=\"author\" content=\"Prefeitos &amp; Gest\u00f5es\" \/>\n<meta name=\"twitter:card\" content=\"summary_large_image\" \/>\n<meta name=\"twitter:creator\" content=\"@PrefGestoes\" \/>\n<meta name=\"twitter:site\" content=\"@PrefGestoes\" \/>\n<meta name=\"twitter:label1\" content=\"Escrito por\" \/>\n\t<meta name=\"twitter:data1\" content=\"Prefeitos &amp; Gest\u00f5es\" \/>\n\t<meta name=\"twitter:label2\" content=\"Est. tempo de leitura\" \/>\n\t<meta name=\"twitter:data2\" content=\"10 minutos\" \/>\n<script type=\"application\/ld+json\" class=\"yoast-schema-graph\">{\"@context\":\"https:\/\/schema.org\",\"@graph\":[{\"@type\":\"Article\",\"@id\":\"https:\/\/prefeitosegestoes.com.br\/portal\/ofensiva-de-trump-contra-o-brasil-relembre-vezes-em-que-os-eua-intervieram-no-pais\/#article\",\"isPartOf\":{\"@id\":\"https:\/\/prefeitosegestoes.com.br\/portal\/ofensiva-de-trump-contra-o-brasil-relembre-vezes-em-que-os-eua-intervieram-no-pais\/\"},\"author\":{\"name\":\"Prefeitos &amp; Gest\u00f5es\",\"@id\":\"https:\/\/prefeitosegestoes.com.br\/portal\/#\/schema\/person\/d00059f2ec99963e7e1850d448ae94b8\"},\"headline\":\"Ofensiva de Trump contra o Brasil: relembre vezes em que os EUA intervieram no pa\u00eds\",\"datePublished\":\"2025-03-31T21:14:19+00:00\",\"dateModified\":\"2025-03-31T21:21:20+00:00\",\"mainEntityOfPage\":{\"@id\":\"https:\/\/prefeitosegestoes.com.br\/portal\/ofensiva-de-trump-contra-o-brasil-relembre-vezes-em-que-os-eua-intervieram-no-pais\/\"},\"wordCount\":1762,\"commentCount\":0,\"publisher\":{\"@id\":\"https:\/\/prefeitosegestoes.com.br\/portal\/#organization\"},\"image\":{\"@id\":\"https:\/\/prefeitosegestoes.com.br\/portal\/ofensiva-de-trump-contra-o-brasil-relembre-vezes-em-que-os-eua-intervieram-no-pais\/#primaryimage\"},\"thumbnailUrl\":\"https:\/\/prefeitosegestoes.com.br\/portal\/wp-content\/uploads\/2025\/03\/comboio-militar-esplanada_mcamgo_abr_100820211818-3_0.webp\",\"keywords\":[\"EUA\",\"Golpe de 64\",\"Governo JK\",\"Interven\u00e7ao\",\"Jango\",\"Trump\"],\"articleSection\":[\"Destaques\"],\"inLanguage\":\"pt-BR\",\"potentialAction\":[{\"@type\":\"CommentAction\",\"name\":\"Comment\",\"target\":[\"https:\/\/prefeitosegestoes.com.br\/portal\/ofensiva-de-trump-contra-o-brasil-relembre-vezes-em-que-os-eua-intervieram-no-pais\/#respond\"]}]},{\"@type\":\"WebPage\",\"@id\":\"https:\/\/prefeitosegestoes.com.br\/portal\/ofensiva-de-trump-contra-o-brasil-relembre-vezes-em-que-os-eua-intervieram-no-pais\/\",\"url\":\"https:\/\/prefeitosegestoes.com.br\/portal\/ofensiva-de-trump-contra-o-brasil-relembre-vezes-em-que-os-eua-intervieram-no-pais\/\",\"name\":\"Ofensiva de Trump contra o Brasil: relembre vezes em que os EUA intervieram no pa\u00eds - Prefeitos &amp; Gest\u00f5es\",\"isPartOf\":{\"@id\":\"https:\/\/prefeitosegestoes.com.br\/portal\/#website\"},\"primaryImageOfPage\":{\"@id\":\"https:\/\/prefeitosegestoes.com.br\/portal\/ofensiva-de-trump-contra-o-brasil-relembre-vezes-em-que-os-eua-intervieram-no-pais\/#primaryimage\"},\"image\":{\"@id\":\"https:\/\/prefeitosegestoes.com.br\/portal\/ofensiva-de-trump-contra-o-brasil-relembre-vezes-em-que-os-eua-intervieram-no-pais\/#primaryimage\"},\"thumbnailUrl\":\"https:\/\/prefeitosegestoes.com.br\/portal\/wp-content\/uploads\/2025\/03\/comboio-militar-esplanada_mcamgo_abr_100820211818-3_0.webp\",\"datePublished\":\"2025-03-31T21:14:19+00:00\",\"dateModified\":\"2025-03-31T21:21:20+00:00\",\"breadcrumb\":{\"@id\":\"https:\/\/prefeitosegestoes.com.br\/portal\/ofensiva-de-trump-contra-o-brasil-relembre-vezes-em-que-os-eua-intervieram-no-pais\/#breadcrumb\"},\"inLanguage\":\"pt-BR\",\"potentialAction\":[{\"@type\":\"ReadAction\",\"target\":[\"https:\/\/prefeitosegestoes.com.br\/portal\/ofensiva-de-trump-contra-o-brasil-relembre-vezes-em-que-os-eua-intervieram-no-pais\/\"]}]},{\"@type\":\"ImageObject\",\"inLanguage\":\"pt-BR\",\"@id\":\"https:\/\/prefeitosegestoes.com.br\/portal\/ofensiva-de-trump-contra-o-brasil-relembre-vezes-em-que-os-eua-intervieram-no-pais\/#primaryimage\",\"url\":\"https:\/\/prefeitosegestoes.com.br\/portal\/wp-content\/uploads\/2025\/03\/comboio-militar-esplanada_mcamgo_abr_100820211818-3_0.webp\",\"contentUrl\":\"https:\/\/prefeitosegestoes.com.br\/portal\/wp-content\/uploads\/2025\/03\/comboio-militar-esplanada_mcamgo_abr_100820211818-3_0.webp\",\"width\":1024,\"height\":768},{\"@type\":\"BreadcrumbList\",\"@id\":\"https:\/\/prefeitosegestoes.com.br\/portal\/ofensiva-de-trump-contra-o-brasil-relembre-vezes-em-que-os-eua-intervieram-no-pais\/#breadcrumb\",\"itemListElement\":[{\"@type\":\"ListItem\",\"position\":1,\"name\":\"In\u00edcio\",\"item\":\"https:\/\/prefeitosegestoes.com.br\/portal\/\"},{\"@type\":\"ListItem\",\"position\":2,\"name\":\"Ofensiva de Trump contra o Brasil: relembre vezes em que os EUA intervieram no pa\u00eds\"}]},{\"@type\":\"WebSite\",\"@id\":\"https:\/\/prefeitosegestoes.com.br\/portal\/#website\",\"url\":\"https:\/\/prefeitosegestoes.com.br\/portal\/\",\"name\":\"Prefeitos & Gest\u00f5es\",\"description\":\"\",\"publisher\":{\"@id\":\"https:\/\/prefeitosegestoes.com.br\/portal\/#organization\"},\"potentialAction\":[{\"@type\":\"SearchAction\",\"target\":{\"@type\":\"EntryPoint\",\"urlTemplate\":\"https:\/\/prefeitosegestoes.com.br\/portal\/?s={search_term_string}\"},\"query-input\":{\"@type\":\"PropertyValueSpecification\",\"valueRequired\":true,\"valueName\":\"search_term_string\"}}],\"inLanguage\":\"pt-BR\"},{\"@type\":\"Organization\",\"@id\":\"https:\/\/prefeitosegestoes.com.br\/portal\/#organization\",\"name\":\"Prefeitos & Gest\u00f5es\",\"url\":\"https:\/\/prefeitosegestoes.com.br\/portal\/\",\"logo\":{\"@type\":\"ImageObject\",\"inLanguage\":\"pt-BR\",\"@id\":\"https:\/\/prefeitosegestoes.com.br\/portal\/#\/schema\/logo\/image\/\",\"url\":\"https:\/\/prefeitosegestoes.com.br\/portal\/wp-content\/uploads\/2024\/10\/lg_trans_prefeitos_2024_preto2.png\",\"contentUrl\":\"https:\/\/prefeitosegestoes.com.br\/portal\/wp-content\/uploads\/2024\/10\/lg_trans_prefeitos_2024_preto2.png\",\"width\":199,\"height\":122,\"caption\":\"Prefeitos & Gest\u00f5es\"},\"image\":{\"@id\":\"https:\/\/prefeitosegestoes.com.br\/portal\/#\/schema\/logo\/image\/\"},\"sameAs\":[\"https:\/\/www.facebook.com\/prefeitosonline\",\"https:\/\/x.com\/PrefGestoes\"]},{\"@type\":\"Person\",\"@id\":\"https:\/\/prefeitosegestoes.com.br\/portal\/#\/schema\/person\/d00059f2ec99963e7e1850d448ae94b8\",\"name\":\"Prefeitos &amp; Gest\u00f5es\",\"image\":{\"@type\":\"ImageObject\",\"inLanguage\":\"pt-BR\",\"@id\":\"https:\/\/secure.gravatar.com\/avatar\/738fb281e479212ed32c1a21a4307dda9f3af9292edb6918a16c9ce9fff5f48d?s=96&d=mm&r=g\",\"url\":\"https:\/\/secure.gravatar.com\/avatar\/738fb281e479212ed32c1a21a4307dda9f3af9292edb6918a16c9ce9fff5f48d?s=96&d=mm&r=g\",\"contentUrl\":\"https:\/\/secure.gravatar.com\/avatar\/738fb281e479212ed32c1a21a4307dda9f3af9292edb6918a16c9ce9fff5f48d?s=96&d=mm&r=g\",\"caption\":\"Prefeitos &amp; Gest\u00f5es\"},\"url\":\"https:\/\/prefeitosegestoes.com.br\/portal\/author\/prefeitosegestoes\/\"}]}<\/script>\n<!-- \/ Yoast SEO plugin. -->","yoast_head_json":{"title":"Ofensiva de Trump contra o Brasil: relembre vezes em que os EUA intervieram no pa\u00eds - Prefeitos &amp; Gest\u00f5es","robots":{"index":"index","follow":"follow","max-snippet":"max-snippet:-1","max-image-preview":"max-image-preview:large","max-video-preview":"max-video-preview:-1"},"canonical":"https:\/\/prefeitosegestoes.com.br\/portal\/ofensiva-de-trump-contra-o-brasil-relembre-vezes-em-que-os-eua-intervieram-no-pais\/","og_locale":"pt_BR","og_type":"article","og_title":"Ofensiva de Trump contra o Brasil: relembre vezes em que os EUA intervieram no pa\u00eds - Prefeitos &amp; Gest\u00f5es","og_description":"Foto: Marcelo Camargo\/Ag\u00eancia Brasil Luma Ven\u00e2ncio 31\/03\/25 &#8211; 15h12minEmMundo Atualizado em31\/03\/25 &#8211; 15h46min Em\u00edlio M\u00e9dici, terceiro presidente do per\u00edodo militar, ao lado Richard Nixon, ex-presidente dos EUA\u00a0\u00a0Foto: colagem\/Luma Ven\u00e2ncio A volta de Donald Trump \u00e0 Casa Branca em 2025\u00a0tornou mais n\u00edtida a inten\u00e7\u00e3o norte-americana de impor medidas que ressoam no resto do globo. Em pouco [&hellip;]","og_url":"https:\/\/prefeitosegestoes.com.br\/portal\/ofensiva-de-trump-contra-o-brasil-relembre-vezes-em-que-os-eua-intervieram-no-pais\/","og_site_name":"Prefeitos &amp; Gest\u00f5es","article_publisher":"https:\/\/www.facebook.com\/prefeitosonline","article_published_time":"2025-03-31T21:14:19+00:00","article_modified_time":"2025-03-31T21:21:20+00:00","og_image":[{"width":1024,"height":768,"url":"https:\/\/prefeitosegestoes.com.br\/portal\/wp-content\/uploads\/2025\/03\/comboio-militar-esplanada_mcamgo_abr_100820211818-3_0.webp","type":"image\/webp"}],"author":"Prefeitos &amp; Gest\u00f5es","twitter_card":"summary_large_image","twitter_creator":"@PrefGestoes","twitter_site":"@PrefGestoes","twitter_misc":{"Escrito por":"Prefeitos &amp; Gest\u00f5es","Est. tempo de leitura":"10 minutos"},"schema":{"@context":"https:\/\/schema.org","@graph":[{"@type":"Article","@id":"https:\/\/prefeitosegestoes.com.br\/portal\/ofensiva-de-trump-contra-o-brasil-relembre-vezes-em-que-os-eua-intervieram-no-pais\/#article","isPartOf":{"@id":"https:\/\/prefeitosegestoes.com.br\/portal\/ofensiva-de-trump-contra-o-brasil-relembre-vezes-em-que-os-eua-intervieram-no-pais\/"},"author":{"name":"Prefeitos &amp; Gest\u00f5es","@id":"https:\/\/prefeitosegestoes.com.br\/portal\/#\/schema\/person\/d00059f2ec99963e7e1850d448ae94b8"},"headline":"Ofensiva de Trump contra o Brasil: relembre vezes em que os EUA intervieram no pa\u00eds","datePublished":"2025-03-31T21:14:19+00:00","dateModified":"2025-03-31T21:21:20+00:00","mainEntityOfPage":{"@id":"https:\/\/prefeitosegestoes.com.br\/portal\/ofensiva-de-trump-contra-o-brasil-relembre-vezes-em-que-os-eua-intervieram-no-pais\/"},"wordCount":1762,"commentCount":0,"publisher":{"@id":"https:\/\/prefeitosegestoes.com.br\/portal\/#organization"},"image":{"@id":"https:\/\/prefeitosegestoes.com.br\/portal\/ofensiva-de-trump-contra-o-brasil-relembre-vezes-em-que-os-eua-intervieram-no-pais\/#primaryimage"},"thumbnailUrl":"https:\/\/prefeitosegestoes.com.br\/portal\/wp-content\/uploads\/2025\/03\/comboio-militar-esplanada_mcamgo_abr_100820211818-3_0.webp","keywords":["EUA","Golpe de 64","Governo JK","Interven\u00e7ao","Jango","Trump"],"articleSection":["Destaques"],"inLanguage":"pt-BR","potentialAction":[{"@type":"CommentAction","name":"Comment","target":["https:\/\/prefeitosegestoes.com.br\/portal\/ofensiva-de-trump-contra-o-brasil-relembre-vezes-em-que-os-eua-intervieram-no-pais\/#respond"]}]},{"@type":"WebPage","@id":"https:\/\/prefeitosegestoes.com.br\/portal\/ofensiva-de-trump-contra-o-brasil-relembre-vezes-em-que-os-eua-intervieram-no-pais\/","url":"https:\/\/prefeitosegestoes.com.br\/portal\/ofensiva-de-trump-contra-o-brasil-relembre-vezes-em-que-os-eua-intervieram-no-pais\/","name":"Ofensiva de Trump contra o Brasil: relembre vezes em que os EUA intervieram no pa\u00eds - Prefeitos &amp; Gest\u00f5es","isPartOf":{"@id":"https:\/\/prefeitosegestoes.com.br\/portal\/#website"},"primaryImageOfPage":{"@id":"https:\/\/prefeitosegestoes.com.br\/portal\/ofensiva-de-trump-contra-o-brasil-relembre-vezes-em-que-os-eua-intervieram-no-pais\/#primaryimage"},"image":{"@id":"https:\/\/prefeitosegestoes.com.br\/portal\/ofensiva-de-trump-contra-o-brasil-relembre-vezes-em-que-os-eua-intervieram-no-pais\/#primaryimage"},"thumbnailUrl":"https:\/\/prefeitosegestoes.com.br\/portal\/wp-content\/uploads\/2025\/03\/comboio-militar-esplanada_mcamgo_abr_100820211818-3_0.webp","datePublished":"2025-03-31T21:14:19+00:00","dateModified":"2025-03-31T21:21:20+00:00","breadcrumb":{"@id":"https:\/\/prefeitosegestoes.com.br\/portal\/ofensiva-de-trump-contra-o-brasil-relembre-vezes-em-que-os-eua-intervieram-no-pais\/#breadcrumb"},"inLanguage":"pt-BR","potentialAction":[{"@type":"ReadAction","target":["https:\/\/prefeitosegestoes.com.br\/portal\/ofensiva-de-trump-contra-o-brasil-relembre-vezes-em-que-os-eua-intervieram-no-pais\/"]}]},{"@type":"ImageObject","inLanguage":"pt-BR","@id":"https:\/\/prefeitosegestoes.com.br\/portal\/ofensiva-de-trump-contra-o-brasil-relembre-vezes-em-que-os-eua-intervieram-no-pais\/#primaryimage","url":"https:\/\/prefeitosegestoes.com.br\/portal\/wp-content\/uploads\/2025\/03\/comboio-militar-esplanada_mcamgo_abr_100820211818-3_0.webp","contentUrl":"https:\/\/prefeitosegestoes.com.br\/portal\/wp-content\/uploads\/2025\/03\/comboio-militar-esplanada_mcamgo_abr_100820211818-3_0.webp","width":1024,"height":768},{"@type":"BreadcrumbList","@id":"https:\/\/prefeitosegestoes.com.br\/portal\/ofensiva-de-trump-contra-o-brasil-relembre-vezes-em-que-os-eua-intervieram-no-pais\/#breadcrumb","itemListElement":[{"@type":"ListItem","position":1,"name":"In\u00edcio","item":"https:\/\/prefeitosegestoes.com.br\/portal\/"},{"@type":"ListItem","position":2,"name":"Ofensiva de Trump contra o Brasil: relembre vezes em que os EUA intervieram no pa\u00eds"}]},{"@type":"WebSite","@id":"https:\/\/prefeitosegestoes.com.br\/portal\/#website","url":"https:\/\/prefeitosegestoes.com.br\/portal\/","name":"Prefeitos & Gest\u00f5es","description":"","publisher":{"@id":"https:\/\/prefeitosegestoes.com.br\/portal\/#organization"},"potentialAction":[{"@type":"SearchAction","target":{"@type":"EntryPoint","urlTemplate":"https:\/\/prefeitosegestoes.com.br\/portal\/?s={search_term_string}"},"query-input":{"@type":"PropertyValueSpecification","valueRequired":true,"valueName":"search_term_string"}}],"inLanguage":"pt-BR"},{"@type":"Organization","@id":"https:\/\/prefeitosegestoes.com.br\/portal\/#organization","name":"Prefeitos & Gest\u00f5es","url":"https:\/\/prefeitosegestoes.com.br\/portal\/","logo":{"@type":"ImageObject","inLanguage":"pt-BR","@id":"https:\/\/prefeitosegestoes.com.br\/portal\/#\/schema\/logo\/image\/","url":"https:\/\/prefeitosegestoes.com.br\/portal\/wp-content\/uploads\/2024\/10\/lg_trans_prefeitos_2024_preto2.png","contentUrl":"https:\/\/prefeitosegestoes.com.br\/portal\/wp-content\/uploads\/2024\/10\/lg_trans_prefeitos_2024_preto2.png","width":199,"height":122,"caption":"Prefeitos & Gest\u00f5es"},"image":{"@id":"https:\/\/prefeitosegestoes.com.br\/portal\/#\/schema\/logo\/image\/"},"sameAs":["https:\/\/www.facebook.com\/prefeitosonline","https:\/\/x.com\/PrefGestoes"]},{"@type":"Person","@id":"https:\/\/prefeitosegestoes.com.br\/portal\/#\/schema\/person\/d00059f2ec99963e7e1850d448ae94b8","name":"Prefeitos &amp; Gest\u00f5es","image":{"@type":"ImageObject","inLanguage":"pt-BR","@id":"https:\/\/secure.gravatar.com\/avatar\/738fb281e479212ed32c1a21a4307dda9f3af9292edb6918a16c9ce9fff5f48d?s=96&d=mm&r=g","url":"https:\/\/secure.gravatar.com\/avatar\/738fb281e479212ed32c1a21a4307dda9f3af9292edb6918a16c9ce9fff5f48d?s=96&d=mm&r=g","contentUrl":"https:\/\/secure.gravatar.com\/avatar\/738fb281e479212ed32c1a21a4307dda9f3af9292edb6918a16c9ce9fff5f48d?s=96&d=mm&r=g","caption":"Prefeitos &amp; Gest\u00f5es"},"url":"https:\/\/prefeitosegestoes.com.br\/portal\/author\/prefeitosegestoes\/"}]}},"_links":{"self":[{"href":"https:\/\/prefeitosegestoes.com.br\/portal\/wp-json\/wp\/v2\/posts\/3241","targetHints":{"allow":["GET"]}}],"collection":[{"href":"https:\/\/prefeitosegestoes.com.br\/portal\/wp-json\/wp\/v2\/posts"}],"about":[{"href":"https:\/\/prefeitosegestoes.com.br\/portal\/wp-json\/wp\/v2\/types\/post"}],"author":[{"embeddable":true,"href":"https:\/\/prefeitosegestoes.com.br\/portal\/wp-json\/wp\/v2\/users\/2"}],"replies":[{"embeddable":true,"href":"https:\/\/prefeitosegestoes.com.br\/portal\/wp-json\/wp\/v2\/comments?post=3241"}],"version-history":[{"count":2,"href":"https:\/\/prefeitosegestoes.com.br\/portal\/wp-json\/wp\/v2\/posts\/3241\/revisions"}],"predecessor-version":[{"id":3244,"href":"https:\/\/prefeitosegestoes.com.br\/portal\/wp-json\/wp\/v2\/posts\/3241\/revisions\/3244"}],"wp:featuredmedia":[{"embeddable":true,"href":"https:\/\/prefeitosegestoes.com.br\/portal\/wp-json\/wp\/v2\/media\/3242"}],"wp:attachment":[{"href":"https:\/\/prefeitosegestoes.com.br\/portal\/wp-json\/wp\/v2\/media?parent=3241"}],"wp:term":[{"taxonomy":"category","embeddable":true,"href":"https:\/\/prefeitosegestoes.com.br\/portal\/wp-json\/wp\/v2\/categories?post=3241"},{"taxonomy":"post_tag","embeddable":true,"href":"https:\/\/prefeitosegestoes.com.br\/portal\/wp-json\/wp\/v2\/tags?post=3241"}],"curies":[{"name":"wp","href":"https:\/\/api.w.org\/{rel}","templated":true}]}}