{"id":3233,"date":"2025-03-28T12:22:29","date_gmt":"2025-03-28T15:22:29","guid":{"rendered":"https:\/\/prefeitosegestoes.com.br\/portal\/?p=3233"},"modified":"2025-03-28T12:22:29","modified_gmt":"2025-03-28T15:22:29","slug":"importancia-da-iluminacao-em-locais-publicos","status":"publish","type":"post","link":"https:\/\/prefeitosegestoes.com.br\/portal\/importancia-da-iluminacao-em-locais-publicos\/","title":{"rendered":"Import\u00e2ncia da ilumina\u00e7\u00e3o em locais p\u00fablicos"},"content":{"rendered":"<h6>Imagem cedida pelo cliente<\/h6>\n<h5>ENTENDA COMO A ILUMINA\u00c7\u00c3O URBANA INFLUENCIA NA SEGURAN\u00c7A E QUALIDADE DE VIDA PARA A POPULA\u00c7\u00c3O.<\/h5>\n<p>A ilumina\u00e7\u00e3o p\u00fablica desempenha um papel essencial no cotidiano das cidades, indo muito al\u00e9m de sua fun\u00e7\u00e3o pr\u00e1tica de iluminar vias e espa\u00e7os p\u00fablicos. Estudos mostram que ambientes bem iluminados n\u00e3o apenas aumentam a seguran\u00e7a, como tamb\u00e9m contribuem significativamente para a qualidade de vida e o bem-estar das pessoas que vivem e circulam nesses locais. Um exemplo disso \u00e9 uma pesquisa realizada em colabora\u00e7\u00e3o com a pol\u00edcia metropolitana de Nova York, que demonstrou que a instala\u00e7\u00e3o de ilumina\u00e7\u00e3o extra em ruas priorit\u00e1rias reduziu os delitos noturnos em 36% ao longo de seis meses. Essa investiga\u00e7\u00e3o, conduzida pelo Bureau Nacional de Pesquisa Econ\u00f4mica, avaliou o impacto em 40 ruas de \u00e1reas com alta taxa de crimes, evidenciando como a luz \u00e9 uma ferramenta poderosa para transformar espa\u00e7os urbanos.<\/p>\n<h3>Luz como aliada na seguran\u00e7a p\u00fablica<\/h3>\n<p>A rela\u00e7\u00e3o entre ilumina\u00e7\u00e3o e seguran\u00e7a \u00e9 clara. Locais escuros s\u00e3o frequentemente associados a um maior risco de crimes, enquanto \u00e1reas bem iluminadas funcionam como um inibidor natural de pr\u00e1ticas il\u00edcitas. O simples ato de garantir luz suficiente em ruas, pra\u00e7as e outros espa\u00e7os p\u00fablicos j\u00e1 \u00e9 suficiente para aumentar a sensa\u00e7\u00e3o de seguran\u00e7a e a vigil\u00e2ncia natural, tanto por parte das autoridades quanto pela pr\u00f3pria popula\u00e7\u00e3o. A instala\u00e7\u00e3o de tecnologias mais modernas, como\u00a0<a href=\"https:\/\/novvalight.com.br\/iluminacao-quadra-poliesportiva\/\">refletores para quadra esportiva<\/a>\u00a0e vias p\u00fablicas, tamb\u00e9m tem ganhado espa\u00e7o, contribuindo para iluminar \u00e1reas amplas de maneira eficiente.<\/p>\n<figure id=\"attachment_3234\" aria-describedby=\"caption-attachment-3234\" style=\"width: 650px\" class=\"wp-caption alignnone\"><img fetchpriority=\"high\" decoding=\"async\" class=\" wp-image-3234\" src=\"https:\/\/prefeitosegestoes.com.br\/portal\/wp-content\/uploads\/2025\/03\/Imagem-2-300x169.jpg\" alt=\"\" width=\"650\" height=\"367\" srcset=\"https:\/\/prefeitosegestoes.com.br\/portal\/wp-content\/uploads\/2025\/03\/Imagem-2-300x169.jpg 300w, https:\/\/prefeitosegestoes.com.br\/portal\/wp-content\/uploads\/2025\/03\/Imagem-2-1024x576.jpg 1024w, https:\/\/prefeitosegestoes.com.br\/portal\/wp-content\/uploads\/2025\/03\/Imagem-2-768x432.jpg 768w, https:\/\/prefeitosegestoes.com.br\/portal\/wp-content\/uploads\/2025\/03\/Imagem-2-1536x864.jpg 1536w, https:\/\/prefeitosegestoes.com.br\/portal\/wp-content\/uploads\/2025\/03\/Imagem-2-2048x1152.jpg 2048w\" sizes=\"(max-width: 650px) 100vw, 650px\" \/><figcaption id=\"caption-attachment-3234\" class=\"wp-caption-text\">Imagem cedida pelo cliente<\/figcaption><\/figure>\n<h3>Ilumina\u00e7\u00e3o e mobilidade urbana<\/h3>\n<p>Al\u00e9m da seguran\u00e7a, a ilumina\u00e7\u00e3o p\u00fablica influencia diretamente a mobilidade urbana. Em locais onde a ilumina\u00e7\u00e3o \u00e9 prec\u00e1ria, pedestres, ciclistas e motoristas enfrentam mais dificuldades para se deslocar, especialmente durante a noite. Ruas bem iluminadas facilitam a navega\u00e7\u00e3o, reduzem acidentes e incentivam o uso de espa\u00e7os ao ar livre mesmo ap\u00f3s o anoitecer. Espa\u00e7os como parques, pra\u00e7as e ciclovias se tornam mais convidativos com uma ilumina\u00e7\u00e3o adequada, incentivando pr\u00e1ticas saud\u00e1veis, como caminhadas e exerc\u00edcios f\u00edsicos, e fortalecendo a conviv\u00eancia comunit\u00e1ria.<\/p>\n<h3>Impacto no bem-estar e na qualidade de vida<\/h3>\n<p>Uma cidade bem iluminada n\u00e3o \u00e9 apenas mais funcional, mas tamb\u00e9m mais acolhedora para seus habitantes. A ilumina\u00e7\u00e3o p\u00fablica pode transformar a percep\u00e7\u00e3o dos espa\u00e7os urbanos, criando ambientes mais agrad\u00e1veis e promovendo o uso cont\u00ednuo das \u00e1reas p\u00fablicas. Cidades iluminadas tamb\u00e9m favorecem o com\u00e9rcio noturno, ampliam o hor\u00e1rio de funcionamento de servi\u00e7os e estimulam a vida cultural, com eventos que se estendem para al\u00e9m do dia. A luz, portanto, n\u00e3o apenas previne o crime, mas cria oportunidades para a intera\u00e7\u00e3o social e o lazer.<\/p>\n<h3>Luz como s\u00edmbolo de urbaniza\u00e7\u00e3o e modernidade<\/h3>\n<p>Ao longo dos anos, a ilumina\u00e7\u00e3o p\u00fablica se consolidou como um dos marcos da urbaniza\u00e7\u00e3o e do progresso social. Cidades bem iluminadas n\u00e3o apenas demonstram uma preocupa\u00e7\u00e3o com a seguran\u00e7a, mas tamb\u00e9m refletem o cuidado com o planejamento urbano e o bem-estar da popula\u00e7\u00e3o. Al\u00e9m do aspecto pr\u00e1tico, a ilumina\u00e7\u00e3o \u00e9 um elemento que comp\u00f5e a identidade de uma cidade. Grandes centros urbanos, como Paris e Nova York, s\u00e3o reconhecidos mundialmente por sua ilumina\u00e7\u00e3o noturna que real\u00e7a a arquitetura, cria paisagens deslumbrantes e valoriza os espa\u00e7os urbanos.<\/p>\n<h3>Papel da ilumina\u00e7\u00e3o no futuro das cidades<\/h3>\n<p>A ilumina\u00e7\u00e3o p\u00fablica continuar\u00e1 sendo um dos pilares do desenvolvimento urbano. Com a tecnologia avan\u00e7ando rapidamente, \u00e9 poss\u00edvel imaginar um futuro em que sistemas de ilumina\u00e7\u00e3o sejam completamente integrados a solu\u00e7\u00f5es inteligentes de cidades conectadas, melhorando ainda mais a seguran\u00e7a e a efici\u00eancia energ\u00e9tica. Enquanto isso, garantir ilumina\u00e7\u00e3o de qualidade nos locais p\u00fablicos \u00e9 um passo essencial para promover seguran\u00e7a, conforto e bem-estar.<\/p>\n<p><strong><em>\u201cAl\u00e9m da seguran\u00e7a, a ilumina\u00e7\u00e3o p\u00fablica influencia diretamente a mobilidade urbana. Em locais onde a ilumina\u00e7\u00e3o \u00e9 prec\u00e1ria, pedestres, ciclistas e motoristas enfrentam mais dificuldades para se deslocar, especialmente durante a noite\u201d<\/em><\/strong><\/p>\n<p>Fonte; Hedgehogdigital.co.uk<\/p>\n<p>&nbsp;<\/p>\n<p>&nbsp;<\/p>\n","protected":false},"excerpt":{"rendered":"<p>Imagem cedida pelo cliente ENTENDA COMO A ILUMINA\u00c7\u00c3O URBANA INFLUENCIA NA SEGURAN\u00c7A E QUALIDADE DE VIDA PARA A POPULA\u00c7\u00c3O. A ilumina\u00e7\u00e3o p\u00fablica desempenha um papel essencial no cotidiano das cidades, indo muito al\u00e9m de sua fun\u00e7\u00e3o pr\u00e1tica de iluminar vias e espa\u00e7os p\u00fablicos. Estudos mostram que ambientes bem iluminados n\u00e3o apenas aumentam a seguran\u00e7a, como [&hellip;]<\/p>\n","protected":false},"author":2,"featured_media":3235,"comment_status":"open","ping_status":"open","sticky":false,"template":"","format":"standard","meta":{"rop_custom_images_group":[],"rop_custom_messages_group":[],"rop_publish_now":"initial","rop_publish_now_accounts":{"twitter_850042665852968960_850042665852968960":""},"rop_publish_now_history":[],"rop_publish_now_status":"pending","footnotes":""},"categories":[9],"tags":[122,140,544,177,543],"class_list":["post-3233","post","type-post","status-publish","format-standard","has-post-thumbnail","hentry","category-municipios","tag-cidades","tag-iluminacao-publica","tag-luz","tag-qualidade-de-vida","tag-urbanizacao"],"yoast_head":"<!-- This site is optimized with the Yoast SEO plugin v27.2 - https:\/\/yoast.com\/product\/yoast-seo-wordpress\/ -->\n<title>Import\u00e2ncia da ilumina\u00e7\u00e3o em locais p\u00fablicos - Prefeitos &amp; Gest\u00f5es<\/title>\n<meta name=\"description\" content=\"A ilumina\u00e7\u00e3o p\u00fablica desempenha um papel essencial no cotidiano das cidades, indo muito al\u00e9m de sua fun\u00e7\u00e3o pr\u00e1tica de iluminar vias e espa\u00e7os p\u00fablicos. Estudos mostram que ambientes bem iluminados n\u00e3o apenas aumentam a seguran\u00e7a, como tamb\u00e9m contribuem significativamente para a qualidade de vida e o bem-estar das pessoas que vivem e circulam nesses locais. Um exemplo disso \u00e9 uma pesquisa realizada em colabora\u00e7\u00e3o com a pol\u00edcia metropolitana de Nova York, que demonstrou que a instala\u00e7\u00e3o de ilumina\u00e7\u00e3o extra em ruas priorit\u00e1rias reduziu os delitos noturnos em 36% ao longo de seis meses. Essa investiga\u00e7\u00e3o, conduzida pelo Bureau Nacional de Pesquisa Econ\u00f4mica, avaliou o impacto em 40 ruas de \u00e1reas com alta taxa de crimes, evidenciando como a luz \u00e9 uma ferramenta poderosa para transformar espa\u00e7os urbanos.\" \/>\n<meta name=\"robots\" content=\"index, follow, max-snippet:-1, max-image-preview:large, max-video-preview:-1\" \/>\n<link rel=\"canonical\" href=\"https:\/\/prefeitosegestoes.com.br\/portal\/importancia-da-iluminacao-em-locais-publicos\/\" \/>\n<meta property=\"og:locale\" content=\"pt_BR\" \/>\n<meta property=\"og:type\" content=\"article\" \/>\n<meta property=\"og:title\" content=\"Import\u00e2ncia da ilumina\u00e7\u00e3o em locais p\u00fablicos - Prefeitos &amp; Gest\u00f5es\" \/>\n<meta property=\"og:description\" content=\"A ilumina\u00e7\u00e3o p\u00fablica desempenha um papel essencial no cotidiano das cidades, indo muito al\u00e9m de sua fun\u00e7\u00e3o pr\u00e1tica de iluminar vias e espa\u00e7os p\u00fablicos. Estudos mostram que ambientes bem iluminados n\u00e3o apenas aumentam a seguran\u00e7a, como tamb\u00e9m contribuem significativamente para a qualidade de vida e o bem-estar das pessoas que vivem e circulam nesses locais. Um exemplo disso \u00e9 uma pesquisa realizada em colabora\u00e7\u00e3o com a pol\u00edcia metropolitana de Nova York, que demonstrou que a instala\u00e7\u00e3o de ilumina\u00e7\u00e3o extra em ruas priorit\u00e1rias reduziu os delitos noturnos em 36% ao longo de seis meses. Essa investiga\u00e7\u00e3o, conduzida pelo Bureau Nacional de Pesquisa Econ\u00f4mica, avaliou o impacto em 40 ruas de \u00e1reas com alta taxa de crimes, evidenciando como a luz \u00e9 uma ferramenta poderosa para transformar espa\u00e7os urbanos.\" \/>\n<meta property=\"og:url\" content=\"https:\/\/prefeitosegestoes.com.br\/portal\/importancia-da-iluminacao-em-locais-publicos\/\" \/>\n<meta property=\"og:site_name\" content=\"Prefeitos &amp; Gest\u00f5es\" \/>\n<meta property=\"article:publisher\" content=\"https:\/\/www.facebook.com\/prefeitosonline\" \/>\n<meta property=\"article:published_time\" content=\"2025-03-28T15:22:29+00:00\" \/>\n<meta property=\"og:image\" content=\"https:\/\/prefeitosegestoes.com.br\/portal\/wp-content\/uploads\/2025\/03\/1-scaled.jpg\" \/>\n\t<meta property=\"og:image:width\" content=\"2443\" \/>\n\t<meta property=\"og:image:height\" content=\"2560\" \/>\n\t<meta property=\"og:image:type\" content=\"image\/jpeg\" \/>\n<meta name=\"author\" content=\"Prefeitos &amp; Gest\u00f5es\" \/>\n<meta name=\"twitter:card\" content=\"summary_large_image\" \/>\n<meta name=\"twitter:creator\" content=\"@PrefGestoes\" \/>\n<meta name=\"twitter:site\" content=\"@PrefGestoes\" \/>\n<meta name=\"twitter:label1\" content=\"Escrito por\" \/>\n\t<meta name=\"twitter:data1\" content=\"Prefeitos &amp; Gest\u00f5es\" \/>\n\t<meta name=\"twitter:label2\" content=\"Est. tempo de leitura\" \/>\n\t<meta name=\"twitter:data2\" content=\"4 minutos\" \/>\n<script type=\"application\/ld+json\" class=\"yoast-schema-graph\">{\"@context\":\"https:\/\/schema.org\",\"@graph\":[{\"@type\":\"Article\",\"@id\":\"https:\/\/prefeitosegestoes.com.br\/portal\/importancia-da-iluminacao-em-locais-publicos\/#article\",\"isPartOf\":{\"@id\":\"https:\/\/prefeitosegestoes.com.br\/portal\/importancia-da-iluminacao-em-locais-publicos\/\"},\"author\":{\"name\":\"Prefeitos &amp; Gest\u00f5es\",\"@id\":\"https:\/\/prefeitosegestoes.com.br\/portal\/#\/schema\/person\/d00059f2ec99963e7e1850d448ae94b8\"},\"headline\":\"Import\u00e2ncia da ilumina\u00e7\u00e3o em locais p\u00fablicos\",\"datePublished\":\"2025-03-28T15:22:29+00:00\",\"mainEntityOfPage\":{\"@id\":\"https:\/\/prefeitosegestoes.com.br\/portal\/importancia-da-iluminacao-em-locais-publicos\/\"},\"wordCount\":744,\"commentCount\":0,\"publisher\":{\"@id\":\"https:\/\/prefeitosegestoes.com.br\/portal\/#organization\"},\"image\":{\"@id\":\"https:\/\/prefeitosegestoes.com.br\/portal\/importancia-da-iluminacao-em-locais-publicos\/#primaryimage\"},\"thumbnailUrl\":\"https:\/\/prefeitosegestoes.com.br\/portal\/wp-content\/uploads\/2025\/03\/1-scaled.jpg\",\"keywords\":[\"Cidades\",\"Ilumina\u00e7\u00e3o P\u00fablica\",\"Luz\",\"Qualidade de Vida\",\"Urbaniza\u00e7\u00e3o\"],\"articleSection\":[\"Munic\u00edpios\"],\"inLanguage\":\"pt-BR\",\"potentialAction\":[{\"@type\":\"CommentAction\",\"name\":\"Comment\",\"target\":[\"https:\/\/prefeitosegestoes.com.br\/portal\/importancia-da-iluminacao-em-locais-publicos\/#respond\"]}]},{\"@type\":\"WebPage\",\"@id\":\"https:\/\/prefeitosegestoes.com.br\/portal\/importancia-da-iluminacao-em-locais-publicos\/\",\"url\":\"https:\/\/prefeitosegestoes.com.br\/portal\/importancia-da-iluminacao-em-locais-publicos\/\",\"name\":\"Import\u00e2ncia da ilumina\u00e7\u00e3o em locais p\u00fablicos - Prefeitos &amp; Gest\u00f5es\",\"isPartOf\":{\"@id\":\"https:\/\/prefeitosegestoes.com.br\/portal\/#website\"},\"primaryImageOfPage\":{\"@id\":\"https:\/\/prefeitosegestoes.com.br\/portal\/importancia-da-iluminacao-em-locais-publicos\/#primaryimage\"},\"image\":{\"@id\":\"https:\/\/prefeitosegestoes.com.br\/portal\/importancia-da-iluminacao-em-locais-publicos\/#primaryimage\"},\"thumbnailUrl\":\"https:\/\/prefeitosegestoes.com.br\/portal\/wp-content\/uploads\/2025\/03\/1-scaled.jpg\",\"datePublished\":\"2025-03-28T15:22:29+00:00\",\"description\":\"A ilumina\u00e7\u00e3o p\u00fablica desempenha um papel essencial no cotidiano das cidades, indo muito al\u00e9m de sua fun\u00e7\u00e3o pr\u00e1tica de iluminar vias e espa\u00e7os p\u00fablicos. Estudos mostram que ambientes bem iluminados n\u00e3o apenas aumentam a seguran\u00e7a, como tamb\u00e9m contribuem significativamente para a qualidade de vida e o bem-estar das pessoas que vivem e circulam nesses locais. Um exemplo disso \u00e9 uma pesquisa realizada em colabora\u00e7\u00e3o com a pol\u00edcia metropolitana de Nova York, que demonstrou que a instala\u00e7\u00e3o de ilumina\u00e7\u00e3o extra em ruas priorit\u00e1rias reduziu os delitos noturnos em 36% ao longo de seis meses. Essa investiga\u00e7\u00e3o, conduzida pelo Bureau Nacional de Pesquisa Econ\u00f4mica, avaliou o impacto em 40 ruas de \u00e1reas com alta taxa de crimes, evidenciando como a luz \u00e9 uma ferramenta poderosa para transformar espa\u00e7os urbanos.\",\"breadcrumb\":{\"@id\":\"https:\/\/prefeitosegestoes.com.br\/portal\/importancia-da-iluminacao-em-locais-publicos\/#breadcrumb\"},\"inLanguage\":\"pt-BR\",\"potentialAction\":[{\"@type\":\"ReadAction\",\"target\":[\"https:\/\/prefeitosegestoes.com.br\/portal\/importancia-da-iluminacao-em-locais-publicos\/\"]}]},{\"@type\":\"ImageObject\",\"inLanguage\":\"pt-BR\",\"@id\":\"https:\/\/prefeitosegestoes.com.br\/portal\/importancia-da-iluminacao-em-locais-publicos\/#primaryimage\",\"url\":\"https:\/\/prefeitosegestoes.com.br\/portal\/wp-content\/uploads\/2025\/03\/1-scaled.jpg\",\"contentUrl\":\"https:\/\/prefeitosegestoes.com.br\/portal\/wp-content\/uploads\/2025\/03\/1-scaled.jpg\",\"width\":2443,\"height\":2560,\"caption\":\"Girl with dreadlocks walking at night street of city.\"},{\"@type\":\"BreadcrumbList\",\"@id\":\"https:\/\/prefeitosegestoes.com.br\/portal\/importancia-da-iluminacao-em-locais-publicos\/#breadcrumb\",\"itemListElement\":[{\"@type\":\"ListItem\",\"position\":1,\"name\":\"In\u00edcio\",\"item\":\"https:\/\/prefeitosegestoes.com.br\/portal\/\"},{\"@type\":\"ListItem\",\"position\":2,\"name\":\"Import\u00e2ncia da ilumina\u00e7\u00e3o em locais p\u00fablicos\"}]},{\"@type\":\"WebSite\",\"@id\":\"https:\/\/prefeitosegestoes.com.br\/portal\/#website\",\"url\":\"https:\/\/prefeitosegestoes.com.br\/portal\/\",\"name\":\"Prefeitos & Gest\u00f5es\",\"description\":\"\",\"publisher\":{\"@id\":\"https:\/\/prefeitosegestoes.com.br\/portal\/#organization\"},\"potentialAction\":[{\"@type\":\"SearchAction\",\"target\":{\"@type\":\"EntryPoint\",\"urlTemplate\":\"https:\/\/prefeitosegestoes.com.br\/portal\/?s={search_term_string}\"},\"query-input\":{\"@type\":\"PropertyValueSpecification\",\"valueRequired\":true,\"valueName\":\"search_term_string\"}}],\"inLanguage\":\"pt-BR\"},{\"@type\":\"Organization\",\"@id\":\"https:\/\/prefeitosegestoes.com.br\/portal\/#organization\",\"name\":\"Prefeitos & Gest\u00f5es\",\"url\":\"https:\/\/prefeitosegestoes.com.br\/portal\/\",\"logo\":{\"@type\":\"ImageObject\",\"inLanguage\":\"pt-BR\",\"@id\":\"https:\/\/prefeitosegestoes.com.br\/portal\/#\/schema\/logo\/image\/\",\"url\":\"https:\/\/prefeitosegestoes.com.br\/portal\/wp-content\/uploads\/2024\/10\/lg_trans_prefeitos_2024_preto2.png\",\"contentUrl\":\"https:\/\/prefeitosegestoes.com.br\/portal\/wp-content\/uploads\/2024\/10\/lg_trans_prefeitos_2024_preto2.png\",\"width\":199,\"height\":122,\"caption\":\"Prefeitos & Gest\u00f5es\"},\"image\":{\"@id\":\"https:\/\/prefeitosegestoes.com.br\/portal\/#\/schema\/logo\/image\/\"},\"sameAs\":[\"https:\/\/www.facebook.com\/prefeitosonline\",\"https:\/\/x.com\/PrefGestoes\"]},{\"@type\":\"Person\",\"@id\":\"https:\/\/prefeitosegestoes.com.br\/portal\/#\/schema\/person\/d00059f2ec99963e7e1850d448ae94b8\",\"name\":\"Prefeitos &amp; Gest\u00f5es\",\"image\":{\"@type\":\"ImageObject\",\"inLanguage\":\"pt-BR\",\"@id\":\"https:\/\/secure.gravatar.com\/avatar\/738fb281e479212ed32c1a21a4307dda9f3af9292edb6918a16c9ce9fff5f48d?s=96&d=mm&r=g\",\"url\":\"https:\/\/secure.gravatar.com\/avatar\/738fb281e479212ed32c1a21a4307dda9f3af9292edb6918a16c9ce9fff5f48d?s=96&d=mm&r=g\",\"contentUrl\":\"https:\/\/secure.gravatar.com\/avatar\/738fb281e479212ed32c1a21a4307dda9f3af9292edb6918a16c9ce9fff5f48d?s=96&d=mm&r=g\",\"caption\":\"Prefeitos &amp; Gest\u00f5es\"},\"url\":\"https:\/\/prefeitosegestoes.com.br\/portal\/author\/prefeitosegestoes\/\"}]}<\/script>\n<!-- \/ Yoast SEO plugin. -->","yoast_head_json":{"title":"Import\u00e2ncia da ilumina\u00e7\u00e3o em locais p\u00fablicos - Prefeitos &amp; Gest\u00f5es","description":"A ilumina\u00e7\u00e3o p\u00fablica desempenha um papel essencial no cotidiano das cidades, indo muito al\u00e9m de sua fun\u00e7\u00e3o pr\u00e1tica de iluminar vias e espa\u00e7os p\u00fablicos. Estudos mostram que ambientes bem iluminados n\u00e3o apenas aumentam a seguran\u00e7a, como tamb\u00e9m contribuem significativamente para a qualidade de vida e o bem-estar das pessoas que vivem e circulam nesses locais. Um exemplo disso \u00e9 uma pesquisa realizada em colabora\u00e7\u00e3o com a pol\u00edcia metropolitana de Nova York, que demonstrou que a instala\u00e7\u00e3o de ilumina\u00e7\u00e3o extra em ruas priorit\u00e1rias reduziu os delitos noturnos em 36% ao longo de seis meses. Essa investiga\u00e7\u00e3o, conduzida pelo Bureau Nacional de Pesquisa Econ\u00f4mica, avaliou o impacto em 40 ruas de \u00e1reas com alta taxa de crimes, evidenciando como a luz \u00e9 uma ferramenta poderosa para transformar espa\u00e7os urbanos.","robots":{"index":"index","follow":"follow","max-snippet":"max-snippet:-1","max-image-preview":"max-image-preview:large","max-video-preview":"max-video-preview:-1"},"canonical":"https:\/\/prefeitosegestoes.com.br\/portal\/importancia-da-iluminacao-em-locais-publicos\/","og_locale":"pt_BR","og_type":"article","og_title":"Import\u00e2ncia da ilumina\u00e7\u00e3o em locais p\u00fablicos - Prefeitos &amp; Gest\u00f5es","og_description":"A ilumina\u00e7\u00e3o p\u00fablica desempenha um papel essencial no cotidiano das cidades, indo muito al\u00e9m de sua fun\u00e7\u00e3o pr\u00e1tica de iluminar vias e espa\u00e7os p\u00fablicos. Estudos mostram que ambientes bem iluminados n\u00e3o apenas aumentam a seguran\u00e7a, como tamb\u00e9m contribuem significativamente para a qualidade de vida e o bem-estar das pessoas que vivem e circulam nesses locais. Um exemplo disso \u00e9 uma pesquisa realizada em colabora\u00e7\u00e3o com a pol\u00edcia metropolitana de Nova York, que demonstrou que a instala\u00e7\u00e3o de ilumina\u00e7\u00e3o extra em ruas priorit\u00e1rias reduziu os delitos noturnos em 36% ao longo de seis meses. Essa investiga\u00e7\u00e3o, conduzida pelo Bureau Nacional de Pesquisa Econ\u00f4mica, avaliou o impacto em 40 ruas de \u00e1reas com alta taxa de crimes, evidenciando como a luz \u00e9 uma ferramenta poderosa para transformar espa\u00e7os urbanos.","og_url":"https:\/\/prefeitosegestoes.com.br\/portal\/importancia-da-iluminacao-em-locais-publicos\/","og_site_name":"Prefeitos &amp; Gest\u00f5es","article_publisher":"https:\/\/www.facebook.com\/prefeitosonline","article_published_time":"2025-03-28T15:22:29+00:00","og_image":[{"width":2443,"height":2560,"url":"https:\/\/prefeitosegestoes.com.br\/portal\/wp-content\/uploads\/2025\/03\/1-scaled.jpg","type":"image\/jpeg"}],"author":"Prefeitos &amp; Gest\u00f5es","twitter_card":"summary_large_image","twitter_creator":"@PrefGestoes","twitter_site":"@PrefGestoes","twitter_misc":{"Escrito por":"Prefeitos &amp; Gest\u00f5es","Est. tempo de leitura":"4 minutos"},"schema":{"@context":"https:\/\/schema.org","@graph":[{"@type":"Article","@id":"https:\/\/prefeitosegestoes.com.br\/portal\/importancia-da-iluminacao-em-locais-publicos\/#article","isPartOf":{"@id":"https:\/\/prefeitosegestoes.com.br\/portal\/importancia-da-iluminacao-em-locais-publicos\/"},"author":{"name":"Prefeitos &amp; Gest\u00f5es","@id":"https:\/\/prefeitosegestoes.com.br\/portal\/#\/schema\/person\/d00059f2ec99963e7e1850d448ae94b8"},"headline":"Import\u00e2ncia da ilumina\u00e7\u00e3o em locais p\u00fablicos","datePublished":"2025-03-28T15:22:29+00:00","mainEntityOfPage":{"@id":"https:\/\/prefeitosegestoes.com.br\/portal\/importancia-da-iluminacao-em-locais-publicos\/"},"wordCount":744,"commentCount":0,"publisher":{"@id":"https:\/\/prefeitosegestoes.com.br\/portal\/#organization"},"image":{"@id":"https:\/\/prefeitosegestoes.com.br\/portal\/importancia-da-iluminacao-em-locais-publicos\/#primaryimage"},"thumbnailUrl":"https:\/\/prefeitosegestoes.com.br\/portal\/wp-content\/uploads\/2025\/03\/1-scaled.jpg","keywords":["Cidades","Ilumina\u00e7\u00e3o P\u00fablica","Luz","Qualidade de Vida","Urbaniza\u00e7\u00e3o"],"articleSection":["Munic\u00edpios"],"inLanguage":"pt-BR","potentialAction":[{"@type":"CommentAction","name":"Comment","target":["https:\/\/prefeitosegestoes.com.br\/portal\/importancia-da-iluminacao-em-locais-publicos\/#respond"]}]},{"@type":"WebPage","@id":"https:\/\/prefeitosegestoes.com.br\/portal\/importancia-da-iluminacao-em-locais-publicos\/","url":"https:\/\/prefeitosegestoes.com.br\/portal\/importancia-da-iluminacao-em-locais-publicos\/","name":"Import\u00e2ncia da ilumina\u00e7\u00e3o em locais p\u00fablicos - Prefeitos &amp; Gest\u00f5es","isPartOf":{"@id":"https:\/\/prefeitosegestoes.com.br\/portal\/#website"},"primaryImageOfPage":{"@id":"https:\/\/prefeitosegestoes.com.br\/portal\/importancia-da-iluminacao-em-locais-publicos\/#primaryimage"},"image":{"@id":"https:\/\/prefeitosegestoes.com.br\/portal\/importancia-da-iluminacao-em-locais-publicos\/#primaryimage"},"thumbnailUrl":"https:\/\/prefeitosegestoes.com.br\/portal\/wp-content\/uploads\/2025\/03\/1-scaled.jpg","datePublished":"2025-03-28T15:22:29+00:00","description":"A ilumina\u00e7\u00e3o p\u00fablica desempenha um papel essencial no cotidiano das cidades, indo muito al\u00e9m de sua fun\u00e7\u00e3o pr\u00e1tica de iluminar vias e espa\u00e7os p\u00fablicos. Estudos mostram que ambientes bem iluminados n\u00e3o apenas aumentam a seguran\u00e7a, como tamb\u00e9m contribuem significativamente para a qualidade de vida e o bem-estar das pessoas que vivem e circulam nesses locais. Um exemplo disso \u00e9 uma pesquisa realizada em colabora\u00e7\u00e3o com a pol\u00edcia metropolitana de Nova York, que demonstrou que a instala\u00e7\u00e3o de ilumina\u00e7\u00e3o extra em ruas priorit\u00e1rias reduziu os delitos noturnos em 36% ao longo de seis meses. Essa investiga\u00e7\u00e3o, conduzida pelo Bureau Nacional de Pesquisa Econ\u00f4mica, avaliou o impacto em 40 ruas de \u00e1reas com alta taxa de crimes, evidenciando como a luz \u00e9 uma ferramenta poderosa para transformar espa\u00e7os urbanos.","breadcrumb":{"@id":"https:\/\/prefeitosegestoes.com.br\/portal\/importancia-da-iluminacao-em-locais-publicos\/#breadcrumb"},"inLanguage":"pt-BR","potentialAction":[{"@type":"ReadAction","target":["https:\/\/prefeitosegestoes.com.br\/portal\/importancia-da-iluminacao-em-locais-publicos\/"]}]},{"@type":"ImageObject","inLanguage":"pt-BR","@id":"https:\/\/prefeitosegestoes.com.br\/portal\/importancia-da-iluminacao-em-locais-publicos\/#primaryimage","url":"https:\/\/prefeitosegestoes.com.br\/portal\/wp-content\/uploads\/2025\/03\/1-scaled.jpg","contentUrl":"https:\/\/prefeitosegestoes.com.br\/portal\/wp-content\/uploads\/2025\/03\/1-scaled.jpg","width":2443,"height":2560,"caption":"Girl with dreadlocks walking at night street of city."},{"@type":"BreadcrumbList","@id":"https:\/\/prefeitosegestoes.com.br\/portal\/importancia-da-iluminacao-em-locais-publicos\/#breadcrumb","itemListElement":[{"@type":"ListItem","position":1,"name":"In\u00edcio","item":"https:\/\/prefeitosegestoes.com.br\/portal\/"},{"@type":"ListItem","position":2,"name":"Import\u00e2ncia da ilumina\u00e7\u00e3o em locais p\u00fablicos"}]},{"@type":"WebSite","@id":"https:\/\/prefeitosegestoes.com.br\/portal\/#website","url":"https:\/\/prefeitosegestoes.com.br\/portal\/","name":"Prefeitos & Gest\u00f5es","description":"","publisher":{"@id":"https:\/\/prefeitosegestoes.com.br\/portal\/#organization"},"potentialAction":[{"@type":"SearchAction","target":{"@type":"EntryPoint","urlTemplate":"https:\/\/prefeitosegestoes.com.br\/portal\/?s={search_term_string}"},"query-input":{"@type":"PropertyValueSpecification","valueRequired":true,"valueName":"search_term_string"}}],"inLanguage":"pt-BR"},{"@type":"Organization","@id":"https:\/\/prefeitosegestoes.com.br\/portal\/#organization","name":"Prefeitos & Gest\u00f5es","url":"https:\/\/prefeitosegestoes.com.br\/portal\/","logo":{"@type":"ImageObject","inLanguage":"pt-BR","@id":"https:\/\/prefeitosegestoes.com.br\/portal\/#\/schema\/logo\/image\/","url":"https:\/\/prefeitosegestoes.com.br\/portal\/wp-content\/uploads\/2024\/10\/lg_trans_prefeitos_2024_preto2.png","contentUrl":"https:\/\/prefeitosegestoes.com.br\/portal\/wp-content\/uploads\/2024\/10\/lg_trans_prefeitos_2024_preto2.png","width":199,"height":122,"caption":"Prefeitos & Gest\u00f5es"},"image":{"@id":"https:\/\/prefeitosegestoes.com.br\/portal\/#\/schema\/logo\/image\/"},"sameAs":["https:\/\/www.facebook.com\/prefeitosonline","https:\/\/x.com\/PrefGestoes"]},{"@type":"Person","@id":"https:\/\/prefeitosegestoes.com.br\/portal\/#\/schema\/person\/d00059f2ec99963e7e1850d448ae94b8","name":"Prefeitos &amp; Gest\u00f5es","image":{"@type":"ImageObject","inLanguage":"pt-BR","@id":"https:\/\/secure.gravatar.com\/avatar\/738fb281e479212ed32c1a21a4307dda9f3af9292edb6918a16c9ce9fff5f48d?s=96&d=mm&r=g","url":"https:\/\/secure.gravatar.com\/avatar\/738fb281e479212ed32c1a21a4307dda9f3af9292edb6918a16c9ce9fff5f48d?s=96&d=mm&r=g","contentUrl":"https:\/\/secure.gravatar.com\/avatar\/738fb281e479212ed32c1a21a4307dda9f3af9292edb6918a16c9ce9fff5f48d?s=96&d=mm&r=g","caption":"Prefeitos &amp; Gest\u00f5es"},"url":"https:\/\/prefeitosegestoes.com.br\/portal\/author\/prefeitosegestoes\/"}]}},"_links":{"self":[{"href":"https:\/\/prefeitosegestoes.com.br\/portal\/wp-json\/wp\/v2\/posts\/3233","targetHints":{"allow":["GET"]}}],"collection":[{"href":"https:\/\/prefeitosegestoes.com.br\/portal\/wp-json\/wp\/v2\/posts"}],"about":[{"href":"https:\/\/prefeitosegestoes.com.br\/portal\/wp-json\/wp\/v2\/types\/post"}],"author":[{"embeddable":true,"href":"https:\/\/prefeitosegestoes.com.br\/portal\/wp-json\/wp\/v2\/users\/2"}],"replies":[{"embeddable":true,"href":"https:\/\/prefeitosegestoes.com.br\/portal\/wp-json\/wp\/v2\/comments?post=3233"}],"version-history":[{"count":1,"href":"https:\/\/prefeitosegestoes.com.br\/portal\/wp-json\/wp\/v2\/posts\/3233\/revisions"}],"predecessor-version":[{"id":3236,"href":"https:\/\/prefeitosegestoes.com.br\/portal\/wp-json\/wp\/v2\/posts\/3233\/revisions\/3236"}],"wp:featuredmedia":[{"embeddable":true,"href":"https:\/\/prefeitosegestoes.com.br\/portal\/wp-json\/wp\/v2\/media\/3235"}],"wp:attachment":[{"href":"https:\/\/prefeitosegestoes.com.br\/portal\/wp-json\/wp\/v2\/media?parent=3233"}],"wp:term":[{"taxonomy":"category","embeddable":true,"href":"https:\/\/prefeitosegestoes.com.br\/portal\/wp-json\/wp\/v2\/categories?post=3233"},{"taxonomy":"post_tag","embeddable":true,"href":"https:\/\/prefeitosegestoes.com.br\/portal\/wp-json\/wp\/v2\/tags?post=3233"}],"curies":[{"name":"wp","href":"https:\/\/api.w.org\/{rel}","templated":true}]}}