{"id":3229,"date":"2025-03-27T19:20:12","date_gmt":"2025-03-27T22:20:12","guid":{"rendered":"https:\/\/prefeitosegestoes.com.br\/portal\/?p=3229"},"modified":"2025-03-27T19:20:12","modified_gmt":"2025-03-27T22:20:12","slug":"cidades-verdes-adaptacao-climatica-e-resiliencia-urbana","status":"publish","type":"post","link":"https:\/\/prefeitosegestoes.com.br\/portal\/cidades-verdes-adaptacao-climatica-e-resiliencia-urbana\/","title":{"rendered":"Cidades Verdes: Adapta\u00e7\u00e3o clim\u00e1tica e resili\u00eancia urbana"},"content":{"rendered":"<div class=\"capa-noticia rel-position\">\n<div class=\"credito-foto abs-position fullwidth\">Fernando Fraz\u00e3o\/Ag\u00eancia Brasil<\/div>\n<\/div>\n<p style=\"font-weight: 400;\"><span style=\"font-weight: 400;\">Publicado em\u00a027\/03\/2025 18h22\u00a0<\/span><span style=\"font-weight: 400;\">Atualizado em\u00a027\/03\/2025 18h42<\/span><\/p>\n<p>O Chefe da assessoria internacional, embaixador Ant\u00f4nio da Costa e Silva, e a assessora especial do Ministro das Cidades e membro do Comit\u00ea Gestor do Programa, Alice Carvalho, participaram do painel \u201cImplementando a agenda CHAMP do federalismo ao financiamento clim\u00e1tico rumo a COP30. Cr\u00e9dito: JD Vasconcelos.<\/p>\n<p style=\"font-weight: 400;\"><span data-contrast=\"none\">Bras\u00edlia (DF) \u2013 O Minist\u00e9rio das Cidades,\u00a0em conjunto\u00a0com as pastas\u00a0do Meio Ambiente e Mudan\u00e7a do Clima e da Ci\u00eancia, Tecnologia e Inova\u00e7\u00e3o, refor\u00e7ou\u00a0nesta quinta-feira (27)\u00a0o compromisso com a adapta\u00e7\u00e3o clim\u00e1tica e a sustentabilidade urbana durante o 1\u00ba Encontro Cidades Verdes Resilientes. O evento discutiu estrat\u00e9gias para fortalecer pol\u00edticas ambientais nos munic\u00edpios brasileiros e impulsionar a agenda clim\u00e1tica rumo \u00e0 COP30, marcada para 10 a 21 de novembro, em Bel\u00e9m.<\/span><span data-ccp-props=\"{}\">\u00a0<\/span><\/p>\n<p style=\"font-weight: 400;\"><span data-contrast=\"none\">Institu\u00eddo em 2024, pelo Decreto n\u00ba 12.041, o Programa Cidades Verdes Resilientes visa potencializar a a\u00e7\u00e3o dos tr\u00eas minist\u00e9rios para melhorar a qualidade ambiental e a resili\u00eancia clim\u00e1tica das cidades.\u00a0Para atingir esses objetivos, um dos pain\u00e9is apresentados\u00a0no encontro\u00a0foi\u00a0sobre os caminhos para a implementa\u00e7\u00e3o da ideia, tratando sobre a\u00e7\u00f5es\u00a0encaminhadas\u00a0para este objetivo.<\/span><span data-ccp-props=\"{}\">\u00a0<\/span><\/p>\n<p style=\"font-weight: 400;\"><span data-contrast=\"none\">\u201cMostramos um panorama das iniciativas que j\u00e1 est\u00e3o em curso no Minist\u00e9rio das Cidades no \u00e2mbito do Cidades Verdes Resilientes, algumas\u00a0a\u00e7\u00f5es que j\u00e1 est\u00e3o em implementa\u00e7\u00e3o, outras lan\u00e7adas a partir do Programa Cidades Verdes Resilientes\u201d, disse a assessora especial do Ministro das Cidades e membro do Comit\u00ea Gestor do Programa, Alice Carvalho. \u201cEntendemos que essa \u00e9 uma janela de oportunidade para ampliar os parceiros envolvidos na implementa\u00e7\u00e3o das iniciativas e as fontes de financiamento\u201d.<\/span><span data-ccp-props=\"{}\">\u00a0<\/span><\/p>\n<p style=\"font-weight: 400;\"><span data-contrast=\"none\">A assessora especial\u00a0ressaltou\u00a0ferramentas do Governo Federal para apoiar os munic\u00edpios no enfrentamento aos riscos clim\u00e1ticos, como o Plano Clima &#8211; Cidades, o Novo PAC, o Periferia Viva e o Pr\u00f3-Cidades. J\u00e1 h\u00e1 investimentos da ordem de R$ 60 bilh\u00f5es no desenvolvimento urbano sustent\u00e1vel, no \u00e2mbito do Novo PAC.<\/span><span data-ccp-props=\"{}\">\u00a0<\/span><\/p>\n<p style=\"font-weight: 400;\"><span data-contrast=\"none\">\u201cTrouxemos exemplos de obras que temos apoiado no PAC, tanto em termos de drenagem urbana quanto projetos de urbaniza\u00e7\u00e3o de favelas. Incluir as solu\u00e7\u00f5es baseadas na natureza com foco nas periferias \u00e9 uma das novas iniciativas em desenvolvimento pela Secretaria Nacional de Periferias. Mas n\u00e3o podemos parar por a\u00ed\u201d, lembrou. \u201cPrecisamos de mais recursos, sobretudo n\u00e3o reembols\u00e1veis, para viabilizar mais iniciativas para as nossas cidades, al\u00e9m de trabalhar junto com os munic\u00edpios na melhoria da qualidade dos projetos apresentados\u201d.<\/span><span data-ccp-props=\"{}\">\u00a0<\/span><\/p>\n<p style=\"font-weight: 400;\"><span data-contrast=\"none\">Outro\u00a0tema de destaque\u00a0no evento foi a Coaliz\u00e3o para Parcerias Multin\u00edveis de Alta Ambi\u00e7\u00e3o (CHAMP).\u00a0O chefe da Assessoria Internacional do Minist\u00e9rio das Cidades, embaixador Ant\u00f4nio da Costa e Silva,\u00a0ressaltou\u00a0a ades\u00e3o do Brasil na plataforma de coopera\u00e7\u00e3o global.<\/span><span data-ccp-props=\"{}\">\u00a0<\/span><\/p>\n<p style=\"font-weight: 400;\"><span data-contrast=\"none\">\u201cA presen\u00e7a do\u00a0Minist\u00e9rio das Cidades\u00a0na plataforma CHAMP \u00e9\u00a0a nossa gen\u00e9tica, o comprometimento com o federalismo clim\u00e1tico no n\u00edvel nacional, agindo em contato com as prefeituras, governos, gestores e a sociedade civil\u201d, apontou. \u201cO Brasil tem na constitui\u00e7\u00e3o um compromisso com o federalismo em todos os n\u00edveis, inclusive no clim\u00e1tico, e precisamos juntar essa agenda tamb\u00e9m no plano internacional\u201d.<\/span><span data-ccp-props=\"{}\">\u00a0<\/span><\/p>\n<p style=\"font-weight: 400;\"><span data-contrast=\"none\">O embaixador ainda salientou a import\u00e2ncia em ter cidades engajadas no processo, por n\u00e3o haver transforma\u00e7\u00e3o sem o envolvimento de todas as partes.\u00a0<\/span><span data-ccp-props=\"{}\">\u00a0<\/span><\/p>\n<p style=\"font-weight: 400;\"><span data-contrast=\"none\">\u201cO processo precisa ocorrer em benef\u00edcio dos nossos cidad\u00e3os.\u00a0Eles vivem\u00a0nas cidades e \u00e9 essencial moradia adequada. Nosso desafio \u00e9 corrigir a desigualdade e vulnerabilidade gerada nas cidades e, com o crescimento da popula\u00e7\u00e3o urbana, n\u00e3o reproduzir isso, para que tenhamos um desenvolvimento urbano, com resili\u00eancia e redu\u00e7\u00e3o da vulnerabilidade\u201d, completou.<\/span><span data-ccp-props=\"{}\">\u00a0<\/span><\/p>\n<p style=\"font-weight: 400;\">Categoria<\/p>\n<p>Infraestrutura, Tr\u00e2nsito e Transportes<\/p>\n<p>Fonte: Minist\u00e9rio das Cidades<\/p>\n","protected":false},"excerpt":{"rendered":"<p>Fernando Fraz\u00e3o\/Ag\u00eancia Brasil Publicado em\u00a027\/03\/2025 18h22\u00a0Atualizado em\u00a027\/03\/2025 18h42 O Chefe da assessoria internacional, embaixador Ant\u00f4nio da Costa e Silva, e a assessora especial do Ministro das Cidades e membro do Comit\u00ea Gestor do Programa, Alice Carvalho, participaram do painel \u201cImplementando a agenda CHAMP do federalismo ao financiamento clim\u00e1tico rumo a COP30. Cr\u00e9dito: JD Vasconcelos. Bras\u00edlia [&hellip;]<\/p>\n","protected":false},"author":2,"featured_media":3231,"comment_status":"open","ping_status":"open","sticky":false,"template":"","format":"standard","meta":{"rop_custom_images_group":[],"rop_custom_messages_group":[],"rop_publish_now":"initial","rop_publish_now_accounts":{"twitter_850042665852968960_850042665852968960":""},"rop_publish_now_history":[],"rop_publish_now_status":"pending","footnotes":""},"categories":[15],"tags":[],"class_list":["post-3229","post","type-post","status-publish","format-standard","has-post-thumbnail","hentry","category-destaques"],"yoast_head":"<!-- This site is optimized with the Yoast SEO plugin v27.2 - https:\/\/yoast.com\/product\/yoast-seo-wordpress\/ -->\n<title>Cidades Verdes: Adapta\u00e7\u00e3o clim\u00e1tica e resili\u00eancia urbana - Prefeitos &amp; Gest\u00f5es<\/title>\n<meta name=\"robots\" content=\"index, follow, max-snippet:-1, max-image-preview:large, max-video-preview:-1\" \/>\n<link rel=\"canonical\" href=\"https:\/\/prefeitosegestoes.com.br\/portal\/cidades-verdes-adaptacao-climatica-e-resiliencia-urbana\/\" \/>\n<meta property=\"og:locale\" content=\"pt_BR\" \/>\n<meta property=\"og:type\" content=\"article\" \/>\n<meta property=\"og:title\" content=\"Cidades Verdes: Adapta\u00e7\u00e3o clim\u00e1tica e resili\u00eancia urbana - Prefeitos &amp; Gest\u00f5es\" \/>\n<meta property=\"og:description\" content=\"Fernando Fraz\u00e3o\/Ag\u00eancia Brasil Publicado em\u00a027\/03\/2025 18h22\u00a0Atualizado em\u00a027\/03\/2025 18h42 O Chefe da assessoria internacional, embaixador Ant\u00f4nio da Costa e Silva, e a assessora especial do Ministro das Cidades e membro do Comit\u00ea Gestor do Programa, Alice Carvalho, participaram do painel \u201cImplementando a agenda CHAMP do federalismo ao financiamento clim\u00e1tico rumo a COP30. Cr\u00e9dito: JD Vasconcelos. Bras\u00edlia [&hellip;]\" \/>\n<meta property=\"og:url\" content=\"https:\/\/prefeitosegestoes.com.br\/portal\/cidades-verdes-adaptacao-climatica-e-resiliencia-urbana\/\" \/>\n<meta property=\"og:site_name\" content=\"Prefeitos &amp; Gest\u00f5es\" \/>\n<meta property=\"article:publisher\" content=\"https:\/\/www.facebook.com\/prefeitosonline\" \/>\n<meta property=\"article:published_time\" content=\"2025-03-27T22:20:12+00:00\" \/>\n<meta property=\"og:image\" content=\"https:\/\/prefeitosegestoes.com.br\/portal\/wp-content\/uploads\/2025\/03\/calorff_5.webp\" \/>\n\t<meta property=\"og:image:width\" content=\"1024\" \/>\n\t<meta property=\"og:image:height\" content=\"768\" \/>\n\t<meta property=\"og:image:type\" content=\"image\/webp\" \/>\n<meta name=\"author\" content=\"Prefeitos &amp; Gest\u00f5es\" \/>\n<meta name=\"twitter:card\" content=\"summary_large_image\" \/>\n<meta name=\"twitter:creator\" content=\"@PrefGestoes\" \/>\n<meta name=\"twitter:site\" content=\"@PrefGestoes\" \/>\n<meta name=\"twitter:label1\" content=\"Escrito por\" \/>\n\t<meta name=\"twitter:data1\" content=\"Prefeitos &amp; Gest\u00f5es\" \/>\n\t<meta name=\"twitter:label2\" content=\"Est. tempo de leitura\" \/>\n\t<meta name=\"twitter:data2\" content=\"4 minutos\" \/>\n<script type=\"application\/ld+json\" class=\"yoast-schema-graph\">{\"@context\":\"https:\/\/schema.org\",\"@graph\":[{\"@type\":\"Article\",\"@id\":\"https:\/\/prefeitosegestoes.com.br\/portal\/cidades-verdes-adaptacao-climatica-e-resiliencia-urbana\/#article\",\"isPartOf\":{\"@id\":\"https:\/\/prefeitosegestoes.com.br\/portal\/cidades-verdes-adaptacao-climatica-e-resiliencia-urbana\/\"},\"author\":{\"name\":\"Prefeitos &amp; Gest\u00f5es\",\"@id\":\"https:\/\/prefeitosegestoes.com.br\/portal\/#\/schema\/person\/d00059f2ec99963e7e1850d448ae94b8\"},\"headline\":\"Cidades Verdes: Adapta\u00e7\u00e3o clim\u00e1tica e resili\u00eancia urbana\",\"datePublished\":\"2025-03-27T22:20:12+00:00\",\"mainEntityOfPage\":{\"@id\":\"https:\/\/prefeitosegestoes.com.br\/portal\/cidades-verdes-adaptacao-climatica-e-resiliencia-urbana\/\"},\"wordCount\":645,\"commentCount\":0,\"publisher\":{\"@id\":\"https:\/\/prefeitosegestoes.com.br\/portal\/#organization\"},\"image\":{\"@id\":\"https:\/\/prefeitosegestoes.com.br\/portal\/cidades-verdes-adaptacao-climatica-e-resiliencia-urbana\/#primaryimage\"},\"thumbnailUrl\":\"https:\/\/prefeitosegestoes.com.br\/portal\/wp-content\/uploads\/2025\/03\/calorff_5.webp\",\"articleSection\":[\"Destaques\"],\"inLanguage\":\"pt-BR\",\"potentialAction\":[{\"@type\":\"CommentAction\",\"name\":\"Comment\",\"target\":[\"https:\/\/prefeitosegestoes.com.br\/portal\/cidades-verdes-adaptacao-climatica-e-resiliencia-urbana\/#respond\"]}]},{\"@type\":\"WebPage\",\"@id\":\"https:\/\/prefeitosegestoes.com.br\/portal\/cidades-verdes-adaptacao-climatica-e-resiliencia-urbana\/\",\"url\":\"https:\/\/prefeitosegestoes.com.br\/portal\/cidades-verdes-adaptacao-climatica-e-resiliencia-urbana\/\",\"name\":\"Cidades Verdes: Adapta\u00e7\u00e3o clim\u00e1tica e resili\u00eancia urbana - Prefeitos &amp; Gest\u00f5es\",\"isPartOf\":{\"@id\":\"https:\/\/prefeitosegestoes.com.br\/portal\/#website\"},\"primaryImageOfPage\":{\"@id\":\"https:\/\/prefeitosegestoes.com.br\/portal\/cidades-verdes-adaptacao-climatica-e-resiliencia-urbana\/#primaryimage\"},\"image\":{\"@id\":\"https:\/\/prefeitosegestoes.com.br\/portal\/cidades-verdes-adaptacao-climatica-e-resiliencia-urbana\/#primaryimage\"},\"thumbnailUrl\":\"https:\/\/prefeitosegestoes.com.br\/portal\/wp-content\/uploads\/2025\/03\/calorff_5.webp\",\"datePublished\":\"2025-03-27T22:20:12+00:00\",\"breadcrumb\":{\"@id\":\"https:\/\/prefeitosegestoes.com.br\/portal\/cidades-verdes-adaptacao-climatica-e-resiliencia-urbana\/#breadcrumb\"},\"inLanguage\":\"pt-BR\",\"potentialAction\":[{\"@type\":\"ReadAction\",\"target\":[\"https:\/\/prefeitosegestoes.com.br\/portal\/cidades-verdes-adaptacao-climatica-e-resiliencia-urbana\/\"]}]},{\"@type\":\"ImageObject\",\"inLanguage\":\"pt-BR\",\"@id\":\"https:\/\/prefeitosegestoes.com.br\/portal\/cidades-verdes-adaptacao-climatica-e-resiliencia-urbana\/#primaryimage\",\"url\":\"https:\/\/prefeitosegestoes.com.br\/portal\/wp-content\/uploads\/2025\/03\/calorff_5.webp\",\"contentUrl\":\"https:\/\/prefeitosegestoes.com.br\/portal\/wp-content\/uploads\/2025\/03\/calorff_5.webp\",\"width\":1024,\"height\":768},{\"@type\":\"BreadcrumbList\",\"@id\":\"https:\/\/prefeitosegestoes.com.br\/portal\/cidades-verdes-adaptacao-climatica-e-resiliencia-urbana\/#breadcrumb\",\"itemListElement\":[{\"@type\":\"ListItem\",\"position\":1,\"name\":\"In\u00edcio\",\"item\":\"https:\/\/prefeitosegestoes.com.br\/portal\/\"},{\"@type\":\"ListItem\",\"position\":2,\"name\":\"Cidades Verdes: Adapta\u00e7\u00e3o clim\u00e1tica e resili\u00eancia urbana\"}]},{\"@type\":\"WebSite\",\"@id\":\"https:\/\/prefeitosegestoes.com.br\/portal\/#website\",\"url\":\"https:\/\/prefeitosegestoes.com.br\/portal\/\",\"name\":\"Prefeitos & Gest\u00f5es\",\"description\":\"\",\"publisher\":{\"@id\":\"https:\/\/prefeitosegestoes.com.br\/portal\/#organization\"},\"potentialAction\":[{\"@type\":\"SearchAction\",\"target\":{\"@type\":\"EntryPoint\",\"urlTemplate\":\"https:\/\/prefeitosegestoes.com.br\/portal\/?s={search_term_string}\"},\"query-input\":{\"@type\":\"PropertyValueSpecification\",\"valueRequired\":true,\"valueName\":\"search_term_string\"}}],\"inLanguage\":\"pt-BR\"},{\"@type\":\"Organization\",\"@id\":\"https:\/\/prefeitosegestoes.com.br\/portal\/#organization\",\"name\":\"Prefeitos & Gest\u00f5es\",\"url\":\"https:\/\/prefeitosegestoes.com.br\/portal\/\",\"logo\":{\"@type\":\"ImageObject\",\"inLanguage\":\"pt-BR\",\"@id\":\"https:\/\/prefeitosegestoes.com.br\/portal\/#\/schema\/logo\/image\/\",\"url\":\"https:\/\/prefeitosegestoes.com.br\/portal\/wp-content\/uploads\/2024\/10\/lg_trans_prefeitos_2024_preto2.png\",\"contentUrl\":\"https:\/\/prefeitosegestoes.com.br\/portal\/wp-content\/uploads\/2024\/10\/lg_trans_prefeitos_2024_preto2.png\",\"width\":199,\"height\":122,\"caption\":\"Prefeitos & Gest\u00f5es\"},\"image\":{\"@id\":\"https:\/\/prefeitosegestoes.com.br\/portal\/#\/schema\/logo\/image\/\"},\"sameAs\":[\"https:\/\/www.facebook.com\/prefeitosonline\",\"https:\/\/x.com\/PrefGestoes\"]},{\"@type\":\"Person\",\"@id\":\"https:\/\/prefeitosegestoes.com.br\/portal\/#\/schema\/person\/d00059f2ec99963e7e1850d448ae94b8\",\"name\":\"Prefeitos &amp; Gest\u00f5es\",\"image\":{\"@type\":\"ImageObject\",\"inLanguage\":\"pt-BR\",\"@id\":\"https:\/\/secure.gravatar.com\/avatar\/738fb281e479212ed32c1a21a4307dda9f3af9292edb6918a16c9ce9fff5f48d?s=96&d=mm&r=g\",\"url\":\"https:\/\/secure.gravatar.com\/avatar\/738fb281e479212ed32c1a21a4307dda9f3af9292edb6918a16c9ce9fff5f48d?s=96&d=mm&r=g\",\"contentUrl\":\"https:\/\/secure.gravatar.com\/avatar\/738fb281e479212ed32c1a21a4307dda9f3af9292edb6918a16c9ce9fff5f48d?s=96&d=mm&r=g\",\"caption\":\"Prefeitos &amp; Gest\u00f5es\"},\"url\":\"https:\/\/prefeitosegestoes.com.br\/portal\/author\/prefeitosegestoes\/\"}]}<\/script>\n<!-- \/ Yoast SEO plugin. -->","yoast_head_json":{"title":"Cidades Verdes: Adapta\u00e7\u00e3o clim\u00e1tica e resili\u00eancia urbana - Prefeitos &amp; Gest\u00f5es","robots":{"index":"index","follow":"follow","max-snippet":"max-snippet:-1","max-image-preview":"max-image-preview:large","max-video-preview":"max-video-preview:-1"},"canonical":"https:\/\/prefeitosegestoes.com.br\/portal\/cidades-verdes-adaptacao-climatica-e-resiliencia-urbana\/","og_locale":"pt_BR","og_type":"article","og_title":"Cidades Verdes: Adapta\u00e7\u00e3o clim\u00e1tica e resili\u00eancia urbana - Prefeitos &amp; Gest\u00f5es","og_description":"Fernando Fraz\u00e3o\/Ag\u00eancia Brasil Publicado em\u00a027\/03\/2025 18h22\u00a0Atualizado em\u00a027\/03\/2025 18h42 O Chefe da assessoria internacional, embaixador Ant\u00f4nio da Costa e Silva, e a assessora especial do Ministro das Cidades e membro do Comit\u00ea Gestor do Programa, Alice Carvalho, participaram do painel \u201cImplementando a agenda CHAMP do federalismo ao financiamento clim\u00e1tico rumo a COP30. Cr\u00e9dito: JD Vasconcelos. Bras\u00edlia [&hellip;]","og_url":"https:\/\/prefeitosegestoes.com.br\/portal\/cidades-verdes-adaptacao-climatica-e-resiliencia-urbana\/","og_site_name":"Prefeitos &amp; Gest\u00f5es","article_publisher":"https:\/\/www.facebook.com\/prefeitosonline","article_published_time":"2025-03-27T22:20:12+00:00","og_image":[{"width":1024,"height":768,"url":"https:\/\/prefeitosegestoes.com.br\/portal\/wp-content\/uploads\/2025\/03\/calorff_5.webp","type":"image\/webp"}],"author":"Prefeitos &amp; Gest\u00f5es","twitter_card":"summary_large_image","twitter_creator":"@PrefGestoes","twitter_site":"@PrefGestoes","twitter_misc":{"Escrito por":"Prefeitos &amp; Gest\u00f5es","Est. tempo de leitura":"4 minutos"},"schema":{"@context":"https:\/\/schema.org","@graph":[{"@type":"Article","@id":"https:\/\/prefeitosegestoes.com.br\/portal\/cidades-verdes-adaptacao-climatica-e-resiliencia-urbana\/#article","isPartOf":{"@id":"https:\/\/prefeitosegestoes.com.br\/portal\/cidades-verdes-adaptacao-climatica-e-resiliencia-urbana\/"},"author":{"name":"Prefeitos &amp; Gest\u00f5es","@id":"https:\/\/prefeitosegestoes.com.br\/portal\/#\/schema\/person\/d00059f2ec99963e7e1850d448ae94b8"},"headline":"Cidades Verdes: Adapta\u00e7\u00e3o clim\u00e1tica e resili\u00eancia urbana","datePublished":"2025-03-27T22:20:12+00:00","mainEntityOfPage":{"@id":"https:\/\/prefeitosegestoes.com.br\/portal\/cidades-verdes-adaptacao-climatica-e-resiliencia-urbana\/"},"wordCount":645,"commentCount":0,"publisher":{"@id":"https:\/\/prefeitosegestoes.com.br\/portal\/#organization"},"image":{"@id":"https:\/\/prefeitosegestoes.com.br\/portal\/cidades-verdes-adaptacao-climatica-e-resiliencia-urbana\/#primaryimage"},"thumbnailUrl":"https:\/\/prefeitosegestoes.com.br\/portal\/wp-content\/uploads\/2025\/03\/calorff_5.webp","articleSection":["Destaques"],"inLanguage":"pt-BR","potentialAction":[{"@type":"CommentAction","name":"Comment","target":["https:\/\/prefeitosegestoes.com.br\/portal\/cidades-verdes-adaptacao-climatica-e-resiliencia-urbana\/#respond"]}]},{"@type":"WebPage","@id":"https:\/\/prefeitosegestoes.com.br\/portal\/cidades-verdes-adaptacao-climatica-e-resiliencia-urbana\/","url":"https:\/\/prefeitosegestoes.com.br\/portal\/cidades-verdes-adaptacao-climatica-e-resiliencia-urbana\/","name":"Cidades Verdes: Adapta\u00e7\u00e3o clim\u00e1tica e resili\u00eancia urbana - Prefeitos &amp; Gest\u00f5es","isPartOf":{"@id":"https:\/\/prefeitosegestoes.com.br\/portal\/#website"},"primaryImageOfPage":{"@id":"https:\/\/prefeitosegestoes.com.br\/portal\/cidades-verdes-adaptacao-climatica-e-resiliencia-urbana\/#primaryimage"},"image":{"@id":"https:\/\/prefeitosegestoes.com.br\/portal\/cidades-verdes-adaptacao-climatica-e-resiliencia-urbana\/#primaryimage"},"thumbnailUrl":"https:\/\/prefeitosegestoes.com.br\/portal\/wp-content\/uploads\/2025\/03\/calorff_5.webp","datePublished":"2025-03-27T22:20:12+00:00","breadcrumb":{"@id":"https:\/\/prefeitosegestoes.com.br\/portal\/cidades-verdes-adaptacao-climatica-e-resiliencia-urbana\/#breadcrumb"},"inLanguage":"pt-BR","potentialAction":[{"@type":"ReadAction","target":["https:\/\/prefeitosegestoes.com.br\/portal\/cidades-verdes-adaptacao-climatica-e-resiliencia-urbana\/"]}]},{"@type":"ImageObject","inLanguage":"pt-BR","@id":"https:\/\/prefeitosegestoes.com.br\/portal\/cidades-verdes-adaptacao-climatica-e-resiliencia-urbana\/#primaryimage","url":"https:\/\/prefeitosegestoes.com.br\/portal\/wp-content\/uploads\/2025\/03\/calorff_5.webp","contentUrl":"https:\/\/prefeitosegestoes.com.br\/portal\/wp-content\/uploads\/2025\/03\/calorff_5.webp","width":1024,"height":768},{"@type":"BreadcrumbList","@id":"https:\/\/prefeitosegestoes.com.br\/portal\/cidades-verdes-adaptacao-climatica-e-resiliencia-urbana\/#breadcrumb","itemListElement":[{"@type":"ListItem","position":1,"name":"In\u00edcio","item":"https:\/\/prefeitosegestoes.com.br\/portal\/"},{"@type":"ListItem","position":2,"name":"Cidades Verdes: Adapta\u00e7\u00e3o clim\u00e1tica e resili\u00eancia urbana"}]},{"@type":"WebSite","@id":"https:\/\/prefeitosegestoes.com.br\/portal\/#website","url":"https:\/\/prefeitosegestoes.com.br\/portal\/","name":"Prefeitos & Gest\u00f5es","description":"","publisher":{"@id":"https:\/\/prefeitosegestoes.com.br\/portal\/#organization"},"potentialAction":[{"@type":"SearchAction","target":{"@type":"EntryPoint","urlTemplate":"https:\/\/prefeitosegestoes.com.br\/portal\/?s={search_term_string}"},"query-input":{"@type":"PropertyValueSpecification","valueRequired":true,"valueName":"search_term_string"}}],"inLanguage":"pt-BR"},{"@type":"Organization","@id":"https:\/\/prefeitosegestoes.com.br\/portal\/#organization","name":"Prefeitos & Gest\u00f5es","url":"https:\/\/prefeitosegestoes.com.br\/portal\/","logo":{"@type":"ImageObject","inLanguage":"pt-BR","@id":"https:\/\/prefeitosegestoes.com.br\/portal\/#\/schema\/logo\/image\/","url":"https:\/\/prefeitosegestoes.com.br\/portal\/wp-content\/uploads\/2024\/10\/lg_trans_prefeitos_2024_preto2.png","contentUrl":"https:\/\/prefeitosegestoes.com.br\/portal\/wp-content\/uploads\/2024\/10\/lg_trans_prefeitos_2024_preto2.png","width":199,"height":122,"caption":"Prefeitos & Gest\u00f5es"},"image":{"@id":"https:\/\/prefeitosegestoes.com.br\/portal\/#\/schema\/logo\/image\/"},"sameAs":["https:\/\/www.facebook.com\/prefeitosonline","https:\/\/x.com\/PrefGestoes"]},{"@type":"Person","@id":"https:\/\/prefeitosegestoes.com.br\/portal\/#\/schema\/person\/d00059f2ec99963e7e1850d448ae94b8","name":"Prefeitos &amp; Gest\u00f5es","image":{"@type":"ImageObject","inLanguage":"pt-BR","@id":"https:\/\/secure.gravatar.com\/avatar\/738fb281e479212ed32c1a21a4307dda9f3af9292edb6918a16c9ce9fff5f48d?s=96&d=mm&r=g","url":"https:\/\/secure.gravatar.com\/avatar\/738fb281e479212ed32c1a21a4307dda9f3af9292edb6918a16c9ce9fff5f48d?s=96&d=mm&r=g","contentUrl":"https:\/\/secure.gravatar.com\/avatar\/738fb281e479212ed32c1a21a4307dda9f3af9292edb6918a16c9ce9fff5f48d?s=96&d=mm&r=g","caption":"Prefeitos &amp; Gest\u00f5es"},"url":"https:\/\/prefeitosegestoes.com.br\/portal\/author\/prefeitosegestoes\/"}]}},"_links":{"self":[{"href":"https:\/\/prefeitosegestoes.com.br\/portal\/wp-json\/wp\/v2\/posts\/3229","targetHints":{"allow":["GET"]}}],"collection":[{"href":"https:\/\/prefeitosegestoes.com.br\/portal\/wp-json\/wp\/v2\/posts"}],"about":[{"href":"https:\/\/prefeitosegestoes.com.br\/portal\/wp-json\/wp\/v2\/types\/post"}],"author":[{"embeddable":true,"href":"https:\/\/prefeitosegestoes.com.br\/portal\/wp-json\/wp\/v2\/users\/2"}],"replies":[{"embeddable":true,"href":"https:\/\/prefeitosegestoes.com.br\/portal\/wp-json\/wp\/v2\/comments?post=3229"}],"version-history":[{"count":1,"href":"https:\/\/prefeitosegestoes.com.br\/portal\/wp-json\/wp\/v2\/posts\/3229\/revisions"}],"predecessor-version":[{"id":3232,"href":"https:\/\/prefeitosegestoes.com.br\/portal\/wp-json\/wp\/v2\/posts\/3229\/revisions\/3232"}],"wp:featuredmedia":[{"embeddable":true,"href":"https:\/\/prefeitosegestoes.com.br\/portal\/wp-json\/wp\/v2\/media\/3231"}],"wp:attachment":[{"href":"https:\/\/prefeitosegestoes.com.br\/portal\/wp-json\/wp\/v2\/media?parent=3229"}],"wp:term":[{"taxonomy":"category","embeddable":true,"href":"https:\/\/prefeitosegestoes.com.br\/portal\/wp-json\/wp\/v2\/categories?post=3229"},{"taxonomy":"post_tag","embeddable":true,"href":"https:\/\/prefeitosegestoes.com.br\/portal\/wp-json\/wp\/v2\/tags?post=3229"}],"curies":[{"name":"wp","href":"https:\/\/api.w.org\/{rel}","templated":true}]}}