{"id":3226,"date":"2025-03-27T19:04:19","date_gmt":"2025-03-27T22:04:19","guid":{"rendered":"https:\/\/prefeitosegestoes.com.br\/portal\/?p=3226"},"modified":"2025-03-27T19:04:19","modified_gmt":"2025-03-27T22:04:19","slug":"brasil-e-japao-ampliam-cooperacao-na-area-educacional","status":"publish","type":"post","link":"https:\/\/prefeitosegestoes.com.br\/portal\/brasil-e-japao-ampliam-cooperacao-na-area-educacional\/","title":{"rendered":"Brasil e Jap\u00e3o ampliam coopera\u00e7\u00e3o na \u00e1rea educacional"},"content":{"rendered":"<h6 style=\"font-weight: 400;\">Ao todo, a comitiva brasileira assinou dez acordos e 80 instrumentos de coopera\u00e7\u00e3o entre as duas na\u00e7\u00f5es. Foto: Divulga\u00e7\u00e3o\/MEC<\/h6>\n<h2 style=\"font-weight: 400;\">Memorando visa promover interc\u00e2mbio na educa\u00e7\u00e3o dos pa\u00edses e atividades de coopera\u00e7\u00e3o m\u00fatua que atendam desde a educa\u00e7\u00e3o b\u00e1sica at\u00e9 a p\u00f3s-gradua\u00e7\u00e3o. Enem e Encceja tamb\u00e9m pautaram di\u00e1logo bilateral<\/h2>\n<p style=\"font-weight: 400;\"><span style=\"font-weight: 400;\">Publicado em\u00a026\/03\/2025 16h01\u00a0<\/span><span style=\"font-weight: 400;\">Atualizado em\u00a026\/03\/2025 19h46<\/span><\/p>\n<p>Ao todo, a comitiva brasileira assinou dez acordos e 80 instrumentos de coopera\u00e7\u00e3o entre as duas na\u00e7\u00f5es. Foto: Divulga\u00e7\u00e3o\/MEC<\/p>\n<p style=\"font-weight: 400;\"><span data-contrast=\"auto\">A\u00a0agenda\u00a0do Minist\u00e9rio da Educa\u00e7\u00e3o (MEC)\u00a0em T\u00f3quio,\u00a0no Jap\u00e3o,\u00a0incluiu\u00a0a assinatura\u00a0do\u00a0<\/span><a style=\"font-weight: 500;\" href=\"https:\/\/www.gov.br\/mre\/pt-br\/canais_atendimento\/imprensa\/notas-a-imprensa\/atos-adotados-por-ocasiao-da-visita-do-presidente-luiz-inacio-lula-da-silva-ao-japao-toquio-de-25-a-27-de-marco-de-2025\/mou-japao-versao-mext-06-03-2025-traducao-portugues-brasil-diagramado.pdf\"><span data-contrast=\"auto\">Memorando de Coopera\u00e7\u00e3o em Educa\u00e7\u00e3o entre o MEC e o Minist\u00e9rio da Educa\u00e7\u00e3o, Cultura, Esportes, Ci\u00eancia e Tecnologia do Jap\u00e3o<\/span><\/a><span data-contrast=\"auto\">.\u00a0O documento destaca a import\u00e2ncia da educa\u00e7\u00e3o e do desenvolvimento de recursos humanos para o progresso dos dois pa\u00edses, bem como da coopera\u00e7\u00e3o internacional e do di\u00e1logo pol\u00edtico em educa\u00e7\u00e3o e pesquisa.\u00a0O di\u00e1logo bilateral entre Brasil e Jap\u00e3o\u00a0ocorreu nesta quarta-feira, 26 de mar\u00e7o, e\u00a0contou com a presen\u00e7a do presidente da Rep\u00fablica, Luiz In\u00e1cio Lula da Silva;\u00a0do\u00a0primeiro-ministro\u00a0do Jap\u00e3o, Shigeru\u00a0Ishiba;\u00a0do ministro da Educa\u00e7\u00e3o do Brasil, Camilo Santana;\u00a0e da ministra da Educa\u00e7\u00e3o japonesa, Toshiko Abe.<\/span><span data-ccp-props=\"{}\">\u00a0<\/span><\/p>\n<p style=\"font-weight: 400;\"><span data-contrast=\"auto\">O memorando tamb\u00e9m aponta a necessidade do interc\u00e2mbio e\u00a0do\u00a0desenvolvimento profissional de funcion\u00e1rios governamentais, acad\u00eamicos, professores, especialistas, estudantes e funcion\u00e1rios administrativos de institui\u00e7\u00f5es de ensino superior. Al\u00e9m disso,\u00a0ressalta a\u00a0relev\u00e2ncia da\u00a0coopera\u00e7\u00e3o e\u00a0do\u00a0interc\u00e2mbio de informa\u00e7\u00f5es sobre seus respectivos sistemas e pol\u00edticas educacionais voltados a apoiar as reformas educacionais em curso.<\/span><span data-ccp-props=\"{}\">\u00a0<\/span><\/p>\n<p style=\"font-weight: 400;\"><span data-contrast=\"auto\">\u201cO\u00a0memorando\u00a0vai possibilitar que temas importantes de pautas de ambos os pa\u00edses possam ter prioridade no debate, nas discuss\u00f5es e nos encaminhamentos. J\u00e1\u00a0tivemos algumas reuni\u00f5es importantes nesses primeiros dias\u00a0com representantes das escolas brasileiras aqui,\u00a0no Jap\u00e3o,\u00a0para fortalecer essa rela\u00e7\u00e3o\u201d, afirmou Santana.\u00a0\u00a0\u00a0\u00a0<\/span><span data-ccp-props=\"{}\">\u00a0<\/span><\/p>\n<p style=\"font-weight: 400;\"><span data-contrast=\"auto\">Segundo o ministro, na reuni\u00e3o,\u00a0os representantes das\u00a0escolas brasileiras no Jap\u00e3o trouxeram para a pauta o\u00a0Fundo do\u00a0Ensino\u00a0M\u00e9dio no Jap\u00e3o\u00a0\u2013\u00a0subs\u00eddio\u00a0concedido\u00a0pelo governo para estudantes estrangeiros\u00a0\u2013,\u00a0que pode ser descontinuado.<\/span><\/p>\n<p style=\"font-weight: 400;\"><b><strong><span data-contrast=\"auto\">Agenda\u00a0<\/span><\/strong><\/b><span data-contrast=\"auto\"><b><strong>\u2013\u00a0<\/strong><\/b>Nesta quarta-feira (26), o presidente Lula reuniu-se com representantes sindicais brasileiros e japoneses. Em seguida, acompanhado do ministro Santana e dos demais chefes de minist\u00e9rios que fazem parte da comitiva presidencial no Jap\u00e3o, participou do F\u00f3rum Empresarial Brasil-Jap\u00e3o e de reuni\u00e3o com professores e pesquisadores brasileiros no pa\u00eds.<\/span><\/p>\n<p style=\"font-weight: 400;\"><span data-ccp-props=\"{}\">\u201cA pauta da educa\u00e7\u00e3o tem sido uma prioridade dos conselhos de cidad\u00e3os brasileiros no Jap\u00e3o. Eles querem fazer o Enem [Exame Nacional do Ensino M\u00e9dio] aqui. Falamos do Encceja [Exame Nacional para Certifica\u00e7\u00e3o de Compet\u00eancias de Jovens e Adultos]\u00a0tamb\u00e9m. Discutimos ainda a import\u00e2ncia de melhorar a qualifica\u00e7\u00e3o da aprendizagem da l\u00edngua japonesa para brasileiros nas escolas locais\u201d, disse o ministro.\u00a0<\/span><\/p>\n<p style=\"font-weight: 400;\"><span data-contrast=\"auto\">Camilo Santana\u00a0ainda\u00a0informou que o MEC\u00a0come\u00e7ar\u00e1\u00a0um projeto-piloto de tutoria para melhorar a aprendizagem\u00a0de japon\u00eas pelos\u00a0alunos\u00a0brasileiros\u00a0que estudam\u00a0no pa\u00eds, al\u00e9m de prestar apoio pedag\u00f3gico, apoiando\u00a0o\u00a0desempenho escolar\u00a0desses estudantes.\u00a0\u201cEssa \u00e9 uma parceria\u00a0que est\u00e1 sendo feita\u00a0com a\u00a0Universidade\u00a0Federal do Paran\u00e1\u201d,\u00a0adiantou.<\/span><span data-ccp-props=\"{}\">\u00a0<\/span><\/p>\n<p style=\"font-weight: 400;\"><span data-contrast=\"auto\">A comitiva tamb\u00e9m participou do F\u00f3rum Econ\u00f4mico Brasil-Jap\u00e3o com an\u00fancios comerciais importantes para o Brasil.\u00a0\u201cS\u00e3o pautas importantes que n\u00f3s estamos cumprindo nessa miss\u00e3o, al\u00e9m das\u00a0rela\u00e7\u00f5es comerciais clim\u00e1ticas\u00a0que o presidente Lula tem discutido com os setores, n\u00e3o s\u00f3 com o imperador, mas tamb\u00e9m com\u00a0o primeiro-ministro&#8221;, finalizou.<\/span><span data-ccp-props=\"{}\">\u00a0<\/span><\/p>\n<p style=\"font-weight: 400;\"><b><strong><span data-contrast=\"auto\">Rela\u00e7\u00e3o diplom\u00e1tica\u00a0<\/span><\/strong><\/b><span data-contrast=\"auto\"><b><strong>\u2013\u00a0<\/strong><\/b>Ao todo, a comitiva brasileira assinou dez acordos e 80 instrumentos de coopera\u00e7\u00e3o entre as duas na\u00e7\u00f5es, ap\u00f3s uma s\u00e9rie de agendas no pa\u00eds asi\u00e1tico. O estreitamento de v\u00ednculos ficou ainda mais claro na declara\u00e7\u00e3o\u00a0do presidente Lula\u00a0\u00e0 imprensa,\u00a0ap\u00f3s reuni\u00e3o bilateral com o primeiro-ministro do Jap\u00e3o, Shigeru\u00a0Ishiba, em T\u00f3quio. Ficou decidido que, a partir de agora, os chefes de Estado se visitar\u00e3o a cada dois anos.<\/span><span data-ccp-props=\"{&quot;335559738&quot;:240,&quot;335559739&quot;:300}\">\u00a0<\/span><\/p>\n<ul style=\"font-weight: 400;\">\n<li style=\"font-weight: 400;\" data-leveltext=\"\uf0b7\" data-font=\"Symbol\" data-listid=\"1\" data-list-defn-props=\"{&quot;335552541&quot;:1,&quot;335559685&quot;:720,&quot;335559991&quot;:360,&quot;469769226&quot;:&quot;Symbol&quot;,&quot;469769242&quot;:[8226],&quot;469777803&quot;:&quot;left&quot;,&quot;469777804&quot;:&quot;\uf0b7&quot;,&quot;469777815&quot;:&quot;hybridMultilevel&quot;}\" data-aria-posinset=\"1\" data-aria-level=\"1\"><b><strong><span data-contrast=\"auto\">Leia mais<\/span><span data-contrast=\"auto\">:\u00a0<\/span><\/strong><\/b><a style=\"font-weight: 500;\" href=\"https:\/\/www.gov.br\/planalto\/pt-br\/acompanhe-o-planalto\/noticias\/2025\/03\/lula-201ca-relacao-brasil-japao-ganha-nova-dimensao201d\"><span data-contrast=\"auto\">Lula: \u201cA rela\u00e7\u00e3o Brasil-Jap\u00e3o ganha nova dimens\u00e3o&#8221;<\/span><\/a><span data-ccp-props=\"{&quot;335559738&quot;:195,&quot;335559739&quot;:195}\">\u00a0<\/span><\/li>\n<\/ul>\n<p style=\"font-weight: 400;\"><span data-contrast=\"auto\">Essa \u00e9 a primeira\u00a0visita\u00a0de Estado\u00a0de um chefe\u00a0de\u00a0governo\u00a0estrangeiro ao Jap\u00e3o\u00a0desde 2019. O pa\u00eds asi\u00e1tico\u00a0costuma receber somente um visitante dessa natureza por ano,\u00a0mas\u00a0havia interrompido\u00a0essa pr\u00e1tica\u00a0durante a pandemia\u00a0causada pela\u00a0covid-19.<\/span><span data-ccp-props=\"{}\">\u00a0<\/span><\/p>\n<p style=\"font-weight: 400;\"><span data-contrast=\"auto\">Em 2025, comemoram-se os 130 anos das rela\u00e7\u00f5es diplom\u00e1ticas Brasil-Jap\u00e3o. O Brasil conta com a maior popula\u00e7\u00e3o nipodescendente fora do Jap\u00e3o, estimada em mais de 2 milh\u00f5es de pessoas, e\u00a0o\u00a0Jap\u00e3o abriga a quinta maior comunidade brasileira no exterior, com 210 mil nacionais.\u00a0Dos brasileiros\u00a0que vivem\u00a0no Jap\u00e3o, estima-se que 30 mil estejam em idade de escolariza\u00e7\u00e3o b\u00e1sica (dos 6 aos 18 anos),\u00a0dos quais\u00a04 mil (13%) frequentam escolas privadas de curr\u00edculo brasileiro.<\/span><span data-ccp-props=\"{}\">\u00a0<\/span><\/p>\n<p style=\"font-weight: 400;\"><span data-ccp-props=\"{}\">\u00a0Fonte<\/span><\/p>\n<p style=\"font-weight: 400;\"><em style=\"font-weight: 400;\"><span data-contrast=\"auto\">Assessoria de Comunica\u00e7\u00e3o Social do MEC, com informa\u00e7\u00f5es da Assessoria Internacional\u00a0(AI\/MEC)\u00a0e do Pal\u00e1cio do Planalto<\/span><span data-ccp-props=\"{}\">\u00a0<\/span><\/em><\/p>\n","protected":false},"excerpt":{"rendered":"<p>Ao todo, a comitiva brasileira assinou dez acordos e 80 instrumentos de coopera\u00e7\u00e3o entre as duas na\u00e7\u00f5es. Foto: Divulga\u00e7\u00e3o\/MEC Memorando visa promover interc\u00e2mbio na educa\u00e7\u00e3o dos pa\u00edses e atividades de coopera\u00e7\u00e3o m\u00fatua que atendam desde a educa\u00e7\u00e3o b\u00e1sica at\u00e9 a p\u00f3s-gradua\u00e7\u00e3o. Enem e Encceja tamb\u00e9m pautaram di\u00e1logo bilateral Publicado em\u00a026\/03\/2025 16h01\u00a0Atualizado em\u00a026\/03\/2025 19h46 Ao todo, [&hellip;]<\/p>\n","protected":false},"author":2,"featured_media":3227,"comment_status":"open","ping_status":"open","sticky":false,"template":"","format":"standard","meta":{"rop_custom_images_group":[],"rop_custom_messages_group":[],"rop_publish_now":"initial","rop_publish_now_accounts":{"twitter_850042665852968960_850042665852968960":""},"rop_publish_now_history":[],"rop_publish_now_status":"pending","footnotes":""},"categories":[15],"tags":[540,539,542,538,541],"class_list":["post-3226","post","type-post","status-publish","format-standard","has-post-thumbnail","hentry","category-destaques","tag-bilateral","tag-educacao-basca","tag-enem","tag-japao","tag-pos-graduacao"],"yoast_head":"<!-- This site is optimized with the Yoast SEO plugin v27.2 - https:\/\/yoast.com\/product\/yoast-seo-wordpress\/ -->\n<title>Brasil e Jap\u00e3o ampliam coopera\u00e7\u00e3o na \u00e1rea educacional - Prefeitos &amp; Gest\u00f5es<\/title>\n<meta name=\"description\" content=\"A\u00a0agenda\u00a0do Minist\u00e9rio da Educa\u00e7\u00e3o (MEC)\u00a0em T\u00f3quio,\u00a0no Jap\u00e3o,\u00a0incluiu\u00a0a assinatura\u00a0do\u00a0Memorando de Coopera\u00e7\u00e3o em Educa\u00e7\u00e3o entre o MEC e o Minist\u00e9rio da Educa\u00e7\u00e3o, Cultura, Esportes, Ci\u00eancia e Tecnologia do Jap\u00e3o.\u00a0O documento destaca a import\u00e2ncia da educa\u00e7\u00e3o e do desenvolvimento de recursos humanos para o progresso dos dois pa\u00edses, bem como da coopera\u00e7\u00e3o internacional e do di\u00e1logo pol\u00edtico em educa\u00e7\u00e3o e pesquisa.\u00a0O di\u00e1logo bilateral entre Brasil e Jap\u00e3o\u00a0ocorreu nesta quarta-feira, 26 de mar\u00e7o, e\u00a0contou com a presen\u00e7a do presidente da Rep\u00fablica, Luiz In\u00e1cio Lula da Silva;\u00a0do\u00a0primeiro-ministro\u00a0do Jap\u00e3o, Shigeru\u00a0Ishiba;\u00a0do ministro da Educa\u00e7\u00e3o do Brasil, Camilo Santana;\u00a0e da ministra da Educa\u00e7\u00e3o japonesa, Toshiko Abe.\u00a0\" \/>\n<meta name=\"robots\" content=\"index, follow, max-snippet:-1, max-image-preview:large, max-video-preview:-1\" \/>\n<link rel=\"canonical\" href=\"https:\/\/prefeitosegestoes.com.br\/portal\/brasil-e-japao-ampliam-cooperacao-na-area-educacional\/\" \/>\n<meta property=\"og:locale\" content=\"pt_BR\" \/>\n<meta property=\"og:type\" content=\"article\" \/>\n<meta property=\"og:title\" content=\"Brasil e Jap\u00e3o ampliam coopera\u00e7\u00e3o na \u00e1rea educacional - Prefeitos &amp; Gest\u00f5es\" \/>\n<meta property=\"og:description\" content=\"A\u00a0agenda\u00a0do Minist\u00e9rio da Educa\u00e7\u00e3o (MEC)\u00a0em T\u00f3quio,\u00a0no Jap\u00e3o,\u00a0incluiu\u00a0a assinatura\u00a0do\u00a0Memorando de Coopera\u00e7\u00e3o em Educa\u00e7\u00e3o entre o MEC e o Minist\u00e9rio da Educa\u00e7\u00e3o, Cultura, Esportes, Ci\u00eancia e Tecnologia do Jap\u00e3o.\u00a0O documento destaca a import\u00e2ncia da educa\u00e7\u00e3o e do desenvolvimento de recursos humanos para o progresso dos dois pa\u00edses, bem como da coopera\u00e7\u00e3o internacional e do di\u00e1logo pol\u00edtico em educa\u00e7\u00e3o e pesquisa.\u00a0O di\u00e1logo bilateral entre Brasil e Jap\u00e3o\u00a0ocorreu nesta quarta-feira, 26 de mar\u00e7o, e\u00a0contou com a presen\u00e7a do presidente da Rep\u00fablica, Luiz In\u00e1cio Lula da Silva;\u00a0do\u00a0primeiro-ministro\u00a0do Jap\u00e3o, Shigeru\u00a0Ishiba;\u00a0do ministro da Educa\u00e7\u00e3o do Brasil, Camilo Santana;\u00a0e da ministra da Educa\u00e7\u00e3o japonesa, Toshiko Abe.\u00a0\" \/>\n<meta property=\"og:url\" content=\"https:\/\/prefeitosegestoes.com.br\/portal\/brasil-e-japao-ampliam-cooperacao-na-area-educacional\/\" \/>\n<meta property=\"og:site_name\" content=\"Prefeitos &amp; Gest\u00f5es\" \/>\n<meta property=\"article:publisher\" content=\"https:\/\/www.facebook.com\/prefeitosonline\" \/>\n<meta property=\"article:published_time\" content=\"2025-03-27T22:04:19+00:00\" \/>\n<meta property=\"og:image\" content=\"https:\/\/prefeitosegestoes.com.br\/portal\/wp-content\/uploads\/2025\/03\/7efb2da7-8403-414e-a61d-61979a98cf3b.jpeg\" \/>\n\t<meta property=\"og:image:width\" content=\"768\" \/>\n\t<meta property=\"og:image:height\" content=\"480\" \/>\n\t<meta property=\"og:image:type\" content=\"image\/jpeg\" \/>\n<meta name=\"author\" content=\"Prefeitos &amp; Gest\u00f5es\" \/>\n<meta name=\"twitter:card\" content=\"summary_large_image\" \/>\n<meta name=\"twitter:creator\" content=\"@PrefGestoes\" \/>\n<meta name=\"twitter:site\" content=\"@PrefGestoes\" \/>\n<meta name=\"twitter:label1\" content=\"Escrito por\" \/>\n\t<meta name=\"twitter:data1\" content=\"Prefeitos &amp; Gest\u00f5es\" \/>\n\t<meta name=\"twitter:label2\" content=\"Est. tempo de leitura\" \/>\n\t<meta name=\"twitter:data2\" content=\"5 minutos\" \/>\n<script type=\"application\/ld+json\" class=\"yoast-schema-graph\">{\"@context\":\"https:\/\/schema.org\",\"@graph\":[{\"@type\":\"Article\",\"@id\":\"https:\/\/prefeitosegestoes.com.br\/portal\/brasil-e-japao-ampliam-cooperacao-na-area-educacional\/#article\",\"isPartOf\":{\"@id\":\"https:\/\/prefeitosegestoes.com.br\/portal\/brasil-e-japao-ampliam-cooperacao-na-area-educacional\/\"},\"author\":{\"name\":\"Prefeitos &amp; Gest\u00f5es\",\"@id\":\"https:\/\/prefeitosegestoes.com.br\/portal\/#\/schema\/person\/d00059f2ec99963e7e1850d448ae94b8\"},\"headline\":\"Brasil e Jap\u00e3o ampliam coopera\u00e7\u00e3o na \u00e1rea educacional\",\"datePublished\":\"2025-03-27T22:04:19+00:00\",\"mainEntityOfPage\":{\"@id\":\"https:\/\/prefeitosegestoes.com.br\/portal\/brasil-e-japao-ampliam-cooperacao-na-area-educacional\/\"},\"wordCount\":876,\"commentCount\":0,\"publisher\":{\"@id\":\"https:\/\/prefeitosegestoes.com.br\/portal\/#organization\"},\"image\":{\"@id\":\"https:\/\/prefeitosegestoes.com.br\/portal\/brasil-e-japao-ampliam-cooperacao-na-area-educacional\/#primaryimage\"},\"thumbnailUrl\":\"https:\/\/prefeitosegestoes.com.br\/portal\/wp-content\/uploads\/2025\/03\/7efb2da7-8403-414e-a61d-61979a98cf3b.jpeg\",\"keywords\":[\"Bilateral\",\"Educa\u00e7\u00e3o B\u00e1sca\",\"Enem\",\"Jap\u00e3o\",\"P\u00f3s-Gradua\u00e7\u00e3o\"],\"articleSection\":[\"Destaques\"],\"inLanguage\":\"pt-BR\",\"potentialAction\":[{\"@type\":\"CommentAction\",\"name\":\"Comment\",\"target\":[\"https:\/\/prefeitosegestoes.com.br\/portal\/brasil-e-japao-ampliam-cooperacao-na-area-educacional\/#respond\"]}]},{\"@type\":\"WebPage\",\"@id\":\"https:\/\/prefeitosegestoes.com.br\/portal\/brasil-e-japao-ampliam-cooperacao-na-area-educacional\/\",\"url\":\"https:\/\/prefeitosegestoes.com.br\/portal\/brasil-e-japao-ampliam-cooperacao-na-area-educacional\/\",\"name\":\"Brasil e Jap\u00e3o ampliam coopera\u00e7\u00e3o na \u00e1rea educacional - Prefeitos &amp; Gest\u00f5es\",\"isPartOf\":{\"@id\":\"https:\/\/prefeitosegestoes.com.br\/portal\/#website\"},\"primaryImageOfPage\":{\"@id\":\"https:\/\/prefeitosegestoes.com.br\/portal\/brasil-e-japao-ampliam-cooperacao-na-area-educacional\/#primaryimage\"},\"image\":{\"@id\":\"https:\/\/prefeitosegestoes.com.br\/portal\/brasil-e-japao-ampliam-cooperacao-na-area-educacional\/#primaryimage\"},\"thumbnailUrl\":\"https:\/\/prefeitosegestoes.com.br\/portal\/wp-content\/uploads\/2025\/03\/7efb2da7-8403-414e-a61d-61979a98cf3b.jpeg\",\"datePublished\":\"2025-03-27T22:04:19+00:00\",\"description\":\"A\u00a0agenda\u00a0do Minist\u00e9rio da Educa\u00e7\u00e3o (MEC)\u00a0em T\u00f3quio,\u00a0no Jap\u00e3o,\u00a0incluiu\u00a0a assinatura\u00a0do\u00a0Memorando de Coopera\u00e7\u00e3o em Educa\u00e7\u00e3o entre o MEC e o Minist\u00e9rio da Educa\u00e7\u00e3o, Cultura, Esportes, Ci\u00eancia e Tecnologia do Jap\u00e3o.\u00a0O documento destaca a import\u00e2ncia da educa\u00e7\u00e3o e do desenvolvimento de recursos humanos para o progresso dos dois pa\u00edses, bem como da coopera\u00e7\u00e3o internacional e do di\u00e1logo pol\u00edtico em educa\u00e7\u00e3o e pesquisa.\u00a0O di\u00e1logo bilateral entre Brasil e Jap\u00e3o\u00a0ocorreu nesta quarta-feira, 26 de mar\u00e7o, e\u00a0contou com a presen\u00e7a do presidente da Rep\u00fablica, Luiz In\u00e1cio Lula da Silva;\u00a0do\u00a0primeiro-ministro\u00a0do Jap\u00e3o, Shigeru\u00a0Ishiba;\u00a0do ministro da Educa\u00e7\u00e3o do Brasil, Camilo Santana;\u00a0e da ministra da Educa\u00e7\u00e3o japonesa, Toshiko Abe.\u00a0\",\"breadcrumb\":{\"@id\":\"https:\/\/prefeitosegestoes.com.br\/portal\/brasil-e-japao-ampliam-cooperacao-na-area-educacional\/#breadcrumb\"},\"inLanguage\":\"pt-BR\",\"potentialAction\":[{\"@type\":\"ReadAction\",\"target\":[\"https:\/\/prefeitosegestoes.com.br\/portal\/brasil-e-japao-ampliam-cooperacao-na-area-educacional\/\"]}]},{\"@type\":\"ImageObject\",\"inLanguage\":\"pt-BR\",\"@id\":\"https:\/\/prefeitosegestoes.com.br\/portal\/brasil-e-japao-ampliam-cooperacao-na-area-educacional\/#primaryimage\",\"url\":\"https:\/\/prefeitosegestoes.com.br\/portal\/wp-content\/uploads\/2025\/03\/7efb2da7-8403-414e-a61d-61979a98cf3b.jpeg\",\"contentUrl\":\"https:\/\/prefeitosegestoes.com.br\/portal\/wp-content\/uploads\/2025\/03\/7efb2da7-8403-414e-a61d-61979a98cf3b.jpeg\",\"width\":768,\"height\":480},{\"@type\":\"BreadcrumbList\",\"@id\":\"https:\/\/prefeitosegestoes.com.br\/portal\/brasil-e-japao-ampliam-cooperacao-na-area-educacional\/#breadcrumb\",\"itemListElement\":[{\"@type\":\"ListItem\",\"position\":1,\"name\":\"In\u00edcio\",\"item\":\"https:\/\/prefeitosegestoes.com.br\/portal\/\"},{\"@type\":\"ListItem\",\"position\":2,\"name\":\"Brasil e Jap\u00e3o ampliam coopera\u00e7\u00e3o na \u00e1rea educacional\"}]},{\"@type\":\"WebSite\",\"@id\":\"https:\/\/prefeitosegestoes.com.br\/portal\/#website\",\"url\":\"https:\/\/prefeitosegestoes.com.br\/portal\/\",\"name\":\"Prefeitos & Gest\u00f5es\",\"description\":\"\",\"publisher\":{\"@id\":\"https:\/\/prefeitosegestoes.com.br\/portal\/#organization\"},\"potentialAction\":[{\"@type\":\"SearchAction\",\"target\":{\"@type\":\"EntryPoint\",\"urlTemplate\":\"https:\/\/prefeitosegestoes.com.br\/portal\/?s={search_term_string}\"},\"query-input\":{\"@type\":\"PropertyValueSpecification\",\"valueRequired\":true,\"valueName\":\"search_term_string\"}}],\"inLanguage\":\"pt-BR\"},{\"@type\":\"Organization\",\"@id\":\"https:\/\/prefeitosegestoes.com.br\/portal\/#organization\",\"name\":\"Prefeitos & Gest\u00f5es\",\"url\":\"https:\/\/prefeitosegestoes.com.br\/portal\/\",\"logo\":{\"@type\":\"ImageObject\",\"inLanguage\":\"pt-BR\",\"@id\":\"https:\/\/prefeitosegestoes.com.br\/portal\/#\/schema\/logo\/image\/\",\"url\":\"https:\/\/prefeitosegestoes.com.br\/portal\/wp-content\/uploads\/2024\/10\/lg_trans_prefeitos_2024_preto2.png\",\"contentUrl\":\"https:\/\/prefeitosegestoes.com.br\/portal\/wp-content\/uploads\/2024\/10\/lg_trans_prefeitos_2024_preto2.png\",\"width\":199,\"height\":122,\"caption\":\"Prefeitos & Gest\u00f5es\"},\"image\":{\"@id\":\"https:\/\/prefeitosegestoes.com.br\/portal\/#\/schema\/logo\/image\/\"},\"sameAs\":[\"https:\/\/www.facebook.com\/prefeitosonline\",\"https:\/\/x.com\/PrefGestoes\"]},{\"@type\":\"Person\",\"@id\":\"https:\/\/prefeitosegestoes.com.br\/portal\/#\/schema\/person\/d00059f2ec99963e7e1850d448ae94b8\",\"name\":\"Prefeitos &amp; Gest\u00f5es\",\"image\":{\"@type\":\"ImageObject\",\"inLanguage\":\"pt-BR\",\"@id\":\"https:\/\/secure.gravatar.com\/avatar\/738fb281e479212ed32c1a21a4307dda9f3af9292edb6918a16c9ce9fff5f48d?s=96&d=mm&r=g\",\"url\":\"https:\/\/secure.gravatar.com\/avatar\/738fb281e479212ed32c1a21a4307dda9f3af9292edb6918a16c9ce9fff5f48d?s=96&d=mm&r=g\",\"contentUrl\":\"https:\/\/secure.gravatar.com\/avatar\/738fb281e479212ed32c1a21a4307dda9f3af9292edb6918a16c9ce9fff5f48d?s=96&d=mm&r=g\",\"caption\":\"Prefeitos &amp; Gest\u00f5es\"},\"url\":\"https:\/\/prefeitosegestoes.com.br\/portal\/author\/prefeitosegestoes\/\"}]}<\/script>\n<!-- \/ Yoast SEO plugin. -->","yoast_head_json":{"title":"Brasil e Jap\u00e3o ampliam coopera\u00e7\u00e3o na \u00e1rea educacional - Prefeitos &amp; Gest\u00f5es","description":"A\u00a0agenda\u00a0do Minist\u00e9rio da Educa\u00e7\u00e3o (MEC)\u00a0em T\u00f3quio,\u00a0no Jap\u00e3o,\u00a0incluiu\u00a0a assinatura\u00a0do\u00a0Memorando de Coopera\u00e7\u00e3o em Educa\u00e7\u00e3o entre o MEC e o Minist\u00e9rio da Educa\u00e7\u00e3o, Cultura, Esportes, Ci\u00eancia e Tecnologia do Jap\u00e3o.\u00a0O documento destaca a import\u00e2ncia da educa\u00e7\u00e3o e do desenvolvimento de recursos humanos para o progresso dos dois pa\u00edses, bem como da coopera\u00e7\u00e3o internacional e do di\u00e1logo pol\u00edtico em educa\u00e7\u00e3o e pesquisa.\u00a0O di\u00e1logo bilateral entre Brasil e Jap\u00e3o\u00a0ocorreu nesta quarta-feira, 26 de mar\u00e7o, e\u00a0contou com a presen\u00e7a do presidente da Rep\u00fablica, Luiz In\u00e1cio Lula da Silva;\u00a0do\u00a0primeiro-ministro\u00a0do Jap\u00e3o, Shigeru\u00a0Ishiba;\u00a0do ministro da Educa\u00e7\u00e3o do Brasil, Camilo Santana;\u00a0e da ministra da Educa\u00e7\u00e3o japonesa, Toshiko Abe.\u00a0","robots":{"index":"index","follow":"follow","max-snippet":"max-snippet:-1","max-image-preview":"max-image-preview:large","max-video-preview":"max-video-preview:-1"},"canonical":"https:\/\/prefeitosegestoes.com.br\/portal\/brasil-e-japao-ampliam-cooperacao-na-area-educacional\/","og_locale":"pt_BR","og_type":"article","og_title":"Brasil e Jap\u00e3o ampliam coopera\u00e7\u00e3o na \u00e1rea educacional - Prefeitos &amp; Gest\u00f5es","og_description":"A\u00a0agenda\u00a0do Minist\u00e9rio da Educa\u00e7\u00e3o (MEC)\u00a0em T\u00f3quio,\u00a0no Jap\u00e3o,\u00a0incluiu\u00a0a assinatura\u00a0do\u00a0Memorando de Coopera\u00e7\u00e3o em Educa\u00e7\u00e3o entre o MEC e o Minist\u00e9rio da Educa\u00e7\u00e3o, Cultura, Esportes, Ci\u00eancia e Tecnologia do Jap\u00e3o.\u00a0O documento destaca a import\u00e2ncia da educa\u00e7\u00e3o e do desenvolvimento de recursos humanos para o progresso dos dois pa\u00edses, bem como da coopera\u00e7\u00e3o internacional e do di\u00e1logo pol\u00edtico em educa\u00e7\u00e3o e pesquisa.\u00a0O di\u00e1logo bilateral entre Brasil e Jap\u00e3o\u00a0ocorreu nesta quarta-feira, 26 de mar\u00e7o, e\u00a0contou com a presen\u00e7a do presidente da Rep\u00fablica, Luiz In\u00e1cio Lula da Silva;\u00a0do\u00a0primeiro-ministro\u00a0do Jap\u00e3o, Shigeru\u00a0Ishiba;\u00a0do ministro da Educa\u00e7\u00e3o do Brasil, Camilo Santana;\u00a0e da ministra da Educa\u00e7\u00e3o japonesa, Toshiko Abe.\u00a0","og_url":"https:\/\/prefeitosegestoes.com.br\/portal\/brasil-e-japao-ampliam-cooperacao-na-area-educacional\/","og_site_name":"Prefeitos &amp; Gest\u00f5es","article_publisher":"https:\/\/www.facebook.com\/prefeitosonline","article_published_time":"2025-03-27T22:04:19+00:00","og_image":[{"width":768,"height":480,"url":"https:\/\/prefeitosegestoes.com.br\/portal\/wp-content\/uploads\/2025\/03\/7efb2da7-8403-414e-a61d-61979a98cf3b.jpeg","type":"image\/jpeg"}],"author":"Prefeitos &amp; Gest\u00f5es","twitter_card":"summary_large_image","twitter_creator":"@PrefGestoes","twitter_site":"@PrefGestoes","twitter_misc":{"Escrito por":"Prefeitos &amp; Gest\u00f5es","Est. tempo de leitura":"5 minutos"},"schema":{"@context":"https:\/\/schema.org","@graph":[{"@type":"Article","@id":"https:\/\/prefeitosegestoes.com.br\/portal\/brasil-e-japao-ampliam-cooperacao-na-area-educacional\/#article","isPartOf":{"@id":"https:\/\/prefeitosegestoes.com.br\/portal\/brasil-e-japao-ampliam-cooperacao-na-area-educacional\/"},"author":{"name":"Prefeitos &amp; Gest\u00f5es","@id":"https:\/\/prefeitosegestoes.com.br\/portal\/#\/schema\/person\/d00059f2ec99963e7e1850d448ae94b8"},"headline":"Brasil e Jap\u00e3o ampliam coopera\u00e7\u00e3o na \u00e1rea educacional","datePublished":"2025-03-27T22:04:19+00:00","mainEntityOfPage":{"@id":"https:\/\/prefeitosegestoes.com.br\/portal\/brasil-e-japao-ampliam-cooperacao-na-area-educacional\/"},"wordCount":876,"commentCount":0,"publisher":{"@id":"https:\/\/prefeitosegestoes.com.br\/portal\/#organization"},"image":{"@id":"https:\/\/prefeitosegestoes.com.br\/portal\/brasil-e-japao-ampliam-cooperacao-na-area-educacional\/#primaryimage"},"thumbnailUrl":"https:\/\/prefeitosegestoes.com.br\/portal\/wp-content\/uploads\/2025\/03\/7efb2da7-8403-414e-a61d-61979a98cf3b.jpeg","keywords":["Bilateral","Educa\u00e7\u00e3o B\u00e1sca","Enem","Jap\u00e3o","P\u00f3s-Gradua\u00e7\u00e3o"],"articleSection":["Destaques"],"inLanguage":"pt-BR","potentialAction":[{"@type":"CommentAction","name":"Comment","target":["https:\/\/prefeitosegestoes.com.br\/portal\/brasil-e-japao-ampliam-cooperacao-na-area-educacional\/#respond"]}]},{"@type":"WebPage","@id":"https:\/\/prefeitosegestoes.com.br\/portal\/brasil-e-japao-ampliam-cooperacao-na-area-educacional\/","url":"https:\/\/prefeitosegestoes.com.br\/portal\/brasil-e-japao-ampliam-cooperacao-na-area-educacional\/","name":"Brasil e Jap\u00e3o ampliam coopera\u00e7\u00e3o na \u00e1rea educacional - Prefeitos &amp; Gest\u00f5es","isPartOf":{"@id":"https:\/\/prefeitosegestoes.com.br\/portal\/#website"},"primaryImageOfPage":{"@id":"https:\/\/prefeitosegestoes.com.br\/portal\/brasil-e-japao-ampliam-cooperacao-na-area-educacional\/#primaryimage"},"image":{"@id":"https:\/\/prefeitosegestoes.com.br\/portal\/brasil-e-japao-ampliam-cooperacao-na-area-educacional\/#primaryimage"},"thumbnailUrl":"https:\/\/prefeitosegestoes.com.br\/portal\/wp-content\/uploads\/2025\/03\/7efb2da7-8403-414e-a61d-61979a98cf3b.jpeg","datePublished":"2025-03-27T22:04:19+00:00","description":"A\u00a0agenda\u00a0do Minist\u00e9rio da Educa\u00e7\u00e3o (MEC)\u00a0em T\u00f3quio,\u00a0no Jap\u00e3o,\u00a0incluiu\u00a0a assinatura\u00a0do\u00a0Memorando de Coopera\u00e7\u00e3o em Educa\u00e7\u00e3o entre o MEC e o Minist\u00e9rio da Educa\u00e7\u00e3o, Cultura, Esportes, Ci\u00eancia e Tecnologia do Jap\u00e3o.\u00a0O documento destaca a import\u00e2ncia da educa\u00e7\u00e3o e do desenvolvimento de recursos humanos para o progresso dos dois pa\u00edses, bem como da coopera\u00e7\u00e3o internacional e do di\u00e1logo pol\u00edtico em educa\u00e7\u00e3o e pesquisa.\u00a0O di\u00e1logo bilateral entre Brasil e Jap\u00e3o\u00a0ocorreu nesta quarta-feira, 26 de mar\u00e7o, e\u00a0contou com a presen\u00e7a do presidente da Rep\u00fablica, Luiz In\u00e1cio Lula da Silva;\u00a0do\u00a0primeiro-ministro\u00a0do Jap\u00e3o, Shigeru\u00a0Ishiba;\u00a0do ministro da Educa\u00e7\u00e3o do Brasil, Camilo Santana;\u00a0e da ministra da Educa\u00e7\u00e3o japonesa, Toshiko Abe.\u00a0","breadcrumb":{"@id":"https:\/\/prefeitosegestoes.com.br\/portal\/brasil-e-japao-ampliam-cooperacao-na-area-educacional\/#breadcrumb"},"inLanguage":"pt-BR","potentialAction":[{"@type":"ReadAction","target":["https:\/\/prefeitosegestoes.com.br\/portal\/brasil-e-japao-ampliam-cooperacao-na-area-educacional\/"]}]},{"@type":"ImageObject","inLanguage":"pt-BR","@id":"https:\/\/prefeitosegestoes.com.br\/portal\/brasil-e-japao-ampliam-cooperacao-na-area-educacional\/#primaryimage","url":"https:\/\/prefeitosegestoes.com.br\/portal\/wp-content\/uploads\/2025\/03\/7efb2da7-8403-414e-a61d-61979a98cf3b.jpeg","contentUrl":"https:\/\/prefeitosegestoes.com.br\/portal\/wp-content\/uploads\/2025\/03\/7efb2da7-8403-414e-a61d-61979a98cf3b.jpeg","width":768,"height":480},{"@type":"BreadcrumbList","@id":"https:\/\/prefeitosegestoes.com.br\/portal\/brasil-e-japao-ampliam-cooperacao-na-area-educacional\/#breadcrumb","itemListElement":[{"@type":"ListItem","position":1,"name":"In\u00edcio","item":"https:\/\/prefeitosegestoes.com.br\/portal\/"},{"@type":"ListItem","position":2,"name":"Brasil e Jap\u00e3o ampliam coopera\u00e7\u00e3o na \u00e1rea educacional"}]},{"@type":"WebSite","@id":"https:\/\/prefeitosegestoes.com.br\/portal\/#website","url":"https:\/\/prefeitosegestoes.com.br\/portal\/","name":"Prefeitos & Gest\u00f5es","description":"","publisher":{"@id":"https:\/\/prefeitosegestoes.com.br\/portal\/#organization"},"potentialAction":[{"@type":"SearchAction","target":{"@type":"EntryPoint","urlTemplate":"https:\/\/prefeitosegestoes.com.br\/portal\/?s={search_term_string}"},"query-input":{"@type":"PropertyValueSpecification","valueRequired":true,"valueName":"search_term_string"}}],"inLanguage":"pt-BR"},{"@type":"Organization","@id":"https:\/\/prefeitosegestoes.com.br\/portal\/#organization","name":"Prefeitos & Gest\u00f5es","url":"https:\/\/prefeitosegestoes.com.br\/portal\/","logo":{"@type":"ImageObject","inLanguage":"pt-BR","@id":"https:\/\/prefeitosegestoes.com.br\/portal\/#\/schema\/logo\/image\/","url":"https:\/\/prefeitosegestoes.com.br\/portal\/wp-content\/uploads\/2024\/10\/lg_trans_prefeitos_2024_preto2.png","contentUrl":"https:\/\/prefeitosegestoes.com.br\/portal\/wp-content\/uploads\/2024\/10\/lg_trans_prefeitos_2024_preto2.png","width":199,"height":122,"caption":"Prefeitos & Gest\u00f5es"},"image":{"@id":"https:\/\/prefeitosegestoes.com.br\/portal\/#\/schema\/logo\/image\/"},"sameAs":["https:\/\/www.facebook.com\/prefeitosonline","https:\/\/x.com\/PrefGestoes"]},{"@type":"Person","@id":"https:\/\/prefeitosegestoes.com.br\/portal\/#\/schema\/person\/d00059f2ec99963e7e1850d448ae94b8","name":"Prefeitos &amp; Gest\u00f5es","image":{"@type":"ImageObject","inLanguage":"pt-BR","@id":"https:\/\/secure.gravatar.com\/avatar\/738fb281e479212ed32c1a21a4307dda9f3af9292edb6918a16c9ce9fff5f48d?s=96&d=mm&r=g","url":"https:\/\/secure.gravatar.com\/avatar\/738fb281e479212ed32c1a21a4307dda9f3af9292edb6918a16c9ce9fff5f48d?s=96&d=mm&r=g","contentUrl":"https:\/\/secure.gravatar.com\/avatar\/738fb281e479212ed32c1a21a4307dda9f3af9292edb6918a16c9ce9fff5f48d?s=96&d=mm&r=g","caption":"Prefeitos &amp; Gest\u00f5es"},"url":"https:\/\/prefeitosegestoes.com.br\/portal\/author\/prefeitosegestoes\/"}]}},"_links":{"self":[{"href":"https:\/\/prefeitosegestoes.com.br\/portal\/wp-json\/wp\/v2\/posts\/3226","targetHints":{"allow":["GET"]}}],"collection":[{"href":"https:\/\/prefeitosegestoes.com.br\/portal\/wp-json\/wp\/v2\/posts"}],"about":[{"href":"https:\/\/prefeitosegestoes.com.br\/portal\/wp-json\/wp\/v2\/types\/post"}],"author":[{"embeddable":true,"href":"https:\/\/prefeitosegestoes.com.br\/portal\/wp-json\/wp\/v2\/users\/2"}],"replies":[{"embeddable":true,"href":"https:\/\/prefeitosegestoes.com.br\/portal\/wp-json\/wp\/v2\/comments?post=3226"}],"version-history":[{"count":1,"href":"https:\/\/prefeitosegestoes.com.br\/portal\/wp-json\/wp\/v2\/posts\/3226\/revisions"}],"predecessor-version":[{"id":3228,"href":"https:\/\/prefeitosegestoes.com.br\/portal\/wp-json\/wp\/v2\/posts\/3226\/revisions\/3228"}],"wp:featuredmedia":[{"embeddable":true,"href":"https:\/\/prefeitosegestoes.com.br\/portal\/wp-json\/wp\/v2\/media\/3227"}],"wp:attachment":[{"href":"https:\/\/prefeitosegestoes.com.br\/portal\/wp-json\/wp\/v2\/media?parent=3226"}],"wp:term":[{"taxonomy":"category","embeddable":true,"href":"https:\/\/prefeitosegestoes.com.br\/portal\/wp-json\/wp\/v2\/categories?post=3226"},{"taxonomy":"post_tag","embeddable":true,"href":"https:\/\/prefeitosegestoes.com.br\/portal\/wp-json\/wp\/v2\/tags?post=3226"}],"curies":[{"name":"wp","href":"https:\/\/api.w.org\/{rel}","templated":true}]}}