{"id":3216,"date":"2025-03-21T17:27:18","date_gmt":"2025-03-21T20:27:18","guid":{"rendered":"https:\/\/prefeitosegestoes.com.br\/portal\/?p=3216"},"modified":"2025-03-21T17:27:18","modified_gmt":"2025-03-21T20:27:18","slug":"orcamento-congresso-cortou-84-da-verba-para-a-lei-de-incentivo-a-cultura","status":"publish","type":"post","link":"https:\/\/prefeitosegestoes.com.br\/portal\/orcamento-congresso-cortou-84-da-verba-para-a-lei-de-incentivo-a-cultura\/","title":{"rendered":"Or\u00e7amento: Congresso cortou 84% da verba para a lei de incentivo \u00e0 cultura"},"content":{"rendered":"<div class=\"mc-article-header\">\n<div class=\"row content-head mc-column non-featured \">\n<div class=\"title\" data-block-type=\"title\" data-block-id=\"0\">\n<h6>O escritor e cordelista Paulo Cavalcante, natural de Cara\u00fabas, na Para\u00edba, viajou nove dias de moto sozinho, de Campina Grande \u00e0 Paraty, para a Flip (Fernando Fraz\u00e3o Ag\u00eancia Brasil)<\/h6>\n<h1 class=\"content-head__title\">Or\u00e7amento 2025: Congresso cortou 84% da verba para a Lei Aldir Blanc, voltada para incentivo \u00e0 cultura<\/h1>\n<\/div>\n<div class=\"medium-centered subtitle\">\n<h2 class=\"content-head__subtitle\">Recursos ca\u00edram de R$ 3 bi para R$ 478 milh\u00f5es. Setor fala em &#8216;enfraquecimento da cultura&#8217;<\/h2>\n<\/div>\n<\/div>\n<div class=\"content__signa-share mc-column\">\n<div class=\"content__signature\">\n<div class=\"content-publication-data\">\n<div class=\"content-publication-data__text\">\n<p class=\"content-publication-data__from\" title=\"Erick Rianelli\">Por\u00a0<a class=\"multi_signatures\" href=\"https:\/\/g1.globo.com\/autores\/erick-rianelli\/\">Erick Rianelli<\/a>, GloboNews\u00a0\u2014 Bras\u00edlia<\/p>\n<p class=\"content-publication-data__updated\"><time datetime=\"2025-03-21T14:11:35.723-03:00\">21\/03\/2025 14h11\u00a0<\/time><span class=\"content-publication-data__updated-relative\">\u00a0<time datetime=\"2025-03-21T14:19:46.991-03:00\">Atualizado\u00a0<time datetime=\"2025-03-21T14:19:46.991-03:00\">h\u00e1 3 horas<\/time><\/time><\/span><\/p>\n<\/div>\n<\/div>\n<\/div>\n<\/div>\n<\/div>\n<div class=\"mc-article-body\">\n<article>\n<div id=\"chunk-5gg4e\">\n<div class=\"mc-column content-text active-extra-styles \" data-block-type=\"unstyled\" data-block-weight=\"43\" data-block-id=\"2\">\n<p class=\" content-text__container \" data-track-category=\"Link no Texto\" data-track-links=\"\" data-mrf-recirculation=\"Mat\u00e9ria - Links no Texto\">A<a class=\"\" href=\"https:\/\/g1.globo.com\/politica\/noticia\/2025\/03\/20\/congresso-aprova-orcamento-de-2025-com-tres-meses-de-atraso-e-previsao-de-r-15-bi-de-superavit.ghtml\" data-mrf-link=\"https:\/\/g1.globo.com\/politica\/noticia\/2025\/03\/20\/congresso-aprova-orcamento-de-2025-com-tres-meses-de-atraso-e-previsao-de-r-15-bi-de-superavit.ghtml\">\u00a0Lei Or\u00e7ament\u00e1ria aprovada<\/a>\u00a0nessa quinta-feira (20) pelo Congresso<strong>\u00a0cortou 84% da verba<\/strong>\u00a0da pol\u00edtica nacional de Cultura. Os recursos para a Lei Aldir Blanc ser\u00e3o de R$ 478 milh\u00f5es em 2025, menos que o que constava na proposta inicial: R$ 3 bilh\u00f5es.<\/p>\n<\/div>\n<\/div>\n<div class=\"wall protected-content\">\n<div id=\"chunk-9sifm\">\n<div class=\"mc-column content-text active-extra-styles \" data-block-type=\"unstyled\" data-block-weight=\"28\" data-block-id=\"4\">\n<p class=\" content-text__container \" data-track-category=\"Link no Texto\" data-track-links=\"\" data-mrf-recirculation=\"Mat\u00e9ria - Links no Texto\">\u27a1\ufe0fOs recursos fomentam as\u00a0<strong>atividades de pequenos produtores, grupos culturais e artistas\u00a0<\/strong>em todos os estados do pa\u00eds, atingindo 97% dos munic\u00edpios brasileiros, segundo o Minist\u00e9rio da Cultura.<\/p>\n<\/div>\n<\/div>\n<div id=\"chunk-466j9\">\n<div class=\"mc-column content-text active-extra-styles \" data-block-type=\"unstyled\" data-block-weight=\"38\" data-block-id=\"5\">\n<p class=\" content-text__container \" data-track-category=\"Link no Texto\" data-track-links=\"\" data-mrf-recirculation=\"Mat\u00e9ria - Links no Texto\">A decis\u00e3o do Legislativo gerou rea\u00e7\u00f5es no setor cultural. O F\u00f3rum Nacional de Secret\u00e1rios e Dirigentes Estaduais de Cultura afirmou em nota que medida de corte \u00e9 &#8216;estarrecedora&#8217; e\u00a0<span class=\"highlight highlighted\">enfraquece o papel da cultura pro desenvolvimento do pa\u00eds.<\/span><\/p>\n<\/div>\n<\/div>\n<div id=\"chunk-f6rcj\">\n<div class=\"mc-column content-text active-extra-styles \" data-block-type=\"unstyled\" data-block-weight=\"28\" data-block-id=\"7\">\n<p class=\" content-text__container \" data-track-category=\"Link no Texto\" data-track-links=\"\" data-mrf-recirculation=\"Mat\u00e9ria - Links no Texto\">\u00c0 reportagem, a secret\u00e1ria-geral do F\u00f3rum, Luisa Cela, que tamb\u00e9m \u00e9 secret\u00e1ria de cultura do Cear\u00e1, disse que o setor foi pego de surpresa com o corte.<\/p>\n<\/div>\n<\/div>\n<div id=\"chunk-bfkel\">\n<div class=\"mc-column content-text active-extra-styles\" data-block-type=\"raw\" data-block-weight=\"30\" data-block-id=\"8\">\n<blockquote class=\"content-blockquote theme-border-color-primary-before\"><p>&#8220;A pol\u00edtica nacional foi uma conquista importante pra n\u00f3s. D\u00e1 dignidade para as pessoas que trabalham nessa \u00e1rea e garante o acesso \u00e0 cultura, que \u00e9 um direito constitucional&#8221;, afirmou.<\/p><\/blockquote>\n<\/div>\n<\/div>\n<div id=\"chunk-7btf2\">\n<div class=\"mc-column content-text active-extra-styles \" data-block-type=\"unstyled\" data-block-weight=\"21\" data-block-id=\"9\">\n<p class=\" content-text__container \" data-track-category=\"Link no Texto\" data-track-links=\"\" data-mrf-recirculation=\"Mat\u00e9ria - Links no Texto\">Membros do f\u00f3rum de gestores vir\u00e3o \u00e0 Bras\u00edlia na semana que vem pra reuni\u00f5es com parlamentares e membros do governo.<\/p>\n<\/div>\n<\/div>\n<div id=\"chunk-9qr0l\">\n<div class=\"mc-column content-text active-extra-styles \" data-block-type=\"unstyled\" data-block-weight=\"23\" data-block-id=\"10\">\n<p class=\" content-text__container \" data-track-category=\"Link no Texto\" data-track-links=\"\" data-mrf-recirculation=\"Mat\u00e9ria - Links no Texto\">O Minist\u00e9rio da Cultura e a Casa Civil soltaram uma nota conjunta dizendo que &#8220;asseguram a continuidade dos investimentos da Pol\u00edtica Nacional&#8221;.<\/p>\n<\/div>\n<\/div>\n<div id=\"chunk-a513p\">\n<div class=\"mc-column content-text active-extra-styles \" data-block-type=\"unstyled\" data-block-weight=\"62\" data-block-id=\"11\">\n<p class=\" content-text__container \" data-track-category=\"Link no Texto\" data-track-links=\"\" data-mrf-recirculation=\"Mat\u00e9ria - Links no Texto\">\u00c0\u00a0<strong>Globonews,<\/strong>\u00a0o secret\u00e1rio executivo do Minist\u00e9rio da Cultura, M\u00e1rcio Tavares, afirmou que a pasta vai aferir a execu\u00e7\u00e3o dos recursos pelos estados e munic\u00edpios em julho. &#8220;A partir da\u00ed vamos ter o valor global que ser necess\u00e1rio para a aplica\u00e7\u00e3o da Lei Aldir Blanc. O governo vai garantir a integralidade do valor necess\u00e1rio suplementando a rubrica que n\u00f3s temos hoje&#8221;, disse.<\/p>\n<p data-track-category=\"Link no Texto\" data-track-links=\"\" data-mrf-recirculation=\"Mat\u00e9ria - Links no Texto\">Fonte G1<\/p>\n<\/div>\n<\/div>\n<div id=\"chunk-23p6f\">\n<div class=\"block-podcast\"><\/div>\n<\/div>\n<\/div>\n<\/article>\n<\/div>\n","protected":false},"excerpt":{"rendered":"<p>O escritor e cordelista Paulo Cavalcante, natural de Cara\u00fabas, na Para\u00edba, viajou nove dias de moto sozinho, de Campina Grande \u00e0 Paraty, para a Flip (Fernando Fraz\u00e3o Ag\u00eancia Brasil) Or\u00e7amento 2025: Congresso cortou 84% da verba para a Lei Aldir Blanc, voltada para incentivo \u00e0 cultura Recursos ca\u00edram de R$ 3 bi para R$ 478 [&hellip;]<\/p>\n","protected":false},"author":2,"featured_media":3217,"comment_status":"open","ping_status":"open","sticky":false,"template":"","format":"standard","meta":{"rop_custom_images_group":[],"rop_custom_messages_group":[],"rop_publish_now":"initial","rop_publish_now_accounts":{"twitter_850042665852968960_850042665852968960":""},"rop_publish_now_history":[],"rop_publish_now_status":"pending","footnotes":""},"categories":[15],"tags":[510,532,534,533,292,357],"class_list":["post-3216","post","type-post","status-publish","format-standard","has-post-thumbnail","hentry","category-destaques","tag-congresso","tag-cultura","tag-grupos-culturais","tag-legislativo","tag-orcamento","tag-verba"],"yoast_head":"<!-- This site is optimized with the Yoast SEO plugin v27.2 - https:\/\/yoast.com\/product\/yoast-seo-wordpress\/ -->\n<title>Or\u00e7amento: Congresso cortou 84% da verba para a lei de incentivo \u00e0 cultura - Prefeitos &amp; Gest\u00f5es<\/title>\n<meta name=\"description\" content=\"Or\u00e7amento 2025: Congresso cortou 84% da verba para a Lei Aldir Blanc, voltada para incentivo \u00e0 culturaRecursos ca\u00edram de R$ 3 bi para R$ 478 milh\u00f5es. Setor fala em &#039;enfraquecimento da cultura&#039;\" \/>\n<meta name=\"robots\" content=\"index, follow, max-snippet:-1, max-image-preview:large, max-video-preview:-1\" \/>\n<link rel=\"canonical\" href=\"https:\/\/prefeitosegestoes.com.br\/portal\/orcamento-congresso-cortou-84-da-verba-para-a-lei-de-incentivo-a-cultura\/\" \/>\n<meta property=\"og:locale\" content=\"pt_BR\" \/>\n<meta property=\"og:type\" content=\"article\" \/>\n<meta property=\"og:title\" content=\"Or\u00e7amento: Congresso cortou 84% da verba para a lei de incentivo \u00e0 cultura - Prefeitos &amp; Gest\u00f5es\" \/>\n<meta property=\"og:description\" content=\"Or\u00e7amento 2025: Congresso cortou 84% da verba para a Lei Aldir Blanc, voltada para incentivo \u00e0 culturaRecursos ca\u00edram de R$ 3 bi para R$ 478 milh\u00f5es. Setor fala em &#039;enfraquecimento da cultura&#039;\" \/>\n<meta property=\"og:url\" content=\"https:\/\/prefeitosegestoes.com.br\/portal\/orcamento-congresso-cortou-84-da-verba-para-a-lei-de-incentivo-a-cultura\/\" \/>\n<meta property=\"og:site_name\" content=\"Prefeitos &amp; Gest\u00f5es\" \/>\n<meta property=\"article:publisher\" content=\"https:\/\/www.facebook.com\/prefeitosonline\" \/>\n<meta property=\"article:published_time\" content=\"2025-03-21T20:27:18+00:00\" \/>\n<meta property=\"og:image\" content=\"https:\/\/prefeitosegestoes.com.br\/portal\/wp-content\/uploads\/2025\/03\/925251-flip_abr8806.webp\" \/>\n\t<meta property=\"og:image:width\" content=\"1024\" \/>\n\t<meta property=\"og:image:height\" content=\"768\" \/>\n\t<meta property=\"og:image:type\" content=\"image\/webp\" \/>\n<meta name=\"author\" content=\"Prefeitos &amp; Gest\u00f5es\" \/>\n<meta name=\"twitter:card\" content=\"summary_large_image\" \/>\n<meta name=\"twitter:creator\" content=\"@PrefGestoes\" \/>\n<meta name=\"twitter:site\" content=\"@PrefGestoes\" \/>\n<meta name=\"twitter:label1\" content=\"Escrito por\" \/>\n\t<meta name=\"twitter:data1\" content=\"Prefeitos &amp; Gest\u00f5es\" \/>\n\t<meta name=\"twitter:label2\" content=\"Est. tempo de leitura\" \/>\n\t<meta name=\"twitter:data2\" content=\"2 minutos\" \/>\n<script type=\"application\/ld+json\" class=\"yoast-schema-graph\">{\"@context\":\"https:\/\/schema.org\",\"@graph\":[{\"@type\":\"Article\",\"@id\":\"https:\/\/prefeitosegestoes.com.br\/portal\/orcamento-congresso-cortou-84-da-verba-para-a-lei-de-incentivo-a-cultura\/#article\",\"isPartOf\":{\"@id\":\"https:\/\/prefeitosegestoes.com.br\/portal\/orcamento-congresso-cortou-84-da-verba-para-a-lei-de-incentivo-a-cultura\/\"},\"author\":{\"name\":\"Prefeitos &amp; Gest\u00f5es\",\"@id\":\"https:\/\/prefeitosegestoes.com.br\/portal\/#\/schema\/person\/d00059f2ec99963e7e1850d448ae94b8\"},\"headline\":\"Or\u00e7amento: Congresso cortou 84% da verba para a lei de incentivo \u00e0 cultura\",\"datePublished\":\"2025-03-21T20:27:18+00:00\",\"mainEntityOfPage\":{\"@id\":\"https:\/\/prefeitosegestoes.com.br\/portal\/orcamento-congresso-cortou-84-da-verba-para-a-lei-de-incentivo-a-cultura\/\"},\"wordCount\":379,\"commentCount\":0,\"publisher\":{\"@id\":\"https:\/\/prefeitosegestoes.com.br\/portal\/#organization\"},\"image\":{\"@id\":\"https:\/\/prefeitosegestoes.com.br\/portal\/orcamento-congresso-cortou-84-da-verba-para-a-lei-de-incentivo-a-cultura\/#primaryimage\"},\"thumbnailUrl\":\"https:\/\/prefeitosegestoes.com.br\/portal\/wp-content\/uploads\/2025\/03\/925251-flip_abr8806.webp\",\"keywords\":[\"Congresso\",\"Cultura\",\"Grupos Culturais\",\"Legislativo\",\"Or\u00e7amento\",\"Verba.\"],\"articleSection\":[\"Destaques\"],\"inLanguage\":\"pt-BR\",\"potentialAction\":[{\"@type\":\"CommentAction\",\"name\":\"Comment\",\"target\":[\"https:\/\/prefeitosegestoes.com.br\/portal\/orcamento-congresso-cortou-84-da-verba-para-a-lei-de-incentivo-a-cultura\/#respond\"]}]},{\"@type\":\"WebPage\",\"@id\":\"https:\/\/prefeitosegestoes.com.br\/portal\/orcamento-congresso-cortou-84-da-verba-para-a-lei-de-incentivo-a-cultura\/\",\"url\":\"https:\/\/prefeitosegestoes.com.br\/portal\/orcamento-congresso-cortou-84-da-verba-para-a-lei-de-incentivo-a-cultura\/\",\"name\":\"Or\u00e7amento: Congresso cortou 84% da verba para a lei de incentivo \u00e0 cultura - Prefeitos &amp; Gest\u00f5es\",\"isPartOf\":{\"@id\":\"https:\/\/prefeitosegestoes.com.br\/portal\/#website\"},\"primaryImageOfPage\":{\"@id\":\"https:\/\/prefeitosegestoes.com.br\/portal\/orcamento-congresso-cortou-84-da-verba-para-a-lei-de-incentivo-a-cultura\/#primaryimage\"},\"image\":{\"@id\":\"https:\/\/prefeitosegestoes.com.br\/portal\/orcamento-congresso-cortou-84-da-verba-para-a-lei-de-incentivo-a-cultura\/#primaryimage\"},\"thumbnailUrl\":\"https:\/\/prefeitosegestoes.com.br\/portal\/wp-content\/uploads\/2025\/03\/925251-flip_abr8806.webp\",\"datePublished\":\"2025-03-21T20:27:18+00:00\",\"description\":\"Or\u00e7amento 2025: Congresso cortou 84% da verba para a Lei Aldir Blanc, voltada para incentivo \u00e0 culturaRecursos ca\u00edram de R$ 3 bi para R$ 478 milh\u00f5es. Setor fala em 'enfraquecimento da cultura'\",\"breadcrumb\":{\"@id\":\"https:\/\/prefeitosegestoes.com.br\/portal\/orcamento-congresso-cortou-84-da-verba-para-a-lei-de-incentivo-a-cultura\/#breadcrumb\"},\"inLanguage\":\"pt-BR\",\"potentialAction\":[{\"@type\":\"ReadAction\",\"target\":[\"https:\/\/prefeitosegestoes.com.br\/portal\/orcamento-congresso-cortou-84-da-verba-para-a-lei-de-incentivo-a-cultura\/\"]}]},{\"@type\":\"ImageObject\",\"inLanguage\":\"pt-BR\",\"@id\":\"https:\/\/prefeitosegestoes.com.br\/portal\/orcamento-congresso-cortou-84-da-verba-para-a-lei-de-incentivo-a-cultura\/#primaryimage\",\"url\":\"https:\/\/prefeitosegestoes.com.br\/portal\/wp-content\/uploads\/2025\/03\/925251-flip_abr8806.webp\",\"contentUrl\":\"https:\/\/prefeitosegestoes.com.br\/portal\/wp-content\/uploads\/2025\/03\/925251-flip_abr8806.webp\",\"width\":1024,\"height\":768},{\"@type\":\"BreadcrumbList\",\"@id\":\"https:\/\/prefeitosegestoes.com.br\/portal\/orcamento-congresso-cortou-84-da-verba-para-a-lei-de-incentivo-a-cultura\/#breadcrumb\",\"itemListElement\":[{\"@type\":\"ListItem\",\"position\":1,\"name\":\"In\u00edcio\",\"item\":\"https:\/\/prefeitosegestoes.com.br\/portal\/\"},{\"@type\":\"ListItem\",\"position\":2,\"name\":\"Or\u00e7amento: Congresso cortou 84% da verba para a lei de incentivo \u00e0 cultura\"}]},{\"@type\":\"WebSite\",\"@id\":\"https:\/\/prefeitosegestoes.com.br\/portal\/#website\",\"url\":\"https:\/\/prefeitosegestoes.com.br\/portal\/\",\"name\":\"Prefeitos & Gest\u00f5es\",\"description\":\"\",\"publisher\":{\"@id\":\"https:\/\/prefeitosegestoes.com.br\/portal\/#organization\"},\"potentialAction\":[{\"@type\":\"SearchAction\",\"target\":{\"@type\":\"EntryPoint\",\"urlTemplate\":\"https:\/\/prefeitosegestoes.com.br\/portal\/?s={search_term_string}\"},\"query-input\":{\"@type\":\"PropertyValueSpecification\",\"valueRequired\":true,\"valueName\":\"search_term_string\"}}],\"inLanguage\":\"pt-BR\"},{\"@type\":\"Organization\",\"@id\":\"https:\/\/prefeitosegestoes.com.br\/portal\/#organization\",\"name\":\"Prefeitos & Gest\u00f5es\",\"url\":\"https:\/\/prefeitosegestoes.com.br\/portal\/\",\"logo\":{\"@type\":\"ImageObject\",\"inLanguage\":\"pt-BR\",\"@id\":\"https:\/\/prefeitosegestoes.com.br\/portal\/#\/schema\/logo\/image\/\",\"url\":\"https:\/\/prefeitosegestoes.com.br\/portal\/wp-content\/uploads\/2024\/10\/lg_trans_prefeitos_2024_preto2.png\",\"contentUrl\":\"https:\/\/prefeitosegestoes.com.br\/portal\/wp-content\/uploads\/2024\/10\/lg_trans_prefeitos_2024_preto2.png\",\"width\":199,\"height\":122,\"caption\":\"Prefeitos & Gest\u00f5es\"},\"image\":{\"@id\":\"https:\/\/prefeitosegestoes.com.br\/portal\/#\/schema\/logo\/image\/\"},\"sameAs\":[\"https:\/\/www.facebook.com\/prefeitosonline\",\"https:\/\/x.com\/PrefGestoes\"]},{\"@type\":\"Person\",\"@id\":\"https:\/\/prefeitosegestoes.com.br\/portal\/#\/schema\/person\/d00059f2ec99963e7e1850d448ae94b8\",\"name\":\"Prefeitos &amp; Gest\u00f5es\",\"image\":{\"@type\":\"ImageObject\",\"inLanguage\":\"pt-BR\",\"@id\":\"https:\/\/secure.gravatar.com\/avatar\/738fb281e479212ed32c1a21a4307dda9f3af9292edb6918a16c9ce9fff5f48d?s=96&d=mm&r=g\",\"url\":\"https:\/\/secure.gravatar.com\/avatar\/738fb281e479212ed32c1a21a4307dda9f3af9292edb6918a16c9ce9fff5f48d?s=96&d=mm&r=g\",\"contentUrl\":\"https:\/\/secure.gravatar.com\/avatar\/738fb281e479212ed32c1a21a4307dda9f3af9292edb6918a16c9ce9fff5f48d?s=96&d=mm&r=g\",\"caption\":\"Prefeitos &amp; Gest\u00f5es\"},\"url\":\"https:\/\/prefeitosegestoes.com.br\/portal\/author\/prefeitosegestoes\/\"}]}<\/script>\n<!-- \/ Yoast SEO plugin. -->","yoast_head_json":{"title":"Or\u00e7amento: Congresso cortou 84% da verba para a lei de incentivo \u00e0 cultura - Prefeitos &amp; Gest\u00f5es","description":"Or\u00e7amento 2025: Congresso cortou 84% da verba para a Lei Aldir Blanc, voltada para incentivo \u00e0 culturaRecursos ca\u00edram de R$ 3 bi para R$ 478 milh\u00f5es. Setor fala em 'enfraquecimento da cultura'","robots":{"index":"index","follow":"follow","max-snippet":"max-snippet:-1","max-image-preview":"max-image-preview:large","max-video-preview":"max-video-preview:-1"},"canonical":"https:\/\/prefeitosegestoes.com.br\/portal\/orcamento-congresso-cortou-84-da-verba-para-a-lei-de-incentivo-a-cultura\/","og_locale":"pt_BR","og_type":"article","og_title":"Or\u00e7amento: Congresso cortou 84% da verba para a lei de incentivo \u00e0 cultura - Prefeitos &amp; Gest\u00f5es","og_description":"Or\u00e7amento 2025: Congresso cortou 84% da verba para a Lei Aldir Blanc, voltada para incentivo \u00e0 culturaRecursos ca\u00edram de R$ 3 bi para R$ 478 milh\u00f5es. Setor fala em 'enfraquecimento da cultura'","og_url":"https:\/\/prefeitosegestoes.com.br\/portal\/orcamento-congresso-cortou-84-da-verba-para-a-lei-de-incentivo-a-cultura\/","og_site_name":"Prefeitos &amp; Gest\u00f5es","article_publisher":"https:\/\/www.facebook.com\/prefeitosonline","article_published_time":"2025-03-21T20:27:18+00:00","og_image":[{"width":1024,"height":768,"url":"https:\/\/prefeitosegestoes.com.br\/portal\/wp-content\/uploads\/2025\/03\/925251-flip_abr8806.webp","type":"image\/webp"}],"author":"Prefeitos &amp; Gest\u00f5es","twitter_card":"summary_large_image","twitter_creator":"@PrefGestoes","twitter_site":"@PrefGestoes","twitter_misc":{"Escrito por":"Prefeitos &amp; Gest\u00f5es","Est. tempo de leitura":"2 minutos"},"schema":{"@context":"https:\/\/schema.org","@graph":[{"@type":"Article","@id":"https:\/\/prefeitosegestoes.com.br\/portal\/orcamento-congresso-cortou-84-da-verba-para-a-lei-de-incentivo-a-cultura\/#article","isPartOf":{"@id":"https:\/\/prefeitosegestoes.com.br\/portal\/orcamento-congresso-cortou-84-da-verba-para-a-lei-de-incentivo-a-cultura\/"},"author":{"name":"Prefeitos &amp; Gest\u00f5es","@id":"https:\/\/prefeitosegestoes.com.br\/portal\/#\/schema\/person\/d00059f2ec99963e7e1850d448ae94b8"},"headline":"Or\u00e7amento: Congresso cortou 84% da verba para a lei de incentivo \u00e0 cultura","datePublished":"2025-03-21T20:27:18+00:00","mainEntityOfPage":{"@id":"https:\/\/prefeitosegestoes.com.br\/portal\/orcamento-congresso-cortou-84-da-verba-para-a-lei-de-incentivo-a-cultura\/"},"wordCount":379,"commentCount":0,"publisher":{"@id":"https:\/\/prefeitosegestoes.com.br\/portal\/#organization"},"image":{"@id":"https:\/\/prefeitosegestoes.com.br\/portal\/orcamento-congresso-cortou-84-da-verba-para-a-lei-de-incentivo-a-cultura\/#primaryimage"},"thumbnailUrl":"https:\/\/prefeitosegestoes.com.br\/portal\/wp-content\/uploads\/2025\/03\/925251-flip_abr8806.webp","keywords":["Congresso","Cultura","Grupos Culturais","Legislativo","Or\u00e7amento","Verba."],"articleSection":["Destaques"],"inLanguage":"pt-BR","potentialAction":[{"@type":"CommentAction","name":"Comment","target":["https:\/\/prefeitosegestoes.com.br\/portal\/orcamento-congresso-cortou-84-da-verba-para-a-lei-de-incentivo-a-cultura\/#respond"]}]},{"@type":"WebPage","@id":"https:\/\/prefeitosegestoes.com.br\/portal\/orcamento-congresso-cortou-84-da-verba-para-a-lei-de-incentivo-a-cultura\/","url":"https:\/\/prefeitosegestoes.com.br\/portal\/orcamento-congresso-cortou-84-da-verba-para-a-lei-de-incentivo-a-cultura\/","name":"Or\u00e7amento: Congresso cortou 84% da verba para a lei de incentivo \u00e0 cultura - Prefeitos &amp; Gest\u00f5es","isPartOf":{"@id":"https:\/\/prefeitosegestoes.com.br\/portal\/#website"},"primaryImageOfPage":{"@id":"https:\/\/prefeitosegestoes.com.br\/portal\/orcamento-congresso-cortou-84-da-verba-para-a-lei-de-incentivo-a-cultura\/#primaryimage"},"image":{"@id":"https:\/\/prefeitosegestoes.com.br\/portal\/orcamento-congresso-cortou-84-da-verba-para-a-lei-de-incentivo-a-cultura\/#primaryimage"},"thumbnailUrl":"https:\/\/prefeitosegestoes.com.br\/portal\/wp-content\/uploads\/2025\/03\/925251-flip_abr8806.webp","datePublished":"2025-03-21T20:27:18+00:00","description":"Or\u00e7amento 2025: Congresso cortou 84% da verba para a Lei Aldir Blanc, voltada para incentivo \u00e0 culturaRecursos ca\u00edram de R$ 3 bi para R$ 478 milh\u00f5es. Setor fala em 'enfraquecimento da cultura'","breadcrumb":{"@id":"https:\/\/prefeitosegestoes.com.br\/portal\/orcamento-congresso-cortou-84-da-verba-para-a-lei-de-incentivo-a-cultura\/#breadcrumb"},"inLanguage":"pt-BR","potentialAction":[{"@type":"ReadAction","target":["https:\/\/prefeitosegestoes.com.br\/portal\/orcamento-congresso-cortou-84-da-verba-para-a-lei-de-incentivo-a-cultura\/"]}]},{"@type":"ImageObject","inLanguage":"pt-BR","@id":"https:\/\/prefeitosegestoes.com.br\/portal\/orcamento-congresso-cortou-84-da-verba-para-a-lei-de-incentivo-a-cultura\/#primaryimage","url":"https:\/\/prefeitosegestoes.com.br\/portal\/wp-content\/uploads\/2025\/03\/925251-flip_abr8806.webp","contentUrl":"https:\/\/prefeitosegestoes.com.br\/portal\/wp-content\/uploads\/2025\/03\/925251-flip_abr8806.webp","width":1024,"height":768},{"@type":"BreadcrumbList","@id":"https:\/\/prefeitosegestoes.com.br\/portal\/orcamento-congresso-cortou-84-da-verba-para-a-lei-de-incentivo-a-cultura\/#breadcrumb","itemListElement":[{"@type":"ListItem","position":1,"name":"In\u00edcio","item":"https:\/\/prefeitosegestoes.com.br\/portal\/"},{"@type":"ListItem","position":2,"name":"Or\u00e7amento: Congresso cortou 84% da verba para a lei de incentivo \u00e0 cultura"}]},{"@type":"WebSite","@id":"https:\/\/prefeitosegestoes.com.br\/portal\/#website","url":"https:\/\/prefeitosegestoes.com.br\/portal\/","name":"Prefeitos & Gest\u00f5es","description":"","publisher":{"@id":"https:\/\/prefeitosegestoes.com.br\/portal\/#organization"},"potentialAction":[{"@type":"SearchAction","target":{"@type":"EntryPoint","urlTemplate":"https:\/\/prefeitosegestoes.com.br\/portal\/?s={search_term_string}"},"query-input":{"@type":"PropertyValueSpecification","valueRequired":true,"valueName":"search_term_string"}}],"inLanguage":"pt-BR"},{"@type":"Organization","@id":"https:\/\/prefeitosegestoes.com.br\/portal\/#organization","name":"Prefeitos & Gest\u00f5es","url":"https:\/\/prefeitosegestoes.com.br\/portal\/","logo":{"@type":"ImageObject","inLanguage":"pt-BR","@id":"https:\/\/prefeitosegestoes.com.br\/portal\/#\/schema\/logo\/image\/","url":"https:\/\/prefeitosegestoes.com.br\/portal\/wp-content\/uploads\/2024\/10\/lg_trans_prefeitos_2024_preto2.png","contentUrl":"https:\/\/prefeitosegestoes.com.br\/portal\/wp-content\/uploads\/2024\/10\/lg_trans_prefeitos_2024_preto2.png","width":199,"height":122,"caption":"Prefeitos & Gest\u00f5es"},"image":{"@id":"https:\/\/prefeitosegestoes.com.br\/portal\/#\/schema\/logo\/image\/"},"sameAs":["https:\/\/www.facebook.com\/prefeitosonline","https:\/\/x.com\/PrefGestoes"]},{"@type":"Person","@id":"https:\/\/prefeitosegestoes.com.br\/portal\/#\/schema\/person\/d00059f2ec99963e7e1850d448ae94b8","name":"Prefeitos &amp; Gest\u00f5es","image":{"@type":"ImageObject","inLanguage":"pt-BR","@id":"https:\/\/secure.gravatar.com\/avatar\/738fb281e479212ed32c1a21a4307dda9f3af9292edb6918a16c9ce9fff5f48d?s=96&d=mm&r=g","url":"https:\/\/secure.gravatar.com\/avatar\/738fb281e479212ed32c1a21a4307dda9f3af9292edb6918a16c9ce9fff5f48d?s=96&d=mm&r=g","contentUrl":"https:\/\/secure.gravatar.com\/avatar\/738fb281e479212ed32c1a21a4307dda9f3af9292edb6918a16c9ce9fff5f48d?s=96&d=mm&r=g","caption":"Prefeitos &amp; Gest\u00f5es"},"url":"https:\/\/prefeitosegestoes.com.br\/portal\/author\/prefeitosegestoes\/"}]}},"_links":{"self":[{"href":"https:\/\/prefeitosegestoes.com.br\/portal\/wp-json\/wp\/v2\/posts\/3216","targetHints":{"allow":["GET"]}}],"collection":[{"href":"https:\/\/prefeitosegestoes.com.br\/portal\/wp-json\/wp\/v2\/posts"}],"about":[{"href":"https:\/\/prefeitosegestoes.com.br\/portal\/wp-json\/wp\/v2\/types\/post"}],"author":[{"embeddable":true,"href":"https:\/\/prefeitosegestoes.com.br\/portal\/wp-json\/wp\/v2\/users\/2"}],"replies":[{"embeddable":true,"href":"https:\/\/prefeitosegestoes.com.br\/portal\/wp-json\/wp\/v2\/comments?post=3216"}],"version-history":[{"count":1,"href":"https:\/\/prefeitosegestoes.com.br\/portal\/wp-json\/wp\/v2\/posts\/3216\/revisions"}],"predecessor-version":[{"id":3218,"href":"https:\/\/prefeitosegestoes.com.br\/portal\/wp-json\/wp\/v2\/posts\/3216\/revisions\/3218"}],"wp:featuredmedia":[{"embeddable":true,"href":"https:\/\/prefeitosegestoes.com.br\/portal\/wp-json\/wp\/v2\/media\/3217"}],"wp:attachment":[{"href":"https:\/\/prefeitosegestoes.com.br\/portal\/wp-json\/wp\/v2\/media?parent=3216"}],"wp:term":[{"taxonomy":"category","embeddable":true,"href":"https:\/\/prefeitosegestoes.com.br\/portal\/wp-json\/wp\/v2\/categories?post=3216"},{"taxonomy":"post_tag","embeddable":true,"href":"https:\/\/prefeitosegestoes.com.br\/portal\/wp-json\/wp\/v2\/tags?post=3216"}],"curies":[{"name":"wp","href":"https:\/\/api.w.org\/{rel}","templated":true}]}}