{"id":3203,"date":"2025-03-17T09:17:41","date_gmt":"2025-03-17T12:17:41","guid":{"rendered":"https:\/\/prefeitosegestoes.com.br\/portal\/?p=3203"},"modified":"2025-03-17T09:17:41","modified_gmt":"2025-03-17T12:17:41","slug":"maioria-dos-projetos-de-vereadores-de-sp-ignora-as-prioridades-dos-paulistanos","status":"publish","type":"post","link":"https:\/\/prefeitosegestoes.com.br\/portal\/maioria-dos-projetos-de-vereadores-de-sp-ignora-as-prioridades-dos-paulistanos\/","title":{"rendered":"Maioria dos projetos de vereadores de sp ignora as prioridades dos paulistanos"},"content":{"rendered":"<p>A C\u00e2mara Municipal de S\u00e3o Paulo tem 55 vereadores-<span data-v-524617ed=\"\">Imagem: Richard Louren\u00e7o\/Rede C\u00e2mara<\/span><\/p>\n<p>Saulo Pereira Guimar\u00e3es e Bruno Luiz-Do UOL, em S\u00e3o Paulo<br \/>\n17\/03\/2025 05h30\u2026<\/p>\n<div class=\"central-column col-lg-6\" data-v-0413e3c7=\"\"><\/div>\n<div class=\"central-column col-lg-6 g-start-lg-4\" data-v-0413e3c7=\"\">\n<div class=\"jupiter-paragraph-fragment\" data-v-232111b4=\"\" data-v-0413e3c7=\"\">\n<h2 class=\"bullet mt-0\">A maioria dos\u00a0<a href=\"https:\/\/noticias.uol.com.br\/politica\/ultimas-noticias\/2025\/03\/17\/projetos-nao-prioritarios-camara-sao-paulo.htm\">projetos em discuss\u00e3o na C\u00e2mara Municipal de S\u00e3o Paulo<\/a>\u00a0ignora seguran\u00e7a, sa\u00fade e outros temas vistos como prioridades pelos paulistanos, segundo levantamento feito pelo\u00a0<strong>UOL<\/strong>\u00a0com base em informa\u00e7\u00f5es oficiais e dados da Rede Nossa S\u00e3o Paulo.<\/h2>\n<p data-v-232111b4=\"\"><strong>O que aconteceu<\/strong><\/p>\n<p data-v-232111b4=\"\">Seguran\u00e7a, sa\u00fade e transporte coletivo foram apontados como principais problemas da cidade em pesquisa. Realizado pelo Ipec (antigo Ibope), o levantamento identificou ainda habita\u00e7\u00e3o, educa\u00e7\u00e3o, gera\u00e7\u00e3o de emprego e renda, enchentes e falta de \u00e1reas verdes como as maiores preocupa\u00e7\u00f5es do paulistano\u2026 &#8211; Veja mais em https:\/\/noticias.uol.com.br\/politica\/ultimas-noticias\/2025\/03\/17\/sp-maioria-dos-projetos-dos-vereadores-ignora-prioridades-do-paulistano.htm?cmpid=copia e cola<\/p>\n<p data-v-232111b4=\"\">Para ler a mat\u00e9ria completa, acesse o link:<\/p>\n<p>https:\/\/noticias.uol.com.br\/politica\/ultimas-noticias\/2025\/03\/17\/sp-maioria-dos-projetos-dos-vereadores-ignora-prioridades-do-paulistano.htm<\/p>\n<p>&nbsp;<\/p>\n<h2>Maioria das aprova\u00e7\u00f5es da C\u00e2mara s\u00e3o sobre nome de rua, datas e honrarias<br \/>\nLegislativo foi incapaz de impor uma pauta pr\u00f3pria nos \u00faltimos quatro anos, com projetos que realmente interferissem positivam&#8230;<\/h2>\n<p>Para ler a mat\u00e9ria completa- Veja SP, acesse o link:<\/p>\n<\/div>\n<p>https:\/\/vejasp.abril.com.br\/cidades\/projetos-irrelevantes-camara-vereadores<\/p>\n<p><strong>Fontes: Uol e Veja-SP<\/strong><\/p>\n<p data-v-232111b4=\"\">\n<\/div>\n","protected":false},"excerpt":{"rendered":"<p>A C\u00e2mara Municipal de S\u00e3o Paulo tem 55 vereadores-Imagem: Richard Louren\u00e7o\/Rede C\u00e2mara Saulo Pereira Guimar\u00e3es e Bruno Luiz-Do UOL, em S\u00e3o Paulo 17\/03\/2025 05h30\u2026 A maioria dos\u00a0projetos em discuss\u00e3o na C\u00e2mara Municipal de S\u00e3o Paulo\u00a0ignora seguran\u00e7a, sa\u00fade e outros temas vistos como prioridades pelos paulistanos, segundo levantamento feito pelo\u00a0UOL\u00a0com base em informa\u00e7\u00f5es oficiais e dados [&hellip;]<\/p>\n","protected":false},"author":2,"featured_media":3204,"comment_status":"open","ping_status":"open","sticky":false,"template":"","format":"standard","meta":{"rop_custom_images_group":[],"rop_custom_messages_group":[],"rop_publish_now":"initial","rop_publish_now_accounts":{"twitter_850042665852968960_850042665852968960":""},"rop_publish_now_history":[],"rop_publish_now_status":"pending","footnotes":""},"categories":[15],"tags":[526,527,89,181,130],"class_list":["post-3203","post","type-post","status-publish","format-standard","has-post-thumbnail","hentry","category-destaques","tag-camara-de-vereadores-de-sp-plenaria","tag-camara-municipal-de-sp","tag-projetos","tag-saude","tag-seguranca"],"yoast_head":"<!-- This site is optimized with the Yoast SEO plugin v27.2 - https:\/\/yoast.com\/product\/yoast-seo-wordpress\/ -->\n<title>Maioria dos projetos de vereadores de sp ignora as prioridades dos paulistanos - Prefeitos &amp; Gest\u00f5es<\/title>\n<meta name=\"description\" content=\"A maioria dos\u00a0projetos em discuss\u00e3o na C\u00e2mara Municipal de S\u00e3o Paulo\u00a0ignora seguran\u00e7a, sa\u00fade e outros temas vistos como prioridades pelos paulistanos, segundo levantamento feito pelo\u00a0UOL\u00a0com base em informa\u00e7\u00f5es oficiais e dados da Rede Nossa S\u00e3o Paulo.\" \/>\n<meta name=\"robots\" content=\"index, follow, max-snippet:-1, max-image-preview:large, max-video-preview:-1\" \/>\n<link rel=\"canonical\" href=\"https:\/\/prefeitosegestoes.com.br\/portal\/maioria-dos-projetos-de-vereadores-de-sp-ignora-as-prioridades-dos-paulistanos\/\" \/>\n<meta property=\"og:locale\" content=\"pt_BR\" \/>\n<meta property=\"og:type\" content=\"article\" \/>\n<meta property=\"og:title\" content=\"Maioria dos projetos de vereadores de sp ignora as prioridades dos paulistanos - Prefeitos &amp; Gest\u00f5es\" \/>\n<meta property=\"og:description\" content=\"A maioria dos\u00a0projetos em discuss\u00e3o na C\u00e2mara Municipal de S\u00e3o Paulo\u00a0ignora seguran\u00e7a, sa\u00fade e outros temas vistos como prioridades pelos paulistanos, segundo levantamento feito pelo\u00a0UOL\u00a0com base em informa\u00e7\u00f5es oficiais e dados da Rede Nossa S\u00e3o Paulo.\" \/>\n<meta property=\"og:url\" content=\"https:\/\/prefeitosegestoes.com.br\/portal\/maioria-dos-projetos-de-vereadores-de-sp-ignora-as-prioridades-dos-paulistanos\/\" \/>\n<meta property=\"og:site_name\" content=\"Prefeitos &amp; Gest\u00f5es\" \/>\n<meta property=\"article:publisher\" content=\"https:\/\/www.facebook.com\/prefeitosonline\" \/>\n<meta property=\"article:published_time\" content=\"2025-03-17T12:17:41+00:00\" \/>\n<meta property=\"og:image\" content=\"https:\/\/prefeitosegestoes.com.br\/portal\/wp-content\/uploads\/2025\/03\/13mar2025-sessao-na-camara-dos-vereadores-de-sao-paulo-1741987296340_v2_900x506.jpg.webp\" \/>\n\t<meta property=\"og:image:width\" content=\"900\" \/>\n\t<meta property=\"og:image:height\" content=\"506\" \/>\n\t<meta property=\"og:image:type\" content=\"image\/webp\" \/>\n<meta name=\"author\" content=\"Prefeitos &amp; Gest\u00f5es\" \/>\n<meta name=\"twitter:card\" content=\"summary_large_image\" \/>\n<meta name=\"twitter:creator\" content=\"@PrefGestoes\" \/>\n<meta name=\"twitter:site\" content=\"@PrefGestoes\" \/>\n<meta name=\"twitter:label1\" content=\"Escrito por\" \/>\n\t<meta name=\"twitter:data1\" content=\"Prefeitos &amp; Gest\u00f5es\" \/>\n\t<meta name=\"twitter:label2\" content=\"Est. tempo de leitura\" \/>\n\t<meta name=\"twitter:data2\" content=\"2 minutos\" \/>\n<script type=\"application\/ld+json\" class=\"yoast-schema-graph\">{\"@context\":\"https:\/\/schema.org\",\"@graph\":[{\"@type\":\"Article\",\"@id\":\"https:\/\/prefeitosegestoes.com.br\/portal\/maioria-dos-projetos-de-vereadores-de-sp-ignora-as-prioridades-dos-paulistanos\/#article\",\"isPartOf\":{\"@id\":\"https:\/\/prefeitosegestoes.com.br\/portal\/maioria-dos-projetos-de-vereadores-de-sp-ignora-as-prioridades-dos-paulistanos\/\"},\"author\":{\"name\":\"Prefeitos &amp; Gest\u00f5es\",\"@id\":\"https:\/\/prefeitosegestoes.com.br\/portal\/#\/schema\/person\/d00059f2ec99963e7e1850d448ae94b8\"},\"headline\":\"Maioria dos projetos de vereadores de sp ignora as prioridades dos paulistanos\",\"datePublished\":\"2025-03-17T12:17:41+00:00\",\"mainEntityOfPage\":{\"@id\":\"https:\/\/prefeitosegestoes.com.br\/portal\/maioria-dos-projetos-de-vereadores-de-sp-ignora-as-prioridades-dos-paulistanos\/\"},\"wordCount\":232,\"commentCount\":0,\"publisher\":{\"@id\":\"https:\/\/prefeitosegestoes.com.br\/portal\/#organization\"},\"image\":{\"@id\":\"https:\/\/prefeitosegestoes.com.br\/portal\/maioria-dos-projetos-de-vereadores-de-sp-ignora-as-prioridades-dos-paulistanos\/#primaryimage\"},\"thumbnailUrl\":\"https:\/\/prefeitosegestoes.com.br\/portal\/wp-content\/uploads\/2025\/03\/13mar2025-sessao-na-camara-dos-vereadores-de-sao-paulo-1741987296340_v2_900x506.jpg.webp\",\"keywords\":[\"C\u00e2mara de Vereadores de SP. Plen\u00e1ria\",\"Camara Municipal de SP\",\"Projetos\",\"Sa\u00fade\",\"Seguran\u00e7a\"],\"articleSection\":[\"Destaques\"],\"inLanguage\":\"pt-BR\",\"potentialAction\":[{\"@type\":\"CommentAction\",\"name\":\"Comment\",\"target\":[\"https:\/\/prefeitosegestoes.com.br\/portal\/maioria-dos-projetos-de-vereadores-de-sp-ignora-as-prioridades-dos-paulistanos\/#respond\"]}]},{\"@type\":\"WebPage\",\"@id\":\"https:\/\/prefeitosegestoes.com.br\/portal\/maioria-dos-projetos-de-vereadores-de-sp-ignora-as-prioridades-dos-paulistanos\/\",\"url\":\"https:\/\/prefeitosegestoes.com.br\/portal\/maioria-dos-projetos-de-vereadores-de-sp-ignora-as-prioridades-dos-paulistanos\/\",\"name\":\"Maioria dos projetos de vereadores de sp ignora as prioridades dos paulistanos - Prefeitos &amp; Gest\u00f5es\",\"isPartOf\":{\"@id\":\"https:\/\/prefeitosegestoes.com.br\/portal\/#website\"},\"primaryImageOfPage\":{\"@id\":\"https:\/\/prefeitosegestoes.com.br\/portal\/maioria-dos-projetos-de-vereadores-de-sp-ignora-as-prioridades-dos-paulistanos\/#primaryimage\"},\"image\":{\"@id\":\"https:\/\/prefeitosegestoes.com.br\/portal\/maioria-dos-projetos-de-vereadores-de-sp-ignora-as-prioridades-dos-paulistanos\/#primaryimage\"},\"thumbnailUrl\":\"https:\/\/prefeitosegestoes.com.br\/portal\/wp-content\/uploads\/2025\/03\/13mar2025-sessao-na-camara-dos-vereadores-de-sao-paulo-1741987296340_v2_900x506.jpg.webp\",\"datePublished\":\"2025-03-17T12:17:41+00:00\",\"description\":\"A maioria dos\u00a0projetos em discuss\u00e3o na C\u00e2mara Municipal de S\u00e3o Paulo\u00a0ignora seguran\u00e7a, sa\u00fade e outros temas vistos como prioridades pelos paulistanos, segundo levantamento feito pelo\u00a0UOL\u00a0com base em informa\u00e7\u00f5es oficiais e dados da Rede Nossa S\u00e3o Paulo.\",\"breadcrumb\":{\"@id\":\"https:\/\/prefeitosegestoes.com.br\/portal\/maioria-dos-projetos-de-vereadores-de-sp-ignora-as-prioridades-dos-paulistanos\/#breadcrumb\"},\"inLanguage\":\"pt-BR\",\"potentialAction\":[{\"@type\":\"ReadAction\",\"target\":[\"https:\/\/prefeitosegestoes.com.br\/portal\/maioria-dos-projetos-de-vereadores-de-sp-ignora-as-prioridades-dos-paulistanos\/\"]}]},{\"@type\":\"ImageObject\",\"inLanguage\":\"pt-BR\",\"@id\":\"https:\/\/prefeitosegestoes.com.br\/portal\/maioria-dos-projetos-de-vereadores-de-sp-ignora-as-prioridades-dos-paulistanos\/#primaryimage\",\"url\":\"https:\/\/prefeitosegestoes.com.br\/portal\/wp-content\/uploads\/2025\/03\/13mar2025-sessao-na-camara-dos-vereadores-de-sao-paulo-1741987296340_v2_900x506.jpg.webp\",\"contentUrl\":\"https:\/\/prefeitosegestoes.com.br\/portal\/wp-content\/uploads\/2025\/03\/13mar2025-sessao-na-camara-dos-vereadores-de-sao-paulo-1741987296340_v2_900x506.jpg.webp\",\"width\":900,\"height\":506},{\"@type\":\"BreadcrumbList\",\"@id\":\"https:\/\/prefeitosegestoes.com.br\/portal\/maioria-dos-projetos-de-vereadores-de-sp-ignora-as-prioridades-dos-paulistanos\/#breadcrumb\",\"itemListElement\":[{\"@type\":\"ListItem\",\"position\":1,\"name\":\"In\u00edcio\",\"item\":\"https:\/\/prefeitosegestoes.com.br\/portal\/\"},{\"@type\":\"ListItem\",\"position\":2,\"name\":\"Maioria dos projetos de vereadores de sp ignora as prioridades dos paulistanos\"}]},{\"@type\":\"WebSite\",\"@id\":\"https:\/\/prefeitosegestoes.com.br\/portal\/#website\",\"url\":\"https:\/\/prefeitosegestoes.com.br\/portal\/\",\"name\":\"Prefeitos & Gest\u00f5es\",\"description\":\"\",\"publisher\":{\"@id\":\"https:\/\/prefeitosegestoes.com.br\/portal\/#organization\"},\"potentialAction\":[{\"@type\":\"SearchAction\",\"target\":{\"@type\":\"EntryPoint\",\"urlTemplate\":\"https:\/\/prefeitosegestoes.com.br\/portal\/?s={search_term_string}\"},\"query-input\":{\"@type\":\"PropertyValueSpecification\",\"valueRequired\":true,\"valueName\":\"search_term_string\"}}],\"inLanguage\":\"pt-BR\"},{\"@type\":\"Organization\",\"@id\":\"https:\/\/prefeitosegestoes.com.br\/portal\/#organization\",\"name\":\"Prefeitos & Gest\u00f5es\",\"url\":\"https:\/\/prefeitosegestoes.com.br\/portal\/\",\"logo\":{\"@type\":\"ImageObject\",\"inLanguage\":\"pt-BR\",\"@id\":\"https:\/\/prefeitosegestoes.com.br\/portal\/#\/schema\/logo\/image\/\",\"url\":\"https:\/\/prefeitosegestoes.com.br\/portal\/wp-content\/uploads\/2024\/10\/lg_trans_prefeitos_2024_preto2.png\",\"contentUrl\":\"https:\/\/prefeitosegestoes.com.br\/portal\/wp-content\/uploads\/2024\/10\/lg_trans_prefeitos_2024_preto2.png\",\"width\":199,\"height\":122,\"caption\":\"Prefeitos & Gest\u00f5es\"},\"image\":{\"@id\":\"https:\/\/prefeitosegestoes.com.br\/portal\/#\/schema\/logo\/image\/\"},\"sameAs\":[\"https:\/\/www.facebook.com\/prefeitosonline\",\"https:\/\/x.com\/PrefGestoes\"]},{\"@type\":\"Person\",\"@id\":\"https:\/\/prefeitosegestoes.com.br\/portal\/#\/schema\/person\/d00059f2ec99963e7e1850d448ae94b8\",\"name\":\"Prefeitos &amp; Gest\u00f5es\",\"image\":{\"@type\":\"ImageObject\",\"inLanguage\":\"pt-BR\",\"@id\":\"https:\/\/secure.gravatar.com\/avatar\/738fb281e479212ed32c1a21a4307dda9f3af9292edb6918a16c9ce9fff5f48d?s=96&d=mm&r=g\",\"url\":\"https:\/\/secure.gravatar.com\/avatar\/738fb281e479212ed32c1a21a4307dda9f3af9292edb6918a16c9ce9fff5f48d?s=96&d=mm&r=g\",\"contentUrl\":\"https:\/\/secure.gravatar.com\/avatar\/738fb281e479212ed32c1a21a4307dda9f3af9292edb6918a16c9ce9fff5f48d?s=96&d=mm&r=g\",\"caption\":\"Prefeitos &amp; Gest\u00f5es\"},\"url\":\"https:\/\/prefeitosegestoes.com.br\/portal\/author\/prefeitosegestoes\/\"}]}<\/script>\n<!-- \/ Yoast SEO plugin. -->","yoast_head_json":{"title":"Maioria dos projetos de vereadores de sp ignora as prioridades dos paulistanos - Prefeitos &amp; Gest\u00f5es","description":"A maioria dos\u00a0projetos em discuss\u00e3o na C\u00e2mara Municipal de S\u00e3o Paulo\u00a0ignora seguran\u00e7a, sa\u00fade e outros temas vistos como prioridades pelos paulistanos, segundo levantamento feito pelo\u00a0UOL\u00a0com base em informa\u00e7\u00f5es oficiais e dados da Rede Nossa S\u00e3o Paulo.","robots":{"index":"index","follow":"follow","max-snippet":"max-snippet:-1","max-image-preview":"max-image-preview:large","max-video-preview":"max-video-preview:-1"},"canonical":"https:\/\/prefeitosegestoes.com.br\/portal\/maioria-dos-projetos-de-vereadores-de-sp-ignora-as-prioridades-dos-paulistanos\/","og_locale":"pt_BR","og_type":"article","og_title":"Maioria dos projetos de vereadores de sp ignora as prioridades dos paulistanos - Prefeitos &amp; Gest\u00f5es","og_description":"A maioria dos\u00a0projetos em discuss\u00e3o na C\u00e2mara Municipal de S\u00e3o Paulo\u00a0ignora seguran\u00e7a, sa\u00fade e outros temas vistos como prioridades pelos paulistanos, segundo levantamento feito pelo\u00a0UOL\u00a0com base em informa\u00e7\u00f5es oficiais e dados da Rede Nossa S\u00e3o Paulo.","og_url":"https:\/\/prefeitosegestoes.com.br\/portal\/maioria-dos-projetos-de-vereadores-de-sp-ignora-as-prioridades-dos-paulistanos\/","og_site_name":"Prefeitos &amp; Gest\u00f5es","article_publisher":"https:\/\/www.facebook.com\/prefeitosonline","article_published_time":"2025-03-17T12:17:41+00:00","og_image":[{"width":900,"height":506,"url":"https:\/\/prefeitosegestoes.com.br\/portal\/wp-content\/uploads\/2025\/03\/13mar2025-sessao-na-camara-dos-vereadores-de-sao-paulo-1741987296340_v2_900x506.jpg.webp","type":"image\/webp"}],"author":"Prefeitos &amp; Gest\u00f5es","twitter_card":"summary_large_image","twitter_creator":"@PrefGestoes","twitter_site":"@PrefGestoes","twitter_misc":{"Escrito por":"Prefeitos &amp; Gest\u00f5es","Est. tempo de leitura":"2 minutos"},"schema":{"@context":"https:\/\/schema.org","@graph":[{"@type":"Article","@id":"https:\/\/prefeitosegestoes.com.br\/portal\/maioria-dos-projetos-de-vereadores-de-sp-ignora-as-prioridades-dos-paulistanos\/#article","isPartOf":{"@id":"https:\/\/prefeitosegestoes.com.br\/portal\/maioria-dos-projetos-de-vereadores-de-sp-ignora-as-prioridades-dos-paulistanos\/"},"author":{"name":"Prefeitos &amp; Gest\u00f5es","@id":"https:\/\/prefeitosegestoes.com.br\/portal\/#\/schema\/person\/d00059f2ec99963e7e1850d448ae94b8"},"headline":"Maioria dos projetos de vereadores de sp ignora as prioridades dos paulistanos","datePublished":"2025-03-17T12:17:41+00:00","mainEntityOfPage":{"@id":"https:\/\/prefeitosegestoes.com.br\/portal\/maioria-dos-projetos-de-vereadores-de-sp-ignora-as-prioridades-dos-paulistanos\/"},"wordCount":232,"commentCount":0,"publisher":{"@id":"https:\/\/prefeitosegestoes.com.br\/portal\/#organization"},"image":{"@id":"https:\/\/prefeitosegestoes.com.br\/portal\/maioria-dos-projetos-de-vereadores-de-sp-ignora-as-prioridades-dos-paulistanos\/#primaryimage"},"thumbnailUrl":"https:\/\/prefeitosegestoes.com.br\/portal\/wp-content\/uploads\/2025\/03\/13mar2025-sessao-na-camara-dos-vereadores-de-sao-paulo-1741987296340_v2_900x506.jpg.webp","keywords":["C\u00e2mara de Vereadores de SP. Plen\u00e1ria","Camara Municipal de SP","Projetos","Sa\u00fade","Seguran\u00e7a"],"articleSection":["Destaques"],"inLanguage":"pt-BR","potentialAction":[{"@type":"CommentAction","name":"Comment","target":["https:\/\/prefeitosegestoes.com.br\/portal\/maioria-dos-projetos-de-vereadores-de-sp-ignora-as-prioridades-dos-paulistanos\/#respond"]}]},{"@type":"WebPage","@id":"https:\/\/prefeitosegestoes.com.br\/portal\/maioria-dos-projetos-de-vereadores-de-sp-ignora-as-prioridades-dos-paulistanos\/","url":"https:\/\/prefeitosegestoes.com.br\/portal\/maioria-dos-projetos-de-vereadores-de-sp-ignora-as-prioridades-dos-paulistanos\/","name":"Maioria dos projetos de vereadores de sp ignora as prioridades dos paulistanos - Prefeitos &amp; Gest\u00f5es","isPartOf":{"@id":"https:\/\/prefeitosegestoes.com.br\/portal\/#website"},"primaryImageOfPage":{"@id":"https:\/\/prefeitosegestoes.com.br\/portal\/maioria-dos-projetos-de-vereadores-de-sp-ignora-as-prioridades-dos-paulistanos\/#primaryimage"},"image":{"@id":"https:\/\/prefeitosegestoes.com.br\/portal\/maioria-dos-projetos-de-vereadores-de-sp-ignora-as-prioridades-dos-paulistanos\/#primaryimage"},"thumbnailUrl":"https:\/\/prefeitosegestoes.com.br\/portal\/wp-content\/uploads\/2025\/03\/13mar2025-sessao-na-camara-dos-vereadores-de-sao-paulo-1741987296340_v2_900x506.jpg.webp","datePublished":"2025-03-17T12:17:41+00:00","description":"A maioria dos\u00a0projetos em discuss\u00e3o na C\u00e2mara Municipal de S\u00e3o Paulo\u00a0ignora seguran\u00e7a, sa\u00fade e outros temas vistos como prioridades pelos paulistanos, segundo levantamento feito pelo\u00a0UOL\u00a0com base em informa\u00e7\u00f5es oficiais e dados da Rede Nossa S\u00e3o Paulo.","breadcrumb":{"@id":"https:\/\/prefeitosegestoes.com.br\/portal\/maioria-dos-projetos-de-vereadores-de-sp-ignora-as-prioridades-dos-paulistanos\/#breadcrumb"},"inLanguage":"pt-BR","potentialAction":[{"@type":"ReadAction","target":["https:\/\/prefeitosegestoes.com.br\/portal\/maioria-dos-projetos-de-vereadores-de-sp-ignora-as-prioridades-dos-paulistanos\/"]}]},{"@type":"ImageObject","inLanguage":"pt-BR","@id":"https:\/\/prefeitosegestoes.com.br\/portal\/maioria-dos-projetos-de-vereadores-de-sp-ignora-as-prioridades-dos-paulistanos\/#primaryimage","url":"https:\/\/prefeitosegestoes.com.br\/portal\/wp-content\/uploads\/2025\/03\/13mar2025-sessao-na-camara-dos-vereadores-de-sao-paulo-1741987296340_v2_900x506.jpg.webp","contentUrl":"https:\/\/prefeitosegestoes.com.br\/portal\/wp-content\/uploads\/2025\/03\/13mar2025-sessao-na-camara-dos-vereadores-de-sao-paulo-1741987296340_v2_900x506.jpg.webp","width":900,"height":506},{"@type":"BreadcrumbList","@id":"https:\/\/prefeitosegestoes.com.br\/portal\/maioria-dos-projetos-de-vereadores-de-sp-ignora-as-prioridades-dos-paulistanos\/#breadcrumb","itemListElement":[{"@type":"ListItem","position":1,"name":"In\u00edcio","item":"https:\/\/prefeitosegestoes.com.br\/portal\/"},{"@type":"ListItem","position":2,"name":"Maioria dos projetos de vereadores de sp ignora as prioridades dos paulistanos"}]},{"@type":"WebSite","@id":"https:\/\/prefeitosegestoes.com.br\/portal\/#website","url":"https:\/\/prefeitosegestoes.com.br\/portal\/","name":"Prefeitos & Gest\u00f5es","description":"","publisher":{"@id":"https:\/\/prefeitosegestoes.com.br\/portal\/#organization"},"potentialAction":[{"@type":"SearchAction","target":{"@type":"EntryPoint","urlTemplate":"https:\/\/prefeitosegestoes.com.br\/portal\/?s={search_term_string}"},"query-input":{"@type":"PropertyValueSpecification","valueRequired":true,"valueName":"search_term_string"}}],"inLanguage":"pt-BR"},{"@type":"Organization","@id":"https:\/\/prefeitosegestoes.com.br\/portal\/#organization","name":"Prefeitos & Gest\u00f5es","url":"https:\/\/prefeitosegestoes.com.br\/portal\/","logo":{"@type":"ImageObject","inLanguage":"pt-BR","@id":"https:\/\/prefeitosegestoes.com.br\/portal\/#\/schema\/logo\/image\/","url":"https:\/\/prefeitosegestoes.com.br\/portal\/wp-content\/uploads\/2024\/10\/lg_trans_prefeitos_2024_preto2.png","contentUrl":"https:\/\/prefeitosegestoes.com.br\/portal\/wp-content\/uploads\/2024\/10\/lg_trans_prefeitos_2024_preto2.png","width":199,"height":122,"caption":"Prefeitos & Gest\u00f5es"},"image":{"@id":"https:\/\/prefeitosegestoes.com.br\/portal\/#\/schema\/logo\/image\/"},"sameAs":["https:\/\/www.facebook.com\/prefeitosonline","https:\/\/x.com\/PrefGestoes"]},{"@type":"Person","@id":"https:\/\/prefeitosegestoes.com.br\/portal\/#\/schema\/person\/d00059f2ec99963e7e1850d448ae94b8","name":"Prefeitos &amp; Gest\u00f5es","image":{"@type":"ImageObject","inLanguage":"pt-BR","@id":"https:\/\/secure.gravatar.com\/avatar\/738fb281e479212ed32c1a21a4307dda9f3af9292edb6918a16c9ce9fff5f48d?s=96&d=mm&r=g","url":"https:\/\/secure.gravatar.com\/avatar\/738fb281e479212ed32c1a21a4307dda9f3af9292edb6918a16c9ce9fff5f48d?s=96&d=mm&r=g","contentUrl":"https:\/\/secure.gravatar.com\/avatar\/738fb281e479212ed32c1a21a4307dda9f3af9292edb6918a16c9ce9fff5f48d?s=96&d=mm&r=g","caption":"Prefeitos &amp; Gest\u00f5es"},"url":"https:\/\/prefeitosegestoes.com.br\/portal\/author\/prefeitosegestoes\/"}]}},"_links":{"self":[{"href":"https:\/\/prefeitosegestoes.com.br\/portal\/wp-json\/wp\/v2\/posts\/3203","targetHints":{"allow":["GET"]}}],"collection":[{"href":"https:\/\/prefeitosegestoes.com.br\/portal\/wp-json\/wp\/v2\/posts"}],"about":[{"href":"https:\/\/prefeitosegestoes.com.br\/portal\/wp-json\/wp\/v2\/types\/post"}],"author":[{"embeddable":true,"href":"https:\/\/prefeitosegestoes.com.br\/portal\/wp-json\/wp\/v2\/users\/2"}],"replies":[{"embeddable":true,"href":"https:\/\/prefeitosegestoes.com.br\/portal\/wp-json\/wp\/v2\/comments?post=3203"}],"version-history":[{"count":1,"href":"https:\/\/prefeitosegestoes.com.br\/portal\/wp-json\/wp\/v2\/posts\/3203\/revisions"}],"predecessor-version":[{"id":3205,"href":"https:\/\/prefeitosegestoes.com.br\/portal\/wp-json\/wp\/v2\/posts\/3203\/revisions\/3205"}],"wp:featuredmedia":[{"embeddable":true,"href":"https:\/\/prefeitosegestoes.com.br\/portal\/wp-json\/wp\/v2\/media\/3204"}],"wp:attachment":[{"href":"https:\/\/prefeitosegestoes.com.br\/portal\/wp-json\/wp\/v2\/media?parent=3203"}],"wp:term":[{"taxonomy":"category","embeddable":true,"href":"https:\/\/prefeitosegestoes.com.br\/portal\/wp-json\/wp\/v2\/categories?post=3203"},{"taxonomy":"post_tag","embeddable":true,"href":"https:\/\/prefeitosegestoes.com.br\/portal\/wp-json\/wp\/v2\/tags?post=3203"}],"curies":[{"name":"wp","href":"https:\/\/api.w.org\/{rel}","templated":true}]}}