{"id":3189,"date":"2025-03-13T13:30:37","date_gmt":"2025-03-13T16:30:37","guid":{"rendered":"https:\/\/prefeitosegestoes.com.br\/portal\/?p=3189"},"modified":"2025-03-13T13:33:39","modified_gmt":"2025-03-13T16:33:39","slug":"congresso-vota-hoje-13-03-25-mudancas-em-emendas-mas-deixa-brechas-entenda","status":"publish","type":"post","link":"https:\/\/prefeitosegestoes.com.br\/portal\/congresso-vota-hoje-13-03-25-mudancas-em-emendas-mas-deixa-brechas-entenda\/","title":{"rendered":"Congresso vota hoje (13.03.25) mudan\u00e7as em emendas, mas deixa brechas; entenda"},"content":{"rendered":"<div class=\"mc-article-header\">\n<div class=\"row content-head mc-column non-featured \">\n<div class=\"medium-centered subtitle\">\n<h6>Bras\u00edlia (DF), 12\/12\/2024 &#8211; Sess\u00e3o do Senado Federal deliberativa extraordin\u00e1ria. Foto: Ant\u00f4nio Cruz\/Ag\u00eancia Brasil<\/h6>\n<h2 class=\"content-head__subtitle\">Texto deve ser votado na manh\u00e3 desta quinta-feira (13), pelo plen\u00e1rio do Congresso.<\/h2>\n<\/div>\n<\/div>\n<div class=\"content__signa-share mc-column\">\n<div class=\"content__signature\">\n<div class=\"content-publication-data\">\n<div class=\"content-publication-data__text\">\n<p class=\"content-publication-data__from\" title=\"Vin\u00edcius Cassela\">Por\u00a0<a class=\"multi_signatures\" href=\"https:\/\/g1.globo.com\/autores\/vinicius-cassela\/\">Vin\u00edcius Cassela<\/a>, g1\u00a0\u2014 Bras\u00edlia<\/p>\n<p class=\"content-publication-data__updated\"><time datetime=\"2025-03-12T22:30:51.949-03:00\">12\/03\/2025 22h30\u00a0<\/time><span class=\"content-publication-data__updated-relative\">\u00a0<time datetime=\"2025-03-13T02:07:23.586-03:00\">Atualizado\u00a0<time datetime=\"2025-03-13T02:07:23.586-03:00\">h\u00e1 5 horas<\/time><\/time><\/span><\/p>\n<\/div>\n<\/div>\n<\/div>\n<\/div>\n<div class=\"glb-share-bar content__share-bar\">\n<div class=\"glb-share-bar_icons\">\n<div class=\"glb-share-bar_button-img\"><\/div>\n<div class=\"glb-share-bar_button-img\"><\/div>\n<div class=\"glb-share-bar_button-img\"><\/div>\n<\/div>\n<\/div>\n<\/div>\n<div class=\"mc-article-body\">\n<article>\n<div id=\"chunk-9cobl\">\n<div class=\"row medium-uncollapsed content-media content-photo\" data-block-type=\"backstage-photo\" data-block-id=\"1\">\n<div class=\" mc-column content-media__container\">\n<div class=\"content-media-container glb-skeleton-box\">\n<figure class=\"content-media-figure\"><img decoding=\"async\" class=\"i-amphtml-fill-content i-amphtml-replaced-content\" src=\"https:\/\/s2-g1.glbimg.com\/9LCN308zJ0WSJvuBOXcP-YR2DMg=\/0x0:4200x2794\/984x0\/smart\/filters:strip_icc()\/i.s3.glbimg.com\/v1\/AUTH_59edd422c0c84a879bd37670ae4f538a\/internal_photos\/bs\/2025\/D\/9\/Lvj58FQ7Wz1T73zJlwsg\/fta20250203150.jpg\" sizes=\"(max-width: 1527px) 648px, 100vw\" srcset=\"https:\/\/s2-g1.glbimg.com\/atq2Wymo4XKbiEmxQRYPn-_kfV4=\/0x0:4200x2794\/1000x0\/smart\/filters:strip_icc()\/i.s3.glbimg.com\/v1\/AUTH_59edd422c0c84a879bd37670ae4f538a\/internal_photos\/bs\/2025\/D\/9\/Lvj58FQ7Wz1T73zJlwsg\/fta20250203150.jpg 1000w, https:\/\/s2-g1.glbimg.com\/9LCN308zJ0WSJvuBOXcP-YR2DMg=\/0x0:4200x2794\/984x0\/smart\/filters:strip_icc()\/i.s3.glbimg.com\/v1\/AUTH_59edd422c0c84a879bd37670ae4f538a\/internal_photos\/bs\/2025\/D\/9\/Lvj58FQ7Wz1T73zJlwsg\/fta20250203150.jpg 984w, https:\/\/s2-g1.glbimg.com\/VSXzs7Sh6zjFGxOVwv9aM4iBpvI=\/0x0:4200x2794\/640x0\/smart\/filters:strip_icc()\/i.s3.glbimg.com\/v1\/AUTH_59edd422c0c84a879bd37670ae4f538a\/internal_photos\/bs\/2025\/D\/9\/Lvj58FQ7Wz1T73zJlwsg\/fta20250203150.jpg 640w, https:\/\/s2-g1.glbimg.com\/USe0PKHiILbilrdNNbdVTwDXVao=\/0x0:4200x2794\/600x0\/smart\/filters:strip_icc()\/i.s3.glbimg.com\/v1\/AUTH_59edd422c0c84a879bd37670ae4f538a\/internal_photos\/bs\/2025\/D\/9\/Lvj58FQ7Wz1T73zJlwsg\/fta20250203150.jpg 600w\" alt=\"oto, Senador Davi Alcolumbre cumprimenta Deputado Hugo Motta. Nesta segunda (3) o Congresso Nacional realiza sess\u00e3o de in\u00edcio do ano legislativo de 2025 com a presid\u00eancia do Senador Davi Alcolumbre. \u2014 Foto: TON MOLINA\/FOTOARENA\/ESTAD\u00c3O CONTE\u00daDO\" \/><\/figure>\n<\/div>\n<p class=\"content-media__description \">oto, Senador Davi Alcolumbre cumprimenta Deputado Hugo Motta. Nesta segunda (3) o Congresso Nacional realiza sess\u00e3o de in\u00edcio do ano legislativo de 2025 com a presid\u00eancia do Senador Davi Alcolumbre. \u2014 Foto: TON MOLINA\/FOTOARENA\/ESTAD\u00c3O CONTE\u00daDO<\/p>\n<\/div>\n<\/div>\n<\/div>\n<div id=\"chunk-42i6s\">\n<div class=\"mc-column content-text active-extra-styles \" data-block-type=\"unstyled\" data-block-weight=\"25\" data-block-id=\"2\">\n<p class=\" content-text__container \" data-track-category=\"Link no Texto\" data-track-links=\"\" data-mrf-recirculation=\"Mat\u00e9ria - Links no Texto\">Os presidentes do Senado Federal e da C\u00e2mara dos Deputados protocolaram na noite desta quarta-feira (12) uma proposta de altera\u00e7\u00e3o das regras sobre emendas parlamentares.<\/p>\n<\/div>\n<\/div>\n<div class=\"wall protected-content\">\n<div id=\"chunk-3e8tr\">\n<div class=\"mc-column content-text active-extra-styles \" data-block-type=\"unstyled\" data-block-weight=\"30\" data-block-id=\"4\">\n<p class=\" content-text__container \" data-track-category=\"Link no Texto\" data-track-links=\"\" data-mrf-recirculation=\"Mat\u00e9ria - Links no Texto\">O texto \u00e9 mais uma tentativa dos presidentes Davi Alcolumbre (<a class=\"\" href=\"https:\/\/g1.globo.com\/politica\/partido\/uniao-brasil\/\" data-mrf-link=\"https:\/\/g1.globo.com\/politica\/partido\/uniao-brasil\/\">Uni\u00e3o Brasil<\/a>-AP) e Hugo Motta (<a class=\"\" href=\"https:\/\/g1.globo.com\/politica\/partido\/republicanos\/\" data-mrf-link=\"https:\/\/g1.globo.com\/politica\/partido\/republicanos\/\">Republicanos<\/a>-PB) para atender ao\u00a0<a class=\"\" href=\"https:\/\/g1.globo.com\/politica\/noticia\/2025\/03\/03\/stf-valida-por-unanimidade-plano-do-congresso-que-preve-pagamento-de-emendas-com-transparencia.ghtml\" data-mrf-link=\"https:\/\/g1.globo.com\/politica\/noticia\/2025\/03\/03\/stf-valida-por-unanimidade-plano-do-congresso-que-preve-pagamento-de-emendas-com-transparencia.ghtml\">plano de trabalho homologado pelos ministros do Supremo Tribunal Federal (STF)<\/a>.<\/p>\n<\/div>\n<\/div>\n<div id=\"chunk-au9ho\">\n<div class=\"mc-column content-text active-extra-styles \" data-block-type=\"unstyled\" data-block-weight=\"27\" data-block-id=\"5\">\n<p class=\" content-text__container \" data-track-category=\"Link no Texto\" data-track-links=\"\" data-mrf-recirculation=\"Mat\u00e9ria - Links no Texto\">O\u00a0<a class=\"\" href=\"https:\/\/g1.globo.com\/tudo-sobre\/supremo-tribunal-federal\/\" data-mrf-link=\"https:\/\/g1.globo.com\/tudo-sobre\/supremo-tribunal-federal\/\">STF<\/a>\u00a0suspendeu as emendas no ano passado e exigiu crit\u00e9rios mais transparentes de distribui\u00e7\u00e3o das verbas e formas mais eficazes de rastrear a aplica\u00e7\u00e3o do dinheiro.<\/p>\n<\/div>\n<\/div>\n<div id=\"chunk-25r1k\">\n<div class=\"mc-column content-text active-extra-styles \" data-block-type=\"unstyled\" data-block-weight=\"33\" data-block-id=\"6\">\n<p class=\" content-text__container \" data-track-category=\"Link no Texto\" data-track-links=\"\" data-mrf-recirculation=\"Mat\u00e9ria - Links no Texto\">A proposta est\u00e1 prevista para ser votada na manh\u00e3 de quinta-feira (13), durante a primeira sess\u00e3o deliberativa do plen\u00e1rio do Congresso Nacional. Posteriormente deve ser sancionada pelo presidente Luiz In\u00e1cio Lula da Silva.<\/p>\n<\/div>\n<\/div>\n<div id=\"chunk-3hr93\">\n<div class=\"mc-column content-text active-extra-styles \" data-block-type=\"unstyled\" data-block-weight=\"17\" data-block-id=\"8\">\n<p class=\" content-text__container \" data-track-category=\"Link no Texto\" data-track-links=\"\" data-mrf-recirculation=\"Mat\u00e9ria - Links no Texto\">O projeto prev\u00ea algumas medidas que buscam aumentar a transpar\u00eancia sobre a aplica\u00e7\u00e3o das emendas parlamentares.<\/p>\n<\/div>\n<\/div>\n<div id=\"chunk-1v9rm\">\n<div class=\"mc-column content-text active-extra-styles \" data-block-type=\"unstyled\" data-block-weight=\"24\" data-block-id=\"9\">\n<p class=\" content-text__container \" data-track-category=\"Link no Texto\" data-track-links=\"\" data-mrf-recirculation=\"Mat\u00e9ria - Links no Texto\">Entre elas est\u00e1 a padroniza\u00e7\u00e3o das atas das reuni\u00f5es das comiss\u00f5es e bancadas, al\u00e9m da cria\u00e7\u00e3o de planilhas uniformizadas para divulgar as emendas discutidas.<\/p>\n<\/div>\n<\/div>\n<div id=\"chunk-b3te9\">\n<div class=\"mc-column content-text active-extra-styles \" data-block-type=\"unstyled\" data-block-weight=\"6\" data-block-id=\"10\">\n<p class=\" content-text__container \" data-track-category=\"Link no Texto\" data-track-links=\"\" data-mrf-recirculation=\"Mat\u00e9ria - Links no Texto\"><span class=\"highlight highlighted\">No entanto, ainda deixa algumas brechas.<\/span><\/p>\n<\/div>\n<\/div>\n<div id=\"chunk-4dd9l\">\n<div class=\"mc-column content-text active-extra-styles \" data-block-type=\"unstyled\" data-block-weight=\"23\" data-block-id=\"11\">\n<p class=\" content-text__container \" data-track-category=\"Link no Texto\" data-track-links=\"\" data-mrf-recirculation=\"Mat\u00e9ria - Links no Texto\">Embora as planilhas padronizadas sejam um avan\u00e7o, elas n\u00e3o oferecem informa\u00e7\u00f5es suficientes para identificar claramente quem \u00e9 o verdadeiro autor das emendas aprovadas.<\/p>\n<\/div>\n<\/div>\n<div id=\"chunk-amkc\">\n<div class=\"mc-column content-text active-extra-styles \" data-block-type=\"unstyled\" data-block-weight=\"26\" data-block-id=\"12\">\n<p class=\" content-text__container \" data-track-category=\"Link no Texto\" data-track-links=\"\" data-mrf-recirculation=\"Mat\u00e9ria - Links no Texto\">Por exemplo, n\u00e3o fica expl\u00edcito se o autor da emenda registrada \u00e9 o parlamentar que a solicitou ou apenas o l\u00edder partid\u00e1rio que formalizou o pedido.<\/p>\n<\/div>\n<\/div>\n<div id=\"chunk-ddlai\">\n<div class=\"mc-column content-text active-extra-styles \" data-block-type=\"unstyled\" data-block-weight=\"30\" data-block-id=\"13\">\n<p class=\" content-text__container \" data-track-category=\"Link no Texto\" data-track-links=\"\" data-mrf-recirculation=\"Mat\u00e9ria - Links no Texto\">Mesmo assim, na justificativa os parlamentares afirmam que &#8220;o sentido desse projeto \u00e9 o de dar ainda maior transpar\u00eancia \u00e0s altera\u00e7\u00f5es promovidas pelo Congresso Nacional no Or\u00e7amento da Uni\u00e3o&#8221;.<\/p>\n<\/div>\n<\/div>\n<div id=\"chunk-fhnu9\">\n<div class=\"mc-column content-text active-extra-styles\" data-block-type=\"raw\" data-block-weight=\"25\" data-block-id=\"14\">\n<blockquote class=\"content-blockquote theme-border-color-primary-before\"><p>&#8220;[O projeto] permitir\u00e1 que a sociedade acompanhe com maior clareza as decis\u00f5es, facilitando o controle social e a fiscaliza\u00e7\u00e3o dos gastos p\u00fablicos&#8221;, afirma o texto.<\/p><\/blockquote>\n<\/div>\n<\/div>\n<div id=\"chunk-93d5u\">\n<div class=\"mc-column content-text active-extra-styles \" data-block-type=\"unstyled\" data-block-weight=\"19\" data-block-id=\"15\">\n<p class=\" content-text__container \" data-track-category=\"Link no Texto\" data-track-links=\"\" data-mrf-recirculation=\"Mat\u00e9ria - Links no Texto\">Os parlamentares ainda dizem que a aprova\u00e7\u00e3o da proposta \u00e9 &#8220;essencial&#8221; para melhorar a gest\u00e3o or\u00e7ament\u00e1ria do pa\u00eds.<\/p>\n<\/div>\n<\/div>\n<div id=\"chunk-7pl6a\">\n<div class=\"mc-column content-text active-extra-styles \" data-block-type=\"unstyled\" data-block-weight=\"31\" data-block-id=\"16\">\n<p class=\" content-text__container \" data-track-category=\"Link no Texto\" data-track-links=\"\" data-mrf-recirculation=\"Mat\u00e9ria - Links no Texto\">&#8220;Ao reafirmar a destina\u00e7\u00e3o de recursos para pol\u00edticas p\u00fablicas estruturantes, a proposta de resolu\u00e7\u00e3o contribui para o fortalecimento do Estado e para a promo\u00e7\u00e3o do bem-estar social&#8221;, justifica o texto.<\/p>\n<\/div>\n<\/div>\n<div id=\"chunk-8b5fg\">\n<div class=\"mc-column content-text active-extra-styles\" data-block-type=\"raw\" data-block-weight=\"3\" data-block-id=\"18\">\n<div class=\"content-intertitle\">\n<h2>Veja outras brechas:<\/h2>\n<\/div>\n<\/div>\n<\/div>\n<div id=\"chunk-7k7l0\">\n<div class=\"mc-column content-text active-extra-styles \" data-block-type=\"unstyled\" data-block-weight=\"4\" data-block-id=\"19\">\n<p class=\" content-text__container \" data-track-category=\"Link no Texto\" data-track-links=\"\" data-mrf-recirculation=\"Mat\u00e9ria - Links no Texto\"><strong>Regra do teto individual:<\/strong><\/p>\n<\/div>\n<\/div>\n<div id=\"chunk-6fjc0\">\n<div class=\"mc-column content-text active-extra-styles \" data-block-type=\"unstyled\" data-block-weight=\"32\" data-block-id=\"20\">\n<p class=\" content-text__container \" data-track-category=\"Link no Texto\" data-track-links=\"\" data-mrf-recirculation=\"Mat\u00e9ria - Links no Texto\">O texto permite que as emendas de mesmo autor sejam aprovadas em valor superior ao solicitado, caso haja remanejamento, mas n\u00e3o se limitando ao limite total de emendas para o mandato parlamentar.<\/p>\n<\/div>\n<\/div>\n<div id=\"chunk-135hk\">\n<div class=\"mc-column content-text active-extra-styles \" data-block-type=\"unstyled\" data-block-weight=\"4\" data-block-id=\"21\">\n<p class=\" content-text__container \" data-track-category=\"Link no Texto\" data-track-links=\"\" data-mrf-recirculation=\"Mat\u00e9ria - Links no Texto\"><strong>Menos transpar\u00eancia nas atas:<\/strong><\/p>\n<\/div>\n<\/div>\n<div id=\"chunk-3cphq\">\n<div class=\"mc-column content-text active-extra-styles \" data-block-type=\"unstyled\" data-block-weight=\"25\" data-block-id=\"22\">\n<p class=\" content-text__container \" data-track-category=\"Link no Texto\" data-track-links=\"\" data-mrf-recirculation=\"Mat\u00e9ria - Links no Texto\">O texto determina que as atas das reuni\u00f5es sejam elaboradas no sistema de apresenta\u00e7\u00e3o de emendas &#8220;sem exig\u00eancia de detalhar claramente os respons\u00e1veis&#8221; pelas indica\u00e7\u00f5es.<\/p>\n<\/div>\n<\/div>\n<div id=\"chunk-9bqm\">\n<div class=\"mc-column content-text active-extra-styles \" data-block-type=\"unstyled\" data-block-weight=\"7\" data-block-id=\"23\">\n<p class=\" content-text__container \" data-track-category=\"Link no Texto\" data-track-links=\"\" data-mrf-recirculation=\"Mat\u00e9ria - Links no Texto\"><strong>Falta de crit\u00e9rios objetivos para distribuir recursos:<\/strong><\/p>\n<\/div>\n<\/div>\n<div id=\"chunk-61svh\">\n<div class=\"mc-column content-text active-extra-styles \" data-block-type=\"unstyled\" data-block-weight=\"39\" data-block-id=\"24\">\n<p class=\" content-text__container \" data-track-category=\"Link no Texto\" data-track-links=\"\" data-mrf-recirculation=\"Mat\u00e9ria - Links no Texto\">O projeto retira a obrigatoriedade de indicar \u201ccrit\u00e9rios e f\u00f3rmulas\u201d claras que justifiquem onde e como os recursos das emendas de comiss\u00e3o ser\u00e3o aplicados. Na pr\u00e1tica, isso dificulta o controle e a fiscaliza\u00e7\u00e3o sobre o uso do dinheiro p\u00fablico.<\/p>\n<\/div>\n<\/div>\n<div id=\"chunk-ee77a\">\n<div class=\"mc-column content-text active-extra-styles \" data-block-type=\"unstyled\" data-block-weight=\"32\" data-block-id=\"25\">\n<p class=\" content-text__container \" data-track-category=\"Link no Texto\" data-track-links=\"\" data-mrf-recirculation=\"Mat\u00e9ria - Links no Texto\">E para o caso das emendas de bancada, especifica que a &#8220;identifica\u00e7\u00e3o de forma precisa o seu objeto, vedada a designa\u00e7\u00e3o gen\u00e9rica&#8221; se dar\u00e1 apenas recursos a projetos de investimentos de obras.<\/p>\n<\/div>\n<\/div>\n<div id=\"chunk-8dtbe\">\n<div class=\"mc-column content-text active-extra-styles \" data-block-type=\"unstyled\" data-block-weight=\"9\" data-block-id=\"26\">\n<p class=\" content-text__container \" data-track-category=\"Link no Texto\" data-track-links=\"\" data-mrf-recirculation=\"Mat\u00e9ria - Links no Texto\"><strong>Indica\u00e7\u00f5es feitas por l\u00edderes partid\u00e1rios, n\u00e3o por parlamentares individuais:<\/strong><\/p>\n<\/div>\n<\/div>\n<div id=\"chunk-7f62q\">\n<div class=\"mc-column content-text active-extra-styles \" data-block-type=\"unstyled\" data-block-weight=\"33\" data-block-id=\"27\">\n<p class=\" content-text__container \" data-track-category=\"Link no Texto\" data-track-links=\"\" data-mrf-recirculation=\"Mat\u00e9ria - Links no Texto\">Embora afirme que as emendas de comiss\u00e3o ser\u00e3o sugest\u00f5es dos parlamentares, o projeto prev\u00ea que, na pr\u00e1tica, as indica\u00e7\u00f5es ser\u00e3o feitas pelos l\u00edderes partid\u00e1rios, reduzindo a transpar\u00eancia sobre o real autor da<\/p>\n<\/div>\n<\/div>\n<div id=\"chunk-fqvur\">\n<div class=\"mc-column content-text active-extra-styles \" data-block-type=\"unstyled\" data-block-weight=\"7\" data-block-id=\"28\">\n<p class=\" content-text__container \" data-track-category=\"Link no Texto\" data-track-links=\"\" data-mrf-recirculation=\"Mat\u00e9ria - Links no Texto\"><strong>Falta de comunica\u00e7\u00e3o das planilhas de divulga\u00e7\u00e3o:<\/strong><\/p>\n<\/div>\n<\/div>\n<div id=\"chunk-bgr97\">\n<div class=\"mc-column content-text active-extra-styles \" data-block-type=\"unstyled\" data-block-weight=\"13\" data-block-id=\"29\">\n<p class=\" content-text__container \" data-track-category=\"Link no Texto\" data-track-links=\"\" data-mrf-recirculation=\"Mat\u00e9ria - Links no Texto\">O projeto apresenta cinco diferentes planilhas para indica\u00e7\u00e3o das emendas de comiss\u00e3o, mas:<\/p>\n<\/div>\n<\/div>\n<div id=\"chunk-a1ngf\">\n<div class=\"content-ads content-ads--reveal\" data-block-type=\"ads\" data-block-id=\"30\"><\/div>\n<\/div>\n<div id=\"chunk-8dcrp\">\n<div class=\"mc-column content-text active-extra-styles \" data-block-type=\"unstyled\" data-block-weight=\"35\" data-block-id=\"31\">\n<p class=\" content-text__container \" data-track-category=\"Link no Texto\" data-track-links=\"\" data-mrf-recirculation=\"Mat\u00e9ria - Links no Texto\">Na primeira planilha, aparecem os parlamentares que sugeriram emendas, mas a quarta planilha (a que \u00e9 enviada ao governo para pagamento) n\u00e3o esclarece quem realmente solicitou: se o parlamentar autor original ou o l\u00edder partid\u00e1rio.<\/p>\n<\/div>\n<\/div>\n<div id=\"chunk-1dv9h\">\n<div class=\"mc-column content-text active-extra-styles \" data-block-type=\"unstyled\" data-block-weight=\"17\" data-block-id=\"32\">\n<p class=\" content-text__container \" data-track-category=\"Link no Texto\" data-track-links=\"\" data-mrf-recirculation=\"Mat\u00e9ria - Links no Texto\">Na quinta planilha, quando uma emenda \u00e9 alterada, tamb\u00e9m n\u00e3o fica claro qual parlamentar solicitou a altera\u00e7\u00e3o.<\/p>\n<\/div>\n<\/div>\n<div id=\"chunk-fmsb1\">\n<div class=\"mc-column content-text active-extra-styles \" data-block-type=\"unstyled\" data-block-weight=\"21\" data-block-id=\"33\">\n<p class=\" content-text__container \" data-track-category=\"Link no Texto\" data-track-links=\"\" data-mrf-recirculation=\"Mat\u00e9ria - Links no Texto\">J\u00e1 as planilhas finais de indica\u00e7\u00f5es pelas bancadas estaduais n\u00e3o traz a informa\u00e7\u00e3o dos parlamentares autores de cada uma das emendas.<\/p>\n<\/div>\n<\/div>\n<div id=\"chunk-f4rpj\">\n<div class=\"mc-column content-text active-extra-styles \" data-block-type=\"unstyled\" data-block-weight=\"6\" data-block-id=\"34\">\n<p class=\" content-text__container \" data-track-category=\"Link no Texto\" data-track-links=\"\" data-mrf-recirculation=\"Mat\u00e9ria - Links no Texto\"><strong>Emendas de bancadas para UFs diferentes:<\/strong><\/p>\n<\/div>\n<\/div>\n<div id=\"chunk-60vf6\">\n<div class=\"mc-column content-text active-extra-styles \" data-block-type=\"unstyled\" data-block-weight=\"29\" data-block-id=\"35\">\n<p class=\" content-text__container \" data-track-category=\"Link no Texto\" data-track-links=\"\" data-mrf-recirculation=\"Mat\u00e9ria - Links no Texto\">O texto permite que as emendas de bancada destinadas pelas bancadas estaduais poder\u00e3o ser enviadas para outra unidade federativa, desde que se trate de um projeto de amplitude nacional.<\/p>\n<\/div>\n<\/div>\n<div id=\"chunk-a6qsj\">\n<div class=\"mc-column content-text active-extra-styles \" data-block-type=\"unstyled\" data-block-weight=\"6\" data-block-id=\"36\">\n<p class=\" content-text__container \" data-track-category=\"Link no Texto\" data-track-links=\"\" data-mrf-recirculation=\"Mat\u00e9ria - Links no Texto\"><strong>Aumento de emendas para bancadas estaduais:<\/strong><\/p>\n<\/div>\n<\/div>\n<div id=\"chunk-13nq3\">\n<div class=\"mc-column content-text active-extra-styles \" data-block-type=\"unstyled\" data-block-weight=\"22\" data-block-id=\"37\">\n<p class=\" content-text__container \" data-track-category=\"Link no Texto\" data-track-links=\"\" data-mrf-recirculation=\"Mat\u00e9ria - Links no Texto\">Aumenta de 8 para 11 as emendas de bancada, mas exige que tr\u00eas dessas emendas sejam destinadas, exclusivamente, \u00e0 obras j\u00e1 iniciadas.<\/p>\n<\/div>\n<\/div>\n<div id=\"chunk-aut50\">\n<div class=\"mc-column content-text active-extra-styles \" data-block-type=\"unstyled\" data-block-weight=\"7\" data-block-id=\"38\">\n<p class=\" content-text__container \" data-track-category=\"Link no Texto\" data-track-links=\"\" data-mrf-recirculation=\"Mat\u00e9ria - Links no Texto\"><strong>Envio cont\u00ednuo de dinheiro para emendas inacabadas:<\/strong><\/p>\n<\/div>\n<\/div>\n<div id=\"chunk-1ti5d\">\n<div class=\"mc-column content-text active-extra-styles \" data-block-type=\"unstyled\" data-block-weight=\"25\" data-block-id=\"39\">\n<p class=\" content-text__container \" data-track-category=\"Link no Texto\" data-track-links=\"\" data-mrf-recirculation=\"Mat\u00e9ria - Links no Texto\">A proposta possibilita que as bancadas estaduais enviem recursos anualmente paras as mesmas obras em andamento at\u00e9 que elas sejam conclu\u00eddas. Atualmente n\u00e3o \u00e9 poss\u00edvel.<\/p>\n<\/div>\n<\/div>\n<div id=\"chunk-dbler\">\n<div class=\"mc-column content-text active-extra-styles \" data-block-type=\"unstyled\" data-block-weight=\"4\" data-block-id=\"40\">\n<p class=\" content-text__container \" data-track-category=\"Link no Texto\" data-track-links=\"\" data-mrf-recirculation=\"Mat\u00e9ria - Links no Texto\"><strong>Novas emendas para comiss\u00f5es:<\/strong><\/p>\n<\/div>\n<\/div>\n<div id=\"chunk-erf2a\">\n<div class=\"mc-column content-text active-extra-styles \" data-block-type=\"unstyled\" data-block-weight=\"37\" data-block-id=\"41\">\n<p class=\" content-text__container \" data-track-category=\"Link no Texto\" data-track-links=\"\" data-mrf-recirculation=\"Mat\u00e9ria - Links no Texto\">Cada comiss\u00e3o ter\u00e1 direito a duas novas emendas de apropria\u00e7\u00e3o (que garantem dinheiro novo), passando de quatro para seis, e apenas duas emendas de remanejamento (que transferem recursos de um lugar para outro), atualmente s\u00e3o quatro.<\/p>\n<\/div>\n<\/div>\n<div id=\"chunk-asst9\">\n<div class=\"content-ads content-ads--reveal\" data-block-type=\"ads\" data-block-id=\"42\">\n<div id=\"banner_materia__5949e328-624e-44a2-9664-853cb669db42\" class=\"tag-manager-publicidade-container mc-has-reveal mc-has-ad-lazyload tag-manager-publicidade-banner_materia__5949e328-624e-44a2-9664-853cb669db42 tag-manager-publicidade-container--carregado tag-manager-publicidade-container--visivel\" data-id=\"banner_materia__5949e328-624e-44a2-9664-853cb669db42\" data-google-query-id=\"CLTFrsvwhowDFfRRuAQdQmwk2Q\">\n<div id=\"google_ads_iframe_\/95377733\/tvg_G1\/Politica_6__container__\"><\/div>\n<\/div>\n<\/div>\n<\/div>\n<div data-track-category=\"multicontent\" data-track-action=\"multicontent\" data-track-noninteraction=\"false\" data-track-scroll=\"ultimo chunk conteudo\" data-track-value=\"view\">\n<div id=\"chunk-f64qn\">\n<div class=\"block-podcast\"><\/div>\n<\/div>\n<\/div>\n<\/div>\n<\/article>\n<div class=\"mc-column comments\">\n<div id=\"boxComentarios\">\n<div id=\"boxComentarios__body\">\n<div class=\"glbComentarios-loginRequiredWrapper\">\n<div class=\"glbComentarios-loginRequired\">\n<div class=\"glbComentarios-loginRequired__title\">Fonte:\u00a0 G1<\/div>\n<p>&nbsp;<\/p>\n<\/div>\n<\/div>\n<\/div>\n<\/div>\n<\/div>\n<\/div>\n","protected":false},"excerpt":{"rendered":"<p>Bras\u00edlia (DF), 12\/12\/2024 &#8211; Sess\u00e3o do Senado Federal deliberativa extraordin\u00e1ria. Foto: Ant\u00f4nio Cruz\/Ag\u00eancia Brasil Texto deve ser votado na manh\u00e3 desta quinta-feira (13), pelo plen\u00e1rio do Congresso. Por\u00a0Vin\u00edcius Cassela, g1\u00a0\u2014 Bras\u00edlia 12\/03\/2025 22h30\u00a0\u00a0Atualizado\u00a0h\u00e1 5 horas oto, Senador Davi Alcolumbre cumprimenta Deputado Hugo Motta. Nesta segunda (3) o Congresso Nacional realiza sess\u00e3o de in\u00edcio do ano [&hellip;]<\/p>\n","protected":false},"author":2,"featured_media":3192,"comment_status":"open","ping_status":"open","sticky":false,"template":"","format":"standard","meta":{"rop_custom_images_group":[],"rop_custom_messages_group":[],"rop_publish_now":"initial","rop_publish_now_accounts":{"twitter_850042665852968960_850042665852968960":""},"rop_publish_now_history":[],"rop_publish_now_status":"pending","footnotes":""},"categories":[15],"tags":[510,362,364,388,257,350],"class_list":["post-3189","post","type-post","status-publish","format-standard","has-post-thumbnail","hentry","category-destaques","tag-congresso","tag-congresso-nacional","tag-emendas","tag-pix","tag-senado","tag-stf"],"yoast_head":"<!-- This site is optimized with the Yoast SEO plugin v27.2 - https:\/\/yoast.com\/product\/yoast-seo-wordpress\/ -->\n<title>Congresso vota hoje (13.03.25) mudan\u00e7as em emendas, mas deixa brechas; entenda - Prefeitos &amp; Gest\u00f5es<\/title>\n<meta name=\"robots\" content=\"index, follow, max-snippet:-1, max-image-preview:large, max-video-preview:-1\" \/>\n<link rel=\"canonical\" href=\"https:\/\/prefeitosegestoes.com.br\/portal\/congresso-vota-hoje-13-03-25-mudancas-em-emendas-mas-deixa-brechas-entenda\/\" \/>\n<meta property=\"og:locale\" content=\"pt_BR\" \/>\n<meta property=\"og:type\" content=\"article\" \/>\n<meta property=\"og:title\" content=\"Congresso vota hoje (13.03.25) mudan\u00e7as em emendas, mas deixa brechas; entenda - Prefeitos &amp; Gest\u00f5es\" \/>\n<meta property=\"og:description\" content=\"Bras\u00edlia (DF), 12\/12\/2024 &#8211; Sess\u00e3o do Senado Federal deliberativa extraordin\u00e1ria. Foto: Ant\u00f4nio Cruz\/Ag\u00eancia Brasil Texto deve ser votado na manh\u00e3 desta quinta-feira (13), pelo plen\u00e1rio do Congresso. Por\u00a0Vin\u00edcius Cassela, g1\u00a0\u2014 Bras\u00edlia 12\/03\/2025 22h30\u00a0\u00a0Atualizado\u00a0h\u00e1 5 horas oto, Senador Davi Alcolumbre cumprimenta Deputado Hugo Motta. Nesta segunda (3) o Congresso Nacional realiza sess\u00e3o de in\u00edcio do ano [&hellip;]\" \/>\n<meta property=\"og:url\" content=\"https:\/\/prefeitosegestoes.com.br\/portal\/congresso-vota-hoje-13-03-25-mudancas-em-emendas-mas-deixa-brechas-entenda\/\" \/>\n<meta property=\"og:site_name\" content=\"Prefeitos &amp; Gest\u00f5es\" \/>\n<meta property=\"article:publisher\" content=\"https:\/\/www.facebook.com\/prefeitosonline\" \/>\n<meta property=\"article:published_time\" content=\"2025-03-13T16:30:37+00:00\" \/>\n<meta property=\"article:modified_time\" content=\"2025-03-13T16:33:39+00:00\" \/>\n<meta property=\"og:image\" content=\"https:\/\/prefeitosegestoes.com.br\/portal\/wp-content\/uploads\/2025\/03\/0d4a2167.webp\" \/>\n\t<meta property=\"og:image:width\" content=\"1024\" \/>\n\t<meta property=\"og:image:height\" content=\"768\" \/>\n\t<meta property=\"og:image:type\" content=\"image\/webp\" \/>\n<meta name=\"author\" content=\"Prefeitos &amp; Gest\u00f5es\" \/>\n<meta name=\"twitter:card\" content=\"summary_large_image\" \/>\n<meta name=\"twitter:creator\" content=\"@PrefGestoes\" \/>\n<meta name=\"twitter:site\" content=\"@PrefGestoes\" \/>\n<meta name=\"twitter:label1\" content=\"Escrito por\" \/>\n\t<meta name=\"twitter:data1\" content=\"Prefeitos &amp; Gest\u00f5es\" \/>\n\t<meta name=\"twitter:label2\" content=\"Est. tempo de leitura\" \/>\n\t<meta name=\"twitter:data2\" content=\"5 minutos\" \/>\n<script type=\"application\/ld+json\" class=\"yoast-schema-graph\">{\"@context\":\"https:\/\/schema.org\",\"@graph\":[{\"@type\":\"Article\",\"@id\":\"https:\/\/prefeitosegestoes.com.br\/portal\/congresso-vota-hoje-13-03-25-mudancas-em-emendas-mas-deixa-brechas-entenda\/#article\",\"isPartOf\":{\"@id\":\"https:\/\/prefeitosegestoes.com.br\/portal\/congresso-vota-hoje-13-03-25-mudancas-em-emendas-mas-deixa-brechas-entenda\/\"},\"author\":{\"name\":\"Prefeitos &amp; Gest\u00f5es\",\"@id\":\"https:\/\/prefeitosegestoes.com.br\/portal\/#\/schema\/person\/d00059f2ec99963e7e1850d448ae94b8\"},\"headline\":\"Congresso vota hoje (13.03.25) mudan\u00e7as em emendas, mas deixa brechas; entenda\",\"datePublished\":\"2025-03-13T16:30:37+00:00\",\"dateModified\":\"2025-03-13T16:33:39+00:00\",\"mainEntityOfPage\":{\"@id\":\"https:\/\/prefeitosegestoes.com.br\/portal\/congresso-vota-hoje-13-03-25-mudancas-em-emendas-mas-deixa-brechas-entenda\/\"},\"wordCount\":904,\"commentCount\":0,\"publisher\":{\"@id\":\"https:\/\/prefeitosegestoes.com.br\/portal\/#organization\"},\"image\":{\"@id\":\"https:\/\/prefeitosegestoes.com.br\/portal\/congresso-vota-hoje-13-03-25-mudancas-em-emendas-mas-deixa-brechas-entenda\/#primaryimage\"},\"thumbnailUrl\":\"https:\/\/prefeitosegestoes.com.br\/portal\/wp-content\/uploads\/2025\/03\/0d4a2167.webp\",\"keywords\":[\"Congresso\",\"Congresso Nacional\",\"Emendas\",\"Pix\",\"Senado\",\"STF\"],\"articleSection\":[\"Destaques\"],\"inLanguage\":\"pt-BR\",\"potentialAction\":[{\"@type\":\"CommentAction\",\"name\":\"Comment\",\"target\":[\"https:\/\/prefeitosegestoes.com.br\/portal\/congresso-vota-hoje-13-03-25-mudancas-em-emendas-mas-deixa-brechas-entenda\/#respond\"]}]},{\"@type\":\"WebPage\",\"@id\":\"https:\/\/prefeitosegestoes.com.br\/portal\/congresso-vota-hoje-13-03-25-mudancas-em-emendas-mas-deixa-brechas-entenda\/\",\"url\":\"https:\/\/prefeitosegestoes.com.br\/portal\/congresso-vota-hoje-13-03-25-mudancas-em-emendas-mas-deixa-brechas-entenda\/\",\"name\":\"Congresso vota hoje (13.03.25) mudan\u00e7as em emendas, mas deixa brechas; entenda - Prefeitos &amp; Gest\u00f5es\",\"isPartOf\":{\"@id\":\"https:\/\/prefeitosegestoes.com.br\/portal\/#website\"},\"primaryImageOfPage\":{\"@id\":\"https:\/\/prefeitosegestoes.com.br\/portal\/congresso-vota-hoje-13-03-25-mudancas-em-emendas-mas-deixa-brechas-entenda\/#primaryimage\"},\"image\":{\"@id\":\"https:\/\/prefeitosegestoes.com.br\/portal\/congresso-vota-hoje-13-03-25-mudancas-em-emendas-mas-deixa-brechas-entenda\/#primaryimage\"},\"thumbnailUrl\":\"https:\/\/prefeitosegestoes.com.br\/portal\/wp-content\/uploads\/2025\/03\/0d4a2167.webp\",\"datePublished\":\"2025-03-13T16:30:37+00:00\",\"dateModified\":\"2025-03-13T16:33:39+00:00\",\"breadcrumb\":{\"@id\":\"https:\/\/prefeitosegestoes.com.br\/portal\/congresso-vota-hoje-13-03-25-mudancas-em-emendas-mas-deixa-brechas-entenda\/#breadcrumb\"},\"inLanguage\":\"pt-BR\",\"potentialAction\":[{\"@type\":\"ReadAction\",\"target\":[\"https:\/\/prefeitosegestoes.com.br\/portal\/congresso-vota-hoje-13-03-25-mudancas-em-emendas-mas-deixa-brechas-entenda\/\"]}]},{\"@type\":\"ImageObject\",\"inLanguage\":\"pt-BR\",\"@id\":\"https:\/\/prefeitosegestoes.com.br\/portal\/congresso-vota-hoje-13-03-25-mudancas-em-emendas-mas-deixa-brechas-entenda\/#primaryimage\",\"url\":\"https:\/\/prefeitosegestoes.com.br\/portal\/wp-content\/uploads\/2025\/03\/0d4a2167.webp\",\"contentUrl\":\"https:\/\/prefeitosegestoes.com.br\/portal\/wp-content\/uploads\/2025\/03\/0d4a2167.webp\",\"width\":1024,\"height\":768},{\"@type\":\"BreadcrumbList\",\"@id\":\"https:\/\/prefeitosegestoes.com.br\/portal\/congresso-vota-hoje-13-03-25-mudancas-em-emendas-mas-deixa-brechas-entenda\/#breadcrumb\",\"itemListElement\":[{\"@type\":\"ListItem\",\"position\":1,\"name\":\"In\u00edcio\",\"item\":\"https:\/\/prefeitosegestoes.com.br\/portal\/\"},{\"@type\":\"ListItem\",\"position\":2,\"name\":\"Congresso vota hoje (13.03.25) mudan\u00e7as em emendas, mas deixa brechas; entenda\"}]},{\"@type\":\"WebSite\",\"@id\":\"https:\/\/prefeitosegestoes.com.br\/portal\/#website\",\"url\":\"https:\/\/prefeitosegestoes.com.br\/portal\/\",\"name\":\"Prefeitos & Gest\u00f5es\",\"description\":\"\",\"publisher\":{\"@id\":\"https:\/\/prefeitosegestoes.com.br\/portal\/#organization\"},\"potentialAction\":[{\"@type\":\"SearchAction\",\"target\":{\"@type\":\"EntryPoint\",\"urlTemplate\":\"https:\/\/prefeitosegestoes.com.br\/portal\/?s={search_term_string}\"},\"query-input\":{\"@type\":\"PropertyValueSpecification\",\"valueRequired\":true,\"valueName\":\"search_term_string\"}}],\"inLanguage\":\"pt-BR\"},{\"@type\":\"Organization\",\"@id\":\"https:\/\/prefeitosegestoes.com.br\/portal\/#organization\",\"name\":\"Prefeitos & Gest\u00f5es\",\"url\":\"https:\/\/prefeitosegestoes.com.br\/portal\/\",\"logo\":{\"@type\":\"ImageObject\",\"inLanguage\":\"pt-BR\",\"@id\":\"https:\/\/prefeitosegestoes.com.br\/portal\/#\/schema\/logo\/image\/\",\"url\":\"https:\/\/prefeitosegestoes.com.br\/portal\/wp-content\/uploads\/2024\/10\/lg_trans_prefeitos_2024_preto2.png\",\"contentUrl\":\"https:\/\/prefeitosegestoes.com.br\/portal\/wp-content\/uploads\/2024\/10\/lg_trans_prefeitos_2024_preto2.png\",\"width\":199,\"height\":122,\"caption\":\"Prefeitos & Gest\u00f5es\"},\"image\":{\"@id\":\"https:\/\/prefeitosegestoes.com.br\/portal\/#\/schema\/logo\/image\/\"},\"sameAs\":[\"https:\/\/www.facebook.com\/prefeitosonline\",\"https:\/\/x.com\/PrefGestoes\"]},{\"@type\":\"Person\",\"@id\":\"https:\/\/prefeitosegestoes.com.br\/portal\/#\/schema\/person\/d00059f2ec99963e7e1850d448ae94b8\",\"name\":\"Prefeitos &amp; Gest\u00f5es\",\"image\":{\"@type\":\"ImageObject\",\"inLanguage\":\"pt-BR\",\"@id\":\"https:\/\/secure.gravatar.com\/avatar\/738fb281e479212ed32c1a21a4307dda9f3af9292edb6918a16c9ce9fff5f48d?s=96&d=mm&r=g\",\"url\":\"https:\/\/secure.gravatar.com\/avatar\/738fb281e479212ed32c1a21a4307dda9f3af9292edb6918a16c9ce9fff5f48d?s=96&d=mm&r=g\",\"contentUrl\":\"https:\/\/secure.gravatar.com\/avatar\/738fb281e479212ed32c1a21a4307dda9f3af9292edb6918a16c9ce9fff5f48d?s=96&d=mm&r=g\",\"caption\":\"Prefeitos &amp; Gest\u00f5es\"},\"url\":\"https:\/\/prefeitosegestoes.com.br\/portal\/author\/prefeitosegestoes\/\"}]}<\/script>\n<!-- \/ Yoast SEO plugin. -->","yoast_head_json":{"title":"Congresso vota hoje (13.03.25) mudan\u00e7as em emendas, mas deixa brechas; entenda - Prefeitos &amp; Gest\u00f5es","robots":{"index":"index","follow":"follow","max-snippet":"max-snippet:-1","max-image-preview":"max-image-preview:large","max-video-preview":"max-video-preview:-1"},"canonical":"https:\/\/prefeitosegestoes.com.br\/portal\/congresso-vota-hoje-13-03-25-mudancas-em-emendas-mas-deixa-brechas-entenda\/","og_locale":"pt_BR","og_type":"article","og_title":"Congresso vota hoje (13.03.25) mudan\u00e7as em emendas, mas deixa brechas; entenda - Prefeitos &amp; Gest\u00f5es","og_description":"Bras\u00edlia (DF), 12\/12\/2024 &#8211; Sess\u00e3o do Senado Federal deliberativa extraordin\u00e1ria. Foto: Ant\u00f4nio Cruz\/Ag\u00eancia Brasil Texto deve ser votado na manh\u00e3 desta quinta-feira (13), pelo plen\u00e1rio do Congresso. Por\u00a0Vin\u00edcius Cassela, g1\u00a0\u2014 Bras\u00edlia 12\/03\/2025 22h30\u00a0\u00a0Atualizado\u00a0h\u00e1 5 horas oto, Senador Davi Alcolumbre cumprimenta Deputado Hugo Motta. Nesta segunda (3) o Congresso Nacional realiza sess\u00e3o de in\u00edcio do ano [&hellip;]","og_url":"https:\/\/prefeitosegestoes.com.br\/portal\/congresso-vota-hoje-13-03-25-mudancas-em-emendas-mas-deixa-brechas-entenda\/","og_site_name":"Prefeitos &amp; Gest\u00f5es","article_publisher":"https:\/\/www.facebook.com\/prefeitosonline","article_published_time":"2025-03-13T16:30:37+00:00","article_modified_time":"2025-03-13T16:33:39+00:00","og_image":[{"width":1024,"height":768,"url":"https:\/\/prefeitosegestoes.com.br\/portal\/wp-content\/uploads\/2025\/03\/0d4a2167.webp","type":"image\/webp"}],"author":"Prefeitos &amp; Gest\u00f5es","twitter_card":"summary_large_image","twitter_creator":"@PrefGestoes","twitter_site":"@PrefGestoes","twitter_misc":{"Escrito por":"Prefeitos &amp; Gest\u00f5es","Est. tempo de leitura":"5 minutos"},"schema":{"@context":"https:\/\/schema.org","@graph":[{"@type":"Article","@id":"https:\/\/prefeitosegestoes.com.br\/portal\/congresso-vota-hoje-13-03-25-mudancas-em-emendas-mas-deixa-brechas-entenda\/#article","isPartOf":{"@id":"https:\/\/prefeitosegestoes.com.br\/portal\/congresso-vota-hoje-13-03-25-mudancas-em-emendas-mas-deixa-brechas-entenda\/"},"author":{"name":"Prefeitos &amp; Gest\u00f5es","@id":"https:\/\/prefeitosegestoes.com.br\/portal\/#\/schema\/person\/d00059f2ec99963e7e1850d448ae94b8"},"headline":"Congresso vota hoje (13.03.25) mudan\u00e7as em emendas, mas deixa brechas; entenda","datePublished":"2025-03-13T16:30:37+00:00","dateModified":"2025-03-13T16:33:39+00:00","mainEntityOfPage":{"@id":"https:\/\/prefeitosegestoes.com.br\/portal\/congresso-vota-hoje-13-03-25-mudancas-em-emendas-mas-deixa-brechas-entenda\/"},"wordCount":904,"commentCount":0,"publisher":{"@id":"https:\/\/prefeitosegestoes.com.br\/portal\/#organization"},"image":{"@id":"https:\/\/prefeitosegestoes.com.br\/portal\/congresso-vota-hoje-13-03-25-mudancas-em-emendas-mas-deixa-brechas-entenda\/#primaryimage"},"thumbnailUrl":"https:\/\/prefeitosegestoes.com.br\/portal\/wp-content\/uploads\/2025\/03\/0d4a2167.webp","keywords":["Congresso","Congresso Nacional","Emendas","Pix","Senado","STF"],"articleSection":["Destaques"],"inLanguage":"pt-BR","potentialAction":[{"@type":"CommentAction","name":"Comment","target":["https:\/\/prefeitosegestoes.com.br\/portal\/congresso-vota-hoje-13-03-25-mudancas-em-emendas-mas-deixa-brechas-entenda\/#respond"]}]},{"@type":"WebPage","@id":"https:\/\/prefeitosegestoes.com.br\/portal\/congresso-vota-hoje-13-03-25-mudancas-em-emendas-mas-deixa-brechas-entenda\/","url":"https:\/\/prefeitosegestoes.com.br\/portal\/congresso-vota-hoje-13-03-25-mudancas-em-emendas-mas-deixa-brechas-entenda\/","name":"Congresso vota hoje (13.03.25) mudan\u00e7as em emendas, mas deixa brechas; entenda - Prefeitos &amp; Gest\u00f5es","isPartOf":{"@id":"https:\/\/prefeitosegestoes.com.br\/portal\/#website"},"primaryImageOfPage":{"@id":"https:\/\/prefeitosegestoes.com.br\/portal\/congresso-vota-hoje-13-03-25-mudancas-em-emendas-mas-deixa-brechas-entenda\/#primaryimage"},"image":{"@id":"https:\/\/prefeitosegestoes.com.br\/portal\/congresso-vota-hoje-13-03-25-mudancas-em-emendas-mas-deixa-brechas-entenda\/#primaryimage"},"thumbnailUrl":"https:\/\/prefeitosegestoes.com.br\/portal\/wp-content\/uploads\/2025\/03\/0d4a2167.webp","datePublished":"2025-03-13T16:30:37+00:00","dateModified":"2025-03-13T16:33:39+00:00","breadcrumb":{"@id":"https:\/\/prefeitosegestoes.com.br\/portal\/congresso-vota-hoje-13-03-25-mudancas-em-emendas-mas-deixa-brechas-entenda\/#breadcrumb"},"inLanguage":"pt-BR","potentialAction":[{"@type":"ReadAction","target":["https:\/\/prefeitosegestoes.com.br\/portal\/congresso-vota-hoje-13-03-25-mudancas-em-emendas-mas-deixa-brechas-entenda\/"]}]},{"@type":"ImageObject","inLanguage":"pt-BR","@id":"https:\/\/prefeitosegestoes.com.br\/portal\/congresso-vota-hoje-13-03-25-mudancas-em-emendas-mas-deixa-brechas-entenda\/#primaryimage","url":"https:\/\/prefeitosegestoes.com.br\/portal\/wp-content\/uploads\/2025\/03\/0d4a2167.webp","contentUrl":"https:\/\/prefeitosegestoes.com.br\/portal\/wp-content\/uploads\/2025\/03\/0d4a2167.webp","width":1024,"height":768},{"@type":"BreadcrumbList","@id":"https:\/\/prefeitosegestoes.com.br\/portal\/congresso-vota-hoje-13-03-25-mudancas-em-emendas-mas-deixa-brechas-entenda\/#breadcrumb","itemListElement":[{"@type":"ListItem","position":1,"name":"In\u00edcio","item":"https:\/\/prefeitosegestoes.com.br\/portal\/"},{"@type":"ListItem","position":2,"name":"Congresso vota hoje (13.03.25) mudan\u00e7as em emendas, mas deixa brechas; entenda"}]},{"@type":"WebSite","@id":"https:\/\/prefeitosegestoes.com.br\/portal\/#website","url":"https:\/\/prefeitosegestoes.com.br\/portal\/","name":"Prefeitos & Gest\u00f5es","description":"","publisher":{"@id":"https:\/\/prefeitosegestoes.com.br\/portal\/#organization"},"potentialAction":[{"@type":"SearchAction","target":{"@type":"EntryPoint","urlTemplate":"https:\/\/prefeitosegestoes.com.br\/portal\/?s={search_term_string}"},"query-input":{"@type":"PropertyValueSpecification","valueRequired":true,"valueName":"search_term_string"}}],"inLanguage":"pt-BR"},{"@type":"Organization","@id":"https:\/\/prefeitosegestoes.com.br\/portal\/#organization","name":"Prefeitos & Gest\u00f5es","url":"https:\/\/prefeitosegestoes.com.br\/portal\/","logo":{"@type":"ImageObject","inLanguage":"pt-BR","@id":"https:\/\/prefeitosegestoes.com.br\/portal\/#\/schema\/logo\/image\/","url":"https:\/\/prefeitosegestoes.com.br\/portal\/wp-content\/uploads\/2024\/10\/lg_trans_prefeitos_2024_preto2.png","contentUrl":"https:\/\/prefeitosegestoes.com.br\/portal\/wp-content\/uploads\/2024\/10\/lg_trans_prefeitos_2024_preto2.png","width":199,"height":122,"caption":"Prefeitos & Gest\u00f5es"},"image":{"@id":"https:\/\/prefeitosegestoes.com.br\/portal\/#\/schema\/logo\/image\/"},"sameAs":["https:\/\/www.facebook.com\/prefeitosonline","https:\/\/x.com\/PrefGestoes"]},{"@type":"Person","@id":"https:\/\/prefeitosegestoes.com.br\/portal\/#\/schema\/person\/d00059f2ec99963e7e1850d448ae94b8","name":"Prefeitos &amp; Gest\u00f5es","image":{"@type":"ImageObject","inLanguage":"pt-BR","@id":"https:\/\/secure.gravatar.com\/avatar\/738fb281e479212ed32c1a21a4307dda9f3af9292edb6918a16c9ce9fff5f48d?s=96&d=mm&r=g","url":"https:\/\/secure.gravatar.com\/avatar\/738fb281e479212ed32c1a21a4307dda9f3af9292edb6918a16c9ce9fff5f48d?s=96&d=mm&r=g","contentUrl":"https:\/\/secure.gravatar.com\/avatar\/738fb281e479212ed32c1a21a4307dda9f3af9292edb6918a16c9ce9fff5f48d?s=96&d=mm&r=g","caption":"Prefeitos &amp; Gest\u00f5es"},"url":"https:\/\/prefeitosegestoes.com.br\/portal\/author\/prefeitosegestoes\/"}]}},"_links":{"self":[{"href":"https:\/\/prefeitosegestoes.com.br\/portal\/wp-json\/wp\/v2\/posts\/3189","targetHints":{"allow":["GET"]}}],"collection":[{"href":"https:\/\/prefeitosegestoes.com.br\/portal\/wp-json\/wp\/v2\/posts"}],"about":[{"href":"https:\/\/prefeitosegestoes.com.br\/portal\/wp-json\/wp\/v2\/types\/post"}],"author":[{"embeddable":true,"href":"https:\/\/prefeitosegestoes.com.br\/portal\/wp-json\/wp\/v2\/users\/2"}],"replies":[{"embeddable":true,"href":"https:\/\/prefeitosegestoes.com.br\/portal\/wp-json\/wp\/v2\/comments?post=3189"}],"version-history":[{"count":2,"href":"https:\/\/prefeitosegestoes.com.br\/portal\/wp-json\/wp\/v2\/posts\/3189\/revisions"}],"predecessor-version":[{"id":3196,"href":"https:\/\/prefeitosegestoes.com.br\/portal\/wp-json\/wp\/v2\/posts\/3189\/revisions\/3196"}],"wp:featuredmedia":[{"embeddable":true,"href":"https:\/\/prefeitosegestoes.com.br\/portal\/wp-json\/wp\/v2\/media\/3192"}],"wp:attachment":[{"href":"https:\/\/prefeitosegestoes.com.br\/portal\/wp-json\/wp\/v2\/media?parent=3189"}],"wp:term":[{"taxonomy":"category","embeddable":true,"href":"https:\/\/prefeitosegestoes.com.br\/portal\/wp-json\/wp\/v2\/categories?post=3189"},{"taxonomy":"post_tag","embeddable":true,"href":"https:\/\/prefeitosegestoes.com.br\/portal\/wp-json\/wp\/v2\/tags?post=3189"}],"curies":[{"name":"wp","href":"https:\/\/api.w.org\/{rel}","templated":true}]}}