{"id":3146,"date":"2025-03-06T11:52:08","date_gmt":"2025-03-06T14:52:08","guid":{"rendered":"https:\/\/prefeitosegestoes.com.br\/portal\/?p=3146"},"modified":"2025-03-06T11:52:08","modified_gmt":"2025-03-06T14:52:08","slug":"tarifas-de-trump-ao-brasil-podem-reduzir-precos-internos-dizem-analistas","status":"publish","type":"post","link":"https:\/\/prefeitosegestoes.com.br\/portal\/tarifas-de-trump-ao-brasil-podem-reduzir-precos-internos-dizem-analistas\/","title":{"rendered":"Tarifas de Trump ao Brasil podem reduzir pre\u00e7os internos, dizem analistas"},"content":{"rendered":"<header class=\"single-header\">\n<h6 class=\"single-header__excerpt\"><span class=\"featured-image__subtitle\">Donald Trump em Washington<\/span>\u00a0<span class=\"featured-image__credit\">\u2022 REUTERS<\/span><\/h6>\n<h2 class=\"single-header__excerpt\">Cen\u00e1rio depende da varia\u00e7\u00e3o do d\u00f3lar e do processo de readequa\u00e7\u00e3o do mercado exportador brasileiro, segundo especialistas<\/h2>\n<address class=\"single-header__author\">\n<p class=\"author__name\"><span class=\"author__group\"><a href=\"https:\/\/www.cnnbrasil.com.br\/autor\/fabricio-juliao\/\">Fabr\u00edcio Juli\u00e3o<\/a><\/span><\/p>\n<\/address>\n<p><time class=\"single-header__time\">05\/03\/2025 \u00e0s 13:14 | Atualizado 05\/03\/2025 \u00e0s 13:15<\/time><\/p>\n<div class=\"single-header__highlight\"><\/div>\n<\/header>\n<div class=\"single-content\">\n<p>As tarifas americanas de 25%<strong>\u00a0sobre o a\u00e7o e o alum\u00ednio brasileiro<\/strong>\u00a0devem entrar em vigor em 21 de mar\u00e7o, enquanto o presidente dos Estados Unidos, Donald Trump pretende introduzir\u00a0<strong>\u201ctaxas rec\u00edprocas\u201d<\/strong>\u00a0ao pa\u00eds no pr\u00f3ximo m\u00eas. A depender do ambiente externo, o cen\u00e1rio pode levar \u00e0 queda dos pre\u00e7os de itens de alguns setores no mercado interno, segundo especialistas ouvidos pela\u00a0<strong>CNN<\/strong>.<\/p>\n<p>Com os produtos tarifados perdendo espa\u00e7o nos Estados Unidos, os produtores brasileiros devem querer desovar parte da mercadoria no curto prazo e, assim, aumentar a oferta no mercado interno. Este cen\u00e1rio, considerado otimista, est\u00e1 sujeito \u00e0s oscila\u00e7\u00f5es do d\u00f3lar e \u00e0s novas medidas tarif\u00e1rias de Donald Trump.<\/p>\n<p>Em todos os casos, os analistas dizem que o Brasil ser\u00e1 muito menos impactado que M\u00e9xico e Canad\u00e1, cujas taxas gerais de 25% sobre todos os produtos exportados devem trazer uma readequa\u00e7\u00e3o mais profunda do com\u00e9rcio exterior desses pa\u00edses, em raz\u00e3o do impacto severo nas respectivas balan\u00e7as comerciais.<\/p>\n<aside class=\"read-too read-too--with-img\">\n<h2 class=\"read-too__title\">Leia Mais<\/h2>\n<ul class=\"read-too__list\">\n<li class=\"read-too__list-item\"><a class=\"read-too__link\" href=\"https:\/\/www.cnnbrasil.com.br\/internacional\/trump-cita-novas-tarifas-ao-brasil-durante-discurso-no-congresso-dos-eua\/\" target=\"_self\"><picture class=\"read-too__picture\"><img decoding=\"async\" class=\"read-too__img\" title=\"Trump cita novas tarifas ao Brasil durante discurso no Congresso dos EUA'\" src=\"https:\/\/www.cnnbrasil.com.br\/wp-content\/uploads\/sites\/12\/2025\/03\/1_5614c1.png?w=200\" alt=\"Trump cita novas tarifas ao Brasil durante discurso no Congresso dos EUA\" \/><\/picture><\/a><br \/>\n<h3 class=\"read-too__post-title\">Trump cita novas tarifas ao Brasil durante discurso no Congresso dos EUA<\/h3>\n<\/li>\n<li class=\"read-too__list-item\"><a class=\"read-too__link\" href=\"https:\/\/www.cnnbrasil.com.br\/internacional\/trump-taxacao-empregos-eua\/\" target=\"_self\"><picture class=\"read-too__picture\"><img decoding=\"async\" class=\"read-too__img\" title=\"Trump: Taxar outros pa\u00edses \u00e9 sobre tornar a Am\u00e9rica rica novamente'\" src=\"https:\/\/www.cnnbrasil.com.br\/wp-content\/uploads\/sites\/12\/2025\/03\/1_63c16d.png?w=200\" alt=\"Trump: Taxar outros pa\u00edses \u00e9 sobre tornar a Am\u00e9rica rica novamente\" \/><\/picture><\/a><br \/>\n<h3 class=\"read-too__post-title\">Trump: Taxar outros pa\u00edses \u00e9 sobre tornar a Am\u00e9rica rica novamente<\/h3>\n<\/li>\n<li class=\"read-too__list-item\"><a class=\"read-too__link\" href=\"https:\/\/www.cnnbrasil.com.br\/internacional\/trump-taxaremos-no-que-nos-taxarem-e-criaremos-empregos-como-nunca\/\" target=\"_self\"><picture class=\"read-too__picture\"><img decoding=\"async\" class=\"read-too__img\" title=\"Trump: Taxaremos no que nos taxarem e criaremos empregos como nunca'\" src=\"https:\/\/www.cnnbrasil.com.br\/wp-content\/uploads\/sites\/12\/2025\/03\/BR_CNN_040325_BREAKINKS_NEWS_TRUMPO_CLEAN_frame_53875.jpeg?w=200\" alt=\"Trump: Taxaremos no que nos taxarem e criaremos empregos como nunca\" \/><\/picture><\/a><br \/>\n<h3 class=\"read-too__post-title\">Trump: Taxaremos no que nos taxarem e criaremos empregos como nunca<\/h3>\n<\/li>\n<\/ul>\n<\/aside>\n<p>\u201cO impacto tende a ser relativamente pequeno no Brasil, pois ainda somos um pa\u00eds fechado, que depende muito das commodities e pouco da ind\u00fastria exportadora. Pode haver uma dificuldade maior em alguns setores industriais, como a\u00e7o e alum\u00ednio, e a\u00ed existe a possibilidade de ter desconto nos mercados dessas mercadorias at\u00e9 que seja definida uma adequa\u00e7\u00e3o da produ\u00e7\u00e3o \u00e0 nova realidade\u201d, afirmou S\u00e9rgio Vale, economista-chefe da MB Associados.<\/p>\n<p>O economista ressaltou que a expectativa \u00e9 de que a parte da ind\u00fastria mais afetada procure outros mercados, de olho no aumento de exporta\u00e7\u00f5es para a Europa e China como forma de suprir a demanda reduzida nos Estados Unidos.<\/p>\n<p>\u201cApesar do discurso sobre \u2018taxas injustas do Brasil\u2019, quem vai sofrer impacto mesmo s\u00e3o M\u00e9xico e Canad\u00e1. Temos sorte de n\u00e3o sermos t\u00e3o visados e de os Estados Unidos serem historicamente superavit\u00e1rios em rela\u00e7\u00e3o ao Brasil\u201d, acrescentou Vale.<\/p>\n<p>A procura de novos destinos para as mercadorias tarifadas pelos americanos ser\u00e1 o foco da ind\u00fastria, segundo Julio Netto, economista-chefe da Mirae Asset.<\/p>\n<p>\u201cQuando ocorre essa guerra comercial tarif\u00e1ria, os mercados t\u00eam que se adaptar. Vai haver um per\u00edodo de transi\u00e7\u00e3o, mas n\u00e3o podemos achar que agora v\u00e3o s\u00f3 olhar para o mercado interno. Para os interesses deles, \u00e9 muito melhor receber em d\u00f3lar e \u00e9 isso que v\u00e3o continuar a buscar\u201d, pontuou.<\/p>\n<p>&nbsp;<\/p>\n<div class=\"post__video\">\n<div class=\"cnn component-video has--live\">\n<div class=\"component-inner\">\n<div id=\"player_macroeconomia_6E0wC8fCQ5A\" class=\"video-wrapper \">\n<div class=\"video-wrapper-inner\">\n<div class=\"overlay-wrapper\"><button class=\"video-button js-video-play active\" tabindex=\"0\" aria-label=\"Assista o v\u00eddeo Trump cita novas tarifas ao Brasil durante discurso no Congresso dos EUA | CNN NOVO DIA\"><img decoding=\"async\" class=\"thumbnail-image\" src=\"https:\/\/img.youtube.com\/vi\/6E0wC8fCQ5A\/sddefault.jpg\" srcset=\"https:\/\/img.youtube.com\/vi\/6E0wC8fCQ5A\/default.jpg 120w, https:\/\/img.youtube.com\/vi\/6E0wC8fCQ5A\/mqdefault.jpg 320w, https:\/\/img.youtube.com\/vi\/6E0wC8fCQ5A\/hqdefault.jpg 480w, https:\/\/img.youtube.com\/vi\/6E0wC8fCQ5A\/sddefault.jpg 640w, https:\/\/img.youtube.com\/vi\/6E0wC8fCQ5A\/maxresdefault.jpg 1280w\" alt=\"Trump cita novas tarifas ao Brasil durante discurso no Congresso dos EUA | CNN NOVO DIA\" \/><\/button><\/div>\n<\/div>\n<\/div>\n<\/div>\n<\/div>\n<\/div>\n<p>Netto destacou as incertezas em rela\u00e7\u00e3o \u00e0s pr\u00f3prias pol\u00edticas tarif\u00e1rias de Trump, com revisionismos do presidente americano que podem alterar os cen\u00e1rios econ\u00f4micos a todo o tempo.<\/p>\n<p>\u201cTrump adota uma estrat\u00e9gia de broker nova-iorquino de chegar arrombando a porta para depois negociar. Ele quer agradar o eleitorado dele no curto prazo, mas deve rever muitas medidas a longo prazo, pois sabe que acaba isolando os Estados Unidos dessa forma\u201d, declarou.<\/p>\n<p>O economista-chefe do Banco Master e professor da FGV, Paulo Gala, sinalizou que a movimenta\u00e7\u00e3o do d\u00f3lar neste per\u00edodo \u00e9 preponderante para haver alguma varia\u00e7\u00e3o nos pre\u00e7os a partir das tarifas americanas.<\/p>\n<p>Segundo o especialista, a valoriza\u00e7\u00e3o do d\u00f3lar diante dos pares faria ruir a possibilidade de queda dos pre\u00e7os no \u00e2mbito nacional. Isso porque a alta da moeda americana refor\u00e7aria as exporta\u00e7\u00f5es e reduziria a oferta interna, o que leva \u00e0 alta dos pre\u00e7os por aqui.<\/p>\n<p>\u201cMas n\u00e3o est\u00e1 claro se o d\u00f3lar vai continuar se valorizando, porque h\u00e1 um forte medo de recess\u00e3o nos Estados Unidos, ent\u00e3o aquele \u2018Trump trade\u2019 que a gente viu no ano passado em que a moeda americana se valorizava com a vit\u00f3ria do Trump n\u00e3o est\u00e1 acontecendo mais. Agora tem uma revers\u00e3o, especialmente pela pol\u00edtica fiscal que impacta a atividade econ\u00f4mica do pa\u00eds\u201d, explicou.<\/p>\n<p>O d\u00f3lar mant\u00e9m um vi\u00e9s de desvaloriza\u00e7\u00e3o no exterior desde janeiro deste ano, com o in\u00edcio de declara\u00e7\u00f5es mais agressivas do presidente americano em rela\u00e7\u00e3o \u00e0s tarifas impostas a outros pa\u00edses.<\/p>\n<p>O \u00edndice DXY, que compara o d\u00f3lar a outras seis moedas, ca\u00eda 1,15% por volta das 13h15 desta quarta-feira (5), aos 104.529 pontos, no menor n\u00edvel em 4 meses, desde que chegou aos 103.42 pontos em 5 de novembro.<\/p>\n<blockquote class=\"wp-embedded-content\" data-secret=\"xXzkrPKdLr\"><p><a href=\"https:\/\/stories.cnnbrasil.com.br\/economia\/cafe-carne-e-oleo-sao-produtos-que-mais-impactam-o-bolso-das-pessoas\/\">Caf\u00e9, carne e \u00f3leo s\u00e3o produtos que mais impactam o bolso das pessoas<\/a><\/p>\n<p>FONTE: CNN<\/p><\/blockquote>\n<\/div>\n","protected":false},"excerpt":{"rendered":"<p>Donald Trump em Washington\u00a0\u2022 REUTERS Cen\u00e1rio depende da varia\u00e7\u00e3o do d\u00f3lar e do processo de readequa\u00e7\u00e3o do mercado exportador brasileiro, segundo especialistas Fabr\u00edcio Juli\u00e3o 05\/03\/2025 \u00e0s 13:14 | Atualizado 05\/03\/2025 \u00e0s 13:15 As tarifas americanas de 25%\u00a0sobre o a\u00e7o e o alum\u00ednio brasileiro\u00a0devem entrar em vigor em 21 de mar\u00e7o, enquanto o presidente dos Estados [&hellip;]<\/p>\n","protected":false},"author":2,"featured_media":3147,"comment_status":"open","ping_status":"open","sticky":false,"template":"","format":"standard","meta":{"rop_custom_images_group":[],"rop_custom_messages_group":[],"rop_publish_now":"initial","rop_publish_now_accounts":{"twitter_850042665852968960_850042665852968960":""},"rop_publish_now_history":[],"rop_publish_now_status":"pending","footnotes":""},"categories":[15],"tags":[73,203,519,517,518,421],"class_list":["post-3146","post","type-post","status-publish","format-standard","has-post-thumbnail","hentry","category-destaques","tag-brasil","tag-dolar","tag-produtos","tag-tarifas","tag-taxacao","tag-trump"],"yoast_head":"<!-- This site is optimized with the Yoast SEO plugin v27.2 - https:\/\/yoast.com\/product\/yoast-seo-wordpress\/ -->\n<title>Tarifas de Trump ao Brasil podem reduzir pre\u00e7os internos, dizem analistas - Prefeitos &amp; Gest\u00f5es<\/title>\n<meta name=\"description\" content=\"As tarifas americanas de 25%\u00a0sobre o a\u00e7o e o alum\u00ednio brasileiro\u00a0devem entrar em vigor em 21 de mar\u00e7o, enquanto o presidente dos Estados Unidos, Donald Trump pretende introduzir\u00a0\u201ctaxas rec\u00edprocas\u201d\u00a0ao pa\u00eds no pr\u00f3ximo m\u00eas. A depender do ambiente externo, o cen\u00e1rio pode levar \u00e0 queda dos pre\u00e7os de itens de alguns setores no mercado interno, segundo especialistas ouvidos pela\u00a0CNN.\" \/>\n<meta name=\"robots\" content=\"index, follow, max-snippet:-1, max-image-preview:large, max-video-preview:-1\" \/>\n<link rel=\"canonical\" href=\"https:\/\/prefeitosegestoes.com.br\/portal\/tarifas-de-trump-ao-brasil-podem-reduzir-precos-internos-dizem-analistas\/\" \/>\n<meta property=\"og:locale\" content=\"pt_BR\" \/>\n<meta property=\"og:type\" content=\"article\" \/>\n<meta property=\"og:title\" content=\"Tarifas de Trump ao Brasil podem reduzir pre\u00e7os internos, dizem analistas - Prefeitos &amp; Gest\u00f5es\" \/>\n<meta property=\"og:description\" content=\"As tarifas americanas de 25%\u00a0sobre o a\u00e7o e o alum\u00ednio brasileiro\u00a0devem entrar em vigor em 21 de mar\u00e7o, enquanto o presidente dos Estados Unidos, Donald Trump pretende introduzir\u00a0\u201ctaxas rec\u00edprocas\u201d\u00a0ao pa\u00eds no pr\u00f3ximo m\u00eas. A depender do ambiente externo, o cen\u00e1rio pode levar \u00e0 queda dos pre\u00e7os de itens de alguns setores no mercado interno, segundo especialistas ouvidos pela\u00a0CNN.\" \/>\n<meta property=\"og:url\" content=\"https:\/\/prefeitosegestoes.com.br\/portal\/tarifas-de-trump-ao-brasil-podem-reduzir-precos-internos-dizem-analistas\/\" \/>\n<meta property=\"og:site_name\" content=\"Prefeitos &amp; Gest\u00f5es\" \/>\n<meta property=\"article:publisher\" content=\"https:\/\/www.facebook.com\/prefeitosonline\" \/>\n<meta property=\"article:published_time\" content=\"2025-03-06T14:52:08+00:00\" \/>\n<meta property=\"og:image\" content=\"https:\/\/prefeitosegestoes.com.br\/portal\/wp-content\/uploads\/2025\/03\/presidente-trump-e1738610934265.webp\" \/>\n\t<meta property=\"og:image:width\" content=\"1220\" \/>\n\t<meta property=\"og:image:height\" content=\"674\" \/>\n\t<meta property=\"og:image:type\" content=\"image\/webp\" \/>\n<meta name=\"author\" content=\"Prefeitos &amp; Gest\u00f5es\" \/>\n<meta name=\"twitter:card\" content=\"summary_large_image\" \/>\n<meta name=\"twitter:creator\" content=\"@PrefGestoes\" \/>\n<meta name=\"twitter:site\" content=\"@PrefGestoes\" \/>\n<meta name=\"twitter:label1\" content=\"Escrito por\" \/>\n\t<meta name=\"twitter:data1\" content=\"Prefeitos &amp; Gest\u00f5es\" \/>\n\t<meta name=\"twitter:label2\" content=\"Est. tempo de leitura\" \/>\n\t<meta name=\"twitter:data2\" content=\"6 minutos\" \/>\n<script type=\"application\/ld+json\" class=\"yoast-schema-graph\">{\"@context\":\"https:\/\/schema.org\",\"@graph\":[{\"@type\":\"Article\",\"@id\":\"https:\/\/prefeitosegestoes.com.br\/portal\/tarifas-de-trump-ao-brasil-podem-reduzir-precos-internos-dizem-analistas\/#article\",\"isPartOf\":{\"@id\":\"https:\/\/prefeitosegestoes.com.br\/portal\/tarifas-de-trump-ao-brasil-podem-reduzir-precos-internos-dizem-analistas\/\"},\"author\":{\"name\":\"Prefeitos &amp; Gest\u00f5es\",\"@id\":\"https:\/\/prefeitosegestoes.com.br\/portal\/#\/schema\/person\/d00059f2ec99963e7e1850d448ae94b8\"},\"headline\":\"Tarifas de Trump ao Brasil podem reduzir pre\u00e7os internos, dizem analistas\",\"datePublished\":\"2025-03-06T14:52:08+00:00\",\"mainEntityOfPage\":{\"@id\":\"https:\/\/prefeitosegestoes.com.br\/portal\/tarifas-de-trump-ao-brasil-podem-reduzir-precos-internos-dizem-analistas\/\"},\"wordCount\":823,\"commentCount\":0,\"publisher\":{\"@id\":\"https:\/\/prefeitosegestoes.com.br\/portal\/#organization\"},\"image\":{\"@id\":\"https:\/\/prefeitosegestoes.com.br\/portal\/tarifas-de-trump-ao-brasil-podem-reduzir-precos-internos-dizem-analistas\/#primaryimage\"},\"thumbnailUrl\":\"https:\/\/prefeitosegestoes.com.br\/portal\/wp-content\/uploads\/2025\/03\/presidente-trump-e1738610934265.webp\",\"keywords\":[\"Brasil\",\"D\u00f3lar\",\"Produtos\",\"Tarifas\",\"Taxa\u00e7\u00e3o\",\"Trump\"],\"articleSection\":[\"Destaques\"],\"inLanguage\":\"pt-BR\",\"potentialAction\":[{\"@type\":\"CommentAction\",\"name\":\"Comment\",\"target\":[\"https:\/\/prefeitosegestoes.com.br\/portal\/tarifas-de-trump-ao-brasil-podem-reduzir-precos-internos-dizem-analistas\/#respond\"]}]},{\"@type\":\"WebPage\",\"@id\":\"https:\/\/prefeitosegestoes.com.br\/portal\/tarifas-de-trump-ao-brasil-podem-reduzir-precos-internos-dizem-analistas\/\",\"url\":\"https:\/\/prefeitosegestoes.com.br\/portal\/tarifas-de-trump-ao-brasil-podem-reduzir-precos-internos-dizem-analistas\/\",\"name\":\"Tarifas de Trump ao Brasil podem reduzir pre\u00e7os internos, dizem analistas - Prefeitos &amp; Gest\u00f5es\",\"isPartOf\":{\"@id\":\"https:\/\/prefeitosegestoes.com.br\/portal\/#website\"},\"primaryImageOfPage\":{\"@id\":\"https:\/\/prefeitosegestoes.com.br\/portal\/tarifas-de-trump-ao-brasil-podem-reduzir-precos-internos-dizem-analistas\/#primaryimage\"},\"image\":{\"@id\":\"https:\/\/prefeitosegestoes.com.br\/portal\/tarifas-de-trump-ao-brasil-podem-reduzir-precos-internos-dizem-analistas\/#primaryimage\"},\"thumbnailUrl\":\"https:\/\/prefeitosegestoes.com.br\/portal\/wp-content\/uploads\/2025\/03\/presidente-trump-e1738610934265.webp\",\"datePublished\":\"2025-03-06T14:52:08+00:00\",\"description\":\"As tarifas americanas de 25%\u00a0sobre o a\u00e7o e o alum\u00ednio brasileiro\u00a0devem entrar em vigor em 21 de mar\u00e7o, enquanto o presidente dos Estados Unidos, Donald Trump pretende introduzir\u00a0\u201ctaxas rec\u00edprocas\u201d\u00a0ao pa\u00eds no pr\u00f3ximo m\u00eas. A depender do ambiente externo, o cen\u00e1rio pode levar \u00e0 queda dos pre\u00e7os de itens de alguns setores no mercado interno, segundo especialistas ouvidos pela\u00a0CNN.\",\"breadcrumb\":{\"@id\":\"https:\/\/prefeitosegestoes.com.br\/portal\/tarifas-de-trump-ao-brasil-podem-reduzir-precos-internos-dizem-analistas\/#breadcrumb\"},\"inLanguage\":\"pt-BR\",\"potentialAction\":[{\"@type\":\"ReadAction\",\"target\":[\"https:\/\/prefeitosegestoes.com.br\/portal\/tarifas-de-trump-ao-brasil-podem-reduzir-precos-internos-dizem-analistas\/\"]}]},{\"@type\":\"ImageObject\",\"inLanguage\":\"pt-BR\",\"@id\":\"https:\/\/prefeitosegestoes.com.br\/portal\/tarifas-de-trump-ao-brasil-podem-reduzir-precos-internos-dizem-analistas\/#primaryimage\",\"url\":\"https:\/\/prefeitosegestoes.com.br\/portal\/wp-content\/uploads\/2025\/03\/presidente-trump-e1738610934265.webp\",\"contentUrl\":\"https:\/\/prefeitosegestoes.com.br\/portal\/wp-content\/uploads\/2025\/03\/presidente-trump-e1738610934265.webp\",\"width\":1220,\"height\":674},{\"@type\":\"BreadcrumbList\",\"@id\":\"https:\/\/prefeitosegestoes.com.br\/portal\/tarifas-de-trump-ao-brasil-podem-reduzir-precos-internos-dizem-analistas\/#breadcrumb\",\"itemListElement\":[{\"@type\":\"ListItem\",\"position\":1,\"name\":\"In\u00edcio\",\"item\":\"https:\/\/prefeitosegestoes.com.br\/portal\/\"},{\"@type\":\"ListItem\",\"position\":2,\"name\":\"Tarifas de Trump ao Brasil podem reduzir pre\u00e7os internos, dizem analistas\"}]},{\"@type\":\"WebSite\",\"@id\":\"https:\/\/prefeitosegestoes.com.br\/portal\/#website\",\"url\":\"https:\/\/prefeitosegestoes.com.br\/portal\/\",\"name\":\"Prefeitos & Gest\u00f5es\",\"description\":\"\",\"publisher\":{\"@id\":\"https:\/\/prefeitosegestoes.com.br\/portal\/#organization\"},\"potentialAction\":[{\"@type\":\"SearchAction\",\"target\":{\"@type\":\"EntryPoint\",\"urlTemplate\":\"https:\/\/prefeitosegestoes.com.br\/portal\/?s={search_term_string}\"},\"query-input\":{\"@type\":\"PropertyValueSpecification\",\"valueRequired\":true,\"valueName\":\"search_term_string\"}}],\"inLanguage\":\"pt-BR\"},{\"@type\":\"Organization\",\"@id\":\"https:\/\/prefeitosegestoes.com.br\/portal\/#organization\",\"name\":\"Prefeitos & Gest\u00f5es\",\"url\":\"https:\/\/prefeitosegestoes.com.br\/portal\/\",\"logo\":{\"@type\":\"ImageObject\",\"inLanguage\":\"pt-BR\",\"@id\":\"https:\/\/prefeitosegestoes.com.br\/portal\/#\/schema\/logo\/image\/\",\"url\":\"https:\/\/prefeitosegestoes.com.br\/portal\/wp-content\/uploads\/2024\/10\/lg_trans_prefeitos_2024_preto2.png\",\"contentUrl\":\"https:\/\/prefeitosegestoes.com.br\/portal\/wp-content\/uploads\/2024\/10\/lg_trans_prefeitos_2024_preto2.png\",\"width\":199,\"height\":122,\"caption\":\"Prefeitos & Gest\u00f5es\"},\"image\":{\"@id\":\"https:\/\/prefeitosegestoes.com.br\/portal\/#\/schema\/logo\/image\/\"},\"sameAs\":[\"https:\/\/www.facebook.com\/prefeitosonline\",\"https:\/\/x.com\/PrefGestoes\"]},{\"@type\":\"Person\",\"@id\":\"https:\/\/prefeitosegestoes.com.br\/portal\/#\/schema\/person\/d00059f2ec99963e7e1850d448ae94b8\",\"name\":\"Prefeitos &amp; Gest\u00f5es\",\"image\":{\"@type\":\"ImageObject\",\"inLanguage\":\"pt-BR\",\"@id\":\"https:\/\/secure.gravatar.com\/avatar\/738fb281e479212ed32c1a21a4307dda9f3af9292edb6918a16c9ce9fff5f48d?s=96&d=mm&r=g\",\"url\":\"https:\/\/secure.gravatar.com\/avatar\/738fb281e479212ed32c1a21a4307dda9f3af9292edb6918a16c9ce9fff5f48d?s=96&d=mm&r=g\",\"contentUrl\":\"https:\/\/secure.gravatar.com\/avatar\/738fb281e479212ed32c1a21a4307dda9f3af9292edb6918a16c9ce9fff5f48d?s=96&d=mm&r=g\",\"caption\":\"Prefeitos &amp; Gest\u00f5es\"},\"url\":\"https:\/\/prefeitosegestoes.com.br\/portal\/author\/prefeitosegestoes\/\"}]}<\/script>\n<!-- \/ Yoast SEO plugin. -->","yoast_head_json":{"title":"Tarifas de Trump ao Brasil podem reduzir pre\u00e7os internos, dizem analistas - Prefeitos &amp; Gest\u00f5es","description":"As tarifas americanas de 25%\u00a0sobre o a\u00e7o e o alum\u00ednio brasileiro\u00a0devem entrar em vigor em 21 de mar\u00e7o, enquanto o presidente dos Estados Unidos, Donald Trump pretende introduzir\u00a0\u201ctaxas rec\u00edprocas\u201d\u00a0ao pa\u00eds no pr\u00f3ximo m\u00eas. A depender do ambiente externo, o cen\u00e1rio pode levar \u00e0 queda dos pre\u00e7os de itens de alguns setores no mercado interno, segundo especialistas ouvidos pela\u00a0CNN.","robots":{"index":"index","follow":"follow","max-snippet":"max-snippet:-1","max-image-preview":"max-image-preview:large","max-video-preview":"max-video-preview:-1"},"canonical":"https:\/\/prefeitosegestoes.com.br\/portal\/tarifas-de-trump-ao-brasil-podem-reduzir-precos-internos-dizem-analistas\/","og_locale":"pt_BR","og_type":"article","og_title":"Tarifas de Trump ao Brasil podem reduzir pre\u00e7os internos, dizem analistas - Prefeitos &amp; Gest\u00f5es","og_description":"As tarifas americanas de 25%\u00a0sobre o a\u00e7o e o alum\u00ednio brasileiro\u00a0devem entrar em vigor em 21 de mar\u00e7o, enquanto o presidente dos Estados Unidos, Donald Trump pretende introduzir\u00a0\u201ctaxas rec\u00edprocas\u201d\u00a0ao pa\u00eds no pr\u00f3ximo m\u00eas. A depender do ambiente externo, o cen\u00e1rio pode levar \u00e0 queda dos pre\u00e7os de itens de alguns setores no mercado interno, segundo especialistas ouvidos pela\u00a0CNN.","og_url":"https:\/\/prefeitosegestoes.com.br\/portal\/tarifas-de-trump-ao-brasil-podem-reduzir-precos-internos-dizem-analistas\/","og_site_name":"Prefeitos &amp; Gest\u00f5es","article_publisher":"https:\/\/www.facebook.com\/prefeitosonline","article_published_time":"2025-03-06T14:52:08+00:00","og_image":[{"width":1220,"height":674,"url":"https:\/\/prefeitosegestoes.com.br\/portal\/wp-content\/uploads\/2025\/03\/presidente-trump-e1738610934265.webp","type":"image\/webp"}],"author":"Prefeitos &amp; Gest\u00f5es","twitter_card":"summary_large_image","twitter_creator":"@PrefGestoes","twitter_site":"@PrefGestoes","twitter_misc":{"Escrito por":"Prefeitos &amp; Gest\u00f5es","Est. tempo de leitura":"6 minutos"},"schema":{"@context":"https:\/\/schema.org","@graph":[{"@type":"Article","@id":"https:\/\/prefeitosegestoes.com.br\/portal\/tarifas-de-trump-ao-brasil-podem-reduzir-precos-internos-dizem-analistas\/#article","isPartOf":{"@id":"https:\/\/prefeitosegestoes.com.br\/portal\/tarifas-de-trump-ao-brasil-podem-reduzir-precos-internos-dizem-analistas\/"},"author":{"name":"Prefeitos &amp; Gest\u00f5es","@id":"https:\/\/prefeitosegestoes.com.br\/portal\/#\/schema\/person\/d00059f2ec99963e7e1850d448ae94b8"},"headline":"Tarifas de Trump ao Brasil podem reduzir pre\u00e7os internos, dizem analistas","datePublished":"2025-03-06T14:52:08+00:00","mainEntityOfPage":{"@id":"https:\/\/prefeitosegestoes.com.br\/portal\/tarifas-de-trump-ao-brasil-podem-reduzir-precos-internos-dizem-analistas\/"},"wordCount":823,"commentCount":0,"publisher":{"@id":"https:\/\/prefeitosegestoes.com.br\/portal\/#organization"},"image":{"@id":"https:\/\/prefeitosegestoes.com.br\/portal\/tarifas-de-trump-ao-brasil-podem-reduzir-precos-internos-dizem-analistas\/#primaryimage"},"thumbnailUrl":"https:\/\/prefeitosegestoes.com.br\/portal\/wp-content\/uploads\/2025\/03\/presidente-trump-e1738610934265.webp","keywords":["Brasil","D\u00f3lar","Produtos","Tarifas","Taxa\u00e7\u00e3o","Trump"],"articleSection":["Destaques"],"inLanguage":"pt-BR","potentialAction":[{"@type":"CommentAction","name":"Comment","target":["https:\/\/prefeitosegestoes.com.br\/portal\/tarifas-de-trump-ao-brasil-podem-reduzir-precos-internos-dizem-analistas\/#respond"]}]},{"@type":"WebPage","@id":"https:\/\/prefeitosegestoes.com.br\/portal\/tarifas-de-trump-ao-brasil-podem-reduzir-precos-internos-dizem-analistas\/","url":"https:\/\/prefeitosegestoes.com.br\/portal\/tarifas-de-trump-ao-brasil-podem-reduzir-precos-internos-dizem-analistas\/","name":"Tarifas de Trump ao Brasil podem reduzir pre\u00e7os internos, dizem analistas - Prefeitos &amp; Gest\u00f5es","isPartOf":{"@id":"https:\/\/prefeitosegestoes.com.br\/portal\/#website"},"primaryImageOfPage":{"@id":"https:\/\/prefeitosegestoes.com.br\/portal\/tarifas-de-trump-ao-brasil-podem-reduzir-precos-internos-dizem-analistas\/#primaryimage"},"image":{"@id":"https:\/\/prefeitosegestoes.com.br\/portal\/tarifas-de-trump-ao-brasil-podem-reduzir-precos-internos-dizem-analistas\/#primaryimage"},"thumbnailUrl":"https:\/\/prefeitosegestoes.com.br\/portal\/wp-content\/uploads\/2025\/03\/presidente-trump-e1738610934265.webp","datePublished":"2025-03-06T14:52:08+00:00","description":"As tarifas americanas de 25%\u00a0sobre o a\u00e7o e o alum\u00ednio brasileiro\u00a0devem entrar em vigor em 21 de mar\u00e7o, enquanto o presidente dos Estados Unidos, Donald Trump pretende introduzir\u00a0\u201ctaxas rec\u00edprocas\u201d\u00a0ao pa\u00eds no pr\u00f3ximo m\u00eas. A depender do ambiente externo, o cen\u00e1rio pode levar \u00e0 queda dos pre\u00e7os de itens de alguns setores no mercado interno, segundo especialistas ouvidos pela\u00a0CNN.","breadcrumb":{"@id":"https:\/\/prefeitosegestoes.com.br\/portal\/tarifas-de-trump-ao-brasil-podem-reduzir-precos-internos-dizem-analistas\/#breadcrumb"},"inLanguage":"pt-BR","potentialAction":[{"@type":"ReadAction","target":["https:\/\/prefeitosegestoes.com.br\/portal\/tarifas-de-trump-ao-brasil-podem-reduzir-precos-internos-dizem-analistas\/"]}]},{"@type":"ImageObject","inLanguage":"pt-BR","@id":"https:\/\/prefeitosegestoes.com.br\/portal\/tarifas-de-trump-ao-brasil-podem-reduzir-precos-internos-dizem-analistas\/#primaryimage","url":"https:\/\/prefeitosegestoes.com.br\/portal\/wp-content\/uploads\/2025\/03\/presidente-trump-e1738610934265.webp","contentUrl":"https:\/\/prefeitosegestoes.com.br\/portal\/wp-content\/uploads\/2025\/03\/presidente-trump-e1738610934265.webp","width":1220,"height":674},{"@type":"BreadcrumbList","@id":"https:\/\/prefeitosegestoes.com.br\/portal\/tarifas-de-trump-ao-brasil-podem-reduzir-precos-internos-dizem-analistas\/#breadcrumb","itemListElement":[{"@type":"ListItem","position":1,"name":"In\u00edcio","item":"https:\/\/prefeitosegestoes.com.br\/portal\/"},{"@type":"ListItem","position":2,"name":"Tarifas de Trump ao Brasil podem reduzir pre\u00e7os internos, dizem analistas"}]},{"@type":"WebSite","@id":"https:\/\/prefeitosegestoes.com.br\/portal\/#website","url":"https:\/\/prefeitosegestoes.com.br\/portal\/","name":"Prefeitos & Gest\u00f5es","description":"","publisher":{"@id":"https:\/\/prefeitosegestoes.com.br\/portal\/#organization"},"potentialAction":[{"@type":"SearchAction","target":{"@type":"EntryPoint","urlTemplate":"https:\/\/prefeitosegestoes.com.br\/portal\/?s={search_term_string}"},"query-input":{"@type":"PropertyValueSpecification","valueRequired":true,"valueName":"search_term_string"}}],"inLanguage":"pt-BR"},{"@type":"Organization","@id":"https:\/\/prefeitosegestoes.com.br\/portal\/#organization","name":"Prefeitos & Gest\u00f5es","url":"https:\/\/prefeitosegestoes.com.br\/portal\/","logo":{"@type":"ImageObject","inLanguage":"pt-BR","@id":"https:\/\/prefeitosegestoes.com.br\/portal\/#\/schema\/logo\/image\/","url":"https:\/\/prefeitosegestoes.com.br\/portal\/wp-content\/uploads\/2024\/10\/lg_trans_prefeitos_2024_preto2.png","contentUrl":"https:\/\/prefeitosegestoes.com.br\/portal\/wp-content\/uploads\/2024\/10\/lg_trans_prefeitos_2024_preto2.png","width":199,"height":122,"caption":"Prefeitos & Gest\u00f5es"},"image":{"@id":"https:\/\/prefeitosegestoes.com.br\/portal\/#\/schema\/logo\/image\/"},"sameAs":["https:\/\/www.facebook.com\/prefeitosonline","https:\/\/x.com\/PrefGestoes"]},{"@type":"Person","@id":"https:\/\/prefeitosegestoes.com.br\/portal\/#\/schema\/person\/d00059f2ec99963e7e1850d448ae94b8","name":"Prefeitos &amp; Gest\u00f5es","image":{"@type":"ImageObject","inLanguage":"pt-BR","@id":"https:\/\/secure.gravatar.com\/avatar\/738fb281e479212ed32c1a21a4307dda9f3af9292edb6918a16c9ce9fff5f48d?s=96&d=mm&r=g","url":"https:\/\/secure.gravatar.com\/avatar\/738fb281e479212ed32c1a21a4307dda9f3af9292edb6918a16c9ce9fff5f48d?s=96&d=mm&r=g","contentUrl":"https:\/\/secure.gravatar.com\/avatar\/738fb281e479212ed32c1a21a4307dda9f3af9292edb6918a16c9ce9fff5f48d?s=96&d=mm&r=g","caption":"Prefeitos &amp; Gest\u00f5es"},"url":"https:\/\/prefeitosegestoes.com.br\/portal\/author\/prefeitosegestoes\/"}]}},"_links":{"self":[{"href":"https:\/\/prefeitosegestoes.com.br\/portal\/wp-json\/wp\/v2\/posts\/3146","targetHints":{"allow":["GET"]}}],"collection":[{"href":"https:\/\/prefeitosegestoes.com.br\/portal\/wp-json\/wp\/v2\/posts"}],"about":[{"href":"https:\/\/prefeitosegestoes.com.br\/portal\/wp-json\/wp\/v2\/types\/post"}],"author":[{"embeddable":true,"href":"https:\/\/prefeitosegestoes.com.br\/portal\/wp-json\/wp\/v2\/users\/2"}],"replies":[{"embeddable":true,"href":"https:\/\/prefeitosegestoes.com.br\/portal\/wp-json\/wp\/v2\/comments?post=3146"}],"version-history":[{"count":1,"href":"https:\/\/prefeitosegestoes.com.br\/portal\/wp-json\/wp\/v2\/posts\/3146\/revisions"}],"predecessor-version":[{"id":3148,"href":"https:\/\/prefeitosegestoes.com.br\/portal\/wp-json\/wp\/v2\/posts\/3146\/revisions\/3148"}],"wp:featuredmedia":[{"embeddable":true,"href":"https:\/\/prefeitosegestoes.com.br\/portal\/wp-json\/wp\/v2\/media\/3147"}],"wp:attachment":[{"href":"https:\/\/prefeitosegestoes.com.br\/portal\/wp-json\/wp\/v2\/media?parent=3146"}],"wp:term":[{"taxonomy":"category","embeddable":true,"href":"https:\/\/prefeitosegestoes.com.br\/portal\/wp-json\/wp\/v2\/categories?post=3146"},{"taxonomy":"post_tag","embeddable":true,"href":"https:\/\/prefeitosegestoes.com.br\/portal\/wp-json\/wp\/v2\/tags?post=3146"}],"curies":[{"name":"wp","href":"https:\/\/api.w.org\/{rel}","templated":true}]}}