{"id":3136,"date":"2025-02-25T16:09:16","date_gmt":"2025-02-25T19:09:16","guid":{"rendered":"https:\/\/prefeitosegestoes.com.br\/portal\/?p=3136"},"modified":"2025-02-25T16:09:16","modified_gmt":"2025-02-25T19:09:16","slug":"organizadores-do-rir-e-the-town-preparam-shows-com-grandes-artistas-em-belem-sede-da-cop-30","status":"publish","type":"post","link":"https:\/\/prefeitosegestoes.com.br\/portal\/organizadores-do-rir-e-the-town-preparam-shows-com-grandes-artistas-em-belem-sede-da-cop-30\/","title":{"rendered":"Organizadores do RIR e The Town preparam shows com grandes artistas em Bel\u00e9m, sede da COP 30"},"content":{"rendered":"<h6 class=\"content-head__subtitle\">Imagem apenas ilustrativa<\/h6>\n<h2 class=\"content-head__subtitle\">Mariah Carey vai se apresentar em um palco que vai flutuar sobre o Rio Guam\u00e1.<\/h2>\n<div class=\"mc-article-header\">\n<div class=\"content__signa-share mc-column\">\n<div class=\"content__signature\">\n<div class=\"content-publication-data\">\n<div class=\"content-publication-data__text\">\n<p class=\"content-publication-data__from\" title=\"Jornal Nacional\">Por Jornal Nacional<\/p>\n<p class=\"content-publication-data__updated\"><time datetime=\"2025-02-24T21:21:38.254-03:00\">24\/02\/2025 21h21\u00a0<\/time><span class=\"content-publication-data__updated-relative\">\u00a0<time datetime=\"2025-02-24T21:28:04.265-03:00\">Atualizado\u00a0<time datetime=\"2025-02-24T21:28:04.265-03:00\">h\u00e1 18 horas<\/time><\/time><\/span><\/p>\n<\/div>\n<\/div>\n<\/div>\n<\/div>\n<div class=\"glb-share-bar content__share-bar\">\n<div class=\"glb-share-bar_icons\"><\/div>\n<\/div>\n<\/div>\n<div class=\"mc-article-body\">\n<article>\n<div id=\"chunk-fd704\">\n<div class=\"bs-video-block mc-column   content-media content-video\" data-block-type=\"backstage-video\" data-block-id=\"1\">\n<div class=\"content-media__container\">\n<div class=\"content-video__bigger-player-description-fixer\">\n<article class=\"content-video\" data-ts-view=\"1740510127863\">\n<section class=\"content-video__video-container\">\n<div class=\"content-video__video\">\n<div id=\"wp3-player-1\" class=\"clappr-player video-rec-after-end--enabled clappr-detach--is-detached clappr-detach--is-detached__visible\" tabindex=\"9999\" data-player=\"\">\n<div class=\"media-control media-control-hide vod h720 w360\">\n<div class=\"media-control-panel\">\n<div class=\"media-control-panel__lower\" data-controls=\"\">\n<div class=\"opposites-container\">\n<div class=\"media-control-position__left\"><\/div>\n<\/div>\n<\/div>\n<\/div>\n<\/div>\n<div class=\"unmute unmute--no-label\"><\/div>\n<\/div>\n<\/div>\n<\/section>\n<\/article>\n<\/div>\n<\/div>\n<\/div>\n<\/div>\n<div id=\"chunk-d70j2\">\n<div class=\"mc-column content-text active-extra-styles \" data-block-type=\"unstyled\" data-block-weight=\"25\" data-block-id=\"2\">\n<p class=\" content-text__container \" data-track-category=\"Link no Texto\" data-track-links=\"\" data-mrf-recirculation=\"Mat\u00e9ria - Links no Texto\">Os organizadores dos festivais\u00a0<strong>Rock in Rio<\/strong>\u00a0e\u00a0<strong>The Town<\/strong>\u00a0est\u00e3o preparando shows com grandes artistas em Bel\u00e9m que vai sediar a COP 30.<\/p>\n<\/div>\n<\/div>\n<div class=\"wall protected-content\">\n<div id=\"chunk-9i0ls\">\n<div class=\"mc-column content-text active-extra-styles \" data-block-type=\"unstyled\" data-block-weight=\"25\" data-block-id=\"4\">\n<p class=\" content-text__container \" data-track-category=\"Link no Texto\" data-track-links=\"\" data-mrf-recirculation=\"Mat\u00e9ria - Links no Texto\">Eles anunciaram nesta segunda-feira (24), que\u00a0<a class=\"\" href=\"https:\/\/g1.globo.com\/tudo-sobre\/ivete-sangalo\/\" data-mrf-link=\"https:\/\/g1.globo.com\/tudo-sobre\/ivete-sangalo\/\"><span class=\"highlight highlighted\">Ivete Sangalo<\/span><\/a><span class=\"highlight highlighted\"> vai fazer um show gratuito para 50 mil pessoas no est\u00e1dio Mangueir\u00e3o no dia 20 de setembro.<\/span><\/p>\n<\/div>\n<\/div>\n<div id=\"chunk-po5r\">\n<div class=\"mc-column content-text active-extra-styles\" data-block-type=\"raw\" data-block-weight=\"34\" data-block-id=\"5\">\n<blockquote class=\"content-blockquote theme-border-color-primary-before\"><p>\u201cEstou aqui muito feliz, imensamente honrada em ser uma das vozes para esse tema de extrema import\u00e2ncia e para falar com o mundo inteiro de um assunto muito urgente\u201d, diz a cantora Ivete Sangalo.<\/p><\/blockquote>\n<\/div>\n<\/div>\n<div id=\"chunk-6qmoq\">\n<div class=\"mc-column content-text active-extra-styles \" data-block-type=\"unstyled\" data-block-weight=\"42\" data-block-id=\"6\">\n<p class=\" content-text__container \" data-track-category=\"Link no Texto\" data-track-links=\"\" data-mrf-recirculation=\"Mat\u00e9ria - Links no Texto\">O espet\u00e1culo \u201cAmaz\u00f4nia Para Sempre\u201d defende a preserva\u00e7\u00e3o das flores.\u00a0<span class=\"highlight highlighted\">No dia 17 de setembro, a cantora americana\u00a0<\/span><a class=\"\" href=\"https:\/\/g1.globo.com\/tudo-sobre\/mariah-carey\/\" data-mrf-link=\"https:\/\/g1.globo.com\/tudo-sobre\/mariah-carey\/\"><span class=\"highlight highlighted\">Mariah Carey<\/span><\/a><span class=\"highlight highlighted\"> vai se apresentar em um palco flutuante sobre o Rio Guam\u00e1, sem p\u00fablico. E as plataformas Globo v\u00e3o transmitir ao vivo.<\/span><\/p>\n<\/div>\n<\/div>\n<div id=\"chunk-f7k40\">\n<div class=\"mc-column content-text active-extra-styles\" data-block-type=\"raw\" data-block-weight=\"15\" data-block-id=\"8\">\n<p class=\"content-text__container\" data-mrf-recirculation=\"Mat\u00e9ria - Links no Texto\">\n<blockquote class=\"content-blockquote theme-border-color-primary-before\"><p>&#8220;\u00c9 algo que eu estou empolgada para fazer&#8221;, disse Mariah Carey em entrevista ao Fant\u00e1stico.<\/p><\/blockquote>\n<p>&nbsp;<\/p>\n<\/div>\n<\/div>\n<div id=\"chunk-25aku\">\n<div class=\"row medium-uncollapsed content-media content-photo\" data-block-type=\"backstage-photo\" data-block-id=\"9\">\n<div class=\" mc-column  content-media__container\">\n<div class=\"content-media-container glb-skeleton-box\">\n<figure class=\"content-media-figure\"><img decoding=\"async\" class=\"i-amphtml-fill-content i-amphtml-replaced-content\" src=\"https:\/\/s2-g1.glbimg.com\/zFEW7FfFz3esHvlhBby1yD5mOJY=\/0x0:1920x1080\/984x0\/smart\/filters:strip_icc()\/i.s3.glbimg.com\/v1\/AUTH_59edd422c0c84a879bd37670ae4f538a\/internal_photos\/bs\/2025\/e\/T\/TL694yQsOdvuxPPd2GFA\/globo-canal-5-20250224-1800-frame-354546.jpeg\" sizes=\"(max-width: 1527px) 648px, 100vw\" srcset=\"https:\/\/s2-g1.glbimg.com\/SaUTlxJWdM4dJ_ozcxpX3lQMmZo=\/0x0:1920x1080\/1000x0\/smart\/filters:strip_icc()\/i.s3.glbimg.com\/v1\/AUTH_59edd422c0c84a879bd37670ae4f538a\/internal_photos\/bs\/2025\/e\/T\/TL694yQsOdvuxPPd2GFA\/globo-canal-5-20250224-1800-frame-354546.jpeg 1000w, https:\/\/s2-g1.glbimg.com\/zFEW7FfFz3esHvlhBby1yD5mOJY=\/0x0:1920x1080\/984x0\/smart\/filters:strip_icc()\/i.s3.glbimg.com\/v1\/AUTH_59edd422c0c84a879bd37670ae4f538a\/internal_photos\/bs\/2025\/e\/T\/TL694yQsOdvuxPPd2GFA\/globo-canal-5-20250224-1800-frame-354546.jpeg 984w, https:\/\/s2-g1.glbimg.com\/mfUe6PUYqlXmbFV5r5CggDk0pZk=\/0x0:1920x1080\/640x0\/smart\/filters:strip_icc()\/i.s3.glbimg.com\/v1\/AUTH_59edd422c0c84a879bd37670ae4f538a\/internal_photos\/bs\/2025\/e\/T\/TL694yQsOdvuxPPd2GFA\/globo-canal-5-20250224-1800-frame-354546.jpeg 640w, https:\/\/s2-g1.glbimg.com\/OeorlBt7dBCEzdXffOKqfdC1yhQ=\/0x0:1920x1080\/600x0\/smart\/filters:strip_icc()\/i.s3.glbimg.com\/v1\/AUTH_59edd422c0c84a879bd37670ae4f538a\/internal_photos\/bs\/2025\/e\/T\/TL694yQsOdvuxPPd2GFA\/globo-canal-5-20250224-1800-frame-354546.jpeg 600w\" alt=\"Organizadores do RIR e The Town preparam shows com grandes artistas em Bel\u00e9m, sede da COP 30 \u2014 Foto: Reprodu\u00e7\u00e3o\/TV Globo\" \/><\/figure>\n<\/div>\n<p class=\"content-media__description  \">Organizadores do RIR e The Town preparam shows com grandes artistas em Bel\u00e9m, sede da COP 30 \u2014 Foto: Reprodu\u00e7\u00e3o\/TV Glob<\/p>\n<\/div>\n<\/div>\n<\/div>\n<div id=\"chunk-7gt2p\">\n<div class=\"mc-column content-text active-extra-styles\" data-block-type=\"raw\" data-block-weight=\"20\" data-block-id=\"11\">\n<p class=\"content-text__container\" data-mrf-recirculation=\"Mat\u00e9ria - Links no Texto\">\n<ul class=\"content-unordered-list\">\n<li><a class=\"\" href=\"https:\/\/g1.globo.com\/fantastico\/noticia\/2025\/02\/23\/mariah-carey-anuncia-show-inedito-em-belem-com-palco-flutuante-sobre-o-rio-guama-estou-animada-mas-um-pouco-assustada.ghtml\"><strong>Mariah Carey anuncia show in\u00e9dito em Bel\u00e9m com palco flutuante sobre o rio Guam\u00e1: &#8216;Estou animada, mas um pouco assustada&#8217;<\/strong><\/a><\/li>\n<li><\/li>\n<li>Fonte G1<\/li>\n<\/ul>\n<\/div>\n<\/div>\n<\/div>\n<\/article>\n<\/div>\n","protected":false},"excerpt":{"rendered":"<p>Imagem apenas ilustrativa Mariah Carey vai se apresentar em um palco que vai flutuar sobre o Rio Guam\u00e1. Por Jornal Nacional 24\/02\/2025 21h21\u00a0\u00a0Atualizado\u00a0h\u00e1 18 horas Os organizadores dos festivais\u00a0Rock in Rio\u00a0e\u00a0The Town\u00a0est\u00e3o preparando shows com grandes artistas em Bel\u00e9m que vai sediar a COP 30. Eles anunciaram nesta segunda-feira (24), que\u00a0Ivete Sangalo vai fazer um [&hellip;]<\/p>\n","protected":false},"author":2,"featured_media":3137,"comment_status":"open","ping_status":"open","sticky":false,"template":"","format":"standard","meta":{"rop_custom_images_group":[],"rop_custom_messages_group":[],"rop_publish_now":"initial","rop_publish_now_accounts":{"twitter_850042665852968960_850042665852968960":""},"rop_publish_now_history":[],"rop_publish_now_status":"pending","footnotes":""},"categories":[15],"tags":[236,509,508,507],"class_list":["post-3136","post","type-post","status-publish","format-standard","has-post-thumbnail","hentry","category-destaques","tag-amazonia","tag-mariah-careycop-30","tag-rir","tag-the-town"],"yoast_head":"<!-- This site is optimized with the Yoast SEO plugin v27.2 - https:\/\/yoast.com\/product\/yoast-seo-wordpress\/ -->\n<title>Organizadores do RIR e The Town preparam shows com grandes artistas em Bel\u00e9m, sede da COP 30 - Prefeitos &amp; Gest\u00f5es<\/title>\n<meta name=\"description\" content=\"Os organizadores dos festivais\u00a0Rock in Rio\u00a0e\u00a0The Town\u00a0est\u00e3o preparando shows com grandes artistas em Bel\u00e9m que vai sediar a COP 30.\" \/>\n<meta name=\"robots\" content=\"index, follow, max-snippet:-1, max-image-preview:large, max-video-preview:-1\" \/>\n<link rel=\"canonical\" href=\"https:\/\/prefeitosegestoes.com.br\/portal\/organizadores-do-rir-e-the-town-preparam-shows-com-grandes-artistas-em-belem-sede-da-cop-30\/\" \/>\n<meta property=\"og:locale\" content=\"pt_BR\" \/>\n<meta property=\"og:type\" content=\"article\" \/>\n<meta property=\"og:title\" content=\"Organizadores do RIR e The Town preparam shows com grandes artistas em Bel\u00e9m, sede da COP 30 - Prefeitos &amp; Gest\u00f5es\" \/>\n<meta property=\"og:description\" content=\"Os organizadores dos festivais\u00a0Rock in Rio\u00a0e\u00a0The Town\u00a0est\u00e3o preparando shows com grandes artistas em Bel\u00e9m que vai sediar a COP 30.\" \/>\n<meta property=\"og:url\" content=\"https:\/\/prefeitosegestoes.com.br\/portal\/organizadores-do-rir-e-the-town-preparam-shows-com-grandes-artistas-em-belem-sede-da-cop-30\/\" \/>\n<meta property=\"og:site_name\" content=\"Prefeitos &amp; Gest\u00f5es\" \/>\n<meta property=\"article:publisher\" content=\"https:\/\/www.facebook.com\/prefeitosonline\" \/>\n<meta property=\"article:published_time\" content=\"2025-02-25T19:09:16+00:00\" \/>\n<meta property=\"og:image\" content=\"https:\/\/prefeitosegestoes.com.br\/portal\/wp-content\/uploads\/2025\/02\/Evento-Amazonia-Sempre-1080-848x477-1.png\" \/>\n\t<meta property=\"og:image:width\" content=\"848\" \/>\n\t<meta property=\"og:image:height\" content=\"477\" \/>\n\t<meta property=\"og:image:type\" content=\"image\/png\" \/>\n<meta name=\"author\" content=\"Prefeitos &amp; Gest\u00f5es\" \/>\n<meta name=\"twitter:card\" content=\"summary_large_image\" \/>\n<meta name=\"twitter:creator\" content=\"@PrefGestoes\" \/>\n<meta name=\"twitter:site\" content=\"@PrefGestoes\" \/>\n<meta name=\"twitter:label1\" content=\"Escrito por\" \/>\n\t<meta name=\"twitter:data1\" content=\"Prefeitos &amp; Gest\u00f5es\" \/>\n\t<meta name=\"twitter:label2\" content=\"Est. tempo de leitura\" \/>\n\t<meta name=\"twitter:data2\" content=\"2 minutos\" \/>\n<script type=\"application\/ld+json\" class=\"yoast-schema-graph\">{\"@context\":\"https:\/\/schema.org\",\"@graph\":[{\"@type\":\"Article\",\"@id\":\"https:\/\/prefeitosegestoes.com.br\/portal\/organizadores-do-rir-e-the-town-preparam-shows-com-grandes-artistas-em-belem-sede-da-cop-30\/#article\",\"isPartOf\":{\"@id\":\"https:\/\/prefeitosegestoes.com.br\/portal\/organizadores-do-rir-e-the-town-preparam-shows-com-grandes-artistas-em-belem-sede-da-cop-30\/\"},\"author\":{\"name\":\"Prefeitos &amp; Gest\u00f5es\",\"@id\":\"https:\/\/prefeitosegestoes.com.br\/portal\/#\/schema\/person\/d00059f2ec99963e7e1850d448ae94b8\"},\"headline\":\"Organizadores do RIR e The Town preparam shows com grandes artistas em Bel\u00e9m, sede da COP 30\",\"datePublished\":\"2025-02-25T19:09:16+00:00\",\"mainEntityOfPage\":{\"@id\":\"https:\/\/prefeitosegestoes.com.br\/portal\/organizadores-do-rir-e-the-town-preparam-shows-com-grandes-artistas-em-belem-sede-da-cop-30\/\"},\"wordCount\":233,\"commentCount\":0,\"publisher\":{\"@id\":\"https:\/\/prefeitosegestoes.com.br\/portal\/#organization\"},\"image\":{\"@id\":\"https:\/\/prefeitosegestoes.com.br\/portal\/organizadores-do-rir-e-the-town-preparam-shows-com-grandes-artistas-em-belem-sede-da-cop-30\/#primaryimage\"},\"thumbnailUrl\":\"https:\/\/prefeitosegestoes.com.br\/portal\/wp-content\/uploads\/2025\/02\/Evento-Amazonia-Sempre-1080-848x477-1.png\",\"keywords\":[\"Amaz\u00f4nia\",\"Mariah CareyCOP 30\",\"RIR\",\"The Town\"],\"articleSection\":[\"Destaques\"],\"inLanguage\":\"pt-BR\",\"potentialAction\":[{\"@type\":\"CommentAction\",\"name\":\"Comment\",\"target\":[\"https:\/\/prefeitosegestoes.com.br\/portal\/organizadores-do-rir-e-the-town-preparam-shows-com-grandes-artistas-em-belem-sede-da-cop-30\/#respond\"]}]},{\"@type\":\"WebPage\",\"@id\":\"https:\/\/prefeitosegestoes.com.br\/portal\/organizadores-do-rir-e-the-town-preparam-shows-com-grandes-artistas-em-belem-sede-da-cop-30\/\",\"url\":\"https:\/\/prefeitosegestoes.com.br\/portal\/organizadores-do-rir-e-the-town-preparam-shows-com-grandes-artistas-em-belem-sede-da-cop-30\/\",\"name\":\"Organizadores do RIR e The Town preparam shows com grandes artistas em Bel\u00e9m, sede da COP 30 - Prefeitos &amp; Gest\u00f5es\",\"isPartOf\":{\"@id\":\"https:\/\/prefeitosegestoes.com.br\/portal\/#website\"},\"primaryImageOfPage\":{\"@id\":\"https:\/\/prefeitosegestoes.com.br\/portal\/organizadores-do-rir-e-the-town-preparam-shows-com-grandes-artistas-em-belem-sede-da-cop-30\/#primaryimage\"},\"image\":{\"@id\":\"https:\/\/prefeitosegestoes.com.br\/portal\/organizadores-do-rir-e-the-town-preparam-shows-com-grandes-artistas-em-belem-sede-da-cop-30\/#primaryimage\"},\"thumbnailUrl\":\"https:\/\/prefeitosegestoes.com.br\/portal\/wp-content\/uploads\/2025\/02\/Evento-Amazonia-Sempre-1080-848x477-1.png\",\"datePublished\":\"2025-02-25T19:09:16+00:00\",\"description\":\"Os organizadores dos festivais\u00a0Rock in Rio\u00a0e\u00a0The Town\u00a0est\u00e3o preparando shows com grandes artistas em Bel\u00e9m que vai sediar a COP 30.\",\"breadcrumb\":{\"@id\":\"https:\/\/prefeitosegestoes.com.br\/portal\/organizadores-do-rir-e-the-town-preparam-shows-com-grandes-artistas-em-belem-sede-da-cop-30\/#breadcrumb\"},\"inLanguage\":\"pt-BR\",\"potentialAction\":[{\"@type\":\"ReadAction\",\"target\":[\"https:\/\/prefeitosegestoes.com.br\/portal\/organizadores-do-rir-e-the-town-preparam-shows-com-grandes-artistas-em-belem-sede-da-cop-30\/\"]}]},{\"@type\":\"ImageObject\",\"inLanguage\":\"pt-BR\",\"@id\":\"https:\/\/prefeitosegestoes.com.br\/portal\/organizadores-do-rir-e-the-town-preparam-shows-com-grandes-artistas-em-belem-sede-da-cop-30\/#primaryimage\",\"url\":\"https:\/\/prefeitosegestoes.com.br\/portal\/wp-content\/uploads\/2025\/02\/Evento-Amazonia-Sempre-1080-848x477-1.png\",\"contentUrl\":\"https:\/\/prefeitosegestoes.com.br\/portal\/wp-content\/uploads\/2025\/02\/Evento-Amazonia-Sempre-1080-848x477-1.png\",\"width\":848,\"height\":477},{\"@type\":\"BreadcrumbList\",\"@id\":\"https:\/\/prefeitosegestoes.com.br\/portal\/organizadores-do-rir-e-the-town-preparam-shows-com-grandes-artistas-em-belem-sede-da-cop-30\/#breadcrumb\",\"itemListElement\":[{\"@type\":\"ListItem\",\"position\":1,\"name\":\"In\u00edcio\",\"item\":\"https:\/\/prefeitosegestoes.com.br\/portal\/\"},{\"@type\":\"ListItem\",\"position\":2,\"name\":\"Organizadores do RIR e The Town preparam shows com grandes artistas em Bel\u00e9m, sede da COP 30\"}]},{\"@type\":\"WebSite\",\"@id\":\"https:\/\/prefeitosegestoes.com.br\/portal\/#website\",\"url\":\"https:\/\/prefeitosegestoes.com.br\/portal\/\",\"name\":\"Prefeitos & Gest\u00f5es\",\"description\":\"\",\"publisher\":{\"@id\":\"https:\/\/prefeitosegestoes.com.br\/portal\/#organization\"},\"potentialAction\":[{\"@type\":\"SearchAction\",\"target\":{\"@type\":\"EntryPoint\",\"urlTemplate\":\"https:\/\/prefeitosegestoes.com.br\/portal\/?s={search_term_string}\"},\"query-input\":{\"@type\":\"PropertyValueSpecification\",\"valueRequired\":true,\"valueName\":\"search_term_string\"}}],\"inLanguage\":\"pt-BR\"},{\"@type\":\"Organization\",\"@id\":\"https:\/\/prefeitosegestoes.com.br\/portal\/#organization\",\"name\":\"Prefeitos & Gest\u00f5es\",\"url\":\"https:\/\/prefeitosegestoes.com.br\/portal\/\",\"logo\":{\"@type\":\"ImageObject\",\"inLanguage\":\"pt-BR\",\"@id\":\"https:\/\/prefeitosegestoes.com.br\/portal\/#\/schema\/logo\/image\/\",\"url\":\"https:\/\/prefeitosegestoes.com.br\/portal\/wp-content\/uploads\/2024\/10\/lg_trans_prefeitos_2024_preto2.png\",\"contentUrl\":\"https:\/\/prefeitosegestoes.com.br\/portal\/wp-content\/uploads\/2024\/10\/lg_trans_prefeitos_2024_preto2.png\",\"width\":199,\"height\":122,\"caption\":\"Prefeitos & Gest\u00f5es\"},\"image\":{\"@id\":\"https:\/\/prefeitosegestoes.com.br\/portal\/#\/schema\/logo\/image\/\"},\"sameAs\":[\"https:\/\/www.facebook.com\/prefeitosonline\",\"https:\/\/x.com\/PrefGestoes\"]},{\"@type\":\"Person\",\"@id\":\"https:\/\/prefeitosegestoes.com.br\/portal\/#\/schema\/person\/d00059f2ec99963e7e1850d448ae94b8\",\"name\":\"Prefeitos &amp; Gest\u00f5es\",\"image\":{\"@type\":\"ImageObject\",\"inLanguage\":\"pt-BR\",\"@id\":\"https:\/\/secure.gravatar.com\/avatar\/738fb281e479212ed32c1a21a4307dda9f3af9292edb6918a16c9ce9fff5f48d?s=96&d=mm&r=g\",\"url\":\"https:\/\/secure.gravatar.com\/avatar\/738fb281e479212ed32c1a21a4307dda9f3af9292edb6918a16c9ce9fff5f48d?s=96&d=mm&r=g\",\"contentUrl\":\"https:\/\/secure.gravatar.com\/avatar\/738fb281e479212ed32c1a21a4307dda9f3af9292edb6918a16c9ce9fff5f48d?s=96&d=mm&r=g\",\"caption\":\"Prefeitos &amp; Gest\u00f5es\"},\"url\":\"https:\/\/prefeitosegestoes.com.br\/portal\/author\/prefeitosegestoes\/\"}]}<\/script>\n<!-- \/ Yoast SEO plugin. -->","yoast_head_json":{"title":"Organizadores do RIR e The Town preparam shows com grandes artistas em Bel\u00e9m, sede da COP 30 - Prefeitos &amp; Gest\u00f5es","description":"Os organizadores dos festivais\u00a0Rock in Rio\u00a0e\u00a0The Town\u00a0est\u00e3o preparando shows com grandes artistas em Bel\u00e9m que vai sediar a COP 30.","robots":{"index":"index","follow":"follow","max-snippet":"max-snippet:-1","max-image-preview":"max-image-preview:large","max-video-preview":"max-video-preview:-1"},"canonical":"https:\/\/prefeitosegestoes.com.br\/portal\/organizadores-do-rir-e-the-town-preparam-shows-com-grandes-artistas-em-belem-sede-da-cop-30\/","og_locale":"pt_BR","og_type":"article","og_title":"Organizadores do RIR e The Town preparam shows com grandes artistas em Bel\u00e9m, sede da COP 30 - Prefeitos &amp; Gest\u00f5es","og_description":"Os organizadores dos festivais\u00a0Rock in Rio\u00a0e\u00a0The Town\u00a0est\u00e3o preparando shows com grandes artistas em Bel\u00e9m que vai sediar a COP 30.","og_url":"https:\/\/prefeitosegestoes.com.br\/portal\/organizadores-do-rir-e-the-town-preparam-shows-com-grandes-artistas-em-belem-sede-da-cop-30\/","og_site_name":"Prefeitos &amp; Gest\u00f5es","article_publisher":"https:\/\/www.facebook.com\/prefeitosonline","article_published_time":"2025-02-25T19:09:16+00:00","og_image":[{"width":848,"height":477,"url":"https:\/\/prefeitosegestoes.com.br\/portal\/wp-content\/uploads\/2025\/02\/Evento-Amazonia-Sempre-1080-848x477-1.png","type":"image\/png"}],"author":"Prefeitos &amp; Gest\u00f5es","twitter_card":"summary_large_image","twitter_creator":"@PrefGestoes","twitter_site":"@PrefGestoes","twitter_misc":{"Escrito por":"Prefeitos &amp; Gest\u00f5es","Est. tempo de leitura":"2 minutos"},"schema":{"@context":"https:\/\/schema.org","@graph":[{"@type":"Article","@id":"https:\/\/prefeitosegestoes.com.br\/portal\/organizadores-do-rir-e-the-town-preparam-shows-com-grandes-artistas-em-belem-sede-da-cop-30\/#article","isPartOf":{"@id":"https:\/\/prefeitosegestoes.com.br\/portal\/organizadores-do-rir-e-the-town-preparam-shows-com-grandes-artistas-em-belem-sede-da-cop-30\/"},"author":{"name":"Prefeitos &amp; Gest\u00f5es","@id":"https:\/\/prefeitosegestoes.com.br\/portal\/#\/schema\/person\/d00059f2ec99963e7e1850d448ae94b8"},"headline":"Organizadores do RIR e The Town preparam shows com grandes artistas em Bel\u00e9m, sede da COP 30","datePublished":"2025-02-25T19:09:16+00:00","mainEntityOfPage":{"@id":"https:\/\/prefeitosegestoes.com.br\/portal\/organizadores-do-rir-e-the-town-preparam-shows-com-grandes-artistas-em-belem-sede-da-cop-30\/"},"wordCount":233,"commentCount":0,"publisher":{"@id":"https:\/\/prefeitosegestoes.com.br\/portal\/#organization"},"image":{"@id":"https:\/\/prefeitosegestoes.com.br\/portal\/organizadores-do-rir-e-the-town-preparam-shows-com-grandes-artistas-em-belem-sede-da-cop-30\/#primaryimage"},"thumbnailUrl":"https:\/\/prefeitosegestoes.com.br\/portal\/wp-content\/uploads\/2025\/02\/Evento-Amazonia-Sempre-1080-848x477-1.png","keywords":["Amaz\u00f4nia","Mariah CareyCOP 30","RIR","The Town"],"articleSection":["Destaques"],"inLanguage":"pt-BR","potentialAction":[{"@type":"CommentAction","name":"Comment","target":["https:\/\/prefeitosegestoes.com.br\/portal\/organizadores-do-rir-e-the-town-preparam-shows-com-grandes-artistas-em-belem-sede-da-cop-30\/#respond"]}]},{"@type":"WebPage","@id":"https:\/\/prefeitosegestoes.com.br\/portal\/organizadores-do-rir-e-the-town-preparam-shows-com-grandes-artistas-em-belem-sede-da-cop-30\/","url":"https:\/\/prefeitosegestoes.com.br\/portal\/organizadores-do-rir-e-the-town-preparam-shows-com-grandes-artistas-em-belem-sede-da-cop-30\/","name":"Organizadores do RIR e The Town preparam shows com grandes artistas em Bel\u00e9m, sede da COP 30 - Prefeitos &amp; Gest\u00f5es","isPartOf":{"@id":"https:\/\/prefeitosegestoes.com.br\/portal\/#website"},"primaryImageOfPage":{"@id":"https:\/\/prefeitosegestoes.com.br\/portal\/organizadores-do-rir-e-the-town-preparam-shows-com-grandes-artistas-em-belem-sede-da-cop-30\/#primaryimage"},"image":{"@id":"https:\/\/prefeitosegestoes.com.br\/portal\/organizadores-do-rir-e-the-town-preparam-shows-com-grandes-artistas-em-belem-sede-da-cop-30\/#primaryimage"},"thumbnailUrl":"https:\/\/prefeitosegestoes.com.br\/portal\/wp-content\/uploads\/2025\/02\/Evento-Amazonia-Sempre-1080-848x477-1.png","datePublished":"2025-02-25T19:09:16+00:00","description":"Os organizadores dos festivais\u00a0Rock in Rio\u00a0e\u00a0The Town\u00a0est\u00e3o preparando shows com grandes artistas em Bel\u00e9m que vai sediar a COP 30.","breadcrumb":{"@id":"https:\/\/prefeitosegestoes.com.br\/portal\/organizadores-do-rir-e-the-town-preparam-shows-com-grandes-artistas-em-belem-sede-da-cop-30\/#breadcrumb"},"inLanguage":"pt-BR","potentialAction":[{"@type":"ReadAction","target":["https:\/\/prefeitosegestoes.com.br\/portal\/organizadores-do-rir-e-the-town-preparam-shows-com-grandes-artistas-em-belem-sede-da-cop-30\/"]}]},{"@type":"ImageObject","inLanguage":"pt-BR","@id":"https:\/\/prefeitosegestoes.com.br\/portal\/organizadores-do-rir-e-the-town-preparam-shows-com-grandes-artistas-em-belem-sede-da-cop-30\/#primaryimage","url":"https:\/\/prefeitosegestoes.com.br\/portal\/wp-content\/uploads\/2025\/02\/Evento-Amazonia-Sempre-1080-848x477-1.png","contentUrl":"https:\/\/prefeitosegestoes.com.br\/portal\/wp-content\/uploads\/2025\/02\/Evento-Amazonia-Sempre-1080-848x477-1.png","width":848,"height":477},{"@type":"BreadcrumbList","@id":"https:\/\/prefeitosegestoes.com.br\/portal\/organizadores-do-rir-e-the-town-preparam-shows-com-grandes-artistas-em-belem-sede-da-cop-30\/#breadcrumb","itemListElement":[{"@type":"ListItem","position":1,"name":"In\u00edcio","item":"https:\/\/prefeitosegestoes.com.br\/portal\/"},{"@type":"ListItem","position":2,"name":"Organizadores do RIR e The Town preparam shows com grandes artistas em Bel\u00e9m, sede da COP 30"}]},{"@type":"WebSite","@id":"https:\/\/prefeitosegestoes.com.br\/portal\/#website","url":"https:\/\/prefeitosegestoes.com.br\/portal\/","name":"Prefeitos & Gest\u00f5es","description":"","publisher":{"@id":"https:\/\/prefeitosegestoes.com.br\/portal\/#organization"},"potentialAction":[{"@type":"SearchAction","target":{"@type":"EntryPoint","urlTemplate":"https:\/\/prefeitosegestoes.com.br\/portal\/?s={search_term_string}"},"query-input":{"@type":"PropertyValueSpecification","valueRequired":true,"valueName":"search_term_string"}}],"inLanguage":"pt-BR"},{"@type":"Organization","@id":"https:\/\/prefeitosegestoes.com.br\/portal\/#organization","name":"Prefeitos & Gest\u00f5es","url":"https:\/\/prefeitosegestoes.com.br\/portal\/","logo":{"@type":"ImageObject","inLanguage":"pt-BR","@id":"https:\/\/prefeitosegestoes.com.br\/portal\/#\/schema\/logo\/image\/","url":"https:\/\/prefeitosegestoes.com.br\/portal\/wp-content\/uploads\/2024\/10\/lg_trans_prefeitos_2024_preto2.png","contentUrl":"https:\/\/prefeitosegestoes.com.br\/portal\/wp-content\/uploads\/2024\/10\/lg_trans_prefeitos_2024_preto2.png","width":199,"height":122,"caption":"Prefeitos & Gest\u00f5es"},"image":{"@id":"https:\/\/prefeitosegestoes.com.br\/portal\/#\/schema\/logo\/image\/"},"sameAs":["https:\/\/www.facebook.com\/prefeitosonline","https:\/\/x.com\/PrefGestoes"]},{"@type":"Person","@id":"https:\/\/prefeitosegestoes.com.br\/portal\/#\/schema\/person\/d00059f2ec99963e7e1850d448ae94b8","name":"Prefeitos &amp; Gest\u00f5es","image":{"@type":"ImageObject","inLanguage":"pt-BR","@id":"https:\/\/secure.gravatar.com\/avatar\/738fb281e479212ed32c1a21a4307dda9f3af9292edb6918a16c9ce9fff5f48d?s=96&d=mm&r=g","url":"https:\/\/secure.gravatar.com\/avatar\/738fb281e479212ed32c1a21a4307dda9f3af9292edb6918a16c9ce9fff5f48d?s=96&d=mm&r=g","contentUrl":"https:\/\/secure.gravatar.com\/avatar\/738fb281e479212ed32c1a21a4307dda9f3af9292edb6918a16c9ce9fff5f48d?s=96&d=mm&r=g","caption":"Prefeitos &amp; Gest\u00f5es"},"url":"https:\/\/prefeitosegestoes.com.br\/portal\/author\/prefeitosegestoes\/"}]}},"_links":{"self":[{"href":"https:\/\/prefeitosegestoes.com.br\/portal\/wp-json\/wp\/v2\/posts\/3136","targetHints":{"allow":["GET"]}}],"collection":[{"href":"https:\/\/prefeitosegestoes.com.br\/portal\/wp-json\/wp\/v2\/posts"}],"about":[{"href":"https:\/\/prefeitosegestoes.com.br\/portal\/wp-json\/wp\/v2\/types\/post"}],"author":[{"embeddable":true,"href":"https:\/\/prefeitosegestoes.com.br\/portal\/wp-json\/wp\/v2\/users\/2"}],"replies":[{"embeddable":true,"href":"https:\/\/prefeitosegestoes.com.br\/portal\/wp-json\/wp\/v2\/comments?post=3136"}],"version-history":[{"count":1,"href":"https:\/\/prefeitosegestoes.com.br\/portal\/wp-json\/wp\/v2\/posts\/3136\/revisions"}],"predecessor-version":[{"id":3138,"href":"https:\/\/prefeitosegestoes.com.br\/portal\/wp-json\/wp\/v2\/posts\/3136\/revisions\/3138"}],"wp:featuredmedia":[{"embeddable":true,"href":"https:\/\/prefeitosegestoes.com.br\/portal\/wp-json\/wp\/v2\/media\/3137"}],"wp:attachment":[{"href":"https:\/\/prefeitosegestoes.com.br\/portal\/wp-json\/wp\/v2\/media?parent=3136"}],"wp:term":[{"taxonomy":"category","embeddable":true,"href":"https:\/\/prefeitosegestoes.com.br\/portal\/wp-json\/wp\/v2\/categories?post=3136"},{"taxonomy":"post_tag","embeddable":true,"href":"https:\/\/prefeitosegestoes.com.br\/portal\/wp-json\/wp\/v2\/tags?post=3136"}],"curies":[{"name":"wp","href":"https:\/\/api.w.org\/{rel}","templated":true}]}}