{"id":3121,"date":"2025-02-20T19:26:55","date_gmt":"2025-02-20T22:26:55","guid":{"rendered":"https:\/\/prefeitosegestoes.com.br\/portal\/?p=3121"},"modified":"2025-02-20T19:27:36","modified_gmt":"2025-02-20T22:27:36","slug":"carnaval-de-sao-paulo-tera-601-blocos-e-distribuicao-de-agua-gratuita","status":"publish","type":"post","link":"https:\/\/prefeitosegestoes.com.br\/portal\/carnaval-de-sao-paulo-tera-601-blocos-e-distribuicao-de-agua-gratuita\/","title":{"rendered":"Carnaval de S\u00e3o Paulo ter\u00e1 601 blocos e distribui\u00e7\u00e3o de \u00e1gua gratuita"},"content":{"rendered":"<div class=\"mc-article-header\">\n<div class=\"row content-head mc-column non-featured \">\n<div class=\"title\" data-block-type=\"title\" data-block-id=\"0\">\n<h6>Carnaval S\u00e3o Paulo- Foto: Paulo Pinto\/Ag\u00eancia Brasil<\/h6>\n<h1 class=\"content-head__title\">N\u00famero de blocos do carnaval de rua cai para 601, diz prefeitura; inicialmente, 767 estavam inscritos<\/h1>\n<\/div>\n<div class=\"medium-centered subtitle\">\n<h2 class=\"content-head__subtitle\">Estrutura para a folia foi anunciada pelo prefeito Ricardo Nunes e o presidente da SPTuris.<\/h2>\n<\/div>\n<\/div>\n<div class=\"content__signa-share mc-column\">\n<div class=\"content__signature\">\n<div class=\"content-publication-data\">\n<div class=\"content-publication-data__text\">\n<p class=\"content-publication-data__from\" title=\"Let\u00edcia Dauer\">Por\u00a0<a class=\"multi_signatures\" href=\"https:\/\/g1.globo.com\/autores\/leticia-dauer\/\">Let\u00edcia Dauer<\/a>, g1 SP\u00a0\u2014 S\u00e3o Paulo<\/p>\n<p class=\"content-publication-data__updated\"><time datetime=\"2025-02-20T11:13:16.013-03:00\">20\/02\/2025 11h13\u00a0<\/time><span class=\"content-publication-data__updated-relative\">\u00a0<time datetime=\"2025-02-20T16:10:46.849-03:00\">Atualizado\u00a0<time datetime=\"2025-02-20T16:10:46.849-03:00\">h\u00e1 3 horas<\/time><\/time><\/span><\/p>\n<p>Foli\u00f5es tomam as ruas de S\u00e3o Paulo durante o Carnaval de 2024 \u2014 Foto: Edson Lopes Jr\/Prefeitura de SP<\/p>\n<\/div>\n<\/div>\n<\/div>\n<\/div>\n<div class=\"glb-share-bar content__share-bar\">\n<div class=\"glb-share-bar_icons\">\n<div class=\"glb-share-bar_button-img\"><\/div>\n<\/div>\n<\/div>\n<\/div>\n<div class=\"mc-article-body\">\n<article>\n<div id=\"chunk-3ift\">\n<div class=\"row medium-uncollapsed content-media content-photo\" data-block-type=\"backstage-photo\" data-block-id=\"1\">\n<div class=\" mc-column content-media__container\">\n<div class=\"content-media-container glb-skeleton-box\">\n<figure class=\"content-media-figure\"><img decoding=\"async\" class=\"i-amphtml-fill-content i-amphtml-replaced-content\" src=\"https:\/\/s2-g1.glbimg.com\/qHWvgYnsvzLF3EV56dds1LmhQeI=\/0x0:1170x700\/984x0\/smart\/filters:strip_icc()\/i.s3.glbimg.com\/v1\/AUTH_59edd422c0c84a879bd37670ae4f538a\/internal_photos\/bs\/2025\/v\/5\/3Fq2zuRdueeEZAhxvdKQ\/carvanaval-sao-paulo.jpg\" sizes=\"(max-width: 1527px) 648px, 100vw\" srcset=\"https:\/\/s2-g1.glbimg.com\/9etcFP195a6bwMGBS6AqgfiGxW0=\/0x0:1170x700\/1000x0\/smart\/filters:strip_icc()\/i.s3.glbimg.com\/v1\/AUTH_59edd422c0c84a879bd37670ae4f538a\/internal_photos\/bs\/2025\/v\/5\/3Fq2zuRdueeEZAhxvdKQ\/carvanaval-sao-paulo.jpg 1000w, https:\/\/s2-g1.glbimg.com\/qHWvgYnsvzLF3EV56dds1LmhQeI=\/0x0:1170x700\/984x0\/smart\/filters:strip_icc()\/i.s3.glbimg.com\/v1\/AUTH_59edd422c0c84a879bd37670ae4f538a\/internal_photos\/bs\/2025\/v\/5\/3Fq2zuRdueeEZAhxvdKQ\/carvanaval-sao-paulo.jpg 984w, https:\/\/s2-g1.glbimg.com\/KXKKgG9fGdZyG8M15XgA2vA4ip0=\/0x0:1170x700\/640x0\/smart\/filters:strip_icc()\/i.s3.glbimg.com\/v1\/AUTH_59edd422c0c84a879bd37670ae4f538a\/internal_photos\/bs\/2025\/v\/5\/3Fq2zuRdueeEZAhxvdKQ\/carvanaval-sao-paulo.jpg 640w, https:\/\/s2-g1.glbimg.com\/wXBorKlSizNYjhH9IWy_l8XXsrk=\/0x0:1170x700\/600x0\/smart\/filters:strip_icc()\/i.s3.glbimg.com\/v1\/AUTH_59edd422c0c84a879bd37670ae4f538a\/internal_photos\/bs\/2025\/v\/5\/3Fq2zuRdueeEZAhxvdKQ\/carvanaval-sao-paulo.jpg 600w\" alt=\"Foli\u00f5es tomam as ruas de S\u00e3o Paulo durante o Carnaval de 2024 \u2014 Foto: Edson Lopes Jr\/Prefeitura de SP\" \/><iframe id=\"google_ads_iframe_\/95377733\/tvg_G1\/Sua_Regiao&gt;Sudeste&gt;Sao_Paulo_0\" style=\"box-sizing: inherit; margin-right: 0px; margin-left: 0px; padding: 0px; font: inherit; vertical-align: bottom; border: 0px initial initial;\" tabindex=\"0\" title=\"3rd party ad content\" name=\"google_ads_iframe_\/95377733\/tvg_G1\/Sua_Regiao&gt;Sudeste&gt;Sao_Paulo_0\" width=\"300\" height=\"250\" frameborder=\"0\" marginwidth=\"0\" marginheight=\"0\" scrolling=\"no\" aria-label=\"Advertisement\" data-load-complete=\"true\" data-google-container-id=\"1\" data-mce-fragment=\"1\"><\/iframe><\/figure>\n<\/div>\n<\/div>\n<\/div>\n<\/div>\n<div id=\"chunk-1v75b\">\n<div class=\"mc-column content-text active-extra-styles \" data-block-type=\"unstyled\" data-block-weight=\"24\" data-block-id=\"2\">\n<p class=\" content-text__container \" data-track-category=\"Link no Texto\" data-track-links=\"\" data-mrf-recirculation=\"Mat\u00e9ria - Links no Texto\">O n\u00famero de blocos do Carnaval de rua de\u00a0<a class=\"\" href=\"https:\/\/g1.globo.com\/sp\/sao-paulo\/cidade\/sao-paulo\/\" data-mrf-link=\"https:\/\/g1.globo.com\/sp\/sao-paulo\/cidade\/sao-paulo\/\">S\u00e3o Paulo<\/a>\u00a0caiu para\u00a0<strong>601<\/strong>, segundo a Prefeitura de S\u00e3o Paulo informou nesta quinta-feira (20).<\/p>\n<\/div>\n<\/div>\n<div class=\"wall protected-content\">\n<div id=\"chunk-266k2\">\n<div class=\"mc-column content-text active-extra-styles \" data-block-type=\"unstyled\" data-block-weight=\"17\" data-block-id=\"4\">\n<p class=\" content-text__container \" data-track-category=\"Link no Texto\" data-track-links=\"\" data-mrf-recirculation=\"Mat\u00e9ria - Links no Texto\">\ud83d\udc49 Inicialmente, 767 tinham se inscrito, mas nem todos conseguiram se organizar e confirmar a sua participa\u00e7\u00e3o.<\/p>\n<\/div>\n<\/div>\n<div id=\"chunk-342l1\">\n<div class=\"mc-column content-text active-extra-styles \" data-block-type=\"unstyled\" data-block-weight=\"34\" data-block-id=\"5\">\n<p class=\" content-text__container \" data-track-category=\"Link no Texto\" data-track-links=\"\" data-mrf-recirculation=\"Mat\u00e9ria - Links no Texto\">O presidente da SPTuris, Gustavo Pires, explicou que isso \u00e9 recorrente no carnaval de rua da cidade porque a inscri\u00e7\u00e3o n\u00e3o \u00e9 necessariamente a confirma\u00e7\u00e3o de que o bloco conseguir\u00e1 se viabilizar comercialmente.<\/p>\n<\/div>\n<\/div>\n<div id=\"chunk-f90jf\">\n<div class=\"mc-column content-text active-extra-styles\" data-block-type=\"quote-plugin\" data-block-id=\"6\">\n<div class=\"show-block-quote\">\n<div class=\"show-block-quote__image\"><\/div>\n<div class=\"show-block-quote__caption\">A Prefeitura de S\u00e3o Paulo, o governo do Estado, os \u00f3rg\u00e3os p\u00fablicos, s\u00e3o respons\u00e1veis por estruturar tudo, [mas a responsabilidade do] o art\u00edstico e do trio \u00e9 do pr\u00f3prio bloco&#8221;. (&#8230;) \u00c9 natural que os blocos n\u00e3o se viabilizem.<\/div>\n<\/div>\n<\/div>\n<\/div>\n<div id=\"chunk-a2q0k\">\n<div class=\"mc-column content-text active-extra-styles \" data-block-type=\"unstyled\" data-block-weight=\"37\" data-block-id=\"8\">\n<p class=\" content-text__container \" data-track-category=\"Link no Texto\" data-track-links=\"\" data-mrf-recirculation=\"Mat\u00e9ria - Links no Texto\">Em uma entrevista \u00e0 imprensa, Pires, o prefeito Ricardo Nunes (MDB) e secret\u00e1rios municipais anunciaram a estrutura de apoio para a folia. A principal novidade \u00e9 o uso das c\u00e2meras de monitoramento do Smart Sampa. Confira abaixo:<\/p>\n<\/div>\n<\/div>\n<div id=\"chunk-4mm9i\">\n<div class=\"mc-column content-text active-extra-styles\" data-block-type=\"raw\" data-block-weight=\"212\" data-block-id=\"9\">\n<ul class=\"content-unordered-list\">\n<li>Ser\u00e3o\u00a0<strong>30 mil banheiros qu\u00edmicos.<\/strong><\/li>\n<li>Ser\u00e3o montados 158 pontos de hidrata\u00e7\u00e3o. Eles estar\u00e3o localizados na concentra\u00e7\u00e3o e no trajeto de todos os megablocos e em blocos do Centro, incluindo Rep\u00fablica e Santa Cec\u00edlia. Ser\u00e3o distribu\u00eddos, durante todo o carnaval,<strong>\u00a02,2 milh\u00f5es<\/strong>\u00a0<strong>de copos de \u00e1gua<\/strong>. Esta havia sido uma<strong>\u00a0<\/strong><a class=\"\" href=\"https:\/\/g1.globo.com\/sp\/sao-paulo\/carnaval\/2025\/noticia\/2025\/02\/04\/blocos-de-carnaval-cobram-a-prefeitura-de-sp-por-gabinete-de-crise-climatica-e-distribuicao-gratuita-de-agua.ghtml\">cobran\u00e7a de organizadores dos blocos<\/a>.<\/li>\n<li><strong>20 postos m\u00e9dicos<\/strong>\u00a0dar\u00e3o suporte aos foli\u00f5es. Cada posto ter\u00e1 3 m\u00e9dicos, al\u00e9m de enfermeiros, t\u00e9cnico de enfermagem e bombeiro civis. No total, ser\u00e3o cerca de 1.800 profissionais da \u00e1rea de sa\u00fade.<\/li>\n<li><strong>174 ambul\u00e2ncias<\/strong>\u00a0(32 delas com Unidade de Terapia Intensiva) ficar\u00e3o \u00e0 disposi\u00e7\u00e3o.<\/li>\n<li><strong>150 linhas de \u00f4nibus v\u00e3o operar durante a madrugada.\u00a0<\/strong>Mais de 1,3 mil linhas de \u00f4nibus ser\u00e3o afetadas pelo evento.<\/li>\n<li>Haver\u00e1 uma\u00a0<strong>opera\u00e7\u00e3o especial para o Samb\u00f3dromo com 1,9 mil \u00f4nibus<\/strong>\u00a0saindo do Tiet\u00ea e da Barra funda.<\/li>\n<li>Ser\u00e3o\u00a0<strong>6 tendas com psic\u00f3logos e assistentes sociais para acolhimento de v\u00edtimas de ass\u00e9dios e outros crimes<\/strong>, sendo 4 no Samb\u00f3dromo e 2 na UESP (Zonas Leste e Oeste), al\u00e9m de 5 unidades m\u00f3veis, localizadas estrategicamente nos megablocos ao lado dos postos de atendimento m\u00e9dico.<\/li>\n<li>Haver\u00e1 interpreta\u00e7\u00e3o dos sambas-enredos em Libras e audiodescri\u00e7\u00e3o dos desfiles (os foli\u00f5es v\u00e3o receber fones).<\/li>\n<li>Uso das c\u00e2meras de monitoramento do programa Smart Sampa, tecnologia baseada no reconhecimento facial de criminosos.<\/li>\n<\/ul>\n<\/div>\n<\/div>\n<div id=\"chunk-c1o87\">\n<div class=\"mc-column content-text active-extra-styles\" data-block-type=\"raw\" data-block-weight=\"12\" data-block-id=\"11\">\n<blockquote class=\"content-blockquote theme-border-color-primary-before\"><p>\ud83c\udf89\ud83c\udf89\ud83c\udf89\ud83c\udf89 S\u00e3o esperados\u00a0<strong>16 milh\u00f5es de foli\u00f5es<\/strong>, sendo 4,5 milh\u00f5es de turistas.<\/p><\/blockquote>\n<\/div>\n<\/div>\n<div id=\"chunk-d5k3k\">\n<div class=\"mc-column content-text active-extra-styles \" data-block-type=\"unstyled\" data-block-weight=\"27\" data-block-id=\"12\">\n<p class=\" content-text__container \" data-track-category=\"Link no Texto\" data-track-links=\"\" data-mrf-recirculation=\"Mat\u00e9ria - Links no Texto\">A conta considera o per\u00edodo do pr\u00e9-carnaval (22 e 23 de fevereiro), do carnaval (1\u00ba a 4 de mar\u00e7o) e do p\u00f3s-carnaval (8 e 9 de mar\u00e7o).<\/p>\n<\/div>\n<\/div>\n<div id=\"chunk-d1gtk\">\n<div class=\"row medium-uncollapsed content-media content-photo\" data-block-type=\"backstage-photo\" data-block-id=\"13\">\n<div class=\" mc-column content-media__container\">\n<div class=\"content-media-container glb-skeleton-box\">\n<figure class=\"content-media-figure\"><img decoding=\"async\" class=\"i-amphtml-fill-content i-amphtml-replaced-content\" src=\"https:\/\/s2-g1.glbimg.com\/G_UaSy_OL_H1KsskacOVPtF9Mms=\/0x0:1600x900\/984x0\/smart\/filters:strip_icc()\/i.s3.glbimg.com\/v1\/AUTH_59edd422c0c84a879bd37670ae4f538a\/internal_photos\/bs\/2025\/C\/B\/EQblcsRJABgyUEzHnamQ\/ricardo-nunes-em-coletiva-sobre-carnaval.jpeg\" sizes=\"(max-width: 1527px) 648px, 100vw\" srcset=\"https:\/\/s2-g1.glbimg.com\/0RmJAodHZLznAmXCc3s36YDrI_Y=\/0x0:1600x900\/1000x0\/smart\/filters:strip_icc()\/i.s3.glbimg.com\/v1\/AUTH_59edd422c0c84a879bd37670ae4f538a\/internal_photos\/bs\/2025\/C\/B\/EQblcsRJABgyUEzHnamQ\/ricardo-nunes-em-coletiva-sobre-carnaval.jpeg 1000w, https:\/\/s2-g1.glbimg.com\/G_UaSy_OL_H1KsskacOVPtF9Mms=\/0x0:1600x900\/984x0\/smart\/filters:strip_icc()\/i.s3.glbimg.com\/v1\/AUTH_59edd422c0c84a879bd37670ae4f538a\/internal_photos\/bs\/2025\/C\/B\/EQblcsRJABgyUEzHnamQ\/ricardo-nunes-em-coletiva-sobre-carnaval.jpeg 984w, https:\/\/s2-g1.glbimg.com\/QO6DhkBi1IkkPkJY_TQbnoQlE1M=\/0x0:1600x900\/640x0\/smart\/filters:strip_icc()\/i.s3.glbimg.com\/v1\/AUTH_59edd422c0c84a879bd37670ae4f538a\/internal_photos\/bs\/2025\/C\/B\/EQblcsRJABgyUEzHnamQ\/ricardo-nunes-em-coletiva-sobre-carnaval.jpeg 640w, https:\/\/s2-g1.glbimg.com\/UkwedwbxAX3GgTwjD1RTYBLoydg=\/0x0:1600x900\/600x0\/smart\/filters:strip_icc()\/i.s3.glbimg.com\/v1\/AUTH_59edd422c0c84a879bd37670ae4f538a\/internal_photos\/bs\/2025\/C\/B\/EQblcsRJABgyUEzHnamQ\/ricardo-nunes-em-coletiva-sobre-carnaval.jpeg 600w\" alt=\"Ricardo Nunes anuncia medidas de organiza\u00e7\u00e3o para o carnaval de SP \u2014 Foto: Let\u00edcia Dauer\/g1\" \/><\/figure>\n<\/div>\n<p class=\"content-media__description \">Ricardo Nunes anuncia medidas de organiza\u00e7\u00e3o para o carnaval de SP \u2014 Foto: Let\u00edcia Dauer\/g1<\/p>\n<\/div>\n<\/div>\n<\/div>\n<div id=\"chunk-anolc\">\n<div class=\"mc-column content-text active-extra-styles\" data-block-type=\"raw\" data-block-weight=\"1\" data-block-id=\"14\">\n<div class=\"content-intertitle\">\n<h2>Investimento<\/h2>\n<\/div>\n<\/div>\n<\/div>\n<div id=\"chunk-9i1cu\">\n<div class=\"mc-column content-text active-extra-styles \" data-block-type=\"unstyled\" data-block-weight=\"22\" data-block-id=\"15\">\n<p class=\" content-text__container \" data-track-category=\"Link no Texto\" data-track-links=\"\" data-mrf-recirculation=\"Mat\u00e9ria - Links no Texto\">A organiza\u00e7\u00e3o do carnaval 2025 em S\u00e3o Paulo\u00a0<a class=\"\" href=\"https:\/\/g1.globo.com\/sp\/sao-paulo\/carnaval\/2025\/noticia\/2025\/02\/14\/prefeitura-de-sp-gastara-r-635-milhoes-com-organizacao-do-carnaval-de-rua-e-dos-desfiles-no-sambodromo.ghtml\" data-mrf-link=\"https:\/\/g1.globo.com\/sp\/sao-paulo\/carnaval\/2025\/noticia\/2025\/02\/14\/prefeitura-de-sp-gastara-r-635-milhoes-com-organizacao-do-carnaval-de-rua-e-dos-desfiles-no-sambodromo.ghtml\">vai custar R$ 63,5 milh\u00f5es \u00e0 prefeitura<\/a>, segundo os contratos publicados no Di\u00e1rio Oficial.<\/p>\n<\/div>\n<\/div>\n<div id=\"chunk-9cuvp\">\n<div class=\"mc-column content-text active-extra-styles \" data-block-type=\"unstyled\" data-block-weight=\"41\" data-block-id=\"16\">\n<p class=\" content-text__container \" data-track-category=\"Link no Texto\" data-track-links=\"\" data-mrf-recirculation=\"Mat\u00e9ria - Links no Texto\">Neste ano, a gest\u00e3o municipal voltou a contratar a SPTuris \u2013 empresa estatal do pr\u00f3prio munic\u00edpio \u2013 para organizar o carnaval de rua pelo valor de R$ 42,5 milh\u00f5es. Outros R$ 21 milh\u00f5es.Ser\u00e3o gastos nos desfes das escolas de samba.<\/p>\n<\/div>\n<\/div>\n<div id=\"chunk-8iatk\">\n<div class=\"mc-column content-text active-extra-styles \" data-block-type=\"unstyled\" data-block-weight=\"34\" data-block-id=\"18\">\n<p class=\" content-text__container \" data-track-category=\"Link no Texto\" data-track-links=\"\" data-mrf-recirculation=\"Mat\u00e9ria - Links no Texto\">A SPTuris ficar\u00e1 respons\u00e1vel por toda a infraestrutura e produ\u00e7\u00e3o para a festa deste ano, como contrata\u00e7\u00e3o de banheiros qu\u00edmicos, equipamentos, cria\u00e7\u00e3o de material informativo, coordena\u00e7\u00e3o dos locais de desfiles e sinaliza\u00e7\u00e3o dos circuitos.<\/p>\n<\/div>\n<\/div>\n<div id=\"chunk-gqr9\">\n<div class=\"mc-column content-text active-extra-styles \" data-block-type=\"unstyled\" data-block-weight=\"25\" data-block-id=\"19\">\n<p class=\" content-text__container \" data-track-category=\"Link no Texto\" data-track-links=\"\" data-mrf-recirculation=\"Mat\u00e9ria - Links no Texto\">Neste ano, a prefeitura tamb\u00e9m fechou um\u00a0<a class=\"\" href=\"https:\/\/g1.globo.com\/sp\/sao-paulo\/carnaval\/2025\/noticia\/2025\/01\/06\/prefeitura-de-sp-fecha-patrocinio-de-r-278-milhoes-para-carnaval-de-rua-2025.ghtml\" data-mrf-link=\"https:\/\/g1.globo.com\/sp\/sao-paulo\/carnaval\/2025\/noticia\/2025\/01\/06\/prefeitura-de-sp-fecha-patrocinio-de-r-278-milhoes-para-carnaval-de-rua-2025.ghtml\">contrato de R$ 27,8 milh\u00f5es<\/a> com a empresa de bebidas Ambev S.A que ser\u00e1 a patrocinadora do evento.<\/p>\n<\/div>\n<\/div>\n<div id=\"chunk-fui6h\">\n<div class=\"mc-column content-text active-extra-styles\" data-block-type=\"raw\" data-block-weight=\"58\" data-block-id=\"22\">\n<ul class=\"content-unordered-list\">\n<li><a class=\"\" href=\"https:\/\/g1.globo.com\/sp\/sao-paulo\/carnaval\/2025\/noticia\/2025\/02\/18\/baixo-augusta-ritaleena-risca-fada-modo-surto-luisa-sonza-e-solteiro-nao-trai-veja-os-destaques-do-pre-carnaval-em-sp.ghtml\">Baixo Augusta, Ritaleena, Risca Fada, Modo Surto Lu\u00edsa Sonza e Solteiro N\u00e3o Trai; veja os destaques do pr\u00e9-carnaval em SP<\/a><\/li>\n<li><a class=\"\" href=\"https:\/\/g1.globo.com\/sp\/sao-paulo\/carnaval\/2025\/noticia\/2025\/02\/16\/carnaval-de-rua-de-sp-veja-a-lista-de-blocos-oficiais-que-desfilam-na-capital.ghtml\">Carnaval de rua de SP: veja a lista de blocos oficiais que desfilam na capital<\/a><\/li>\n<li><a class=\"\" href=\"https:\/\/g1.globo.com\/sp\/sao-paulo\/carnaval\/2025\/noticia\/2025\/02\/13\/carnaval-2025-conheca-a-origem-das-escolas-de-samba-do-grupo-especial-de-sao-paulo.ghtml\">Conhe\u00e7a a origem das escolas de samba do Grupo Especial de S\u00e3o Paulo<\/a><\/li>\n<li><a class=\"\" href=\"https:\/\/g1.globo.com\/sp\/sao-paulo\/carnaval\/2025\/noticia\/2025\/02\/12\/carnaval-2025-confira-detalhes-sobre-os-enredos-das-escolas-de-samba-de-sao-paulo.ghtml\">Confira os enredos das escolas de samba de S\u00e3o Paulo<\/a><\/li>\n<\/ul>\n<p>&nbsp;<\/p>\n<\/div>\n<\/div>\n<\/div>\n<\/article>\n<\/div>\n","protected":false},"excerpt":{"rendered":"<p>Carnaval S\u00e3o Paulo- Foto: Paulo Pinto\/Ag\u00eancia Brasil N\u00famero de blocos do carnaval de rua cai para 601, diz prefeitura; inicialmente, 767 estavam inscritos Estrutura para a folia foi anunciada pelo prefeito Ricardo Nunes e o presidente da SPTuris. Por\u00a0Let\u00edcia Dauer, g1 SP\u00a0\u2014 S\u00e3o Paulo 20\/02\/2025 11h13\u00a0\u00a0Atualizado\u00a0h\u00e1 3 horas Foli\u00f5es tomam as ruas de S\u00e3o Paulo [&hellip;]<\/p>\n","protected":false},"author":2,"featured_media":3122,"comment_status":"open","ping_status":"open","sticky":false,"template":"","format":"standard","meta":{"rop_custom_images_group":[],"rop_custom_messages_group":[],"rop_publish_now":"initial","rop_publish_now_accounts":{"twitter_850042665852968960_850042665852968960":""},"rop_publish_now_history":[],"rop_publish_now_status":"pending","footnotes":""},"categories":[15,1],"tags":[99,500,498,501,499],"class_list":["post-3121","post","type-post","status-publish","format-standard","has-post-thumbnail","hentry","category-destaques","category-sem-categoria","tag-agua","tag-blocos","tag-carnaval","tag-rua","tag-sao-paulo"],"yoast_head":"<!-- This site is optimized with the Yoast SEO plugin v27.2 - https:\/\/yoast.com\/product\/yoast-seo-wordpress\/ -->\n<title>Carnaval de S\u00e3o Paulo ter\u00e1 601 blocos e distribui\u00e7\u00e3o de \u00e1gua gratuita - Prefeitos &amp; Gest\u00f5es<\/title>\n<meta name=\"description\" content=\"Carnaval de S\u00e3o Paulo ter\u00e1 601 blocos e distribui\u00e7\u00e3o de \u00e1gua gratuita. N\u00famero de blocos do carnaval de rua cai para 601, diz prefeitura; inicialmente, 767 estavam inscritosEstrutura para a folia foi anunciada pelo prefeito Ricardo Nunes e o presidente da SPTuris.\" \/>\n<meta name=\"robots\" content=\"index, follow, max-snippet:-1, max-image-preview:large, max-video-preview:-1\" \/>\n<link rel=\"canonical\" href=\"https:\/\/prefeitosegestoes.com.br\/portal\/carnaval-de-sao-paulo-tera-601-blocos-e-distribuicao-de-agua-gratuita\/\" \/>\n<meta property=\"og:locale\" content=\"pt_BR\" \/>\n<meta property=\"og:type\" content=\"article\" \/>\n<meta property=\"og:title\" content=\"Carnaval de S\u00e3o Paulo ter\u00e1 601 blocos e distribui\u00e7\u00e3o de \u00e1gua gratuita - Prefeitos &amp; Gest\u00f5es\" \/>\n<meta property=\"og:description\" content=\"Carnaval de S\u00e3o Paulo ter\u00e1 601 blocos e distribui\u00e7\u00e3o de \u00e1gua gratuita. N\u00famero de blocos do carnaval de rua cai para 601, diz prefeitura; inicialmente, 767 estavam inscritosEstrutura para a folia foi anunciada pelo prefeito Ricardo Nunes e o presidente da SPTuris.\" \/>\n<meta property=\"og:url\" content=\"https:\/\/prefeitosegestoes.com.br\/portal\/carnaval-de-sao-paulo-tera-601-blocos-e-distribuicao-de-agua-gratuita\/\" \/>\n<meta property=\"og:site_name\" content=\"Prefeitos &amp; Gest\u00f5es\" \/>\n<meta property=\"article:publisher\" content=\"https:\/\/www.facebook.com\/prefeitosonline\" \/>\n<meta property=\"article:published_time\" content=\"2025-02-20T22:26:55+00:00\" \/>\n<meta property=\"article:modified_time\" content=\"2025-02-20T22:27:36+00:00\" \/>\n<meta property=\"og:image\" content=\"https:\/\/prefeitosegestoes.com.br\/portal\/wp-content\/uploads\/2025\/02\/carnaval_fantasias_oscar_13.webp\" \/>\n\t<meta property=\"og:image:width\" content=\"1024\" \/>\n\t<meta property=\"og:image:height\" content=\"768\" \/>\n\t<meta property=\"og:image:type\" content=\"image\/webp\" \/>\n<meta name=\"author\" content=\"Prefeitos &amp; Gest\u00f5es\" \/>\n<meta name=\"twitter:card\" content=\"summary_large_image\" \/>\n<meta name=\"twitter:creator\" content=\"@PrefGestoes\" \/>\n<meta name=\"twitter:site\" content=\"@PrefGestoes\" \/>\n<meta name=\"twitter:label1\" content=\"Escrito por\" \/>\n\t<meta name=\"twitter:data1\" content=\"Prefeitos &amp; Gest\u00f5es\" \/>\n\t<meta name=\"twitter:label2\" content=\"Est. tempo de leitura\" \/>\n\t<meta name=\"twitter:data2\" content=\"5 minutos\" \/>\n<script type=\"application\/ld+json\" class=\"yoast-schema-graph\">{\"@context\":\"https:\/\/schema.org\",\"@graph\":[{\"@type\":\"Article\",\"@id\":\"https:\/\/prefeitosegestoes.com.br\/portal\/carnaval-de-sao-paulo-tera-601-blocos-e-distribuicao-de-agua-gratuita\/#article\",\"isPartOf\":{\"@id\":\"https:\/\/prefeitosegestoes.com.br\/portal\/carnaval-de-sao-paulo-tera-601-blocos-e-distribuicao-de-agua-gratuita\/\"},\"author\":{\"name\":\"Prefeitos &amp; Gest\u00f5es\",\"@id\":\"https:\/\/prefeitosegestoes.com.br\/portal\/#\/schema\/person\/d00059f2ec99963e7e1850d448ae94b8\"},\"headline\":\"Carnaval de S\u00e3o Paulo ter\u00e1 601 blocos e distribui\u00e7\u00e3o de \u00e1gua gratuita\",\"datePublished\":\"2025-02-20T22:26:55+00:00\",\"dateModified\":\"2025-02-20T22:27:36+00:00\",\"mainEntityOfPage\":{\"@id\":\"https:\/\/prefeitosegestoes.com.br\/portal\/carnaval-de-sao-paulo-tera-601-blocos-e-distribuicao-de-agua-gratuita\/\"},\"wordCount\":734,\"commentCount\":0,\"publisher\":{\"@id\":\"https:\/\/prefeitosegestoes.com.br\/portal\/#organization\"},\"image\":{\"@id\":\"https:\/\/prefeitosegestoes.com.br\/portal\/carnaval-de-sao-paulo-tera-601-blocos-e-distribuicao-de-agua-gratuita\/#primaryimage\"},\"thumbnailUrl\":\"https:\/\/prefeitosegestoes.com.br\/portal\/wp-content\/uploads\/2025\/02\/carnaval_fantasias_oscar_13.webp\",\"keywords\":[\"\u00c1gua\",\"Blocos\",\"Carnaval\",\"Rua\",\"S\u00e3o Paulo\"],\"articleSection\":[\"Destaques\"],\"inLanguage\":\"pt-BR\",\"potentialAction\":[{\"@type\":\"CommentAction\",\"name\":\"Comment\",\"target\":[\"https:\/\/prefeitosegestoes.com.br\/portal\/carnaval-de-sao-paulo-tera-601-blocos-e-distribuicao-de-agua-gratuita\/#respond\"]}]},{\"@type\":\"WebPage\",\"@id\":\"https:\/\/prefeitosegestoes.com.br\/portal\/carnaval-de-sao-paulo-tera-601-blocos-e-distribuicao-de-agua-gratuita\/\",\"url\":\"https:\/\/prefeitosegestoes.com.br\/portal\/carnaval-de-sao-paulo-tera-601-blocos-e-distribuicao-de-agua-gratuita\/\",\"name\":\"Carnaval de S\u00e3o Paulo ter\u00e1 601 blocos e distribui\u00e7\u00e3o de \u00e1gua gratuita - Prefeitos &amp; Gest\u00f5es\",\"isPartOf\":{\"@id\":\"https:\/\/prefeitosegestoes.com.br\/portal\/#website\"},\"primaryImageOfPage\":{\"@id\":\"https:\/\/prefeitosegestoes.com.br\/portal\/carnaval-de-sao-paulo-tera-601-blocos-e-distribuicao-de-agua-gratuita\/#primaryimage\"},\"image\":{\"@id\":\"https:\/\/prefeitosegestoes.com.br\/portal\/carnaval-de-sao-paulo-tera-601-blocos-e-distribuicao-de-agua-gratuita\/#primaryimage\"},\"thumbnailUrl\":\"https:\/\/prefeitosegestoes.com.br\/portal\/wp-content\/uploads\/2025\/02\/carnaval_fantasias_oscar_13.webp\",\"datePublished\":\"2025-02-20T22:26:55+00:00\",\"dateModified\":\"2025-02-20T22:27:36+00:00\",\"description\":\"Carnaval de S\u00e3o Paulo ter\u00e1 601 blocos e distribui\u00e7\u00e3o de \u00e1gua gratuita. N\u00famero de blocos do carnaval de rua cai para 601, diz prefeitura; inicialmente, 767 estavam inscritosEstrutura para a folia foi anunciada pelo prefeito Ricardo Nunes e o presidente da SPTuris.\",\"breadcrumb\":{\"@id\":\"https:\/\/prefeitosegestoes.com.br\/portal\/carnaval-de-sao-paulo-tera-601-blocos-e-distribuicao-de-agua-gratuita\/#breadcrumb\"},\"inLanguage\":\"pt-BR\",\"potentialAction\":[{\"@type\":\"ReadAction\",\"target\":[\"https:\/\/prefeitosegestoes.com.br\/portal\/carnaval-de-sao-paulo-tera-601-blocos-e-distribuicao-de-agua-gratuita\/\"]}]},{\"@type\":\"ImageObject\",\"inLanguage\":\"pt-BR\",\"@id\":\"https:\/\/prefeitosegestoes.com.br\/portal\/carnaval-de-sao-paulo-tera-601-blocos-e-distribuicao-de-agua-gratuita\/#primaryimage\",\"url\":\"https:\/\/prefeitosegestoes.com.br\/portal\/wp-content\/uploads\/2025\/02\/carnaval_fantasias_oscar_13.webp\",\"contentUrl\":\"https:\/\/prefeitosegestoes.com.br\/portal\/wp-content\/uploads\/2025\/02\/carnaval_fantasias_oscar_13.webp\",\"width\":1024,\"height\":768},{\"@type\":\"BreadcrumbList\",\"@id\":\"https:\/\/prefeitosegestoes.com.br\/portal\/carnaval-de-sao-paulo-tera-601-blocos-e-distribuicao-de-agua-gratuita\/#breadcrumb\",\"itemListElement\":[{\"@type\":\"ListItem\",\"position\":1,\"name\":\"In\u00edcio\",\"item\":\"https:\/\/prefeitosegestoes.com.br\/portal\/\"},{\"@type\":\"ListItem\",\"position\":2,\"name\":\"Carnaval de S\u00e3o Paulo ter\u00e1 601 blocos e distribui\u00e7\u00e3o de \u00e1gua gratuita\"}]},{\"@type\":\"WebSite\",\"@id\":\"https:\/\/prefeitosegestoes.com.br\/portal\/#website\",\"url\":\"https:\/\/prefeitosegestoes.com.br\/portal\/\",\"name\":\"Prefeitos & Gest\u00f5es\",\"description\":\"\",\"publisher\":{\"@id\":\"https:\/\/prefeitosegestoes.com.br\/portal\/#organization\"},\"potentialAction\":[{\"@type\":\"SearchAction\",\"target\":{\"@type\":\"EntryPoint\",\"urlTemplate\":\"https:\/\/prefeitosegestoes.com.br\/portal\/?s={search_term_string}\"},\"query-input\":{\"@type\":\"PropertyValueSpecification\",\"valueRequired\":true,\"valueName\":\"search_term_string\"}}],\"inLanguage\":\"pt-BR\"},{\"@type\":\"Organization\",\"@id\":\"https:\/\/prefeitosegestoes.com.br\/portal\/#organization\",\"name\":\"Prefeitos & Gest\u00f5es\",\"url\":\"https:\/\/prefeitosegestoes.com.br\/portal\/\",\"logo\":{\"@type\":\"ImageObject\",\"inLanguage\":\"pt-BR\",\"@id\":\"https:\/\/prefeitosegestoes.com.br\/portal\/#\/schema\/logo\/image\/\",\"url\":\"https:\/\/prefeitosegestoes.com.br\/portal\/wp-content\/uploads\/2024\/10\/lg_trans_prefeitos_2024_preto2.png\",\"contentUrl\":\"https:\/\/prefeitosegestoes.com.br\/portal\/wp-content\/uploads\/2024\/10\/lg_trans_prefeitos_2024_preto2.png\",\"width\":199,\"height\":122,\"caption\":\"Prefeitos & Gest\u00f5es\"},\"image\":{\"@id\":\"https:\/\/prefeitosegestoes.com.br\/portal\/#\/schema\/logo\/image\/\"},\"sameAs\":[\"https:\/\/www.facebook.com\/prefeitosonline\",\"https:\/\/x.com\/PrefGestoes\"]},{\"@type\":\"Person\",\"@id\":\"https:\/\/prefeitosegestoes.com.br\/portal\/#\/schema\/person\/d00059f2ec99963e7e1850d448ae94b8\",\"name\":\"Prefeitos &amp; Gest\u00f5es\",\"image\":{\"@type\":\"ImageObject\",\"inLanguage\":\"pt-BR\",\"@id\":\"https:\/\/secure.gravatar.com\/avatar\/738fb281e479212ed32c1a21a4307dda9f3af9292edb6918a16c9ce9fff5f48d?s=96&d=mm&r=g\",\"url\":\"https:\/\/secure.gravatar.com\/avatar\/738fb281e479212ed32c1a21a4307dda9f3af9292edb6918a16c9ce9fff5f48d?s=96&d=mm&r=g\",\"contentUrl\":\"https:\/\/secure.gravatar.com\/avatar\/738fb281e479212ed32c1a21a4307dda9f3af9292edb6918a16c9ce9fff5f48d?s=96&d=mm&r=g\",\"caption\":\"Prefeitos &amp; Gest\u00f5es\"},\"url\":\"https:\/\/prefeitosegestoes.com.br\/portal\/author\/prefeitosegestoes\/\"}]}<\/script>\n<!-- \/ Yoast SEO plugin. -->","yoast_head_json":{"title":"Carnaval de S\u00e3o Paulo ter\u00e1 601 blocos e distribui\u00e7\u00e3o de \u00e1gua gratuita - Prefeitos &amp; Gest\u00f5es","description":"Carnaval de S\u00e3o Paulo ter\u00e1 601 blocos e distribui\u00e7\u00e3o de \u00e1gua gratuita. N\u00famero de blocos do carnaval de rua cai para 601, diz prefeitura; inicialmente, 767 estavam inscritosEstrutura para a folia foi anunciada pelo prefeito Ricardo Nunes e o presidente da SPTuris.","robots":{"index":"index","follow":"follow","max-snippet":"max-snippet:-1","max-image-preview":"max-image-preview:large","max-video-preview":"max-video-preview:-1"},"canonical":"https:\/\/prefeitosegestoes.com.br\/portal\/carnaval-de-sao-paulo-tera-601-blocos-e-distribuicao-de-agua-gratuita\/","og_locale":"pt_BR","og_type":"article","og_title":"Carnaval de S\u00e3o Paulo ter\u00e1 601 blocos e distribui\u00e7\u00e3o de \u00e1gua gratuita - Prefeitos &amp; Gest\u00f5es","og_description":"Carnaval de S\u00e3o Paulo ter\u00e1 601 blocos e distribui\u00e7\u00e3o de \u00e1gua gratuita. N\u00famero de blocos do carnaval de rua cai para 601, diz prefeitura; inicialmente, 767 estavam inscritosEstrutura para a folia foi anunciada pelo prefeito Ricardo Nunes e o presidente da SPTuris.","og_url":"https:\/\/prefeitosegestoes.com.br\/portal\/carnaval-de-sao-paulo-tera-601-blocos-e-distribuicao-de-agua-gratuita\/","og_site_name":"Prefeitos &amp; Gest\u00f5es","article_publisher":"https:\/\/www.facebook.com\/prefeitosonline","article_published_time":"2025-02-20T22:26:55+00:00","article_modified_time":"2025-02-20T22:27:36+00:00","og_image":[{"width":1024,"height":768,"url":"https:\/\/prefeitosegestoes.com.br\/portal\/wp-content\/uploads\/2025\/02\/carnaval_fantasias_oscar_13.webp","type":"image\/webp"}],"author":"Prefeitos &amp; Gest\u00f5es","twitter_card":"summary_large_image","twitter_creator":"@PrefGestoes","twitter_site":"@PrefGestoes","twitter_misc":{"Escrito por":"Prefeitos &amp; Gest\u00f5es","Est. tempo de leitura":"5 minutos"},"schema":{"@context":"https:\/\/schema.org","@graph":[{"@type":"Article","@id":"https:\/\/prefeitosegestoes.com.br\/portal\/carnaval-de-sao-paulo-tera-601-blocos-e-distribuicao-de-agua-gratuita\/#article","isPartOf":{"@id":"https:\/\/prefeitosegestoes.com.br\/portal\/carnaval-de-sao-paulo-tera-601-blocos-e-distribuicao-de-agua-gratuita\/"},"author":{"name":"Prefeitos &amp; Gest\u00f5es","@id":"https:\/\/prefeitosegestoes.com.br\/portal\/#\/schema\/person\/d00059f2ec99963e7e1850d448ae94b8"},"headline":"Carnaval de S\u00e3o Paulo ter\u00e1 601 blocos e distribui\u00e7\u00e3o de \u00e1gua gratuita","datePublished":"2025-02-20T22:26:55+00:00","dateModified":"2025-02-20T22:27:36+00:00","mainEntityOfPage":{"@id":"https:\/\/prefeitosegestoes.com.br\/portal\/carnaval-de-sao-paulo-tera-601-blocos-e-distribuicao-de-agua-gratuita\/"},"wordCount":734,"commentCount":0,"publisher":{"@id":"https:\/\/prefeitosegestoes.com.br\/portal\/#organization"},"image":{"@id":"https:\/\/prefeitosegestoes.com.br\/portal\/carnaval-de-sao-paulo-tera-601-blocos-e-distribuicao-de-agua-gratuita\/#primaryimage"},"thumbnailUrl":"https:\/\/prefeitosegestoes.com.br\/portal\/wp-content\/uploads\/2025\/02\/carnaval_fantasias_oscar_13.webp","keywords":["\u00c1gua","Blocos","Carnaval","Rua","S\u00e3o Paulo"],"articleSection":["Destaques"],"inLanguage":"pt-BR","potentialAction":[{"@type":"CommentAction","name":"Comment","target":["https:\/\/prefeitosegestoes.com.br\/portal\/carnaval-de-sao-paulo-tera-601-blocos-e-distribuicao-de-agua-gratuita\/#respond"]}]},{"@type":"WebPage","@id":"https:\/\/prefeitosegestoes.com.br\/portal\/carnaval-de-sao-paulo-tera-601-blocos-e-distribuicao-de-agua-gratuita\/","url":"https:\/\/prefeitosegestoes.com.br\/portal\/carnaval-de-sao-paulo-tera-601-blocos-e-distribuicao-de-agua-gratuita\/","name":"Carnaval de S\u00e3o Paulo ter\u00e1 601 blocos e distribui\u00e7\u00e3o de \u00e1gua gratuita - Prefeitos &amp; Gest\u00f5es","isPartOf":{"@id":"https:\/\/prefeitosegestoes.com.br\/portal\/#website"},"primaryImageOfPage":{"@id":"https:\/\/prefeitosegestoes.com.br\/portal\/carnaval-de-sao-paulo-tera-601-blocos-e-distribuicao-de-agua-gratuita\/#primaryimage"},"image":{"@id":"https:\/\/prefeitosegestoes.com.br\/portal\/carnaval-de-sao-paulo-tera-601-blocos-e-distribuicao-de-agua-gratuita\/#primaryimage"},"thumbnailUrl":"https:\/\/prefeitosegestoes.com.br\/portal\/wp-content\/uploads\/2025\/02\/carnaval_fantasias_oscar_13.webp","datePublished":"2025-02-20T22:26:55+00:00","dateModified":"2025-02-20T22:27:36+00:00","description":"Carnaval de S\u00e3o Paulo ter\u00e1 601 blocos e distribui\u00e7\u00e3o de \u00e1gua gratuita. N\u00famero de blocos do carnaval de rua cai para 601, diz prefeitura; inicialmente, 767 estavam inscritosEstrutura para a folia foi anunciada pelo prefeito Ricardo Nunes e o presidente da SPTuris.","breadcrumb":{"@id":"https:\/\/prefeitosegestoes.com.br\/portal\/carnaval-de-sao-paulo-tera-601-blocos-e-distribuicao-de-agua-gratuita\/#breadcrumb"},"inLanguage":"pt-BR","potentialAction":[{"@type":"ReadAction","target":["https:\/\/prefeitosegestoes.com.br\/portal\/carnaval-de-sao-paulo-tera-601-blocos-e-distribuicao-de-agua-gratuita\/"]}]},{"@type":"ImageObject","inLanguage":"pt-BR","@id":"https:\/\/prefeitosegestoes.com.br\/portal\/carnaval-de-sao-paulo-tera-601-blocos-e-distribuicao-de-agua-gratuita\/#primaryimage","url":"https:\/\/prefeitosegestoes.com.br\/portal\/wp-content\/uploads\/2025\/02\/carnaval_fantasias_oscar_13.webp","contentUrl":"https:\/\/prefeitosegestoes.com.br\/portal\/wp-content\/uploads\/2025\/02\/carnaval_fantasias_oscar_13.webp","width":1024,"height":768},{"@type":"BreadcrumbList","@id":"https:\/\/prefeitosegestoes.com.br\/portal\/carnaval-de-sao-paulo-tera-601-blocos-e-distribuicao-de-agua-gratuita\/#breadcrumb","itemListElement":[{"@type":"ListItem","position":1,"name":"In\u00edcio","item":"https:\/\/prefeitosegestoes.com.br\/portal\/"},{"@type":"ListItem","position":2,"name":"Carnaval de S\u00e3o Paulo ter\u00e1 601 blocos e distribui\u00e7\u00e3o de \u00e1gua gratuita"}]},{"@type":"WebSite","@id":"https:\/\/prefeitosegestoes.com.br\/portal\/#website","url":"https:\/\/prefeitosegestoes.com.br\/portal\/","name":"Prefeitos & Gest\u00f5es","description":"","publisher":{"@id":"https:\/\/prefeitosegestoes.com.br\/portal\/#organization"},"potentialAction":[{"@type":"SearchAction","target":{"@type":"EntryPoint","urlTemplate":"https:\/\/prefeitosegestoes.com.br\/portal\/?s={search_term_string}"},"query-input":{"@type":"PropertyValueSpecification","valueRequired":true,"valueName":"search_term_string"}}],"inLanguage":"pt-BR"},{"@type":"Organization","@id":"https:\/\/prefeitosegestoes.com.br\/portal\/#organization","name":"Prefeitos & Gest\u00f5es","url":"https:\/\/prefeitosegestoes.com.br\/portal\/","logo":{"@type":"ImageObject","inLanguage":"pt-BR","@id":"https:\/\/prefeitosegestoes.com.br\/portal\/#\/schema\/logo\/image\/","url":"https:\/\/prefeitosegestoes.com.br\/portal\/wp-content\/uploads\/2024\/10\/lg_trans_prefeitos_2024_preto2.png","contentUrl":"https:\/\/prefeitosegestoes.com.br\/portal\/wp-content\/uploads\/2024\/10\/lg_trans_prefeitos_2024_preto2.png","width":199,"height":122,"caption":"Prefeitos & Gest\u00f5es"},"image":{"@id":"https:\/\/prefeitosegestoes.com.br\/portal\/#\/schema\/logo\/image\/"},"sameAs":["https:\/\/www.facebook.com\/prefeitosonline","https:\/\/x.com\/PrefGestoes"]},{"@type":"Person","@id":"https:\/\/prefeitosegestoes.com.br\/portal\/#\/schema\/person\/d00059f2ec99963e7e1850d448ae94b8","name":"Prefeitos &amp; Gest\u00f5es","image":{"@type":"ImageObject","inLanguage":"pt-BR","@id":"https:\/\/secure.gravatar.com\/avatar\/738fb281e479212ed32c1a21a4307dda9f3af9292edb6918a16c9ce9fff5f48d?s=96&d=mm&r=g","url":"https:\/\/secure.gravatar.com\/avatar\/738fb281e479212ed32c1a21a4307dda9f3af9292edb6918a16c9ce9fff5f48d?s=96&d=mm&r=g","contentUrl":"https:\/\/secure.gravatar.com\/avatar\/738fb281e479212ed32c1a21a4307dda9f3af9292edb6918a16c9ce9fff5f48d?s=96&d=mm&r=g","caption":"Prefeitos &amp; Gest\u00f5es"},"url":"https:\/\/prefeitosegestoes.com.br\/portal\/author\/prefeitosegestoes\/"}]}},"_links":{"self":[{"href":"https:\/\/prefeitosegestoes.com.br\/portal\/wp-json\/wp\/v2\/posts\/3121","targetHints":{"allow":["GET"]}}],"collection":[{"href":"https:\/\/prefeitosegestoes.com.br\/portal\/wp-json\/wp\/v2\/posts"}],"about":[{"href":"https:\/\/prefeitosegestoes.com.br\/portal\/wp-json\/wp\/v2\/types\/post"}],"author":[{"embeddable":true,"href":"https:\/\/prefeitosegestoes.com.br\/portal\/wp-json\/wp\/v2\/users\/2"}],"replies":[{"embeddable":true,"href":"https:\/\/prefeitosegestoes.com.br\/portal\/wp-json\/wp\/v2\/comments?post=3121"}],"version-history":[{"count":1,"href":"https:\/\/prefeitosegestoes.com.br\/portal\/wp-json\/wp\/v2\/posts\/3121\/revisions"}],"predecessor-version":[{"id":3123,"href":"https:\/\/prefeitosegestoes.com.br\/portal\/wp-json\/wp\/v2\/posts\/3121\/revisions\/3123"}],"wp:featuredmedia":[{"embeddable":true,"href":"https:\/\/prefeitosegestoes.com.br\/portal\/wp-json\/wp\/v2\/media\/3122"}],"wp:attachment":[{"href":"https:\/\/prefeitosegestoes.com.br\/portal\/wp-json\/wp\/v2\/media?parent=3121"}],"wp:term":[{"taxonomy":"category","embeddable":true,"href":"https:\/\/prefeitosegestoes.com.br\/portal\/wp-json\/wp\/v2\/categories?post=3121"},{"taxonomy":"post_tag","embeddable":true,"href":"https:\/\/prefeitosegestoes.com.br\/portal\/wp-json\/wp\/v2\/tags?post=3121"}],"curies":[{"name":"wp","href":"https:\/\/api.w.org\/{rel}","templated":true}]}}