{"id":3118,"date":"2025-02-20T19:05:48","date_gmt":"2025-02-20T22:05:48","guid":{"rendered":"https:\/\/prefeitosegestoes.com.br\/portal\/?p=3118"},"modified":"2025-02-20T19:05:48","modified_gmt":"2025-02-20T22:05:48","slug":"senado-aprova-voto-de-aplauso-a-fernanda-torres-por-globo-de-ouro","status":"publish","type":"post","link":"https:\/\/prefeitosegestoes.com.br\/portal\/senado-aprova-voto-de-aplauso-a-fernanda-torres-por-globo-de-ouro\/","title":{"rendered":"Senado aprova voto de aplauso a Fernanda Torres por Globo de Ouro"},"content":{"rendered":"<p class=\"asset__title\">\n<div class=\"img-info\"><span class=\"img-credito\">\u00a0Vanessa Carvalho\/Brazil Photo Press\/Folhapress<\/span><\/div>\n<h2 class=\"asset__summary\">A atriz foi premiada por sua atua\u00e7\u00e3o no filme Ainda Estou Aqui.<\/h2>\n<div class=\"asset__actions\">\n<div class=\"asset__info\">\n<p class=\"asset__publisher\">Congresso em Foco<\/p>\n<p class=\"asset__date\">20\/02\/2025 | Atualizado \u00e0s 17h37<\/p>\n<\/div>\n<\/div>\n<div class=\"asset__content leitura-materia-106397\">\n<div class=\"html-content\">\n<p>O Plen\u00e1rio do Senado aprovou, nesta quarta-feira (19), um requerimento de voto de aplauso \u00e0 atriz Fernanda Torres por sua atua\u00e7\u00e3o no filme Ainda Estou Aqui, que lhe rendeu o pr\u00eamio de Melhor Atriz no Globo de Ouro, e pelo conjunto de sua obra.<\/p>\n<p>A iniciativa foi da senadora Leila Barros (PDT-DF), autora do requerimento (REQ 5\/2025), que destacou Fernanda Torres como &#8220;um dos maiores \u00edcones da dramaturgia brasileira&#8221;.<\/p>\n<p>Em sua justificativa, a parlamentar ressaltou que\u00a0<em>&#8220;sua trajet\u00f3ria, marcada por personagens profundos e inesquec\u00edveis, que nos fizeram rir e chorar, a coloca como uma das mais talentosas e respeitadas atrizes de sua gera\u00e7\u00e3o&#8221;.<\/em><\/p>\n<p>Al\u00e9m disso, afirmou que o reconhecimento internacional com o Globo de Ouro refor\u00e7a a import\u00e2ncia da atriz no cen\u00e1rio global.<\/p>\n<p>Durante a sess\u00e3o, Leila agradeceu aos colegas senadores pelo apoio \u00e0 homenagem, enfatizando que a celebra\u00e7\u00e3o tamb\u00e9m se estende ao cinema brasileiro como um todo e ao diretor do filme, Walter Salles.<\/p>\n<p><em>&#8220;O cinema brasileiro est\u00e1 vivendo um momento \u00fanico, um momento hist\u00f3rico. (&#8230;) Ainda Estou Aqui ainda concorre a melhor filme e a melhor filme estrangeiro, e Fernanda Torres concorre a melhor atriz no Oscar 2025. Vamos torcer; mar\u00e7o est\u00e1 chegando, e vamos fazer esta justa homenagem&#8221;<\/em>, afirmou.<\/p>\n<p>Fonte: Congresso em Foco<\/p>\n<\/div>\n<\/div>\n","protected":false},"excerpt":{"rendered":"<p>\u00a0Vanessa Carvalho\/Brazil Photo Press\/Folhapress A atriz foi premiada por sua atua\u00e7\u00e3o no filme Ainda Estou Aqui. Congresso em Foco 20\/02\/2025 | Atualizado \u00e0s 17h37 O Plen\u00e1rio do Senado aprovou, nesta quarta-feira (19), um requerimento de voto de aplauso \u00e0 atriz Fernanda Torres por sua atua\u00e7\u00e3o no filme Ainda Estou Aqui, que lhe rendeu o pr\u00eamio [&hellip;]<\/p>\n","protected":false},"author":2,"featured_media":3119,"comment_status":"open","ping_status":"open","sticky":false,"template":"","format":"standard","meta":{"rop_custom_images_group":[],"rop_custom_messages_group":[],"rop_publish_now":"initial","rop_publish_now_accounts":{"twitter_850042665852968960_850042665852968960":""},"rop_publish_now_history":[],"rop_publish_now_status":"pending","footnotes":""},"categories":[15],"tags":[497],"class_list":["post-3118","post","type-post","status-publish","format-standard","has-post-thumbnail","hentry","category-destaques","tag-aprovado-voto-de-aplauso-para-fernanda-torresfilme-ainda-estou-aqui"],"yoast_head":"<!-- This site is optimized with the Yoast SEO plugin v27.2 - https:\/\/yoast.com\/product\/yoast-seo-wordpress\/ -->\n<title>Senado aprova voto de aplauso a Fernanda Torres por Globo de Ouro - Prefeitos &amp; Gest\u00f5es<\/title>\n<meta name=\"description\" content=\"O Plen\u00e1rio do Senado aprovou, nesta quarta-feira (19), um requerimento de voto de aplauso \u00e0 atriz Fernanda Torres por sua atua\u00e7\u00e3o no filme Ainda Estou Aqui, que lhe rendeu o pr\u00eamio de Melhor Atriz no Globo de Ouro, e pelo conjunto de sua obra.\" \/>\n<meta name=\"robots\" content=\"index, follow, max-snippet:-1, max-image-preview:large, max-video-preview:-1\" \/>\n<link rel=\"canonical\" href=\"https:\/\/prefeitosegestoes.com.br\/portal\/senado-aprova-voto-de-aplauso-a-fernanda-torres-por-globo-de-ouro\/\" \/>\n<meta property=\"og:locale\" content=\"pt_BR\" \/>\n<meta property=\"og:type\" content=\"article\" \/>\n<meta property=\"og:title\" content=\"Senado aprova voto de aplauso a Fernanda Torres por Globo de Ouro - Prefeitos &amp; Gest\u00f5es\" \/>\n<meta property=\"og:description\" content=\"O Plen\u00e1rio do Senado aprovou, nesta quarta-feira (19), um requerimento de voto de aplauso \u00e0 atriz Fernanda Torres por sua atua\u00e7\u00e3o no filme Ainda Estou Aqui, que lhe rendeu o pr\u00eamio de Melhor Atriz no Globo de Ouro, e pelo conjunto de sua obra.\" \/>\n<meta property=\"og:url\" content=\"https:\/\/prefeitosegestoes.com.br\/portal\/senado-aprova-voto-de-aplauso-a-fernanda-torres-por-globo-de-ouro\/\" \/>\n<meta property=\"og:site_name\" content=\"Prefeitos &amp; Gest\u00f5es\" \/>\n<meta property=\"article:publisher\" content=\"https:\/\/www.facebook.com\/prefeitosonline\" \/>\n<meta property=\"article:published_time\" content=\"2025-02-20T22:05:48+00:00\" \/>\n<meta property=\"og:image\" content=\"https:\/\/prefeitosegestoes.com.br\/portal\/wp-content\/uploads\/2025\/02\/800x600_fernanda.jpg\" \/>\n\t<meta property=\"og:image:width\" content=\"922\" \/>\n\t<meta property=\"og:image:height\" content=\"692\" \/>\n\t<meta property=\"og:image:type\" content=\"image\/jpeg\" \/>\n<meta name=\"author\" content=\"Prefeitos &amp; Gest\u00f5es\" \/>\n<meta name=\"twitter:card\" content=\"summary_large_image\" \/>\n<meta name=\"twitter:creator\" content=\"@PrefGestoes\" \/>\n<meta name=\"twitter:site\" content=\"@PrefGestoes\" \/>\n<meta name=\"twitter:label1\" content=\"Escrito por\" \/>\n\t<meta name=\"twitter:data1\" content=\"Prefeitos &amp; Gest\u00f5es\" \/>\n\t<meta name=\"twitter:label2\" content=\"Est. tempo de leitura\" \/>\n\t<meta name=\"twitter:data2\" content=\"2 minutos\" \/>\n<script type=\"application\/ld+json\" class=\"yoast-schema-graph\">{\"@context\":\"https:\/\/schema.org\",\"@graph\":[{\"@type\":\"Article\",\"@id\":\"https:\/\/prefeitosegestoes.com.br\/portal\/senado-aprova-voto-de-aplauso-a-fernanda-torres-por-globo-de-ouro\/#article\",\"isPartOf\":{\"@id\":\"https:\/\/prefeitosegestoes.com.br\/portal\/senado-aprova-voto-de-aplauso-a-fernanda-torres-por-globo-de-ouro\/\"},\"author\":{\"name\":\"Prefeitos &amp; Gest\u00f5es\",\"@id\":\"https:\/\/prefeitosegestoes.com.br\/portal\/#\/schema\/person\/d00059f2ec99963e7e1850d448ae94b8\"},\"headline\":\"Senado aprova voto de aplauso a Fernanda Torres por Globo de Ouro\",\"datePublished\":\"2025-02-20T22:05:48+00:00\",\"mainEntityOfPage\":{\"@id\":\"https:\/\/prefeitosegestoes.com.br\/portal\/senado-aprova-voto-de-aplauso-a-fernanda-torres-por-globo-de-ouro\/\"},\"wordCount\":252,\"commentCount\":0,\"publisher\":{\"@id\":\"https:\/\/prefeitosegestoes.com.br\/portal\/#organization\"},\"image\":{\"@id\":\"https:\/\/prefeitosegestoes.com.br\/portal\/senado-aprova-voto-de-aplauso-a-fernanda-torres-por-globo-de-ouro\/#primaryimage\"},\"thumbnailUrl\":\"https:\/\/prefeitosegestoes.com.br\/portal\/wp-content\/uploads\/2025\/02\/800x600_fernanda.jpg\",\"keywords\":[\"aprovado voto de aplauso para Fernanda TorresFilme Ainda Estou Aqui\"],\"articleSection\":[\"Destaques\"],\"inLanguage\":\"pt-BR\",\"potentialAction\":[{\"@type\":\"CommentAction\",\"name\":\"Comment\",\"target\":[\"https:\/\/prefeitosegestoes.com.br\/portal\/senado-aprova-voto-de-aplauso-a-fernanda-torres-por-globo-de-ouro\/#respond\"]}]},{\"@type\":\"WebPage\",\"@id\":\"https:\/\/prefeitosegestoes.com.br\/portal\/senado-aprova-voto-de-aplauso-a-fernanda-torres-por-globo-de-ouro\/\",\"url\":\"https:\/\/prefeitosegestoes.com.br\/portal\/senado-aprova-voto-de-aplauso-a-fernanda-torres-por-globo-de-ouro\/\",\"name\":\"Senado aprova voto de aplauso a Fernanda Torres por Globo de Ouro - Prefeitos &amp; Gest\u00f5es\",\"isPartOf\":{\"@id\":\"https:\/\/prefeitosegestoes.com.br\/portal\/#website\"},\"primaryImageOfPage\":{\"@id\":\"https:\/\/prefeitosegestoes.com.br\/portal\/senado-aprova-voto-de-aplauso-a-fernanda-torres-por-globo-de-ouro\/#primaryimage\"},\"image\":{\"@id\":\"https:\/\/prefeitosegestoes.com.br\/portal\/senado-aprova-voto-de-aplauso-a-fernanda-torres-por-globo-de-ouro\/#primaryimage\"},\"thumbnailUrl\":\"https:\/\/prefeitosegestoes.com.br\/portal\/wp-content\/uploads\/2025\/02\/800x600_fernanda.jpg\",\"datePublished\":\"2025-02-20T22:05:48+00:00\",\"description\":\"O Plen\u00e1rio do Senado aprovou, nesta quarta-feira (19), um requerimento de voto de aplauso \u00e0 atriz Fernanda Torres por sua atua\u00e7\u00e3o no filme Ainda Estou Aqui, que lhe rendeu o pr\u00eamio de Melhor Atriz no Globo de Ouro, e pelo conjunto de sua obra.\",\"breadcrumb\":{\"@id\":\"https:\/\/prefeitosegestoes.com.br\/portal\/senado-aprova-voto-de-aplauso-a-fernanda-torres-por-globo-de-ouro\/#breadcrumb\"},\"inLanguage\":\"pt-BR\",\"potentialAction\":[{\"@type\":\"ReadAction\",\"target\":[\"https:\/\/prefeitosegestoes.com.br\/portal\/senado-aprova-voto-de-aplauso-a-fernanda-torres-por-globo-de-ouro\/\"]}]},{\"@type\":\"ImageObject\",\"inLanguage\":\"pt-BR\",\"@id\":\"https:\/\/prefeitosegestoes.com.br\/portal\/senado-aprova-voto-de-aplauso-a-fernanda-torres-por-globo-de-ouro\/#primaryimage\",\"url\":\"https:\/\/prefeitosegestoes.com.br\/portal\/wp-content\/uploads\/2025\/02\/800x600_fernanda.jpg\",\"contentUrl\":\"https:\/\/prefeitosegestoes.com.br\/portal\/wp-content\/uploads\/2025\/02\/800x600_fernanda.jpg\",\"width\":922,\"height\":692},{\"@type\":\"BreadcrumbList\",\"@id\":\"https:\/\/prefeitosegestoes.com.br\/portal\/senado-aprova-voto-de-aplauso-a-fernanda-torres-por-globo-de-ouro\/#breadcrumb\",\"itemListElement\":[{\"@type\":\"ListItem\",\"position\":1,\"name\":\"In\u00edcio\",\"item\":\"https:\/\/prefeitosegestoes.com.br\/portal\/\"},{\"@type\":\"ListItem\",\"position\":2,\"name\":\"Senado aprova voto de aplauso a Fernanda Torres por Globo de Ouro\"}]},{\"@type\":\"WebSite\",\"@id\":\"https:\/\/prefeitosegestoes.com.br\/portal\/#website\",\"url\":\"https:\/\/prefeitosegestoes.com.br\/portal\/\",\"name\":\"Prefeitos & Gest\u00f5es\",\"description\":\"\",\"publisher\":{\"@id\":\"https:\/\/prefeitosegestoes.com.br\/portal\/#organization\"},\"potentialAction\":[{\"@type\":\"SearchAction\",\"target\":{\"@type\":\"EntryPoint\",\"urlTemplate\":\"https:\/\/prefeitosegestoes.com.br\/portal\/?s={search_term_string}\"},\"query-input\":{\"@type\":\"PropertyValueSpecification\",\"valueRequired\":true,\"valueName\":\"search_term_string\"}}],\"inLanguage\":\"pt-BR\"},{\"@type\":\"Organization\",\"@id\":\"https:\/\/prefeitosegestoes.com.br\/portal\/#organization\",\"name\":\"Prefeitos & Gest\u00f5es\",\"url\":\"https:\/\/prefeitosegestoes.com.br\/portal\/\",\"logo\":{\"@type\":\"ImageObject\",\"inLanguage\":\"pt-BR\",\"@id\":\"https:\/\/prefeitosegestoes.com.br\/portal\/#\/schema\/logo\/image\/\",\"url\":\"https:\/\/prefeitosegestoes.com.br\/portal\/wp-content\/uploads\/2024\/10\/lg_trans_prefeitos_2024_preto2.png\",\"contentUrl\":\"https:\/\/prefeitosegestoes.com.br\/portal\/wp-content\/uploads\/2024\/10\/lg_trans_prefeitos_2024_preto2.png\",\"width\":199,\"height\":122,\"caption\":\"Prefeitos & Gest\u00f5es\"},\"image\":{\"@id\":\"https:\/\/prefeitosegestoes.com.br\/portal\/#\/schema\/logo\/image\/\"},\"sameAs\":[\"https:\/\/www.facebook.com\/prefeitosonline\",\"https:\/\/x.com\/PrefGestoes\"]},{\"@type\":\"Person\",\"@id\":\"https:\/\/prefeitosegestoes.com.br\/portal\/#\/schema\/person\/d00059f2ec99963e7e1850d448ae94b8\",\"name\":\"Prefeitos &amp; Gest\u00f5es\",\"image\":{\"@type\":\"ImageObject\",\"inLanguage\":\"pt-BR\",\"@id\":\"https:\/\/secure.gravatar.com\/avatar\/738fb281e479212ed32c1a21a4307dda9f3af9292edb6918a16c9ce9fff5f48d?s=96&d=mm&r=g\",\"url\":\"https:\/\/secure.gravatar.com\/avatar\/738fb281e479212ed32c1a21a4307dda9f3af9292edb6918a16c9ce9fff5f48d?s=96&d=mm&r=g\",\"contentUrl\":\"https:\/\/secure.gravatar.com\/avatar\/738fb281e479212ed32c1a21a4307dda9f3af9292edb6918a16c9ce9fff5f48d?s=96&d=mm&r=g\",\"caption\":\"Prefeitos &amp; Gest\u00f5es\"},\"url\":\"https:\/\/prefeitosegestoes.com.br\/portal\/author\/prefeitosegestoes\/\"}]}<\/script>\n<!-- \/ Yoast SEO plugin. -->","yoast_head_json":{"title":"Senado aprova voto de aplauso a Fernanda Torres por Globo de Ouro - Prefeitos &amp; Gest\u00f5es","description":"O Plen\u00e1rio do Senado aprovou, nesta quarta-feira (19), um requerimento de voto de aplauso \u00e0 atriz Fernanda Torres por sua atua\u00e7\u00e3o no filme Ainda Estou Aqui, que lhe rendeu o pr\u00eamio de Melhor Atriz no Globo de Ouro, e pelo conjunto de sua obra.","robots":{"index":"index","follow":"follow","max-snippet":"max-snippet:-1","max-image-preview":"max-image-preview:large","max-video-preview":"max-video-preview:-1"},"canonical":"https:\/\/prefeitosegestoes.com.br\/portal\/senado-aprova-voto-de-aplauso-a-fernanda-torres-por-globo-de-ouro\/","og_locale":"pt_BR","og_type":"article","og_title":"Senado aprova voto de aplauso a Fernanda Torres por Globo de Ouro - Prefeitos &amp; Gest\u00f5es","og_description":"O Plen\u00e1rio do Senado aprovou, nesta quarta-feira (19), um requerimento de voto de aplauso \u00e0 atriz Fernanda Torres por sua atua\u00e7\u00e3o no filme Ainda Estou Aqui, que lhe rendeu o pr\u00eamio de Melhor Atriz no Globo de Ouro, e pelo conjunto de sua obra.","og_url":"https:\/\/prefeitosegestoes.com.br\/portal\/senado-aprova-voto-de-aplauso-a-fernanda-torres-por-globo-de-ouro\/","og_site_name":"Prefeitos &amp; Gest\u00f5es","article_publisher":"https:\/\/www.facebook.com\/prefeitosonline","article_published_time":"2025-02-20T22:05:48+00:00","og_image":[{"width":922,"height":692,"url":"https:\/\/prefeitosegestoes.com.br\/portal\/wp-content\/uploads\/2025\/02\/800x600_fernanda.jpg","type":"image\/jpeg"}],"author":"Prefeitos &amp; Gest\u00f5es","twitter_card":"summary_large_image","twitter_creator":"@PrefGestoes","twitter_site":"@PrefGestoes","twitter_misc":{"Escrito por":"Prefeitos &amp; Gest\u00f5es","Est. tempo de leitura":"2 minutos"},"schema":{"@context":"https:\/\/schema.org","@graph":[{"@type":"Article","@id":"https:\/\/prefeitosegestoes.com.br\/portal\/senado-aprova-voto-de-aplauso-a-fernanda-torres-por-globo-de-ouro\/#article","isPartOf":{"@id":"https:\/\/prefeitosegestoes.com.br\/portal\/senado-aprova-voto-de-aplauso-a-fernanda-torres-por-globo-de-ouro\/"},"author":{"name":"Prefeitos &amp; Gest\u00f5es","@id":"https:\/\/prefeitosegestoes.com.br\/portal\/#\/schema\/person\/d00059f2ec99963e7e1850d448ae94b8"},"headline":"Senado aprova voto de aplauso a Fernanda Torres por Globo de Ouro","datePublished":"2025-02-20T22:05:48+00:00","mainEntityOfPage":{"@id":"https:\/\/prefeitosegestoes.com.br\/portal\/senado-aprova-voto-de-aplauso-a-fernanda-torres-por-globo-de-ouro\/"},"wordCount":252,"commentCount":0,"publisher":{"@id":"https:\/\/prefeitosegestoes.com.br\/portal\/#organization"},"image":{"@id":"https:\/\/prefeitosegestoes.com.br\/portal\/senado-aprova-voto-de-aplauso-a-fernanda-torres-por-globo-de-ouro\/#primaryimage"},"thumbnailUrl":"https:\/\/prefeitosegestoes.com.br\/portal\/wp-content\/uploads\/2025\/02\/800x600_fernanda.jpg","keywords":["aprovado voto de aplauso para Fernanda TorresFilme Ainda Estou Aqui"],"articleSection":["Destaques"],"inLanguage":"pt-BR","potentialAction":[{"@type":"CommentAction","name":"Comment","target":["https:\/\/prefeitosegestoes.com.br\/portal\/senado-aprova-voto-de-aplauso-a-fernanda-torres-por-globo-de-ouro\/#respond"]}]},{"@type":"WebPage","@id":"https:\/\/prefeitosegestoes.com.br\/portal\/senado-aprova-voto-de-aplauso-a-fernanda-torres-por-globo-de-ouro\/","url":"https:\/\/prefeitosegestoes.com.br\/portal\/senado-aprova-voto-de-aplauso-a-fernanda-torres-por-globo-de-ouro\/","name":"Senado aprova voto de aplauso a Fernanda Torres por Globo de Ouro - Prefeitos &amp; Gest\u00f5es","isPartOf":{"@id":"https:\/\/prefeitosegestoes.com.br\/portal\/#website"},"primaryImageOfPage":{"@id":"https:\/\/prefeitosegestoes.com.br\/portal\/senado-aprova-voto-de-aplauso-a-fernanda-torres-por-globo-de-ouro\/#primaryimage"},"image":{"@id":"https:\/\/prefeitosegestoes.com.br\/portal\/senado-aprova-voto-de-aplauso-a-fernanda-torres-por-globo-de-ouro\/#primaryimage"},"thumbnailUrl":"https:\/\/prefeitosegestoes.com.br\/portal\/wp-content\/uploads\/2025\/02\/800x600_fernanda.jpg","datePublished":"2025-02-20T22:05:48+00:00","description":"O Plen\u00e1rio do Senado aprovou, nesta quarta-feira (19), um requerimento de voto de aplauso \u00e0 atriz Fernanda Torres por sua atua\u00e7\u00e3o no filme Ainda Estou Aqui, que lhe rendeu o pr\u00eamio de Melhor Atriz no Globo de Ouro, e pelo conjunto de sua obra.","breadcrumb":{"@id":"https:\/\/prefeitosegestoes.com.br\/portal\/senado-aprova-voto-de-aplauso-a-fernanda-torres-por-globo-de-ouro\/#breadcrumb"},"inLanguage":"pt-BR","potentialAction":[{"@type":"ReadAction","target":["https:\/\/prefeitosegestoes.com.br\/portal\/senado-aprova-voto-de-aplauso-a-fernanda-torres-por-globo-de-ouro\/"]}]},{"@type":"ImageObject","inLanguage":"pt-BR","@id":"https:\/\/prefeitosegestoes.com.br\/portal\/senado-aprova-voto-de-aplauso-a-fernanda-torres-por-globo-de-ouro\/#primaryimage","url":"https:\/\/prefeitosegestoes.com.br\/portal\/wp-content\/uploads\/2025\/02\/800x600_fernanda.jpg","contentUrl":"https:\/\/prefeitosegestoes.com.br\/portal\/wp-content\/uploads\/2025\/02\/800x600_fernanda.jpg","width":922,"height":692},{"@type":"BreadcrumbList","@id":"https:\/\/prefeitosegestoes.com.br\/portal\/senado-aprova-voto-de-aplauso-a-fernanda-torres-por-globo-de-ouro\/#breadcrumb","itemListElement":[{"@type":"ListItem","position":1,"name":"In\u00edcio","item":"https:\/\/prefeitosegestoes.com.br\/portal\/"},{"@type":"ListItem","position":2,"name":"Senado aprova voto de aplauso a Fernanda Torres por Globo de Ouro"}]},{"@type":"WebSite","@id":"https:\/\/prefeitosegestoes.com.br\/portal\/#website","url":"https:\/\/prefeitosegestoes.com.br\/portal\/","name":"Prefeitos & Gest\u00f5es","description":"","publisher":{"@id":"https:\/\/prefeitosegestoes.com.br\/portal\/#organization"},"potentialAction":[{"@type":"SearchAction","target":{"@type":"EntryPoint","urlTemplate":"https:\/\/prefeitosegestoes.com.br\/portal\/?s={search_term_string}"},"query-input":{"@type":"PropertyValueSpecification","valueRequired":true,"valueName":"search_term_string"}}],"inLanguage":"pt-BR"},{"@type":"Organization","@id":"https:\/\/prefeitosegestoes.com.br\/portal\/#organization","name":"Prefeitos & Gest\u00f5es","url":"https:\/\/prefeitosegestoes.com.br\/portal\/","logo":{"@type":"ImageObject","inLanguage":"pt-BR","@id":"https:\/\/prefeitosegestoes.com.br\/portal\/#\/schema\/logo\/image\/","url":"https:\/\/prefeitosegestoes.com.br\/portal\/wp-content\/uploads\/2024\/10\/lg_trans_prefeitos_2024_preto2.png","contentUrl":"https:\/\/prefeitosegestoes.com.br\/portal\/wp-content\/uploads\/2024\/10\/lg_trans_prefeitos_2024_preto2.png","width":199,"height":122,"caption":"Prefeitos & Gest\u00f5es"},"image":{"@id":"https:\/\/prefeitosegestoes.com.br\/portal\/#\/schema\/logo\/image\/"},"sameAs":["https:\/\/www.facebook.com\/prefeitosonline","https:\/\/x.com\/PrefGestoes"]},{"@type":"Person","@id":"https:\/\/prefeitosegestoes.com.br\/portal\/#\/schema\/person\/d00059f2ec99963e7e1850d448ae94b8","name":"Prefeitos &amp; Gest\u00f5es","image":{"@type":"ImageObject","inLanguage":"pt-BR","@id":"https:\/\/secure.gravatar.com\/avatar\/738fb281e479212ed32c1a21a4307dda9f3af9292edb6918a16c9ce9fff5f48d?s=96&d=mm&r=g","url":"https:\/\/secure.gravatar.com\/avatar\/738fb281e479212ed32c1a21a4307dda9f3af9292edb6918a16c9ce9fff5f48d?s=96&d=mm&r=g","contentUrl":"https:\/\/secure.gravatar.com\/avatar\/738fb281e479212ed32c1a21a4307dda9f3af9292edb6918a16c9ce9fff5f48d?s=96&d=mm&r=g","caption":"Prefeitos &amp; Gest\u00f5es"},"url":"https:\/\/prefeitosegestoes.com.br\/portal\/author\/prefeitosegestoes\/"}]}},"_links":{"self":[{"href":"https:\/\/prefeitosegestoes.com.br\/portal\/wp-json\/wp\/v2\/posts\/3118","targetHints":{"allow":["GET"]}}],"collection":[{"href":"https:\/\/prefeitosegestoes.com.br\/portal\/wp-json\/wp\/v2\/posts"}],"about":[{"href":"https:\/\/prefeitosegestoes.com.br\/portal\/wp-json\/wp\/v2\/types\/post"}],"author":[{"embeddable":true,"href":"https:\/\/prefeitosegestoes.com.br\/portal\/wp-json\/wp\/v2\/users\/2"}],"replies":[{"embeddable":true,"href":"https:\/\/prefeitosegestoes.com.br\/portal\/wp-json\/wp\/v2\/comments?post=3118"}],"version-history":[{"count":1,"href":"https:\/\/prefeitosegestoes.com.br\/portal\/wp-json\/wp\/v2\/posts\/3118\/revisions"}],"predecessor-version":[{"id":3120,"href":"https:\/\/prefeitosegestoes.com.br\/portal\/wp-json\/wp\/v2\/posts\/3118\/revisions\/3120"}],"wp:featuredmedia":[{"embeddable":true,"href":"https:\/\/prefeitosegestoes.com.br\/portal\/wp-json\/wp\/v2\/media\/3119"}],"wp:attachment":[{"href":"https:\/\/prefeitosegestoes.com.br\/portal\/wp-json\/wp\/v2\/media?parent=3118"}],"wp:term":[{"taxonomy":"category","embeddable":true,"href":"https:\/\/prefeitosegestoes.com.br\/portal\/wp-json\/wp\/v2\/categories?post=3118"},{"taxonomy":"post_tag","embeddable":true,"href":"https:\/\/prefeitosegestoes.com.br\/portal\/wp-json\/wp\/v2\/tags?post=3118"}],"curies":[{"name":"wp","href":"https:\/\/api.w.org\/{rel}","templated":true}]}}