{"id":3115,"date":"2025-02-20T18:58:56","date_gmt":"2025-02-20T21:58:56","guid":{"rendered":"https:\/\/prefeitosegestoes.com.br\/portal\/?p=3115"},"modified":"2025-02-20T18:58:56","modified_gmt":"2025-02-20T21:58:56","slug":"licenciamento-ambiental-sera-foco-na-comissao-de-agricultura-do-senado","status":"publish","type":"post","link":"https:\/\/prefeitosegestoes.com.br\/portal\/licenciamento-ambiental-sera-foco-na-comissao-de-agricultura-do-senado\/","title":{"rendered":"Licenciamento ambiental ser\u00e1 foco na Comiss\u00e3o de Agricultura do Senado"},"content":{"rendered":"<div class=\"container\">\n<div class=\"columns\">\n<div class=\"columns__middle\">\n<div class=\"mb-40\">\n<div class=\"ng-star-inserted\">\n<div class=\"widget\">\n<div class=\"widget__row\">\n<div class=\"widget__column\">\n<div class=\"ng-star-inserted\">\n<div class=\"asset\">\n<div class=\"titulo-foto\">\n<h6>Cachoeiras de Macacu (RJ) 25\/11\/2024 \u2013 Um Jequitib\u00e1-rosa (Cariniana legalis) milenar, com mais de 40 metros de altura, \u00e9 observado pelo guarda-parque Leomir Ferreira no Parque Estadual dos Tr\u00eas Picos, que recebe monitoramento do Projeto Guapia\u00e7u para restaura\u00e7\u00e3o da Mata Atl\u00e2ntica e educa\u00e7\u00e3o ambiental. Foto: Fernando Fraz\u00e3o\/Ag\u00eancia Brasil<\/h6>\n<\/div>\n<h2 class=\"asset__summary\">O presidente da Comiss\u00e3o de Agricultura do Senado, Zequinha Marinho, ressaltou que o licenciamento ambiental beneficiar\u00e1 qualquer segmento da economia.<\/h2>\n<div class=\"asset__actions\">\n<div class=\"asset__info\">\n<p class=\"asset__publisher\">Congresso em Foco<\/p>\n<p class=\"asset__date\">20\/02\/2025 | Atualizado \u00e0s 16h00<\/p>\n<\/div>\n<div class=\"asset__font-size\"><span class=\"asset__font-size--decrease\">A-<\/span><span class=\"asset__font-size--increase\">A+<\/span><\/div>\n<\/div>\n<div class=\"share\">\n<div class=\"share-social\"><span class=\"share-title\">COMPARTILHE ESTA NOT\u00cdCIA<\/span><\/p>\n<div class=\"share-icons\"><\/div>\n<\/div>\n<\/div>\n<div class=\"asset__content leitura-materia-106407\">\n<div class=\"html-content\">\n<p>O projeto que estabelece a Lei geral do licenciamento ambiental (PL 2.159\/2021), em debate no Congresso Nacional h\u00e1 mais de duas d\u00e9cadas, foi destacado como uma prioridade pelo novo presidente da Comiss\u00e3o de Agricultura e Reforma Agr\u00e1ria (CRA). O senador\u00a0<a class=\"parlLink ignore-hover\" href=\"https:\/\/radar.congressoemfoco.com.br\/parlamentar\/23806\/perfil\" target=\"_blank\" rel=\"noopener noreferrer\">Zequinha Marinho<\/a>\u00a0(Podemos-PA), que assumiu a coordena\u00e7\u00e3o dos trabalhos do colegiado para os pr\u00f3ximos dois anos, enfatizou a necessidade de uma legisla\u00e7\u00e3o atualizada e menos burocr\u00e1tica, visando garantir seguran\u00e7a jur\u00eddica, fomentar a produ\u00e7\u00e3o e estimular o desenvolvimento econ\u00f4mico do Brasil.<\/p>\n<p>&#8220;O licenciamento ambiental, al\u00e9m de ser importante, \u00e9 urgente. Isso n\u00e3o beneficiar\u00e1 apenas o setor agropecu\u00e1rio, mas qualquer segmento da economia, uma vez que praticamente todas as atividades exigem uma licen\u00e7a ambiental para serem realizadas. O modelo atual, embora tenha sido funcional at\u00e9 agora, \u00e9 considerado arcaico, antiquado, burocr\u00e1tico e lento. O Brasil precisa acelerar seus processos produtivos e fazer a economia girar&#8221;, disse o senador em entrevista \u00e0 TV Senado.<\/p>\n<p>O projeto, que se encontra em tramita\u00e7\u00e3o simult\u00e2nea na CRA e na Comiss\u00e3o de Meio Ambiente (CMA), possui duas relatorias distintas. Na CRA, a senadora\u00a0<a class=\"parlLink ignore-hover\" href=\"https:\/\/radar.congressoemfoco.com.br\/parlamentar\/25736\/perfil\" target=\"_blank\" rel=\"noopener noreferrer\">Tereza Cristina<\/a>\u00a0(PP-MS) \u00e9 a respons\u00e1vel pela elabora\u00e7\u00e3o do parecer, enquanto na CMA, o senador\u00a0<a class=\"parlLink ignore-hover\" href=\"https:\/\/radar.congressoemfoco.com.br\/parlamentar\/2475\/perfil\" target=\"_blank\" rel=\"noopener noreferrer\">Conf\u00facio Moura<\/a>\u00a0(MDB-RO) assume essa fun\u00e7\u00e3o. O texto gera um embate entre ambientalistas, que defendem um rigor na emiss\u00e3o de licen\u00e7as e alegam que o PL pode significar o fim do licenciamento para a maioria das obras e empresas que causam polui\u00e7\u00e3o e desmatamento, colocando em risco o meio ambiente e a sociedade, e os setores produtivos, como a agricultura e a pecu\u00e1ria, que pleiteiam regras mais simples para facilitar o desenvolvimento econ\u00f4mico do Brasil.<\/p>\n<p>Zequinha Marinho expressou essa diverg\u00eancia ao informar que, na sua presid\u00eancia, buscar\u00e1 o di\u00e1logo com os dois relatores para alcan\u00e7ar um consenso e permitir que a mat\u00e9ria avance na Casa. &#8220;Se conseguirmos aprovar, o que \u00e9 un\u00e2nime, precisamos apenas conciliar a relatora da CRA com o relator da CMA, para evitar pareceres distintos. Vamos trabalhar nesse sentido, buscando a concilia\u00e7\u00e3o e demonstrando a necessidade de pautar a mat\u00e9ria na comiss\u00e3o, para que o projeto avance at\u00e9 o Plen\u00e1rio&#8221;, complementou.<\/p>\n<p>O licenciamento, previsto na Constitui\u00e7\u00e3o (art. 225) e na Pol\u00edtica Nacional de Meio Ambiente (Lei 6.938, de 1981), \u00e9 atualmente realizado com base na Resolu\u00e7\u00e3o do Conselho Nacional do Meio Ambiente (Conama) 237\/1997. A senadora Tereza Cristina informou, durante a reuni\u00e3o de elei\u00e7\u00e3o para a presid\u00eancia da CRA, que seu relat\u00f3rio est\u00e1 pronto para vota\u00e7\u00e3o. Contudo, ela reconhece a necessidade de encontrar caminhos de converg\u00eancia com o relator da CMA para que a proposta avance.<\/p>\n<p>&#8220;Se n\u00e3o conseguirmos nos acertar na maioria dos pontos, ser\u00e1 dif\u00edcil votar dois relat\u00f3rios completamente diferentes no Plen\u00e1rio no mesmo dia. Essa \u00e9 a nossa dificuldade. No entanto, estamos progredindo com o senador Conf\u00facio. Hoje [quarta-feira], j\u00e1 resolvemos muitas diverg\u00eancias (que nem s\u00e3o diverg\u00eancias, mas pontos de entendimento). Precisamos de uma lei moderna, \u00e1gil, mas que tamb\u00e9m proteja o meio ambiente, e o Brasil \u00e9 um l\u00edder nessa prote\u00e7\u00e3o. O Brasil \u00e9 campe\u00e3o n\u00e3o apenas na agricultura, mas tamb\u00e9m na prote\u00e7\u00e3o ambiental&#8221;, declarou a senadora na quarta-feira.<\/p>\n<p>e j\u00e1 foi pautado por ambas as comiss\u00f5es nos \u00faltimos dois anos, mas teve sua vota\u00e7\u00e3o adiada por falta de consenso, aborda tipos e dispensas de licenciamento, prazos, responsabilidades e autodeclara\u00e7\u00e3o do empreendedor, entre outras particularidades que se aplicam a todos os entes da Federa\u00e7\u00e3o. Segundo o projeto, o licenciamento ambiental deve priorizar a participa\u00e7\u00e3o p\u00fablica, a transpar\u00eancia, a preponder\u00e2ncia do interesse p\u00fablico, a celeridade e a economia processual, a preven\u00e7\u00e3o de danos ambientais, o desenvolvimento sustent\u00e1vel e a an\u00e1lise dos impactos e riscos ambientais.<\/p>\n<p>Um dos objetivos, conforme o texto, \u00e9 assegurar a seguran\u00e7a jur\u00eddica estabelecida pela Pol\u00edtica Nacional de Meio Ambiente (PNMA). De acordo com o projeto, as diretrizes para o licenciamento ambiental incluem: a avalia\u00e7\u00e3o de impactos visando o desenvolvimento sustent\u00e1vel; a participa\u00e7\u00e3o da sociedade, incluindo a consulta a comunidades e especialistas; a transpar\u00eancia das informa\u00e7\u00f5es; a busca por benef\u00edcios ambientais; o monitoramento de empreendimentos em opera\u00e7\u00e3o ou desativados; e a redu\u00e7\u00e3o das emiss\u00f5es de gases de efeito estufa e das mudan\u00e7as clim\u00e1ticas.<\/p>\n<p>Atualmente, a isen\u00e7\u00e3o do licenciamento j\u00e1 \u00e9 aplicada a determinadas atividades por meio de ato normativo que abrange situa\u00e7\u00f5es gerais ou por decis\u00e3o administrativa da entidade licenciadora em casos espec\u00edficos. A inova\u00e7\u00e3o do projeto reside na regulamenta\u00e7\u00e3o das isen\u00e7\u00f5es de licenciamento por norma geral, independentemente do porte ou localidade.<\/p>\n<\/div>\n<\/div>\n<div class=\"share share--bottom\"><a class=\"share-news\" title=\"Google News\" href=\"https:\/\/news.google.com\/publications\/CAAqBwgKMKzRlQswnbarAw?hl=pt-BR&amp;gl=BR&amp;ceid=BR%3Apt-419\" target=\"_blank\" rel=\"noopener\"><span class=\"share-news--texto\">Siga-nos no<\/span><img decoding=\"async\" class=\"share-news--icon\" title=\"Google News\" src=\"https:\/\/www.congressoemfoco.com.br\/assets\/images\/google-news.png\" alt=\"Google News\" width=\"100\" height=\"20\" \/><\/a><\/div>\n<div>Fonte: G1<\/div>\n<\/div>\n<\/div>\n<\/div>\n<\/div>\n<\/div>\n<\/div>\n<\/div>\n<\/div>\n<\/div>\n<\/div>\n","protected":false},"excerpt":{"rendered":"<p>Cachoeiras de Macacu (RJ) 25\/11\/2024 \u2013 Um Jequitib\u00e1-rosa (Cariniana legalis) milenar, com mais de 40 metros de altura, \u00e9 observado pelo guarda-parque Leomir Ferreira no Parque Estadual dos Tr\u00eas Picos, que recebe monitoramento do Projeto Guapia\u00e7u para restaura\u00e7\u00e3o da Mata Atl\u00e2ntica e educa\u00e7\u00e3o ambiental. Foto: Fernando Fraz\u00e3o\/Ag\u00eancia Brasil O presidente da Comiss\u00e3o de Agricultura do [&hellip;]<\/p>\n","protected":false},"author":2,"featured_media":3116,"comment_status":"open","ping_status":"open","sticky":false,"template":"","format":"standard","meta":{"rop_custom_images_group":[],"rop_custom_messages_group":[],"rop_publish_now":"initial","rop_publish_now_accounts":{"twitter_850042665852968960_850042665852968960":""},"rop_publish_now_history":[],"rop_publish_now_status":"pending","footnotes":""},"categories":[15],"tags":[495,362,496,257],"class_list":["post-3115","post","type-post","status-publish","format-standard","has-post-thumbnail","hentry","category-destaques","tag-agricultura","tag-congresso-nacional","tag-licenciamento","tag-senado"],"yoast_head":"<!-- This site is optimized with the Yoast SEO plugin v27.2 - https:\/\/yoast.com\/product\/yoast-seo-wordpress\/ -->\n<title>Licenciamento ambiental ser\u00e1 foco na Comiss\u00e3o de Agricultura do Senado - Prefeitos &amp; Gest\u00f5es<\/title>\n<meta name=\"description\" content=\"O projeto que estabelece a Lei geral do licenciamento ambiental (PL 2.159\/2021), em debate no Congresso Nacional h\u00e1 mais de duas d\u00e9cadas, foi destacado como uma prioridade pelo novo presidente da Comiss\u00e3o de Agricultura e Reforma Agr\u00e1ria (CRA). O senador\u00a0Zequinha Marinho\u00a0(Podemos-PA), que assumiu a coordena\u00e7\u00e3o dos trabalhos do colegiado para os pr\u00f3ximos dois anos, enfatizou a necessidade de uma legisla\u00e7\u00e3o atualizada e menos burocr\u00e1tica, visando garantir seguran\u00e7a jur\u00eddica, fomentar a produ\u00e7\u00e3o e estimular o desenvolvimento econ\u00f4mico do Brasil.\" \/>\n<meta name=\"robots\" content=\"index, follow, max-snippet:-1, max-image-preview:large, max-video-preview:-1\" \/>\n<link rel=\"canonical\" href=\"https:\/\/prefeitosegestoes.com.br\/portal\/licenciamento-ambiental-sera-foco-na-comissao-de-agricultura-do-senado\/\" \/>\n<meta property=\"og:locale\" content=\"pt_BR\" \/>\n<meta property=\"og:type\" content=\"article\" \/>\n<meta property=\"og:title\" content=\"Licenciamento ambiental ser\u00e1 foco na Comiss\u00e3o de Agricultura do Senado - Prefeitos &amp; Gest\u00f5es\" \/>\n<meta property=\"og:description\" content=\"O projeto que estabelece a Lei geral do licenciamento ambiental (PL 2.159\/2021), em debate no Congresso Nacional h\u00e1 mais de duas d\u00e9cadas, foi destacado como uma prioridade pelo novo presidente da Comiss\u00e3o de Agricultura e Reforma Agr\u00e1ria (CRA). O senador\u00a0Zequinha Marinho\u00a0(Podemos-PA), que assumiu a coordena\u00e7\u00e3o dos trabalhos do colegiado para os pr\u00f3ximos dois anos, enfatizou a necessidade de uma legisla\u00e7\u00e3o atualizada e menos burocr\u00e1tica, visando garantir seguran\u00e7a jur\u00eddica, fomentar a produ\u00e7\u00e3o e estimular o desenvolvimento econ\u00f4mico do Brasil.\" \/>\n<meta property=\"og:url\" content=\"https:\/\/prefeitosegestoes.com.br\/portal\/licenciamento-ambiental-sera-foco-na-comissao-de-agricultura-do-senado\/\" \/>\n<meta property=\"og:site_name\" content=\"Prefeitos &amp; Gest\u00f5es\" \/>\n<meta property=\"article:publisher\" content=\"https:\/\/www.facebook.com\/prefeitosonline\" \/>\n<meta property=\"article:published_time\" content=\"2025-02-20T21:58:56+00:00\" \/>\n<meta property=\"og:image\" content=\"https:\/\/prefeitosegestoes.com.br\/portal\/wp-content\/uploads\/2025\/02\/dscf0214-3.webp\" \/>\n\t<meta property=\"og:image:width\" content=\"1024\" \/>\n\t<meta property=\"og:image:height\" content=\"768\" \/>\n\t<meta property=\"og:image:type\" content=\"image\/webp\" \/>\n<meta name=\"author\" content=\"Prefeitos &amp; Gest\u00f5es\" \/>\n<meta name=\"twitter:card\" content=\"summary_large_image\" \/>\n<meta name=\"twitter:creator\" content=\"@PrefGestoes\" \/>\n<meta name=\"twitter:site\" content=\"@PrefGestoes\" \/>\n<meta name=\"twitter:label1\" content=\"Escrito por\" \/>\n\t<meta name=\"twitter:data1\" content=\"Prefeitos &amp; Gest\u00f5es\" \/>\n\t<meta name=\"twitter:label2\" content=\"Est. tempo de leitura\" \/>\n\t<meta name=\"twitter:data2\" content=\"5 minutos\" \/>\n<script type=\"application\/ld+json\" class=\"yoast-schema-graph\">{\"@context\":\"https:\/\/schema.org\",\"@graph\":[{\"@type\":\"Article\",\"@id\":\"https:\/\/prefeitosegestoes.com.br\/portal\/licenciamento-ambiental-sera-foco-na-comissao-de-agricultura-do-senado\/#article\",\"isPartOf\":{\"@id\":\"https:\/\/prefeitosegestoes.com.br\/portal\/licenciamento-ambiental-sera-foco-na-comissao-de-agricultura-do-senado\/\"},\"author\":{\"name\":\"Prefeitos &amp; Gest\u00f5es\",\"@id\":\"https:\/\/prefeitosegestoes.com.br\/portal\/#\/schema\/person\/d00059f2ec99963e7e1850d448ae94b8\"},\"headline\":\"Licenciamento ambiental ser\u00e1 foco na Comiss\u00e3o de Agricultura do Senado\",\"datePublished\":\"2025-02-20T21:58:56+00:00\",\"mainEntityOfPage\":{\"@id\":\"https:\/\/prefeitosegestoes.com.br\/portal\/licenciamento-ambiental-sera-foco-na-comissao-de-agricultura-do-senado\/\"},\"wordCount\":902,\"commentCount\":0,\"publisher\":{\"@id\":\"https:\/\/prefeitosegestoes.com.br\/portal\/#organization\"},\"image\":{\"@id\":\"https:\/\/prefeitosegestoes.com.br\/portal\/licenciamento-ambiental-sera-foco-na-comissao-de-agricultura-do-senado\/#primaryimage\"},\"thumbnailUrl\":\"https:\/\/prefeitosegestoes.com.br\/portal\/wp-content\/uploads\/2025\/02\/dscf0214-3.webp\",\"keywords\":[\"Agricultura\",\"Congresso Nacional\",\"Licenciamento\",\"Senado\"],\"articleSection\":[\"Destaques\"],\"inLanguage\":\"pt-BR\",\"potentialAction\":[{\"@type\":\"CommentAction\",\"name\":\"Comment\",\"target\":[\"https:\/\/prefeitosegestoes.com.br\/portal\/licenciamento-ambiental-sera-foco-na-comissao-de-agricultura-do-senado\/#respond\"]}]},{\"@type\":\"WebPage\",\"@id\":\"https:\/\/prefeitosegestoes.com.br\/portal\/licenciamento-ambiental-sera-foco-na-comissao-de-agricultura-do-senado\/\",\"url\":\"https:\/\/prefeitosegestoes.com.br\/portal\/licenciamento-ambiental-sera-foco-na-comissao-de-agricultura-do-senado\/\",\"name\":\"Licenciamento ambiental ser\u00e1 foco na Comiss\u00e3o de Agricultura do Senado - Prefeitos &amp; Gest\u00f5es\",\"isPartOf\":{\"@id\":\"https:\/\/prefeitosegestoes.com.br\/portal\/#website\"},\"primaryImageOfPage\":{\"@id\":\"https:\/\/prefeitosegestoes.com.br\/portal\/licenciamento-ambiental-sera-foco-na-comissao-de-agricultura-do-senado\/#primaryimage\"},\"image\":{\"@id\":\"https:\/\/prefeitosegestoes.com.br\/portal\/licenciamento-ambiental-sera-foco-na-comissao-de-agricultura-do-senado\/#primaryimage\"},\"thumbnailUrl\":\"https:\/\/prefeitosegestoes.com.br\/portal\/wp-content\/uploads\/2025\/02\/dscf0214-3.webp\",\"datePublished\":\"2025-02-20T21:58:56+00:00\",\"description\":\"O projeto que estabelece a Lei geral do licenciamento ambiental (PL 2.159\/2021), em debate no Congresso Nacional h\u00e1 mais de duas d\u00e9cadas, foi destacado como uma prioridade pelo novo presidente da Comiss\u00e3o de Agricultura e Reforma Agr\u00e1ria (CRA). O senador\u00a0Zequinha Marinho\u00a0(Podemos-PA), que assumiu a coordena\u00e7\u00e3o dos trabalhos do colegiado para os pr\u00f3ximos dois anos, enfatizou a necessidade de uma legisla\u00e7\u00e3o atualizada e menos burocr\u00e1tica, visando garantir seguran\u00e7a jur\u00eddica, fomentar a produ\u00e7\u00e3o e estimular o desenvolvimento econ\u00f4mico do Brasil.\",\"breadcrumb\":{\"@id\":\"https:\/\/prefeitosegestoes.com.br\/portal\/licenciamento-ambiental-sera-foco-na-comissao-de-agricultura-do-senado\/#breadcrumb\"},\"inLanguage\":\"pt-BR\",\"potentialAction\":[{\"@type\":\"ReadAction\",\"target\":[\"https:\/\/prefeitosegestoes.com.br\/portal\/licenciamento-ambiental-sera-foco-na-comissao-de-agricultura-do-senado\/\"]}]},{\"@type\":\"ImageObject\",\"inLanguage\":\"pt-BR\",\"@id\":\"https:\/\/prefeitosegestoes.com.br\/portal\/licenciamento-ambiental-sera-foco-na-comissao-de-agricultura-do-senado\/#primaryimage\",\"url\":\"https:\/\/prefeitosegestoes.com.br\/portal\/wp-content\/uploads\/2025\/02\/dscf0214-3.webp\",\"contentUrl\":\"https:\/\/prefeitosegestoes.com.br\/portal\/wp-content\/uploads\/2025\/02\/dscf0214-3.webp\",\"width\":1024,\"height\":768},{\"@type\":\"BreadcrumbList\",\"@id\":\"https:\/\/prefeitosegestoes.com.br\/portal\/licenciamento-ambiental-sera-foco-na-comissao-de-agricultura-do-senado\/#breadcrumb\",\"itemListElement\":[{\"@type\":\"ListItem\",\"position\":1,\"name\":\"In\u00edcio\",\"item\":\"https:\/\/prefeitosegestoes.com.br\/portal\/\"},{\"@type\":\"ListItem\",\"position\":2,\"name\":\"Licenciamento ambiental ser\u00e1 foco na Comiss\u00e3o de Agricultura do Senado\"}]},{\"@type\":\"WebSite\",\"@id\":\"https:\/\/prefeitosegestoes.com.br\/portal\/#website\",\"url\":\"https:\/\/prefeitosegestoes.com.br\/portal\/\",\"name\":\"Prefeitos & Gest\u00f5es\",\"description\":\"\",\"publisher\":{\"@id\":\"https:\/\/prefeitosegestoes.com.br\/portal\/#organization\"},\"potentialAction\":[{\"@type\":\"SearchAction\",\"target\":{\"@type\":\"EntryPoint\",\"urlTemplate\":\"https:\/\/prefeitosegestoes.com.br\/portal\/?s={search_term_string}\"},\"query-input\":{\"@type\":\"PropertyValueSpecification\",\"valueRequired\":true,\"valueName\":\"search_term_string\"}}],\"inLanguage\":\"pt-BR\"},{\"@type\":\"Organization\",\"@id\":\"https:\/\/prefeitosegestoes.com.br\/portal\/#organization\",\"name\":\"Prefeitos & Gest\u00f5es\",\"url\":\"https:\/\/prefeitosegestoes.com.br\/portal\/\",\"logo\":{\"@type\":\"ImageObject\",\"inLanguage\":\"pt-BR\",\"@id\":\"https:\/\/prefeitosegestoes.com.br\/portal\/#\/schema\/logo\/image\/\",\"url\":\"https:\/\/prefeitosegestoes.com.br\/portal\/wp-content\/uploads\/2024\/10\/lg_trans_prefeitos_2024_preto2.png\",\"contentUrl\":\"https:\/\/prefeitosegestoes.com.br\/portal\/wp-content\/uploads\/2024\/10\/lg_trans_prefeitos_2024_preto2.png\",\"width\":199,\"height\":122,\"caption\":\"Prefeitos & Gest\u00f5es\"},\"image\":{\"@id\":\"https:\/\/prefeitosegestoes.com.br\/portal\/#\/schema\/logo\/image\/\"},\"sameAs\":[\"https:\/\/www.facebook.com\/prefeitosonline\",\"https:\/\/x.com\/PrefGestoes\"]},{\"@type\":\"Person\",\"@id\":\"https:\/\/prefeitosegestoes.com.br\/portal\/#\/schema\/person\/d00059f2ec99963e7e1850d448ae94b8\",\"name\":\"Prefeitos &amp; Gest\u00f5es\",\"image\":{\"@type\":\"ImageObject\",\"inLanguage\":\"pt-BR\",\"@id\":\"https:\/\/secure.gravatar.com\/avatar\/738fb281e479212ed32c1a21a4307dda9f3af9292edb6918a16c9ce9fff5f48d?s=96&d=mm&r=g\",\"url\":\"https:\/\/secure.gravatar.com\/avatar\/738fb281e479212ed32c1a21a4307dda9f3af9292edb6918a16c9ce9fff5f48d?s=96&d=mm&r=g\",\"contentUrl\":\"https:\/\/secure.gravatar.com\/avatar\/738fb281e479212ed32c1a21a4307dda9f3af9292edb6918a16c9ce9fff5f48d?s=96&d=mm&r=g\",\"caption\":\"Prefeitos &amp; Gest\u00f5es\"},\"url\":\"https:\/\/prefeitosegestoes.com.br\/portal\/author\/prefeitosegestoes\/\"}]}<\/script>\n<!-- \/ Yoast SEO plugin. -->","yoast_head_json":{"title":"Licenciamento ambiental ser\u00e1 foco na Comiss\u00e3o de Agricultura do Senado - Prefeitos &amp; Gest\u00f5es","description":"O projeto que estabelece a Lei geral do licenciamento ambiental (PL 2.159\/2021), em debate no Congresso Nacional h\u00e1 mais de duas d\u00e9cadas, foi destacado como uma prioridade pelo novo presidente da Comiss\u00e3o de Agricultura e Reforma Agr\u00e1ria (CRA). O senador\u00a0Zequinha Marinho\u00a0(Podemos-PA), que assumiu a coordena\u00e7\u00e3o dos trabalhos do colegiado para os pr\u00f3ximos dois anos, enfatizou a necessidade de uma legisla\u00e7\u00e3o atualizada e menos burocr\u00e1tica, visando garantir seguran\u00e7a jur\u00eddica, fomentar a produ\u00e7\u00e3o e estimular o desenvolvimento econ\u00f4mico do Brasil.","robots":{"index":"index","follow":"follow","max-snippet":"max-snippet:-1","max-image-preview":"max-image-preview:large","max-video-preview":"max-video-preview:-1"},"canonical":"https:\/\/prefeitosegestoes.com.br\/portal\/licenciamento-ambiental-sera-foco-na-comissao-de-agricultura-do-senado\/","og_locale":"pt_BR","og_type":"article","og_title":"Licenciamento ambiental ser\u00e1 foco na Comiss\u00e3o de Agricultura do Senado - Prefeitos &amp; Gest\u00f5es","og_description":"O projeto que estabelece a Lei geral do licenciamento ambiental (PL 2.159\/2021), em debate no Congresso Nacional h\u00e1 mais de duas d\u00e9cadas, foi destacado como uma prioridade pelo novo presidente da Comiss\u00e3o de Agricultura e Reforma Agr\u00e1ria (CRA). O senador\u00a0Zequinha Marinho\u00a0(Podemos-PA), que assumiu a coordena\u00e7\u00e3o dos trabalhos do colegiado para os pr\u00f3ximos dois anos, enfatizou a necessidade de uma legisla\u00e7\u00e3o atualizada e menos burocr\u00e1tica, visando garantir seguran\u00e7a jur\u00eddica, fomentar a produ\u00e7\u00e3o e estimular o desenvolvimento econ\u00f4mico do Brasil.","og_url":"https:\/\/prefeitosegestoes.com.br\/portal\/licenciamento-ambiental-sera-foco-na-comissao-de-agricultura-do-senado\/","og_site_name":"Prefeitos &amp; Gest\u00f5es","article_publisher":"https:\/\/www.facebook.com\/prefeitosonline","article_published_time":"2025-02-20T21:58:56+00:00","og_image":[{"width":1024,"height":768,"url":"https:\/\/prefeitosegestoes.com.br\/portal\/wp-content\/uploads\/2025\/02\/dscf0214-3.webp","type":"image\/webp"}],"author":"Prefeitos &amp; Gest\u00f5es","twitter_card":"summary_large_image","twitter_creator":"@PrefGestoes","twitter_site":"@PrefGestoes","twitter_misc":{"Escrito por":"Prefeitos &amp; Gest\u00f5es","Est. tempo de leitura":"5 minutos"},"schema":{"@context":"https:\/\/schema.org","@graph":[{"@type":"Article","@id":"https:\/\/prefeitosegestoes.com.br\/portal\/licenciamento-ambiental-sera-foco-na-comissao-de-agricultura-do-senado\/#article","isPartOf":{"@id":"https:\/\/prefeitosegestoes.com.br\/portal\/licenciamento-ambiental-sera-foco-na-comissao-de-agricultura-do-senado\/"},"author":{"name":"Prefeitos &amp; Gest\u00f5es","@id":"https:\/\/prefeitosegestoes.com.br\/portal\/#\/schema\/person\/d00059f2ec99963e7e1850d448ae94b8"},"headline":"Licenciamento ambiental ser\u00e1 foco na Comiss\u00e3o de Agricultura do Senado","datePublished":"2025-02-20T21:58:56+00:00","mainEntityOfPage":{"@id":"https:\/\/prefeitosegestoes.com.br\/portal\/licenciamento-ambiental-sera-foco-na-comissao-de-agricultura-do-senado\/"},"wordCount":902,"commentCount":0,"publisher":{"@id":"https:\/\/prefeitosegestoes.com.br\/portal\/#organization"},"image":{"@id":"https:\/\/prefeitosegestoes.com.br\/portal\/licenciamento-ambiental-sera-foco-na-comissao-de-agricultura-do-senado\/#primaryimage"},"thumbnailUrl":"https:\/\/prefeitosegestoes.com.br\/portal\/wp-content\/uploads\/2025\/02\/dscf0214-3.webp","keywords":["Agricultura","Congresso Nacional","Licenciamento","Senado"],"articleSection":["Destaques"],"inLanguage":"pt-BR","potentialAction":[{"@type":"CommentAction","name":"Comment","target":["https:\/\/prefeitosegestoes.com.br\/portal\/licenciamento-ambiental-sera-foco-na-comissao-de-agricultura-do-senado\/#respond"]}]},{"@type":"WebPage","@id":"https:\/\/prefeitosegestoes.com.br\/portal\/licenciamento-ambiental-sera-foco-na-comissao-de-agricultura-do-senado\/","url":"https:\/\/prefeitosegestoes.com.br\/portal\/licenciamento-ambiental-sera-foco-na-comissao-de-agricultura-do-senado\/","name":"Licenciamento ambiental ser\u00e1 foco na Comiss\u00e3o de Agricultura do Senado - Prefeitos &amp; Gest\u00f5es","isPartOf":{"@id":"https:\/\/prefeitosegestoes.com.br\/portal\/#website"},"primaryImageOfPage":{"@id":"https:\/\/prefeitosegestoes.com.br\/portal\/licenciamento-ambiental-sera-foco-na-comissao-de-agricultura-do-senado\/#primaryimage"},"image":{"@id":"https:\/\/prefeitosegestoes.com.br\/portal\/licenciamento-ambiental-sera-foco-na-comissao-de-agricultura-do-senado\/#primaryimage"},"thumbnailUrl":"https:\/\/prefeitosegestoes.com.br\/portal\/wp-content\/uploads\/2025\/02\/dscf0214-3.webp","datePublished":"2025-02-20T21:58:56+00:00","description":"O projeto que estabelece a Lei geral do licenciamento ambiental (PL 2.159\/2021), em debate no Congresso Nacional h\u00e1 mais de duas d\u00e9cadas, foi destacado como uma prioridade pelo novo presidente da Comiss\u00e3o de Agricultura e Reforma Agr\u00e1ria (CRA). O senador\u00a0Zequinha Marinho\u00a0(Podemos-PA), que assumiu a coordena\u00e7\u00e3o dos trabalhos do colegiado para os pr\u00f3ximos dois anos, enfatizou a necessidade de uma legisla\u00e7\u00e3o atualizada e menos burocr\u00e1tica, visando garantir seguran\u00e7a jur\u00eddica, fomentar a produ\u00e7\u00e3o e estimular o desenvolvimento econ\u00f4mico do Brasil.","breadcrumb":{"@id":"https:\/\/prefeitosegestoes.com.br\/portal\/licenciamento-ambiental-sera-foco-na-comissao-de-agricultura-do-senado\/#breadcrumb"},"inLanguage":"pt-BR","potentialAction":[{"@type":"ReadAction","target":["https:\/\/prefeitosegestoes.com.br\/portal\/licenciamento-ambiental-sera-foco-na-comissao-de-agricultura-do-senado\/"]}]},{"@type":"ImageObject","inLanguage":"pt-BR","@id":"https:\/\/prefeitosegestoes.com.br\/portal\/licenciamento-ambiental-sera-foco-na-comissao-de-agricultura-do-senado\/#primaryimage","url":"https:\/\/prefeitosegestoes.com.br\/portal\/wp-content\/uploads\/2025\/02\/dscf0214-3.webp","contentUrl":"https:\/\/prefeitosegestoes.com.br\/portal\/wp-content\/uploads\/2025\/02\/dscf0214-3.webp","width":1024,"height":768},{"@type":"BreadcrumbList","@id":"https:\/\/prefeitosegestoes.com.br\/portal\/licenciamento-ambiental-sera-foco-na-comissao-de-agricultura-do-senado\/#breadcrumb","itemListElement":[{"@type":"ListItem","position":1,"name":"In\u00edcio","item":"https:\/\/prefeitosegestoes.com.br\/portal\/"},{"@type":"ListItem","position":2,"name":"Licenciamento ambiental ser\u00e1 foco na Comiss\u00e3o de Agricultura do Senado"}]},{"@type":"WebSite","@id":"https:\/\/prefeitosegestoes.com.br\/portal\/#website","url":"https:\/\/prefeitosegestoes.com.br\/portal\/","name":"Prefeitos & Gest\u00f5es","description":"","publisher":{"@id":"https:\/\/prefeitosegestoes.com.br\/portal\/#organization"},"potentialAction":[{"@type":"SearchAction","target":{"@type":"EntryPoint","urlTemplate":"https:\/\/prefeitosegestoes.com.br\/portal\/?s={search_term_string}"},"query-input":{"@type":"PropertyValueSpecification","valueRequired":true,"valueName":"search_term_string"}}],"inLanguage":"pt-BR"},{"@type":"Organization","@id":"https:\/\/prefeitosegestoes.com.br\/portal\/#organization","name":"Prefeitos & Gest\u00f5es","url":"https:\/\/prefeitosegestoes.com.br\/portal\/","logo":{"@type":"ImageObject","inLanguage":"pt-BR","@id":"https:\/\/prefeitosegestoes.com.br\/portal\/#\/schema\/logo\/image\/","url":"https:\/\/prefeitosegestoes.com.br\/portal\/wp-content\/uploads\/2024\/10\/lg_trans_prefeitos_2024_preto2.png","contentUrl":"https:\/\/prefeitosegestoes.com.br\/portal\/wp-content\/uploads\/2024\/10\/lg_trans_prefeitos_2024_preto2.png","width":199,"height":122,"caption":"Prefeitos & Gest\u00f5es"},"image":{"@id":"https:\/\/prefeitosegestoes.com.br\/portal\/#\/schema\/logo\/image\/"},"sameAs":["https:\/\/www.facebook.com\/prefeitosonline","https:\/\/x.com\/PrefGestoes"]},{"@type":"Person","@id":"https:\/\/prefeitosegestoes.com.br\/portal\/#\/schema\/person\/d00059f2ec99963e7e1850d448ae94b8","name":"Prefeitos &amp; Gest\u00f5es","image":{"@type":"ImageObject","inLanguage":"pt-BR","@id":"https:\/\/secure.gravatar.com\/avatar\/738fb281e479212ed32c1a21a4307dda9f3af9292edb6918a16c9ce9fff5f48d?s=96&d=mm&r=g","url":"https:\/\/secure.gravatar.com\/avatar\/738fb281e479212ed32c1a21a4307dda9f3af9292edb6918a16c9ce9fff5f48d?s=96&d=mm&r=g","contentUrl":"https:\/\/secure.gravatar.com\/avatar\/738fb281e479212ed32c1a21a4307dda9f3af9292edb6918a16c9ce9fff5f48d?s=96&d=mm&r=g","caption":"Prefeitos &amp; Gest\u00f5es"},"url":"https:\/\/prefeitosegestoes.com.br\/portal\/author\/prefeitosegestoes\/"}]}},"_links":{"self":[{"href":"https:\/\/prefeitosegestoes.com.br\/portal\/wp-json\/wp\/v2\/posts\/3115","targetHints":{"allow":["GET"]}}],"collection":[{"href":"https:\/\/prefeitosegestoes.com.br\/portal\/wp-json\/wp\/v2\/posts"}],"about":[{"href":"https:\/\/prefeitosegestoes.com.br\/portal\/wp-json\/wp\/v2\/types\/post"}],"author":[{"embeddable":true,"href":"https:\/\/prefeitosegestoes.com.br\/portal\/wp-json\/wp\/v2\/users\/2"}],"replies":[{"embeddable":true,"href":"https:\/\/prefeitosegestoes.com.br\/portal\/wp-json\/wp\/v2\/comments?post=3115"}],"version-history":[{"count":1,"href":"https:\/\/prefeitosegestoes.com.br\/portal\/wp-json\/wp\/v2\/posts\/3115\/revisions"}],"predecessor-version":[{"id":3117,"href":"https:\/\/prefeitosegestoes.com.br\/portal\/wp-json\/wp\/v2\/posts\/3115\/revisions\/3117"}],"wp:featuredmedia":[{"embeddable":true,"href":"https:\/\/prefeitosegestoes.com.br\/portal\/wp-json\/wp\/v2\/media\/3116"}],"wp:attachment":[{"href":"https:\/\/prefeitosegestoes.com.br\/portal\/wp-json\/wp\/v2\/media?parent=3115"}],"wp:term":[{"taxonomy":"category","embeddable":true,"href":"https:\/\/prefeitosegestoes.com.br\/portal\/wp-json\/wp\/v2\/categories?post=3115"},{"taxonomy":"post_tag","embeddable":true,"href":"https:\/\/prefeitosegestoes.com.br\/portal\/wp-json\/wp\/v2\/tags?post=3115"}],"curies":[{"name":"wp","href":"https:\/\/api.w.org\/{rel}","templated":true}]}}