{"id":3107,"date":"2025-02-11T10:57:49","date_gmt":"2025-02-11T13:57:49","guid":{"rendered":"https:\/\/prefeitosegestoes.com.br\/portal\/?p=3107"},"modified":"2025-02-11T16:52:21","modified_gmt":"2025-02-11T19:52:21","slug":"tarifas-de-trump-quais-sao-os-possiveis-impactos-das-taxas-sobre-o-aco","status":"publish","type":"post","link":"https:\/\/prefeitosegestoes.com.br\/portal\/tarifas-de-trump-quais-sao-os-possiveis-impactos-das-taxas-sobre-o-aco\/","title":{"rendered":"Tarifas de Trump: quais s\u00e3o os poss\u00edveis impactos das taxas sobre o a\u00e7o."},"content":{"rendered":"<h6 class=\"content-head__title\">Foto: Marcello Casal Jr-Ag\u00eancia Brasil<\/h6>\n<h1 class=\"content-head__title\">EUA s\u00e3o o destino de quase metade das exporta\u00e7\u00f5es brasileiras de a\u00e7o; especialistas analisam poss\u00edveis impactos de tarifas de Trump.<\/h1>\n<div class=\"row content-head mc-column non-featured \">\n<div class=\"medium-centered subtitle\">\n<h2 class=\"content-head__subtitle\">A queda das vendas e do n\u00famero de contratos de exporta\u00e7\u00e3o vai for\u00e7ar a uma queda de produ\u00e7\u00e3o das empresas brasileiras, dizem os economistas.<\/h2>\n<\/div>\n<\/div>\n<div class=\"content__signa-share mc-column\">\n<div class=\"content__signature\">\n<div class=\"content-publication-data\">\n<div class=\"content-publication-data__text\">\n<p class=\"content-publication-data__from\" title=\"Jornal Nacional\">Por Jornal Nacional<\/p>\n<p class=\"content-publication-data__updated\"><time datetime=\"2025-02-10T20:45:58.494-03:00\">10\/02\/2025 20h45\u00a0<\/time><span class=\"content-publication-data__updated-relative\">\u00a0<time datetime=\"2025-02-10T21:06:54.147-03:00\">Atualizado\u00a0<time datetime=\"2025-02-10T21:06:54.147-03:00\">h\u00e1 10 horas<\/time><\/time><\/span><\/p>\n<div class=\"mc-article-body\">\n<article>\n<div id=\"chunk-cgcjo\">\n<div class=\"bs-video-block mc-column content-media content-video\" data-block-type=\"backstage-video\" data-block-id=\"1\">\n<div class=\"content-media__container\">\n<p class=\"content-media__description\">EUA s\u00e3o o destino de metade das exporta\u00e7\u00f5es brasileiras de a\u00e7o, que ser\u00e3o sobretaxadas<\/p>\n<\/div>\n<\/div>\n<\/div>\n<div id=\"chunk-d8401\">\n<div class=\"mc-column content-text active-extra-styles \" data-block-type=\"unstyled\" data-block-weight=\"14\" data-block-id=\"2\">\n<p class=\" content-text__container \" data-track-category=\"Link no Texto\" data-track-links=\"\" data-mrf-recirculation=\"Mat\u00e9ria - Links no Texto\"><span class=\"highlight highlighted\">Os Estados Unidos s\u00e3o o destino de quase metade das exporta\u00e7\u00f5es brasileiras de a\u00e7o.<\/span><\/p>\n<\/div>\n<\/div>\n<div class=\"wall protected-content\">\n<div id=\"chunk-8m6k\">\n<div class=\"mc-column content-text active-extra-styles \" data-block-type=\"unstyled\" data-block-weight=\"50\" data-block-id=\"4\">\n<p class=\" content-text__container \" data-track-category=\"Link no Texto\" data-track-links=\"\" data-mrf-recirculation=\"Mat\u00e9ria - Links no Texto\">Da siderurgia brasileira sai o alum\u00ednio que \u00e9 parte do estoque de mat\u00e9rias-primas das f\u00e1bricas da Europa. O ferro ajuda a construir o crescimento chin\u00eas e o que \u00e9 feito de a\u00e7o na economia americana: das instala\u00e7\u00f5es el\u00e9tricas aos autom\u00f3veis. E a sider\u00fargica sustenta em parte a nossa economia tamb\u00e9m.<\/p>\n<\/div>\n<\/div>\n<div id=\"chunk-bsclu\">\n<div class=\"mc-column content-text active-extra-styles \" data-block-type=\"unstyled\" data-block-weight=\"16\" data-block-id=\"5\">\n<p class=\" content-text__container \" data-track-category=\"Link no Texto\" data-track-links=\"\" data-mrf-recirculation=\"Mat\u00e9ria - Links no Texto\">O professor da FGV Nelson Marconi calcula os impactos da taxa\u00e7\u00e3o dos produtos nos Estados Unidos:<\/p>\n<\/div>\n<\/div>\n<div id=\"chunk-2j6ma\">\n<div class=\"mc-column content-text active-extra-styles\" data-block-type=\"raw\" data-block-weight=\"54\" data-block-id=\"6\">\n<blockquote class=\"content-blockquote theme-border-color-primary-before\"><p>&#8220;Primeiramente, aumentariam os pre\u00e7os do a\u00e7o que o\u00a0<a class=\"\" href=\"https:\/\/g1.globo.com\/tudo-sobre\/brasil\/\">Brasil<\/a> pratica nos Estados Unidos. Isso diminuiria o nosso mercado l\u00e1 nos Estados Unidos. Seria uma redu\u00e7\u00e3o significativa, porque eles s\u00e3o o nosso principal mercado. A gente pode estimar que teria uma redu\u00e7\u00e3o em torno de 30% a 50% das nossas vendas para os Estados Unidos\u201d.<\/p><\/blockquote>\n<\/div>\n<\/div>\n<div id=\"chunk-4vb2e\">\n<div class=\"mc-column content-text active-extra-styles \" data-block-type=\"unstyled\" data-block-weight=\"68\" data-block-id=\"8\">\n<p class=\" content-text__container \" data-track-category=\"Link no Texto\" data-track-links=\"\" data-mrf-recirculation=\"Mat\u00e9ria - Links no Texto\">O Brasil \u00e9 o segundo maior fornecedor de ferro e a\u00e7o para os Estados Unidos, atr\u00e1s s\u00f3 do Canad\u00e1. Em 2024, as exporta\u00e7\u00f5es brasileiras de ferro e a\u00e7o somaram quase\u00a0<strong>US$ 13 bilh\u00f5es<\/strong>.\u00a0<span class=\"highlight highlighted\">Os Estados Unidos foram respons\u00e1veis por 45% dessas compras, seguidos pela China e pela Holanda.<\/span>\u00a0J\u00e1 as exporta\u00e7\u00f5es de alum\u00ednio renderam\u00a0<strong>US$ 1,2 bilh\u00e3o<\/strong>. Os americanos foram nosso segundo maior comprador, atr\u00e1s apenas dos japoneses.<\/p>\n<\/div>\n<\/div>\n<div id=\"chunk-1cjcr\">\n<div class=\"show-multicontent-block\">\n<div class=\"show-multicontent-block-container\" data-track-category=\"multicontent\" data-track-action=\"show-multicontent-block\" data-track-scroll=\"view | Trump tentou aplicar tarifas ao a\u00e7o e alum\u00ednio brasileiros no primeiro mandato; veja como foi | \" data-block-type=\"mini-post | editorial\" data-block-id=\"9\">\n<div class=\"show-multicontent-block mc-column\" data-track-action=\"Click\">\n<div class=\"show-multicontent-block__thumbnail-wrapper\" data-track-click=\"click midia | Trump tentou aplicar tarifas ao a\u00e7o e alum\u00ednio brasileiros no primeiro mandato; veja como foi | \"><img decoding=\"async\" class=\"show-multicontent-block__thumbnail-wrapper__default glb-skeleton-box\" src=\"https:\/\/s2-g1.glbimg.com\/lWGytfR9SAokIw4L853OT2UgFy0=\/320x200\/middle\/smart\/https:\/\/i.s3.glbimg.com\/v1\/AUTH_59edd422c0c84a879bd37670ae4f538a\/internal_photos\/bs\/2025\/o\/b\/MzKdzTSrG1U50Mw6m4Zg\/2025-02-09t215041z-1-lynxmpel180b5-rtroptp-4-macro-eua-trump.jpg\" data-clarity-loaded=\"10rzpls\" \/><\/div>\n<div class=\"show-multicontent-block__content\">\n<p class=\"show-multicontent-block__title\" data-track-click=\"click titulo | Trump tentou aplicar tarifas ao a\u00e7o e alum\u00ednio brasileiros no primeiro mandato; veja como foi | \">Trump tentou aplicar tarifas ao a\u00e7o e alum\u00ednio brasileiros no primeiro mandato; veja como foi<\/p>\n<div class=\"show-multicontent-block__more\" data-track-click=\"click saiba mais | Trump tentou aplicar tarifas ao a\u00e7o e alum\u00ednio brasileiros no primeiro mandato; veja como foi | \">Saiba mais<\/div>\n<\/div>\n<\/div>\n<\/div>\n<\/div>\n<\/div>\n<div id=\"chunk-c4ipr\">\n<div class=\"mc-column content-text active-extra-styles \" data-block-type=\"unstyled\" data-block-weight=\"118\" data-block-id=\"10\">\n<p class=\" content-text__container \" data-track-category=\"Link no Texto\" data-track-links=\"\" data-mrf-recirculation=\"Mat\u00e9ria - Links no Texto\">Precisa de mais tempo para quantificar todo o impacto da decis\u00e3o de Trump. Mas j\u00e1 d\u00e1 para cacular que a taxa\u00e7\u00e3o vai encarecer os produtos brasileiros nos Estados Unidos, o que deve levar os clientes a trocarem as sider\u00fargicas brasileiras pelas americanas. Os economistas dizem que a<span class=\"highlight highlighted\">\u00a0queda das vendas e do n\u00famero de contratos de exporta\u00e7\u00e3o deve for\u00e7ar a uma queda de produ\u00e7\u00e3o das empresas brasileiras<\/span>\u00a0e esse \u00e9 um setor que gera emprego. S\u00f3 para a fabrica\u00e7\u00e3o de alum\u00ednio, ferro e a\u00e7o foram mais de 257 mil vagas em 2023. E tem outro ponto:\u00a0<span class=\"highlight highlighted\">se for reduzida a produ\u00e7\u00e3o desses produtos no mercado dom\u00e9stico o pre\u00e7o vai subir. O resultado \u00e9 menos emprego e mais infla\u00e7\u00e3o.<\/span><\/p>\n<\/div>\n<\/div>\n<div id=\"chunk-b5er7\">\n<div class=\"mc-column content-text active-extra-styles \" data-block-type=\"unstyled\" data-block-weight=\"36\" data-block-id=\"12\">\n<p class=\" content-text__container \" data-track-category=\"Link no Texto\" data-track-links=\"\" data-mrf-recirculation=\"Mat\u00e9ria - Links no Texto\">A sa\u00edda \u00e9 pelo oceano, dizem os economistas. A \u00cdndia passar\u00e1 a ser um mercado disputado, n\u00e3o s\u00f3 pelo Brasil, mas por todos os grandes produtores de a\u00e7o, diz o doutor em economia americana Hugo Garbe.<\/p>\n<\/div>\n<\/div>\n<div id=\"chunk-doh7f\">\n<div class=\"mc-column content-text active-extra-styles\" data-block-type=\"raw\" data-block-weight=\"63\" data-block-id=\"13\">\n<blockquote class=\"content-blockquote theme-border-color-primary-before\"><p>&#8220;O mundo inteiro precisa construir, o mundo inteiro precisa se desenvolver e crescer. Ent\u00e3o, n\u00f3s temos ainda mercados inexplorados, como por exemplo \u00cdndia. A gente pode ter uma melhor rela\u00e7\u00e3o comercial com Europa, Austr\u00e1lia, \u00c1frica do Sul. O mundo inteiro precisa do a\u00e7o brasileiro, \u00e9 muito mais uma quest\u00e3o de rela\u00e7\u00e3o comercial\u201d, afirma Hugo Garbe, professor de Finan\u00e7as e Economia da Universidade Mackenzie.<\/p><\/blockquote>\n<\/div>\n<\/div>\n<div id=\"chunk-5i262\">\n<div class=\"mc-column content-text active-extra-styles \" data-block-type=\"unstyled\" data-block-weight=\"56\" data-block-id=\"14\">\n<p class=\" content-text__container \" data-track-category=\"Link no Texto\" data-track-links=\"\" data-mrf-recirculation=\"Mat\u00e9ria - Links no Texto\"><span class=\"highlight highlighted\">O saldo total de trocas comerciais \u00e9 negativo para o Brasil.<\/span>\u00a0Desde 2009 compramos mais do que vendemos para os Estados Unidos. Foram US$ 40,5 bilh\u00f5es com importa\u00e7\u00f5es em 2024. E os americanos compraram US$ 40,3 bilh\u00f5es em produtos brasileiros.\u00a0<span class=\"highlight highlighted\">Um resultado negativo para o Brasil de\u00a0<\/span><strong><span class=\"highlight highlighted\">US$ 253 milh\u00f5es<\/span><\/strong><span class=\"highlight highlighted\">.<\/span> Os dados mostram uma rela\u00e7\u00e3o equilibrada.<\/p>\n<\/div>\n<\/div>\n<div id=\"chunk-8715f\">\n<div class=\"mc-column content-text active-extra-styles\" data-block-type=\"raw\" data-block-weight=\"81\" data-block-id=\"15\">\n<blockquote class=\"content-blockquote theme-border-color-primary-before\"><p>&#8220;\u00c9 muito estranho o Trump ter uma atitude protecionista antiliberal economicamente falando que vai contra tudo que os americanos pregam h\u00e1 200 anos, que \u00e9 essa abertura econ\u00f4mica, essa abertura de liberdade econ\u00f4mica, de transa\u00e7\u00e3o internacional entre os pa\u00edses. Voc\u00ea tem o equil\u00edbrio da balan\u00e7a comercial entre Brasil e Estados Unidos, por exemplo, exporta\u00e7\u00e3o e importa\u00e7\u00e3o se for ver \u00e9 praticamente igual. Um ano ou outro voc\u00ea tem um d\u00e9ficit do Brasil ou americano, mas n\u00e3o \u00e9 desigual\u201d, explica Hugo Garbe.<\/p><\/blockquote>\n<\/div>\n<\/div>\n<div id=\"chunk-1st1h\">\n<div class=\"row medium-uncollapsed content-media content-photo\" data-block-type=\"backstage-photo\" data-block-id=\"17\">\n<div class=\" mc-column content-media__container\">\n<div class=\"content-media-container glb-skeleton-box\">\n<figure class=\"content-media-figure\"><img decoding=\"async\" class=\"i-amphtml-fill-content i-amphtml-replaced-content\" src=\"https:\/\/s2-g1.glbimg.com\/_qFn_d0dPSUAd_rfQdBE1U514Fo=\/0x0:1920x1080\/984x0\/smart\/filters:strip_icc()\/i.s3.glbimg.com\/v1\/AUTH_59edd422c0c84a879bd37670ae4f538a\/internal_photos\/bs\/2025\/t\/7\/tAByI9R7ODZWZQFMVSGA\/globo-canal-5-20250210-1644-frame-414989.jpeg\" sizes=\"(max-width: 1527px) 648px, 100vw\" srcset=\"https:\/\/s2-g1.glbimg.com\/GsDP567bkGGisdfXwvBuOACOmz4=\/0x0:1920x1080\/1000x0\/smart\/filters:strip_icc()\/i.s3.glbimg.com\/v1\/AUTH_59edd422c0c84a879bd37670ae4f538a\/internal_photos\/bs\/2025\/t\/7\/tAByI9R7ODZWZQFMVSGA\/globo-canal-5-20250210-1644-frame-414989.jpeg 1000w, https:\/\/s2-g1.glbimg.com\/_qFn_d0dPSUAd_rfQdBE1U514Fo=\/0x0:1920x1080\/984x0\/smart\/filters:strip_icc()\/i.s3.glbimg.com\/v1\/AUTH_59edd422c0c84a879bd37670ae4f538a\/internal_photos\/bs\/2025\/t\/7\/tAByI9R7ODZWZQFMVSGA\/globo-canal-5-20250210-1644-frame-414989.jpeg 984w, https:\/\/s2-g1.glbimg.com\/yT1YGBEc_qo1n2qobXmMFq8HL40=\/0x0:1920x1080\/640x0\/smart\/filters:strip_icc()\/i.s3.glbimg.com\/v1\/AUTH_59edd422c0c84a879bd37670ae4f538a\/internal_photos\/bs\/2025\/t\/7\/tAByI9R7ODZWZQFMVSGA\/globo-canal-5-20250210-1644-frame-414989.jpeg 640w, https:\/\/s2-g1.glbimg.com\/XqdFLtwjFmT2hTiHjqs7l_6NRNE=\/0x0:1920x1080\/600x0\/smart\/filters:strip_icc()\/i.s3.glbimg.com\/v1\/AUTH_59edd422c0c84a879bd37670ae4f538a\/internal_photos\/bs\/2025\/t\/7\/tAByI9R7ODZWZQFMVSGA\/globo-canal-5-20250210-1644-frame-414989.jpeg 600w\" alt=\"Os Estados Unidos s\u00e3o o destino de quase metade das exporta\u00e7\u00f5es brasileiras de a\u00e7o \u2014 Foto: Reprodu\u00e7\u00e3o\/TV Globo\" \/><\/figure>\n<\/div>\n<p class=\"content-media__description \">Os Estados Unidos s\u00e3o o destino de quase metade das exporta\u00e7\u00f5es brasileiras de a\u00e7o \u2014 Foto: Reprodu\u00e7\u00e3o\/TV Globo<\/p>\n<\/div>\n<\/div>\n<\/div>\n<div id=\"chunk-20v5s\">\n<div class=\"mc-column content-text active-extra-styles\" data-block-type=\"raw\" data-block-weight=\"63\" data-block-id=\"19\">\n<ul class=\"content-unordered-list\">\n<li><a class=\"\" href=\"https:\/\/g1.globo.com\/economia\/noticia\/2025\/02\/10\/haddad.ghtml\"><strong>Brasil aguarda &#8216;decis\u00f5es concretas&#8217; de Trump para se manifestar sobre tarifas, diz Haddad<\/strong><\/a><\/li>\n<li><a class=\"\" href=\"https:\/\/g1.globo.com\/politica\/blog\/daniela-lima\/post\/2025\/02\/10\/brasil-tem-cartela-de-produtos-que-podem-ser-acionados-para-retaliar-taxacao-de-trump.ghtml\"><strong>Daniela Lima: Brasil tem cartela de produtos que podem ser acionados para retaliar taxa\u00e7\u00e3o de Trump<\/strong><\/a><\/li>\n<li><a class=\"\" href=\"https:\/\/g1.globo.com\/economia\/noticia\/2025\/02\/10\/brasil-e-outros-os-paises-que-mais-serao-impactados-por-tarifa-de-25percent-sobre-aco-e-aluminio-nos-eua.ghtml\"><strong>Brasil e outros: os pa\u00edses que mais ser\u00e3o impactados por tarifa de 25% sobre a\u00e7o e alum\u00ednio nos EUA<\/strong><\/a><\/li>\n<li><a class=\"\" href=\"https:\/\/g1.globo.com\/economia\/noticia\/2025\/02\/09\/trump-promete-tarifar-de-novo-o-aco-o-que-atingiria-brasil-o-que-se-sabe.ghtml\"><strong>Trump promete tarifar de novo o a\u00e7o, o que atingiria Brasil: o que se sabe<\/strong><\/a><\/li>\n<\/ul>\n<p>Fonte: G1<\/p>\n<p>&nbsp;<\/p>\n<\/div>\n<\/div>\n<div id=\"chunk-1qgq2\">\n<div class=\"block-podcast\"><\/div>\n<\/div>\n<\/div>\n<\/article>\n<\/div>\n<\/div>\n<\/div>\n<\/div>\n<\/div>\n","protected":false},"excerpt":{"rendered":"<p>Foto: Marcello Casal Jr-Ag\u00eancia Brasil EUA s\u00e3o o destino de quase metade das exporta\u00e7\u00f5es brasileiras de a\u00e7o; especialistas analisam poss\u00edveis impactos de tarifas de Trump. A queda das vendas e do n\u00famero de contratos de exporta\u00e7\u00e3o vai for\u00e7ar a uma queda de produ\u00e7\u00e3o das empresas brasileiras, dizem os economistas. Por Jornal Nacional 10\/02\/2025 20h45\u00a0\u00a0Atualizado\u00a0h\u00e1 10 [&hellip;]<\/p>\n","protected":false},"author":2,"featured_media":3108,"comment_status":"open","ping_status":"open","sticky":false,"template":"","format":"standard","meta":{"rop_custom_images_group":[],"rop_custom_messages_group":[],"rop_publish_now":"initial","rop_publish_now_accounts":{"twitter_850042665852968960_850042665852968960":""},"rop_publish_now_history":[],"rop_publish_now_status":"pending","footnotes":""},"categories":[15],"tags":[494],"class_list":["post-3107","post","type-post","status-publish","format-standard","has-post-thumbnail","hentry","category-destaques","tag-tarifas-de-trump-quais-sao-os-possiveis-impactos-das-taxas-sobre-o-aco"],"yoast_head":"<!-- This site is optimized with the Yoast SEO plugin v27.2 - https:\/\/yoast.com\/product\/yoast-seo-wordpress\/ -->\n<title>Tarifas de Trump: quais s\u00e3o os poss\u00edveis impactos das taxas sobre o a\u00e7o. - Prefeitos &amp; Gest\u00f5es<\/title>\n<meta name=\"description\" content=\"EUA s\u00e3o o destino de quase metade das exporta\u00e7\u00f5es brasileiras de a\u00e7o; especialistas analisam poss\u00edveis impactos de tarifas de Trump\" \/>\n<meta name=\"robots\" content=\"index, follow, max-snippet:-1, max-image-preview:large, max-video-preview:-1\" \/>\n<link rel=\"canonical\" href=\"https:\/\/prefeitosegestoes.com.br\/portal\/tarifas-de-trump-quais-sao-os-possiveis-impactos-das-taxas-sobre-o-aco\/\" \/>\n<meta property=\"og:locale\" content=\"pt_BR\" \/>\n<meta property=\"og:type\" content=\"article\" \/>\n<meta property=\"og:title\" content=\"Tarifas de Trump: quais s\u00e3o os poss\u00edveis impactos das taxas sobre o a\u00e7o. - Prefeitos &amp; Gest\u00f5es\" \/>\n<meta property=\"og:description\" content=\"EUA s\u00e3o o destino de quase metade das exporta\u00e7\u00f5es brasileiras de a\u00e7o; especialistas analisam poss\u00edveis impactos de tarifas de Trump\" \/>\n<meta property=\"og:url\" content=\"https:\/\/prefeitosegestoes.com.br\/portal\/tarifas-de-trump-quais-sao-os-possiveis-impactos-das-taxas-sobre-o-aco\/\" \/>\n<meta property=\"og:site_name\" content=\"Prefeitos &amp; Gest\u00f5es\" \/>\n<meta property=\"article:publisher\" content=\"https:\/\/www.facebook.com\/prefeitosonline\" \/>\n<meta property=\"article:published_time\" content=\"2025-02-11T13:57:49+00:00\" \/>\n<meta property=\"article:modified_time\" content=\"2025-02-11T19:52:21+00:00\" \/>\n<meta property=\"og:image\" content=\"https:\/\/prefeitosegestoes.com.br\/portal\/wp-content\/uploads\/2025\/02\/obras_construcao_noreste_mcajr_abr2807221046.webp\" \/>\n\t<meta property=\"og:image:width\" content=\"1024\" \/>\n\t<meta property=\"og:image:height\" content=\"768\" \/>\n\t<meta property=\"og:image:type\" content=\"image\/webp\" \/>\n<meta name=\"author\" content=\"Prefeitos &amp; Gest\u00f5es\" \/>\n<meta name=\"twitter:card\" content=\"summary_large_image\" \/>\n<meta name=\"twitter:creator\" content=\"@PrefGestoes\" \/>\n<meta name=\"twitter:site\" content=\"@PrefGestoes\" \/>\n<meta name=\"twitter:label1\" content=\"Escrito por\" \/>\n\t<meta name=\"twitter:data1\" content=\"Prefeitos &amp; Gest\u00f5es\" \/>\n\t<meta name=\"twitter:label2\" content=\"Est. tempo de leitura\" \/>\n\t<meta name=\"twitter:data2\" content=\"4 minutos\" \/>\n<script type=\"application\/ld+json\" class=\"yoast-schema-graph\">{\"@context\":\"https:\/\/schema.org\",\"@graph\":[{\"@type\":\"Article\",\"@id\":\"https:\/\/prefeitosegestoes.com.br\/portal\/tarifas-de-trump-quais-sao-os-possiveis-impactos-das-taxas-sobre-o-aco\/#article\",\"isPartOf\":{\"@id\":\"https:\/\/prefeitosegestoes.com.br\/portal\/tarifas-de-trump-quais-sao-os-possiveis-impactos-das-taxas-sobre-o-aco\/\"},\"author\":{\"name\":\"Prefeitos &amp; Gest\u00f5es\",\"@id\":\"https:\/\/prefeitosegestoes.com.br\/portal\/#\/schema\/person\/d00059f2ec99963e7e1850d448ae94b8\"},\"headline\":\"Tarifas de Trump: quais s\u00e3o os poss\u00edveis impactos das taxas sobre o a\u00e7o.\",\"datePublished\":\"2025-02-11T13:57:49+00:00\",\"dateModified\":\"2025-02-11T19:52:21+00:00\",\"mainEntityOfPage\":{\"@id\":\"https:\/\/prefeitosegestoes.com.br\/portal\/tarifas-de-trump-quais-sao-os-possiveis-impactos-das-taxas-sobre-o-aco\/\"},\"wordCount\":811,\"commentCount\":0,\"publisher\":{\"@id\":\"https:\/\/prefeitosegestoes.com.br\/portal\/#organization\"},\"image\":{\"@id\":\"https:\/\/prefeitosegestoes.com.br\/portal\/tarifas-de-trump-quais-sao-os-possiveis-impactos-das-taxas-sobre-o-aco\/#primaryimage\"},\"thumbnailUrl\":\"https:\/\/prefeitosegestoes.com.br\/portal\/wp-content\/uploads\/2025\/02\/obras_construcao_noreste_mcajr_abr2807221046.webp\",\"keywords\":[\"Tarifas de Trump: quais s\u00e3o os poss\u00edveis impactos das taxas sobre o a\u00e7o.\"],\"articleSection\":[\"Destaques\"],\"inLanguage\":\"pt-BR\",\"potentialAction\":[{\"@type\":\"CommentAction\",\"name\":\"Comment\",\"target\":[\"https:\/\/prefeitosegestoes.com.br\/portal\/tarifas-de-trump-quais-sao-os-possiveis-impactos-das-taxas-sobre-o-aco\/#respond\"]}]},{\"@type\":\"WebPage\",\"@id\":\"https:\/\/prefeitosegestoes.com.br\/portal\/tarifas-de-trump-quais-sao-os-possiveis-impactos-das-taxas-sobre-o-aco\/\",\"url\":\"https:\/\/prefeitosegestoes.com.br\/portal\/tarifas-de-trump-quais-sao-os-possiveis-impactos-das-taxas-sobre-o-aco\/\",\"name\":\"Tarifas de Trump: quais s\u00e3o os poss\u00edveis impactos das taxas sobre o a\u00e7o. - Prefeitos &amp; Gest\u00f5es\",\"isPartOf\":{\"@id\":\"https:\/\/prefeitosegestoes.com.br\/portal\/#website\"},\"primaryImageOfPage\":{\"@id\":\"https:\/\/prefeitosegestoes.com.br\/portal\/tarifas-de-trump-quais-sao-os-possiveis-impactos-das-taxas-sobre-o-aco\/#primaryimage\"},\"image\":{\"@id\":\"https:\/\/prefeitosegestoes.com.br\/portal\/tarifas-de-trump-quais-sao-os-possiveis-impactos-das-taxas-sobre-o-aco\/#primaryimage\"},\"thumbnailUrl\":\"https:\/\/prefeitosegestoes.com.br\/portal\/wp-content\/uploads\/2025\/02\/obras_construcao_noreste_mcajr_abr2807221046.webp\",\"datePublished\":\"2025-02-11T13:57:49+00:00\",\"dateModified\":\"2025-02-11T19:52:21+00:00\",\"description\":\"EUA s\u00e3o o destino de quase metade das exporta\u00e7\u00f5es brasileiras de a\u00e7o; especialistas analisam poss\u00edveis impactos de tarifas de Trump\",\"breadcrumb\":{\"@id\":\"https:\/\/prefeitosegestoes.com.br\/portal\/tarifas-de-trump-quais-sao-os-possiveis-impactos-das-taxas-sobre-o-aco\/#breadcrumb\"},\"inLanguage\":\"pt-BR\",\"potentialAction\":[{\"@type\":\"ReadAction\",\"target\":[\"https:\/\/prefeitosegestoes.com.br\/portal\/tarifas-de-trump-quais-sao-os-possiveis-impactos-das-taxas-sobre-o-aco\/\"]}]},{\"@type\":\"ImageObject\",\"inLanguage\":\"pt-BR\",\"@id\":\"https:\/\/prefeitosegestoes.com.br\/portal\/tarifas-de-trump-quais-sao-os-possiveis-impactos-das-taxas-sobre-o-aco\/#primaryimage\",\"url\":\"https:\/\/prefeitosegestoes.com.br\/portal\/wp-content\/uploads\/2025\/02\/obras_construcao_noreste_mcajr_abr2807221046.webp\",\"contentUrl\":\"https:\/\/prefeitosegestoes.com.br\/portal\/wp-content\/uploads\/2025\/02\/obras_construcao_noreste_mcajr_abr2807221046.webp\",\"width\":1024,\"height\":768},{\"@type\":\"BreadcrumbList\",\"@id\":\"https:\/\/prefeitosegestoes.com.br\/portal\/tarifas-de-trump-quais-sao-os-possiveis-impactos-das-taxas-sobre-o-aco\/#breadcrumb\",\"itemListElement\":[{\"@type\":\"ListItem\",\"position\":1,\"name\":\"In\u00edcio\",\"item\":\"https:\/\/prefeitosegestoes.com.br\/portal\/\"},{\"@type\":\"ListItem\",\"position\":2,\"name\":\"Tarifas de Trump: quais s\u00e3o os poss\u00edveis impactos das taxas sobre o a\u00e7o.\"}]},{\"@type\":\"WebSite\",\"@id\":\"https:\/\/prefeitosegestoes.com.br\/portal\/#website\",\"url\":\"https:\/\/prefeitosegestoes.com.br\/portal\/\",\"name\":\"Prefeitos & Gest\u00f5es\",\"description\":\"\",\"publisher\":{\"@id\":\"https:\/\/prefeitosegestoes.com.br\/portal\/#organization\"},\"potentialAction\":[{\"@type\":\"SearchAction\",\"target\":{\"@type\":\"EntryPoint\",\"urlTemplate\":\"https:\/\/prefeitosegestoes.com.br\/portal\/?s={search_term_string}\"},\"query-input\":{\"@type\":\"PropertyValueSpecification\",\"valueRequired\":true,\"valueName\":\"search_term_string\"}}],\"inLanguage\":\"pt-BR\"},{\"@type\":\"Organization\",\"@id\":\"https:\/\/prefeitosegestoes.com.br\/portal\/#organization\",\"name\":\"Prefeitos & Gest\u00f5es\",\"url\":\"https:\/\/prefeitosegestoes.com.br\/portal\/\",\"logo\":{\"@type\":\"ImageObject\",\"inLanguage\":\"pt-BR\",\"@id\":\"https:\/\/prefeitosegestoes.com.br\/portal\/#\/schema\/logo\/image\/\",\"url\":\"https:\/\/prefeitosegestoes.com.br\/portal\/wp-content\/uploads\/2024\/10\/lg_trans_prefeitos_2024_preto2.png\",\"contentUrl\":\"https:\/\/prefeitosegestoes.com.br\/portal\/wp-content\/uploads\/2024\/10\/lg_trans_prefeitos_2024_preto2.png\",\"width\":199,\"height\":122,\"caption\":\"Prefeitos & Gest\u00f5es\"},\"image\":{\"@id\":\"https:\/\/prefeitosegestoes.com.br\/portal\/#\/schema\/logo\/image\/\"},\"sameAs\":[\"https:\/\/www.facebook.com\/prefeitosonline\",\"https:\/\/x.com\/PrefGestoes\"]},{\"@type\":\"Person\",\"@id\":\"https:\/\/prefeitosegestoes.com.br\/portal\/#\/schema\/person\/d00059f2ec99963e7e1850d448ae94b8\",\"name\":\"Prefeitos &amp; Gest\u00f5es\",\"image\":{\"@type\":\"ImageObject\",\"inLanguage\":\"pt-BR\",\"@id\":\"https:\/\/secure.gravatar.com\/avatar\/738fb281e479212ed32c1a21a4307dda9f3af9292edb6918a16c9ce9fff5f48d?s=96&d=mm&r=g\",\"url\":\"https:\/\/secure.gravatar.com\/avatar\/738fb281e479212ed32c1a21a4307dda9f3af9292edb6918a16c9ce9fff5f48d?s=96&d=mm&r=g\",\"contentUrl\":\"https:\/\/secure.gravatar.com\/avatar\/738fb281e479212ed32c1a21a4307dda9f3af9292edb6918a16c9ce9fff5f48d?s=96&d=mm&r=g\",\"caption\":\"Prefeitos &amp; Gest\u00f5es\"},\"url\":\"https:\/\/prefeitosegestoes.com.br\/portal\/author\/prefeitosegestoes\/\"}]}<\/script>\n<!-- \/ Yoast SEO plugin. -->","yoast_head_json":{"title":"Tarifas de Trump: quais s\u00e3o os poss\u00edveis impactos das taxas sobre o a\u00e7o. - Prefeitos &amp; Gest\u00f5es","description":"EUA s\u00e3o o destino de quase metade das exporta\u00e7\u00f5es brasileiras de a\u00e7o; especialistas analisam poss\u00edveis impactos de tarifas de Trump","robots":{"index":"index","follow":"follow","max-snippet":"max-snippet:-1","max-image-preview":"max-image-preview:large","max-video-preview":"max-video-preview:-1"},"canonical":"https:\/\/prefeitosegestoes.com.br\/portal\/tarifas-de-trump-quais-sao-os-possiveis-impactos-das-taxas-sobre-o-aco\/","og_locale":"pt_BR","og_type":"article","og_title":"Tarifas de Trump: quais s\u00e3o os poss\u00edveis impactos das taxas sobre o a\u00e7o. - Prefeitos &amp; Gest\u00f5es","og_description":"EUA s\u00e3o o destino de quase metade das exporta\u00e7\u00f5es brasileiras de a\u00e7o; especialistas analisam poss\u00edveis impactos de tarifas de Trump","og_url":"https:\/\/prefeitosegestoes.com.br\/portal\/tarifas-de-trump-quais-sao-os-possiveis-impactos-das-taxas-sobre-o-aco\/","og_site_name":"Prefeitos &amp; Gest\u00f5es","article_publisher":"https:\/\/www.facebook.com\/prefeitosonline","article_published_time":"2025-02-11T13:57:49+00:00","article_modified_time":"2025-02-11T19:52:21+00:00","og_image":[{"width":1024,"height":768,"url":"https:\/\/prefeitosegestoes.com.br\/portal\/wp-content\/uploads\/2025\/02\/obras_construcao_noreste_mcajr_abr2807221046.webp","type":"image\/webp"}],"author":"Prefeitos &amp; Gest\u00f5es","twitter_card":"summary_large_image","twitter_creator":"@PrefGestoes","twitter_site":"@PrefGestoes","twitter_misc":{"Escrito por":"Prefeitos &amp; Gest\u00f5es","Est. tempo de leitura":"4 minutos"},"schema":{"@context":"https:\/\/schema.org","@graph":[{"@type":"Article","@id":"https:\/\/prefeitosegestoes.com.br\/portal\/tarifas-de-trump-quais-sao-os-possiveis-impactos-das-taxas-sobre-o-aco\/#article","isPartOf":{"@id":"https:\/\/prefeitosegestoes.com.br\/portal\/tarifas-de-trump-quais-sao-os-possiveis-impactos-das-taxas-sobre-o-aco\/"},"author":{"name":"Prefeitos &amp; Gest\u00f5es","@id":"https:\/\/prefeitosegestoes.com.br\/portal\/#\/schema\/person\/d00059f2ec99963e7e1850d448ae94b8"},"headline":"Tarifas de Trump: quais s\u00e3o os poss\u00edveis impactos das taxas sobre o a\u00e7o.","datePublished":"2025-02-11T13:57:49+00:00","dateModified":"2025-02-11T19:52:21+00:00","mainEntityOfPage":{"@id":"https:\/\/prefeitosegestoes.com.br\/portal\/tarifas-de-trump-quais-sao-os-possiveis-impactos-das-taxas-sobre-o-aco\/"},"wordCount":811,"commentCount":0,"publisher":{"@id":"https:\/\/prefeitosegestoes.com.br\/portal\/#organization"},"image":{"@id":"https:\/\/prefeitosegestoes.com.br\/portal\/tarifas-de-trump-quais-sao-os-possiveis-impactos-das-taxas-sobre-o-aco\/#primaryimage"},"thumbnailUrl":"https:\/\/prefeitosegestoes.com.br\/portal\/wp-content\/uploads\/2025\/02\/obras_construcao_noreste_mcajr_abr2807221046.webp","keywords":["Tarifas de Trump: quais s\u00e3o os poss\u00edveis impactos das taxas sobre o a\u00e7o."],"articleSection":["Destaques"],"inLanguage":"pt-BR","potentialAction":[{"@type":"CommentAction","name":"Comment","target":["https:\/\/prefeitosegestoes.com.br\/portal\/tarifas-de-trump-quais-sao-os-possiveis-impactos-das-taxas-sobre-o-aco\/#respond"]}]},{"@type":"WebPage","@id":"https:\/\/prefeitosegestoes.com.br\/portal\/tarifas-de-trump-quais-sao-os-possiveis-impactos-das-taxas-sobre-o-aco\/","url":"https:\/\/prefeitosegestoes.com.br\/portal\/tarifas-de-trump-quais-sao-os-possiveis-impactos-das-taxas-sobre-o-aco\/","name":"Tarifas de Trump: quais s\u00e3o os poss\u00edveis impactos das taxas sobre o a\u00e7o. - Prefeitos &amp; Gest\u00f5es","isPartOf":{"@id":"https:\/\/prefeitosegestoes.com.br\/portal\/#website"},"primaryImageOfPage":{"@id":"https:\/\/prefeitosegestoes.com.br\/portal\/tarifas-de-trump-quais-sao-os-possiveis-impactos-das-taxas-sobre-o-aco\/#primaryimage"},"image":{"@id":"https:\/\/prefeitosegestoes.com.br\/portal\/tarifas-de-trump-quais-sao-os-possiveis-impactos-das-taxas-sobre-o-aco\/#primaryimage"},"thumbnailUrl":"https:\/\/prefeitosegestoes.com.br\/portal\/wp-content\/uploads\/2025\/02\/obras_construcao_noreste_mcajr_abr2807221046.webp","datePublished":"2025-02-11T13:57:49+00:00","dateModified":"2025-02-11T19:52:21+00:00","description":"EUA s\u00e3o o destino de quase metade das exporta\u00e7\u00f5es brasileiras de a\u00e7o; especialistas analisam poss\u00edveis impactos de tarifas de Trump","breadcrumb":{"@id":"https:\/\/prefeitosegestoes.com.br\/portal\/tarifas-de-trump-quais-sao-os-possiveis-impactos-das-taxas-sobre-o-aco\/#breadcrumb"},"inLanguage":"pt-BR","potentialAction":[{"@type":"ReadAction","target":["https:\/\/prefeitosegestoes.com.br\/portal\/tarifas-de-trump-quais-sao-os-possiveis-impactos-das-taxas-sobre-o-aco\/"]}]},{"@type":"ImageObject","inLanguage":"pt-BR","@id":"https:\/\/prefeitosegestoes.com.br\/portal\/tarifas-de-trump-quais-sao-os-possiveis-impactos-das-taxas-sobre-o-aco\/#primaryimage","url":"https:\/\/prefeitosegestoes.com.br\/portal\/wp-content\/uploads\/2025\/02\/obras_construcao_noreste_mcajr_abr2807221046.webp","contentUrl":"https:\/\/prefeitosegestoes.com.br\/portal\/wp-content\/uploads\/2025\/02\/obras_construcao_noreste_mcajr_abr2807221046.webp","width":1024,"height":768},{"@type":"BreadcrumbList","@id":"https:\/\/prefeitosegestoes.com.br\/portal\/tarifas-de-trump-quais-sao-os-possiveis-impactos-das-taxas-sobre-o-aco\/#breadcrumb","itemListElement":[{"@type":"ListItem","position":1,"name":"In\u00edcio","item":"https:\/\/prefeitosegestoes.com.br\/portal\/"},{"@type":"ListItem","position":2,"name":"Tarifas de Trump: quais s\u00e3o os poss\u00edveis impactos das taxas sobre o a\u00e7o."}]},{"@type":"WebSite","@id":"https:\/\/prefeitosegestoes.com.br\/portal\/#website","url":"https:\/\/prefeitosegestoes.com.br\/portal\/","name":"Prefeitos & Gest\u00f5es","description":"","publisher":{"@id":"https:\/\/prefeitosegestoes.com.br\/portal\/#organization"},"potentialAction":[{"@type":"SearchAction","target":{"@type":"EntryPoint","urlTemplate":"https:\/\/prefeitosegestoes.com.br\/portal\/?s={search_term_string}"},"query-input":{"@type":"PropertyValueSpecification","valueRequired":true,"valueName":"search_term_string"}}],"inLanguage":"pt-BR"},{"@type":"Organization","@id":"https:\/\/prefeitosegestoes.com.br\/portal\/#organization","name":"Prefeitos & Gest\u00f5es","url":"https:\/\/prefeitosegestoes.com.br\/portal\/","logo":{"@type":"ImageObject","inLanguage":"pt-BR","@id":"https:\/\/prefeitosegestoes.com.br\/portal\/#\/schema\/logo\/image\/","url":"https:\/\/prefeitosegestoes.com.br\/portal\/wp-content\/uploads\/2024\/10\/lg_trans_prefeitos_2024_preto2.png","contentUrl":"https:\/\/prefeitosegestoes.com.br\/portal\/wp-content\/uploads\/2024\/10\/lg_trans_prefeitos_2024_preto2.png","width":199,"height":122,"caption":"Prefeitos & Gest\u00f5es"},"image":{"@id":"https:\/\/prefeitosegestoes.com.br\/portal\/#\/schema\/logo\/image\/"},"sameAs":["https:\/\/www.facebook.com\/prefeitosonline","https:\/\/x.com\/PrefGestoes"]},{"@type":"Person","@id":"https:\/\/prefeitosegestoes.com.br\/portal\/#\/schema\/person\/d00059f2ec99963e7e1850d448ae94b8","name":"Prefeitos &amp; Gest\u00f5es","image":{"@type":"ImageObject","inLanguage":"pt-BR","@id":"https:\/\/secure.gravatar.com\/avatar\/738fb281e479212ed32c1a21a4307dda9f3af9292edb6918a16c9ce9fff5f48d?s=96&d=mm&r=g","url":"https:\/\/secure.gravatar.com\/avatar\/738fb281e479212ed32c1a21a4307dda9f3af9292edb6918a16c9ce9fff5f48d?s=96&d=mm&r=g","contentUrl":"https:\/\/secure.gravatar.com\/avatar\/738fb281e479212ed32c1a21a4307dda9f3af9292edb6918a16c9ce9fff5f48d?s=96&d=mm&r=g","caption":"Prefeitos &amp; Gest\u00f5es"},"url":"https:\/\/prefeitosegestoes.com.br\/portal\/author\/prefeitosegestoes\/"}]}},"_links":{"self":[{"href":"https:\/\/prefeitosegestoes.com.br\/portal\/wp-json\/wp\/v2\/posts\/3107","targetHints":{"allow":["GET"]}}],"collection":[{"href":"https:\/\/prefeitosegestoes.com.br\/portal\/wp-json\/wp\/v2\/posts"}],"about":[{"href":"https:\/\/prefeitosegestoes.com.br\/portal\/wp-json\/wp\/v2\/types\/post"}],"author":[{"embeddable":true,"href":"https:\/\/prefeitosegestoes.com.br\/portal\/wp-json\/wp\/v2\/users\/2"}],"replies":[{"embeddable":true,"href":"https:\/\/prefeitosegestoes.com.br\/portal\/wp-json\/wp\/v2\/comments?post=3107"}],"version-history":[{"count":1,"href":"https:\/\/prefeitosegestoes.com.br\/portal\/wp-json\/wp\/v2\/posts\/3107\/revisions"}],"predecessor-version":[{"id":3109,"href":"https:\/\/prefeitosegestoes.com.br\/portal\/wp-json\/wp\/v2\/posts\/3107\/revisions\/3109"}],"wp:featuredmedia":[{"embeddable":true,"href":"https:\/\/prefeitosegestoes.com.br\/portal\/wp-json\/wp\/v2\/media\/3108"}],"wp:attachment":[{"href":"https:\/\/prefeitosegestoes.com.br\/portal\/wp-json\/wp\/v2\/media?parent=3107"}],"wp:term":[{"taxonomy":"category","embeddable":true,"href":"https:\/\/prefeitosegestoes.com.br\/portal\/wp-json\/wp\/v2\/categories?post=3107"},{"taxonomy":"post_tag","embeddable":true,"href":"https:\/\/prefeitosegestoes.com.br\/portal\/wp-json\/wp\/v2\/tags?post=3107"}],"curies":[{"name":"wp","href":"https:\/\/api.w.org\/{rel}","templated":true}]}}