{"id":3096,"date":"2025-02-06T11:54:37","date_gmt":"2025-02-06T14:54:37","guid":{"rendered":"https:\/\/prefeitosegestoes.com.br\/portal\/?p=3096"},"modified":"2025-02-06T11:54:37","modified_gmt":"2025-02-06T14:54:37","slug":"entenda-o-perfil-legislativo-nacional-pln","status":"publish","type":"post","link":"https:\/\/prefeitosegestoes.com.br\/portal\/entenda-o-perfil-legislativo-nacional-pln\/","title":{"rendered":"Entenda o Perfil Legislativo Nacional (PLN)"},"content":{"rendered":"<section class=\"\">\n<div class=\"container container-full\">\n<div class=\"\">\n<div class=\"px-12 px-lg-0\">\n<div class=\"row justify-content-between position-relative align-items-end\">\n<div class=\"col-6\">\n<p class=\"color-gray font-sm font-medium text-uppercase text-decoration-none mt-1 mb-0\">\n<h6>Bras\u00edlia (DF) &#8211; Cenas da Cidade de Bras\u00edlia, ao fundo o pr\u00e9dio do Congresso Nacional . Foto Ant\u00f4nio Cruz\/Ag\u00eancia Brasil<\/h6>\n<p class=\"color-gray font-sm font-medium text-uppercase text-decoration-none mt-1 mb-0\"><a class=\"author url fn\" title=\"Posts por Coletivo Legis-Ativo\" href=\"https:\/\/congressoemfoco.uol.com.br\/author\/legis-ativo\/\" rel=\"author\">Coletivo Legis-Ativo<\/a>\u00a0<span class=\"text-lowercase\">e<\/span>\u00a0<a class=\"author url fn\" title=\"Posts por INCT ReDem\" href=\"https:\/\/congressoemfoco.uol.com.br\/author\/inct-redem\/\" rel=\"author\">INCT ReDem<\/a><\/p>\n<p class=\"font-xs color-gray lh-11 my-1\">05.02.2025 17:32\u00a0<i class=\"icon-comments\" aria-hidden=\"true\"><\/i><\/p>\n<div class=\"font-xs font-medium color-gray lh-11 mb-0\">Em\u00a0<span class=\"byline-links\"><a class=\"color-gray text-uppercase\" href=\"https:\/\/congressoemfoco.uol.com.br\/category\/congresso-nacional\">Congresso<\/a><\/span><\/div>\n<div>\n<div class=\"post-article\">\n<article class=\"clearfix\">\n<div id=\"modal-ready\">\n<p class=\"first-paragraph\"><strong>*Texto escrito em parceria com Wellington Nunes, cientista pol\u00edtico; cofundador e consultor s\u00eanior da ARW Political Advisory; e pesquisador do INCT\/ReDem.<\/strong><\/p>\n<p>\u00c9 muito comum na Ci\u00eancia Pol\u00edtica brasileira, analisar o comportamento dos parlamentares a partir dos poderes legislativos do presidente da Rep\u00fablica e do controle que as lideran\u00e7as partid\u00e1rias exercem sobre o processo legislativo. A interpreta\u00e7\u00e3o resultante \u00e9 que essas duas coisas combinadas permitem ao presidente disciplinar o comportamento de deputados e senadores, a fim de conseguir aprovar sua agenda de pol\u00edticas p\u00fablicas.<\/p>\n<p>Amplamente aceita durante os anos de 1990 e 2000, essa interpreta\u00e7\u00e3o passa a ser contestada empiricamente na d\u00e9cada seguinte.\u00a0<a href=\"https:\/\/repositorio.ipea.gov.br\/handle\/11058\/3613\">Acyr Almeida (2014)<\/a>\u00a0e\u00a0<a href=\"https:\/\/www.amazon.com.br\/MyNews-Explica-Brasileiro-Beatriz-Rey\/dp\/6554272542\">Beatriz Rey (2024),<\/a>\u00a0por exemplo, mostram um fortalecimento do Legislativo em\u00a0tr\u00eas frentes principais: amplia\u00e7\u00e3o da participa\u00e7\u00e3o na produ\u00e7\u00e3o de pol\u00edticas p\u00fablicas, ao superar o Executivo no n\u00famero de inciativas legislativas; diminui\u00e7\u00e3o do poder de agenda do Executivo, principalmente a partir da limita\u00e7\u00f5es ao uso de medidas provis\u00f3rias; e o fortalecimento do Legislativo na esfera or\u00e7ament\u00e1ria a partir de 2015.<\/p>\n<div class=\"my-25 my-lg-50 pt-10 pt-lg-30\">\n<p class=\"color-blue-light font-xs font-medium font-ls-2 text-uppercase mb-0\">Leia tamb\u00e9m<\/p>\n<div class=\"row gx-2 gx-lg-3 align-items-end mb-15 mb-lg-30\">\n<div class=\"col-8 col-lg-10\"><a class=\"font-work-sans color-black font-default font-lh-11 text-decoration-none\" href=\"https:\/\/congressoemfoco.uol.com.br\/area\/congresso-nacional\/camara-aprova-projeto-de-protecao-a-animais-em-desastres-ambientais\/\">C\u00e2mara aprova projeto de prote\u00e7\u00e3o a animais em desastres ambientais<\/a><\/p>\n<div class=\"color-gray font-sm font-medium text-uppercase text-decoration-none lh-1 mt-1 mb-0\"><a class=\"author url fn\" title=\"Posts por Lucas Neiva\" href=\"https:\/\/congressoemfoco.uol.com.br\/author\/lucas-neiva\/\" rel=\"author\">Lucas Neiva<\/a><\/div>\n<\/div>\n<\/div>\n<div class=\"row gx-2 gx-lg-3 align-items-end mb-15 mb-lg-30\">\n<div class=\"col-4 col-lg-2\">\n<div class=\"ratio ratio-4x3\">\n<div class=\"background-cover rocket-lazyload entered lazyloaded exited\" data-bg=\"https:\/\/congressoemfoco.uol.com.br\/wp-content\/uploads\/2024\/11\/img20241001124227309.jpg\" data-ll-status=\"entered\"><\/div>\n<\/div>\n<\/div>\n<div class=\"col-8 col-lg-10\"><a class=\"font-work-sans color-black font-default font-lh-11 text-decoration-none\" href=\"https:\/\/congressoemfoco.uol.com.br\/area\/congresso-nacional\/camara-vota-normas-de-protecao-a-animais-em-desastres-ambientais\/\"><span class=\"font-work-sans color-blue-dark font-black font-icon-md text-uppercase\"><i class=\"icon-play\" aria-hidden=\"true\"><\/i>\u00a0Ao Vivo\u00a0<\/span>C\u00e2mara vota normas de prote\u00e7\u00e3o a animais em desastres ambientais<\/a><\/p>\n<div class=\"color-gray font-sm font-medium text-uppercase text-decoration-none lh-1 mt-1 mb-0\"><a class=\"author url fn\" title=\"Posts por Lucas Neiva\" href=\"https:\/\/congressoemfoco.uol.com.br\/author\/lucas-neiva\/\" rel=\"author\">Lucas Neiva<\/a><\/div>\n<\/div>\n<\/div>\n<\/div>\n<p>Nesse cen\u00e1rio, parece fazer sentido olhar para o comportamento legislativo a partir das estrat\u00e9gias mobilizadas pelos pr\u00f3prios parlamentares, ao exercerem atividades cotidianas.<\/p>\n<p>No PLN, analisamos as iniciativas legislativas para construir um perfil dos deputados federais: foram consideradas as proposi\u00e7\u00f5es apresentadas \u00e0 C\u00e2mara no per\u00edodo compreendido entre 01\/01\/2011 e 20\/07\/2024. A classifica\u00e7\u00e3o est\u00e1 baseada em tr\u00eas dimens\u00f5es:<\/p>\n<ul>\n<li aria-level=\"1\">n\u00edvel de produtividade: quantidade alta ou baixa de proposi\u00e7\u00f5es, relatorias e emendas a proposi\u00e7\u00f5es;<\/li>\n<li aria-level=\"1\">n\u00edvel de abrang\u00eancia: produ\u00e7\u00e3o legislativa predominantemente local ou nacional;<\/li>\n<li aria-level=\"1\">concentra\u00e7\u00e3o tem\u00e1tica: atua\u00e7\u00e3o especializada ou generalista.<\/li>\n<\/ul>\n<p>Para clusteriza\u00e7\u00e3o, utilizamos aprendizado de m\u00e1quina n\u00e3o supervisionado, seguindo a metodologia detalhada neste\u00a0<a href=\"https:\/\/www.redem.tec.br\/wp-content\/uploads\/2024\/11\/WP-03.pdf\"><i>Working Paper<\/i><\/a>. Como resultado, chegamos a uma tipologia descritiva com cinco tipos (<i>clusters<\/i>), apresentada no quadro abaixo.<\/p>\n<p><b>Quadro \u2013\u00a0<\/b>Nomenclatura e descri\u00e7\u00e3o dos tipos<\/p>\n<table>\n<tbody>\n<tr>\n<td><b>Tipo<\/b><\/td>\n<td><b>Descri\u00e7\u00e3o<\/b><\/td>\n<\/tr>\n<tr>\n<td>Generalistas Regionais Produtivos<\/td>\n<td>Re\u00fane deputados com baixa especializa\u00e7\u00e3o tem\u00e1tica, alta produtividade legislativa e foco de atua\u00e7\u00e3o predominantemente regional<\/td>\n<\/tr>\n<tr>\n<td>Generalistas Nacionais Produtivos<\/td>\n<td>Agrupa deputados com baixa especializa\u00e7\u00e3o tem\u00e1tica, alta produtividade legislativa, mas com foco de atua\u00e7\u00e3o predominantemente nacional.<\/td>\n<\/tr>\n<tr>\n<td>Generalistas Regionais de Baixa Produtividade<\/td>\n<td>Congrega deputados com baixa especializa\u00e7\u00e3o tem\u00e1tica, baixos n\u00edveis de produtividade legislativa e com foco de atua\u00e7\u00e3o predominantemente nacional.<\/td>\n<\/tr>\n<tr>\n<td>Nacionais Mistos<\/td>\n<td>Re\u00fane deputados com variada especializa\u00e7\u00e3o tem\u00e1tica (isto \u00e9, h\u00e1 generalistas e especialistas entre eles), variados n\u00edveis de produtividade legislativa (ou seja, h\u00e1 indiv\u00edduos mais e menos produtivos) e com foco de atua\u00e7\u00e3o predominantemente nacional<\/td>\n<\/tr>\n<tr>\n<td>Especialistas de Baixa Produtividade<\/td>\n<td>Agrupa deputados com alto grau de especializa\u00e7\u00e3o tem\u00e1tica, baixos n\u00edveis de produtividade legislativa e com foco de atua\u00e7\u00e3o dividido entre a abrang\u00eancia nacional e regional<\/td>\n<\/tr>\n<\/tbody>\n<\/table>\n<p>&nbsp;<\/p>\n<p>Os resultados mostram que o comportamento dos deputados \u00e9 bastante heterog\u00eaneo, o que \u00e9 compat\u00edvel com diferentes estrat\u00e9gias de atua\u00e7\u00e3o. Para explor\u00e1-las, convidamos voc\u00ea a acessar\u00a0<a href=\"https:\/\/redem.tec.br\/colaboracoes\/perfil-legislativo-nacional-pln\/\">este painel de dados interativo<\/a>, que oferece uma vis\u00e3o detalhada e din\u00e2mica das estrat\u00e9gias parlamentares.<\/p>\n<hr \/>\n<p><strong>O texto acima expressa a vis\u00e3o de quem o assina, n\u00e3o necessariamente do Congresso em Foco. Se voc\u00ea quer publicar algo sobre o mesmo tema, mas com um diferente ponto de vista, envie sua sugest\u00e3o de texto para\u00a0<a href=\"mailto:redacao@congressoemfoco.com.br\">redacao@congressoemfoco.com.br<\/a><\/strong><\/p>\n<\/div>\n<\/article>\n<\/div>\n<div class=\"post-article__author\">\n<p class=\"post-article__author-title\">Autoria<\/p>\n<div class=\"row gx-3 mb-10\">\n<div class=\"col-3 col-lg-2\">\n<figure class=\"post-article__author-avatar\"><img decoding=\"async\" class=\"avatar avatar-150 photo entered lazyloaded\" src=\"https:\/\/congressoemfoco.uol.com.br\/wp-content\/uploads\/2023\/12\/perfil-legis-ativo-150x150.jpeg\" srcset=\"https:\/\/congressoemfoco.uol.com.br\/wp-content\/uploads\/2023\/12\/perfil-legis-ativo-300x300.jpeg 2x\" alt=\"Coletivo Legis-Ativo\" width=\"150\" height=\"150\" data-lazy-srcset=\"https:\/\/congressoemfoco.uol.com.br\/wp-content\/uploads\/2023\/12\/perfil-legis-ativo-300x300.jpeg 2x\" data-lazy-src=\"https:\/\/congressoemfoco.uol.com.br\/wp-content\/uploads\/2023\/12\/perfil-legis-ativo-150x150.jpeg\" data-ll-status=\"loaded\" \/><\/figure>\n<\/div>\n<div class=\"col-9 col-lg-10\">\n<div class=\"post-article__author-bio\">\n<p><strong class=\"text-uppercase\">Coletivo Legis-Ativo<\/strong>\u00a0Projeto do Movimento Voto Consciente que re\u00fane voluntariamente 20 cientistas pol\u00edticos, em paridade absoluta de g\u00eanero espalhados por todas as regi\u00f5es do pa\u00eds. As a\u00e7\u00f5es do coletivo envolvem a produ\u00e7\u00e3o de textos anal\u00edticos e a apresenta\u00e7\u00e3o, em parceria com organiza\u00e7\u00f5es diversas, de podcasts.<\/p>\n<div class=\"d-lg-flex flex-wrap mt-10\"><a href=\"mailto:legis.ativo.mvc@gmail.com\"><i class=\"icon-email\" aria-hidden=\"true\"><\/i>legis.ativo.mvc@gmail.com<\/a><\/div>\n<\/div>\n<\/div>\n<\/div>\n<div class=\"row gx-3 mb-10\">\n<div class=\"col-3 col-lg-2\">\n<figure class=\"post-article__author-avatar\"><img decoding=\"async\" class=\"avatar avatar-150 photo entered lazyloaded\" src=\"https:\/\/congressoemfoco.uol.com.br\/wp-content\/uploads\/2024\/09\/cropped-WhatsApp-Image-2024-09-11-at-10.15.44-1-150x150.jpeg\" srcset=\"https:\/\/congressoemfoco.uol.com.br\/wp-content\/uploads\/2024\/09\/cropped-WhatsApp-Image-2024-09-11-at-10.15.44-1-300x300.jpeg 2x\" alt=\"INCT ReDem\" width=\"150\" height=\"150\" data-lazy-srcset=\"https:\/\/congressoemfoco.uol.com.br\/wp-content\/uploads\/2024\/09\/cropped-WhatsApp-Image-2024-09-11-at-10.15.44-1-300x300.jpeg 2x\" data-lazy-src=\"https:\/\/congressoemfoco.uol.com.br\/wp-content\/uploads\/2024\/09\/cropped-WhatsApp-Image-2024-09-11-at-10.15.44-1-150x150.jpeg\" data-ll-status=\"loaded\" \/><\/figure>\n<\/div>\n<div class=\"col-9 col-lg-10\">\n<div class=\"post-article__author-bio\">\n<p><strong class=\"text-uppercase\">INCT ReDem<\/strong>\u00a0A equipe de pesquisadores\/as do Instituto Nacional de Ci\u00eancia e Tecnologia \u2013 Representa\u00e7\u00e3o e Legitimidade Democr\u00e1tica (INCT ReDem) foca em investigar as conex\u00f5es entre as mudan\u00e7as nos valores e percep\u00e7\u00f5es dos eleitores, nas institui\u00e7\u00f5es e regras eleitorais e nos perfis da classe pol\u00edtica, e como elas afetam o d\u00e9ficit de legitimidade da representa\u00e7\u00e3o.<\/p>\n<div class=\"d-lg-flex flex-wrap mt-10\"><a href=\"mailto:inct@congressoemfoco.com.br\">inct@congressoemfoco.com.br<\/a><\/div>\n<\/div>\n<\/div>\n<div>FONTE: CONGRESSO EM FOCO<\/div>\n<\/div>\n<\/div>\n<\/div>\n<\/div>\n<\/div>\n<\/div>\n<\/div>\n<\/div>\n<\/section>\n","protected":false},"excerpt":{"rendered":"<p>Bras\u00edlia (DF) &#8211; Cenas da Cidade de Bras\u00edlia, ao fundo o pr\u00e9dio do Congresso Nacional . Foto Ant\u00f4nio Cruz\/Ag\u00eancia Brasil Coletivo Legis-Ativo\u00a0e\u00a0INCT ReDem 05.02.2025 17:32\u00a0 Em\u00a0Congresso *Texto escrito em parceria com Wellington Nunes, cientista pol\u00edtico; cofundador e consultor s\u00eanior da ARW Political Advisory; e pesquisador do INCT\/ReDem. \u00c9 muito comum na Ci\u00eancia Pol\u00edtica brasileira, analisar [&hellip;]<\/p>\n","protected":false},"author":2,"featured_media":3097,"comment_status":"open","ping_status":"open","sticky":false,"template":"","format":"standard","meta":{"rop_custom_images_group":[],"rop_custom_messages_group":[],"rop_publish_now":"initial","rop_publish_now_accounts":{"twitter_850042665852968960_850042665852968960":""},"rop_publish_now_history":[],"rop_publish_now_status":"pending","footnotes":""},"categories":[15],"tags":[491],"class_list":["post-3096","post","type-post","status-publish","format-standard","has-post-thumbnail","hentry","category-destaques","tag-entenda-o-perfil-legislativo-nacional-pln"],"yoast_head":"<!-- This site is optimized with the Yoast SEO plugin v27.2 - https:\/\/yoast.com\/product\/yoast-seo-wordpress\/ -->\n<title>Entenda o Perfil Legislativo Nacional (PLN) - Prefeitos &amp; Gest\u00f5es<\/title>\n<meta name=\"description\" content=\"\u00c9 muito comum na Ci\u00eancia Pol\u00edtica brasileira, analisar o comportamento dos parlamentares a partir dos poderes legislativos do presidente da Rep\u00fablica e do controle que as lideran\u00e7as partid\u00e1rias exercem sobre o processo legislativo. A interpreta\u00e7\u00e3o resultante \u00e9 que essas duas coisas combinadas permitem ao presidente disciplinar o comportamento de deputados e senadores, a fim de conseguir aprovar sua agenda de pol\u00edticas p\u00fablicas.\" \/>\n<meta name=\"robots\" content=\"index, follow, max-snippet:-1, max-image-preview:large, max-video-preview:-1\" \/>\n<link rel=\"canonical\" href=\"https:\/\/prefeitosegestoes.com.br\/portal\/entenda-o-perfil-legislativo-nacional-pln\/\" \/>\n<meta property=\"og:locale\" content=\"pt_BR\" \/>\n<meta property=\"og:type\" content=\"article\" \/>\n<meta property=\"og:title\" content=\"Entenda o Perfil Legislativo Nacional (PLN) - Prefeitos &amp; Gest\u00f5es\" \/>\n<meta property=\"og:description\" content=\"\u00c9 muito comum na Ci\u00eancia Pol\u00edtica brasileira, analisar o comportamento dos parlamentares a partir dos poderes legislativos do presidente da Rep\u00fablica e do controle que as lideran\u00e7as partid\u00e1rias exercem sobre o processo legislativo. A interpreta\u00e7\u00e3o resultante \u00e9 que essas duas coisas combinadas permitem ao presidente disciplinar o comportamento de deputados e senadores, a fim de conseguir aprovar sua agenda de pol\u00edticas p\u00fablicas.\" \/>\n<meta property=\"og:url\" content=\"https:\/\/prefeitosegestoes.com.br\/portal\/entenda-o-perfil-legislativo-nacional-pln\/\" \/>\n<meta property=\"og:site_name\" content=\"Prefeitos &amp; Gest\u00f5es\" \/>\n<meta property=\"article:publisher\" content=\"https:\/\/www.facebook.com\/prefeitosonline\" \/>\n<meta property=\"article:published_time\" content=\"2025-02-06T14:54:37+00:00\" \/>\n<meta property=\"og:image\" content=\"https:\/\/prefeitosegestoes.com.br\/portal\/wp-content\/uploads\/2025\/02\/pzzb2042.webp\" \/>\n\t<meta property=\"og:image:width\" content=\"1024\" \/>\n\t<meta property=\"og:image:height\" content=\"768\" \/>\n\t<meta property=\"og:image:type\" content=\"image\/webp\" \/>\n<meta name=\"author\" content=\"Prefeitos &amp; Gest\u00f5es\" \/>\n<meta name=\"twitter:card\" content=\"summary_large_image\" \/>\n<meta name=\"twitter:creator\" content=\"@PrefGestoes\" \/>\n<meta name=\"twitter:site\" content=\"@PrefGestoes\" \/>\n<meta name=\"twitter:label1\" content=\"Escrito por\" \/>\n\t<meta name=\"twitter:data1\" content=\"Prefeitos &amp; Gest\u00f5es\" \/>\n\t<meta name=\"twitter:label2\" content=\"Est. tempo de leitura\" \/>\n\t<meta name=\"twitter:data2\" content=\"5 minutos\" \/>\n<script type=\"application\/ld+json\" class=\"yoast-schema-graph\">{\"@context\":\"https:\/\/schema.org\",\"@graph\":[{\"@type\":\"Article\",\"@id\":\"https:\/\/prefeitosegestoes.com.br\/portal\/entenda-o-perfil-legislativo-nacional-pln\/#article\",\"isPartOf\":{\"@id\":\"https:\/\/prefeitosegestoes.com.br\/portal\/entenda-o-perfil-legislativo-nacional-pln\/\"},\"author\":{\"name\":\"Prefeitos &amp; Gest\u00f5es\",\"@id\":\"https:\/\/prefeitosegestoes.com.br\/portal\/#\/schema\/person\/d00059f2ec99963e7e1850d448ae94b8\"},\"headline\":\"Entenda o Perfil Legislativo Nacional (PLN)\",\"datePublished\":\"2025-02-06T14:54:37+00:00\",\"mainEntityOfPage\":{\"@id\":\"https:\/\/prefeitosegestoes.com.br\/portal\/entenda-o-perfil-legislativo-nacional-pln\/\"},\"wordCount\":770,\"commentCount\":0,\"publisher\":{\"@id\":\"https:\/\/prefeitosegestoes.com.br\/portal\/#organization\"},\"image\":{\"@id\":\"https:\/\/prefeitosegestoes.com.br\/portal\/entenda-o-perfil-legislativo-nacional-pln\/#primaryimage\"},\"thumbnailUrl\":\"https:\/\/prefeitosegestoes.com.br\/portal\/wp-content\/uploads\/2025\/02\/pzzb2042.webp\",\"keywords\":[\"Entenda o Perfil Legislativo Nacional (PLN)\"],\"articleSection\":[\"Destaques\"],\"inLanguage\":\"pt-BR\",\"potentialAction\":[{\"@type\":\"CommentAction\",\"name\":\"Comment\",\"target\":[\"https:\/\/prefeitosegestoes.com.br\/portal\/entenda-o-perfil-legislativo-nacional-pln\/#respond\"]}]},{\"@type\":\"WebPage\",\"@id\":\"https:\/\/prefeitosegestoes.com.br\/portal\/entenda-o-perfil-legislativo-nacional-pln\/\",\"url\":\"https:\/\/prefeitosegestoes.com.br\/portal\/entenda-o-perfil-legislativo-nacional-pln\/\",\"name\":\"Entenda o Perfil Legislativo Nacional (PLN) - Prefeitos &amp; Gest\u00f5es\",\"isPartOf\":{\"@id\":\"https:\/\/prefeitosegestoes.com.br\/portal\/#website\"},\"primaryImageOfPage\":{\"@id\":\"https:\/\/prefeitosegestoes.com.br\/portal\/entenda-o-perfil-legislativo-nacional-pln\/#primaryimage\"},\"image\":{\"@id\":\"https:\/\/prefeitosegestoes.com.br\/portal\/entenda-o-perfil-legislativo-nacional-pln\/#primaryimage\"},\"thumbnailUrl\":\"https:\/\/prefeitosegestoes.com.br\/portal\/wp-content\/uploads\/2025\/02\/pzzb2042.webp\",\"datePublished\":\"2025-02-06T14:54:37+00:00\",\"description\":\"\u00c9 muito comum na Ci\u00eancia Pol\u00edtica brasileira, analisar o comportamento dos parlamentares a partir dos poderes legislativos do presidente da Rep\u00fablica e do controle que as lideran\u00e7as partid\u00e1rias exercem sobre o processo legislativo. A interpreta\u00e7\u00e3o resultante \u00e9 que essas duas coisas combinadas permitem ao presidente disciplinar o comportamento de deputados e senadores, a fim de conseguir aprovar sua agenda de pol\u00edticas p\u00fablicas.\",\"breadcrumb\":{\"@id\":\"https:\/\/prefeitosegestoes.com.br\/portal\/entenda-o-perfil-legislativo-nacional-pln\/#breadcrumb\"},\"inLanguage\":\"pt-BR\",\"potentialAction\":[{\"@type\":\"ReadAction\",\"target\":[\"https:\/\/prefeitosegestoes.com.br\/portal\/entenda-o-perfil-legislativo-nacional-pln\/\"]}]},{\"@type\":\"ImageObject\",\"inLanguage\":\"pt-BR\",\"@id\":\"https:\/\/prefeitosegestoes.com.br\/portal\/entenda-o-perfil-legislativo-nacional-pln\/#primaryimage\",\"url\":\"https:\/\/prefeitosegestoes.com.br\/portal\/wp-content\/uploads\/2025\/02\/pzzb2042.webp\",\"contentUrl\":\"https:\/\/prefeitosegestoes.com.br\/portal\/wp-content\/uploads\/2025\/02\/pzzb2042.webp\",\"width\":1024,\"height\":768},{\"@type\":\"BreadcrumbList\",\"@id\":\"https:\/\/prefeitosegestoes.com.br\/portal\/entenda-o-perfil-legislativo-nacional-pln\/#breadcrumb\",\"itemListElement\":[{\"@type\":\"ListItem\",\"position\":1,\"name\":\"In\u00edcio\",\"item\":\"https:\/\/prefeitosegestoes.com.br\/portal\/\"},{\"@type\":\"ListItem\",\"position\":2,\"name\":\"Entenda o Perfil Legislativo Nacional (PLN)\"}]},{\"@type\":\"WebSite\",\"@id\":\"https:\/\/prefeitosegestoes.com.br\/portal\/#website\",\"url\":\"https:\/\/prefeitosegestoes.com.br\/portal\/\",\"name\":\"Prefeitos & Gest\u00f5es\",\"description\":\"\",\"publisher\":{\"@id\":\"https:\/\/prefeitosegestoes.com.br\/portal\/#organization\"},\"potentialAction\":[{\"@type\":\"SearchAction\",\"target\":{\"@type\":\"EntryPoint\",\"urlTemplate\":\"https:\/\/prefeitosegestoes.com.br\/portal\/?s={search_term_string}\"},\"query-input\":{\"@type\":\"PropertyValueSpecification\",\"valueRequired\":true,\"valueName\":\"search_term_string\"}}],\"inLanguage\":\"pt-BR\"},{\"@type\":\"Organization\",\"@id\":\"https:\/\/prefeitosegestoes.com.br\/portal\/#organization\",\"name\":\"Prefeitos & Gest\u00f5es\",\"url\":\"https:\/\/prefeitosegestoes.com.br\/portal\/\",\"logo\":{\"@type\":\"ImageObject\",\"inLanguage\":\"pt-BR\",\"@id\":\"https:\/\/prefeitosegestoes.com.br\/portal\/#\/schema\/logo\/image\/\",\"url\":\"https:\/\/prefeitosegestoes.com.br\/portal\/wp-content\/uploads\/2024\/10\/lg_trans_prefeitos_2024_preto2.png\",\"contentUrl\":\"https:\/\/prefeitosegestoes.com.br\/portal\/wp-content\/uploads\/2024\/10\/lg_trans_prefeitos_2024_preto2.png\",\"width\":199,\"height\":122,\"caption\":\"Prefeitos & Gest\u00f5es\"},\"image\":{\"@id\":\"https:\/\/prefeitosegestoes.com.br\/portal\/#\/schema\/logo\/image\/\"},\"sameAs\":[\"https:\/\/www.facebook.com\/prefeitosonline\",\"https:\/\/x.com\/PrefGestoes\"]},{\"@type\":\"Person\",\"@id\":\"https:\/\/prefeitosegestoes.com.br\/portal\/#\/schema\/person\/d00059f2ec99963e7e1850d448ae94b8\",\"name\":\"Prefeitos &amp; Gest\u00f5es\",\"image\":{\"@type\":\"ImageObject\",\"inLanguage\":\"pt-BR\",\"@id\":\"https:\/\/secure.gravatar.com\/avatar\/738fb281e479212ed32c1a21a4307dda9f3af9292edb6918a16c9ce9fff5f48d?s=96&d=mm&r=g\",\"url\":\"https:\/\/secure.gravatar.com\/avatar\/738fb281e479212ed32c1a21a4307dda9f3af9292edb6918a16c9ce9fff5f48d?s=96&d=mm&r=g\",\"contentUrl\":\"https:\/\/secure.gravatar.com\/avatar\/738fb281e479212ed32c1a21a4307dda9f3af9292edb6918a16c9ce9fff5f48d?s=96&d=mm&r=g\",\"caption\":\"Prefeitos &amp; Gest\u00f5es\"},\"url\":\"https:\/\/prefeitosegestoes.com.br\/portal\/author\/prefeitosegestoes\/\"}]}<\/script>\n<!-- \/ Yoast SEO plugin. -->","yoast_head_json":{"title":"Entenda o Perfil Legislativo Nacional (PLN) - Prefeitos &amp; Gest\u00f5es","description":"\u00c9 muito comum na Ci\u00eancia Pol\u00edtica brasileira, analisar o comportamento dos parlamentares a partir dos poderes legislativos do presidente da Rep\u00fablica e do controle que as lideran\u00e7as partid\u00e1rias exercem sobre o processo legislativo. A interpreta\u00e7\u00e3o resultante \u00e9 que essas duas coisas combinadas permitem ao presidente disciplinar o comportamento de deputados e senadores, a fim de conseguir aprovar sua agenda de pol\u00edticas p\u00fablicas.","robots":{"index":"index","follow":"follow","max-snippet":"max-snippet:-1","max-image-preview":"max-image-preview:large","max-video-preview":"max-video-preview:-1"},"canonical":"https:\/\/prefeitosegestoes.com.br\/portal\/entenda-o-perfil-legislativo-nacional-pln\/","og_locale":"pt_BR","og_type":"article","og_title":"Entenda o Perfil Legislativo Nacional (PLN) - Prefeitos &amp; Gest\u00f5es","og_description":"\u00c9 muito comum na Ci\u00eancia Pol\u00edtica brasileira, analisar o comportamento dos parlamentares a partir dos poderes legislativos do presidente da Rep\u00fablica e do controle que as lideran\u00e7as partid\u00e1rias exercem sobre o processo legislativo. A interpreta\u00e7\u00e3o resultante \u00e9 que essas duas coisas combinadas permitem ao presidente disciplinar o comportamento de deputados e senadores, a fim de conseguir aprovar sua agenda de pol\u00edticas p\u00fablicas.","og_url":"https:\/\/prefeitosegestoes.com.br\/portal\/entenda-o-perfil-legislativo-nacional-pln\/","og_site_name":"Prefeitos &amp; Gest\u00f5es","article_publisher":"https:\/\/www.facebook.com\/prefeitosonline","article_published_time":"2025-02-06T14:54:37+00:00","og_image":[{"width":1024,"height":768,"url":"https:\/\/prefeitosegestoes.com.br\/portal\/wp-content\/uploads\/2025\/02\/pzzb2042.webp","type":"image\/webp"}],"author":"Prefeitos &amp; Gest\u00f5es","twitter_card":"summary_large_image","twitter_creator":"@PrefGestoes","twitter_site":"@PrefGestoes","twitter_misc":{"Escrito por":"Prefeitos &amp; Gest\u00f5es","Est. tempo de leitura":"5 minutos"},"schema":{"@context":"https:\/\/schema.org","@graph":[{"@type":"Article","@id":"https:\/\/prefeitosegestoes.com.br\/portal\/entenda-o-perfil-legislativo-nacional-pln\/#article","isPartOf":{"@id":"https:\/\/prefeitosegestoes.com.br\/portal\/entenda-o-perfil-legislativo-nacional-pln\/"},"author":{"name":"Prefeitos &amp; Gest\u00f5es","@id":"https:\/\/prefeitosegestoes.com.br\/portal\/#\/schema\/person\/d00059f2ec99963e7e1850d448ae94b8"},"headline":"Entenda o Perfil Legislativo Nacional (PLN)","datePublished":"2025-02-06T14:54:37+00:00","mainEntityOfPage":{"@id":"https:\/\/prefeitosegestoes.com.br\/portal\/entenda-o-perfil-legislativo-nacional-pln\/"},"wordCount":770,"commentCount":0,"publisher":{"@id":"https:\/\/prefeitosegestoes.com.br\/portal\/#organization"},"image":{"@id":"https:\/\/prefeitosegestoes.com.br\/portal\/entenda-o-perfil-legislativo-nacional-pln\/#primaryimage"},"thumbnailUrl":"https:\/\/prefeitosegestoes.com.br\/portal\/wp-content\/uploads\/2025\/02\/pzzb2042.webp","keywords":["Entenda o Perfil Legislativo Nacional (PLN)"],"articleSection":["Destaques"],"inLanguage":"pt-BR","potentialAction":[{"@type":"CommentAction","name":"Comment","target":["https:\/\/prefeitosegestoes.com.br\/portal\/entenda-o-perfil-legislativo-nacional-pln\/#respond"]}]},{"@type":"WebPage","@id":"https:\/\/prefeitosegestoes.com.br\/portal\/entenda-o-perfil-legislativo-nacional-pln\/","url":"https:\/\/prefeitosegestoes.com.br\/portal\/entenda-o-perfil-legislativo-nacional-pln\/","name":"Entenda o Perfil Legislativo Nacional (PLN) - Prefeitos &amp; Gest\u00f5es","isPartOf":{"@id":"https:\/\/prefeitosegestoes.com.br\/portal\/#website"},"primaryImageOfPage":{"@id":"https:\/\/prefeitosegestoes.com.br\/portal\/entenda-o-perfil-legislativo-nacional-pln\/#primaryimage"},"image":{"@id":"https:\/\/prefeitosegestoes.com.br\/portal\/entenda-o-perfil-legislativo-nacional-pln\/#primaryimage"},"thumbnailUrl":"https:\/\/prefeitosegestoes.com.br\/portal\/wp-content\/uploads\/2025\/02\/pzzb2042.webp","datePublished":"2025-02-06T14:54:37+00:00","description":"\u00c9 muito comum na Ci\u00eancia Pol\u00edtica brasileira, analisar o comportamento dos parlamentares a partir dos poderes legislativos do presidente da Rep\u00fablica e do controle que as lideran\u00e7as partid\u00e1rias exercem sobre o processo legislativo. A interpreta\u00e7\u00e3o resultante \u00e9 que essas duas coisas combinadas permitem ao presidente disciplinar o comportamento de deputados e senadores, a fim de conseguir aprovar sua agenda de pol\u00edticas p\u00fablicas.","breadcrumb":{"@id":"https:\/\/prefeitosegestoes.com.br\/portal\/entenda-o-perfil-legislativo-nacional-pln\/#breadcrumb"},"inLanguage":"pt-BR","potentialAction":[{"@type":"ReadAction","target":["https:\/\/prefeitosegestoes.com.br\/portal\/entenda-o-perfil-legislativo-nacional-pln\/"]}]},{"@type":"ImageObject","inLanguage":"pt-BR","@id":"https:\/\/prefeitosegestoes.com.br\/portal\/entenda-o-perfil-legislativo-nacional-pln\/#primaryimage","url":"https:\/\/prefeitosegestoes.com.br\/portal\/wp-content\/uploads\/2025\/02\/pzzb2042.webp","contentUrl":"https:\/\/prefeitosegestoes.com.br\/portal\/wp-content\/uploads\/2025\/02\/pzzb2042.webp","width":1024,"height":768},{"@type":"BreadcrumbList","@id":"https:\/\/prefeitosegestoes.com.br\/portal\/entenda-o-perfil-legislativo-nacional-pln\/#breadcrumb","itemListElement":[{"@type":"ListItem","position":1,"name":"In\u00edcio","item":"https:\/\/prefeitosegestoes.com.br\/portal\/"},{"@type":"ListItem","position":2,"name":"Entenda o Perfil Legislativo Nacional (PLN)"}]},{"@type":"WebSite","@id":"https:\/\/prefeitosegestoes.com.br\/portal\/#website","url":"https:\/\/prefeitosegestoes.com.br\/portal\/","name":"Prefeitos & Gest\u00f5es","description":"","publisher":{"@id":"https:\/\/prefeitosegestoes.com.br\/portal\/#organization"},"potentialAction":[{"@type":"SearchAction","target":{"@type":"EntryPoint","urlTemplate":"https:\/\/prefeitosegestoes.com.br\/portal\/?s={search_term_string}"},"query-input":{"@type":"PropertyValueSpecification","valueRequired":true,"valueName":"search_term_string"}}],"inLanguage":"pt-BR"},{"@type":"Organization","@id":"https:\/\/prefeitosegestoes.com.br\/portal\/#organization","name":"Prefeitos & Gest\u00f5es","url":"https:\/\/prefeitosegestoes.com.br\/portal\/","logo":{"@type":"ImageObject","inLanguage":"pt-BR","@id":"https:\/\/prefeitosegestoes.com.br\/portal\/#\/schema\/logo\/image\/","url":"https:\/\/prefeitosegestoes.com.br\/portal\/wp-content\/uploads\/2024\/10\/lg_trans_prefeitos_2024_preto2.png","contentUrl":"https:\/\/prefeitosegestoes.com.br\/portal\/wp-content\/uploads\/2024\/10\/lg_trans_prefeitos_2024_preto2.png","width":199,"height":122,"caption":"Prefeitos & Gest\u00f5es"},"image":{"@id":"https:\/\/prefeitosegestoes.com.br\/portal\/#\/schema\/logo\/image\/"},"sameAs":["https:\/\/www.facebook.com\/prefeitosonline","https:\/\/x.com\/PrefGestoes"]},{"@type":"Person","@id":"https:\/\/prefeitosegestoes.com.br\/portal\/#\/schema\/person\/d00059f2ec99963e7e1850d448ae94b8","name":"Prefeitos &amp; Gest\u00f5es","image":{"@type":"ImageObject","inLanguage":"pt-BR","@id":"https:\/\/secure.gravatar.com\/avatar\/738fb281e479212ed32c1a21a4307dda9f3af9292edb6918a16c9ce9fff5f48d?s=96&d=mm&r=g","url":"https:\/\/secure.gravatar.com\/avatar\/738fb281e479212ed32c1a21a4307dda9f3af9292edb6918a16c9ce9fff5f48d?s=96&d=mm&r=g","contentUrl":"https:\/\/secure.gravatar.com\/avatar\/738fb281e479212ed32c1a21a4307dda9f3af9292edb6918a16c9ce9fff5f48d?s=96&d=mm&r=g","caption":"Prefeitos &amp; Gest\u00f5es"},"url":"https:\/\/prefeitosegestoes.com.br\/portal\/author\/prefeitosegestoes\/"}]}},"_links":{"self":[{"href":"https:\/\/prefeitosegestoes.com.br\/portal\/wp-json\/wp\/v2\/posts\/3096","targetHints":{"allow":["GET"]}}],"collection":[{"href":"https:\/\/prefeitosegestoes.com.br\/portal\/wp-json\/wp\/v2\/posts"}],"about":[{"href":"https:\/\/prefeitosegestoes.com.br\/portal\/wp-json\/wp\/v2\/types\/post"}],"author":[{"embeddable":true,"href":"https:\/\/prefeitosegestoes.com.br\/portal\/wp-json\/wp\/v2\/users\/2"}],"replies":[{"embeddable":true,"href":"https:\/\/prefeitosegestoes.com.br\/portal\/wp-json\/wp\/v2\/comments?post=3096"}],"version-history":[{"count":1,"href":"https:\/\/prefeitosegestoes.com.br\/portal\/wp-json\/wp\/v2\/posts\/3096\/revisions"}],"predecessor-version":[{"id":3098,"href":"https:\/\/prefeitosegestoes.com.br\/portal\/wp-json\/wp\/v2\/posts\/3096\/revisions\/3098"}],"wp:featuredmedia":[{"embeddable":true,"href":"https:\/\/prefeitosegestoes.com.br\/portal\/wp-json\/wp\/v2\/media\/3097"}],"wp:attachment":[{"href":"https:\/\/prefeitosegestoes.com.br\/portal\/wp-json\/wp\/v2\/media?parent=3096"}],"wp:term":[{"taxonomy":"category","embeddable":true,"href":"https:\/\/prefeitosegestoes.com.br\/portal\/wp-json\/wp\/v2\/categories?post=3096"},{"taxonomy":"post_tag","embeddable":true,"href":"https:\/\/prefeitosegestoes.com.br\/portal\/wp-json\/wp\/v2\/tags?post=3096"}],"curies":[{"name":"wp","href":"https:\/\/api.w.org\/{rel}","templated":true}]}}