{"id":3093,"date":"2025-02-05T08:48:13","date_gmt":"2025-02-05T11:48:13","guid":{"rendered":"https:\/\/prefeitosegestoes.com.br\/portal\/?p=3093"},"modified":"2025-02-05T08:48:13","modified_gmt":"2025-02-05T11:48:13","slug":"o-mundo-contra-trump","status":"publish","type":"post","link":"https:\/\/prefeitosegestoes.com.br\/portal\/o-mundo-contra-trump\/","title":{"rendered":"O MUNDO CONTRA TRUMP"},"content":{"rendered":"<h6>Nova York\u00a0 JUSTIN LANE\/Pool via REUTERS<\/h6>\n<h2>Trump contra o mundo: quais os pa\u00edses no alvo da ira do presidente dos EUA?<\/h2>\n<p>Do UOL, em S\u00e3o Paulo<\/p>\n<p>05\/02\/2025 05h30\u2026 &#8211; Veja mais em <a href=\"https:\/\/noticias.uol.com.br\/internacional\/ultimas-noticias\/2025\/02\/05\/paises-que-estao-na-mira-de-trump.htm?cmpid=copiaecola\">https:\/\/noticias.uol.com.br\/internacional\/ultimas-noticias\/2025\/02\/05\/paises-que-estao-na-mira-de-trump.htm?cmpid=copiaecola<\/a><\/p>\n<p>Desde que tomou posse em 20 de janeiro, o presidente dos EUA, Donald Trump, j\u00e1 comprou briga com diversos pa\u00edses, como China, Canad\u00e1 e M\u00e9xico. Os conflitos n\u00e3o se limitam a quest\u00f5es econ\u00f4micas. Veja abaixo:<\/p>\n<h2><strong>Canad\u00e1<\/strong><\/h2>\n<p>Trump anunciou tarifas contra o Canad\u00e1. No dia 20 de janeiro de 2025, o presidente dos Estados Unidos afirmou que pretendia impor tarifas alfandeg\u00e1rias de 25% sobre produtos canadenses a partir de 1\u00ba de fevereiro, alegando que a medida pressionaria o Canad\u00e1 a endurecer suas pol\u00edticas contra a imigra\u00e7\u00e3o ilegal e o tr\u00e1fico de drogas.<\/p>\n<p>Imposi\u00e7\u00e3o de tarifas n\u00e3o \u00e9 novidade. Em novembro de 2024, Trump j\u00e1 havia amea\u00e7ado estabelecer taxas sobre todos os produtos do Canad\u00e1 e do M\u2026 &#8211; Veja mais em <a href=\"https:\/\/noticias.uol.com.br\/internacional\/ultimas-noticias\/2025\/02\/05\/paises-que-estao-na-mira-de-trump.htm?cmpid=copiaecola\">https:\/\/noticias.uol.com.br\/internacional\/ultimas-noticias\/2025\/02\/05\/paises-que-estao-na-mira-de-trump.htm?cmpid=copiaecola<\/a><\/p>\n<p>Trump tamb\u00e9m sugeriu que o Canad\u00e1 fosse anexado pelos EUA. Em dezembro de 2024, o presidente americano declarou que muitos canadenses desejavam que o pa\u00eds se tornasse o 51\u00ba estado dos Estados Unidos e classificou essa possibilidade como &#8220;uma \u00f3tima ideia&#8221;.<\/p>\n<p>Declara\u00e7\u00f5es provocaram rea\u00e7\u00f5es no Canad\u00e1. O primeiro-ministro Justin Trudeau respondeu de forma categ\u00f3rica, rejeitando qualquer possibilidade de que o Canad\u00e1 fosse anexado pelos Estados Unidos.<\/p>\n<p>Rela\u00e7\u00f5es entre os dois pa\u00edses foram impactadas. A sugest\u00e3o de Trump e o an\u00fancio de novas tarifas elevaram as tens\u00f5es entre Canad\u00e1 e Estados Unidos, afetando uma parceria hist\u00f3rica de coopera\u00e7\u00e3o entre as na\u00e7\u00f5es\u2026 &#8211; Veja mais em <a href=\"https:\/\/noticias.uol.com.br\/internacional\/ultimas-noticias\/2025\/02\/05\/paises-que-estao-na-mira-de-trump.htm?cmpid=copiaecola\">https:\/\/noticias.uol.com.br\/internacional\/ultimas-noticias\/2025\/02\/05\/paises-que-estao-na-mira-de-trump.htm?cmpid=copiaecola<\/a><\/p>\n<h2><strong>M\u00e9xico<\/strong><\/h2>\n<p>Trump tamb\u00e9m anunciou tarifa de 25% para os produtos provenientes do M\u00e9xico \u2014depois, adiou a medida. A justificativa no momento da imposi\u00e7\u00e3o da tarifa foi a de que o pa\u00eds tem feito pouco para conter imigra\u00e7\u00e3o ilegal e tr\u00e1fico de drogas \u2014principalmente fentanil, opioide respons\u00e1vel por uma epidemia de mortes por overdose nos EUA. A presidente mexicana prometeu enviar 10 mil soldados \u00e0 fronteira\u2026 &#8211; Veja mais em <a href=\"https:\/\/noticias.uol.com.br\/internacional\/ultimas-noticias\/2025\/02\/05\/paises-que-estao-na-mira-de-trump.htm?cmpid=copiaecola\">https:\/\/noticias.uol.com.br\/internacional\/ultimas-noticias\/2025\/02\/05\/paises-que-estao-na-mira-de-trump.htm?cmpid=copiaecola<\/a><\/p>\n<p>Al\u00e9m disso, Trump j\u00e1 iniciou deporta\u00e7\u00f5es em massa de imigrantes, sobretudo mexicanos. O presidente fez do tema da &#8220;seguran\u00e7a na fronteira&#8221; uma das suas principais prioridades no governo atual. O Congresso aprovou uma lei para facilitar as deten\u00e7\u00f5es e deporta\u00e7\u00f5es, com 1.500 soldados enviados \u00e0 regi\u00e3o.<\/p>\n<p>O governo mexicano disse que estava pronto para cooperar com a recep\u00e7\u00e3o de seus cidad\u00e3os deportados. O pa\u00eds j\u00e1 atua como uma segunda fronteira, reduzindo o fluxo de migrantes que se aproximam dos Estados Unidos. Com a posse de Trump, o M\u00e9xico tamb\u00e9m teve de receber solicitantes de asilo que agora est\u00e3o sendo rejeitados pelo pa\u00eds.<\/p>\n<p>Conflitos com M\u00e9xico envolvem ainda o Golfo do M\u00e9xico\u2026 &#8211; Veja mais em <a href=\"https:\/\/noticias.uol.com.br\/internacional\/ultimas-noticias\/2025\/02\/05\/paises-que-estao-na-mira-de-trump.htm?cmpid=copiaecola\">https:\/\/noticias.uol.com.br\/internacional\/ultimas-noticias\/2025\/02\/05\/paises-que-estao-na-mira-de-trump.htm?cmpid=copiaecola<\/a><\/p>\n<h2>Dinamarca (Groenl\u00e2ndia)<\/h2>\n<p>Em dezembro de 2024, Trump voltou a falar sobre o interesse em comprar a Groenl\u00e2ndia, territ\u00f3rio aut\u00f4nomo da Dinamarca. O presidente dos EUA enfatizou a import\u00e2ncia estrat\u00e9gica e econ\u00f4mica da regi\u00e3o para os EUA. &#8220;Para fins de seguran\u00e7a nacional e liberdade em todo o mundo, os Estados Unidos da Am\u00e9rica sentem que a propriedade e o controle da Groenl\u00e2ndia s\u00e3o uma necessidade absoluta&#8221;, escreveu Trump no Truth Social. Continua ap\u00f3\u2026 &#8211; Veja mais em <a href=\"https:\/\/noticias.uol.com.br\/internacional\/ultimas-noticias\/2025\/02\/05\/paises-que-estao-na-mira-de-trump.htm?cmpid=copiaecola\">https:\/\/noticias.uol.com.br\/internacional\/ultimas-noticias\/2025\/02\/05\/paises-que-estao-na-mira-de-trump.htm?cmpid=copiaecola<\/a><\/p>\n<p>Interesse j\u00e1 havia sido expresso em mandato anterior de Trump. O presidente dos EUA citou o desejo de comprar a Groenl\u00e2ndia em 2019, mas a proposta foi prontamente rejeitada pela Dinamarca e pelas pr\u00f3prias autoridades da ilha antes que qualquer discuss\u00e3o formal pudesse ocorrer. A Groenl\u00e2ndia \u00e9 considerada estrategicamente importante para os militares dos EUA e seu sistema de alerta precoce de m\u00edsseis bal\u00edsticos, j\u00e1 que a rota mais curta da Europa para a Am\u00e9rica do Norte passa pela ilha.<\/p>\n<p>O primeiro-ministro da ilha, Mute Egede, respondeu aos coment\u00e1rios de Trump. &#8220;A Groenl\u00e2ndia \u00e9 nossa. N\u00e3o estamos \u00e0 venda e nunca estaremos \u00e0 venda. N\u00e3o devemos perder nossa longa luta pela liberdad\u2026 &#8211; Veja mais em <a href=\"https:\/\/noticias.uol.com.br\/internacional\/ultimas-noticias\/2025\/02\/05\/paises-que-estao-na-mira-de-trump.htm?cmpid=copiaecola\">https:\/\/noticias.uol.com.br\/internacional\/ultimas-noticias\/2025\/02\/05\/paises-que-estao-na-mira-de-trump.htm?cmpid=copiaecola<\/a><\/p>\n<h2>China<\/h2>\n<p>Trump anunciou tarifa de 10% para a China. Ao lado do M\u00e9xico e Canad\u00e1, a China responde por mais de um ter\u00e7o das importa\u00e7\u00f5es dos EUA, fornecendo carros, rem\u00e9dios, cal\u00e7ados, madeira, eletr\u00f4nicos, a\u00e7o e muitos outros produtos aos consumidores americanos.<\/p>\n<p>Em resposta, a China anunciou tarifas e restri\u00e7\u00f5es a importa\u00e7\u00f5es de produtos americanos. A medida passa a valer a partir de segunda\u2026 &#8211; Veja mais em <a href=\"https:\/\/noticias.uol.com.br\/internacional\/ultimas-noticias\/2025\/02\/05\/paises-que-estao-na-mira-de-trump.htm?cmpid=copiaecola\">https:\/\/noticias.uol.com.br\/internacional\/ultimas-noticias\/2025\/02\/05\/paises-que-estao-na-mira-de-trump.htm?cmpid=copiaecola<\/a><\/p>\n<h2>Uni\u00e3o Europeia<\/h2>\n<p data-v-232111b4=\"\"><strong>Trump j\u00e1 anunciou poss\u00edveis medidas que devem atingir o bloco europeu.\u00a0<\/strong>O presidente dos EUA subiu o tom e disse que &#8220;com certeza&#8221; planeja atingir a Uni\u00e3o Europeia, bloco europeu de 27 na\u00e7\u00f5es, com novas taxas de importa\u00e7\u00e3o.<\/p>\n<p data-v-232111b4=\"\">Vou impor tarifas \u00e0 Uni\u00e3o Europeia? Voc\u00ea quer a resposta verdadeira ou uma resposta pol\u00edtica? Com certeza. A Uni\u00e3o Europeia nos tratou de forma terr\u00edvel.<strong>Donald Trump, a rep\u00f3rteres, criticando o super\u00e1vit comercial europeu com os EUA<\/strong><\/p>\n<p data-v-232111b4=\"\"><strong>Em resposta, o porta-voz da UE disse que o\u00a0<a href=\"https:\/\/noticias.uol.com.br\/ultimas-noticias\/deutschewelle\/2025\/02\/02\/ue-diz-que-respondera-com-firmeza-se-trump-impor-novas-tarifas.htm\">bloco &#8220;responder\u00e1 com firmeza<\/a>&#8220;.<\/strong>\u00a0&#8220;As tarifas criam perturba\u00e7\u00f5es econ\u00f4micas desnecess\u00e1rias e aumentam a\u00a0<a href=\"https:\/\/economia.uol.com.br\/guia-de-economia\/inflacao\/\">infla\u00e7\u00e3o<\/a>. Elas s\u00e3o prejudiciais para todos os lados&#8221;, acrescentou. Ele afirmou ainda que a UE continua comprometida com uma pol\u00edtica de tarifas baixas como forma de &#8220;impulsionar o crescimento e a estabilidade econ\u00f4mica dentro de um sistema comercial forte e baseado em regras&#8221;. O bloco tamb\u00e9m criticou a sobretaxa aplicada por Trump sobre Canad\u00e1, M\u00e9xico e China.<\/p>\n<p>Fonte Uol: 05.01.25<\/p>\n<p>&nbsp;<\/p>\n","protected":false},"excerpt":{"rendered":"<p>Nova York\u00a0 JUSTIN LANE\/Pool via REUTERS Trump contra o mundo: quais os pa\u00edses no alvo da ira do presidente dos EUA? Do UOL, em S\u00e3o Paulo 05\/02\/2025 05h30\u2026 &#8211; Veja mais em https:\/\/noticias.uol.com.br\/internacional\/ultimas-noticias\/2025\/02\/05\/paises-que-estao-na-mira-de-trump.htm?cmpid=copiaecola Desde que tomou posse em 20 de janeiro, o presidente dos EUA, Donald Trump, j\u00e1 comprou briga com diversos pa\u00edses, como China, [&hellip;]<\/p>\n","protected":false},"author":2,"featured_media":3094,"comment_status":"open","ping_status":"open","sticky":false,"template":"","format":"standard","meta":{"rop_custom_images_group":[],"rop_custom_messages_group":[],"rop_publish_now":"initial","rop_publish_now_accounts":{"twitter_850042665852968960_850042665852968960":""},"rop_publish_now_history":[],"rop_publish_now_status":"pending","footnotes":""},"categories":[15],"tags":[488,299,487,197,489,249,465,490],"class_list":["post-3093","post","type-post","status-publish","format-standard","has-post-thumbnail","hentry","category-destaques","tag-canada","tag-china","tag-dinamarca","tag-donald-trump","tag-mexico","tag-mundo","tag-presidente","tag-uniao-europeia"],"yoast_head":"<!-- This site is optimized with the Yoast SEO plugin v27.2 - https:\/\/yoast.com\/product\/yoast-seo-wordpress\/ -->\n<title>O MUNDO CONTRA TRUMP - Prefeitos &amp; Gest\u00f5es<\/title>\n<meta name=\"description\" content=\"Desde que tomou posse em 20 de janeiro, o presidente dos EUA, Donald Trump, j\u00e1 comprou briga com diversos pa\u00edses, como China, Canad\u00e1 e M\u00e9xico. Os conflitos n\u00e3o se limitam a quest\u00f5es econ\u00f4micas.\" \/>\n<meta name=\"robots\" content=\"index, follow, max-snippet:-1, max-image-preview:large, max-video-preview:-1\" \/>\n<link rel=\"canonical\" href=\"https:\/\/prefeitosegestoes.com.br\/portal\/o-mundo-contra-trump\/\" \/>\n<meta property=\"og:locale\" content=\"pt_BR\" \/>\n<meta property=\"og:type\" content=\"article\" \/>\n<meta property=\"og:title\" content=\"O MUNDO CONTRA TRUMP - Prefeitos &amp; Gest\u00f5es\" \/>\n<meta property=\"og:description\" content=\"Desde que tomou posse em 20 de janeiro, o presidente dos EUA, Donald Trump, j\u00e1 comprou briga com diversos pa\u00edses, como China, Canad\u00e1 e M\u00e9xico. Os conflitos n\u00e3o se limitam a quest\u00f5es econ\u00f4micas.\" \/>\n<meta property=\"og:url\" content=\"https:\/\/prefeitosegestoes.com.br\/portal\/o-mundo-contra-trump\/\" \/>\n<meta property=\"og:site_name\" content=\"Prefeitos &amp; Gest\u00f5es\" \/>\n<meta property=\"article:publisher\" content=\"https:\/\/www.facebook.com\/prefeitosonline\" \/>\n<meta property=\"article:published_time\" content=\"2025-02-05T11:48:13+00:00\" \/>\n<meta property=\"og:image\" content=\"https:\/\/prefeitosegestoes.com.br\/portal\/wp-content\/uploads\/2025\/02\/TRUM.webp\" \/>\n\t<meta property=\"og:image:width\" content=\"1914\" \/>\n\t<meta property=\"og:image:height\" content=\"1277\" \/>\n\t<meta property=\"og:image:type\" content=\"image\/webp\" \/>\n<meta name=\"author\" content=\"Prefeitos &amp; Gest\u00f5es\" \/>\n<meta name=\"twitter:card\" content=\"summary_large_image\" \/>\n<meta name=\"twitter:creator\" content=\"@PrefGestoes\" \/>\n<meta name=\"twitter:site\" content=\"@PrefGestoes\" \/>\n<meta name=\"twitter:label1\" content=\"Escrito por\" \/>\n\t<meta name=\"twitter:data1\" content=\"Prefeitos &amp; Gest\u00f5es\" \/>\n\t<meta name=\"twitter:label2\" content=\"Est. tempo de leitura\" \/>\n\t<meta name=\"twitter:data2\" content=\"5 minutos\" \/>\n<script type=\"application\/ld+json\" class=\"yoast-schema-graph\">{\"@context\":\"https:\/\/schema.org\",\"@graph\":[{\"@type\":\"Article\",\"@id\":\"https:\/\/prefeitosegestoes.com.br\/portal\/o-mundo-contra-trump\/#article\",\"isPartOf\":{\"@id\":\"https:\/\/prefeitosegestoes.com.br\/portal\/o-mundo-contra-trump\/\"},\"author\":{\"name\":\"Prefeitos &amp; Gest\u00f5es\",\"@id\":\"https:\/\/prefeitosegestoes.com.br\/portal\/#\/schema\/person\/d00059f2ec99963e7e1850d448ae94b8\"},\"headline\":\"O MUNDO CONTRA TRUMP\",\"datePublished\":\"2025-02-05T11:48:13+00:00\",\"mainEntityOfPage\":{\"@id\":\"https:\/\/prefeitosegestoes.com.br\/portal\/o-mundo-contra-trump\/\"},\"wordCount\":1029,\"commentCount\":0,\"publisher\":{\"@id\":\"https:\/\/prefeitosegestoes.com.br\/portal\/#organization\"},\"image\":{\"@id\":\"https:\/\/prefeitosegestoes.com.br\/portal\/o-mundo-contra-trump\/#primaryimage\"},\"thumbnailUrl\":\"https:\/\/prefeitosegestoes.com.br\/portal\/wp-content\/uploads\/2025\/02\/TRUM.webp\",\"keywords\":[\"Canad\u00e1\",\"China\",\"Dinamarca\",\"Donald Trump\",\"M\u00e9xico\",\"Mundo\",\"Presidente\",\"Uni\u00e3o Europeia\"],\"articleSection\":[\"Destaques\"],\"inLanguage\":\"pt-BR\",\"potentialAction\":[{\"@type\":\"CommentAction\",\"name\":\"Comment\",\"target\":[\"https:\/\/prefeitosegestoes.com.br\/portal\/o-mundo-contra-trump\/#respond\"]}]},{\"@type\":\"WebPage\",\"@id\":\"https:\/\/prefeitosegestoes.com.br\/portal\/o-mundo-contra-trump\/\",\"url\":\"https:\/\/prefeitosegestoes.com.br\/portal\/o-mundo-contra-trump\/\",\"name\":\"O MUNDO CONTRA TRUMP - Prefeitos &amp; Gest\u00f5es\",\"isPartOf\":{\"@id\":\"https:\/\/prefeitosegestoes.com.br\/portal\/#website\"},\"primaryImageOfPage\":{\"@id\":\"https:\/\/prefeitosegestoes.com.br\/portal\/o-mundo-contra-trump\/#primaryimage\"},\"image\":{\"@id\":\"https:\/\/prefeitosegestoes.com.br\/portal\/o-mundo-contra-trump\/#primaryimage\"},\"thumbnailUrl\":\"https:\/\/prefeitosegestoes.com.br\/portal\/wp-content\/uploads\/2025\/02\/TRUM.webp\",\"datePublished\":\"2025-02-05T11:48:13+00:00\",\"description\":\"Desde que tomou posse em 20 de janeiro, o presidente dos EUA, Donald Trump, j\u00e1 comprou briga com diversos pa\u00edses, como China, Canad\u00e1 e M\u00e9xico. Os conflitos n\u00e3o se limitam a quest\u00f5es econ\u00f4micas.\",\"breadcrumb\":{\"@id\":\"https:\/\/prefeitosegestoes.com.br\/portal\/o-mundo-contra-trump\/#breadcrumb\"},\"inLanguage\":\"pt-BR\",\"potentialAction\":[{\"@type\":\"ReadAction\",\"target\":[\"https:\/\/prefeitosegestoes.com.br\/portal\/o-mundo-contra-trump\/\"]}]},{\"@type\":\"ImageObject\",\"inLanguage\":\"pt-BR\",\"@id\":\"https:\/\/prefeitosegestoes.com.br\/portal\/o-mundo-contra-trump\/#primaryimage\",\"url\":\"https:\/\/prefeitosegestoes.com.br\/portal\/wp-content\/uploads\/2025\/02\/TRUM.webp\",\"contentUrl\":\"https:\/\/prefeitosegestoes.com.br\/portal\/wp-content\/uploads\/2025\/02\/TRUM.webp\",\"width\":1914,\"height\":1277},{\"@type\":\"BreadcrumbList\",\"@id\":\"https:\/\/prefeitosegestoes.com.br\/portal\/o-mundo-contra-trump\/#breadcrumb\",\"itemListElement\":[{\"@type\":\"ListItem\",\"position\":1,\"name\":\"In\u00edcio\",\"item\":\"https:\/\/prefeitosegestoes.com.br\/portal\/\"},{\"@type\":\"ListItem\",\"position\":2,\"name\":\"O MUNDO CONTRA TRUMP\"}]},{\"@type\":\"WebSite\",\"@id\":\"https:\/\/prefeitosegestoes.com.br\/portal\/#website\",\"url\":\"https:\/\/prefeitosegestoes.com.br\/portal\/\",\"name\":\"Prefeitos & Gest\u00f5es\",\"description\":\"\",\"publisher\":{\"@id\":\"https:\/\/prefeitosegestoes.com.br\/portal\/#organization\"},\"potentialAction\":[{\"@type\":\"SearchAction\",\"target\":{\"@type\":\"EntryPoint\",\"urlTemplate\":\"https:\/\/prefeitosegestoes.com.br\/portal\/?s={search_term_string}\"},\"query-input\":{\"@type\":\"PropertyValueSpecification\",\"valueRequired\":true,\"valueName\":\"search_term_string\"}}],\"inLanguage\":\"pt-BR\"},{\"@type\":\"Organization\",\"@id\":\"https:\/\/prefeitosegestoes.com.br\/portal\/#organization\",\"name\":\"Prefeitos & Gest\u00f5es\",\"url\":\"https:\/\/prefeitosegestoes.com.br\/portal\/\",\"logo\":{\"@type\":\"ImageObject\",\"inLanguage\":\"pt-BR\",\"@id\":\"https:\/\/prefeitosegestoes.com.br\/portal\/#\/schema\/logo\/image\/\",\"url\":\"https:\/\/prefeitosegestoes.com.br\/portal\/wp-content\/uploads\/2024\/10\/lg_trans_prefeitos_2024_preto2.png\",\"contentUrl\":\"https:\/\/prefeitosegestoes.com.br\/portal\/wp-content\/uploads\/2024\/10\/lg_trans_prefeitos_2024_preto2.png\",\"width\":199,\"height\":122,\"caption\":\"Prefeitos & Gest\u00f5es\"},\"image\":{\"@id\":\"https:\/\/prefeitosegestoes.com.br\/portal\/#\/schema\/logo\/image\/\"},\"sameAs\":[\"https:\/\/www.facebook.com\/prefeitosonline\",\"https:\/\/x.com\/PrefGestoes\"]},{\"@type\":\"Person\",\"@id\":\"https:\/\/prefeitosegestoes.com.br\/portal\/#\/schema\/person\/d00059f2ec99963e7e1850d448ae94b8\",\"name\":\"Prefeitos &amp; Gest\u00f5es\",\"image\":{\"@type\":\"ImageObject\",\"inLanguage\":\"pt-BR\",\"@id\":\"https:\/\/secure.gravatar.com\/avatar\/738fb281e479212ed32c1a21a4307dda9f3af9292edb6918a16c9ce9fff5f48d?s=96&d=mm&r=g\",\"url\":\"https:\/\/secure.gravatar.com\/avatar\/738fb281e479212ed32c1a21a4307dda9f3af9292edb6918a16c9ce9fff5f48d?s=96&d=mm&r=g\",\"contentUrl\":\"https:\/\/secure.gravatar.com\/avatar\/738fb281e479212ed32c1a21a4307dda9f3af9292edb6918a16c9ce9fff5f48d?s=96&d=mm&r=g\",\"caption\":\"Prefeitos &amp; Gest\u00f5es\"},\"url\":\"https:\/\/prefeitosegestoes.com.br\/portal\/author\/prefeitosegestoes\/\"}]}<\/script>\n<!-- \/ Yoast SEO plugin. -->","yoast_head_json":{"title":"O MUNDO CONTRA TRUMP - Prefeitos &amp; Gest\u00f5es","description":"Desde que tomou posse em 20 de janeiro, o presidente dos EUA, Donald Trump, j\u00e1 comprou briga com diversos pa\u00edses, como China, Canad\u00e1 e M\u00e9xico. Os conflitos n\u00e3o se limitam a quest\u00f5es econ\u00f4micas.","robots":{"index":"index","follow":"follow","max-snippet":"max-snippet:-1","max-image-preview":"max-image-preview:large","max-video-preview":"max-video-preview:-1"},"canonical":"https:\/\/prefeitosegestoes.com.br\/portal\/o-mundo-contra-trump\/","og_locale":"pt_BR","og_type":"article","og_title":"O MUNDO CONTRA TRUMP - Prefeitos &amp; Gest\u00f5es","og_description":"Desde que tomou posse em 20 de janeiro, o presidente dos EUA, Donald Trump, j\u00e1 comprou briga com diversos pa\u00edses, como China, Canad\u00e1 e M\u00e9xico. Os conflitos n\u00e3o se limitam a quest\u00f5es econ\u00f4micas.","og_url":"https:\/\/prefeitosegestoes.com.br\/portal\/o-mundo-contra-trump\/","og_site_name":"Prefeitos &amp; Gest\u00f5es","article_publisher":"https:\/\/www.facebook.com\/prefeitosonline","article_published_time":"2025-02-05T11:48:13+00:00","og_image":[{"width":1914,"height":1277,"url":"https:\/\/prefeitosegestoes.com.br\/portal\/wp-content\/uploads\/2025\/02\/TRUM.webp","type":"image\/webp"}],"author":"Prefeitos &amp; Gest\u00f5es","twitter_card":"summary_large_image","twitter_creator":"@PrefGestoes","twitter_site":"@PrefGestoes","twitter_misc":{"Escrito por":"Prefeitos &amp; Gest\u00f5es","Est. tempo de leitura":"5 minutos"},"schema":{"@context":"https:\/\/schema.org","@graph":[{"@type":"Article","@id":"https:\/\/prefeitosegestoes.com.br\/portal\/o-mundo-contra-trump\/#article","isPartOf":{"@id":"https:\/\/prefeitosegestoes.com.br\/portal\/o-mundo-contra-trump\/"},"author":{"name":"Prefeitos &amp; Gest\u00f5es","@id":"https:\/\/prefeitosegestoes.com.br\/portal\/#\/schema\/person\/d00059f2ec99963e7e1850d448ae94b8"},"headline":"O MUNDO CONTRA TRUMP","datePublished":"2025-02-05T11:48:13+00:00","mainEntityOfPage":{"@id":"https:\/\/prefeitosegestoes.com.br\/portal\/o-mundo-contra-trump\/"},"wordCount":1029,"commentCount":0,"publisher":{"@id":"https:\/\/prefeitosegestoes.com.br\/portal\/#organization"},"image":{"@id":"https:\/\/prefeitosegestoes.com.br\/portal\/o-mundo-contra-trump\/#primaryimage"},"thumbnailUrl":"https:\/\/prefeitosegestoes.com.br\/portal\/wp-content\/uploads\/2025\/02\/TRUM.webp","keywords":["Canad\u00e1","China","Dinamarca","Donald Trump","M\u00e9xico","Mundo","Presidente","Uni\u00e3o Europeia"],"articleSection":["Destaques"],"inLanguage":"pt-BR","potentialAction":[{"@type":"CommentAction","name":"Comment","target":["https:\/\/prefeitosegestoes.com.br\/portal\/o-mundo-contra-trump\/#respond"]}]},{"@type":"WebPage","@id":"https:\/\/prefeitosegestoes.com.br\/portal\/o-mundo-contra-trump\/","url":"https:\/\/prefeitosegestoes.com.br\/portal\/o-mundo-contra-trump\/","name":"O MUNDO CONTRA TRUMP - Prefeitos &amp; Gest\u00f5es","isPartOf":{"@id":"https:\/\/prefeitosegestoes.com.br\/portal\/#website"},"primaryImageOfPage":{"@id":"https:\/\/prefeitosegestoes.com.br\/portal\/o-mundo-contra-trump\/#primaryimage"},"image":{"@id":"https:\/\/prefeitosegestoes.com.br\/portal\/o-mundo-contra-trump\/#primaryimage"},"thumbnailUrl":"https:\/\/prefeitosegestoes.com.br\/portal\/wp-content\/uploads\/2025\/02\/TRUM.webp","datePublished":"2025-02-05T11:48:13+00:00","description":"Desde que tomou posse em 20 de janeiro, o presidente dos EUA, Donald Trump, j\u00e1 comprou briga com diversos pa\u00edses, como China, Canad\u00e1 e M\u00e9xico. Os conflitos n\u00e3o se limitam a quest\u00f5es econ\u00f4micas.","breadcrumb":{"@id":"https:\/\/prefeitosegestoes.com.br\/portal\/o-mundo-contra-trump\/#breadcrumb"},"inLanguage":"pt-BR","potentialAction":[{"@type":"ReadAction","target":["https:\/\/prefeitosegestoes.com.br\/portal\/o-mundo-contra-trump\/"]}]},{"@type":"ImageObject","inLanguage":"pt-BR","@id":"https:\/\/prefeitosegestoes.com.br\/portal\/o-mundo-contra-trump\/#primaryimage","url":"https:\/\/prefeitosegestoes.com.br\/portal\/wp-content\/uploads\/2025\/02\/TRUM.webp","contentUrl":"https:\/\/prefeitosegestoes.com.br\/portal\/wp-content\/uploads\/2025\/02\/TRUM.webp","width":1914,"height":1277},{"@type":"BreadcrumbList","@id":"https:\/\/prefeitosegestoes.com.br\/portal\/o-mundo-contra-trump\/#breadcrumb","itemListElement":[{"@type":"ListItem","position":1,"name":"In\u00edcio","item":"https:\/\/prefeitosegestoes.com.br\/portal\/"},{"@type":"ListItem","position":2,"name":"O MUNDO CONTRA TRUMP"}]},{"@type":"WebSite","@id":"https:\/\/prefeitosegestoes.com.br\/portal\/#website","url":"https:\/\/prefeitosegestoes.com.br\/portal\/","name":"Prefeitos & Gest\u00f5es","description":"","publisher":{"@id":"https:\/\/prefeitosegestoes.com.br\/portal\/#organization"},"potentialAction":[{"@type":"SearchAction","target":{"@type":"EntryPoint","urlTemplate":"https:\/\/prefeitosegestoes.com.br\/portal\/?s={search_term_string}"},"query-input":{"@type":"PropertyValueSpecification","valueRequired":true,"valueName":"search_term_string"}}],"inLanguage":"pt-BR"},{"@type":"Organization","@id":"https:\/\/prefeitosegestoes.com.br\/portal\/#organization","name":"Prefeitos & Gest\u00f5es","url":"https:\/\/prefeitosegestoes.com.br\/portal\/","logo":{"@type":"ImageObject","inLanguage":"pt-BR","@id":"https:\/\/prefeitosegestoes.com.br\/portal\/#\/schema\/logo\/image\/","url":"https:\/\/prefeitosegestoes.com.br\/portal\/wp-content\/uploads\/2024\/10\/lg_trans_prefeitos_2024_preto2.png","contentUrl":"https:\/\/prefeitosegestoes.com.br\/portal\/wp-content\/uploads\/2024\/10\/lg_trans_prefeitos_2024_preto2.png","width":199,"height":122,"caption":"Prefeitos & Gest\u00f5es"},"image":{"@id":"https:\/\/prefeitosegestoes.com.br\/portal\/#\/schema\/logo\/image\/"},"sameAs":["https:\/\/www.facebook.com\/prefeitosonline","https:\/\/x.com\/PrefGestoes"]},{"@type":"Person","@id":"https:\/\/prefeitosegestoes.com.br\/portal\/#\/schema\/person\/d00059f2ec99963e7e1850d448ae94b8","name":"Prefeitos &amp; Gest\u00f5es","image":{"@type":"ImageObject","inLanguage":"pt-BR","@id":"https:\/\/secure.gravatar.com\/avatar\/738fb281e479212ed32c1a21a4307dda9f3af9292edb6918a16c9ce9fff5f48d?s=96&d=mm&r=g","url":"https:\/\/secure.gravatar.com\/avatar\/738fb281e479212ed32c1a21a4307dda9f3af9292edb6918a16c9ce9fff5f48d?s=96&d=mm&r=g","contentUrl":"https:\/\/secure.gravatar.com\/avatar\/738fb281e479212ed32c1a21a4307dda9f3af9292edb6918a16c9ce9fff5f48d?s=96&d=mm&r=g","caption":"Prefeitos &amp; Gest\u00f5es"},"url":"https:\/\/prefeitosegestoes.com.br\/portal\/author\/prefeitosegestoes\/"}]}},"_links":{"self":[{"href":"https:\/\/prefeitosegestoes.com.br\/portal\/wp-json\/wp\/v2\/posts\/3093","targetHints":{"allow":["GET"]}}],"collection":[{"href":"https:\/\/prefeitosegestoes.com.br\/portal\/wp-json\/wp\/v2\/posts"}],"about":[{"href":"https:\/\/prefeitosegestoes.com.br\/portal\/wp-json\/wp\/v2\/types\/post"}],"author":[{"embeddable":true,"href":"https:\/\/prefeitosegestoes.com.br\/portal\/wp-json\/wp\/v2\/users\/2"}],"replies":[{"embeddable":true,"href":"https:\/\/prefeitosegestoes.com.br\/portal\/wp-json\/wp\/v2\/comments?post=3093"}],"version-history":[{"count":1,"href":"https:\/\/prefeitosegestoes.com.br\/portal\/wp-json\/wp\/v2\/posts\/3093\/revisions"}],"predecessor-version":[{"id":3095,"href":"https:\/\/prefeitosegestoes.com.br\/portal\/wp-json\/wp\/v2\/posts\/3093\/revisions\/3095"}],"wp:featuredmedia":[{"embeddable":true,"href":"https:\/\/prefeitosegestoes.com.br\/portal\/wp-json\/wp\/v2\/media\/3094"}],"wp:attachment":[{"href":"https:\/\/prefeitosegestoes.com.br\/portal\/wp-json\/wp\/v2\/media?parent=3093"}],"wp:term":[{"taxonomy":"category","embeddable":true,"href":"https:\/\/prefeitosegestoes.com.br\/portal\/wp-json\/wp\/v2\/categories?post=3093"},{"taxonomy":"post_tag","embeddable":true,"href":"https:\/\/prefeitosegestoes.com.br\/portal\/wp-json\/wp\/v2\/tags?post=3093"}],"curies":[{"name":"wp","href":"https:\/\/api.w.org\/{rel}","templated":true}]}}