{"id":3089,"date":"2025-02-05T06:07:49","date_gmt":"2025-02-05T09:07:49","guid":{"rendered":"https:\/\/prefeitosegestoes.com.br\/portal\/?p=3089"},"modified":"2025-02-05T06:09:38","modified_gmt":"2025-02-05T09:09:38","slug":"cpiic-congresso-paulista-de-iluminacao-publica-e-cidades-do-futuro-10-junho-25-campinas","status":"publish","type":"post","link":"https:\/\/prefeitosegestoes.com.br\/portal\/cpiic-congresso-paulista-de-iluminacao-publica-e-cidades-do-futuro-10-junho-25-campinas\/","title":{"rendered":"CPIIC: Congresso Paulista de Ilumina\u00e7\u00e3o P\u00fablica e Cidades do Futuro 10 Junho 25 Campinas"},"content":{"rendered":"<p><img fetchpriority=\"high\" decoding=\"async\" class=\"alignnone size-full wp-image-3091\" src=\"https:\/\/prefeitosegestoes.com.br\/portal\/wp-content\/uploads\/2025\/02\/cpii.jpg\" alt=\"\" width=\"225\" height=\"225\" srcset=\"https:\/\/prefeitosegestoes.com.br\/portal\/wp-content\/uploads\/2025\/02\/cpii.jpg 225w, https:\/\/prefeitosegestoes.com.br\/portal\/wp-content\/uploads\/2025\/02\/cpii-150x150.jpg 150w, https:\/\/prefeitosegestoes.com.br\/portal\/wp-content\/uploads\/2025\/02\/cpii-100x100.jpg 100w\" sizes=\"(max-width: 225px) 100vw, 225px\" \/><\/p>\n<p>10 JUNHO 25<\/p>\n<p>NOVA CAMPINAS &#8211; CAMPINAS SP<\/p>\n<p>VIT\u00d3RIA HOTEL CONCEPT<\/p>\n<p>1A EDI\u00c7\u00c3O<\/p>\n<p>Acesse o link para mais informa\u00e7\u00f5es.<\/p>\n<p><a href=\"https:\/\/cpiic.com.br\/setor-publico-no-cpiic\/\">Setor P\u00fablico no CPIIC &#8211; CPIIC<\/a><\/p>\n<p>&nbsp;<\/p>\n","protected":false},"excerpt":{"rendered":"<p>10 JUNHO 25 NOVA CAMPINAS &#8211; CAMPINAS SP VIT\u00d3RIA HOTEL CONCEPT 1A EDI\u00c7\u00c3O Acesse o link para mais informa\u00e7\u00f5es. Setor P\u00fablico no CPIIC &#8211; CPIIC &nbsp;<\/p>\n","protected":false},"author":2,"featured_media":3090,"comment_status":"open","ping_status":"open","sticky":false,"template":"","format":"standard","meta":{"rop_custom_images_group":[],"rop_custom_messages_group":[],"rop_publish_now":"initial","rop_publish_now_accounts":{"twitter_850042665852968960_850042665852968960":""},"rop_publish_now_history":[],"rop_publish_now_status":"pending","footnotes":""},"categories":[11],"tags":[484,483,485,482,140,486],"class_list":["post-3089","post","type-post","status-publish","format-standard","has-post-thumbnail","hentry","category-eventos","tag-1a-edicao","tag-campinas","tag-cidades-do-futuro","tag-cpiic","tag-iluminacao-publica","tag-inscricoes"],"yoast_head":"<!-- This site is optimized with the Yoast SEO plugin v27.2 - https:\/\/yoast.com\/product\/yoast-seo-wordpress\/ -->\n<title>CPIIC: Congresso Paulista de Ilumina\u00e7\u00e3o P\u00fablica e Cidades do Futuro 10 Junho 25 Campinas - Prefeitos &amp; Gest\u00f5es<\/title>\n<meta name=\"description\" content=\"CPIIC: Congresso Paulista de Ilumina\u00e7\u00e3o P\u00fablica e Cidades do Futuro 10 Junho 25 Campinas\" \/>\n<meta name=\"robots\" content=\"index, follow, max-snippet:-1, max-image-preview:large, max-video-preview:-1\" \/>\n<link rel=\"canonical\" href=\"https:\/\/prefeitosegestoes.com.br\/portal\/cpiic-congresso-paulista-de-iluminacao-publica-e-cidades-do-futuro-10-junho-25-campinas\/\" \/>\n<meta property=\"og:locale\" content=\"pt_BR\" \/>\n<meta property=\"og:type\" content=\"article\" \/>\n<meta property=\"og:title\" content=\"CPIIC: Congresso Paulista de Ilumina\u00e7\u00e3o P\u00fablica e Cidades do Futuro 10 Junho 25 Campinas - Prefeitos &amp; Gest\u00f5es\" \/>\n<meta property=\"og:description\" content=\"CPIIC: Congresso Paulista de Ilumina\u00e7\u00e3o P\u00fablica e Cidades do Futuro 10 Junho 25 Campinas\" \/>\n<meta property=\"og:url\" content=\"https:\/\/prefeitosegestoes.com.br\/portal\/cpiic-congresso-paulista-de-iluminacao-publica-e-cidades-do-futuro-10-junho-25-campinas\/\" \/>\n<meta property=\"og:site_name\" content=\"Prefeitos &amp; Gest\u00f5es\" \/>\n<meta property=\"article:publisher\" content=\"https:\/\/www.facebook.com\/prefeitosonline\" \/>\n<meta property=\"article:published_time\" content=\"2025-02-05T09:07:49+00:00\" \/>\n<meta property=\"article:modified_time\" content=\"2025-02-05T09:09:38+00:00\" \/>\n<meta property=\"og:image\" content=\"https:\/\/prefeitosegestoes.com.br\/portal\/wp-content\/uploads\/2025\/02\/download.png\" \/>\n\t<meta property=\"og:image:width\" content=\"242\" \/>\n\t<meta property=\"og:image:height\" content=\"208\" \/>\n\t<meta property=\"og:image:type\" content=\"image\/png\" \/>\n<meta name=\"author\" content=\"Prefeitos &amp; Gest\u00f5es\" \/>\n<meta name=\"twitter:card\" content=\"summary_large_image\" \/>\n<meta name=\"twitter:creator\" content=\"@PrefGestoes\" \/>\n<meta name=\"twitter:site\" content=\"@PrefGestoes\" \/>\n<meta name=\"twitter:label1\" content=\"Escrito por\" \/>\n\t<meta name=\"twitter:data1\" content=\"Prefeitos &amp; Gest\u00f5es\" \/>\n\t<meta name=\"twitter:label2\" content=\"Est. tempo de leitura\" \/>\n\t<meta name=\"twitter:data2\" content=\"1 minuto\" \/>\n<script type=\"application\/ld+json\" class=\"yoast-schema-graph\">{\"@context\":\"https:\/\/schema.org\",\"@graph\":[{\"@type\":\"Article\",\"@id\":\"https:\/\/prefeitosegestoes.com.br\/portal\/cpiic-congresso-paulista-de-iluminacao-publica-e-cidades-do-futuro-10-junho-25-campinas\/#article\",\"isPartOf\":{\"@id\":\"https:\/\/prefeitosegestoes.com.br\/portal\/cpiic-congresso-paulista-de-iluminacao-publica-e-cidades-do-futuro-10-junho-25-campinas\/\"},\"author\":{\"name\":\"Prefeitos &amp; Gest\u00f5es\",\"@id\":\"https:\/\/prefeitosegestoes.com.br\/portal\/#\/schema\/person\/d00059f2ec99963e7e1850d448ae94b8\"},\"headline\":\"CPIIC: Congresso Paulista de Ilumina\u00e7\u00e3o P\u00fablica e Cidades do Futuro 10 Junho 25 Campinas\",\"datePublished\":\"2025-02-05T09:07:49+00:00\",\"dateModified\":\"2025-02-05T09:09:38+00:00\",\"mainEntityOfPage\":{\"@id\":\"https:\/\/prefeitosegestoes.com.br\/portal\/cpiic-congresso-paulista-de-iluminacao-publica-e-cidades-do-futuro-10-junho-25-campinas\/\"},\"wordCount\":42,\"commentCount\":0,\"publisher\":{\"@id\":\"https:\/\/prefeitosegestoes.com.br\/portal\/#organization\"},\"image\":{\"@id\":\"https:\/\/prefeitosegestoes.com.br\/portal\/cpiic-congresso-paulista-de-iluminacao-publica-e-cidades-do-futuro-10-junho-25-campinas\/#primaryimage\"},\"thumbnailUrl\":\"https:\/\/prefeitosegestoes.com.br\/portal\/wp-content\/uploads\/2025\/02\/download.png\",\"keywords\":[\"1a edi\u00e7\u00e3o\",\"Campinas\",\"Cidades do Futuro\",\"CPIIC\",\"Ilumina\u00e7\u00e3o P\u00fablica\",\"Inscri\u00e7\u00f5es\"],\"articleSection\":[\"Eventos\"],\"inLanguage\":\"pt-BR\",\"potentialAction\":[{\"@type\":\"CommentAction\",\"name\":\"Comment\",\"target\":[\"https:\/\/prefeitosegestoes.com.br\/portal\/cpiic-congresso-paulista-de-iluminacao-publica-e-cidades-do-futuro-10-junho-25-campinas\/#respond\"]}]},{\"@type\":\"WebPage\",\"@id\":\"https:\/\/prefeitosegestoes.com.br\/portal\/cpiic-congresso-paulista-de-iluminacao-publica-e-cidades-do-futuro-10-junho-25-campinas\/\",\"url\":\"https:\/\/prefeitosegestoes.com.br\/portal\/cpiic-congresso-paulista-de-iluminacao-publica-e-cidades-do-futuro-10-junho-25-campinas\/\",\"name\":\"CPIIC: Congresso Paulista de Ilumina\u00e7\u00e3o P\u00fablica e Cidades do Futuro 10 Junho 25 Campinas - Prefeitos &amp; Gest\u00f5es\",\"isPartOf\":{\"@id\":\"https:\/\/prefeitosegestoes.com.br\/portal\/#website\"},\"primaryImageOfPage\":{\"@id\":\"https:\/\/prefeitosegestoes.com.br\/portal\/cpiic-congresso-paulista-de-iluminacao-publica-e-cidades-do-futuro-10-junho-25-campinas\/#primaryimage\"},\"image\":{\"@id\":\"https:\/\/prefeitosegestoes.com.br\/portal\/cpiic-congresso-paulista-de-iluminacao-publica-e-cidades-do-futuro-10-junho-25-campinas\/#primaryimage\"},\"thumbnailUrl\":\"https:\/\/prefeitosegestoes.com.br\/portal\/wp-content\/uploads\/2025\/02\/download.png\",\"datePublished\":\"2025-02-05T09:07:49+00:00\",\"dateModified\":\"2025-02-05T09:09:38+00:00\",\"description\":\"CPIIC: Congresso Paulista de Ilumina\u00e7\u00e3o P\u00fablica e Cidades do Futuro 10 Junho 25 Campinas\",\"breadcrumb\":{\"@id\":\"https:\/\/prefeitosegestoes.com.br\/portal\/cpiic-congresso-paulista-de-iluminacao-publica-e-cidades-do-futuro-10-junho-25-campinas\/#breadcrumb\"},\"inLanguage\":\"pt-BR\",\"potentialAction\":[{\"@type\":\"ReadAction\",\"target\":[\"https:\/\/prefeitosegestoes.com.br\/portal\/cpiic-congresso-paulista-de-iluminacao-publica-e-cidades-do-futuro-10-junho-25-campinas\/\"]}]},{\"@type\":\"ImageObject\",\"inLanguage\":\"pt-BR\",\"@id\":\"https:\/\/prefeitosegestoes.com.br\/portal\/cpiic-congresso-paulista-de-iluminacao-publica-e-cidades-do-futuro-10-junho-25-campinas\/#primaryimage\",\"url\":\"https:\/\/prefeitosegestoes.com.br\/portal\/wp-content\/uploads\/2025\/02\/download.png\",\"contentUrl\":\"https:\/\/prefeitosegestoes.com.br\/portal\/wp-content\/uploads\/2025\/02\/download.png\",\"width\":242,\"height\":208},{\"@type\":\"BreadcrumbList\",\"@id\":\"https:\/\/prefeitosegestoes.com.br\/portal\/cpiic-congresso-paulista-de-iluminacao-publica-e-cidades-do-futuro-10-junho-25-campinas\/#breadcrumb\",\"itemListElement\":[{\"@type\":\"ListItem\",\"position\":1,\"name\":\"In\u00edcio\",\"item\":\"https:\/\/prefeitosegestoes.com.br\/portal\/\"},{\"@type\":\"ListItem\",\"position\":2,\"name\":\"CPIIC: Congresso Paulista de Ilumina\u00e7\u00e3o P\u00fablica e Cidades do Futuro 10 Junho 25 Campinas\"}]},{\"@type\":\"WebSite\",\"@id\":\"https:\/\/prefeitosegestoes.com.br\/portal\/#website\",\"url\":\"https:\/\/prefeitosegestoes.com.br\/portal\/\",\"name\":\"Prefeitos & Gest\u00f5es\",\"description\":\"\",\"publisher\":{\"@id\":\"https:\/\/prefeitosegestoes.com.br\/portal\/#organization\"},\"potentialAction\":[{\"@type\":\"SearchAction\",\"target\":{\"@type\":\"EntryPoint\",\"urlTemplate\":\"https:\/\/prefeitosegestoes.com.br\/portal\/?s={search_term_string}\"},\"query-input\":{\"@type\":\"PropertyValueSpecification\",\"valueRequired\":true,\"valueName\":\"search_term_string\"}}],\"inLanguage\":\"pt-BR\"},{\"@type\":\"Organization\",\"@id\":\"https:\/\/prefeitosegestoes.com.br\/portal\/#organization\",\"name\":\"Prefeitos & Gest\u00f5es\",\"url\":\"https:\/\/prefeitosegestoes.com.br\/portal\/\",\"logo\":{\"@type\":\"ImageObject\",\"inLanguage\":\"pt-BR\",\"@id\":\"https:\/\/prefeitosegestoes.com.br\/portal\/#\/schema\/logo\/image\/\",\"url\":\"https:\/\/prefeitosegestoes.com.br\/portal\/wp-content\/uploads\/2024\/10\/lg_trans_prefeitos_2024_preto2.png\",\"contentUrl\":\"https:\/\/prefeitosegestoes.com.br\/portal\/wp-content\/uploads\/2024\/10\/lg_trans_prefeitos_2024_preto2.png\",\"width\":199,\"height\":122,\"caption\":\"Prefeitos & Gest\u00f5es\"},\"image\":{\"@id\":\"https:\/\/prefeitosegestoes.com.br\/portal\/#\/schema\/logo\/image\/\"},\"sameAs\":[\"https:\/\/www.facebook.com\/prefeitosonline\",\"https:\/\/x.com\/PrefGestoes\"]},{\"@type\":\"Person\",\"@id\":\"https:\/\/prefeitosegestoes.com.br\/portal\/#\/schema\/person\/d00059f2ec99963e7e1850d448ae94b8\",\"name\":\"Prefeitos &amp; Gest\u00f5es\",\"image\":{\"@type\":\"ImageObject\",\"inLanguage\":\"pt-BR\",\"@id\":\"https:\/\/secure.gravatar.com\/avatar\/738fb281e479212ed32c1a21a4307dda9f3af9292edb6918a16c9ce9fff5f48d?s=96&d=mm&r=g\",\"url\":\"https:\/\/secure.gravatar.com\/avatar\/738fb281e479212ed32c1a21a4307dda9f3af9292edb6918a16c9ce9fff5f48d?s=96&d=mm&r=g\",\"contentUrl\":\"https:\/\/secure.gravatar.com\/avatar\/738fb281e479212ed32c1a21a4307dda9f3af9292edb6918a16c9ce9fff5f48d?s=96&d=mm&r=g\",\"caption\":\"Prefeitos &amp; Gest\u00f5es\"},\"url\":\"https:\/\/prefeitosegestoes.com.br\/portal\/author\/prefeitosegestoes\/\"}]}<\/script>\n<!-- \/ Yoast SEO plugin. -->","yoast_head_json":{"title":"CPIIC: Congresso Paulista de Ilumina\u00e7\u00e3o P\u00fablica e Cidades do Futuro 10 Junho 25 Campinas - Prefeitos &amp; Gest\u00f5es","description":"CPIIC: Congresso Paulista de Ilumina\u00e7\u00e3o P\u00fablica e Cidades do Futuro 10 Junho 25 Campinas","robots":{"index":"index","follow":"follow","max-snippet":"max-snippet:-1","max-image-preview":"max-image-preview:large","max-video-preview":"max-video-preview:-1"},"canonical":"https:\/\/prefeitosegestoes.com.br\/portal\/cpiic-congresso-paulista-de-iluminacao-publica-e-cidades-do-futuro-10-junho-25-campinas\/","og_locale":"pt_BR","og_type":"article","og_title":"CPIIC: Congresso Paulista de Ilumina\u00e7\u00e3o P\u00fablica e Cidades do Futuro 10 Junho 25 Campinas - Prefeitos &amp; Gest\u00f5es","og_description":"CPIIC: Congresso Paulista de Ilumina\u00e7\u00e3o P\u00fablica e Cidades do Futuro 10 Junho 25 Campinas","og_url":"https:\/\/prefeitosegestoes.com.br\/portal\/cpiic-congresso-paulista-de-iluminacao-publica-e-cidades-do-futuro-10-junho-25-campinas\/","og_site_name":"Prefeitos &amp; Gest\u00f5es","article_publisher":"https:\/\/www.facebook.com\/prefeitosonline","article_published_time":"2025-02-05T09:07:49+00:00","article_modified_time":"2025-02-05T09:09:38+00:00","og_image":[{"width":242,"height":208,"url":"https:\/\/prefeitosegestoes.com.br\/portal\/wp-content\/uploads\/2025\/02\/download.png","type":"image\/png"}],"author":"Prefeitos &amp; Gest\u00f5es","twitter_card":"summary_large_image","twitter_creator":"@PrefGestoes","twitter_site":"@PrefGestoes","twitter_misc":{"Escrito por":"Prefeitos &amp; Gest\u00f5es","Est. tempo de leitura":"1 minuto"},"schema":{"@context":"https:\/\/schema.org","@graph":[{"@type":"Article","@id":"https:\/\/prefeitosegestoes.com.br\/portal\/cpiic-congresso-paulista-de-iluminacao-publica-e-cidades-do-futuro-10-junho-25-campinas\/#article","isPartOf":{"@id":"https:\/\/prefeitosegestoes.com.br\/portal\/cpiic-congresso-paulista-de-iluminacao-publica-e-cidades-do-futuro-10-junho-25-campinas\/"},"author":{"name":"Prefeitos &amp; Gest\u00f5es","@id":"https:\/\/prefeitosegestoes.com.br\/portal\/#\/schema\/person\/d00059f2ec99963e7e1850d448ae94b8"},"headline":"CPIIC: Congresso Paulista de Ilumina\u00e7\u00e3o P\u00fablica e Cidades do Futuro 10 Junho 25 Campinas","datePublished":"2025-02-05T09:07:49+00:00","dateModified":"2025-02-05T09:09:38+00:00","mainEntityOfPage":{"@id":"https:\/\/prefeitosegestoes.com.br\/portal\/cpiic-congresso-paulista-de-iluminacao-publica-e-cidades-do-futuro-10-junho-25-campinas\/"},"wordCount":42,"commentCount":0,"publisher":{"@id":"https:\/\/prefeitosegestoes.com.br\/portal\/#organization"},"image":{"@id":"https:\/\/prefeitosegestoes.com.br\/portal\/cpiic-congresso-paulista-de-iluminacao-publica-e-cidades-do-futuro-10-junho-25-campinas\/#primaryimage"},"thumbnailUrl":"https:\/\/prefeitosegestoes.com.br\/portal\/wp-content\/uploads\/2025\/02\/download.png","keywords":["1a edi\u00e7\u00e3o","Campinas","Cidades do Futuro","CPIIC","Ilumina\u00e7\u00e3o P\u00fablica","Inscri\u00e7\u00f5es"],"articleSection":["Eventos"],"inLanguage":"pt-BR","potentialAction":[{"@type":"CommentAction","name":"Comment","target":["https:\/\/prefeitosegestoes.com.br\/portal\/cpiic-congresso-paulista-de-iluminacao-publica-e-cidades-do-futuro-10-junho-25-campinas\/#respond"]}]},{"@type":"WebPage","@id":"https:\/\/prefeitosegestoes.com.br\/portal\/cpiic-congresso-paulista-de-iluminacao-publica-e-cidades-do-futuro-10-junho-25-campinas\/","url":"https:\/\/prefeitosegestoes.com.br\/portal\/cpiic-congresso-paulista-de-iluminacao-publica-e-cidades-do-futuro-10-junho-25-campinas\/","name":"CPIIC: Congresso Paulista de Ilumina\u00e7\u00e3o P\u00fablica e Cidades do Futuro 10 Junho 25 Campinas - Prefeitos &amp; Gest\u00f5es","isPartOf":{"@id":"https:\/\/prefeitosegestoes.com.br\/portal\/#website"},"primaryImageOfPage":{"@id":"https:\/\/prefeitosegestoes.com.br\/portal\/cpiic-congresso-paulista-de-iluminacao-publica-e-cidades-do-futuro-10-junho-25-campinas\/#primaryimage"},"image":{"@id":"https:\/\/prefeitosegestoes.com.br\/portal\/cpiic-congresso-paulista-de-iluminacao-publica-e-cidades-do-futuro-10-junho-25-campinas\/#primaryimage"},"thumbnailUrl":"https:\/\/prefeitosegestoes.com.br\/portal\/wp-content\/uploads\/2025\/02\/download.png","datePublished":"2025-02-05T09:07:49+00:00","dateModified":"2025-02-05T09:09:38+00:00","description":"CPIIC: Congresso Paulista de Ilumina\u00e7\u00e3o P\u00fablica e Cidades do Futuro 10 Junho 25 Campinas","breadcrumb":{"@id":"https:\/\/prefeitosegestoes.com.br\/portal\/cpiic-congresso-paulista-de-iluminacao-publica-e-cidades-do-futuro-10-junho-25-campinas\/#breadcrumb"},"inLanguage":"pt-BR","potentialAction":[{"@type":"ReadAction","target":["https:\/\/prefeitosegestoes.com.br\/portal\/cpiic-congresso-paulista-de-iluminacao-publica-e-cidades-do-futuro-10-junho-25-campinas\/"]}]},{"@type":"ImageObject","inLanguage":"pt-BR","@id":"https:\/\/prefeitosegestoes.com.br\/portal\/cpiic-congresso-paulista-de-iluminacao-publica-e-cidades-do-futuro-10-junho-25-campinas\/#primaryimage","url":"https:\/\/prefeitosegestoes.com.br\/portal\/wp-content\/uploads\/2025\/02\/download.png","contentUrl":"https:\/\/prefeitosegestoes.com.br\/portal\/wp-content\/uploads\/2025\/02\/download.png","width":242,"height":208},{"@type":"BreadcrumbList","@id":"https:\/\/prefeitosegestoes.com.br\/portal\/cpiic-congresso-paulista-de-iluminacao-publica-e-cidades-do-futuro-10-junho-25-campinas\/#breadcrumb","itemListElement":[{"@type":"ListItem","position":1,"name":"In\u00edcio","item":"https:\/\/prefeitosegestoes.com.br\/portal\/"},{"@type":"ListItem","position":2,"name":"CPIIC: Congresso Paulista de Ilumina\u00e7\u00e3o P\u00fablica e Cidades do Futuro 10 Junho 25 Campinas"}]},{"@type":"WebSite","@id":"https:\/\/prefeitosegestoes.com.br\/portal\/#website","url":"https:\/\/prefeitosegestoes.com.br\/portal\/","name":"Prefeitos & Gest\u00f5es","description":"","publisher":{"@id":"https:\/\/prefeitosegestoes.com.br\/portal\/#organization"},"potentialAction":[{"@type":"SearchAction","target":{"@type":"EntryPoint","urlTemplate":"https:\/\/prefeitosegestoes.com.br\/portal\/?s={search_term_string}"},"query-input":{"@type":"PropertyValueSpecification","valueRequired":true,"valueName":"search_term_string"}}],"inLanguage":"pt-BR"},{"@type":"Organization","@id":"https:\/\/prefeitosegestoes.com.br\/portal\/#organization","name":"Prefeitos & Gest\u00f5es","url":"https:\/\/prefeitosegestoes.com.br\/portal\/","logo":{"@type":"ImageObject","inLanguage":"pt-BR","@id":"https:\/\/prefeitosegestoes.com.br\/portal\/#\/schema\/logo\/image\/","url":"https:\/\/prefeitosegestoes.com.br\/portal\/wp-content\/uploads\/2024\/10\/lg_trans_prefeitos_2024_preto2.png","contentUrl":"https:\/\/prefeitosegestoes.com.br\/portal\/wp-content\/uploads\/2024\/10\/lg_trans_prefeitos_2024_preto2.png","width":199,"height":122,"caption":"Prefeitos & Gest\u00f5es"},"image":{"@id":"https:\/\/prefeitosegestoes.com.br\/portal\/#\/schema\/logo\/image\/"},"sameAs":["https:\/\/www.facebook.com\/prefeitosonline","https:\/\/x.com\/PrefGestoes"]},{"@type":"Person","@id":"https:\/\/prefeitosegestoes.com.br\/portal\/#\/schema\/person\/d00059f2ec99963e7e1850d448ae94b8","name":"Prefeitos &amp; Gest\u00f5es","image":{"@type":"ImageObject","inLanguage":"pt-BR","@id":"https:\/\/secure.gravatar.com\/avatar\/738fb281e479212ed32c1a21a4307dda9f3af9292edb6918a16c9ce9fff5f48d?s=96&d=mm&r=g","url":"https:\/\/secure.gravatar.com\/avatar\/738fb281e479212ed32c1a21a4307dda9f3af9292edb6918a16c9ce9fff5f48d?s=96&d=mm&r=g","contentUrl":"https:\/\/secure.gravatar.com\/avatar\/738fb281e479212ed32c1a21a4307dda9f3af9292edb6918a16c9ce9fff5f48d?s=96&d=mm&r=g","caption":"Prefeitos &amp; Gest\u00f5es"},"url":"https:\/\/prefeitosegestoes.com.br\/portal\/author\/prefeitosegestoes\/"}]}},"_links":{"self":[{"href":"https:\/\/prefeitosegestoes.com.br\/portal\/wp-json\/wp\/v2\/posts\/3089","targetHints":{"allow":["GET"]}}],"collection":[{"href":"https:\/\/prefeitosegestoes.com.br\/portal\/wp-json\/wp\/v2\/posts"}],"about":[{"href":"https:\/\/prefeitosegestoes.com.br\/portal\/wp-json\/wp\/v2\/types\/post"}],"author":[{"embeddable":true,"href":"https:\/\/prefeitosegestoes.com.br\/portal\/wp-json\/wp\/v2\/users\/2"}],"replies":[{"embeddable":true,"href":"https:\/\/prefeitosegestoes.com.br\/portal\/wp-json\/wp\/v2\/comments?post=3089"}],"version-history":[{"count":1,"href":"https:\/\/prefeitosegestoes.com.br\/portal\/wp-json\/wp\/v2\/posts\/3089\/revisions"}],"predecessor-version":[{"id":3092,"href":"https:\/\/prefeitosegestoes.com.br\/portal\/wp-json\/wp\/v2\/posts\/3089\/revisions\/3092"}],"wp:featuredmedia":[{"embeddable":true,"href":"https:\/\/prefeitosegestoes.com.br\/portal\/wp-json\/wp\/v2\/media\/3090"}],"wp:attachment":[{"href":"https:\/\/prefeitosegestoes.com.br\/portal\/wp-json\/wp\/v2\/media?parent=3089"}],"wp:term":[{"taxonomy":"category","embeddable":true,"href":"https:\/\/prefeitosegestoes.com.br\/portal\/wp-json\/wp\/v2\/categories?post=3089"},{"taxonomy":"post_tag","embeddable":true,"href":"https:\/\/prefeitosegestoes.com.br\/portal\/wp-json\/wp\/v2\/tags?post=3089"}],"curies":[{"name":"wp","href":"https:\/\/api.w.org\/{rel}","templated":true}]}}