{"id":3084,"date":"2025-02-03T09:35:26","date_gmt":"2025-02-03T12:35:26","guid":{"rendered":"https:\/\/prefeitosegestoes.com.br\/portal\/?p=3084"},"modified":"2025-02-03T09:35:26","modified_gmt":"2025-02-03T12:35:26","slug":"alerta-de-chuvas-como-a-tecnologia-pode-ajudar-com-eventos-climaticos-severos","status":"publish","type":"post","link":"https:\/\/prefeitosegestoes.com.br\/portal\/alerta-de-chuvas-como-a-tecnologia-pode-ajudar-com-eventos-climaticos-severos\/","title":{"rendered":"Alerta de chuvas: como a tecnologia pode ajudar com eventos clim\u00e1ticos severos"},"content":{"rendered":"<div class=\"mc-article-header\">\n<div class=\"row content-head mc-column non-featured \">\n<div class=\"medium-centered subtitle\">\n<h6>S\u00e3o Paulo (SP), 27\/01\/2025 &#8211; Defesa civil e funcion\u00e1rios da prefeitura de S\u00e3o Paulo realizam a limpeza da rua Romeu Perritti, na Vila Madalena, que foi atingido pelas fortes chuvas na cidade. Foto: Paulo Pinto\/Ag\u00eancia Brasil<\/h6>\n<h2 class=\"content-head__subtitle\">Moradores das cidades de SP, RJ e Guaruj\u00e1 receberam &#8216;alerta extremo&#8217; da Defesa Civil nas \u00faltimas semanas. Na capital paulista, volume de chuva foi o segundo maior desde 1961.<\/h2>\n<\/div>\n<\/div>\n<div class=\"content__signa-share mc-column\">\n<div class=\"content__signature\">\n<div class=\"content-publication-data\">\n<div class=\"content-publication-data__text\">\n<p class=\"content-publication-data__from\" title=\"Fant\u00e1stico\">Por Fant\u00e1stico<\/p>\n<p class=\"content-publication-data__updated\"><time datetime=\"2025-02-02T21:51:08.990-03:00\">02\/02\/2025 21h51\u00a0<\/time><span class=\"content-publication-data__updated-relative\">\u00a0<time datetime=\"2025-02-03T01:07:24.691-03:00\">Atualizado\u00a0<time datetime=\"2025-02-03T01:07:24.691-03:00\">h\u00e1 8 horas<\/time><\/time><\/span><\/p>\n<\/div>\n<\/div>\n<\/div>\n<\/div>\n<\/div>\n<div class=\"mc-article-body\">\n<article>\n<div id=\"chunk-2ukbd\">\n<div class=\"bs-video-block mc-column   content-media content-video\" data-block-type=\"backstage-video\" data-block-id=\"1\">\n<div class=\"content-media__container\">\n<p class=\"content-media__description\">Alerta: o que acontece antes dessa mensagem da Defesa Civil chegar ao seu celular.<\/p>\n<\/div>\n<\/div>\n<\/div>\n<div id=\"chunk-7cbcj\">\n<div class=\"mc-column content-text active-extra-styles \" data-block-type=\"unstyled\" data-block-weight=\"34\" data-block-id=\"2\">\n<p class=\" content-text__container \" data-track-category=\"Link no Texto\" data-track-links=\"\" data-mrf-recirculation=\"Mat\u00e9ria - Links no Texto\">Os moradores da cidade de S\u00e3o Paulo foram surpreendidos pela primeira vez com um\u00a0<span class=\"highlight highlighted\">alerta de chuvas severas<\/span>\u00a0da Defesa Civil no celular, na sexta-feira (24).\u00a0<strong>Veja a reportagem completa no v\u00eddeo acima.<\/strong><\/p>\n<\/div>\n<\/div>\n<div class=\"wall protected-content\">\n<div id=\"chunk-6498g\">\n<div class=\"mc-column content-text active-extra-styles \" data-block-type=\"unstyled\" data-block-weight=\"29\" data-block-id=\"4\">\n<p class=\" content-text__container \" data-track-category=\"Link no Texto\" data-track-links=\"\" data-mrf-recirculation=\"Mat\u00e9ria - Links no Texto\">Nesse dia, a combina\u00e7\u00e3o de calor e umidade explodiu em uma tempestade hist\u00f3rica, que registrou 144 mm de chuva em tr\u00eas horas,\u00a0<span class=\"highlight highlighted\">o segundo maior volume desde 1961.<\/span><\/p>\n<\/div>\n<\/div>\n<div id=\"chunk-833ul\">\n<div class=\"mc-column content-text active-extra-styles \" data-block-type=\"unstyled\" data-block-weight=\"32\" data-block-id=\"5\">\n<p class=\" content-text__container \" data-track-category=\"Link no Texto\" data-track-links=\"\" data-mrf-recirculation=\"Mat\u00e9ria - Links no Texto\">Jean Costa, que mora na Zona Oeste, contou que, devido ao aviso, conseguiu tirar o seu carro da rua que alagou completamente no dia.<a class=\"\" href=\"https:\/\/g1.globo.com\/sp\/sao-paulo\/noticia\/2025\/01\/25\/chuva-morte-sao-paulo-idoso-pinheiros-zona-oeste.ghtml\" data-mrf-link=\"https:\/\/g1.globo.com\/sp\/sao-paulo\/noticia\/2025\/01\/25\/chuva-morte-sao-paulo-idoso-pinheiros-zona-oeste.ghtml\">\u00a0Idoso morreu ap\u00f3s chuva invadir sua casa.<\/a><\/p>\n<\/div>\n<\/div>\n<div id=\"chunk-4cmqq\">\n<div class=\"mc-column content-text active-extra-styles \" data-block-type=\"unstyled\" data-block-weight=\"50\" data-block-id=\"6\">\n<p class=\" content-text__container \" data-track-category=\"Link no Texto\" data-track-links=\"\" data-mrf-recirculation=\"Mat\u00e9ria - Links no Texto\">Existem dois tipos de alerta: o severo, que serve para avisar a popula\u00e7\u00e3o sobre chuvas pesadas na regi\u00e3o, e o extremo, mais indicado para chuvas fortes e longas em \u00e1reas de risco, segundo o Coronel Henguel Ricardo Pereira, coordenador estadual de Prote\u00e7\u00e3o e Defesa Civil do estado de S\u00e3o Paulo.<\/p>\n<\/div>\n<\/div>\n<div id=\"chunk-2cofd\">\n<div class=\"mc-column content-text active-extra-styles \" data-block-type=\"unstyled\" data-block-weight=\"41\" data-block-id=\"8\">\n<p class=\" content-text__container \" data-track-category=\"Link no Texto\" data-track-links=\"\" data-mrf-recirculation=\"Mat\u00e9ria - Links no Texto\">O novo sistema de alerta de desastres da Defesa Civil, que come\u00e7ou a funcionar em 4 de dezembro no Sul e Sudeste, conta com a previs\u00e3o now casting \u2014 ou previs\u00e3o imediata \u2014 diferente de todas as outras previs\u00f5es j\u00e1 conhecidas.<\/p>\n<\/div>\n<\/div>\n<div id=\"chunk-1eb3c\">\n<div class=\"mc-column content-text active-extra-styles\" data-block-type=\"raw\" data-block-weight=\"30\" data-block-id=\"9\">\n<blockquote class=\"content-blockquote theme-border-color-primary-before\"><p>&#8220;A nossa ideia \u00e9 que, em 2025, todos os estados brasileiros tenham a cobertura desse mecanismo&#8221;, diz Armin Braun, diretor do Centro Nacional de Gerenciamento de Riscos e Desastres (CENAD).<\/p><\/blockquote>\n<blockquote><p>Fonte G1<\/p><\/blockquote>\n<\/div>\n<\/div>\n<\/div>\n<\/article>\n<\/div>\n","protected":false},"excerpt":{"rendered":"<p>S\u00e3o Paulo (SP), 27\/01\/2025 &#8211; Defesa civil e funcion\u00e1rios da prefeitura de S\u00e3o Paulo realizam a limpeza da rua Romeu Perritti, na Vila Madalena, que foi atingido pelas fortes chuvas na cidade. Foto: Paulo Pinto\/Ag\u00eancia Brasil Moradores das cidades de SP, RJ e Guaruj\u00e1 receberam &#8216;alerta extremo&#8217; da Defesa Civil nas \u00faltimas semanas. Na capital [&hellip;]<\/p>\n","protected":false},"author":2,"featured_media":3085,"comment_status":"open","ping_status":"open","sticky":false,"template":"","format":"standard","meta":{"rop_custom_images_group":[],"rop_custom_messages_group":[],"rop_publish_now":"initial","rop_publish_now_accounts":{"twitter_850042665852968960_850042665852968960":""},"rop_publish_now_history":[],"rop_publish_now_status":"pending","footnotes":""},"categories":[15],"tags":[472,477,471,474,473,475,476],"class_list":["post-3084","post","type-post","status-publish","format-standard","has-post-thumbnail","hentry","category-destaques","tag-chuvas","tag-defesa-civil","tag-enchentes","tag-eventos-climaticos","tag-inundacao","tag-rj","tag-sp"],"yoast_head":"<!-- This site is optimized with the Yoast SEO plugin v27.2 - https:\/\/yoast.com\/product\/yoast-seo-wordpress\/ -->\n<title>Alerta de chuvas: como a tecnologia pode ajudar com eventos clim\u00e1ticos severos - Prefeitos &amp; Gest\u00f5es<\/title>\n<meta name=\"description\" content=\"Existem dois tipos de alerta: o severo, que serve para avisar a popula\u00e7\u00e3o sobre chuvas pesadas na regi\u00e3o, e o extremo, mais indicado para chuvas fortes e longas em \u00e1reas de risco, segundo o Coronel Henguel Ricardo Pereira, coordenador estadual de Prote\u00e7\u00e3o e Defesa Civil do estado de S\u00e3o Paulo.\" \/>\n<meta name=\"robots\" content=\"index, follow, max-snippet:-1, max-image-preview:large, max-video-preview:-1\" \/>\n<link rel=\"canonical\" href=\"https:\/\/prefeitosegestoes.com.br\/portal\/alerta-de-chuvas-como-a-tecnologia-pode-ajudar-com-eventos-climaticos-severos\/\" \/>\n<meta property=\"og:locale\" content=\"pt_BR\" \/>\n<meta property=\"og:type\" content=\"article\" \/>\n<meta property=\"og:title\" content=\"Alerta de chuvas: como a tecnologia pode ajudar com eventos clim\u00e1ticos severos - Prefeitos &amp; Gest\u00f5es\" \/>\n<meta property=\"og:description\" content=\"Existem dois tipos de alerta: o severo, que serve para avisar a popula\u00e7\u00e3o sobre chuvas pesadas na regi\u00e3o, e o extremo, mais indicado para chuvas fortes e longas em \u00e1reas de risco, segundo o Coronel Henguel Ricardo Pereira, coordenador estadual de Prote\u00e7\u00e3o e Defesa Civil do estado de S\u00e3o Paulo.\" \/>\n<meta property=\"og:url\" content=\"https:\/\/prefeitosegestoes.com.br\/portal\/alerta-de-chuvas-como-a-tecnologia-pode-ajudar-com-eventos-climaticos-severos\/\" \/>\n<meta property=\"og:site_name\" content=\"Prefeitos &amp; Gest\u00f5es\" \/>\n<meta property=\"article:publisher\" content=\"https:\/\/www.facebook.com\/prefeitosonline\" \/>\n<meta property=\"article:published_time\" content=\"2025-02-03T12:35:26+00:00\" \/>\n<meta property=\"og:image\" content=\"https:\/\/prefeitosegestoes.com.br\/portal\/wp-content\/uploads\/2025\/02\/rescaldo_chuvas_sp_07.webp\" \/>\n\t<meta property=\"og:image:width\" content=\"1024\" \/>\n\t<meta property=\"og:image:height\" content=\"768\" \/>\n\t<meta property=\"og:image:type\" content=\"image\/webp\" \/>\n<meta name=\"author\" content=\"Prefeitos &amp; Gest\u00f5es\" \/>\n<meta name=\"twitter:card\" content=\"summary_large_image\" \/>\n<meta name=\"twitter:creator\" content=\"@PrefGestoes\" \/>\n<meta name=\"twitter:site\" content=\"@PrefGestoes\" \/>\n<meta name=\"twitter:label1\" content=\"Escrito por\" \/>\n\t<meta name=\"twitter:data1\" content=\"Prefeitos &amp; Gest\u00f5es\" \/>\n\t<meta name=\"twitter:label2\" content=\"Est. tempo de leitura\" \/>\n\t<meta name=\"twitter:data2\" content=\"2 minutos\" \/>\n<script type=\"application\/ld+json\" class=\"yoast-schema-graph\">{\"@context\":\"https:\/\/schema.org\",\"@graph\":[{\"@type\":\"Article\",\"@id\":\"https:\/\/prefeitosegestoes.com.br\/portal\/alerta-de-chuvas-como-a-tecnologia-pode-ajudar-com-eventos-climaticos-severos\/#article\",\"isPartOf\":{\"@id\":\"https:\/\/prefeitosegestoes.com.br\/portal\/alerta-de-chuvas-como-a-tecnologia-pode-ajudar-com-eventos-climaticos-severos\/\"},\"author\":{\"name\":\"Prefeitos &amp; Gest\u00f5es\",\"@id\":\"https:\/\/prefeitosegestoes.com.br\/portal\/#\/schema\/person\/d00059f2ec99963e7e1850d448ae94b8\"},\"headline\":\"Alerta de chuvas: como a tecnologia pode ajudar com eventos clim\u00e1ticos severos\",\"datePublished\":\"2025-02-03T12:35:26+00:00\",\"mainEntityOfPage\":{\"@id\":\"https:\/\/prefeitosegestoes.com.br\/portal\/alerta-de-chuvas-como-a-tecnologia-pode-ajudar-com-eventos-climaticos-severos\/\"},\"wordCount\":323,\"commentCount\":0,\"publisher\":{\"@id\":\"https:\/\/prefeitosegestoes.com.br\/portal\/#organization\"},\"image\":{\"@id\":\"https:\/\/prefeitosegestoes.com.br\/portal\/alerta-de-chuvas-como-a-tecnologia-pode-ajudar-com-eventos-climaticos-severos\/#primaryimage\"},\"thumbnailUrl\":\"https:\/\/prefeitosegestoes.com.br\/portal\/wp-content\/uploads\/2025\/02\/rescaldo_chuvas_sp_07.webp\",\"keywords\":[\"Chuvas\",\"Defesa Civil\",\"Enchentes\",\"Eventos Clim\u00e1ticos\",\"Inunda\u00e7\u00e3o\",\"RJ\",\"SP\"],\"articleSection\":[\"Destaques\"],\"inLanguage\":\"pt-BR\",\"potentialAction\":[{\"@type\":\"CommentAction\",\"name\":\"Comment\",\"target\":[\"https:\/\/prefeitosegestoes.com.br\/portal\/alerta-de-chuvas-como-a-tecnologia-pode-ajudar-com-eventos-climaticos-severos\/#respond\"]}]},{\"@type\":\"WebPage\",\"@id\":\"https:\/\/prefeitosegestoes.com.br\/portal\/alerta-de-chuvas-como-a-tecnologia-pode-ajudar-com-eventos-climaticos-severos\/\",\"url\":\"https:\/\/prefeitosegestoes.com.br\/portal\/alerta-de-chuvas-como-a-tecnologia-pode-ajudar-com-eventos-climaticos-severos\/\",\"name\":\"Alerta de chuvas: como a tecnologia pode ajudar com eventos clim\u00e1ticos severos - Prefeitos &amp; Gest\u00f5es\",\"isPartOf\":{\"@id\":\"https:\/\/prefeitosegestoes.com.br\/portal\/#website\"},\"primaryImageOfPage\":{\"@id\":\"https:\/\/prefeitosegestoes.com.br\/portal\/alerta-de-chuvas-como-a-tecnologia-pode-ajudar-com-eventos-climaticos-severos\/#primaryimage\"},\"image\":{\"@id\":\"https:\/\/prefeitosegestoes.com.br\/portal\/alerta-de-chuvas-como-a-tecnologia-pode-ajudar-com-eventos-climaticos-severos\/#primaryimage\"},\"thumbnailUrl\":\"https:\/\/prefeitosegestoes.com.br\/portal\/wp-content\/uploads\/2025\/02\/rescaldo_chuvas_sp_07.webp\",\"datePublished\":\"2025-02-03T12:35:26+00:00\",\"description\":\"Existem dois tipos de alerta: o severo, que serve para avisar a popula\u00e7\u00e3o sobre chuvas pesadas na regi\u00e3o, e o extremo, mais indicado para chuvas fortes e longas em \u00e1reas de risco, segundo o Coronel Henguel Ricardo Pereira, coordenador estadual de Prote\u00e7\u00e3o e Defesa Civil do estado de S\u00e3o Paulo.\",\"breadcrumb\":{\"@id\":\"https:\/\/prefeitosegestoes.com.br\/portal\/alerta-de-chuvas-como-a-tecnologia-pode-ajudar-com-eventos-climaticos-severos\/#breadcrumb\"},\"inLanguage\":\"pt-BR\",\"potentialAction\":[{\"@type\":\"ReadAction\",\"target\":[\"https:\/\/prefeitosegestoes.com.br\/portal\/alerta-de-chuvas-como-a-tecnologia-pode-ajudar-com-eventos-climaticos-severos\/\"]}]},{\"@type\":\"ImageObject\",\"inLanguage\":\"pt-BR\",\"@id\":\"https:\/\/prefeitosegestoes.com.br\/portal\/alerta-de-chuvas-como-a-tecnologia-pode-ajudar-com-eventos-climaticos-severos\/#primaryimage\",\"url\":\"https:\/\/prefeitosegestoes.com.br\/portal\/wp-content\/uploads\/2025\/02\/rescaldo_chuvas_sp_07.webp\",\"contentUrl\":\"https:\/\/prefeitosegestoes.com.br\/portal\/wp-content\/uploads\/2025\/02\/rescaldo_chuvas_sp_07.webp\",\"width\":1024,\"height\":768},{\"@type\":\"BreadcrumbList\",\"@id\":\"https:\/\/prefeitosegestoes.com.br\/portal\/alerta-de-chuvas-como-a-tecnologia-pode-ajudar-com-eventos-climaticos-severos\/#breadcrumb\",\"itemListElement\":[{\"@type\":\"ListItem\",\"position\":1,\"name\":\"In\u00edcio\",\"item\":\"https:\/\/prefeitosegestoes.com.br\/portal\/\"},{\"@type\":\"ListItem\",\"position\":2,\"name\":\"Alerta de chuvas: como a tecnologia pode ajudar com eventos clim\u00e1ticos severos\"}]},{\"@type\":\"WebSite\",\"@id\":\"https:\/\/prefeitosegestoes.com.br\/portal\/#website\",\"url\":\"https:\/\/prefeitosegestoes.com.br\/portal\/\",\"name\":\"Prefeitos & Gest\u00f5es\",\"description\":\"\",\"publisher\":{\"@id\":\"https:\/\/prefeitosegestoes.com.br\/portal\/#organization\"},\"potentialAction\":[{\"@type\":\"SearchAction\",\"target\":{\"@type\":\"EntryPoint\",\"urlTemplate\":\"https:\/\/prefeitosegestoes.com.br\/portal\/?s={search_term_string}\"},\"query-input\":{\"@type\":\"PropertyValueSpecification\",\"valueRequired\":true,\"valueName\":\"search_term_string\"}}],\"inLanguage\":\"pt-BR\"},{\"@type\":\"Organization\",\"@id\":\"https:\/\/prefeitosegestoes.com.br\/portal\/#organization\",\"name\":\"Prefeitos & Gest\u00f5es\",\"url\":\"https:\/\/prefeitosegestoes.com.br\/portal\/\",\"logo\":{\"@type\":\"ImageObject\",\"inLanguage\":\"pt-BR\",\"@id\":\"https:\/\/prefeitosegestoes.com.br\/portal\/#\/schema\/logo\/image\/\",\"url\":\"https:\/\/prefeitosegestoes.com.br\/portal\/wp-content\/uploads\/2024\/10\/lg_trans_prefeitos_2024_preto2.png\",\"contentUrl\":\"https:\/\/prefeitosegestoes.com.br\/portal\/wp-content\/uploads\/2024\/10\/lg_trans_prefeitos_2024_preto2.png\",\"width\":199,\"height\":122,\"caption\":\"Prefeitos & Gest\u00f5es\"},\"image\":{\"@id\":\"https:\/\/prefeitosegestoes.com.br\/portal\/#\/schema\/logo\/image\/\"},\"sameAs\":[\"https:\/\/www.facebook.com\/prefeitosonline\",\"https:\/\/x.com\/PrefGestoes\"]},{\"@type\":\"Person\",\"@id\":\"https:\/\/prefeitosegestoes.com.br\/portal\/#\/schema\/person\/d00059f2ec99963e7e1850d448ae94b8\",\"name\":\"Prefeitos &amp; Gest\u00f5es\",\"image\":{\"@type\":\"ImageObject\",\"inLanguage\":\"pt-BR\",\"@id\":\"https:\/\/secure.gravatar.com\/avatar\/738fb281e479212ed32c1a21a4307dda9f3af9292edb6918a16c9ce9fff5f48d?s=96&d=mm&r=g\",\"url\":\"https:\/\/secure.gravatar.com\/avatar\/738fb281e479212ed32c1a21a4307dda9f3af9292edb6918a16c9ce9fff5f48d?s=96&d=mm&r=g\",\"contentUrl\":\"https:\/\/secure.gravatar.com\/avatar\/738fb281e479212ed32c1a21a4307dda9f3af9292edb6918a16c9ce9fff5f48d?s=96&d=mm&r=g\",\"caption\":\"Prefeitos &amp; Gest\u00f5es\"},\"url\":\"https:\/\/prefeitosegestoes.com.br\/portal\/author\/prefeitosegestoes\/\"}]}<\/script>\n<!-- \/ Yoast SEO plugin. -->","yoast_head_json":{"title":"Alerta de chuvas: como a tecnologia pode ajudar com eventos clim\u00e1ticos severos - Prefeitos &amp; Gest\u00f5es","description":"Existem dois tipos de alerta: o severo, que serve para avisar a popula\u00e7\u00e3o sobre chuvas pesadas na regi\u00e3o, e o extremo, mais indicado para chuvas fortes e longas em \u00e1reas de risco, segundo o Coronel Henguel Ricardo Pereira, coordenador estadual de Prote\u00e7\u00e3o e Defesa Civil do estado de S\u00e3o Paulo.","robots":{"index":"index","follow":"follow","max-snippet":"max-snippet:-1","max-image-preview":"max-image-preview:large","max-video-preview":"max-video-preview:-1"},"canonical":"https:\/\/prefeitosegestoes.com.br\/portal\/alerta-de-chuvas-como-a-tecnologia-pode-ajudar-com-eventos-climaticos-severos\/","og_locale":"pt_BR","og_type":"article","og_title":"Alerta de chuvas: como a tecnologia pode ajudar com eventos clim\u00e1ticos severos - Prefeitos &amp; Gest\u00f5es","og_description":"Existem dois tipos de alerta: o severo, que serve para avisar a popula\u00e7\u00e3o sobre chuvas pesadas na regi\u00e3o, e o extremo, mais indicado para chuvas fortes e longas em \u00e1reas de risco, segundo o Coronel Henguel Ricardo Pereira, coordenador estadual de Prote\u00e7\u00e3o e Defesa Civil do estado de S\u00e3o Paulo.","og_url":"https:\/\/prefeitosegestoes.com.br\/portal\/alerta-de-chuvas-como-a-tecnologia-pode-ajudar-com-eventos-climaticos-severos\/","og_site_name":"Prefeitos &amp; Gest\u00f5es","article_publisher":"https:\/\/www.facebook.com\/prefeitosonline","article_published_time":"2025-02-03T12:35:26+00:00","og_image":[{"width":1024,"height":768,"url":"https:\/\/prefeitosegestoes.com.br\/portal\/wp-content\/uploads\/2025\/02\/rescaldo_chuvas_sp_07.webp","type":"image\/webp"}],"author":"Prefeitos &amp; Gest\u00f5es","twitter_card":"summary_large_image","twitter_creator":"@PrefGestoes","twitter_site":"@PrefGestoes","twitter_misc":{"Escrito por":"Prefeitos &amp; Gest\u00f5es","Est. tempo de leitura":"2 minutos"},"schema":{"@context":"https:\/\/schema.org","@graph":[{"@type":"Article","@id":"https:\/\/prefeitosegestoes.com.br\/portal\/alerta-de-chuvas-como-a-tecnologia-pode-ajudar-com-eventos-climaticos-severos\/#article","isPartOf":{"@id":"https:\/\/prefeitosegestoes.com.br\/portal\/alerta-de-chuvas-como-a-tecnologia-pode-ajudar-com-eventos-climaticos-severos\/"},"author":{"name":"Prefeitos &amp; Gest\u00f5es","@id":"https:\/\/prefeitosegestoes.com.br\/portal\/#\/schema\/person\/d00059f2ec99963e7e1850d448ae94b8"},"headline":"Alerta de chuvas: como a tecnologia pode ajudar com eventos clim\u00e1ticos severos","datePublished":"2025-02-03T12:35:26+00:00","mainEntityOfPage":{"@id":"https:\/\/prefeitosegestoes.com.br\/portal\/alerta-de-chuvas-como-a-tecnologia-pode-ajudar-com-eventos-climaticos-severos\/"},"wordCount":323,"commentCount":0,"publisher":{"@id":"https:\/\/prefeitosegestoes.com.br\/portal\/#organization"},"image":{"@id":"https:\/\/prefeitosegestoes.com.br\/portal\/alerta-de-chuvas-como-a-tecnologia-pode-ajudar-com-eventos-climaticos-severos\/#primaryimage"},"thumbnailUrl":"https:\/\/prefeitosegestoes.com.br\/portal\/wp-content\/uploads\/2025\/02\/rescaldo_chuvas_sp_07.webp","keywords":["Chuvas","Defesa Civil","Enchentes","Eventos Clim\u00e1ticos","Inunda\u00e7\u00e3o","RJ","SP"],"articleSection":["Destaques"],"inLanguage":"pt-BR","potentialAction":[{"@type":"CommentAction","name":"Comment","target":["https:\/\/prefeitosegestoes.com.br\/portal\/alerta-de-chuvas-como-a-tecnologia-pode-ajudar-com-eventos-climaticos-severos\/#respond"]}]},{"@type":"WebPage","@id":"https:\/\/prefeitosegestoes.com.br\/portal\/alerta-de-chuvas-como-a-tecnologia-pode-ajudar-com-eventos-climaticos-severos\/","url":"https:\/\/prefeitosegestoes.com.br\/portal\/alerta-de-chuvas-como-a-tecnologia-pode-ajudar-com-eventos-climaticos-severos\/","name":"Alerta de chuvas: como a tecnologia pode ajudar com eventos clim\u00e1ticos severos - Prefeitos &amp; Gest\u00f5es","isPartOf":{"@id":"https:\/\/prefeitosegestoes.com.br\/portal\/#website"},"primaryImageOfPage":{"@id":"https:\/\/prefeitosegestoes.com.br\/portal\/alerta-de-chuvas-como-a-tecnologia-pode-ajudar-com-eventos-climaticos-severos\/#primaryimage"},"image":{"@id":"https:\/\/prefeitosegestoes.com.br\/portal\/alerta-de-chuvas-como-a-tecnologia-pode-ajudar-com-eventos-climaticos-severos\/#primaryimage"},"thumbnailUrl":"https:\/\/prefeitosegestoes.com.br\/portal\/wp-content\/uploads\/2025\/02\/rescaldo_chuvas_sp_07.webp","datePublished":"2025-02-03T12:35:26+00:00","description":"Existem dois tipos de alerta: o severo, que serve para avisar a popula\u00e7\u00e3o sobre chuvas pesadas na regi\u00e3o, e o extremo, mais indicado para chuvas fortes e longas em \u00e1reas de risco, segundo o Coronel Henguel Ricardo Pereira, coordenador estadual de Prote\u00e7\u00e3o e Defesa Civil do estado de S\u00e3o Paulo.","breadcrumb":{"@id":"https:\/\/prefeitosegestoes.com.br\/portal\/alerta-de-chuvas-como-a-tecnologia-pode-ajudar-com-eventos-climaticos-severos\/#breadcrumb"},"inLanguage":"pt-BR","potentialAction":[{"@type":"ReadAction","target":["https:\/\/prefeitosegestoes.com.br\/portal\/alerta-de-chuvas-como-a-tecnologia-pode-ajudar-com-eventos-climaticos-severos\/"]}]},{"@type":"ImageObject","inLanguage":"pt-BR","@id":"https:\/\/prefeitosegestoes.com.br\/portal\/alerta-de-chuvas-como-a-tecnologia-pode-ajudar-com-eventos-climaticos-severos\/#primaryimage","url":"https:\/\/prefeitosegestoes.com.br\/portal\/wp-content\/uploads\/2025\/02\/rescaldo_chuvas_sp_07.webp","contentUrl":"https:\/\/prefeitosegestoes.com.br\/portal\/wp-content\/uploads\/2025\/02\/rescaldo_chuvas_sp_07.webp","width":1024,"height":768},{"@type":"BreadcrumbList","@id":"https:\/\/prefeitosegestoes.com.br\/portal\/alerta-de-chuvas-como-a-tecnologia-pode-ajudar-com-eventos-climaticos-severos\/#breadcrumb","itemListElement":[{"@type":"ListItem","position":1,"name":"In\u00edcio","item":"https:\/\/prefeitosegestoes.com.br\/portal\/"},{"@type":"ListItem","position":2,"name":"Alerta de chuvas: como a tecnologia pode ajudar com eventos clim\u00e1ticos severos"}]},{"@type":"WebSite","@id":"https:\/\/prefeitosegestoes.com.br\/portal\/#website","url":"https:\/\/prefeitosegestoes.com.br\/portal\/","name":"Prefeitos & Gest\u00f5es","description":"","publisher":{"@id":"https:\/\/prefeitosegestoes.com.br\/portal\/#organization"},"potentialAction":[{"@type":"SearchAction","target":{"@type":"EntryPoint","urlTemplate":"https:\/\/prefeitosegestoes.com.br\/portal\/?s={search_term_string}"},"query-input":{"@type":"PropertyValueSpecification","valueRequired":true,"valueName":"search_term_string"}}],"inLanguage":"pt-BR"},{"@type":"Organization","@id":"https:\/\/prefeitosegestoes.com.br\/portal\/#organization","name":"Prefeitos & Gest\u00f5es","url":"https:\/\/prefeitosegestoes.com.br\/portal\/","logo":{"@type":"ImageObject","inLanguage":"pt-BR","@id":"https:\/\/prefeitosegestoes.com.br\/portal\/#\/schema\/logo\/image\/","url":"https:\/\/prefeitosegestoes.com.br\/portal\/wp-content\/uploads\/2024\/10\/lg_trans_prefeitos_2024_preto2.png","contentUrl":"https:\/\/prefeitosegestoes.com.br\/portal\/wp-content\/uploads\/2024\/10\/lg_trans_prefeitos_2024_preto2.png","width":199,"height":122,"caption":"Prefeitos & Gest\u00f5es"},"image":{"@id":"https:\/\/prefeitosegestoes.com.br\/portal\/#\/schema\/logo\/image\/"},"sameAs":["https:\/\/www.facebook.com\/prefeitosonline","https:\/\/x.com\/PrefGestoes"]},{"@type":"Person","@id":"https:\/\/prefeitosegestoes.com.br\/portal\/#\/schema\/person\/d00059f2ec99963e7e1850d448ae94b8","name":"Prefeitos &amp; Gest\u00f5es","image":{"@type":"ImageObject","inLanguage":"pt-BR","@id":"https:\/\/secure.gravatar.com\/avatar\/738fb281e479212ed32c1a21a4307dda9f3af9292edb6918a16c9ce9fff5f48d?s=96&d=mm&r=g","url":"https:\/\/secure.gravatar.com\/avatar\/738fb281e479212ed32c1a21a4307dda9f3af9292edb6918a16c9ce9fff5f48d?s=96&d=mm&r=g","contentUrl":"https:\/\/secure.gravatar.com\/avatar\/738fb281e479212ed32c1a21a4307dda9f3af9292edb6918a16c9ce9fff5f48d?s=96&d=mm&r=g","caption":"Prefeitos &amp; Gest\u00f5es"},"url":"https:\/\/prefeitosegestoes.com.br\/portal\/author\/prefeitosegestoes\/"}]}},"_links":{"self":[{"href":"https:\/\/prefeitosegestoes.com.br\/portal\/wp-json\/wp\/v2\/posts\/3084","targetHints":{"allow":["GET"]}}],"collection":[{"href":"https:\/\/prefeitosegestoes.com.br\/portal\/wp-json\/wp\/v2\/posts"}],"about":[{"href":"https:\/\/prefeitosegestoes.com.br\/portal\/wp-json\/wp\/v2\/types\/post"}],"author":[{"embeddable":true,"href":"https:\/\/prefeitosegestoes.com.br\/portal\/wp-json\/wp\/v2\/users\/2"}],"replies":[{"embeddable":true,"href":"https:\/\/prefeitosegestoes.com.br\/portal\/wp-json\/wp\/v2\/comments?post=3084"}],"version-history":[{"count":1,"href":"https:\/\/prefeitosegestoes.com.br\/portal\/wp-json\/wp\/v2\/posts\/3084\/revisions"}],"predecessor-version":[{"id":3086,"href":"https:\/\/prefeitosegestoes.com.br\/portal\/wp-json\/wp\/v2\/posts\/3084\/revisions\/3086"}],"wp:featuredmedia":[{"embeddable":true,"href":"https:\/\/prefeitosegestoes.com.br\/portal\/wp-json\/wp\/v2\/media\/3085"}],"wp:attachment":[{"href":"https:\/\/prefeitosegestoes.com.br\/portal\/wp-json\/wp\/v2\/media?parent=3084"}],"wp:term":[{"taxonomy":"category","embeddable":true,"href":"https:\/\/prefeitosegestoes.com.br\/portal\/wp-json\/wp\/v2\/categories?post=3084"},{"taxonomy":"post_tag","embeddable":true,"href":"https:\/\/prefeitosegestoes.com.br\/portal\/wp-json\/wp\/v2\/tags?post=3084"}],"curies":[{"name":"wp","href":"https:\/\/api.w.org\/{rel}","templated":true}]}}