{"id":3080,"date":"2025-02-03T09:23:20","date_gmt":"2025-02-03T12:23:20","guid":{"rendered":"https:\/\/prefeitosegestoes.com.br\/portal\/?p=3080"},"modified":"2025-02-03T09:23:58","modified_gmt":"2025-02-03T12:23:58","slug":"eleito-presidente-da-camara-com-444-votos","status":"publish","type":"post","link":"https:\/\/prefeitosegestoes.com.br\/portal\/eleito-presidente-da-camara-com-444-votos\/","title":{"rendered":"Eleito presidente da C\u00e2mara com 444 votos"},"content":{"rendered":"<div class=\"post-article\">\n<article class=\"clearfix\">\n<div id=\"modal-ready\">\n<h6>Bras\u00edlia (DF) 30\/01\/25 Banner sendo colocados nos corredores da C\u00e2mara dos Deputados do candidato \u00e0 presid\u00eancia, Hugo Motta. Foto Lula Marques\/ Ag\u00eancia Brasil<\/h6>\n<p class=\"first-paragraph\">O deputado\u00a0<a class=\"parlLink\" href=\"https:\/\/radar.congressoemfoco.com.br\/parlamentar\/1160674\/perfil\">Hugo Motta<\/a>\u00a0(Republicanos-PB) foi declarado vencedor nas elei\u00e7\u00f5es para a presid\u00eancia da<a href=\"https:\/\/congressoemfoco.uol.com.br\/tag\/camara-dos-deputados\/\">\u00a0C\u00e2mara dos Deputados<\/a>, com 444 votos. Com isso, ele se torna o segundo deputado com maior vota\u00e7\u00e3o na hist\u00f3ria da Casa em valor absoluto desde a redemocratiza\u00e7\u00e3o, e quinto em propor\u00e7\u00e3o de votos. Em segundo lugar ficou\u00a0<a class=\"parlLink\" href=\"https:\/\/radar.congressoemfoco.com.br\/parlamentar\/1156190\/perfil\">Marcel van Hattem<\/a>\u00a0(Novo-RS) com\u00a0<span class=\"selectable-text copyable-text false\">31<\/span>, e em terceiro o candidato\u00a0<a class=\"parlLink\" href=\"https:\/\/radar.congressoemfoco.com.br\/parlamentar\/1220615\/perfil\">Henrique Vieira<\/a>\u00a0(Psol-RJ), com 22 eleitores.<\/p>\n<p>L\u00edder do\u00a0<a href=\"https:\/\/congressoemfoco.uol.com.br\/tag\/republicanos\">Republicanos<\/a>, Hugo Motta foi o nome indicado pelo presidente\u00a0<a class=\"parlLink\" href=\"https:\/\/radar.congressoemfoco.com.br\/parlamentar\/1160541\/perfil\">Arthur Lira<\/a>\u00a0(PP-AL) para ser seu sucessor. Sua trajet\u00f3ria, iniciada em 2011, foi marcada por aproxima\u00e7\u00e3o com os dois lados do espectro pol\u00edtico: ele foi base tanto de Dilma Rousseff e Lula quanto de Michel Temer e Jair Bolsonaro. Com isso, sua base de apoio recebeu correntes diversas, incluindo o PT e o PL.<\/p>\n<div class=\"my-25 my-lg-50 pt-10 pt-lg-30\">\n<p class=\"color-blue-light font-xs font-medium font-ls-2 text-uppercase mb-0\">Leia tamb\u00e9m<\/p>\n<div class=\"row gx-2 gx-lg-3 align-items-end mb-15 mb-lg-30\">\n<div class=\"col-8 col-lg-10\">\n<p><a class=\"font-work-sans color-black font-default font-lh-11 text-decoration-none\" href=\"https:\/\/congressoemfoco.uol.com.br\/area\/congresso-nacional\/apos-pt-e-pl-unidos-em-eleicoes-congresso-reabre-com-desafios-para-governo-e-oposicao\/\">Ap\u00f3s uni\u00e3o de PT e PL, Congresso reabre com desafios para governo e oposi\u00e7\u00e3o<\/a><\/p>\n<div class=\"color-gray font-sm font-medium text-uppercase text-decoration-none lh-1 mt-1 mb-0\"><a class=\"author url fn\" title=\"Posts por Edson Sardinha\" href=\"https:\/\/congressoemfoco.uol.com.br\/author\/edson\/\" rel=\"author\">Edson Sardinha<\/a><\/div>\n<\/div>\n<\/div>\n<div class=\"row gx-2 gx-lg-3 align-items-end mb-15 mb-lg-30\">\n<div class=\"col-4 col-lg-2\">\n<div class=\"ratio ratio-4x3\">\n<div class=\"background-cover rocket-lazyload entered lazyloaded\" data-bg=\"https:\/\/congressoemfoco.uol.com.br\/wp-content\/uploads\/2025\/02\/discrimination-60512_1280.jpg\" data-ll-status=\"loaded\"><\/div>\n<\/div>\n<\/div>\n<div class=\"col-8 col-lg-10\">\n<p><a class=\"font-work-sans color-black font-default font-lh-11 text-decoration-none\" href=\"https:\/\/congressoemfoco.uol.com.br\/area\/mundo-cat\/o-daltonismo-racial-de-trump\/\">O daltonismo racial de Trump<\/a><\/p>\n<div class=\"color-gray font-sm font-medium text-uppercase text-decoration-none lh-1 mt-1 mb-0\"><a class=\"author url fn\" title=\"Posts por Gisele Agnelli\" href=\"https:\/\/congressoemfoco.uol.com.br\/author\/gisele-agnelli\/\" rel=\"author\">Gisele Agnelli<\/a><\/div>\n<\/div>\n<\/div>\n<div class=\"row gx-2 gx-lg-3 align-items-end mb-15 mb-lg-30\">\n<div class=\"col-4 col-lg-2\">\n<div class=\"ratio ratio-4x3\">\n<div class=\"background-cover rocket-lazyload entered lazyloaded\" data-bg=\"https:\/\/congressoemfoco.uol.com.br\/wp-content\/uploads\/2025\/02\/newton-cardoso-marcelo-camargo-abr.jpg\" data-ll-status=\"loaded\"><\/div>\n<\/div>\n<\/div>\n<div class=\"col-8 col-lg-10\">\n<p><a class=\"font-work-sans color-black font-default font-lh-11 text-decoration-none\" href=\"https:\/\/congressoemfoco.uol.com.br\/area\/pais\/morre-o-ex-governador-newton-cardoso-um-dos-fundadores-do-mdb\/\">Morre o ex-governador Newton Cardoso, um dos fundadores do MDB<\/a><\/p>\n<div class=\"color-gray font-sm font-medium text-uppercase text-decoration-none lh-1 mt-1 mb-0\"><a class=\"author url fn\" title=\"Posts por Congresso em Foco\" href=\"https:\/\/congressoemfoco.uol.com.br\/author\/admin\/\" rel=\"author\">Congresso em Foco<\/a><\/div>\n<\/div>\n<\/div>\n<\/div>\n<p>&nbsp;<\/p>\n<p>Aos 36 anos de idade, Motta \u00e9 o presidente mais jovem na hist\u00f3ria da C\u00e2mara dos Deputados, superando Lu\u00eds Eduardo Magalh\u00e3es, que assumiu a cadeira aos 39 anos em 1995. Ele \u00e9 tamb\u00e9m o mais governista entre os tr\u00eas candidatos: conforme os dados do Radar do Congresso, ele acompanhou a orienta\u00e7\u00e3o do governo em 88% das vota\u00e7\u00f5es em Plen\u00e1rio na atual legislatura. Henrique Vieira acompanhou em 82%, e van Hattem em 21%.<\/p>\n<p>Em seu pronunciamento de abertura das elei\u00e7\u00f5es, Hugo Motta ressaltou a postura de intermedi\u00e1rio entre as diferentes correntes partid\u00e1rias da C\u00e2mara dos Deputados. \u201cCaber\u00e1 a mim, se puder receber a confian\u00e7a de Vossas Excel\u00eancias, ser aquele que mais vai ouvir, o que ficar\u00e1 mais rouco, que mais receber\u00e1 a pancada dos ventos da nossa democracia. E reafirmo: Di\u00e1logo, di\u00e1logo inesgot\u00e1vel, \u00e9 a melhor forma para encontrarmos o caminho melhor\u201d, declarou. Confira a\u00a0<a href=\"https:\/\/congressoemfoco.uol.com.br\/area\/congresso-nacional\/hugo-motta-defende-forca-pela-humildade-e-evita-controversias-em-discurso-pre-votacao\/\">\u00edntegra de seu discurso<\/a>.<\/p>\n<p>Confira quantos votos cada presidente da C\u00e2mara recebeu desde a redemocratiza\u00e7\u00e3o:<\/p>\n<table dir=\"ltr\" border=\"1\" cellspacing=\"0\" cellpadding=\"0\" data-sheets-root=\"1\" data-sheets-baot=\"1\">\n<colgroup>\n<col width=\"185\" \/>\n<col width=\"282\" \/>\n<col width=\"164\" \/><\/colgroup>\n<tbody>\n<tr>\n<td>Votos<\/td>\n<td>Deputado<\/td>\n<td>BI\u00caNIO<\/td>\n<\/tr>\n<tr>\n<td>464 (91%)<\/td>\n<td>Arthur Lira (PP-AL)<\/td>\n<td>2023-2024<\/td>\n<\/tr>\n<tr>\n<td>444 (86%)<\/td>\n<td>Hugo Motta (Republicanos-PB)<\/td>\n<td>2025-2026<\/td>\n<\/tr>\n<tr>\n<td>434 (96%)<\/td>\n<td>Ibsen Pinheiro (PMDB-RS) [Sem concorr\u00eancia]<\/td>\n<td>1991-1992<\/td>\n<\/tr>\n<tr>\n<td>434 (90%)<\/td>\n<td>Jo\u00e3o Paulo (PT-SP) [Sem concorr\u00eancia]<\/td>\n<td>2003-2004<\/td>\n<\/tr>\n<tr>\n<td>422 (87%)<\/td>\n<td>Michel Temer (PMDB-SP) [Sem concorr\u00eancia]<\/td>\n<td>1999-2000<\/td>\n<\/tr>\n<tr>\n<td>384 (77%)<\/td>\n<td>Lu\u00eds Eduardo (PFL-BA)<\/td>\n<td>1995-1996<\/td>\n<\/tr>\n<tr>\n<td>375 (74%)<\/td>\n<td>Marco Maia (PT-RS)<\/td>\n<td>2011-2012<\/td>\n<\/tr>\n<tr>\n<td>334 (65%)<\/td>\n<td>Rodrigo Maia (DEM-RJ)<\/td>\n<td>2019-2020<\/td>\n<\/tr>\n<tr>\n<td>311 (63%)<\/td>\n<td>Inoc\u00eancio Oliveira (PFL-PE)<\/td>\n<td>1993-1994<\/td>\n<\/tr>\n<tr>\n<td>299 (63%)<\/td>\n<td>Ulysses Guimar\u00e3es (PMDB-SP)<\/td>\n<td>1987-1988<\/td>\n<\/tr>\n<tr>\n<td>285 (62%)<\/td>\n<td>Rodrigo Maia (DEM-RJ)<\/td>\n<td>2015-2016<\/td>\n<\/tr>\n<tr>\n<td>300 (61%)<\/td>\n<td>Severino Cavalcanti (PP-PE) [Dois turnos]<\/td>\n<td>2005-2006<\/td>\n<\/tr>\n<tr>\n<td>304 (60%)<\/td>\n<td>Michel Temer (PMDB-SP)<\/td>\n<td>2009-2010<\/td>\n<\/tr>\n<tr>\n<td>302 (60%)<\/td>\n<td>Arthur Lira (PP-AL)<\/td>\n<td>2021-2022<\/td>\n<\/tr>\n<tr>\n<td>293 (58%)<\/td>\n<td>Rodrigo Maia (DEM-RJ)<\/td>\n<td>2017-2018<\/td>\n<\/tr>\n<tr>\n<td>283 (56%)<\/td>\n<td>A\u00e9cio Neves (PSDB-MG)<\/td>\n<td>2001-2002<\/td>\n<\/tr>\n<tr>\n<td>271 (55%)<\/td>\n<td>Henrique Eduardo Alves (PMDB-RN)<\/td>\n<td>2013-2014<\/td>\n<\/tr>\n<tr>\n<td>252 (53%)<\/td>\n<td>Paes de Andrade (PMDB-CE)<\/td>\n<td>1989-1990<\/td>\n<\/tr>\n<tr>\n<td>245 (53%)<\/td>\n<td>Ulysses Guimar\u00e3es (PMDB-SP)<\/td>\n<td>1985-1986<\/td>\n<\/tr>\n<tr>\n<td>224 (53%)<\/td>\n<td>Nelson Marchezan (PDS-RS)<\/td>\n<td>1981-1982<\/td>\n<\/tr>\n<tr>\n<td>267 (52%)<\/td>\n<td>Eduardo Cunha (PMDB-RJ) (\u00b3)<\/td>\n<td>2015-2016<\/td>\n<\/tr>\n<tr>\n<td>261 (51%)<\/td>\n<td>Arlindo Chinaglia (PT-SP) [Dois turnos]<\/td>\n<td>2007-2008<\/td>\n<\/tr>\n<tr>\n<td>258 (51%)<\/td>\n<td>Aldo Rebelo (PCdoB-SP)<\/td>\n<td>2005-2006<\/td>\n<\/tr>\n<tr>\n<td>257 (51%)<\/td>\n<td>Michel Temer (PMDB-SP)<\/td>\n<td>1997-1998<\/td>\n<\/tr>\n<\/tbody>\n<\/table>\n<\/div>\n<\/article>\n<\/div>\n<div class=\"post-article__author\">\n<p class=\"post-article__author-title\">Autoria<\/p>\n<div class=\"row gx-3 mb-10\">\n<div class=\"col-9 col-lg-10\">\n<div class=\"post-article__author-bio\">\n<p><strong class=\"text-uppercase\">Lucas Neiva<\/strong>\u00a0Rep\u00f3rter. Jornalista formado pelo UniCeub, foi rep\u00f3rter da edi\u00e7\u00e3o impressa do Jornal de Bras\u00edlia, onde atuou na editoria de Cidades.<\/p>\n<div class=\"d-lg-flex flex-wrap mt-10\"><a href=\"mailto:lucasneiva@congressoemfoco.com.br\"><i class=\"icon-email\" aria-hidden=\"true\"><\/i>lucasneiva@congressoemfoco.com.br<\/a><\/div>\n<\/div>\n<\/div>\n<\/div>\n<\/div>\n","protected":false},"excerpt":{"rendered":"<p>Bras\u00edlia (DF) 30\/01\/25 Banner sendo colocados nos corredores da C\u00e2mara dos Deputados do candidato \u00e0 presid\u00eancia, Hugo Motta. Foto Lula Marques\/ Ag\u00eancia Brasil O deputado\u00a0Hugo Motta\u00a0(Republicanos-PB) foi declarado vencedor nas elei\u00e7\u00f5es para a presid\u00eancia da\u00a0C\u00e2mara dos Deputados, com 444 votos. Com isso, ele se torna o segundo deputado com maior vota\u00e7\u00e3o na hist\u00f3ria da Casa [&hellip;]<\/p>\n","protected":false},"author":2,"featured_media":3081,"comment_status":"open","ping_status":"open","sticky":false,"template":"","format":"standard","meta":{"rop_custom_images_group":[],"rop_custom_messages_group":[],"rop_publish_now":"initial","rop_publish_now_accounts":{"twitter_850042665852968960_850042665852968960":""},"rop_publish_now_history":[],"rop_publish_now_status":"pending","footnotes":""},"categories":[15,1],"tags":[468,463,470,467,469],"class_list":["post-3080","post","type-post","status-publish","format-standard","has-post-thumbnail","hentry","category-destaques","category-sem-categoria","tag-camara-dos-deputados","tag-comissoes","tag-eleicoes-legislatura","tag-hugo-motta","tag-votos"],"yoast_head":"<!-- This site is optimized with the Yoast SEO plugin v27.2 - https:\/\/yoast.com\/product\/yoast-seo-wordpress\/ -->\n<title>Eleito presidente da C\u00e2mara com 444 votos - Prefeitos &amp; Gest\u00f5es<\/title>\n<meta name=\"description\" content=\"O deputado\u00a0Hugo Motta\u00a0(Republicanos-PB) foi declarado vencedor nas elei\u00e7\u00f5es para a presid\u00eancia da\u00a0C\u00e2mara dos Deputados, com 444 votos. Com isso, ele se torna o segundo deputado com maior vota\u00e7\u00e3o na hist\u00f3ria da Casa em valor absoluto desde a redemocratiza\u00e7\u00e3o, e quinto em propor\u00e7\u00e3o de votos. Em segundo lugar ficou\u00a0Marcel van Hattem\u00a0(Novo-RS) com\u00a031, e em terceiro o candidato\u00a0Henrique Vieira\u00a0(Psol-RJ), com 22 eleitores.\" \/>\n<meta name=\"robots\" content=\"index, follow, max-snippet:-1, max-image-preview:large, max-video-preview:-1\" \/>\n<link rel=\"canonical\" href=\"https:\/\/prefeitosegestoes.com.br\/portal\/eleito-presidente-da-camara-com-444-votos\/\" \/>\n<meta property=\"og:locale\" content=\"pt_BR\" \/>\n<meta property=\"og:type\" content=\"article\" \/>\n<meta property=\"og:title\" content=\"Eleito presidente da C\u00e2mara com 444 votos - Prefeitos &amp; Gest\u00f5es\" \/>\n<meta property=\"og:description\" content=\"O deputado\u00a0Hugo Motta\u00a0(Republicanos-PB) foi declarado vencedor nas elei\u00e7\u00f5es para a presid\u00eancia da\u00a0C\u00e2mara dos Deputados, com 444 votos. Com isso, ele se torna o segundo deputado com maior vota\u00e7\u00e3o na hist\u00f3ria da Casa em valor absoluto desde a redemocratiza\u00e7\u00e3o, e quinto em propor\u00e7\u00e3o de votos. Em segundo lugar ficou\u00a0Marcel van Hattem\u00a0(Novo-RS) com\u00a031, e em terceiro o candidato\u00a0Henrique Vieira\u00a0(Psol-RJ), com 22 eleitores.\" \/>\n<meta property=\"og:url\" content=\"https:\/\/prefeitosegestoes.com.br\/portal\/eleito-presidente-da-camara-com-444-votos\/\" \/>\n<meta property=\"og:site_name\" content=\"Prefeitos &amp; Gest\u00f5es\" \/>\n<meta property=\"article:publisher\" content=\"https:\/\/www.facebook.com\/prefeitosonline\" \/>\n<meta property=\"article:published_time\" content=\"2025-02-03T12:23:20+00:00\" \/>\n<meta property=\"article:modified_time\" content=\"2025-02-03T12:23:58+00:00\" \/>\n<meta property=\"og:image\" content=\"https:\/\/prefeitosegestoes.com.br\/portal\/wp-content\/uploads\/2025\/02\/img_7539_0.webp\" \/>\n\t<meta property=\"og:image:width\" content=\"1024\" \/>\n\t<meta property=\"og:image:height\" content=\"768\" \/>\n\t<meta property=\"og:image:type\" content=\"image\/webp\" \/>\n<meta name=\"author\" content=\"Prefeitos &amp; Gest\u00f5es\" \/>\n<meta name=\"twitter:card\" content=\"summary_large_image\" \/>\n<meta name=\"twitter:creator\" content=\"@PrefGestoes\" \/>\n<meta name=\"twitter:site\" content=\"@PrefGestoes\" \/>\n<meta name=\"twitter:label1\" content=\"Escrito por\" \/>\n\t<meta name=\"twitter:data1\" content=\"Prefeitos &amp; Gest\u00f5es\" \/>\n\t<meta name=\"twitter:label2\" content=\"Est. tempo de leitura\" \/>\n\t<meta name=\"twitter:data2\" content=\"4 minutos\" \/>\n<script type=\"application\/ld+json\" class=\"yoast-schema-graph\">{\"@context\":\"https:\/\/schema.org\",\"@graph\":[{\"@type\":\"Article\",\"@id\":\"https:\/\/prefeitosegestoes.com.br\/portal\/eleito-presidente-da-camara-com-444-votos\/#article\",\"isPartOf\":{\"@id\":\"https:\/\/prefeitosegestoes.com.br\/portal\/eleito-presidente-da-camara-com-444-votos\/\"},\"author\":{\"name\":\"Prefeitos &amp; Gest\u00f5es\",\"@id\":\"https:\/\/prefeitosegestoes.com.br\/portal\/#\/schema\/person\/d00059f2ec99963e7e1850d448ae94b8\"},\"headline\":\"Eleito presidente da C\u00e2mara com 444 votos\",\"datePublished\":\"2025-02-03T12:23:20+00:00\",\"dateModified\":\"2025-02-03T12:23:58+00:00\",\"mainEntityOfPage\":{\"@id\":\"https:\/\/prefeitosegestoes.com.br\/portal\/eleito-presidente-da-camara-com-444-votos\/\"},\"wordCount\":537,\"commentCount\":0,\"publisher\":{\"@id\":\"https:\/\/prefeitosegestoes.com.br\/portal\/#organization\"},\"image\":{\"@id\":\"https:\/\/prefeitosegestoes.com.br\/portal\/eleito-presidente-da-camara-com-444-votos\/#primaryimage\"},\"thumbnailUrl\":\"https:\/\/prefeitosegestoes.com.br\/portal\/wp-content\/uploads\/2025\/02\/img_7539_0.webp\",\"keywords\":[\"C\u00e2mara dos Deputados\",\"Comiss\u00f5es\",\"Elei\u00e7\u00f5es. Legislatura\",\"Hugo Motta\",\"Votos\"],\"articleSection\":[\"Destaques\"],\"inLanguage\":\"pt-BR\",\"potentialAction\":[{\"@type\":\"CommentAction\",\"name\":\"Comment\",\"target\":[\"https:\/\/prefeitosegestoes.com.br\/portal\/eleito-presidente-da-camara-com-444-votos\/#respond\"]}]},{\"@type\":\"WebPage\",\"@id\":\"https:\/\/prefeitosegestoes.com.br\/portal\/eleito-presidente-da-camara-com-444-votos\/\",\"url\":\"https:\/\/prefeitosegestoes.com.br\/portal\/eleito-presidente-da-camara-com-444-votos\/\",\"name\":\"Eleito presidente da C\u00e2mara com 444 votos - Prefeitos &amp; Gest\u00f5es\",\"isPartOf\":{\"@id\":\"https:\/\/prefeitosegestoes.com.br\/portal\/#website\"},\"primaryImageOfPage\":{\"@id\":\"https:\/\/prefeitosegestoes.com.br\/portal\/eleito-presidente-da-camara-com-444-votos\/#primaryimage\"},\"image\":{\"@id\":\"https:\/\/prefeitosegestoes.com.br\/portal\/eleito-presidente-da-camara-com-444-votos\/#primaryimage\"},\"thumbnailUrl\":\"https:\/\/prefeitosegestoes.com.br\/portal\/wp-content\/uploads\/2025\/02\/img_7539_0.webp\",\"datePublished\":\"2025-02-03T12:23:20+00:00\",\"dateModified\":\"2025-02-03T12:23:58+00:00\",\"description\":\"O deputado\u00a0Hugo Motta\u00a0(Republicanos-PB) foi declarado vencedor nas elei\u00e7\u00f5es para a presid\u00eancia da\u00a0C\u00e2mara dos Deputados, com 444 votos. Com isso, ele se torna o segundo deputado com maior vota\u00e7\u00e3o na hist\u00f3ria da Casa em valor absoluto desde a redemocratiza\u00e7\u00e3o, e quinto em propor\u00e7\u00e3o de votos. Em segundo lugar ficou\u00a0Marcel van Hattem\u00a0(Novo-RS) com\u00a031, e em terceiro o candidato\u00a0Henrique Vieira\u00a0(Psol-RJ), com 22 eleitores.\",\"breadcrumb\":{\"@id\":\"https:\/\/prefeitosegestoes.com.br\/portal\/eleito-presidente-da-camara-com-444-votos\/#breadcrumb\"},\"inLanguage\":\"pt-BR\",\"potentialAction\":[{\"@type\":\"ReadAction\",\"target\":[\"https:\/\/prefeitosegestoes.com.br\/portal\/eleito-presidente-da-camara-com-444-votos\/\"]}]},{\"@type\":\"ImageObject\",\"inLanguage\":\"pt-BR\",\"@id\":\"https:\/\/prefeitosegestoes.com.br\/portal\/eleito-presidente-da-camara-com-444-votos\/#primaryimage\",\"url\":\"https:\/\/prefeitosegestoes.com.br\/portal\/wp-content\/uploads\/2025\/02\/img_7539_0.webp\",\"contentUrl\":\"https:\/\/prefeitosegestoes.com.br\/portal\/wp-content\/uploads\/2025\/02\/img_7539_0.webp\",\"width\":1024,\"height\":768},{\"@type\":\"BreadcrumbList\",\"@id\":\"https:\/\/prefeitosegestoes.com.br\/portal\/eleito-presidente-da-camara-com-444-votos\/#breadcrumb\",\"itemListElement\":[{\"@type\":\"ListItem\",\"position\":1,\"name\":\"In\u00edcio\",\"item\":\"https:\/\/prefeitosegestoes.com.br\/portal\/\"},{\"@type\":\"ListItem\",\"position\":2,\"name\":\"Eleito presidente da C\u00e2mara com 444 votos\"}]},{\"@type\":\"WebSite\",\"@id\":\"https:\/\/prefeitosegestoes.com.br\/portal\/#website\",\"url\":\"https:\/\/prefeitosegestoes.com.br\/portal\/\",\"name\":\"Prefeitos & Gest\u00f5es\",\"description\":\"\",\"publisher\":{\"@id\":\"https:\/\/prefeitosegestoes.com.br\/portal\/#organization\"},\"potentialAction\":[{\"@type\":\"SearchAction\",\"target\":{\"@type\":\"EntryPoint\",\"urlTemplate\":\"https:\/\/prefeitosegestoes.com.br\/portal\/?s={search_term_string}\"},\"query-input\":{\"@type\":\"PropertyValueSpecification\",\"valueRequired\":true,\"valueName\":\"search_term_string\"}}],\"inLanguage\":\"pt-BR\"},{\"@type\":\"Organization\",\"@id\":\"https:\/\/prefeitosegestoes.com.br\/portal\/#organization\",\"name\":\"Prefeitos & Gest\u00f5es\",\"url\":\"https:\/\/prefeitosegestoes.com.br\/portal\/\",\"logo\":{\"@type\":\"ImageObject\",\"inLanguage\":\"pt-BR\",\"@id\":\"https:\/\/prefeitosegestoes.com.br\/portal\/#\/schema\/logo\/image\/\",\"url\":\"https:\/\/prefeitosegestoes.com.br\/portal\/wp-content\/uploads\/2024\/10\/lg_trans_prefeitos_2024_preto2.png\",\"contentUrl\":\"https:\/\/prefeitosegestoes.com.br\/portal\/wp-content\/uploads\/2024\/10\/lg_trans_prefeitos_2024_preto2.png\",\"width\":199,\"height\":122,\"caption\":\"Prefeitos & Gest\u00f5es\"},\"image\":{\"@id\":\"https:\/\/prefeitosegestoes.com.br\/portal\/#\/schema\/logo\/image\/\"},\"sameAs\":[\"https:\/\/www.facebook.com\/prefeitosonline\",\"https:\/\/x.com\/PrefGestoes\"]},{\"@type\":\"Person\",\"@id\":\"https:\/\/prefeitosegestoes.com.br\/portal\/#\/schema\/person\/d00059f2ec99963e7e1850d448ae94b8\",\"name\":\"Prefeitos &amp; Gest\u00f5es\",\"image\":{\"@type\":\"ImageObject\",\"inLanguage\":\"pt-BR\",\"@id\":\"https:\/\/secure.gravatar.com\/avatar\/738fb281e479212ed32c1a21a4307dda9f3af9292edb6918a16c9ce9fff5f48d?s=96&d=mm&r=g\",\"url\":\"https:\/\/secure.gravatar.com\/avatar\/738fb281e479212ed32c1a21a4307dda9f3af9292edb6918a16c9ce9fff5f48d?s=96&d=mm&r=g\",\"contentUrl\":\"https:\/\/secure.gravatar.com\/avatar\/738fb281e479212ed32c1a21a4307dda9f3af9292edb6918a16c9ce9fff5f48d?s=96&d=mm&r=g\",\"caption\":\"Prefeitos &amp; Gest\u00f5es\"},\"url\":\"https:\/\/prefeitosegestoes.com.br\/portal\/author\/prefeitosegestoes\/\"}]}<\/script>\n<!-- \/ Yoast SEO plugin. -->","yoast_head_json":{"title":"Eleito presidente da C\u00e2mara com 444 votos - Prefeitos &amp; Gest\u00f5es","description":"O deputado\u00a0Hugo Motta\u00a0(Republicanos-PB) foi declarado vencedor nas elei\u00e7\u00f5es para a presid\u00eancia da\u00a0C\u00e2mara dos Deputados, com 444 votos. Com isso, ele se torna o segundo deputado com maior vota\u00e7\u00e3o na hist\u00f3ria da Casa em valor absoluto desde a redemocratiza\u00e7\u00e3o, e quinto em propor\u00e7\u00e3o de votos. Em segundo lugar ficou\u00a0Marcel van Hattem\u00a0(Novo-RS) com\u00a031, e em terceiro o candidato\u00a0Henrique Vieira\u00a0(Psol-RJ), com 22 eleitores.","robots":{"index":"index","follow":"follow","max-snippet":"max-snippet:-1","max-image-preview":"max-image-preview:large","max-video-preview":"max-video-preview:-1"},"canonical":"https:\/\/prefeitosegestoes.com.br\/portal\/eleito-presidente-da-camara-com-444-votos\/","og_locale":"pt_BR","og_type":"article","og_title":"Eleito presidente da C\u00e2mara com 444 votos - Prefeitos &amp; Gest\u00f5es","og_description":"O deputado\u00a0Hugo Motta\u00a0(Republicanos-PB) foi declarado vencedor nas elei\u00e7\u00f5es para a presid\u00eancia da\u00a0C\u00e2mara dos Deputados, com 444 votos. Com isso, ele se torna o segundo deputado com maior vota\u00e7\u00e3o na hist\u00f3ria da Casa em valor absoluto desde a redemocratiza\u00e7\u00e3o, e quinto em propor\u00e7\u00e3o de votos. Em segundo lugar ficou\u00a0Marcel van Hattem\u00a0(Novo-RS) com\u00a031, e em terceiro o candidato\u00a0Henrique Vieira\u00a0(Psol-RJ), com 22 eleitores.","og_url":"https:\/\/prefeitosegestoes.com.br\/portal\/eleito-presidente-da-camara-com-444-votos\/","og_site_name":"Prefeitos &amp; Gest\u00f5es","article_publisher":"https:\/\/www.facebook.com\/prefeitosonline","article_published_time":"2025-02-03T12:23:20+00:00","article_modified_time":"2025-02-03T12:23:58+00:00","og_image":[{"width":1024,"height":768,"url":"https:\/\/prefeitosegestoes.com.br\/portal\/wp-content\/uploads\/2025\/02\/img_7539_0.webp","type":"image\/webp"}],"author":"Prefeitos &amp; Gest\u00f5es","twitter_card":"summary_large_image","twitter_creator":"@PrefGestoes","twitter_site":"@PrefGestoes","twitter_misc":{"Escrito por":"Prefeitos &amp; Gest\u00f5es","Est. tempo de leitura":"4 minutos"},"schema":{"@context":"https:\/\/schema.org","@graph":[{"@type":"Article","@id":"https:\/\/prefeitosegestoes.com.br\/portal\/eleito-presidente-da-camara-com-444-votos\/#article","isPartOf":{"@id":"https:\/\/prefeitosegestoes.com.br\/portal\/eleito-presidente-da-camara-com-444-votos\/"},"author":{"name":"Prefeitos &amp; Gest\u00f5es","@id":"https:\/\/prefeitosegestoes.com.br\/portal\/#\/schema\/person\/d00059f2ec99963e7e1850d448ae94b8"},"headline":"Eleito presidente da C\u00e2mara com 444 votos","datePublished":"2025-02-03T12:23:20+00:00","dateModified":"2025-02-03T12:23:58+00:00","mainEntityOfPage":{"@id":"https:\/\/prefeitosegestoes.com.br\/portal\/eleito-presidente-da-camara-com-444-votos\/"},"wordCount":537,"commentCount":0,"publisher":{"@id":"https:\/\/prefeitosegestoes.com.br\/portal\/#organization"},"image":{"@id":"https:\/\/prefeitosegestoes.com.br\/portal\/eleito-presidente-da-camara-com-444-votos\/#primaryimage"},"thumbnailUrl":"https:\/\/prefeitosegestoes.com.br\/portal\/wp-content\/uploads\/2025\/02\/img_7539_0.webp","keywords":["C\u00e2mara dos Deputados","Comiss\u00f5es","Elei\u00e7\u00f5es. Legislatura","Hugo Motta","Votos"],"articleSection":["Destaques"],"inLanguage":"pt-BR","potentialAction":[{"@type":"CommentAction","name":"Comment","target":["https:\/\/prefeitosegestoes.com.br\/portal\/eleito-presidente-da-camara-com-444-votos\/#respond"]}]},{"@type":"WebPage","@id":"https:\/\/prefeitosegestoes.com.br\/portal\/eleito-presidente-da-camara-com-444-votos\/","url":"https:\/\/prefeitosegestoes.com.br\/portal\/eleito-presidente-da-camara-com-444-votos\/","name":"Eleito presidente da C\u00e2mara com 444 votos - Prefeitos &amp; Gest\u00f5es","isPartOf":{"@id":"https:\/\/prefeitosegestoes.com.br\/portal\/#website"},"primaryImageOfPage":{"@id":"https:\/\/prefeitosegestoes.com.br\/portal\/eleito-presidente-da-camara-com-444-votos\/#primaryimage"},"image":{"@id":"https:\/\/prefeitosegestoes.com.br\/portal\/eleito-presidente-da-camara-com-444-votos\/#primaryimage"},"thumbnailUrl":"https:\/\/prefeitosegestoes.com.br\/portal\/wp-content\/uploads\/2025\/02\/img_7539_0.webp","datePublished":"2025-02-03T12:23:20+00:00","dateModified":"2025-02-03T12:23:58+00:00","description":"O deputado\u00a0Hugo Motta\u00a0(Republicanos-PB) foi declarado vencedor nas elei\u00e7\u00f5es para a presid\u00eancia da\u00a0C\u00e2mara dos Deputados, com 444 votos. Com isso, ele se torna o segundo deputado com maior vota\u00e7\u00e3o na hist\u00f3ria da Casa em valor absoluto desde a redemocratiza\u00e7\u00e3o, e quinto em propor\u00e7\u00e3o de votos. Em segundo lugar ficou\u00a0Marcel van Hattem\u00a0(Novo-RS) com\u00a031, e em terceiro o candidato\u00a0Henrique Vieira\u00a0(Psol-RJ), com 22 eleitores.","breadcrumb":{"@id":"https:\/\/prefeitosegestoes.com.br\/portal\/eleito-presidente-da-camara-com-444-votos\/#breadcrumb"},"inLanguage":"pt-BR","potentialAction":[{"@type":"ReadAction","target":["https:\/\/prefeitosegestoes.com.br\/portal\/eleito-presidente-da-camara-com-444-votos\/"]}]},{"@type":"ImageObject","inLanguage":"pt-BR","@id":"https:\/\/prefeitosegestoes.com.br\/portal\/eleito-presidente-da-camara-com-444-votos\/#primaryimage","url":"https:\/\/prefeitosegestoes.com.br\/portal\/wp-content\/uploads\/2025\/02\/img_7539_0.webp","contentUrl":"https:\/\/prefeitosegestoes.com.br\/portal\/wp-content\/uploads\/2025\/02\/img_7539_0.webp","width":1024,"height":768},{"@type":"BreadcrumbList","@id":"https:\/\/prefeitosegestoes.com.br\/portal\/eleito-presidente-da-camara-com-444-votos\/#breadcrumb","itemListElement":[{"@type":"ListItem","position":1,"name":"In\u00edcio","item":"https:\/\/prefeitosegestoes.com.br\/portal\/"},{"@type":"ListItem","position":2,"name":"Eleito presidente da C\u00e2mara com 444 votos"}]},{"@type":"WebSite","@id":"https:\/\/prefeitosegestoes.com.br\/portal\/#website","url":"https:\/\/prefeitosegestoes.com.br\/portal\/","name":"Prefeitos & Gest\u00f5es","description":"","publisher":{"@id":"https:\/\/prefeitosegestoes.com.br\/portal\/#organization"},"potentialAction":[{"@type":"SearchAction","target":{"@type":"EntryPoint","urlTemplate":"https:\/\/prefeitosegestoes.com.br\/portal\/?s={search_term_string}"},"query-input":{"@type":"PropertyValueSpecification","valueRequired":true,"valueName":"search_term_string"}}],"inLanguage":"pt-BR"},{"@type":"Organization","@id":"https:\/\/prefeitosegestoes.com.br\/portal\/#organization","name":"Prefeitos & Gest\u00f5es","url":"https:\/\/prefeitosegestoes.com.br\/portal\/","logo":{"@type":"ImageObject","inLanguage":"pt-BR","@id":"https:\/\/prefeitosegestoes.com.br\/portal\/#\/schema\/logo\/image\/","url":"https:\/\/prefeitosegestoes.com.br\/portal\/wp-content\/uploads\/2024\/10\/lg_trans_prefeitos_2024_preto2.png","contentUrl":"https:\/\/prefeitosegestoes.com.br\/portal\/wp-content\/uploads\/2024\/10\/lg_trans_prefeitos_2024_preto2.png","width":199,"height":122,"caption":"Prefeitos & Gest\u00f5es"},"image":{"@id":"https:\/\/prefeitosegestoes.com.br\/portal\/#\/schema\/logo\/image\/"},"sameAs":["https:\/\/www.facebook.com\/prefeitosonline","https:\/\/x.com\/PrefGestoes"]},{"@type":"Person","@id":"https:\/\/prefeitosegestoes.com.br\/portal\/#\/schema\/person\/d00059f2ec99963e7e1850d448ae94b8","name":"Prefeitos &amp; Gest\u00f5es","image":{"@type":"ImageObject","inLanguage":"pt-BR","@id":"https:\/\/secure.gravatar.com\/avatar\/738fb281e479212ed32c1a21a4307dda9f3af9292edb6918a16c9ce9fff5f48d?s=96&d=mm&r=g","url":"https:\/\/secure.gravatar.com\/avatar\/738fb281e479212ed32c1a21a4307dda9f3af9292edb6918a16c9ce9fff5f48d?s=96&d=mm&r=g","contentUrl":"https:\/\/secure.gravatar.com\/avatar\/738fb281e479212ed32c1a21a4307dda9f3af9292edb6918a16c9ce9fff5f48d?s=96&d=mm&r=g","caption":"Prefeitos &amp; Gest\u00f5es"},"url":"https:\/\/prefeitosegestoes.com.br\/portal\/author\/prefeitosegestoes\/"}]}},"_links":{"self":[{"href":"https:\/\/prefeitosegestoes.com.br\/portal\/wp-json\/wp\/v2\/posts\/3080","targetHints":{"allow":["GET"]}}],"collection":[{"href":"https:\/\/prefeitosegestoes.com.br\/portal\/wp-json\/wp\/v2\/posts"}],"about":[{"href":"https:\/\/prefeitosegestoes.com.br\/portal\/wp-json\/wp\/v2\/types\/post"}],"author":[{"embeddable":true,"href":"https:\/\/prefeitosegestoes.com.br\/portal\/wp-json\/wp\/v2\/users\/2"}],"replies":[{"embeddable":true,"href":"https:\/\/prefeitosegestoes.com.br\/portal\/wp-json\/wp\/v2\/comments?post=3080"}],"version-history":[{"count":2,"href":"https:\/\/prefeitosegestoes.com.br\/portal\/wp-json\/wp\/v2\/posts\/3080\/revisions"}],"predecessor-version":[{"id":3083,"href":"https:\/\/prefeitosegestoes.com.br\/portal\/wp-json\/wp\/v2\/posts\/3080\/revisions\/3083"}],"wp:featuredmedia":[{"embeddable":true,"href":"https:\/\/prefeitosegestoes.com.br\/portal\/wp-json\/wp\/v2\/media\/3081"}],"wp:attachment":[{"href":"https:\/\/prefeitosegestoes.com.br\/portal\/wp-json\/wp\/v2\/media?parent=3080"}],"wp:term":[{"taxonomy":"category","embeddable":true,"href":"https:\/\/prefeitosegestoes.com.br\/portal\/wp-json\/wp\/v2\/categories?post=3080"},{"taxonomy":"post_tag","embeddable":true,"href":"https:\/\/prefeitosegestoes.com.br\/portal\/wp-json\/wp\/v2\/tags?post=3080"}],"curies":[{"name":"wp","href":"https:\/\/api.w.org\/{rel}","templated":true}]}}