{"id":3077,"date":"2025-02-03T09:14:25","date_gmt":"2025-02-03T12:14:25","guid":{"rendered":"https:\/\/prefeitosegestoes.com.br\/portal\/?p=3077"},"modified":"2025-02-03T09:14:25","modified_gmt":"2025-02-03T12:14:25","slug":"saiba-quem-sera-o-presidente-de-cada-comissao-no-senado","status":"publish","type":"post","link":"https:\/\/prefeitosegestoes.com.br\/portal\/saiba-quem-sera-o-presidente-de-cada-comissao-no-senado\/","title":{"rendered":"Saiba quem ser\u00e1 o presidente de cada comiss\u00e3o no Senado"},"content":{"rendered":"<div class=\"post-article\">\n<article class=\"clearfix\">\n<div id=\"modal-ready\">\n<h6>Bras\u00edlia-DF 01\/02\/2025 Senador Davi Alcolumbre foi eleito novo presidente do Senado Nacional. Foto Ant\u00f4nio Cruz\/ Ag\u00eancia Brasil<\/h6>\n<p class=\"first-paragraph\">Com a prov\u00e1vel elei\u00e7\u00e3o de Davi Alcolumbre \u00e0 presid\u00eancia do Senado, neste s\u00e1bado (1\u00ba), a\u00a0<a href=\"https:\/\/congressoemfoco.uol.com.br\/area\/congresso-nacional\/otto-alencar-calheiros-e-flavio-como-devem-ficar-as-comissoes-no-senado\/\">defini\u00e7\u00e3o dos presidentes das comiss\u00f5es permanentes da Casa<\/a>\u00a0j\u00e1 est\u00e1 desenhada pelos acordos partid\u00e1rios, salvo algumas exce\u00e7\u00f5es. Mais dois nomes foram apontados:\u00a0<a class=\"parlLink\" href=\"https:\/\/radar.congressoemfoco.com.br\/parlamentar\/25985\/perfil\">Nelsinho Trad<\/a>\u00a0(PSD-MS) na Comiss\u00e3o de Rela\u00e7\u00f5es Exteriores e\u00a0<a class=\"parlLink\" href=\"https:\/\/radar.congressoemfoco.com.br\/parlamentar\/25953\/perfil\">Fabiano Contarato<\/a>\u00a0(PT-ES) na Comiss\u00e3o do Meio Ambiente. A distribui\u00e7\u00e3o das vagas envolve acordos feitos em torno dos cargos da Mesa Diretora, das lideran\u00e7as e da proporcionalidade das bancadas.<\/p>\n<p>Restam defini\u00e7\u00f5es para quatro colegiados, ainda. A Comiss\u00e3o do Esporte, cotada com Rom\u00e1rio (PL-RJ), at\u00e9 o momento tem apenas a garantia de ser chefiada por senador do PL. J\u00e1 as\u00a0comiss\u00f5es de Comunica\u00e7\u00e3o e Direito Digital; de Defesa da Democracia; e de Transpar\u00eancia, Governan\u00e7a, Fiscaliza\u00e7\u00e3o e Controle e Defesa do Consumidor aguardam indica\u00e7\u00f5es.<\/p>\n<div class=\"my-25 my-lg-50 pt-10 pt-lg-30\">\n<p class=\"color-blue-light font-xs font-medium font-ls-2 text-uppercase mb-0\">Leia tamb\u00e9m<\/p>\n<div class=\"row gx-2 gx-lg-3 align-items-end mb-15 mb-lg-30\">\n<div class=\"col-8 col-lg-10\"><a class=\"font-work-sans color-black font-default font-lh-11 text-decoration-none\" href=\"https:\/\/congressoemfoco.uol.com.br\/area\/congresso-nacional\/apos-pt-e-pl-unidos-em-eleicoes-congresso-reabre-com-desafios-para-governo-e-oposicao\/\">Ap\u00f3s uni\u00e3o de PT e PL, Congresso reabre com desafios para governo e oposi\u00e7\u00e3o<\/a><\/p>\n<div class=\"color-gray font-sm font-medium text-uppercase text-decoration-none lh-1 mt-1 mb-0\"><a class=\"author url fn\" title=\"Posts por Edson Sardinha\" href=\"https:\/\/congressoemfoco.uol.com.br\/author\/edson\/\" rel=\"author\">Edson Sardinha<\/a><\/div>\n<\/div>\n<\/div>\n<div class=\"row gx-2 gx-lg-3 align-items-end mb-15 mb-lg-30\">\n<div class=\"col-4 col-lg-2\">\n<div class=\"ratio ratio-4x3\">\n<div class=\"background-cover rocket-lazyload entered lazyloaded exited\" data-bg=\"https:\/\/congressoemfoco.uol.com.br\/wp-content\/uploads\/2025\/02\/discrimination-60512_1280.jpg\" data-ll-status=\"loaded\"><\/div>\n<\/div>\n<\/div>\n<div class=\"col-8 col-lg-10\"><a class=\"font-work-sans color-black font-default font-lh-11 text-decoration-none\" href=\"https:\/\/congressoemfoco.uol.com.br\/area\/mundo-cat\/o-daltonismo-racial-de-trump\/\">O daltonismo racial de Trump<\/a><\/p>\n<div class=\"color-gray font-sm font-medium text-uppercase text-decoration-none lh-1 mt-1 mb-0\"><a class=\"author url fn\" title=\"Posts por Gisele Agnelli\" href=\"https:\/\/congressoemfoco.uol.com.br\/author\/gisele-agnelli\/\" rel=\"author\">Gisele Agnelli<\/a><\/div>\n<\/div>\n<\/div>\n<div class=\"row gx-2 gx-lg-3 align-items-end mb-15 mb-lg-30\">\n<div class=\"col-4 col-lg-2\">\n<div class=\"ratio ratio-4x3\">\n<div class=\"background-cover rocket-lazyload entered lazyloaded exited\" data-bg=\"https:\/\/congressoemfoco.uol.com.br\/wp-content\/uploads\/2025\/02\/newton-cardoso-marcelo-camargo-abr.jpg\" data-ll-status=\"loaded\"><\/div>\n<\/div>\n<\/div>\n<div class=\"col-8 col-lg-10\"><a class=\"font-work-sans color-black font-default font-lh-11 text-decoration-none\" href=\"https:\/\/congressoemfoco.uol.com.br\/area\/pais\/morre-o-ex-governador-newton-cardoso-um-dos-fundadores-do-mdb\/\">Morre o ex-governador Newton Cardoso, um dos fundadores do MDB<\/a><\/p>\n<div class=\"color-gray font-sm font-medium text-uppercase text-decoration-none lh-1 mt-1 mb-0\"><a class=\"author url fn\" title=\"Posts por Congresso em Foco\" href=\"https:\/\/congressoemfoco.uol.com.br\/author\/admin\/\" rel=\"author\">Congresso em Foco<\/a><\/div>\n<\/div>\n<\/div>\n<\/div>\n<p>Para dar in\u00edcio aos trabalhos e ao funcionamento das comiss\u00f5es ainda \u00e9 necess\u00e1rio definir a composi\u00e7\u00e3o dos colegiados, incluindo os cargos de presidente e vice. As indica\u00e7\u00f5es para os cargos de presid\u00eancia respeitam o crit\u00e9rio da proporcionalidade. Dessa forma, os partidos com maior bancada t\u00eam prioridade na escolha das comiss\u00f5es dentro dos acordos partid\u00e1rios. As siglas tamb\u00e9m podem firmar acordos tamb\u00e9m envolvendo a composi\u00e7\u00e3o da Mesa Diretora e o n\u00famero de comiss\u00f5es.<\/p>\n<p><strong>Veja quais s\u00e3o os prov\u00e1veis novos presidentes das comiss\u00f5es permanentes do Senado:<\/strong><\/p>\n<p>Comiss\u00e3o de Constitui\u00e7\u00e3o e Justi\u00e7a \u2013\u00a0<a class=\"parlLink\" href=\"https:\/\/radar.congressoemfoco.com.br\/parlamentar\/25523\">Otto Alencar<\/a>\u00a0(PSD-BA)<\/p>\n<p>Comiss\u00e3o de Assuntos Econ\u00f4micos \u2013\u00a0<a class=\"parlLink\" href=\"https:\/\/radar.congressoemfoco.com.br\/parlamentar\/270\">Renan Calheiros<\/a>\u00a0(MDB-AL)<\/p>\n<p>Comiss\u00e3o de Assuntos Sociais \u2013\u00a0<a class=\"parlLink\" href=\"https:\/\/radar.congressoemfoco.com.br\/parlamentar\/2742\">Marcelo Castro<\/a>\u00a0(MDB-PI)<\/p>\n<p>Comiss\u00e3o de Seguran\u00e7a P\u00fablica \u2013\u00a0\u00a0<a class=\"parlLink\" href=\"https:\/\/radar.congressoemfoco.com.br\/parlamentar\/25894\/perfil\">Fl\u00e1vio Bolsonaro<\/a>\u00a0(PL-RJ)<\/p>\n<p>Comiss\u00e3o de Infraestrutura \u2013\u00a0\u00a0<a class=\"parlLink\" href=\"https:\/\/radar.congressoemfoco.com.br\/parlamentar\/25422\/perfil\">Marcos Rog\u00e9rio<\/a>\u00a0(PL-RO)<\/p>\n<p>Comiss\u00e3o do Esporte \u2013 ser\u00e1 ocupada por senador do PL<\/p>\n<p>Comiss\u00e3o da Educa\u00e7\u00e3o \u2013\u00a0<a class=\"parlLink\" href=\"https:\/\/radar.congressoemfoco.com.br\/parlamentar\/26338\/perfil\">Teresa Leit\u00e3o<\/a>\u00a0(PT-PE)<\/p>\n<p>Comiss\u00e3o do Meio Ambiente \u2013\u00a0<a class=\"parlLink\" href=\"https:\/\/radar.congressoemfoco.com.br\/parlamentar\/25953\/perfil\">Fabiano Contarato<\/a>\u00a0(PT-ES)<\/p>\n<p>Comiss\u00e3o de Direitos Humanos \u2013\u00a0<a class=\"parlLink\" href=\"https:\/\/radar.congressoemfoco.com.br\/parlamentar\/26335\/perfil\">Damares Alves<\/a>\u00a0(Republicanos-DF)<\/p>\n<p>Comiss\u00e3o de Desenvolvimento Regional \u2013\u00a0<a class=\"parlLink\" href=\"https:\/\/radar.congressoemfoco.com.br\/parlamentar\/25386\">Professora Dorinha<\/a>\u00a0(Uni\u00e3o Brasil-TO)<\/p>\n<p>Comiss\u00e3o de Ci\u00eancia e Tecnologia \u2013\u00a0<a class=\"parlLink\" href=\"https:\/\/radar.congressoemfoco.com.br\/parlamentar\/2345\/perfil\">Fl\u00e1vio Arns<\/a>\u00a0(PSB-PR)<\/p>\n<p>Comiss\u00e3o de Agricultura e Reforma Agr\u00e1ria \u2013\u00a0\u00a0<a class=\"parlLink\" href=\"https:\/\/radar.congressoemfoco.com.br\/parlamentar\/23806\/perfil\">Zequinha Marinho<\/a>\u00a0(Podemos-PA)<\/p>\n<p>Comiss\u00e3o de Rela\u00e7\u00f5es Exteriores e Defesa Nacional \u2013\u00a0<a class=\"parlLink\" href=\"https:\/\/radar.congressoemfoco.com.br\/parlamentar\/25985\/perfil\">Nelsinho Trad<\/a>\u00a0(PSD-MS)<\/p>\n<p>Comiss\u00e3o de Comunica\u00e7\u00e3o e Direito Digital \u2013 aguarda defini\u00e7\u00e3o<\/p>\n<p>Comiss\u00e3o de Defesa da Democracia \u2013 aguarda defini\u00e7\u00e3o<\/p>\n<p>Comiss\u00e3o de Transpar\u00eancia, Governan\u00e7a, Fiscaliza\u00e7\u00e3o e Controle e Defesa do Consumidor \u2013 aguarda defini\u00e7\u00e3o<\/p>\n<\/div>\n<\/article>\n<\/div>\n<div class=\"post-article__author\">\n<p class=\"post-article__author-title\">Autoria<\/p>\n<div class=\"row gx-3 mb-10\">\n<div class=\"col-9 col-lg-10\">\n<div class=\"post-article__author-bio\">\n<p><strong class=\"text-uppercase\">Pedro Sales<\/strong>\u00a0Jornalista formado pela Universidade de Bras\u00edlia (UnB). Integrou a equipe de comunica\u00e7\u00e3o interna do Minist\u00e9rio dos Transportes.<\/p>\n<div class=\"d-lg-flex flex-wrap mt-10\"><a href=\"mailto:pedro@congressoemfoco.com.br\"><i class=\"icon-email\" aria-hidden=\"true\"><\/i>pedro@congressoemfoco.com.br<\/a><\/div>\n<\/div>\n<\/div>\n<\/div>\n<\/div>\n","protected":false},"excerpt":{"rendered":"<p>Bras\u00edlia-DF 01\/02\/2025 Senador Davi Alcolumbre foi eleito novo presidente do Senado Nacional. Foto Ant\u00f4nio Cruz\/ Ag\u00eancia Brasil Com a prov\u00e1vel elei\u00e7\u00e3o de Davi Alcolumbre \u00e0 presid\u00eancia do Senado, neste s\u00e1bado (1\u00ba), a\u00a0defini\u00e7\u00e3o dos presidentes das comiss\u00f5es permanentes da Casa\u00a0j\u00e1 est\u00e1 desenhada pelos acordos partid\u00e1rios, salvo algumas exce\u00e7\u00f5es. Mais dois nomes foram apontados:\u00a0Nelsinho Trad\u00a0(PSD-MS) na Comiss\u00e3o [&hellip;]<\/p>\n","protected":false},"author":2,"featured_media":3078,"comment_status":"open","ping_status":"open","sticky":false,"template":"","format":"standard","meta":{"rop_custom_images_group":[],"rop_custom_messages_group":[],"rop_publish_now":"initial","rop_publish_now_accounts":{"twitter_850042665852968960_850042665852968960":""},"rop_publish_now_history":[],"rop_publish_now_status":"pending","footnotes":""},"categories":[15],"tags":[466,463,465,464,257],"class_list":["post-3077","post","type-post","status-publish","format-standard","has-post-thumbnail","hentry","category-destaques","tag-acordo-partidario","tag-comissoes","tag-presidente","tag-pt","tag-senado"],"yoast_head":"<!-- This site is optimized with the Yoast SEO plugin v27.2 - https:\/\/yoast.com\/product\/yoast-seo-wordpress\/ -->\n<title>Saiba quem ser\u00e1 o presidente de cada comiss\u00e3o no Senado - Prefeitos &amp; Gest\u00f5es<\/title>\n<meta name=\"description\" content=\"Com a prov\u00e1vel elei\u00e7\u00e3o de Davi Alcolumbre \u00e0 presid\u00eancia do Senado, neste s\u00e1bado (1\u00ba), a\u00a0defini\u00e7\u00e3o dos presidentes das comiss\u00f5es permanentes da Casa\u00a0j\u00e1 est\u00e1 desenhada pelos acordos partid\u00e1rios, salvo algumas exce\u00e7\u00f5es. Mais dois nomes foram apontados:\u00a0Nelsinho Trad\u00a0(PSD-MS) na Comiss\u00e3o de Rela\u00e7\u00f5es Exteriores e\u00a0Fabiano Contarato\u00a0(PT-ES) na Comiss\u00e3o do Meio Ambiente. A distribui\u00e7\u00e3o das vagas envolve acordos feitos em torno dos cargos da Mesa Diretora, das lideran\u00e7as e da proporcionalidade das bancadas.\u00a0\" \/>\n<meta name=\"robots\" content=\"index, follow, max-snippet:-1, max-image-preview:large, max-video-preview:-1\" \/>\n<link rel=\"canonical\" href=\"https:\/\/prefeitosegestoes.com.br\/portal\/saiba-quem-sera-o-presidente-de-cada-comissao-no-senado\/\" \/>\n<meta property=\"og:locale\" content=\"pt_BR\" \/>\n<meta property=\"og:type\" content=\"article\" \/>\n<meta property=\"og:title\" content=\"Saiba quem ser\u00e1 o presidente de cada comiss\u00e3o no Senado - Prefeitos &amp; Gest\u00f5es\" \/>\n<meta property=\"og:description\" content=\"Com a prov\u00e1vel elei\u00e7\u00e3o de Davi Alcolumbre \u00e0 presid\u00eancia do Senado, neste s\u00e1bado (1\u00ba), a\u00a0defini\u00e7\u00e3o dos presidentes das comiss\u00f5es permanentes da Casa\u00a0j\u00e1 est\u00e1 desenhada pelos acordos partid\u00e1rios, salvo algumas exce\u00e7\u00f5es. Mais dois nomes foram apontados:\u00a0Nelsinho Trad\u00a0(PSD-MS) na Comiss\u00e3o de Rela\u00e7\u00f5es Exteriores e\u00a0Fabiano Contarato\u00a0(PT-ES) na Comiss\u00e3o do Meio Ambiente. A distribui\u00e7\u00e3o das vagas envolve acordos feitos em torno dos cargos da Mesa Diretora, das lideran\u00e7as e da proporcionalidade das bancadas.\u00a0\" \/>\n<meta property=\"og:url\" content=\"https:\/\/prefeitosegestoes.com.br\/portal\/saiba-quem-sera-o-presidente-de-cada-comissao-no-senado\/\" \/>\n<meta property=\"og:site_name\" content=\"Prefeitos &amp; Gest\u00f5es\" \/>\n<meta property=\"article:publisher\" content=\"https:\/\/www.facebook.com\/prefeitosonline\" \/>\n<meta property=\"article:published_time\" content=\"2025-02-03T12:14:25+00:00\" \/>\n<meta property=\"og:image\" content=\"https:\/\/prefeitosegestoes.com.br\/portal\/wp-content\/uploads\/2025\/02\/0d4a3041.webp\" \/>\n\t<meta property=\"og:image:width\" content=\"1024\" \/>\n\t<meta property=\"og:image:height\" content=\"768\" \/>\n\t<meta property=\"og:image:type\" content=\"image\/webp\" \/>\n<meta name=\"author\" content=\"Prefeitos &amp; Gest\u00f5es\" \/>\n<meta name=\"twitter:card\" content=\"summary_large_image\" \/>\n<meta name=\"twitter:creator\" content=\"@PrefGestoes\" \/>\n<meta name=\"twitter:site\" content=\"@PrefGestoes\" \/>\n<meta name=\"twitter:label1\" content=\"Escrito por\" \/>\n\t<meta name=\"twitter:data1\" content=\"Prefeitos &amp; Gest\u00f5es\" \/>\n\t<meta name=\"twitter:label2\" content=\"Est. tempo de leitura\" \/>\n\t<meta name=\"twitter:data2\" content=\"3 minutos\" \/>\n<script type=\"application\/ld+json\" class=\"yoast-schema-graph\">{\"@context\":\"https:\/\/schema.org\",\"@graph\":[{\"@type\":\"Article\",\"@id\":\"https:\/\/prefeitosegestoes.com.br\/portal\/saiba-quem-sera-o-presidente-de-cada-comissao-no-senado\/#article\",\"isPartOf\":{\"@id\":\"https:\/\/prefeitosegestoes.com.br\/portal\/saiba-quem-sera-o-presidente-de-cada-comissao-no-senado\/\"},\"author\":{\"name\":\"Prefeitos &amp; Gest\u00f5es\",\"@id\":\"https:\/\/prefeitosegestoes.com.br\/portal\/#\/schema\/person\/d00059f2ec99963e7e1850d448ae94b8\"},\"headline\":\"Saiba quem ser\u00e1 o presidente de cada comiss\u00e3o no Senado\",\"datePublished\":\"2025-02-03T12:14:25+00:00\",\"mainEntityOfPage\":{\"@id\":\"https:\/\/prefeitosegestoes.com.br\/portal\/saiba-quem-sera-o-presidente-de-cada-comissao-no-senado\/\"},\"wordCount\":512,\"commentCount\":0,\"publisher\":{\"@id\":\"https:\/\/prefeitosegestoes.com.br\/portal\/#organization\"},\"image\":{\"@id\":\"https:\/\/prefeitosegestoes.com.br\/portal\/saiba-quem-sera-o-presidente-de-cada-comissao-no-senado\/#primaryimage\"},\"thumbnailUrl\":\"https:\/\/prefeitosegestoes.com.br\/portal\/wp-content\/uploads\/2025\/02\/0d4a3041.webp\",\"keywords\":[\"Acordo Partid\u00e1rio\",\"Comiss\u00f5es\",\"Presidente\",\"PT\",\"Senado\"],\"articleSection\":[\"Destaques\"],\"inLanguage\":\"pt-BR\",\"potentialAction\":[{\"@type\":\"CommentAction\",\"name\":\"Comment\",\"target\":[\"https:\/\/prefeitosegestoes.com.br\/portal\/saiba-quem-sera-o-presidente-de-cada-comissao-no-senado\/#respond\"]}]},{\"@type\":\"WebPage\",\"@id\":\"https:\/\/prefeitosegestoes.com.br\/portal\/saiba-quem-sera-o-presidente-de-cada-comissao-no-senado\/\",\"url\":\"https:\/\/prefeitosegestoes.com.br\/portal\/saiba-quem-sera-o-presidente-de-cada-comissao-no-senado\/\",\"name\":\"Saiba quem ser\u00e1 o presidente de cada comiss\u00e3o no Senado - Prefeitos &amp; Gest\u00f5es\",\"isPartOf\":{\"@id\":\"https:\/\/prefeitosegestoes.com.br\/portal\/#website\"},\"primaryImageOfPage\":{\"@id\":\"https:\/\/prefeitosegestoes.com.br\/portal\/saiba-quem-sera-o-presidente-de-cada-comissao-no-senado\/#primaryimage\"},\"image\":{\"@id\":\"https:\/\/prefeitosegestoes.com.br\/portal\/saiba-quem-sera-o-presidente-de-cada-comissao-no-senado\/#primaryimage\"},\"thumbnailUrl\":\"https:\/\/prefeitosegestoes.com.br\/portal\/wp-content\/uploads\/2025\/02\/0d4a3041.webp\",\"datePublished\":\"2025-02-03T12:14:25+00:00\",\"description\":\"Com a prov\u00e1vel elei\u00e7\u00e3o de Davi Alcolumbre \u00e0 presid\u00eancia do Senado, neste s\u00e1bado (1\u00ba), a\u00a0defini\u00e7\u00e3o dos presidentes das comiss\u00f5es permanentes da Casa\u00a0j\u00e1 est\u00e1 desenhada pelos acordos partid\u00e1rios, salvo algumas exce\u00e7\u00f5es. Mais dois nomes foram apontados:\u00a0Nelsinho Trad\u00a0(PSD-MS) na Comiss\u00e3o de Rela\u00e7\u00f5es Exteriores e\u00a0Fabiano Contarato\u00a0(PT-ES) na Comiss\u00e3o do Meio Ambiente. A distribui\u00e7\u00e3o das vagas envolve acordos feitos em torno dos cargos da Mesa Diretora, das lideran\u00e7as e da proporcionalidade das bancadas.\u00a0\",\"breadcrumb\":{\"@id\":\"https:\/\/prefeitosegestoes.com.br\/portal\/saiba-quem-sera-o-presidente-de-cada-comissao-no-senado\/#breadcrumb\"},\"inLanguage\":\"pt-BR\",\"potentialAction\":[{\"@type\":\"ReadAction\",\"target\":[\"https:\/\/prefeitosegestoes.com.br\/portal\/saiba-quem-sera-o-presidente-de-cada-comissao-no-senado\/\"]}]},{\"@type\":\"ImageObject\",\"inLanguage\":\"pt-BR\",\"@id\":\"https:\/\/prefeitosegestoes.com.br\/portal\/saiba-quem-sera-o-presidente-de-cada-comissao-no-senado\/#primaryimage\",\"url\":\"https:\/\/prefeitosegestoes.com.br\/portal\/wp-content\/uploads\/2025\/02\/0d4a3041.webp\",\"contentUrl\":\"https:\/\/prefeitosegestoes.com.br\/portal\/wp-content\/uploads\/2025\/02\/0d4a3041.webp\",\"width\":1024,\"height\":768},{\"@type\":\"BreadcrumbList\",\"@id\":\"https:\/\/prefeitosegestoes.com.br\/portal\/saiba-quem-sera-o-presidente-de-cada-comissao-no-senado\/#breadcrumb\",\"itemListElement\":[{\"@type\":\"ListItem\",\"position\":1,\"name\":\"In\u00edcio\",\"item\":\"https:\/\/prefeitosegestoes.com.br\/portal\/\"},{\"@type\":\"ListItem\",\"position\":2,\"name\":\"Saiba quem ser\u00e1 o presidente de cada comiss\u00e3o no Senado\"}]},{\"@type\":\"WebSite\",\"@id\":\"https:\/\/prefeitosegestoes.com.br\/portal\/#website\",\"url\":\"https:\/\/prefeitosegestoes.com.br\/portal\/\",\"name\":\"Prefeitos & Gest\u00f5es\",\"description\":\"\",\"publisher\":{\"@id\":\"https:\/\/prefeitosegestoes.com.br\/portal\/#organization\"},\"potentialAction\":[{\"@type\":\"SearchAction\",\"target\":{\"@type\":\"EntryPoint\",\"urlTemplate\":\"https:\/\/prefeitosegestoes.com.br\/portal\/?s={search_term_string}\"},\"query-input\":{\"@type\":\"PropertyValueSpecification\",\"valueRequired\":true,\"valueName\":\"search_term_string\"}}],\"inLanguage\":\"pt-BR\"},{\"@type\":\"Organization\",\"@id\":\"https:\/\/prefeitosegestoes.com.br\/portal\/#organization\",\"name\":\"Prefeitos & Gest\u00f5es\",\"url\":\"https:\/\/prefeitosegestoes.com.br\/portal\/\",\"logo\":{\"@type\":\"ImageObject\",\"inLanguage\":\"pt-BR\",\"@id\":\"https:\/\/prefeitosegestoes.com.br\/portal\/#\/schema\/logo\/image\/\",\"url\":\"https:\/\/prefeitosegestoes.com.br\/portal\/wp-content\/uploads\/2024\/10\/lg_trans_prefeitos_2024_preto2.png\",\"contentUrl\":\"https:\/\/prefeitosegestoes.com.br\/portal\/wp-content\/uploads\/2024\/10\/lg_trans_prefeitos_2024_preto2.png\",\"width\":199,\"height\":122,\"caption\":\"Prefeitos & Gest\u00f5es\"},\"image\":{\"@id\":\"https:\/\/prefeitosegestoes.com.br\/portal\/#\/schema\/logo\/image\/\"},\"sameAs\":[\"https:\/\/www.facebook.com\/prefeitosonline\",\"https:\/\/x.com\/PrefGestoes\"]},{\"@type\":\"Person\",\"@id\":\"https:\/\/prefeitosegestoes.com.br\/portal\/#\/schema\/person\/d00059f2ec99963e7e1850d448ae94b8\",\"name\":\"Prefeitos &amp; Gest\u00f5es\",\"image\":{\"@type\":\"ImageObject\",\"inLanguage\":\"pt-BR\",\"@id\":\"https:\/\/secure.gravatar.com\/avatar\/738fb281e479212ed32c1a21a4307dda9f3af9292edb6918a16c9ce9fff5f48d?s=96&d=mm&r=g\",\"url\":\"https:\/\/secure.gravatar.com\/avatar\/738fb281e479212ed32c1a21a4307dda9f3af9292edb6918a16c9ce9fff5f48d?s=96&d=mm&r=g\",\"contentUrl\":\"https:\/\/secure.gravatar.com\/avatar\/738fb281e479212ed32c1a21a4307dda9f3af9292edb6918a16c9ce9fff5f48d?s=96&d=mm&r=g\",\"caption\":\"Prefeitos &amp; Gest\u00f5es\"},\"url\":\"https:\/\/prefeitosegestoes.com.br\/portal\/author\/prefeitosegestoes\/\"}]}<\/script>\n<!-- \/ Yoast SEO plugin. -->","yoast_head_json":{"title":"Saiba quem ser\u00e1 o presidente de cada comiss\u00e3o no Senado - Prefeitos &amp; Gest\u00f5es","description":"Com a prov\u00e1vel elei\u00e7\u00e3o de Davi Alcolumbre \u00e0 presid\u00eancia do Senado, neste s\u00e1bado (1\u00ba), a\u00a0defini\u00e7\u00e3o dos presidentes das comiss\u00f5es permanentes da Casa\u00a0j\u00e1 est\u00e1 desenhada pelos acordos partid\u00e1rios, salvo algumas exce\u00e7\u00f5es. Mais dois nomes foram apontados:\u00a0Nelsinho Trad\u00a0(PSD-MS) na Comiss\u00e3o de Rela\u00e7\u00f5es Exteriores e\u00a0Fabiano Contarato\u00a0(PT-ES) na Comiss\u00e3o do Meio Ambiente. A distribui\u00e7\u00e3o das vagas envolve acordos feitos em torno dos cargos da Mesa Diretora, das lideran\u00e7as e da proporcionalidade das bancadas.\u00a0","robots":{"index":"index","follow":"follow","max-snippet":"max-snippet:-1","max-image-preview":"max-image-preview:large","max-video-preview":"max-video-preview:-1"},"canonical":"https:\/\/prefeitosegestoes.com.br\/portal\/saiba-quem-sera-o-presidente-de-cada-comissao-no-senado\/","og_locale":"pt_BR","og_type":"article","og_title":"Saiba quem ser\u00e1 o presidente de cada comiss\u00e3o no Senado - Prefeitos &amp; Gest\u00f5es","og_description":"Com a prov\u00e1vel elei\u00e7\u00e3o de Davi Alcolumbre \u00e0 presid\u00eancia do Senado, neste s\u00e1bado (1\u00ba), a\u00a0defini\u00e7\u00e3o dos presidentes das comiss\u00f5es permanentes da Casa\u00a0j\u00e1 est\u00e1 desenhada pelos acordos partid\u00e1rios, salvo algumas exce\u00e7\u00f5es. Mais dois nomes foram apontados:\u00a0Nelsinho Trad\u00a0(PSD-MS) na Comiss\u00e3o de Rela\u00e7\u00f5es Exteriores e\u00a0Fabiano Contarato\u00a0(PT-ES) na Comiss\u00e3o do Meio Ambiente. A distribui\u00e7\u00e3o das vagas envolve acordos feitos em torno dos cargos da Mesa Diretora, das lideran\u00e7as e da proporcionalidade das bancadas.\u00a0","og_url":"https:\/\/prefeitosegestoes.com.br\/portal\/saiba-quem-sera-o-presidente-de-cada-comissao-no-senado\/","og_site_name":"Prefeitos &amp; Gest\u00f5es","article_publisher":"https:\/\/www.facebook.com\/prefeitosonline","article_published_time":"2025-02-03T12:14:25+00:00","og_image":[{"width":1024,"height":768,"url":"https:\/\/prefeitosegestoes.com.br\/portal\/wp-content\/uploads\/2025\/02\/0d4a3041.webp","type":"image\/webp"}],"author":"Prefeitos &amp; Gest\u00f5es","twitter_card":"summary_large_image","twitter_creator":"@PrefGestoes","twitter_site":"@PrefGestoes","twitter_misc":{"Escrito por":"Prefeitos &amp; Gest\u00f5es","Est. tempo de leitura":"3 minutos"},"schema":{"@context":"https:\/\/schema.org","@graph":[{"@type":"Article","@id":"https:\/\/prefeitosegestoes.com.br\/portal\/saiba-quem-sera-o-presidente-de-cada-comissao-no-senado\/#article","isPartOf":{"@id":"https:\/\/prefeitosegestoes.com.br\/portal\/saiba-quem-sera-o-presidente-de-cada-comissao-no-senado\/"},"author":{"name":"Prefeitos &amp; Gest\u00f5es","@id":"https:\/\/prefeitosegestoes.com.br\/portal\/#\/schema\/person\/d00059f2ec99963e7e1850d448ae94b8"},"headline":"Saiba quem ser\u00e1 o presidente de cada comiss\u00e3o no Senado","datePublished":"2025-02-03T12:14:25+00:00","mainEntityOfPage":{"@id":"https:\/\/prefeitosegestoes.com.br\/portal\/saiba-quem-sera-o-presidente-de-cada-comissao-no-senado\/"},"wordCount":512,"commentCount":0,"publisher":{"@id":"https:\/\/prefeitosegestoes.com.br\/portal\/#organization"},"image":{"@id":"https:\/\/prefeitosegestoes.com.br\/portal\/saiba-quem-sera-o-presidente-de-cada-comissao-no-senado\/#primaryimage"},"thumbnailUrl":"https:\/\/prefeitosegestoes.com.br\/portal\/wp-content\/uploads\/2025\/02\/0d4a3041.webp","keywords":["Acordo Partid\u00e1rio","Comiss\u00f5es","Presidente","PT","Senado"],"articleSection":["Destaques"],"inLanguage":"pt-BR","potentialAction":[{"@type":"CommentAction","name":"Comment","target":["https:\/\/prefeitosegestoes.com.br\/portal\/saiba-quem-sera-o-presidente-de-cada-comissao-no-senado\/#respond"]}]},{"@type":"WebPage","@id":"https:\/\/prefeitosegestoes.com.br\/portal\/saiba-quem-sera-o-presidente-de-cada-comissao-no-senado\/","url":"https:\/\/prefeitosegestoes.com.br\/portal\/saiba-quem-sera-o-presidente-de-cada-comissao-no-senado\/","name":"Saiba quem ser\u00e1 o presidente de cada comiss\u00e3o no Senado - Prefeitos &amp; Gest\u00f5es","isPartOf":{"@id":"https:\/\/prefeitosegestoes.com.br\/portal\/#website"},"primaryImageOfPage":{"@id":"https:\/\/prefeitosegestoes.com.br\/portal\/saiba-quem-sera-o-presidente-de-cada-comissao-no-senado\/#primaryimage"},"image":{"@id":"https:\/\/prefeitosegestoes.com.br\/portal\/saiba-quem-sera-o-presidente-de-cada-comissao-no-senado\/#primaryimage"},"thumbnailUrl":"https:\/\/prefeitosegestoes.com.br\/portal\/wp-content\/uploads\/2025\/02\/0d4a3041.webp","datePublished":"2025-02-03T12:14:25+00:00","description":"Com a prov\u00e1vel elei\u00e7\u00e3o de Davi Alcolumbre \u00e0 presid\u00eancia do Senado, neste s\u00e1bado (1\u00ba), a\u00a0defini\u00e7\u00e3o dos presidentes das comiss\u00f5es permanentes da Casa\u00a0j\u00e1 est\u00e1 desenhada pelos acordos partid\u00e1rios, salvo algumas exce\u00e7\u00f5es. Mais dois nomes foram apontados:\u00a0Nelsinho Trad\u00a0(PSD-MS) na Comiss\u00e3o de Rela\u00e7\u00f5es Exteriores e\u00a0Fabiano Contarato\u00a0(PT-ES) na Comiss\u00e3o do Meio Ambiente. A distribui\u00e7\u00e3o das vagas envolve acordos feitos em torno dos cargos da Mesa Diretora, das lideran\u00e7as e da proporcionalidade das bancadas.\u00a0","breadcrumb":{"@id":"https:\/\/prefeitosegestoes.com.br\/portal\/saiba-quem-sera-o-presidente-de-cada-comissao-no-senado\/#breadcrumb"},"inLanguage":"pt-BR","potentialAction":[{"@type":"ReadAction","target":["https:\/\/prefeitosegestoes.com.br\/portal\/saiba-quem-sera-o-presidente-de-cada-comissao-no-senado\/"]}]},{"@type":"ImageObject","inLanguage":"pt-BR","@id":"https:\/\/prefeitosegestoes.com.br\/portal\/saiba-quem-sera-o-presidente-de-cada-comissao-no-senado\/#primaryimage","url":"https:\/\/prefeitosegestoes.com.br\/portal\/wp-content\/uploads\/2025\/02\/0d4a3041.webp","contentUrl":"https:\/\/prefeitosegestoes.com.br\/portal\/wp-content\/uploads\/2025\/02\/0d4a3041.webp","width":1024,"height":768},{"@type":"BreadcrumbList","@id":"https:\/\/prefeitosegestoes.com.br\/portal\/saiba-quem-sera-o-presidente-de-cada-comissao-no-senado\/#breadcrumb","itemListElement":[{"@type":"ListItem","position":1,"name":"In\u00edcio","item":"https:\/\/prefeitosegestoes.com.br\/portal\/"},{"@type":"ListItem","position":2,"name":"Saiba quem ser\u00e1 o presidente de cada comiss\u00e3o no Senado"}]},{"@type":"WebSite","@id":"https:\/\/prefeitosegestoes.com.br\/portal\/#website","url":"https:\/\/prefeitosegestoes.com.br\/portal\/","name":"Prefeitos & Gest\u00f5es","description":"","publisher":{"@id":"https:\/\/prefeitosegestoes.com.br\/portal\/#organization"},"potentialAction":[{"@type":"SearchAction","target":{"@type":"EntryPoint","urlTemplate":"https:\/\/prefeitosegestoes.com.br\/portal\/?s={search_term_string}"},"query-input":{"@type":"PropertyValueSpecification","valueRequired":true,"valueName":"search_term_string"}}],"inLanguage":"pt-BR"},{"@type":"Organization","@id":"https:\/\/prefeitosegestoes.com.br\/portal\/#organization","name":"Prefeitos & Gest\u00f5es","url":"https:\/\/prefeitosegestoes.com.br\/portal\/","logo":{"@type":"ImageObject","inLanguage":"pt-BR","@id":"https:\/\/prefeitosegestoes.com.br\/portal\/#\/schema\/logo\/image\/","url":"https:\/\/prefeitosegestoes.com.br\/portal\/wp-content\/uploads\/2024\/10\/lg_trans_prefeitos_2024_preto2.png","contentUrl":"https:\/\/prefeitosegestoes.com.br\/portal\/wp-content\/uploads\/2024\/10\/lg_trans_prefeitos_2024_preto2.png","width":199,"height":122,"caption":"Prefeitos & Gest\u00f5es"},"image":{"@id":"https:\/\/prefeitosegestoes.com.br\/portal\/#\/schema\/logo\/image\/"},"sameAs":["https:\/\/www.facebook.com\/prefeitosonline","https:\/\/x.com\/PrefGestoes"]},{"@type":"Person","@id":"https:\/\/prefeitosegestoes.com.br\/portal\/#\/schema\/person\/d00059f2ec99963e7e1850d448ae94b8","name":"Prefeitos &amp; Gest\u00f5es","image":{"@type":"ImageObject","inLanguage":"pt-BR","@id":"https:\/\/secure.gravatar.com\/avatar\/738fb281e479212ed32c1a21a4307dda9f3af9292edb6918a16c9ce9fff5f48d?s=96&d=mm&r=g","url":"https:\/\/secure.gravatar.com\/avatar\/738fb281e479212ed32c1a21a4307dda9f3af9292edb6918a16c9ce9fff5f48d?s=96&d=mm&r=g","contentUrl":"https:\/\/secure.gravatar.com\/avatar\/738fb281e479212ed32c1a21a4307dda9f3af9292edb6918a16c9ce9fff5f48d?s=96&d=mm&r=g","caption":"Prefeitos &amp; Gest\u00f5es"},"url":"https:\/\/prefeitosegestoes.com.br\/portal\/author\/prefeitosegestoes\/"}]}},"_links":{"self":[{"href":"https:\/\/prefeitosegestoes.com.br\/portal\/wp-json\/wp\/v2\/posts\/3077","targetHints":{"allow":["GET"]}}],"collection":[{"href":"https:\/\/prefeitosegestoes.com.br\/portal\/wp-json\/wp\/v2\/posts"}],"about":[{"href":"https:\/\/prefeitosegestoes.com.br\/portal\/wp-json\/wp\/v2\/types\/post"}],"author":[{"embeddable":true,"href":"https:\/\/prefeitosegestoes.com.br\/portal\/wp-json\/wp\/v2\/users\/2"}],"replies":[{"embeddable":true,"href":"https:\/\/prefeitosegestoes.com.br\/portal\/wp-json\/wp\/v2\/comments?post=3077"}],"version-history":[{"count":1,"href":"https:\/\/prefeitosegestoes.com.br\/portal\/wp-json\/wp\/v2\/posts\/3077\/revisions"}],"predecessor-version":[{"id":3079,"href":"https:\/\/prefeitosegestoes.com.br\/portal\/wp-json\/wp\/v2\/posts\/3077\/revisions\/3079"}],"wp:featuredmedia":[{"embeddable":true,"href":"https:\/\/prefeitosegestoes.com.br\/portal\/wp-json\/wp\/v2\/media\/3078"}],"wp:attachment":[{"href":"https:\/\/prefeitosegestoes.com.br\/portal\/wp-json\/wp\/v2\/media?parent=3077"}],"wp:term":[{"taxonomy":"category","embeddable":true,"href":"https:\/\/prefeitosegestoes.com.br\/portal\/wp-json\/wp\/v2\/categories?post=3077"},{"taxonomy":"post_tag","embeddable":true,"href":"https:\/\/prefeitosegestoes.com.br\/portal\/wp-json\/wp\/v2\/tags?post=3077"}],"curies":[{"name":"wp","href":"https:\/\/api.w.org\/{rel}","templated":true}]}}