{"id":3013,"date":"2025-01-15T18:16:28","date_gmt":"2025-01-15T21:16:28","guid":{"rendered":"https:\/\/prefeitosegestoes.com.br\/portal\/?p=3013"},"modified":"2025-01-15T18:16:28","modified_gmt":"2025-01-15T21:16:28","slug":"conheca-o-perfil-dos-prefeitos-e-o-novo-mapa-do-poder-no-pais","status":"publish","type":"post","link":"https:\/\/prefeitosegestoes.com.br\/portal\/conheca-o-perfil-dos-prefeitos-e-o-novo-mapa-do-poder-no-pais\/","title":{"rendered":"Conhe\u00e7a o perfil dos prefeitos e o novo mapa do poder no pa\u00eds"},"content":{"rendered":"<p class=\"first-paragraph\">Homem branco, casado, com ensino superior completo e idade entre 40 e 49 anos, filiado a partido de centro ou direita. Esse \u00e9 o perfil m\u00e9dio dos prefeitos que assumem seus postos nesta quarta-feira (1\u00ba) em todo o Brasil. O retrato n\u00e3o difere das elei\u00e7\u00f5es anteriores e confirma a hist\u00f3rica\u00a0<a href=\"https:\/\/congressoemfoco.uol.com.br\/area\/congresso-nacional\/novo-relatorio-do-codigo-eleitoral-preve-reserva-de-20-das-cadeiras-para-mulheres\/\">desigualdade de g\u00eanero<\/a>\u00a0e<a href=\"https:\/\/congressoemfoco.uol.com.br\/tag\/negros\/\">\u00a0ra\u00e7a<\/a>\u00a0na ocupa\u00e7\u00e3o de cargos eletivos no pa\u00eds e o avan\u00e7o de legendas mais conservadoras.<\/p>\n<p>A nova composi\u00e7\u00e3o das prefeituras escancara, no entanto,<a href=\"https:\/\/congressoemfoco.uol.com.br\/area\/pais\/esquerda-vence-menor-numero-de-prefeituras-em-20-anos\/\">\u00a0a maior derrota eleitoral da esquerda nos \u00faltimos 20 anos<\/a>. Embora o PT tenha melhorado seu desempenho em rela\u00e7\u00e3o a 2020, partidos do seu espectro ideol\u00f3gico v\u00e3o comandar cerca de 750 prefeituras. Enquanto isso, partidos de direita e centro direita elegeram mais de 4,5 mil prefeitos.<\/p>\n<p>Nas capitais, a derrota da esquerda tamb\u00e9m foi acachapante: apenas<a href=\"https:\/\/congressoemfoco.uol.com.br\/area\/pais\/joao-campos-e-reeleito-prefeito-de-recife-com-ampla-vantagem\/\">\u00a0Jo\u00e3o Campos<\/a>\u00a0(PSB), em Recife, e\u00a0<a href=\"https:\/\/congressoemfoco.uol.com.br\/area\/pais\/pt-vence-bolsonarista-em-fortaleza-e-volta-a-comandar-uma-capital\/\">Evandro Leit\u00e3o<\/a>\u00a0(PT), em Fortaleza, v\u00e3o comandar as cidades mais importantes de seus estados. \u00c9 o pior resultado para esse campo pol\u00edtico desde a volta das elei\u00e7\u00f5es diretas para prefeito, em 1985, quando havia conquistado quatro capitais. N\u00famero repetido em outras disputas eleitorais. Ainda assim, houve um avan\u00e7o para os petistas, que n\u00e3o haviam vencido em nenhuma cidade desse porte em 2020, e viram aumentar o seu n\u00famero de prefeitos, de 183 para 252.<\/p>\n<div class=\"my-25 my-lg-50 pt-10 pt-lg-30\">Fonte: Congresso em Foco<\/div>\n","protected":false},"excerpt":{"rendered":"<p>Homem branco, casado, com ensino superior completo e idade entre 40 e 49 anos, filiado a partido de centro ou direita. Esse \u00e9 o perfil m\u00e9dio dos prefeitos que assumem seus postos nesta quarta-feira (1\u00ba) em todo o Brasil. O retrato n\u00e3o difere das elei\u00e7\u00f5es anteriores e confirma a hist\u00f3rica\u00a0desigualdade de g\u00eanero\u00a0e\u00a0ra\u00e7a\u00a0na ocupa\u00e7\u00e3o de cargos [&hellip;]<\/p>\n","protected":false},"author":2,"featured_media":3015,"comment_status":"open","ping_status":"open","sticky":false,"template":"","format":"standard","meta":{"rop_custom_images_group":[],"rop_custom_messages_group":[],"rop_publish_now":"initial","rop_publish_now_accounts":{"twitter_850042665852968960_850042665852968960":""},"rop_publish_now_history":[],"rop_publish_now_status":"pending","footnotes":""},"categories":[9,1],"tags":[122,123,405,316],"class_list":["post-3013","post","type-post","status-publish","format-standard","has-post-thumbnail","hentry","category-municipios","category-sem-categoria","tag-cidades","tag-municipios","tag-perfil","tag-prefeitos"],"yoast_head":"<!-- This site is optimized with the Yoast SEO plugin v27.2 - https:\/\/yoast.com\/product\/yoast-seo-wordpress\/ -->\n<title>Conhe\u00e7a o perfil dos prefeitos e o novo mapa do poder no pa\u00eds - Prefeitos &amp; Gest\u00f5es<\/title>\n<meta name=\"description\" content=\"Homem branco, casado, com ensino superior completo e idade entre 40 e 49 anos, filiado a partido de centro ou direita. Esse \u00e9 o perfil m\u00e9dio dos prefeitos que assumem seus postos nesta quarta-feira (1\u00ba) em todo o Brasil.\" \/>\n<meta name=\"robots\" content=\"index, follow, max-snippet:-1, max-image-preview:large, max-video-preview:-1\" \/>\n<link rel=\"canonical\" href=\"https:\/\/prefeitosegestoes.com.br\/portal\/conheca-o-perfil-dos-prefeitos-e-o-novo-mapa-do-poder-no-pais\/\" \/>\n<meta property=\"og:locale\" content=\"pt_BR\" \/>\n<meta property=\"og:type\" content=\"article\" \/>\n<meta property=\"og:title\" content=\"Conhe\u00e7a o perfil dos prefeitos e o novo mapa do poder no pa\u00eds - Prefeitos &amp; Gest\u00f5es\" \/>\n<meta property=\"og:description\" content=\"Homem branco, casado, com ensino superior completo e idade entre 40 e 49 anos, filiado a partido de centro ou direita. Esse \u00e9 o perfil m\u00e9dio dos prefeitos que assumem seus postos nesta quarta-feira (1\u00ba) em todo o Brasil.\" \/>\n<meta property=\"og:url\" content=\"https:\/\/prefeitosegestoes.com.br\/portal\/conheca-o-perfil-dos-prefeitos-e-o-novo-mapa-do-poder-no-pais\/\" \/>\n<meta property=\"og:site_name\" content=\"Prefeitos &amp; Gest\u00f5es\" \/>\n<meta property=\"article:publisher\" content=\"https:\/\/www.facebook.com\/prefeitosonline\" \/>\n<meta property=\"article:published_time\" content=\"2025-01-15T21:16:28+00:00\" \/>\n<meta property=\"og:image\" content=\"https:\/\/prefeitosegestoes.com.br\/portal\/wp-content\/uploads\/2025\/01\/posse_prefeito_01-1.webp\" \/>\n\t<meta property=\"og:image:width\" content=\"1024\" \/>\n\t<meta property=\"og:image:height\" content=\"768\" \/>\n\t<meta property=\"og:image:type\" content=\"image\/webp\" \/>\n<meta name=\"author\" content=\"Prefeitos &amp; Gest\u00f5es\" \/>\n<meta name=\"twitter:card\" content=\"summary_large_image\" \/>\n<meta name=\"twitter:creator\" content=\"@PrefGestoes\" \/>\n<meta name=\"twitter:site\" content=\"@PrefGestoes\" \/>\n<meta name=\"twitter:label1\" content=\"Escrito por\" \/>\n\t<meta name=\"twitter:data1\" content=\"Prefeitos &amp; Gest\u00f5es\" \/>\n\t<meta name=\"twitter:label2\" content=\"Est. tempo de leitura\" \/>\n\t<meta name=\"twitter:data2\" content=\"2 minutos\" \/>\n<script type=\"application\/ld+json\" class=\"yoast-schema-graph\">{\"@context\":\"https:\/\/schema.org\",\"@graph\":[{\"@type\":\"Article\",\"@id\":\"https:\/\/prefeitosegestoes.com.br\/portal\/conheca-o-perfil-dos-prefeitos-e-o-novo-mapa-do-poder-no-pais\/#article\",\"isPartOf\":{\"@id\":\"https:\/\/prefeitosegestoes.com.br\/portal\/conheca-o-perfil-dos-prefeitos-e-o-novo-mapa-do-poder-no-pais\/\"},\"author\":{\"name\":\"Prefeitos &amp; Gest\u00f5es\",\"@id\":\"https:\/\/prefeitosegestoes.com.br\/portal\/#\/schema\/person\/d00059f2ec99963e7e1850d448ae94b8\"},\"headline\":\"Conhe\u00e7a o perfil dos prefeitos e o novo mapa do poder no pa\u00eds\",\"datePublished\":\"2025-01-15T21:16:28+00:00\",\"mainEntityOfPage\":{\"@id\":\"https:\/\/prefeitosegestoes.com.br\/portal\/conheca-o-perfil-dos-prefeitos-e-o-novo-mapa-do-poder-no-pais\/\"},\"wordCount\":242,\"commentCount\":0,\"publisher\":{\"@id\":\"https:\/\/prefeitosegestoes.com.br\/portal\/#organization\"},\"image\":{\"@id\":\"https:\/\/prefeitosegestoes.com.br\/portal\/conheca-o-perfil-dos-prefeitos-e-o-novo-mapa-do-poder-no-pais\/#primaryimage\"},\"thumbnailUrl\":\"https:\/\/prefeitosegestoes.com.br\/portal\/wp-content\/uploads\/2025\/01\/posse_prefeito_01-1.webp\",\"keywords\":[\"Cidades\",\"Munic\u00edpios\",\"Perfil\",\"prefeitos\"],\"articleSection\":[\"Munic\u00edpios\"],\"inLanguage\":\"pt-BR\",\"potentialAction\":[{\"@type\":\"CommentAction\",\"name\":\"Comment\",\"target\":[\"https:\/\/prefeitosegestoes.com.br\/portal\/conheca-o-perfil-dos-prefeitos-e-o-novo-mapa-do-poder-no-pais\/#respond\"]}]},{\"@type\":\"WebPage\",\"@id\":\"https:\/\/prefeitosegestoes.com.br\/portal\/conheca-o-perfil-dos-prefeitos-e-o-novo-mapa-do-poder-no-pais\/\",\"url\":\"https:\/\/prefeitosegestoes.com.br\/portal\/conheca-o-perfil-dos-prefeitos-e-o-novo-mapa-do-poder-no-pais\/\",\"name\":\"Conhe\u00e7a o perfil dos prefeitos e o novo mapa do poder no pa\u00eds - Prefeitos &amp; Gest\u00f5es\",\"isPartOf\":{\"@id\":\"https:\/\/prefeitosegestoes.com.br\/portal\/#website\"},\"primaryImageOfPage\":{\"@id\":\"https:\/\/prefeitosegestoes.com.br\/portal\/conheca-o-perfil-dos-prefeitos-e-o-novo-mapa-do-poder-no-pais\/#primaryimage\"},\"image\":{\"@id\":\"https:\/\/prefeitosegestoes.com.br\/portal\/conheca-o-perfil-dos-prefeitos-e-o-novo-mapa-do-poder-no-pais\/#primaryimage\"},\"thumbnailUrl\":\"https:\/\/prefeitosegestoes.com.br\/portal\/wp-content\/uploads\/2025\/01\/posse_prefeito_01-1.webp\",\"datePublished\":\"2025-01-15T21:16:28+00:00\",\"description\":\"Homem branco, casado, com ensino superior completo e idade entre 40 e 49 anos, filiado a partido de centro ou direita. Esse \u00e9 o perfil m\u00e9dio dos prefeitos que assumem seus postos nesta quarta-feira (1\u00ba) em todo o Brasil.\",\"breadcrumb\":{\"@id\":\"https:\/\/prefeitosegestoes.com.br\/portal\/conheca-o-perfil-dos-prefeitos-e-o-novo-mapa-do-poder-no-pais\/#breadcrumb\"},\"inLanguage\":\"pt-BR\",\"potentialAction\":[{\"@type\":\"ReadAction\",\"target\":[\"https:\/\/prefeitosegestoes.com.br\/portal\/conheca-o-perfil-dos-prefeitos-e-o-novo-mapa-do-poder-no-pais\/\"]}]},{\"@type\":\"ImageObject\",\"inLanguage\":\"pt-BR\",\"@id\":\"https:\/\/prefeitosegestoes.com.br\/portal\/conheca-o-perfil-dos-prefeitos-e-o-novo-mapa-do-poder-no-pais\/#primaryimage\",\"url\":\"https:\/\/prefeitosegestoes.com.br\/portal\/wp-content\/uploads\/2025\/01\/posse_prefeito_01-1.webp\",\"contentUrl\":\"https:\/\/prefeitosegestoes.com.br\/portal\/wp-content\/uploads\/2025\/01\/posse_prefeito_01-1.webp\",\"width\":1024,\"height\":768},{\"@type\":\"BreadcrumbList\",\"@id\":\"https:\/\/prefeitosegestoes.com.br\/portal\/conheca-o-perfil-dos-prefeitos-e-o-novo-mapa-do-poder-no-pais\/#breadcrumb\",\"itemListElement\":[{\"@type\":\"ListItem\",\"position\":1,\"name\":\"In\u00edcio\",\"item\":\"https:\/\/prefeitosegestoes.com.br\/portal\/\"},{\"@type\":\"ListItem\",\"position\":2,\"name\":\"Conhe\u00e7a o perfil dos prefeitos e o novo mapa do poder no pa\u00eds\"}]},{\"@type\":\"WebSite\",\"@id\":\"https:\/\/prefeitosegestoes.com.br\/portal\/#website\",\"url\":\"https:\/\/prefeitosegestoes.com.br\/portal\/\",\"name\":\"Prefeitos & Gest\u00f5es\",\"description\":\"\",\"publisher\":{\"@id\":\"https:\/\/prefeitosegestoes.com.br\/portal\/#organization\"},\"potentialAction\":[{\"@type\":\"SearchAction\",\"target\":{\"@type\":\"EntryPoint\",\"urlTemplate\":\"https:\/\/prefeitosegestoes.com.br\/portal\/?s={search_term_string}\"},\"query-input\":{\"@type\":\"PropertyValueSpecification\",\"valueRequired\":true,\"valueName\":\"search_term_string\"}}],\"inLanguage\":\"pt-BR\"},{\"@type\":\"Organization\",\"@id\":\"https:\/\/prefeitosegestoes.com.br\/portal\/#organization\",\"name\":\"Prefeitos & Gest\u00f5es\",\"url\":\"https:\/\/prefeitosegestoes.com.br\/portal\/\",\"logo\":{\"@type\":\"ImageObject\",\"inLanguage\":\"pt-BR\",\"@id\":\"https:\/\/prefeitosegestoes.com.br\/portal\/#\/schema\/logo\/image\/\",\"url\":\"https:\/\/prefeitosegestoes.com.br\/portal\/wp-content\/uploads\/2024\/10\/lg_trans_prefeitos_2024_preto2.png\",\"contentUrl\":\"https:\/\/prefeitosegestoes.com.br\/portal\/wp-content\/uploads\/2024\/10\/lg_trans_prefeitos_2024_preto2.png\",\"width\":199,\"height\":122,\"caption\":\"Prefeitos & Gest\u00f5es\"},\"image\":{\"@id\":\"https:\/\/prefeitosegestoes.com.br\/portal\/#\/schema\/logo\/image\/\"},\"sameAs\":[\"https:\/\/www.facebook.com\/prefeitosonline\",\"https:\/\/x.com\/PrefGestoes\"]},{\"@type\":\"Person\",\"@id\":\"https:\/\/prefeitosegestoes.com.br\/portal\/#\/schema\/person\/d00059f2ec99963e7e1850d448ae94b8\",\"name\":\"Prefeitos &amp; Gest\u00f5es\",\"image\":{\"@type\":\"ImageObject\",\"inLanguage\":\"pt-BR\",\"@id\":\"https:\/\/secure.gravatar.com\/avatar\/738fb281e479212ed32c1a21a4307dda9f3af9292edb6918a16c9ce9fff5f48d?s=96&d=mm&r=g\",\"url\":\"https:\/\/secure.gravatar.com\/avatar\/738fb281e479212ed32c1a21a4307dda9f3af9292edb6918a16c9ce9fff5f48d?s=96&d=mm&r=g\",\"contentUrl\":\"https:\/\/secure.gravatar.com\/avatar\/738fb281e479212ed32c1a21a4307dda9f3af9292edb6918a16c9ce9fff5f48d?s=96&d=mm&r=g\",\"caption\":\"Prefeitos &amp; Gest\u00f5es\"},\"url\":\"https:\/\/prefeitosegestoes.com.br\/portal\/author\/prefeitosegestoes\/\"}]}<\/script>\n<!-- \/ Yoast SEO plugin. -->","yoast_head_json":{"title":"Conhe\u00e7a o perfil dos prefeitos e o novo mapa do poder no pa\u00eds - Prefeitos &amp; Gest\u00f5es","description":"Homem branco, casado, com ensino superior completo e idade entre 40 e 49 anos, filiado a partido de centro ou direita. Esse \u00e9 o perfil m\u00e9dio dos prefeitos que assumem seus postos nesta quarta-feira (1\u00ba) em todo o Brasil.","robots":{"index":"index","follow":"follow","max-snippet":"max-snippet:-1","max-image-preview":"max-image-preview:large","max-video-preview":"max-video-preview:-1"},"canonical":"https:\/\/prefeitosegestoes.com.br\/portal\/conheca-o-perfil-dos-prefeitos-e-o-novo-mapa-do-poder-no-pais\/","og_locale":"pt_BR","og_type":"article","og_title":"Conhe\u00e7a o perfil dos prefeitos e o novo mapa do poder no pa\u00eds - Prefeitos &amp; Gest\u00f5es","og_description":"Homem branco, casado, com ensino superior completo e idade entre 40 e 49 anos, filiado a partido de centro ou direita. Esse \u00e9 o perfil m\u00e9dio dos prefeitos que assumem seus postos nesta quarta-feira (1\u00ba) em todo o Brasil.","og_url":"https:\/\/prefeitosegestoes.com.br\/portal\/conheca-o-perfil-dos-prefeitos-e-o-novo-mapa-do-poder-no-pais\/","og_site_name":"Prefeitos &amp; Gest\u00f5es","article_publisher":"https:\/\/www.facebook.com\/prefeitosonline","article_published_time":"2025-01-15T21:16:28+00:00","og_image":[{"width":1024,"height":768,"url":"https:\/\/prefeitosegestoes.com.br\/portal\/wp-content\/uploads\/2025\/01\/posse_prefeito_01-1.webp","type":"image\/webp"}],"author":"Prefeitos &amp; Gest\u00f5es","twitter_card":"summary_large_image","twitter_creator":"@PrefGestoes","twitter_site":"@PrefGestoes","twitter_misc":{"Escrito por":"Prefeitos &amp; Gest\u00f5es","Est. tempo de leitura":"2 minutos"},"schema":{"@context":"https:\/\/schema.org","@graph":[{"@type":"Article","@id":"https:\/\/prefeitosegestoes.com.br\/portal\/conheca-o-perfil-dos-prefeitos-e-o-novo-mapa-do-poder-no-pais\/#article","isPartOf":{"@id":"https:\/\/prefeitosegestoes.com.br\/portal\/conheca-o-perfil-dos-prefeitos-e-o-novo-mapa-do-poder-no-pais\/"},"author":{"name":"Prefeitos &amp; Gest\u00f5es","@id":"https:\/\/prefeitosegestoes.com.br\/portal\/#\/schema\/person\/d00059f2ec99963e7e1850d448ae94b8"},"headline":"Conhe\u00e7a o perfil dos prefeitos e o novo mapa do poder no pa\u00eds","datePublished":"2025-01-15T21:16:28+00:00","mainEntityOfPage":{"@id":"https:\/\/prefeitosegestoes.com.br\/portal\/conheca-o-perfil-dos-prefeitos-e-o-novo-mapa-do-poder-no-pais\/"},"wordCount":242,"commentCount":0,"publisher":{"@id":"https:\/\/prefeitosegestoes.com.br\/portal\/#organization"},"image":{"@id":"https:\/\/prefeitosegestoes.com.br\/portal\/conheca-o-perfil-dos-prefeitos-e-o-novo-mapa-do-poder-no-pais\/#primaryimage"},"thumbnailUrl":"https:\/\/prefeitosegestoes.com.br\/portal\/wp-content\/uploads\/2025\/01\/posse_prefeito_01-1.webp","keywords":["Cidades","Munic\u00edpios","Perfil","prefeitos"],"articleSection":["Munic\u00edpios"],"inLanguage":"pt-BR","potentialAction":[{"@type":"CommentAction","name":"Comment","target":["https:\/\/prefeitosegestoes.com.br\/portal\/conheca-o-perfil-dos-prefeitos-e-o-novo-mapa-do-poder-no-pais\/#respond"]}]},{"@type":"WebPage","@id":"https:\/\/prefeitosegestoes.com.br\/portal\/conheca-o-perfil-dos-prefeitos-e-o-novo-mapa-do-poder-no-pais\/","url":"https:\/\/prefeitosegestoes.com.br\/portal\/conheca-o-perfil-dos-prefeitos-e-o-novo-mapa-do-poder-no-pais\/","name":"Conhe\u00e7a o perfil dos prefeitos e o novo mapa do poder no pa\u00eds - Prefeitos &amp; Gest\u00f5es","isPartOf":{"@id":"https:\/\/prefeitosegestoes.com.br\/portal\/#website"},"primaryImageOfPage":{"@id":"https:\/\/prefeitosegestoes.com.br\/portal\/conheca-o-perfil-dos-prefeitos-e-o-novo-mapa-do-poder-no-pais\/#primaryimage"},"image":{"@id":"https:\/\/prefeitosegestoes.com.br\/portal\/conheca-o-perfil-dos-prefeitos-e-o-novo-mapa-do-poder-no-pais\/#primaryimage"},"thumbnailUrl":"https:\/\/prefeitosegestoes.com.br\/portal\/wp-content\/uploads\/2025\/01\/posse_prefeito_01-1.webp","datePublished":"2025-01-15T21:16:28+00:00","description":"Homem branco, casado, com ensino superior completo e idade entre 40 e 49 anos, filiado a partido de centro ou direita. Esse \u00e9 o perfil m\u00e9dio dos prefeitos que assumem seus postos nesta quarta-feira (1\u00ba) em todo o Brasil.","breadcrumb":{"@id":"https:\/\/prefeitosegestoes.com.br\/portal\/conheca-o-perfil-dos-prefeitos-e-o-novo-mapa-do-poder-no-pais\/#breadcrumb"},"inLanguage":"pt-BR","potentialAction":[{"@type":"ReadAction","target":["https:\/\/prefeitosegestoes.com.br\/portal\/conheca-o-perfil-dos-prefeitos-e-o-novo-mapa-do-poder-no-pais\/"]}]},{"@type":"ImageObject","inLanguage":"pt-BR","@id":"https:\/\/prefeitosegestoes.com.br\/portal\/conheca-o-perfil-dos-prefeitos-e-o-novo-mapa-do-poder-no-pais\/#primaryimage","url":"https:\/\/prefeitosegestoes.com.br\/portal\/wp-content\/uploads\/2025\/01\/posse_prefeito_01-1.webp","contentUrl":"https:\/\/prefeitosegestoes.com.br\/portal\/wp-content\/uploads\/2025\/01\/posse_prefeito_01-1.webp","width":1024,"height":768},{"@type":"BreadcrumbList","@id":"https:\/\/prefeitosegestoes.com.br\/portal\/conheca-o-perfil-dos-prefeitos-e-o-novo-mapa-do-poder-no-pais\/#breadcrumb","itemListElement":[{"@type":"ListItem","position":1,"name":"In\u00edcio","item":"https:\/\/prefeitosegestoes.com.br\/portal\/"},{"@type":"ListItem","position":2,"name":"Conhe\u00e7a o perfil dos prefeitos e o novo mapa do poder no pa\u00eds"}]},{"@type":"WebSite","@id":"https:\/\/prefeitosegestoes.com.br\/portal\/#website","url":"https:\/\/prefeitosegestoes.com.br\/portal\/","name":"Prefeitos & Gest\u00f5es","description":"","publisher":{"@id":"https:\/\/prefeitosegestoes.com.br\/portal\/#organization"},"potentialAction":[{"@type":"SearchAction","target":{"@type":"EntryPoint","urlTemplate":"https:\/\/prefeitosegestoes.com.br\/portal\/?s={search_term_string}"},"query-input":{"@type":"PropertyValueSpecification","valueRequired":true,"valueName":"search_term_string"}}],"inLanguage":"pt-BR"},{"@type":"Organization","@id":"https:\/\/prefeitosegestoes.com.br\/portal\/#organization","name":"Prefeitos & Gest\u00f5es","url":"https:\/\/prefeitosegestoes.com.br\/portal\/","logo":{"@type":"ImageObject","inLanguage":"pt-BR","@id":"https:\/\/prefeitosegestoes.com.br\/portal\/#\/schema\/logo\/image\/","url":"https:\/\/prefeitosegestoes.com.br\/portal\/wp-content\/uploads\/2024\/10\/lg_trans_prefeitos_2024_preto2.png","contentUrl":"https:\/\/prefeitosegestoes.com.br\/portal\/wp-content\/uploads\/2024\/10\/lg_trans_prefeitos_2024_preto2.png","width":199,"height":122,"caption":"Prefeitos & Gest\u00f5es"},"image":{"@id":"https:\/\/prefeitosegestoes.com.br\/portal\/#\/schema\/logo\/image\/"},"sameAs":["https:\/\/www.facebook.com\/prefeitosonline","https:\/\/x.com\/PrefGestoes"]},{"@type":"Person","@id":"https:\/\/prefeitosegestoes.com.br\/portal\/#\/schema\/person\/d00059f2ec99963e7e1850d448ae94b8","name":"Prefeitos &amp; Gest\u00f5es","image":{"@type":"ImageObject","inLanguage":"pt-BR","@id":"https:\/\/secure.gravatar.com\/avatar\/738fb281e479212ed32c1a21a4307dda9f3af9292edb6918a16c9ce9fff5f48d?s=96&d=mm&r=g","url":"https:\/\/secure.gravatar.com\/avatar\/738fb281e479212ed32c1a21a4307dda9f3af9292edb6918a16c9ce9fff5f48d?s=96&d=mm&r=g","contentUrl":"https:\/\/secure.gravatar.com\/avatar\/738fb281e479212ed32c1a21a4307dda9f3af9292edb6918a16c9ce9fff5f48d?s=96&d=mm&r=g","caption":"Prefeitos &amp; Gest\u00f5es"},"url":"https:\/\/prefeitosegestoes.com.br\/portal\/author\/prefeitosegestoes\/"}]}},"_links":{"self":[{"href":"https:\/\/prefeitosegestoes.com.br\/portal\/wp-json\/wp\/v2\/posts\/3013","targetHints":{"allow":["GET"]}}],"collection":[{"href":"https:\/\/prefeitosegestoes.com.br\/portal\/wp-json\/wp\/v2\/posts"}],"about":[{"href":"https:\/\/prefeitosegestoes.com.br\/portal\/wp-json\/wp\/v2\/types\/post"}],"author":[{"embeddable":true,"href":"https:\/\/prefeitosegestoes.com.br\/portal\/wp-json\/wp\/v2\/users\/2"}],"replies":[{"embeddable":true,"href":"https:\/\/prefeitosegestoes.com.br\/portal\/wp-json\/wp\/v2\/comments?post=3013"}],"version-history":[{"count":1,"href":"https:\/\/prefeitosegestoes.com.br\/portal\/wp-json\/wp\/v2\/posts\/3013\/revisions"}],"predecessor-version":[{"id":3016,"href":"https:\/\/prefeitosegestoes.com.br\/portal\/wp-json\/wp\/v2\/posts\/3013\/revisions\/3016"}],"wp:featuredmedia":[{"embeddable":true,"href":"https:\/\/prefeitosegestoes.com.br\/portal\/wp-json\/wp\/v2\/media\/3015"}],"wp:attachment":[{"href":"https:\/\/prefeitosegestoes.com.br\/portal\/wp-json\/wp\/v2\/media?parent=3013"}],"wp:term":[{"taxonomy":"category","embeddable":true,"href":"https:\/\/prefeitosegestoes.com.br\/portal\/wp-json\/wp\/v2\/categories?post=3013"},{"taxonomy":"post_tag","embeddable":true,"href":"https:\/\/prefeitosegestoes.com.br\/portal\/wp-json\/wp\/v2\/tags?post=3013"}],"curies":[{"name":"wp","href":"https:\/\/api.w.org\/{rel}","templated":true}]}}