{"id":2974,"date":"2025-01-06T09:21:29","date_gmt":"2025-01-06T12:21:29","guid":{"rendered":"https:\/\/prefeitosegestoes.com.br\/portal\/?p=2974"},"modified":"2025-01-06T09:21:29","modified_gmt":"2025-01-06T12:21:29","slug":"promessas-dos-prefeitos-das-capitais-que-o-g1-vai-acompanhar-hospitais-creches-transporte","status":"publish","type":"post","link":"https:\/\/prefeitosegestoes.com.br\/portal\/promessas-dos-prefeitos-das-capitais-que-o-g1-vai-acompanhar-hospitais-creches-transporte\/","title":{"rendered":"Promessas dos prefeitos das capitais que o g1 vai acompanhar: Hospitais, creches, transporte&#8230;"},"content":{"rendered":"<div class=\"mc-article-header\">\n<div class=\"row content-head mc-column non-featured \">\n<div class=\"title\" data-block-type=\"title\" data-block-id=\"0\">\n<h6 class=\"content-head__title\">Posse do prefeito Ricardo Nunes, capital SP<\/h6>\n<h6 class=\"content-head__title\">Foto:Paulo Pinto\/Ag\u00eancia Brasil<\/h6>\n<\/div>\n<div class=\"medium-centered subtitle\">\n<h2 class=\"content-head__subtitle\">Dezenas de jornalistas pelo pa\u00eds documentaram 464 compromissos firmados pelos prefeitos durante a campanha eleitoral de 2024. Promessas v\u00e3o ser monitoradas ao longo do mandato de 2025 a 2028.<\/h2>\n<\/div>\n<\/div>\n<div><\/div>\n<div class=\"content__signa-share mc-column\">\n<div class=\"content__signature\">\n<div class=\"content-publication-data\">\n<div class=\"content-publication-data__text\">\n<p class=\"content-publication-data__from\" title=\"Cau Rodrigues\">Por\u00a0<a class=\"multi_signatures\" href=\"https:\/\/g1.globo.com\/autores\/cau-rodrigues\/\">Cau Rodrigues<\/a>, g1\u00a0\u2014 S\u00e3o Paulo<\/p>\n<p class=\"content-publication-data__updated\"><time datetime=\"2025-01-06T00:05:15.548-03:00\">06\/01\/2025 00h05\u00a0<\/time><span class=\"content-publication-data__updated-relative\">\u00a0<time datetime=\"2025-01-06T00:07:32.555-03:00\">Atualizado\u00a0<time datetime=\"2025-01-06T00:07:32.555-03:00\">h\u00e1 9 horas<\/time><\/time><\/span><\/p>\n<\/div>\n<\/div>\n<\/div>\n<\/div>\n<\/div>\n<div class=\"mc-article-body\">\n<article>\n<div id=\"chunk-6uv2k\">\n<div class=\"bs-video-block mc-column   content-media content-video\" data-block-type=\"backstage-video\" data-block-id=\"2\">\n<div class=\"content-media__container\">\n<p class=\"content-media__description\">As promessas dos pol\u00edticos<\/p>\n<\/div>\n<\/div>\n<\/div>\n<div id=\"chunk-93em\">\n<div class=\"mc-column content-text active-extra-styles \" data-block-type=\"unstyled\" data-block-weight=\"45\" data-block-id=\"3\">\n<p class=\" content-text__container \" data-track-category=\"Link no Texto\" data-track-links=\"\" data-mrf-recirculation=\"Mat\u00e9ria - Links no Texto\">Os prefeitos eleitos nas capitais em 2024 ter\u00e3o pela frente um mandato de quatro anos \u2013 que come\u00e7ou em 1\u00ba de janeiro de 2025 e termina em 31 de dezembro de 2028 \u2013 para cumprir as promessas que foram feitas durante a campanha eleitoral.<\/p>\n<\/div>\n<\/div>\n<div class=\"wall protected-content\">\n<div id=\"chunk-2giju\">\n<div class=\"mc-column content-text active-extra-styles \" data-block-type=\"unstyled\" data-block-weight=\"24\" data-block-id=\"5\">\n<p class=\" content-text__container \" data-track-category=\"Link no Texto\" data-track-links=\"\" data-mrf-recirculation=\"Mat\u00e9ria - Links no Texto\">O\u00a0<a class=\"\" href=\"http:\/\/g1.com.br\/\" target=\"_blank\" rel=\"noopener\" data-mrf-link=\"http:\/\/g1.com.br\/\"><strong>g1<\/strong><\/a><strong>\u00a0<\/strong>vai monitorar\u00a0<strong>464<\/strong>\u00a0compromissos que podem ser claramente medidos e cobrados, considerando a relev\u00e2ncia deles e o impacto na vida dos cidad\u00e3os.<\/p>\n<\/div>\n<\/div>\n<div id=\"chunk-2m6c9\">\n<div class=\"mc-column content-text active-extra-styles \" data-block-type=\"unstyled\" data-block-weight=\"8\" data-block-id=\"6\">\n<p class=\" content-text__container \" data-track-category=\"Link no Texto\" data-track-links=\"\" data-mrf-recirculation=\"Mat\u00e9ria - Links no Texto\">As categorias com maior n\u00famero de promessas s\u00e3o:<\/p>\n<\/div>\n<\/div>\n<div id=\"chunk-52n8r\">\n<div class=\"mc-column content-text active-extra-styles\" data-block-type=\"raw\" data-block-weight=\"208\" data-block-id=\"7\">\n<ul class=\"content-unordered-list\">\n<li><strong>Sa\u00fade<\/strong>: entre os temas das promessas que ser\u00e3o monitoradas na \u00e1rea de Sa\u00fade, est\u00e3o a constru\u00e7\u00e3o de hospitais \u2013 12 prefeitos fizeram essa promessa \u2013, de Unidades de Pronto Atendimento (UPA) e de Unidades B\u00e1sicas de Sa\u00fade (UBS).<\/li>\n<li><strong>Educa\u00e7\u00e3o e Cultura<\/strong>: a constru\u00e7\u00e3o de novas creches e escolas foi o compromisso na \u00e1rea de Educa\u00e7\u00e3o citado em 10 capitais. Tamb\u00e9m foram 10 os prefeitos que prometeram ampliar o ensino em tempo integral.<\/li>\n<li><strong>Mobilidade urbana<\/strong>: aumentar a frota de \u00f4nibus foi uma promessa feita por 5 prefeitos. Al\u00e9m disso, em 5 capitais foram feitas promessas de congelar ou reduzir o pre\u00e7o da passagem.<\/li>\n<li><strong>Economia<\/strong>: prefeitos eleitos prometeram, durante a campanha, investir na gera\u00e7\u00e3o de empregos e no incentivo ao empreendedorismo durante o novo mandato.<\/li>\n<li><strong>Direitos humanos e sociais<\/strong>: cria\u00e7\u00e3o de restaurantes populares e implanta\u00e7\u00e3o de cozinhas comunit\u00e1rias s\u00e3o promessas que ser\u00e3o acompanhadas em 6 capitais.<\/li>\n<li><strong>Seguran\u00e7a:<\/strong>\u00a07 prefeitos prometeram ampliar a guarda civil por meio da realiza\u00e7\u00e3o de concursos ou da convoca\u00e7\u00e3o de quem j\u00e1 foi aprovado. O prefeito de Porto Velho \u2013 \u00fanica capital sem GCM at\u00e9 o in\u00edcio deste mandato \u2013 prometeu criar a corpora\u00e7\u00e3o.<\/li>\n<li><strong>Habita\u00e7\u00e3o<\/strong>: para garantir moradia digna \u00e0 popula\u00e7\u00e3o, 11 prefeitos prometeram construir ou entregar novas casas ao longo desses 4 anos de mandato.<\/li>\n<\/ul>\n<\/div>\n<\/div>\n<div id=\"chunk-2088l\">\n<div class=\"mc-column content-text active-extra-styles \" data-block-type=\"unstyled\" data-block-weight=\"13\" data-block-id=\"9\">\n<p class=\" content-text__container \" data-track-category=\"Link no Texto\" data-track-links=\"\" data-mrf-recirculation=\"Mat\u00e9ria - Links no Texto\"><strong>Veja abaixo as 13 categorias e o n\u00famero de promessas que ser\u00e3o acompanhadas:<\/strong><\/p>\n<\/div>\n<\/div>\n<div id=\"chunk-1fvjv\">\n<div class=\"mc-column content-text active-extra-styles\" data-block-type=\"raw\" data-block-weight=\"33\" data-block-id=\"10\">\n<ul class=\"content-unordered-list\">\n<li>Sa\u00fade:\u00a0<strong>92<\/strong><\/li>\n<li>Educa\u00e7\u00e3o e Cultura:\u00a0<strong>75<\/strong><\/li>\n<li>Mobilidade urbana:\u00a0<strong>74<\/strong><\/li>\n<li>Infraestrutura:5<strong>1<\/strong><\/li>\n<li>Meio ambiente:\u00a0<strong>39<\/strong><\/li>\n<li>Economia:\u00a0<strong>33<\/strong><\/li>\n<li>Direitos humanos e sociais:\u00a0<strong>29<\/strong><\/li>\n<li>Seguran\u00e7a p\u00fablica:\u00a0<strong>27<\/strong><\/li>\n<li>Habita\u00e7\u00e3o:\u00a0<strong>21<\/strong><\/li>\n<li>Esporte:\u00a0<strong>8<\/strong><\/li>\n<li>Administra\u00e7\u00e3o:\u00a0<strong>8<\/strong><\/li>\n<li>Turismo:\u00a0<strong>6<\/strong><\/li>\n<li>Transpar\u00eancia:\u00a0<strong>1<\/strong><\/li>\n<\/ul>\n<\/div>\n<\/div>\n<div id=\"chunk-eag84\">\n<div class=\"mc-column content-text active-extra-styles\" data-block-type=\"raw\" data-block-weight=\"9\" data-block-id=\"11\">\n<div class=\"content-intertitle\">\n<h2>Como consultar as promessas dos prefeitos da sua capital?<\/h2>\n<\/div>\n<\/div>\n<\/div>\n<div id=\"chunk-1u513\">\n<div class=\"mc-column content-text active-extra-styles \" data-block-type=\"unstyled\" data-block-weight=\"27\" data-block-id=\"12\">\n<p class=\" content-text__container \" data-track-category=\"Link no Texto\" data-track-links=\"\" data-mrf-recirculation=\"Mat\u00e9ria - Links no Texto\">As promessas est\u00e3o dispostas na p\u00e1gina\u00a0<strong>As Promessas dos Pol\u00edticos<\/strong>\u00a0de cada prefeito eleito. Para acessar, basta escolher a capital\u00a0<a class=\"\" href=\"https:\/\/g1.globo.com\/politica\/promessas-dos-politicos\/home\/\" data-mrf-link=\"https:\/\/g1.globo.com\/politica\/promessas-dos-politicos\/home\/\"><strong><em>(clique nesse link ou veja lista abaixo)<\/em><\/strong><\/a>.<\/p>\n<\/div>\n<\/div>\n<div id=\"chunk-6kk6q\">\n<div class=\"mc-column content-text active-extra-styles \" data-block-type=\"unstyled\" data-block-weight=\"6\" data-block-id=\"13\">\n<p class=\" content-text__container \" data-track-category=\"Link no Texto\" data-track-links=\"\" data-mrf-recirculation=\"Mat\u00e9ria - Links no Texto\"><strong>Confira todas as p\u00e1ginas das capitais:<\/strong><\/p>\n<\/div>\n<\/div>\n<div id=\"chunk-emh6\">\n<div class=\"mc-column content-text active-extra-styles\" data-block-type=\"raw\" data-block-weight=\"63\" data-block-id=\"14\">\n<ul class=\"content-unordered-list\">\n<li><a class=\"\" href=\"https:\/\/g1.globo.com\/politica\/promessas-dos-politicos\/emilia-correa-aracaju-se-25-28\">Aracaju (SE)<\/a><\/li>\n<li><a class=\"\" href=\"https:\/\/g1.globo.com\/politica\/promessas-dos-politicos\/igor-normando-belem-pa-25-28\">Bel\u00e9m (PA)<\/a><\/li>\n<li><a class=\"\" href=\"https:\/\/g1.globo.com\/politica\/promessas-dos-politicos\/fuad-noman-belo-horizonte-mg-25-28\">Belo Horizonte (MG)<\/a><\/li>\n<li><a class=\"\" href=\"https:\/\/g1.globo.com\/politica\/promessas-dos-politicos\/arthur-henrique-boa-vista-rr-25-28\">Boa Vista (RR)<\/a><\/li>\n<li><a class=\"\" href=\"https:\/\/g1.globo.com\/politica\/promessas-dos-politicos\/adriane-lopes-campo-grande-ms-25-28\">Campo Grande (MS)<\/a><\/li>\n<li><a class=\"\" href=\"https:\/\/g1.globo.com\/politica\/promessas-dos-politicos\/abilio-brunini-cuiaba-mt-25-28\">Cuiab\u00e1 (MT)<\/a><\/li>\n<li><a class=\"\" href=\"https:\/\/g1.globo.com\/politica\/promessas-dos-politicos\/eduardo-pimentel-curitiba-pr-25-28\">Curitiba (PR)<\/a><\/li>\n<li><a class=\"\" href=\"https:\/\/g1.globo.com\/politica\/promessas-dos-politicos\/topazio-neto-florianopolis-sc-25-28\">Florian\u00f3polis (SC)<\/a><\/li>\n<li><a class=\"\" href=\"https:\/\/g1.globo.com\/politica\/promessas-dos-politicos\/evandro-leitao-fortaleza-ce-25-28\">Fortaleza (CE)<\/a><\/li>\n<li><a class=\"\" href=\"https:\/\/g1.globo.com\/politica\/promessas-dos-politicos\/mabel-goiania-go-25-28\">Goi\u00e2nia (GO)<\/a><\/li>\n<li><a class=\"\" href=\"https:\/\/g1.globo.com\/politica\/promessas-dos-politicos\/cicero-lucena-joao-pessoa-pb-25-28\">Jo\u00e3o Pessoa (PB)<\/a><\/li>\n<li><a class=\"\" href=\"https:\/\/g1.globo.com\/politica\/promessas-dos-politicos\/dr-furlan-macapa-ap-25-28\">Macap\u00e1 (AP)<\/a><\/li>\n<li><a class=\"\" href=\"https:\/\/g1.globo.com\/politica\/promessas-dos-politicos\/jhc-maceio-al-25-28\">Macei\u00f3 (AL)<\/a><\/li>\n<li><a class=\"\" href=\"https:\/\/g1.globo.com\/politica\/promessas-dos-politicos\/david-almeida-manaus-am-25-28\">Manaus (AM)<\/a><\/li>\n<li><a class=\"\" href=\"https:\/\/g1.globo.com\/politica\/promessas-dos-politicos\/paulinho-freire-natal-rn-25-28\">Natal (RN)<\/a><\/li>\n<li><a class=\"\" href=\"https:\/\/g1.globo.com\/politica\/promessas-dos-politicos\/eduardo-siqueira-campos-palmas-to-25-28\">Palmas (TO)<\/a><\/li>\n<li><a class=\"\" href=\"https:\/\/g1.globo.com\/politica\/promessas-dos-politicos\/sebastiao-melo-porto-alegre-rs-25-28\">Porto Alegre (RS)<\/a><\/li>\n<li><a class=\"\" href=\"https:\/\/g1.globo.com\/politica\/promessas-dos-politicos\/leo-porto-velho-ro-25-28\">Porto Velho (RO)<\/a><\/li>\n<li><a class=\"\" href=\"https:\/\/g1.globo.com\/politica\/promessas-dos-politicos\/joao-campos-recife-pe-25-28\">Recife (PE)<\/a><\/li>\n<li><a class=\"\" href=\"https:\/\/g1.globo.com\/politica\/promessas-dos-politicos\/tiao-bocalom-rio-branco-ac-25-28\">Rio Branco (AC)<\/a><\/li>\n<li><a class=\"\" href=\"https:\/\/g1.globo.com\/politica\/promessas-dos-politicos\/eduardo-paes-rio-de-janeiro-rj-25-28\">Rio de Janeiro (RJ)<\/a><\/li>\n<li><a class=\"\" href=\"https:\/\/g1.globo.com\/politica\/promessas-dos-politicos\/bruno-reis-salvador-ba-25-28\">Salvador (BA)<\/a><\/li>\n<li><a class=\"\" href=\"https:\/\/g1.globo.com\/politica\/promessas-dos-politicos\/eduardo-braide-sao-luis-ma-25-28\">S\u00e3o Lu\u00eds (MA)<\/a><\/li>\n<li><a class=\"\" href=\"https:\/\/g1.globo.com\/politica\/promessas-dos-politicos\/ricardo-nunes-sao-paulo-sp-25-28\">S\u00e3o Paulo (SP)<\/a><\/li>\n<li><a class=\"\" href=\"https:\/\/g1.globo.com\/politica\/promessas-dos-politicos\/silvio-mendes-teresina-pi-25-28\">Teresina (PI)<\/a><\/li>\n<li><a class=\"\" href=\"https:\/\/g1.globo.com\/politica\/promessas-dos-politicos\/lorenzo-pazolini-vitoria-es-25-28\">Vit\u00f3ria (ES)<\/a><\/li>\n<\/ul>\n<\/div>\n<\/div>\n<div id=\"chunk-e95d1\">\n<div class=\"mc-column content-text active-extra-styles\" data-block-type=\"raw\" data-block-weight=\"7\" data-block-id=\"15\">\n<div class=\"content-intertitle\">\n<h2>Como as promessas dos prefeitos s\u00e3o avaliadas?<\/h2>\n<\/div>\n<\/div>\n<\/div>\n<div id=\"chunk-5d4al\">\n<div class=\"mc-column content-text active-extra-styles \" data-block-type=\"unstyled\" data-block-weight=\"18\" data-block-id=\"16\">\n<p class=\" content-text__container \" data-track-category=\"Link no Texto\" data-track-links=\"\" data-mrf-recirculation=\"Mat\u00e9ria - Links no Texto\">No decorrer do mandato, as promessas passam a ser classificadas como &#8220;n\u00e3o cumpriu ainda&#8221;, &#8220;em parte&#8221; ou &#8220;cumpriu&#8221;.<\/p>\n<\/div>\n<\/div>\n<div id=\"chunk-1f2t7\">\n<div class=\"mc-column content-text active-extra-styles\" data-block-type=\"raw\" data-block-weight=\"35\" data-block-id=\"17\">\n<ul class=\"content-unordered-list\">\n<li><strong>N\u00e3o cumpriu ainda<\/strong>: quando o que foi prometido n\u00e3o foi realizado e n\u00e3o est\u00e1 valendo\/em funcionamento<\/li>\n<li><strong>Em parte<\/strong>: quando a promessa foi cumprida parcialmente, com pend\u00eancias<\/li>\n<li><strong>Cumpriu<\/strong>: quando a promessa foi totalmente cumprida, sem pend\u00eancias<\/li>\n<\/ul>\n<\/div>\n<\/div>\n<div id=\"chunk-flbf1\">\n<div class=\"mc-column content-text active-extra-styles \" data-block-type=\"unstyled\" data-block-weight=\"28\" data-block-id=\"19\">\n<p class=\" content-text__container \" data-track-category=\"Link no Texto\" data-track-links=\"\" data-mrf-recirculation=\"Mat\u00e9ria - Links no Texto\">Ou seja, se a promessa \u00e9 inaugurar uma obra, o status ser\u00e1 &#8220;cumpriu&#8221; apenas se a obra j\u00e1 tiver sido inaugurada; caso contr\u00e1rio, \u00e9 &#8220;n\u00e3o cumpriu ainda&#8221;.<\/p>\n<\/div>\n<\/div>\n<div data-track-category=\"multicontent\" data-track-action=\"multicontent\" data-track-noninteraction=\"false\" data-track-scroll=\"ultimo chunk conteudo\" data-track-value=\"view\">\n<div id=\"chunk-7nj20\">\n<div class=\"mc-column content-text active-extra-styles \" data-block-type=\"unstyled\" data-block-weight=\"40\" data-block-id=\"20\">\n<p class=\" content-text__container \" data-track-category=\"Link no Texto\" data-track-links=\"\" data-mrf-recirculation=\"Mat\u00e9ria - Links no Texto\">Se a promessa \u00e9 construir 10 hospitais e 5 j\u00e1 foram inaugurados, o status \u00e9 &#8220;em parte&#8221;. Se a promessa \u00e9 inaugurar 10 km de uma rodovia e 5 km j\u00e1 foram entregues \u00e0 popula\u00e7\u00e3o, o status \u00e9 &#8220;em parte&#8221;.<\/p>\n<p data-track-category=\"Link no Texto\" data-track-links=\"\" data-mrf-recirculation=\"Mat\u00e9ria - Links no Texto\">Fonte: G1<\/p>\n<\/div>\n<\/div>\n<\/div>\n<\/div>\n<\/article>\n<div class=\"mc-column entities\"><\/div>\n<\/div>\n","protected":false},"excerpt":{"rendered":"<p>Posse do prefeito Ricardo Nunes, capital SP Foto:Paulo Pinto\/Ag\u00eancia Brasil Dezenas de jornalistas pelo pa\u00eds documentaram 464 compromissos firmados pelos prefeitos durante a campanha eleitoral de 2024. Promessas v\u00e3o ser monitoradas ao longo do mandato de 2025 a 2028. Por\u00a0Cau Rodrigues, g1\u00a0\u2014 S\u00e3o Paulo 06\/01\/2025 00h05\u00a0\u00a0Atualizado\u00a0h\u00e1 9 horas As promessas dos pol\u00edticos Os prefeitos eleitos [&hellip;]<\/p>\n","protected":false},"author":2,"featured_media":2975,"comment_status":"open","ping_status":"open","sticky":false,"template":"","format":"standard","meta":{"rop_custom_images_group":[],"rop_custom_messages_group":[],"rop_publish_now":"initial","rop_publish_now_accounts":{"twitter_850042665852968960_850042665852968960":""},"rop_publish_now_history":[],"rop_publish_now_status":"pending","footnotes":""},"categories":[15],"tags":[386,387,385,375,372,316,384,181],"class_list":["post-2974","post","type-post","status-publish","format-standard","has-post-thumbnail","hentry","category-destaques","tag-creches","tag-escolas","tag-hospitais","tag-mandato","tag-posse","tag-prefeitos","tag-promessas","tag-saude"],"yoast_head":"<!-- This site is optimized with the Yoast SEO plugin v27.2 - https:\/\/yoast.com\/product\/yoast-seo-wordpress\/ -->\n<title>Promessas dos prefeitos das capitais que o g1 vai acompanhar: Hospitais, creches, transporte... - Prefeitos &amp; Gest\u00f5es<\/title>\n<meta name=\"robots\" content=\"index, follow, max-snippet:-1, max-image-preview:large, max-video-preview:-1\" \/>\n<link rel=\"canonical\" href=\"https:\/\/prefeitosegestoes.com.br\/portal\/promessas-dos-prefeitos-das-capitais-que-o-g1-vai-acompanhar-hospitais-creches-transporte\/\" \/>\n<meta property=\"og:locale\" content=\"pt_BR\" \/>\n<meta property=\"og:type\" content=\"article\" \/>\n<meta property=\"og:title\" content=\"Promessas dos prefeitos das capitais que o g1 vai acompanhar: Hospitais, creches, transporte... - Prefeitos &amp; Gest\u00f5es\" \/>\n<meta property=\"og:description\" content=\"Posse do prefeito Ricardo Nunes, capital SP Foto:Paulo Pinto\/Ag\u00eancia Brasil Dezenas de jornalistas pelo pa\u00eds documentaram 464 compromissos firmados pelos prefeitos durante a campanha eleitoral de 2024. Promessas v\u00e3o ser monitoradas ao longo do mandato de 2025 a 2028. Por\u00a0Cau Rodrigues, g1\u00a0\u2014 S\u00e3o Paulo 06\/01\/2025 00h05\u00a0\u00a0Atualizado\u00a0h\u00e1 9 horas As promessas dos pol\u00edticos Os prefeitos eleitos [&hellip;]\" \/>\n<meta property=\"og:url\" content=\"https:\/\/prefeitosegestoes.com.br\/portal\/promessas-dos-prefeitos-das-capitais-que-o-g1-vai-acompanhar-hospitais-creches-transporte\/\" \/>\n<meta property=\"og:site_name\" content=\"Prefeitos &amp; Gest\u00f5es\" \/>\n<meta property=\"article:publisher\" content=\"https:\/\/www.facebook.com\/prefeitosonline\" \/>\n<meta property=\"article:published_time\" content=\"2025-01-06T12:21:29+00:00\" \/>\n<meta property=\"og:image\" content=\"https:\/\/prefeitosegestoes.com.br\/portal\/wp-content\/uploads\/2025\/01\/posse_prefeito_01.webp\" \/>\n\t<meta property=\"og:image:width\" content=\"1024\" \/>\n\t<meta property=\"og:image:height\" content=\"768\" \/>\n\t<meta property=\"og:image:type\" content=\"image\/webp\" \/>\n<meta name=\"author\" content=\"Prefeitos &amp; Gest\u00f5es\" \/>\n<meta name=\"twitter:card\" content=\"summary_large_image\" \/>\n<meta name=\"twitter:creator\" content=\"@PrefGestoes\" \/>\n<meta name=\"twitter:site\" content=\"@PrefGestoes\" \/>\n<meta name=\"twitter:label1\" content=\"Escrito por\" \/>\n\t<meta name=\"twitter:data1\" content=\"Prefeitos &amp; Gest\u00f5es\" \/>\n\t<meta name=\"twitter:label2\" content=\"Est. tempo de leitura\" \/>\n\t<meta name=\"twitter:data2\" content=\"4 minutos\" \/>\n<script type=\"application\/ld+json\" class=\"yoast-schema-graph\">{\"@context\":\"https:\/\/schema.org\",\"@graph\":[{\"@type\":\"Article\",\"@id\":\"https:\/\/prefeitosegestoes.com.br\/portal\/promessas-dos-prefeitos-das-capitais-que-o-g1-vai-acompanhar-hospitais-creches-transporte\/#article\",\"isPartOf\":{\"@id\":\"https:\/\/prefeitosegestoes.com.br\/portal\/promessas-dos-prefeitos-das-capitais-que-o-g1-vai-acompanhar-hospitais-creches-transporte\/\"},\"author\":{\"name\":\"Prefeitos &amp; Gest\u00f5es\",\"@id\":\"https:\/\/prefeitosegestoes.com.br\/portal\/#\/schema\/person\/d00059f2ec99963e7e1850d448ae94b8\"},\"headline\":\"Promessas dos prefeitos das capitais que o g1 vai acompanhar: Hospitais, creches, transporte&#8230;\",\"datePublished\":\"2025-01-06T12:21:29+00:00\",\"mainEntityOfPage\":{\"@id\":\"https:\/\/prefeitosegestoes.com.br\/portal\/promessas-dos-prefeitos-das-capitais-que-o-g1-vai-acompanhar-hospitais-creches-transporte\/\"},\"wordCount\":651,\"commentCount\":0,\"publisher\":{\"@id\":\"https:\/\/prefeitosegestoes.com.br\/portal\/#organization\"},\"image\":{\"@id\":\"https:\/\/prefeitosegestoes.com.br\/portal\/promessas-dos-prefeitos-das-capitais-que-o-g1-vai-acompanhar-hospitais-creches-transporte\/#primaryimage\"},\"thumbnailUrl\":\"https:\/\/prefeitosegestoes.com.br\/portal\/wp-content\/uploads\/2025\/01\/posse_prefeito_01.webp\",\"keywords\":[\"creches\",\"Escolas\",\"Hospitais\",\"Mandato\",\"Posse\",\"prefeitos\",\"promessas\",\"Sa\u00fade\"],\"articleSection\":[\"Destaques\"],\"inLanguage\":\"pt-BR\",\"potentialAction\":[{\"@type\":\"CommentAction\",\"name\":\"Comment\",\"target\":[\"https:\/\/prefeitosegestoes.com.br\/portal\/promessas-dos-prefeitos-das-capitais-que-o-g1-vai-acompanhar-hospitais-creches-transporte\/#respond\"]}]},{\"@type\":\"WebPage\",\"@id\":\"https:\/\/prefeitosegestoes.com.br\/portal\/promessas-dos-prefeitos-das-capitais-que-o-g1-vai-acompanhar-hospitais-creches-transporte\/\",\"url\":\"https:\/\/prefeitosegestoes.com.br\/portal\/promessas-dos-prefeitos-das-capitais-que-o-g1-vai-acompanhar-hospitais-creches-transporte\/\",\"name\":\"Promessas dos prefeitos das capitais que o g1 vai acompanhar: Hospitais, creches, transporte... - Prefeitos &amp; Gest\u00f5es\",\"isPartOf\":{\"@id\":\"https:\/\/prefeitosegestoes.com.br\/portal\/#website\"},\"primaryImageOfPage\":{\"@id\":\"https:\/\/prefeitosegestoes.com.br\/portal\/promessas-dos-prefeitos-das-capitais-que-o-g1-vai-acompanhar-hospitais-creches-transporte\/#primaryimage\"},\"image\":{\"@id\":\"https:\/\/prefeitosegestoes.com.br\/portal\/promessas-dos-prefeitos-das-capitais-que-o-g1-vai-acompanhar-hospitais-creches-transporte\/#primaryimage\"},\"thumbnailUrl\":\"https:\/\/prefeitosegestoes.com.br\/portal\/wp-content\/uploads\/2025\/01\/posse_prefeito_01.webp\",\"datePublished\":\"2025-01-06T12:21:29+00:00\",\"breadcrumb\":{\"@id\":\"https:\/\/prefeitosegestoes.com.br\/portal\/promessas-dos-prefeitos-das-capitais-que-o-g1-vai-acompanhar-hospitais-creches-transporte\/#breadcrumb\"},\"inLanguage\":\"pt-BR\",\"potentialAction\":[{\"@type\":\"ReadAction\",\"target\":[\"https:\/\/prefeitosegestoes.com.br\/portal\/promessas-dos-prefeitos-das-capitais-que-o-g1-vai-acompanhar-hospitais-creches-transporte\/\"]}]},{\"@type\":\"ImageObject\",\"inLanguage\":\"pt-BR\",\"@id\":\"https:\/\/prefeitosegestoes.com.br\/portal\/promessas-dos-prefeitos-das-capitais-que-o-g1-vai-acompanhar-hospitais-creches-transporte\/#primaryimage\",\"url\":\"https:\/\/prefeitosegestoes.com.br\/portal\/wp-content\/uploads\/2025\/01\/posse_prefeito_01.webp\",\"contentUrl\":\"https:\/\/prefeitosegestoes.com.br\/portal\/wp-content\/uploads\/2025\/01\/posse_prefeito_01.webp\",\"width\":1024,\"height\":768},{\"@type\":\"BreadcrumbList\",\"@id\":\"https:\/\/prefeitosegestoes.com.br\/portal\/promessas-dos-prefeitos-das-capitais-que-o-g1-vai-acompanhar-hospitais-creches-transporte\/#breadcrumb\",\"itemListElement\":[{\"@type\":\"ListItem\",\"position\":1,\"name\":\"In\u00edcio\",\"item\":\"https:\/\/prefeitosegestoes.com.br\/portal\/\"},{\"@type\":\"ListItem\",\"position\":2,\"name\":\"Promessas dos prefeitos das capitais que o g1 vai acompanhar: Hospitais, creches, transporte&#8230;\"}]},{\"@type\":\"WebSite\",\"@id\":\"https:\/\/prefeitosegestoes.com.br\/portal\/#website\",\"url\":\"https:\/\/prefeitosegestoes.com.br\/portal\/\",\"name\":\"Prefeitos & Gest\u00f5es\",\"description\":\"\",\"publisher\":{\"@id\":\"https:\/\/prefeitosegestoes.com.br\/portal\/#organization\"},\"potentialAction\":[{\"@type\":\"SearchAction\",\"target\":{\"@type\":\"EntryPoint\",\"urlTemplate\":\"https:\/\/prefeitosegestoes.com.br\/portal\/?s={search_term_string}\"},\"query-input\":{\"@type\":\"PropertyValueSpecification\",\"valueRequired\":true,\"valueName\":\"search_term_string\"}}],\"inLanguage\":\"pt-BR\"},{\"@type\":\"Organization\",\"@id\":\"https:\/\/prefeitosegestoes.com.br\/portal\/#organization\",\"name\":\"Prefeitos & Gest\u00f5es\",\"url\":\"https:\/\/prefeitosegestoes.com.br\/portal\/\",\"logo\":{\"@type\":\"ImageObject\",\"inLanguage\":\"pt-BR\",\"@id\":\"https:\/\/prefeitosegestoes.com.br\/portal\/#\/schema\/logo\/image\/\",\"url\":\"https:\/\/prefeitosegestoes.com.br\/portal\/wp-content\/uploads\/2024\/10\/lg_trans_prefeitos_2024_preto2.png\",\"contentUrl\":\"https:\/\/prefeitosegestoes.com.br\/portal\/wp-content\/uploads\/2024\/10\/lg_trans_prefeitos_2024_preto2.png\",\"width\":199,\"height\":122,\"caption\":\"Prefeitos & Gest\u00f5es\"},\"image\":{\"@id\":\"https:\/\/prefeitosegestoes.com.br\/portal\/#\/schema\/logo\/image\/\"},\"sameAs\":[\"https:\/\/www.facebook.com\/prefeitosonline\",\"https:\/\/x.com\/PrefGestoes\"]},{\"@type\":\"Person\",\"@id\":\"https:\/\/prefeitosegestoes.com.br\/portal\/#\/schema\/person\/d00059f2ec99963e7e1850d448ae94b8\",\"name\":\"Prefeitos &amp; Gest\u00f5es\",\"image\":{\"@type\":\"ImageObject\",\"inLanguage\":\"pt-BR\",\"@id\":\"https:\/\/secure.gravatar.com\/avatar\/738fb281e479212ed32c1a21a4307dda9f3af9292edb6918a16c9ce9fff5f48d?s=96&d=mm&r=g\",\"url\":\"https:\/\/secure.gravatar.com\/avatar\/738fb281e479212ed32c1a21a4307dda9f3af9292edb6918a16c9ce9fff5f48d?s=96&d=mm&r=g\",\"contentUrl\":\"https:\/\/secure.gravatar.com\/avatar\/738fb281e479212ed32c1a21a4307dda9f3af9292edb6918a16c9ce9fff5f48d?s=96&d=mm&r=g\",\"caption\":\"Prefeitos &amp; Gest\u00f5es\"},\"url\":\"https:\/\/prefeitosegestoes.com.br\/portal\/author\/prefeitosegestoes\/\"}]}<\/script>\n<!-- \/ Yoast SEO plugin. -->","yoast_head_json":{"title":"Promessas dos prefeitos das capitais que o g1 vai acompanhar: Hospitais, creches, transporte... - Prefeitos &amp; Gest\u00f5es","robots":{"index":"index","follow":"follow","max-snippet":"max-snippet:-1","max-image-preview":"max-image-preview:large","max-video-preview":"max-video-preview:-1"},"canonical":"https:\/\/prefeitosegestoes.com.br\/portal\/promessas-dos-prefeitos-das-capitais-que-o-g1-vai-acompanhar-hospitais-creches-transporte\/","og_locale":"pt_BR","og_type":"article","og_title":"Promessas dos prefeitos das capitais que o g1 vai acompanhar: Hospitais, creches, transporte... - Prefeitos &amp; Gest\u00f5es","og_description":"Posse do prefeito Ricardo Nunes, capital SP Foto:Paulo Pinto\/Ag\u00eancia Brasil Dezenas de jornalistas pelo pa\u00eds documentaram 464 compromissos firmados pelos prefeitos durante a campanha eleitoral de 2024. Promessas v\u00e3o ser monitoradas ao longo do mandato de 2025 a 2028. Por\u00a0Cau Rodrigues, g1\u00a0\u2014 S\u00e3o Paulo 06\/01\/2025 00h05\u00a0\u00a0Atualizado\u00a0h\u00e1 9 horas As promessas dos pol\u00edticos Os prefeitos eleitos [&hellip;]","og_url":"https:\/\/prefeitosegestoes.com.br\/portal\/promessas-dos-prefeitos-das-capitais-que-o-g1-vai-acompanhar-hospitais-creches-transporte\/","og_site_name":"Prefeitos &amp; Gest\u00f5es","article_publisher":"https:\/\/www.facebook.com\/prefeitosonline","article_published_time":"2025-01-06T12:21:29+00:00","og_image":[{"width":1024,"height":768,"url":"https:\/\/prefeitosegestoes.com.br\/portal\/wp-content\/uploads\/2025\/01\/posse_prefeito_01.webp","type":"image\/webp"}],"author":"Prefeitos &amp; Gest\u00f5es","twitter_card":"summary_large_image","twitter_creator":"@PrefGestoes","twitter_site":"@PrefGestoes","twitter_misc":{"Escrito por":"Prefeitos &amp; Gest\u00f5es","Est. tempo de leitura":"4 minutos"},"schema":{"@context":"https:\/\/schema.org","@graph":[{"@type":"Article","@id":"https:\/\/prefeitosegestoes.com.br\/portal\/promessas-dos-prefeitos-das-capitais-que-o-g1-vai-acompanhar-hospitais-creches-transporte\/#article","isPartOf":{"@id":"https:\/\/prefeitosegestoes.com.br\/portal\/promessas-dos-prefeitos-das-capitais-que-o-g1-vai-acompanhar-hospitais-creches-transporte\/"},"author":{"name":"Prefeitos &amp; Gest\u00f5es","@id":"https:\/\/prefeitosegestoes.com.br\/portal\/#\/schema\/person\/d00059f2ec99963e7e1850d448ae94b8"},"headline":"Promessas dos prefeitos das capitais que o g1 vai acompanhar: Hospitais, creches, transporte&#8230;","datePublished":"2025-01-06T12:21:29+00:00","mainEntityOfPage":{"@id":"https:\/\/prefeitosegestoes.com.br\/portal\/promessas-dos-prefeitos-das-capitais-que-o-g1-vai-acompanhar-hospitais-creches-transporte\/"},"wordCount":651,"commentCount":0,"publisher":{"@id":"https:\/\/prefeitosegestoes.com.br\/portal\/#organization"},"image":{"@id":"https:\/\/prefeitosegestoes.com.br\/portal\/promessas-dos-prefeitos-das-capitais-que-o-g1-vai-acompanhar-hospitais-creches-transporte\/#primaryimage"},"thumbnailUrl":"https:\/\/prefeitosegestoes.com.br\/portal\/wp-content\/uploads\/2025\/01\/posse_prefeito_01.webp","keywords":["creches","Escolas","Hospitais","Mandato","Posse","prefeitos","promessas","Sa\u00fade"],"articleSection":["Destaques"],"inLanguage":"pt-BR","potentialAction":[{"@type":"CommentAction","name":"Comment","target":["https:\/\/prefeitosegestoes.com.br\/portal\/promessas-dos-prefeitos-das-capitais-que-o-g1-vai-acompanhar-hospitais-creches-transporte\/#respond"]}]},{"@type":"WebPage","@id":"https:\/\/prefeitosegestoes.com.br\/portal\/promessas-dos-prefeitos-das-capitais-que-o-g1-vai-acompanhar-hospitais-creches-transporte\/","url":"https:\/\/prefeitosegestoes.com.br\/portal\/promessas-dos-prefeitos-das-capitais-que-o-g1-vai-acompanhar-hospitais-creches-transporte\/","name":"Promessas dos prefeitos das capitais que o g1 vai acompanhar: Hospitais, creches, transporte... - Prefeitos &amp; Gest\u00f5es","isPartOf":{"@id":"https:\/\/prefeitosegestoes.com.br\/portal\/#website"},"primaryImageOfPage":{"@id":"https:\/\/prefeitosegestoes.com.br\/portal\/promessas-dos-prefeitos-das-capitais-que-o-g1-vai-acompanhar-hospitais-creches-transporte\/#primaryimage"},"image":{"@id":"https:\/\/prefeitosegestoes.com.br\/portal\/promessas-dos-prefeitos-das-capitais-que-o-g1-vai-acompanhar-hospitais-creches-transporte\/#primaryimage"},"thumbnailUrl":"https:\/\/prefeitosegestoes.com.br\/portal\/wp-content\/uploads\/2025\/01\/posse_prefeito_01.webp","datePublished":"2025-01-06T12:21:29+00:00","breadcrumb":{"@id":"https:\/\/prefeitosegestoes.com.br\/portal\/promessas-dos-prefeitos-das-capitais-que-o-g1-vai-acompanhar-hospitais-creches-transporte\/#breadcrumb"},"inLanguage":"pt-BR","potentialAction":[{"@type":"ReadAction","target":["https:\/\/prefeitosegestoes.com.br\/portal\/promessas-dos-prefeitos-das-capitais-que-o-g1-vai-acompanhar-hospitais-creches-transporte\/"]}]},{"@type":"ImageObject","inLanguage":"pt-BR","@id":"https:\/\/prefeitosegestoes.com.br\/portal\/promessas-dos-prefeitos-das-capitais-que-o-g1-vai-acompanhar-hospitais-creches-transporte\/#primaryimage","url":"https:\/\/prefeitosegestoes.com.br\/portal\/wp-content\/uploads\/2025\/01\/posse_prefeito_01.webp","contentUrl":"https:\/\/prefeitosegestoes.com.br\/portal\/wp-content\/uploads\/2025\/01\/posse_prefeito_01.webp","width":1024,"height":768},{"@type":"BreadcrumbList","@id":"https:\/\/prefeitosegestoes.com.br\/portal\/promessas-dos-prefeitos-das-capitais-que-o-g1-vai-acompanhar-hospitais-creches-transporte\/#breadcrumb","itemListElement":[{"@type":"ListItem","position":1,"name":"In\u00edcio","item":"https:\/\/prefeitosegestoes.com.br\/portal\/"},{"@type":"ListItem","position":2,"name":"Promessas dos prefeitos das capitais que o g1 vai acompanhar: Hospitais, creches, transporte&#8230;"}]},{"@type":"WebSite","@id":"https:\/\/prefeitosegestoes.com.br\/portal\/#website","url":"https:\/\/prefeitosegestoes.com.br\/portal\/","name":"Prefeitos & Gest\u00f5es","description":"","publisher":{"@id":"https:\/\/prefeitosegestoes.com.br\/portal\/#organization"},"potentialAction":[{"@type":"SearchAction","target":{"@type":"EntryPoint","urlTemplate":"https:\/\/prefeitosegestoes.com.br\/portal\/?s={search_term_string}"},"query-input":{"@type":"PropertyValueSpecification","valueRequired":true,"valueName":"search_term_string"}}],"inLanguage":"pt-BR"},{"@type":"Organization","@id":"https:\/\/prefeitosegestoes.com.br\/portal\/#organization","name":"Prefeitos & Gest\u00f5es","url":"https:\/\/prefeitosegestoes.com.br\/portal\/","logo":{"@type":"ImageObject","inLanguage":"pt-BR","@id":"https:\/\/prefeitosegestoes.com.br\/portal\/#\/schema\/logo\/image\/","url":"https:\/\/prefeitosegestoes.com.br\/portal\/wp-content\/uploads\/2024\/10\/lg_trans_prefeitos_2024_preto2.png","contentUrl":"https:\/\/prefeitosegestoes.com.br\/portal\/wp-content\/uploads\/2024\/10\/lg_trans_prefeitos_2024_preto2.png","width":199,"height":122,"caption":"Prefeitos & Gest\u00f5es"},"image":{"@id":"https:\/\/prefeitosegestoes.com.br\/portal\/#\/schema\/logo\/image\/"},"sameAs":["https:\/\/www.facebook.com\/prefeitosonline","https:\/\/x.com\/PrefGestoes"]},{"@type":"Person","@id":"https:\/\/prefeitosegestoes.com.br\/portal\/#\/schema\/person\/d00059f2ec99963e7e1850d448ae94b8","name":"Prefeitos &amp; Gest\u00f5es","image":{"@type":"ImageObject","inLanguage":"pt-BR","@id":"https:\/\/secure.gravatar.com\/avatar\/738fb281e479212ed32c1a21a4307dda9f3af9292edb6918a16c9ce9fff5f48d?s=96&d=mm&r=g","url":"https:\/\/secure.gravatar.com\/avatar\/738fb281e479212ed32c1a21a4307dda9f3af9292edb6918a16c9ce9fff5f48d?s=96&d=mm&r=g","contentUrl":"https:\/\/secure.gravatar.com\/avatar\/738fb281e479212ed32c1a21a4307dda9f3af9292edb6918a16c9ce9fff5f48d?s=96&d=mm&r=g","caption":"Prefeitos &amp; Gest\u00f5es"},"url":"https:\/\/prefeitosegestoes.com.br\/portal\/author\/prefeitosegestoes\/"}]}},"_links":{"self":[{"href":"https:\/\/prefeitosegestoes.com.br\/portal\/wp-json\/wp\/v2\/posts\/2974","targetHints":{"allow":["GET"]}}],"collection":[{"href":"https:\/\/prefeitosegestoes.com.br\/portal\/wp-json\/wp\/v2\/posts"}],"about":[{"href":"https:\/\/prefeitosegestoes.com.br\/portal\/wp-json\/wp\/v2\/types\/post"}],"author":[{"embeddable":true,"href":"https:\/\/prefeitosegestoes.com.br\/portal\/wp-json\/wp\/v2\/users\/2"}],"replies":[{"embeddable":true,"href":"https:\/\/prefeitosegestoes.com.br\/portal\/wp-json\/wp\/v2\/comments?post=2974"}],"version-history":[{"count":1,"href":"https:\/\/prefeitosegestoes.com.br\/portal\/wp-json\/wp\/v2\/posts\/2974\/revisions"}],"predecessor-version":[{"id":2976,"href":"https:\/\/prefeitosegestoes.com.br\/portal\/wp-json\/wp\/v2\/posts\/2974\/revisions\/2976"}],"wp:featuredmedia":[{"embeddable":true,"href":"https:\/\/prefeitosegestoes.com.br\/portal\/wp-json\/wp\/v2\/media\/2975"}],"wp:attachment":[{"href":"https:\/\/prefeitosegestoes.com.br\/portal\/wp-json\/wp\/v2\/media?parent=2974"}],"wp:term":[{"taxonomy":"category","embeddable":true,"href":"https:\/\/prefeitosegestoes.com.br\/portal\/wp-json\/wp\/v2\/categories?post=2974"},{"taxonomy":"post_tag","embeddable":true,"href":"https:\/\/prefeitosegestoes.com.br\/portal\/wp-json\/wp\/v2\/tags?post=2974"}],"curies":[{"name":"wp","href":"https:\/\/api.w.org\/{rel}","templated":true}]}}