{"id":2968,"date":"2025-01-01T15:59:34","date_gmt":"2025-01-01T18:59:34","guid":{"rendered":"https:\/\/prefeitosegestoes.com.br\/portal\/?p=2968"},"modified":"2025-01-01T15:59:34","modified_gmt":"2025-01-01T18:59:34","slug":"prefeitos-de-5-570-municipios-tomam-posse-nesta-quarta-em-todo-o-pais","status":"publish","type":"post","link":"https:\/\/prefeitosegestoes.com.br\/portal\/prefeitos-de-5-570-municipios-tomam-posse-nesta-quarta-em-todo-o-pais\/","title":{"rendered":"Prefeitos de 5.570 munic\u00edpios tomam posse nesta quarta em todo o pa\u00eds"},"content":{"rendered":"<div class=\"mc-article-header\">\n<div class=\"row content-head mc-column non-featured \">\n<div class=\"medium-centered subtitle\">\n<h6 class=\"content-head__subtitle\">Foto Tomaz Silva\/Ag\u00eancia Brasil<\/h6>\n<h2 class=\"content-head__subtitle\">Data \u00e9 definida pela Constitui\u00e7\u00e3o; prefeitos ter\u00e3o mandato de quatro anos, at\u00e9 31 de dezembro de 2028.<\/h2>\n<\/div>\n<\/div>\n<div class=\"content__signa-share mc-column\">\n<div class=\"content__signature\">\n<div class=\"content-publication-data\">\n<div class=\"content-publication-data__text\">\n<p class=\"content-publication-data__from\" title=\"g1\">Por g1\u00a0\u2014 Bras\u00edlia<\/p>\n<p class=\"content-publication-data__updated\"><time datetime=\"2025-01-01T00:00:24.860-03:00\">01\/01\/2025 00h00\u00a0<\/time><span class=\"content-publication-data__updated-relative\">\u00a0<time datetime=\"2025-01-01T12:41:50.785-03:00\">Atualizado\u00a0<time datetime=\"2025-01-01T12:41:50.785-03:00\">h\u00e1 3 horas<\/time><\/time><\/span><\/p>\n<\/div>\n<\/div>\n<\/div>\n<\/div>\n<div class=\"glb-share-bar content__share-bar\">\n<div class=\"glb-share-bar_icons\">\n<div class=\"glb-share-bar_button-img\">refeitos e vice-prefeitos dos 5.569 munic\u00edpios de todo o pa\u00eds tomam posse ao longo desta quarta-feira (1\u00ba).<\/div>\n<\/div>\n<\/div>\n<\/div>\n<div class=\"mc-article-body\">\n<article>\n<div class=\"wall protected-content\">\n<div id=\"chunk-1aqgb\">\n<div class=\"mc-column content-text active-extra-styles \" data-block-type=\"unstyled\" data-block-weight=\"30\" data-block-id=\"3\">\n<p class=\" content-text__container \" data-track-category=\"Link no Texto\" data-track-links=\"\" data-mrf-recirculation=\"Mat\u00e9ria - Links no Texto\">Os pol\u00edticos escolhidos pelo voto popular ter\u00e3o um mandato de quatro anos \u2013 at\u00e9 31 de dezembro de 2028. A Constitui\u00e7\u00e3o permite uma \u00fanica reelei\u00e7\u00e3o consecutiva para o mesmo cargo.<\/p>\n<\/div>\n<\/div>\n<div id=\"chunk-6koqi\">\n<div class=\"mc-column content-text active-extra-styles \" data-block-type=\"unstyled\" data-block-weight=\"37\" data-block-id=\"4\">\n<p class=\" content-text__container \" data-track-category=\"Link no Texto\" data-track-links=\"\" data-mrf-recirculation=\"Mat\u00e9ria - Links no Texto\">A posse dos prefeitos e vices em 1\u00ba de janeiro tamb\u00e9m \u00e9 descrita na Constitui\u00e7\u00e3o. J\u00e1 a posse dos vereadores varia para cada munic\u00edpio \u2013 em grande parte do pa\u00eds, deve acontecer s\u00f3 no come\u00e7o de fevereiro.<\/p>\n<\/div>\n<\/div>\n<div id=\"chunk-9rlnb\">\n<div class=\"mc-column content-text active-extra-styles \" data-block-type=\"unstyled\" data-block-weight=\"47\" data-block-id=\"5\">\n<p class=\" content-text__container \" data-track-category=\"Link no Texto\" data-track-links=\"\" data-mrf-recirculation=\"Mat\u00e9ria - Links no Texto\">Em ao menos 22 cidades, o mais votado na elei\u00e7\u00e3o de 2024 n\u00e3o vai tomar posse. Em 20 delas, a Justi\u00e7a Eleitoral barrou. Nesses casos, o presidente da C\u00e2mara assume at\u00e9 que a situa\u00e7\u00e3o seja resolvida. Em duas, o eleito morreu e quem assume \u00e9 o vice.<\/p>\n<\/div>\n<\/div>\n<div id=\"chunk-b48oq\">\n<div class=\"mc-column content-text active-extra-styles \" data-block-type=\"unstyled\" data-block-weight=\"33\" data-block-id=\"6\">\n<p class=\" content-text__container \" data-track-category=\"Link no Texto\" data-track-links=\"\" data-mrf-recirculation=\"Mat\u00e9ria - Links no Texto\">Em outubro de 2024, eleitores de todo o pa\u00eds\u00a0<a class=\"\" href=\"https:\/\/g1.globo.com\/politica\/eleicoes\/2024\/noticia\/2025\/01\/01\/eleicoes-2024-veja-o-resultado-por-local-de-votacao.ghtml?utm_source=share-universal&amp;utm_medium=share-bar-app&amp;utm_campaign=materias\" data-mrf-link=\"https:\/\/g1.globo.com\/politica\/eleicoes\/2024\/noticia\/2025\/01\/01\/eleicoes-2024-veja-o-resultado-por-local-de-votacao.ghtml\">foram \u00e0s urnas para escolher prefeitos e vereadores<\/a>. Em 51 prefeituras, incluindo 15 capitais, o resultado s\u00f3 foi conhecido no segundo turno de vota\u00e7\u00e3o.<\/p>\n<\/div>\n<\/div>\n<div id=\"chunk-d1k4h\">\n<div class=\"mc-column content-text active-extra-styles \" data-block-type=\"unstyled\" data-block-weight=\"33\" data-block-id=\"7\">\n<p class=\" content-text__container \" data-track-category=\"Link no Texto\" data-track-links=\"\" data-mrf-recirculation=\"Mat\u00e9ria - Links no Texto\">Segundo o Tribunal Superior Eleitoral (TSE), o Brasil tinha 155,9 milh\u00f5es de eleitores aptos a votar naquele momento \u2013 sendo 81,8 milh\u00f5es de mulheres (52,4% do total) e 74,1 milh\u00f5es de homens (47,6%).<\/p>\n<\/div>\n<\/div>\n<div id=\"chunk-aqbt5\">\n<div class=\"mc-column content-text active-extra-styles \" data-block-type=\"unstyled\" data-block-weight=\"38\" data-block-id=\"8\">\n<p class=\" content-text__container \" data-track-category=\"Link no Texto\" data-track-links=\"\" data-mrf-recirculation=\"Mat\u00e9ria - Links no Texto\">Apenas o Distrito Federal ficou de fora.\u00a0<a class=\"\" href=\"https:\/\/g1.globo.com\/df\/distrito-federal\/noticia\/2024\/10\/03\/brasilia-tem-prefeito-entenda-como-e-o-governo-da-capital-federal.ghtml\" data-mrf-link=\"https:\/\/g1.globo.com\/df\/distrito-federal\/noticia\/2024\/10\/03\/brasilia-tem-prefeito-entenda-como-e-o-governo-da-capital-federal.ghtml\">Bras\u00edlia n\u00e3o \u00e9 considerada um munic\u00edpio e, por isso, n\u00e3o participa da elei\u00e7\u00e3o municipal<\/a>. N\u00e3o tem prefeito nem vereador \u2013 as decis\u00f5es s\u00e3o tomadas pelo governador e pelos 24 deputados distritais.<\/p>\n<\/div>\n<\/div>\n<div id=\"chunk-d7ej4\">\n<div class=\"mc-column content-text active-extra-styles\" data-block-type=\"raw\" data-block-weight=\"18\" data-block-id=\"10\">\n<ul class=\"content-unordered-list\">\n<li><strong>ESPECIAL g1:<\/strong>\u00a0<a class=\"\" href=\"https:\/\/g1.globo.com\/politica\/promessas-dos-politicos\/noticia\/2024\/12\/30\/prefeitos-das-capitais-cumpriram-totalmente-menos-da-metade-das-promessas-no-mandato-de-2021-a-2024.ghtml\">Prefeitos das capitais cumpriram totalmente menos da metade das promessas no mandato de 2021 a 2024<\/a><\/li>\n<\/ul>\n<\/div>\n<\/div>\n<div id=\"chunk-dnj7c\">\n<div class=\"bs-video-block mc-column   content-media content-video\" data-block-type=\"backstage-video\" data-block-id=\"11\">\n<div class=\"content-media__container\">\n<div class=\"content-video__bigger-player-description-fixer\">\n<article class=\"content-video\" data-ts-view=\"1735757286547\">\n<section class=\"content-video__video-container\">\n<div class=\"content-video__video\">\n<div id=\"wp3-player-1\" class=\"clappr-player video-rec-after-end--enabled clappr-detach--is-detached clappr-detach--is-detached__visible\" tabindex=\"9999\" data-player=\"\">\n<div class=\"container pointer-enabled\" data-container=\"\">\n<div class=\"poster poster--hidden\"><\/div>\n<\/div>\n<\/div>\n<\/div>\n<\/section>\n<\/article>\n<\/div>\n<p class=\"content-media__description\">Promessas dos pol\u00edticos: o que os prefeitos cumpriram e n\u00e3o cumpriram em 4 anos de mandato<\/p>\n<\/div>\n<\/div>\n<\/div>\n<div id=\"chunk-bbru4\">\n<div class=\"mc-column content-text active-extra-styles\" data-block-type=\"raw\" data-block-weight=\"7\" data-block-id=\"12\">\n<div class=\"content-intertitle\">\n<h2>g1 publica reportagens sobre todos os eleitos<\/h2>\n<\/div>\n<\/div>\n<\/div>\n<div id=\"chunk-nnd2\">\n<div class=\"mc-column content-text active-extra-styles \" data-block-type=\"unstyled\" data-block-weight=\"18\" data-block-id=\"13\">\n<p class=\" content-text__container \" data-track-category=\"Link no Texto\" data-track-links=\"\" data-mrf-recirculation=\"Mat\u00e9ria - Links no Texto\">O\u00a0<a class=\"\" href=\"https:\/\/g1.globo.com\/\" data-mrf-link=\"https:\/\/g1.globo.com\/\">g1<\/a>\u00a0come\u00e7ou a publicar nesta ter\u00e7a-feira (31)\u00a0<a class=\"\" href=\"https:\/\/g1.globo.com\/politica\/eleicoes\/2024\/noticia\/2024\/12\/31\/textos-automaticos-posse-prefeitos.ghtml\" data-mrf-link=\"https:\/\/g1.globo.com\/politica\/eleicoes\/2024\/noticia\/2024\/12\/31\/textos-automaticos-posse-prefeitos.ghtml\">reportagens autom\u00e1ticas sobre a posse dos prefeitos eleitos em 2024<\/a>.<\/p>\n<\/div>\n<\/div>\n<div id=\"chunk-4ei2t\">\n<div class=\"mc-column content-text active-extra-styles \" data-block-type=\"unstyled\" data-block-weight=\"31\" data-block-id=\"14\">\n<p class=\" content-text__container \" data-track-category=\"Link no Texto\" data-track-links=\"\" data-mrf-recirculation=\"Mat\u00e9ria - Links no Texto\">\ud83d\udc40 Em cada reportagem, \u00e9 poss\u00edvel saber o partido, a idade, a profiss\u00e3o, a escolaridade, o estado civil e o patrim\u00f4nio do prefeito e do vice-prefeito que tomam posse nesta quarta.<\/p>\n<\/div>\n<\/div>\n<div id=\"chunk-7kch\">\n<div class=\"mc-column content-text active-extra-styles \" data-block-type=\"unstyled\" data-block-weight=\"18\" data-block-id=\"15\">\n<p class=\" content-text__container \" data-track-category=\"Link no Texto\" data-track-links=\"\" data-mrf-recirculation=\"Mat\u00e9ria - Links no Texto\">\ud83d\udc40 Os textos trazem, ainda, a lista de vereadores eleitos dessa cidade, e os mesmos dados sobre eles.<\/p>\n<\/div>\n<\/div>\n<div id=\"chunk-9vse3\">\n<div class=\"mc-column content-text active-extra-styles \" data-block-type=\"unstyled\" data-block-weight=\"10\" data-block-id=\"16\">\n<p class=\" content-text__container \" data-track-category=\"Link no Texto\" data-track-links=\"\" data-mrf-recirculation=\"Mat\u00e9ria - Links no Texto\">\ud83d\udc40 Os dados s\u00e3o extra\u00eddos do Tribunal Superior Eleitoral (TSE).<\/p>\n<\/div>\n<\/div>\n<div id=\"chunk-8cb6o\">\n<div class=\"mc-column content-text active-extra-styles \" data-block-type=\"unstyled\" data-block-weight=\"21\" data-block-id=\"18\">\n<p class=\" content-text__container \" data-track-category=\"Link no Texto\" data-track-links=\"\" data-mrf-recirculation=\"Mat\u00e9ria - Links no Texto\"><a class=\"\" href=\"https:\/\/whatsapp.com\/channel\/0029Va2ll12AInPbyd8p933r\" target=\"_blank\" rel=\"noopener\" data-mrf-link=\"https:\/\/whatsapp.com\/channel\/0029Va2ll12AInPbyd8p933r\">Clique aqui\u00a0<\/a>para receber no WhatsApp as not\u00edcias do\u00a0<a class=\"\" href=\"https:\/\/g1.globo.com\/\" data-mrf-link=\"https:\/\/g1.globo.com\/\">g1\u00a0<\/a>e\u00a0<a class=\"\" href=\"https:\/\/g1.globo.com\/tecnologia\/noticia\/2023\/09\/13\/g1-canais-whatsapp.ghtml\" data-mrf-link=\"https:\/\/g1.globo.com\/tecnologia\/noticia\/2023\/09\/13\/g1-canais-whatsapp.ghtml\">aqui\u00a0<\/a>para ver como seguir o canal da sua regi\u00e3o.<\/p>\n<\/div>\n<\/div>\n<div id=\"chunk-5nbsr\">\n<div class=\"mc-column content-text active-extra-styles\" data-block-type=\"raw\" data-block-weight=\"5\" data-block-id=\"19\">\n<div class=\"content-intertitle\">\n<h2>PSD vai governar mais cidades<\/h2>\n<\/div>\n<\/div>\n<\/div>\n<div id=\"chunk-93cdb\">\n<div class=\"mc-column content-text active-extra-styles \" data-block-type=\"unstyled\" data-block-weight=\"33\" data-block-id=\"20\">\n<p class=\" content-text__container \" data-track-category=\"Link no Texto\" data-track-links=\"\" data-mrf-recirculation=\"Mat\u00e9ria - Links no Texto\">A partir desta quarta, o\u00a0<a class=\"\" href=\"https:\/\/g1.globo.com\/politica\/eleicoes\/2024\/eleicao-em-numeros\/noticia\/2025\/01\/01\/brasil-elege-para-2025-2028-o-menor-numero-de-partidos-em-16-anos.ghtml?utm_source=share-universal&amp;utm_medium=share-bar-app&amp;utm_campaign=materias\" data-mrf-link=\"https:\/\/g1.globo.com\/politica\/eleicoes\/2024\/eleicao-em-numeros\/noticia\/2025\/01\/01\/brasil-elege-para-2025-2028-o-menor-numero-de-partidos-em-16-anos.ghtml\">PSD ser\u00e1 o partido com o maior n\u00famero de prefeitos\u00a0<\/a>em exerc\u00edcio no pa\u00eds. Pela primeira vez em pleno menos 20 anos, esse posto n\u00e3o ser\u00e1 do MDB.<\/p>\n<\/div>\n<\/div>\n<div id=\"chunk-4j6b3\">\n<div class=\"mc-column content-text active-extra-styles \" data-block-type=\"unstyled\" data-block-weight=\"11\" data-block-id=\"21\">\n<p class=\" content-text__container \" data-track-category=\"Link no Texto\" data-track-links=\"\" data-mrf-recirculation=\"Mat\u00e9ria - Links no Texto\"><strong>Veja o top 3 das legendas com maior n\u00famero de prefeitos:<\/strong><\/p>\n<\/div>\n<\/div>\n<div id=\"chunk-37ike\">\n<div class=\"mc-column content-text active-extra-styles\" data-block-type=\"raw\" data-block-weight=\"6\" data-block-id=\"22\">\n<ul class=\"content-unordered-list\">\n<li>PSD: 887<\/li>\n<li>MDB: 856<\/li>\n<li>PP: 747<\/li>\n<\/ul>\n<\/div>\n<\/div>\n<div id=\"chunk-eojec\">\n<div class=\"mc-column content-text active-extra-styles \" data-block-type=\"unstyled\" data-block-weight=\"35\" data-block-id=\"23\">\n<p class=\" content-text__container \" data-track-category=\"Link no Texto\" data-track-links=\"\" data-mrf-recirculation=\"Mat\u00e9ria - Links no Texto\">O Uni\u00e3o Brasil ocupa a 4\u00aa posi\u00e7\u00e3o, com 578 vencedores. O PT, sigla do presidente Lula, aparece em 9\u00ba, com 252 nomes, atr\u00e1s de legendas como PL (516), Republicanos (435), PSB (309) e PSDB (274).<\/p>\n<\/div>\n<\/div>\n<div id=\"chunk-cceku\">\n<div class=\"mc-column content-text active-extra-styles\" data-block-type=\"raw\" data-block-weight=\"6\" data-block-id=\"24\">\n<div class=\"content-intertitle\">\n<h2>Mas&#8230; o que faz um prefeito?<\/h2>\n<\/div>\n<\/div>\n<\/div>\n<div id=\"chunk-3s9vs\">\n<div class=\"mc-column content-text active-extra-styles \" data-block-type=\"unstyled\" data-block-weight=\"35\" data-block-id=\"25\">\n<p class=\" content-text__container \" data-track-category=\"Link no Texto\" data-track-links=\"\" data-mrf-recirculation=\"Mat\u00e9ria - Links no Texto\">Quando tomarem posse, os\u00a0<a class=\"\" href=\"https:\/\/g1.globo.com\/politica\/eleicoes\/2024\/noticia\/2024\/08\/27\/o-que-faz-um-prefeito-entenda-as-atribuicoes-e-deveres-do-gestor-municipal.ghtml\" data-mrf-link=\"https:\/\/g1.globo.com\/politica\/eleicoes\/2024\/noticia\/2024\/08\/27\/o-que-faz-um-prefeito-entenda-as-atribuicoes-e-deveres-do-gestor-municipal.ghtml\">prefeitos ser\u00e3o respons\u00e1veis pelo comando das pol\u00edticas p\u00fablicas em \u00e2mbito local<\/a>\u00a0\u2013 da gest\u00e3o dos impostos municipais at\u00e9 a presta\u00e7\u00e3o de servi\u00e7os p\u00fablicos, como o de transporte coletivo, sa\u00fade e educa\u00e7\u00e3o.<\/p>\n<\/div>\n<\/div>\n<div id=\"chunk-3pk24\">\n<div class=\"mc-column content-text active-extra-styles \" data-block-type=\"unstyled\" data-block-weight=\"45\" data-block-id=\"26\">\n<p class=\" content-text__container \" data-track-category=\"Link no Texto\" data-track-links=\"\" data-mrf-recirculation=\"Mat\u00e9ria - Links no Texto\">A fun\u00e7\u00e3o \u00e9 uma esp\u00e9cie de &#8220;porta de entrada&#8221; na gest\u00e3o no Poder Executivo, e pode ser ocupada por quem tem 21 anos. Para outros cargos majorit\u00e1rios, como o de governador e presidente, \u00e9 preciso ter idade m\u00ednima de 30 anos e 35 anos, respectivamente.<\/p>\n<\/div>\n<\/div>\n<div id=\"chunk-7gcmc\">\n<div class=\"mc-column content-text active-extra-styles \" data-block-type=\"unstyled\" data-block-weight=\"16\" data-block-id=\"27\">\n<p class=\" content-text__container \" data-track-category=\"Link no Texto\" data-track-links=\"\" data-mrf-recirculation=\"Mat\u00e9ria - Links no Texto\">Fonte G1<\/p>\n<\/div>\n<\/div>\n<\/div>\n<\/article>\n<\/div>\n","protected":false},"excerpt":{"rendered":"<p>Foto Tomaz Silva\/Ag\u00eancia Brasil Data \u00e9 definida pela Constitui\u00e7\u00e3o; prefeitos ter\u00e3o mandato de quatro anos, at\u00e9 31 de dezembro de 2028. Por g1\u00a0\u2014 Bras\u00edlia 01\/01\/2025 00h00\u00a0\u00a0Atualizado\u00a0h\u00e1 3 horas refeitos e vice-prefeitos dos 5.569 munic\u00edpios de todo o pa\u00eds tomam posse ao longo desta quarta-feira (1\u00ba). Os pol\u00edticos escolhidos pelo voto popular ter\u00e3o um mandato de [&hellip;]<\/p>\n","protected":false},"author":2,"featured_media":2969,"comment_status":"open","ping_status":"open","sticky":false,"template":"","format":"standard","meta":{"rop_custom_images_group":[],"rop_custom_messages_group":[],"rop_publish_now":"initial","rop_publish_now_accounts":{"twitter_850042665852968960_850042665852968960":""},"rop_publish_now_history":[],"rop_publish_now_status":"pending","footnotes":""},"categories":[15],"tags":[373,376,371,375,123,374,377,372,316],"class_list":["post-2968","post","type-post","status-publish","format-standard","has-post-thumbnail","hentry","category-destaques","tag-1o-de-janeiro","tag-4-anos","tag-371","tag-mandato","tag-municipios","tag-pais","tag-periodo","tag-posse","tag-prefeitos"],"yoast_head":"<!-- This site is optimized with the Yoast SEO plugin v27.2 - https:\/\/yoast.com\/product\/yoast-seo-wordpress\/ -->\n<title>Prefeitos de 5.570 munic\u00edpios tomam posse nesta quarta em todo o pa\u00eds - Prefeitos &amp; Gest\u00f5es<\/title>\n<meta name=\"robots\" content=\"index, follow, max-snippet:-1, max-image-preview:large, max-video-preview:-1\" \/>\n<link rel=\"canonical\" href=\"https:\/\/prefeitosegestoes.com.br\/portal\/prefeitos-de-5-570-municipios-tomam-posse-nesta-quarta-em-todo-o-pais\/\" \/>\n<meta property=\"og:locale\" content=\"pt_BR\" \/>\n<meta property=\"og:type\" content=\"article\" \/>\n<meta property=\"og:title\" content=\"Prefeitos de 5.570 munic\u00edpios tomam posse nesta quarta em todo o pa\u00eds - Prefeitos &amp; Gest\u00f5es\" \/>\n<meta property=\"og:description\" content=\"Foto Tomaz Silva\/Ag\u00eancia Brasil Data \u00e9 definida pela Constitui\u00e7\u00e3o; prefeitos ter\u00e3o mandato de quatro anos, at\u00e9 31 de dezembro de 2028. Por g1\u00a0\u2014 Bras\u00edlia 01\/01\/2025 00h00\u00a0\u00a0Atualizado\u00a0h\u00e1 3 horas refeitos e vice-prefeitos dos 5.569 munic\u00edpios de todo o pa\u00eds tomam posse ao longo desta quarta-feira (1\u00ba). Os pol\u00edticos escolhidos pelo voto popular ter\u00e3o um mandato de [&hellip;]\" \/>\n<meta property=\"og:url\" content=\"https:\/\/prefeitosegestoes.com.br\/portal\/prefeitos-de-5-570-municipios-tomam-posse-nesta-quarta-em-todo-o-pais\/\" \/>\n<meta property=\"og:site_name\" content=\"Prefeitos &amp; Gest\u00f5es\" \/>\n<meta property=\"article:publisher\" content=\"https:\/\/www.facebook.com\/prefeitosonline\" \/>\n<meta property=\"article:published_time\" content=\"2025-01-01T18:59:34+00:00\" \/>\n<meta property=\"og:image\" content=\"https:\/\/prefeitosegestoes.com.br\/portal\/wp-content\/uploads\/2025\/01\/toms0559.webp\" \/>\n\t<meta property=\"og:image:width\" content=\"1170\" \/>\n\t<meta property=\"og:image:height\" content=\"700\" \/>\n\t<meta property=\"og:image:type\" content=\"image\/webp\" \/>\n<meta name=\"author\" content=\"Prefeitos &amp; Gest\u00f5es\" \/>\n<meta name=\"twitter:card\" content=\"summary_large_image\" \/>\n<meta name=\"twitter:creator\" content=\"@PrefGestoes\" \/>\n<meta name=\"twitter:site\" content=\"@PrefGestoes\" \/>\n<meta name=\"twitter:label1\" content=\"Escrito por\" \/>\n\t<meta name=\"twitter:data1\" content=\"Prefeitos &amp; Gest\u00f5es\" \/>\n\t<meta name=\"twitter:label2\" content=\"Est. tempo de leitura\" \/>\n\t<meta name=\"twitter:data2\" content=\"4 minutos\" \/>\n<script type=\"application\/ld+json\" class=\"yoast-schema-graph\">{\"@context\":\"https:\/\/schema.org\",\"@graph\":[{\"@type\":\"Article\",\"@id\":\"https:\/\/prefeitosegestoes.com.br\/portal\/prefeitos-de-5-570-municipios-tomam-posse-nesta-quarta-em-todo-o-pais\/#article\",\"isPartOf\":{\"@id\":\"https:\/\/prefeitosegestoes.com.br\/portal\/prefeitos-de-5-570-municipios-tomam-posse-nesta-quarta-em-todo-o-pais\/\"},\"author\":{\"name\":\"Prefeitos &amp; Gest\u00f5es\",\"@id\":\"https:\/\/prefeitosegestoes.com.br\/portal\/#\/schema\/person\/d00059f2ec99963e7e1850d448ae94b8\"},\"headline\":\"Prefeitos de 5.570 munic\u00edpios tomam posse nesta quarta em todo o pa\u00eds\",\"datePublished\":\"2025-01-01T18:59:34+00:00\",\"mainEntityOfPage\":{\"@id\":\"https:\/\/prefeitosegestoes.com.br\/portal\/prefeitos-de-5-570-municipios-tomam-posse-nesta-quarta-em-todo-o-pais\/\"},\"wordCount\":607,\"commentCount\":0,\"publisher\":{\"@id\":\"https:\/\/prefeitosegestoes.com.br\/portal\/#organization\"},\"image\":{\"@id\":\"https:\/\/prefeitosegestoes.com.br\/portal\/prefeitos-de-5-570-municipios-tomam-posse-nesta-quarta-em-todo-o-pais\/#primaryimage\"},\"thumbnailUrl\":\"https:\/\/prefeitosegestoes.com.br\/portal\/wp-content\/uploads\/2025\/01\/toms0559.webp\",\"keywords\":[\"1o de janeiro\",\"4 anos\",\"5570\",\"Mandato\",\"Munic\u00edpios\",\"Pa\u00eds\",\"Per\u00edodo\",\"Posse\",\"prefeitos\"],\"articleSection\":[\"Destaques\"],\"inLanguage\":\"pt-BR\",\"potentialAction\":[{\"@type\":\"CommentAction\",\"name\":\"Comment\",\"target\":[\"https:\/\/prefeitosegestoes.com.br\/portal\/prefeitos-de-5-570-municipios-tomam-posse-nesta-quarta-em-todo-o-pais\/#respond\"]}]},{\"@type\":\"WebPage\",\"@id\":\"https:\/\/prefeitosegestoes.com.br\/portal\/prefeitos-de-5-570-municipios-tomam-posse-nesta-quarta-em-todo-o-pais\/\",\"url\":\"https:\/\/prefeitosegestoes.com.br\/portal\/prefeitos-de-5-570-municipios-tomam-posse-nesta-quarta-em-todo-o-pais\/\",\"name\":\"Prefeitos de 5.570 munic\u00edpios tomam posse nesta quarta em todo o pa\u00eds - Prefeitos &amp; Gest\u00f5es\",\"isPartOf\":{\"@id\":\"https:\/\/prefeitosegestoes.com.br\/portal\/#website\"},\"primaryImageOfPage\":{\"@id\":\"https:\/\/prefeitosegestoes.com.br\/portal\/prefeitos-de-5-570-municipios-tomam-posse-nesta-quarta-em-todo-o-pais\/#primaryimage\"},\"image\":{\"@id\":\"https:\/\/prefeitosegestoes.com.br\/portal\/prefeitos-de-5-570-municipios-tomam-posse-nesta-quarta-em-todo-o-pais\/#primaryimage\"},\"thumbnailUrl\":\"https:\/\/prefeitosegestoes.com.br\/portal\/wp-content\/uploads\/2025\/01\/toms0559.webp\",\"datePublished\":\"2025-01-01T18:59:34+00:00\",\"breadcrumb\":{\"@id\":\"https:\/\/prefeitosegestoes.com.br\/portal\/prefeitos-de-5-570-municipios-tomam-posse-nesta-quarta-em-todo-o-pais\/#breadcrumb\"},\"inLanguage\":\"pt-BR\",\"potentialAction\":[{\"@type\":\"ReadAction\",\"target\":[\"https:\/\/prefeitosegestoes.com.br\/portal\/prefeitos-de-5-570-municipios-tomam-posse-nesta-quarta-em-todo-o-pais\/\"]}]},{\"@type\":\"ImageObject\",\"inLanguage\":\"pt-BR\",\"@id\":\"https:\/\/prefeitosegestoes.com.br\/portal\/prefeitos-de-5-570-municipios-tomam-posse-nesta-quarta-em-todo-o-pais\/#primaryimage\",\"url\":\"https:\/\/prefeitosegestoes.com.br\/portal\/wp-content\/uploads\/2025\/01\/toms0559.webp\",\"contentUrl\":\"https:\/\/prefeitosegestoes.com.br\/portal\/wp-content\/uploads\/2025\/01\/toms0559.webp\",\"width\":1170,\"height\":700},{\"@type\":\"BreadcrumbList\",\"@id\":\"https:\/\/prefeitosegestoes.com.br\/portal\/prefeitos-de-5-570-municipios-tomam-posse-nesta-quarta-em-todo-o-pais\/#breadcrumb\",\"itemListElement\":[{\"@type\":\"ListItem\",\"position\":1,\"name\":\"In\u00edcio\",\"item\":\"https:\/\/prefeitosegestoes.com.br\/portal\/\"},{\"@type\":\"ListItem\",\"position\":2,\"name\":\"Prefeitos de 5.570 munic\u00edpios tomam posse nesta quarta em todo o pa\u00eds\"}]},{\"@type\":\"WebSite\",\"@id\":\"https:\/\/prefeitosegestoes.com.br\/portal\/#website\",\"url\":\"https:\/\/prefeitosegestoes.com.br\/portal\/\",\"name\":\"Prefeitos & Gest\u00f5es\",\"description\":\"\",\"publisher\":{\"@id\":\"https:\/\/prefeitosegestoes.com.br\/portal\/#organization\"},\"potentialAction\":[{\"@type\":\"SearchAction\",\"target\":{\"@type\":\"EntryPoint\",\"urlTemplate\":\"https:\/\/prefeitosegestoes.com.br\/portal\/?s={search_term_string}\"},\"query-input\":{\"@type\":\"PropertyValueSpecification\",\"valueRequired\":true,\"valueName\":\"search_term_string\"}}],\"inLanguage\":\"pt-BR\"},{\"@type\":\"Organization\",\"@id\":\"https:\/\/prefeitosegestoes.com.br\/portal\/#organization\",\"name\":\"Prefeitos & Gest\u00f5es\",\"url\":\"https:\/\/prefeitosegestoes.com.br\/portal\/\",\"logo\":{\"@type\":\"ImageObject\",\"inLanguage\":\"pt-BR\",\"@id\":\"https:\/\/prefeitosegestoes.com.br\/portal\/#\/schema\/logo\/image\/\",\"url\":\"https:\/\/prefeitosegestoes.com.br\/portal\/wp-content\/uploads\/2024\/10\/lg_trans_prefeitos_2024_preto2.png\",\"contentUrl\":\"https:\/\/prefeitosegestoes.com.br\/portal\/wp-content\/uploads\/2024\/10\/lg_trans_prefeitos_2024_preto2.png\",\"width\":199,\"height\":122,\"caption\":\"Prefeitos & Gest\u00f5es\"},\"image\":{\"@id\":\"https:\/\/prefeitosegestoes.com.br\/portal\/#\/schema\/logo\/image\/\"},\"sameAs\":[\"https:\/\/www.facebook.com\/prefeitosonline\",\"https:\/\/x.com\/PrefGestoes\"]},{\"@type\":\"Person\",\"@id\":\"https:\/\/prefeitosegestoes.com.br\/portal\/#\/schema\/person\/d00059f2ec99963e7e1850d448ae94b8\",\"name\":\"Prefeitos &amp; Gest\u00f5es\",\"image\":{\"@type\":\"ImageObject\",\"inLanguage\":\"pt-BR\",\"@id\":\"https:\/\/secure.gravatar.com\/avatar\/738fb281e479212ed32c1a21a4307dda9f3af9292edb6918a16c9ce9fff5f48d?s=96&d=mm&r=g\",\"url\":\"https:\/\/secure.gravatar.com\/avatar\/738fb281e479212ed32c1a21a4307dda9f3af9292edb6918a16c9ce9fff5f48d?s=96&d=mm&r=g\",\"contentUrl\":\"https:\/\/secure.gravatar.com\/avatar\/738fb281e479212ed32c1a21a4307dda9f3af9292edb6918a16c9ce9fff5f48d?s=96&d=mm&r=g\",\"caption\":\"Prefeitos &amp; Gest\u00f5es\"},\"url\":\"https:\/\/prefeitosegestoes.com.br\/portal\/author\/prefeitosegestoes\/\"}]}<\/script>\n<!-- \/ Yoast SEO plugin. -->","yoast_head_json":{"title":"Prefeitos de 5.570 munic\u00edpios tomam posse nesta quarta em todo o pa\u00eds - Prefeitos &amp; Gest\u00f5es","robots":{"index":"index","follow":"follow","max-snippet":"max-snippet:-1","max-image-preview":"max-image-preview:large","max-video-preview":"max-video-preview:-1"},"canonical":"https:\/\/prefeitosegestoes.com.br\/portal\/prefeitos-de-5-570-municipios-tomam-posse-nesta-quarta-em-todo-o-pais\/","og_locale":"pt_BR","og_type":"article","og_title":"Prefeitos de 5.570 munic\u00edpios tomam posse nesta quarta em todo o pa\u00eds - Prefeitos &amp; Gest\u00f5es","og_description":"Foto Tomaz Silva\/Ag\u00eancia Brasil Data \u00e9 definida pela Constitui\u00e7\u00e3o; prefeitos ter\u00e3o mandato de quatro anos, at\u00e9 31 de dezembro de 2028. Por g1\u00a0\u2014 Bras\u00edlia 01\/01\/2025 00h00\u00a0\u00a0Atualizado\u00a0h\u00e1 3 horas refeitos e vice-prefeitos dos 5.569 munic\u00edpios de todo o pa\u00eds tomam posse ao longo desta quarta-feira (1\u00ba). Os pol\u00edticos escolhidos pelo voto popular ter\u00e3o um mandato de [&hellip;]","og_url":"https:\/\/prefeitosegestoes.com.br\/portal\/prefeitos-de-5-570-municipios-tomam-posse-nesta-quarta-em-todo-o-pais\/","og_site_name":"Prefeitos &amp; Gest\u00f5es","article_publisher":"https:\/\/www.facebook.com\/prefeitosonline","article_published_time":"2025-01-01T18:59:34+00:00","og_image":[{"width":1170,"height":700,"url":"https:\/\/prefeitosegestoes.com.br\/portal\/wp-content\/uploads\/2025\/01\/toms0559.webp","type":"image\/webp"}],"author":"Prefeitos &amp; Gest\u00f5es","twitter_card":"summary_large_image","twitter_creator":"@PrefGestoes","twitter_site":"@PrefGestoes","twitter_misc":{"Escrito por":"Prefeitos &amp; Gest\u00f5es","Est. tempo de leitura":"4 minutos"},"schema":{"@context":"https:\/\/schema.org","@graph":[{"@type":"Article","@id":"https:\/\/prefeitosegestoes.com.br\/portal\/prefeitos-de-5-570-municipios-tomam-posse-nesta-quarta-em-todo-o-pais\/#article","isPartOf":{"@id":"https:\/\/prefeitosegestoes.com.br\/portal\/prefeitos-de-5-570-municipios-tomam-posse-nesta-quarta-em-todo-o-pais\/"},"author":{"name":"Prefeitos &amp; Gest\u00f5es","@id":"https:\/\/prefeitosegestoes.com.br\/portal\/#\/schema\/person\/d00059f2ec99963e7e1850d448ae94b8"},"headline":"Prefeitos de 5.570 munic\u00edpios tomam posse nesta quarta em todo o pa\u00eds","datePublished":"2025-01-01T18:59:34+00:00","mainEntityOfPage":{"@id":"https:\/\/prefeitosegestoes.com.br\/portal\/prefeitos-de-5-570-municipios-tomam-posse-nesta-quarta-em-todo-o-pais\/"},"wordCount":607,"commentCount":0,"publisher":{"@id":"https:\/\/prefeitosegestoes.com.br\/portal\/#organization"},"image":{"@id":"https:\/\/prefeitosegestoes.com.br\/portal\/prefeitos-de-5-570-municipios-tomam-posse-nesta-quarta-em-todo-o-pais\/#primaryimage"},"thumbnailUrl":"https:\/\/prefeitosegestoes.com.br\/portal\/wp-content\/uploads\/2025\/01\/toms0559.webp","keywords":["1o de janeiro","4 anos","5570","Mandato","Munic\u00edpios","Pa\u00eds","Per\u00edodo","Posse","prefeitos"],"articleSection":["Destaques"],"inLanguage":"pt-BR","potentialAction":[{"@type":"CommentAction","name":"Comment","target":["https:\/\/prefeitosegestoes.com.br\/portal\/prefeitos-de-5-570-municipios-tomam-posse-nesta-quarta-em-todo-o-pais\/#respond"]}]},{"@type":"WebPage","@id":"https:\/\/prefeitosegestoes.com.br\/portal\/prefeitos-de-5-570-municipios-tomam-posse-nesta-quarta-em-todo-o-pais\/","url":"https:\/\/prefeitosegestoes.com.br\/portal\/prefeitos-de-5-570-municipios-tomam-posse-nesta-quarta-em-todo-o-pais\/","name":"Prefeitos de 5.570 munic\u00edpios tomam posse nesta quarta em todo o pa\u00eds - Prefeitos &amp; Gest\u00f5es","isPartOf":{"@id":"https:\/\/prefeitosegestoes.com.br\/portal\/#website"},"primaryImageOfPage":{"@id":"https:\/\/prefeitosegestoes.com.br\/portal\/prefeitos-de-5-570-municipios-tomam-posse-nesta-quarta-em-todo-o-pais\/#primaryimage"},"image":{"@id":"https:\/\/prefeitosegestoes.com.br\/portal\/prefeitos-de-5-570-municipios-tomam-posse-nesta-quarta-em-todo-o-pais\/#primaryimage"},"thumbnailUrl":"https:\/\/prefeitosegestoes.com.br\/portal\/wp-content\/uploads\/2025\/01\/toms0559.webp","datePublished":"2025-01-01T18:59:34+00:00","breadcrumb":{"@id":"https:\/\/prefeitosegestoes.com.br\/portal\/prefeitos-de-5-570-municipios-tomam-posse-nesta-quarta-em-todo-o-pais\/#breadcrumb"},"inLanguage":"pt-BR","potentialAction":[{"@type":"ReadAction","target":["https:\/\/prefeitosegestoes.com.br\/portal\/prefeitos-de-5-570-municipios-tomam-posse-nesta-quarta-em-todo-o-pais\/"]}]},{"@type":"ImageObject","inLanguage":"pt-BR","@id":"https:\/\/prefeitosegestoes.com.br\/portal\/prefeitos-de-5-570-municipios-tomam-posse-nesta-quarta-em-todo-o-pais\/#primaryimage","url":"https:\/\/prefeitosegestoes.com.br\/portal\/wp-content\/uploads\/2025\/01\/toms0559.webp","contentUrl":"https:\/\/prefeitosegestoes.com.br\/portal\/wp-content\/uploads\/2025\/01\/toms0559.webp","width":1170,"height":700},{"@type":"BreadcrumbList","@id":"https:\/\/prefeitosegestoes.com.br\/portal\/prefeitos-de-5-570-municipios-tomam-posse-nesta-quarta-em-todo-o-pais\/#breadcrumb","itemListElement":[{"@type":"ListItem","position":1,"name":"In\u00edcio","item":"https:\/\/prefeitosegestoes.com.br\/portal\/"},{"@type":"ListItem","position":2,"name":"Prefeitos de 5.570 munic\u00edpios tomam posse nesta quarta em todo o pa\u00eds"}]},{"@type":"WebSite","@id":"https:\/\/prefeitosegestoes.com.br\/portal\/#website","url":"https:\/\/prefeitosegestoes.com.br\/portal\/","name":"Prefeitos & Gest\u00f5es","description":"","publisher":{"@id":"https:\/\/prefeitosegestoes.com.br\/portal\/#organization"},"potentialAction":[{"@type":"SearchAction","target":{"@type":"EntryPoint","urlTemplate":"https:\/\/prefeitosegestoes.com.br\/portal\/?s={search_term_string}"},"query-input":{"@type":"PropertyValueSpecification","valueRequired":true,"valueName":"search_term_string"}}],"inLanguage":"pt-BR"},{"@type":"Organization","@id":"https:\/\/prefeitosegestoes.com.br\/portal\/#organization","name":"Prefeitos & Gest\u00f5es","url":"https:\/\/prefeitosegestoes.com.br\/portal\/","logo":{"@type":"ImageObject","inLanguage":"pt-BR","@id":"https:\/\/prefeitosegestoes.com.br\/portal\/#\/schema\/logo\/image\/","url":"https:\/\/prefeitosegestoes.com.br\/portal\/wp-content\/uploads\/2024\/10\/lg_trans_prefeitos_2024_preto2.png","contentUrl":"https:\/\/prefeitosegestoes.com.br\/portal\/wp-content\/uploads\/2024\/10\/lg_trans_prefeitos_2024_preto2.png","width":199,"height":122,"caption":"Prefeitos & Gest\u00f5es"},"image":{"@id":"https:\/\/prefeitosegestoes.com.br\/portal\/#\/schema\/logo\/image\/"},"sameAs":["https:\/\/www.facebook.com\/prefeitosonline","https:\/\/x.com\/PrefGestoes"]},{"@type":"Person","@id":"https:\/\/prefeitosegestoes.com.br\/portal\/#\/schema\/person\/d00059f2ec99963e7e1850d448ae94b8","name":"Prefeitos &amp; Gest\u00f5es","image":{"@type":"ImageObject","inLanguage":"pt-BR","@id":"https:\/\/secure.gravatar.com\/avatar\/738fb281e479212ed32c1a21a4307dda9f3af9292edb6918a16c9ce9fff5f48d?s=96&d=mm&r=g","url":"https:\/\/secure.gravatar.com\/avatar\/738fb281e479212ed32c1a21a4307dda9f3af9292edb6918a16c9ce9fff5f48d?s=96&d=mm&r=g","contentUrl":"https:\/\/secure.gravatar.com\/avatar\/738fb281e479212ed32c1a21a4307dda9f3af9292edb6918a16c9ce9fff5f48d?s=96&d=mm&r=g","caption":"Prefeitos &amp; Gest\u00f5es"},"url":"https:\/\/prefeitosegestoes.com.br\/portal\/author\/prefeitosegestoes\/"}]}},"_links":{"self":[{"href":"https:\/\/prefeitosegestoes.com.br\/portal\/wp-json\/wp\/v2\/posts\/2968","targetHints":{"allow":["GET"]}}],"collection":[{"href":"https:\/\/prefeitosegestoes.com.br\/portal\/wp-json\/wp\/v2\/posts"}],"about":[{"href":"https:\/\/prefeitosegestoes.com.br\/portal\/wp-json\/wp\/v2\/types\/post"}],"author":[{"embeddable":true,"href":"https:\/\/prefeitosegestoes.com.br\/portal\/wp-json\/wp\/v2\/users\/2"}],"replies":[{"embeddable":true,"href":"https:\/\/prefeitosegestoes.com.br\/portal\/wp-json\/wp\/v2\/comments?post=2968"}],"version-history":[{"count":1,"href":"https:\/\/prefeitosegestoes.com.br\/portal\/wp-json\/wp\/v2\/posts\/2968\/revisions"}],"predecessor-version":[{"id":2970,"href":"https:\/\/prefeitosegestoes.com.br\/portal\/wp-json\/wp\/v2\/posts\/2968\/revisions\/2970"}],"wp:featuredmedia":[{"embeddable":true,"href":"https:\/\/prefeitosegestoes.com.br\/portal\/wp-json\/wp\/v2\/media\/2969"}],"wp:attachment":[{"href":"https:\/\/prefeitosegestoes.com.br\/portal\/wp-json\/wp\/v2\/media?parent=2968"}],"wp:term":[{"taxonomy":"category","embeddable":true,"href":"https:\/\/prefeitosegestoes.com.br\/portal\/wp-json\/wp\/v2\/categories?post=2968"},{"taxonomy":"post_tag","embeddable":true,"href":"https:\/\/prefeitosegestoes.com.br\/portal\/wp-json\/wp\/v2\/tags?post=2968"}],"curies":[{"name":"wp","href":"https:\/\/api.w.org\/{rel}","templated":true}]}}